{"id":9762,"date":"2024-10-29T17:40:55","date_gmt":"2024-10-29T20:40:55","guid":{"rendered":"https:\/\/www.tvuai.com.br\/portal\/?p=9762"},"modified":"2024-10-31T14:49:39","modified_gmt":"2024-10-31T17:49:39","slug":"ajinomoto-brasil-expande-logistica-com-centro-de-distribuicao-inovador-e-sustentavel-em-extrema","status":"publish","type":"post","link":"https:\/\/www.tvuai.com.br\/portal\/ajinomoto-brasil-expande-logistica-com-centro-de-distribuicao-inovador-e-sustentavel-em-extrema\/","title":{"rendered":"Ajinomoto Brasil expande log\u00edstica com Centro de Distribui\u00e7\u00e3o inovador e sustent\u00e1vel em Extrema"},"content":{"rendered":"<div class=\"5a1038e0903b96d426fcfcc338703013\" data-index=\"1\" style=\"float: right; margin:10px 0 10px 10px;\">\n<script async src=\"https:\/\/pagead2.googlesyndication.com\/pagead\/js\/adsbygoogle.js?client=ca-pub-9945944833605257\"\r\n     crossorigin=\"anonymous\"><\/script>\r\n<ins class=\"adsbygoogle\"\r\n     style=\"display:block; text-align:center;\"\r\n     data-ad-layout=\"in-article\"\r\n     data-ad-format=\"fluid\"\r\n     data-ad-client=\"ca-pub-9945944833605257\"\r\n     data-ad-slot=\"2343923581\"><\/ins>\r\n<script>\r\n     (adsbygoogle = window.adsbygoogle || []).push({});\r\n<\/script>\n<\/div>\n<div class=\"flex max-w-full flex-col flex-grow\">\n<div class=\"min-h-8 text-message flex w-full flex-col items-end gap-2 whitespace-normal break-words [.text-message+&amp;]:mt-5\" dir=\"auto\" data-message-author-role=\"assistant\" data-message-id=\"23c58c2e-c801-4633-b8ef-763c32bf6f31\" data-message-model-slug=\"gpt-4o\">\n<div class=\"flex w-full flex-col gap-1 empty:hidden first:pt-[3px]\">\n<div class=\"markdown prose w-full break-words dark:prose-invert light\">\n<div class=\"flex-shrink-0 flex flex-col relative items-end\">\n<div>\n<div class=\"pt-0\">\n<div class=\"gizmo-bot-avatar flex h-8 w-8 items-center justify-center overflow-hidden rounded-full\">\n<div class=\"relative p-1 rounded-sm flex items-center justify-center bg-token-main-surface-primary text-token-text-primary h-8 w-8\"><img data-recalc-dims=\"1\" decoding=\"async\" data-attachment-id=\"9764\" data-permalink=\"https:\/\/www.tvuai.com.br\/portal\/ajinomoto-brasil-expande-logistica-com-centro-de-distribuicao-inovador-e-sustentavel-em-extrema\/ajinomoto\/\" data-orig-file=\"https:\/\/i0.wp.com\/www.tvuai.com.br\/portal\/wp-content\/uploads\/2024\/10\/ajinomoto.jpg?fit=1500%2C692&amp;ssl=1\" data-orig-size=\"1500,692\" data-comments-opened=\"0\" data-image-meta=\"{&quot;aperture&quot;:&quot;0&quot;,&quot;credit&quot;:&quot;&quot;,&quot;camera&quot;:&quot;&quot;,&quot;caption&quot;:&quot;&quot;,&quot;created_timestamp&quot;:&quot;0&quot;,&quot;copyright&quot;:&quot;&quot;,&quot;focal_length&quot;:&quot;0&quot;,&quot;iso&quot;:&quot;0&quot;,&quot;shutter_speed&quot;:&quot;0&quot;,&quot;title&quot;:&quot;&quot;,&quot;orientation&quot;:&quot;0&quot;}\" data-image-title=\"ajinomoto\" data-image-description=\"\" data-image-caption=\"\" data-medium-file=\"https:\/\/i0.wp.com\/www.tvuai.com.br\/portal\/wp-content\/uploads\/2024\/10\/ajinomoto.jpg?fit=300%2C138&amp;ssl=1\" data-large-file=\"https:\/\/i0.wp.com\/www.tvuai.com.br\/portal\/wp-content\/uploads\/2024\/10\/ajinomoto.jpg?fit=640%2C295&amp;ssl=1\" tabindex=\"0\" role=\"button\" class=\"size-medium wp-image-9764 aligncenter\" src=\"https:\/\/i0.wp.com\/www.tvuai.com.br\/portal\/wp-content\/uploads\/2024\/10\/ajinomoto.jpg?resize=300%2C138&#038;ssl=1\" alt=\"\" width=\"300\" height=\"138\" srcset=\"https:\/\/i0.wp.com\/www.tvuai.com.br\/portal\/wp-content\/uploads\/2024\/10\/ajinomoto.jpg?resize=300%2C138&amp;ssl=1 300w, https:\/\/i0.wp.com\/www.tvuai.com.br\/portal\/wp-content\/uploads\/2024\/10\/ajinomoto.jpg?resize=1024%2C472&amp;ssl=1 1024w, https:\/\/i0.wp.com\/www.tvuai.com.br\/portal\/wp-content\/uploads\/2024\/10\/ajinomoto.jpg?resize=768%2C354&amp;ssl=1 768w, https:\/\/i0.wp.com\/www.tvuai.com.br\/portal\/wp-content\/uploads\/2024\/10\/ajinomoto.jpg?w=1500&amp;ssl=1 1500w, https:\/\/i0.wp.com\/www.tvuai.com.br\/portal\/wp-content\/uploads\/2024\/10\/ajinomoto.jpg?w=1280&amp;ssl=1 1280w\" sizes=\"(max-width: 300px) 100vw, 300px\" \/><\/div>\n<div><\/div>\n<div class=\"relative p-1 rounded-sm flex items-center justify-center bg-token-main-surface-primary text-token-text-primary h-8 w-8\">A Ajinomoto do Brasil, empresa l\u00edder na produ\u00e7\u00e3o de amino\u00e1cidos e respons\u00e1vel pelas marcas SAZ\u00d3N, MID e VONO, inaugurou um moderno Centro de Distribui\u00e7\u00e3o em Extrema, Minas Gerais, estrategicamente localizado na Rodovia Fern\u00e3o Dias. Com uma \u00e1rea de cerca de 11 mil m\u00b2, o espa\u00e7o oferece uma infraestrutura moderna e tecnologias avan\u00e7adas para o gerenciamento de estoques e movimenta\u00e7\u00e3o de mercadorias.<\/div>\n<\/div>\n<\/div>\n<\/div>\n<\/div>\n<p>Este \u00e9 o terceiro Centro de Distribui\u00e7\u00e3o da Ajinomoto no Brasil, complementando sua rede de distribui\u00e7\u00e3o com unidades nas regi\u00f5es Sudeste e Nordeste e tr\u00eas Brokers que atendem \u00e1reas metropolitanas como Porto Alegre, Belo Horizonte e o estado de Mato Grosso.<\/p>\n<p>Al\u00e9m disso, o campus ocupa uma \u00e1rea de 91 mil m\u00b2 e adota pr\u00e1ticas sustent\u00e1veis, incluindo o uso de energia renov\u00e1vel e uma gest\u00e3o ambientalmente respons\u00e1vel dos res\u00edduos. &#8220;O novo centro \u00e9 focado na divis\u00e3o de Alimentos, atendendo a produtos que fazem parte do cotidiano dos brasileiros. Esse projeto visa fortalecer nossa cadeia log\u00edstica, proporcionando mais flexibilidade e efici\u00eancia, com o intuito de melhor atender nossos clientes e apoiar novas estrat\u00e9gias de distribui\u00e7\u00e3o\u201d, afirma Fabricio Ant\u00f4nio da Silva, diretor de Log\u00edstica da Ajinomoto do Brasil.<\/p>\n<p>A unidade operar\u00e1 sob o sistema de Mercado Livre de Energia e utilizar\u00e1 empilhadeiras de l\u00edtio. Sua localiza\u00e7\u00e3o, pr\u00f3xima aos estados do Rio de Janeiro, S\u00e3o Paulo e Esp\u00edrito Santo, \u00e9 uma vantagem estrat\u00e9gica para a log\u00edstica nacional. Fabricio Silva acrescenta: \u201cestamos confiantes de que este \u00e9 um passo essencial para tornar nossa distribui\u00e7\u00e3o mais eficiente e ampliar o acesso aos mercados regionais e internacionais.\u201d<\/p>\n<\/div>\n<\/div>\n<\/div>\n<\/div>\n\n<div style=\"font-size: 0px; height: 0px; line-height: 0px; margin: 0; padding: 0; clear: both;\"><\/div><div class='share-to-whatsapp-wrapper'><div class='share-on-whsp'>Share on: <\/div><a data-text='Ajinomoto Brasil expande log\u00edstica com Centro de Distribui\u00e7\u00e3o inovador e sustent\u00e1vel em Extrema' data-link='https:\/\/www.tvuai.com.br\/portal\/ajinomoto-brasil-expande-logistica-com-centro-de-distribuicao-inovador-e-sustentavel-em-extrema\/' class='whatsapp-button whatsapp-share'>WhatsApp<\/a><div class='clear '><\/div><\/div><!-- AddThis Advanced Settings generic via filter on the_content --><!-- AddThis Share Buttons generic via filter on the_content -->","protected":false},"excerpt":{"rendered":"<p>A Ajinomoto do Brasil, empresa l\u00edder na produ\u00e7\u00e3o de amino\u00e1cidos e respons\u00e1vel pelas marcas SAZ\u00d3N, MID e VONO, inaugurou um moderno Centro de Distribui\u00e7\u00e3o em Extrema, Minas Gerais, estrategicamente localizado na Rodovia Fern\u00e3o Dias. Com uma \u00e1rea de cerca de 11 mil m\u00b2, o espa\u00e7o oferece uma infraestrutura moderna e tecnologias avan\u00e7adas para o gerenciamento [&hellip;]<!-- AddThis Advanced Settings generic via filter on get_the_excerpt --><!-- AddThis Share Buttons generic via filter on get_the_excerpt --><\/p>\n","protected":false},"author":1,"featured_media":9765,"comment_status":"closed","ping_status":"closed","sticky":false,"template":"","format":"standard","meta":{"jetpack_post_was_ever_published":false,"_jetpack_newsletter_access":"","_jetpack_dont_email_post_to_subs":false,"_jetpack_newsletter_tier_id":0,"_jetpack_memberships_contains_paywalled_content":false,"_jetpack_memberships_contains_paid_content":false,"_joinchat":[],"footnotes":"","jetpack_publicize_message":"","jetpack_publicize_feature_enabled":true,"jetpack_social_post_already_shared":true,"jetpack_social_options":{"image_generator_settings":{"template":"highway","enabled":false},"version":2}},"categories":[1815,19,5],"tags":[4068,2144,4070,272,4069,184,37,39,27,2759,2760,1618,1638],"class_list":["post-9762","post","type-post","status-publish","format-standard","has-post-thumbnail","hentry","category-economia","category-noticias","category-ultimas","tag-ajinomoto-do-brasil","tag-centro-de-distribuicao","tag-diretor-de-logistica-da-ajinomoto-do-brasil","tag-extrema","tag-fabricio-antonio-da-silva","tag-minas-gerais","tag-pouso-alegre","tag-sul-de-minas","tag-tv-uai","tag-tv-uai-24-anos","tag-tv-uai-24-anos-com-voce","tag-tv-uai-pouso-alegre","tag-tvuai"],"jetpack_publicize_connections":[],"yoast_head":"<!-- This site is optimized with the Yoast SEO plugin v23.5 - https:\/\/yoast.com\/wordpress\/plugins\/seo\/ -->\n<title>Ajinomoto Brasil expande log\u00edstica com Centro de Distribui\u00e7\u00e3o inovador e sustent\u00e1vel em Extrema - TVUAI<\/title>\n<meta name=\"robots\" content=\"index, follow, max-snippet:-1, max-image-preview:large, max-video-preview:-1\" \/>\n<link rel=\"canonical\" href=\"https:\/\/www.tvuai.com.br\/portal\/ajinomoto-brasil-expande-logistica-com-centro-de-distribuicao-inovador-e-sustentavel-em-extrema\/\" \/>\n<meta property=\"og:locale\" content=\"pt_BR\" \/>\n<meta property=\"og:type\" content=\"article\" \/>\n<meta property=\"og:title\" content=\"Ajinomoto Brasil expande log\u00edstica com Centro de Distribui\u00e7\u00e3o inovador e sustent\u00e1vel em Extrema - TVUAI\" \/>\n<meta property=\"og:description\" content=\"A Ajinomoto do Brasil, empresa l\u00edder na produ\u00e7\u00e3o de amino\u00e1cidos e respons\u00e1vel pelas marcas SAZ\u00d3N, MID e VONO, inaugurou um moderno Centro de Distribui\u00e7\u00e3o em Extrema, Minas Gerais, estrategicamente localizado na Rodovia Fern\u00e3o Dias. Com uma \u00e1rea de cerca de 11 mil m\u00b2, o espa\u00e7o oferece uma infraestrutura moderna e tecnologias avan\u00e7adas para o gerenciamento [&hellip;]\" \/>\n<meta property=\"og:url\" content=\"https:\/\/www.tvuai.com.br\/portal\/ajinomoto-brasil-expande-logistica-com-centro-de-distribuicao-inovador-e-sustentavel-em-extrema\/\" \/>\n<meta property=\"og:site_name\" content=\"TVUAI\" \/>\n<meta property=\"article:publisher\" content=\"http:\/\/www.facebook.com\/pages\/TV-Uai-Comunica%c3%a7%c3%a3o\/139062546157369\" \/>\n<meta property=\"article:published_time\" content=\"2024-10-29T20:40:55+00:00\" \/>\n<meta property=\"article:modified_time\" content=\"2024-10-31T17:49:39+00:00\" \/>\n<meta property=\"og:image\" content=\"https:\/\/www.tvuai.com.br\/portal\/wp-content\/uploads\/2024\/10\/ajinomoto0.jpg\" \/>\n\t<meta property=\"og:image:width\" content=\"200\" \/>\n\t<meta property=\"og:image:height\" content=\"200\" \/>\n\t<meta property=\"og:image:type\" content=\"image\/jpeg\" \/>\n<meta name=\"author\" content=\"tvuai\" \/>\n<meta name=\"twitter:card\" content=\"summary_large_image\" \/>\n<meta name=\"twitter:creator\" content=\"@tvuai\" \/>\n<meta name=\"twitter:site\" content=\"@tvuai\" \/>\n<meta name=\"twitter:label1\" content=\"Escrito por\" \/>\n\t<meta name=\"twitter:data1\" content=\"tvuai\" \/>\n\t<meta name=\"twitter:label2\" content=\"Est. tempo de leitura\" \/>\n\t<meta name=\"twitter:data2\" content=\"2 minutos\" \/>\n<script type=\"application\/ld+json\" class=\"yoast-schema-graph\">{\"@context\":\"https:\/\/schema.org\",\"@graph\":[{\"@type\":\"Article\",\"@id\":\"https:\/\/www.tvuai.com.br\/portal\/ajinomoto-brasil-expande-logistica-com-centro-de-distribuicao-inovador-e-sustentavel-em-extrema\/#article\",\"isPartOf\":{\"@id\":\"https:\/\/www.tvuai.com.br\/portal\/ajinomoto-brasil-expande-logistica-com-centro-de-distribuicao-inovador-e-sustentavel-em-extrema\/\"},\"author\":{\"name\":\"tvuai\",\"@id\":\"https:\/\/www.tvuai.com.br\/portal\/#\/schema\/person\/245e50e9127451fd0b7fd76f519ebbfe\"},\"headline\":\"Ajinomoto Brasil expande log\u00edstica com Centro de Distribui\u00e7\u00e3o inovador e sustent\u00e1vel em Extrema\",\"datePublished\":\"2024-10-29T20:40:55+00:00\",\"dateModified\":\"2024-10-31T17:49:39+00:00\",\"mainEntityOfPage\":{\"@id\":\"https:\/\/www.tvuai.com.br\/portal\/ajinomoto-brasil-expande-logistica-com-centro-de-distribuicao-inovador-e-sustentavel-em-extrema\/\"},\"wordCount\":298,\"publisher\":{\"@id\":\"https:\/\/www.tvuai.com.br\/portal\/#organization\"},\"image\":{\"@id\":\"https:\/\/www.tvuai.com.br\/portal\/ajinomoto-brasil-expande-logistica-com-centro-de-distribuicao-inovador-e-sustentavel-em-extrema\/#primaryimage\"},\"thumbnailUrl\":\"https:\/\/i0.wp.com\/www.tvuai.com.br\/portal\/wp-content\/uploads\/2024\/10\/ajinomoto0.jpg?fit=200%2C200&ssl=1\",\"keywords\":[\"Ajinomoto do Brasil\",\"Centro de Distribui\u00e7\u00e3o\",\"diretor de Log\u00edstica da Ajinomoto do Brasil\",\"Extrema\",\"Fabricio Ant\u00f4nio da Silva\",\"Minas Gerais\",\"Pouso Alegre\",\"Sul de Minas\",\"TV Uai\",\"TV UAI 24 anos\",\"TV UAI 24 anos com voc\u00ea\",\"TV UAI Pouso Alegre\",\"tvuai\"],\"articleSection\":[\"Economia\",\"Not\u00edcias\",\"\u00daltimas Not\u00edcias\"],\"inLanguage\":\"pt-BR\"},{\"@type\":\"WebPage\",\"@id\":\"https:\/\/www.tvuai.com.br\/portal\/ajinomoto-brasil-expande-logistica-com-centro-de-distribuicao-inovador-e-sustentavel-em-extrema\/\",\"url\":\"https:\/\/www.tvuai.com.br\/portal\/ajinomoto-brasil-expande-logistica-com-centro-de-distribuicao-inovador-e-sustentavel-em-extrema\/\",\"name\":\"Ajinomoto Brasil expande log\u00edstica com Centro de Distribui\u00e7\u00e3o inovador e sustent\u00e1vel em Extrema - TVUAI\",\"isPartOf\":{\"@id\":\"https:\/\/www.tvuai.com.br\/portal\/#website\"},\"primaryImageOfPage\":{\"@id\":\"https:\/\/www.tvuai.com.br\/portal\/ajinomoto-brasil-expande-logistica-com-centro-de-distribuicao-inovador-e-sustentavel-em-extrema\/#primaryimage\"},\"image\":{\"@id\":\"https:\/\/www.tvuai.com.br\/portal\/ajinomoto-brasil-expande-logistica-com-centro-de-distribuicao-inovador-e-sustentavel-em-extrema\/#primaryimage\"},\"thumbnailUrl\":\"https:\/\/i0.wp.com\/www.tvuai.com.br\/portal\/wp-content\/uploads\/2024\/10\/ajinomoto0.jpg?fit=200%2C200&ssl=1\",\"datePublished\":\"2024-10-29T20:40:55+00:00\",\"dateModified\":\"2024-10-31T17:49:39+00:00\",\"breadcrumb\":{\"@id\":\"https:\/\/www.tvuai.com.br\/portal\/ajinomoto-brasil-expande-logistica-com-centro-de-distribuicao-inovador-e-sustentavel-em-extrema\/#breadcrumb\"},\"inLanguage\":\"pt-BR\",\"potentialAction\":[{\"@type\":\"ReadAction\",\"target\":[\"https:\/\/www.tvuai.com.br\/portal\/ajinomoto-brasil-expande-logistica-com-centro-de-distribuicao-inovador-e-sustentavel-em-extrema\/\"]}]},{\"@type\":\"ImageObject\",\"inLanguage\":\"pt-BR\",\"@id\":\"https:\/\/www.tvuai.com.br\/portal\/ajinomoto-brasil-expande-logistica-com-centro-de-distribuicao-inovador-e-sustentavel-em-extrema\/#primaryimage\",\"url\":\"https:\/\/i0.wp.com\/www.tvuai.com.br\/portal\/wp-content\/uploads\/2024\/10\/ajinomoto0.jpg?fit=200%2C200&ssl=1\",\"contentUrl\":\"https:\/\/i0.wp.com\/www.tvuai.com.br\/portal\/wp-content\/uploads\/2024\/10\/ajinomoto0.jpg?fit=200%2C200&ssl=1\",\"width\":200,\"height\":200},{\"@type\":\"BreadcrumbList\",\"@id\":\"https:\/\/www.tvuai.com.br\/portal\/ajinomoto-brasil-expande-logistica-com-centro-de-distribuicao-inovador-e-sustentavel-em-extrema\/#breadcrumb\",\"itemListElement\":[{\"@type\":\"ListItem\",\"position\":1,\"name\":\"In\u00edcio\",\"item\":\"https:\/\/www.tvuai.com.br\/portal\/\"},{\"@type\":\"ListItem\",\"position\":2,\"name\":\"Ajinomoto Brasil expande log\u00edstica com Centro de Distribui\u00e7\u00e3o inovador e sustent\u00e1vel em Extrema\"}]},{\"@type\":\"WebSite\",\"@id\":\"https:\/\/www.tvuai.com.br\/portal\/#website\",\"url\":\"https:\/\/www.tvuai.com.br\/portal\/\",\"name\":\"TVUAI\",\"description\":\"Tudo sobre o Sul de Minas\",\"publisher\":{\"@id\":\"https:\/\/www.tvuai.com.br\/portal\/#organization\"},\"potentialAction\":[{\"@type\":\"SearchAction\",\"target\":{\"@type\":\"EntryPoint\",\"urlTemplate\":\"https:\/\/www.tvuai.com.br\/portal\/?s={search_term_string}\"},\"query-input\":{\"@type\":\"PropertyValueSpecification\",\"valueRequired\":true,\"valueName\":\"search_term_string\"}}],\"inLanguage\":\"pt-BR\"},{\"@type\":\"Organization\",\"@id\":\"https:\/\/www.tvuai.com.br\/portal\/#organization\",\"name\":\"TVUAI\",\"url\":\"https:\/\/www.tvuai.com.br\/portal\/\",\"logo\":{\"@type\":\"ImageObject\",\"inLanguage\":\"pt-BR\",\"@id\":\"https:\/\/www.tvuai.com.br\/portal\/#\/schema\/logo\/image\/\",\"url\":\"https:\/\/i0.wp.com\/www.tvuai.com.br\/portal\/wp-content\/uploads\/2017\/12\/logo_tvuai_100H.png?fit=207%2C100&ssl=1\",\"contentUrl\":\"https:\/\/i0.wp.com\/www.tvuai.com.br\/portal\/wp-content\/uploads\/2017\/12\/logo_tvuai_100H.png?fit=207%2C100&ssl=1\",\"width\":207,\"height\":100,\"caption\":\"TVUAI\"},\"image\":{\"@id\":\"https:\/\/www.tvuai.com.br\/portal\/#\/schema\/logo\/image\/\"},\"sameAs\":[\"http:\/\/www.facebook.com\/pages\/TV-Uai-Comunica\u00e7\u00e3o\/139062546157369\",\"https:\/\/x.com\/tvuai\",\"https:\/\/www.instagram.com\/tvuai_network\/\",\"https:\/\/www.youtube.com\/channel\/UCB7ZPB3wRv-OpoZ_09jmnkQ\"]},{\"@type\":\"Person\",\"@id\":\"https:\/\/www.tvuai.com.br\/portal\/#\/schema\/person\/245e50e9127451fd0b7fd76f519ebbfe\",\"name\":\"tvuai\",\"url\":\"https:\/\/www.tvuai.com.br\/portal\/author\/tvuai\/\"}]}<\/script>\n<!-- \/ Yoast SEO plugin. -->","yoast_head_json":{"title":"Ajinomoto Brasil expande log\u00edstica com Centro de Distribui\u00e7\u00e3o inovador e sustent\u00e1vel em Extrema - TVUAI","robots":{"index":"index","follow":"follow","max-snippet":"max-snippet:-1","max-image-preview":"max-image-preview:large","max-video-preview":"max-video-preview:-1"},"canonical":"https:\/\/www.tvuai.com.br\/portal\/ajinomoto-brasil-expande-logistica-com-centro-de-distribuicao-inovador-e-sustentavel-em-extrema\/","og_locale":"pt_BR","og_type":"article","og_title":"Ajinomoto Brasil expande log\u00edstica com Centro de Distribui\u00e7\u00e3o inovador e sustent\u00e1vel em Extrema - TVUAI","og_description":"A Ajinomoto do Brasil, empresa l\u00edder na produ\u00e7\u00e3o de amino\u00e1cidos e respons\u00e1vel pelas marcas SAZ\u00d3N, MID e VONO, inaugurou um moderno Centro de Distribui\u00e7\u00e3o em Extrema, Minas Gerais, estrategicamente localizado na Rodovia Fern\u00e3o Dias. Com uma \u00e1rea de cerca de 11 mil m\u00b2, o espa\u00e7o oferece uma infraestrutura moderna e tecnologias avan\u00e7adas para o gerenciamento [&hellip;]","og_url":"https:\/\/www.tvuai.com.br\/portal\/ajinomoto-brasil-expande-logistica-com-centro-de-distribuicao-inovador-e-sustentavel-em-extrema\/","og_site_name":"TVUAI","article_publisher":"http:\/\/www.facebook.com\/pages\/TV-Uai-Comunica%c3%a7%c3%a3o\/139062546157369","article_published_time":"2024-10-29T20:40:55+00:00","article_modified_time":"2024-10-31T17:49:39+00:00","og_image":[{"width":200,"height":200,"url":"https:\/\/www.tvuai.com.br\/portal\/wp-content\/uploads\/2024\/10\/ajinomoto0.jpg","type":"image\/jpeg"}],"author":"tvuai","twitter_card":"summary_large_image","twitter_creator":"@tvuai","twitter_site":"@tvuai","twitter_misc":{"Escrito por":"tvuai","Est. tempo de leitura":"2 minutos"},"schema":{"@context":"https:\/\/schema.org","@graph":[{"@type":"Article","@id":"https:\/\/www.tvuai.com.br\/portal\/ajinomoto-brasil-expande-logistica-com-centro-de-distribuicao-inovador-e-sustentavel-em-extrema\/#article","isPartOf":{"@id":"https:\/\/www.tvuai.com.br\/portal\/ajinomoto-brasil-expande-logistica-com-centro-de-distribuicao-inovador-e-sustentavel-em-extrema\/"},"author":{"name":"tvuai","@id":"https:\/\/www.tvuai.com.br\/portal\/#\/schema\/person\/245e50e9127451fd0b7fd76f519ebbfe"},"headline":"Ajinomoto Brasil expande log\u00edstica com Centro de Distribui\u00e7\u00e3o inovador e sustent\u00e1vel em Extrema","datePublished":"2024-10-29T20:40:55+00:00","dateModified":"2024-10-31T17:49:39+00:00","mainEntityOfPage":{"@id":"https:\/\/www.tvuai.com.br\/portal\/ajinomoto-brasil-expande-logistica-com-centro-de-distribuicao-inovador-e-sustentavel-em-extrema\/"},"wordCount":298,"publisher":{"@id":"https:\/\/www.tvuai.com.br\/portal\/#organization"},"image":{"@id":"https:\/\/www.tvuai.com.br\/portal\/ajinomoto-brasil-expande-logistica-com-centro-de-distribuicao-inovador-e-sustentavel-em-extrema\/#primaryimage"},"thumbnailUrl":"https:\/\/i0.wp.com\/www.tvuai.com.br\/portal\/wp-content\/uploads\/2024\/10\/ajinomoto0.jpg?fit=200%2C200&ssl=1","keywords":["Ajinomoto do Brasil","Centro de Distribui\u00e7\u00e3o","diretor de Log\u00edstica da Ajinomoto do Brasil","Extrema","Fabricio Ant\u00f4nio da Silva","Minas Gerais","Pouso Alegre","Sul de Minas","TV Uai","TV UAI 24 anos","TV UAI 24 anos com voc\u00ea","TV UAI Pouso Alegre","tvuai"],"articleSection":["Economia","Not\u00edcias","\u00daltimas Not\u00edcias"],"inLanguage":"pt-BR"},{"@type":"WebPage","@id":"https:\/\/www.tvuai.com.br\/portal\/ajinomoto-brasil-expande-logistica-com-centro-de-distribuicao-inovador-e-sustentavel-em-extrema\/","url":"https:\/\/www.tvuai.com.br\/portal\/ajinomoto-brasil-expande-logistica-com-centro-de-distribuicao-inovador-e-sustentavel-em-extrema\/","name":"Ajinomoto Brasil expande log\u00edstica com Centro de Distribui\u00e7\u00e3o inovador e sustent\u00e1vel em Extrema - TVUAI","isPartOf":{"@id":"https:\/\/www.tvuai.com.br\/portal\/#website"},"primaryImageOfPage":{"@id":"https:\/\/www.tvuai.com.br\/portal\/ajinomoto-brasil-expande-logistica-com-centro-de-distribuicao-inovador-e-sustentavel-em-extrema\/#primaryimage"},"image":{"@id":"https:\/\/www.tvuai.com.br\/portal\/ajinomoto-brasil-expande-logistica-com-centro-de-distribuicao-inovador-e-sustentavel-em-extrema\/#primaryimage"},"thumbnailUrl":"https:\/\/i0.wp.com\/www.tvuai.com.br\/portal\/wp-content\/uploads\/2024\/10\/ajinomoto0.jpg?fit=200%2C200&ssl=1","datePublished":"2024-10-29T20:40:55+00:00","dateModified":"2024-10-31T17:49:39+00:00","breadcrumb":{"@id":"https:\/\/www.tvuai.com.br\/portal\/ajinomoto-brasil-expande-logistica-com-centro-de-distribuicao-inovador-e-sustentavel-em-extrema\/#breadcrumb"},"inLanguage":"pt-BR","potentialAction":[{"@type":"ReadAction","target":["https:\/\/www.tvuai.com.br\/portal\/ajinomoto-brasil-expande-logistica-com-centro-de-distribuicao-inovador-e-sustentavel-em-extrema\/"]}]},{"@type":"ImageObject","inLanguage":"pt-BR","@id":"https:\/\/www.tvuai.com.br\/portal\/ajinomoto-brasil-expande-logistica-com-centro-de-distribuicao-inovador-e-sustentavel-em-extrema\/#primaryimage","url":"https:\/\/i0.wp.com\/www.tvuai.com.br\/portal\/wp-content\/uploads\/2024\/10\/ajinomoto0.jpg?fit=200%2C200&ssl=1","contentUrl":"https:\/\/i0.wp.com\/www.tvuai.com.br\/portal\/wp-content\/uploads\/2024\/10\/ajinomoto0.jpg?fit=200%2C200&ssl=1","width":200,"height":200},{"@type":"BreadcrumbList","@id":"https:\/\/www.tvuai.com.br\/portal\/ajinomoto-brasil-expande-logistica-com-centro-de-distribuicao-inovador-e-sustentavel-em-extrema\/#breadcrumb","itemListElement":[{"@type":"ListItem","position":1,"name":"In\u00edcio","item":"https:\/\/www.tvuai.com.br\/portal\/"},{"@type":"ListItem","position":2,"name":"Ajinomoto Brasil expande log\u00edstica com Centro de Distribui\u00e7\u00e3o inovador e sustent\u00e1vel em Extrema"}]},{"@type":"WebSite","@id":"https:\/\/www.tvuai.com.br\/portal\/#website","url":"https:\/\/www.tvuai.com.br\/portal\/","name":"TVUAI","description":"Tudo sobre o Sul de Minas","publisher":{"@id":"https:\/\/www.tvuai.com.br\/portal\/#organization"},"potentialAction":[{"@type":"SearchAction","target":{"@type":"EntryPoint","urlTemplate":"https:\/\/www.tvuai.com.br\/portal\/?s={search_term_string}"},"query-input":{"@type":"PropertyValueSpecification","valueRequired":true,"valueName":"search_term_string"}}],"inLanguage":"pt-BR"},{"@type":"Organization","@id":"https:\/\/www.tvuai.com.br\/portal\/#organization","name":"TVUAI","url":"https:\/\/www.tvuai.com.br\/portal\/","logo":{"@type":"ImageObject","inLanguage":"pt-BR","@id":"https:\/\/www.tvuai.com.br\/portal\/#\/schema\/logo\/image\/","url":"https:\/\/i0.wp.com\/www.tvuai.com.br\/portal\/wp-content\/uploads\/2017\/12\/logo_tvuai_100H.png?fit=207%2C100&ssl=1","contentUrl":"https:\/\/i0.wp.com\/www.tvuai.com.br\/portal\/wp-content\/uploads\/2017\/12\/logo_tvuai_100H.png?fit=207%2C100&ssl=1","width":207,"height":100,"caption":"TVUAI"},"image":{"@id":"https:\/\/www.tvuai.com.br\/portal\/#\/schema\/logo\/image\/"},"sameAs":["http:\/\/www.facebook.com\/pages\/TV-Uai-Comunica\u00e7\u00e3o\/139062546157369","https:\/\/x.com\/tvuai","https:\/\/www.instagram.com\/tvuai_network\/","https:\/\/www.youtube.com\/channel\/UCB7ZPB3wRv-OpoZ_09jmnkQ"]},{"@type":"Person","@id":"https:\/\/www.tvuai.com.br\/portal\/#\/schema\/person\/245e50e9127451fd0b7fd76f519ebbfe","name":"tvuai","url":"https:\/\/www.tvuai.com.br\/portal\/author\/tvuai\/"}]}},"jetpack_featured_media_url":"https:\/\/i0.wp.com\/www.tvuai.com.br\/portal\/wp-content\/uploads\/2024\/10\/ajinomoto0.jpg?fit=200%2C200&ssl=1","wpmagazine_modules_lite_featured_media_urls":{"thumbnail":["https:\/\/i0.wp.com\/www.tvuai.com.br\/portal\/wp-content\/uploads\/2024\/10\/ajinomoto0.jpg?resize=150%2C150&ssl=1",150,150,true],"cvmm-medium":["https:\/\/i0.wp.com\/www.tvuai.com.br\/portal\/wp-content\/uploads\/2024\/10\/ajinomoto0.jpg?resize=200%2C200&ssl=1",200,200,true],"cvmm-medium-plus":["https:\/\/i0.wp.com\/www.tvuai.com.br\/portal\/wp-content\/uploads\/2024\/10\/ajinomoto0.jpg?resize=200%2C200&ssl=1",200,200,true],"cvmm-portrait":["https:\/\/i0.wp.com\/www.tvuai.com.br\/portal\/wp-content\/uploads\/2024\/10\/ajinomoto0.jpg?resize=200%2C200&ssl=1",200,200,true],"cvmm-medium-square":["https:\/\/i0.wp.com\/www.tvuai.com.br\/portal\/wp-content\/uploads\/2024\/10\/ajinomoto0.jpg?resize=200%2C200&ssl=1",200,200,true],"cvmm-large":["https:\/\/i0.wp.com\/www.tvuai.com.br\/portal\/wp-content\/uploads\/2024\/10\/ajinomoto0.jpg?resize=200%2C200&ssl=1",200,200,true],"cvmm-small":["https:\/\/i0.wp.com\/www.tvuai.com.br\/portal\/wp-content\/uploads\/2024\/10\/ajinomoto0.jpg?resize=130%2C95&ssl=1",130,95,true],"full":["https:\/\/i0.wp.com\/www.tvuai.com.br\/portal\/wp-content\/uploads\/2024\/10\/ajinomoto0.jpg?fit=200%2C200&ssl=1",200,200,false]},"categories_names":{"1815":{"name":"Economia","link":"https:\/\/www.tvuai.com.br\/portal\/category\/economia\/"},"19":{"name":"Not\u00edcias","link":"https:\/\/www.tvuai.com.br\/portal\/category\/noticias\/"},"5":{"name":"\u00daltimas Not\u00edcias","link":"https:\/\/www.tvuai.com.br\/portal\/category\/noticias\/ultimas\/"}},"tags_names":{"4068":{"name":"Ajinomoto do Brasil","link":"https:\/\/www.tvuai.com.br\/portal\/tag\/ajinomoto-do-brasil\/"},"2144":{"name":"Centro de Distribui\u00e7\u00e3o","link":"https:\/\/www.tvuai.com.br\/portal\/tag\/centro-de-distribuicao\/"},"4070":{"name":"diretor de Log\u00edstica da Ajinomoto do Brasil","link":"https:\/\/www.tvuai.com.br\/portal\/tag\/diretor-de-logistica-da-ajinomoto-do-brasil\/"},"272":{"name":"Extrema","link":"https:\/\/www.tvuai.com.br\/portal\/tag\/extrema\/"},"4069":{"name":"Fabricio Ant\u00f4nio da Silva","link":"https:\/\/www.tvuai.com.br\/portal\/tag\/fabricio-antonio-da-silva\/"},"184":{"name":"Minas Gerais","link":"https:\/\/www.tvuai.com.br\/portal\/tag\/minas-gerais\/"},"37":{"name":"Pouso Alegre","link":"https:\/\/www.tvuai.com.br\/portal\/tag\/pouso-alegre\/"},"39":{"name":"Sul de Minas","link":"https:\/\/www.tvuai.com.br\/portal\/tag\/sul-de-minas\/"},"27":{"name":"TV Uai","link":"https:\/\/www.tvuai.com.br\/portal\/tag\/tv-uai\/"},"2759":{"name":"TV UAI 24 anos","link":"https:\/\/www.tvuai.com.br\/portal\/tag\/tv-uai-24-anos\/"},"2760":{"name":"TV UAI 24 anos com voc\u00ea","link":"https:\/\/www.tvuai.com.br\/portal\/tag\/tv-uai-24-anos-com-voce\/"},"1618":{"name":"TV UAI Pouso Alegre","link":"https:\/\/www.tvuai.com.br\/portal\/tag\/tv-uai-pouso-alegre\/"},"1638":{"name":"tvuai","link":"https:\/\/www.tvuai.com.br\/portal\/tag\/tvuai\/"}},"comments_number":"0","jetpack_shortlink":"https:\/\/wp.me\/p9woix-2xs","jetpack_sharing_enabled":true,"_links":{"self":[{"href":"https:\/\/www.tvuai.com.br\/portal\/wp-json\/wp\/v2\/posts\/9762"}],"collection":[{"href":"https:\/\/www.tvuai.com.br\/portal\/wp-json\/wp\/v2\/posts"}],"about":[{"href":"https:\/\/www.tvuai.com.br\/portal\/wp-json\/wp\/v2\/types\/post"}],"author":[{"embeddable":true,"href":"https:\/\/www.tvuai.com.br\/portal\/wp-json\/wp\/v2\/users\/1"}],"replies":[{"embeddable":true,"href":"https:\/\/www.tvuai.com.br\/portal\/wp-json\/wp\/v2\/comments?post=9762"}],"version-history":[{"count":2,"href":"https:\/\/www.tvuai.com.br\/portal\/wp-json\/wp\/v2\/posts\/9762\/revisions"}],"predecessor-version":[{"id":9766,"href":"https:\/\/www.tvuai.com.br\/portal\/wp-json\/wp\/v2\/posts\/9762\/revisions\/9766"}],"wp:featuredmedia":[{"embeddable":true,"href":"https:\/\/www.tvuai.com.br\/portal\/wp-json\/wp\/v2\/media\/9765"}],"wp:attachment":[{"href":"https:\/\/www.tvuai.com.br\/portal\/wp-json\/wp\/v2\/media?parent=9762"}],"wp:term":[{"taxonomy":"category","embeddable":true,"href":"https:\/\/www.tvuai.com.br\/portal\/wp-json\/wp\/v2\/categories?post=9762"},{"taxonomy":"post_tag","embeddable":true,"href":"https:\/\/www.tvuai.com.br\/portal\/wp-json\/wp\/v2\/tags?post=9762"}],"curies":[{"name":"wp","href":"https:\/\/api.w.org\/{rel}","templated":true}]}}