{"id":9286,"date":"2024-09-13T10:37:06","date_gmt":"2024-09-13T13:37:06","guid":{"rendered":"https:\/\/www.tvuai.com.br\/portal\/?p=9286"},"modified":"2024-09-17T12:45:36","modified_gmt":"2024-09-17T15:45:36","slug":"bilionario-faz-a-primeira-caminhada-espacial-privada-da-historia","status":"publish","type":"post","link":"https:\/\/www.tvuai.com.br\/portal\/bilionario-faz-a-primeira-caminhada-espacial-privada-da-historia\/","title":{"rendered":"Bilion\u00e1rio faz a primeira caminhada espacial privada da hist\u00f3ria!"},"content":{"rendered":"<div class=\"5a1038e0903b96d426fcfcc338703013\" data-index=\"1\" style=\"float: right; margin:10px 0 10px 10px;\">\n<script async src=\"https:\/\/pagead2.googlesyndication.com\/pagead\/js\/adsbygoogle.js?client=ca-pub-9945944833605257\"\r\n     crossorigin=\"anonymous\"><\/script>\r\n<ins class=\"adsbygoogle\"\r\n     style=\"display:block; text-align:center;\"\r\n     data-ad-layout=\"in-article\"\r\n     data-ad-format=\"fluid\"\r\n     data-ad-client=\"ca-pub-9945944833605257\"\r\n     data-ad-slot=\"2343923581\"><\/ins>\r\n<script>\r\n     (adsbygoogle = window.adsbygoogle || []).push({});\r\n<\/script>\n<\/div>\n<p><iframe title=\"Bilion\u00e1rio faz a primeira caminhada espacial privada da hist\u00f3ria!\" width=\"640\" height=\"360\" src=\"https:\/\/www.youtube.com\/embed\/p2k7n7QjJd0?feature=oembed&#038;enablejsapi=1&#038;origin=https:\/\/www.tvuai.com.br\" frameborder=\"0\" allow=\"accelerometer; autoplay; clipboard-write; encrypted-media; gyroscope; picture-in-picture; web-share\" referrerpolicy=\"strict-origin-when-cross-origin\" allowfullscreen><\/iframe><\/p>\n<p>&nbsp;<\/p>\n<p>Uma tripula\u00e7\u00e3o de quatro civis a bordo da miss\u00e3o Polaris Dawn da SpaceX abriu a escotilha de sua c\u00e1psula e fez hist\u00f3ria como o primeiro grupo de astronautas n\u00e3o governamentais a realizar uma caminhada espacial.<\/p>\n<h6 style=\"text-align: right;\"><span style=\"color: #000080;\"><em><strong><a style=\"color: #000080;\" href=\"http:\/\/www.youtube.com\/@scienctec\">@scienctec<\/a><\/strong><\/em><\/span><\/h6>\n\n<div style=\"font-size: 0px; height: 0px; line-height: 0px; margin: 0; padding: 0; clear: both;\"><\/div><div class='share-to-whatsapp-wrapper'><div class='share-on-whsp'>Share on: <\/div><a data-text='Bilion\u00e1rio faz a primeira caminhada espacial privada da hist\u00f3ria!' data-link='https:\/\/www.tvuai.com.br\/portal\/bilionario-faz-a-primeira-caminhada-espacial-privada-da-historia\/' class='whatsapp-button whatsapp-share'>WhatsApp<\/a><div class='clear '><\/div><\/div><!-- AddThis Advanced Settings generic via filter on the_content --><!-- AddThis Share Buttons generic via filter on the_content -->","protected":false},"excerpt":{"rendered":"<p>&nbsp; Uma tripula\u00e7\u00e3o de quatro civis a bordo da miss\u00e3o Polaris Dawn da SpaceX abriu a escotilha de sua c\u00e1psula e fez hist\u00f3ria como o primeiro grupo de astronautas n\u00e3o governamentais a realizar uma caminhada espacial. @scienctec Share on: WhatsApp<!-- AddThis Advanced Settings generic via filter on get_the_excerpt --><!-- AddThis Share Buttons generic via filter on get_the_excerpt --><\/p>\n","protected":false},"author":1,"featured_media":9289,"comment_status":"closed","ping_status":"closed","sticky":false,"template":"","format":"standard","meta":{"jetpack_post_was_ever_published":false,"_jetpack_newsletter_access":"","_jetpack_dont_email_post_to_subs":false,"_jetpack_newsletter_tier_id":0,"_jetpack_memberships_contains_paywalled_content":false,"_jetpack_memberships_contains_paid_content":false,"_joinchat":[],"footnotes":"","jetpack_publicize_message":"","jetpack_publicize_feature_enabled":true,"jetpack_social_post_already_shared":true,"jetpack_social_options":{"image_generator_settings":{"template":"highway","enabled":false},"version":2}},"categories":[1642,19,5,21],"tags":[3706,860,3364,184,3707,37,1985,3708,39,89,27,2759,2760,1638],"class_list":["post-9286","post","type-post","status-publish","format-standard","has-post-thumbnail","hentry","category-tecnologia","category-noticias","category-ultimas","category-videos","tag-caminhada-espacial","tag-ciencia","tag-engenharia","tag-minas-gerais","tag-missao-polaris-dawn","tag-pouso-alegre","tag-scienctec","tag-spacex","tag-sul-de-minas","tag-tecnologia","tag-tv-uai","tag-tv-uai-24-anos","tag-tv-uai-24-anos-com-voce","tag-tvuai"],"jetpack_publicize_connections":[],"yoast_head":"<!-- This site is optimized with the Yoast SEO plugin v23.5 - https:\/\/yoast.com\/wordpress\/plugins\/seo\/ -->\n<title>Bilion\u00e1rio faz a primeira caminhada espacial privada da hist\u00f3ria! - TVUAI<\/title>\n<meta name=\"robots\" content=\"index, follow, max-snippet:-1, max-image-preview:large, max-video-preview:-1\" \/>\n<link rel=\"canonical\" href=\"https:\/\/www.tvuai.com.br\/portal\/bilionario-faz-a-primeira-caminhada-espacial-privada-da-historia\/\" \/>\n<meta property=\"og:locale\" content=\"pt_BR\" \/>\n<meta property=\"og:type\" content=\"article\" \/>\n<meta property=\"og:title\" content=\"Bilion\u00e1rio faz a primeira caminhada espacial privada da hist\u00f3ria! - TVUAI\" \/>\n<meta property=\"og:description\" content=\"&nbsp; Uma tripula\u00e7\u00e3o de quatro civis a bordo da miss\u00e3o Polaris Dawn da SpaceX abriu a escotilha de sua c\u00e1psula e fez hist\u00f3ria como o primeiro grupo de astronautas n\u00e3o governamentais a realizar uma caminhada espacial. @scienctec Share on: WhatsApp\" \/>\n<meta property=\"og:url\" content=\"https:\/\/www.tvuai.com.br\/portal\/bilionario-faz-a-primeira-caminhada-espacial-privada-da-historia\/\" \/>\n<meta property=\"og:site_name\" content=\"TVUAI\" \/>\n<meta property=\"article:publisher\" content=\"http:\/\/www.facebook.com\/pages\/TV-Uai-Comunica%c3%a7%c3%a3o\/139062546157369\" \/>\n<meta property=\"article:published_time\" content=\"2024-09-13T13:37:06+00:00\" \/>\n<meta property=\"article:modified_time\" content=\"2024-09-17T15:45:36+00:00\" \/>\n<meta property=\"og:image\" content=\"https:\/\/www.tvuai.com.br\/portal\/wp-content\/uploads\/2024\/09\/camihada-espacial.jpg\" \/>\n\t<meta property=\"og:image:width\" content=\"200\" \/>\n\t<meta property=\"og:image:height\" content=\"200\" \/>\n\t<meta property=\"og:image:type\" content=\"image\/jpeg\" \/>\n<meta name=\"author\" content=\"tvuai\" \/>\n<meta name=\"twitter:card\" content=\"summary_large_image\" \/>\n<meta name=\"twitter:creator\" content=\"@tvuai\" \/>\n<meta name=\"twitter:site\" content=\"@tvuai\" \/>\n<meta name=\"twitter:label1\" content=\"Escrito por\" \/>\n\t<meta name=\"twitter:data1\" content=\"tvuai\" \/>\n\t<meta name=\"twitter:label2\" content=\"Est. tempo de leitura\" \/>\n\t<meta name=\"twitter:data2\" content=\"1 minuto\" \/>\n<script type=\"application\/ld+json\" class=\"yoast-schema-graph\">{\"@context\":\"https:\/\/schema.org\",\"@graph\":[{\"@type\":\"Article\",\"@id\":\"https:\/\/www.tvuai.com.br\/portal\/bilionario-faz-a-primeira-caminhada-espacial-privada-da-historia\/#article\",\"isPartOf\":{\"@id\":\"https:\/\/www.tvuai.com.br\/portal\/bilionario-faz-a-primeira-caminhada-espacial-privada-da-historia\/\"},\"author\":{\"name\":\"tvuai\",\"@id\":\"https:\/\/www.tvuai.com.br\/portal\/#\/schema\/person\/245e50e9127451fd0b7fd76f519ebbfe\"},\"headline\":\"Bilion\u00e1rio faz a primeira caminhada espacial privada da hist\u00f3ria!\",\"datePublished\":\"2024-09-13T13:37:06+00:00\",\"dateModified\":\"2024-09-17T15:45:36+00:00\",\"mainEntityOfPage\":{\"@id\":\"https:\/\/www.tvuai.com.br\/portal\/bilionario-faz-a-primeira-caminhada-espacial-privada-da-historia\/\"},\"wordCount\":64,\"publisher\":{\"@id\":\"https:\/\/www.tvuai.com.br\/portal\/#organization\"},\"image\":{\"@id\":\"https:\/\/www.tvuai.com.br\/portal\/bilionario-faz-a-primeira-caminhada-espacial-privada-da-historia\/#primaryimage\"},\"thumbnailUrl\":\"https:\/\/i0.wp.com\/www.tvuai.com.br\/portal\/wp-content\/uploads\/2024\/09\/camihada-espacial.jpg?fit=200%2C200&ssl=1\",\"keywords\":[\"caminhada espacial\",\"Ci\u00eancia\",\"Engenharia\",\"Minas Gerais\",\"miss\u00e3o Polaris Dawn\",\"Pouso Alegre\",\"scienctec\",\"SpaceX\",\"Sul de Minas\",\"tecnologia\",\"TV Uai\",\"TV UAI 24 anos\",\"TV UAI 24 anos com voc\u00ea\",\"tvuai\"],\"articleSection\":[\"Ci\u00eancia e Tecnologia\",\"Not\u00edcias\",\"\u00daltimas Not\u00edcias\",\"Videos\"],\"inLanguage\":\"pt-BR\"},{\"@type\":\"WebPage\",\"@id\":\"https:\/\/www.tvuai.com.br\/portal\/bilionario-faz-a-primeira-caminhada-espacial-privada-da-historia\/\",\"url\":\"https:\/\/www.tvuai.com.br\/portal\/bilionario-faz-a-primeira-caminhada-espacial-privada-da-historia\/\",\"name\":\"Bilion\u00e1rio faz a primeira caminhada espacial privada da hist\u00f3ria! - TVUAI\",\"isPartOf\":{\"@id\":\"https:\/\/www.tvuai.com.br\/portal\/#website\"},\"primaryImageOfPage\":{\"@id\":\"https:\/\/www.tvuai.com.br\/portal\/bilionario-faz-a-primeira-caminhada-espacial-privada-da-historia\/#primaryimage\"},\"image\":{\"@id\":\"https:\/\/www.tvuai.com.br\/portal\/bilionario-faz-a-primeira-caminhada-espacial-privada-da-historia\/#primaryimage\"},\"thumbnailUrl\":\"https:\/\/i0.wp.com\/www.tvuai.com.br\/portal\/wp-content\/uploads\/2024\/09\/camihada-espacial.jpg?fit=200%2C200&ssl=1\",\"datePublished\":\"2024-09-13T13:37:06+00:00\",\"dateModified\":\"2024-09-17T15:45:36+00:00\",\"breadcrumb\":{\"@id\":\"https:\/\/www.tvuai.com.br\/portal\/bilionario-faz-a-primeira-caminhada-espacial-privada-da-historia\/#breadcrumb\"},\"inLanguage\":\"pt-BR\",\"potentialAction\":[{\"@type\":\"ReadAction\",\"target\":[\"https:\/\/www.tvuai.com.br\/portal\/bilionario-faz-a-primeira-caminhada-espacial-privada-da-historia\/\"]}]},{\"@type\":\"ImageObject\",\"inLanguage\":\"pt-BR\",\"@id\":\"https:\/\/www.tvuai.com.br\/portal\/bilionario-faz-a-primeira-caminhada-espacial-privada-da-historia\/#primaryimage\",\"url\":\"https:\/\/i0.wp.com\/www.tvuai.com.br\/portal\/wp-content\/uploads\/2024\/09\/camihada-espacial.jpg?fit=200%2C200&ssl=1\",\"contentUrl\":\"https:\/\/i0.wp.com\/www.tvuai.com.br\/portal\/wp-content\/uploads\/2024\/09\/camihada-espacial.jpg?fit=200%2C200&ssl=1\",\"width\":200,\"height\":200},{\"@type\":\"BreadcrumbList\",\"@id\":\"https:\/\/www.tvuai.com.br\/portal\/bilionario-faz-a-primeira-caminhada-espacial-privada-da-historia\/#breadcrumb\",\"itemListElement\":[{\"@type\":\"ListItem\",\"position\":1,\"name\":\"In\u00edcio\",\"item\":\"https:\/\/www.tvuai.com.br\/portal\/\"},{\"@type\":\"ListItem\",\"position\":2,\"name\":\"Bilion\u00e1rio faz a primeira caminhada espacial privada da hist\u00f3ria!\"}]},{\"@type\":\"WebSite\",\"@id\":\"https:\/\/www.tvuai.com.br\/portal\/#website\",\"url\":\"https:\/\/www.tvuai.com.br\/portal\/\",\"name\":\"TVUAI\",\"description\":\"Tudo sobre o Sul de Minas\",\"publisher\":{\"@id\":\"https:\/\/www.tvuai.com.br\/portal\/#organization\"},\"potentialAction\":[{\"@type\":\"SearchAction\",\"target\":{\"@type\":\"EntryPoint\",\"urlTemplate\":\"https:\/\/www.tvuai.com.br\/portal\/?s={search_term_string}\"},\"query-input\":{\"@type\":\"PropertyValueSpecification\",\"valueRequired\":true,\"valueName\":\"search_term_string\"}}],\"inLanguage\":\"pt-BR\"},{\"@type\":\"Organization\",\"@id\":\"https:\/\/www.tvuai.com.br\/portal\/#organization\",\"name\":\"TVUAI\",\"url\":\"https:\/\/www.tvuai.com.br\/portal\/\",\"logo\":{\"@type\":\"ImageObject\",\"inLanguage\":\"pt-BR\",\"@id\":\"https:\/\/www.tvuai.com.br\/portal\/#\/schema\/logo\/image\/\",\"url\":\"https:\/\/i0.wp.com\/www.tvuai.com.br\/portal\/wp-content\/uploads\/2017\/12\/logo_tvuai_100H.png?fit=207%2C100&ssl=1\",\"contentUrl\":\"https:\/\/i0.wp.com\/www.tvuai.com.br\/portal\/wp-content\/uploads\/2017\/12\/logo_tvuai_100H.png?fit=207%2C100&ssl=1\",\"width\":207,\"height\":100,\"caption\":\"TVUAI\"},\"image\":{\"@id\":\"https:\/\/www.tvuai.com.br\/portal\/#\/schema\/logo\/image\/\"},\"sameAs\":[\"http:\/\/www.facebook.com\/pages\/TV-Uai-Comunica\u00e7\u00e3o\/139062546157369\",\"https:\/\/x.com\/tvuai\",\"https:\/\/www.instagram.com\/tvuai_network\/\",\"https:\/\/www.youtube.com\/channel\/UCB7ZPB3wRv-OpoZ_09jmnkQ\"]},{\"@type\":\"Person\",\"@id\":\"https:\/\/www.tvuai.com.br\/portal\/#\/schema\/person\/245e50e9127451fd0b7fd76f519ebbfe\",\"name\":\"tvuai\",\"url\":\"https:\/\/www.tvuai.com.br\/portal\/author\/tvuai\/\"}]}<\/script>\n<!-- \/ Yoast SEO plugin. -->","yoast_head_json":{"title":"Bilion\u00e1rio faz a primeira caminhada espacial privada da hist\u00f3ria! - TVUAI","robots":{"index":"index","follow":"follow","max-snippet":"max-snippet:-1","max-image-preview":"max-image-preview:large","max-video-preview":"max-video-preview:-1"},"canonical":"https:\/\/www.tvuai.com.br\/portal\/bilionario-faz-a-primeira-caminhada-espacial-privada-da-historia\/","og_locale":"pt_BR","og_type":"article","og_title":"Bilion\u00e1rio faz a primeira caminhada espacial privada da hist\u00f3ria! - TVUAI","og_description":"&nbsp; Uma tripula\u00e7\u00e3o de quatro civis a bordo da miss\u00e3o Polaris Dawn da SpaceX abriu a escotilha de sua c\u00e1psula e fez hist\u00f3ria como o primeiro grupo de astronautas n\u00e3o governamentais a realizar uma caminhada espacial. @scienctec Share on: WhatsApp","og_url":"https:\/\/www.tvuai.com.br\/portal\/bilionario-faz-a-primeira-caminhada-espacial-privada-da-historia\/","og_site_name":"TVUAI","article_publisher":"http:\/\/www.facebook.com\/pages\/TV-Uai-Comunica%c3%a7%c3%a3o\/139062546157369","article_published_time":"2024-09-13T13:37:06+00:00","article_modified_time":"2024-09-17T15:45:36+00:00","og_image":[{"width":200,"height":200,"url":"https:\/\/www.tvuai.com.br\/portal\/wp-content\/uploads\/2024\/09\/camihada-espacial.jpg","type":"image\/jpeg"}],"author":"tvuai","twitter_card":"summary_large_image","twitter_creator":"@tvuai","twitter_site":"@tvuai","twitter_misc":{"Escrito por":"tvuai","Est. tempo de leitura":"1 minuto"},"schema":{"@context":"https:\/\/schema.org","@graph":[{"@type":"Article","@id":"https:\/\/www.tvuai.com.br\/portal\/bilionario-faz-a-primeira-caminhada-espacial-privada-da-historia\/#article","isPartOf":{"@id":"https:\/\/www.tvuai.com.br\/portal\/bilionario-faz-a-primeira-caminhada-espacial-privada-da-historia\/"},"author":{"name":"tvuai","@id":"https:\/\/www.tvuai.com.br\/portal\/#\/schema\/person\/245e50e9127451fd0b7fd76f519ebbfe"},"headline":"Bilion\u00e1rio faz a primeira caminhada espacial privada da hist\u00f3ria!","datePublished":"2024-09-13T13:37:06+00:00","dateModified":"2024-09-17T15:45:36+00:00","mainEntityOfPage":{"@id":"https:\/\/www.tvuai.com.br\/portal\/bilionario-faz-a-primeira-caminhada-espacial-privada-da-historia\/"},"wordCount":64,"publisher":{"@id":"https:\/\/www.tvuai.com.br\/portal\/#organization"},"image":{"@id":"https:\/\/www.tvuai.com.br\/portal\/bilionario-faz-a-primeira-caminhada-espacial-privada-da-historia\/#primaryimage"},"thumbnailUrl":"https:\/\/i0.wp.com\/www.tvuai.com.br\/portal\/wp-content\/uploads\/2024\/09\/camihada-espacial.jpg?fit=200%2C200&ssl=1","keywords":["caminhada espacial","Ci\u00eancia","Engenharia","Minas Gerais","miss\u00e3o Polaris Dawn","Pouso Alegre","scienctec","SpaceX","Sul de Minas","tecnologia","TV Uai","TV UAI 24 anos","TV UAI 24 anos com voc\u00ea","tvuai"],"articleSection":["Ci\u00eancia e Tecnologia","Not\u00edcias","\u00daltimas Not\u00edcias","Videos"],"inLanguage":"pt-BR"},{"@type":"WebPage","@id":"https:\/\/www.tvuai.com.br\/portal\/bilionario-faz-a-primeira-caminhada-espacial-privada-da-historia\/","url":"https:\/\/www.tvuai.com.br\/portal\/bilionario-faz-a-primeira-caminhada-espacial-privada-da-historia\/","name":"Bilion\u00e1rio faz a primeira caminhada espacial privada da hist\u00f3ria! - TVUAI","isPartOf":{"@id":"https:\/\/www.tvuai.com.br\/portal\/#website"},"primaryImageOfPage":{"@id":"https:\/\/www.tvuai.com.br\/portal\/bilionario-faz-a-primeira-caminhada-espacial-privada-da-historia\/#primaryimage"},"image":{"@id":"https:\/\/www.tvuai.com.br\/portal\/bilionario-faz-a-primeira-caminhada-espacial-privada-da-historia\/#primaryimage"},"thumbnailUrl":"https:\/\/i0.wp.com\/www.tvuai.com.br\/portal\/wp-content\/uploads\/2024\/09\/camihada-espacial.jpg?fit=200%2C200&ssl=1","datePublished":"2024-09-13T13:37:06+00:00","dateModified":"2024-09-17T15:45:36+00:00","breadcrumb":{"@id":"https:\/\/www.tvuai.com.br\/portal\/bilionario-faz-a-primeira-caminhada-espacial-privada-da-historia\/#breadcrumb"},"inLanguage":"pt-BR","potentialAction":[{"@type":"ReadAction","target":["https:\/\/www.tvuai.com.br\/portal\/bilionario-faz-a-primeira-caminhada-espacial-privada-da-historia\/"]}]},{"@type":"ImageObject","inLanguage":"pt-BR","@id":"https:\/\/www.tvuai.com.br\/portal\/bilionario-faz-a-primeira-caminhada-espacial-privada-da-historia\/#primaryimage","url":"https:\/\/i0.wp.com\/www.tvuai.com.br\/portal\/wp-content\/uploads\/2024\/09\/camihada-espacial.jpg?fit=200%2C200&ssl=1","contentUrl":"https:\/\/i0.wp.com\/www.tvuai.com.br\/portal\/wp-content\/uploads\/2024\/09\/camihada-espacial.jpg?fit=200%2C200&ssl=1","width":200,"height":200},{"@type":"BreadcrumbList","@id":"https:\/\/www.tvuai.com.br\/portal\/bilionario-faz-a-primeira-caminhada-espacial-privada-da-historia\/#breadcrumb","itemListElement":[{"@type":"ListItem","position":1,"name":"In\u00edcio","item":"https:\/\/www.tvuai.com.br\/portal\/"},{"@type":"ListItem","position":2,"name":"Bilion\u00e1rio faz a primeira caminhada espacial privada da hist\u00f3ria!"}]},{"@type":"WebSite","@id":"https:\/\/www.tvuai.com.br\/portal\/#website","url":"https:\/\/www.tvuai.com.br\/portal\/","name":"TVUAI","description":"Tudo sobre o Sul de Minas","publisher":{"@id":"https:\/\/www.tvuai.com.br\/portal\/#organization"},"potentialAction":[{"@type":"SearchAction","target":{"@type":"EntryPoint","urlTemplate":"https:\/\/www.tvuai.com.br\/portal\/?s={search_term_string}"},"query-input":{"@type":"PropertyValueSpecification","valueRequired":true,"valueName":"search_term_string"}}],"inLanguage":"pt-BR"},{"@type":"Organization","@id":"https:\/\/www.tvuai.com.br\/portal\/#organization","name":"TVUAI","url":"https:\/\/www.tvuai.com.br\/portal\/","logo":{"@type":"ImageObject","inLanguage":"pt-BR","@id":"https:\/\/www.tvuai.com.br\/portal\/#\/schema\/logo\/image\/","url":"https:\/\/i0.wp.com\/www.tvuai.com.br\/portal\/wp-content\/uploads\/2017\/12\/logo_tvuai_100H.png?fit=207%2C100&ssl=1","contentUrl":"https:\/\/i0.wp.com\/www.tvuai.com.br\/portal\/wp-content\/uploads\/2017\/12\/logo_tvuai_100H.png?fit=207%2C100&ssl=1","width":207,"height":100,"caption":"TVUAI"},"image":{"@id":"https:\/\/www.tvuai.com.br\/portal\/#\/schema\/logo\/image\/"},"sameAs":["http:\/\/www.facebook.com\/pages\/TV-Uai-Comunica\u00e7\u00e3o\/139062546157369","https:\/\/x.com\/tvuai","https:\/\/www.instagram.com\/tvuai_network\/","https:\/\/www.youtube.com\/channel\/UCB7ZPB3wRv-OpoZ_09jmnkQ"]},{"@type":"Person","@id":"https:\/\/www.tvuai.com.br\/portal\/#\/schema\/person\/245e50e9127451fd0b7fd76f519ebbfe","name":"tvuai","url":"https:\/\/www.tvuai.com.br\/portal\/author\/tvuai\/"}]}},"jetpack_featured_media_url":"https:\/\/i0.wp.com\/www.tvuai.com.br\/portal\/wp-content\/uploads\/2024\/09\/camihada-espacial.jpg?fit=200%2C200&ssl=1","wpmagazine_modules_lite_featured_media_urls":{"thumbnail":["https:\/\/i0.wp.com\/www.tvuai.com.br\/portal\/wp-content\/uploads\/2024\/09\/camihada-espacial.jpg?resize=150%2C150&ssl=1",150,150,true],"cvmm-medium":["https:\/\/i0.wp.com\/www.tvuai.com.br\/portal\/wp-content\/uploads\/2024\/09\/camihada-espacial.jpg?resize=200%2C200&ssl=1",200,200,true],"cvmm-medium-plus":["https:\/\/i0.wp.com\/www.tvuai.com.br\/portal\/wp-content\/uploads\/2024\/09\/camihada-espacial.jpg?resize=200%2C200&ssl=1",200,200,true],"cvmm-portrait":["https:\/\/i0.wp.com\/www.tvuai.com.br\/portal\/wp-content\/uploads\/2024\/09\/camihada-espacial.jpg?resize=200%2C200&ssl=1",200,200,true],"cvmm-medium-square":["https:\/\/i0.wp.com\/www.tvuai.com.br\/portal\/wp-content\/uploads\/2024\/09\/camihada-espacial.jpg?resize=200%2C200&ssl=1",200,200,true],"cvmm-large":["https:\/\/i0.wp.com\/www.tvuai.com.br\/portal\/wp-content\/uploads\/2024\/09\/camihada-espacial.jpg?resize=200%2C200&ssl=1",200,200,true],"cvmm-small":["https:\/\/i0.wp.com\/www.tvuai.com.br\/portal\/wp-content\/uploads\/2024\/09\/camihada-espacial.jpg?resize=130%2C95&ssl=1",130,95,true],"full":["https:\/\/i0.wp.com\/www.tvuai.com.br\/portal\/wp-content\/uploads\/2024\/09\/camihada-espacial.jpg?fit=200%2C200&ssl=1",200,200,false]},"categories_names":{"1642":{"name":"Ci\u00eancia e Tecnologia","link":"https:\/\/www.tvuai.com.br\/portal\/category\/tecnologia\/"},"19":{"name":"Not\u00edcias","link":"https:\/\/www.tvuai.com.br\/portal\/category\/noticias\/"},"5":{"name":"\u00daltimas Not\u00edcias","link":"https:\/\/www.tvuai.com.br\/portal\/category\/noticias\/ultimas\/"},"21":{"name":"Videos","link":"https:\/\/www.tvuai.com.br\/portal\/category\/videos\/"}},"tags_names":{"3706":{"name":"caminhada espacial","link":"https:\/\/www.tvuai.com.br\/portal\/tag\/caminhada-espacial\/"},"860":{"name":"Ci\u00eancia","link":"https:\/\/www.tvuai.com.br\/portal\/tag\/ciencia\/"},"3364":{"name":"Engenharia","link":"https:\/\/www.tvuai.com.br\/portal\/tag\/engenharia\/"},"184":{"name":"Minas Gerais","link":"https:\/\/www.tvuai.com.br\/portal\/tag\/minas-gerais\/"},"3707":{"name":"miss\u00e3o Polaris Dawn","link":"https:\/\/www.tvuai.com.br\/portal\/tag\/missao-polaris-dawn\/"},"37":{"name":"Pouso Alegre","link":"https:\/\/www.tvuai.com.br\/portal\/tag\/pouso-alegre\/"},"1985":{"name":"scienctec","link":"https:\/\/www.tvuai.com.br\/portal\/tag\/scienctec\/"},"3708":{"name":"SpaceX","link":"https:\/\/www.tvuai.com.br\/portal\/tag\/spacex\/"},"39":{"name":"Sul de Minas","link":"https:\/\/www.tvuai.com.br\/portal\/tag\/sul-de-minas\/"},"89":{"name":"tecnologia","link":"https:\/\/www.tvuai.com.br\/portal\/tag\/tecnologia\/"},"27":{"name":"TV Uai","link":"https:\/\/www.tvuai.com.br\/portal\/tag\/tv-uai\/"},"2759":{"name":"TV UAI 24 anos","link":"https:\/\/www.tvuai.com.br\/portal\/tag\/tv-uai-24-anos\/"},"2760":{"name":"TV UAI 24 anos com voc\u00ea","link":"https:\/\/www.tvuai.com.br\/portal\/tag\/tv-uai-24-anos-com-voce\/"},"1638":{"name":"tvuai","link":"https:\/\/www.tvuai.com.br\/portal\/tag\/tvuai\/"}},"comments_number":"0","jetpack_shortlink":"https:\/\/wp.me\/p9woix-2pM","jetpack_sharing_enabled":true,"_links":{"self":[{"href":"https:\/\/www.tvuai.com.br\/portal\/wp-json\/wp\/v2\/posts\/9286"}],"collection":[{"href":"https:\/\/www.tvuai.com.br\/portal\/wp-json\/wp\/v2\/posts"}],"about":[{"href":"https:\/\/www.tvuai.com.br\/portal\/wp-json\/wp\/v2\/types\/post"}],"author":[{"embeddable":true,"href":"https:\/\/www.tvuai.com.br\/portal\/wp-json\/wp\/v2\/users\/1"}],"replies":[{"embeddable":true,"href":"https:\/\/www.tvuai.com.br\/portal\/wp-json\/wp\/v2\/comments?post=9286"}],"version-history":[{"count":5,"href":"https:\/\/www.tvuai.com.br\/portal\/wp-json\/wp\/v2\/posts\/9286\/revisions"}],"predecessor-version":[{"id":9292,"href":"https:\/\/www.tvuai.com.br\/portal\/wp-json\/wp\/v2\/posts\/9286\/revisions\/9292"}],"wp:featuredmedia":[{"embeddable":true,"href":"https:\/\/www.tvuai.com.br\/portal\/wp-json\/wp\/v2\/media\/9289"}],"wp:attachment":[{"href":"https:\/\/www.tvuai.com.br\/portal\/wp-json\/wp\/v2\/media?parent=9286"}],"wp:term":[{"taxonomy":"category","embeddable":true,"href":"https:\/\/www.tvuai.com.br\/portal\/wp-json\/wp\/v2\/categories?post=9286"},{"taxonomy":"post_tag","embeddable":true,"href":"https:\/\/www.tvuai.com.br\/portal\/wp-json\/wp\/v2\/tags?post=9286"}],"curies":[{"name":"wp","href":"https:\/\/api.w.org\/{rel}","templated":true}]}}