{"id":9131,"date":"2024-08-23T13:28:38","date_gmt":"2024-08-23T16:28:38","guid":{"rendered":"https:\/\/www.tvuai.com.br\/portal\/?p=9131"},"modified":"2024-08-29T18:58:49","modified_gmt":"2024-08-29T21:58:49","slug":"oportunidade-transformadora-programa-gratuito-de-treinamento-e-emprego-de-autistas-esta-com-inscricoes-abertas","status":"publish","type":"post","link":"https:\/\/www.tvuai.com.br\/portal\/oportunidade-transformadora-programa-gratuito-de-treinamento-e-emprego-de-autistas-esta-com-inscricoes-abertas\/","title":{"rendered":"Oportunidade transformadora: programa gratuito de treinamento e emprego de autistas est\u00e1 com inscri\u00e7\u00f5es abertas"},"content":{"rendered":"<div class=\"5a1038e0903b96d426fcfcc338703013\" data-index=\"1\" style=\"float: right; margin:10px 0 10px 10px;\">\n<script async src=\"https:\/\/pagead2.googlesyndication.com\/pagead\/js\/adsbygoogle.js?client=ca-pub-9945944833605257\"\r\n     crossorigin=\"anonymous\"><\/script>\r\n<ins class=\"adsbygoogle\"\r\n     style=\"display:block; text-align:center;\"\r\n     data-ad-layout=\"in-article\"\r\n     data-ad-format=\"fluid\"\r\n     data-ad-client=\"ca-pub-9945944833605257\"\r\n     data-ad-slot=\"2343923581\"><\/ins>\r\n<script>\r\n     (adsbygoogle = window.adsbygoogle || []).push({});\r\n<\/script>\n<\/div>\n<p><img data-recalc-dims=\"1\" fetchpriority=\"high\" decoding=\"async\" data-attachment-id=\"9134\" data-permalink=\"https:\/\/www.tvuai.com.br\/portal\/oportunidade-transformadora-programa-gratuito-de-treinamento-e-emprego-de-autistas-esta-com-inscricoes-abertas\/autista-curso11\/\" data-orig-file=\"https:\/\/i0.wp.com\/www.tvuai.com.br\/portal\/wp-content\/uploads\/2024\/08\/autista-curso11.jpg?fit=2000%2C1131&amp;ssl=1\" data-orig-size=\"2000,1131\" data-comments-opened=\"0\" data-image-meta=\"{&quot;aperture&quot;:&quot;0&quot;,&quot;credit&quot;:&quot;&quot;,&quot;camera&quot;:&quot;&quot;,&quot;caption&quot;:&quot;&quot;,&quot;created_timestamp&quot;:&quot;0&quot;,&quot;copyright&quot;:&quot;&quot;,&quot;focal_length&quot;:&quot;0&quot;,&quot;iso&quot;:&quot;0&quot;,&quot;shutter_speed&quot;:&quot;0&quot;,&quot;title&quot;:&quot;&quot;,&quot;orientation&quot;:&quot;0&quot;}\" data-image-title=\"autista curso11\" data-image-description=\"\" data-image-caption=\"\" data-medium-file=\"https:\/\/i0.wp.com\/www.tvuai.com.br\/portal\/wp-content\/uploads\/2024\/08\/autista-curso11.jpg?fit=300%2C170&amp;ssl=1\" data-large-file=\"https:\/\/i0.wp.com\/www.tvuai.com.br\/portal\/wp-content\/uploads\/2024\/08\/autista-curso11.jpg?fit=640%2C362&amp;ssl=1\" tabindex=\"0\" role=\"button\" class=\"size-medium wp-image-9134 aligncenter\" src=\"https:\/\/i0.wp.com\/www.tvuai.com.br\/portal\/wp-content\/uploads\/2024\/08\/autista-curso11.jpg?resize=300%2C170&#038;ssl=1\" alt=\"\" width=\"300\" height=\"170\" srcset=\"https:\/\/i0.wp.com\/www.tvuai.com.br\/portal\/wp-content\/uploads\/2024\/08\/autista-curso11.jpg?resize=300%2C170&amp;ssl=1 300w, https:\/\/i0.wp.com\/www.tvuai.com.br\/portal\/wp-content\/uploads\/2024\/08\/autista-curso11.jpg?resize=1024%2C579&amp;ssl=1 1024w, https:\/\/i0.wp.com\/www.tvuai.com.br\/portal\/wp-content\/uploads\/2024\/08\/autista-curso11.jpg?resize=768%2C434&amp;ssl=1 768w, https:\/\/i0.wp.com\/www.tvuai.com.br\/portal\/wp-content\/uploads\/2024\/08\/autista-curso11.jpg?resize=1536%2C869&amp;ssl=1 1536w, https:\/\/i0.wp.com\/www.tvuai.com.br\/portal\/wp-content\/uploads\/2024\/08\/autista-curso11.jpg?resize=600%2C339&amp;ssl=1 600w, https:\/\/i0.wp.com\/www.tvuai.com.br\/portal\/wp-content\/uploads\/2024\/08\/autista-curso11.jpg?w=2000&amp;ssl=1 2000w, https:\/\/i0.wp.com\/www.tvuai.com.br\/portal\/wp-content\/uploads\/2024\/08\/autista-curso11.jpg?w=1280&amp;ssl=1 1280w, https:\/\/i0.wp.com\/www.tvuai.com.br\/portal\/wp-content\/uploads\/2024\/08\/autista-curso11.jpg?w=1920&amp;ssl=1 1920w\" sizes=\"(max-width: 300px) 100vw, 300px\" \/><\/p>\n<p>A Adapte, uma startup focada em educa\u00e7\u00e3o inclusiva, est\u00e1 recebendo inscri\u00e7\u00f5es para a terceira edi\u00e7\u00e3o do Programa de Coopera\u00e7\u00e3o para Treinamento e Emprego de Autistas (CooTEA). Este curso \u00e9 voltado para desenvolver habilidades em Intelig\u00eancia Artificial e Dados, com o objetivo de promover a inclus\u00e3o profissional de pessoas autistas em \u00e1reas tecnol\u00f3gicas de alta demanda.<\/p>\n<p>O programa \u00e9 gratuito, imersivo e pr\u00e1tico, e as inscri\u00e7\u00f5es podem ser realizadas online at\u00e9 o dia 30 de agosto, atrav\u00e9s do <span style=\"color: #000080;\"><strong><a style=\"color: #000080;\" href=\"https:\/\/www.adapte.com.vc\/cootea\">link da Adapte<\/a><\/strong><\/span>. Durante o curso, os participantes receber\u00e3o certifica\u00e7\u00e3o, suporte cont\u00ednuo e oportunidades de networking com profissionais, al\u00e9m de prepara\u00e7\u00e3o para o mercado de trabalho inclusivo.<\/p>\n<p>Podem participar do processo seletivo pessoas autistas com conhecimentos b\u00e1sicos de inform\u00e1tica e matem\u00e1tica. Na inscri\u00e7\u00e3o, s\u00e3o solicitados dados como nome completo, e-mail, telefone, endere\u00e7o, data de nascimento e CPF. Tamb\u00e9m \u00e9 necess\u00e1rio confirmar a posse de um laudo m\u00e9dico comprovando a condi\u00e7\u00e3o de autismo (TEA) e ter acesso a um computador com internet. O curso ter\u00e1 dura\u00e7\u00e3o de 4 meses.<\/p>\n<p>O CooTEA \u00e9 uma iniciativa social que oferece treinamento adaptado e supervis\u00e3o especializada, desenvolvendo tanto habilidades t\u00e9cnicas quanto sociais e preparando os participantes para carreiras que valorizem suas habilidades \u00fanicas. Desde sua cria\u00e7\u00e3o, o programa j\u00e1 capacitou cerca de 100 autistas promovendo uma sociedade mais inclusiva.<\/p>\n<p>Al\u00e9m de formar os participantes, o programa auxilia empresas parceiras na cria\u00e7\u00e3o de ambientes de trabalho mais inclusivos. A Adapte realiza um cruzamento entre as vagas dispon\u00edveis nas empresas e o perfil dos alunos, facilitando um processo de contrata\u00e7\u00e3o mais eficaz e contribuindo para os objetivos de ESG das organiza\u00e7\u00f5es.<\/p>\n<p>Emanuel Santana, fundador da Adapte, destaca que pessoas autistas possuem caracter\u00edsticas como aten\u00e7\u00e3o aos detalhes, pensamento l\u00f3gico e foco intenso, que as tornam altamente qualificadas para \u00e1reas como Intelig\u00eancia Artificial e Dados. &#8220;Quando essas habilidades s\u00e3o desenvolvidas de forma estrat\u00e9gica, os formandos se tornam profissionais extremamente capacitados, trazendo novas perspectivas e inova\u00e7\u00f5es ao setor tecnol\u00f3gico&#8221;, comenta.<\/p>\n<p style=\"text-align: center;\"><strong>Conte\u00fado do Programa<\/strong><\/p>\n<p>A terceira edi\u00e7\u00e3o do CooTEA come\u00e7ar\u00e1 no dia 10 de setembro, com uma carga hor\u00e1ria de dez horas semanais de estudo autoguiado, al\u00e9m de uma hora de encontros online ao vivo por semana. O curso inclui tr\u00eas palestras sobre habilidades comportamentais, um workshop de LinkedIn, um desafio pr\u00e1tico e duas semanas de revis\u00e3o para consolidar o aprendizado. Os alunos tamb\u00e9m ter\u00e3o suporte por meio do Discord e um f\u00f3rum dedicado, com uma turma de 45 jovens autistas. A capacita\u00e7\u00e3o ter\u00e1 a dura\u00e7\u00e3o total de 4 meses.<\/p>\n<p>Os participantes aprender\u00e3o sobre ferramentas como Excel, Power BI, IA Generativa, PowerPoint, storytelling com dados, RPA (Automa\u00e7\u00e3o Rob\u00f3tica de Processos) e desenvolvimento de Low\/No Code.<\/p>\n<p>Esta edi\u00e7\u00e3o conta com o apoio de organiza\u00e7\u00f5es como Alura, Funda\u00e7\u00e3o 1Bi, iFood, Poli-USP, Associa\u00e7\u00e3o Nacional de Administra\u00e7\u00e3o (Ana) e Midiaria.<\/p>\n<p><strong>Servi\u00e7o<\/strong><\/p>\n<ul>\n<li>Inscri\u00e7\u00f5es para o Programa CooTEA da Adapte<\/li>\n<li>Gratuito<\/li>\n<li>Data: at\u00e9 30 de agosto<\/li>\n<li>P\u00fablico-alvo: Pessoas autistas com conhecimentos b\u00e1sicos em inform\u00e1tica e matem\u00e1tica que desejam se capacitar para o mercado de Tecnologia e Dados.<\/li>\n<li>Inscri\u00e7\u00f5es pelo <span style=\"color: #000080;\"><strong><a style=\"color: #000080;\" href=\"https:\/\/cootea.com.br\/\">link, clique aqui<\/a><\/strong><\/span>.<\/li>\n<li>Mais informa\u00e7\u00f5es no <span style=\"color: #000080;\"><strong><a style=\"color: #000080;\" href=\"https:\/\/www.adapte.com.vc\/\">site da Adapte<\/a><\/strong><\/span>.<\/li>\n<\/ul>\n<p style=\"text-align: center;\"><strong>Sobre a Adapte<\/strong><\/p>\n<p>A Adapte \u00e9 uma startup de impacto social dedicada \u00e0 inclus\u00e3o de pessoas autistas e neurodivergentes na educa\u00e7\u00e3o formal e no mercado de trabalho. Fundada em 2019, a Adapte oferece treinamentos para autistas, cursos de inclus\u00e3o para empresas de diversos setores, e capacita\u00e7\u00e3o para escolas, profissionais da sa\u00fade, educadores e fam\u00edlias de autistas. Em 2023, a Adapte foi reconhecida no 1 Bi Labs, um programa de acelera\u00e7\u00e3o de neg\u00f3cios da Funda\u00e7\u00e3o 1 Bi, em parceria com o Movtech e patroc\u00ednio do iFood, que promove oportunidades educacionais e inclusivas para jovens em situa\u00e7\u00e3o de vulnerabilidade social.<\/p>\n\n<div style=\"font-size: 0px; height: 0px; line-height: 0px; margin: 0; padding: 0; clear: both;\"><\/div><div class='share-to-whatsapp-wrapper'><div class='share-on-whsp'>Share on: <\/div><a data-text='Oportunidade transformadora: programa gratuito de treinamento e emprego de autistas est\u00e1 com inscri\u00e7\u00f5es abertas' data-link='https:\/\/www.tvuai.com.br\/portal\/oportunidade-transformadora-programa-gratuito-de-treinamento-e-emprego-de-autistas-esta-com-inscricoes-abertas\/' class='whatsapp-button whatsapp-share'>WhatsApp<\/a><div class='clear '><\/div><\/div><!-- AddThis Advanced Settings generic via filter on the_content --><!-- AddThis Share Buttons generic via filter on the_content -->","protected":false},"excerpt":{"rendered":"<p>A Adapte, uma startup focada em educa\u00e7\u00e3o inclusiva, est\u00e1 recebendo inscri\u00e7\u00f5es para a terceira edi\u00e7\u00e3o do Programa de Coopera\u00e7\u00e3o para Treinamento e Emprego de Autistas (CooTEA). Este curso \u00e9 voltado para desenvolver habilidades em Intelig\u00eancia Artificial e Dados, com o objetivo de promover a inclus\u00e3o profissional de pessoas autistas em \u00e1reas tecnol\u00f3gicas de alta demanda. [&hellip;]<!-- AddThis Advanced Settings generic via filter on get_the_excerpt --><!-- AddThis Share Buttons generic via filter on get_the_excerpt --><\/p>\n","protected":false},"author":1,"featured_media":9133,"comment_status":"closed","ping_status":"closed","sticky":false,"template":"","format":"standard","meta":{"jetpack_post_was_ever_published":false,"_jetpack_newsletter_access":"","_jetpack_dont_email_post_to_subs":false,"_jetpack_newsletter_tier_id":0,"_jetpack_memberships_contains_paywalled_content":false,"_jetpack_memberships_contains_paid_content":false,"_joinchat":[],"footnotes":"","jetpack_publicize_message":"","jetpack_publicize_feature_enabled":true,"jetpack_social_post_already_shared":true,"jetpack_social_options":{"image_generator_settings":{"template":"highway","enabled":false},"version":2}},"categories":[1642,1845,19,5],"tags":[3590,3591,3595,3592,3593,3597,3596,184,3594,37,3589,39,27,2759,2760,1618,1638],"class_list":["post-9131","post","type-post","status-publish","format-standard","has-post-thumbnail","hentry","category-tecnologia","category-educacao","category-noticias","category-ultimas","tag-adapte","tag-alura","tag-associacao-nacional-de-administracao-ana","tag-fundacao-1bi","tag-ifood","tag-inclusao-profissional-de-pessoas-autistas","tag-midiaria","tag-minas-gerais","tag-poli-usp","tag-pouso-alegre","tag-programa-de-cooperacao-para-treinamento-e-emprego-de-autistas-cootea","tag-sul-de-minas","tag-tv-uai","tag-tv-uai-24-anos","tag-tv-uai-24-anos-com-voce","tag-tv-uai-pouso-alegre","tag-tvuai"],"jetpack_publicize_connections":[],"yoast_head":"<!-- This site is optimized with the Yoast SEO plugin v23.5 - https:\/\/yoast.com\/wordpress\/plugins\/seo\/ -->\n<title>Oportunidade transformadora: programa gratuito de treinamento e emprego de autistas est\u00e1 com inscri\u00e7\u00f5es abertas - TVUAI<\/title>\n<meta name=\"robots\" content=\"index, follow, max-snippet:-1, max-image-preview:large, max-video-preview:-1\" \/>\n<link rel=\"canonical\" href=\"https:\/\/www.tvuai.com.br\/portal\/oportunidade-transformadora-programa-gratuito-de-treinamento-e-emprego-de-autistas-esta-com-inscricoes-abertas\/\" \/>\n<meta property=\"og:locale\" content=\"pt_BR\" \/>\n<meta property=\"og:type\" content=\"article\" \/>\n<meta property=\"og:title\" content=\"Oportunidade transformadora: programa gratuito de treinamento e emprego de autistas est\u00e1 com inscri\u00e7\u00f5es abertas - TVUAI\" \/>\n<meta property=\"og:description\" content=\"A Adapte, uma startup focada em educa\u00e7\u00e3o inclusiva, est\u00e1 recebendo inscri\u00e7\u00f5es para a terceira edi\u00e7\u00e3o do Programa de Coopera\u00e7\u00e3o para Treinamento e Emprego de Autistas (CooTEA). Este curso \u00e9 voltado para desenvolver habilidades em Intelig\u00eancia Artificial e Dados, com o objetivo de promover a inclus\u00e3o profissional de pessoas autistas em \u00e1reas tecnol\u00f3gicas de alta demanda. [&hellip;]\" \/>\n<meta property=\"og:url\" content=\"https:\/\/www.tvuai.com.br\/portal\/oportunidade-transformadora-programa-gratuito-de-treinamento-e-emprego-de-autistas-esta-com-inscricoes-abertas\/\" \/>\n<meta property=\"og:site_name\" content=\"TVUAI\" \/>\n<meta property=\"article:publisher\" content=\"http:\/\/www.facebook.com\/pages\/TV-Uai-Comunica%c3%a7%c3%a3o\/139062546157369\" \/>\n<meta property=\"article:published_time\" content=\"2024-08-23T16:28:38+00:00\" \/>\n<meta property=\"article:modified_time\" content=\"2024-08-29T21:58:49+00:00\" \/>\n<meta property=\"og:image\" content=\"https:\/\/www.tvuai.com.br\/portal\/wp-content\/uploads\/2024\/08\/autista-curso0.jpg\" \/>\n\t<meta property=\"og:image:width\" content=\"200\" \/>\n\t<meta property=\"og:image:height\" content=\"200\" \/>\n\t<meta property=\"og:image:type\" content=\"image\/jpeg\" \/>\n<meta name=\"author\" content=\"tvuai\" \/>\n<meta name=\"twitter:card\" content=\"summary_large_image\" \/>\n<meta name=\"twitter:creator\" content=\"@tvuai\" \/>\n<meta name=\"twitter:site\" content=\"@tvuai\" \/>\n<meta name=\"twitter:label1\" content=\"Escrito por\" \/>\n\t<meta name=\"twitter:data1\" content=\"tvuai\" \/>\n\t<meta name=\"twitter:label2\" content=\"Est. tempo de leitura\" \/>\n\t<meta name=\"twitter:data2\" content=\"4 minutos\" \/>\n<script type=\"application\/ld+json\" class=\"yoast-schema-graph\">{\"@context\":\"https:\/\/schema.org\",\"@graph\":[{\"@type\":\"Article\",\"@id\":\"https:\/\/www.tvuai.com.br\/portal\/oportunidade-transformadora-programa-gratuito-de-treinamento-e-emprego-de-autistas-esta-com-inscricoes-abertas\/#article\",\"isPartOf\":{\"@id\":\"https:\/\/www.tvuai.com.br\/portal\/oportunidade-transformadora-programa-gratuito-de-treinamento-e-emprego-de-autistas-esta-com-inscricoes-abertas\/\"},\"author\":{\"name\":\"tvuai\",\"@id\":\"https:\/\/www.tvuai.com.br\/portal\/#\/schema\/person\/245e50e9127451fd0b7fd76f519ebbfe\"},\"headline\":\"Oportunidade transformadora: programa gratuito de treinamento e emprego de autistas est\u00e1 com inscri\u00e7\u00f5es abertas\",\"datePublished\":\"2024-08-23T16:28:38+00:00\",\"dateModified\":\"2024-08-29T21:58:49+00:00\",\"mainEntityOfPage\":{\"@id\":\"https:\/\/www.tvuai.com.br\/portal\/oportunidade-transformadora-programa-gratuito-de-treinamento-e-emprego-de-autistas-esta-com-inscricoes-abertas\/\"},\"wordCount\":677,\"publisher\":{\"@id\":\"https:\/\/www.tvuai.com.br\/portal\/#organization\"},\"image\":{\"@id\":\"https:\/\/www.tvuai.com.br\/portal\/oportunidade-transformadora-programa-gratuito-de-treinamento-e-emprego-de-autistas-esta-com-inscricoes-abertas\/#primaryimage\"},\"thumbnailUrl\":\"https:\/\/i0.wp.com\/www.tvuai.com.br\/portal\/wp-content\/uploads\/2024\/08\/autista-curso0.jpg?fit=200%2C200&ssl=1\",\"keywords\":[\"Adapte\",\"Alura\",\"Associa\u00e7\u00e3o Nacional de Administra\u00e7\u00e3o (Ana)\",\"Funda\u00e7\u00e3o 1Bi\",\"iFood\",\"inclus\u00e3o profissional de pessoas autistas\",\"Midiaria\",\"Minas Gerais\",\"Poli-USP\",\"Pouso Alegre\",\"Programa de Coopera\u00e7\u00e3o para Treinamento e Emprego de Autistas (CooTEA)\",\"Sul de Minas\",\"TV Uai\",\"TV UAI 24 anos\",\"TV UAI 24 anos com voc\u00ea\",\"TV UAI Pouso Alegre\",\"tvuai\"],\"articleSection\":[\"Ci\u00eancia e Tecnologia\",\"Educa\u00e7\u00e3o\",\"Not\u00edcias\",\"\u00daltimas Not\u00edcias\"],\"inLanguage\":\"pt-BR\"},{\"@type\":\"WebPage\",\"@id\":\"https:\/\/www.tvuai.com.br\/portal\/oportunidade-transformadora-programa-gratuito-de-treinamento-e-emprego-de-autistas-esta-com-inscricoes-abertas\/\",\"url\":\"https:\/\/www.tvuai.com.br\/portal\/oportunidade-transformadora-programa-gratuito-de-treinamento-e-emprego-de-autistas-esta-com-inscricoes-abertas\/\",\"name\":\"Oportunidade transformadora: programa gratuito de treinamento e emprego de autistas est\u00e1 com inscri\u00e7\u00f5es abertas - TVUAI\",\"isPartOf\":{\"@id\":\"https:\/\/www.tvuai.com.br\/portal\/#website\"},\"primaryImageOfPage\":{\"@id\":\"https:\/\/www.tvuai.com.br\/portal\/oportunidade-transformadora-programa-gratuito-de-treinamento-e-emprego-de-autistas-esta-com-inscricoes-abertas\/#primaryimage\"},\"image\":{\"@id\":\"https:\/\/www.tvuai.com.br\/portal\/oportunidade-transformadora-programa-gratuito-de-treinamento-e-emprego-de-autistas-esta-com-inscricoes-abertas\/#primaryimage\"},\"thumbnailUrl\":\"https:\/\/i0.wp.com\/www.tvuai.com.br\/portal\/wp-content\/uploads\/2024\/08\/autista-curso0.jpg?fit=200%2C200&ssl=1\",\"datePublished\":\"2024-08-23T16:28:38+00:00\",\"dateModified\":\"2024-08-29T21:58:49+00:00\",\"breadcrumb\":{\"@id\":\"https:\/\/www.tvuai.com.br\/portal\/oportunidade-transformadora-programa-gratuito-de-treinamento-e-emprego-de-autistas-esta-com-inscricoes-abertas\/#breadcrumb\"},\"inLanguage\":\"pt-BR\",\"potentialAction\":[{\"@type\":\"ReadAction\",\"target\":[\"https:\/\/www.tvuai.com.br\/portal\/oportunidade-transformadora-programa-gratuito-de-treinamento-e-emprego-de-autistas-esta-com-inscricoes-abertas\/\"]}]},{\"@type\":\"ImageObject\",\"inLanguage\":\"pt-BR\",\"@id\":\"https:\/\/www.tvuai.com.br\/portal\/oportunidade-transformadora-programa-gratuito-de-treinamento-e-emprego-de-autistas-esta-com-inscricoes-abertas\/#primaryimage\",\"url\":\"https:\/\/i0.wp.com\/www.tvuai.com.br\/portal\/wp-content\/uploads\/2024\/08\/autista-curso0.jpg?fit=200%2C200&ssl=1\",\"contentUrl\":\"https:\/\/i0.wp.com\/www.tvuai.com.br\/portal\/wp-content\/uploads\/2024\/08\/autista-curso0.jpg?fit=200%2C200&ssl=1\",\"width\":200,\"height\":200},{\"@type\":\"BreadcrumbList\",\"@id\":\"https:\/\/www.tvuai.com.br\/portal\/oportunidade-transformadora-programa-gratuito-de-treinamento-e-emprego-de-autistas-esta-com-inscricoes-abertas\/#breadcrumb\",\"itemListElement\":[{\"@type\":\"ListItem\",\"position\":1,\"name\":\"In\u00edcio\",\"item\":\"https:\/\/www.tvuai.com.br\/portal\/\"},{\"@type\":\"ListItem\",\"position\":2,\"name\":\"Oportunidade transformadora: programa gratuito de treinamento e emprego de autistas est\u00e1 com inscri\u00e7\u00f5es abertas\"}]},{\"@type\":\"WebSite\",\"@id\":\"https:\/\/www.tvuai.com.br\/portal\/#website\",\"url\":\"https:\/\/www.tvuai.com.br\/portal\/\",\"name\":\"TVUAI\",\"description\":\"Tudo sobre o Sul de Minas\",\"publisher\":{\"@id\":\"https:\/\/www.tvuai.com.br\/portal\/#organization\"},\"potentialAction\":[{\"@type\":\"SearchAction\",\"target\":{\"@type\":\"EntryPoint\",\"urlTemplate\":\"https:\/\/www.tvuai.com.br\/portal\/?s={search_term_string}\"},\"query-input\":{\"@type\":\"PropertyValueSpecification\",\"valueRequired\":true,\"valueName\":\"search_term_string\"}}],\"inLanguage\":\"pt-BR\"},{\"@type\":\"Organization\",\"@id\":\"https:\/\/www.tvuai.com.br\/portal\/#organization\",\"name\":\"TVUAI\",\"url\":\"https:\/\/www.tvuai.com.br\/portal\/\",\"logo\":{\"@type\":\"ImageObject\",\"inLanguage\":\"pt-BR\",\"@id\":\"https:\/\/www.tvuai.com.br\/portal\/#\/schema\/logo\/image\/\",\"url\":\"https:\/\/i0.wp.com\/www.tvuai.com.br\/portal\/wp-content\/uploads\/2017\/12\/logo_tvuai_100H.png?fit=207%2C100&ssl=1\",\"contentUrl\":\"https:\/\/i0.wp.com\/www.tvuai.com.br\/portal\/wp-content\/uploads\/2017\/12\/logo_tvuai_100H.png?fit=207%2C100&ssl=1\",\"width\":207,\"height\":100,\"caption\":\"TVUAI\"},\"image\":{\"@id\":\"https:\/\/www.tvuai.com.br\/portal\/#\/schema\/logo\/image\/\"},\"sameAs\":[\"http:\/\/www.facebook.com\/pages\/TV-Uai-Comunica\u00e7\u00e3o\/139062546157369\",\"https:\/\/x.com\/tvuai\",\"https:\/\/www.instagram.com\/tvuai_network\/\",\"https:\/\/www.youtube.com\/channel\/UCB7ZPB3wRv-OpoZ_09jmnkQ\"]},{\"@type\":\"Person\",\"@id\":\"https:\/\/www.tvuai.com.br\/portal\/#\/schema\/person\/245e50e9127451fd0b7fd76f519ebbfe\",\"name\":\"tvuai\",\"url\":\"https:\/\/www.tvuai.com.br\/portal\/author\/tvuai\/\"}]}<\/script>\n<!-- \/ Yoast SEO plugin. -->","yoast_head_json":{"title":"Oportunidade transformadora: programa gratuito de treinamento e emprego de autistas est\u00e1 com inscri\u00e7\u00f5es abertas - TVUAI","robots":{"index":"index","follow":"follow","max-snippet":"max-snippet:-1","max-image-preview":"max-image-preview:large","max-video-preview":"max-video-preview:-1"},"canonical":"https:\/\/www.tvuai.com.br\/portal\/oportunidade-transformadora-programa-gratuito-de-treinamento-e-emprego-de-autistas-esta-com-inscricoes-abertas\/","og_locale":"pt_BR","og_type":"article","og_title":"Oportunidade transformadora: programa gratuito de treinamento e emprego de autistas est\u00e1 com inscri\u00e7\u00f5es abertas - TVUAI","og_description":"A Adapte, uma startup focada em educa\u00e7\u00e3o inclusiva, est\u00e1 recebendo inscri\u00e7\u00f5es para a terceira edi\u00e7\u00e3o do Programa de Coopera\u00e7\u00e3o para Treinamento e Emprego de Autistas (CooTEA). Este curso \u00e9 voltado para desenvolver habilidades em Intelig\u00eancia Artificial e Dados, com o objetivo de promover a inclus\u00e3o profissional de pessoas autistas em \u00e1reas tecnol\u00f3gicas de alta demanda. [&hellip;]","og_url":"https:\/\/www.tvuai.com.br\/portal\/oportunidade-transformadora-programa-gratuito-de-treinamento-e-emprego-de-autistas-esta-com-inscricoes-abertas\/","og_site_name":"TVUAI","article_publisher":"http:\/\/www.facebook.com\/pages\/TV-Uai-Comunica%c3%a7%c3%a3o\/139062546157369","article_published_time":"2024-08-23T16:28:38+00:00","article_modified_time":"2024-08-29T21:58:49+00:00","og_image":[{"width":200,"height":200,"url":"https:\/\/www.tvuai.com.br\/portal\/wp-content\/uploads\/2024\/08\/autista-curso0.jpg","type":"image\/jpeg"}],"author":"tvuai","twitter_card":"summary_large_image","twitter_creator":"@tvuai","twitter_site":"@tvuai","twitter_misc":{"Escrito por":"tvuai","Est. tempo de leitura":"4 minutos"},"schema":{"@context":"https:\/\/schema.org","@graph":[{"@type":"Article","@id":"https:\/\/www.tvuai.com.br\/portal\/oportunidade-transformadora-programa-gratuito-de-treinamento-e-emprego-de-autistas-esta-com-inscricoes-abertas\/#article","isPartOf":{"@id":"https:\/\/www.tvuai.com.br\/portal\/oportunidade-transformadora-programa-gratuito-de-treinamento-e-emprego-de-autistas-esta-com-inscricoes-abertas\/"},"author":{"name":"tvuai","@id":"https:\/\/www.tvuai.com.br\/portal\/#\/schema\/person\/245e50e9127451fd0b7fd76f519ebbfe"},"headline":"Oportunidade transformadora: programa gratuito de treinamento e emprego de autistas est\u00e1 com inscri\u00e7\u00f5es abertas","datePublished":"2024-08-23T16:28:38+00:00","dateModified":"2024-08-29T21:58:49+00:00","mainEntityOfPage":{"@id":"https:\/\/www.tvuai.com.br\/portal\/oportunidade-transformadora-programa-gratuito-de-treinamento-e-emprego-de-autistas-esta-com-inscricoes-abertas\/"},"wordCount":677,"publisher":{"@id":"https:\/\/www.tvuai.com.br\/portal\/#organization"},"image":{"@id":"https:\/\/www.tvuai.com.br\/portal\/oportunidade-transformadora-programa-gratuito-de-treinamento-e-emprego-de-autistas-esta-com-inscricoes-abertas\/#primaryimage"},"thumbnailUrl":"https:\/\/i0.wp.com\/www.tvuai.com.br\/portal\/wp-content\/uploads\/2024\/08\/autista-curso0.jpg?fit=200%2C200&ssl=1","keywords":["Adapte","Alura","Associa\u00e7\u00e3o Nacional de Administra\u00e7\u00e3o (Ana)","Funda\u00e7\u00e3o 1Bi","iFood","inclus\u00e3o profissional de pessoas autistas","Midiaria","Minas Gerais","Poli-USP","Pouso Alegre","Programa de Coopera\u00e7\u00e3o para Treinamento e Emprego de Autistas (CooTEA)","Sul de Minas","TV Uai","TV UAI 24 anos","TV UAI 24 anos com voc\u00ea","TV UAI Pouso Alegre","tvuai"],"articleSection":["Ci\u00eancia e Tecnologia","Educa\u00e7\u00e3o","Not\u00edcias","\u00daltimas Not\u00edcias"],"inLanguage":"pt-BR"},{"@type":"WebPage","@id":"https:\/\/www.tvuai.com.br\/portal\/oportunidade-transformadora-programa-gratuito-de-treinamento-e-emprego-de-autistas-esta-com-inscricoes-abertas\/","url":"https:\/\/www.tvuai.com.br\/portal\/oportunidade-transformadora-programa-gratuito-de-treinamento-e-emprego-de-autistas-esta-com-inscricoes-abertas\/","name":"Oportunidade transformadora: programa gratuito de treinamento e emprego de autistas est\u00e1 com inscri\u00e7\u00f5es abertas - TVUAI","isPartOf":{"@id":"https:\/\/www.tvuai.com.br\/portal\/#website"},"primaryImageOfPage":{"@id":"https:\/\/www.tvuai.com.br\/portal\/oportunidade-transformadora-programa-gratuito-de-treinamento-e-emprego-de-autistas-esta-com-inscricoes-abertas\/#primaryimage"},"image":{"@id":"https:\/\/www.tvuai.com.br\/portal\/oportunidade-transformadora-programa-gratuito-de-treinamento-e-emprego-de-autistas-esta-com-inscricoes-abertas\/#primaryimage"},"thumbnailUrl":"https:\/\/i0.wp.com\/www.tvuai.com.br\/portal\/wp-content\/uploads\/2024\/08\/autista-curso0.jpg?fit=200%2C200&ssl=1","datePublished":"2024-08-23T16:28:38+00:00","dateModified":"2024-08-29T21:58:49+00:00","breadcrumb":{"@id":"https:\/\/www.tvuai.com.br\/portal\/oportunidade-transformadora-programa-gratuito-de-treinamento-e-emprego-de-autistas-esta-com-inscricoes-abertas\/#breadcrumb"},"inLanguage":"pt-BR","potentialAction":[{"@type":"ReadAction","target":["https:\/\/www.tvuai.com.br\/portal\/oportunidade-transformadora-programa-gratuito-de-treinamento-e-emprego-de-autistas-esta-com-inscricoes-abertas\/"]}]},{"@type":"ImageObject","inLanguage":"pt-BR","@id":"https:\/\/www.tvuai.com.br\/portal\/oportunidade-transformadora-programa-gratuito-de-treinamento-e-emprego-de-autistas-esta-com-inscricoes-abertas\/#primaryimage","url":"https:\/\/i0.wp.com\/www.tvuai.com.br\/portal\/wp-content\/uploads\/2024\/08\/autista-curso0.jpg?fit=200%2C200&ssl=1","contentUrl":"https:\/\/i0.wp.com\/www.tvuai.com.br\/portal\/wp-content\/uploads\/2024\/08\/autista-curso0.jpg?fit=200%2C200&ssl=1","width":200,"height":200},{"@type":"BreadcrumbList","@id":"https:\/\/www.tvuai.com.br\/portal\/oportunidade-transformadora-programa-gratuito-de-treinamento-e-emprego-de-autistas-esta-com-inscricoes-abertas\/#breadcrumb","itemListElement":[{"@type":"ListItem","position":1,"name":"In\u00edcio","item":"https:\/\/www.tvuai.com.br\/portal\/"},{"@type":"ListItem","position":2,"name":"Oportunidade transformadora: programa gratuito de treinamento e emprego de autistas est\u00e1 com inscri\u00e7\u00f5es abertas"}]},{"@type":"WebSite","@id":"https:\/\/www.tvuai.com.br\/portal\/#website","url":"https:\/\/www.tvuai.com.br\/portal\/","name":"TVUAI","description":"Tudo sobre o Sul de Minas","publisher":{"@id":"https:\/\/www.tvuai.com.br\/portal\/#organization"},"potentialAction":[{"@type":"SearchAction","target":{"@type":"EntryPoint","urlTemplate":"https:\/\/www.tvuai.com.br\/portal\/?s={search_term_string}"},"query-input":{"@type":"PropertyValueSpecification","valueRequired":true,"valueName":"search_term_string"}}],"inLanguage":"pt-BR"},{"@type":"Organization","@id":"https:\/\/www.tvuai.com.br\/portal\/#organization","name":"TVUAI","url":"https:\/\/www.tvuai.com.br\/portal\/","logo":{"@type":"ImageObject","inLanguage":"pt-BR","@id":"https:\/\/www.tvuai.com.br\/portal\/#\/schema\/logo\/image\/","url":"https:\/\/i0.wp.com\/www.tvuai.com.br\/portal\/wp-content\/uploads\/2017\/12\/logo_tvuai_100H.png?fit=207%2C100&ssl=1","contentUrl":"https:\/\/i0.wp.com\/www.tvuai.com.br\/portal\/wp-content\/uploads\/2017\/12\/logo_tvuai_100H.png?fit=207%2C100&ssl=1","width":207,"height":100,"caption":"TVUAI"},"image":{"@id":"https:\/\/www.tvuai.com.br\/portal\/#\/schema\/logo\/image\/"},"sameAs":["http:\/\/www.facebook.com\/pages\/TV-Uai-Comunica\u00e7\u00e3o\/139062546157369","https:\/\/x.com\/tvuai","https:\/\/www.instagram.com\/tvuai_network\/","https:\/\/www.youtube.com\/channel\/UCB7ZPB3wRv-OpoZ_09jmnkQ"]},{"@type":"Person","@id":"https:\/\/www.tvuai.com.br\/portal\/#\/schema\/person\/245e50e9127451fd0b7fd76f519ebbfe","name":"tvuai","url":"https:\/\/www.tvuai.com.br\/portal\/author\/tvuai\/"}]}},"jetpack_featured_media_url":"https:\/\/i0.wp.com\/www.tvuai.com.br\/portal\/wp-content\/uploads\/2024\/08\/autista-curso0.jpg?fit=200%2C200&ssl=1","wpmagazine_modules_lite_featured_media_urls":{"thumbnail":["https:\/\/i0.wp.com\/www.tvuai.com.br\/portal\/wp-content\/uploads\/2024\/08\/autista-curso0.jpg?resize=150%2C150&ssl=1",150,150,true],"cvmm-medium":["https:\/\/i0.wp.com\/www.tvuai.com.br\/portal\/wp-content\/uploads\/2024\/08\/autista-curso0.jpg?resize=200%2C200&ssl=1",200,200,true],"cvmm-medium-plus":["https:\/\/i0.wp.com\/www.tvuai.com.br\/portal\/wp-content\/uploads\/2024\/08\/autista-curso0.jpg?resize=200%2C200&ssl=1",200,200,true],"cvmm-portrait":["https:\/\/i0.wp.com\/www.tvuai.com.br\/portal\/wp-content\/uploads\/2024\/08\/autista-curso0.jpg?resize=200%2C200&ssl=1",200,200,true],"cvmm-medium-square":["https:\/\/i0.wp.com\/www.tvuai.com.br\/portal\/wp-content\/uploads\/2024\/08\/autista-curso0.jpg?resize=200%2C200&ssl=1",200,200,true],"cvmm-large":["https:\/\/i0.wp.com\/www.tvuai.com.br\/portal\/wp-content\/uploads\/2024\/08\/autista-curso0.jpg?resize=200%2C200&ssl=1",200,200,true],"cvmm-small":["https:\/\/i0.wp.com\/www.tvuai.com.br\/portal\/wp-content\/uploads\/2024\/08\/autista-curso0.jpg?resize=130%2C95&ssl=1",130,95,true],"full":["https:\/\/i0.wp.com\/www.tvuai.com.br\/portal\/wp-content\/uploads\/2024\/08\/autista-curso0.jpg?fit=200%2C200&ssl=1",200,200,false]},"categories_names":{"1642":{"name":"Ci\u00eancia e Tecnologia","link":"https:\/\/www.tvuai.com.br\/portal\/category\/tecnologia\/"},"1845":{"name":"Educa\u00e7\u00e3o","link":"https:\/\/www.tvuai.com.br\/portal\/category\/educacao\/"},"19":{"name":"Not\u00edcias","link":"https:\/\/www.tvuai.com.br\/portal\/category\/noticias\/"},"5":{"name":"\u00daltimas Not\u00edcias","link":"https:\/\/www.tvuai.com.br\/portal\/category\/noticias\/ultimas\/"}},"tags_names":{"3590":{"name":"Adapte","link":"https:\/\/www.tvuai.com.br\/portal\/tag\/adapte\/"},"3591":{"name":"Alura","link":"https:\/\/www.tvuai.com.br\/portal\/tag\/alura\/"},"3595":{"name":"Associa\u00e7\u00e3o Nacional de Administra\u00e7\u00e3o (Ana)","link":"https:\/\/www.tvuai.com.br\/portal\/tag\/associacao-nacional-de-administracao-ana\/"},"3592":{"name":"Funda\u00e7\u00e3o 1Bi","link":"https:\/\/www.tvuai.com.br\/portal\/tag\/fundacao-1bi\/"},"3593":{"name":"iFood","link":"https:\/\/www.tvuai.com.br\/portal\/tag\/ifood\/"},"3597":{"name":"inclus\u00e3o profissional de pessoas autistas","link":"https:\/\/www.tvuai.com.br\/portal\/tag\/inclusao-profissional-de-pessoas-autistas\/"},"3596":{"name":"Midiaria","link":"https:\/\/www.tvuai.com.br\/portal\/tag\/midiaria\/"},"184":{"name":"Minas Gerais","link":"https:\/\/www.tvuai.com.br\/portal\/tag\/minas-gerais\/"},"3594":{"name":"Poli-USP","link":"https:\/\/www.tvuai.com.br\/portal\/tag\/poli-usp\/"},"37":{"name":"Pouso Alegre","link":"https:\/\/www.tvuai.com.br\/portal\/tag\/pouso-alegre\/"},"3589":{"name":"Programa de Coopera\u00e7\u00e3o para Treinamento e Emprego de Autistas (CooTEA)","link":"https:\/\/www.tvuai.com.br\/portal\/tag\/programa-de-cooperacao-para-treinamento-e-emprego-de-autistas-cootea\/"},"39":{"name":"Sul de Minas","link":"https:\/\/www.tvuai.com.br\/portal\/tag\/sul-de-minas\/"},"27":{"name":"TV Uai","link":"https:\/\/www.tvuai.com.br\/portal\/tag\/tv-uai\/"},"2759":{"name":"TV UAI 24 anos","link":"https:\/\/www.tvuai.com.br\/portal\/tag\/tv-uai-24-anos\/"},"2760":{"name":"TV UAI 24 anos com voc\u00ea","link":"https:\/\/www.tvuai.com.br\/portal\/tag\/tv-uai-24-anos-com-voce\/"},"1618":{"name":"TV UAI Pouso Alegre","link":"https:\/\/www.tvuai.com.br\/portal\/tag\/tv-uai-pouso-alegre\/"},"1638":{"name":"tvuai","link":"https:\/\/www.tvuai.com.br\/portal\/tag\/tvuai\/"}},"comments_number":"0","jetpack_shortlink":"https:\/\/wp.me\/p9woix-2nh","jetpack_sharing_enabled":true,"_links":{"self":[{"href":"https:\/\/www.tvuai.com.br\/portal\/wp-json\/wp\/v2\/posts\/9131"}],"collection":[{"href":"https:\/\/www.tvuai.com.br\/portal\/wp-json\/wp\/v2\/posts"}],"about":[{"href":"https:\/\/www.tvuai.com.br\/portal\/wp-json\/wp\/v2\/types\/post"}],"author":[{"embeddable":true,"href":"https:\/\/www.tvuai.com.br\/portal\/wp-json\/wp\/v2\/users\/1"}],"replies":[{"embeddable":true,"href":"https:\/\/www.tvuai.com.br\/portal\/wp-json\/wp\/v2\/comments?post=9131"}],"version-history":[{"count":2,"href":"https:\/\/www.tvuai.com.br\/portal\/wp-json\/wp\/v2\/posts\/9131\/revisions"}],"predecessor-version":[{"id":9135,"href":"https:\/\/www.tvuai.com.br\/portal\/wp-json\/wp\/v2\/posts\/9131\/revisions\/9135"}],"wp:featuredmedia":[{"embeddable":true,"href":"https:\/\/www.tvuai.com.br\/portal\/wp-json\/wp\/v2\/media\/9133"}],"wp:attachment":[{"href":"https:\/\/www.tvuai.com.br\/portal\/wp-json\/wp\/v2\/media?parent=9131"}],"wp:term":[{"taxonomy":"category","embeddable":true,"href":"https:\/\/www.tvuai.com.br\/portal\/wp-json\/wp\/v2\/categories?post=9131"},{"taxonomy":"post_tag","embeddable":true,"href":"https:\/\/www.tvuai.com.br\/portal\/wp-json\/wp\/v2\/tags?post=9131"}],"curies":[{"name":"wp","href":"https:\/\/api.w.org\/{rel}","templated":true}]}}