{"id":8899,"date":"2024-07-27T19:36:08","date_gmt":"2024-07-27T22:36:08","guid":{"rendered":"https:\/\/www.tvuai.com.br\/portal\/?p=8899"},"modified":"2024-07-31T19:26:16","modified_gmt":"2024-07-31T22:26:16","slug":"presidio-de-santa-rita-do-sapucai-recebe-sistema-de-aquecimento-solar-atraves-de-projeto-solidario","status":"publish","type":"post","link":"https:\/\/www.tvuai.com.br\/portal\/presidio-de-santa-rita-do-sapucai-recebe-sistema-de-aquecimento-solar-atraves-de-projeto-solidario\/","title":{"rendered":"Pres\u00eddio de Santa Rita do Sapuca\u00ed recebe sistema de aquecimento solar atrav\u00e9s de projeto solid\u00e1rio"},"content":{"rendered":"<div class=\"5a1038e0903b96d426fcfcc338703013\" data-index=\"1\" style=\"float: right; margin:10px 0 10px 10px;\">\n<script async src=\"https:\/\/pagead2.googlesyndication.com\/pagead\/js\/adsbygoogle.js?client=ca-pub-9945944833605257\"\r\n     crossorigin=\"anonymous\"><\/script>\r\n<ins class=\"adsbygoogle\"\r\n     style=\"display:block; text-align:center;\"\r\n     data-ad-layout=\"in-article\"\r\n     data-ad-format=\"fluid\"\r\n     data-ad-client=\"ca-pub-9945944833605257\"\r\n     data-ad-slot=\"2343923581\"><\/ins>\r\n<script>\r\n     (adsbygoogle = window.adsbygoogle || []).push({});\r\n<\/script>\n<\/div>\n<div class=\"flex flex-grow flex-col max-w-full\">\n<div class=\"min-h-[20px] text-message flex w-full flex-col items-end gap-2 whitespace-pre-wrap break-words [.text-message+&amp;]:mt-5 overflow-x-auto\" dir=\"auto\" data-message-author-role=\"assistant\" data-message-id=\"5b060a55-271b-417f-b796-40f9afc42568\">\n<div class=\"flex w-full flex-col gap-1 empty:hidden first:pt-[3px]\">\n<div class=\"markdown prose w-full break-words dark:prose-invert light\">\n<p><img data-recalc-dims=\"1\" fetchpriority=\"high\" decoding=\"async\" data-attachment-id=\"8902\" data-permalink=\"https:\/\/www.tvuai.com.br\/portal\/presidio-de-santa-rita-do-sapucai-recebe-sistema-de-aquecimento-solar-atraves-de-projeto-solidario\/presidiosrs1\/\" data-orig-file=\"https:\/\/i0.wp.com\/www.tvuai.com.br\/portal\/wp-content\/uploads\/2024\/07\/presidiosrs1.jpg?fit=1472%2C828&amp;ssl=1\" data-orig-size=\"1472,828\" data-comments-opened=\"0\" data-image-meta=\"{&quot;aperture&quot;:&quot;0&quot;,&quot;credit&quot;:&quot;&quot;,&quot;camera&quot;:&quot;&quot;,&quot;caption&quot;:&quot;&quot;,&quot;created_timestamp&quot;:&quot;0&quot;,&quot;copyright&quot;:&quot;&quot;,&quot;focal_length&quot;:&quot;0&quot;,&quot;iso&quot;:&quot;0&quot;,&quot;shutter_speed&quot;:&quot;0&quot;,&quot;title&quot;:&quot;&quot;,&quot;orientation&quot;:&quot;0&quot;}\" data-image-title=\"presidiosrs1\" data-image-description=\"\" data-image-caption=\"\" data-medium-file=\"https:\/\/i0.wp.com\/www.tvuai.com.br\/portal\/wp-content\/uploads\/2024\/07\/presidiosrs1.jpg?fit=300%2C169&amp;ssl=1\" data-large-file=\"https:\/\/i0.wp.com\/www.tvuai.com.br\/portal\/wp-content\/uploads\/2024\/07\/presidiosrs1.jpg?fit=640%2C360&amp;ssl=1\" tabindex=\"0\" role=\"button\" class=\"size-medium wp-image-8902 aligncenter\" src=\"https:\/\/i0.wp.com\/www.tvuai.com.br\/portal\/wp-content\/uploads\/2024\/07\/presidiosrs1.jpg?resize=300%2C169&#038;ssl=1\" alt=\"\" width=\"300\" height=\"169\" srcset=\"https:\/\/i0.wp.com\/www.tvuai.com.br\/portal\/wp-content\/uploads\/2024\/07\/presidiosrs1.jpg?resize=300%2C169&amp;ssl=1 300w, https:\/\/i0.wp.com\/www.tvuai.com.br\/portal\/wp-content\/uploads\/2024\/07\/presidiosrs1.jpg?resize=1024%2C576&amp;ssl=1 1024w, https:\/\/i0.wp.com\/www.tvuai.com.br\/portal\/wp-content\/uploads\/2024\/07\/presidiosrs1.jpg?resize=768%2C432&amp;ssl=1 768w, https:\/\/i0.wp.com\/www.tvuai.com.br\/portal\/wp-content\/uploads\/2024\/07\/presidiosrs1.jpg?resize=600%2C338&amp;ssl=1 600w, https:\/\/i0.wp.com\/www.tvuai.com.br\/portal\/wp-content\/uploads\/2024\/07\/presidiosrs1.jpg?w=1472&amp;ssl=1 1472w, https:\/\/i0.wp.com\/www.tvuai.com.br\/portal\/wp-content\/uploads\/2024\/07\/presidiosrs1.jpg?w=1280&amp;ssl=1 1280w\" sizes=\"(max-width: 300px) 100vw, 300px\" \/><\/p>\n<p>Na \u00faltima ter\u00e7a-feira, 23, foi entregue o novo sistema de aquecimento solar do Pres\u00eddio Feminino de Santa Rita do Sapuca\u00ed. Esta a\u00e7\u00e3o faz parte do Projeto Dignidade Humana, que busca melhorar as condi\u00e7\u00f5es do pres\u00eddio feminino e garantir dignidade \u00e0s detentas.<\/p>\n<p>O evento contou com a presen\u00e7a do juiz H\u00e9lio Walter de Ara\u00fajo Junior, da 1\u00aa Vara C\u00edvel, Criminal e de Execu\u00e7\u00f5es Penais de Santa Rita do Sapuca\u00ed, do Secret\u00e1rio de Justi\u00e7a e Seguran\u00e7a P\u00fablica Rog\u00e9rio Greco e outras autoridades locais.<\/p>\n<p>O juiz H\u00e9lio Walter de Ara\u00fajo Junior ressaltou a import\u00e2ncia do projeto e a contribui\u00e7\u00e3o da comunidade para sua realiza\u00e7\u00e3o. &#8220;A situa\u00e7\u00e3o degradante das mulheres presas despertou na sociedade santarritense um esp\u00edrito de compaix\u00e3o para resolver o problema do banho frio&#8221;, afirmou.<\/p>\n<p><img data-recalc-dims=\"1\" decoding=\"async\" data-attachment-id=\"8903\" data-permalink=\"https:\/\/www.tvuai.com.br\/portal\/presidio-de-santa-rita-do-sapucai-recebe-sistema-de-aquecimento-solar-atraves-de-projeto-solidario\/presidiosrs2\/\" data-orig-file=\"https:\/\/i0.wp.com\/www.tvuai.com.br\/portal\/wp-content\/uploads\/2024\/07\/presidiosrs2.jpg?fit=1549%2C774&amp;ssl=1\" data-orig-size=\"1549,774\" data-comments-opened=\"0\" data-image-meta=\"{&quot;aperture&quot;:&quot;0&quot;,&quot;credit&quot;:&quot;&quot;,&quot;camera&quot;:&quot;&quot;,&quot;caption&quot;:&quot;&quot;,&quot;created_timestamp&quot;:&quot;0&quot;,&quot;copyright&quot;:&quot;&quot;,&quot;focal_length&quot;:&quot;0&quot;,&quot;iso&quot;:&quot;0&quot;,&quot;shutter_speed&quot;:&quot;0&quot;,&quot;title&quot;:&quot;&quot;,&quot;orientation&quot;:&quot;0&quot;}\" data-image-title=\"presidiosrs2\" data-image-description=\"\" data-image-caption=\"\" data-medium-file=\"https:\/\/i0.wp.com\/www.tvuai.com.br\/portal\/wp-content\/uploads\/2024\/07\/presidiosrs2.jpg?fit=300%2C150&amp;ssl=1\" data-large-file=\"https:\/\/i0.wp.com\/www.tvuai.com.br\/portal\/wp-content\/uploads\/2024\/07\/presidiosrs2.jpg?fit=640%2C320&amp;ssl=1\" tabindex=\"0\" role=\"button\" class=\"size-medium wp-image-8903 alignright\" src=\"https:\/\/i0.wp.com\/www.tvuai.com.br\/portal\/wp-content\/uploads\/2024\/07\/presidiosrs2.jpg?resize=300%2C150&#038;ssl=1\" alt=\"\" width=\"300\" height=\"150\" srcset=\"https:\/\/i0.wp.com\/www.tvuai.com.br\/portal\/wp-content\/uploads\/2024\/07\/presidiosrs2.jpg?resize=300%2C150&amp;ssl=1 300w, https:\/\/i0.wp.com\/www.tvuai.com.br\/portal\/wp-content\/uploads\/2024\/07\/presidiosrs2.jpg?resize=1024%2C512&amp;ssl=1 1024w, https:\/\/i0.wp.com\/www.tvuai.com.br\/portal\/wp-content\/uploads\/2024\/07\/presidiosrs2.jpg?resize=768%2C384&amp;ssl=1 768w, https:\/\/i0.wp.com\/www.tvuai.com.br\/portal\/wp-content\/uploads\/2024\/07\/presidiosrs2.jpg?resize=1536%2C768&amp;ssl=1 1536w, https:\/\/i0.wp.com\/www.tvuai.com.br\/portal\/wp-content\/uploads\/2024\/07\/presidiosrs2.jpg?resize=600%2C300&amp;ssl=1 600w, https:\/\/i0.wp.com\/www.tvuai.com.br\/portal\/wp-content\/uploads\/2024\/07\/presidiosrs2.jpg?w=1549&amp;ssl=1 1549w, https:\/\/i0.wp.com\/www.tvuai.com.br\/portal\/wp-content\/uploads\/2024\/07\/presidiosrs2.jpg?w=1280&amp;ssl=1 1280w\" sizes=\"(max-width: 300px) 100vw, 300px\" \/>A campanha p\u00fablica foi organizada pela Igreja Batista local (PIBAVE) e mobilizou a comunidade e as autoridades, resultando na arrecada\u00e7\u00e3o dos fundos necess\u00e1rios para a execu\u00e7\u00e3o do projeto.<\/p>\n<p>Mais de 180 pessoas contribu\u00edram com doa\u00e7\u00f5es, incluindo membros do Tribunal, incentivados pelo desembargador Geraldo Augusto de Almeida e pelo presidente do TJMG, desembargador Luiz Carlos Corr\u00eaa Junior. Al\u00e9m disso, a PIBAVE inscreveu o projeto em um edital da Vara de Execu\u00e7\u00f5es Penais de Santa Rita do Sapuca\u00ed, obtendo recursos provenientes de penas pecuni\u00e1rias.<\/p>\n<p><img data-recalc-dims=\"1\" decoding=\"async\" data-attachment-id=\"8904\" data-permalink=\"https:\/\/www.tvuai.com.br\/portal\/presidio-de-santa-rita-do-sapucai-recebe-sistema-de-aquecimento-solar-atraves-de-projeto-solidario\/presidiosrs3\/\" data-orig-file=\"https:\/\/i0.wp.com\/www.tvuai.com.br\/portal\/wp-content\/uploads\/2024\/07\/presidiosrs3.jpg?fit=1097%2C1170&amp;ssl=1\" data-orig-size=\"1097,1170\" data-comments-opened=\"0\" data-image-meta=\"{&quot;aperture&quot;:&quot;0&quot;,&quot;credit&quot;:&quot;&quot;,&quot;camera&quot;:&quot;&quot;,&quot;caption&quot;:&quot;&quot;,&quot;created_timestamp&quot;:&quot;0&quot;,&quot;copyright&quot;:&quot;&quot;,&quot;focal_length&quot;:&quot;0&quot;,&quot;iso&quot;:&quot;0&quot;,&quot;shutter_speed&quot;:&quot;0&quot;,&quot;title&quot;:&quot;&quot;,&quot;orientation&quot;:&quot;1&quot;}\" data-image-title=\"presidiosrs3\" data-image-description=\"\" data-image-caption=\"\" data-medium-file=\"https:\/\/i0.wp.com\/www.tvuai.com.br\/portal\/wp-content\/uploads\/2024\/07\/presidiosrs3.jpg?fit=281%2C300&amp;ssl=1\" data-large-file=\"https:\/\/i0.wp.com\/www.tvuai.com.br\/portal\/wp-content\/uploads\/2024\/07\/presidiosrs3.jpg?fit=640%2C683&amp;ssl=1\" tabindex=\"0\" role=\"button\" class=\"size-medium wp-image-8904 alignleft\" src=\"https:\/\/i0.wp.com\/www.tvuai.com.br\/portal\/wp-content\/uploads\/2024\/07\/presidiosrs3.jpg?resize=281%2C300&#038;ssl=1\" alt=\"\" width=\"281\" height=\"300\" srcset=\"https:\/\/i0.wp.com\/www.tvuai.com.br\/portal\/wp-content\/uploads\/2024\/07\/presidiosrs3.jpg?resize=281%2C300&amp;ssl=1 281w, https:\/\/i0.wp.com\/www.tvuai.com.br\/portal\/wp-content\/uploads\/2024\/07\/presidiosrs3.jpg?resize=960%2C1024&amp;ssl=1 960w, https:\/\/i0.wp.com\/www.tvuai.com.br\/portal\/wp-content\/uploads\/2024\/07\/presidiosrs3.jpg?resize=768%2C819&amp;ssl=1 768w, https:\/\/i0.wp.com\/www.tvuai.com.br\/portal\/wp-content\/uploads\/2024\/07\/presidiosrs3.jpg?resize=600%2C640&amp;ssl=1 600w, https:\/\/i0.wp.com\/www.tvuai.com.br\/portal\/wp-content\/uploads\/2024\/07\/presidiosrs3.jpg?w=1097&amp;ssl=1 1097w\" sizes=\"(max-width: 281px) 100vw, 281px\" \/>Atualmente, o pres\u00eddio local \u00e9 o \u00fanico administrado pelo Estado onde as detentas podem tomar banho quente. Fabiane, uma das detentas, expressou sua gratid\u00e3o em uma carta, afirmando que a iniciativa aquece n\u00e3o s\u00f3 a \u00e1gua do banho, mas tamb\u00e9m &#8220;o cora\u00e7\u00e3o dos nossos familiares, que agora sabem que n\u00e3o vamos sofrer com o banho frio neste inverno. Este ato de solidariedade mostra que ainda h\u00e1 pessoas que acreditam em n\u00f3s, vendo-nos como pessoas e n\u00e3o apenas pelos nossos erros&#8221;.<\/p>\n<p>O juiz H\u00e9lio Walter de Ara\u00fajo Junior expressou satisfa\u00e7\u00e3o ao ouvir essas palavras e espera que o projeto inspire outras iniciativas semelhantes, para que mais mulheres saibam que s\u00e3o vistas, respeitadas e amadas.<\/p>\n<p>O presidente da Amagis, juiz Luiz Carlos Rezende e Santos, elogiou o juiz H\u00e9lio Walter de Ara\u00fajo Junior pela iniciativa e dedica\u00e7\u00e3o ao tema, destacando que &#8220;sua atitude reafirma a voca\u00e7\u00e3o da magistratura mineira na busca constante pela dignidade da pessoa humana, mesmo em situa\u00e7\u00e3o de priva\u00e7\u00e3o de liberdade&#8221;.<\/p>\n<h6 style=\"text-align: right;\"><strong><em>Com informa\u00e7\u00f5es e fotos da Amagis<\/em><\/strong><\/h6>\n<\/div>\n<\/div>\n<\/div>\n<\/div>\n\n<div style=\"font-size: 0px; height: 0px; line-height: 0px; margin: 0; padding: 0; clear: both;\"><\/div><div class='share-to-whatsapp-wrapper'><div class='share-on-whsp'>Share on: <\/div><a data-text='Pres\u00eddio de Santa Rita do Sapuca\u00ed recebe sistema de aquecimento solar atrav\u00e9s de projeto solid\u00e1rio' data-link='https:\/\/www.tvuai.com.br\/portal\/presidio-de-santa-rita-do-sapucai-recebe-sistema-de-aquecimento-solar-atraves-de-projeto-solidario\/' class='whatsapp-button whatsapp-share'>WhatsApp<\/a><div class='clear '><\/div><\/div><!-- AddThis Advanced Settings generic via filter on the_content --><!-- AddThis Share Buttons generic via filter on the_content -->","protected":false},"excerpt":{"rendered":"<p>Na \u00faltima ter\u00e7a-feira, 23, foi entregue o novo sistema de aquecimento solar do Pres\u00eddio Feminino de Santa Rita do Sapuca\u00ed. Esta a\u00e7\u00e3o faz parte do Projeto Dignidade Humana, que busca melhorar as condi\u00e7\u00f5es do pres\u00eddio feminino e garantir dignidade \u00e0s detentas. O evento contou com a presen\u00e7a do juiz H\u00e9lio Walter de Ara\u00fajo Junior, da [&hellip;]<!-- AddThis Advanced Settings generic via filter on get_the_excerpt --><!-- AddThis Share Buttons generic via filter on get_the_excerpt --><\/p>\n","protected":false},"author":1,"featured_media":8901,"comment_status":"closed","ping_status":"closed","sticky":false,"template":"","format":"standard","meta":{"jetpack_post_was_ever_published":false,"_jetpack_newsletter_access":"","_jetpack_dont_email_post_to_subs":false,"_jetpack_newsletter_tier_id":0,"_jetpack_memberships_contains_paywalled_content":false,"_jetpack_memberships_contains_paid_content":false,"_joinchat":[],"footnotes":"","jetpack_publicize_message":"","jetpack_publicize_feature_enabled":true,"jetpack_social_post_already_shared":true,"jetpack_social_options":{"image_generator_settings":{"template":"highway","enabled":false},"version":2}},"categories":[1843,19,5],"tags":[3440,3443,3445,3439,3448,184,3442,37,3447,3444,3437,3438,61,3441,39,27,2759,2760,1618,1638,3446],"class_list":["post-8899","post","type-post","status-publish","format-standard","has-post-thumbnail","hentry","category-direito","category-noticias","category-ultimas","tag-1a-vara-civel-criminal-e-de-execucoes-penais","tag-desembargador-geraldo-augusto-de-almeida","tag-desembargador-luiz-carlos-correa-junior","tag-juiz-helio-walter-de-araujo-junior","tag-juiz-luiz-carlos-rezende-e-santos","tag-minas-gerais","tag-pibave","tag-pouso-alegre","tag-presidente-da-amagis","tag-presidente-do-tjmg","tag-presidio-feminino-de-santa-rita-do-sapucai","tag-projeto-dignidade-humana","tag-santa-rita-do-sapucai","tag-secretario-de-justica-e-seguranca-publica-rogerio-greco","tag-sul-de-minas","tag-tv-uai","tag-tv-uai-24-anos","tag-tv-uai-24-anos-com-voce","tag-tv-uai-pouso-alegre","tag-tvuai","tag-vara-de-execucoes-penais-de-santa-rita-do-sapucai"],"jetpack_publicize_connections":[],"yoast_head":"<!-- This site is optimized with the Yoast SEO plugin v23.5 - https:\/\/yoast.com\/wordpress\/plugins\/seo\/ -->\n<title>Pres\u00eddio de Santa Rita do Sapuca\u00ed recebe sistema de aquecimento solar atrav\u00e9s de projeto solid\u00e1rio - TVUAI<\/title>\n<meta name=\"robots\" content=\"index, follow, max-snippet:-1, max-image-preview:large, max-video-preview:-1\" \/>\n<link rel=\"canonical\" href=\"https:\/\/www.tvuai.com.br\/portal\/presidio-de-santa-rita-do-sapucai-recebe-sistema-de-aquecimento-solar-atraves-de-projeto-solidario\/\" \/>\n<meta property=\"og:locale\" content=\"pt_BR\" \/>\n<meta property=\"og:type\" content=\"article\" \/>\n<meta property=\"og:title\" content=\"Pres\u00eddio de Santa Rita do Sapuca\u00ed recebe sistema de aquecimento solar atrav\u00e9s de projeto solid\u00e1rio - TVUAI\" \/>\n<meta property=\"og:description\" content=\"Na \u00faltima ter\u00e7a-feira, 23, foi entregue o novo sistema de aquecimento solar do Pres\u00eddio Feminino de Santa Rita do Sapuca\u00ed. Esta a\u00e7\u00e3o faz parte do Projeto Dignidade Humana, que busca melhorar as condi\u00e7\u00f5es do pres\u00eddio feminino e garantir dignidade \u00e0s detentas. O evento contou com a presen\u00e7a do juiz H\u00e9lio Walter de Ara\u00fajo Junior, da [&hellip;]\" \/>\n<meta property=\"og:url\" content=\"https:\/\/www.tvuai.com.br\/portal\/presidio-de-santa-rita-do-sapucai-recebe-sistema-de-aquecimento-solar-atraves-de-projeto-solidario\/\" \/>\n<meta property=\"og:site_name\" content=\"TVUAI\" \/>\n<meta property=\"article:publisher\" content=\"http:\/\/www.facebook.com\/pages\/TV-Uai-Comunica%c3%a7%c3%a3o\/139062546157369\" \/>\n<meta property=\"article:published_time\" content=\"2024-07-27T22:36:08+00:00\" \/>\n<meta property=\"article:modified_time\" content=\"2024-07-31T22:26:16+00:00\" \/>\n<meta property=\"og:image\" content=\"https:\/\/www.tvuai.com.br\/portal\/wp-content\/uploads\/2024\/07\/presidiosrs0.jpg\" \/>\n\t<meta property=\"og:image:width\" content=\"200\" \/>\n\t<meta property=\"og:image:height\" content=\"200\" \/>\n\t<meta property=\"og:image:type\" content=\"image\/jpeg\" \/>\n<meta name=\"author\" content=\"tvuai\" \/>\n<meta name=\"twitter:card\" content=\"summary_large_image\" \/>\n<meta name=\"twitter:creator\" content=\"@tvuai\" \/>\n<meta name=\"twitter:site\" content=\"@tvuai\" \/>\n<meta name=\"twitter:label1\" content=\"Escrito por\" \/>\n\t<meta name=\"twitter:data1\" content=\"tvuai\" \/>\n\t<meta name=\"twitter:label2\" content=\"Est. tempo de leitura\" \/>\n\t<meta name=\"twitter:data2\" content=\"3 minutos\" \/>\n<script type=\"application\/ld+json\" class=\"yoast-schema-graph\">{\"@context\":\"https:\/\/schema.org\",\"@graph\":[{\"@type\":\"Article\",\"@id\":\"https:\/\/www.tvuai.com.br\/portal\/presidio-de-santa-rita-do-sapucai-recebe-sistema-de-aquecimento-solar-atraves-de-projeto-solidario\/#article\",\"isPartOf\":{\"@id\":\"https:\/\/www.tvuai.com.br\/portal\/presidio-de-santa-rita-do-sapucai-recebe-sistema-de-aquecimento-solar-atraves-de-projeto-solidario\/\"},\"author\":{\"name\":\"tvuai\",\"@id\":\"https:\/\/www.tvuai.com.br\/portal\/#\/schema\/person\/245e50e9127451fd0b7fd76f519ebbfe\"},\"headline\":\"Pres\u00eddio de Santa Rita do Sapuca\u00ed recebe sistema de aquecimento solar atrav\u00e9s de projeto solid\u00e1rio\",\"datePublished\":\"2024-07-27T22:36:08+00:00\",\"dateModified\":\"2024-07-31T22:26:16+00:00\",\"mainEntityOfPage\":{\"@id\":\"https:\/\/www.tvuai.com.br\/portal\/presidio-de-santa-rita-do-sapucai-recebe-sistema-de-aquecimento-solar-atraves-de-projeto-solidario\/\"},\"wordCount\":439,\"publisher\":{\"@id\":\"https:\/\/www.tvuai.com.br\/portal\/#organization\"},\"image\":{\"@id\":\"https:\/\/www.tvuai.com.br\/portal\/presidio-de-santa-rita-do-sapucai-recebe-sistema-de-aquecimento-solar-atraves-de-projeto-solidario\/#primaryimage\"},\"thumbnailUrl\":\"https:\/\/i0.wp.com\/www.tvuai.com.br\/portal\/wp-content\/uploads\/2024\/07\/presidiosrs0.jpg?fit=200%2C200&ssl=1\",\"keywords\":[\"1\u00aa Vara C\u00edvel Criminal e de Execu\u00e7\u00f5es Penais\",\"desembargador Geraldo Augusto de Almeida\",\"desembargador Luiz Carlos Corr\u00eaa Junior\",\"juiz H\u00e9lio Walter de Ara\u00fajo Junior\",\"juiz Luiz Carlos Rezende e Santos\",\"Minas Gerais\",\"PIBAVE\",\"Pouso Alegre\",\"presidente da Amagis\",\"presidente do TJMG\",\"Pres\u00eddio Feminino de Santa Rita do Sapuca\u00ed\",\"Projeto Dignidade Humana\",\"Santa Rita do Sapuca\u00ed\",\"Secret\u00e1rio de Justi\u00e7a e Seguran\u00e7a P\u00fablica Rog\u00e9rio Greco\",\"Sul de Minas\",\"TV Uai\",\"TV UAI 24 anos\",\"TV UAI 24 anos com voc\u00ea\",\"TV UAI Pouso Alegre\",\"tvuai\",\"Vara de Execu\u00e7\u00f5es Penais de Santa Rita do Sapuca\u00ed\"],\"articleSection\":[\"Direito\",\"Not\u00edcias\",\"\u00daltimas Not\u00edcias\"],\"inLanguage\":\"pt-BR\"},{\"@type\":\"WebPage\",\"@id\":\"https:\/\/www.tvuai.com.br\/portal\/presidio-de-santa-rita-do-sapucai-recebe-sistema-de-aquecimento-solar-atraves-de-projeto-solidario\/\",\"url\":\"https:\/\/www.tvuai.com.br\/portal\/presidio-de-santa-rita-do-sapucai-recebe-sistema-de-aquecimento-solar-atraves-de-projeto-solidario\/\",\"name\":\"Pres\u00eddio de Santa Rita do Sapuca\u00ed recebe sistema de aquecimento solar atrav\u00e9s de projeto solid\u00e1rio - TVUAI\",\"isPartOf\":{\"@id\":\"https:\/\/www.tvuai.com.br\/portal\/#website\"},\"primaryImageOfPage\":{\"@id\":\"https:\/\/www.tvuai.com.br\/portal\/presidio-de-santa-rita-do-sapucai-recebe-sistema-de-aquecimento-solar-atraves-de-projeto-solidario\/#primaryimage\"},\"image\":{\"@id\":\"https:\/\/www.tvuai.com.br\/portal\/presidio-de-santa-rita-do-sapucai-recebe-sistema-de-aquecimento-solar-atraves-de-projeto-solidario\/#primaryimage\"},\"thumbnailUrl\":\"https:\/\/i0.wp.com\/www.tvuai.com.br\/portal\/wp-content\/uploads\/2024\/07\/presidiosrs0.jpg?fit=200%2C200&ssl=1\",\"datePublished\":\"2024-07-27T22:36:08+00:00\",\"dateModified\":\"2024-07-31T22:26:16+00:00\",\"breadcrumb\":{\"@id\":\"https:\/\/www.tvuai.com.br\/portal\/presidio-de-santa-rita-do-sapucai-recebe-sistema-de-aquecimento-solar-atraves-de-projeto-solidario\/#breadcrumb\"},\"inLanguage\":\"pt-BR\",\"potentialAction\":[{\"@type\":\"ReadAction\",\"target\":[\"https:\/\/www.tvuai.com.br\/portal\/presidio-de-santa-rita-do-sapucai-recebe-sistema-de-aquecimento-solar-atraves-de-projeto-solidario\/\"]}]},{\"@type\":\"ImageObject\",\"inLanguage\":\"pt-BR\",\"@id\":\"https:\/\/www.tvuai.com.br\/portal\/presidio-de-santa-rita-do-sapucai-recebe-sistema-de-aquecimento-solar-atraves-de-projeto-solidario\/#primaryimage\",\"url\":\"https:\/\/i0.wp.com\/www.tvuai.com.br\/portal\/wp-content\/uploads\/2024\/07\/presidiosrs0.jpg?fit=200%2C200&ssl=1\",\"contentUrl\":\"https:\/\/i0.wp.com\/www.tvuai.com.br\/portal\/wp-content\/uploads\/2024\/07\/presidiosrs0.jpg?fit=200%2C200&ssl=1\",\"width\":200,\"height\":200},{\"@type\":\"BreadcrumbList\",\"@id\":\"https:\/\/www.tvuai.com.br\/portal\/presidio-de-santa-rita-do-sapucai-recebe-sistema-de-aquecimento-solar-atraves-de-projeto-solidario\/#breadcrumb\",\"itemListElement\":[{\"@type\":\"ListItem\",\"position\":1,\"name\":\"In\u00edcio\",\"item\":\"https:\/\/www.tvuai.com.br\/portal\/\"},{\"@type\":\"ListItem\",\"position\":2,\"name\":\"Pres\u00eddio de Santa Rita do Sapuca\u00ed recebe sistema de aquecimento solar atrav\u00e9s de projeto solid\u00e1rio\"}]},{\"@type\":\"WebSite\",\"@id\":\"https:\/\/www.tvuai.com.br\/portal\/#website\",\"url\":\"https:\/\/www.tvuai.com.br\/portal\/\",\"name\":\"TVUAI\",\"description\":\"Tudo sobre o Sul de Minas\",\"publisher\":{\"@id\":\"https:\/\/www.tvuai.com.br\/portal\/#organization\"},\"potentialAction\":[{\"@type\":\"SearchAction\",\"target\":{\"@type\":\"EntryPoint\",\"urlTemplate\":\"https:\/\/www.tvuai.com.br\/portal\/?s={search_term_string}\"},\"query-input\":{\"@type\":\"PropertyValueSpecification\",\"valueRequired\":true,\"valueName\":\"search_term_string\"}}],\"inLanguage\":\"pt-BR\"},{\"@type\":\"Organization\",\"@id\":\"https:\/\/www.tvuai.com.br\/portal\/#organization\",\"name\":\"TVUAI\",\"url\":\"https:\/\/www.tvuai.com.br\/portal\/\",\"logo\":{\"@type\":\"ImageObject\",\"inLanguage\":\"pt-BR\",\"@id\":\"https:\/\/www.tvuai.com.br\/portal\/#\/schema\/logo\/image\/\",\"url\":\"https:\/\/i0.wp.com\/www.tvuai.com.br\/portal\/wp-content\/uploads\/2017\/12\/logo_tvuai_100H.png?fit=207%2C100&ssl=1\",\"contentUrl\":\"https:\/\/i0.wp.com\/www.tvuai.com.br\/portal\/wp-content\/uploads\/2017\/12\/logo_tvuai_100H.png?fit=207%2C100&ssl=1\",\"width\":207,\"height\":100,\"caption\":\"TVUAI\"},\"image\":{\"@id\":\"https:\/\/www.tvuai.com.br\/portal\/#\/schema\/logo\/image\/\"},\"sameAs\":[\"http:\/\/www.facebook.com\/pages\/TV-Uai-Comunica\u00e7\u00e3o\/139062546157369\",\"https:\/\/x.com\/tvuai\",\"https:\/\/www.instagram.com\/tvuai_network\/\",\"https:\/\/www.youtube.com\/channel\/UCB7ZPB3wRv-OpoZ_09jmnkQ\"]},{\"@type\":\"Person\",\"@id\":\"https:\/\/www.tvuai.com.br\/portal\/#\/schema\/person\/245e50e9127451fd0b7fd76f519ebbfe\",\"name\":\"tvuai\",\"url\":\"https:\/\/www.tvuai.com.br\/portal\/author\/tvuai\/\"}]}<\/script>\n<!-- \/ Yoast SEO plugin. -->","yoast_head_json":{"title":"Pres\u00eddio de Santa Rita do Sapuca\u00ed recebe sistema de aquecimento solar atrav\u00e9s de projeto solid\u00e1rio - TVUAI","robots":{"index":"index","follow":"follow","max-snippet":"max-snippet:-1","max-image-preview":"max-image-preview:large","max-video-preview":"max-video-preview:-1"},"canonical":"https:\/\/www.tvuai.com.br\/portal\/presidio-de-santa-rita-do-sapucai-recebe-sistema-de-aquecimento-solar-atraves-de-projeto-solidario\/","og_locale":"pt_BR","og_type":"article","og_title":"Pres\u00eddio de Santa Rita do Sapuca\u00ed recebe sistema de aquecimento solar atrav\u00e9s de projeto solid\u00e1rio - TVUAI","og_description":"Na \u00faltima ter\u00e7a-feira, 23, foi entregue o novo sistema de aquecimento solar do Pres\u00eddio Feminino de Santa Rita do Sapuca\u00ed. Esta a\u00e7\u00e3o faz parte do Projeto Dignidade Humana, que busca melhorar as condi\u00e7\u00f5es do pres\u00eddio feminino e garantir dignidade \u00e0s detentas. O evento contou com a presen\u00e7a do juiz H\u00e9lio Walter de Ara\u00fajo Junior, da [&hellip;]","og_url":"https:\/\/www.tvuai.com.br\/portal\/presidio-de-santa-rita-do-sapucai-recebe-sistema-de-aquecimento-solar-atraves-de-projeto-solidario\/","og_site_name":"TVUAI","article_publisher":"http:\/\/www.facebook.com\/pages\/TV-Uai-Comunica%c3%a7%c3%a3o\/139062546157369","article_published_time":"2024-07-27T22:36:08+00:00","article_modified_time":"2024-07-31T22:26:16+00:00","og_image":[{"width":200,"height":200,"url":"https:\/\/www.tvuai.com.br\/portal\/wp-content\/uploads\/2024\/07\/presidiosrs0.jpg","type":"image\/jpeg"}],"author":"tvuai","twitter_card":"summary_large_image","twitter_creator":"@tvuai","twitter_site":"@tvuai","twitter_misc":{"Escrito por":"tvuai","Est. tempo de leitura":"3 minutos"},"schema":{"@context":"https:\/\/schema.org","@graph":[{"@type":"Article","@id":"https:\/\/www.tvuai.com.br\/portal\/presidio-de-santa-rita-do-sapucai-recebe-sistema-de-aquecimento-solar-atraves-de-projeto-solidario\/#article","isPartOf":{"@id":"https:\/\/www.tvuai.com.br\/portal\/presidio-de-santa-rita-do-sapucai-recebe-sistema-de-aquecimento-solar-atraves-de-projeto-solidario\/"},"author":{"name":"tvuai","@id":"https:\/\/www.tvuai.com.br\/portal\/#\/schema\/person\/245e50e9127451fd0b7fd76f519ebbfe"},"headline":"Pres\u00eddio de Santa Rita do Sapuca\u00ed recebe sistema de aquecimento solar atrav\u00e9s de projeto solid\u00e1rio","datePublished":"2024-07-27T22:36:08+00:00","dateModified":"2024-07-31T22:26:16+00:00","mainEntityOfPage":{"@id":"https:\/\/www.tvuai.com.br\/portal\/presidio-de-santa-rita-do-sapucai-recebe-sistema-de-aquecimento-solar-atraves-de-projeto-solidario\/"},"wordCount":439,"publisher":{"@id":"https:\/\/www.tvuai.com.br\/portal\/#organization"},"image":{"@id":"https:\/\/www.tvuai.com.br\/portal\/presidio-de-santa-rita-do-sapucai-recebe-sistema-de-aquecimento-solar-atraves-de-projeto-solidario\/#primaryimage"},"thumbnailUrl":"https:\/\/i0.wp.com\/www.tvuai.com.br\/portal\/wp-content\/uploads\/2024\/07\/presidiosrs0.jpg?fit=200%2C200&ssl=1","keywords":["1\u00aa Vara C\u00edvel Criminal e de Execu\u00e7\u00f5es Penais","desembargador Geraldo Augusto de Almeida","desembargador Luiz Carlos Corr\u00eaa Junior","juiz H\u00e9lio Walter de Ara\u00fajo Junior","juiz Luiz Carlos Rezende e Santos","Minas Gerais","PIBAVE","Pouso Alegre","presidente da Amagis","presidente do TJMG","Pres\u00eddio Feminino de Santa Rita do Sapuca\u00ed","Projeto Dignidade Humana","Santa Rita do Sapuca\u00ed","Secret\u00e1rio de Justi\u00e7a e Seguran\u00e7a P\u00fablica Rog\u00e9rio Greco","Sul de Minas","TV Uai","TV UAI 24 anos","TV UAI 24 anos com voc\u00ea","TV UAI Pouso Alegre","tvuai","Vara de Execu\u00e7\u00f5es Penais de Santa Rita do Sapuca\u00ed"],"articleSection":["Direito","Not\u00edcias","\u00daltimas Not\u00edcias"],"inLanguage":"pt-BR"},{"@type":"WebPage","@id":"https:\/\/www.tvuai.com.br\/portal\/presidio-de-santa-rita-do-sapucai-recebe-sistema-de-aquecimento-solar-atraves-de-projeto-solidario\/","url":"https:\/\/www.tvuai.com.br\/portal\/presidio-de-santa-rita-do-sapucai-recebe-sistema-de-aquecimento-solar-atraves-de-projeto-solidario\/","name":"Pres\u00eddio de Santa Rita do Sapuca\u00ed recebe sistema de aquecimento solar atrav\u00e9s de projeto solid\u00e1rio - TVUAI","isPartOf":{"@id":"https:\/\/www.tvuai.com.br\/portal\/#website"},"primaryImageOfPage":{"@id":"https:\/\/www.tvuai.com.br\/portal\/presidio-de-santa-rita-do-sapucai-recebe-sistema-de-aquecimento-solar-atraves-de-projeto-solidario\/#primaryimage"},"image":{"@id":"https:\/\/www.tvuai.com.br\/portal\/presidio-de-santa-rita-do-sapucai-recebe-sistema-de-aquecimento-solar-atraves-de-projeto-solidario\/#primaryimage"},"thumbnailUrl":"https:\/\/i0.wp.com\/www.tvuai.com.br\/portal\/wp-content\/uploads\/2024\/07\/presidiosrs0.jpg?fit=200%2C200&ssl=1","datePublished":"2024-07-27T22:36:08+00:00","dateModified":"2024-07-31T22:26:16+00:00","breadcrumb":{"@id":"https:\/\/www.tvuai.com.br\/portal\/presidio-de-santa-rita-do-sapucai-recebe-sistema-de-aquecimento-solar-atraves-de-projeto-solidario\/#breadcrumb"},"inLanguage":"pt-BR","potentialAction":[{"@type":"ReadAction","target":["https:\/\/www.tvuai.com.br\/portal\/presidio-de-santa-rita-do-sapucai-recebe-sistema-de-aquecimento-solar-atraves-de-projeto-solidario\/"]}]},{"@type":"ImageObject","inLanguage":"pt-BR","@id":"https:\/\/www.tvuai.com.br\/portal\/presidio-de-santa-rita-do-sapucai-recebe-sistema-de-aquecimento-solar-atraves-de-projeto-solidario\/#primaryimage","url":"https:\/\/i0.wp.com\/www.tvuai.com.br\/portal\/wp-content\/uploads\/2024\/07\/presidiosrs0.jpg?fit=200%2C200&ssl=1","contentUrl":"https:\/\/i0.wp.com\/www.tvuai.com.br\/portal\/wp-content\/uploads\/2024\/07\/presidiosrs0.jpg?fit=200%2C200&ssl=1","width":200,"height":200},{"@type":"BreadcrumbList","@id":"https:\/\/www.tvuai.com.br\/portal\/presidio-de-santa-rita-do-sapucai-recebe-sistema-de-aquecimento-solar-atraves-de-projeto-solidario\/#breadcrumb","itemListElement":[{"@type":"ListItem","position":1,"name":"In\u00edcio","item":"https:\/\/www.tvuai.com.br\/portal\/"},{"@type":"ListItem","position":2,"name":"Pres\u00eddio de Santa Rita do Sapuca\u00ed recebe sistema de aquecimento solar atrav\u00e9s de projeto solid\u00e1rio"}]},{"@type":"WebSite","@id":"https:\/\/www.tvuai.com.br\/portal\/#website","url":"https:\/\/www.tvuai.com.br\/portal\/","name":"TVUAI","description":"Tudo sobre o Sul de Minas","publisher":{"@id":"https:\/\/www.tvuai.com.br\/portal\/#organization"},"potentialAction":[{"@type":"SearchAction","target":{"@type":"EntryPoint","urlTemplate":"https:\/\/www.tvuai.com.br\/portal\/?s={search_term_string}"},"query-input":{"@type":"PropertyValueSpecification","valueRequired":true,"valueName":"search_term_string"}}],"inLanguage":"pt-BR"},{"@type":"Organization","@id":"https:\/\/www.tvuai.com.br\/portal\/#organization","name":"TVUAI","url":"https:\/\/www.tvuai.com.br\/portal\/","logo":{"@type":"ImageObject","inLanguage":"pt-BR","@id":"https:\/\/www.tvuai.com.br\/portal\/#\/schema\/logo\/image\/","url":"https:\/\/i0.wp.com\/www.tvuai.com.br\/portal\/wp-content\/uploads\/2017\/12\/logo_tvuai_100H.png?fit=207%2C100&ssl=1","contentUrl":"https:\/\/i0.wp.com\/www.tvuai.com.br\/portal\/wp-content\/uploads\/2017\/12\/logo_tvuai_100H.png?fit=207%2C100&ssl=1","width":207,"height":100,"caption":"TVUAI"},"image":{"@id":"https:\/\/www.tvuai.com.br\/portal\/#\/schema\/logo\/image\/"},"sameAs":["http:\/\/www.facebook.com\/pages\/TV-Uai-Comunica\u00e7\u00e3o\/139062546157369","https:\/\/x.com\/tvuai","https:\/\/www.instagram.com\/tvuai_network\/","https:\/\/www.youtube.com\/channel\/UCB7ZPB3wRv-OpoZ_09jmnkQ"]},{"@type":"Person","@id":"https:\/\/www.tvuai.com.br\/portal\/#\/schema\/person\/245e50e9127451fd0b7fd76f519ebbfe","name":"tvuai","url":"https:\/\/www.tvuai.com.br\/portal\/author\/tvuai\/"}]}},"jetpack_featured_media_url":"https:\/\/i0.wp.com\/www.tvuai.com.br\/portal\/wp-content\/uploads\/2024\/07\/presidiosrs0.jpg?fit=200%2C200&ssl=1","wpmagazine_modules_lite_featured_media_urls":{"thumbnail":["https:\/\/i0.wp.com\/www.tvuai.com.br\/portal\/wp-content\/uploads\/2024\/07\/presidiosrs0.jpg?resize=150%2C150&ssl=1",150,150,true],"cvmm-medium":["https:\/\/i0.wp.com\/www.tvuai.com.br\/portal\/wp-content\/uploads\/2024\/07\/presidiosrs0.jpg?resize=200%2C200&ssl=1",200,200,true],"cvmm-medium-plus":["https:\/\/i0.wp.com\/www.tvuai.com.br\/portal\/wp-content\/uploads\/2024\/07\/presidiosrs0.jpg?resize=200%2C200&ssl=1",200,200,true],"cvmm-portrait":["https:\/\/i0.wp.com\/www.tvuai.com.br\/portal\/wp-content\/uploads\/2024\/07\/presidiosrs0.jpg?resize=200%2C200&ssl=1",200,200,true],"cvmm-medium-square":["https:\/\/i0.wp.com\/www.tvuai.com.br\/portal\/wp-content\/uploads\/2024\/07\/presidiosrs0.jpg?resize=200%2C200&ssl=1",200,200,true],"cvmm-large":["https:\/\/i0.wp.com\/www.tvuai.com.br\/portal\/wp-content\/uploads\/2024\/07\/presidiosrs0.jpg?resize=200%2C200&ssl=1",200,200,true],"cvmm-small":["https:\/\/i0.wp.com\/www.tvuai.com.br\/portal\/wp-content\/uploads\/2024\/07\/presidiosrs0.jpg?resize=130%2C95&ssl=1",130,95,true],"full":["https:\/\/i0.wp.com\/www.tvuai.com.br\/portal\/wp-content\/uploads\/2024\/07\/presidiosrs0.jpg?fit=200%2C200&ssl=1",200,200,false]},"categories_names":{"1843":{"name":"Direito","link":"https:\/\/www.tvuai.com.br\/portal\/category\/direito\/"},"19":{"name":"Not\u00edcias","link":"https:\/\/www.tvuai.com.br\/portal\/category\/noticias\/"},"5":{"name":"\u00daltimas Not\u00edcias","link":"https:\/\/www.tvuai.com.br\/portal\/category\/noticias\/ultimas\/"}},"tags_names":{"3440":{"name":"1\u00aa Vara C\u00edvel Criminal e de Execu\u00e7\u00f5es Penais","link":"https:\/\/www.tvuai.com.br\/portal\/tag\/1a-vara-civel-criminal-e-de-execucoes-penais\/"},"3443":{"name":"desembargador Geraldo Augusto de Almeida","link":"https:\/\/www.tvuai.com.br\/portal\/tag\/desembargador-geraldo-augusto-de-almeida\/"},"3445":{"name":"desembargador Luiz Carlos Corr\u00eaa Junior","link":"https:\/\/www.tvuai.com.br\/portal\/tag\/desembargador-luiz-carlos-correa-junior\/"},"3439":{"name":"juiz H\u00e9lio Walter de Ara\u00fajo Junior","link":"https:\/\/www.tvuai.com.br\/portal\/tag\/juiz-helio-walter-de-araujo-junior\/"},"3448":{"name":"juiz Luiz Carlos Rezende e Santos","link":"https:\/\/www.tvuai.com.br\/portal\/tag\/juiz-luiz-carlos-rezende-e-santos\/"},"184":{"name":"Minas Gerais","link":"https:\/\/www.tvuai.com.br\/portal\/tag\/minas-gerais\/"},"3442":{"name":"PIBAVE","link":"https:\/\/www.tvuai.com.br\/portal\/tag\/pibave\/"},"37":{"name":"Pouso Alegre","link":"https:\/\/www.tvuai.com.br\/portal\/tag\/pouso-alegre\/"},"3447":{"name":"presidente da Amagis","link":"https:\/\/www.tvuai.com.br\/portal\/tag\/presidente-da-amagis\/"},"3444":{"name":"presidente do TJMG","link":"https:\/\/www.tvuai.com.br\/portal\/tag\/presidente-do-tjmg\/"},"3437":{"name":"Pres\u00eddio Feminino de Santa Rita do Sapuca\u00ed","link":"https:\/\/www.tvuai.com.br\/portal\/tag\/presidio-feminino-de-santa-rita-do-sapucai\/"},"3438":{"name":"Projeto Dignidade Humana","link":"https:\/\/www.tvuai.com.br\/portal\/tag\/projeto-dignidade-humana\/"},"61":{"name":"Santa Rita do Sapuca\u00ed","link":"https:\/\/www.tvuai.com.br\/portal\/tag\/santa-rita-do-sapucai\/"},"3441":{"name":"Secret\u00e1rio de Justi\u00e7a e Seguran\u00e7a P\u00fablica Rog\u00e9rio Greco","link":"https:\/\/www.tvuai.com.br\/portal\/tag\/secretario-de-justica-e-seguranca-publica-rogerio-greco\/"},"39":{"name":"Sul de Minas","link":"https:\/\/www.tvuai.com.br\/portal\/tag\/sul-de-minas\/"},"27":{"name":"TV Uai","link":"https:\/\/www.tvuai.com.br\/portal\/tag\/tv-uai\/"},"2759":{"name":"TV UAI 24 anos","link":"https:\/\/www.tvuai.com.br\/portal\/tag\/tv-uai-24-anos\/"},"2760":{"name":"TV UAI 24 anos com voc\u00ea","link":"https:\/\/www.tvuai.com.br\/portal\/tag\/tv-uai-24-anos-com-voce\/"},"1618":{"name":"TV UAI Pouso Alegre","link":"https:\/\/www.tvuai.com.br\/portal\/tag\/tv-uai-pouso-alegre\/"},"1638":{"name":"tvuai","link":"https:\/\/www.tvuai.com.br\/portal\/tag\/tvuai\/"},"3446":{"name":"Vara de Execu\u00e7\u00f5es Penais de Santa Rita do Sapuca\u00ed","link":"https:\/\/www.tvuai.com.br\/portal\/tag\/vara-de-execucoes-penais-de-santa-rita-do-sapucai\/"}},"comments_number":"0","jetpack_shortlink":"https:\/\/wp.me\/p9woix-2jx","jetpack_sharing_enabled":true,"_links":{"self":[{"href":"https:\/\/www.tvuai.com.br\/portal\/wp-json\/wp\/v2\/posts\/8899"}],"collection":[{"href":"https:\/\/www.tvuai.com.br\/portal\/wp-json\/wp\/v2\/posts"}],"about":[{"href":"https:\/\/www.tvuai.com.br\/portal\/wp-json\/wp\/v2\/types\/post"}],"author":[{"embeddable":true,"href":"https:\/\/www.tvuai.com.br\/portal\/wp-json\/wp\/v2\/users\/1"}],"replies":[{"embeddable":true,"href":"https:\/\/www.tvuai.com.br\/portal\/wp-json\/wp\/v2\/comments?post=8899"}],"version-history":[{"count":2,"href":"https:\/\/www.tvuai.com.br\/portal\/wp-json\/wp\/v2\/posts\/8899\/revisions"}],"predecessor-version":[{"id":8905,"href":"https:\/\/www.tvuai.com.br\/portal\/wp-json\/wp\/v2\/posts\/8899\/revisions\/8905"}],"wp:featuredmedia":[{"embeddable":true,"href":"https:\/\/www.tvuai.com.br\/portal\/wp-json\/wp\/v2\/media\/8901"}],"wp:attachment":[{"href":"https:\/\/www.tvuai.com.br\/portal\/wp-json\/wp\/v2\/media?parent=8899"}],"wp:term":[{"taxonomy":"category","embeddable":true,"href":"https:\/\/www.tvuai.com.br\/portal\/wp-json\/wp\/v2\/categories?post=8899"},{"taxonomy":"post_tag","embeddable":true,"href":"https:\/\/www.tvuai.com.br\/portal\/wp-json\/wp\/v2\/tags?post=8899"}],"curies":[{"name":"wp","href":"https:\/\/api.w.org\/{rel}","templated":true}]}}