{"id":8886,"date":"2024-07-26T18:43:17","date_gmt":"2024-07-26T21:43:17","guid":{"rendered":"https:\/\/www.tvuai.com.br\/portal\/?p=8886"},"modified":"2024-07-29T19:49:32","modified_gmt":"2024-07-29T22:49:32","slug":"copasa-e-camanducaia-na-mira-para-melhorar-servicos-de-esgoto-ministerio-publico-entra-com-acao-por-saneamento-digno","status":"publish","type":"post","link":"https:\/\/www.tvuai.com.br\/portal\/copasa-e-camanducaia-na-mira-para-melhorar-servicos-de-esgoto-ministerio-publico-entra-com-acao-por-saneamento-digno\/","title":{"rendered":"Copasa e Camanducaia na mira para melhorar servi\u00e7os de esgoto: Minist\u00e9rio P\u00fablico entra com a\u00e7\u00e3o por saneamento digno"},"content":{"rendered":"<div class=\"5a1038e0903b96d426fcfcc338703013\" data-index=\"1\" style=\"float: right; margin:10px 0 10px 10px;\">\n<script async src=\"https:\/\/pagead2.googlesyndication.com\/pagead\/js\/adsbygoogle.js?client=ca-pub-9945944833605257\"\r\n     crossorigin=\"anonymous\"><\/script>\r\n<ins class=\"adsbygoogle\"\r\n     style=\"display:block; text-align:center;\"\r\n     data-ad-layout=\"in-article\"\r\n     data-ad-format=\"fluid\"\r\n     data-ad-client=\"ca-pub-9945944833605257\"\r\n     data-ad-slot=\"2343923581\"><\/ins>\r\n<script>\r\n     (adsbygoogle = window.adsbygoogle || []).push({});\r\n<\/script>\n<\/div>\n<p><img data-recalc-dims=\"1\" fetchpriority=\"high\" decoding=\"async\" data-attachment-id=\"8887\" data-permalink=\"https:\/\/www.tvuai.com.br\/portal\/copasa-e-camanducaia-na-mira-para-melhorar-servicos-de-esgoto-ministerio-publico-entra-com-acao-por-saneamento-digno\/camanducaiamp1\/\" data-orig-file=\"https:\/\/i0.wp.com\/www.tvuai.com.br\/portal\/wp-content\/uploads\/2024\/07\/CamanducaiaMP1.jpg?fit=1000%2C661&amp;ssl=1\" data-orig-size=\"1000,661\" data-comments-opened=\"0\" data-image-meta=\"{&quot;aperture&quot;:&quot;0&quot;,&quot;credit&quot;:&quot;&quot;,&quot;camera&quot;:&quot;&quot;,&quot;caption&quot;:&quot;&quot;,&quot;created_timestamp&quot;:&quot;0&quot;,&quot;copyright&quot;:&quot;&quot;,&quot;focal_length&quot;:&quot;0&quot;,&quot;iso&quot;:&quot;0&quot;,&quot;shutter_speed&quot;:&quot;0&quot;,&quot;title&quot;:&quot;&quot;,&quot;orientation&quot;:&quot;0&quot;}\" data-image-title=\"CamanducaiaMP1\" data-image-description=\"\" data-image-caption=\"\" data-medium-file=\"https:\/\/i0.wp.com\/www.tvuai.com.br\/portal\/wp-content\/uploads\/2024\/07\/CamanducaiaMP1.jpg?fit=300%2C198&amp;ssl=1\" data-large-file=\"https:\/\/i0.wp.com\/www.tvuai.com.br\/portal\/wp-content\/uploads\/2024\/07\/CamanducaiaMP1.jpg?fit=640%2C423&amp;ssl=1\" tabindex=\"0\" role=\"button\" class=\"size-medium wp-image-8887 aligncenter\" src=\"https:\/\/i0.wp.com\/www.tvuai.com.br\/portal\/wp-content\/uploads\/2024\/07\/CamanducaiaMP1.jpg?resize=300%2C198&#038;ssl=1\" alt=\"\" width=\"300\" height=\"198\" srcset=\"https:\/\/i0.wp.com\/www.tvuai.com.br\/portal\/wp-content\/uploads\/2024\/07\/CamanducaiaMP1.jpg?resize=300%2C198&amp;ssl=1 300w, https:\/\/i0.wp.com\/www.tvuai.com.br\/portal\/wp-content\/uploads\/2024\/07\/CamanducaiaMP1.jpg?resize=768%2C508&amp;ssl=1 768w, https:\/\/i0.wp.com\/www.tvuai.com.br\/portal\/wp-content\/uploads\/2024\/07\/CamanducaiaMP1.jpg?resize=600%2C397&amp;ssl=1 600w, https:\/\/i0.wp.com\/www.tvuai.com.br\/portal\/wp-content\/uploads\/2024\/07\/CamanducaiaMP1.jpg?w=1000&amp;ssl=1 1000w\" sizes=\"(max-width: 300px) 100vw, 300px\" \/><\/p>\n<p>O Minist\u00e9rio P\u00fablico de Minas Gerais (MPMG) entrou com uma A\u00e7\u00e3o Civil P\u00fablica contra a Copasa e o munic\u00edpio de Camanducaia, visando a regulariza\u00e7\u00e3o dos servi\u00e7os de esgotamento sanit\u00e1rio tanto na sede do munic\u00edpio quanto no distrito de Monte Verde, um importante destino tur\u00edstico no Sul de Minas.<\/p>\n<p>A a\u00e7\u00e3o detalha que, em 2006, foi assinado um contrato de concess\u00e3o entre o munic\u00edpio e a Copasa para a presta\u00e7\u00e3o de servi\u00e7os de esgotamento sanit\u00e1rio. O Plano Municipal de Saneamento B\u00e1sico, aprovado pela Lei Municipal n\u00ba 2.109\/15, estabeleceu a meta de universalizar esses servi\u00e7os, com o tratamento de 100% dos efluentes coletados at\u00e9 2018 na \u00e1rea urbana da sede do munic\u00edpio, e at\u00e9 2026 no distrito de Monte Verde.<\/p>\n<p>Entretanto, uma investiga\u00e7\u00e3o da Promotoria de Justi\u00e7a de Camanducaia revelou v\u00e1rias irregularidades, como a baixa cobertura da rede coletora, falta de manuten\u00e7\u00e3o dos equipamentos, despejo de esgoto n\u00e3o tratado diretamente no ambiente ou na rede de drenagem pluvial, e inefici\u00eancia no tratamento dos efluentes nas Esta\u00e7\u00f5es de Tratamento de Esgoto (ETEs). Segundo a Promotoria, &#8220;os impactos e riscos da polui\u00e7\u00e3o causada pelas falhas nos servi\u00e7os de esgotamento sanit\u00e1rio, que s\u00e3o responsabilidade da Copasa e devem ser monitorados e fiscalizados pelo munic\u00edpio, s\u00e3o evidentes&#8221;.<\/p>\n<p>A a\u00e7\u00e3o tamb\u00e9m contesta a cobran\u00e7a da &#8220;tarifa cheia&#8221; pelos servi\u00e7os de esgotamento sanit\u00e1rio, que foi implementada em 2019, apesar dos servi\u00e7os serem inadequados e insuficientes.<\/p>\n<p><img data-recalc-dims=\"1\" decoding=\"async\" data-attachment-id=\"8888\" data-permalink=\"https:\/\/www.tvuai.com.br\/portal\/copasa-e-camanducaia-na-mira-para-melhorar-servicos-de-esgoto-ministerio-publico-entra-com-acao-por-saneamento-digno\/camanducaiamp2\/\" data-orig-file=\"https:\/\/i0.wp.com\/www.tvuai.com.br\/portal\/wp-content\/uploads\/2024\/07\/CamanducaiaMP2.jpg?fit=1500%2C992&amp;ssl=1\" data-orig-size=\"1500,992\" data-comments-opened=\"0\" data-image-meta=\"{&quot;aperture&quot;:&quot;0&quot;,&quot;credit&quot;:&quot;&quot;,&quot;camera&quot;:&quot;&quot;,&quot;caption&quot;:&quot;&quot;,&quot;created_timestamp&quot;:&quot;0&quot;,&quot;copyright&quot;:&quot;&quot;,&quot;focal_length&quot;:&quot;0&quot;,&quot;iso&quot;:&quot;0&quot;,&quot;shutter_speed&quot;:&quot;0&quot;,&quot;title&quot;:&quot;&quot;,&quot;orientation&quot;:&quot;0&quot;}\" data-image-title=\"CamanducaiaMP2\" data-image-description=\"\" data-image-caption=\"\" data-medium-file=\"https:\/\/i0.wp.com\/www.tvuai.com.br\/portal\/wp-content\/uploads\/2024\/07\/CamanducaiaMP2.jpg?fit=300%2C198&amp;ssl=1\" data-large-file=\"https:\/\/i0.wp.com\/www.tvuai.com.br\/portal\/wp-content\/uploads\/2024\/07\/CamanducaiaMP2.jpg?fit=640%2C423&amp;ssl=1\" tabindex=\"0\" role=\"button\" class=\"size-medium wp-image-8888 alignright\" src=\"https:\/\/i0.wp.com\/www.tvuai.com.br\/portal\/wp-content\/uploads\/2024\/07\/CamanducaiaMP2.jpg?resize=300%2C198&#038;ssl=1\" alt=\"\" width=\"300\" height=\"198\" srcset=\"https:\/\/i0.wp.com\/www.tvuai.com.br\/portal\/wp-content\/uploads\/2024\/07\/CamanducaiaMP2.jpg?resize=300%2C198&amp;ssl=1 300w, https:\/\/i0.wp.com\/www.tvuai.com.br\/portal\/wp-content\/uploads\/2024\/07\/CamanducaiaMP2.jpg?resize=1024%2C677&amp;ssl=1 1024w, https:\/\/i0.wp.com\/www.tvuai.com.br\/portal\/wp-content\/uploads\/2024\/07\/CamanducaiaMP2.jpg?resize=768%2C508&amp;ssl=1 768w, https:\/\/i0.wp.com\/www.tvuai.com.br\/portal\/wp-content\/uploads\/2024\/07\/CamanducaiaMP2.jpg?resize=600%2C397&amp;ssl=1 600w, https:\/\/i0.wp.com\/www.tvuai.com.br\/portal\/wp-content\/uploads\/2024\/07\/CamanducaiaMP2.jpg?w=1500&amp;ssl=1 1500w, https:\/\/i0.wp.com\/www.tvuai.com.br\/portal\/wp-content\/uploads\/2024\/07\/CamanducaiaMP2.jpg?w=1280&amp;ssl=1 1280w\" sizes=\"(max-width: 300px) 100vw, 300px\" \/>Na a\u00e7\u00e3o, o MPMG solicita \u00e0 Justi\u00e7a que obrigue a Copasa a adotar medidas para evitar o despejo de esgoto n\u00e3o tratado no ambiente e na rede de drenagem pluvial; a implementar melhorias nas ETEs para que todos os efluentes coletados sejam tratados de forma eficiente; e a apresentar e executar um projeto de amplia\u00e7\u00e3o da rede coletora de esgoto para atender \u00e1reas n\u00e3o cobertas pelo servi\u00e7o.<\/p>\n<p>Adicionalmente, pede que o munic\u00edpio crie e implemente um plano de fiscaliza\u00e7\u00e3o de im\u00f3veis n\u00e3o conectados \u00e0 rede coletora onde ela est\u00e1 dispon\u00edvel e monitore o lan\u00e7amento de efluentes n\u00e3o tratados no ambiente e na rede pluvial, al\u00e9m de acompanhar e fiscalizar os servi\u00e7os da Copasa, tomando medidas punitivas quando houver irregularidades.<\/p>\n<p>A a\u00e7\u00e3o tamb\u00e9m solicita que a Copasa seja condenada a parar de lan\u00e7ar efluentes n\u00e3o tratados ou inadequadamente tratados no ambiente, restituir aos consumidores a diferen\u00e7a entre a &#8220;tarifa cheia&#8221; cobrada e o valor correspondente ao servi\u00e7o efetivamente prestado nas \u00e1reas com coleta de esgoto, e devolver integralmente as tarifas cobradas nas \u00e1reas sem rede coletora at\u00e9 que o servi\u00e7o seja efetivamente implementado. Em conjunto, requer que a Copasa e o munic\u00edpio sejam responsabilizados pelos danos ambientais causados pelo despejo de efluentes n\u00e3o tratados e pelos danos morais coletivos e sociais, em valores a serem determinados pela Justi\u00e7a.<\/p>\n<p>A a\u00e7\u00e3o \u00e9 assinada pelo promotor de Justi\u00e7a de Camanducaia, Rodrigo Fabiano Puzzi e pelo coordenador regional das Promotorias de Justi\u00e7a de Defesa do Meio Ambiente da Bacia do Rio Grande, Rodrigo Caldeira Grava Brazil.<\/p>\n\n<div style=\"font-size: 0px; height: 0px; line-height: 0px; margin: 0; padding: 0; clear: both;\"><\/div><div class='share-to-whatsapp-wrapper'><div class='share-on-whsp'>Share on: <\/div><a data-text='Copasa e Camanducaia na mira para melhorar servi\u00e7os de esgoto: Minist\u00e9rio P\u00fablico entra com a\u00e7\u00e3o por saneamento digno' data-link='https:\/\/www.tvuai.com.br\/portal\/copasa-e-camanducaia-na-mira-para-melhorar-servicos-de-esgoto-ministerio-publico-entra-com-acao-por-saneamento-digno\/' class='whatsapp-button whatsapp-share'>WhatsApp<\/a><div class='clear '><\/div><\/div><!-- AddThis Advanced Settings generic via filter on the_content --><!-- AddThis Share Buttons generic via filter on the_content -->","protected":false},"excerpt":{"rendered":"<p>O Minist\u00e9rio P\u00fablico de Minas Gerais (MPMG) entrou com uma A\u00e7\u00e3o Civil P\u00fablica contra a Copasa e o munic\u00edpio de Camanducaia, visando a regulariza\u00e7\u00e3o dos servi\u00e7os de esgotamento sanit\u00e1rio tanto na sede do munic\u00edpio quanto no distrito de Monte Verde, um importante destino tur\u00edstico no Sul de Minas. A a\u00e7\u00e3o detalha que, em 2006, foi [&hellip;]<!-- AddThis Advanced Settings generic via filter on get_the_excerpt --><!-- AddThis Share Buttons generic via filter on get_the_excerpt --><\/p>\n","protected":false},"author":1,"featured_media":8889,"comment_status":"closed","ping_status":"closed","sticky":false,"template":"","format":"standard","meta":{"jetpack_post_was_ever_published":false,"_jetpack_newsletter_access":"","_jetpack_dont_email_post_to_subs":false,"_jetpack_newsletter_tier_id":0,"_jetpack_memberships_contains_paywalled_content":false,"_jetpack_memberships_contains_paid_content":false,"_joinchat":[],"footnotes":"","jetpack_publicize_message":"","jetpack_publicize_feature_enabled":true,"jetpack_social_post_already_shared":true,"jetpack_social_options":{"image_generator_settings":{"template":"highway","enabled":false},"version":2}},"categories":[1843,19,5],"tags":[765,3432,3429,1014,764,299,3430,3431,3428,3433,2501,27,2759,2760,1618,1638],"class_list":["post-8886","post","type-post","status-publish","format-standard","has-post-thumbnail","hentry","category-direito","category-noticias","category-ultimas","tag-camanducaia","tag-coordenador-regional-das-promotorias-de-justica-de-defesa-do-meio-ambiente-da-bacia-do-rio-grande","tag-copasa","tag-ministerio-publico-de-minas-gerais","tag-monte-verde","tag-mpmg","tag-plano-municipal-de-saneamento-basico-de-camanducaia","tag-promotor-de-justica-de-camanducaia","tag-regularizacao-dos-servicos-de-esgotamento-sanitario","tag-rodrigo-caldeira-grava-brazil","tag-rodrigo-fabiano-puzzi","tag-tv-uai","tag-tv-uai-24-anos","tag-tv-uai-24-anos-com-voce","tag-tv-uai-pouso-alegre","tag-tvuai"],"jetpack_publicize_connections":[],"yoast_head":"<!-- This site is optimized with the Yoast SEO plugin v23.5 - https:\/\/yoast.com\/wordpress\/plugins\/seo\/ -->\n<title>Copasa e Camanducaia na mira para melhorar servi\u00e7os de esgoto: Minist\u00e9rio P\u00fablico entra com a\u00e7\u00e3o por saneamento digno - TVUAI<\/title>\n<meta name=\"robots\" content=\"index, follow, max-snippet:-1, max-image-preview:large, max-video-preview:-1\" \/>\n<link rel=\"canonical\" href=\"https:\/\/www.tvuai.com.br\/portal\/copasa-e-camanducaia-na-mira-para-melhorar-servicos-de-esgoto-ministerio-publico-entra-com-acao-por-saneamento-digno\/\" \/>\n<meta property=\"og:locale\" content=\"pt_BR\" \/>\n<meta property=\"og:type\" content=\"article\" \/>\n<meta property=\"og:title\" content=\"Copasa e Camanducaia na mira para melhorar servi\u00e7os de esgoto: Minist\u00e9rio P\u00fablico entra com a\u00e7\u00e3o por saneamento digno - TVUAI\" \/>\n<meta property=\"og:description\" content=\"O Minist\u00e9rio P\u00fablico de Minas Gerais (MPMG) entrou com uma A\u00e7\u00e3o Civil P\u00fablica contra a Copasa e o munic\u00edpio de Camanducaia, visando a regulariza\u00e7\u00e3o dos servi\u00e7os de esgotamento sanit\u00e1rio tanto na sede do munic\u00edpio quanto no distrito de Monte Verde, um importante destino tur\u00edstico no Sul de Minas. A a\u00e7\u00e3o detalha que, em 2006, foi [&hellip;]\" \/>\n<meta property=\"og:url\" content=\"https:\/\/www.tvuai.com.br\/portal\/copasa-e-camanducaia-na-mira-para-melhorar-servicos-de-esgoto-ministerio-publico-entra-com-acao-por-saneamento-digno\/\" \/>\n<meta property=\"og:site_name\" content=\"TVUAI\" \/>\n<meta property=\"article:publisher\" content=\"http:\/\/www.facebook.com\/pages\/TV-Uai-Comunica%c3%a7%c3%a3o\/139062546157369\" \/>\n<meta property=\"article:published_time\" content=\"2024-07-26T21:43:17+00:00\" \/>\n<meta property=\"article:modified_time\" content=\"2024-07-29T22:49:32+00:00\" \/>\n<meta property=\"og:image\" content=\"https:\/\/www.tvuai.com.br\/portal\/wp-content\/uploads\/2024\/07\/CamanducaiaMP0.jpg\" \/>\n\t<meta property=\"og:image:width\" content=\"200\" \/>\n\t<meta property=\"og:image:height\" content=\"200\" \/>\n\t<meta property=\"og:image:type\" content=\"image\/jpeg\" \/>\n<meta name=\"author\" content=\"tvuai\" \/>\n<meta name=\"twitter:card\" content=\"summary_large_image\" \/>\n<meta name=\"twitter:creator\" content=\"@tvuai\" \/>\n<meta name=\"twitter:site\" content=\"@tvuai\" \/>\n<meta name=\"twitter:label1\" content=\"Escrito por\" \/>\n\t<meta name=\"twitter:data1\" content=\"tvuai\" \/>\n\t<meta name=\"twitter:label2\" content=\"Est. tempo de leitura\" \/>\n\t<meta name=\"twitter:data2\" content=\"4 minutos\" \/>\n<script type=\"application\/ld+json\" class=\"yoast-schema-graph\">{\"@context\":\"https:\/\/schema.org\",\"@graph\":[{\"@type\":\"Article\",\"@id\":\"https:\/\/www.tvuai.com.br\/portal\/copasa-e-camanducaia-na-mira-para-melhorar-servicos-de-esgoto-ministerio-publico-entra-com-acao-por-saneamento-digno\/#article\",\"isPartOf\":{\"@id\":\"https:\/\/www.tvuai.com.br\/portal\/copasa-e-camanducaia-na-mira-para-melhorar-servicos-de-esgoto-ministerio-publico-entra-com-acao-por-saneamento-digno\/\"},\"author\":{\"name\":\"tvuai\",\"@id\":\"https:\/\/www.tvuai.com.br\/portal\/#\/schema\/person\/245e50e9127451fd0b7fd76f519ebbfe\"},\"headline\":\"Copasa e Camanducaia na mira para melhorar servi\u00e7os de esgoto: Minist\u00e9rio P\u00fablico entra com a\u00e7\u00e3o por saneamento digno\",\"datePublished\":\"2024-07-26T21:43:17+00:00\",\"dateModified\":\"2024-07-29T22:49:32+00:00\",\"mainEntityOfPage\":{\"@id\":\"https:\/\/www.tvuai.com.br\/portal\/copasa-e-camanducaia-na-mira-para-melhorar-servicos-de-esgoto-ministerio-publico-entra-com-acao-por-saneamento-digno\/\"},\"wordCount\":558,\"publisher\":{\"@id\":\"https:\/\/www.tvuai.com.br\/portal\/#organization\"},\"image\":{\"@id\":\"https:\/\/www.tvuai.com.br\/portal\/copasa-e-camanducaia-na-mira-para-melhorar-servicos-de-esgoto-ministerio-publico-entra-com-acao-por-saneamento-digno\/#primaryimage\"},\"thumbnailUrl\":\"https:\/\/i0.wp.com\/www.tvuai.com.br\/portal\/wp-content\/uploads\/2024\/07\/CamanducaiaMP0.jpg?fit=200%2C200&ssl=1\",\"keywords\":[\"Camanducaia\",\"coordenador regional das Promotorias de Justi\u00e7a de Defesa do Meio Ambiente da Bacia do Rio Grande\",\"Copasa\",\"Minist\u00e9rio P\u00fablico de Minas Gerais\",\"Monte Verde\",\"MPMG\",\"Plano Municipal de Saneamento B\u00e1sico de Camanducaia\",\"promotor de Justi\u00e7a de Camanducaia\",\"regulariza\u00e7\u00e3o dos servi\u00e7os de esgotamento sanit\u00e1rio\",\"Rodrigo Caldeira Grava Brazil\",\"Rodrigo Fabiano Puzzi\",\"TV Uai\",\"TV UAI 24 anos\",\"TV UAI 24 anos com voc\u00ea\",\"TV UAI Pouso Alegre\",\"tvuai\"],\"articleSection\":[\"Direito\",\"Not\u00edcias\",\"\u00daltimas Not\u00edcias\"],\"inLanguage\":\"pt-BR\"},{\"@type\":\"WebPage\",\"@id\":\"https:\/\/www.tvuai.com.br\/portal\/copasa-e-camanducaia-na-mira-para-melhorar-servicos-de-esgoto-ministerio-publico-entra-com-acao-por-saneamento-digno\/\",\"url\":\"https:\/\/www.tvuai.com.br\/portal\/copasa-e-camanducaia-na-mira-para-melhorar-servicos-de-esgoto-ministerio-publico-entra-com-acao-por-saneamento-digno\/\",\"name\":\"Copasa e Camanducaia na mira para melhorar servi\u00e7os de esgoto: Minist\u00e9rio P\u00fablico entra com a\u00e7\u00e3o por saneamento digno - TVUAI\",\"isPartOf\":{\"@id\":\"https:\/\/www.tvuai.com.br\/portal\/#website\"},\"primaryImageOfPage\":{\"@id\":\"https:\/\/www.tvuai.com.br\/portal\/copasa-e-camanducaia-na-mira-para-melhorar-servicos-de-esgoto-ministerio-publico-entra-com-acao-por-saneamento-digno\/#primaryimage\"},\"image\":{\"@id\":\"https:\/\/www.tvuai.com.br\/portal\/copasa-e-camanducaia-na-mira-para-melhorar-servicos-de-esgoto-ministerio-publico-entra-com-acao-por-saneamento-digno\/#primaryimage\"},\"thumbnailUrl\":\"https:\/\/i0.wp.com\/www.tvuai.com.br\/portal\/wp-content\/uploads\/2024\/07\/CamanducaiaMP0.jpg?fit=200%2C200&ssl=1\",\"datePublished\":\"2024-07-26T21:43:17+00:00\",\"dateModified\":\"2024-07-29T22:49:32+00:00\",\"breadcrumb\":{\"@id\":\"https:\/\/www.tvuai.com.br\/portal\/copasa-e-camanducaia-na-mira-para-melhorar-servicos-de-esgoto-ministerio-publico-entra-com-acao-por-saneamento-digno\/#breadcrumb\"},\"inLanguage\":\"pt-BR\",\"potentialAction\":[{\"@type\":\"ReadAction\",\"target\":[\"https:\/\/www.tvuai.com.br\/portal\/copasa-e-camanducaia-na-mira-para-melhorar-servicos-de-esgoto-ministerio-publico-entra-com-acao-por-saneamento-digno\/\"]}]},{\"@type\":\"ImageObject\",\"inLanguage\":\"pt-BR\",\"@id\":\"https:\/\/www.tvuai.com.br\/portal\/copasa-e-camanducaia-na-mira-para-melhorar-servicos-de-esgoto-ministerio-publico-entra-com-acao-por-saneamento-digno\/#primaryimage\",\"url\":\"https:\/\/i0.wp.com\/www.tvuai.com.br\/portal\/wp-content\/uploads\/2024\/07\/CamanducaiaMP0.jpg?fit=200%2C200&ssl=1\",\"contentUrl\":\"https:\/\/i0.wp.com\/www.tvuai.com.br\/portal\/wp-content\/uploads\/2024\/07\/CamanducaiaMP0.jpg?fit=200%2C200&ssl=1\",\"width\":200,\"height\":200},{\"@type\":\"BreadcrumbList\",\"@id\":\"https:\/\/www.tvuai.com.br\/portal\/copasa-e-camanducaia-na-mira-para-melhorar-servicos-de-esgoto-ministerio-publico-entra-com-acao-por-saneamento-digno\/#breadcrumb\",\"itemListElement\":[{\"@type\":\"ListItem\",\"position\":1,\"name\":\"In\u00edcio\",\"item\":\"https:\/\/www.tvuai.com.br\/portal\/\"},{\"@type\":\"ListItem\",\"position\":2,\"name\":\"Copasa e Camanducaia na mira para melhorar servi\u00e7os de esgoto: Minist\u00e9rio P\u00fablico entra com a\u00e7\u00e3o por saneamento digno\"}]},{\"@type\":\"WebSite\",\"@id\":\"https:\/\/www.tvuai.com.br\/portal\/#website\",\"url\":\"https:\/\/www.tvuai.com.br\/portal\/\",\"name\":\"TVUAI\",\"description\":\"Tudo sobre o Sul de Minas\",\"publisher\":{\"@id\":\"https:\/\/www.tvuai.com.br\/portal\/#organization\"},\"potentialAction\":[{\"@type\":\"SearchAction\",\"target\":{\"@type\":\"EntryPoint\",\"urlTemplate\":\"https:\/\/www.tvuai.com.br\/portal\/?s={search_term_string}\"},\"query-input\":{\"@type\":\"PropertyValueSpecification\",\"valueRequired\":true,\"valueName\":\"search_term_string\"}}],\"inLanguage\":\"pt-BR\"},{\"@type\":\"Organization\",\"@id\":\"https:\/\/www.tvuai.com.br\/portal\/#organization\",\"name\":\"TVUAI\",\"url\":\"https:\/\/www.tvuai.com.br\/portal\/\",\"logo\":{\"@type\":\"ImageObject\",\"inLanguage\":\"pt-BR\",\"@id\":\"https:\/\/www.tvuai.com.br\/portal\/#\/schema\/logo\/image\/\",\"url\":\"https:\/\/i0.wp.com\/www.tvuai.com.br\/portal\/wp-content\/uploads\/2017\/12\/logo_tvuai_100H.png?fit=207%2C100&ssl=1\",\"contentUrl\":\"https:\/\/i0.wp.com\/www.tvuai.com.br\/portal\/wp-content\/uploads\/2017\/12\/logo_tvuai_100H.png?fit=207%2C100&ssl=1\",\"width\":207,\"height\":100,\"caption\":\"TVUAI\"},\"image\":{\"@id\":\"https:\/\/www.tvuai.com.br\/portal\/#\/schema\/logo\/image\/\"},\"sameAs\":[\"http:\/\/www.facebook.com\/pages\/TV-Uai-Comunica\u00e7\u00e3o\/139062546157369\",\"https:\/\/x.com\/tvuai\",\"https:\/\/www.instagram.com\/tvuai_network\/\",\"https:\/\/www.youtube.com\/channel\/UCB7ZPB3wRv-OpoZ_09jmnkQ\"]},{\"@type\":\"Person\",\"@id\":\"https:\/\/www.tvuai.com.br\/portal\/#\/schema\/person\/245e50e9127451fd0b7fd76f519ebbfe\",\"name\":\"tvuai\",\"url\":\"https:\/\/www.tvuai.com.br\/portal\/author\/tvuai\/\"}]}<\/script>\n<!-- \/ Yoast SEO plugin. -->","yoast_head_json":{"title":"Copasa e Camanducaia na mira para melhorar servi\u00e7os de esgoto: Minist\u00e9rio P\u00fablico entra com a\u00e7\u00e3o por saneamento digno - TVUAI","robots":{"index":"index","follow":"follow","max-snippet":"max-snippet:-1","max-image-preview":"max-image-preview:large","max-video-preview":"max-video-preview:-1"},"canonical":"https:\/\/www.tvuai.com.br\/portal\/copasa-e-camanducaia-na-mira-para-melhorar-servicos-de-esgoto-ministerio-publico-entra-com-acao-por-saneamento-digno\/","og_locale":"pt_BR","og_type":"article","og_title":"Copasa e Camanducaia na mira para melhorar servi\u00e7os de esgoto: Minist\u00e9rio P\u00fablico entra com a\u00e7\u00e3o por saneamento digno - TVUAI","og_description":"O Minist\u00e9rio P\u00fablico de Minas Gerais (MPMG) entrou com uma A\u00e7\u00e3o Civil P\u00fablica contra a Copasa e o munic\u00edpio de Camanducaia, visando a regulariza\u00e7\u00e3o dos servi\u00e7os de esgotamento sanit\u00e1rio tanto na sede do munic\u00edpio quanto no distrito de Monte Verde, um importante destino tur\u00edstico no Sul de Minas. A a\u00e7\u00e3o detalha que, em 2006, foi [&hellip;]","og_url":"https:\/\/www.tvuai.com.br\/portal\/copasa-e-camanducaia-na-mira-para-melhorar-servicos-de-esgoto-ministerio-publico-entra-com-acao-por-saneamento-digno\/","og_site_name":"TVUAI","article_publisher":"http:\/\/www.facebook.com\/pages\/TV-Uai-Comunica%c3%a7%c3%a3o\/139062546157369","article_published_time":"2024-07-26T21:43:17+00:00","article_modified_time":"2024-07-29T22:49:32+00:00","og_image":[{"width":200,"height":200,"url":"https:\/\/www.tvuai.com.br\/portal\/wp-content\/uploads\/2024\/07\/CamanducaiaMP0.jpg","type":"image\/jpeg"}],"author":"tvuai","twitter_card":"summary_large_image","twitter_creator":"@tvuai","twitter_site":"@tvuai","twitter_misc":{"Escrito por":"tvuai","Est. tempo de leitura":"4 minutos"},"schema":{"@context":"https:\/\/schema.org","@graph":[{"@type":"Article","@id":"https:\/\/www.tvuai.com.br\/portal\/copasa-e-camanducaia-na-mira-para-melhorar-servicos-de-esgoto-ministerio-publico-entra-com-acao-por-saneamento-digno\/#article","isPartOf":{"@id":"https:\/\/www.tvuai.com.br\/portal\/copasa-e-camanducaia-na-mira-para-melhorar-servicos-de-esgoto-ministerio-publico-entra-com-acao-por-saneamento-digno\/"},"author":{"name":"tvuai","@id":"https:\/\/www.tvuai.com.br\/portal\/#\/schema\/person\/245e50e9127451fd0b7fd76f519ebbfe"},"headline":"Copasa e Camanducaia na mira para melhorar servi\u00e7os de esgoto: Minist\u00e9rio P\u00fablico entra com a\u00e7\u00e3o por saneamento digno","datePublished":"2024-07-26T21:43:17+00:00","dateModified":"2024-07-29T22:49:32+00:00","mainEntityOfPage":{"@id":"https:\/\/www.tvuai.com.br\/portal\/copasa-e-camanducaia-na-mira-para-melhorar-servicos-de-esgoto-ministerio-publico-entra-com-acao-por-saneamento-digno\/"},"wordCount":558,"publisher":{"@id":"https:\/\/www.tvuai.com.br\/portal\/#organization"},"image":{"@id":"https:\/\/www.tvuai.com.br\/portal\/copasa-e-camanducaia-na-mira-para-melhorar-servicos-de-esgoto-ministerio-publico-entra-com-acao-por-saneamento-digno\/#primaryimage"},"thumbnailUrl":"https:\/\/i0.wp.com\/www.tvuai.com.br\/portal\/wp-content\/uploads\/2024\/07\/CamanducaiaMP0.jpg?fit=200%2C200&ssl=1","keywords":["Camanducaia","coordenador regional das Promotorias de Justi\u00e7a de Defesa do Meio Ambiente da Bacia do Rio Grande","Copasa","Minist\u00e9rio P\u00fablico de Minas Gerais","Monte Verde","MPMG","Plano Municipal de Saneamento B\u00e1sico de Camanducaia","promotor de Justi\u00e7a de Camanducaia","regulariza\u00e7\u00e3o dos servi\u00e7os de esgotamento sanit\u00e1rio","Rodrigo Caldeira Grava Brazil","Rodrigo Fabiano Puzzi","TV Uai","TV UAI 24 anos","TV UAI 24 anos com voc\u00ea","TV UAI Pouso Alegre","tvuai"],"articleSection":["Direito","Not\u00edcias","\u00daltimas Not\u00edcias"],"inLanguage":"pt-BR"},{"@type":"WebPage","@id":"https:\/\/www.tvuai.com.br\/portal\/copasa-e-camanducaia-na-mira-para-melhorar-servicos-de-esgoto-ministerio-publico-entra-com-acao-por-saneamento-digno\/","url":"https:\/\/www.tvuai.com.br\/portal\/copasa-e-camanducaia-na-mira-para-melhorar-servicos-de-esgoto-ministerio-publico-entra-com-acao-por-saneamento-digno\/","name":"Copasa e Camanducaia na mira para melhorar servi\u00e7os de esgoto: Minist\u00e9rio P\u00fablico entra com a\u00e7\u00e3o por saneamento digno - TVUAI","isPartOf":{"@id":"https:\/\/www.tvuai.com.br\/portal\/#website"},"primaryImageOfPage":{"@id":"https:\/\/www.tvuai.com.br\/portal\/copasa-e-camanducaia-na-mira-para-melhorar-servicos-de-esgoto-ministerio-publico-entra-com-acao-por-saneamento-digno\/#primaryimage"},"image":{"@id":"https:\/\/www.tvuai.com.br\/portal\/copasa-e-camanducaia-na-mira-para-melhorar-servicos-de-esgoto-ministerio-publico-entra-com-acao-por-saneamento-digno\/#primaryimage"},"thumbnailUrl":"https:\/\/i0.wp.com\/www.tvuai.com.br\/portal\/wp-content\/uploads\/2024\/07\/CamanducaiaMP0.jpg?fit=200%2C200&ssl=1","datePublished":"2024-07-26T21:43:17+00:00","dateModified":"2024-07-29T22:49:32+00:00","breadcrumb":{"@id":"https:\/\/www.tvuai.com.br\/portal\/copasa-e-camanducaia-na-mira-para-melhorar-servicos-de-esgoto-ministerio-publico-entra-com-acao-por-saneamento-digno\/#breadcrumb"},"inLanguage":"pt-BR","potentialAction":[{"@type":"ReadAction","target":["https:\/\/www.tvuai.com.br\/portal\/copasa-e-camanducaia-na-mira-para-melhorar-servicos-de-esgoto-ministerio-publico-entra-com-acao-por-saneamento-digno\/"]}]},{"@type":"ImageObject","inLanguage":"pt-BR","@id":"https:\/\/www.tvuai.com.br\/portal\/copasa-e-camanducaia-na-mira-para-melhorar-servicos-de-esgoto-ministerio-publico-entra-com-acao-por-saneamento-digno\/#primaryimage","url":"https:\/\/i0.wp.com\/www.tvuai.com.br\/portal\/wp-content\/uploads\/2024\/07\/CamanducaiaMP0.jpg?fit=200%2C200&ssl=1","contentUrl":"https:\/\/i0.wp.com\/www.tvuai.com.br\/portal\/wp-content\/uploads\/2024\/07\/CamanducaiaMP0.jpg?fit=200%2C200&ssl=1","width":200,"height":200},{"@type":"BreadcrumbList","@id":"https:\/\/www.tvuai.com.br\/portal\/copasa-e-camanducaia-na-mira-para-melhorar-servicos-de-esgoto-ministerio-publico-entra-com-acao-por-saneamento-digno\/#breadcrumb","itemListElement":[{"@type":"ListItem","position":1,"name":"In\u00edcio","item":"https:\/\/www.tvuai.com.br\/portal\/"},{"@type":"ListItem","position":2,"name":"Copasa e Camanducaia na mira para melhorar servi\u00e7os de esgoto: Minist\u00e9rio P\u00fablico entra com a\u00e7\u00e3o por saneamento digno"}]},{"@type":"WebSite","@id":"https:\/\/www.tvuai.com.br\/portal\/#website","url":"https:\/\/www.tvuai.com.br\/portal\/","name":"TVUAI","description":"Tudo sobre o Sul de Minas","publisher":{"@id":"https:\/\/www.tvuai.com.br\/portal\/#organization"},"potentialAction":[{"@type":"SearchAction","target":{"@type":"EntryPoint","urlTemplate":"https:\/\/www.tvuai.com.br\/portal\/?s={search_term_string}"},"query-input":{"@type":"PropertyValueSpecification","valueRequired":true,"valueName":"search_term_string"}}],"inLanguage":"pt-BR"},{"@type":"Organization","@id":"https:\/\/www.tvuai.com.br\/portal\/#organization","name":"TVUAI","url":"https:\/\/www.tvuai.com.br\/portal\/","logo":{"@type":"ImageObject","inLanguage":"pt-BR","@id":"https:\/\/www.tvuai.com.br\/portal\/#\/schema\/logo\/image\/","url":"https:\/\/i0.wp.com\/www.tvuai.com.br\/portal\/wp-content\/uploads\/2017\/12\/logo_tvuai_100H.png?fit=207%2C100&ssl=1","contentUrl":"https:\/\/i0.wp.com\/www.tvuai.com.br\/portal\/wp-content\/uploads\/2017\/12\/logo_tvuai_100H.png?fit=207%2C100&ssl=1","width":207,"height":100,"caption":"TVUAI"},"image":{"@id":"https:\/\/www.tvuai.com.br\/portal\/#\/schema\/logo\/image\/"},"sameAs":["http:\/\/www.facebook.com\/pages\/TV-Uai-Comunica\u00e7\u00e3o\/139062546157369","https:\/\/x.com\/tvuai","https:\/\/www.instagram.com\/tvuai_network\/","https:\/\/www.youtube.com\/channel\/UCB7ZPB3wRv-OpoZ_09jmnkQ"]},{"@type":"Person","@id":"https:\/\/www.tvuai.com.br\/portal\/#\/schema\/person\/245e50e9127451fd0b7fd76f519ebbfe","name":"tvuai","url":"https:\/\/www.tvuai.com.br\/portal\/author\/tvuai\/"}]}},"jetpack_featured_media_url":"https:\/\/i0.wp.com\/www.tvuai.com.br\/portal\/wp-content\/uploads\/2024\/07\/CamanducaiaMP0.jpg?fit=200%2C200&ssl=1","wpmagazine_modules_lite_featured_media_urls":{"thumbnail":["https:\/\/i0.wp.com\/www.tvuai.com.br\/portal\/wp-content\/uploads\/2024\/07\/CamanducaiaMP0.jpg?resize=150%2C150&ssl=1",150,150,true],"cvmm-medium":["https:\/\/i0.wp.com\/www.tvuai.com.br\/portal\/wp-content\/uploads\/2024\/07\/CamanducaiaMP0.jpg?resize=200%2C200&ssl=1",200,200,true],"cvmm-medium-plus":["https:\/\/i0.wp.com\/www.tvuai.com.br\/portal\/wp-content\/uploads\/2024\/07\/CamanducaiaMP0.jpg?resize=200%2C200&ssl=1",200,200,true],"cvmm-portrait":["https:\/\/i0.wp.com\/www.tvuai.com.br\/portal\/wp-content\/uploads\/2024\/07\/CamanducaiaMP0.jpg?resize=200%2C200&ssl=1",200,200,true],"cvmm-medium-square":["https:\/\/i0.wp.com\/www.tvuai.com.br\/portal\/wp-content\/uploads\/2024\/07\/CamanducaiaMP0.jpg?resize=200%2C200&ssl=1",200,200,true],"cvmm-large":["https:\/\/i0.wp.com\/www.tvuai.com.br\/portal\/wp-content\/uploads\/2024\/07\/CamanducaiaMP0.jpg?resize=200%2C200&ssl=1",200,200,true],"cvmm-small":["https:\/\/i0.wp.com\/www.tvuai.com.br\/portal\/wp-content\/uploads\/2024\/07\/CamanducaiaMP0.jpg?resize=130%2C95&ssl=1",130,95,true],"full":["https:\/\/i0.wp.com\/www.tvuai.com.br\/portal\/wp-content\/uploads\/2024\/07\/CamanducaiaMP0.jpg?fit=200%2C200&ssl=1",200,200,false]},"categories_names":{"1843":{"name":"Direito","link":"https:\/\/www.tvuai.com.br\/portal\/category\/direito\/"},"19":{"name":"Not\u00edcias","link":"https:\/\/www.tvuai.com.br\/portal\/category\/noticias\/"},"5":{"name":"\u00daltimas Not\u00edcias","link":"https:\/\/www.tvuai.com.br\/portal\/category\/noticias\/ultimas\/"}},"tags_names":{"765":{"name":"Camanducaia","link":"https:\/\/www.tvuai.com.br\/portal\/tag\/camanducaia\/"},"3432":{"name":"coordenador regional das Promotorias de Justi\u00e7a de Defesa do Meio Ambiente da Bacia do Rio Grande","link":"https:\/\/www.tvuai.com.br\/portal\/tag\/coordenador-regional-das-promotorias-de-justica-de-defesa-do-meio-ambiente-da-bacia-do-rio-grande\/"},"3429":{"name":"Copasa","link":"https:\/\/www.tvuai.com.br\/portal\/tag\/copasa\/"},"1014":{"name":"Minist\u00e9rio P\u00fablico de Minas Gerais","link":"https:\/\/www.tvuai.com.br\/portal\/tag\/ministerio-publico-de-minas-gerais\/"},"764":{"name":"Monte Verde","link":"https:\/\/www.tvuai.com.br\/portal\/tag\/monte-verde\/"},"299":{"name":"MPMG","link":"https:\/\/www.tvuai.com.br\/portal\/tag\/mpmg\/"},"3430":{"name":"Plano Municipal de Saneamento B\u00e1sico de Camanducaia","link":"https:\/\/www.tvuai.com.br\/portal\/tag\/plano-municipal-de-saneamento-basico-de-camanducaia\/"},"3431":{"name":"promotor de Justi\u00e7a de Camanducaia","link":"https:\/\/www.tvuai.com.br\/portal\/tag\/promotor-de-justica-de-camanducaia\/"},"3428":{"name":"regulariza\u00e7\u00e3o dos servi\u00e7os de esgotamento sanit\u00e1rio","link":"https:\/\/www.tvuai.com.br\/portal\/tag\/regularizacao-dos-servicos-de-esgotamento-sanitario\/"},"3433":{"name":"Rodrigo Caldeira Grava Brazil","link":"https:\/\/www.tvuai.com.br\/portal\/tag\/rodrigo-caldeira-grava-brazil\/"},"2501":{"name":"Rodrigo Fabiano Puzzi","link":"https:\/\/www.tvuai.com.br\/portal\/tag\/rodrigo-fabiano-puzzi\/"},"27":{"name":"TV Uai","link":"https:\/\/www.tvuai.com.br\/portal\/tag\/tv-uai\/"},"2759":{"name":"TV UAI 24 anos","link":"https:\/\/www.tvuai.com.br\/portal\/tag\/tv-uai-24-anos\/"},"2760":{"name":"TV UAI 24 anos com voc\u00ea","link":"https:\/\/www.tvuai.com.br\/portal\/tag\/tv-uai-24-anos-com-voce\/"},"1618":{"name":"TV UAI Pouso Alegre","link":"https:\/\/www.tvuai.com.br\/portal\/tag\/tv-uai-pouso-alegre\/"},"1638":{"name":"tvuai","link":"https:\/\/www.tvuai.com.br\/portal\/tag\/tvuai\/"}},"comments_number":"0","jetpack_shortlink":"https:\/\/wp.me\/p9woix-2jk","jetpack_sharing_enabled":true,"_links":{"self":[{"href":"https:\/\/www.tvuai.com.br\/portal\/wp-json\/wp\/v2\/posts\/8886"}],"collection":[{"href":"https:\/\/www.tvuai.com.br\/portal\/wp-json\/wp\/v2\/posts"}],"about":[{"href":"https:\/\/www.tvuai.com.br\/portal\/wp-json\/wp\/v2\/types\/post"}],"author":[{"embeddable":true,"href":"https:\/\/www.tvuai.com.br\/portal\/wp-json\/wp\/v2\/users\/1"}],"replies":[{"embeddable":true,"href":"https:\/\/www.tvuai.com.br\/portal\/wp-json\/wp\/v2\/comments?post=8886"}],"version-history":[{"count":2,"href":"https:\/\/www.tvuai.com.br\/portal\/wp-json\/wp\/v2\/posts\/8886\/revisions"}],"predecessor-version":[{"id":8891,"href":"https:\/\/www.tvuai.com.br\/portal\/wp-json\/wp\/v2\/posts\/8886\/revisions\/8891"}],"wp:featuredmedia":[{"embeddable":true,"href":"https:\/\/www.tvuai.com.br\/portal\/wp-json\/wp\/v2\/media\/8889"}],"wp:attachment":[{"href":"https:\/\/www.tvuai.com.br\/portal\/wp-json\/wp\/v2\/media?parent=8886"}],"wp:term":[{"taxonomy":"category","embeddable":true,"href":"https:\/\/www.tvuai.com.br\/portal\/wp-json\/wp\/v2\/categories?post=8886"},{"taxonomy":"post_tag","embeddable":true,"href":"https:\/\/www.tvuai.com.br\/portal\/wp-json\/wp\/v2\/tags?post=8886"}],"curies":[{"name":"wp","href":"https:\/\/api.w.org\/{rel}","templated":true}]}}