{"id":8814,"date":"2024-07-12T12:38:01","date_gmt":"2024-07-12T15:38:01","guid":{"rendered":"https:\/\/www.tvuai.com.br\/portal\/?p=8814"},"modified":"2024-07-24T20:04:06","modified_gmt":"2024-07-24T23:04:06","slug":"ifsuldeminas-oferece-cursinho-pre-vestibular-para-cursos-tecnicos-integrados-com-bolsa-de-r-15000-mensais","status":"publish","type":"post","link":"https:\/\/www.tvuai.com.br\/portal\/ifsuldeminas-oferece-cursinho-pre-vestibular-para-cursos-tecnicos-integrados-com-bolsa-de-r-15000-mensais\/","title":{"rendered":"IFSULDEMINAS oferece cursinho pr\u00e9-vestibular para cursos t\u00e9cnicos integrados com bolsa de R$ 150,00 mensais"},"content":{"rendered":"<div class=\"5a1038e0903b96d426fcfcc338703013\" data-index=\"1\" style=\"float: right; margin:10px 0 10px 10px;\">\n<script async src=\"https:\/\/pagead2.googlesyndication.com\/pagead\/js\/adsbygoogle.js?client=ca-pub-9945944833605257\"\r\n     crossorigin=\"anonymous\"><\/script>\r\n<ins class=\"adsbygoogle\"\r\n     style=\"display:block; text-align:center;\"\r\n     data-ad-layout=\"in-article\"\r\n     data-ad-format=\"fluid\"\r\n     data-ad-client=\"ca-pub-9945944833605257\"\r\n     data-ad-slot=\"2343923581\"><\/ins>\r\n<script>\r\n     (adsbygoogle = window.adsbygoogle || []).push({});\r\n<\/script>\n<\/div>\n<p><img data-recalc-dims=\"1\" fetchpriority=\"high\" decoding=\"async\" data-attachment-id=\"8819\" data-permalink=\"https:\/\/www.tvuai.com.br\/portal\/ifsuldeminas-oferece-cursinho-pre-vestibular-para-cursos-tecnicos-integrados-com-bolsa-de-r-15000-mensais\/cursinhoifsuldeminas3\/\" data-orig-file=\"https:\/\/i0.wp.com\/www.tvuai.com.br\/portal\/wp-content\/uploads\/2024\/07\/cursinhoifsuldeminas3.jpg?fit=2481%2C1754&amp;ssl=1\" data-orig-size=\"2481,1754\" data-comments-opened=\"0\" data-image-meta=\"{&quot;aperture&quot;:&quot;0&quot;,&quot;credit&quot;:&quot;&quot;,&quot;camera&quot;:&quot;&quot;,&quot;caption&quot;:&quot;&quot;,&quot;created_timestamp&quot;:&quot;0&quot;,&quot;copyright&quot;:&quot;&quot;,&quot;focal_length&quot;:&quot;0&quot;,&quot;iso&quot;:&quot;0&quot;,&quot;shutter_speed&quot;:&quot;0&quot;,&quot;title&quot;:&quot;&quot;,&quot;orientation&quot;:&quot;1&quot;}\" data-image-title=\"cursinhoifsuldeminas3\" data-image-description=\"\" data-image-caption=\"\" data-medium-file=\"https:\/\/i0.wp.com\/www.tvuai.com.br\/portal\/wp-content\/uploads\/2024\/07\/cursinhoifsuldeminas3.jpg?fit=300%2C212&amp;ssl=1\" data-large-file=\"https:\/\/i0.wp.com\/www.tvuai.com.br\/portal\/wp-content\/uploads\/2024\/07\/cursinhoifsuldeminas3.jpg?fit=640%2C453&amp;ssl=1\" tabindex=\"0\" role=\"button\" class=\"size-medium wp-image-8819 aligncenter\" src=\"https:\/\/i0.wp.com\/www.tvuai.com.br\/portal\/wp-content\/uploads\/2024\/07\/cursinhoifsuldeminas3.jpg?resize=300%2C212&#038;ssl=1\" alt=\"\" width=\"300\" height=\"212\" srcset=\"https:\/\/i0.wp.com\/www.tvuai.com.br\/portal\/wp-content\/uploads\/2024\/07\/cursinhoifsuldeminas3.jpg?resize=300%2C212&amp;ssl=1 300w, https:\/\/i0.wp.com\/www.tvuai.com.br\/portal\/wp-content\/uploads\/2024\/07\/cursinhoifsuldeminas3.jpg?resize=1024%2C724&amp;ssl=1 1024w, https:\/\/i0.wp.com\/www.tvuai.com.br\/portal\/wp-content\/uploads\/2024\/07\/cursinhoifsuldeminas3.jpg?resize=768%2C543&amp;ssl=1 768w, https:\/\/i0.wp.com\/www.tvuai.com.br\/portal\/wp-content\/uploads\/2024\/07\/cursinhoifsuldeminas3.jpg?resize=1536%2C1086&amp;ssl=1 1536w, https:\/\/i0.wp.com\/www.tvuai.com.br\/portal\/wp-content\/uploads\/2024\/07\/cursinhoifsuldeminas3.jpg?resize=2048%2C1448&amp;ssl=1 2048w, https:\/\/i0.wp.com\/www.tvuai.com.br\/portal\/wp-content\/uploads\/2024\/07\/cursinhoifsuldeminas3.jpg?resize=600%2C424&amp;ssl=1 600w, https:\/\/i0.wp.com\/www.tvuai.com.br\/portal\/wp-content\/uploads\/2024\/07\/cursinhoifsuldeminas3.jpg?w=1280&amp;ssl=1 1280w, https:\/\/i0.wp.com\/www.tvuai.com.br\/portal\/wp-content\/uploads\/2024\/07\/cursinhoifsuldeminas3.jpg?w=1920&amp;ssl=1 1920w\" sizes=\"(max-width: 300px) 100vw, 300px\" \/><\/p>\n<p>O Instituto Federal do Sul de Minas (IFSULDEMINAS) est\u00e1 com inscri\u00e7\u00f5es abertas para o cursinho pr\u00e9-vestibular voltado para os cursos t\u00e9cnicos integrados. Denominado &#8220;Prepara IFSULDEMINAS&#8221;, o programa ser\u00e1 realizado presencialmente duas vezes por semana durante a tarde e ter\u00e1 dura\u00e7\u00e3o de quatro meses, come\u00e7ando em agosto.<\/p>\n<p>Segundo o reitor Cleber \u00c1vila Barbosa, essa iniciativa \u00e9 crucial para proporcionar aos alunos mais necessitados a prepara\u00e7\u00e3o adequada para o processo seletivo dos cursos integrados ao Ensino M\u00e9dio oferecidos pelo IFSULDEMINAS.<\/p>\n<p>Podem se inscrever estudantes do 9\u00ba ano do Ensino Fundamental de escolas p\u00fablicas. Se restarem vagas, estas poder\u00e3o ser preenchidas por alunos do 1\u00ba ano do Ensino M\u00e9dio de escolas p\u00fablicas. Cada unidade do IFSULDEMINAS disponibiliza 40 vagas. Os alunos selecionados, al\u00e9m de se prepararem para o vestibular, receber\u00e3o uma ajuda de custo mensal de R$ 150,00.<\/p>\n<h4 style=\"text-align: center;\"><strong>Confira o quadro de vagas e os dias das aulas<\/strong><\/h4>\n<p><img data-recalc-dims=\"1\" decoding=\"async\" data-attachment-id=\"8817\" data-permalink=\"https:\/\/www.tvuai.com.br\/portal\/ifsuldeminas-oferece-cursinho-pre-vestibular-para-cursos-tecnicos-integrados-com-bolsa-de-r-15000-mensais\/cursinhoifsuldeminas1\/\" data-orig-file=\"https:\/\/i0.wp.com\/www.tvuai.com.br\/portal\/wp-content\/uploads\/2024\/07\/cursinhoifsuldeminas1.jpg?fit=2000%2C2000&amp;ssl=1\" data-orig-size=\"2000,2000\" data-comments-opened=\"0\" data-image-meta=\"{&quot;aperture&quot;:&quot;0&quot;,&quot;credit&quot;:&quot;&quot;,&quot;camera&quot;:&quot;&quot;,&quot;caption&quot;:&quot;&quot;,&quot;created_timestamp&quot;:&quot;0&quot;,&quot;copyright&quot;:&quot;&quot;,&quot;focal_length&quot;:&quot;0&quot;,&quot;iso&quot;:&quot;0&quot;,&quot;shutter_speed&quot;:&quot;0&quot;,&quot;title&quot;:&quot;&quot;,&quot;orientation&quot;:&quot;0&quot;}\" data-image-title=\"cursinhoifsuldeminas1\" data-image-description=\"\" data-image-caption=\"\" data-medium-file=\"https:\/\/i0.wp.com\/www.tvuai.com.br\/portal\/wp-content\/uploads\/2024\/07\/cursinhoifsuldeminas1.jpg?fit=300%2C300&amp;ssl=1\" data-large-file=\"https:\/\/i0.wp.com\/www.tvuai.com.br\/portal\/wp-content\/uploads\/2024\/07\/cursinhoifsuldeminas1.jpg?fit=640%2C640&amp;ssl=1\" tabindex=\"0\" role=\"button\" class=\"size-medium wp-image-8817 aligncenter\" src=\"https:\/\/i0.wp.com\/www.tvuai.com.br\/portal\/wp-content\/uploads\/2024\/07\/cursinhoifsuldeminas1.jpg?resize=300%2C300&#038;ssl=1\" alt=\"\" width=\"300\" height=\"300\" srcset=\"https:\/\/i0.wp.com\/www.tvuai.com.br\/portal\/wp-content\/uploads\/2024\/07\/cursinhoifsuldeminas1.jpg?resize=300%2C300&amp;ssl=1 300w, https:\/\/i0.wp.com\/www.tvuai.com.br\/portal\/wp-content\/uploads\/2024\/07\/cursinhoifsuldeminas1.jpg?resize=1024%2C1024&amp;ssl=1 1024w, https:\/\/i0.wp.com\/www.tvuai.com.br\/portal\/wp-content\/uploads\/2024\/07\/cursinhoifsuldeminas1.jpg?resize=150%2C150&amp;ssl=1 150w, https:\/\/i0.wp.com\/www.tvuai.com.br\/portal\/wp-content\/uploads\/2024\/07\/cursinhoifsuldeminas1.jpg?resize=768%2C768&amp;ssl=1 768w, https:\/\/i0.wp.com\/www.tvuai.com.br\/portal\/wp-content\/uploads\/2024\/07\/cursinhoifsuldeminas1.jpg?resize=1536%2C1536&amp;ssl=1 1536w, https:\/\/i0.wp.com\/www.tvuai.com.br\/portal\/wp-content\/uploads\/2024\/07\/cursinhoifsuldeminas1.jpg?resize=600%2C600&amp;ssl=1 600w, https:\/\/i0.wp.com\/www.tvuai.com.br\/portal\/wp-content\/uploads\/2024\/07\/cursinhoifsuldeminas1.jpg?resize=45%2C45&amp;ssl=1 45w, https:\/\/i0.wp.com\/www.tvuai.com.br\/portal\/wp-content\/uploads\/2024\/07\/cursinhoifsuldeminas1.jpg?resize=100%2C100&amp;ssl=1 100w, https:\/\/i0.wp.com\/www.tvuai.com.br\/portal\/wp-content\/uploads\/2024\/07\/cursinhoifsuldeminas1.jpg?w=2000&amp;ssl=1 2000w, https:\/\/i0.wp.com\/www.tvuai.com.br\/portal\/wp-content\/uploads\/2024\/07\/cursinhoifsuldeminas1.jpg?w=1280&amp;ssl=1 1280w, https:\/\/i0.wp.com\/www.tvuai.com.br\/portal\/wp-content\/uploads\/2024\/07\/cursinhoifsuldeminas1.jpg?w=1920&amp;ssl=1 1920w\" sizes=\"(max-width: 300px) 100vw, 300px\" \/><\/p>\n<p><img data-recalc-dims=\"1\" decoding=\"async\" data-attachment-id=\"8818\" data-permalink=\"https:\/\/www.tvuai.com.br\/portal\/ifsuldeminas-oferece-cursinho-pre-vestibular-para-cursos-tecnicos-integrados-com-bolsa-de-r-15000-mensais\/cursinhoifsuldeminas2\/\" data-orig-file=\"https:\/\/i0.wp.com\/www.tvuai.com.br\/portal\/wp-content\/uploads\/2024\/07\/cursinhoifsuldeminas2.jpg?fit=1000%2C666&amp;ssl=1\" data-orig-size=\"1000,666\" data-comments-opened=\"0\" data-image-meta=\"{&quot;aperture&quot;:&quot;0&quot;,&quot;credit&quot;:&quot;&quot;,&quot;camera&quot;:&quot;&quot;,&quot;caption&quot;:&quot;&quot;,&quot;created_timestamp&quot;:&quot;0&quot;,&quot;copyright&quot;:&quot;&quot;,&quot;focal_length&quot;:&quot;0&quot;,&quot;iso&quot;:&quot;0&quot;,&quot;shutter_speed&quot;:&quot;0&quot;,&quot;title&quot;:&quot;&quot;,&quot;orientation&quot;:&quot;1&quot;}\" data-image-title=\"cursinhoifsuldeminas2\" data-image-description=\"\" data-image-caption=\"\" data-medium-file=\"https:\/\/i0.wp.com\/www.tvuai.com.br\/portal\/wp-content\/uploads\/2024\/07\/cursinhoifsuldeminas2.jpg?fit=300%2C200&amp;ssl=1\" data-large-file=\"https:\/\/i0.wp.com\/www.tvuai.com.br\/portal\/wp-content\/uploads\/2024\/07\/cursinhoifsuldeminas2.jpg?fit=640%2C426&amp;ssl=1\" tabindex=\"0\" role=\"button\" class=\"size-medium wp-image-8818 alignright\" src=\"https:\/\/i0.wp.com\/www.tvuai.com.br\/portal\/wp-content\/uploads\/2024\/07\/cursinhoifsuldeminas2.jpg?resize=300%2C200&#038;ssl=1\" alt=\"\" width=\"300\" height=\"200\" srcset=\"https:\/\/i0.wp.com\/www.tvuai.com.br\/portal\/wp-content\/uploads\/2024\/07\/cursinhoifsuldeminas2.jpg?resize=300%2C200&amp;ssl=1 300w, https:\/\/i0.wp.com\/www.tvuai.com.br\/portal\/wp-content\/uploads\/2024\/07\/cursinhoifsuldeminas2.jpg?resize=768%2C511&amp;ssl=1 768w, https:\/\/i0.wp.com\/www.tvuai.com.br\/portal\/wp-content\/uploads\/2024\/07\/cursinhoifsuldeminas2.jpg?resize=600%2C400&amp;ssl=1 600w, https:\/\/i0.wp.com\/www.tvuai.com.br\/portal\/wp-content\/uploads\/2024\/07\/cursinhoifsuldeminas2.jpg?w=1000&amp;ssl=1 1000w\" sizes=\"(max-width: 300px) 100vw, 300px\" \/>As inscri\u00e7\u00f5es para o &#8220;Prepara IFSULDEMINAS&#8221; est\u00e3o abertas at\u00e9 o dia 19 de julho e podem ser feitas por meio de um <span style=\"color: #333399;\"><strong><a style=\"color: #333399;\" href=\"https:\/\/docs.google.com\/forms\/d\/e\/1FAIpQLScxWJmwNGFlL-BVdQuN3eU1dbwiEHFkmSUqClI6XYdqkqkH3A\/viewform\">formul\u00e1rio online<\/a><\/strong><\/span>. A sele\u00e7\u00e3o ser\u00e1 baseada na an\u00e1lise de documentos que comprovem que o candidato estudou em escola p\u00fablica e se enquadra no perfil de vulnerabilidade social. Ap\u00f3s essa etapa, haver\u00e1 um sorteio eletr\u00f4nico.<\/p>\n<p>As vagas s\u00e3o distribu\u00eddas entre estudantes de escola p\u00fablica, quilombolas, pessoas com renda familiar de at\u00e9 um sal\u00e1rio m\u00ednimo, autodeclarados pretos, pardos ou ind\u00edgenas e pessoas com defici\u00eancia.<\/p>\n<p>Este cursinho \u00e9 apoiado pela Secretaria de Educa\u00e7\u00e3o Continuada, Alfabetiza\u00e7\u00e3o de Jovens e Adultos, Diversidade e Inclus\u00e3o (Secadi) atrav\u00e9s de um projeto submetido pelo IFSULDEMINAS.<\/p>\n<p>Para mais informa\u00e7\u00f5es sobre os cursos t\u00e9cnicos integrados do IFSULDEMINAS,<span style=\"color: #333399;\"><strong><a style=\"color: #333399;\" href=\"https:\/\/portal.ifsuldeminas.edu.br\/index.php\"> acesse o portal oficial<\/a><\/strong><\/span>.<\/p>\n<p>Confira o <span style=\"color: #333399;\"><strong><a style=\"color: #333399;\" href=\"https:\/\/portal.ifsuldeminas.edu.br\/index.php\/pro-reitoria-extensao\/editais-proex\/171-bolsas-de-extensao\/6383-edital-xx-2024-prepara-ifsuldeminas\">edital 144\/2024<\/a><\/strong><\/span> e inscreva-se!<\/p>\n<h6 style=\"text-align: right;\"><em><strong>Com informa\u00e7\u00f5es de Giselle Viana<\/strong><\/em><\/h6>\n\n<div style=\"font-size: 0px; height: 0px; line-height: 0px; margin: 0; padding: 0; clear: both;\"><\/div><div class='share-to-whatsapp-wrapper'><div class='share-on-whsp'>Share on: <\/div><a data-text='IFSULDEMINAS oferece cursinho pr\u00e9-vestibular para cursos t\u00e9cnicos integrados com bolsa de R$ 150,00 mensais' data-link='https:\/\/www.tvuai.com.br\/portal\/ifsuldeminas-oferece-cursinho-pre-vestibular-para-cursos-tecnicos-integrados-com-bolsa-de-r-15000-mensais\/' class='whatsapp-button whatsapp-share'>WhatsApp<\/a><div class='clear '><\/div><\/div><!-- AddThis Advanced Settings generic via filter on the_content --><!-- AddThis Share Buttons generic via filter on the_content -->","protected":false},"excerpt":{"rendered":"<p>O Instituto Federal do Sul de Minas (IFSULDEMINAS) est\u00e1 com inscri\u00e7\u00f5es abertas para o cursinho pr\u00e9-vestibular voltado para os cursos t\u00e9cnicos integrados. Denominado &#8220;Prepara IFSULDEMINAS&#8221;, o programa ser\u00e1 realizado presencialmente duas vezes por semana durante a tarde e ter\u00e1 dura\u00e7\u00e3o de quatro meses, come\u00e7ando em agosto. Segundo o reitor Cleber \u00c1vila Barbosa, essa iniciativa \u00e9 [&hellip;]<!-- AddThis Advanced Settings generic via filter on get_the_excerpt --><!-- AddThis Share Buttons generic via filter on get_the_excerpt --><\/p>\n","protected":false},"author":1,"featured_media":8816,"comment_status":"closed","ping_status":"closed","sticky":false,"template":"","format":"standard","meta":{"jetpack_post_was_ever_published":false,"_jetpack_newsletter_access":"","_jetpack_dont_email_post_to_subs":false,"_jetpack_newsletter_tier_id":0,"_jetpack_memberships_contains_paywalled_content":false,"_jetpack_memberships_contains_paid_content":false,"_joinchat":[],"footnotes":"","jetpack_publicize_message":"","jetpack_publicize_feature_enabled":true,"jetpack_social_post_already_shared":false,"jetpack_social_options":{"image_generator_settings":{"template":"highway","enabled":false},"version":2}},"categories":[1845,19,5],"tags":[3372,2741,3373,2179,1680,539,1681,1924,184,3375,2415,348,37,3370,3374,3371,39,1009,27,2759,2760,1638],"class_list":["post-8814","post","type-post","status-publish","format-standard","has-post-thumbnail","hentry","category-educacao","category-noticias","category-ultimas","tag-alfabetizacao-de-jovens-e-adultos","tag-carmo-de-minas","tag-diversidade-e-inclusao","tag-giselle-viana","tag-ifsuldeminas","tag-inconfidentes","tag-instituto-federal-do-sul-de-minas","tag-machado","tag-minas-gerais","tag-muzambinho","tag-passos","tag-pocos-de-caldas","tag-pouso-alegre","tag-prepara-ifsuldeminas","tag-secadi","tag-secretaria-de-educacao-continuada","tag-sul-de-minas","tag-tres-coracoes","tag-tv-uai","tag-tv-uai-24-anos","tag-tv-uai-24-anos-com-voce","tag-tvuai"],"jetpack_publicize_connections":[],"yoast_head":"<!-- This site is optimized with the Yoast SEO plugin v23.5 - https:\/\/yoast.com\/wordpress\/plugins\/seo\/ -->\n<title>IFSULDEMINAS oferece cursinho pr\u00e9-vestibular para cursos t\u00e9cnicos integrados com bolsa de R$ 150,00 mensais - TVUAI<\/title>\n<meta name=\"robots\" content=\"index, follow, max-snippet:-1, max-image-preview:large, max-video-preview:-1\" \/>\n<link rel=\"canonical\" href=\"https:\/\/www.tvuai.com.br\/portal\/ifsuldeminas-oferece-cursinho-pre-vestibular-para-cursos-tecnicos-integrados-com-bolsa-de-r-15000-mensais\/\" \/>\n<meta property=\"og:locale\" content=\"pt_BR\" \/>\n<meta property=\"og:type\" content=\"article\" \/>\n<meta property=\"og:title\" content=\"IFSULDEMINAS oferece cursinho pr\u00e9-vestibular para cursos t\u00e9cnicos integrados com bolsa de R$ 150,00 mensais - TVUAI\" \/>\n<meta property=\"og:description\" content=\"O Instituto Federal do Sul de Minas (IFSULDEMINAS) est\u00e1 com inscri\u00e7\u00f5es abertas para o cursinho pr\u00e9-vestibular voltado para os cursos t\u00e9cnicos integrados. Denominado &#8220;Prepara IFSULDEMINAS&#8221;, o programa ser\u00e1 realizado presencialmente duas vezes por semana durante a tarde e ter\u00e1 dura\u00e7\u00e3o de quatro meses, come\u00e7ando em agosto. Segundo o reitor Cleber \u00c1vila Barbosa, essa iniciativa \u00e9 [&hellip;]\" \/>\n<meta property=\"og:url\" content=\"https:\/\/www.tvuai.com.br\/portal\/ifsuldeminas-oferece-cursinho-pre-vestibular-para-cursos-tecnicos-integrados-com-bolsa-de-r-15000-mensais\/\" \/>\n<meta property=\"og:site_name\" content=\"TVUAI\" \/>\n<meta property=\"article:publisher\" content=\"http:\/\/www.facebook.com\/pages\/TV-Uai-Comunica%c3%a7%c3%a3o\/139062546157369\" \/>\n<meta property=\"article:published_time\" content=\"2024-07-12T15:38:01+00:00\" \/>\n<meta property=\"article:modified_time\" content=\"2024-07-24T23:04:06+00:00\" \/>\n<meta property=\"og:image\" content=\"https:\/\/www.tvuai.com.br\/portal\/wp-content\/uploads\/2024\/07\/cursinhoifsuldeminas0.jpg\" \/>\n\t<meta property=\"og:image:width\" content=\"200\" \/>\n\t<meta property=\"og:image:height\" content=\"200\" \/>\n\t<meta property=\"og:image:type\" content=\"image\/jpeg\" \/>\n<meta name=\"author\" content=\"tvuai\" \/>\n<meta name=\"twitter:card\" content=\"summary_large_image\" \/>\n<meta name=\"twitter:creator\" content=\"@tvuai\" \/>\n<meta name=\"twitter:site\" content=\"@tvuai\" \/>\n<meta name=\"twitter:label1\" content=\"Escrito por\" \/>\n\t<meta name=\"twitter:data1\" content=\"tvuai\" \/>\n\t<meta name=\"twitter:label2\" content=\"Est. tempo de leitura\" \/>\n\t<meta name=\"twitter:data2\" content=\"3 minutos\" \/>\n<script type=\"application\/ld+json\" class=\"yoast-schema-graph\">{\"@context\":\"https:\/\/schema.org\",\"@graph\":[{\"@type\":\"Article\",\"@id\":\"https:\/\/www.tvuai.com.br\/portal\/ifsuldeminas-oferece-cursinho-pre-vestibular-para-cursos-tecnicos-integrados-com-bolsa-de-r-15000-mensais\/#article\",\"isPartOf\":{\"@id\":\"https:\/\/www.tvuai.com.br\/portal\/ifsuldeminas-oferece-cursinho-pre-vestibular-para-cursos-tecnicos-integrados-com-bolsa-de-r-15000-mensais\/\"},\"author\":{\"name\":\"tvuai\",\"@id\":\"https:\/\/www.tvuai.com.br\/portal\/#\/schema\/person\/245e50e9127451fd0b7fd76f519ebbfe\"},\"headline\":\"IFSULDEMINAS oferece cursinho pr\u00e9-vestibular para cursos t\u00e9cnicos integrados com bolsa de R$ 150,00 mensais\",\"datePublished\":\"2024-07-12T15:38:01+00:00\",\"dateModified\":\"2024-07-24T23:04:06+00:00\",\"mainEntityOfPage\":{\"@id\":\"https:\/\/www.tvuai.com.br\/portal\/ifsuldeminas-oferece-cursinho-pre-vestibular-para-cursos-tecnicos-integrados-com-bolsa-de-r-15000-mensais\/\"},\"wordCount\":321,\"publisher\":{\"@id\":\"https:\/\/www.tvuai.com.br\/portal\/#organization\"},\"image\":{\"@id\":\"https:\/\/www.tvuai.com.br\/portal\/ifsuldeminas-oferece-cursinho-pre-vestibular-para-cursos-tecnicos-integrados-com-bolsa-de-r-15000-mensais\/#primaryimage\"},\"thumbnailUrl\":\"https:\/\/i0.wp.com\/www.tvuai.com.br\/portal\/wp-content\/uploads\/2024\/07\/cursinhoifsuldeminas0.jpg?fit=200%2C200&ssl=1\",\"keywords\":[\"Alfabetiza\u00e7\u00e3o de Jovens e Adultos\",\"Carmo de Minas\",\"Diversidade e Inclus\u00e3o\",\"Giselle Viana\",\"IFSULDEMINAS\",\"Inconfidentes\",\"Instituto Federal do Sul de Minas\",\"Machado\",\"Minas Gerais\",\"Muzambinho\",\"Passos\",\"Po\u00e7os de Caldas\",\"Pouso Alegre\",\"Prepara IFSULDEMINAS\",\"Secadi\",\"Secretaria de Educa\u00e7\u00e3o Continuada\",\"Sul de Minas\",\"Tr\u00eas Cora\u00e7\u00f5es\",\"TV Uai\",\"TV UAI 24 anos\",\"TV UAI 24 anos com voc\u00ea\",\"tvuai\"],\"articleSection\":[\"Educa\u00e7\u00e3o\",\"Not\u00edcias\",\"\u00daltimas Not\u00edcias\"],\"inLanguage\":\"pt-BR\"},{\"@type\":\"WebPage\",\"@id\":\"https:\/\/www.tvuai.com.br\/portal\/ifsuldeminas-oferece-cursinho-pre-vestibular-para-cursos-tecnicos-integrados-com-bolsa-de-r-15000-mensais\/\",\"url\":\"https:\/\/www.tvuai.com.br\/portal\/ifsuldeminas-oferece-cursinho-pre-vestibular-para-cursos-tecnicos-integrados-com-bolsa-de-r-15000-mensais\/\",\"name\":\"IFSULDEMINAS oferece cursinho pr\u00e9-vestibular para cursos t\u00e9cnicos integrados com bolsa de R$ 150,00 mensais - TVUAI\",\"isPartOf\":{\"@id\":\"https:\/\/www.tvuai.com.br\/portal\/#website\"},\"primaryImageOfPage\":{\"@id\":\"https:\/\/www.tvuai.com.br\/portal\/ifsuldeminas-oferece-cursinho-pre-vestibular-para-cursos-tecnicos-integrados-com-bolsa-de-r-15000-mensais\/#primaryimage\"},\"image\":{\"@id\":\"https:\/\/www.tvuai.com.br\/portal\/ifsuldeminas-oferece-cursinho-pre-vestibular-para-cursos-tecnicos-integrados-com-bolsa-de-r-15000-mensais\/#primaryimage\"},\"thumbnailUrl\":\"https:\/\/i0.wp.com\/www.tvuai.com.br\/portal\/wp-content\/uploads\/2024\/07\/cursinhoifsuldeminas0.jpg?fit=200%2C200&ssl=1\",\"datePublished\":\"2024-07-12T15:38:01+00:00\",\"dateModified\":\"2024-07-24T23:04:06+00:00\",\"breadcrumb\":{\"@id\":\"https:\/\/www.tvuai.com.br\/portal\/ifsuldeminas-oferece-cursinho-pre-vestibular-para-cursos-tecnicos-integrados-com-bolsa-de-r-15000-mensais\/#breadcrumb\"},\"inLanguage\":\"pt-BR\",\"potentialAction\":[{\"@type\":\"ReadAction\",\"target\":[\"https:\/\/www.tvuai.com.br\/portal\/ifsuldeminas-oferece-cursinho-pre-vestibular-para-cursos-tecnicos-integrados-com-bolsa-de-r-15000-mensais\/\"]}]},{\"@type\":\"ImageObject\",\"inLanguage\":\"pt-BR\",\"@id\":\"https:\/\/www.tvuai.com.br\/portal\/ifsuldeminas-oferece-cursinho-pre-vestibular-para-cursos-tecnicos-integrados-com-bolsa-de-r-15000-mensais\/#primaryimage\",\"url\":\"https:\/\/i0.wp.com\/www.tvuai.com.br\/portal\/wp-content\/uploads\/2024\/07\/cursinhoifsuldeminas0.jpg?fit=200%2C200&ssl=1\",\"contentUrl\":\"https:\/\/i0.wp.com\/www.tvuai.com.br\/portal\/wp-content\/uploads\/2024\/07\/cursinhoifsuldeminas0.jpg?fit=200%2C200&ssl=1\",\"width\":200,\"height\":200},{\"@type\":\"BreadcrumbList\",\"@id\":\"https:\/\/www.tvuai.com.br\/portal\/ifsuldeminas-oferece-cursinho-pre-vestibular-para-cursos-tecnicos-integrados-com-bolsa-de-r-15000-mensais\/#breadcrumb\",\"itemListElement\":[{\"@type\":\"ListItem\",\"position\":1,\"name\":\"In\u00edcio\",\"item\":\"https:\/\/www.tvuai.com.br\/portal\/\"},{\"@type\":\"ListItem\",\"position\":2,\"name\":\"IFSULDEMINAS oferece cursinho pr\u00e9-vestibular para cursos t\u00e9cnicos integrados com bolsa de R$ 150,00 mensais\"}]},{\"@type\":\"WebSite\",\"@id\":\"https:\/\/www.tvuai.com.br\/portal\/#website\",\"url\":\"https:\/\/www.tvuai.com.br\/portal\/\",\"name\":\"TVUAI\",\"description\":\"Tudo sobre o Sul de Minas\",\"publisher\":{\"@id\":\"https:\/\/www.tvuai.com.br\/portal\/#organization\"},\"potentialAction\":[{\"@type\":\"SearchAction\",\"target\":{\"@type\":\"EntryPoint\",\"urlTemplate\":\"https:\/\/www.tvuai.com.br\/portal\/?s={search_term_string}\"},\"query-input\":{\"@type\":\"PropertyValueSpecification\",\"valueRequired\":true,\"valueName\":\"search_term_string\"}}],\"inLanguage\":\"pt-BR\"},{\"@type\":\"Organization\",\"@id\":\"https:\/\/www.tvuai.com.br\/portal\/#organization\",\"name\":\"TVUAI\",\"url\":\"https:\/\/www.tvuai.com.br\/portal\/\",\"logo\":{\"@type\":\"ImageObject\",\"inLanguage\":\"pt-BR\",\"@id\":\"https:\/\/www.tvuai.com.br\/portal\/#\/schema\/logo\/image\/\",\"url\":\"https:\/\/i0.wp.com\/www.tvuai.com.br\/portal\/wp-content\/uploads\/2017\/12\/logo_tvuai_100H.png?fit=207%2C100&ssl=1\",\"contentUrl\":\"https:\/\/i0.wp.com\/www.tvuai.com.br\/portal\/wp-content\/uploads\/2017\/12\/logo_tvuai_100H.png?fit=207%2C100&ssl=1\",\"width\":207,\"height\":100,\"caption\":\"TVUAI\"},\"image\":{\"@id\":\"https:\/\/www.tvuai.com.br\/portal\/#\/schema\/logo\/image\/\"},\"sameAs\":[\"http:\/\/www.facebook.com\/pages\/TV-Uai-Comunica\u00e7\u00e3o\/139062546157369\",\"https:\/\/x.com\/tvuai\",\"https:\/\/www.instagram.com\/tvuai_network\/\",\"https:\/\/www.youtube.com\/channel\/UCB7ZPB3wRv-OpoZ_09jmnkQ\"]},{\"@type\":\"Person\",\"@id\":\"https:\/\/www.tvuai.com.br\/portal\/#\/schema\/person\/245e50e9127451fd0b7fd76f519ebbfe\",\"name\":\"tvuai\",\"url\":\"https:\/\/www.tvuai.com.br\/portal\/author\/tvuai\/\"}]}<\/script>\n<!-- \/ Yoast SEO plugin. -->","yoast_head_json":{"title":"IFSULDEMINAS oferece cursinho pr\u00e9-vestibular para cursos t\u00e9cnicos integrados com bolsa de R$ 150,00 mensais - TVUAI","robots":{"index":"index","follow":"follow","max-snippet":"max-snippet:-1","max-image-preview":"max-image-preview:large","max-video-preview":"max-video-preview:-1"},"canonical":"https:\/\/www.tvuai.com.br\/portal\/ifsuldeminas-oferece-cursinho-pre-vestibular-para-cursos-tecnicos-integrados-com-bolsa-de-r-15000-mensais\/","og_locale":"pt_BR","og_type":"article","og_title":"IFSULDEMINAS oferece cursinho pr\u00e9-vestibular para cursos t\u00e9cnicos integrados com bolsa de R$ 150,00 mensais - TVUAI","og_description":"O Instituto Federal do Sul de Minas (IFSULDEMINAS) est\u00e1 com inscri\u00e7\u00f5es abertas para o cursinho pr\u00e9-vestibular voltado para os cursos t\u00e9cnicos integrados. Denominado &#8220;Prepara IFSULDEMINAS&#8221;, o programa ser\u00e1 realizado presencialmente duas vezes por semana durante a tarde e ter\u00e1 dura\u00e7\u00e3o de quatro meses, come\u00e7ando em agosto. Segundo o reitor Cleber \u00c1vila Barbosa, essa iniciativa \u00e9 [&hellip;]","og_url":"https:\/\/www.tvuai.com.br\/portal\/ifsuldeminas-oferece-cursinho-pre-vestibular-para-cursos-tecnicos-integrados-com-bolsa-de-r-15000-mensais\/","og_site_name":"TVUAI","article_publisher":"http:\/\/www.facebook.com\/pages\/TV-Uai-Comunica%c3%a7%c3%a3o\/139062546157369","article_published_time":"2024-07-12T15:38:01+00:00","article_modified_time":"2024-07-24T23:04:06+00:00","og_image":[{"width":200,"height":200,"url":"https:\/\/www.tvuai.com.br\/portal\/wp-content\/uploads\/2024\/07\/cursinhoifsuldeminas0.jpg","type":"image\/jpeg"}],"author":"tvuai","twitter_card":"summary_large_image","twitter_creator":"@tvuai","twitter_site":"@tvuai","twitter_misc":{"Escrito por":"tvuai","Est. tempo de leitura":"3 minutos"},"schema":{"@context":"https:\/\/schema.org","@graph":[{"@type":"Article","@id":"https:\/\/www.tvuai.com.br\/portal\/ifsuldeminas-oferece-cursinho-pre-vestibular-para-cursos-tecnicos-integrados-com-bolsa-de-r-15000-mensais\/#article","isPartOf":{"@id":"https:\/\/www.tvuai.com.br\/portal\/ifsuldeminas-oferece-cursinho-pre-vestibular-para-cursos-tecnicos-integrados-com-bolsa-de-r-15000-mensais\/"},"author":{"name":"tvuai","@id":"https:\/\/www.tvuai.com.br\/portal\/#\/schema\/person\/245e50e9127451fd0b7fd76f519ebbfe"},"headline":"IFSULDEMINAS oferece cursinho pr\u00e9-vestibular para cursos t\u00e9cnicos integrados com bolsa de R$ 150,00 mensais","datePublished":"2024-07-12T15:38:01+00:00","dateModified":"2024-07-24T23:04:06+00:00","mainEntityOfPage":{"@id":"https:\/\/www.tvuai.com.br\/portal\/ifsuldeminas-oferece-cursinho-pre-vestibular-para-cursos-tecnicos-integrados-com-bolsa-de-r-15000-mensais\/"},"wordCount":321,"publisher":{"@id":"https:\/\/www.tvuai.com.br\/portal\/#organization"},"image":{"@id":"https:\/\/www.tvuai.com.br\/portal\/ifsuldeminas-oferece-cursinho-pre-vestibular-para-cursos-tecnicos-integrados-com-bolsa-de-r-15000-mensais\/#primaryimage"},"thumbnailUrl":"https:\/\/i0.wp.com\/www.tvuai.com.br\/portal\/wp-content\/uploads\/2024\/07\/cursinhoifsuldeminas0.jpg?fit=200%2C200&ssl=1","keywords":["Alfabetiza\u00e7\u00e3o de Jovens e Adultos","Carmo de Minas","Diversidade e Inclus\u00e3o","Giselle Viana","IFSULDEMINAS","Inconfidentes","Instituto Federal do Sul de Minas","Machado","Minas Gerais","Muzambinho","Passos","Po\u00e7os de Caldas","Pouso Alegre","Prepara IFSULDEMINAS","Secadi","Secretaria de Educa\u00e7\u00e3o Continuada","Sul de Minas","Tr\u00eas Cora\u00e7\u00f5es","TV Uai","TV UAI 24 anos","TV UAI 24 anos com voc\u00ea","tvuai"],"articleSection":["Educa\u00e7\u00e3o","Not\u00edcias","\u00daltimas Not\u00edcias"],"inLanguage":"pt-BR"},{"@type":"WebPage","@id":"https:\/\/www.tvuai.com.br\/portal\/ifsuldeminas-oferece-cursinho-pre-vestibular-para-cursos-tecnicos-integrados-com-bolsa-de-r-15000-mensais\/","url":"https:\/\/www.tvuai.com.br\/portal\/ifsuldeminas-oferece-cursinho-pre-vestibular-para-cursos-tecnicos-integrados-com-bolsa-de-r-15000-mensais\/","name":"IFSULDEMINAS oferece cursinho pr\u00e9-vestibular para cursos t\u00e9cnicos integrados com bolsa de R$ 150,00 mensais - TVUAI","isPartOf":{"@id":"https:\/\/www.tvuai.com.br\/portal\/#website"},"primaryImageOfPage":{"@id":"https:\/\/www.tvuai.com.br\/portal\/ifsuldeminas-oferece-cursinho-pre-vestibular-para-cursos-tecnicos-integrados-com-bolsa-de-r-15000-mensais\/#primaryimage"},"image":{"@id":"https:\/\/www.tvuai.com.br\/portal\/ifsuldeminas-oferece-cursinho-pre-vestibular-para-cursos-tecnicos-integrados-com-bolsa-de-r-15000-mensais\/#primaryimage"},"thumbnailUrl":"https:\/\/i0.wp.com\/www.tvuai.com.br\/portal\/wp-content\/uploads\/2024\/07\/cursinhoifsuldeminas0.jpg?fit=200%2C200&ssl=1","datePublished":"2024-07-12T15:38:01+00:00","dateModified":"2024-07-24T23:04:06+00:00","breadcrumb":{"@id":"https:\/\/www.tvuai.com.br\/portal\/ifsuldeminas-oferece-cursinho-pre-vestibular-para-cursos-tecnicos-integrados-com-bolsa-de-r-15000-mensais\/#breadcrumb"},"inLanguage":"pt-BR","potentialAction":[{"@type":"ReadAction","target":["https:\/\/www.tvuai.com.br\/portal\/ifsuldeminas-oferece-cursinho-pre-vestibular-para-cursos-tecnicos-integrados-com-bolsa-de-r-15000-mensais\/"]}]},{"@type":"ImageObject","inLanguage":"pt-BR","@id":"https:\/\/www.tvuai.com.br\/portal\/ifsuldeminas-oferece-cursinho-pre-vestibular-para-cursos-tecnicos-integrados-com-bolsa-de-r-15000-mensais\/#primaryimage","url":"https:\/\/i0.wp.com\/www.tvuai.com.br\/portal\/wp-content\/uploads\/2024\/07\/cursinhoifsuldeminas0.jpg?fit=200%2C200&ssl=1","contentUrl":"https:\/\/i0.wp.com\/www.tvuai.com.br\/portal\/wp-content\/uploads\/2024\/07\/cursinhoifsuldeminas0.jpg?fit=200%2C200&ssl=1","width":200,"height":200},{"@type":"BreadcrumbList","@id":"https:\/\/www.tvuai.com.br\/portal\/ifsuldeminas-oferece-cursinho-pre-vestibular-para-cursos-tecnicos-integrados-com-bolsa-de-r-15000-mensais\/#breadcrumb","itemListElement":[{"@type":"ListItem","position":1,"name":"In\u00edcio","item":"https:\/\/www.tvuai.com.br\/portal\/"},{"@type":"ListItem","position":2,"name":"IFSULDEMINAS oferece cursinho pr\u00e9-vestibular para cursos t\u00e9cnicos integrados com bolsa de R$ 150,00 mensais"}]},{"@type":"WebSite","@id":"https:\/\/www.tvuai.com.br\/portal\/#website","url":"https:\/\/www.tvuai.com.br\/portal\/","name":"TVUAI","description":"Tudo sobre o Sul de Minas","publisher":{"@id":"https:\/\/www.tvuai.com.br\/portal\/#organization"},"potentialAction":[{"@type":"SearchAction","target":{"@type":"EntryPoint","urlTemplate":"https:\/\/www.tvuai.com.br\/portal\/?s={search_term_string}"},"query-input":{"@type":"PropertyValueSpecification","valueRequired":true,"valueName":"search_term_string"}}],"inLanguage":"pt-BR"},{"@type":"Organization","@id":"https:\/\/www.tvuai.com.br\/portal\/#organization","name":"TVUAI","url":"https:\/\/www.tvuai.com.br\/portal\/","logo":{"@type":"ImageObject","inLanguage":"pt-BR","@id":"https:\/\/www.tvuai.com.br\/portal\/#\/schema\/logo\/image\/","url":"https:\/\/i0.wp.com\/www.tvuai.com.br\/portal\/wp-content\/uploads\/2017\/12\/logo_tvuai_100H.png?fit=207%2C100&ssl=1","contentUrl":"https:\/\/i0.wp.com\/www.tvuai.com.br\/portal\/wp-content\/uploads\/2017\/12\/logo_tvuai_100H.png?fit=207%2C100&ssl=1","width":207,"height":100,"caption":"TVUAI"},"image":{"@id":"https:\/\/www.tvuai.com.br\/portal\/#\/schema\/logo\/image\/"},"sameAs":["http:\/\/www.facebook.com\/pages\/TV-Uai-Comunica\u00e7\u00e3o\/139062546157369","https:\/\/x.com\/tvuai","https:\/\/www.instagram.com\/tvuai_network\/","https:\/\/www.youtube.com\/channel\/UCB7ZPB3wRv-OpoZ_09jmnkQ"]},{"@type":"Person","@id":"https:\/\/www.tvuai.com.br\/portal\/#\/schema\/person\/245e50e9127451fd0b7fd76f519ebbfe","name":"tvuai","url":"https:\/\/www.tvuai.com.br\/portal\/author\/tvuai\/"}]}},"jetpack_featured_media_url":"https:\/\/i0.wp.com\/www.tvuai.com.br\/portal\/wp-content\/uploads\/2024\/07\/cursinhoifsuldeminas0.jpg?fit=200%2C200&ssl=1","wpmagazine_modules_lite_featured_media_urls":{"thumbnail":["https:\/\/i0.wp.com\/www.tvuai.com.br\/portal\/wp-content\/uploads\/2024\/07\/cursinhoifsuldeminas0.jpg?resize=150%2C150&ssl=1",150,150,true],"cvmm-medium":["https:\/\/i0.wp.com\/www.tvuai.com.br\/portal\/wp-content\/uploads\/2024\/07\/cursinhoifsuldeminas0.jpg?resize=200%2C200&ssl=1",200,200,true],"cvmm-medium-plus":["https:\/\/i0.wp.com\/www.tvuai.com.br\/portal\/wp-content\/uploads\/2024\/07\/cursinhoifsuldeminas0.jpg?resize=200%2C200&ssl=1",200,200,true],"cvmm-portrait":["https:\/\/i0.wp.com\/www.tvuai.com.br\/portal\/wp-content\/uploads\/2024\/07\/cursinhoifsuldeminas0.jpg?resize=200%2C200&ssl=1",200,200,true],"cvmm-medium-square":["https:\/\/i0.wp.com\/www.tvuai.com.br\/portal\/wp-content\/uploads\/2024\/07\/cursinhoifsuldeminas0.jpg?resize=200%2C200&ssl=1",200,200,true],"cvmm-large":["https:\/\/i0.wp.com\/www.tvuai.com.br\/portal\/wp-content\/uploads\/2024\/07\/cursinhoifsuldeminas0.jpg?resize=200%2C200&ssl=1",200,200,true],"cvmm-small":["https:\/\/i0.wp.com\/www.tvuai.com.br\/portal\/wp-content\/uploads\/2024\/07\/cursinhoifsuldeminas0.jpg?resize=130%2C95&ssl=1",130,95,true],"full":["https:\/\/i0.wp.com\/www.tvuai.com.br\/portal\/wp-content\/uploads\/2024\/07\/cursinhoifsuldeminas0.jpg?fit=200%2C200&ssl=1",200,200,false]},"categories_names":{"1845":{"name":"Educa\u00e7\u00e3o","link":"https:\/\/www.tvuai.com.br\/portal\/category\/educacao\/"},"19":{"name":"Not\u00edcias","link":"https:\/\/www.tvuai.com.br\/portal\/category\/noticias\/"},"5":{"name":"\u00daltimas Not\u00edcias","link":"https:\/\/www.tvuai.com.br\/portal\/category\/noticias\/ultimas\/"}},"tags_names":{"3372":{"name":"Alfabetiza\u00e7\u00e3o de Jovens e Adultos","link":"https:\/\/www.tvuai.com.br\/portal\/tag\/alfabetizacao-de-jovens-e-adultos\/"},"2741":{"name":"Carmo de Minas","link":"https:\/\/www.tvuai.com.br\/portal\/tag\/carmo-de-minas\/"},"3373":{"name":"Diversidade e Inclus\u00e3o","link":"https:\/\/www.tvuai.com.br\/portal\/tag\/diversidade-e-inclusao\/"},"2179":{"name":"Giselle Viana","link":"https:\/\/www.tvuai.com.br\/portal\/tag\/giselle-viana\/"},"1680":{"name":"IFSULDEMINAS","link":"https:\/\/www.tvuai.com.br\/portal\/tag\/ifsuldeminas\/"},"539":{"name":"Inconfidentes","link":"https:\/\/www.tvuai.com.br\/portal\/tag\/inconfidentes\/"},"1681":{"name":"Instituto Federal do Sul de Minas","link":"https:\/\/www.tvuai.com.br\/portal\/tag\/instituto-federal-do-sul-de-minas\/"},"1924":{"name":"Machado","link":"https:\/\/www.tvuai.com.br\/portal\/tag\/machado\/"},"184":{"name":"Minas Gerais","link":"https:\/\/www.tvuai.com.br\/portal\/tag\/minas-gerais\/"},"3375":{"name":"Muzambinho","link":"https:\/\/www.tvuai.com.br\/portal\/tag\/muzambinho\/"},"2415":{"name":"Passos","link":"https:\/\/www.tvuai.com.br\/portal\/tag\/passos\/"},"348":{"name":"Po\u00e7os de Caldas","link":"https:\/\/www.tvuai.com.br\/portal\/tag\/pocos-de-caldas\/"},"37":{"name":"Pouso Alegre","link":"https:\/\/www.tvuai.com.br\/portal\/tag\/pouso-alegre\/"},"3370":{"name":"Prepara IFSULDEMINAS","link":"https:\/\/www.tvuai.com.br\/portal\/tag\/prepara-ifsuldeminas\/"},"3374":{"name":"Secadi","link":"https:\/\/www.tvuai.com.br\/portal\/tag\/secadi\/"},"3371":{"name":"Secretaria de Educa\u00e7\u00e3o Continuada","link":"https:\/\/www.tvuai.com.br\/portal\/tag\/secretaria-de-educacao-continuada\/"},"39":{"name":"Sul de Minas","link":"https:\/\/www.tvuai.com.br\/portal\/tag\/sul-de-minas\/"},"1009":{"name":"Tr\u00eas Cora\u00e7\u00f5es","link":"https:\/\/www.tvuai.com.br\/portal\/tag\/tres-coracoes\/"},"27":{"name":"TV Uai","link":"https:\/\/www.tvuai.com.br\/portal\/tag\/tv-uai\/"},"2759":{"name":"TV UAI 24 anos","link":"https:\/\/www.tvuai.com.br\/portal\/tag\/tv-uai-24-anos\/"},"2760":{"name":"TV UAI 24 anos com voc\u00ea","link":"https:\/\/www.tvuai.com.br\/portal\/tag\/tv-uai-24-anos-com-voce\/"},"1638":{"name":"tvuai","link":"https:\/\/www.tvuai.com.br\/portal\/tag\/tvuai\/"}},"comments_number":"0","jetpack_shortlink":"https:\/\/wp.me\/p9woix-2ia","jetpack_sharing_enabled":true,"_links":{"self":[{"href":"https:\/\/www.tvuai.com.br\/portal\/wp-json\/wp\/v2\/posts\/8814"}],"collection":[{"href":"https:\/\/www.tvuai.com.br\/portal\/wp-json\/wp\/v2\/posts"}],"about":[{"href":"https:\/\/www.tvuai.com.br\/portal\/wp-json\/wp\/v2\/types\/post"}],"author":[{"embeddable":true,"href":"https:\/\/www.tvuai.com.br\/portal\/wp-json\/wp\/v2\/users\/1"}],"replies":[{"embeddable":true,"href":"https:\/\/www.tvuai.com.br\/portal\/wp-json\/wp\/v2\/comments?post=8814"}],"version-history":[{"count":3,"href":"https:\/\/www.tvuai.com.br\/portal\/wp-json\/wp\/v2\/posts\/8814\/revisions"}],"predecessor-version":[{"id":8821,"href":"https:\/\/www.tvuai.com.br\/portal\/wp-json\/wp\/v2\/posts\/8814\/revisions\/8821"}],"wp:featuredmedia":[{"embeddable":true,"href":"https:\/\/www.tvuai.com.br\/portal\/wp-json\/wp\/v2\/media\/8816"}],"wp:attachment":[{"href":"https:\/\/www.tvuai.com.br\/portal\/wp-json\/wp\/v2\/media?parent=8814"}],"wp:term":[{"taxonomy":"category","embeddable":true,"href":"https:\/\/www.tvuai.com.br\/portal\/wp-json\/wp\/v2\/categories?post=8814"},{"taxonomy":"post_tag","embeddable":true,"href":"https:\/\/www.tvuai.com.br\/portal\/wp-json\/wp\/v2\/tags?post=8814"}],"curies":[{"name":"wp","href":"https:\/\/api.w.org\/{rel}","templated":true}]}}