{"id":8763,"date":"2024-07-03T11:53:36","date_gmt":"2024-07-03T14:53:36","guid":{"rendered":"https:\/\/www.tvuai.com.br\/portal\/?p=8763"},"modified":"2024-07-12T21:07:20","modified_gmt":"2024-07-13T00:07:20","slug":"caminhada-ecologica-inaugurou-projeto-olimpa-2024-em-pouso-alegre","status":"publish","type":"post","link":"https:\/\/www.tvuai.com.br\/portal\/caminhada-ecologica-inaugurou-projeto-olimpa-2024-em-pouso-alegre\/","title":{"rendered":"Caminhada ecol\u00f3gica inaugurou projeto OlimPA 2024 em Pouso Alegre"},"content":{"rendered":"<div class=\"5a1038e0903b96d426fcfcc338703013\" data-index=\"1\" style=\"float: right; margin:10px 0 10px 10px;\">\n<script async src=\"https:\/\/pagead2.googlesyndication.com\/pagead\/js\/adsbygoogle.js?client=ca-pub-9945944833605257\"\r\n     crossorigin=\"anonymous\"><\/script>\r\n<ins class=\"adsbygoogle\"\r\n     style=\"display:block; text-align:center;\"\r\n     data-ad-layout=\"in-article\"\r\n     data-ad-format=\"fluid\"\r\n     data-ad-client=\"ca-pub-9945944833605257\"\r\n     data-ad-slot=\"2343923581\"><\/ins>\r\n<script>\r\n     (adsbygoogle = window.adsbygoogle || []).push({});\r\n<\/script>\n<\/div>\n<h5 style=\"text-align: center;\"><em><img data-recalc-dims=\"1\" decoding=\"async\" data-attachment-id=\"8767\" data-permalink=\"https:\/\/www.tvuai.com.br\/portal\/caminhada-ecologica-inaugurou-projeto-olimpa-2024-em-pouso-alegre\/olimpa1\/\" data-orig-file=\"https:\/\/i0.wp.com\/www.tvuai.com.br\/portal\/wp-content\/uploads\/2024\/07\/olimpa1.jpg?fit=1500%2C580&amp;ssl=1\" data-orig-size=\"1500,580\" data-comments-opened=\"0\" data-image-meta=\"{&quot;aperture&quot;:&quot;0&quot;,&quot;credit&quot;:&quot;&quot;,&quot;camera&quot;:&quot;&quot;,&quot;caption&quot;:&quot;&quot;,&quot;created_timestamp&quot;:&quot;0&quot;,&quot;copyright&quot;:&quot;&quot;,&quot;focal_length&quot;:&quot;0&quot;,&quot;iso&quot;:&quot;0&quot;,&quot;shutter_speed&quot;:&quot;0&quot;,&quot;title&quot;:&quot;&quot;,&quot;orientation&quot;:&quot;0&quot;}\" data-image-title=\"olimpa1\" data-image-description=\"\" data-image-caption=\"\" data-medium-file=\"https:\/\/i0.wp.com\/www.tvuai.com.br\/portal\/wp-content\/uploads\/2024\/07\/olimpa1.jpg?fit=300%2C116&amp;ssl=1\" data-large-file=\"https:\/\/i0.wp.com\/www.tvuai.com.br\/portal\/wp-content\/uploads\/2024\/07\/olimpa1.jpg?fit=640%2C248&amp;ssl=1\" tabindex=\"0\" role=\"button\" class=\"size-medium wp-image-8767 aligncenter\" src=\"https:\/\/i0.wp.com\/www.tvuai.com.br\/portal\/wp-content\/uploads\/2024\/07\/olimpa1.jpg?resize=300%2C116&#038;ssl=1\" alt=\"\" width=\"300\" height=\"116\" srcset=\"https:\/\/i0.wp.com\/www.tvuai.com.br\/portal\/wp-content\/uploads\/2024\/07\/olimpa1.jpg?resize=300%2C116&amp;ssl=1 300w, https:\/\/i0.wp.com\/www.tvuai.com.br\/portal\/wp-content\/uploads\/2024\/07\/olimpa1.jpg?resize=1024%2C396&amp;ssl=1 1024w, https:\/\/i0.wp.com\/www.tvuai.com.br\/portal\/wp-content\/uploads\/2024\/07\/olimpa1.jpg?resize=768%2C297&amp;ssl=1 768w, https:\/\/i0.wp.com\/www.tvuai.com.br\/portal\/wp-content\/uploads\/2024\/07\/olimpa1.jpg?resize=600%2C232&amp;ssl=1 600w, https:\/\/i0.wp.com\/www.tvuai.com.br\/portal\/wp-content\/uploads\/2024\/07\/olimpa1.jpg?w=1500&amp;ssl=1 1500w, https:\/\/i0.wp.com\/www.tvuai.com.br\/portal\/wp-content\/uploads\/2024\/07\/olimpa1.jpg?w=1280&amp;ssl=1 1280w\" sizes=\"(max-width: 300px) 100vw, 300px\" \/><\/em><\/h5>\n<h5 style=\"text-align: center;\"><em> Evento uniu esporte, meio ambiente e responsabilidade socioambiental<\/em><br \/>\n<em>mobilizando empresas e a comunidade em a\u00e7\u00f5es sustent\u00e1veis<\/em><\/h5>\n<p><img data-recalc-dims=\"1\" fetchpriority=\"high\" decoding=\"async\" data-attachment-id=\"8770\" data-permalink=\"https:\/\/www.tvuai.com.br\/portal\/caminhada-ecologica-inaugurou-projeto-olimpa-2024-em-pouso-alegre\/olimpa4\/\" data-orig-file=\"https:\/\/i0.wp.com\/www.tvuai.com.br\/portal\/wp-content\/uploads\/2024\/07\/olimpa4.jpg?fit=1500%2C1000&amp;ssl=1\" data-orig-size=\"1500,1000\" data-comments-opened=\"0\" data-image-meta=\"{&quot;aperture&quot;:&quot;0&quot;,&quot;credit&quot;:&quot;&quot;,&quot;camera&quot;:&quot;&quot;,&quot;caption&quot;:&quot;&quot;,&quot;created_timestamp&quot;:&quot;0&quot;,&quot;copyright&quot;:&quot;&quot;,&quot;focal_length&quot;:&quot;0&quot;,&quot;iso&quot;:&quot;0&quot;,&quot;shutter_speed&quot;:&quot;0&quot;,&quot;title&quot;:&quot;&quot;,&quot;orientation&quot;:&quot;0&quot;}\" data-image-title=\"olimpa4\" data-image-description=\"\" data-image-caption=\"\" data-medium-file=\"https:\/\/i0.wp.com\/www.tvuai.com.br\/portal\/wp-content\/uploads\/2024\/07\/olimpa4.jpg?fit=300%2C200&amp;ssl=1\" data-large-file=\"https:\/\/i0.wp.com\/www.tvuai.com.br\/portal\/wp-content\/uploads\/2024\/07\/olimpa4.jpg?fit=640%2C427&amp;ssl=1\" tabindex=\"0\" role=\"button\" class=\"size-medium wp-image-8770 alignright\" src=\"https:\/\/i0.wp.com\/www.tvuai.com.br\/portal\/wp-content\/uploads\/2024\/07\/olimpa4.jpg?resize=300%2C200&#038;ssl=1\" alt=\"\" width=\"300\" height=\"200\" srcset=\"https:\/\/i0.wp.com\/www.tvuai.com.br\/portal\/wp-content\/uploads\/2024\/07\/olimpa4.jpg?resize=300%2C200&amp;ssl=1 300w, https:\/\/i0.wp.com\/www.tvuai.com.br\/portal\/wp-content\/uploads\/2024\/07\/olimpa4.jpg?resize=1024%2C683&amp;ssl=1 1024w, https:\/\/i0.wp.com\/www.tvuai.com.br\/portal\/wp-content\/uploads\/2024\/07\/olimpa4.jpg?resize=768%2C512&amp;ssl=1 768w, https:\/\/i0.wp.com\/www.tvuai.com.br\/portal\/wp-content\/uploads\/2024\/07\/olimpa4.jpg?resize=600%2C400&amp;ssl=1 600w, https:\/\/i0.wp.com\/www.tvuai.com.br\/portal\/wp-content\/uploads\/2024\/07\/olimpa4.jpg?w=1500&amp;ssl=1 1500w, https:\/\/i0.wp.com\/www.tvuai.com.br\/portal\/wp-content\/uploads\/2024\/07\/olimpa4.jpg?w=1280&amp;ssl=1 1280w\" sizes=\"(max-width: 300px) 100vw, 300px\" \/>No \u00faltimo dia de junho, 30, Pouso Alegre sediou um evento significativo que reuniu empresas, comunidade e a prefeitura em prol da sustentabilidade: a Caminhada Ecol\u00f3gica, que marcou o in\u00edcio do projeto OlimPA 2024. Organizado pelo Instituto Euvaldo Lodi (IEL\/MG) em parceria com o SESI\/MG, essa atividade fez parte das Olimp\u00edadas de Sustentabilidade de Pouso Alegre, com o objetivo de promover pr\u00e1ticas sustent\u00e1veis nas ind\u00fastrias da regi\u00e3o.<\/p>\n<p>Alinhado ao Pacto Global e \u00e0 agenda ESG da Federa\u00e7\u00e3o das Ind\u00fastrias de Minas Gerais (FIEMG), o projeto OlimPA incentiva a responsabilidade socioambiental por meio de competi\u00e7\u00f5es esportivas e a\u00e7\u00f5es ambientais ao longo do ano. Entre os eventos planejados est\u00e3o o Pedal com Plantio e a Canoagem Ecol\u00f3gica, todos sincronizados com datas comemorativas ambientais, como o Dia de Combate \u00e0 Polui\u00e7\u00e3o, o Dia Mundial da Limpeza das \u00c1guas e o Dia Internacional da \u00c1rvore.<\/p>\n<p><img data-recalc-dims=\"1\" decoding=\"async\" data-attachment-id=\"8768\" data-permalink=\"https:\/\/www.tvuai.com.br\/portal\/caminhada-ecologica-inaugurou-projeto-olimpa-2024-em-pouso-alegre\/olimpa2\/\" data-orig-file=\"https:\/\/i0.wp.com\/www.tvuai.com.br\/portal\/wp-content\/uploads\/2024\/07\/olimpa2.jpg?fit=1024%2C683&amp;ssl=1\" data-orig-size=\"1024,683\" data-comments-opened=\"0\" data-image-meta=\"{&quot;aperture&quot;:&quot;0&quot;,&quot;credit&quot;:&quot;&quot;,&quot;camera&quot;:&quot;&quot;,&quot;caption&quot;:&quot;&quot;,&quot;created_timestamp&quot;:&quot;0&quot;,&quot;copyright&quot;:&quot;&quot;,&quot;focal_length&quot;:&quot;0&quot;,&quot;iso&quot;:&quot;0&quot;,&quot;shutter_speed&quot;:&quot;0&quot;,&quot;title&quot;:&quot;&quot;,&quot;orientation&quot;:&quot;0&quot;}\" data-image-title=\"olimpa2\" data-image-description=\"\" data-image-caption=\"\" data-medium-file=\"https:\/\/i0.wp.com\/www.tvuai.com.br\/portal\/wp-content\/uploads\/2024\/07\/olimpa2.jpg?fit=300%2C200&amp;ssl=1\" data-large-file=\"https:\/\/i0.wp.com\/www.tvuai.com.br\/portal\/wp-content\/uploads\/2024\/07\/olimpa2.jpg?fit=640%2C427&amp;ssl=1\" tabindex=\"0\" role=\"button\" class=\"size-medium wp-image-8768 alignleft\" src=\"https:\/\/i0.wp.com\/www.tvuai.com.br\/portal\/wp-content\/uploads\/2024\/07\/olimpa2.jpg?resize=300%2C200&#038;ssl=1\" alt=\"\" width=\"300\" height=\"200\" srcset=\"https:\/\/i0.wp.com\/www.tvuai.com.br\/portal\/wp-content\/uploads\/2024\/07\/olimpa2.jpg?resize=300%2C200&amp;ssl=1 300w, https:\/\/i0.wp.com\/www.tvuai.com.br\/portal\/wp-content\/uploads\/2024\/07\/olimpa2.jpg?resize=768%2C512&amp;ssl=1 768w, https:\/\/i0.wp.com\/www.tvuai.com.br\/portal\/wp-content\/uploads\/2024\/07\/olimpa2.jpg?resize=600%2C400&amp;ssl=1 600w, https:\/\/i0.wp.com\/www.tvuai.com.br\/portal\/wp-content\/uploads\/2024\/07\/olimpa2.jpg?w=1024&amp;ssl=1 1024w\" sizes=\"(max-width: 300px) 100vw, 300px\" \/>A Caminhada Ecol\u00f3gica contou com a participa\u00e7\u00e3o de 108 pessoas de seis renomadas empresas da regi\u00e3o \u2013 ACG World, Adient, Berry Global, Pr\u00e1tica, Unilever e XCMG Brasil Ind\u00fastria \u2013 em um percurso de 14 quil\u00f4metros at\u00e9 o Cristo da cidade. Durante o trajeto, al\u00e9m de promover a atividade f\u00edsica e o contato com a natureza, foi realizada a coleta de res\u00edduos.<\/p>\n<p><img data-recalc-dims=\"1\" loading=\"lazy\" decoding=\"async\" data-attachment-id=\"8769\" data-permalink=\"https:\/\/www.tvuai.com.br\/portal\/caminhada-ecologica-inaugurou-projeto-olimpa-2024-em-pouso-alegre\/olimpa3\/\" data-orig-file=\"https:\/\/i0.wp.com\/www.tvuai.com.br\/portal\/wp-content\/uploads\/2024\/07\/olimpa3.jpg?fit=1500%2C1000&amp;ssl=1\" data-orig-size=\"1500,1000\" data-comments-opened=\"0\" data-image-meta=\"{&quot;aperture&quot;:&quot;0&quot;,&quot;credit&quot;:&quot;&quot;,&quot;camera&quot;:&quot;&quot;,&quot;caption&quot;:&quot;&quot;,&quot;created_timestamp&quot;:&quot;0&quot;,&quot;copyright&quot;:&quot;&quot;,&quot;focal_length&quot;:&quot;0&quot;,&quot;iso&quot;:&quot;0&quot;,&quot;shutter_speed&quot;:&quot;0&quot;,&quot;title&quot;:&quot;&quot;,&quot;orientation&quot;:&quot;0&quot;}\" data-image-title=\"olimpa3\" data-image-description=\"\" data-image-caption=\"\" data-medium-file=\"https:\/\/i0.wp.com\/www.tvuai.com.br\/portal\/wp-content\/uploads\/2024\/07\/olimpa3.jpg?fit=300%2C200&amp;ssl=1\" data-large-file=\"https:\/\/i0.wp.com\/www.tvuai.com.br\/portal\/wp-content\/uploads\/2024\/07\/olimpa3.jpg?fit=640%2C427&amp;ssl=1\" tabindex=\"0\" role=\"button\" class=\"size-medium wp-image-8769 alignright\" src=\"https:\/\/i0.wp.com\/www.tvuai.com.br\/portal\/wp-content\/uploads\/2024\/07\/olimpa3.jpg?resize=300%2C200&#038;ssl=1\" alt=\"\" width=\"300\" height=\"200\" srcset=\"https:\/\/i0.wp.com\/www.tvuai.com.br\/portal\/wp-content\/uploads\/2024\/07\/olimpa3.jpg?resize=300%2C200&amp;ssl=1 300w, https:\/\/i0.wp.com\/www.tvuai.com.br\/portal\/wp-content\/uploads\/2024\/07\/olimpa3.jpg?resize=1024%2C683&amp;ssl=1 1024w, https:\/\/i0.wp.com\/www.tvuai.com.br\/portal\/wp-content\/uploads\/2024\/07\/olimpa3.jpg?resize=768%2C512&amp;ssl=1 768w, https:\/\/i0.wp.com\/www.tvuai.com.br\/portal\/wp-content\/uploads\/2024\/07\/olimpa3.jpg?resize=600%2C400&amp;ssl=1 600w, https:\/\/i0.wp.com\/www.tvuai.com.br\/portal\/wp-content\/uploads\/2024\/07\/olimpa3.jpg?w=1500&amp;ssl=1 1500w, https:\/\/i0.wp.com\/www.tvuai.com.br\/portal\/wp-content\/uploads\/2024\/07\/olimpa3.jpg?w=1280&amp;ssl=1 1280w\" sizes=\"(max-width: 300px) 100vw, 300px\" \/>Kamila Vilela, coordenadora de Sustentabilidade do IEL, enfatizou o impacto ambiental significativo da a\u00e7\u00e3o. \u201cCom o esfor\u00e7o conjunto dos participantes, foram coletadas 2,640 toneladas de res\u00edduos, limpando n\u00e3o apenas o trajeto da caminhada, mas tamb\u00e9m conscientizando sobre a responsabilidade compartilhada na preserva\u00e7\u00e3o ambiental\u201d, disse.<\/p>\n<p>&nbsp;<\/p>\n<p><img data-recalc-dims=\"1\" loading=\"lazy\" decoding=\"async\" data-attachment-id=\"8771\" data-permalink=\"https:\/\/www.tvuai.com.br\/portal\/caminhada-ecologica-inaugurou-projeto-olimpa-2024-em-pouso-alegre\/olimpa5\/\" data-orig-file=\"https:\/\/i0.wp.com\/www.tvuai.com.br\/portal\/wp-content\/uploads\/2024\/07\/olimpa5.jpg?fit=1500%2C1125&amp;ssl=1\" data-orig-size=\"1500,1125\" data-comments-opened=\"0\" data-image-meta=\"{&quot;aperture&quot;:&quot;0&quot;,&quot;credit&quot;:&quot;&quot;,&quot;camera&quot;:&quot;&quot;,&quot;caption&quot;:&quot;&quot;,&quot;created_timestamp&quot;:&quot;0&quot;,&quot;copyright&quot;:&quot;&quot;,&quot;focal_length&quot;:&quot;0&quot;,&quot;iso&quot;:&quot;0&quot;,&quot;shutter_speed&quot;:&quot;0&quot;,&quot;title&quot;:&quot;&quot;,&quot;orientation&quot;:&quot;0&quot;}\" data-image-title=\"olimpa5\" data-image-description=\"\" data-image-caption=\"\" data-medium-file=\"https:\/\/i0.wp.com\/www.tvuai.com.br\/portal\/wp-content\/uploads\/2024\/07\/olimpa5.jpg?fit=300%2C225&amp;ssl=1\" data-large-file=\"https:\/\/i0.wp.com\/www.tvuai.com.br\/portal\/wp-content\/uploads\/2024\/07\/olimpa5.jpg?fit=640%2C480&amp;ssl=1\" tabindex=\"0\" role=\"button\" class=\"size-medium wp-image-8771 alignleft\" src=\"https:\/\/i0.wp.com\/www.tvuai.com.br\/portal\/wp-content\/uploads\/2024\/07\/olimpa5.jpg?resize=300%2C225&#038;ssl=1\" alt=\"\" width=\"300\" height=\"225\" srcset=\"https:\/\/i0.wp.com\/www.tvuai.com.br\/portal\/wp-content\/uploads\/2024\/07\/olimpa5.jpg?resize=300%2C225&amp;ssl=1 300w, https:\/\/i0.wp.com\/www.tvuai.com.br\/portal\/wp-content\/uploads\/2024\/07\/olimpa5.jpg?resize=1024%2C768&amp;ssl=1 1024w, https:\/\/i0.wp.com\/www.tvuai.com.br\/portal\/wp-content\/uploads\/2024\/07\/olimpa5.jpg?resize=768%2C576&amp;ssl=1 768w, https:\/\/i0.wp.com\/www.tvuai.com.br\/portal\/wp-content\/uploads\/2024\/07\/olimpa5.jpg?resize=136%2C102&amp;ssl=1 136w, https:\/\/i0.wp.com\/www.tvuai.com.br\/portal\/wp-content\/uploads\/2024\/07\/olimpa5.jpg?resize=600%2C450&amp;ssl=1 600w, https:\/\/i0.wp.com\/www.tvuai.com.br\/portal\/wp-content\/uploads\/2024\/07\/olimpa5.jpg?w=1500&amp;ssl=1 1500w, https:\/\/i0.wp.com\/www.tvuai.com.br\/portal\/wp-content\/uploads\/2024\/07\/olimpa5.jpg?w=1280&amp;ssl=1 1280w\" sizes=\"(max-width: 300px) 100vw, 300px\" \/> <img data-recalc-dims=\"1\" loading=\"lazy\" decoding=\"async\" data-attachment-id=\"8772\" data-permalink=\"https:\/\/www.tvuai.com.br\/portal\/caminhada-ecologica-inaugurou-projeto-olimpa-2024-em-pouso-alegre\/olimpa6\/\" data-orig-file=\"https:\/\/i0.wp.com\/www.tvuai.com.br\/portal\/wp-content\/uploads\/2024\/07\/olimpa6.jpg?fit=1500%2C1125&amp;ssl=1\" data-orig-size=\"1500,1125\" data-comments-opened=\"0\" data-image-meta=\"{&quot;aperture&quot;:&quot;0&quot;,&quot;credit&quot;:&quot;&quot;,&quot;camera&quot;:&quot;&quot;,&quot;caption&quot;:&quot;&quot;,&quot;created_timestamp&quot;:&quot;0&quot;,&quot;copyright&quot;:&quot;&quot;,&quot;focal_length&quot;:&quot;0&quot;,&quot;iso&quot;:&quot;0&quot;,&quot;shutter_speed&quot;:&quot;0&quot;,&quot;title&quot;:&quot;&quot;,&quot;orientation&quot;:&quot;0&quot;}\" data-image-title=\"olimpa6\" data-image-description=\"\" data-image-caption=\"\" data-medium-file=\"https:\/\/i0.wp.com\/www.tvuai.com.br\/portal\/wp-content\/uploads\/2024\/07\/olimpa6.jpg?fit=300%2C225&amp;ssl=1\" data-large-file=\"https:\/\/i0.wp.com\/www.tvuai.com.br\/portal\/wp-content\/uploads\/2024\/07\/olimpa6.jpg?fit=640%2C480&amp;ssl=1\" tabindex=\"0\" role=\"button\" class=\"size-medium wp-image-8772 alignright\" src=\"https:\/\/i0.wp.com\/www.tvuai.com.br\/portal\/wp-content\/uploads\/2024\/07\/olimpa6.jpg?resize=300%2C225&#038;ssl=1\" alt=\"\" width=\"300\" height=\"225\" srcset=\"https:\/\/i0.wp.com\/www.tvuai.com.br\/portal\/wp-content\/uploads\/2024\/07\/olimpa6.jpg?resize=300%2C225&amp;ssl=1 300w, https:\/\/i0.wp.com\/www.tvuai.com.br\/portal\/wp-content\/uploads\/2024\/07\/olimpa6.jpg?resize=1024%2C768&amp;ssl=1 1024w, https:\/\/i0.wp.com\/www.tvuai.com.br\/portal\/wp-content\/uploads\/2024\/07\/olimpa6.jpg?resize=768%2C576&amp;ssl=1 768w, https:\/\/i0.wp.com\/www.tvuai.com.br\/portal\/wp-content\/uploads\/2024\/07\/olimpa6.jpg?resize=136%2C102&amp;ssl=1 136w, https:\/\/i0.wp.com\/www.tvuai.com.br\/portal\/wp-content\/uploads\/2024\/07\/olimpa6.jpg?resize=600%2C450&amp;ssl=1 600w, https:\/\/i0.wp.com\/www.tvuai.com.br\/portal\/wp-content\/uploads\/2024\/07\/olimpa6.jpg?w=1500&amp;ssl=1 1500w, https:\/\/i0.wp.com\/www.tvuai.com.br\/portal\/wp-content\/uploads\/2024\/07\/olimpa6.jpg?w=1280&amp;ssl=1 1280w\" sizes=\"(max-width: 300px) 100vw, 300px\" \/>As Olimp\u00edadas de Sustentabilidade de Pouso Alegre v\u00e3o al\u00e9m de uma competi\u00e7\u00e3o entre empresas, representando um compromisso com o futuro sustent\u00e1vel da cidade e do planeta. Thiago Machado, analista de Sustentabilidade do IEL, comentou: &#8220;ao promover a reflex\u00e3o sobre nossos h\u00e1bitos e a\u00e7\u00f5es di\u00e1rias, o evento destacou que pequenas mudan\u00e7as individuais podem resultar em grandes impactos positivos para o meio ambiente\u201d.<\/p>\n<p><img data-recalc-dims=\"1\" loading=\"lazy\" decoding=\"async\" data-attachment-id=\"8773\" data-permalink=\"https:\/\/www.tvuai.com.br\/portal\/caminhada-ecologica-inaugurou-projeto-olimpa-2024-em-pouso-alegre\/olimpa7\/\" data-orig-file=\"https:\/\/i0.wp.com\/www.tvuai.com.br\/portal\/wp-content\/uploads\/2024\/07\/olimpa7.jpg?fit=1500%2C1125&amp;ssl=1\" data-orig-size=\"1500,1125\" data-comments-opened=\"0\" data-image-meta=\"{&quot;aperture&quot;:&quot;0&quot;,&quot;credit&quot;:&quot;&quot;,&quot;camera&quot;:&quot;&quot;,&quot;caption&quot;:&quot;&quot;,&quot;created_timestamp&quot;:&quot;0&quot;,&quot;copyright&quot;:&quot;&quot;,&quot;focal_length&quot;:&quot;0&quot;,&quot;iso&quot;:&quot;0&quot;,&quot;shutter_speed&quot;:&quot;0&quot;,&quot;title&quot;:&quot;&quot;,&quot;orientation&quot;:&quot;0&quot;}\" data-image-title=\"olimpa7\" data-image-description=\"\" data-image-caption=\"\" data-medium-file=\"https:\/\/i0.wp.com\/www.tvuai.com.br\/portal\/wp-content\/uploads\/2024\/07\/olimpa7.jpg?fit=300%2C225&amp;ssl=1\" data-large-file=\"https:\/\/i0.wp.com\/www.tvuai.com.br\/portal\/wp-content\/uploads\/2024\/07\/olimpa7.jpg?fit=640%2C480&amp;ssl=1\" tabindex=\"0\" role=\"button\" class=\"size-medium wp-image-8773 alignleft\" src=\"https:\/\/i0.wp.com\/www.tvuai.com.br\/portal\/wp-content\/uploads\/2024\/07\/olimpa7.jpg?resize=300%2C225&#038;ssl=1\" alt=\"\" width=\"300\" height=\"225\" srcset=\"https:\/\/i0.wp.com\/www.tvuai.com.br\/portal\/wp-content\/uploads\/2024\/07\/olimpa7.jpg?resize=300%2C225&amp;ssl=1 300w, https:\/\/i0.wp.com\/www.tvuai.com.br\/portal\/wp-content\/uploads\/2024\/07\/olimpa7.jpg?resize=1024%2C768&amp;ssl=1 1024w, https:\/\/i0.wp.com\/www.tvuai.com.br\/portal\/wp-content\/uploads\/2024\/07\/olimpa7.jpg?resize=768%2C576&amp;ssl=1 768w, https:\/\/i0.wp.com\/www.tvuai.com.br\/portal\/wp-content\/uploads\/2024\/07\/olimpa7.jpg?resize=136%2C102&amp;ssl=1 136w, https:\/\/i0.wp.com\/www.tvuai.com.br\/portal\/wp-content\/uploads\/2024\/07\/olimpa7.jpg?resize=600%2C450&amp;ssl=1 600w, https:\/\/i0.wp.com\/www.tvuai.com.br\/portal\/wp-content\/uploads\/2024\/07\/olimpa7.jpg?w=1500&amp;ssl=1 1500w, https:\/\/i0.wp.com\/www.tvuai.com.br\/portal\/wp-content\/uploads\/2024\/07\/olimpa7.jpg?w=1280&amp;ssl=1 1280w\" sizes=\"(max-width: 300px) 100vw, 300px\" \/> <img data-recalc-dims=\"1\" loading=\"lazy\" decoding=\"async\" data-attachment-id=\"8774\" data-permalink=\"https:\/\/www.tvuai.com.br\/portal\/caminhada-ecologica-inaugurou-projeto-olimpa-2024-em-pouso-alegre\/olimpa8\/\" data-orig-file=\"https:\/\/i0.wp.com\/www.tvuai.com.br\/portal\/wp-content\/uploads\/2024\/07\/olimpa8.jpg?fit=1500%2C1125&amp;ssl=1\" data-orig-size=\"1500,1125\" data-comments-opened=\"0\" data-image-meta=\"{&quot;aperture&quot;:&quot;0&quot;,&quot;credit&quot;:&quot;&quot;,&quot;camera&quot;:&quot;&quot;,&quot;caption&quot;:&quot;&quot;,&quot;created_timestamp&quot;:&quot;0&quot;,&quot;copyright&quot;:&quot;&quot;,&quot;focal_length&quot;:&quot;0&quot;,&quot;iso&quot;:&quot;0&quot;,&quot;shutter_speed&quot;:&quot;0&quot;,&quot;title&quot;:&quot;&quot;,&quot;orientation&quot;:&quot;0&quot;}\" data-image-title=\"olimpa8\" data-image-description=\"\" data-image-caption=\"\" data-medium-file=\"https:\/\/i0.wp.com\/www.tvuai.com.br\/portal\/wp-content\/uploads\/2024\/07\/olimpa8.jpg?fit=300%2C225&amp;ssl=1\" data-large-file=\"https:\/\/i0.wp.com\/www.tvuai.com.br\/portal\/wp-content\/uploads\/2024\/07\/olimpa8.jpg?fit=640%2C480&amp;ssl=1\" tabindex=\"0\" role=\"button\" class=\"size-medium wp-image-8774 alignright\" src=\"https:\/\/i0.wp.com\/www.tvuai.com.br\/portal\/wp-content\/uploads\/2024\/07\/olimpa8.jpg?resize=300%2C225&#038;ssl=1\" alt=\"\" width=\"300\" height=\"225\" srcset=\"https:\/\/i0.wp.com\/www.tvuai.com.br\/portal\/wp-content\/uploads\/2024\/07\/olimpa8.jpg?resize=300%2C225&amp;ssl=1 300w, https:\/\/i0.wp.com\/www.tvuai.com.br\/portal\/wp-content\/uploads\/2024\/07\/olimpa8.jpg?resize=1024%2C768&amp;ssl=1 1024w, https:\/\/i0.wp.com\/www.tvuai.com.br\/portal\/wp-content\/uploads\/2024\/07\/olimpa8.jpg?resize=768%2C576&amp;ssl=1 768w, https:\/\/i0.wp.com\/www.tvuai.com.br\/portal\/wp-content\/uploads\/2024\/07\/olimpa8.jpg?resize=136%2C102&amp;ssl=1 136w, https:\/\/i0.wp.com\/www.tvuai.com.br\/portal\/wp-content\/uploads\/2024\/07\/olimpa8.jpg?resize=600%2C450&amp;ssl=1 600w, https:\/\/i0.wp.com\/www.tvuai.com.br\/portal\/wp-content\/uploads\/2024\/07\/olimpa8.jpg?w=1500&amp;ssl=1 1500w, https:\/\/i0.wp.com\/www.tvuai.com.br\/portal\/wp-content\/uploads\/2024\/07\/olimpa8.jpg?w=1280&amp;ssl=1 1280w\" sizes=\"(max-width: 300px) 100vw, 300px\" \/>As empresas participantes do OlimPA tamb\u00e9m aderiram ao programa Alian\u00e7a Ambiental Estrat\u00e9gica, uma iniciativa da Secretaria de Estado de Meio Ambiente e Desenvolvimento Sustent\u00e1vel (SEMAD) e do IEL\/FIEMG. Este programa refor\u00e7a a import\u00e2ncia do cuidado com o meio ambiente e a sa\u00fade, destacando o papel de cada indiv\u00edduo nessa miss\u00e3o coletiva.<\/p>\n<p><img data-recalc-dims=\"1\" loading=\"lazy\" decoding=\"async\" data-attachment-id=\"8775\" data-permalink=\"https:\/\/www.tvuai.com.br\/portal\/caminhada-ecologica-inaugurou-projeto-olimpa-2024-em-pouso-alegre\/olimpa9\/\" data-orig-file=\"https:\/\/i0.wp.com\/www.tvuai.com.br\/portal\/wp-content\/uploads\/2024\/07\/olimpa9.jpg?fit=1500%2C1125&amp;ssl=1\" data-orig-size=\"1500,1125\" data-comments-opened=\"0\" data-image-meta=\"{&quot;aperture&quot;:&quot;0&quot;,&quot;credit&quot;:&quot;&quot;,&quot;camera&quot;:&quot;&quot;,&quot;caption&quot;:&quot;&quot;,&quot;created_timestamp&quot;:&quot;0&quot;,&quot;copyright&quot;:&quot;&quot;,&quot;focal_length&quot;:&quot;0&quot;,&quot;iso&quot;:&quot;0&quot;,&quot;shutter_speed&quot;:&quot;0&quot;,&quot;title&quot;:&quot;&quot;,&quot;orientation&quot;:&quot;0&quot;}\" data-image-title=\"olimpa9\" data-image-description=\"\" data-image-caption=\"\" data-medium-file=\"https:\/\/i0.wp.com\/www.tvuai.com.br\/portal\/wp-content\/uploads\/2024\/07\/olimpa9.jpg?fit=300%2C225&amp;ssl=1\" data-large-file=\"https:\/\/i0.wp.com\/www.tvuai.com.br\/portal\/wp-content\/uploads\/2024\/07\/olimpa9.jpg?fit=640%2C480&amp;ssl=1\" tabindex=\"0\" role=\"button\" class=\"size-medium wp-image-8775 alignleft\" src=\"https:\/\/i0.wp.com\/www.tvuai.com.br\/portal\/wp-content\/uploads\/2024\/07\/olimpa9.jpg?resize=300%2C225&#038;ssl=1\" alt=\"\" width=\"300\" height=\"225\" srcset=\"https:\/\/i0.wp.com\/www.tvuai.com.br\/portal\/wp-content\/uploads\/2024\/07\/olimpa9.jpg?resize=300%2C225&amp;ssl=1 300w, https:\/\/i0.wp.com\/www.tvuai.com.br\/portal\/wp-content\/uploads\/2024\/07\/olimpa9.jpg?resize=1024%2C768&amp;ssl=1 1024w, https:\/\/i0.wp.com\/www.tvuai.com.br\/portal\/wp-content\/uploads\/2024\/07\/olimpa9.jpg?resize=768%2C576&amp;ssl=1 768w, https:\/\/i0.wp.com\/www.tvuai.com.br\/portal\/wp-content\/uploads\/2024\/07\/olimpa9.jpg?resize=136%2C102&amp;ssl=1 136w, https:\/\/i0.wp.com\/www.tvuai.com.br\/portal\/wp-content\/uploads\/2024\/07\/olimpa9.jpg?resize=600%2C450&amp;ssl=1 600w, https:\/\/i0.wp.com\/www.tvuai.com.br\/portal\/wp-content\/uploads\/2024\/07\/olimpa9.jpg?w=1500&amp;ssl=1 1500w, https:\/\/i0.wp.com\/www.tvuai.com.br\/portal\/wp-content\/uploads\/2024\/07\/olimpa9.jpg?w=1280&amp;ssl=1 1280w\" sizes=\"(max-width: 300px) 100vw, 300px\" \/> <img data-recalc-dims=\"1\" loading=\"lazy\" decoding=\"async\" data-attachment-id=\"8776\" data-permalink=\"https:\/\/www.tvuai.com.br\/portal\/caminhada-ecologica-inaugurou-projeto-olimpa-2024-em-pouso-alegre\/olimpa10\/\" data-orig-file=\"https:\/\/i0.wp.com\/www.tvuai.com.br\/portal\/wp-content\/uploads\/2024\/07\/olimpa10.jpg?fit=1500%2C1125&amp;ssl=1\" data-orig-size=\"1500,1125\" data-comments-opened=\"0\" data-image-meta=\"{&quot;aperture&quot;:&quot;0&quot;,&quot;credit&quot;:&quot;&quot;,&quot;camera&quot;:&quot;&quot;,&quot;caption&quot;:&quot;&quot;,&quot;created_timestamp&quot;:&quot;0&quot;,&quot;copyright&quot;:&quot;&quot;,&quot;focal_length&quot;:&quot;0&quot;,&quot;iso&quot;:&quot;0&quot;,&quot;shutter_speed&quot;:&quot;0&quot;,&quot;title&quot;:&quot;&quot;,&quot;orientation&quot;:&quot;0&quot;}\" data-image-title=\"olimpa10\" data-image-description=\"\" data-image-caption=\"\" data-medium-file=\"https:\/\/i0.wp.com\/www.tvuai.com.br\/portal\/wp-content\/uploads\/2024\/07\/olimpa10.jpg?fit=300%2C225&amp;ssl=1\" data-large-file=\"https:\/\/i0.wp.com\/www.tvuai.com.br\/portal\/wp-content\/uploads\/2024\/07\/olimpa10.jpg?fit=640%2C480&amp;ssl=1\" tabindex=\"0\" role=\"button\" class=\"size-medium wp-image-8776 alignright\" src=\"https:\/\/i0.wp.com\/www.tvuai.com.br\/portal\/wp-content\/uploads\/2024\/07\/olimpa10.jpg?resize=300%2C225&#038;ssl=1\" alt=\"\" width=\"300\" height=\"225\" srcset=\"https:\/\/i0.wp.com\/www.tvuai.com.br\/portal\/wp-content\/uploads\/2024\/07\/olimpa10.jpg?resize=300%2C225&amp;ssl=1 300w, https:\/\/i0.wp.com\/www.tvuai.com.br\/portal\/wp-content\/uploads\/2024\/07\/olimpa10.jpg?resize=1024%2C768&amp;ssl=1 1024w, https:\/\/i0.wp.com\/www.tvuai.com.br\/portal\/wp-content\/uploads\/2024\/07\/olimpa10.jpg?resize=768%2C576&amp;ssl=1 768w, https:\/\/i0.wp.com\/www.tvuai.com.br\/portal\/wp-content\/uploads\/2024\/07\/olimpa10.jpg?resize=136%2C102&amp;ssl=1 136w, https:\/\/i0.wp.com\/www.tvuai.com.br\/portal\/wp-content\/uploads\/2024\/07\/olimpa10.jpg?resize=600%2C450&amp;ssl=1 600w, https:\/\/i0.wp.com\/www.tvuai.com.br\/portal\/wp-content\/uploads\/2024\/07\/olimpa10.jpg?w=1500&amp;ssl=1 1500w, https:\/\/i0.wp.com\/www.tvuai.com.br\/portal\/wp-content\/uploads\/2024\/07\/olimpa10.jpg?w=1280&amp;ssl=1 1280w\" sizes=\"(max-width: 300px) 100vw, 300px\" \/>Kamila Vilela celebrou o sucesso do evento. \u201cfoi inspirador ver empresas, comunidade e parceiros unidos em prol do meio ambiente, coletando mais de 2 toneladas de res\u00edduos durante a Caminhada Ecol\u00f3gica. A participa\u00e7\u00e3o das empresas \u00e9 ainda mais significativa considerando a concorr\u00eancia pelo selo do Programa Alian\u00e7a Ambiental Estrat\u00e9gica em Minas Gerais, refor\u00e7ando o compromisso com pr\u00e1ticas sustent\u00e1veis e responsabilidade socioambiental\u201d, afirmou.<\/p>\n<p>O evento foi um passo importante rumo a um futuro mais sustent\u00e1vel, inspirando a continuidade de iniciativas que promovam o cuidado com o meio ambiente e a sa\u00fade de todos.<\/p>\n<h6 style=\"text-align: right;\"><em><strong>Com informa\u00e7\u00f5es de Ana Paula Motta\/Imprensa FIEMG<\/strong><\/em><\/h6>\n\n<div style=\"font-size: 0px; height: 0px; line-height: 0px; margin: 0; padding: 0; clear: both;\"><\/div><div class='share-to-whatsapp-wrapper'><div class='share-on-whsp'>Share on: <\/div><a data-text='Caminhada ecol\u00f3gica inaugurou projeto OlimPA 2024 em Pouso Alegre' data-link='https:\/\/www.tvuai.com.br\/portal\/caminhada-ecologica-inaugurou-projeto-olimpa-2024-em-pouso-alegre\/' class='whatsapp-button whatsapp-share'>WhatsApp<\/a><div class='clear '><\/div><\/div><!-- AddThis Advanced Settings generic via filter on the_content --><!-- AddThis Share Buttons generic via filter on the_content -->","protected":false},"excerpt":{"rendered":"<p>Evento uniu esporte, meio ambiente e responsabilidade socioambiental mobilizando empresas e a comunidade em a\u00e7\u00f5es sustent\u00e1veis No \u00faltimo dia de junho, 30, Pouso Alegre sediou um evento significativo que reuniu empresas, comunidade e a prefeitura em prol da sustentabilidade: a Caminhada Ecol\u00f3gica, que marcou o in\u00edcio do projeto OlimPA 2024. Organizado pelo Instituto Euvaldo Lodi [&hellip;]<!-- AddThis Advanced Settings generic via filter on get_the_excerpt --><!-- AddThis Share Buttons generic via filter on get_the_excerpt --><\/p>\n","protected":false},"author":1,"featured_media":8766,"comment_status":"closed","ping_status":"closed","sticky":false,"template":"","format":"standard","meta":{"jetpack_post_was_ever_published":false,"_jetpack_newsletter_access":"","_jetpack_dont_email_post_to_subs":false,"_jetpack_newsletter_tier_id":0,"_jetpack_memberships_contains_paywalled_content":false,"_jetpack_memberships_contains_paid_content":false,"_joinchat":[],"footnotes":"","jetpack_publicize_message":"","jetpack_publicize_feature_enabled":true,"jetpack_social_post_already_shared":true,"jetpack_social_options":{"image_generator_settings":{"template":"highway","enabled":false},"version":2}},"categories":[20,1819,19,1876,5],"tags":[3356,3357,3350,3363,3358,3344,3352,3353,3355,3354,186,3347,3346,3360,184,3348,3349,3351,37,615,2425,324,769,3362,3345,866,39,3361,27,2759,2760,1638,1741,3359],"class_list":["post-8763","post","type-post","status-publish","format-standard","has-post-thumbnail","hentry","category-entretenimento","category-esportes","category-noticias","category-saude","category-ultimas","tag-acg-world","tag-adient","tag-agenda-esg-da-federacao-das-industrias-de-minas-gerais","tag-ana-paula-motta","tag-berry-global","tag-caminhada-ecologica","tag-canoagem-ecologica","tag-dia-de-combate-a-poluicao","tag-dia-internacional-da-arvore","tag-dia-mundial-da-limpeza-das-aguas","tag-fiemg","tag-iel-mg","tag-instituto-euvaldo-lodi","tag-kamila-vilela","tag-minas-gerais","tag-olimpiadas-de-sustentabilidade-de-pouso-alegre","tag-pacto-global","tag-pedal-com-plantio","tag-pouso-alegre","tag-pratica","tag-prefeito-cel-dimas","tag-prefeito-de-pouso-alegre","tag-prefeitura-de-pouso-alegre","tag-programa-alianca-ambiental-estrategica-em-minas-gerais","tag-projeto-olimpa-2024","tag-sesi-mg","tag-sul-de-minas","tag-thiago-machado","tag-tv-uai","tag-tv-uai-24-anos","tag-tv-uai-24-anos-com-voce","tag-tvuai","tag-unilever","tag-xcmg-brasil"],"jetpack_publicize_connections":[],"yoast_head":"<!-- This site is optimized with the Yoast SEO plugin v23.5 - https:\/\/yoast.com\/wordpress\/plugins\/seo\/ -->\n<title>Caminhada ecol\u00f3gica inaugurou projeto OlimPA 2024 em Pouso Alegre - TVUAI<\/title>\n<meta name=\"robots\" content=\"index, follow, max-snippet:-1, max-image-preview:large, max-video-preview:-1\" \/>\n<link rel=\"canonical\" href=\"https:\/\/www.tvuai.com.br\/portal\/caminhada-ecologica-inaugurou-projeto-olimpa-2024-em-pouso-alegre\/\" \/>\n<meta property=\"og:locale\" content=\"pt_BR\" \/>\n<meta property=\"og:type\" content=\"article\" \/>\n<meta property=\"og:title\" content=\"Caminhada ecol\u00f3gica inaugurou projeto OlimPA 2024 em Pouso Alegre - TVUAI\" \/>\n<meta property=\"og:description\" content=\"Evento uniu esporte, meio ambiente e responsabilidade socioambiental mobilizando empresas e a comunidade em a\u00e7\u00f5es sustent\u00e1veis No \u00faltimo dia de junho, 30, Pouso Alegre sediou um evento significativo que reuniu empresas, comunidade e a prefeitura em prol da sustentabilidade: a Caminhada Ecol\u00f3gica, que marcou o in\u00edcio do projeto OlimPA 2024. Organizado pelo Instituto Euvaldo Lodi [&hellip;]\" \/>\n<meta property=\"og:url\" content=\"https:\/\/www.tvuai.com.br\/portal\/caminhada-ecologica-inaugurou-projeto-olimpa-2024-em-pouso-alegre\/\" \/>\n<meta property=\"og:site_name\" content=\"TVUAI\" \/>\n<meta property=\"article:publisher\" content=\"http:\/\/www.facebook.com\/pages\/TV-Uai-Comunica%c3%a7%c3%a3o\/139062546157369\" \/>\n<meta property=\"article:published_time\" content=\"2024-07-03T14:53:36+00:00\" \/>\n<meta property=\"article:modified_time\" content=\"2024-07-13T00:07:20+00:00\" \/>\n<meta property=\"og:image\" content=\"https:\/\/www.tvuai.com.br\/portal\/wp-content\/uploads\/2024\/07\/olimpa0.jpg\" \/>\n\t<meta property=\"og:image:width\" content=\"265\" \/>\n\t<meta property=\"og:image:height\" content=\"200\" \/>\n\t<meta property=\"og:image:type\" content=\"image\/jpeg\" \/>\n<meta name=\"author\" content=\"tvuai\" \/>\n<meta name=\"twitter:card\" content=\"summary_large_image\" \/>\n<meta name=\"twitter:creator\" content=\"@tvuai\" \/>\n<meta name=\"twitter:site\" content=\"@tvuai\" \/>\n<meta name=\"twitter:label1\" content=\"Escrito por\" \/>\n\t<meta name=\"twitter:data1\" content=\"tvuai\" \/>\n\t<meta name=\"twitter:label2\" content=\"Est. tempo de leitura\" \/>\n\t<meta name=\"twitter:data2\" content=\"5 minutos\" \/>\n<script type=\"application\/ld+json\" class=\"yoast-schema-graph\">{\"@context\":\"https:\/\/schema.org\",\"@graph\":[{\"@type\":\"Article\",\"@id\":\"https:\/\/www.tvuai.com.br\/portal\/caminhada-ecologica-inaugurou-projeto-olimpa-2024-em-pouso-alegre\/#article\",\"isPartOf\":{\"@id\":\"https:\/\/www.tvuai.com.br\/portal\/caminhada-ecologica-inaugurou-projeto-olimpa-2024-em-pouso-alegre\/\"},\"author\":{\"name\":\"tvuai\",\"@id\":\"https:\/\/www.tvuai.com.br\/portal\/#\/schema\/person\/245e50e9127451fd0b7fd76f519ebbfe\"},\"headline\":\"Caminhada ecol\u00f3gica inaugurou projeto OlimPA 2024 em Pouso Alegre\",\"datePublished\":\"2024-07-03T14:53:36+00:00\",\"dateModified\":\"2024-07-13T00:07:20+00:00\",\"mainEntityOfPage\":{\"@id\":\"https:\/\/www.tvuai.com.br\/portal\/caminhada-ecologica-inaugurou-projeto-olimpa-2024-em-pouso-alegre\/\"},\"wordCount\":538,\"publisher\":{\"@id\":\"https:\/\/www.tvuai.com.br\/portal\/#organization\"},\"image\":{\"@id\":\"https:\/\/www.tvuai.com.br\/portal\/caminhada-ecologica-inaugurou-projeto-olimpa-2024-em-pouso-alegre\/#primaryimage\"},\"thumbnailUrl\":\"https:\/\/i0.wp.com\/www.tvuai.com.br\/portal\/wp-content\/uploads\/2024\/07\/olimpa0.jpg?fit=265%2C200&ssl=1\",\"keywords\":[\"ACG World\",\"Adient\",\"agenda ESG da Federa\u00e7\u00e3o das Ind\u00fastrias de Minas Gerais\",\"Ana Paula Motta\",\"Berry Global\",\"Caminhada Ecol\u00f3gica\",\"Canoagem Ecol\u00f3gica\",\"Dia de Combate \u00e0 Polui\u00e7\u00e3o\",\"Dia Internacional da \u00c1rvore.\",\"Dia Mundial da Limpeza das \u00c1guas\",\"FIEMG\",\"IEL\/MG\",\"Instituto Euvaldo Lodi\",\"Kamila Vilela\",\"Minas Gerais\",\"Olimp\u00edadas de Sustentabilidade de Pouso Alegre\",\"Pacto Global\",\"Pedal com Plantio\",\"Pouso Alegre\",\"Pr\u00e1tica\",\"Prefeito Cel Dimas\",\"prefeito de Pouso Alegre\",\"Prefeitura de Pouso Alegre\",\"Programa Alian\u00e7a Ambiental Estrat\u00e9gica em Minas Gerais\",\"projeto OlimPA 2024\",\"SESI MG\",\"Sul de Minas\",\"Thiago Machado\",\"TV Uai\",\"TV UAI 24 anos\",\"TV UAI 24 anos com voc\u00ea\",\"tvuai\",\"Unilever\",\"XCMG Brasil\"],\"articleSection\":[\"Entretenimento\",\"Esportes\",\"Not\u00edcias\",\"Sa\u00fade\",\"\u00daltimas Not\u00edcias\"],\"inLanguage\":\"pt-BR\"},{\"@type\":\"WebPage\",\"@id\":\"https:\/\/www.tvuai.com.br\/portal\/caminhada-ecologica-inaugurou-projeto-olimpa-2024-em-pouso-alegre\/\",\"url\":\"https:\/\/www.tvuai.com.br\/portal\/caminhada-ecologica-inaugurou-projeto-olimpa-2024-em-pouso-alegre\/\",\"name\":\"Caminhada ecol\u00f3gica inaugurou projeto OlimPA 2024 em Pouso Alegre - TVUAI\",\"isPartOf\":{\"@id\":\"https:\/\/www.tvuai.com.br\/portal\/#website\"},\"primaryImageOfPage\":{\"@id\":\"https:\/\/www.tvuai.com.br\/portal\/caminhada-ecologica-inaugurou-projeto-olimpa-2024-em-pouso-alegre\/#primaryimage\"},\"image\":{\"@id\":\"https:\/\/www.tvuai.com.br\/portal\/caminhada-ecologica-inaugurou-projeto-olimpa-2024-em-pouso-alegre\/#primaryimage\"},\"thumbnailUrl\":\"https:\/\/i0.wp.com\/www.tvuai.com.br\/portal\/wp-content\/uploads\/2024\/07\/olimpa0.jpg?fit=265%2C200&ssl=1\",\"datePublished\":\"2024-07-03T14:53:36+00:00\",\"dateModified\":\"2024-07-13T00:07:20+00:00\",\"breadcrumb\":{\"@id\":\"https:\/\/www.tvuai.com.br\/portal\/caminhada-ecologica-inaugurou-projeto-olimpa-2024-em-pouso-alegre\/#breadcrumb\"},\"inLanguage\":\"pt-BR\",\"potentialAction\":[{\"@type\":\"ReadAction\",\"target\":[\"https:\/\/www.tvuai.com.br\/portal\/caminhada-ecologica-inaugurou-projeto-olimpa-2024-em-pouso-alegre\/\"]}]},{\"@type\":\"ImageObject\",\"inLanguage\":\"pt-BR\",\"@id\":\"https:\/\/www.tvuai.com.br\/portal\/caminhada-ecologica-inaugurou-projeto-olimpa-2024-em-pouso-alegre\/#primaryimage\",\"url\":\"https:\/\/i0.wp.com\/www.tvuai.com.br\/portal\/wp-content\/uploads\/2024\/07\/olimpa0.jpg?fit=265%2C200&ssl=1\",\"contentUrl\":\"https:\/\/i0.wp.com\/www.tvuai.com.br\/portal\/wp-content\/uploads\/2024\/07\/olimpa0.jpg?fit=265%2C200&ssl=1\",\"width\":265,\"height\":200},{\"@type\":\"BreadcrumbList\",\"@id\":\"https:\/\/www.tvuai.com.br\/portal\/caminhada-ecologica-inaugurou-projeto-olimpa-2024-em-pouso-alegre\/#breadcrumb\",\"itemListElement\":[{\"@type\":\"ListItem\",\"position\":1,\"name\":\"In\u00edcio\",\"item\":\"https:\/\/www.tvuai.com.br\/portal\/\"},{\"@type\":\"ListItem\",\"position\":2,\"name\":\"Caminhada ecol\u00f3gica inaugurou projeto OlimPA 2024 em Pouso Alegre\"}]},{\"@type\":\"WebSite\",\"@id\":\"https:\/\/www.tvuai.com.br\/portal\/#website\",\"url\":\"https:\/\/www.tvuai.com.br\/portal\/\",\"name\":\"TVUAI\",\"description\":\"Tudo sobre o Sul de Minas\",\"publisher\":{\"@id\":\"https:\/\/www.tvuai.com.br\/portal\/#organization\"},\"potentialAction\":[{\"@type\":\"SearchAction\",\"target\":{\"@type\":\"EntryPoint\",\"urlTemplate\":\"https:\/\/www.tvuai.com.br\/portal\/?s={search_term_string}\"},\"query-input\":{\"@type\":\"PropertyValueSpecification\",\"valueRequired\":true,\"valueName\":\"search_term_string\"}}],\"inLanguage\":\"pt-BR\"},{\"@type\":\"Organization\",\"@id\":\"https:\/\/www.tvuai.com.br\/portal\/#organization\",\"name\":\"TVUAI\",\"url\":\"https:\/\/www.tvuai.com.br\/portal\/\",\"logo\":{\"@type\":\"ImageObject\",\"inLanguage\":\"pt-BR\",\"@id\":\"https:\/\/www.tvuai.com.br\/portal\/#\/schema\/logo\/image\/\",\"url\":\"https:\/\/i0.wp.com\/www.tvuai.com.br\/portal\/wp-content\/uploads\/2017\/12\/logo_tvuai_100H.png?fit=207%2C100&ssl=1\",\"contentUrl\":\"https:\/\/i0.wp.com\/www.tvuai.com.br\/portal\/wp-content\/uploads\/2017\/12\/logo_tvuai_100H.png?fit=207%2C100&ssl=1\",\"width\":207,\"height\":100,\"caption\":\"TVUAI\"},\"image\":{\"@id\":\"https:\/\/www.tvuai.com.br\/portal\/#\/schema\/logo\/image\/\"},\"sameAs\":[\"http:\/\/www.facebook.com\/pages\/TV-Uai-Comunica\u00e7\u00e3o\/139062546157369\",\"https:\/\/x.com\/tvuai\",\"https:\/\/www.instagram.com\/tvuai_network\/\",\"https:\/\/www.youtube.com\/channel\/UCB7ZPB3wRv-OpoZ_09jmnkQ\"]},{\"@type\":\"Person\",\"@id\":\"https:\/\/www.tvuai.com.br\/portal\/#\/schema\/person\/245e50e9127451fd0b7fd76f519ebbfe\",\"name\":\"tvuai\",\"url\":\"https:\/\/www.tvuai.com.br\/portal\/author\/tvuai\/\"}]}<\/script>\n<!-- \/ Yoast SEO plugin. -->","yoast_head_json":{"title":"Caminhada ecol\u00f3gica inaugurou projeto OlimPA 2024 em Pouso Alegre - TVUAI","robots":{"index":"index","follow":"follow","max-snippet":"max-snippet:-1","max-image-preview":"max-image-preview:large","max-video-preview":"max-video-preview:-1"},"canonical":"https:\/\/www.tvuai.com.br\/portal\/caminhada-ecologica-inaugurou-projeto-olimpa-2024-em-pouso-alegre\/","og_locale":"pt_BR","og_type":"article","og_title":"Caminhada ecol\u00f3gica inaugurou projeto OlimPA 2024 em Pouso Alegre - TVUAI","og_description":"Evento uniu esporte, meio ambiente e responsabilidade socioambiental mobilizando empresas e a comunidade em a\u00e7\u00f5es sustent\u00e1veis No \u00faltimo dia de junho, 30, Pouso Alegre sediou um evento significativo que reuniu empresas, comunidade e a prefeitura em prol da sustentabilidade: a Caminhada Ecol\u00f3gica, que marcou o in\u00edcio do projeto OlimPA 2024. Organizado pelo Instituto Euvaldo Lodi [&hellip;]","og_url":"https:\/\/www.tvuai.com.br\/portal\/caminhada-ecologica-inaugurou-projeto-olimpa-2024-em-pouso-alegre\/","og_site_name":"TVUAI","article_publisher":"http:\/\/www.facebook.com\/pages\/TV-Uai-Comunica%c3%a7%c3%a3o\/139062546157369","article_published_time":"2024-07-03T14:53:36+00:00","article_modified_time":"2024-07-13T00:07:20+00:00","og_image":[{"width":265,"height":200,"url":"https:\/\/www.tvuai.com.br\/portal\/wp-content\/uploads\/2024\/07\/olimpa0.jpg","type":"image\/jpeg"}],"author":"tvuai","twitter_card":"summary_large_image","twitter_creator":"@tvuai","twitter_site":"@tvuai","twitter_misc":{"Escrito por":"tvuai","Est. tempo de leitura":"5 minutos"},"schema":{"@context":"https:\/\/schema.org","@graph":[{"@type":"Article","@id":"https:\/\/www.tvuai.com.br\/portal\/caminhada-ecologica-inaugurou-projeto-olimpa-2024-em-pouso-alegre\/#article","isPartOf":{"@id":"https:\/\/www.tvuai.com.br\/portal\/caminhada-ecologica-inaugurou-projeto-olimpa-2024-em-pouso-alegre\/"},"author":{"name":"tvuai","@id":"https:\/\/www.tvuai.com.br\/portal\/#\/schema\/person\/245e50e9127451fd0b7fd76f519ebbfe"},"headline":"Caminhada ecol\u00f3gica inaugurou projeto OlimPA 2024 em Pouso Alegre","datePublished":"2024-07-03T14:53:36+00:00","dateModified":"2024-07-13T00:07:20+00:00","mainEntityOfPage":{"@id":"https:\/\/www.tvuai.com.br\/portal\/caminhada-ecologica-inaugurou-projeto-olimpa-2024-em-pouso-alegre\/"},"wordCount":538,"publisher":{"@id":"https:\/\/www.tvuai.com.br\/portal\/#organization"},"image":{"@id":"https:\/\/www.tvuai.com.br\/portal\/caminhada-ecologica-inaugurou-projeto-olimpa-2024-em-pouso-alegre\/#primaryimage"},"thumbnailUrl":"https:\/\/i0.wp.com\/www.tvuai.com.br\/portal\/wp-content\/uploads\/2024\/07\/olimpa0.jpg?fit=265%2C200&ssl=1","keywords":["ACG World","Adient","agenda ESG da Federa\u00e7\u00e3o das Ind\u00fastrias de Minas Gerais","Ana Paula Motta","Berry Global","Caminhada Ecol\u00f3gica","Canoagem Ecol\u00f3gica","Dia de Combate \u00e0 Polui\u00e7\u00e3o","Dia Internacional da \u00c1rvore.","Dia Mundial da Limpeza das \u00c1guas","FIEMG","IEL\/MG","Instituto Euvaldo Lodi","Kamila Vilela","Minas Gerais","Olimp\u00edadas de Sustentabilidade de Pouso Alegre","Pacto Global","Pedal com Plantio","Pouso Alegre","Pr\u00e1tica","Prefeito Cel Dimas","prefeito de Pouso Alegre","Prefeitura de Pouso Alegre","Programa Alian\u00e7a Ambiental Estrat\u00e9gica em Minas Gerais","projeto OlimPA 2024","SESI MG","Sul de Minas","Thiago Machado","TV Uai","TV UAI 24 anos","TV UAI 24 anos com voc\u00ea","tvuai","Unilever","XCMG Brasil"],"articleSection":["Entretenimento","Esportes","Not\u00edcias","Sa\u00fade","\u00daltimas Not\u00edcias"],"inLanguage":"pt-BR"},{"@type":"WebPage","@id":"https:\/\/www.tvuai.com.br\/portal\/caminhada-ecologica-inaugurou-projeto-olimpa-2024-em-pouso-alegre\/","url":"https:\/\/www.tvuai.com.br\/portal\/caminhada-ecologica-inaugurou-projeto-olimpa-2024-em-pouso-alegre\/","name":"Caminhada ecol\u00f3gica inaugurou projeto OlimPA 2024 em Pouso Alegre - TVUAI","isPartOf":{"@id":"https:\/\/www.tvuai.com.br\/portal\/#website"},"primaryImageOfPage":{"@id":"https:\/\/www.tvuai.com.br\/portal\/caminhada-ecologica-inaugurou-projeto-olimpa-2024-em-pouso-alegre\/#primaryimage"},"image":{"@id":"https:\/\/www.tvuai.com.br\/portal\/caminhada-ecologica-inaugurou-projeto-olimpa-2024-em-pouso-alegre\/#primaryimage"},"thumbnailUrl":"https:\/\/i0.wp.com\/www.tvuai.com.br\/portal\/wp-content\/uploads\/2024\/07\/olimpa0.jpg?fit=265%2C200&ssl=1","datePublished":"2024-07-03T14:53:36+00:00","dateModified":"2024-07-13T00:07:20+00:00","breadcrumb":{"@id":"https:\/\/www.tvuai.com.br\/portal\/caminhada-ecologica-inaugurou-projeto-olimpa-2024-em-pouso-alegre\/#breadcrumb"},"inLanguage":"pt-BR","potentialAction":[{"@type":"ReadAction","target":["https:\/\/www.tvuai.com.br\/portal\/caminhada-ecologica-inaugurou-projeto-olimpa-2024-em-pouso-alegre\/"]}]},{"@type":"ImageObject","inLanguage":"pt-BR","@id":"https:\/\/www.tvuai.com.br\/portal\/caminhada-ecologica-inaugurou-projeto-olimpa-2024-em-pouso-alegre\/#primaryimage","url":"https:\/\/i0.wp.com\/www.tvuai.com.br\/portal\/wp-content\/uploads\/2024\/07\/olimpa0.jpg?fit=265%2C200&ssl=1","contentUrl":"https:\/\/i0.wp.com\/www.tvuai.com.br\/portal\/wp-content\/uploads\/2024\/07\/olimpa0.jpg?fit=265%2C200&ssl=1","width":265,"height":200},{"@type":"BreadcrumbList","@id":"https:\/\/www.tvuai.com.br\/portal\/caminhada-ecologica-inaugurou-projeto-olimpa-2024-em-pouso-alegre\/#breadcrumb","itemListElement":[{"@type":"ListItem","position":1,"name":"In\u00edcio","item":"https:\/\/www.tvuai.com.br\/portal\/"},{"@type":"ListItem","position":2,"name":"Caminhada ecol\u00f3gica inaugurou projeto OlimPA 2024 em Pouso Alegre"}]},{"@type":"WebSite","@id":"https:\/\/www.tvuai.com.br\/portal\/#website","url":"https:\/\/www.tvuai.com.br\/portal\/","name":"TVUAI","description":"Tudo sobre o Sul de Minas","publisher":{"@id":"https:\/\/www.tvuai.com.br\/portal\/#organization"},"potentialAction":[{"@type":"SearchAction","target":{"@type":"EntryPoint","urlTemplate":"https:\/\/www.tvuai.com.br\/portal\/?s={search_term_string}"},"query-input":{"@type":"PropertyValueSpecification","valueRequired":true,"valueName":"search_term_string"}}],"inLanguage":"pt-BR"},{"@type":"Organization","@id":"https:\/\/www.tvuai.com.br\/portal\/#organization","name":"TVUAI","url":"https:\/\/www.tvuai.com.br\/portal\/","logo":{"@type":"ImageObject","inLanguage":"pt-BR","@id":"https:\/\/www.tvuai.com.br\/portal\/#\/schema\/logo\/image\/","url":"https:\/\/i0.wp.com\/www.tvuai.com.br\/portal\/wp-content\/uploads\/2017\/12\/logo_tvuai_100H.png?fit=207%2C100&ssl=1","contentUrl":"https:\/\/i0.wp.com\/www.tvuai.com.br\/portal\/wp-content\/uploads\/2017\/12\/logo_tvuai_100H.png?fit=207%2C100&ssl=1","width":207,"height":100,"caption":"TVUAI"},"image":{"@id":"https:\/\/www.tvuai.com.br\/portal\/#\/schema\/logo\/image\/"},"sameAs":["http:\/\/www.facebook.com\/pages\/TV-Uai-Comunica\u00e7\u00e3o\/139062546157369","https:\/\/x.com\/tvuai","https:\/\/www.instagram.com\/tvuai_network\/","https:\/\/www.youtube.com\/channel\/UCB7ZPB3wRv-OpoZ_09jmnkQ"]},{"@type":"Person","@id":"https:\/\/www.tvuai.com.br\/portal\/#\/schema\/person\/245e50e9127451fd0b7fd76f519ebbfe","name":"tvuai","url":"https:\/\/www.tvuai.com.br\/portal\/author\/tvuai\/"}]}},"jetpack_featured_media_url":"https:\/\/i0.wp.com\/www.tvuai.com.br\/portal\/wp-content\/uploads\/2024\/07\/olimpa0.jpg?fit=265%2C200&ssl=1","wpmagazine_modules_lite_featured_media_urls":{"thumbnail":["https:\/\/i0.wp.com\/www.tvuai.com.br\/portal\/wp-content\/uploads\/2024\/07\/olimpa0.jpg?resize=150%2C150&ssl=1",150,150,true],"cvmm-medium":["https:\/\/i0.wp.com\/www.tvuai.com.br\/portal\/wp-content\/uploads\/2024\/07\/olimpa0.jpg?resize=265%2C200&ssl=1",265,200,true],"cvmm-medium-plus":["https:\/\/i0.wp.com\/www.tvuai.com.br\/portal\/wp-content\/uploads\/2024\/07\/olimpa0.jpg?resize=265%2C200&ssl=1",265,200,true],"cvmm-portrait":["https:\/\/i0.wp.com\/www.tvuai.com.br\/portal\/wp-content\/uploads\/2024\/07\/olimpa0.jpg?resize=265%2C200&ssl=1",265,200,true],"cvmm-medium-square":["https:\/\/i0.wp.com\/www.tvuai.com.br\/portal\/wp-content\/uploads\/2024\/07\/olimpa0.jpg?resize=265%2C200&ssl=1",265,200,true],"cvmm-large":["https:\/\/i0.wp.com\/www.tvuai.com.br\/portal\/wp-content\/uploads\/2024\/07\/olimpa0.jpg?resize=265%2C200&ssl=1",265,200,true],"cvmm-small":["https:\/\/i0.wp.com\/www.tvuai.com.br\/portal\/wp-content\/uploads\/2024\/07\/olimpa0.jpg?resize=130%2C95&ssl=1",130,95,true],"full":["https:\/\/i0.wp.com\/www.tvuai.com.br\/portal\/wp-content\/uploads\/2024\/07\/olimpa0.jpg?fit=265%2C200&ssl=1",265,200,false]},"categories_names":{"20":{"name":"Entretenimento","link":"https:\/\/www.tvuai.com.br\/portal\/category\/entretenimento\/"},"1819":{"name":"Esportes","link":"https:\/\/www.tvuai.com.br\/portal\/category\/esportes\/"},"19":{"name":"Not\u00edcias","link":"https:\/\/www.tvuai.com.br\/portal\/category\/noticias\/"},"1876":{"name":"Sa\u00fade","link":"https:\/\/www.tvuai.com.br\/portal\/category\/saude\/"},"5":{"name":"\u00daltimas Not\u00edcias","link":"https:\/\/www.tvuai.com.br\/portal\/category\/noticias\/ultimas\/"}},"tags_names":{"3356":{"name":"ACG World","link":"https:\/\/www.tvuai.com.br\/portal\/tag\/acg-world\/"},"3357":{"name":"Adient","link":"https:\/\/www.tvuai.com.br\/portal\/tag\/adient\/"},"3350":{"name":"agenda ESG da Federa\u00e7\u00e3o das Ind\u00fastrias de Minas Gerais","link":"https:\/\/www.tvuai.com.br\/portal\/tag\/agenda-esg-da-federacao-das-industrias-de-minas-gerais\/"},"3363":{"name":"Ana Paula Motta","link":"https:\/\/www.tvuai.com.br\/portal\/tag\/ana-paula-motta\/"},"3358":{"name":"Berry Global","link":"https:\/\/www.tvuai.com.br\/portal\/tag\/berry-global\/"},"3344":{"name":"Caminhada Ecol\u00f3gica","link":"https:\/\/www.tvuai.com.br\/portal\/tag\/caminhada-ecologica\/"},"3352":{"name":"Canoagem Ecol\u00f3gica","link":"https:\/\/www.tvuai.com.br\/portal\/tag\/canoagem-ecologica\/"},"3353":{"name":"Dia de Combate \u00e0 Polui\u00e7\u00e3o","link":"https:\/\/www.tvuai.com.br\/portal\/tag\/dia-de-combate-a-poluicao\/"},"3355":{"name":"Dia Internacional da \u00c1rvore.","link":"https:\/\/www.tvuai.com.br\/portal\/tag\/dia-internacional-da-arvore\/"},"3354":{"name":"Dia Mundial da Limpeza das \u00c1guas","link":"https:\/\/www.tvuai.com.br\/portal\/tag\/dia-mundial-da-limpeza-das-aguas\/"},"186":{"name":"FIEMG","link":"https:\/\/www.tvuai.com.br\/portal\/tag\/fiemg\/"},"3347":{"name":"IEL\/MG","link":"https:\/\/www.tvuai.com.br\/portal\/tag\/iel-mg\/"},"3346":{"name":"Instituto Euvaldo Lodi","link":"https:\/\/www.tvuai.com.br\/portal\/tag\/instituto-euvaldo-lodi\/"},"3360":{"name":"Kamila Vilela","link":"https:\/\/www.tvuai.com.br\/portal\/tag\/kamila-vilela\/"},"184":{"name":"Minas Gerais","link":"https:\/\/www.tvuai.com.br\/portal\/tag\/minas-gerais\/"},"3348":{"name":"Olimp\u00edadas de Sustentabilidade de Pouso Alegre","link":"https:\/\/www.tvuai.com.br\/portal\/tag\/olimpiadas-de-sustentabilidade-de-pouso-alegre\/"},"3349":{"name":"Pacto Global","link":"https:\/\/www.tvuai.com.br\/portal\/tag\/pacto-global\/"},"3351":{"name":"Pedal com Plantio","link":"https:\/\/www.tvuai.com.br\/portal\/tag\/pedal-com-plantio\/"},"37":{"name":"Pouso Alegre","link":"https:\/\/www.tvuai.com.br\/portal\/tag\/pouso-alegre\/"},"615":{"name":"Pr\u00e1tica","link":"https:\/\/www.tvuai.com.br\/portal\/tag\/pratica\/"},"2425":{"name":"Prefeito Cel Dimas","link":"https:\/\/www.tvuai.com.br\/portal\/tag\/prefeito-cel-dimas\/"},"324":{"name":"prefeito de Pouso Alegre","link":"https:\/\/www.tvuai.com.br\/portal\/tag\/prefeito-de-pouso-alegre\/"},"769":{"name":"Prefeitura de Pouso Alegre","link":"https:\/\/www.tvuai.com.br\/portal\/tag\/prefeitura-de-pouso-alegre\/"},"3362":{"name":"Programa Alian\u00e7a Ambiental Estrat\u00e9gica em Minas Gerais","link":"https:\/\/www.tvuai.com.br\/portal\/tag\/programa-alianca-ambiental-estrategica-em-minas-gerais\/"},"3345":{"name":"projeto OlimPA 2024","link":"https:\/\/www.tvuai.com.br\/portal\/tag\/projeto-olimpa-2024\/"},"866":{"name":"SESI MG","link":"https:\/\/www.tvuai.com.br\/portal\/tag\/sesi-mg\/"},"39":{"name":"Sul de Minas","link":"https:\/\/www.tvuai.com.br\/portal\/tag\/sul-de-minas\/"},"3361":{"name":"Thiago Machado","link":"https:\/\/www.tvuai.com.br\/portal\/tag\/thiago-machado\/"},"27":{"name":"TV Uai","link":"https:\/\/www.tvuai.com.br\/portal\/tag\/tv-uai\/"},"2759":{"name":"TV UAI 24 anos","link":"https:\/\/www.tvuai.com.br\/portal\/tag\/tv-uai-24-anos\/"},"2760":{"name":"TV UAI 24 anos com voc\u00ea","link":"https:\/\/www.tvuai.com.br\/portal\/tag\/tv-uai-24-anos-com-voce\/"},"1638":{"name":"tvuai","link":"https:\/\/www.tvuai.com.br\/portal\/tag\/tvuai\/"},"1741":{"name":"Unilever","link":"https:\/\/www.tvuai.com.br\/portal\/tag\/unilever\/"},"3359":{"name":"XCMG Brasil","link":"https:\/\/www.tvuai.com.br\/portal\/tag\/xcmg-brasil\/"}},"comments_number":"0","jetpack_shortlink":"https:\/\/wp.me\/p9woix-2hl","jetpack_sharing_enabled":true,"_links":{"self":[{"href":"https:\/\/www.tvuai.com.br\/portal\/wp-json\/wp\/v2\/posts\/8763"}],"collection":[{"href":"https:\/\/www.tvuai.com.br\/portal\/wp-json\/wp\/v2\/posts"}],"about":[{"href":"https:\/\/www.tvuai.com.br\/portal\/wp-json\/wp\/v2\/types\/post"}],"author":[{"embeddable":true,"href":"https:\/\/www.tvuai.com.br\/portal\/wp-json\/wp\/v2\/users\/1"}],"replies":[{"embeddable":true,"href":"https:\/\/www.tvuai.com.br\/portal\/wp-json\/wp\/v2\/comments?post=8763"}],"version-history":[{"count":3,"href":"https:\/\/www.tvuai.com.br\/portal\/wp-json\/wp\/v2\/posts\/8763\/revisions"}],"predecessor-version":[{"id":8777,"href":"https:\/\/www.tvuai.com.br\/portal\/wp-json\/wp\/v2\/posts\/8763\/revisions\/8777"}],"wp:featuredmedia":[{"embeddable":true,"href":"https:\/\/www.tvuai.com.br\/portal\/wp-json\/wp\/v2\/media\/8766"}],"wp:attachment":[{"href":"https:\/\/www.tvuai.com.br\/portal\/wp-json\/wp\/v2\/media?parent=8763"}],"wp:term":[{"taxonomy":"category","embeddable":true,"href":"https:\/\/www.tvuai.com.br\/portal\/wp-json\/wp\/v2\/categories?post=8763"},{"taxonomy":"post_tag","embeddable":true,"href":"https:\/\/www.tvuai.com.br\/portal\/wp-json\/wp\/v2\/tags?post=8763"}],"curies":[{"name":"wp","href":"https:\/\/api.w.org\/{rel}","templated":true}]}}