{"id":8684,"date":"2024-06-12T20:27:01","date_gmt":"2024-06-12T23:27:01","guid":{"rendered":"https:\/\/www.tvuai.com.br\/portal\/?p=8684"},"modified":"2024-06-20T20:05:11","modified_gmt":"2024-06-20T23:05:11","slug":"mpmg-lanca-iniciativa-inovadora-para-apoiar-vitimas-de-criminalidade-atraves-de-politica-de-informacao","status":"publish","type":"post","link":"https:\/\/www.tvuai.com.br\/portal\/mpmg-lanca-iniciativa-inovadora-para-apoiar-vitimas-de-criminalidade-atraves-de-politica-de-informacao\/","title":{"rendered":"MPMG lan\u00e7a iniciativa inovadora para apoiar v\u00edtimas de criminalidade atrav\u00e9s de pol\u00edtica de informa\u00e7\u00e3o"},"content":{"rendered":"<div class=\"5a1038e0903b96d426fcfcc338703013\" data-index=\"1\" style=\"float: right; margin:10px 0 10px 10px;\">\n<script async src=\"https:\/\/pagead2.googlesyndication.com\/pagead\/js\/adsbygoogle.js?client=ca-pub-9945944833605257\"\r\n     crossorigin=\"anonymous\"><\/script>\r\n<ins class=\"adsbygoogle\"\r\n     style=\"display:block; text-align:center;\"\r\n     data-ad-layout=\"in-article\"\r\n     data-ad-format=\"fluid\"\r\n     data-ad-client=\"ca-pub-9945944833605257\"\r\n     data-ad-slot=\"2343923581\"><\/ins>\r\n<script>\r\n     (adsbygoogle = window.adsbygoogle || []).push({});\r\n<\/script>\n<\/div>\n<div class=\"flex-1 overflow-hidden\">\n<div class=\"react-scroll-to-bottom--css-zmzph-79elbk h-full\">\n<div class=\"react-scroll-to-bottom--css-zmzph-1n7m0yu\">\n<div class=\"flex flex-col text-sm\">\n<div class=\"w-full text-token-text-primary\" dir=\"auto\" data-testid=\"conversation-turn-5\" data-scroll-anchor=\"true\">\n<div class=\"py-2 juice:py-[18px] px-3 text-base md:px-4 m-auto md:px-5 lg:px-1 xl:px-5\">\n<div class=\"mx-auto flex flex-1 gap-3 text-base juice:gap-4 juice:md:gap-5 juice:lg:gap-6 md:max-w-3xl lg:max-w-[40rem] xl:max-w-[48rem]\">\n<div class=\"group\/conversation-turn relative flex w-full min-w-0 flex-col agent-turn\">\n<div class=\"flex-col gap-1 md:gap-3\">\n<div class=\"flex flex-grow flex-col max-w-full\">\n<div class=\"min-h-[20px] text-message flex flex-col items-start whitespace-pre-wrap break-words [.text-message+&amp;]:mt-5 juice:w-full juice:items-end overflow-x-auto gap-2\" dir=\"auto\" data-message-author-role=\"assistant\" data-message-id=\"414afd96-c852-456c-b1a3-a1d5605c4158\">\n<div class=\"flex w-full flex-col gap-1 juice:empty:hidden juice:first:pt-[3px]\">\n<div class=\"markdown prose w-full break-words dark:prose-invert light\">\n<h5 style=\"text-align: center;\"><img data-recalc-dims=\"1\" fetchpriority=\"high\" decoding=\"async\" data-attachment-id=\"8686\" data-permalink=\"https:\/\/www.tvuai.com.br\/portal\/mpmg-lanca-iniciativa-inovadora-para-apoiar-vitimas-de-criminalidade-atraves-de-politica-de-informacao\/mpmaio1\/\" data-orig-file=\"https:\/\/i0.wp.com\/www.tvuai.com.br\/portal\/wp-content\/uploads\/2024\/06\/mpmaio1.jpg?fit=1500%2C999&amp;ssl=1\" data-orig-size=\"1500,999\" data-comments-opened=\"0\" data-image-meta=\"{&quot;aperture&quot;:&quot;0&quot;,&quot;credit&quot;:&quot;&quot;,&quot;camera&quot;:&quot;&quot;,&quot;caption&quot;:&quot;&quot;,&quot;created_timestamp&quot;:&quot;0&quot;,&quot;copyright&quot;:&quot;&quot;,&quot;focal_length&quot;:&quot;0&quot;,&quot;iso&quot;:&quot;0&quot;,&quot;shutter_speed&quot;:&quot;0&quot;,&quot;title&quot;:&quot;&quot;,&quot;orientation&quot;:&quot;0&quot;}\" data-image-title=\"mpmaio1\" data-image-description=\"\" data-image-caption=\"\" data-medium-file=\"https:\/\/i0.wp.com\/www.tvuai.com.br\/portal\/wp-content\/uploads\/2024\/06\/mpmaio1.jpg?fit=300%2C200&amp;ssl=1\" data-large-file=\"https:\/\/i0.wp.com\/www.tvuai.com.br\/portal\/wp-content\/uploads\/2024\/06\/mpmaio1.jpg?fit=640%2C426&amp;ssl=1\" tabindex=\"0\" role=\"button\" class=\"size-medium wp-image-8686 aligncenter\" src=\"https:\/\/i0.wp.com\/www.tvuai.com.br\/portal\/wp-content\/uploads\/2024\/06\/mpmaio1.jpg?resize=300%2C200&#038;ssl=1\" alt=\"\" width=\"300\" height=\"200\" srcset=\"https:\/\/i0.wp.com\/www.tvuai.com.br\/portal\/wp-content\/uploads\/2024\/06\/mpmaio1.jpg?resize=300%2C200&amp;ssl=1 300w, https:\/\/i0.wp.com\/www.tvuai.com.br\/portal\/wp-content\/uploads\/2024\/06\/mpmaio1.jpg?resize=1024%2C682&amp;ssl=1 1024w, https:\/\/i0.wp.com\/www.tvuai.com.br\/portal\/wp-content\/uploads\/2024\/06\/mpmaio1.jpg?resize=768%2C511&amp;ssl=1 768w, https:\/\/i0.wp.com\/www.tvuai.com.br\/portal\/wp-content\/uploads\/2024\/06\/mpmaio1.jpg?resize=600%2C400&amp;ssl=1 600w, https:\/\/i0.wp.com\/www.tvuai.com.br\/portal\/wp-content\/uploads\/2024\/06\/mpmaio1.jpg?w=1500&amp;ssl=1 1500w, https:\/\/i0.wp.com\/www.tvuai.com.br\/portal\/wp-content\/uploads\/2024\/06\/mpmaio1.jpg?w=1280&amp;ssl=1 1280w\" sizes=\"(max-width: 300px) 100vw, 300px\" \/>O evento solene tamb\u00e9m marcou o lan\u00e7amento do Guia Orientativo para a Propositura de Acordo de N\u00e3o Persecu\u00e7\u00e3o Penal com Foco nas V\u00edtimas, encerrando as inscri\u00e7\u00f5es para o programa Compondo em Maio 2024<\/h5>\n<p>Na tarde de segunda-feira, 10 de junho, na Procuradoria-Geral de Justi\u00e7a em Belo Horizonte, foi assinada uma instru\u00e7\u00e3o normativa que estabelece diretrizes para o desenvolvimento da Pol\u00edtica Institucional de Informa\u00e7\u00e3o das V\u00edtimas de Criminalidade, promovida pelo Centro Estadual de Apoio \u00e0s V\u00edtimas &#8211; Casa Lilian.<\/p>\n<p>Al\u00e9m disso, foi apresentado o <span style=\"color: #333399;\"><strong><a style=\"color: #333399;\" href=\"https:\/\/www.canva.com\/design\/DAGHMWcpXiA\/5B-vhGDPFQknsiXClQ2-Gw\/view?utm_content=DAGHMWcpXiA&amp;utm_campaign=designshare&amp;utm_medium=link&amp;utm_source=viewer\">Guia Orientativo para a Propositura de Acordo de N\u00e3o Persecu\u00e7\u00e3o Penal com Foco nas V\u00edtimas<\/a><\/strong><\/span>. Este material visa auxiliar promotores de Justi\u00e7a em todo o estado a garantir os direitos das v\u00edtimas \u00e0 repara\u00e7\u00e3o, al\u00e9m de promover um di\u00e1logo emp\u00e1tico e compreens\u00edvel com as mesmas.<\/p>\n<p>A cerim\u00f4nia tamb\u00e9m marcou o encerramento do programa <span style=\"color: #333399;\"><strong><a style=\"color: #333399;\" href=\"https:\/\/www.mpmg.mp.br\/portal\/menu\/comunicacao\/noticias\/mpmg-lanca-2-edicao-do-programa-compondo-em-maio-8A9480678E44F413018F169121D45662-00.shtml\">Compondo em Maio 2024<\/a><\/strong><\/span>, no qual o guia foi inclu\u00eddo.<\/p>\n<p>O evento contou com a presen\u00e7a do procurador-geral de Justi\u00e7a, Jarbas Soares J\u00fanior; do procurador-geral de Justi\u00e7a Adjunto Institucional e coordenador-geral do Compor, Carlos Andr\u00e9 Mariani Bittencourt; da coordenadora da Casa Lilian, Ana Tereza Giacomini; da ouvidora do MPMG, N\u00e1dia Estela Ferreira Mateus; do corregedor-geral em exerc\u00edcio, Mauro Fl\u00e1vio Ferreira Brand\u00e3o; e do desembargador do Tribunal de Justi\u00e7a Militar de Minas Gerais (TJMMG), Fernando Galv\u00e3o, al\u00e9m de outros membros do MPMG e convidados.<\/p>\n<h3 style=\"text-align: center;\">Enfoque nas V\u00edtimas<\/h3>\n<p>A promotora de Justi\u00e7a Ana Tereza enfatizou a urg\u00eancia de se focar nas v\u00edtimas como sujeitos de direitos. &#8220;A Casa Lilian trabalha para que a v\u00edtima n\u00e3o tenha seus direitos aniquilados pelos efeitos do crime. Precisamos reconhecer o atraso do sistema de Justi\u00e7a, que frequentemente invisibiliza as v\u00edtimas. Nosso trabalho \u00e9 centrado nas necessidades delas&#8221;, afirmou.<\/p>\n<p>Carlos Andr\u00e9 destacou que a mudan\u00e7a de cultura proposta pela Casa Lilian reflete bem o objetivo do programa Compondo em Maio, que busca promover a pr\u00e1tica da autocomposi\u00e7\u00e3o.<\/p>\n<p>O procurador-geral de Justi\u00e7a elogiou as iniciativas do Centro Estadual de Apoio \u00e0s V\u00edtimas. &#8220;A Casa Lilian \u00e9 uma luz, uma esperan\u00e7a. Temos a responsabilidade de apoiar e expandir esse projeto, levando-o al\u00e9m de Minas Gerais&#8221;, declarou Jarbas Soares J\u00fanior.<\/p>\n<h3 style=\"text-align: center;\"><strong>Pol\u00edtica de Informa\u00e7\u00e3o das V\u00edtimas<\/strong><\/h3>\n<p><img data-recalc-dims=\"1\" decoding=\"async\" data-attachment-id=\"8687\" data-permalink=\"https:\/\/www.tvuai.com.br\/portal\/mpmg-lanca-iniciativa-inovadora-para-apoiar-vitimas-de-criminalidade-atraves-de-politica-de-informacao\/mpmaio2\/\" data-orig-file=\"https:\/\/i0.wp.com\/www.tvuai.com.br\/portal\/wp-content\/uploads\/2024\/06\/mpmaio2.jpg?fit=800%2C532&amp;ssl=1\" data-orig-size=\"800,532\" data-comments-opened=\"0\" data-image-meta=\"{&quot;aperture&quot;:&quot;0&quot;,&quot;credit&quot;:&quot;&quot;,&quot;camera&quot;:&quot;&quot;,&quot;caption&quot;:&quot;&quot;,&quot;created_timestamp&quot;:&quot;0&quot;,&quot;copyright&quot;:&quot;&quot;,&quot;focal_length&quot;:&quot;0&quot;,&quot;iso&quot;:&quot;0&quot;,&quot;shutter_speed&quot;:&quot;0&quot;,&quot;title&quot;:&quot;&quot;,&quot;orientation&quot;:&quot;1&quot;}\" data-image-title=\"mpmaio2\" data-image-description=\"\" data-image-caption=\"\" data-medium-file=\"https:\/\/i0.wp.com\/www.tvuai.com.br\/portal\/wp-content\/uploads\/2024\/06\/mpmaio2.jpg?fit=300%2C200&amp;ssl=1\" data-large-file=\"https:\/\/i0.wp.com\/www.tvuai.com.br\/portal\/wp-content\/uploads\/2024\/06\/mpmaio2.jpg?fit=640%2C426&amp;ssl=1\" tabindex=\"0\" role=\"button\" class=\"size-medium wp-image-8687 alignright\" src=\"https:\/\/i0.wp.com\/www.tvuai.com.br\/portal\/wp-content\/uploads\/2024\/06\/mpmaio2.jpg?resize=300%2C200&#038;ssl=1\" alt=\"\" width=\"300\" height=\"200\" srcset=\"https:\/\/i0.wp.com\/www.tvuai.com.br\/portal\/wp-content\/uploads\/2024\/06\/mpmaio2.jpg?resize=300%2C200&amp;ssl=1 300w, https:\/\/i0.wp.com\/www.tvuai.com.br\/portal\/wp-content\/uploads\/2024\/06\/mpmaio2.jpg?resize=768%2C511&amp;ssl=1 768w, https:\/\/i0.wp.com\/www.tvuai.com.br\/portal\/wp-content\/uploads\/2024\/06\/mpmaio2.jpg?resize=600%2C399&amp;ssl=1 600w, https:\/\/i0.wp.com\/www.tvuai.com.br\/portal\/wp-content\/uploads\/2024\/06\/mpmaio2.jpg?w=800&amp;ssl=1 800w\" sizes=\"(max-width: 300px) 100vw, 300px\" \/>Segundo Ana Tereza Giacomini, a pol\u00edtica visa uma comunica\u00e7\u00e3o assertiva com as v\u00edtimas sobre seus direitos, promovendo o acesso adequado \u00e0 Justi\u00e7a e evitando a revitimiza\u00e7\u00e3o. Na primeira fase, foram criados materiais e v\u00eddeos acess\u00edveis para assegurar um tratamento digno \u00e0s v\u00edtimas e aumentar o conhecimento sobre seus direitos e o sistema de Justi\u00e7a.<\/p>\n<p>Parte do material foi desenvolvido em parceria com o TJMMG e a UFMG.<\/p>\n<h3 style=\"text-align: center;\"><strong>Programa Compondo em Maio<\/strong><\/h3>\n<p>O Compondo em Maio, lan\u00e7ado em abril em sua segunda edi\u00e7\u00e3o, incentiva a resolu\u00e7\u00e3o de procedimentos extrajudiciais e processos judiciais pass\u00edveis de autocomposi\u00e7\u00e3o ao longo do m\u00eas. Este programa faz parte do calend\u00e1rio oficial do MPMG desde o ano passado, e a defini\u00e7\u00e3o das estrat\u00e9gias de atua\u00e7\u00e3o \u00e9 responsabilidade do Compor. Este ano, haver\u00e1 novamente uma premia\u00e7\u00e3o para as melhores pr\u00e1ticas autocompositivas realizadas pelo Minist\u00e9rio P\u00fablico.<\/p>\n<p><strong><a href=\"https:\/\/heyzine.com\/flip-book\/97b2418351.html\" target=\"_blank\" rel=\"noopener noreferrer\">Acesse aqui a cartilha informativa para as v\u00edtimas<\/a><\/strong><\/p>\n<p><strong><a href=\"https:\/\/heyzine.com\/flip-book\/799223f6b0.html#page\/1\" target=\"_blank\" rel=\"noopener noreferrer\">Foi v\u00edtima de um crime? Saiba o que \u00e9 o acordo de n\u00e3o persecu\u00e7\u00e3o penal!<\/a><\/strong><\/p>\n<p><span style=\"color: #333399;\"><strong><a style=\"color: #333399;\" href=\"https:\/\/heyzine.com\/flip-book\/3f84889fde.html#page\/1\" target=\"_blank\" rel=\"noopener noreferrer\">O que \u00e9 a den\u00fancia?<\/a><\/strong><\/span><\/p>\n<\/div>\n<\/div>\n<\/div>\n<\/div>\n<\/div>\n<\/div>\n<\/div>\n<\/div>\n<\/div>\n<\/div>\n<\/div>\n<\/div>\n<\/div>\n\n<div style=\"font-size: 0px; height: 0px; line-height: 0px; margin: 0; padding: 0; clear: both;\"><\/div><div class='share-to-whatsapp-wrapper'><div class='share-on-whsp'>Share on: <\/div><a data-text='MPMG lan\u00e7a iniciativa inovadora para apoiar v\u00edtimas de criminalidade atrav\u00e9s de pol\u00edtica de informa\u00e7\u00e3o' data-link='https:\/\/www.tvuai.com.br\/portal\/mpmg-lanca-iniciativa-inovadora-para-apoiar-vitimas-de-criminalidade-atraves-de-politica-de-informacao\/' class='whatsapp-button whatsapp-share'>WhatsApp<\/a><div class='clear '><\/div><\/div><!-- AddThis Advanced Settings generic via filter on the_content --><!-- AddThis Share Buttons generic via filter on the_content -->","protected":false},"excerpt":{"rendered":"<p>O evento solene tamb\u00e9m marcou o lan\u00e7amento do Guia Orientativo para a Propositura de Acordo de N\u00e3o Persecu\u00e7\u00e3o Penal com Foco nas V\u00edtimas, encerrando as inscri\u00e7\u00f5es para o programa Compondo em Maio 2024 Na tarde de segunda-feira, 10 de junho, na Procuradoria-Geral de Justi\u00e7a em Belo Horizonte, foi assinada uma instru\u00e7\u00e3o normativa que estabelece diretrizes [&hellip;]<!-- AddThis Advanced Settings generic via filter on get_the_excerpt --><!-- AddThis Share Buttons generic via filter on get_the_excerpt --><\/p>\n","protected":false},"author":1,"featured_media":8685,"comment_status":"closed","ping_status":"closed","sticky":false,"template":"","format":"standard","meta":{"jetpack_post_was_ever_published":false,"_jetpack_newsletter_access":"","_jetpack_dont_email_post_to_subs":false,"_jetpack_newsletter_tier_id":0,"_jetpack_memberships_contains_paywalled_content":false,"_jetpack_memberships_contains_paid_content":false,"_joinchat":[],"footnotes":"","jetpack_publicize_message":"","jetpack_publicize_feature_enabled":true,"jetpack_social_post_already_shared":true,"jetpack_social_options":{"image_generator_settings":{"template":"highway","enabled":false},"version":2}},"categories":[1843,19,5],"tags":[3289,3288,3284,3283,3292,1709,3291,184,1014,3290,3282,37,3287,944,3286,3285,39,27,2759,2760,1618,1638],"class_list":["post-8684","post","type-post","status-publish","format-standard","has-post-thumbnail","hentry","category-direito","category-noticias","category-ultimas","tag-ana-tereza-giacomini","tag-carlos-andre-mariani-bittencourt","tag-casa-lilian","tag-centro-estadual-de-apoio-as-vitimas","tag-desembargador-fernando-galvao","tag-jarbas-soares-junior","tag-mauro-flavio-ferreira-brandao","tag-minas-gerais","tag-ministerio-publico-de-minas-gerais","tag-nadia-estela-ferreira-mateus","tag-politica-institucional-de-informacao-das-vitimas-de-criminalidade","tag-pouso-alegre","tag-procurador-geral-de-justica-mg","tag-procuradoria-geral-de-justica-mg","tag-programa-compondo-maio-2024","tag-propositura-de-acordo-de-nao-persecucao-penal-com-foco-nas-vitimas","tag-sul-de-minas","tag-tv-uai","tag-tv-uai-24-anos","tag-tv-uai-24-anos-com-voce","tag-tv-uai-pouso-alegre","tag-tvuai"],"jetpack_publicize_connections":[],"yoast_head":"<!-- This site is optimized with the Yoast SEO plugin v23.5 - https:\/\/yoast.com\/wordpress\/plugins\/seo\/ -->\n<title>MPMG lan\u00e7a iniciativa inovadora para apoiar v\u00edtimas de criminalidade atrav\u00e9s de pol\u00edtica de informa\u00e7\u00e3o - TVUAI<\/title>\n<meta name=\"robots\" content=\"index, follow, max-snippet:-1, max-image-preview:large, max-video-preview:-1\" \/>\n<link rel=\"canonical\" href=\"https:\/\/www.tvuai.com.br\/portal\/mpmg-lanca-iniciativa-inovadora-para-apoiar-vitimas-de-criminalidade-atraves-de-politica-de-informacao\/\" \/>\n<meta property=\"og:locale\" content=\"pt_BR\" \/>\n<meta property=\"og:type\" content=\"article\" \/>\n<meta property=\"og:title\" content=\"MPMG lan\u00e7a iniciativa inovadora para apoiar v\u00edtimas de criminalidade atrav\u00e9s de pol\u00edtica de informa\u00e7\u00e3o - TVUAI\" \/>\n<meta property=\"og:description\" content=\"O evento solene tamb\u00e9m marcou o lan\u00e7amento do Guia Orientativo para a Propositura de Acordo de N\u00e3o Persecu\u00e7\u00e3o Penal com Foco nas V\u00edtimas, encerrando as inscri\u00e7\u00f5es para o programa Compondo em Maio 2024 Na tarde de segunda-feira, 10 de junho, na Procuradoria-Geral de Justi\u00e7a em Belo Horizonte, foi assinada uma instru\u00e7\u00e3o normativa que estabelece diretrizes [&hellip;]\" \/>\n<meta property=\"og:url\" content=\"https:\/\/www.tvuai.com.br\/portal\/mpmg-lanca-iniciativa-inovadora-para-apoiar-vitimas-de-criminalidade-atraves-de-politica-de-informacao\/\" \/>\n<meta property=\"og:site_name\" content=\"TVUAI\" \/>\n<meta property=\"article:publisher\" content=\"http:\/\/www.facebook.com\/pages\/TV-Uai-Comunica%c3%a7%c3%a3o\/139062546157369\" \/>\n<meta property=\"article:published_time\" content=\"2024-06-12T23:27:01+00:00\" \/>\n<meta property=\"article:modified_time\" content=\"2024-06-20T23:05:11+00:00\" \/>\n<meta property=\"og:image\" content=\"https:\/\/www.tvuai.com.br\/portal\/wp-content\/uploads\/2024\/06\/mpmaio0.jpg\" \/>\n\t<meta property=\"og:image:width\" content=\"200\" \/>\n\t<meta property=\"og:image:height\" content=\"200\" \/>\n\t<meta property=\"og:image:type\" content=\"image\/jpeg\" \/>\n<meta name=\"author\" content=\"tvuai\" \/>\n<meta name=\"twitter:card\" content=\"summary_large_image\" \/>\n<meta name=\"twitter:creator\" content=\"@tvuai\" \/>\n<meta name=\"twitter:site\" content=\"@tvuai\" \/>\n<meta name=\"twitter:label1\" content=\"Escrito por\" \/>\n\t<meta name=\"twitter:data1\" content=\"tvuai\" \/>\n\t<meta name=\"twitter:label2\" content=\"Est. tempo de leitura\" \/>\n\t<meta name=\"twitter:data2\" content=\"4 minutos\" \/>\n<script type=\"application\/ld+json\" class=\"yoast-schema-graph\">{\"@context\":\"https:\/\/schema.org\",\"@graph\":[{\"@type\":\"Article\",\"@id\":\"https:\/\/www.tvuai.com.br\/portal\/mpmg-lanca-iniciativa-inovadora-para-apoiar-vitimas-de-criminalidade-atraves-de-politica-de-informacao\/#article\",\"isPartOf\":{\"@id\":\"https:\/\/www.tvuai.com.br\/portal\/mpmg-lanca-iniciativa-inovadora-para-apoiar-vitimas-de-criminalidade-atraves-de-politica-de-informacao\/\"},\"author\":{\"name\":\"tvuai\",\"@id\":\"https:\/\/www.tvuai.com.br\/portal\/#\/schema\/person\/245e50e9127451fd0b7fd76f519ebbfe\"},\"headline\":\"MPMG lan\u00e7a iniciativa inovadora para apoiar v\u00edtimas de criminalidade atrav\u00e9s de pol\u00edtica de informa\u00e7\u00e3o\",\"datePublished\":\"2024-06-12T23:27:01+00:00\",\"dateModified\":\"2024-06-20T23:05:11+00:00\",\"mainEntityOfPage\":{\"@id\":\"https:\/\/www.tvuai.com.br\/portal\/mpmg-lanca-iniciativa-inovadora-para-apoiar-vitimas-de-criminalidade-atraves-de-politica-de-informacao\/\"},\"wordCount\":609,\"publisher\":{\"@id\":\"https:\/\/www.tvuai.com.br\/portal\/#organization\"},\"image\":{\"@id\":\"https:\/\/www.tvuai.com.br\/portal\/mpmg-lanca-iniciativa-inovadora-para-apoiar-vitimas-de-criminalidade-atraves-de-politica-de-informacao\/#primaryimage\"},\"thumbnailUrl\":\"https:\/\/i0.wp.com\/www.tvuai.com.br\/portal\/wp-content\/uploads\/2024\/06\/mpmaio0.jpg?fit=200%2C200&ssl=1\",\"keywords\":[\"Ana Tereza Giacomini\",\"Carlos Andr\u00e9 Mariani Bittencourt\",\"Casa Lilian\",\"Centro Estadual de Apoio \u00e0s V\u00edtimas\",\"desembargador Fernando Galv\u00e3o\",\"Jarbas Soares J\u00fanior\",\"Mauro Fl\u00e1vio Ferreira Brand\u00e3o\",\"Minas Gerais\",\"Minist\u00e9rio P\u00fablico de Minas Gerais\",\"N\u00e1dia Estela Ferreira Mateus\",\"Pol\u00edtica Institucional de Informa\u00e7\u00e3o das V\u00edtimas de Criminalidade\",\"Pouso Alegre\",\"procurador-geral de Justi\u00e7a MG\",\"Procuradoria-Geral de Justi\u00e7a MG\",\"Programa Compondo Maio 2024\",\"Propositura de Acordo de N\u00e3o Persecu\u00e7\u00e3o Penal com Foco nas V\u00edtimas\",\"Sul de Minas\",\"TV Uai\",\"TV UAI 24 anos\",\"TV UAI 24 anos com voc\u00ea\",\"TV UAI Pouso Alegre\",\"tvuai\"],\"articleSection\":[\"Direito\",\"Not\u00edcias\",\"\u00daltimas Not\u00edcias\"],\"inLanguage\":\"pt-BR\"},{\"@type\":\"WebPage\",\"@id\":\"https:\/\/www.tvuai.com.br\/portal\/mpmg-lanca-iniciativa-inovadora-para-apoiar-vitimas-de-criminalidade-atraves-de-politica-de-informacao\/\",\"url\":\"https:\/\/www.tvuai.com.br\/portal\/mpmg-lanca-iniciativa-inovadora-para-apoiar-vitimas-de-criminalidade-atraves-de-politica-de-informacao\/\",\"name\":\"MPMG lan\u00e7a iniciativa inovadora para apoiar v\u00edtimas de criminalidade atrav\u00e9s de pol\u00edtica de informa\u00e7\u00e3o - TVUAI\",\"isPartOf\":{\"@id\":\"https:\/\/www.tvuai.com.br\/portal\/#website\"},\"primaryImageOfPage\":{\"@id\":\"https:\/\/www.tvuai.com.br\/portal\/mpmg-lanca-iniciativa-inovadora-para-apoiar-vitimas-de-criminalidade-atraves-de-politica-de-informacao\/#primaryimage\"},\"image\":{\"@id\":\"https:\/\/www.tvuai.com.br\/portal\/mpmg-lanca-iniciativa-inovadora-para-apoiar-vitimas-de-criminalidade-atraves-de-politica-de-informacao\/#primaryimage\"},\"thumbnailUrl\":\"https:\/\/i0.wp.com\/www.tvuai.com.br\/portal\/wp-content\/uploads\/2024\/06\/mpmaio0.jpg?fit=200%2C200&ssl=1\",\"datePublished\":\"2024-06-12T23:27:01+00:00\",\"dateModified\":\"2024-06-20T23:05:11+00:00\",\"breadcrumb\":{\"@id\":\"https:\/\/www.tvuai.com.br\/portal\/mpmg-lanca-iniciativa-inovadora-para-apoiar-vitimas-de-criminalidade-atraves-de-politica-de-informacao\/#breadcrumb\"},\"inLanguage\":\"pt-BR\",\"potentialAction\":[{\"@type\":\"ReadAction\",\"target\":[\"https:\/\/www.tvuai.com.br\/portal\/mpmg-lanca-iniciativa-inovadora-para-apoiar-vitimas-de-criminalidade-atraves-de-politica-de-informacao\/\"]}]},{\"@type\":\"ImageObject\",\"inLanguage\":\"pt-BR\",\"@id\":\"https:\/\/www.tvuai.com.br\/portal\/mpmg-lanca-iniciativa-inovadora-para-apoiar-vitimas-de-criminalidade-atraves-de-politica-de-informacao\/#primaryimage\",\"url\":\"https:\/\/i0.wp.com\/www.tvuai.com.br\/portal\/wp-content\/uploads\/2024\/06\/mpmaio0.jpg?fit=200%2C200&ssl=1\",\"contentUrl\":\"https:\/\/i0.wp.com\/www.tvuai.com.br\/portal\/wp-content\/uploads\/2024\/06\/mpmaio0.jpg?fit=200%2C200&ssl=1\",\"width\":200,\"height\":200},{\"@type\":\"BreadcrumbList\",\"@id\":\"https:\/\/www.tvuai.com.br\/portal\/mpmg-lanca-iniciativa-inovadora-para-apoiar-vitimas-de-criminalidade-atraves-de-politica-de-informacao\/#breadcrumb\",\"itemListElement\":[{\"@type\":\"ListItem\",\"position\":1,\"name\":\"In\u00edcio\",\"item\":\"https:\/\/www.tvuai.com.br\/portal\/\"},{\"@type\":\"ListItem\",\"position\":2,\"name\":\"MPMG lan\u00e7a iniciativa inovadora para apoiar v\u00edtimas de criminalidade atrav\u00e9s de pol\u00edtica de informa\u00e7\u00e3o\"}]},{\"@type\":\"WebSite\",\"@id\":\"https:\/\/www.tvuai.com.br\/portal\/#website\",\"url\":\"https:\/\/www.tvuai.com.br\/portal\/\",\"name\":\"TVUAI\",\"description\":\"Tudo sobre o Sul de Minas\",\"publisher\":{\"@id\":\"https:\/\/www.tvuai.com.br\/portal\/#organization\"},\"potentialAction\":[{\"@type\":\"SearchAction\",\"target\":{\"@type\":\"EntryPoint\",\"urlTemplate\":\"https:\/\/www.tvuai.com.br\/portal\/?s={search_term_string}\"},\"query-input\":{\"@type\":\"PropertyValueSpecification\",\"valueRequired\":true,\"valueName\":\"search_term_string\"}}],\"inLanguage\":\"pt-BR\"},{\"@type\":\"Organization\",\"@id\":\"https:\/\/www.tvuai.com.br\/portal\/#organization\",\"name\":\"TVUAI\",\"url\":\"https:\/\/www.tvuai.com.br\/portal\/\",\"logo\":{\"@type\":\"ImageObject\",\"inLanguage\":\"pt-BR\",\"@id\":\"https:\/\/www.tvuai.com.br\/portal\/#\/schema\/logo\/image\/\",\"url\":\"https:\/\/i0.wp.com\/www.tvuai.com.br\/portal\/wp-content\/uploads\/2017\/12\/logo_tvuai_100H.png?fit=207%2C100&ssl=1\",\"contentUrl\":\"https:\/\/i0.wp.com\/www.tvuai.com.br\/portal\/wp-content\/uploads\/2017\/12\/logo_tvuai_100H.png?fit=207%2C100&ssl=1\",\"width\":207,\"height\":100,\"caption\":\"TVUAI\"},\"image\":{\"@id\":\"https:\/\/www.tvuai.com.br\/portal\/#\/schema\/logo\/image\/\"},\"sameAs\":[\"http:\/\/www.facebook.com\/pages\/TV-Uai-Comunica\u00e7\u00e3o\/139062546157369\",\"https:\/\/x.com\/tvuai\",\"https:\/\/www.instagram.com\/tvuai_network\/\",\"https:\/\/www.youtube.com\/channel\/UCB7ZPB3wRv-OpoZ_09jmnkQ\"]},{\"@type\":\"Person\",\"@id\":\"https:\/\/www.tvuai.com.br\/portal\/#\/schema\/person\/245e50e9127451fd0b7fd76f519ebbfe\",\"name\":\"tvuai\",\"url\":\"https:\/\/www.tvuai.com.br\/portal\/author\/tvuai\/\"}]}<\/script>\n<!-- \/ Yoast SEO plugin. -->","yoast_head_json":{"title":"MPMG lan\u00e7a iniciativa inovadora para apoiar v\u00edtimas de criminalidade atrav\u00e9s de pol\u00edtica de informa\u00e7\u00e3o - TVUAI","robots":{"index":"index","follow":"follow","max-snippet":"max-snippet:-1","max-image-preview":"max-image-preview:large","max-video-preview":"max-video-preview:-1"},"canonical":"https:\/\/www.tvuai.com.br\/portal\/mpmg-lanca-iniciativa-inovadora-para-apoiar-vitimas-de-criminalidade-atraves-de-politica-de-informacao\/","og_locale":"pt_BR","og_type":"article","og_title":"MPMG lan\u00e7a iniciativa inovadora para apoiar v\u00edtimas de criminalidade atrav\u00e9s de pol\u00edtica de informa\u00e7\u00e3o - TVUAI","og_description":"O evento solene tamb\u00e9m marcou o lan\u00e7amento do Guia Orientativo para a Propositura de Acordo de N\u00e3o Persecu\u00e7\u00e3o Penal com Foco nas V\u00edtimas, encerrando as inscri\u00e7\u00f5es para o programa Compondo em Maio 2024 Na tarde de segunda-feira, 10 de junho, na Procuradoria-Geral de Justi\u00e7a em Belo Horizonte, foi assinada uma instru\u00e7\u00e3o normativa que estabelece diretrizes [&hellip;]","og_url":"https:\/\/www.tvuai.com.br\/portal\/mpmg-lanca-iniciativa-inovadora-para-apoiar-vitimas-de-criminalidade-atraves-de-politica-de-informacao\/","og_site_name":"TVUAI","article_publisher":"http:\/\/www.facebook.com\/pages\/TV-Uai-Comunica%c3%a7%c3%a3o\/139062546157369","article_published_time":"2024-06-12T23:27:01+00:00","article_modified_time":"2024-06-20T23:05:11+00:00","og_image":[{"width":200,"height":200,"url":"https:\/\/www.tvuai.com.br\/portal\/wp-content\/uploads\/2024\/06\/mpmaio0.jpg","type":"image\/jpeg"}],"author":"tvuai","twitter_card":"summary_large_image","twitter_creator":"@tvuai","twitter_site":"@tvuai","twitter_misc":{"Escrito por":"tvuai","Est. tempo de leitura":"4 minutos"},"schema":{"@context":"https:\/\/schema.org","@graph":[{"@type":"Article","@id":"https:\/\/www.tvuai.com.br\/portal\/mpmg-lanca-iniciativa-inovadora-para-apoiar-vitimas-de-criminalidade-atraves-de-politica-de-informacao\/#article","isPartOf":{"@id":"https:\/\/www.tvuai.com.br\/portal\/mpmg-lanca-iniciativa-inovadora-para-apoiar-vitimas-de-criminalidade-atraves-de-politica-de-informacao\/"},"author":{"name":"tvuai","@id":"https:\/\/www.tvuai.com.br\/portal\/#\/schema\/person\/245e50e9127451fd0b7fd76f519ebbfe"},"headline":"MPMG lan\u00e7a iniciativa inovadora para apoiar v\u00edtimas de criminalidade atrav\u00e9s de pol\u00edtica de informa\u00e7\u00e3o","datePublished":"2024-06-12T23:27:01+00:00","dateModified":"2024-06-20T23:05:11+00:00","mainEntityOfPage":{"@id":"https:\/\/www.tvuai.com.br\/portal\/mpmg-lanca-iniciativa-inovadora-para-apoiar-vitimas-de-criminalidade-atraves-de-politica-de-informacao\/"},"wordCount":609,"publisher":{"@id":"https:\/\/www.tvuai.com.br\/portal\/#organization"},"image":{"@id":"https:\/\/www.tvuai.com.br\/portal\/mpmg-lanca-iniciativa-inovadora-para-apoiar-vitimas-de-criminalidade-atraves-de-politica-de-informacao\/#primaryimage"},"thumbnailUrl":"https:\/\/i0.wp.com\/www.tvuai.com.br\/portal\/wp-content\/uploads\/2024\/06\/mpmaio0.jpg?fit=200%2C200&ssl=1","keywords":["Ana Tereza Giacomini","Carlos Andr\u00e9 Mariani Bittencourt","Casa Lilian","Centro Estadual de Apoio \u00e0s V\u00edtimas","desembargador Fernando Galv\u00e3o","Jarbas Soares J\u00fanior","Mauro Fl\u00e1vio Ferreira Brand\u00e3o","Minas Gerais","Minist\u00e9rio P\u00fablico de Minas Gerais","N\u00e1dia Estela Ferreira Mateus","Pol\u00edtica Institucional de Informa\u00e7\u00e3o das V\u00edtimas de Criminalidade","Pouso Alegre","procurador-geral de Justi\u00e7a MG","Procuradoria-Geral de Justi\u00e7a MG","Programa Compondo Maio 2024","Propositura de Acordo de N\u00e3o Persecu\u00e7\u00e3o Penal com Foco nas V\u00edtimas","Sul de Minas","TV Uai","TV UAI 24 anos","TV UAI 24 anos com voc\u00ea","TV UAI Pouso Alegre","tvuai"],"articleSection":["Direito","Not\u00edcias","\u00daltimas Not\u00edcias"],"inLanguage":"pt-BR"},{"@type":"WebPage","@id":"https:\/\/www.tvuai.com.br\/portal\/mpmg-lanca-iniciativa-inovadora-para-apoiar-vitimas-de-criminalidade-atraves-de-politica-de-informacao\/","url":"https:\/\/www.tvuai.com.br\/portal\/mpmg-lanca-iniciativa-inovadora-para-apoiar-vitimas-de-criminalidade-atraves-de-politica-de-informacao\/","name":"MPMG lan\u00e7a iniciativa inovadora para apoiar v\u00edtimas de criminalidade atrav\u00e9s de pol\u00edtica de informa\u00e7\u00e3o - TVUAI","isPartOf":{"@id":"https:\/\/www.tvuai.com.br\/portal\/#website"},"primaryImageOfPage":{"@id":"https:\/\/www.tvuai.com.br\/portal\/mpmg-lanca-iniciativa-inovadora-para-apoiar-vitimas-de-criminalidade-atraves-de-politica-de-informacao\/#primaryimage"},"image":{"@id":"https:\/\/www.tvuai.com.br\/portal\/mpmg-lanca-iniciativa-inovadora-para-apoiar-vitimas-de-criminalidade-atraves-de-politica-de-informacao\/#primaryimage"},"thumbnailUrl":"https:\/\/i0.wp.com\/www.tvuai.com.br\/portal\/wp-content\/uploads\/2024\/06\/mpmaio0.jpg?fit=200%2C200&ssl=1","datePublished":"2024-06-12T23:27:01+00:00","dateModified":"2024-06-20T23:05:11+00:00","breadcrumb":{"@id":"https:\/\/www.tvuai.com.br\/portal\/mpmg-lanca-iniciativa-inovadora-para-apoiar-vitimas-de-criminalidade-atraves-de-politica-de-informacao\/#breadcrumb"},"inLanguage":"pt-BR","potentialAction":[{"@type":"ReadAction","target":["https:\/\/www.tvuai.com.br\/portal\/mpmg-lanca-iniciativa-inovadora-para-apoiar-vitimas-de-criminalidade-atraves-de-politica-de-informacao\/"]}]},{"@type":"ImageObject","inLanguage":"pt-BR","@id":"https:\/\/www.tvuai.com.br\/portal\/mpmg-lanca-iniciativa-inovadora-para-apoiar-vitimas-de-criminalidade-atraves-de-politica-de-informacao\/#primaryimage","url":"https:\/\/i0.wp.com\/www.tvuai.com.br\/portal\/wp-content\/uploads\/2024\/06\/mpmaio0.jpg?fit=200%2C200&ssl=1","contentUrl":"https:\/\/i0.wp.com\/www.tvuai.com.br\/portal\/wp-content\/uploads\/2024\/06\/mpmaio0.jpg?fit=200%2C200&ssl=1","width":200,"height":200},{"@type":"BreadcrumbList","@id":"https:\/\/www.tvuai.com.br\/portal\/mpmg-lanca-iniciativa-inovadora-para-apoiar-vitimas-de-criminalidade-atraves-de-politica-de-informacao\/#breadcrumb","itemListElement":[{"@type":"ListItem","position":1,"name":"In\u00edcio","item":"https:\/\/www.tvuai.com.br\/portal\/"},{"@type":"ListItem","position":2,"name":"MPMG lan\u00e7a iniciativa inovadora para apoiar v\u00edtimas de criminalidade atrav\u00e9s de pol\u00edtica de informa\u00e7\u00e3o"}]},{"@type":"WebSite","@id":"https:\/\/www.tvuai.com.br\/portal\/#website","url":"https:\/\/www.tvuai.com.br\/portal\/","name":"TVUAI","description":"Tudo sobre o Sul de Minas","publisher":{"@id":"https:\/\/www.tvuai.com.br\/portal\/#organization"},"potentialAction":[{"@type":"SearchAction","target":{"@type":"EntryPoint","urlTemplate":"https:\/\/www.tvuai.com.br\/portal\/?s={search_term_string}"},"query-input":{"@type":"PropertyValueSpecification","valueRequired":true,"valueName":"search_term_string"}}],"inLanguage":"pt-BR"},{"@type":"Organization","@id":"https:\/\/www.tvuai.com.br\/portal\/#organization","name":"TVUAI","url":"https:\/\/www.tvuai.com.br\/portal\/","logo":{"@type":"ImageObject","inLanguage":"pt-BR","@id":"https:\/\/www.tvuai.com.br\/portal\/#\/schema\/logo\/image\/","url":"https:\/\/i0.wp.com\/www.tvuai.com.br\/portal\/wp-content\/uploads\/2017\/12\/logo_tvuai_100H.png?fit=207%2C100&ssl=1","contentUrl":"https:\/\/i0.wp.com\/www.tvuai.com.br\/portal\/wp-content\/uploads\/2017\/12\/logo_tvuai_100H.png?fit=207%2C100&ssl=1","width":207,"height":100,"caption":"TVUAI"},"image":{"@id":"https:\/\/www.tvuai.com.br\/portal\/#\/schema\/logo\/image\/"},"sameAs":["http:\/\/www.facebook.com\/pages\/TV-Uai-Comunica\u00e7\u00e3o\/139062546157369","https:\/\/x.com\/tvuai","https:\/\/www.instagram.com\/tvuai_network\/","https:\/\/www.youtube.com\/channel\/UCB7ZPB3wRv-OpoZ_09jmnkQ"]},{"@type":"Person","@id":"https:\/\/www.tvuai.com.br\/portal\/#\/schema\/person\/245e50e9127451fd0b7fd76f519ebbfe","name":"tvuai","url":"https:\/\/www.tvuai.com.br\/portal\/author\/tvuai\/"}]}},"jetpack_featured_media_url":"https:\/\/i0.wp.com\/www.tvuai.com.br\/portal\/wp-content\/uploads\/2024\/06\/mpmaio0.jpg?fit=200%2C200&ssl=1","wpmagazine_modules_lite_featured_media_urls":{"thumbnail":["https:\/\/i0.wp.com\/www.tvuai.com.br\/portal\/wp-content\/uploads\/2024\/06\/mpmaio0.jpg?resize=150%2C150&ssl=1",150,150,true],"cvmm-medium":["https:\/\/i0.wp.com\/www.tvuai.com.br\/portal\/wp-content\/uploads\/2024\/06\/mpmaio0.jpg?resize=200%2C200&ssl=1",200,200,true],"cvmm-medium-plus":["https:\/\/i0.wp.com\/www.tvuai.com.br\/portal\/wp-content\/uploads\/2024\/06\/mpmaio0.jpg?resize=200%2C200&ssl=1",200,200,true],"cvmm-portrait":["https:\/\/i0.wp.com\/www.tvuai.com.br\/portal\/wp-content\/uploads\/2024\/06\/mpmaio0.jpg?resize=200%2C200&ssl=1",200,200,true],"cvmm-medium-square":["https:\/\/i0.wp.com\/www.tvuai.com.br\/portal\/wp-content\/uploads\/2024\/06\/mpmaio0.jpg?resize=200%2C200&ssl=1",200,200,true],"cvmm-large":["https:\/\/i0.wp.com\/www.tvuai.com.br\/portal\/wp-content\/uploads\/2024\/06\/mpmaio0.jpg?resize=200%2C200&ssl=1",200,200,true],"cvmm-small":["https:\/\/i0.wp.com\/www.tvuai.com.br\/portal\/wp-content\/uploads\/2024\/06\/mpmaio0.jpg?resize=130%2C95&ssl=1",130,95,true],"full":["https:\/\/i0.wp.com\/www.tvuai.com.br\/portal\/wp-content\/uploads\/2024\/06\/mpmaio0.jpg?fit=200%2C200&ssl=1",200,200,false]},"categories_names":{"1843":{"name":"Direito","link":"https:\/\/www.tvuai.com.br\/portal\/category\/direito\/"},"19":{"name":"Not\u00edcias","link":"https:\/\/www.tvuai.com.br\/portal\/category\/noticias\/"},"5":{"name":"\u00daltimas Not\u00edcias","link":"https:\/\/www.tvuai.com.br\/portal\/category\/noticias\/ultimas\/"}},"tags_names":{"3289":{"name":"Ana Tereza Giacomini","link":"https:\/\/www.tvuai.com.br\/portal\/tag\/ana-tereza-giacomini\/"},"3288":{"name":"Carlos Andr\u00e9 Mariani Bittencourt","link":"https:\/\/www.tvuai.com.br\/portal\/tag\/carlos-andre-mariani-bittencourt\/"},"3284":{"name":"Casa Lilian","link":"https:\/\/www.tvuai.com.br\/portal\/tag\/casa-lilian\/"},"3283":{"name":"Centro Estadual de Apoio \u00e0s V\u00edtimas","link":"https:\/\/www.tvuai.com.br\/portal\/tag\/centro-estadual-de-apoio-as-vitimas\/"},"3292":{"name":"desembargador Fernando Galv\u00e3o","link":"https:\/\/www.tvuai.com.br\/portal\/tag\/desembargador-fernando-galvao\/"},"1709":{"name":"Jarbas Soares J\u00fanior","link":"https:\/\/www.tvuai.com.br\/portal\/tag\/jarbas-soares-junior\/"},"3291":{"name":"Mauro Fl\u00e1vio Ferreira Brand\u00e3o","link":"https:\/\/www.tvuai.com.br\/portal\/tag\/mauro-flavio-ferreira-brandao\/"},"184":{"name":"Minas Gerais","link":"https:\/\/www.tvuai.com.br\/portal\/tag\/minas-gerais\/"},"1014":{"name":"Minist\u00e9rio P\u00fablico de Minas Gerais","link":"https:\/\/www.tvuai.com.br\/portal\/tag\/ministerio-publico-de-minas-gerais\/"},"3290":{"name":"N\u00e1dia Estela Ferreira Mateus","link":"https:\/\/www.tvuai.com.br\/portal\/tag\/nadia-estela-ferreira-mateus\/"},"3282":{"name":"Pol\u00edtica Institucional de Informa\u00e7\u00e3o das V\u00edtimas de Criminalidade","link":"https:\/\/www.tvuai.com.br\/portal\/tag\/politica-institucional-de-informacao-das-vitimas-de-criminalidade\/"},"37":{"name":"Pouso Alegre","link":"https:\/\/www.tvuai.com.br\/portal\/tag\/pouso-alegre\/"},"3287":{"name":"procurador-geral de Justi\u00e7a MG","link":"https:\/\/www.tvuai.com.br\/portal\/tag\/procurador-geral-de-justica-mg\/"},"944":{"name":"Procuradoria-Geral de Justi\u00e7a MG","link":"https:\/\/www.tvuai.com.br\/portal\/tag\/procuradoria-geral-de-justica-mg\/"},"3286":{"name":"Programa Compondo Maio 2024","link":"https:\/\/www.tvuai.com.br\/portal\/tag\/programa-compondo-maio-2024\/"},"3285":{"name":"Propositura de Acordo de N\u00e3o Persecu\u00e7\u00e3o Penal com Foco nas V\u00edtimas","link":"https:\/\/www.tvuai.com.br\/portal\/tag\/propositura-de-acordo-de-nao-persecucao-penal-com-foco-nas-vitimas\/"},"39":{"name":"Sul de Minas","link":"https:\/\/www.tvuai.com.br\/portal\/tag\/sul-de-minas\/"},"27":{"name":"TV Uai","link":"https:\/\/www.tvuai.com.br\/portal\/tag\/tv-uai\/"},"2759":{"name":"TV UAI 24 anos","link":"https:\/\/www.tvuai.com.br\/portal\/tag\/tv-uai-24-anos\/"},"2760":{"name":"TV UAI 24 anos com voc\u00ea","link":"https:\/\/www.tvuai.com.br\/portal\/tag\/tv-uai-24-anos-com-voce\/"},"1618":{"name":"TV UAI Pouso Alegre","link":"https:\/\/www.tvuai.com.br\/portal\/tag\/tv-uai-pouso-alegre\/"},"1638":{"name":"tvuai","link":"https:\/\/www.tvuai.com.br\/portal\/tag\/tvuai\/"}},"comments_number":"0","jetpack_shortlink":"https:\/\/wp.me\/p9woix-2g4","jetpack_sharing_enabled":true,"_links":{"self":[{"href":"https:\/\/www.tvuai.com.br\/portal\/wp-json\/wp\/v2\/posts\/8684"}],"collection":[{"href":"https:\/\/www.tvuai.com.br\/portal\/wp-json\/wp\/v2\/posts"}],"about":[{"href":"https:\/\/www.tvuai.com.br\/portal\/wp-json\/wp\/v2\/types\/post"}],"author":[{"embeddable":true,"href":"https:\/\/www.tvuai.com.br\/portal\/wp-json\/wp\/v2\/users\/1"}],"replies":[{"embeddable":true,"href":"https:\/\/www.tvuai.com.br\/portal\/wp-json\/wp\/v2\/comments?post=8684"}],"version-history":[{"count":1,"href":"https:\/\/www.tvuai.com.br\/portal\/wp-json\/wp\/v2\/posts\/8684\/revisions"}],"predecessor-version":[{"id":8688,"href":"https:\/\/www.tvuai.com.br\/portal\/wp-json\/wp\/v2\/posts\/8684\/revisions\/8688"}],"wp:featuredmedia":[{"embeddable":true,"href":"https:\/\/www.tvuai.com.br\/portal\/wp-json\/wp\/v2\/media\/8685"}],"wp:attachment":[{"href":"https:\/\/www.tvuai.com.br\/portal\/wp-json\/wp\/v2\/media?parent=8684"}],"wp:term":[{"taxonomy":"category","embeddable":true,"href":"https:\/\/www.tvuai.com.br\/portal\/wp-json\/wp\/v2\/categories?post=8684"},{"taxonomy":"post_tag","embeddable":true,"href":"https:\/\/www.tvuai.com.br\/portal\/wp-json\/wp\/v2\/tags?post=8684"}],"curies":[{"name":"wp","href":"https:\/\/api.w.org\/{rel}","templated":true}]}}