{"id":8673,"date":"2024-06-13T20:01:36","date_gmt":"2024-06-13T23:01:36","guid":{"rendered":"https:\/\/www.tvuai.com.br\/portal\/?p=8673"},"modified":"2024-06-20T20:06:21","modified_gmt":"2024-06-20T23:06:21","slug":"camanducaia-entra-na-era-verde-melhoramentos-anuncia-construcao-de-nova-fabrica-de-embalagens-sustentaveis-na-cidade","status":"publish","type":"post","link":"https:\/\/www.tvuai.com.br\/portal\/camanducaia-entra-na-era-verde-melhoramentos-anuncia-construcao-de-nova-fabrica-de-embalagens-sustentaveis-na-cidade\/","title":{"rendered":"Camanducaia entra na era verde: Melhoramentos anuncia constru\u00e7\u00e3o de nova f\u00e1brica de embalagens sustent\u00e1veis na cidade"},"content":{"rendered":"<div class=\"5a1038e0903b96d426fcfcc338703013\" data-index=\"1\" style=\"float: right; margin:10px 0 10px 10px;\">\n<script async src=\"https:\/\/pagead2.googlesyndication.com\/pagead\/js\/adsbygoogle.js?client=ca-pub-9945944833605257\"\r\n     crossorigin=\"anonymous\"><\/script>\r\n<ins class=\"adsbygoogle\"\r\n     style=\"display:block; text-align:center;\"\r\n     data-ad-layout=\"in-article\"\r\n     data-ad-format=\"fluid\"\r\n     data-ad-client=\"ca-pub-9945944833605257\"\r\n     data-ad-slot=\"2343923581\"><\/ins>\r\n<script>\r\n     (adsbygoogle = window.adsbygoogle || []).push({});\r\n<\/script>\n<\/div>\n<h5 style=\"text-align: center;\"><em><strong><img data-recalc-dims=\"1\" fetchpriority=\"high\" decoding=\"async\" data-attachment-id=\"8678\" data-permalink=\"https:\/\/www.tvuai.com.br\/portal\/camanducaia-entra-na-era-verde-melhoramentos-anuncia-construcao-de-nova-fabrica-de-embalagens-sustentaveis-na-cidade\/melhoramentos1\/\" data-orig-file=\"https:\/\/i0.wp.com\/www.tvuai.com.br\/portal\/wp-content\/uploads\/2024\/06\/melhoramentos1.jpg?fit=800%2C533&amp;ssl=1\" data-orig-size=\"800,533\" data-comments-opened=\"0\" data-image-meta=\"{&quot;aperture&quot;:&quot;0&quot;,&quot;credit&quot;:&quot;&quot;,&quot;camera&quot;:&quot;&quot;,&quot;caption&quot;:&quot;&quot;,&quot;created_timestamp&quot;:&quot;0&quot;,&quot;copyright&quot;:&quot;&quot;,&quot;focal_length&quot;:&quot;0&quot;,&quot;iso&quot;:&quot;0&quot;,&quot;shutter_speed&quot;:&quot;0&quot;,&quot;title&quot;:&quot;&quot;,&quot;orientation&quot;:&quot;1&quot;}\" data-image-title=\"melhoramentos1\" data-image-description=\"\" data-image-caption=\"\" data-medium-file=\"https:\/\/i0.wp.com\/www.tvuai.com.br\/portal\/wp-content\/uploads\/2024\/06\/melhoramentos1.jpg?fit=300%2C200&amp;ssl=1\" data-large-file=\"https:\/\/i0.wp.com\/www.tvuai.com.br\/portal\/wp-content\/uploads\/2024\/06\/melhoramentos1.jpg?fit=640%2C426&amp;ssl=1\" tabindex=\"0\" role=\"button\" class=\"alignnone size-medium wp-image-8678\" src=\"https:\/\/i0.wp.com\/www.tvuai.com.br\/portal\/wp-content\/uploads\/2024\/06\/melhoramentos1.jpg?resize=300%2C200&#038;ssl=1\" alt=\"\" width=\"300\" height=\"200\" srcset=\"https:\/\/i0.wp.com\/www.tvuai.com.br\/portal\/wp-content\/uploads\/2024\/06\/melhoramentos1.jpg?resize=300%2C200&amp;ssl=1 300w, https:\/\/i0.wp.com\/www.tvuai.com.br\/portal\/wp-content\/uploads\/2024\/06\/melhoramentos1.jpg?resize=768%2C512&amp;ssl=1 768w, https:\/\/i0.wp.com\/www.tvuai.com.br\/portal\/wp-content\/uploads\/2024\/06\/melhoramentos1.jpg?resize=600%2C400&amp;ssl=1 600w, https:\/\/i0.wp.com\/www.tvuai.com.br\/portal\/wp-content\/uploads\/2024\/06\/melhoramentos1.jpg?w=800&amp;ssl=1 800w\" sizes=\"(max-width: 300px) 100vw, 300px\" \/><img data-recalc-dims=\"1\" decoding=\"async\" data-attachment-id=\"8681\" data-permalink=\"https:\/\/www.tvuai.com.br\/portal\/camanducaia-entra-na-era-verde-melhoramentos-anuncia-construcao-de-nova-fabrica-de-embalagens-sustentaveis-na-cidade\/melhoramentos4\/\" data-orig-file=\"https:\/\/i0.wp.com\/www.tvuai.com.br\/portal\/wp-content\/uploads\/2024\/06\/melhoramentos4.jpg?fit=800%2C533&amp;ssl=1\" data-orig-size=\"800,533\" data-comments-opened=\"0\" data-image-meta=\"{&quot;aperture&quot;:&quot;0&quot;,&quot;credit&quot;:&quot;&quot;,&quot;camera&quot;:&quot;&quot;,&quot;caption&quot;:&quot;&quot;,&quot;created_timestamp&quot;:&quot;0&quot;,&quot;copyright&quot;:&quot;&quot;,&quot;focal_length&quot;:&quot;0&quot;,&quot;iso&quot;:&quot;0&quot;,&quot;shutter_speed&quot;:&quot;0&quot;,&quot;title&quot;:&quot;&quot;,&quot;orientation&quot;:&quot;1&quot;}\" data-image-title=\"melhoramentos4\" data-image-description=\"\" data-image-caption=\"\" data-medium-file=\"https:\/\/i0.wp.com\/www.tvuai.com.br\/portal\/wp-content\/uploads\/2024\/06\/melhoramentos4.jpg?fit=300%2C200&amp;ssl=1\" data-large-file=\"https:\/\/i0.wp.com\/www.tvuai.com.br\/portal\/wp-content\/uploads\/2024\/06\/melhoramentos4.jpg?fit=640%2C426&amp;ssl=1\" tabindex=\"0\" role=\"button\" class=\"alignnone size-medium wp-image-8681\" src=\"https:\/\/i0.wp.com\/www.tvuai.com.br\/portal\/wp-content\/uploads\/2024\/06\/melhoramentos4.jpg?resize=300%2C200&#038;ssl=1\" alt=\"\" width=\"300\" height=\"200\" srcset=\"https:\/\/i0.wp.com\/www.tvuai.com.br\/portal\/wp-content\/uploads\/2024\/06\/melhoramentos4.jpg?resize=300%2C200&amp;ssl=1 300w, https:\/\/i0.wp.com\/www.tvuai.com.br\/portal\/wp-content\/uploads\/2024\/06\/melhoramentos4.jpg?resize=768%2C512&amp;ssl=1 768w, https:\/\/i0.wp.com\/www.tvuai.com.br\/portal\/wp-content\/uploads\/2024\/06\/melhoramentos4.jpg?resize=600%2C400&amp;ssl=1 600w, https:\/\/i0.wp.com\/www.tvuai.com.br\/portal\/wp-content\/uploads\/2024\/06\/melhoramentos4.jpg?w=800&amp;ssl=1 800w\" sizes=\"(max-width: 300px) 100vw, 300px\" \/><\/strong><\/em><\/h5>\n<h5 style=\"text-align: center;\"><em><strong>Produzidas a partir de fibra de celulose, essas novas embalagens s\u00e3o uma alternativa ao pl\u00e1stico descart\u00e1vel, especialmente na ind\u00fastria aliment\u00edcia, pois suportam tanto baixas quanto altas temperaturas<\/strong><\/em><\/h5>\n<p>A Melhoramentos, uma empresa de capital aberto que opera nos setores editorial, florestal renov\u00e1vel e desenvolvimento imobili\u00e1rio (Altea), anunciou um importante passo em dire\u00e7\u00e3o \u00e0 sustentabilidade: a constru\u00e7\u00e3o de uma f\u00e1brica de embalagens inovadoras feitas de fibra de celulose. Com um investimento inicial de R$ 40 milh\u00f5es, financiado pela FINEP &#8211; Financiadora de Estudos e Projetos, ligada ao Minist\u00e9rio da Ci\u00eancia, Tecnologia e Inova\u00e7\u00e3o &#8211; a empresa reafirma seu compromisso com a inova\u00e7\u00e3o e a preserva\u00e7\u00e3o ambiental.<\/p>\n<p>Localizada em Camanducaia, no Sul de Minas Gerais, onde a Melhoramentos opera h\u00e1 mais de 80 anos, a nova f\u00e1brica produzir\u00e1 embalagens 100% compost\u00e1veis, feitas de mat\u00e9rias-primas renov\u00e1veis que se decomp\u00f5em naturalmente em at\u00e9 75 dias. Essas embalagens s\u00e3o projetadas para resistir a gordura, umidade e temperaturas extremas, podendo ser utilizadas desde o freezer at\u00e9 o forno a 220 graus, substituindo eficientemente o pl\u00e1stico descart\u00e1vel.<\/p>\n<p><img data-recalc-dims=\"1\" decoding=\"async\" data-attachment-id=\"8680\" data-permalink=\"https:\/\/www.tvuai.com.br\/portal\/camanducaia-entra-na-era-verde-melhoramentos-anuncia-construcao-de-nova-fabrica-de-embalagens-sustentaveis-na-cidade\/melhoramentos3\/\" data-orig-file=\"https:\/\/i0.wp.com\/www.tvuai.com.br\/portal\/wp-content\/uploads\/2024\/06\/melhoramentos3.jpg?fit=800%2C533&amp;ssl=1\" data-orig-size=\"800,533\" data-comments-opened=\"0\" data-image-meta=\"{&quot;aperture&quot;:&quot;0&quot;,&quot;credit&quot;:&quot;&quot;,&quot;camera&quot;:&quot;&quot;,&quot;caption&quot;:&quot;&quot;,&quot;created_timestamp&quot;:&quot;0&quot;,&quot;copyright&quot;:&quot;&quot;,&quot;focal_length&quot;:&quot;0&quot;,&quot;iso&quot;:&quot;0&quot;,&quot;shutter_speed&quot;:&quot;0&quot;,&quot;title&quot;:&quot;&quot;,&quot;orientation&quot;:&quot;1&quot;}\" data-image-title=\"melhoramentos3\" data-image-description=\"\" data-image-caption=\"\" data-medium-file=\"https:\/\/i0.wp.com\/www.tvuai.com.br\/portal\/wp-content\/uploads\/2024\/06\/melhoramentos3.jpg?fit=300%2C200&amp;ssl=1\" data-large-file=\"https:\/\/i0.wp.com\/www.tvuai.com.br\/portal\/wp-content\/uploads\/2024\/06\/melhoramentos3.jpg?fit=640%2C426&amp;ssl=1\" tabindex=\"0\" role=\"button\" class=\"size-medium wp-image-8680 alignright\" src=\"https:\/\/i0.wp.com\/www.tvuai.com.br\/portal\/wp-content\/uploads\/2024\/06\/melhoramentos3.jpg?resize=300%2C200&#038;ssl=1\" alt=\"\" width=\"300\" height=\"200\" srcset=\"https:\/\/i0.wp.com\/www.tvuai.com.br\/portal\/wp-content\/uploads\/2024\/06\/melhoramentos3.jpg?resize=300%2C200&amp;ssl=1 300w, https:\/\/i0.wp.com\/www.tvuai.com.br\/portal\/wp-content\/uploads\/2024\/06\/melhoramentos3.jpg?resize=768%2C512&amp;ssl=1 768w, https:\/\/i0.wp.com\/www.tvuai.com.br\/portal\/wp-content\/uploads\/2024\/06\/melhoramentos3.jpg?resize=600%2C400&amp;ssl=1 600w, https:\/\/i0.wp.com\/www.tvuai.com.br\/portal\/wp-content\/uploads\/2024\/06\/melhoramentos3.jpg?w=800&amp;ssl=1 800w\" sizes=\"(max-width: 300px) 100vw, 300px\" \/>Com uma capacidade inicial de produ\u00e7\u00e3o de 60 milh\u00f5es de embalagens por ano, a f\u00e1brica est\u00e1 prevista para expandir e iniciar opera\u00e7\u00f5es no primeiro trimestre de 2025, criando inicialmente 40 novos empregos na regi\u00e3o. O projeto foi desenvolvido em parceria com a startup israelense W-Cycle, especialista em solu\u00e7\u00f5es de embalagens sustent\u00e1veis, garantindo um design personalizado e custo competitivo.<\/p>\n<p>Al\u00e9m do compromisso ambiental, a Melhoramentos destaca a produ\u00e7\u00e3o local como um diferencial estrat\u00e9gico. A f\u00e1brica no Brasil assegura um abastecimento seguro e \u00e1gil para os grandes players do mercado nacional, fortalecendo a cadeia produtiva e oferecendo solu\u00e7\u00f5es r\u00e1pidas e eficientes.<\/p>\n<p>&#8220;Com mais de 130 anos de hist\u00f3ria no Brasil, a Melhoramentos reafirma seu papel transformador ao introduzir no mercado uma solu\u00e7\u00e3o sustent\u00e1vel em larga escala para o setor de embalagens. Este lan\u00e7amento amplia nosso portf\u00f3lio de produtos de base florestal, impulsionando ainda mais a diversifica\u00e7\u00e3o, inova\u00e7\u00e3o e sustentabilidade&#8221;, afirma Rafael Gibini, CEO da Melhoramentos.<\/p>\n<p><img data-recalc-dims=\"1\" loading=\"lazy\" decoding=\"async\" data-attachment-id=\"8682\" data-permalink=\"https:\/\/www.tvuai.com.br\/portal\/camanducaia-entra-na-era-verde-melhoramentos-anuncia-construcao-de-nova-fabrica-de-embalagens-sustentaveis-na-cidade\/melhoramentos5\/\" data-orig-file=\"https:\/\/i0.wp.com\/www.tvuai.com.br\/portal\/wp-content\/uploads\/2024\/06\/melhoramentos5.jpg?fit=800%2C533&amp;ssl=1\" data-orig-size=\"800,533\" data-comments-opened=\"0\" data-image-meta=\"{&quot;aperture&quot;:&quot;0&quot;,&quot;credit&quot;:&quot;&quot;,&quot;camera&quot;:&quot;&quot;,&quot;caption&quot;:&quot;&quot;,&quot;created_timestamp&quot;:&quot;0&quot;,&quot;copyright&quot;:&quot;&quot;,&quot;focal_length&quot;:&quot;0&quot;,&quot;iso&quot;:&quot;0&quot;,&quot;shutter_speed&quot;:&quot;0&quot;,&quot;title&quot;:&quot;&quot;,&quot;orientation&quot;:&quot;1&quot;}\" data-image-title=\"melhoramentos5\" data-image-description=\"\" data-image-caption=\"\" data-medium-file=\"https:\/\/i0.wp.com\/www.tvuai.com.br\/portal\/wp-content\/uploads\/2024\/06\/melhoramentos5.jpg?fit=300%2C200&amp;ssl=1\" data-large-file=\"https:\/\/i0.wp.com\/www.tvuai.com.br\/portal\/wp-content\/uploads\/2024\/06\/melhoramentos5.jpg?fit=640%2C426&amp;ssl=1\" tabindex=\"0\" role=\"button\" class=\"size-medium wp-image-8682 alignleft\" src=\"https:\/\/i0.wp.com\/www.tvuai.com.br\/portal\/wp-content\/uploads\/2024\/06\/melhoramentos5.jpg?resize=300%2C200&#038;ssl=1\" alt=\"\" width=\"300\" height=\"200\" srcset=\"https:\/\/i0.wp.com\/www.tvuai.com.br\/portal\/wp-content\/uploads\/2024\/06\/melhoramentos5.jpg?resize=300%2C200&amp;ssl=1 300w, https:\/\/i0.wp.com\/www.tvuai.com.br\/portal\/wp-content\/uploads\/2024\/06\/melhoramentos5.jpg?resize=768%2C512&amp;ssl=1 768w, https:\/\/i0.wp.com\/www.tvuai.com.br\/portal\/wp-content\/uploads\/2024\/06\/melhoramentos5.jpg?resize=600%2C400&amp;ssl=1 600w, https:\/\/i0.wp.com\/www.tvuai.com.br\/portal\/wp-content\/uploads\/2024\/06\/melhoramentos5.jpg?w=800&amp;ssl=1 800w\" sizes=\"(max-width: 300px) 100vw, 300px\" \/>Outro ponto crucial \u00e9 a integra\u00e7\u00e3o vertical da Melhoramentos na produ\u00e7\u00e3o de madeira e celulose, permitindo o desenvolvimento de embalagens a um custo competitivo em rela\u00e7\u00e3o ao pl\u00e1stico. Este modelo de produ\u00e7\u00e3o integrado garante n\u00e3o apenas a sustentabilidade, mas tamb\u00e9m a viabilidade econ\u00f4mica para clientes e parceiros.<\/p>\n<p>Esta iniciativa faz parte do reposicionamento estrat\u00e9gico da Melhoramentos, que inclui o lan\u00e7amento de Altea, focada no desenvolvimento imobili\u00e1rio sustent\u00e1vel, e a reestrutura\u00e7\u00e3o do modelo de neg\u00f3cios editorial com a expans\u00e3o para produtos digitais.<\/p>\n<p>&#8220;Os seres humanos produzem cerca de 400 milh\u00f5es de toneladas de res\u00edduos pl\u00e1sticos por ano, sendo metade destinada a embalagens descart\u00e1veis que poluem aterros, rios e oceanos. As embalagens de fibra de celulose da Melhoramentos representam uma mudan\u00e7a significativa para um futuro mais sustent\u00e1vel, facilitando a reutiliza\u00e7\u00e3o, reciclagem ou compostagem&#8221;, destaca Carolina Alcoforado, diretora de Novos Neg\u00f3cios e Inova\u00e7\u00e3o da Melhoramentos.<\/p>\n<p style=\"text-align: center;\"><strong>Sobre a Melhoramentos<\/strong><\/p>\n<p><img data-recalc-dims=\"1\" loading=\"lazy\" decoding=\"async\" data-attachment-id=\"8679\" data-permalink=\"https:\/\/www.tvuai.com.br\/portal\/camanducaia-entra-na-era-verde-melhoramentos-anuncia-construcao-de-nova-fabrica-de-embalagens-sustentaveis-na-cidade\/melhoramentos2\/\" data-orig-file=\"https:\/\/i0.wp.com\/www.tvuai.com.br\/portal\/wp-content\/uploads\/2024\/06\/melhoramentos2.jpg?fit=1000%2C628&amp;ssl=1\" data-orig-size=\"1000,628\" data-comments-opened=\"0\" data-image-meta=\"{&quot;aperture&quot;:&quot;0&quot;,&quot;credit&quot;:&quot;&quot;,&quot;camera&quot;:&quot;&quot;,&quot;caption&quot;:&quot;&quot;,&quot;created_timestamp&quot;:&quot;0&quot;,&quot;copyright&quot;:&quot;&quot;,&quot;focal_length&quot;:&quot;0&quot;,&quot;iso&quot;:&quot;0&quot;,&quot;shutter_speed&quot;:&quot;0&quot;,&quot;title&quot;:&quot;&quot;,&quot;orientation&quot;:&quot;0&quot;}\" data-image-title=\"melhoramentos2\" data-image-description=\"\" data-image-caption=\"\" data-medium-file=\"https:\/\/i0.wp.com\/www.tvuai.com.br\/portal\/wp-content\/uploads\/2024\/06\/melhoramentos2.jpg?fit=300%2C188&amp;ssl=1\" data-large-file=\"https:\/\/i0.wp.com\/www.tvuai.com.br\/portal\/wp-content\/uploads\/2024\/06\/melhoramentos2.jpg?fit=640%2C402&amp;ssl=1\" tabindex=\"0\" role=\"button\" class=\"size-medium wp-image-8679 alignright\" src=\"https:\/\/i0.wp.com\/www.tvuai.com.br\/portal\/wp-content\/uploads\/2024\/06\/melhoramentos2.jpg?resize=300%2C188&#038;ssl=1\" alt=\"\" width=\"300\" height=\"188\" srcset=\"https:\/\/i0.wp.com\/www.tvuai.com.br\/portal\/wp-content\/uploads\/2024\/06\/melhoramentos2.jpg?resize=300%2C188&amp;ssl=1 300w, https:\/\/i0.wp.com\/www.tvuai.com.br\/portal\/wp-content\/uploads\/2024\/06\/melhoramentos2.jpg?resize=768%2C482&amp;ssl=1 768w, https:\/\/i0.wp.com\/www.tvuai.com.br\/portal\/wp-content\/uploads\/2024\/06\/melhoramentos2.jpg?resize=600%2C377&amp;ssl=1 600w, https:\/\/i0.wp.com\/www.tvuai.com.br\/portal\/wp-content\/uploads\/2024\/06\/melhoramentos2.jpg?w=1000&amp;ssl=1 1000w\" sizes=\"(max-width: 300px) 100vw, 300px\" \/>A Companhia Melhoramentos de S\u00e3o Paulo \u00e9 uma empresa de capital aberto que atua, diretamente ou atrav\u00e9s de suas subsidi\u00e1rias, nos segmentos Editorial, Cultivo e Manejo de Florestas, Fabrica\u00e7\u00e3o de Fibras de Celulose de Alto Rendimento e Desenvolvimento Imobili\u00e1rio.<\/p>\n<p>A Melhoramentos se posiciona como um agente de transforma\u00e7\u00e3o no mundo, atuando, empreendendo e liderando o futuro em seus neg\u00f3cios. A empresa continua comprometida com o desenvolvimento sustent\u00e1vel do pa\u00eds, agregando valor aos seus produtos, servi\u00e7os e empreendimentos.<\/p>\n<p>Fundada h\u00e1 mais de 130 anos, a Melhoramentos tem sua sede em S\u00e3o Paulo e unidades nas cidades de Camanducaia (MG), Bragan\u00e7a Paulista (SP) e Caieiras (SP).<\/p>\n<h6 style=\"text-align: right;\"><em><strong>Com informa\u00e7\u00f5es de Daniela Penna e Andrea Cipriano<\/strong><\/em><\/h6>\n\n<div style=\"font-size: 0px; height: 0px; line-height: 0px; margin: 0; padding: 0; clear: both;\"><\/div><div class='share-to-whatsapp-wrapper'><div class='share-on-whsp'>Share on: <\/div><a data-text='Camanducaia entra na era verde: Melhoramentos anuncia constru\u00e7\u00e3o de nova f\u00e1brica de embalagens sustent\u00e1veis na cidade' data-link='https:\/\/www.tvuai.com.br\/portal\/camanducaia-entra-na-era-verde-melhoramentos-anuncia-construcao-de-nova-fabrica-de-embalagens-sustentaveis-na-cidade\/' class='whatsapp-button whatsapp-share'>WhatsApp<\/a><div class='clear '><\/div><\/div><!-- AddThis Advanced Settings generic via filter on the_content --><!-- AddThis Share Buttons generic via filter on the_content -->","protected":false},"excerpt":{"rendered":"<p>Produzidas a partir de fibra de celulose, essas novas embalagens s\u00e3o uma alternativa ao pl\u00e1stico descart\u00e1vel, especialmente na ind\u00fastria aliment\u00edcia, pois suportam tanto baixas quanto altas temperaturas A Melhoramentos, uma empresa de capital aberto que opera nos setores editorial, florestal renov\u00e1vel e desenvolvimento imobili\u00e1rio (Altea), anunciou um importante passo em dire\u00e7\u00e3o \u00e0 sustentabilidade: a constru\u00e7\u00e3o [&hellip;]<!-- AddThis Advanced Settings generic via filter on get_the_excerpt --><!-- AddThis Share Buttons generic via filter on get_the_excerpt --><\/p>\n","protected":false},"author":1,"featured_media":8677,"comment_status":"closed","ping_status":"closed","sticky":false,"template":"","format":"standard","meta":{"jetpack_post_was_ever_published":false,"_jetpack_newsletter_access":"","_jetpack_dont_email_post_to_subs":false,"_jetpack_newsletter_tier_id":0,"_jetpack_memberships_contains_paywalled_content":false,"_jetpack_memberships_contains_paid_content":false,"_joinchat":[],"footnotes":"","jetpack_publicize_message":"","jetpack_publicize_feature_enabled":true,"jetpack_social_post_already_shared":true,"jetpack_social_options":{"image_generator_settings":{"template":"highway","enabled":false},"version":2}},"categories":[1815,1827,19,5],"tags":[765,3280,3279,3281,184,207,37,39,1624,27,2759,2760,1618,1638],"class_list":["post-8673","post","type-post","status-publish","format-standard","has-post-thumbnail","hentry","category-economia","category-emprego","category-noticias","category-ultimas","tag-camanducaia","tag-financiadora-de-estudos-e-projetos","tag-finep","tag-melhoramentos","tag-minas-gerais","tag-ministerio-da-ciencia","tag-pouso-alegre","tag-sul-de-minas","tag-tecnologia-e-inovacao","tag-tv-uai","tag-tv-uai-24-anos","tag-tv-uai-24-anos-com-voce","tag-tv-uai-pouso-alegre","tag-tvuai"],"jetpack_publicize_connections":[],"yoast_head":"<!-- This site is optimized with the Yoast SEO plugin v23.5 - https:\/\/yoast.com\/wordpress\/plugins\/seo\/ -->\n<title>Camanducaia entra na era verde: Melhoramentos anuncia constru\u00e7\u00e3o de nova f\u00e1brica de embalagens sustent\u00e1veis na cidade - TVUAI<\/title>\n<meta name=\"robots\" content=\"index, follow, max-snippet:-1, max-image-preview:large, max-video-preview:-1\" \/>\n<link rel=\"canonical\" href=\"https:\/\/www.tvuai.com.br\/portal\/camanducaia-entra-na-era-verde-melhoramentos-anuncia-construcao-de-nova-fabrica-de-embalagens-sustentaveis-na-cidade\/\" \/>\n<meta property=\"og:locale\" content=\"pt_BR\" \/>\n<meta property=\"og:type\" content=\"article\" \/>\n<meta property=\"og:title\" content=\"Camanducaia entra na era verde: Melhoramentos anuncia constru\u00e7\u00e3o de nova f\u00e1brica de embalagens sustent\u00e1veis na cidade - TVUAI\" \/>\n<meta property=\"og:description\" content=\"Produzidas a partir de fibra de celulose, essas novas embalagens s\u00e3o uma alternativa ao pl\u00e1stico descart\u00e1vel, especialmente na ind\u00fastria aliment\u00edcia, pois suportam tanto baixas quanto altas temperaturas A Melhoramentos, uma empresa de capital aberto que opera nos setores editorial, florestal renov\u00e1vel e desenvolvimento imobili\u00e1rio (Altea), anunciou um importante passo em dire\u00e7\u00e3o \u00e0 sustentabilidade: a constru\u00e7\u00e3o [&hellip;]\" \/>\n<meta property=\"og:url\" content=\"https:\/\/www.tvuai.com.br\/portal\/camanducaia-entra-na-era-verde-melhoramentos-anuncia-construcao-de-nova-fabrica-de-embalagens-sustentaveis-na-cidade\/\" \/>\n<meta property=\"og:site_name\" content=\"TVUAI\" \/>\n<meta property=\"article:publisher\" content=\"http:\/\/www.facebook.com\/pages\/TV-Uai-Comunica%c3%a7%c3%a3o\/139062546157369\" \/>\n<meta property=\"article:published_time\" content=\"2024-06-13T23:01:36+00:00\" \/>\n<meta property=\"article:modified_time\" content=\"2024-06-20T23:06:21+00:00\" \/>\n<meta property=\"og:image\" content=\"https:\/\/www.tvuai.com.br\/portal\/wp-content\/uploads\/2024\/06\/melhoramentos0.jpg\" \/>\n\t<meta property=\"og:image:width\" content=\"200\" \/>\n\t<meta property=\"og:image:height\" content=\"200\" \/>\n\t<meta property=\"og:image:type\" content=\"image\/jpeg\" \/>\n<meta name=\"author\" content=\"tvuai\" \/>\n<meta name=\"twitter:card\" content=\"summary_large_image\" \/>\n<meta name=\"twitter:creator\" content=\"@tvuai\" \/>\n<meta name=\"twitter:site\" content=\"@tvuai\" \/>\n<meta name=\"twitter:label1\" content=\"Escrito por\" \/>\n\t<meta name=\"twitter:data1\" content=\"tvuai\" \/>\n\t<meta name=\"twitter:label2\" content=\"Est. tempo de leitura\" \/>\n\t<meta name=\"twitter:data2\" content=\"5 minutos\" \/>\n<script type=\"application\/ld+json\" class=\"yoast-schema-graph\">{\"@context\":\"https:\/\/schema.org\",\"@graph\":[{\"@type\":\"Article\",\"@id\":\"https:\/\/www.tvuai.com.br\/portal\/camanducaia-entra-na-era-verde-melhoramentos-anuncia-construcao-de-nova-fabrica-de-embalagens-sustentaveis-na-cidade\/#article\",\"isPartOf\":{\"@id\":\"https:\/\/www.tvuai.com.br\/portal\/camanducaia-entra-na-era-verde-melhoramentos-anuncia-construcao-de-nova-fabrica-de-embalagens-sustentaveis-na-cidade\/\"},\"author\":{\"name\":\"tvuai\",\"@id\":\"https:\/\/www.tvuai.com.br\/portal\/#\/schema\/person\/245e50e9127451fd0b7fd76f519ebbfe\"},\"headline\":\"Camanducaia entra na era verde: Melhoramentos anuncia constru\u00e7\u00e3o de nova f\u00e1brica de embalagens sustent\u00e1veis na cidade\",\"datePublished\":\"2024-06-13T23:01:36+00:00\",\"dateModified\":\"2024-06-20T23:06:21+00:00\",\"mainEntityOfPage\":{\"@id\":\"https:\/\/www.tvuai.com.br\/portal\/camanducaia-entra-na-era-verde-melhoramentos-anuncia-construcao-de-nova-fabrica-de-embalagens-sustentaveis-na-cidade\/\"},\"wordCount\":665,\"publisher\":{\"@id\":\"https:\/\/www.tvuai.com.br\/portal\/#organization\"},\"image\":{\"@id\":\"https:\/\/www.tvuai.com.br\/portal\/camanducaia-entra-na-era-verde-melhoramentos-anuncia-construcao-de-nova-fabrica-de-embalagens-sustentaveis-na-cidade\/#primaryimage\"},\"thumbnailUrl\":\"https:\/\/i0.wp.com\/www.tvuai.com.br\/portal\/wp-content\/uploads\/2024\/06\/melhoramentos0.jpg?fit=200%2C200&ssl=1\",\"keywords\":[\"Camanducaia\",\"Financiadora de Estudos e Projetos\",\"FINEP\",\"Melhoramentos\",\"Minas Gerais\",\"Minist\u00e9rio da Ci\u00eancia\",\"Pouso Alegre\",\"Sul de Minas\",\"Tecnologia e Inova\u00e7\u00e3o\",\"TV Uai\",\"TV UAI 24 anos\",\"TV UAI 24 anos com voc\u00ea\",\"TV UAI Pouso Alegre\",\"tvuai\"],\"articleSection\":[\"Economia\",\"Emprego\",\"Not\u00edcias\",\"\u00daltimas Not\u00edcias\"],\"inLanguage\":\"pt-BR\"},{\"@type\":\"WebPage\",\"@id\":\"https:\/\/www.tvuai.com.br\/portal\/camanducaia-entra-na-era-verde-melhoramentos-anuncia-construcao-de-nova-fabrica-de-embalagens-sustentaveis-na-cidade\/\",\"url\":\"https:\/\/www.tvuai.com.br\/portal\/camanducaia-entra-na-era-verde-melhoramentos-anuncia-construcao-de-nova-fabrica-de-embalagens-sustentaveis-na-cidade\/\",\"name\":\"Camanducaia entra na era verde: Melhoramentos anuncia constru\u00e7\u00e3o de nova f\u00e1brica de embalagens sustent\u00e1veis na cidade - TVUAI\",\"isPartOf\":{\"@id\":\"https:\/\/www.tvuai.com.br\/portal\/#website\"},\"primaryImageOfPage\":{\"@id\":\"https:\/\/www.tvuai.com.br\/portal\/camanducaia-entra-na-era-verde-melhoramentos-anuncia-construcao-de-nova-fabrica-de-embalagens-sustentaveis-na-cidade\/#primaryimage\"},\"image\":{\"@id\":\"https:\/\/www.tvuai.com.br\/portal\/camanducaia-entra-na-era-verde-melhoramentos-anuncia-construcao-de-nova-fabrica-de-embalagens-sustentaveis-na-cidade\/#primaryimage\"},\"thumbnailUrl\":\"https:\/\/i0.wp.com\/www.tvuai.com.br\/portal\/wp-content\/uploads\/2024\/06\/melhoramentos0.jpg?fit=200%2C200&ssl=1\",\"datePublished\":\"2024-06-13T23:01:36+00:00\",\"dateModified\":\"2024-06-20T23:06:21+00:00\",\"breadcrumb\":{\"@id\":\"https:\/\/www.tvuai.com.br\/portal\/camanducaia-entra-na-era-verde-melhoramentos-anuncia-construcao-de-nova-fabrica-de-embalagens-sustentaveis-na-cidade\/#breadcrumb\"},\"inLanguage\":\"pt-BR\",\"potentialAction\":[{\"@type\":\"ReadAction\",\"target\":[\"https:\/\/www.tvuai.com.br\/portal\/camanducaia-entra-na-era-verde-melhoramentos-anuncia-construcao-de-nova-fabrica-de-embalagens-sustentaveis-na-cidade\/\"]}]},{\"@type\":\"ImageObject\",\"inLanguage\":\"pt-BR\",\"@id\":\"https:\/\/www.tvuai.com.br\/portal\/camanducaia-entra-na-era-verde-melhoramentos-anuncia-construcao-de-nova-fabrica-de-embalagens-sustentaveis-na-cidade\/#primaryimage\",\"url\":\"https:\/\/i0.wp.com\/www.tvuai.com.br\/portal\/wp-content\/uploads\/2024\/06\/melhoramentos0.jpg?fit=200%2C200&ssl=1\",\"contentUrl\":\"https:\/\/i0.wp.com\/www.tvuai.com.br\/portal\/wp-content\/uploads\/2024\/06\/melhoramentos0.jpg?fit=200%2C200&ssl=1\",\"width\":200,\"height\":200},{\"@type\":\"BreadcrumbList\",\"@id\":\"https:\/\/www.tvuai.com.br\/portal\/camanducaia-entra-na-era-verde-melhoramentos-anuncia-construcao-de-nova-fabrica-de-embalagens-sustentaveis-na-cidade\/#breadcrumb\",\"itemListElement\":[{\"@type\":\"ListItem\",\"position\":1,\"name\":\"In\u00edcio\",\"item\":\"https:\/\/www.tvuai.com.br\/portal\/\"},{\"@type\":\"ListItem\",\"position\":2,\"name\":\"Camanducaia entra na era verde: Melhoramentos anuncia constru\u00e7\u00e3o de nova f\u00e1brica de embalagens sustent\u00e1veis na cidade\"}]},{\"@type\":\"WebSite\",\"@id\":\"https:\/\/www.tvuai.com.br\/portal\/#website\",\"url\":\"https:\/\/www.tvuai.com.br\/portal\/\",\"name\":\"TVUAI\",\"description\":\"Tudo sobre o Sul de Minas\",\"publisher\":{\"@id\":\"https:\/\/www.tvuai.com.br\/portal\/#organization\"},\"potentialAction\":[{\"@type\":\"SearchAction\",\"target\":{\"@type\":\"EntryPoint\",\"urlTemplate\":\"https:\/\/www.tvuai.com.br\/portal\/?s={search_term_string}\"},\"query-input\":{\"@type\":\"PropertyValueSpecification\",\"valueRequired\":true,\"valueName\":\"search_term_string\"}}],\"inLanguage\":\"pt-BR\"},{\"@type\":\"Organization\",\"@id\":\"https:\/\/www.tvuai.com.br\/portal\/#organization\",\"name\":\"TVUAI\",\"url\":\"https:\/\/www.tvuai.com.br\/portal\/\",\"logo\":{\"@type\":\"ImageObject\",\"inLanguage\":\"pt-BR\",\"@id\":\"https:\/\/www.tvuai.com.br\/portal\/#\/schema\/logo\/image\/\",\"url\":\"https:\/\/i0.wp.com\/www.tvuai.com.br\/portal\/wp-content\/uploads\/2017\/12\/logo_tvuai_100H.png?fit=207%2C100&ssl=1\",\"contentUrl\":\"https:\/\/i0.wp.com\/www.tvuai.com.br\/portal\/wp-content\/uploads\/2017\/12\/logo_tvuai_100H.png?fit=207%2C100&ssl=1\",\"width\":207,\"height\":100,\"caption\":\"TVUAI\"},\"image\":{\"@id\":\"https:\/\/www.tvuai.com.br\/portal\/#\/schema\/logo\/image\/\"},\"sameAs\":[\"http:\/\/www.facebook.com\/pages\/TV-Uai-Comunica\u00e7\u00e3o\/139062546157369\",\"https:\/\/x.com\/tvuai\",\"https:\/\/www.instagram.com\/tvuai_network\/\",\"https:\/\/www.youtube.com\/channel\/UCB7ZPB3wRv-OpoZ_09jmnkQ\"]},{\"@type\":\"Person\",\"@id\":\"https:\/\/www.tvuai.com.br\/portal\/#\/schema\/person\/245e50e9127451fd0b7fd76f519ebbfe\",\"name\":\"tvuai\",\"url\":\"https:\/\/www.tvuai.com.br\/portal\/author\/tvuai\/\"}]}<\/script>\n<!-- \/ Yoast SEO plugin. -->","yoast_head_json":{"title":"Camanducaia entra na era verde: Melhoramentos anuncia constru\u00e7\u00e3o de nova f\u00e1brica de embalagens sustent\u00e1veis na cidade - TVUAI","robots":{"index":"index","follow":"follow","max-snippet":"max-snippet:-1","max-image-preview":"max-image-preview:large","max-video-preview":"max-video-preview:-1"},"canonical":"https:\/\/www.tvuai.com.br\/portal\/camanducaia-entra-na-era-verde-melhoramentos-anuncia-construcao-de-nova-fabrica-de-embalagens-sustentaveis-na-cidade\/","og_locale":"pt_BR","og_type":"article","og_title":"Camanducaia entra na era verde: Melhoramentos anuncia constru\u00e7\u00e3o de nova f\u00e1brica de embalagens sustent\u00e1veis na cidade - TVUAI","og_description":"Produzidas a partir de fibra de celulose, essas novas embalagens s\u00e3o uma alternativa ao pl\u00e1stico descart\u00e1vel, especialmente na ind\u00fastria aliment\u00edcia, pois suportam tanto baixas quanto altas temperaturas A Melhoramentos, uma empresa de capital aberto que opera nos setores editorial, florestal renov\u00e1vel e desenvolvimento imobili\u00e1rio (Altea), anunciou um importante passo em dire\u00e7\u00e3o \u00e0 sustentabilidade: a constru\u00e7\u00e3o [&hellip;]","og_url":"https:\/\/www.tvuai.com.br\/portal\/camanducaia-entra-na-era-verde-melhoramentos-anuncia-construcao-de-nova-fabrica-de-embalagens-sustentaveis-na-cidade\/","og_site_name":"TVUAI","article_publisher":"http:\/\/www.facebook.com\/pages\/TV-Uai-Comunica%c3%a7%c3%a3o\/139062546157369","article_published_time":"2024-06-13T23:01:36+00:00","article_modified_time":"2024-06-20T23:06:21+00:00","og_image":[{"width":200,"height":200,"url":"https:\/\/www.tvuai.com.br\/portal\/wp-content\/uploads\/2024\/06\/melhoramentos0.jpg","type":"image\/jpeg"}],"author":"tvuai","twitter_card":"summary_large_image","twitter_creator":"@tvuai","twitter_site":"@tvuai","twitter_misc":{"Escrito por":"tvuai","Est. tempo de leitura":"5 minutos"},"schema":{"@context":"https:\/\/schema.org","@graph":[{"@type":"Article","@id":"https:\/\/www.tvuai.com.br\/portal\/camanducaia-entra-na-era-verde-melhoramentos-anuncia-construcao-de-nova-fabrica-de-embalagens-sustentaveis-na-cidade\/#article","isPartOf":{"@id":"https:\/\/www.tvuai.com.br\/portal\/camanducaia-entra-na-era-verde-melhoramentos-anuncia-construcao-de-nova-fabrica-de-embalagens-sustentaveis-na-cidade\/"},"author":{"name":"tvuai","@id":"https:\/\/www.tvuai.com.br\/portal\/#\/schema\/person\/245e50e9127451fd0b7fd76f519ebbfe"},"headline":"Camanducaia entra na era verde: Melhoramentos anuncia constru\u00e7\u00e3o de nova f\u00e1brica de embalagens sustent\u00e1veis na cidade","datePublished":"2024-06-13T23:01:36+00:00","dateModified":"2024-06-20T23:06:21+00:00","mainEntityOfPage":{"@id":"https:\/\/www.tvuai.com.br\/portal\/camanducaia-entra-na-era-verde-melhoramentos-anuncia-construcao-de-nova-fabrica-de-embalagens-sustentaveis-na-cidade\/"},"wordCount":665,"publisher":{"@id":"https:\/\/www.tvuai.com.br\/portal\/#organization"},"image":{"@id":"https:\/\/www.tvuai.com.br\/portal\/camanducaia-entra-na-era-verde-melhoramentos-anuncia-construcao-de-nova-fabrica-de-embalagens-sustentaveis-na-cidade\/#primaryimage"},"thumbnailUrl":"https:\/\/i0.wp.com\/www.tvuai.com.br\/portal\/wp-content\/uploads\/2024\/06\/melhoramentos0.jpg?fit=200%2C200&ssl=1","keywords":["Camanducaia","Financiadora de Estudos e Projetos","FINEP","Melhoramentos","Minas Gerais","Minist\u00e9rio da Ci\u00eancia","Pouso Alegre","Sul de Minas","Tecnologia e Inova\u00e7\u00e3o","TV Uai","TV UAI 24 anos","TV UAI 24 anos com voc\u00ea","TV UAI Pouso Alegre","tvuai"],"articleSection":["Economia","Emprego","Not\u00edcias","\u00daltimas Not\u00edcias"],"inLanguage":"pt-BR"},{"@type":"WebPage","@id":"https:\/\/www.tvuai.com.br\/portal\/camanducaia-entra-na-era-verde-melhoramentos-anuncia-construcao-de-nova-fabrica-de-embalagens-sustentaveis-na-cidade\/","url":"https:\/\/www.tvuai.com.br\/portal\/camanducaia-entra-na-era-verde-melhoramentos-anuncia-construcao-de-nova-fabrica-de-embalagens-sustentaveis-na-cidade\/","name":"Camanducaia entra na era verde: Melhoramentos anuncia constru\u00e7\u00e3o de nova f\u00e1brica de embalagens sustent\u00e1veis na cidade - TVUAI","isPartOf":{"@id":"https:\/\/www.tvuai.com.br\/portal\/#website"},"primaryImageOfPage":{"@id":"https:\/\/www.tvuai.com.br\/portal\/camanducaia-entra-na-era-verde-melhoramentos-anuncia-construcao-de-nova-fabrica-de-embalagens-sustentaveis-na-cidade\/#primaryimage"},"image":{"@id":"https:\/\/www.tvuai.com.br\/portal\/camanducaia-entra-na-era-verde-melhoramentos-anuncia-construcao-de-nova-fabrica-de-embalagens-sustentaveis-na-cidade\/#primaryimage"},"thumbnailUrl":"https:\/\/i0.wp.com\/www.tvuai.com.br\/portal\/wp-content\/uploads\/2024\/06\/melhoramentos0.jpg?fit=200%2C200&ssl=1","datePublished":"2024-06-13T23:01:36+00:00","dateModified":"2024-06-20T23:06:21+00:00","breadcrumb":{"@id":"https:\/\/www.tvuai.com.br\/portal\/camanducaia-entra-na-era-verde-melhoramentos-anuncia-construcao-de-nova-fabrica-de-embalagens-sustentaveis-na-cidade\/#breadcrumb"},"inLanguage":"pt-BR","potentialAction":[{"@type":"ReadAction","target":["https:\/\/www.tvuai.com.br\/portal\/camanducaia-entra-na-era-verde-melhoramentos-anuncia-construcao-de-nova-fabrica-de-embalagens-sustentaveis-na-cidade\/"]}]},{"@type":"ImageObject","inLanguage":"pt-BR","@id":"https:\/\/www.tvuai.com.br\/portal\/camanducaia-entra-na-era-verde-melhoramentos-anuncia-construcao-de-nova-fabrica-de-embalagens-sustentaveis-na-cidade\/#primaryimage","url":"https:\/\/i0.wp.com\/www.tvuai.com.br\/portal\/wp-content\/uploads\/2024\/06\/melhoramentos0.jpg?fit=200%2C200&ssl=1","contentUrl":"https:\/\/i0.wp.com\/www.tvuai.com.br\/portal\/wp-content\/uploads\/2024\/06\/melhoramentos0.jpg?fit=200%2C200&ssl=1","width":200,"height":200},{"@type":"BreadcrumbList","@id":"https:\/\/www.tvuai.com.br\/portal\/camanducaia-entra-na-era-verde-melhoramentos-anuncia-construcao-de-nova-fabrica-de-embalagens-sustentaveis-na-cidade\/#breadcrumb","itemListElement":[{"@type":"ListItem","position":1,"name":"In\u00edcio","item":"https:\/\/www.tvuai.com.br\/portal\/"},{"@type":"ListItem","position":2,"name":"Camanducaia entra na era verde: Melhoramentos anuncia constru\u00e7\u00e3o de nova f\u00e1brica de embalagens sustent\u00e1veis na cidade"}]},{"@type":"WebSite","@id":"https:\/\/www.tvuai.com.br\/portal\/#website","url":"https:\/\/www.tvuai.com.br\/portal\/","name":"TVUAI","description":"Tudo sobre o Sul de Minas","publisher":{"@id":"https:\/\/www.tvuai.com.br\/portal\/#organization"},"potentialAction":[{"@type":"SearchAction","target":{"@type":"EntryPoint","urlTemplate":"https:\/\/www.tvuai.com.br\/portal\/?s={search_term_string}"},"query-input":{"@type":"PropertyValueSpecification","valueRequired":true,"valueName":"search_term_string"}}],"inLanguage":"pt-BR"},{"@type":"Organization","@id":"https:\/\/www.tvuai.com.br\/portal\/#organization","name":"TVUAI","url":"https:\/\/www.tvuai.com.br\/portal\/","logo":{"@type":"ImageObject","inLanguage":"pt-BR","@id":"https:\/\/www.tvuai.com.br\/portal\/#\/schema\/logo\/image\/","url":"https:\/\/i0.wp.com\/www.tvuai.com.br\/portal\/wp-content\/uploads\/2017\/12\/logo_tvuai_100H.png?fit=207%2C100&ssl=1","contentUrl":"https:\/\/i0.wp.com\/www.tvuai.com.br\/portal\/wp-content\/uploads\/2017\/12\/logo_tvuai_100H.png?fit=207%2C100&ssl=1","width":207,"height":100,"caption":"TVUAI"},"image":{"@id":"https:\/\/www.tvuai.com.br\/portal\/#\/schema\/logo\/image\/"},"sameAs":["http:\/\/www.facebook.com\/pages\/TV-Uai-Comunica\u00e7\u00e3o\/139062546157369","https:\/\/x.com\/tvuai","https:\/\/www.instagram.com\/tvuai_network\/","https:\/\/www.youtube.com\/channel\/UCB7ZPB3wRv-OpoZ_09jmnkQ"]},{"@type":"Person","@id":"https:\/\/www.tvuai.com.br\/portal\/#\/schema\/person\/245e50e9127451fd0b7fd76f519ebbfe","name":"tvuai","url":"https:\/\/www.tvuai.com.br\/portal\/author\/tvuai\/"}]}},"jetpack_featured_media_url":"https:\/\/i0.wp.com\/www.tvuai.com.br\/portal\/wp-content\/uploads\/2024\/06\/melhoramentos0.jpg?fit=200%2C200&ssl=1","wpmagazine_modules_lite_featured_media_urls":{"thumbnail":["https:\/\/i0.wp.com\/www.tvuai.com.br\/portal\/wp-content\/uploads\/2024\/06\/melhoramentos0.jpg?resize=150%2C150&ssl=1",150,150,true],"cvmm-medium":["https:\/\/i0.wp.com\/www.tvuai.com.br\/portal\/wp-content\/uploads\/2024\/06\/melhoramentos0.jpg?resize=200%2C200&ssl=1",200,200,true],"cvmm-medium-plus":["https:\/\/i0.wp.com\/www.tvuai.com.br\/portal\/wp-content\/uploads\/2024\/06\/melhoramentos0.jpg?resize=200%2C200&ssl=1",200,200,true],"cvmm-portrait":["https:\/\/i0.wp.com\/www.tvuai.com.br\/portal\/wp-content\/uploads\/2024\/06\/melhoramentos0.jpg?resize=200%2C200&ssl=1",200,200,true],"cvmm-medium-square":["https:\/\/i0.wp.com\/www.tvuai.com.br\/portal\/wp-content\/uploads\/2024\/06\/melhoramentos0.jpg?resize=200%2C200&ssl=1",200,200,true],"cvmm-large":["https:\/\/i0.wp.com\/www.tvuai.com.br\/portal\/wp-content\/uploads\/2024\/06\/melhoramentos0.jpg?resize=200%2C200&ssl=1",200,200,true],"cvmm-small":["https:\/\/i0.wp.com\/www.tvuai.com.br\/portal\/wp-content\/uploads\/2024\/06\/melhoramentos0.jpg?resize=130%2C95&ssl=1",130,95,true],"full":["https:\/\/i0.wp.com\/www.tvuai.com.br\/portal\/wp-content\/uploads\/2024\/06\/melhoramentos0.jpg?fit=200%2C200&ssl=1",200,200,false]},"categories_names":{"1815":{"name":"Economia","link":"https:\/\/www.tvuai.com.br\/portal\/category\/economia\/"},"1827":{"name":"Emprego","link":"https:\/\/www.tvuai.com.br\/portal\/category\/emprego\/"},"19":{"name":"Not\u00edcias","link":"https:\/\/www.tvuai.com.br\/portal\/category\/noticias\/"},"5":{"name":"\u00daltimas Not\u00edcias","link":"https:\/\/www.tvuai.com.br\/portal\/category\/noticias\/ultimas\/"}},"tags_names":{"765":{"name":"Camanducaia","link":"https:\/\/www.tvuai.com.br\/portal\/tag\/camanducaia\/"},"3280":{"name":"Financiadora de Estudos e Projetos","link":"https:\/\/www.tvuai.com.br\/portal\/tag\/financiadora-de-estudos-e-projetos\/"},"3279":{"name":"FINEP","link":"https:\/\/www.tvuai.com.br\/portal\/tag\/finep\/"},"3281":{"name":"Melhoramentos","link":"https:\/\/www.tvuai.com.br\/portal\/tag\/melhoramentos\/"},"184":{"name":"Minas Gerais","link":"https:\/\/www.tvuai.com.br\/portal\/tag\/minas-gerais\/"},"207":{"name":"Minist\u00e9rio da Ci\u00eancia","link":"https:\/\/www.tvuai.com.br\/portal\/tag\/ministerio-da-ciencia\/"},"37":{"name":"Pouso Alegre","link":"https:\/\/www.tvuai.com.br\/portal\/tag\/pouso-alegre\/"},"39":{"name":"Sul de Minas","link":"https:\/\/www.tvuai.com.br\/portal\/tag\/sul-de-minas\/"},"1624":{"name":"Tecnologia e Inova\u00e7\u00e3o","link":"https:\/\/www.tvuai.com.br\/portal\/tag\/tecnologia-e-inovacao\/"},"27":{"name":"TV Uai","link":"https:\/\/www.tvuai.com.br\/portal\/tag\/tv-uai\/"},"2759":{"name":"TV UAI 24 anos","link":"https:\/\/www.tvuai.com.br\/portal\/tag\/tv-uai-24-anos\/"},"2760":{"name":"TV UAI 24 anos com voc\u00ea","link":"https:\/\/www.tvuai.com.br\/portal\/tag\/tv-uai-24-anos-com-voce\/"},"1618":{"name":"TV UAI Pouso Alegre","link":"https:\/\/www.tvuai.com.br\/portal\/tag\/tv-uai-pouso-alegre\/"},"1638":{"name":"tvuai","link":"https:\/\/www.tvuai.com.br\/portal\/tag\/tvuai\/"}},"comments_number":"0","jetpack_shortlink":"https:\/\/wp.me\/p9woix-2fT","jetpack_sharing_enabled":true,"_links":{"self":[{"href":"https:\/\/www.tvuai.com.br\/portal\/wp-json\/wp\/v2\/posts\/8673"}],"collection":[{"href":"https:\/\/www.tvuai.com.br\/portal\/wp-json\/wp\/v2\/posts"}],"about":[{"href":"https:\/\/www.tvuai.com.br\/portal\/wp-json\/wp\/v2\/types\/post"}],"author":[{"embeddable":true,"href":"https:\/\/www.tvuai.com.br\/portal\/wp-json\/wp\/v2\/users\/1"}],"replies":[{"embeddable":true,"href":"https:\/\/www.tvuai.com.br\/portal\/wp-json\/wp\/v2\/comments?post=8673"}],"version-history":[{"count":4,"href":"https:\/\/www.tvuai.com.br\/portal\/wp-json\/wp\/v2\/posts\/8673\/revisions"}],"predecessor-version":[{"id":8683,"href":"https:\/\/www.tvuai.com.br\/portal\/wp-json\/wp\/v2\/posts\/8673\/revisions\/8683"}],"wp:featuredmedia":[{"embeddable":true,"href":"https:\/\/www.tvuai.com.br\/portal\/wp-json\/wp\/v2\/media\/8677"}],"wp:attachment":[{"href":"https:\/\/www.tvuai.com.br\/portal\/wp-json\/wp\/v2\/media?parent=8673"}],"wp:term":[{"taxonomy":"category","embeddable":true,"href":"https:\/\/www.tvuai.com.br\/portal\/wp-json\/wp\/v2\/categories?post=8673"},{"taxonomy":"post_tag","embeddable":true,"href":"https:\/\/www.tvuai.com.br\/portal\/wp-json\/wp\/v2\/tags?post=8673"}],"curies":[{"name":"wp","href":"https:\/\/api.w.org\/{rel}","templated":true}]}}