{"id":86,"date":"2018-01-02T11:42:53","date_gmt":"2018-01-02T13:42:53","guid":{"rendered":"http:\/\/www.tvuai.com.br\/site_teste\/?p=86"},"modified":"2023-09-16T12:11:57","modified_gmt":"2023-09-16T15:11:57","slug":"meio-ambiente-2017-tumultuado-e-2018-de-renovacao","status":"publish","type":"post","link":"https:\/\/www.tvuai.com.br\/portal\/meio-ambiente-2017-tumultuado-e-2018-de-renovacao\/","title":{"rendered":"Meio ambiente: 2017 tumultuado e 2018 de renova\u00e7\u00e3o"},"content":{"rendered":"<div class=\"5a1038e0903b96d426fcfcc338703013\" data-index=\"1\" style=\"float: right; margin:10px 0 10px 10px;\">\n<script async src=\"https:\/\/pagead2.googlesyndication.com\/pagead\/js\/adsbygoogle.js?client=ca-pub-9945944833605257\"\r\n     crossorigin=\"anonymous\"><\/script>\r\n<ins class=\"adsbygoogle\"\r\n     style=\"display:block; text-align:center;\"\r\n     data-ad-layout=\"in-article\"\r\n     data-ad-format=\"fluid\"\r\n     data-ad-client=\"ca-pub-9945944833605257\"\r\n     data-ad-slot=\"2343923581\"><\/ins>\r\n<script>\r\n     (adsbygoogle = window.adsbygoogle || []).push({});\r\n<\/script>\n<\/div>\n<p>Medidas equivocadas de governos e fen\u00f4menos clim\u00e1ticos extremos mostraram que as quest\u00f5es ambientais t\u00eam reflexos sociais e econ\u00f4micos e, portanto, precisam de mais aten\u00e7\u00e3o<\/p>\n<p>Um ano turbulento. Essa \u00e9 a defini\u00e7\u00e3o da maioria dos ambientalistas para 2017, com rela\u00e7\u00e3o \u00e0s tomadas de decis\u00f5es ligadas \u00e0 conserva\u00e7\u00e3o da natureza brasileira e aos eventos clim\u00e1ticos extremos nacionais e internacionais.<br \/>\nNacionalmente, as Unidades de Conserva\u00e7\u00e3o (UC) brasileiras foram as que mais sofreram amea\u00e7as, de acordo com especialistas. Diversas a\u00e7\u00f5es do Governo colocaram em riscos \u00e1reas extremamente importantes para a biodiversidade, principalmente por propostas de altera\u00e7\u00e3o na legisla\u00e7\u00e3o. As Medidas Provis\u00f3rias 756 e 758, do Governo Federal, enviadas ao Congresso Nacional em maio deste ano propuseram a redu\u00e7\u00e3o de mais de 1 milh\u00e3o de hectares da \u00e1rea de UCs no Par\u00e1, na Amaz\u00f4nia, e de outras regi\u00f5es do Brasil, como tamb\u00e9m Santa Catarina. Felizmente, por press\u00e3o nacional e internacional, o presidente Michel Temer vetou essa redu\u00e7\u00e3o.<\/p>\n<p>Outra tentativa de mudan\u00e7a na legisla\u00e7\u00e3o foi o andamento do Projeto de Decreto Legislativo (PDC) 427 de 2016. Por meio dele, buscou-se sustar os efeitos legais da lista de animais em extin\u00e7\u00e3o definida pela Portaria n\u00ba 444 do Minist\u00e9rio do Meio Ambiente. Conhecidas como \u201clistas vermelhas\u201d, elas representam uma parte essencial da pol\u00edtica de Estado para garantir que fauna, flora e micro-organismos nativos sejam protegidos. \u201cEntre tantas tentativas de prejudicar a nossa biodiversidade por meio de propostas de mudan\u00e7as na legisla\u00e7\u00e3o, a possibilidade de se sustar os efeitos legais da lista de animais em extin\u00e7\u00e3o se mostrou assustadora e incompreens\u00edvel\u201d, destaca o bi\u00f3logo Fabiano Melo, membro da Rede de Especialistas em Conserva\u00e7\u00e3o da Natureza.<\/p>\n<p>Em agosto, outra proposta do Governo Federal prop\u00f4s a extin\u00e7\u00e3o da Renca, que \u00e9 uma reserva de cobres e associados, com o intuito de possibilitar a explora\u00e7\u00e3o mineral em uma grande regi\u00e3o entre o Par\u00e1 e o Amap\u00e1 &#8211; uma \u00e1rea quase do tamanho do Estado do Rio de Janeiro &#8211; e, novamente pela press\u00e3o da sociedade civil e da classe art\u00edstica, o Governo voltou atr\u00e1s.<\/p>\n<p>Assim como no Norte do pa\u00eds, no Paran\u00e1, uma grande mobiliza\u00e7\u00e3o vem sendo feita para engavetar uma proposta criada pela Assembleia Legislativa que prev\u00ea a redu\u00e7\u00e3o da \u00c1rea de Preserva\u00e7\u00e3o Ambiental da Escarpa Devoniana &#8211; maior Unidade de Conserva\u00e7\u00e3o do Sul do Pa\u00eds. Para Emerson Oliveira, coordenador de Ci\u00eancia e Conserva\u00e7\u00e3o da Funda\u00e7\u00e3o Grupo Botic\u00e1rio de Prote\u00e7\u00e3o \u00e0 Natureza, mesmo que essas amea\u00e7as n\u00e3o tenham seguido em frente, elas s\u00e3o preocupantes. \u201cTemos que estar atentos \u00e0 pauta ambiental do Governo. Neste ano, se n\u00e3o fosse a press\u00e3o da sociedade, todas essas medidas teriam sido aprovadas e o resultado disso seria um desastre ambiental\u201d, analisa.<br \/>\nMas n\u00e3o foram somente not\u00edcias ruins que permearam a pasta ambiental. Mesmo com tantas tentativas de redu\u00e7\u00f5es de \u00e1reas protegidas, outras propostas (e demandas antigas) tamb\u00e9m foram aprovadas, como a amplia\u00e7\u00e3o da \u00e1rea do Parque Nacional da Chapada dos Veadeiros, da Esta\u00e7\u00e3o Ecol\u00f3gica do Taim (RS), da Reserva Biol\u00f3gica Uni\u00e3o (RJ) e o Parque Nacional dos Campos Ferruginosos (PA). Al\u00e9m disso, no Paran\u00e1 foi recategorizada e ampliada a Floresta Estadual do Palmito (agora Parque Estadual do Palmito) e ampliada a Esta\u00e7\u00e3o Ecol\u00f3gica do Guaragua\u00e7u, que s\u00e3o \u00e1reas que protegem florestas e plan\u00edcies do Bioma Mata Atl\u00e2ntica, um dos mais amea\u00e7ados do Brasil e onde vivem mais de 70% da popula\u00e7\u00e3o nacional.<\/p>\n<p>\u201cDiante de tantos retrocessos, o impacto foi direto na sociedade civil que precisou agir para evitar a altera\u00e7\u00e3o de diversos aspectos ligados \u00e0 Legisla\u00e7\u00e3o Ambiental. Mas isso pode ser visto tamb\u00e9m como algo positivo, pois mostra o quanto mobiliza\u00e7\u00f5es como essas d\u00e3o resultado positivos e fazem com que o Governo n\u00e3o permita situa\u00e7\u00f5es t\u00e3o adversas\u201d, analisa Rachel Biderman, diretora do World Resources Institute (WRI \u2013 Brasil) e membro da Rede de Especialistas de Conserva\u00e7\u00e3o da Natureza.<\/p>\n<p><strong>M\u00e1s not\u00edcias tamb\u00e9m no cen\u00e1rio internacional<\/strong><br \/>\nDesde a sa\u00edda dos Estados Unidos do Acordo de Paris, o presidente Donald Trump tem causado preocupa\u00e7\u00e3o quando o assunto \u00e9 combater a mudan\u00e7a clim\u00e1tica. Tal decis\u00e3o colocou o mundo em um ritmo mais lento nas negocia\u00e7\u00f5es clim\u00e1ticas, principalmente em assuntos ligados a investimentos, empresas e pa\u00edses que j\u00e1 estavam em negocia\u00e7\u00f5es internacionais avan\u00e7adas. \u201cPor outro lado, h\u00e1 pontos positivos l\u00e1 fora. Existem lideran\u00e7as importantes despontando, como \u00e9 o caso do presidente da Fran\u00e7a, Emmanuel Macron, que convocou uma Comiss\u00e3o em Paris para debater a agenda clim\u00e1tica; assim como na Isl\u00e2ndia despontou uma l\u00edder mulher, a primeira-ministra Katrin Jakobsdottir, l\u00edder do movimento Esquerda Verde, que tamb\u00e9m aponta nessa dire\u00e7\u00e3o. A China, que \u00e9 um motor fundamental da economia e tamb\u00e9m da agenda do baixo carbono, tem dado bons direcionamentos; e a Alemanha, a Noruega, e a Europa em geral nos mostram boas iniciativas\u201d, comemora Rachel.<\/p>\n<p>No \u00e2mbito da mudan\u00e7a global do clim\u00e1tica, o mundo em 2017 teve comprova\u00e7\u00f5es de que as coisas n\u00e3o andam bem. Eventos clim\u00e1ticos extremos se mostraram cada vez mais frequentes, como as queimadas acima do normal em Portugal, \u00c1frica do Sul, Calif\u00f3rnia e no Cerrado brasileiro, al\u00e9m do n\u00famero de furac\u00f5es de grande escala que tamb\u00e9m foi intenso em um curto per\u00edodo de tempo. \u201cNo Brasil, houve um aumento significativo nos problemas com enchentes durante o per\u00edodo do ver\u00e3o. O que nos preocupa com tudo isso \u00e9 que n\u00e3o vemos investimentos necess\u00e1rios para a adapta\u00e7\u00e3o nesse novo cen\u00e1rio de mudan\u00e7a clim\u00e1tica e isso ficou claro durante a 23\u00aa Confer\u00eancia das Na\u00e7\u00f5es Unidas sobre Mudan\u00e7a Clim\u00e1tica (COP 23) que foi realizada em novembro deste ano, em Bonn, na Alemanha\u201d, pondera Andr\u00e9 Ferretti, gerente de Economia da Biodiversidade da Funda\u00e7\u00e3o Grupo Botic\u00e1rio de Prote\u00e7\u00e3o \u00e0 Natureza.<\/p>\n<p>Exemplo dessa falta de investimentos foi a Medida Provis\u00f3ria 795 encaminhada ao Congresso Nacional durante a COP 23, em novembro, que d\u00e1 incentivos \u00e0 ind\u00fastria de combust\u00edveis f\u00f3sseis (\u00f3leo e g\u00e1s) estimados em subs\u00eddios na ordem de um trilh\u00e3o de reais em 25 anos. Por esse motivo, o Brasil acabou recebendo o F\u00f3ssil do Dia, pr\u00eamio oferecido pela organiza\u00e7\u00e3o Climate Action Network para pa\u00edses que atrapalham o progresso das negocia\u00e7\u00f5es ou que se afastam do cumprimento das metas para conter o aquecimento global. \u201cNo futuro, com a confirma\u00e7\u00e3o da COP 25 no Brasil em 2019, espera-se que o tema da mudan\u00e7a clim\u00e1tica esteja mais presente nas pr\u00f3ximas elei\u00e7\u00f5es e que seja mais debatido com a sociedade\u201d, anseia Ferretti.<\/p>\n<p><strong>O que esperar ambientalmente para 2018<\/strong><br \/>\nBoas not\u00edcias s\u00e3o esperadas para o ano que inicia em breve. Considerando que 2018 \u00e9 um ano eleitoral, o desejo de especialistas na \u00e1rea \u00e9 de que temas ambientais estejam na pauta do Brasil e do mundo. Para Rachel Biderman, com a agenda eleitoral em atividade, o pr\u00f3ximo ano ser\u00e1 a oportunidade de atrair os candidatos para uma agenda ambiental e de sustentabilidade. \u201cPrecisamos atrair ao m\u00e1ximo os candidatos e convencer os eleitores de que \u00e9 necess\u00e1rio um candidato com esse perfil. A inten\u00e7\u00e3o tem que ser trabalhar principalmente com o p\u00fablico jovem, para tentar a renova\u00e7\u00e3o do Congresso e das Assembleias Legislativas\u201d, analisa.<\/p>\n<p>Mudan\u00e7a clim\u00e1tica e pol\u00edticas p\u00fablicas do Governo Federal que v\u00e3o na contram\u00e3o da conserva\u00e7\u00e3o da natureza s\u00e3o as maiores preocupa\u00e7\u00f5es dos ambientalistas. De acordo com Fabiano Melo, esses s\u00e3o assuntos que ir\u00e3o ganhar cada vez mais for\u00e7a. \u201cConsiderando a mudan\u00e7a clim\u00e1tica e o futuro cada vez mais dif\u00edcil relacionado a esse tema, n\u00f3s precisamos falar e agir sobre isso, acreditar nas propostas, participar de maneira positiva, de forma a melhorar a posi\u00e7\u00e3o do Brasil e das pol\u00edticas p\u00fablicas voltadas a biodiversidade\u201d, reflete.<\/p>\n<p>Para Emerson Oliveira esse \u00e9 o rumo tamb\u00e9m para as Unidades de Conserva\u00e7\u00e3o. \u201cPara 2018, espera-se que os governantes tenham uma aten\u00e7\u00e3o maior para as nossas unidades de conserva\u00e7\u00e3o, pelo menos deixando de colocar em risco essas \u00e1reas com os projetos de leis estaduais, municipais e federais. Por isso, nossa expectativa \u00e9 que o Governo Federal anuncie a cria\u00e7\u00e3o de algumas UCs costeiro-marinhas que a pr\u00f3pria sociedade civil (como a Funda\u00e7\u00e3o Grupo Botic\u00e1rio) tem articulado junto ao Governo Federal, via Minist\u00e9rio do Meio Ambiente e Instituto Chico Mendes e que essas boas not\u00edcias possam ser anunciadas no pr\u00f3ximo Congresso Brasileiro de Unidades de Conserva\u00e7\u00e3o, em julho do ano que vem\u201d, almeja.<\/p>\n<p style=\"text-align: left\"><strong>Sobre a Funda\u00e7\u00e3o Grupo Botic\u00e1rio<\/strong><br \/>\nA Funda\u00e7\u00e3o Grupo Botic\u00e1rio \u00e9 fruto da inspira\u00e7\u00e3o de Miguel Krigsner, fundador de O Botic\u00e1rio e atual presidente do Conselho de Administra\u00e7\u00e3o do Grupo Botic\u00e1rio. A institui\u00e7\u00e3o foi criada em 1990, dois anos antes da Rio-92 ou C\u00fapula da Terra, evento que foi um marco para a conserva\u00e7\u00e3o ambiental mundial. A Funda\u00e7\u00e3o Grupo Botic\u00e1rio apoia a\u00e7\u00f5es de conserva\u00e7\u00e3o da natureza em todo o Brasil, totalizando mais de 1.500 iniciativas apoiadas financeiramente. Protege 11 mil hectares de Mata Atl\u00e2ntica e Cerrado, por meio da cria\u00e7\u00e3o e manuten\u00e7\u00e3o de duas reservas naturais. Atua para que a conserva\u00e7\u00e3o da biodiversidade seja priorizada nos neg\u00f3cios e nas pol\u00edticas p\u00fablicas, al\u00e9m de contribuir para que a natureza sirva de inspira\u00e7\u00e3o ou seja parte da solu\u00e7\u00e3o para diversos problemas da sociedade. Tamb\u00e9m promove a\u00e7\u00f5es de mobiliza\u00e7\u00e3o, sensibiliza\u00e7\u00e3o e comunica\u00e7\u00e3o inovadoras, que aproximam a natureza do cotidiano das pessoas.<\/p>\n<p style=\"text-align: left\"><strong>Sobre a Rede de Especialistas<\/strong><br \/>\nA Rede de Especialistas de Conserva\u00e7\u00e3o da Natureza \u00e9 uma reuni\u00e3o de profissionais, de refer\u00eancia nacional e internacional, que atuam em \u00e1reas relacionadas \u00e0 prote\u00e7\u00e3o da biodiversidade e assuntos correlatos, com o objetivo de estimular a divulga\u00e7\u00e3o de posicionamentos em defesa da conserva\u00e7\u00e3o da natureza brasileira. A Rede foi constitu\u00edda em 2014, por iniciativa da Funda\u00e7\u00e3o Grupo Botic\u00e1rio de Prote\u00e7\u00e3o \u00e0 Natureza.<\/p>\n\n<div style=\"font-size: 0px; height: 0px; line-height: 0px; margin: 0; padding: 0; clear: both;\"><\/div><div class='share-to-whatsapp-wrapper'><div class='share-on-whsp'>Share on: <\/div><a data-text='Meio ambiente: 2017 tumultuado e 2018 de renova\u00e7\u00e3o' data-link='https:\/\/www.tvuai.com.br\/portal\/meio-ambiente-2017-tumultuado-e-2018-de-renovacao\/' class='whatsapp-button whatsapp-share'>WhatsApp<\/a><div class='clear '><\/div><\/div><!-- AddThis Advanced Settings generic via filter on the_content --><!-- AddThis Share Buttons generic via filter on the_content -->","protected":false},"excerpt":{"rendered":"<p>Medidas equivocadas de governos e fen\u00f4menos clim\u00e1ticos extremos mostraram que as quest\u00f5es ambientais t\u00eam reflexos sociais e econ\u00f4micos e, portanto, precisam de mais aten\u00e7\u00e3o Um ano turbulento. Essa \u00e9 a defini\u00e7\u00e3o da maioria dos ambientalistas para 2017, com rela\u00e7\u00e3o \u00e0s tomadas de decis\u00f5es ligadas \u00e0 conserva\u00e7\u00e3o da natureza brasileira e aos eventos clim\u00e1ticos extremos nacionais [&hellip;]<!-- AddThis Advanced Settings generic via filter on get_the_excerpt --><!-- AddThis Share Buttons generic via filter on get_the_excerpt --><\/p>\n","protected":false},"author":2,"featured_media":0,"comment_status":"closed","ping_status":"closed","sticky":false,"template":"","format":"standard","meta":{"jetpack_post_was_ever_published":false,"_jetpack_newsletter_access":"","_jetpack_dont_email_post_to_subs":false,"_jetpack_newsletter_tier_id":0,"_jetpack_memberships_contains_paywalled_content":false,"_jetpack_memberships_contains_paid_content":false,"_joinchat":[],"footnotes":"","jetpack_publicize_message":"","jetpack_publicize_feature_enabled":true,"jetpack_social_post_already_shared":false,"jetpack_social_options":{"image_generator_settings":{"template":"highway","enabled":false},"version":2}},"categories":[1642,19],"tags":[],"class_list":["post-86","post","type-post","status-publish","format-standard","hentry","category-tecnologia","category-noticias"],"jetpack_publicize_connections":[],"yoast_head":"<!-- This site is optimized with the Yoast SEO plugin v23.5 - https:\/\/yoast.com\/wordpress\/plugins\/seo\/ -->\n<title>Meio ambiente: 2017 tumultuado e 2018 de renova\u00e7\u00e3o - TVUAI<\/title>\n<meta name=\"robots\" content=\"index, follow, max-snippet:-1, max-image-preview:large, max-video-preview:-1\" \/>\n<link rel=\"canonical\" href=\"https:\/\/www.tvuai.com.br\/portal\/meio-ambiente-2017-tumultuado-e-2018-de-renovacao\/\" \/>\n<meta property=\"og:locale\" content=\"pt_BR\" \/>\n<meta property=\"og:type\" content=\"article\" \/>\n<meta property=\"og:title\" content=\"Meio ambiente: 2017 tumultuado e 2018 de renova\u00e7\u00e3o - TVUAI\" \/>\n<meta property=\"og:description\" content=\"Medidas equivocadas de governos e fen\u00f4menos clim\u00e1ticos extremos mostraram que as quest\u00f5es ambientais t\u00eam reflexos sociais e econ\u00f4micos e, portanto, precisam de mais aten\u00e7\u00e3o Um ano turbulento. Essa \u00e9 a defini\u00e7\u00e3o da maioria dos ambientalistas para 2017, com rela\u00e7\u00e3o \u00e0s tomadas de decis\u00f5es ligadas \u00e0 conserva\u00e7\u00e3o da natureza brasileira e aos eventos clim\u00e1ticos extremos nacionais [&hellip;]\" \/>\n<meta property=\"og:url\" content=\"https:\/\/www.tvuai.com.br\/portal\/meio-ambiente-2017-tumultuado-e-2018-de-renovacao\/\" \/>\n<meta property=\"og:site_name\" content=\"TVUAI\" \/>\n<meta property=\"article:publisher\" content=\"http:\/\/www.facebook.com\/pages\/TV-Uai-Comunica%c3%a7%c3%a3o\/139062546157369\" \/>\n<meta property=\"article:author\" content=\"https:\/\/www.facebook.com\/tvuai\/\" \/>\n<meta property=\"article:published_time\" content=\"2018-01-02T13:42:53+00:00\" \/>\n<meta property=\"article:modified_time\" content=\"2023-09-16T15:11:57+00:00\" \/>\n<meta name=\"author\" content=\"Rosy Pantale\u00e3o\" \/>\n<meta name=\"twitter:card\" content=\"summary_large_image\" \/>\n<meta name=\"twitter:creator\" content=\"@tvuai\" \/>\n<meta name=\"twitter:site\" content=\"@tvuai\" \/>\n<meta name=\"twitter:label1\" content=\"Escrito por\" \/>\n\t<meta name=\"twitter:data1\" content=\"Rosy Pantale\u00e3o\" \/>\n\t<meta name=\"twitter:label2\" content=\"Est. tempo de leitura\" \/>\n\t<meta name=\"twitter:data2\" content=\"9 minutos\" \/>\n<script type=\"application\/ld+json\" class=\"yoast-schema-graph\">{\"@context\":\"https:\/\/schema.org\",\"@graph\":[{\"@type\":\"Article\",\"@id\":\"https:\/\/www.tvuai.com.br\/portal\/meio-ambiente-2017-tumultuado-e-2018-de-renovacao\/#article\",\"isPartOf\":{\"@id\":\"https:\/\/www.tvuai.com.br\/portal\/meio-ambiente-2017-tumultuado-e-2018-de-renovacao\/\"},\"author\":{\"name\":\"Rosy Pantale\u00e3o\",\"@id\":\"https:\/\/www.tvuai.com.br\/portal\/#\/schema\/person\/d1c5c2b1dc1e658906286802aad38555\"},\"headline\":\"Meio ambiente: 2017 tumultuado e 2018 de renova\u00e7\u00e3o\",\"datePublished\":\"2018-01-02T13:42:53+00:00\",\"dateModified\":\"2023-09-16T15:11:57+00:00\",\"mainEntityOfPage\":{\"@id\":\"https:\/\/www.tvuai.com.br\/portal\/meio-ambiente-2017-tumultuado-e-2018-de-renovacao\/\"},\"wordCount\":1745,\"publisher\":{\"@id\":\"https:\/\/www.tvuai.com.br\/portal\/#organization\"},\"articleSection\":[\"Ci\u00eancia e Tecnologia\",\"Not\u00edcias\"],\"inLanguage\":\"pt-BR\"},{\"@type\":\"WebPage\",\"@id\":\"https:\/\/www.tvuai.com.br\/portal\/meio-ambiente-2017-tumultuado-e-2018-de-renovacao\/\",\"url\":\"https:\/\/www.tvuai.com.br\/portal\/meio-ambiente-2017-tumultuado-e-2018-de-renovacao\/\",\"name\":\"Meio ambiente: 2017 tumultuado e 2018 de renova\u00e7\u00e3o - TVUAI\",\"isPartOf\":{\"@id\":\"https:\/\/www.tvuai.com.br\/portal\/#website\"},\"datePublished\":\"2018-01-02T13:42:53+00:00\",\"dateModified\":\"2023-09-16T15:11:57+00:00\",\"breadcrumb\":{\"@id\":\"https:\/\/www.tvuai.com.br\/portal\/meio-ambiente-2017-tumultuado-e-2018-de-renovacao\/#breadcrumb\"},\"inLanguage\":\"pt-BR\",\"potentialAction\":[{\"@type\":\"ReadAction\",\"target\":[\"https:\/\/www.tvuai.com.br\/portal\/meio-ambiente-2017-tumultuado-e-2018-de-renovacao\/\"]}]},{\"@type\":\"BreadcrumbList\",\"@id\":\"https:\/\/www.tvuai.com.br\/portal\/meio-ambiente-2017-tumultuado-e-2018-de-renovacao\/#breadcrumb\",\"itemListElement\":[{\"@type\":\"ListItem\",\"position\":1,\"name\":\"In\u00edcio\",\"item\":\"https:\/\/www.tvuai.com.br\/portal\/\"},{\"@type\":\"ListItem\",\"position\":2,\"name\":\"Meio ambiente: 2017 tumultuado e 2018 de renova\u00e7\u00e3o\"}]},{\"@type\":\"WebSite\",\"@id\":\"https:\/\/www.tvuai.com.br\/portal\/#website\",\"url\":\"https:\/\/www.tvuai.com.br\/portal\/\",\"name\":\"TVUAI\",\"description\":\"Tudo sobre o Sul de Minas\",\"publisher\":{\"@id\":\"https:\/\/www.tvuai.com.br\/portal\/#organization\"},\"potentialAction\":[{\"@type\":\"SearchAction\",\"target\":{\"@type\":\"EntryPoint\",\"urlTemplate\":\"https:\/\/www.tvuai.com.br\/portal\/?s={search_term_string}\"},\"query-input\":{\"@type\":\"PropertyValueSpecification\",\"valueRequired\":true,\"valueName\":\"search_term_string\"}}],\"inLanguage\":\"pt-BR\"},{\"@type\":\"Organization\",\"@id\":\"https:\/\/www.tvuai.com.br\/portal\/#organization\",\"name\":\"TVUAI\",\"url\":\"https:\/\/www.tvuai.com.br\/portal\/\",\"logo\":{\"@type\":\"ImageObject\",\"inLanguage\":\"pt-BR\",\"@id\":\"https:\/\/www.tvuai.com.br\/portal\/#\/schema\/logo\/image\/\",\"url\":\"https:\/\/i0.wp.com\/www.tvuai.com.br\/portal\/wp-content\/uploads\/2017\/12\/logo_tvuai_100H.png?fit=207%2C100&ssl=1\",\"contentUrl\":\"https:\/\/i0.wp.com\/www.tvuai.com.br\/portal\/wp-content\/uploads\/2017\/12\/logo_tvuai_100H.png?fit=207%2C100&ssl=1\",\"width\":207,\"height\":100,\"caption\":\"TVUAI\"},\"image\":{\"@id\":\"https:\/\/www.tvuai.com.br\/portal\/#\/schema\/logo\/image\/\"},\"sameAs\":[\"http:\/\/www.facebook.com\/pages\/TV-Uai-Comunica\u00e7\u00e3o\/139062546157369\",\"https:\/\/x.com\/tvuai\",\"https:\/\/www.instagram.com\/tvuai_network\/\",\"https:\/\/www.youtube.com\/channel\/UCB7ZPB3wRv-OpoZ_09jmnkQ\"]},{\"@type\":\"Person\",\"@id\":\"https:\/\/www.tvuai.com.br\/portal\/#\/schema\/person\/d1c5c2b1dc1e658906286802aad38555\",\"name\":\"Rosy Pantale\u00e3o\",\"sameAs\":[\"https:\/\/www.tvuai.com.br\/portal\/\",\"https:\/\/www.facebook.com\/tvuai\/\",\"https:\/\/www.instagram.com\/tvuai\",\"https:\/\/x.com\/tvuai\",\"https:\/\/www.youtube.com\/channel\/UCB7ZPB3wRv-OpoZ_09jmnkQ\",\"tvuai\"],\"url\":\"https:\/\/www.tvuai.com.br\/portal\/author\/rosy\/\"}]}<\/script>\n<!-- \/ Yoast SEO plugin. -->","yoast_head_json":{"title":"Meio ambiente: 2017 tumultuado e 2018 de renova\u00e7\u00e3o - TVUAI","robots":{"index":"index","follow":"follow","max-snippet":"max-snippet:-1","max-image-preview":"max-image-preview:large","max-video-preview":"max-video-preview:-1"},"canonical":"https:\/\/www.tvuai.com.br\/portal\/meio-ambiente-2017-tumultuado-e-2018-de-renovacao\/","og_locale":"pt_BR","og_type":"article","og_title":"Meio ambiente: 2017 tumultuado e 2018 de renova\u00e7\u00e3o - TVUAI","og_description":"Medidas equivocadas de governos e fen\u00f4menos clim\u00e1ticos extremos mostraram que as quest\u00f5es ambientais t\u00eam reflexos sociais e econ\u00f4micos e, portanto, precisam de mais aten\u00e7\u00e3o Um ano turbulento. Essa \u00e9 a defini\u00e7\u00e3o da maioria dos ambientalistas para 2017, com rela\u00e7\u00e3o \u00e0s tomadas de decis\u00f5es ligadas \u00e0 conserva\u00e7\u00e3o da natureza brasileira e aos eventos clim\u00e1ticos extremos nacionais [&hellip;]","og_url":"https:\/\/www.tvuai.com.br\/portal\/meio-ambiente-2017-tumultuado-e-2018-de-renovacao\/","og_site_name":"TVUAI","article_publisher":"http:\/\/www.facebook.com\/pages\/TV-Uai-Comunica%c3%a7%c3%a3o\/139062546157369","article_author":"https:\/\/www.facebook.com\/tvuai\/","article_published_time":"2018-01-02T13:42:53+00:00","article_modified_time":"2023-09-16T15:11:57+00:00","author":"Rosy Pantale\u00e3o","twitter_card":"summary_large_image","twitter_creator":"@tvuai","twitter_site":"@tvuai","twitter_misc":{"Escrito por":"Rosy Pantale\u00e3o","Est. tempo de leitura":"9 minutos"},"schema":{"@context":"https:\/\/schema.org","@graph":[{"@type":"Article","@id":"https:\/\/www.tvuai.com.br\/portal\/meio-ambiente-2017-tumultuado-e-2018-de-renovacao\/#article","isPartOf":{"@id":"https:\/\/www.tvuai.com.br\/portal\/meio-ambiente-2017-tumultuado-e-2018-de-renovacao\/"},"author":{"name":"Rosy Pantale\u00e3o","@id":"https:\/\/www.tvuai.com.br\/portal\/#\/schema\/person\/d1c5c2b1dc1e658906286802aad38555"},"headline":"Meio ambiente: 2017 tumultuado e 2018 de renova\u00e7\u00e3o","datePublished":"2018-01-02T13:42:53+00:00","dateModified":"2023-09-16T15:11:57+00:00","mainEntityOfPage":{"@id":"https:\/\/www.tvuai.com.br\/portal\/meio-ambiente-2017-tumultuado-e-2018-de-renovacao\/"},"wordCount":1745,"publisher":{"@id":"https:\/\/www.tvuai.com.br\/portal\/#organization"},"articleSection":["Ci\u00eancia e Tecnologia","Not\u00edcias"],"inLanguage":"pt-BR"},{"@type":"WebPage","@id":"https:\/\/www.tvuai.com.br\/portal\/meio-ambiente-2017-tumultuado-e-2018-de-renovacao\/","url":"https:\/\/www.tvuai.com.br\/portal\/meio-ambiente-2017-tumultuado-e-2018-de-renovacao\/","name":"Meio ambiente: 2017 tumultuado e 2018 de renova\u00e7\u00e3o - TVUAI","isPartOf":{"@id":"https:\/\/www.tvuai.com.br\/portal\/#website"},"datePublished":"2018-01-02T13:42:53+00:00","dateModified":"2023-09-16T15:11:57+00:00","breadcrumb":{"@id":"https:\/\/www.tvuai.com.br\/portal\/meio-ambiente-2017-tumultuado-e-2018-de-renovacao\/#breadcrumb"},"inLanguage":"pt-BR","potentialAction":[{"@type":"ReadAction","target":["https:\/\/www.tvuai.com.br\/portal\/meio-ambiente-2017-tumultuado-e-2018-de-renovacao\/"]}]},{"@type":"BreadcrumbList","@id":"https:\/\/www.tvuai.com.br\/portal\/meio-ambiente-2017-tumultuado-e-2018-de-renovacao\/#breadcrumb","itemListElement":[{"@type":"ListItem","position":1,"name":"In\u00edcio","item":"https:\/\/www.tvuai.com.br\/portal\/"},{"@type":"ListItem","position":2,"name":"Meio ambiente: 2017 tumultuado e 2018 de renova\u00e7\u00e3o"}]},{"@type":"WebSite","@id":"https:\/\/www.tvuai.com.br\/portal\/#website","url":"https:\/\/www.tvuai.com.br\/portal\/","name":"TVUAI","description":"Tudo sobre o Sul de Minas","publisher":{"@id":"https:\/\/www.tvuai.com.br\/portal\/#organization"},"potentialAction":[{"@type":"SearchAction","target":{"@type":"EntryPoint","urlTemplate":"https:\/\/www.tvuai.com.br\/portal\/?s={search_term_string}"},"query-input":{"@type":"PropertyValueSpecification","valueRequired":true,"valueName":"search_term_string"}}],"inLanguage":"pt-BR"},{"@type":"Organization","@id":"https:\/\/www.tvuai.com.br\/portal\/#organization","name":"TVUAI","url":"https:\/\/www.tvuai.com.br\/portal\/","logo":{"@type":"ImageObject","inLanguage":"pt-BR","@id":"https:\/\/www.tvuai.com.br\/portal\/#\/schema\/logo\/image\/","url":"https:\/\/i0.wp.com\/www.tvuai.com.br\/portal\/wp-content\/uploads\/2017\/12\/logo_tvuai_100H.png?fit=207%2C100&ssl=1","contentUrl":"https:\/\/i0.wp.com\/www.tvuai.com.br\/portal\/wp-content\/uploads\/2017\/12\/logo_tvuai_100H.png?fit=207%2C100&ssl=1","width":207,"height":100,"caption":"TVUAI"},"image":{"@id":"https:\/\/www.tvuai.com.br\/portal\/#\/schema\/logo\/image\/"},"sameAs":["http:\/\/www.facebook.com\/pages\/TV-Uai-Comunica\u00e7\u00e3o\/139062546157369","https:\/\/x.com\/tvuai","https:\/\/www.instagram.com\/tvuai_network\/","https:\/\/www.youtube.com\/channel\/UCB7ZPB3wRv-OpoZ_09jmnkQ"]},{"@type":"Person","@id":"https:\/\/www.tvuai.com.br\/portal\/#\/schema\/person\/d1c5c2b1dc1e658906286802aad38555","name":"Rosy Pantale\u00e3o","sameAs":["https:\/\/www.tvuai.com.br\/portal\/","https:\/\/www.facebook.com\/tvuai\/","https:\/\/www.instagram.com\/tvuai","https:\/\/x.com\/tvuai","https:\/\/www.youtube.com\/channel\/UCB7ZPB3wRv-OpoZ_09jmnkQ","tvuai"],"url":"https:\/\/www.tvuai.com.br\/portal\/author\/rosy\/"}]}},"jetpack_featured_media_url":"","wpmagazine_modules_lite_featured_media_urls":{"thumbnail":"","cvmm-medium":"","cvmm-medium-plus":"","cvmm-portrait":"","cvmm-medium-square":"","cvmm-large":"","cvmm-small":"","full":""},"categories_names":{"1642":{"name":"Ci\u00eancia e Tecnologia","link":"https:\/\/www.tvuai.com.br\/portal\/category\/tecnologia\/"},"19":{"name":"Not\u00edcias","link":"https:\/\/www.tvuai.com.br\/portal\/category\/noticias\/"}},"tags_names":[],"comments_number":"0","jetpack_shortlink":"https:\/\/wp.me\/p9woix-1o","jetpack_sharing_enabled":true,"_links":{"self":[{"href":"https:\/\/www.tvuai.com.br\/portal\/wp-json\/wp\/v2\/posts\/86"}],"collection":[{"href":"https:\/\/www.tvuai.com.br\/portal\/wp-json\/wp\/v2\/posts"}],"about":[{"href":"https:\/\/www.tvuai.com.br\/portal\/wp-json\/wp\/v2\/types\/post"}],"author":[{"embeddable":true,"href":"https:\/\/www.tvuai.com.br\/portal\/wp-json\/wp\/v2\/users\/2"}],"replies":[{"embeddable":true,"href":"https:\/\/www.tvuai.com.br\/portal\/wp-json\/wp\/v2\/comments?post=86"}],"version-history":[{"count":5,"href":"https:\/\/www.tvuai.com.br\/portal\/wp-json\/wp\/v2\/posts\/86\/revisions"}],"predecessor-version":[{"id":171,"href":"https:\/\/www.tvuai.com.br\/portal\/wp-json\/wp\/v2\/posts\/86\/revisions\/171"}],"wp:attachment":[{"href":"https:\/\/www.tvuai.com.br\/portal\/wp-json\/wp\/v2\/media?parent=86"}],"wp:term":[{"taxonomy":"category","embeddable":true,"href":"https:\/\/www.tvuai.com.br\/portal\/wp-json\/wp\/v2\/categories?post=86"},{"taxonomy":"post_tag","embeddable":true,"href":"https:\/\/www.tvuai.com.br\/portal\/wp-json\/wp\/v2\/tags?post=86"}],"curies":[{"name":"wp","href":"https:\/\/api.w.org\/{rel}","templated":true}]}}