{"id":8459,"date":"2024-04-23T18:09:16","date_gmt":"2024-04-23T21:09:16","guid":{"rendered":"https:\/\/www.tvuai.com.br\/portal\/?p=8459"},"modified":"2024-05-09T12:37:48","modified_gmt":"2024-05-09T15:37:48","slug":"promotor-de-justica-de-pouso-alegre-e-um-dos-sete-empossados-como-procurador-de-justica-pelo-ministerio-publico-mg","status":"publish","type":"post","link":"https:\/\/www.tvuai.com.br\/portal\/promotor-de-justica-de-pouso-alegre-e-um-dos-sete-empossados-como-procurador-de-justica-pelo-ministerio-publico-mg\/","title":{"rendered":"Promotor de Justi\u00e7a de Pouso Alegre \u00e9 um dos sete empossados como Procurador de Justi\u00e7a pelo Minist\u00e9rio P\u00fablico MG"},"content":{"rendered":"<div class=\"5a1038e0903b96d426fcfcc338703013\" data-index=\"1\" style=\"float: right; margin:10px 0 10px 10px;\">\n<script async src=\"https:\/\/pagead2.googlesyndication.com\/pagead\/js\/adsbygoogle.js?client=ca-pub-9945944833605257\"\r\n     crossorigin=\"anonymous\"><\/script>\r\n<ins class=\"adsbygoogle\"\r\n     style=\"display:block; text-align:center;\"\r\n     data-ad-layout=\"in-article\"\r\n     data-ad-format=\"fluid\"\r\n     data-ad-client=\"ca-pub-9945944833605257\"\r\n     data-ad-slot=\"2343923581\"><\/ins>\r\n<script>\r\n     (adsbygoogle = window.adsbygoogle || []).push({});\r\n<\/script>\n<\/div>\n<div class=\"flex-1 overflow-hidden\">\n<div class=\"react-scroll-to-bottom--css-ghopb-79elbk h-full\">\n<div class=\"react-scroll-to-bottom--css-ghopb-1n7m0yu\">\n<div>\n<div class=\"flex flex-col text-sm pb-9\">\n<div class=\"w-full text-token-text-primary\" dir=\"auto\" data-testid=\"conversation-turn-5\">\n<div class=\"px-4 py-2 justify-center text-base md:gap-6 m-auto\">\n<div class=\"flex flex-1 text-base mx-auto gap-3 juice:gap-4 juice:md:gap-6 md:px-5 lg:px-1 xl:px-5 md:max-w-3xl lg:max-w-[40rem] xl:max-w-[48rem]\">\n<div class=\"relative flex w-full flex-col agent-turn\">\n<div class=\"flex-col gap-1 md:gap-3\">\n<div class=\"flex flex-grow flex-col max-w-full\">\n<div class=\"min-h-[20px] text-message flex flex-col items-start gap-3 whitespace-pre-wrap break-words [.text-message+&amp;]:mt-5 overflow-x-auto\" dir=\"auto\" data-message-author-role=\"assistant\" data-message-id=\"252e637f-b216-4b52-8769-52c8eeb94712\">\n<div class=\"markdown prose w-full break-words dark:prose-invert light\">\n<h5 style=\"text-align: center;\"><img data-recalc-dims=\"1\" fetchpriority=\"high\" decoding=\"async\" data-attachment-id=\"8467\" data-permalink=\"https:\/\/www.tvuai.com.br\/portal\/promotor-de-justica-de-pouso-alegre-e-um-dos-sete-empossados-como-procurador-de-justica-pelo-ministerio-publico-mg\/linardi4\/\" data-orig-file=\"https:\/\/i0.wp.com\/www.tvuai.com.br\/portal\/wp-content\/uploads\/2024\/04\/Linardi4.jpg?fit=1200%2C799&amp;ssl=1\" data-orig-size=\"1200,799\" data-comments-opened=\"0\" data-image-meta=\"{&quot;aperture&quot;:&quot;0&quot;,&quot;credit&quot;:&quot;&quot;,&quot;camera&quot;:&quot;&quot;,&quot;caption&quot;:&quot;&quot;,&quot;created_timestamp&quot;:&quot;0&quot;,&quot;copyright&quot;:&quot;&quot;,&quot;focal_length&quot;:&quot;0&quot;,&quot;iso&quot;:&quot;0&quot;,&quot;shutter_speed&quot;:&quot;0&quot;,&quot;title&quot;:&quot;&quot;,&quot;orientation&quot;:&quot;0&quot;}\" data-image-title=\"Linardi4\" data-image-description=\"\" data-image-caption=\"\" data-medium-file=\"https:\/\/i0.wp.com\/www.tvuai.com.br\/portal\/wp-content\/uploads\/2024\/04\/Linardi4.jpg?fit=300%2C200&amp;ssl=1\" data-large-file=\"https:\/\/i0.wp.com\/www.tvuai.com.br\/portal\/wp-content\/uploads\/2024\/04\/Linardi4.jpg?fit=640%2C426&amp;ssl=1\" tabindex=\"0\" role=\"button\" class=\"size-medium wp-image-8467 aligncenter\" src=\"https:\/\/i0.wp.com\/www.tvuai.com.br\/portal\/wp-content\/uploads\/2024\/04\/Linardi4.jpg?resize=300%2C200&#038;ssl=1\" alt=\"\" width=\"300\" height=\"200\" srcset=\"https:\/\/i0.wp.com\/www.tvuai.com.br\/portal\/wp-content\/uploads\/2024\/04\/Linardi4.jpg?resize=300%2C200&amp;ssl=1 300w, https:\/\/i0.wp.com\/www.tvuai.com.br\/portal\/wp-content\/uploads\/2024\/04\/Linardi4.jpg?resize=1024%2C682&amp;ssl=1 1024w, https:\/\/i0.wp.com\/www.tvuai.com.br\/portal\/wp-content\/uploads\/2024\/04\/Linardi4.jpg?resize=768%2C511&amp;ssl=1 768w, https:\/\/i0.wp.com\/www.tvuai.com.br\/portal\/wp-content\/uploads\/2024\/04\/Linardi4.jpg?resize=600%2C400&amp;ssl=1 600w, https:\/\/i0.wp.com\/www.tvuai.com.br\/portal\/wp-content\/uploads\/2024\/04\/Linardi4.jpg?w=1200&amp;ssl=1 1200w\" sizes=\"(max-width: 300px) 100vw, 300px\" \/><em><strong>Sete novos procuradores de Justi\u00e7a assumiram suas fun\u00e7\u00f5es no Minist\u00e9rio P\u00fablico de Minas Gerais (MPMG) nesta segunda-feira, 22<\/strong><\/em><\/h5>\n<p><img data-recalc-dims=\"1\" decoding=\"async\" data-attachment-id=\"8464\" data-permalink=\"https:\/\/www.tvuai.com.br\/portal\/promotor-de-justica-de-pouso-alegre-e-um-dos-sete-empossados-como-procurador-de-justica-pelo-ministerio-publico-mg\/linardi1\/\" data-orig-file=\"https:\/\/i0.wp.com\/www.tvuai.com.br\/portal\/wp-content\/uploads\/2024\/04\/Linardi1.jpg?fit=1279%2C581&amp;ssl=1\" data-orig-size=\"1279,581\" data-comments-opened=\"0\" data-image-meta=\"{&quot;aperture&quot;:&quot;0&quot;,&quot;credit&quot;:&quot;&quot;,&quot;camera&quot;:&quot;&quot;,&quot;caption&quot;:&quot;&quot;,&quot;created_timestamp&quot;:&quot;0&quot;,&quot;copyright&quot;:&quot;&quot;,&quot;focal_length&quot;:&quot;0&quot;,&quot;iso&quot;:&quot;0&quot;,&quot;shutter_speed&quot;:&quot;0&quot;,&quot;title&quot;:&quot;&quot;,&quot;orientation&quot;:&quot;0&quot;}\" data-image-title=\"Linardi1\" data-image-description=\"\" data-image-caption=\"\" data-medium-file=\"https:\/\/i0.wp.com\/www.tvuai.com.br\/portal\/wp-content\/uploads\/2024\/04\/Linardi1.jpg?fit=300%2C136&amp;ssl=1\" data-large-file=\"https:\/\/i0.wp.com\/www.tvuai.com.br\/portal\/wp-content\/uploads\/2024\/04\/Linardi1.jpg?fit=640%2C291&amp;ssl=1\" tabindex=\"0\" role=\"button\" class=\"size-medium wp-image-8464 alignleft\" src=\"https:\/\/i0.wp.com\/www.tvuai.com.br\/portal\/wp-content\/uploads\/2024\/04\/Linardi1.jpg?resize=300%2C136&#038;ssl=1\" alt=\"\" width=\"300\" height=\"136\" srcset=\"https:\/\/i0.wp.com\/www.tvuai.com.br\/portal\/wp-content\/uploads\/2024\/04\/Linardi1.jpg?resize=300%2C136&amp;ssl=1 300w, https:\/\/i0.wp.com\/www.tvuai.com.br\/portal\/wp-content\/uploads\/2024\/04\/Linardi1.jpg?resize=1024%2C465&amp;ssl=1 1024w, https:\/\/i0.wp.com\/www.tvuai.com.br\/portal\/wp-content\/uploads\/2024\/04\/Linardi1.jpg?resize=768%2C349&amp;ssl=1 768w, https:\/\/i0.wp.com\/www.tvuai.com.br\/portal\/wp-content\/uploads\/2024\/04\/Linardi1.jpg?resize=600%2C273&amp;ssl=1 600w, https:\/\/i0.wp.com\/www.tvuai.com.br\/portal\/wp-content\/uploads\/2024\/04\/Linardi1.jpg?w=1279&amp;ssl=1 1279w\" sizes=\"(max-width: 300px) 100vw, 300px\" \/>Dentre eles, o promotor de Justi\u00e7a que, na \u00faltima d\u00e9cada, atuou em Pouso Alegre, o agora procurador de Justi\u00e7a Ricardo Tadeu Linardi. Linardi foi aprovado no 29\u00ba concurso de ingresso na carreira do MPMG, em 1992, como promotor substituto. Em 1994, foi promovido para Cristina e depois seguiu para as comarcas de Parais\u00f3polis, Itajub\u00e1, Belo Horizonte e Pouso Alegre. <img data-recalc-dims=\"1\" decoding=\"async\" data-attachment-id=\"8465\" data-permalink=\"https:\/\/www.tvuai.com.br\/portal\/promotor-de-justica-de-pouso-alegre-e-um-dos-sete-empossados-como-procurador-de-justica-pelo-ministerio-publico-mg\/linardi2\/\" data-orig-file=\"https:\/\/i0.wp.com\/www.tvuai.com.br\/portal\/wp-content\/uploads\/2024\/04\/Linardi2.jpg?fit=1317%2C489&amp;ssl=1\" data-orig-size=\"1317,489\" data-comments-opened=\"0\" data-image-meta=\"{&quot;aperture&quot;:&quot;0&quot;,&quot;credit&quot;:&quot;&quot;,&quot;camera&quot;:&quot;&quot;,&quot;caption&quot;:&quot;&quot;,&quot;created_timestamp&quot;:&quot;0&quot;,&quot;copyright&quot;:&quot;&quot;,&quot;focal_length&quot;:&quot;0&quot;,&quot;iso&quot;:&quot;0&quot;,&quot;shutter_speed&quot;:&quot;0&quot;,&quot;title&quot;:&quot;&quot;,&quot;orientation&quot;:&quot;0&quot;}\" data-image-title=\"Linardi2\" data-image-description=\"\" data-image-caption=\"\" data-medium-file=\"https:\/\/i0.wp.com\/www.tvuai.com.br\/portal\/wp-content\/uploads\/2024\/04\/Linardi2.jpg?fit=300%2C111&amp;ssl=1\" data-large-file=\"https:\/\/i0.wp.com\/www.tvuai.com.br\/portal\/wp-content\/uploads\/2024\/04\/Linardi2.jpg?fit=640%2C238&amp;ssl=1\" tabindex=\"0\" role=\"button\" class=\"size-medium wp-image-8465 alignright\" src=\"https:\/\/i0.wp.com\/www.tvuai.com.br\/portal\/wp-content\/uploads\/2024\/04\/Linardi2.jpg?resize=300%2C111&#038;ssl=1\" alt=\"\" width=\"300\" height=\"111\" srcset=\"https:\/\/i0.wp.com\/www.tvuai.com.br\/portal\/wp-content\/uploads\/2024\/04\/Linardi2.jpg?resize=300%2C111&amp;ssl=1 300w, https:\/\/i0.wp.com\/www.tvuai.com.br\/portal\/wp-content\/uploads\/2024\/04\/Linardi2.jpg?resize=1024%2C380&amp;ssl=1 1024w, https:\/\/i0.wp.com\/www.tvuai.com.br\/portal\/wp-content\/uploads\/2024\/04\/Linardi2.jpg?resize=768%2C285&amp;ssl=1 768w, https:\/\/i0.wp.com\/www.tvuai.com.br\/portal\/wp-content\/uploads\/2024\/04\/Linardi2.jpg?resize=600%2C223&amp;ssl=1 600w, https:\/\/i0.wp.com\/www.tvuai.com.br\/portal\/wp-content\/uploads\/2024\/04\/Linardi2.jpg?w=1317&amp;ssl=1 1317w\" sizes=\"(max-width: 300px) 100vw, 300px\" \/>Dedicou-se \u00e0 defesa do patrim\u00f4nio p\u00fablico da improbidade administrativa e integrou o Grupo Especial de Defesa do Patrim\u00f4nio P\u00fablico (GEP). Sua promo\u00e7\u00e3o ao topo da carreira foi por merecimento atrav\u00e9s de relevantes servi\u00e7os prestados a Pouso Alegre, ao Sul de Minas e ao MP.<\/p>\n<p>Luiz Henrique Acquaro Borsari, Marco Aur\u00e9lio Nogueira, Fernando Rodrigues Martins, Ricardo Tadeu Linardi, Francisco Rog\u00e9rio Barbosa Campos, Marco Ant\u00f4nio Borges e Karen Thom\u00e9 Seni Da Silva e Oliveira Goulart foram oficialmente empossados durante uma sess\u00e3o solene da C\u00e2mara de Procuradores de Justi\u00e7a. O evento foi presidido por Jarbas Soares J\u00fanior, procurador-geral de Justi\u00e7a de Minas Gerais e presidente do Conselho Nacional de Procuradores-Gerais de Justi\u00e7a.<\/p>\n<p><img data-recalc-dims=\"1\" loading=\"lazy\" decoding=\"async\" data-attachment-id=\"8466\" data-permalink=\"https:\/\/www.tvuai.com.br\/portal\/promotor-de-justica-de-pouso-alegre-e-um-dos-sete-empossados-como-procurador-de-justica-pelo-ministerio-publico-mg\/linardi3\/\" data-orig-file=\"https:\/\/i0.wp.com\/www.tvuai.com.br\/portal\/wp-content\/uploads\/2024\/04\/Linardi3.jpg?fit=1200%2C799&amp;ssl=1\" data-orig-size=\"1200,799\" data-comments-opened=\"0\" data-image-meta=\"{&quot;aperture&quot;:&quot;0&quot;,&quot;credit&quot;:&quot;&quot;,&quot;camera&quot;:&quot;&quot;,&quot;caption&quot;:&quot;&quot;,&quot;created_timestamp&quot;:&quot;0&quot;,&quot;copyright&quot;:&quot;&quot;,&quot;focal_length&quot;:&quot;0&quot;,&quot;iso&quot;:&quot;0&quot;,&quot;shutter_speed&quot;:&quot;0&quot;,&quot;title&quot;:&quot;&quot;,&quot;orientation&quot;:&quot;0&quot;}\" data-image-title=\"Linardi3\" data-image-description=\"\" data-image-caption=\"\" data-medium-file=\"https:\/\/i0.wp.com\/www.tvuai.com.br\/portal\/wp-content\/uploads\/2024\/04\/Linardi3.jpg?fit=300%2C200&amp;ssl=1\" data-large-file=\"https:\/\/i0.wp.com\/www.tvuai.com.br\/portal\/wp-content\/uploads\/2024\/04\/Linardi3.jpg?fit=640%2C426&amp;ssl=1\" tabindex=\"0\" role=\"button\" class=\"size-medium wp-image-8466 alignleft\" src=\"https:\/\/i0.wp.com\/www.tvuai.com.br\/portal\/wp-content\/uploads\/2024\/04\/Linardi3.jpg?resize=300%2C200&#038;ssl=1\" alt=\"\" width=\"300\" height=\"200\" srcset=\"https:\/\/i0.wp.com\/www.tvuai.com.br\/portal\/wp-content\/uploads\/2024\/04\/Linardi3.jpg?resize=300%2C200&amp;ssl=1 300w, https:\/\/i0.wp.com\/www.tvuai.com.br\/portal\/wp-content\/uploads\/2024\/04\/Linardi3.jpg?resize=1024%2C682&amp;ssl=1 1024w, https:\/\/i0.wp.com\/www.tvuai.com.br\/portal\/wp-content\/uploads\/2024\/04\/Linardi3.jpg?resize=768%2C511&amp;ssl=1 768w, https:\/\/i0.wp.com\/www.tvuai.com.br\/portal\/wp-content\/uploads\/2024\/04\/Linardi3.jpg?resize=600%2C400&amp;ssl=1 600w, https:\/\/i0.wp.com\/www.tvuai.com.br\/portal\/wp-content\/uploads\/2024\/04\/Linardi3.jpg?w=1200&amp;ssl=1 1200w\" sizes=\"(max-width: 300px) 100vw, 300px\" \/>Os novos procuradores Acquaro Borsari, Rodrigues Martins, Barbosa Campos e Karen Goulart foram promovidos com base no crit\u00e9rio de antiguidade, enquanto Nogueira, Linardi e Borges foram promovidos por merecimento. Todos eles estar\u00e3o sediados em Belo Horizonte, representando o MPMG nos tribunais de segunda inst\u00e2ncia e superiores.<\/p>\n<p>Em seu discurso aos empossados, Jarbas Soares J\u00fanior destacou a singularidade do Minist\u00e9rio P\u00fablico de Minas, elogiando seus esfor\u00e7os cont\u00ednuos em prol da justi\u00e7a no estado. Em nome dos colegas, Acquaro Borsari expressou gratid\u00e3o pelo apoio familiar e ressaltou a import\u00e2ncia desse novo cap\u00edtulo em suas carreiras.<\/p>\n<p>O procurador de Justi\u00e7a M\u00e1rcio Heli de Andrade, decano da C\u00e2mara de Procuradores de Justi\u00e7a do MPMG, discursou aos novos colegas, lembrando suas trajet\u00f3rias profissionais e os desafios institucionais que enfrentar\u00e3o juntos.<\/p>\n<p>Al\u00e9m dos mencionados, estiveram presentes na cerim\u00f4nia diversas autoridades, incluindo o corregedor-geral do MPMG, Marco Antonio Lopes de Almeira, o terceiro vice-presidente da Assembleia Legislativa de Minas Gerais (ALMG), Betinho Pinto Coelho, e representantes do Tribunal de Justi\u00e7a de Minas Gerais (TJMG), da Assembleia Legislativa e de outros \u00f3rg\u00e3os judici\u00e1rios e institucionais.<\/p>\n<\/div>\n<\/div>\n<\/div>\n<\/div>\n<\/div>\n<\/div>\n<\/div>\n<\/div>\n<\/div>\n<\/div>\n<\/div>\n<\/div>\n<\/div>\n\n<div style=\"font-size: 0px; height: 0px; line-height: 0px; margin: 0; padding: 0; clear: both;\"><\/div><div class='share-to-whatsapp-wrapper'><div class='share-on-whsp'>Share on: <\/div><a data-text='Promotor de Justi\u00e7a de Pouso Alegre \u00e9 um dos sete empossados como Procurador de Justi\u00e7a pelo Minist\u00e9rio P\u00fablico MG' data-link='https:\/\/www.tvuai.com.br\/portal\/promotor-de-justica-de-pouso-alegre-e-um-dos-sete-empossados-como-procurador-de-justica-pelo-ministerio-publico-mg\/' class='whatsapp-button whatsapp-share'>WhatsApp<\/a><div class='clear '><\/div><\/div><!-- AddThis Advanced Settings generic via filter on the_content --><!-- AddThis Share Buttons generic via filter on the_content -->","protected":false},"excerpt":{"rendered":"<p>Sete novos procuradores de Justi\u00e7a assumiram suas fun\u00e7\u00f5es no Minist\u00e9rio P\u00fablico de Minas Gerais (MPMG) nesta segunda-feira, 22 Dentre eles, o promotor de Justi\u00e7a que, na \u00faltima d\u00e9cada, atuou em Pouso Alegre, o agora procurador de Justi\u00e7a Ricardo Tadeu Linardi. Linardi foi aprovado no 29\u00ba concurso de ingresso na carreira do MPMG, em 1992, como [&hellip;]<!-- AddThis Advanced Settings generic via filter on get_the_excerpt --><!-- AddThis Share Buttons generic via filter on get_the_excerpt --><\/p>\n","protected":false},"author":1,"featured_media":8463,"comment_status":"closed","ping_status":"closed","sticky":false,"template":"","format":"standard","meta":{"jetpack_post_was_ever_published":false,"_jetpack_newsletter_access":"","_jetpack_dont_email_post_to_subs":false,"_jetpack_newsletter_tier_id":0,"_jetpack_memberships_contains_paywalled_content":false,"_jetpack_memberships_contains_paid_content":false,"_joinchat":[],"footnotes":"","jetpack_publicize_message":"","jetpack_publicize_feature_enabled":true,"jetpack_social_post_already_shared":false,"jetpack_social_options":{"image_generator_settings":{"template":"highway","enabled":false},"version":2}},"categories":[1843,19,5],"tags":[3163,3161,3153,3155,1709,3157,3151,3156,3162,3152,184,1014,37,3159,3160,3158,3154,39,3164,27,2759,2760,1618,1638],"class_list":["post-8459","post","type-post","status-publish","format-standard","has-post-thumbnail","hentry","category-direito","category-noticias","category-ultimas","tag-betinho-pinto-coelho","tag-corregedor-geral-do-mpmg","tag-fernando-rodrigues-martins","tag-francisco-rogerio-barbosa-campos","tag-jarbas-soares-junior","tag-karen-thome-seni-da-silva-e-oliveira-goulart","tag-luiz-henrique-acquaro-borsari","tag-marco-antonio-borges","tag-marco-antonio-lopes-de-almeira","tag-marco-aurelio-nogueira","tag-minas-gerais","tag-ministerio-publico-de-minas-gerais","tag-pouso-alegre","tag-presidente-do-conselho-nacional-de-procuradores-gerais-de-justica","tag-procurador-de-justica-marcio-heli-de-andrade","tag-procurador-geral-de-justica-de-minas-gerais","tag-ricardo-tadeu-linardi","tag-sul-de-minas","tag-terceiro-vice-presidente-da-assembleia-legislativa-de-minas-gerais-almg","tag-tv-uai","tag-tv-uai-24-anos","tag-tv-uai-24-anos-com-voce","tag-tv-uai-pouso-alegre","tag-tvuai"],"jetpack_publicize_connections":[],"yoast_head":"<!-- This site is optimized with the Yoast SEO plugin v23.5 - https:\/\/yoast.com\/wordpress\/plugins\/seo\/ -->\n<title>Promotor de Justi\u00e7a de Pouso Alegre \u00e9 um dos sete empossados como Procurador de Justi\u00e7a pelo Minist\u00e9rio P\u00fablico MG - TVUAI<\/title>\n<meta name=\"robots\" content=\"index, follow, max-snippet:-1, max-image-preview:large, max-video-preview:-1\" \/>\n<link rel=\"canonical\" href=\"https:\/\/www.tvuai.com.br\/portal\/promotor-de-justica-de-pouso-alegre-e-um-dos-sete-empossados-como-procurador-de-justica-pelo-ministerio-publico-mg\/\" \/>\n<meta property=\"og:locale\" content=\"pt_BR\" \/>\n<meta property=\"og:type\" content=\"article\" \/>\n<meta property=\"og:title\" content=\"Promotor de Justi\u00e7a de Pouso Alegre \u00e9 um dos sete empossados como Procurador de Justi\u00e7a pelo Minist\u00e9rio P\u00fablico MG - TVUAI\" \/>\n<meta property=\"og:description\" content=\"Sete novos procuradores de Justi\u00e7a assumiram suas fun\u00e7\u00f5es no Minist\u00e9rio P\u00fablico de Minas Gerais (MPMG) nesta segunda-feira, 22 Dentre eles, o promotor de Justi\u00e7a que, na \u00faltima d\u00e9cada, atuou em Pouso Alegre, o agora procurador de Justi\u00e7a Ricardo Tadeu Linardi. Linardi foi aprovado no 29\u00ba concurso de ingresso na carreira do MPMG, em 1992, como [&hellip;]\" \/>\n<meta property=\"og:url\" content=\"https:\/\/www.tvuai.com.br\/portal\/promotor-de-justica-de-pouso-alegre-e-um-dos-sete-empossados-como-procurador-de-justica-pelo-ministerio-publico-mg\/\" \/>\n<meta property=\"og:site_name\" content=\"TVUAI\" \/>\n<meta property=\"article:publisher\" content=\"http:\/\/www.facebook.com\/pages\/TV-Uai-Comunica%c3%a7%c3%a3o\/139062546157369\" \/>\n<meta property=\"article:published_time\" content=\"2024-04-23T21:09:16+00:00\" \/>\n<meta property=\"article:modified_time\" content=\"2024-05-09T15:37:48+00:00\" \/>\n<meta property=\"og:image\" content=\"https:\/\/www.tvuai.com.br\/portal\/wp-content\/uploads\/2024\/04\/Linardi0.jpg\" \/>\n\t<meta property=\"og:image:width\" content=\"200\" \/>\n\t<meta property=\"og:image:height\" content=\"200\" \/>\n\t<meta property=\"og:image:type\" content=\"image\/jpeg\" \/>\n<meta name=\"author\" content=\"tvuai\" \/>\n<meta name=\"twitter:card\" content=\"summary_large_image\" \/>\n<meta name=\"twitter:creator\" content=\"@tvuai\" \/>\n<meta name=\"twitter:site\" content=\"@tvuai\" \/>\n<meta name=\"twitter:label1\" content=\"Escrito por\" \/>\n\t<meta name=\"twitter:data1\" content=\"tvuai\" \/>\n\t<meta name=\"twitter:label2\" content=\"Est. tempo de leitura\" \/>\n\t<meta name=\"twitter:data2\" content=\"3 minutos\" \/>\n<script type=\"application\/ld+json\" class=\"yoast-schema-graph\">{\"@context\":\"https:\/\/schema.org\",\"@graph\":[{\"@type\":\"Article\",\"@id\":\"https:\/\/www.tvuai.com.br\/portal\/promotor-de-justica-de-pouso-alegre-e-um-dos-sete-empossados-como-procurador-de-justica-pelo-ministerio-publico-mg\/#article\",\"isPartOf\":{\"@id\":\"https:\/\/www.tvuai.com.br\/portal\/promotor-de-justica-de-pouso-alegre-e-um-dos-sete-empossados-como-procurador-de-justica-pelo-ministerio-publico-mg\/\"},\"author\":{\"name\":\"tvuai\",\"@id\":\"https:\/\/www.tvuai.com.br\/portal\/#\/schema\/person\/245e50e9127451fd0b7fd76f519ebbfe\"},\"headline\":\"Promotor de Justi\u00e7a de Pouso Alegre \u00e9 um dos sete empossados como Procurador de Justi\u00e7a pelo Minist\u00e9rio P\u00fablico MG\",\"datePublished\":\"2024-04-23T21:09:16+00:00\",\"dateModified\":\"2024-05-09T15:37:48+00:00\",\"mainEntityOfPage\":{\"@id\":\"https:\/\/www.tvuai.com.br\/portal\/promotor-de-justica-de-pouso-alegre-e-um-dos-sete-empossados-como-procurador-de-justica-pelo-ministerio-publico-mg\/\"},\"wordCount\":427,\"publisher\":{\"@id\":\"https:\/\/www.tvuai.com.br\/portal\/#organization\"},\"image\":{\"@id\":\"https:\/\/www.tvuai.com.br\/portal\/promotor-de-justica-de-pouso-alegre-e-um-dos-sete-empossados-como-procurador-de-justica-pelo-ministerio-publico-mg\/#primaryimage\"},\"thumbnailUrl\":\"https:\/\/i0.wp.com\/www.tvuai.com.br\/portal\/wp-content\/uploads\/2024\/04\/Linardi0.jpg?fit=200%2C200&ssl=1\",\"keywords\":[\"Betinho Pinto Coelho\",\"corregedor-geral do MPMG\",\"Fernando Rodrigues Martins\",\"Francisco Rog\u00e9rio Barbosa Campos\",\"Jarbas Soares J\u00fanior\",\"Karen Thom\u00e9 Seni Da Silva e Oliveira Goulart\",\"Luiz Henrique Acquaro Borsari\",\"Marco Ant\u00f4nio Borges\",\"Marco Antonio Lopes de Almeira\",\"Marco Aur\u00e9lio Nogueira\",\"Minas Gerais\",\"Minist\u00e9rio P\u00fablico de Minas Gerais\",\"Pouso Alegre\",\"presidente do Conselho Nacional de Procuradores-Gerais de Justi\u00e7a\",\"procurador de Justi\u00e7a M\u00e1rcio Heli de Andrade\",\"procurador-geral de Justi\u00e7a de Minas Gerais\",\"Ricardo Tadeu Linardi\",\"Sul de Minas\",\"terceiro vice-presidente da Assembleia Legislativa de Minas Gerais (ALMG)\",\"TV Uai\",\"TV UAI 24 anos\",\"TV UAI 24 anos com voc\u00ea\",\"TV UAI Pouso Alegre\",\"tvuai\"],\"articleSection\":[\"Direito\",\"Not\u00edcias\",\"\u00daltimas Not\u00edcias\"],\"inLanguage\":\"pt-BR\"},{\"@type\":\"WebPage\",\"@id\":\"https:\/\/www.tvuai.com.br\/portal\/promotor-de-justica-de-pouso-alegre-e-um-dos-sete-empossados-como-procurador-de-justica-pelo-ministerio-publico-mg\/\",\"url\":\"https:\/\/www.tvuai.com.br\/portal\/promotor-de-justica-de-pouso-alegre-e-um-dos-sete-empossados-como-procurador-de-justica-pelo-ministerio-publico-mg\/\",\"name\":\"Promotor de Justi\u00e7a de Pouso Alegre \u00e9 um dos sete empossados como Procurador de Justi\u00e7a pelo Minist\u00e9rio P\u00fablico MG - TVUAI\",\"isPartOf\":{\"@id\":\"https:\/\/www.tvuai.com.br\/portal\/#website\"},\"primaryImageOfPage\":{\"@id\":\"https:\/\/www.tvuai.com.br\/portal\/promotor-de-justica-de-pouso-alegre-e-um-dos-sete-empossados-como-procurador-de-justica-pelo-ministerio-publico-mg\/#primaryimage\"},\"image\":{\"@id\":\"https:\/\/www.tvuai.com.br\/portal\/promotor-de-justica-de-pouso-alegre-e-um-dos-sete-empossados-como-procurador-de-justica-pelo-ministerio-publico-mg\/#primaryimage\"},\"thumbnailUrl\":\"https:\/\/i0.wp.com\/www.tvuai.com.br\/portal\/wp-content\/uploads\/2024\/04\/Linardi0.jpg?fit=200%2C200&ssl=1\",\"datePublished\":\"2024-04-23T21:09:16+00:00\",\"dateModified\":\"2024-05-09T15:37:48+00:00\",\"breadcrumb\":{\"@id\":\"https:\/\/www.tvuai.com.br\/portal\/promotor-de-justica-de-pouso-alegre-e-um-dos-sete-empossados-como-procurador-de-justica-pelo-ministerio-publico-mg\/#breadcrumb\"},\"inLanguage\":\"pt-BR\",\"potentialAction\":[{\"@type\":\"ReadAction\",\"target\":[\"https:\/\/www.tvuai.com.br\/portal\/promotor-de-justica-de-pouso-alegre-e-um-dos-sete-empossados-como-procurador-de-justica-pelo-ministerio-publico-mg\/\"]}]},{\"@type\":\"ImageObject\",\"inLanguage\":\"pt-BR\",\"@id\":\"https:\/\/www.tvuai.com.br\/portal\/promotor-de-justica-de-pouso-alegre-e-um-dos-sete-empossados-como-procurador-de-justica-pelo-ministerio-publico-mg\/#primaryimage\",\"url\":\"https:\/\/i0.wp.com\/www.tvuai.com.br\/portal\/wp-content\/uploads\/2024\/04\/Linardi0.jpg?fit=200%2C200&ssl=1\",\"contentUrl\":\"https:\/\/i0.wp.com\/www.tvuai.com.br\/portal\/wp-content\/uploads\/2024\/04\/Linardi0.jpg?fit=200%2C200&ssl=1\",\"width\":200,\"height\":200},{\"@type\":\"BreadcrumbList\",\"@id\":\"https:\/\/www.tvuai.com.br\/portal\/promotor-de-justica-de-pouso-alegre-e-um-dos-sete-empossados-como-procurador-de-justica-pelo-ministerio-publico-mg\/#breadcrumb\",\"itemListElement\":[{\"@type\":\"ListItem\",\"position\":1,\"name\":\"In\u00edcio\",\"item\":\"https:\/\/www.tvuai.com.br\/portal\/\"},{\"@type\":\"ListItem\",\"position\":2,\"name\":\"Promotor de Justi\u00e7a de Pouso Alegre \u00e9 um dos sete empossados como Procurador de Justi\u00e7a pelo Minist\u00e9rio P\u00fablico MG\"}]},{\"@type\":\"WebSite\",\"@id\":\"https:\/\/www.tvuai.com.br\/portal\/#website\",\"url\":\"https:\/\/www.tvuai.com.br\/portal\/\",\"name\":\"TVUAI\",\"description\":\"Tudo sobre o Sul de Minas\",\"publisher\":{\"@id\":\"https:\/\/www.tvuai.com.br\/portal\/#organization\"},\"potentialAction\":[{\"@type\":\"SearchAction\",\"target\":{\"@type\":\"EntryPoint\",\"urlTemplate\":\"https:\/\/www.tvuai.com.br\/portal\/?s={search_term_string}\"},\"query-input\":{\"@type\":\"PropertyValueSpecification\",\"valueRequired\":true,\"valueName\":\"search_term_string\"}}],\"inLanguage\":\"pt-BR\"},{\"@type\":\"Organization\",\"@id\":\"https:\/\/www.tvuai.com.br\/portal\/#organization\",\"name\":\"TVUAI\",\"url\":\"https:\/\/www.tvuai.com.br\/portal\/\",\"logo\":{\"@type\":\"ImageObject\",\"inLanguage\":\"pt-BR\",\"@id\":\"https:\/\/www.tvuai.com.br\/portal\/#\/schema\/logo\/image\/\",\"url\":\"https:\/\/i0.wp.com\/www.tvuai.com.br\/portal\/wp-content\/uploads\/2017\/12\/logo_tvuai_100H.png?fit=207%2C100&ssl=1\",\"contentUrl\":\"https:\/\/i0.wp.com\/www.tvuai.com.br\/portal\/wp-content\/uploads\/2017\/12\/logo_tvuai_100H.png?fit=207%2C100&ssl=1\",\"width\":207,\"height\":100,\"caption\":\"TVUAI\"},\"image\":{\"@id\":\"https:\/\/www.tvuai.com.br\/portal\/#\/schema\/logo\/image\/\"},\"sameAs\":[\"http:\/\/www.facebook.com\/pages\/TV-Uai-Comunica\u00e7\u00e3o\/139062546157369\",\"https:\/\/x.com\/tvuai\",\"https:\/\/www.instagram.com\/tvuai_network\/\",\"https:\/\/www.youtube.com\/channel\/UCB7ZPB3wRv-OpoZ_09jmnkQ\"]},{\"@type\":\"Person\",\"@id\":\"https:\/\/www.tvuai.com.br\/portal\/#\/schema\/person\/245e50e9127451fd0b7fd76f519ebbfe\",\"name\":\"tvuai\",\"url\":\"https:\/\/www.tvuai.com.br\/portal\/author\/tvuai\/\"}]}<\/script>\n<!-- \/ Yoast SEO plugin. -->","yoast_head_json":{"title":"Promotor de Justi\u00e7a de Pouso Alegre \u00e9 um dos sete empossados como Procurador de Justi\u00e7a pelo Minist\u00e9rio P\u00fablico MG - TVUAI","robots":{"index":"index","follow":"follow","max-snippet":"max-snippet:-1","max-image-preview":"max-image-preview:large","max-video-preview":"max-video-preview:-1"},"canonical":"https:\/\/www.tvuai.com.br\/portal\/promotor-de-justica-de-pouso-alegre-e-um-dos-sete-empossados-como-procurador-de-justica-pelo-ministerio-publico-mg\/","og_locale":"pt_BR","og_type":"article","og_title":"Promotor de Justi\u00e7a de Pouso Alegre \u00e9 um dos sete empossados como Procurador de Justi\u00e7a pelo Minist\u00e9rio P\u00fablico MG - TVUAI","og_description":"Sete novos procuradores de Justi\u00e7a assumiram suas fun\u00e7\u00f5es no Minist\u00e9rio P\u00fablico de Minas Gerais (MPMG) nesta segunda-feira, 22 Dentre eles, o promotor de Justi\u00e7a que, na \u00faltima d\u00e9cada, atuou em Pouso Alegre, o agora procurador de Justi\u00e7a Ricardo Tadeu Linardi. Linardi foi aprovado no 29\u00ba concurso de ingresso na carreira do MPMG, em 1992, como [&hellip;]","og_url":"https:\/\/www.tvuai.com.br\/portal\/promotor-de-justica-de-pouso-alegre-e-um-dos-sete-empossados-como-procurador-de-justica-pelo-ministerio-publico-mg\/","og_site_name":"TVUAI","article_publisher":"http:\/\/www.facebook.com\/pages\/TV-Uai-Comunica%c3%a7%c3%a3o\/139062546157369","article_published_time":"2024-04-23T21:09:16+00:00","article_modified_time":"2024-05-09T15:37:48+00:00","og_image":[{"width":200,"height":200,"url":"https:\/\/www.tvuai.com.br\/portal\/wp-content\/uploads\/2024\/04\/Linardi0.jpg","type":"image\/jpeg"}],"author":"tvuai","twitter_card":"summary_large_image","twitter_creator":"@tvuai","twitter_site":"@tvuai","twitter_misc":{"Escrito por":"tvuai","Est. tempo de leitura":"3 minutos"},"schema":{"@context":"https:\/\/schema.org","@graph":[{"@type":"Article","@id":"https:\/\/www.tvuai.com.br\/portal\/promotor-de-justica-de-pouso-alegre-e-um-dos-sete-empossados-como-procurador-de-justica-pelo-ministerio-publico-mg\/#article","isPartOf":{"@id":"https:\/\/www.tvuai.com.br\/portal\/promotor-de-justica-de-pouso-alegre-e-um-dos-sete-empossados-como-procurador-de-justica-pelo-ministerio-publico-mg\/"},"author":{"name":"tvuai","@id":"https:\/\/www.tvuai.com.br\/portal\/#\/schema\/person\/245e50e9127451fd0b7fd76f519ebbfe"},"headline":"Promotor de Justi\u00e7a de Pouso Alegre \u00e9 um dos sete empossados como Procurador de Justi\u00e7a pelo Minist\u00e9rio P\u00fablico MG","datePublished":"2024-04-23T21:09:16+00:00","dateModified":"2024-05-09T15:37:48+00:00","mainEntityOfPage":{"@id":"https:\/\/www.tvuai.com.br\/portal\/promotor-de-justica-de-pouso-alegre-e-um-dos-sete-empossados-como-procurador-de-justica-pelo-ministerio-publico-mg\/"},"wordCount":427,"publisher":{"@id":"https:\/\/www.tvuai.com.br\/portal\/#organization"},"image":{"@id":"https:\/\/www.tvuai.com.br\/portal\/promotor-de-justica-de-pouso-alegre-e-um-dos-sete-empossados-como-procurador-de-justica-pelo-ministerio-publico-mg\/#primaryimage"},"thumbnailUrl":"https:\/\/i0.wp.com\/www.tvuai.com.br\/portal\/wp-content\/uploads\/2024\/04\/Linardi0.jpg?fit=200%2C200&ssl=1","keywords":["Betinho Pinto Coelho","corregedor-geral do MPMG","Fernando Rodrigues Martins","Francisco Rog\u00e9rio Barbosa Campos","Jarbas Soares J\u00fanior","Karen Thom\u00e9 Seni Da Silva e Oliveira Goulart","Luiz Henrique Acquaro Borsari","Marco Ant\u00f4nio Borges","Marco Antonio Lopes de Almeira","Marco Aur\u00e9lio Nogueira","Minas Gerais","Minist\u00e9rio P\u00fablico de Minas Gerais","Pouso Alegre","presidente do Conselho Nacional de Procuradores-Gerais de Justi\u00e7a","procurador de Justi\u00e7a M\u00e1rcio Heli de Andrade","procurador-geral de Justi\u00e7a de Minas Gerais","Ricardo Tadeu Linardi","Sul de Minas","terceiro vice-presidente da Assembleia Legislativa de Minas Gerais (ALMG)","TV Uai","TV UAI 24 anos","TV UAI 24 anos com voc\u00ea","TV UAI Pouso Alegre","tvuai"],"articleSection":["Direito","Not\u00edcias","\u00daltimas Not\u00edcias"],"inLanguage":"pt-BR"},{"@type":"WebPage","@id":"https:\/\/www.tvuai.com.br\/portal\/promotor-de-justica-de-pouso-alegre-e-um-dos-sete-empossados-como-procurador-de-justica-pelo-ministerio-publico-mg\/","url":"https:\/\/www.tvuai.com.br\/portal\/promotor-de-justica-de-pouso-alegre-e-um-dos-sete-empossados-como-procurador-de-justica-pelo-ministerio-publico-mg\/","name":"Promotor de Justi\u00e7a de Pouso Alegre \u00e9 um dos sete empossados como Procurador de Justi\u00e7a pelo Minist\u00e9rio P\u00fablico MG - TVUAI","isPartOf":{"@id":"https:\/\/www.tvuai.com.br\/portal\/#website"},"primaryImageOfPage":{"@id":"https:\/\/www.tvuai.com.br\/portal\/promotor-de-justica-de-pouso-alegre-e-um-dos-sete-empossados-como-procurador-de-justica-pelo-ministerio-publico-mg\/#primaryimage"},"image":{"@id":"https:\/\/www.tvuai.com.br\/portal\/promotor-de-justica-de-pouso-alegre-e-um-dos-sete-empossados-como-procurador-de-justica-pelo-ministerio-publico-mg\/#primaryimage"},"thumbnailUrl":"https:\/\/i0.wp.com\/www.tvuai.com.br\/portal\/wp-content\/uploads\/2024\/04\/Linardi0.jpg?fit=200%2C200&ssl=1","datePublished":"2024-04-23T21:09:16+00:00","dateModified":"2024-05-09T15:37:48+00:00","breadcrumb":{"@id":"https:\/\/www.tvuai.com.br\/portal\/promotor-de-justica-de-pouso-alegre-e-um-dos-sete-empossados-como-procurador-de-justica-pelo-ministerio-publico-mg\/#breadcrumb"},"inLanguage":"pt-BR","potentialAction":[{"@type":"ReadAction","target":["https:\/\/www.tvuai.com.br\/portal\/promotor-de-justica-de-pouso-alegre-e-um-dos-sete-empossados-como-procurador-de-justica-pelo-ministerio-publico-mg\/"]}]},{"@type":"ImageObject","inLanguage":"pt-BR","@id":"https:\/\/www.tvuai.com.br\/portal\/promotor-de-justica-de-pouso-alegre-e-um-dos-sete-empossados-como-procurador-de-justica-pelo-ministerio-publico-mg\/#primaryimage","url":"https:\/\/i0.wp.com\/www.tvuai.com.br\/portal\/wp-content\/uploads\/2024\/04\/Linardi0.jpg?fit=200%2C200&ssl=1","contentUrl":"https:\/\/i0.wp.com\/www.tvuai.com.br\/portal\/wp-content\/uploads\/2024\/04\/Linardi0.jpg?fit=200%2C200&ssl=1","width":200,"height":200},{"@type":"BreadcrumbList","@id":"https:\/\/www.tvuai.com.br\/portal\/promotor-de-justica-de-pouso-alegre-e-um-dos-sete-empossados-como-procurador-de-justica-pelo-ministerio-publico-mg\/#breadcrumb","itemListElement":[{"@type":"ListItem","position":1,"name":"In\u00edcio","item":"https:\/\/www.tvuai.com.br\/portal\/"},{"@type":"ListItem","position":2,"name":"Promotor de Justi\u00e7a de Pouso Alegre \u00e9 um dos sete empossados como Procurador de Justi\u00e7a pelo Minist\u00e9rio P\u00fablico MG"}]},{"@type":"WebSite","@id":"https:\/\/www.tvuai.com.br\/portal\/#website","url":"https:\/\/www.tvuai.com.br\/portal\/","name":"TVUAI","description":"Tudo sobre o Sul de Minas","publisher":{"@id":"https:\/\/www.tvuai.com.br\/portal\/#organization"},"potentialAction":[{"@type":"SearchAction","target":{"@type":"EntryPoint","urlTemplate":"https:\/\/www.tvuai.com.br\/portal\/?s={search_term_string}"},"query-input":{"@type":"PropertyValueSpecification","valueRequired":true,"valueName":"search_term_string"}}],"inLanguage":"pt-BR"},{"@type":"Organization","@id":"https:\/\/www.tvuai.com.br\/portal\/#organization","name":"TVUAI","url":"https:\/\/www.tvuai.com.br\/portal\/","logo":{"@type":"ImageObject","inLanguage":"pt-BR","@id":"https:\/\/www.tvuai.com.br\/portal\/#\/schema\/logo\/image\/","url":"https:\/\/i0.wp.com\/www.tvuai.com.br\/portal\/wp-content\/uploads\/2017\/12\/logo_tvuai_100H.png?fit=207%2C100&ssl=1","contentUrl":"https:\/\/i0.wp.com\/www.tvuai.com.br\/portal\/wp-content\/uploads\/2017\/12\/logo_tvuai_100H.png?fit=207%2C100&ssl=1","width":207,"height":100,"caption":"TVUAI"},"image":{"@id":"https:\/\/www.tvuai.com.br\/portal\/#\/schema\/logo\/image\/"},"sameAs":["http:\/\/www.facebook.com\/pages\/TV-Uai-Comunica\u00e7\u00e3o\/139062546157369","https:\/\/x.com\/tvuai","https:\/\/www.instagram.com\/tvuai_network\/","https:\/\/www.youtube.com\/channel\/UCB7ZPB3wRv-OpoZ_09jmnkQ"]},{"@type":"Person","@id":"https:\/\/www.tvuai.com.br\/portal\/#\/schema\/person\/245e50e9127451fd0b7fd76f519ebbfe","name":"tvuai","url":"https:\/\/www.tvuai.com.br\/portal\/author\/tvuai\/"}]}},"jetpack_featured_media_url":"https:\/\/i0.wp.com\/www.tvuai.com.br\/portal\/wp-content\/uploads\/2024\/04\/Linardi0.jpg?fit=200%2C200&ssl=1","wpmagazine_modules_lite_featured_media_urls":{"thumbnail":["https:\/\/i0.wp.com\/www.tvuai.com.br\/portal\/wp-content\/uploads\/2024\/04\/Linardi0.jpg?resize=150%2C150&ssl=1",150,150,true],"cvmm-medium":["https:\/\/i0.wp.com\/www.tvuai.com.br\/portal\/wp-content\/uploads\/2024\/04\/Linardi0.jpg?resize=200%2C200&ssl=1",200,200,true],"cvmm-medium-plus":["https:\/\/i0.wp.com\/www.tvuai.com.br\/portal\/wp-content\/uploads\/2024\/04\/Linardi0.jpg?resize=200%2C200&ssl=1",200,200,true],"cvmm-portrait":["https:\/\/i0.wp.com\/www.tvuai.com.br\/portal\/wp-content\/uploads\/2024\/04\/Linardi0.jpg?resize=200%2C200&ssl=1",200,200,true],"cvmm-medium-square":["https:\/\/i0.wp.com\/www.tvuai.com.br\/portal\/wp-content\/uploads\/2024\/04\/Linardi0.jpg?resize=200%2C200&ssl=1",200,200,true],"cvmm-large":["https:\/\/i0.wp.com\/www.tvuai.com.br\/portal\/wp-content\/uploads\/2024\/04\/Linardi0.jpg?resize=200%2C200&ssl=1",200,200,true],"cvmm-small":["https:\/\/i0.wp.com\/www.tvuai.com.br\/portal\/wp-content\/uploads\/2024\/04\/Linardi0.jpg?resize=130%2C95&ssl=1",130,95,true],"full":["https:\/\/i0.wp.com\/www.tvuai.com.br\/portal\/wp-content\/uploads\/2024\/04\/Linardi0.jpg?fit=200%2C200&ssl=1",200,200,false]},"categories_names":{"1843":{"name":"Direito","link":"https:\/\/www.tvuai.com.br\/portal\/category\/direito\/"},"19":{"name":"Not\u00edcias","link":"https:\/\/www.tvuai.com.br\/portal\/category\/noticias\/"},"5":{"name":"\u00daltimas Not\u00edcias","link":"https:\/\/www.tvuai.com.br\/portal\/category\/noticias\/ultimas\/"}},"tags_names":{"3163":{"name":"Betinho Pinto Coelho","link":"https:\/\/www.tvuai.com.br\/portal\/tag\/betinho-pinto-coelho\/"},"3161":{"name":"corregedor-geral do MPMG","link":"https:\/\/www.tvuai.com.br\/portal\/tag\/corregedor-geral-do-mpmg\/"},"3153":{"name":"Fernando Rodrigues Martins","link":"https:\/\/www.tvuai.com.br\/portal\/tag\/fernando-rodrigues-martins\/"},"3155":{"name":"Francisco Rog\u00e9rio Barbosa Campos","link":"https:\/\/www.tvuai.com.br\/portal\/tag\/francisco-rogerio-barbosa-campos\/"},"1709":{"name":"Jarbas Soares J\u00fanior","link":"https:\/\/www.tvuai.com.br\/portal\/tag\/jarbas-soares-junior\/"},"3157":{"name":"Karen Thom\u00e9 Seni Da Silva e Oliveira Goulart","link":"https:\/\/www.tvuai.com.br\/portal\/tag\/karen-thome-seni-da-silva-e-oliveira-goulart\/"},"3151":{"name":"Luiz Henrique Acquaro Borsari","link":"https:\/\/www.tvuai.com.br\/portal\/tag\/luiz-henrique-acquaro-borsari\/"},"3156":{"name":"Marco Ant\u00f4nio Borges","link":"https:\/\/www.tvuai.com.br\/portal\/tag\/marco-antonio-borges\/"},"3162":{"name":"Marco Antonio Lopes de Almeira","link":"https:\/\/www.tvuai.com.br\/portal\/tag\/marco-antonio-lopes-de-almeira\/"},"3152":{"name":"Marco Aur\u00e9lio Nogueira","link":"https:\/\/www.tvuai.com.br\/portal\/tag\/marco-aurelio-nogueira\/"},"184":{"name":"Minas Gerais","link":"https:\/\/www.tvuai.com.br\/portal\/tag\/minas-gerais\/"},"1014":{"name":"Minist\u00e9rio P\u00fablico de Minas Gerais","link":"https:\/\/www.tvuai.com.br\/portal\/tag\/ministerio-publico-de-minas-gerais\/"},"37":{"name":"Pouso Alegre","link":"https:\/\/www.tvuai.com.br\/portal\/tag\/pouso-alegre\/"},"3159":{"name":"presidente do Conselho Nacional de Procuradores-Gerais de Justi\u00e7a","link":"https:\/\/www.tvuai.com.br\/portal\/tag\/presidente-do-conselho-nacional-de-procuradores-gerais-de-justica\/"},"3160":{"name":"procurador de Justi\u00e7a M\u00e1rcio Heli de Andrade","link":"https:\/\/www.tvuai.com.br\/portal\/tag\/procurador-de-justica-marcio-heli-de-andrade\/"},"3158":{"name":"procurador-geral de Justi\u00e7a de Minas Gerais","link":"https:\/\/www.tvuai.com.br\/portal\/tag\/procurador-geral-de-justica-de-minas-gerais\/"},"3154":{"name":"Ricardo Tadeu Linardi","link":"https:\/\/www.tvuai.com.br\/portal\/tag\/ricardo-tadeu-linardi\/"},"39":{"name":"Sul de Minas","link":"https:\/\/www.tvuai.com.br\/portal\/tag\/sul-de-minas\/"},"3164":{"name":"terceiro vice-presidente da Assembleia Legislativa de Minas Gerais (ALMG)","link":"https:\/\/www.tvuai.com.br\/portal\/tag\/terceiro-vice-presidente-da-assembleia-legislativa-de-minas-gerais-almg\/"},"27":{"name":"TV Uai","link":"https:\/\/www.tvuai.com.br\/portal\/tag\/tv-uai\/"},"2759":{"name":"TV UAI 24 anos","link":"https:\/\/www.tvuai.com.br\/portal\/tag\/tv-uai-24-anos\/"},"2760":{"name":"TV UAI 24 anos com voc\u00ea","link":"https:\/\/www.tvuai.com.br\/portal\/tag\/tv-uai-24-anos-com-voce\/"},"1618":{"name":"TV UAI Pouso Alegre","link":"https:\/\/www.tvuai.com.br\/portal\/tag\/tv-uai-pouso-alegre\/"},"1638":{"name":"tvuai","link":"https:\/\/www.tvuai.com.br\/portal\/tag\/tvuai\/"}},"comments_number":"0","jetpack_shortlink":"https:\/\/wp.me\/p9woix-2cr","jetpack_sharing_enabled":true,"_links":{"self":[{"href":"https:\/\/www.tvuai.com.br\/portal\/wp-json\/wp\/v2\/posts\/8459"}],"collection":[{"href":"https:\/\/www.tvuai.com.br\/portal\/wp-json\/wp\/v2\/posts"}],"about":[{"href":"https:\/\/www.tvuai.com.br\/portal\/wp-json\/wp\/v2\/types\/post"}],"author":[{"embeddable":true,"href":"https:\/\/www.tvuai.com.br\/portal\/wp-json\/wp\/v2\/users\/1"}],"replies":[{"embeddable":true,"href":"https:\/\/www.tvuai.com.br\/portal\/wp-json\/wp\/v2\/comments?post=8459"}],"version-history":[{"count":4,"href":"https:\/\/www.tvuai.com.br\/portal\/wp-json\/wp\/v2\/posts\/8459\/revisions"}],"predecessor-version":[{"id":8468,"href":"https:\/\/www.tvuai.com.br\/portal\/wp-json\/wp\/v2\/posts\/8459\/revisions\/8468"}],"wp:featuredmedia":[{"embeddable":true,"href":"https:\/\/www.tvuai.com.br\/portal\/wp-json\/wp\/v2\/media\/8463"}],"wp:attachment":[{"href":"https:\/\/www.tvuai.com.br\/portal\/wp-json\/wp\/v2\/media?parent=8459"}],"wp:term":[{"taxonomy":"category","embeddable":true,"href":"https:\/\/www.tvuai.com.br\/portal\/wp-json\/wp\/v2\/categories?post=8459"},{"taxonomy":"post_tag","embeddable":true,"href":"https:\/\/www.tvuai.com.br\/portal\/wp-json\/wp\/v2\/tags?post=8459"}],"curies":[{"name":"wp","href":"https:\/\/api.w.org\/{rel}","templated":true}]}}