{"id":8440,"date":"2024-04-23T13:46:36","date_gmt":"2024-04-23T16:46:36","guid":{"rendered":"https:\/\/www.tvuai.com.br\/portal\/?p=8440"},"modified":"2024-05-09T12:36:32","modified_gmt":"2024-05-09T15:36:32","slug":"ruidos-do-metal-extrema-prorock-2024-confirma-duas-atracoes-incendiarias","status":"publish","type":"post","link":"https:\/\/www.tvuai.com.br\/portal\/ruidos-do-metal-extrema-prorock-2024-confirma-duas-atracoes-incendiarias\/","title":{"rendered":"Ru\u00eddos do metal: &#8220;Extrema ProRock 2024&#8221; confirma duas atra\u00e7\u00f5es incendi\u00e1rias"},"content":{"rendered":"<div class=\"5a1038e0903b96d426fcfcc338703013\" data-index=\"1\" style=\"float: right; margin:10px 0 10px 10px;\">\n<script async src=\"https:\/\/pagead2.googlesyndication.com\/pagead\/js\/adsbygoogle.js?client=ca-pub-9945944833605257\"\r\n     crossorigin=\"anonymous\"><\/script>\r\n<ins class=\"adsbygoogle\"\r\n     style=\"display:block; text-align:center;\"\r\n     data-ad-layout=\"in-article\"\r\n     data-ad-format=\"fluid\"\r\n     data-ad-client=\"ca-pub-9945944833605257\"\r\n     data-ad-slot=\"2343923581\"><\/ins>\r\n<script>\r\n     (adsbygoogle = window.adsbygoogle || []).push({});\r\n<\/script>\n<\/div>\n<h5 style=\"text-align: center;\"><strong><em><img data-recalc-dims=\"1\" fetchpriority=\"high\" decoding=\"async\" data-attachment-id=\"8444\" data-permalink=\"https:\/\/www.tvuai.com.br\/portal\/ruidos-do-metal-extrema-prorock-2024-confirma-duas-atracoes-incendiarias\/extrema-rock1\/\" data-orig-file=\"https:\/\/i0.wp.com\/www.tvuai.com.br\/portal\/wp-content\/uploads\/2024\/04\/extrema-rock1.jpg?fit=2000%2C1428&amp;ssl=1\" data-orig-size=\"2000,1428\" data-comments-opened=\"0\" data-image-meta=\"{&quot;aperture&quot;:&quot;0&quot;,&quot;credit&quot;:&quot;&quot;,&quot;camera&quot;:&quot;&quot;,&quot;caption&quot;:&quot;&quot;,&quot;created_timestamp&quot;:&quot;0&quot;,&quot;copyright&quot;:&quot;&quot;,&quot;focal_length&quot;:&quot;0&quot;,&quot;iso&quot;:&quot;0&quot;,&quot;shutter_speed&quot;:&quot;0&quot;,&quot;title&quot;:&quot;&quot;,&quot;orientation&quot;:&quot;0&quot;}\" data-image-title=\"extrema rock1\" data-image-description=\"\" data-image-caption=\"\" data-medium-file=\"https:\/\/i0.wp.com\/www.tvuai.com.br\/portal\/wp-content\/uploads\/2024\/04\/extrema-rock1.jpg?fit=300%2C214&amp;ssl=1\" data-large-file=\"https:\/\/i0.wp.com\/www.tvuai.com.br\/portal\/wp-content\/uploads\/2024\/04\/extrema-rock1.jpg?fit=640%2C457&amp;ssl=1\" tabindex=\"0\" role=\"button\" class=\"size-medium wp-image-8444 aligncenter\" src=\"https:\/\/i0.wp.com\/www.tvuai.com.br\/portal\/wp-content\/uploads\/2024\/04\/extrema-rock1.jpg?resize=300%2C214&#038;ssl=1\" alt=\"\" width=\"300\" height=\"214\" srcset=\"https:\/\/i0.wp.com\/www.tvuai.com.br\/portal\/wp-content\/uploads\/2024\/04\/extrema-rock1.jpg?resize=300%2C214&amp;ssl=1 300w, https:\/\/i0.wp.com\/www.tvuai.com.br\/portal\/wp-content\/uploads\/2024\/04\/extrema-rock1.jpg?resize=1024%2C731&amp;ssl=1 1024w, https:\/\/i0.wp.com\/www.tvuai.com.br\/portal\/wp-content\/uploads\/2024\/04\/extrema-rock1.jpg?resize=768%2C548&amp;ssl=1 768w, https:\/\/i0.wp.com\/www.tvuai.com.br\/portal\/wp-content\/uploads\/2024\/04\/extrema-rock1.jpg?resize=1536%2C1097&amp;ssl=1 1536w, https:\/\/i0.wp.com\/www.tvuai.com.br\/portal\/wp-content\/uploads\/2024\/04\/extrema-rock1.jpg?resize=600%2C428&amp;ssl=1 600w, https:\/\/i0.wp.com\/www.tvuai.com.br\/portal\/wp-content\/uploads\/2024\/04\/extrema-rock1.jpg?w=2000&amp;ssl=1 2000w, https:\/\/i0.wp.com\/www.tvuai.com.br\/portal\/wp-content\/uploads\/2024\/04\/extrema-rock1.jpg?w=1280&amp;ssl=1 1280w, https:\/\/i0.wp.com\/www.tvuai.com.br\/portal\/wp-content\/uploads\/2024\/04\/extrema-rock1.jpg?w=1920&amp;ssl=1 1920w\" sizes=\"(max-width: 300px) 100vw, 300px\" \/><\/em><\/strong><\/h5>\n<h5 style=\"text-align: center;\"><strong><em>A novidade desta edi\u00e7\u00e3o \u00e9 que ser\u00e3o dois dias de evento, programadas para acontecer nos dias 1 e 2 de junho, abrindo oficialmente a programa\u00e7\u00e3o do Festival de Inverno<\/em><\/strong><\/h5>\n<p><img data-recalc-dims=\"1\" decoding=\"async\" data-attachment-id=\"8445\" data-permalink=\"https:\/\/www.tvuai.com.br\/portal\/ruidos-do-metal-extrema-prorock-2024-confirma-duas-atracoes-incendiarias\/extrema-rock2\/\" data-orig-file=\"https:\/\/i0.wp.com\/www.tvuai.com.br\/portal\/wp-content\/uploads\/2024\/04\/extrema-rock2.jpg?fit=1000%2C1250&amp;ssl=1\" data-orig-size=\"1000,1250\" data-comments-opened=\"0\" data-image-meta=\"{&quot;aperture&quot;:&quot;0&quot;,&quot;credit&quot;:&quot;&quot;,&quot;camera&quot;:&quot;&quot;,&quot;caption&quot;:&quot;&quot;,&quot;created_timestamp&quot;:&quot;0&quot;,&quot;copyright&quot;:&quot;&quot;,&quot;focal_length&quot;:&quot;0&quot;,&quot;iso&quot;:&quot;0&quot;,&quot;shutter_speed&quot;:&quot;0&quot;,&quot;title&quot;:&quot;&quot;,&quot;orientation&quot;:&quot;0&quot;}\" data-image-title=\"extrema rock2\" data-image-description=\"\" data-image-caption=\"\" data-medium-file=\"https:\/\/i0.wp.com\/www.tvuai.com.br\/portal\/wp-content\/uploads\/2024\/04\/extrema-rock2.jpg?fit=240%2C300&amp;ssl=1\" data-large-file=\"https:\/\/i0.wp.com\/www.tvuai.com.br\/portal\/wp-content\/uploads\/2024\/04\/extrema-rock2.jpg?fit=640%2C800&amp;ssl=1\" tabindex=\"0\" role=\"button\" class=\"size-medium wp-image-8445 alignleft\" src=\"https:\/\/i0.wp.com\/www.tvuai.com.br\/portal\/wp-content\/uploads\/2024\/04\/extrema-rock2.jpg?resize=240%2C300&#038;ssl=1\" alt=\"\" width=\"240\" height=\"300\" srcset=\"https:\/\/i0.wp.com\/www.tvuai.com.br\/portal\/wp-content\/uploads\/2024\/04\/extrema-rock2.jpg?resize=240%2C300&amp;ssl=1 240w, https:\/\/i0.wp.com\/www.tvuai.com.br\/portal\/wp-content\/uploads\/2024\/04\/extrema-rock2.jpg?resize=819%2C1024&amp;ssl=1 819w, https:\/\/i0.wp.com\/www.tvuai.com.br\/portal\/wp-content\/uploads\/2024\/04\/extrema-rock2.jpg?resize=768%2C960&amp;ssl=1 768w, https:\/\/i0.wp.com\/www.tvuai.com.br\/portal\/wp-content\/uploads\/2024\/04\/extrema-rock2.jpg?resize=600%2C750&amp;ssl=1 600w, https:\/\/i0.wp.com\/www.tvuai.com.br\/portal\/wp-content\/uploads\/2024\/04\/extrema-rock2.jpg?w=1000&amp;ssl=1 1000w\" sizes=\"(max-width: 240px) 100vw, 240px\" \/>Com bateras trovejantes e guitarras incendi\u00e1rias, a Secretaria de Cultura de Extrema revela del\u00edcias do heavy metal: o t\u00e3o aguardado &#8220;Extrema ProRock 2024&#8221;! Nesta jornada vibrante, os acordes e vocaliza\u00e7\u00f5es de Edu Falaschi e a energia impetuosa da Banda Dr. Sin ressoar\u00e3o nos cora\u00e7\u00f5es dos amantes do rock pesado.<\/p>\n<p><img data-recalc-dims=\"1\" decoding=\"async\" data-attachment-id=\"8446\" data-permalink=\"https:\/\/www.tvuai.com.br\/portal\/ruidos-do-metal-extrema-prorock-2024-confirma-duas-atracoes-incendiarias\/extrema-rock3\/\" data-orig-file=\"https:\/\/i0.wp.com\/www.tvuai.com.br\/portal\/wp-content\/uploads\/2024\/04\/extrema-rock3.jpg?fit=1000%2C1250&amp;ssl=1\" data-orig-size=\"1000,1250\" data-comments-opened=\"0\" data-image-meta=\"{&quot;aperture&quot;:&quot;0&quot;,&quot;credit&quot;:&quot;&quot;,&quot;camera&quot;:&quot;&quot;,&quot;caption&quot;:&quot;&quot;,&quot;created_timestamp&quot;:&quot;0&quot;,&quot;copyright&quot;:&quot;&quot;,&quot;focal_length&quot;:&quot;0&quot;,&quot;iso&quot;:&quot;0&quot;,&quot;shutter_speed&quot;:&quot;0&quot;,&quot;title&quot;:&quot;&quot;,&quot;orientation&quot;:&quot;0&quot;}\" data-image-title=\"extrema rock3\" data-image-description=\"\" data-image-caption=\"\" data-medium-file=\"https:\/\/i0.wp.com\/www.tvuai.com.br\/portal\/wp-content\/uploads\/2024\/04\/extrema-rock3.jpg?fit=240%2C300&amp;ssl=1\" data-large-file=\"https:\/\/i0.wp.com\/www.tvuai.com.br\/portal\/wp-content\/uploads\/2024\/04\/extrema-rock3.jpg?fit=640%2C800&amp;ssl=1\" tabindex=\"0\" role=\"button\" class=\"size-medium wp-image-8446 alignright\" src=\"https:\/\/i0.wp.com\/www.tvuai.com.br\/portal\/wp-content\/uploads\/2024\/04\/extrema-rock3.jpg?resize=240%2C300&#038;ssl=1\" alt=\"\" width=\"240\" height=\"300\" srcset=\"https:\/\/i0.wp.com\/www.tvuai.com.br\/portal\/wp-content\/uploads\/2024\/04\/extrema-rock3.jpg?resize=240%2C300&amp;ssl=1 240w, https:\/\/i0.wp.com\/www.tvuai.com.br\/portal\/wp-content\/uploads\/2024\/04\/extrema-rock3.jpg?resize=819%2C1024&amp;ssl=1 819w, https:\/\/i0.wp.com\/www.tvuai.com.br\/portal\/wp-content\/uploads\/2024\/04\/extrema-rock3.jpg?resize=768%2C960&amp;ssl=1 768w, https:\/\/i0.wp.com\/www.tvuai.com.br\/portal\/wp-content\/uploads\/2024\/04\/extrema-rock3.jpg?resize=600%2C750&amp;ssl=1 600w, https:\/\/i0.wp.com\/www.tvuai.com.br\/portal\/wp-content\/uploads\/2024\/04\/extrema-rock3.jpg?w=1000&amp;ssl=1 1000w\" sizes=\"(max-width: 240px) 100vw, 240px\" \/>Preparem-se para duas noites memor\u00e1veis, onde o ar estar\u00e1 impregnado de eletricidade, nos dias 1 e 2 de junho. Essa celebra\u00e7\u00e3o sonora se entrela\u00e7ar\u00e1 com as atividades do t\u00e3o aguardado 13\u00ba Festival de Inverno de Extrema, prometendo uma experi\u00eancia incompar\u00e1vel para todos os presentes que gostam de rock.<\/p>\n<p>Mas a verdadeira ess\u00eancia do ProRock reside na comunh\u00e3o dos talentos locais. As bandas extremenses que anseiam por compartilhar o palco com lendas vivas ter\u00e3o agora a oportunidade de se destacar.<\/p>\n<p>A sinfonia completa, com todos os artistas e hor\u00e1rios, ser\u00e1 revelada em breve. \u00c9 hora de mapear os bravos m\u00fasicos locais que se inscreveram para ent\u00e3o tecer a tape\u00e7aria sonora que embalar\u00e1 os dois dias de festa. O palco est\u00e1 pronto, aguardando ansiosamente para ser incendiado por uma nova gera\u00e7\u00e3o de roqueiros extremenses. Preparem-se para um evento que ecoar\u00e1 no mundo do rock!<\/p>\n\n<div style=\"font-size: 0px; height: 0px; line-height: 0px; margin: 0; padding: 0; clear: both;\"><\/div><div class='share-to-whatsapp-wrapper'><div class='share-on-whsp'>Share on: <\/div><a data-text='Ru\u00eddos do metal: \"Extrema ProRock 2024\" confirma duas atra\u00e7\u00f5es incendi\u00e1rias' data-link='https:\/\/www.tvuai.com.br\/portal\/ruidos-do-metal-extrema-prorock-2024-confirma-duas-atracoes-incendiarias\/' class='whatsapp-button whatsapp-share'>WhatsApp<\/a><div class='clear '><\/div><\/div><!-- AddThis Advanced Settings generic via filter on the_content --><!-- AddThis Share Buttons generic via filter on the_content -->","protected":false},"excerpt":{"rendered":"<p>A novidade desta edi\u00e7\u00e3o \u00e9 que ser\u00e3o dois dias de evento, programadas para acontecer nos dias 1 e 2 de junho, abrindo oficialmente a programa\u00e7\u00e3o do Festival de Inverno Com bateras trovejantes e guitarras incendi\u00e1rias, a Secretaria de Cultura de Extrema revela del\u00edcias do heavy metal: o t\u00e3o aguardado &#8220;Extrema ProRock 2024&#8221;! Nesta jornada vibrante, [&hellip;]<!-- AddThis Advanced Settings generic via filter on get_the_excerpt --><!-- AddThis Share Buttons generic via filter on get_the_excerpt --><\/p>\n","protected":false},"author":1,"featured_media":8443,"comment_status":"closed","ping_status":"closed","sticky":false,"template":"","format":"standard","meta":{"jetpack_post_was_ever_published":false,"_jetpack_newsletter_access":"","_jetpack_dont_email_post_to_subs":false,"_jetpack_newsletter_tier_id":0,"_jetpack_memberships_contains_paywalled_content":false,"_jetpack_memberships_contains_paid_content":false,"_joinchat":[],"footnotes":"","jetpack_publicize_message":"","jetpack_publicize_feature_enabled":true,"jetpack_social_post_already_shared":false,"jetpack_social_options":{"image_generator_settings":{"template":"highway","enabled":false},"version":2}},"categories":[1816,20,19,5],"tags":[3136,3135,3134,272,3133,3132,184,37,3131,39,27,2759,2760,1618,1638],"class_list":["post-8440","post","type-post","status-publish","format-standard","has-post-thumbnail","hentry","category-arte","category-entretenimento","category-noticias","category-ultimas","tag-13o-festival-de-inverno-de-extrema","tag-banda-dr-sin","tag-edu-falaschi","tag-extrema","tag-extrema-prorock-2024","tag-heavy-metal","tag-minas-gerais","tag-pouso-alegre","tag-secretaria-de-cultura-de-extrema","tag-sul-de-minas","tag-tv-uai","tag-tv-uai-24-anos","tag-tv-uai-24-anos-com-voce","tag-tv-uai-pouso-alegre","tag-tvuai"],"jetpack_publicize_connections":[],"yoast_head":"<!-- This site is optimized with the Yoast SEO plugin v23.5 - https:\/\/yoast.com\/wordpress\/plugins\/seo\/ -->\n<title>Ru\u00eddos do metal: &quot;Extrema ProRock 2024&quot; confirma duas atra\u00e7\u00f5es incendi\u00e1rias - TVUAI<\/title>\n<meta name=\"robots\" content=\"index, follow, max-snippet:-1, max-image-preview:large, max-video-preview:-1\" \/>\n<link rel=\"canonical\" href=\"https:\/\/www.tvuai.com.br\/portal\/ruidos-do-metal-extrema-prorock-2024-confirma-duas-atracoes-incendiarias\/\" \/>\n<meta property=\"og:locale\" content=\"pt_BR\" \/>\n<meta property=\"og:type\" content=\"article\" \/>\n<meta property=\"og:title\" content=\"Ru\u00eddos do metal: &quot;Extrema ProRock 2024&quot; confirma duas atra\u00e7\u00f5es incendi\u00e1rias - TVUAI\" \/>\n<meta property=\"og:description\" content=\"A novidade desta edi\u00e7\u00e3o \u00e9 que ser\u00e3o dois dias de evento, programadas para acontecer nos dias 1 e 2 de junho, abrindo oficialmente a programa\u00e7\u00e3o do Festival de Inverno Com bateras trovejantes e guitarras incendi\u00e1rias, a Secretaria de Cultura de Extrema revela del\u00edcias do heavy metal: o t\u00e3o aguardado &#8220;Extrema ProRock 2024&#8221;! Nesta jornada vibrante, [&hellip;]\" \/>\n<meta property=\"og:url\" content=\"https:\/\/www.tvuai.com.br\/portal\/ruidos-do-metal-extrema-prorock-2024-confirma-duas-atracoes-incendiarias\/\" \/>\n<meta property=\"og:site_name\" content=\"TVUAI\" \/>\n<meta property=\"article:publisher\" content=\"http:\/\/www.facebook.com\/pages\/TV-Uai-Comunica%c3%a7%c3%a3o\/139062546157369\" \/>\n<meta property=\"article:published_time\" content=\"2024-04-23T16:46:36+00:00\" \/>\n<meta property=\"article:modified_time\" content=\"2024-05-09T15:36:32+00:00\" \/>\n<meta property=\"og:image\" content=\"https:\/\/www.tvuai.com.br\/portal\/wp-content\/uploads\/2024\/04\/extrema-rock0.jpg\" \/>\n\t<meta property=\"og:image:width\" content=\"200\" \/>\n\t<meta property=\"og:image:height\" content=\"200\" \/>\n\t<meta property=\"og:image:type\" content=\"image\/jpeg\" \/>\n<meta name=\"author\" content=\"tvuai\" \/>\n<meta name=\"twitter:card\" content=\"summary_large_image\" \/>\n<meta name=\"twitter:creator\" content=\"@tvuai\" \/>\n<meta name=\"twitter:site\" content=\"@tvuai\" \/>\n<meta name=\"twitter:label1\" content=\"Escrito por\" \/>\n\t<meta name=\"twitter:data1\" content=\"tvuai\" \/>\n\t<meta name=\"twitter:label2\" content=\"Est. tempo de leitura\" \/>\n\t<meta name=\"twitter:data2\" content=\"2 minutos\" \/>\n<script type=\"application\/ld+json\" class=\"yoast-schema-graph\">{\"@context\":\"https:\/\/schema.org\",\"@graph\":[{\"@type\":\"Article\",\"@id\":\"https:\/\/www.tvuai.com.br\/portal\/ruidos-do-metal-extrema-prorock-2024-confirma-duas-atracoes-incendiarias\/#article\",\"isPartOf\":{\"@id\":\"https:\/\/www.tvuai.com.br\/portal\/ruidos-do-metal-extrema-prorock-2024-confirma-duas-atracoes-incendiarias\/\"},\"author\":{\"name\":\"tvuai\",\"@id\":\"https:\/\/www.tvuai.com.br\/portal\/#\/schema\/person\/245e50e9127451fd0b7fd76f519ebbfe\"},\"headline\":\"Ru\u00eddos do metal: &#8220;Extrema ProRock 2024&#8221; confirma duas atra\u00e7\u00f5es incendi\u00e1rias\",\"datePublished\":\"2024-04-23T16:46:36+00:00\",\"dateModified\":\"2024-05-09T15:36:32+00:00\",\"mainEntityOfPage\":{\"@id\":\"https:\/\/www.tvuai.com.br\/portal\/ruidos-do-metal-extrema-prorock-2024-confirma-duas-atracoes-incendiarias\/\"},\"wordCount\":247,\"publisher\":{\"@id\":\"https:\/\/www.tvuai.com.br\/portal\/#organization\"},\"image\":{\"@id\":\"https:\/\/www.tvuai.com.br\/portal\/ruidos-do-metal-extrema-prorock-2024-confirma-duas-atracoes-incendiarias\/#primaryimage\"},\"thumbnailUrl\":\"https:\/\/i0.wp.com\/www.tvuai.com.br\/portal\/wp-content\/uploads\/2024\/04\/extrema-rock0.jpg?fit=200%2C200&ssl=1\",\"keywords\":[\"13\u00ba Festival de Inverno de Extrema\",\"Banda Dr. Sin\",\"Edu Falaschi\",\"Extrema\",\"Extrema ProRock 2024\",\"heavy metal\",\"Minas Gerais\",\"Pouso Alegre\",\"Secretaria de Cultura de Extrema\",\"Sul de Minas\",\"TV Uai\",\"TV UAI 24 anos\",\"TV UAI 24 anos com voc\u00ea\",\"TV UAI Pouso Alegre\",\"tvuai\"],\"articleSection\":[\"Arte\",\"Entretenimento\",\"Not\u00edcias\",\"\u00daltimas Not\u00edcias\"],\"inLanguage\":\"pt-BR\"},{\"@type\":\"WebPage\",\"@id\":\"https:\/\/www.tvuai.com.br\/portal\/ruidos-do-metal-extrema-prorock-2024-confirma-duas-atracoes-incendiarias\/\",\"url\":\"https:\/\/www.tvuai.com.br\/portal\/ruidos-do-metal-extrema-prorock-2024-confirma-duas-atracoes-incendiarias\/\",\"name\":\"Ru\u00eddos do metal: \\\"Extrema ProRock 2024\\\" confirma duas atra\u00e7\u00f5es incendi\u00e1rias - TVUAI\",\"isPartOf\":{\"@id\":\"https:\/\/www.tvuai.com.br\/portal\/#website\"},\"primaryImageOfPage\":{\"@id\":\"https:\/\/www.tvuai.com.br\/portal\/ruidos-do-metal-extrema-prorock-2024-confirma-duas-atracoes-incendiarias\/#primaryimage\"},\"image\":{\"@id\":\"https:\/\/www.tvuai.com.br\/portal\/ruidos-do-metal-extrema-prorock-2024-confirma-duas-atracoes-incendiarias\/#primaryimage\"},\"thumbnailUrl\":\"https:\/\/i0.wp.com\/www.tvuai.com.br\/portal\/wp-content\/uploads\/2024\/04\/extrema-rock0.jpg?fit=200%2C200&ssl=1\",\"datePublished\":\"2024-04-23T16:46:36+00:00\",\"dateModified\":\"2024-05-09T15:36:32+00:00\",\"breadcrumb\":{\"@id\":\"https:\/\/www.tvuai.com.br\/portal\/ruidos-do-metal-extrema-prorock-2024-confirma-duas-atracoes-incendiarias\/#breadcrumb\"},\"inLanguage\":\"pt-BR\",\"potentialAction\":[{\"@type\":\"ReadAction\",\"target\":[\"https:\/\/www.tvuai.com.br\/portal\/ruidos-do-metal-extrema-prorock-2024-confirma-duas-atracoes-incendiarias\/\"]}]},{\"@type\":\"ImageObject\",\"inLanguage\":\"pt-BR\",\"@id\":\"https:\/\/www.tvuai.com.br\/portal\/ruidos-do-metal-extrema-prorock-2024-confirma-duas-atracoes-incendiarias\/#primaryimage\",\"url\":\"https:\/\/i0.wp.com\/www.tvuai.com.br\/portal\/wp-content\/uploads\/2024\/04\/extrema-rock0.jpg?fit=200%2C200&ssl=1\",\"contentUrl\":\"https:\/\/i0.wp.com\/www.tvuai.com.br\/portal\/wp-content\/uploads\/2024\/04\/extrema-rock0.jpg?fit=200%2C200&ssl=1\",\"width\":200,\"height\":200},{\"@type\":\"BreadcrumbList\",\"@id\":\"https:\/\/www.tvuai.com.br\/portal\/ruidos-do-metal-extrema-prorock-2024-confirma-duas-atracoes-incendiarias\/#breadcrumb\",\"itemListElement\":[{\"@type\":\"ListItem\",\"position\":1,\"name\":\"In\u00edcio\",\"item\":\"https:\/\/www.tvuai.com.br\/portal\/\"},{\"@type\":\"ListItem\",\"position\":2,\"name\":\"Ru\u00eddos do metal: &#8220;Extrema ProRock 2024&#8221; confirma duas atra\u00e7\u00f5es incendi\u00e1rias\"}]},{\"@type\":\"WebSite\",\"@id\":\"https:\/\/www.tvuai.com.br\/portal\/#website\",\"url\":\"https:\/\/www.tvuai.com.br\/portal\/\",\"name\":\"TVUAI\",\"description\":\"Tudo sobre o Sul de Minas\",\"publisher\":{\"@id\":\"https:\/\/www.tvuai.com.br\/portal\/#organization\"},\"potentialAction\":[{\"@type\":\"SearchAction\",\"target\":{\"@type\":\"EntryPoint\",\"urlTemplate\":\"https:\/\/www.tvuai.com.br\/portal\/?s={search_term_string}\"},\"query-input\":{\"@type\":\"PropertyValueSpecification\",\"valueRequired\":true,\"valueName\":\"search_term_string\"}}],\"inLanguage\":\"pt-BR\"},{\"@type\":\"Organization\",\"@id\":\"https:\/\/www.tvuai.com.br\/portal\/#organization\",\"name\":\"TVUAI\",\"url\":\"https:\/\/www.tvuai.com.br\/portal\/\",\"logo\":{\"@type\":\"ImageObject\",\"inLanguage\":\"pt-BR\",\"@id\":\"https:\/\/www.tvuai.com.br\/portal\/#\/schema\/logo\/image\/\",\"url\":\"https:\/\/i0.wp.com\/www.tvuai.com.br\/portal\/wp-content\/uploads\/2017\/12\/logo_tvuai_100H.png?fit=207%2C100&ssl=1\",\"contentUrl\":\"https:\/\/i0.wp.com\/www.tvuai.com.br\/portal\/wp-content\/uploads\/2017\/12\/logo_tvuai_100H.png?fit=207%2C100&ssl=1\",\"width\":207,\"height\":100,\"caption\":\"TVUAI\"},\"image\":{\"@id\":\"https:\/\/www.tvuai.com.br\/portal\/#\/schema\/logo\/image\/\"},\"sameAs\":[\"http:\/\/www.facebook.com\/pages\/TV-Uai-Comunica\u00e7\u00e3o\/139062546157369\",\"https:\/\/x.com\/tvuai\",\"https:\/\/www.instagram.com\/tvuai_network\/\",\"https:\/\/www.youtube.com\/channel\/UCB7ZPB3wRv-OpoZ_09jmnkQ\"]},{\"@type\":\"Person\",\"@id\":\"https:\/\/www.tvuai.com.br\/portal\/#\/schema\/person\/245e50e9127451fd0b7fd76f519ebbfe\",\"name\":\"tvuai\",\"url\":\"https:\/\/www.tvuai.com.br\/portal\/author\/tvuai\/\"}]}<\/script>\n<!-- \/ Yoast SEO plugin. -->","yoast_head_json":{"title":"Ru\u00eddos do metal: \"Extrema ProRock 2024\" confirma duas atra\u00e7\u00f5es incendi\u00e1rias - TVUAI","robots":{"index":"index","follow":"follow","max-snippet":"max-snippet:-1","max-image-preview":"max-image-preview:large","max-video-preview":"max-video-preview:-1"},"canonical":"https:\/\/www.tvuai.com.br\/portal\/ruidos-do-metal-extrema-prorock-2024-confirma-duas-atracoes-incendiarias\/","og_locale":"pt_BR","og_type":"article","og_title":"Ru\u00eddos do metal: \"Extrema ProRock 2024\" confirma duas atra\u00e7\u00f5es incendi\u00e1rias - TVUAI","og_description":"A novidade desta edi\u00e7\u00e3o \u00e9 que ser\u00e3o dois dias de evento, programadas para acontecer nos dias 1 e 2 de junho, abrindo oficialmente a programa\u00e7\u00e3o do Festival de Inverno Com bateras trovejantes e guitarras incendi\u00e1rias, a Secretaria de Cultura de Extrema revela del\u00edcias do heavy metal: o t\u00e3o aguardado &#8220;Extrema ProRock 2024&#8221;! Nesta jornada vibrante, [&hellip;]","og_url":"https:\/\/www.tvuai.com.br\/portal\/ruidos-do-metal-extrema-prorock-2024-confirma-duas-atracoes-incendiarias\/","og_site_name":"TVUAI","article_publisher":"http:\/\/www.facebook.com\/pages\/TV-Uai-Comunica%c3%a7%c3%a3o\/139062546157369","article_published_time":"2024-04-23T16:46:36+00:00","article_modified_time":"2024-05-09T15:36:32+00:00","og_image":[{"width":200,"height":200,"url":"https:\/\/www.tvuai.com.br\/portal\/wp-content\/uploads\/2024\/04\/extrema-rock0.jpg","type":"image\/jpeg"}],"author":"tvuai","twitter_card":"summary_large_image","twitter_creator":"@tvuai","twitter_site":"@tvuai","twitter_misc":{"Escrito por":"tvuai","Est. tempo de leitura":"2 minutos"},"schema":{"@context":"https:\/\/schema.org","@graph":[{"@type":"Article","@id":"https:\/\/www.tvuai.com.br\/portal\/ruidos-do-metal-extrema-prorock-2024-confirma-duas-atracoes-incendiarias\/#article","isPartOf":{"@id":"https:\/\/www.tvuai.com.br\/portal\/ruidos-do-metal-extrema-prorock-2024-confirma-duas-atracoes-incendiarias\/"},"author":{"name":"tvuai","@id":"https:\/\/www.tvuai.com.br\/portal\/#\/schema\/person\/245e50e9127451fd0b7fd76f519ebbfe"},"headline":"Ru\u00eddos do metal: &#8220;Extrema ProRock 2024&#8221; confirma duas atra\u00e7\u00f5es incendi\u00e1rias","datePublished":"2024-04-23T16:46:36+00:00","dateModified":"2024-05-09T15:36:32+00:00","mainEntityOfPage":{"@id":"https:\/\/www.tvuai.com.br\/portal\/ruidos-do-metal-extrema-prorock-2024-confirma-duas-atracoes-incendiarias\/"},"wordCount":247,"publisher":{"@id":"https:\/\/www.tvuai.com.br\/portal\/#organization"},"image":{"@id":"https:\/\/www.tvuai.com.br\/portal\/ruidos-do-metal-extrema-prorock-2024-confirma-duas-atracoes-incendiarias\/#primaryimage"},"thumbnailUrl":"https:\/\/i0.wp.com\/www.tvuai.com.br\/portal\/wp-content\/uploads\/2024\/04\/extrema-rock0.jpg?fit=200%2C200&ssl=1","keywords":["13\u00ba Festival de Inverno de Extrema","Banda Dr. Sin","Edu Falaschi","Extrema","Extrema ProRock 2024","heavy metal","Minas Gerais","Pouso Alegre","Secretaria de Cultura de Extrema","Sul de Minas","TV Uai","TV UAI 24 anos","TV UAI 24 anos com voc\u00ea","TV UAI Pouso Alegre","tvuai"],"articleSection":["Arte","Entretenimento","Not\u00edcias","\u00daltimas Not\u00edcias"],"inLanguage":"pt-BR"},{"@type":"WebPage","@id":"https:\/\/www.tvuai.com.br\/portal\/ruidos-do-metal-extrema-prorock-2024-confirma-duas-atracoes-incendiarias\/","url":"https:\/\/www.tvuai.com.br\/portal\/ruidos-do-metal-extrema-prorock-2024-confirma-duas-atracoes-incendiarias\/","name":"Ru\u00eddos do metal: \"Extrema ProRock 2024\" confirma duas atra\u00e7\u00f5es incendi\u00e1rias - TVUAI","isPartOf":{"@id":"https:\/\/www.tvuai.com.br\/portal\/#website"},"primaryImageOfPage":{"@id":"https:\/\/www.tvuai.com.br\/portal\/ruidos-do-metal-extrema-prorock-2024-confirma-duas-atracoes-incendiarias\/#primaryimage"},"image":{"@id":"https:\/\/www.tvuai.com.br\/portal\/ruidos-do-metal-extrema-prorock-2024-confirma-duas-atracoes-incendiarias\/#primaryimage"},"thumbnailUrl":"https:\/\/i0.wp.com\/www.tvuai.com.br\/portal\/wp-content\/uploads\/2024\/04\/extrema-rock0.jpg?fit=200%2C200&ssl=1","datePublished":"2024-04-23T16:46:36+00:00","dateModified":"2024-05-09T15:36:32+00:00","breadcrumb":{"@id":"https:\/\/www.tvuai.com.br\/portal\/ruidos-do-metal-extrema-prorock-2024-confirma-duas-atracoes-incendiarias\/#breadcrumb"},"inLanguage":"pt-BR","potentialAction":[{"@type":"ReadAction","target":["https:\/\/www.tvuai.com.br\/portal\/ruidos-do-metal-extrema-prorock-2024-confirma-duas-atracoes-incendiarias\/"]}]},{"@type":"ImageObject","inLanguage":"pt-BR","@id":"https:\/\/www.tvuai.com.br\/portal\/ruidos-do-metal-extrema-prorock-2024-confirma-duas-atracoes-incendiarias\/#primaryimage","url":"https:\/\/i0.wp.com\/www.tvuai.com.br\/portal\/wp-content\/uploads\/2024\/04\/extrema-rock0.jpg?fit=200%2C200&ssl=1","contentUrl":"https:\/\/i0.wp.com\/www.tvuai.com.br\/portal\/wp-content\/uploads\/2024\/04\/extrema-rock0.jpg?fit=200%2C200&ssl=1","width":200,"height":200},{"@type":"BreadcrumbList","@id":"https:\/\/www.tvuai.com.br\/portal\/ruidos-do-metal-extrema-prorock-2024-confirma-duas-atracoes-incendiarias\/#breadcrumb","itemListElement":[{"@type":"ListItem","position":1,"name":"In\u00edcio","item":"https:\/\/www.tvuai.com.br\/portal\/"},{"@type":"ListItem","position":2,"name":"Ru\u00eddos do metal: &#8220;Extrema ProRock 2024&#8221; confirma duas atra\u00e7\u00f5es incendi\u00e1rias"}]},{"@type":"WebSite","@id":"https:\/\/www.tvuai.com.br\/portal\/#website","url":"https:\/\/www.tvuai.com.br\/portal\/","name":"TVUAI","description":"Tudo sobre o Sul de Minas","publisher":{"@id":"https:\/\/www.tvuai.com.br\/portal\/#organization"},"potentialAction":[{"@type":"SearchAction","target":{"@type":"EntryPoint","urlTemplate":"https:\/\/www.tvuai.com.br\/portal\/?s={search_term_string}"},"query-input":{"@type":"PropertyValueSpecification","valueRequired":true,"valueName":"search_term_string"}}],"inLanguage":"pt-BR"},{"@type":"Organization","@id":"https:\/\/www.tvuai.com.br\/portal\/#organization","name":"TVUAI","url":"https:\/\/www.tvuai.com.br\/portal\/","logo":{"@type":"ImageObject","inLanguage":"pt-BR","@id":"https:\/\/www.tvuai.com.br\/portal\/#\/schema\/logo\/image\/","url":"https:\/\/i0.wp.com\/www.tvuai.com.br\/portal\/wp-content\/uploads\/2017\/12\/logo_tvuai_100H.png?fit=207%2C100&ssl=1","contentUrl":"https:\/\/i0.wp.com\/www.tvuai.com.br\/portal\/wp-content\/uploads\/2017\/12\/logo_tvuai_100H.png?fit=207%2C100&ssl=1","width":207,"height":100,"caption":"TVUAI"},"image":{"@id":"https:\/\/www.tvuai.com.br\/portal\/#\/schema\/logo\/image\/"},"sameAs":["http:\/\/www.facebook.com\/pages\/TV-Uai-Comunica\u00e7\u00e3o\/139062546157369","https:\/\/x.com\/tvuai","https:\/\/www.instagram.com\/tvuai_network\/","https:\/\/www.youtube.com\/channel\/UCB7ZPB3wRv-OpoZ_09jmnkQ"]},{"@type":"Person","@id":"https:\/\/www.tvuai.com.br\/portal\/#\/schema\/person\/245e50e9127451fd0b7fd76f519ebbfe","name":"tvuai","url":"https:\/\/www.tvuai.com.br\/portal\/author\/tvuai\/"}]}},"jetpack_featured_media_url":"https:\/\/i0.wp.com\/www.tvuai.com.br\/portal\/wp-content\/uploads\/2024\/04\/extrema-rock0.jpg?fit=200%2C200&ssl=1","wpmagazine_modules_lite_featured_media_urls":{"thumbnail":["https:\/\/i0.wp.com\/www.tvuai.com.br\/portal\/wp-content\/uploads\/2024\/04\/extrema-rock0.jpg?resize=150%2C150&ssl=1",150,150,true],"cvmm-medium":["https:\/\/i0.wp.com\/www.tvuai.com.br\/portal\/wp-content\/uploads\/2024\/04\/extrema-rock0.jpg?resize=200%2C200&ssl=1",200,200,true],"cvmm-medium-plus":["https:\/\/i0.wp.com\/www.tvuai.com.br\/portal\/wp-content\/uploads\/2024\/04\/extrema-rock0.jpg?resize=200%2C200&ssl=1",200,200,true],"cvmm-portrait":["https:\/\/i0.wp.com\/www.tvuai.com.br\/portal\/wp-content\/uploads\/2024\/04\/extrema-rock0.jpg?resize=200%2C200&ssl=1",200,200,true],"cvmm-medium-square":["https:\/\/i0.wp.com\/www.tvuai.com.br\/portal\/wp-content\/uploads\/2024\/04\/extrema-rock0.jpg?resize=200%2C200&ssl=1",200,200,true],"cvmm-large":["https:\/\/i0.wp.com\/www.tvuai.com.br\/portal\/wp-content\/uploads\/2024\/04\/extrema-rock0.jpg?resize=200%2C200&ssl=1",200,200,true],"cvmm-small":["https:\/\/i0.wp.com\/www.tvuai.com.br\/portal\/wp-content\/uploads\/2024\/04\/extrema-rock0.jpg?resize=130%2C95&ssl=1",130,95,true],"full":["https:\/\/i0.wp.com\/www.tvuai.com.br\/portal\/wp-content\/uploads\/2024\/04\/extrema-rock0.jpg?fit=200%2C200&ssl=1",200,200,false]},"categories_names":{"1816":{"name":"Arte","link":"https:\/\/www.tvuai.com.br\/portal\/category\/arte\/"},"20":{"name":"Entretenimento","link":"https:\/\/www.tvuai.com.br\/portal\/category\/entretenimento\/"},"19":{"name":"Not\u00edcias","link":"https:\/\/www.tvuai.com.br\/portal\/category\/noticias\/"},"5":{"name":"\u00daltimas Not\u00edcias","link":"https:\/\/www.tvuai.com.br\/portal\/category\/noticias\/ultimas\/"}},"tags_names":{"3136":{"name":"13\u00ba Festival de Inverno de Extrema","link":"https:\/\/www.tvuai.com.br\/portal\/tag\/13o-festival-de-inverno-de-extrema\/"},"3135":{"name":"Banda Dr. Sin","link":"https:\/\/www.tvuai.com.br\/portal\/tag\/banda-dr-sin\/"},"3134":{"name":"Edu Falaschi","link":"https:\/\/www.tvuai.com.br\/portal\/tag\/edu-falaschi\/"},"272":{"name":"Extrema","link":"https:\/\/www.tvuai.com.br\/portal\/tag\/extrema\/"},"3133":{"name":"Extrema ProRock 2024","link":"https:\/\/www.tvuai.com.br\/portal\/tag\/extrema-prorock-2024\/"},"3132":{"name":"heavy metal","link":"https:\/\/www.tvuai.com.br\/portal\/tag\/heavy-metal\/"},"184":{"name":"Minas Gerais","link":"https:\/\/www.tvuai.com.br\/portal\/tag\/minas-gerais\/"},"37":{"name":"Pouso Alegre","link":"https:\/\/www.tvuai.com.br\/portal\/tag\/pouso-alegre\/"},"3131":{"name":"Secretaria de Cultura de Extrema","link":"https:\/\/www.tvuai.com.br\/portal\/tag\/secretaria-de-cultura-de-extrema\/"},"39":{"name":"Sul de Minas","link":"https:\/\/www.tvuai.com.br\/portal\/tag\/sul-de-minas\/"},"27":{"name":"TV Uai","link":"https:\/\/www.tvuai.com.br\/portal\/tag\/tv-uai\/"},"2759":{"name":"TV UAI 24 anos","link":"https:\/\/www.tvuai.com.br\/portal\/tag\/tv-uai-24-anos\/"},"2760":{"name":"TV UAI 24 anos com voc\u00ea","link":"https:\/\/www.tvuai.com.br\/portal\/tag\/tv-uai-24-anos-com-voce\/"},"1618":{"name":"TV UAI Pouso Alegre","link":"https:\/\/www.tvuai.com.br\/portal\/tag\/tv-uai-pouso-alegre\/"},"1638":{"name":"tvuai","link":"https:\/\/www.tvuai.com.br\/portal\/tag\/tvuai\/"}},"comments_number":"0","jetpack_shortlink":"https:\/\/wp.me\/p9woix-2c8","jetpack_sharing_enabled":true,"_links":{"self":[{"href":"https:\/\/www.tvuai.com.br\/portal\/wp-json\/wp\/v2\/posts\/8440"}],"collection":[{"href":"https:\/\/www.tvuai.com.br\/portal\/wp-json\/wp\/v2\/posts"}],"about":[{"href":"https:\/\/www.tvuai.com.br\/portal\/wp-json\/wp\/v2\/types\/post"}],"author":[{"embeddable":true,"href":"https:\/\/www.tvuai.com.br\/portal\/wp-json\/wp\/v2\/users\/1"}],"replies":[{"embeddable":true,"href":"https:\/\/www.tvuai.com.br\/portal\/wp-json\/wp\/v2\/comments?post=8440"}],"version-history":[{"count":3,"href":"https:\/\/www.tvuai.com.br\/portal\/wp-json\/wp\/v2\/posts\/8440\/revisions"}],"predecessor-version":[{"id":8447,"href":"https:\/\/www.tvuai.com.br\/portal\/wp-json\/wp\/v2\/posts\/8440\/revisions\/8447"}],"wp:featuredmedia":[{"embeddable":true,"href":"https:\/\/www.tvuai.com.br\/portal\/wp-json\/wp\/v2\/media\/8443"}],"wp:attachment":[{"href":"https:\/\/www.tvuai.com.br\/portal\/wp-json\/wp\/v2\/media?parent=8440"}],"wp:term":[{"taxonomy":"category","embeddable":true,"href":"https:\/\/www.tvuai.com.br\/portal\/wp-json\/wp\/v2\/categories?post=8440"},{"taxonomy":"post_tag","embeddable":true,"href":"https:\/\/www.tvuai.com.br\/portal\/wp-json\/wp\/v2\/tags?post=8440"}],"curies":[{"name":"wp","href":"https:\/\/api.w.org\/{rel}","templated":true}]}}