{"id":7861,"date":"2024-02-02T17:18:30","date_gmt":"2024-02-02T20:18:30","guid":{"rendered":"https:\/\/www.tvuai.com.br\/portal\/?p=7861"},"modified":"2024-02-20T16:01:24","modified_gmt":"2024-02-20T19:01:24","slug":"leoni-fara-show-em-monte-verde-no-final-de-abril","status":"publish","type":"post","link":"https:\/\/www.tvuai.com.br\/portal\/leoni-fara-show-em-monte-verde-no-final-de-abril\/","title":{"rendered":"Leoni far\u00e1 show em Monte Verde no final de abril"},"content":{"rendered":"<div class=\"5a1038e0903b96d426fcfcc338703013\" data-index=\"1\" style=\"float: right; margin:10px 0 10px 10px;\">\n<script async src=\"https:\/\/pagead2.googlesyndication.com\/pagead\/js\/adsbygoogle.js?client=ca-pub-9945944833605257\"\r\n     crossorigin=\"anonymous\"><\/script>\r\n<ins class=\"adsbygoogle\"\r\n     style=\"display:block; text-align:center;\"\r\n     data-ad-layout=\"in-article\"\r\n     data-ad-format=\"fluid\"\r\n     data-ad-client=\"ca-pub-9945944833605257\"\r\n     data-ad-slot=\"2343923581\"><\/ins>\r\n<script>\r\n     (adsbygoogle = window.adsbygoogle || []).push({});\r\n<\/script>\n<\/div>\n<h5 style=\"text-align: center;\"><em><strong><img data-recalc-dims=\"1\" fetchpriority=\"high\" decoding=\"async\" data-attachment-id=\"7872\" data-permalink=\"https:\/\/www.tvuai.com.br\/portal\/leoni-fara-show-em-monte-verde-no-final-de-abril\/leoni1\/\" data-orig-file=\"https:\/\/i0.wp.com\/www.tvuai.com.br\/portal\/wp-content\/uploads\/2024\/02\/Leoni1.jpg?fit=2000%2C1230&amp;ssl=1\" data-orig-size=\"2000,1230\" data-comments-opened=\"0\" data-image-meta=\"{&quot;aperture&quot;:&quot;0&quot;,&quot;credit&quot;:&quot;Giovanna Pinheiral&quot;,&quot;camera&quot;:&quot;Canon EOS 6D Mark II&quot;,&quot;caption&quot;:&quot;&quot;,&quot;created_timestamp&quot;:&quot;1686354913&quot;,&quot;copyright&quot;:&quot;&quot;,&quot;focal_length&quot;:&quot;0&quot;,&quot;iso&quot;:&quot;800&quot;,&quot;shutter_speed&quot;:&quot;0&quot;,&quot;title&quot;:&quot;&quot;,&quot;orientation&quot;:&quot;0&quot;}\" data-image-title=\"Leoni1\" data-image-description=\"\" data-image-caption=\"\" data-medium-file=\"https:\/\/i0.wp.com\/www.tvuai.com.br\/portal\/wp-content\/uploads\/2024\/02\/Leoni1.jpg?fit=300%2C185&amp;ssl=1\" data-large-file=\"https:\/\/i0.wp.com\/www.tvuai.com.br\/portal\/wp-content\/uploads\/2024\/02\/Leoni1.jpg?fit=640%2C394&amp;ssl=1\" tabindex=\"0\" role=\"button\" class=\"aligncenter size-medium wp-image-7872\" src=\"https:\/\/i0.wp.com\/www.tvuai.com.br\/portal\/wp-content\/uploads\/2024\/02\/Leoni1.jpg?resize=300%2C185&#038;ssl=1\" alt=\"\" width=\"300\" height=\"185\" srcset=\"https:\/\/i0.wp.com\/www.tvuai.com.br\/portal\/wp-content\/uploads\/2024\/02\/Leoni1.jpg?resize=300%2C185&amp;ssl=1 300w, https:\/\/i0.wp.com\/www.tvuai.com.br\/portal\/wp-content\/uploads\/2024\/02\/Leoni1.jpg?resize=1024%2C630&amp;ssl=1 1024w, https:\/\/i0.wp.com\/www.tvuai.com.br\/portal\/wp-content\/uploads\/2024\/02\/Leoni1.jpg?resize=768%2C472&amp;ssl=1 768w, https:\/\/i0.wp.com\/www.tvuai.com.br\/portal\/wp-content\/uploads\/2024\/02\/Leoni1.jpg?resize=1536%2C945&amp;ssl=1 1536w, https:\/\/i0.wp.com\/www.tvuai.com.br\/portal\/wp-content\/uploads\/2024\/02\/Leoni1.jpg?resize=600%2C369&amp;ssl=1 600w, https:\/\/i0.wp.com\/www.tvuai.com.br\/portal\/wp-content\/uploads\/2024\/02\/Leoni1.jpg?w=2000&amp;ssl=1 2000w, https:\/\/i0.wp.com\/www.tvuai.com.br\/portal\/wp-content\/uploads\/2024\/02\/Leoni1.jpg?w=1280&amp;ssl=1 1280w, https:\/\/i0.wp.com\/www.tvuai.com.br\/portal\/wp-content\/uploads\/2024\/02\/Leoni1.jpg?w=1920&amp;ssl=1 1920w\" sizes=\"(max-width: 300px) 100vw, 300px\" \/>Monte Verde Visitors Bureau est\u00e1 desenvolvendo uma pol\u00edtica de eventos culturais e art\u00edsticos para Monte Verde em 2024, sendo que o primeiro ser\u00e1 o show do cantor Leoni<\/strong><\/em><\/h5>\n<p>O distrito tur\u00edstico de Monte Verde, que pertence \u00e0 Camanducaia (MG), realizar\u00e1 no dia 27 de abril o show do cantor Leoni, um dos astros da MPB brasileira. O renomado cantor ir\u00e1 encantar o p\u00fablico com seus inesquec\u00edveis sucessos rom\u00e2nticos. O evento acontecer\u00e1 no \u00c1ustria Hotel a partir das 16h.<\/p>\n<p><img data-recalc-dims=\"1\" decoding=\"async\" data-attachment-id=\"7873\" data-permalink=\"https:\/\/www.tvuai.com.br\/portal\/leoni-fara-show-em-monte-verde-no-final-de-abril\/leoni2\/\" data-orig-file=\"https:\/\/i0.wp.com\/www.tvuai.com.br\/portal\/wp-content\/uploads\/2024\/02\/Leoni2.jpg?fit=1080%2C720&amp;ssl=1\" data-orig-size=\"1080,720\" data-comments-opened=\"0\" data-image-meta=\"{&quot;aperture&quot;:&quot;0&quot;,&quot;credit&quot;:&quot;&quot;,&quot;camera&quot;:&quot;&quot;,&quot;caption&quot;:&quot;&quot;,&quot;created_timestamp&quot;:&quot;0&quot;,&quot;copyright&quot;:&quot;&quot;,&quot;focal_length&quot;:&quot;0&quot;,&quot;iso&quot;:&quot;0&quot;,&quot;shutter_speed&quot;:&quot;0&quot;,&quot;title&quot;:&quot;&quot;,&quot;orientation&quot;:&quot;0&quot;}\" data-image-title=\"Leoni2\" data-image-description=\"\" data-image-caption=\"\" data-medium-file=\"https:\/\/i0.wp.com\/www.tvuai.com.br\/portal\/wp-content\/uploads\/2024\/02\/Leoni2.jpg?fit=300%2C200&amp;ssl=1\" data-large-file=\"https:\/\/i0.wp.com\/www.tvuai.com.br\/portal\/wp-content\/uploads\/2024\/02\/Leoni2.jpg?fit=640%2C427&amp;ssl=1\" tabindex=\"0\" role=\"button\" class=\"size-medium wp-image-7873 alignright\" src=\"https:\/\/i0.wp.com\/www.tvuai.com.br\/portal\/wp-content\/uploads\/2024\/02\/Leoni2.jpg?resize=300%2C200&#038;ssl=1\" alt=\"\" width=\"300\" height=\"200\" srcset=\"https:\/\/i0.wp.com\/www.tvuai.com.br\/portal\/wp-content\/uploads\/2024\/02\/Leoni2.jpg?resize=300%2C200&amp;ssl=1 300w, https:\/\/i0.wp.com\/www.tvuai.com.br\/portal\/wp-content\/uploads\/2024\/02\/Leoni2.jpg?resize=1024%2C683&amp;ssl=1 1024w, https:\/\/i0.wp.com\/www.tvuai.com.br\/portal\/wp-content\/uploads\/2024\/02\/Leoni2.jpg?resize=768%2C512&amp;ssl=1 768w, https:\/\/i0.wp.com\/www.tvuai.com.br\/portal\/wp-content\/uploads\/2024\/02\/Leoni2.jpg?resize=600%2C400&amp;ssl=1 600w, https:\/\/i0.wp.com\/www.tvuai.com.br\/portal\/wp-content\/uploads\/2024\/02\/Leoni2.jpg?w=1080&amp;ssl=1 1080w\" sizes=\"(max-width: 300px) 100vw, 300px\" \/>A abertura ser\u00e1 da banda mineira L6, que j\u00e1 participou de festivais e shows importantes, al\u00e9m de ter recebido algumas premia\u00e7\u00f5es ao longo da carreira. Formada em 2007, \u00e9 atualmente composta por L\u00facio Fl\u00e1vio (voz e viol\u00e3o), Thiago Barrez (guitarra e voz), Rodrigo Calixto (bateria) e Romulo Ozolio (baixo).<\/p>\n<p>Os ingressos para essa experi\u00eancia \u00fanica est\u00e3o \u00e0 venda pelo <strong><a href=\"https:\/\/www.sympla.com.br\/evento\/leoni-em-monte-verde\/2326421\">Sympla<\/a><\/strong>, plataforma online de eventos. O valor da entrada \u00e9 de R$ 180,00 (inteira) e R$ 90,00 (meia) mais taxas aplic\u00e1veis. Vale ressaltar que aqueles que trouxerem 1 kg de alimento n\u00e3o perec\u00edvel, excluindo sal e a\u00e7\u00facar, ter\u00e3o direito \u00e0 meia-entrada, assim como estudantes e pessoas com mais de 60 anos.<\/p>\n<p>Os alimentos arrecadados ser\u00e3o destinados ao Clube de Desbravadores de Monte Verde, uma institui\u00e7\u00e3o que presta assist\u00eancia a mais de 100 crian\u00e7as na regi\u00e3o, proporcionando-lhes apoio e oportunidades de crescimento.<\/p>\n<p>A realiza\u00e7\u00e3o desse evento \u00e9 poss\u00edvel gra\u00e7as ao empenho e dedica\u00e7\u00e3o do Visit Monte Verde, que visa promover e enriquecer a experi\u00eancia tur\u00edstica dessa encantadora localidade, proporcionando momentos inesquec\u00edveis para seus visitantes e moradores.<\/p>\n<h4><strong>SERVI\u00c7O<\/strong><\/h4>\n<p>Show do cantor Leoni<\/p>\n<p>Data: 27 de abril, a partir das 16hs<\/p>\n<p>Local: \u00c1ustria Hotel &#8211; Avenida Sol Nascente, 883 Monte Verde<\/p>\n<p>Ingressos: R$ 180 (inteira) e R$ 90 (meia-entrada)*<\/p>\n<p>* A doa\u00e7\u00e3o de 1kg de alimento garante o valor de meia entrada<\/p>\n<p>Ingressos no site <span style=\"color: #333399;\"><strong><a style=\"color: #333399;\" href=\"https:\/\/www.sympla.com.br\/evento\/leoni-em-monte-verde\/2326421\">Sympla<\/a><\/strong><\/span><\/p>\n<p><img data-recalc-dims=\"1\" decoding=\"async\" data-attachment-id=\"7874\" data-permalink=\"https:\/\/www.tvuai.com.br\/portal\/leoni-fara-show-em-monte-verde-no-final-de-abril\/leoni3\/\" data-orig-file=\"https:\/\/i0.wp.com\/www.tvuai.com.br\/portal\/wp-content\/uploads\/2024\/02\/Leoni3.jpg?fit=1030%2C1062&amp;ssl=1\" data-orig-size=\"1030,1062\" data-comments-opened=\"0\" data-image-meta=\"{&quot;aperture&quot;:&quot;0&quot;,&quot;credit&quot;:&quot;&quot;,&quot;camera&quot;:&quot;&quot;,&quot;caption&quot;:&quot;&quot;,&quot;created_timestamp&quot;:&quot;0&quot;,&quot;copyright&quot;:&quot;&quot;,&quot;focal_length&quot;:&quot;0&quot;,&quot;iso&quot;:&quot;0&quot;,&quot;shutter_speed&quot;:&quot;0&quot;,&quot;title&quot;:&quot;&quot;,&quot;orientation&quot;:&quot;0&quot;}\" data-image-title=\"Leoni3\" data-image-description=\"\" data-image-caption=\"\" data-medium-file=\"https:\/\/i0.wp.com\/www.tvuai.com.br\/portal\/wp-content\/uploads\/2024\/02\/Leoni3.jpg?fit=291%2C300&amp;ssl=1\" data-large-file=\"https:\/\/i0.wp.com\/www.tvuai.com.br\/portal\/wp-content\/uploads\/2024\/02\/Leoni3.jpg?fit=640%2C660&amp;ssl=1\" tabindex=\"0\" role=\"button\" class=\"aligncenter size-medium wp-image-7874\" src=\"https:\/\/i0.wp.com\/www.tvuai.com.br\/portal\/wp-content\/uploads\/2024\/02\/Leoni3.jpg?resize=291%2C300&#038;ssl=1\" alt=\"\" width=\"291\" height=\"300\" srcset=\"https:\/\/i0.wp.com\/www.tvuai.com.br\/portal\/wp-content\/uploads\/2024\/02\/Leoni3.jpg?resize=291%2C300&amp;ssl=1 291w, https:\/\/i0.wp.com\/www.tvuai.com.br\/portal\/wp-content\/uploads\/2024\/02\/Leoni3.jpg?resize=993%2C1024&amp;ssl=1 993w, https:\/\/i0.wp.com\/www.tvuai.com.br\/portal\/wp-content\/uploads\/2024\/02\/Leoni3.jpg?resize=768%2C792&amp;ssl=1 768w, https:\/\/i0.wp.com\/www.tvuai.com.br\/portal\/wp-content\/uploads\/2024\/02\/Leoni3.jpg?resize=45%2C45&amp;ssl=1 45w, https:\/\/i0.wp.com\/www.tvuai.com.br\/portal\/wp-content\/uploads\/2024\/02\/Leoni3.jpg?resize=600%2C619&amp;ssl=1 600w, https:\/\/i0.wp.com\/www.tvuai.com.br\/portal\/wp-content\/uploads\/2024\/02\/Leoni3.jpg?w=1030&amp;ssl=1 1030w\" sizes=\"(max-width: 291px) 100vw, 291px\" \/><\/p>\n\n<div style=\"font-size: 0px; height: 0px; line-height: 0px; margin: 0; padding: 0; clear: both;\"><\/div><div class='share-to-whatsapp-wrapper'><div class='share-on-whsp'>Share on: <\/div><a data-text='Leoni far\u00e1 show em Monte Verde no final de abril' data-link='https:\/\/www.tvuai.com.br\/portal\/leoni-fara-show-em-monte-verde-no-final-de-abril\/' class='whatsapp-button whatsapp-share'>WhatsApp<\/a><div class='clear '><\/div><\/div><!-- AddThis Advanced Settings generic via filter on the_content --><!-- AddThis Share Buttons generic via filter on the_content -->","protected":false},"excerpt":{"rendered":"<p>Monte Verde Visitors Bureau est\u00e1 desenvolvendo uma pol\u00edtica de eventos culturais e art\u00edsticos para Monte Verde em 2024, sendo que o primeiro ser\u00e1 o show do cantor Leoni O distrito tur\u00edstico de Monte Verde, que pertence \u00e0 Camanducaia (MG), realizar\u00e1 no dia 27 de abril o show do cantor Leoni, um dos astros da MPB [&hellip;]<!-- AddThis Advanced Settings generic via filter on get_the_excerpt --><!-- AddThis Share Buttons generic via filter on get_the_excerpt --><\/p>\n","protected":false},"author":1,"featured_media":7875,"comment_status":"closed","ping_status":"closed","sticky":false,"template":"","format":"standard","meta":{"jetpack_post_was_ever_published":false,"_jetpack_newsletter_access":"","_jetpack_dont_email_post_to_subs":false,"_jetpack_newsletter_tier_id":0,"_jetpack_memberships_contains_paywalled_content":false,"_jetpack_memberships_contains_paid_content":false,"_joinchat":[],"footnotes":"","jetpack_publicize_message":"","jetpack_publicize_feature_enabled":true,"jetpack_social_post_already_shared":true,"jetpack_social_options":{"image_generator_settings":{"template":"highway","enabled":false},"version":2}},"categories":[1816,20,19,5],"tags":[2706,765,2707,242,2578,2699,2700,2701,184,764,2709,2703,2704,39,2705,2702,27,1620,1619,1618,2708],"class_list":["post-7861","post","type-post","status-publish","format-standard","has-post-thumbnail","hentry","category-arte","category-entretenimento","category-noticias","category-ultimas","tag-austria-hotel","tag-camanducaia","tag-clube-de-desbravadores-de-monte-verde","tag-google","tag-google-news","tag-l6","tag-leoni","tag-lucio-flavio-voz-e-violao","tag-minas-gerais","tag-monte-verde","tag-monte-verde-visitors-bureau","tag-rodrigo-calixto-bateria","tag-romulo-ozolio-baixo","tag-sul-de-minas","tag-sympla","tag-thiago-barrez-guitarra-e-voz","tag-tv-uai","tag-tv-uai-23-anos","tag-tv-uai-23-anos-com-voce","tag-tv-uai-pouso-alegre","tag-visit-monte-verde"],"jetpack_publicize_connections":[],"yoast_head":"<!-- This site is optimized with the Yoast SEO plugin v23.5 - https:\/\/yoast.com\/wordpress\/plugins\/seo\/ -->\n<title>Leoni far\u00e1 show em Monte Verde no final de abril - TVUAI<\/title>\n<meta name=\"robots\" content=\"index, follow, max-snippet:-1, max-image-preview:large, max-video-preview:-1\" \/>\n<link rel=\"canonical\" href=\"https:\/\/www.tvuai.com.br\/portal\/leoni-fara-show-em-monte-verde-no-final-de-abril\/\" \/>\n<meta property=\"og:locale\" content=\"pt_BR\" \/>\n<meta property=\"og:type\" content=\"article\" \/>\n<meta property=\"og:title\" content=\"Leoni far\u00e1 show em Monte Verde no final de abril - TVUAI\" \/>\n<meta property=\"og:description\" content=\"Monte Verde Visitors Bureau est\u00e1 desenvolvendo uma pol\u00edtica de eventos culturais e art\u00edsticos para Monte Verde em 2024, sendo que o primeiro ser\u00e1 o show do cantor Leoni O distrito tur\u00edstico de Monte Verde, que pertence \u00e0 Camanducaia (MG), realizar\u00e1 no dia 27 de abril o show do cantor Leoni, um dos astros da MPB [&hellip;]\" \/>\n<meta property=\"og:url\" content=\"https:\/\/www.tvuai.com.br\/portal\/leoni-fara-show-em-monte-verde-no-final-de-abril\/\" \/>\n<meta property=\"og:site_name\" content=\"TVUAI\" \/>\n<meta property=\"article:publisher\" content=\"http:\/\/www.facebook.com\/pages\/TV-Uai-Comunica%c3%a7%c3%a3o\/139062546157369\" \/>\n<meta property=\"article:published_time\" content=\"2024-02-02T20:18:30+00:00\" \/>\n<meta property=\"article:modified_time\" content=\"2024-02-20T19:01:24+00:00\" \/>\n<meta property=\"og:image\" content=\"https:\/\/www.tvuai.com.br\/portal\/wp-content\/uploads\/2024\/02\/Leoni0.jpg\" \/>\n\t<meta property=\"og:image:width\" content=\"200\" \/>\n\t<meta property=\"og:image:height\" content=\"200\" \/>\n\t<meta property=\"og:image:type\" content=\"image\/jpeg\" \/>\n<meta name=\"author\" content=\"tvuai\" \/>\n<meta name=\"twitter:card\" content=\"summary_large_image\" \/>\n<meta name=\"twitter:creator\" content=\"@tvuai\" \/>\n<meta name=\"twitter:site\" content=\"@tvuai\" \/>\n<meta name=\"twitter:label1\" content=\"Escrito por\" \/>\n\t<meta name=\"twitter:data1\" content=\"tvuai\" \/>\n\t<meta name=\"twitter:label2\" content=\"Est. tempo de leitura\" \/>\n\t<meta name=\"twitter:data2\" content=\"3 minutos\" \/>\n<script type=\"application\/ld+json\" class=\"yoast-schema-graph\">{\"@context\":\"https:\/\/schema.org\",\"@graph\":[{\"@type\":\"Article\",\"@id\":\"https:\/\/www.tvuai.com.br\/portal\/leoni-fara-show-em-monte-verde-no-final-de-abril\/#article\",\"isPartOf\":{\"@id\":\"https:\/\/www.tvuai.com.br\/portal\/leoni-fara-show-em-monte-verde-no-final-de-abril\/\"},\"author\":{\"name\":\"tvuai\",\"@id\":\"https:\/\/www.tvuai.com.br\/portal\/#\/schema\/person\/245e50e9127451fd0b7fd76f519ebbfe\"},\"headline\":\"Leoni far\u00e1 show em Monte Verde no final de abril\",\"datePublished\":\"2024-02-02T20:18:30+00:00\",\"dateModified\":\"2024-02-20T19:01:24+00:00\",\"mainEntityOfPage\":{\"@id\":\"https:\/\/www.tvuai.com.br\/portal\/leoni-fara-show-em-monte-verde-no-final-de-abril\/\"},\"wordCount\":323,\"publisher\":{\"@id\":\"https:\/\/www.tvuai.com.br\/portal\/#organization\"},\"image\":{\"@id\":\"https:\/\/www.tvuai.com.br\/portal\/leoni-fara-show-em-monte-verde-no-final-de-abril\/#primaryimage\"},\"thumbnailUrl\":\"https:\/\/i0.wp.com\/www.tvuai.com.br\/portal\/wp-content\/uploads\/2024\/02\/Leoni0.jpg?fit=200%2C200&ssl=1\",\"keywords\":[\"\u00c1ustria Hotel\",\"Camanducaia\",\"Clube de Desbravadores de Monte Verde\",\"Google\",\"Google news\",\"L6\",\"Leoni\",\"L\u00facio Fl\u00e1vio (voz e viol\u00e3o)\",\"Minas Gerais\",\"Monte Verde\",\"Monte Verde Visitors Bureau\",\"Rodrigo Calixto (bateria)\",\"Romulo Ozolio (baixo).\",\"Sul de Minas\",\"Sympla\",\"Thiago Barrez (guitarra e voz)\",\"TV Uai\",\"TV UAI 23 anos\",\"TV UAI 23 anos com voc\u00ea\",\"TV UAI Pouso Alegre\",\"Visit Monte Verde\"],\"articleSection\":[\"Arte\",\"Entretenimento\",\"Not\u00edcias\",\"\u00daltimas Not\u00edcias\"],\"inLanguage\":\"pt-BR\"},{\"@type\":\"WebPage\",\"@id\":\"https:\/\/www.tvuai.com.br\/portal\/leoni-fara-show-em-monte-verde-no-final-de-abril\/\",\"url\":\"https:\/\/www.tvuai.com.br\/portal\/leoni-fara-show-em-monte-verde-no-final-de-abril\/\",\"name\":\"Leoni far\u00e1 show em Monte Verde no final de abril - TVUAI\",\"isPartOf\":{\"@id\":\"https:\/\/www.tvuai.com.br\/portal\/#website\"},\"primaryImageOfPage\":{\"@id\":\"https:\/\/www.tvuai.com.br\/portal\/leoni-fara-show-em-monte-verde-no-final-de-abril\/#primaryimage\"},\"image\":{\"@id\":\"https:\/\/www.tvuai.com.br\/portal\/leoni-fara-show-em-monte-verde-no-final-de-abril\/#primaryimage\"},\"thumbnailUrl\":\"https:\/\/i0.wp.com\/www.tvuai.com.br\/portal\/wp-content\/uploads\/2024\/02\/Leoni0.jpg?fit=200%2C200&ssl=1\",\"datePublished\":\"2024-02-02T20:18:30+00:00\",\"dateModified\":\"2024-02-20T19:01:24+00:00\",\"breadcrumb\":{\"@id\":\"https:\/\/www.tvuai.com.br\/portal\/leoni-fara-show-em-monte-verde-no-final-de-abril\/#breadcrumb\"},\"inLanguage\":\"pt-BR\",\"potentialAction\":[{\"@type\":\"ReadAction\",\"target\":[\"https:\/\/www.tvuai.com.br\/portal\/leoni-fara-show-em-monte-verde-no-final-de-abril\/\"]}]},{\"@type\":\"ImageObject\",\"inLanguage\":\"pt-BR\",\"@id\":\"https:\/\/www.tvuai.com.br\/portal\/leoni-fara-show-em-monte-verde-no-final-de-abril\/#primaryimage\",\"url\":\"https:\/\/i0.wp.com\/www.tvuai.com.br\/portal\/wp-content\/uploads\/2024\/02\/Leoni0.jpg?fit=200%2C200&ssl=1\",\"contentUrl\":\"https:\/\/i0.wp.com\/www.tvuai.com.br\/portal\/wp-content\/uploads\/2024\/02\/Leoni0.jpg?fit=200%2C200&ssl=1\",\"width\":200,\"height\":200},{\"@type\":\"BreadcrumbList\",\"@id\":\"https:\/\/www.tvuai.com.br\/portal\/leoni-fara-show-em-monte-verde-no-final-de-abril\/#breadcrumb\",\"itemListElement\":[{\"@type\":\"ListItem\",\"position\":1,\"name\":\"In\u00edcio\",\"item\":\"https:\/\/www.tvuai.com.br\/portal\/\"},{\"@type\":\"ListItem\",\"position\":2,\"name\":\"Leoni far\u00e1 show em Monte Verde no final de abril\"}]},{\"@type\":\"WebSite\",\"@id\":\"https:\/\/www.tvuai.com.br\/portal\/#website\",\"url\":\"https:\/\/www.tvuai.com.br\/portal\/\",\"name\":\"TVUAI\",\"description\":\"Tudo sobre o Sul de Minas\",\"publisher\":{\"@id\":\"https:\/\/www.tvuai.com.br\/portal\/#organization\"},\"potentialAction\":[{\"@type\":\"SearchAction\",\"target\":{\"@type\":\"EntryPoint\",\"urlTemplate\":\"https:\/\/www.tvuai.com.br\/portal\/?s={search_term_string}\"},\"query-input\":{\"@type\":\"PropertyValueSpecification\",\"valueRequired\":true,\"valueName\":\"search_term_string\"}}],\"inLanguage\":\"pt-BR\"},{\"@type\":\"Organization\",\"@id\":\"https:\/\/www.tvuai.com.br\/portal\/#organization\",\"name\":\"TVUAI\",\"url\":\"https:\/\/www.tvuai.com.br\/portal\/\",\"logo\":{\"@type\":\"ImageObject\",\"inLanguage\":\"pt-BR\",\"@id\":\"https:\/\/www.tvuai.com.br\/portal\/#\/schema\/logo\/image\/\",\"url\":\"https:\/\/i0.wp.com\/www.tvuai.com.br\/portal\/wp-content\/uploads\/2017\/12\/logo_tvuai_100H.png?fit=207%2C100&ssl=1\",\"contentUrl\":\"https:\/\/i0.wp.com\/www.tvuai.com.br\/portal\/wp-content\/uploads\/2017\/12\/logo_tvuai_100H.png?fit=207%2C100&ssl=1\",\"width\":207,\"height\":100,\"caption\":\"TVUAI\"},\"image\":{\"@id\":\"https:\/\/www.tvuai.com.br\/portal\/#\/schema\/logo\/image\/\"},\"sameAs\":[\"http:\/\/www.facebook.com\/pages\/TV-Uai-Comunica\u00e7\u00e3o\/139062546157369\",\"https:\/\/x.com\/tvuai\",\"https:\/\/www.instagram.com\/tvuai_network\/\",\"https:\/\/www.youtube.com\/channel\/UCB7ZPB3wRv-OpoZ_09jmnkQ\"]},{\"@type\":\"Person\",\"@id\":\"https:\/\/www.tvuai.com.br\/portal\/#\/schema\/person\/245e50e9127451fd0b7fd76f519ebbfe\",\"name\":\"tvuai\",\"url\":\"https:\/\/www.tvuai.com.br\/portal\/author\/tvuai\/\"}]}<\/script>\n<!-- \/ Yoast SEO plugin. -->","yoast_head_json":{"title":"Leoni far\u00e1 show em Monte Verde no final de abril - TVUAI","robots":{"index":"index","follow":"follow","max-snippet":"max-snippet:-1","max-image-preview":"max-image-preview:large","max-video-preview":"max-video-preview:-1"},"canonical":"https:\/\/www.tvuai.com.br\/portal\/leoni-fara-show-em-monte-verde-no-final-de-abril\/","og_locale":"pt_BR","og_type":"article","og_title":"Leoni far\u00e1 show em Monte Verde no final de abril - TVUAI","og_description":"Monte Verde Visitors Bureau est\u00e1 desenvolvendo uma pol\u00edtica de eventos culturais e art\u00edsticos para Monte Verde em 2024, sendo que o primeiro ser\u00e1 o show do cantor Leoni O distrito tur\u00edstico de Monte Verde, que pertence \u00e0 Camanducaia (MG), realizar\u00e1 no dia 27 de abril o show do cantor Leoni, um dos astros da MPB [&hellip;]","og_url":"https:\/\/www.tvuai.com.br\/portal\/leoni-fara-show-em-monte-verde-no-final-de-abril\/","og_site_name":"TVUAI","article_publisher":"http:\/\/www.facebook.com\/pages\/TV-Uai-Comunica%c3%a7%c3%a3o\/139062546157369","article_published_time":"2024-02-02T20:18:30+00:00","article_modified_time":"2024-02-20T19:01:24+00:00","og_image":[{"width":200,"height":200,"url":"https:\/\/www.tvuai.com.br\/portal\/wp-content\/uploads\/2024\/02\/Leoni0.jpg","type":"image\/jpeg"}],"author":"tvuai","twitter_card":"summary_large_image","twitter_creator":"@tvuai","twitter_site":"@tvuai","twitter_misc":{"Escrito por":"tvuai","Est. tempo de leitura":"3 minutos"},"schema":{"@context":"https:\/\/schema.org","@graph":[{"@type":"Article","@id":"https:\/\/www.tvuai.com.br\/portal\/leoni-fara-show-em-monte-verde-no-final-de-abril\/#article","isPartOf":{"@id":"https:\/\/www.tvuai.com.br\/portal\/leoni-fara-show-em-monte-verde-no-final-de-abril\/"},"author":{"name":"tvuai","@id":"https:\/\/www.tvuai.com.br\/portal\/#\/schema\/person\/245e50e9127451fd0b7fd76f519ebbfe"},"headline":"Leoni far\u00e1 show em Monte Verde no final de abril","datePublished":"2024-02-02T20:18:30+00:00","dateModified":"2024-02-20T19:01:24+00:00","mainEntityOfPage":{"@id":"https:\/\/www.tvuai.com.br\/portal\/leoni-fara-show-em-monte-verde-no-final-de-abril\/"},"wordCount":323,"publisher":{"@id":"https:\/\/www.tvuai.com.br\/portal\/#organization"},"image":{"@id":"https:\/\/www.tvuai.com.br\/portal\/leoni-fara-show-em-monte-verde-no-final-de-abril\/#primaryimage"},"thumbnailUrl":"https:\/\/i0.wp.com\/www.tvuai.com.br\/portal\/wp-content\/uploads\/2024\/02\/Leoni0.jpg?fit=200%2C200&ssl=1","keywords":["\u00c1ustria Hotel","Camanducaia","Clube de Desbravadores de Monte Verde","Google","Google news","L6","Leoni","L\u00facio Fl\u00e1vio (voz e viol\u00e3o)","Minas Gerais","Monte Verde","Monte Verde Visitors Bureau","Rodrigo Calixto (bateria)","Romulo Ozolio (baixo).","Sul de Minas","Sympla","Thiago Barrez (guitarra e voz)","TV Uai","TV UAI 23 anos","TV UAI 23 anos com voc\u00ea","TV UAI Pouso Alegre","Visit Monte Verde"],"articleSection":["Arte","Entretenimento","Not\u00edcias","\u00daltimas Not\u00edcias"],"inLanguage":"pt-BR"},{"@type":"WebPage","@id":"https:\/\/www.tvuai.com.br\/portal\/leoni-fara-show-em-monte-verde-no-final-de-abril\/","url":"https:\/\/www.tvuai.com.br\/portal\/leoni-fara-show-em-monte-verde-no-final-de-abril\/","name":"Leoni far\u00e1 show em Monte Verde no final de abril - TVUAI","isPartOf":{"@id":"https:\/\/www.tvuai.com.br\/portal\/#website"},"primaryImageOfPage":{"@id":"https:\/\/www.tvuai.com.br\/portal\/leoni-fara-show-em-monte-verde-no-final-de-abril\/#primaryimage"},"image":{"@id":"https:\/\/www.tvuai.com.br\/portal\/leoni-fara-show-em-monte-verde-no-final-de-abril\/#primaryimage"},"thumbnailUrl":"https:\/\/i0.wp.com\/www.tvuai.com.br\/portal\/wp-content\/uploads\/2024\/02\/Leoni0.jpg?fit=200%2C200&ssl=1","datePublished":"2024-02-02T20:18:30+00:00","dateModified":"2024-02-20T19:01:24+00:00","breadcrumb":{"@id":"https:\/\/www.tvuai.com.br\/portal\/leoni-fara-show-em-monte-verde-no-final-de-abril\/#breadcrumb"},"inLanguage":"pt-BR","potentialAction":[{"@type":"ReadAction","target":["https:\/\/www.tvuai.com.br\/portal\/leoni-fara-show-em-monte-verde-no-final-de-abril\/"]}]},{"@type":"ImageObject","inLanguage":"pt-BR","@id":"https:\/\/www.tvuai.com.br\/portal\/leoni-fara-show-em-monte-verde-no-final-de-abril\/#primaryimage","url":"https:\/\/i0.wp.com\/www.tvuai.com.br\/portal\/wp-content\/uploads\/2024\/02\/Leoni0.jpg?fit=200%2C200&ssl=1","contentUrl":"https:\/\/i0.wp.com\/www.tvuai.com.br\/portal\/wp-content\/uploads\/2024\/02\/Leoni0.jpg?fit=200%2C200&ssl=1","width":200,"height":200},{"@type":"BreadcrumbList","@id":"https:\/\/www.tvuai.com.br\/portal\/leoni-fara-show-em-monte-verde-no-final-de-abril\/#breadcrumb","itemListElement":[{"@type":"ListItem","position":1,"name":"In\u00edcio","item":"https:\/\/www.tvuai.com.br\/portal\/"},{"@type":"ListItem","position":2,"name":"Leoni far\u00e1 show em Monte Verde no final de abril"}]},{"@type":"WebSite","@id":"https:\/\/www.tvuai.com.br\/portal\/#website","url":"https:\/\/www.tvuai.com.br\/portal\/","name":"TVUAI","description":"Tudo sobre o Sul de Minas","publisher":{"@id":"https:\/\/www.tvuai.com.br\/portal\/#organization"},"potentialAction":[{"@type":"SearchAction","target":{"@type":"EntryPoint","urlTemplate":"https:\/\/www.tvuai.com.br\/portal\/?s={search_term_string}"},"query-input":{"@type":"PropertyValueSpecification","valueRequired":true,"valueName":"search_term_string"}}],"inLanguage":"pt-BR"},{"@type":"Organization","@id":"https:\/\/www.tvuai.com.br\/portal\/#organization","name":"TVUAI","url":"https:\/\/www.tvuai.com.br\/portal\/","logo":{"@type":"ImageObject","inLanguage":"pt-BR","@id":"https:\/\/www.tvuai.com.br\/portal\/#\/schema\/logo\/image\/","url":"https:\/\/i0.wp.com\/www.tvuai.com.br\/portal\/wp-content\/uploads\/2017\/12\/logo_tvuai_100H.png?fit=207%2C100&ssl=1","contentUrl":"https:\/\/i0.wp.com\/www.tvuai.com.br\/portal\/wp-content\/uploads\/2017\/12\/logo_tvuai_100H.png?fit=207%2C100&ssl=1","width":207,"height":100,"caption":"TVUAI"},"image":{"@id":"https:\/\/www.tvuai.com.br\/portal\/#\/schema\/logo\/image\/"},"sameAs":["http:\/\/www.facebook.com\/pages\/TV-Uai-Comunica\u00e7\u00e3o\/139062546157369","https:\/\/x.com\/tvuai","https:\/\/www.instagram.com\/tvuai_network\/","https:\/\/www.youtube.com\/channel\/UCB7ZPB3wRv-OpoZ_09jmnkQ"]},{"@type":"Person","@id":"https:\/\/www.tvuai.com.br\/portal\/#\/schema\/person\/245e50e9127451fd0b7fd76f519ebbfe","name":"tvuai","url":"https:\/\/www.tvuai.com.br\/portal\/author\/tvuai\/"}]}},"jetpack_featured_media_url":"https:\/\/i0.wp.com\/www.tvuai.com.br\/portal\/wp-content\/uploads\/2024\/02\/Leoni0.jpg?fit=200%2C200&ssl=1","wpmagazine_modules_lite_featured_media_urls":{"thumbnail":["https:\/\/i0.wp.com\/www.tvuai.com.br\/portal\/wp-content\/uploads\/2024\/02\/Leoni0.jpg?resize=150%2C150&ssl=1",150,150,true],"cvmm-medium":["https:\/\/i0.wp.com\/www.tvuai.com.br\/portal\/wp-content\/uploads\/2024\/02\/Leoni0.jpg?resize=200%2C200&ssl=1",200,200,true],"cvmm-medium-plus":["https:\/\/i0.wp.com\/www.tvuai.com.br\/portal\/wp-content\/uploads\/2024\/02\/Leoni0.jpg?resize=200%2C200&ssl=1",200,200,true],"cvmm-portrait":["https:\/\/i0.wp.com\/www.tvuai.com.br\/portal\/wp-content\/uploads\/2024\/02\/Leoni0.jpg?resize=200%2C200&ssl=1",200,200,true],"cvmm-medium-square":["https:\/\/i0.wp.com\/www.tvuai.com.br\/portal\/wp-content\/uploads\/2024\/02\/Leoni0.jpg?resize=200%2C200&ssl=1",200,200,true],"cvmm-large":["https:\/\/i0.wp.com\/www.tvuai.com.br\/portal\/wp-content\/uploads\/2024\/02\/Leoni0.jpg?resize=200%2C200&ssl=1",200,200,true],"cvmm-small":["https:\/\/i0.wp.com\/www.tvuai.com.br\/portal\/wp-content\/uploads\/2024\/02\/Leoni0.jpg?resize=130%2C95&ssl=1",130,95,true],"full":["https:\/\/i0.wp.com\/www.tvuai.com.br\/portal\/wp-content\/uploads\/2024\/02\/Leoni0.jpg?fit=200%2C200&ssl=1",200,200,false]},"categories_names":{"1816":{"name":"Arte","link":"https:\/\/www.tvuai.com.br\/portal\/category\/arte\/"},"20":{"name":"Entretenimento","link":"https:\/\/www.tvuai.com.br\/portal\/category\/entretenimento\/"},"19":{"name":"Not\u00edcias","link":"https:\/\/www.tvuai.com.br\/portal\/category\/noticias\/"},"5":{"name":"\u00daltimas Not\u00edcias","link":"https:\/\/www.tvuai.com.br\/portal\/category\/noticias\/ultimas\/"}},"tags_names":{"2706":{"name":"\u00c1ustria Hotel","link":"https:\/\/www.tvuai.com.br\/portal\/tag\/austria-hotel\/"},"765":{"name":"Camanducaia","link":"https:\/\/www.tvuai.com.br\/portal\/tag\/camanducaia\/"},"2707":{"name":"Clube de Desbravadores de Monte Verde","link":"https:\/\/www.tvuai.com.br\/portal\/tag\/clube-de-desbravadores-de-monte-verde\/"},"242":{"name":"Google","link":"https:\/\/www.tvuai.com.br\/portal\/tag\/google\/"},"2578":{"name":"Google news","link":"https:\/\/www.tvuai.com.br\/portal\/tag\/google-news\/"},"2699":{"name":"L6","link":"https:\/\/www.tvuai.com.br\/portal\/tag\/l6\/"},"2700":{"name":"Leoni","link":"https:\/\/www.tvuai.com.br\/portal\/tag\/leoni\/"},"2701":{"name":"L\u00facio Fl\u00e1vio (voz e viol\u00e3o)","link":"https:\/\/www.tvuai.com.br\/portal\/tag\/lucio-flavio-voz-e-violao\/"},"184":{"name":"Minas Gerais","link":"https:\/\/www.tvuai.com.br\/portal\/tag\/minas-gerais\/"},"764":{"name":"Monte Verde","link":"https:\/\/www.tvuai.com.br\/portal\/tag\/monte-verde\/"},"2709":{"name":"Monte Verde Visitors Bureau","link":"https:\/\/www.tvuai.com.br\/portal\/tag\/monte-verde-visitors-bureau\/"},"2703":{"name":"Rodrigo Calixto (bateria)","link":"https:\/\/www.tvuai.com.br\/portal\/tag\/rodrigo-calixto-bateria\/"},"2704":{"name":"Romulo Ozolio (baixo).","link":"https:\/\/www.tvuai.com.br\/portal\/tag\/romulo-ozolio-baixo\/"},"39":{"name":"Sul de Minas","link":"https:\/\/www.tvuai.com.br\/portal\/tag\/sul-de-minas\/"},"2705":{"name":"Sympla","link":"https:\/\/www.tvuai.com.br\/portal\/tag\/sympla\/"},"2702":{"name":"Thiago Barrez (guitarra e voz)","link":"https:\/\/www.tvuai.com.br\/portal\/tag\/thiago-barrez-guitarra-e-voz\/"},"27":{"name":"TV Uai","link":"https:\/\/www.tvuai.com.br\/portal\/tag\/tv-uai\/"},"1620":{"name":"TV UAI 23 anos","link":"https:\/\/www.tvuai.com.br\/portal\/tag\/tv-uai-23-anos\/"},"1619":{"name":"TV UAI 23 anos com voc\u00ea","link":"https:\/\/www.tvuai.com.br\/portal\/tag\/tv-uai-23-anos-com-voce\/"},"1618":{"name":"TV UAI Pouso Alegre","link":"https:\/\/www.tvuai.com.br\/portal\/tag\/tv-uai-pouso-alegre\/"},"2708":{"name":"Visit Monte Verde","link":"https:\/\/www.tvuai.com.br\/portal\/tag\/visit-monte-verde\/"}},"comments_number":"0","jetpack_shortlink":"https:\/\/wp.me\/p9woix-22N","jetpack_sharing_enabled":true,"_links":{"self":[{"href":"https:\/\/www.tvuai.com.br\/portal\/wp-json\/wp\/v2\/posts\/7861"}],"collection":[{"href":"https:\/\/www.tvuai.com.br\/portal\/wp-json\/wp\/v2\/posts"}],"about":[{"href":"https:\/\/www.tvuai.com.br\/portal\/wp-json\/wp\/v2\/types\/post"}],"author":[{"embeddable":true,"href":"https:\/\/www.tvuai.com.br\/portal\/wp-json\/wp\/v2\/users\/1"}],"replies":[{"embeddable":true,"href":"https:\/\/www.tvuai.com.br\/portal\/wp-json\/wp\/v2\/comments?post=7861"}],"version-history":[{"count":3,"href":"https:\/\/www.tvuai.com.br\/portal\/wp-json\/wp\/v2\/posts\/7861\/revisions"}],"predecessor-version":[{"id":7876,"href":"https:\/\/www.tvuai.com.br\/portal\/wp-json\/wp\/v2\/posts\/7861\/revisions\/7876"}],"wp:featuredmedia":[{"embeddable":true,"href":"https:\/\/www.tvuai.com.br\/portal\/wp-json\/wp\/v2\/media\/7875"}],"wp:attachment":[{"href":"https:\/\/www.tvuai.com.br\/portal\/wp-json\/wp\/v2\/media?parent=7861"}],"wp:term":[{"taxonomy":"category","embeddable":true,"href":"https:\/\/www.tvuai.com.br\/portal\/wp-json\/wp\/v2\/categories?post=7861"},{"taxonomy":"post_tag","embeddable":true,"href":"https:\/\/www.tvuai.com.br\/portal\/wp-json\/wp\/v2\/tags?post=7861"}],"curies":[{"name":"wp","href":"https:\/\/api.w.org\/{rel}","templated":true}]}}