{"id":7692,"date":"2024-01-18T18:02:47","date_gmt":"2024-01-18T21:02:47","guid":{"rendered":"https:\/\/www.tvuai.com.br\/portal\/?p=7692"},"modified":"2024-01-26T11:36:07","modified_gmt":"2024-01-26T14:36:07","slug":"pouso-alegre-merece-o-retorno-da-guarda-municipal-e-muralha-digital-para-fortalecer-a-seguranca-publica","status":"publish","type":"post","link":"https:\/\/www.tvuai.com.br\/portal\/pouso-alegre-merece-o-retorno-da-guarda-municipal-e-muralha-digital-para-fortalecer-a-seguranca-publica\/","title":{"rendered":"Pouso Alegre merece o retorno da Guarda Municipal e Muralha Digital para fortalecer a seguran\u00e7a p\u00fablica"},"content":{"rendered":"<div class=\"5a1038e0903b96d426fcfcc338703013\" data-index=\"1\" style=\"float: right; margin:10px 0 10px 10px;\">\n<script async src=\"https:\/\/pagead2.googlesyndication.com\/pagead\/js\/adsbygoogle.js?client=ca-pub-9945944833605257\"\r\n     crossorigin=\"anonymous\"><\/script>\r\n<ins class=\"adsbygoogle\"\r\n     style=\"display:block; text-align:center;\"\r\n     data-ad-layout=\"in-article\"\r\n     data-ad-format=\"fluid\"\r\n     data-ad-client=\"ca-pub-9945944833605257\"\r\n     data-ad-slot=\"2343923581\"><\/ins>\r\n<script>\r\n     (adsbygoogle = window.adsbygoogle || []).push({});\r\n<\/script>\n<\/div>\n<p><img data-recalc-dims=\"1\" fetchpriority=\"high\" decoding=\"async\" data-attachment-id=\"7708\" data-permalink=\"https:\/\/www.tvuai.com.br\/portal\/pouso-alegre-merece-o-retorno-da-guarda-municipal-e-muralha-digital-para-fortalecer-a-seguranca-publica\/guarda1\/\" data-orig-file=\"https:\/\/i0.wp.com\/www.tvuai.com.br\/portal\/wp-content\/uploads\/2024\/01\/guarda1.jpg?fit=1500%2C953&amp;ssl=1\" data-orig-size=\"1500,953\" data-comments-opened=\"0\" data-image-meta=\"{&quot;aperture&quot;:&quot;0&quot;,&quot;credit&quot;:&quot;&quot;,&quot;camera&quot;:&quot;&quot;,&quot;caption&quot;:&quot;&quot;,&quot;created_timestamp&quot;:&quot;0&quot;,&quot;copyright&quot;:&quot;&quot;,&quot;focal_length&quot;:&quot;0&quot;,&quot;iso&quot;:&quot;0&quot;,&quot;shutter_speed&quot;:&quot;0&quot;,&quot;title&quot;:&quot;&quot;,&quot;orientation&quot;:&quot;1&quot;}\" data-image-title=\"guarda1\" data-image-description=\"\" data-image-caption=\"\" data-medium-file=\"https:\/\/i0.wp.com\/www.tvuai.com.br\/portal\/wp-content\/uploads\/2024\/01\/guarda1.jpg?fit=300%2C191&amp;ssl=1\" data-large-file=\"https:\/\/i0.wp.com\/www.tvuai.com.br\/portal\/wp-content\/uploads\/2024\/01\/guarda1.jpg?fit=640%2C407&amp;ssl=1\" tabindex=\"0\" role=\"button\" class=\"aligncenter size-medium wp-image-7708\" src=\"https:\/\/i0.wp.com\/www.tvuai.com.br\/portal\/wp-content\/uploads\/2024\/01\/guarda1.jpg?resize=300%2C191&#038;ssl=1\" alt=\"\" width=\"300\" height=\"191\" srcset=\"https:\/\/i0.wp.com\/www.tvuai.com.br\/portal\/wp-content\/uploads\/2024\/01\/guarda1.jpg?resize=300%2C191&amp;ssl=1 300w, https:\/\/i0.wp.com\/www.tvuai.com.br\/portal\/wp-content\/uploads\/2024\/01\/guarda1.jpg?resize=1024%2C651&amp;ssl=1 1024w, https:\/\/i0.wp.com\/www.tvuai.com.br\/portal\/wp-content\/uploads\/2024\/01\/guarda1.jpg?resize=768%2C488&amp;ssl=1 768w, https:\/\/i0.wp.com\/www.tvuai.com.br\/portal\/wp-content\/uploads\/2024\/01\/guarda1.jpg?resize=600%2C381&amp;ssl=1 600w, https:\/\/i0.wp.com\/www.tvuai.com.br\/portal\/wp-content\/uploads\/2024\/01\/guarda1.jpg?w=1500&amp;ssl=1 1500w, https:\/\/i0.wp.com\/www.tvuai.com.br\/portal\/wp-content\/uploads\/2024\/01\/guarda1.jpg?w=1280&amp;ssl=1 1280w\" sizes=\"(max-width: 300px) 100vw, 300px\" \/>Pesquisas recentes sobre a maior necessidade da popula\u00e7\u00e3o revela um fato novo e pontual. Embora a estrutura policial esteja inteiramente voltada \u00e0 repress\u00e3o policial, parte significativa dos pedidos de assist\u00eancia referem-se a pequenos conflitos. Hoje \u00e9 fato conhecido que a pol\u00edcia, mesmo em contexto de alta criminalidade, chega a consumir 80% de seu tempo com quest\u00f5es como excesso de ru\u00eddo, desentendimento entre vizinhos ou casais, dist\u00farbios causados por pessoas alcoolizadas ou portadoras de doen\u00e7as especiais, problemas de tr\u00e2nsito, vandalismo, condutas ofensivas \u00e0 moral, uso indevido do espa\u00e7o p\u00fablico e at\u00e9 mesmo de servi\u00e7os de assist\u00eancia social, como partos ou remo\u00e7\u00e3o de moradores de rua.<\/p>\n<p>Pouso Alegre j\u00e1 teve uma guarda municipal que, inicialmente, transcendeu sua fun\u00e7\u00e3o de mera corpora\u00e7\u00e3o transformando-se em uma entidade solid\u00e1ria e din\u00e2mica, capaz de oferecer atendimento de excel\u00eancia em diversas \u00e1reas para a popula\u00e7\u00e3o. Seu papel foi al\u00e9m da seguran\u00e7a abra\u00e7ando a\u00e7\u00f5es que proporcionaram benef\u00edcios \u00e0 comunidade por meio de ideias simples e com custos praticamente insignificantes quando comparados \u00e0 guarda privada contratada pelo ex-prefeito Rafael Sim\u00f5es que extinguiu a guarda municipal de Pouso Alegre.<\/p>\n<p><img data-recalc-dims=\"1\" decoding=\"async\" data-attachment-id=\"7709\" data-permalink=\"https:\/\/www.tvuai.com.br\/portal\/pouso-alegre-merece-o-retorno-da-guarda-municipal-e-muralha-digital-para-fortalecer-a-seguranca-publica\/guarda2\/\" data-orig-file=\"https:\/\/i0.wp.com\/www.tvuai.com.br\/portal\/wp-content\/uploads\/2024\/01\/guarda2.jpg?fit=984%2C517&amp;ssl=1\" data-orig-size=\"984,517\" data-comments-opened=\"0\" data-image-meta=\"{&quot;aperture&quot;:&quot;0&quot;,&quot;credit&quot;:&quot;&quot;,&quot;camera&quot;:&quot;&quot;,&quot;caption&quot;:&quot;&quot;,&quot;created_timestamp&quot;:&quot;0&quot;,&quot;copyright&quot;:&quot;&quot;,&quot;focal_length&quot;:&quot;0&quot;,&quot;iso&quot;:&quot;0&quot;,&quot;shutter_speed&quot;:&quot;0&quot;,&quot;title&quot;:&quot;&quot;,&quot;orientation&quot;:&quot;1&quot;}\" data-image-title=\"guarda2\" data-image-description=\"\" data-image-caption=\"\" data-medium-file=\"https:\/\/i0.wp.com\/www.tvuai.com.br\/portal\/wp-content\/uploads\/2024\/01\/guarda2.jpg?fit=300%2C158&amp;ssl=1\" data-large-file=\"https:\/\/i0.wp.com\/www.tvuai.com.br\/portal\/wp-content\/uploads\/2024\/01\/guarda2.jpg?fit=640%2C336&amp;ssl=1\" tabindex=\"0\" role=\"button\" class=\"size-medium wp-image-7709 alignright\" src=\"https:\/\/i0.wp.com\/www.tvuai.com.br\/portal\/wp-content\/uploads\/2024\/01\/guarda2.jpg?resize=300%2C158&#038;ssl=1\" alt=\"\" width=\"300\" height=\"158\" srcset=\"https:\/\/i0.wp.com\/www.tvuai.com.br\/portal\/wp-content\/uploads\/2024\/01\/guarda2.jpg?resize=300%2C158&amp;ssl=1 300w, https:\/\/i0.wp.com\/www.tvuai.com.br\/portal\/wp-content\/uploads\/2024\/01\/guarda2.jpg?resize=768%2C404&amp;ssl=1 768w, https:\/\/i0.wp.com\/www.tvuai.com.br\/portal\/wp-content\/uploads\/2024\/01\/guarda2.jpg?resize=600%2C315&amp;ssl=1 600w, https:\/\/i0.wp.com\/www.tvuai.com.br\/portal\/wp-content\/uploads\/2024\/01\/guarda2.jpg?w=984&amp;ssl=1 984w\" sizes=\"(max-width: 300px) 100vw, 300px\" \/>A Guarda Municipal foi extinta pelo ex-prefeito Rafael Sim\u00f5es sob a alega\u00e7\u00e3o que seus membros estavam envelhecidos, \u00e0 beira da aposentadoria, sem condi\u00e7\u00f5es f\u00edsicas para o dinamismo necess\u00e1rio a uma guarda e que era necess\u00e1rio enxugar a m\u00e1quina p\u00fablica. O que poderia ser revigorado com a contrata\u00e7\u00e3o &#8211; e futuro concurso p\u00fablico -dos jovens que servem \u00e0s For\u00e7as Armadas e saem do quartel em busca um emprego; ou at\u00e9 mesmo jovens oriundos do Col\u00e9gio Tiradentes da Pol\u00edcia Militar de Minas Gerais em Pouso Alegre.<\/p>\n<p>Em um contexto em que a criminalidade n\u00e3o se resolve apenas pela seguran\u00e7a p\u00fablica, a Guarda Municipal emerge como uma institui\u00e7\u00e3o capaz de fornecer pronto atendimento imediato \u00e0s necessidades locais, representando uma das poucas entidades municipais presentes, diuturnamente, em todos os bairros. A sua atua\u00e7\u00e3o abrange desde leve repress\u00e3o policial at\u00e9 a\u00e7\u00f5es ressocializantes, contribuindo de maneira significativa para a comunidade em diferentes tipos de atendimentos.<\/p>\n<p>Em meio ao aumento alarmante da criminalidade em Pouso Alegre, a quest\u00e3o reside n\u00e3o na inadequa\u00e7\u00e3o de um poss\u00edvel retorno da Guarda Municipal, mas nas lacunas deixadas por institui\u00e7\u00f5es diante das necessidades b\u00e1sicas da comunidade. Por sua pr\u00f3pria singularidade, as for\u00e7as policiais t\u00eam adotado uma abordagem mais profissional, com policiais civis e militares trabalhando em conjunto no combate ao crime enfatizando a import\u00e2ncia da atua\u00e7\u00e3o coordenada das institui\u00e7\u00f5es p\u00fablicas. E nas v\u00e1rias cidades onde a Guarda Municipal atua, por sua conex\u00e3o direta com a comunidade proporciona uma compreens\u00e3o \u00edntima das caracter\u00edsticas espec\u00edficas de cada bairro, \u00e9 um ponto de apoio substancial para as pol\u00edcias de seguran\u00e7a p\u00fablica.<\/p>\n<p>\u00c9 crucial compreender que o retorno da Guarda Municipal em Pouso Alegre n\u00e3o se limitaria \u00e0 seguran\u00e7a p\u00fablica nos moldes do regime militar, mas sim atuando tamb\u00e9m na defesa social, englobando uma parcela significativa da presta\u00e7\u00e3o de servi\u00e7os \u00e0 comunidade. A defesa social, entendida como uma a\u00e7\u00e3o de prote\u00e7\u00e3o e preven\u00e7\u00e3o, vai al\u00e9m do direito penal, buscando se adaptar \u00e0 evolu\u00e7\u00e3o da sociedade.<\/p>\n<p>\u00c9 imperativo que o prefeito de Pouso Alegre, Cel. Dimas, reveja, com urg\u00eancia, a abordagem atual diante das demandas sociais, reconhecendo o papel essencial desempenhado pela Guarda Municipal na promo\u00e7\u00e3o da seguran\u00e7a e defesa social criando condi\u00e7\u00f5es para o retorno \u00e0 a\u00e7\u00e3o da Guarda Municipal de Pouso Alegre.<\/p>\n<h3 style=\"text-align: center;\"><strong>Muralha Digital<\/strong><\/h3>\n<p>O retorno do &#8220;Olho Vivo&#8221; foi tamb\u00e9m uma das reivindica\u00e7\u00f5es de Pouso Alegre que est\u00e1 sendo atendida pelo prefeito de Pouso Alegre, Cel. Dimas, com a contrata\u00e7\u00e3o de uma empresa especializada na presta\u00e7\u00e3o de servi\u00e7os de loca\u00e7\u00e3o de sistema integrado de monitoramento e coleta de placas veiculares. O projeto, conhecido como &#8220;Olho Vivo&#8221;, visa atender \u00e0 demanda crescente do munic\u00edpio, cobrindo n\u00e3o apenas a zona urbana, mas tamb\u00e9m \u00e1reas rurais e distritos.<\/p>\n<p>O que hoje \u00e9 chamado de muralha digital, em a\u00e7\u00e3o em grandes e m\u00e9dias cidades, \u00e9 composta por um sistema de c\u00e2meras de vigil\u00e2ncia que cobrem v\u00e1rios locais com grande circula\u00e7\u00e3o de pessoas, como pra\u00e7as, principais avenidas, entradas e sa\u00eddas da cidade, eixos comerciais da \u00e1rea central, da periferia e da zona rural. Al\u00e9m das c\u00e2meras, o sistema tamb\u00e9m poder\u00e1 ser ligado aos radares de tr\u00e2nsito.<\/p>\n<p>O videomonitoramento realizado pela muralha digital, cercando cidades, mostrou-se eficiente para ajudar na preven\u00e7\u00e3o de crimes . Nas cidades onde as c\u00e2meras est\u00e3o presentes, foi registrada uma redu\u00e7\u00e3o de 40% na criminalidade, de acordo com estat\u00edsticas das Prefeituras.<\/p>\n<p>O prefeito Cel Dimas, militar de carreira, destacou a import\u00e2ncia dessa iniciativa como parte dos esfor\u00e7os cont\u00ednuos para refor\u00e7ar a seguran\u00e7a p\u00fablica em Pouso Alegre. \u201cA parceria estreita com a Pol\u00edcia Militar refor\u00e7a o compromisso conjunto de manter um ambiente seguro e protegido para todos os cidad\u00e3os. Com o r\u00e1pido crescimento da cidade e o aumento do volume de ve\u00edculos, \u00e9 muito importante refor\u00e7ar o uso de tecnologias modernas para monitorar e gerenciar o tr\u00e2nsito de maneira mais eficaz. O sistema de c\u00e2meras proposto permitir\u00e1 o acompanhamento simult\u00e2neo de diversos pontos do munic\u00edpio, facilitando a identifica\u00e7\u00e3o de congestionamentos, acidentes e outros eventos relacionados ao tr\u00e2nsito, al\u00e9m disso, desempenhar\u00e3o um papel vital na preven\u00e7\u00e3o de crimes, monitorando atividades suspeitas e colaborando em investiga\u00e7\u00f5es. O investimento em tecnologia avan\u00e7ada representa uma estrat\u00e9gia eficaz para aumentar a efici\u00eancia e a confiabilidade em compara\u00e7\u00e3o com m\u00e9todos tradicionais\u201d, evidenciou.<\/p>\n<h3 style=\"text-align: center;\"><strong>Guarda Municipal foi criada em Pouso Alegre em 1.962 por Jorge Andery<\/strong><\/h3>\n<p>A primeira vez que foi criada uma Guarda Municipal em Pouso Alegre foi em 1.962 pelo ent\u00e3o prefeito Jorge Andery. Ele criou a Guarda Noturna Municipal para vigiar todos os bairros de Pouso Alegre na \u00e9poca.<\/p>\n<p>Em 1990, atrav\u00e9s do artigo 73 da Lei Org\u00e2nica de Pouso Alegre foi formalmente criada a Guarda Municipal revogando a Guarda Noturna Municipal para sua cria\u00e7\u00e3o, regulamentada em 1.991 pela Lei n\u00ba 2.563 assinada pelo prefeito Jair Siqueira.<\/p>\n<p>Em 2019, sob a alega\u00e7\u00e3o de economia, diminui\u00e7\u00e3o de aparato estatal, efici\u00eancia e necessidade de vigil\u00e2ncia armada, o ex-prefeito Rafael Sim\u00f5es enviou \u00e0 C\u00e2mara Municipal de Pouso Alegre projeto de emenda \u00e0 Lei Org\u00e2nica extinguindo a Guarda Municipal. Quatro vereadores votaram contra a extin\u00e7\u00e3o da Guarda: Andr\u00e9 Prado, Campanha, Dr. Edson e Prof.\u00aa Maril\u00e9ia. Os demais vereadores concordaram com a extin\u00e7\u00e3o da Guarda:\u00a0Adelson do Hospital, Adriano da Farm\u00e1cia,\u00a0 Arlindo Motta Paes, Bruno Dias,\u00a0 Dito Barbosa, Leandro Morais, Odair Quincote, Oliveira, Rafael Abol\u00e1fio, Rodrigo Modesto e Wilson Tadeu Lopes.<\/p>\n<p>&nbsp;<\/p>\n<h4 style=\"text-align: center;\"><strong>Para saber mais sobre a hist\u00f3ria da Guarda Municipal de Pouso Alegre, confira os documentos<\/strong><\/h4>\n<p><strong><span style=\"color: #333399;\"><a style=\"color: #333399;\" href=\"https:\/\/www.tvuai.com.br\/portal\/wp-content\/uploads\/2024\/01\/Lei-Ordinaria-no-483-1962.pdf\">Guarda Noturna Municipal criada em 1.962 pelo prefeito Jorge Andery<\/a><\/span><\/strong><\/p>\n<p><strong><span style=\"color: #333399;\"><a style=\"color: #333399;\" href=\"https:\/\/legislacaodigital.com.br\/PousoAlegre-MG\/LeisOrdinarias\/0\">Artigo 73 da Lei Org\u00e2nica criando a Guarda Municipal em 1.990<\/a><\/span><\/strong><\/p>\n<p><strong><span style=\"color: #333399;\"><a style=\"color: #333399;\" href=\"https:\/\/www.tvuai.com.br\/portal\/wp-content\/uploads\/2024\/01\/Lei-Ordinaria-no-2563-1991.pdf\">Lei n\u00ba 2.563 assinada pelo prefeito Jair Siqueira, regulamentando a Guarda Municipal<\/a><\/span><\/strong><\/p>\n<p><strong><a href=\"https:\/\/www.tvuai.com.br\/portal\/wp-content\/uploads\/2024\/01\/LEI-N\u00b0-6.031.-DE-27-DE-FEVEREIRO-DE-2019-extingue-a-guarda.pdf\"><span style=\"color: #333399;\">Lei n\u00ba 6.031 assinada pelo prefeito Rafael Sim\u00f5es extinguindo a Guarda Municipal<\/span><\/a><\/strong><\/p>\n<p><strong><a href=\"https:\/\/www.tvuai.com.br\/portal\/wp-content\/uploads\/2024\/01\/Justificativa-do-ex-prefeito-Rafael-Simoes-para-extinguir-a-guarda-municipal.pdf\"><span style=\"color: #333399;\">Justificativa do prefeito Rafael Sim\u00f5es para extinguir a Guarda Municipal<\/span><\/a><\/strong><\/p>\n<p><span style=\"color: #333399;\"><strong><a style=\"color: #333399;\" href=\"https:\/\/www.tvuai.com.br\/portal\/wp-content\/uploads\/2024\/01\/Ata-4a-Sessao-Extraordinaria-de-2019.pdf\">Ata da Sess\u00e3o Extraordin\u00e1ria da C\u00e2mara Municipal de Pouso Alegre com a vota\u00e7\u00e3o extinguindo a Guarda Municipal<\/a><\/strong><\/span><\/p>\n<p>&nbsp;<\/p>\n\n<div style=\"font-size: 0px; height: 0px; line-height: 0px; margin: 0; padding: 0; clear: both;\"><\/div><div class='share-to-whatsapp-wrapper'><div class='share-on-whsp'>Share on: <\/div><a data-text='Pouso Alegre merece o retorno da Guarda Municipal e Muralha Digital para fortalecer a seguran\u00e7a p\u00fablica' data-link='https:\/\/www.tvuai.com.br\/portal\/pouso-alegre-merece-o-retorno-da-guarda-municipal-e-muralha-digital-para-fortalecer-a-seguranca-publica\/' class='whatsapp-button whatsapp-share'>WhatsApp<\/a><div class='clear '><\/div><\/div><!-- AddThis Advanced Settings generic via filter on the_content --><!-- AddThis Share Buttons generic via filter on the_content -->","protected":false},"excerpt":{"rendered":"<p>Pesquisas recentes sobre a maior necessidade da popula\u00e7\u00e3o revela um fato novo e pontual. Embora a estrutura policial esteja inteiramente voltada \u00e0 repress\u00e3o policial, parte significativa dos pedidos de assist\u00eancia referem-se a pequenos conflitos. Hoje \u00e9 fato conhecido que a pol\u00edcia, mesmo em contexto de alta criminalidade, chega a consumir 80% de seu tempo com [&hellip;]<!-- AddThis Advanced Settings generic via filter on get_the_excerpt --><!-- AddThis Share Buttons generic via filter on get_the_excerpt --><\/p>\n","protected":false},"author":1,"featured_media":7707,"comment_status":"closed","ping_status":"closed","sticky":false,"template":"","format":"standard","meta":{"jetpack_post_was_ever_published":false,"_jetpack_newsletter_access":"","_jetpack_dont_email_post_to_subs":false,"_jetpack_newsletter_tier_id":0,"_jetpack_memberships_contains_paywalled_content":false,"_jetpack_memberships_contains_paid_content":false,"_joinchat":[],"footnotes":"","jetpack_publicize_message":"","jetpack_publicize_feature_enabled":true,"jetpack_social_post_already_shared":true,"jetpack_social_options":{"image_generator_settings":{"template":"highway","enabled":false},"version":2}},"categories":[1642,1843,19,1818,5],"tags":[2553,1753,242,2551,2554,184,2555,37,324,2552,769,39,27,1620,1619,1618],"class_list":["post-7692","post","type-post","status-publish","format-standard","has-post-thumbnail","hentry","category-tecnologia","category-direito","category-noticias","category-politica","category-ultimas","tag-cel-dimas-pouso-alegre","tag-dimas-fonseca","tag-google","tag-guarda-municipal","tag-guarda-municipal-pouso-alegre","tag-minas-gerais","tag-muralha-digital-pouso-alegre","tag-pouso-alegre","tag-prefeito-de-pouso-alegre","tag-prefeito-de-pouso-alegre-cel-dimas","tag-prefeitura-de-pouso-alegre","tag-sul-de-minas","tag-tv-uai","tag-tv-uai-23-anos","tag-tv-uai-23-anos-com-voce","tag-tv-uai-pouso-alegre"],"jetpack_publicize_connections":[],"yoast_head":"<!-- This site is optimized with the Yoast SEO plugin v23.5 - https:\/\/yoast.com\/wordpress\/plugins\/seo\/ -->\n<title>Pouso Alegre merece o retorno da Guarda Municipal e Muralha Digital para fortalecer a seguran\u00e7a p\u00fablica - TVUAI<\/title>\n<meta name=\"robots\" content=\"index, follow, max-snippet:-1, max-image-preview:large, max-video-preview:-1\" \/>\n<link rel=\"canonical\" href=\"https:\/\/www.tvuai.com.br\/portal\/pouso-alegre-merece-o-retorno-da-guarda-municipal-e-muralha-digital-para-fortalecer-a-seguranca-publica\/\" \/>\n<meta property=\"og:locale\" content=\"pt_BR\" \/>\n<meta property=\"og:type\" content=\"article\" \/>\n<meta property=\"og:title\" content=\"Pouso Alegre merece o retorno da Guarda Municipal e Muralha Digital para fortalecer a seguran\u00e7a p\u00fablica - TVUAI\" \/>\n<meta property=\"og:description\" content=\"Pesquisas recentes sobre a maior necessidade da popula\u00e7\u00e3o revela um fato novo e pontual. Embora a estrutura policial esteja inteiramente voltada \u00e0 repress\u00e3o policial, parte significativa dos pedidos de assist\u00eancia referem-se a pequenos conflitos. Hoje \u00e9 fato conhecido que a pol\u00edcia, mesmo em contexto de alta criminalidade, chega a consumir 80% de seu tempo com [&hellip;]\" \/>\n<meta property=\"og:url\" content=\"https:\/\/www.tvuai.com.br\/portal\/pouso-alegre-merece-o-retorno-da-guarda-municipal-e-muralha-digital-para-fortalecer-a-seguranca-publica\/\" \/>\n<meta property=\"og:site_name\" content=\"TVUAI\" \/>\n<meta property=\"article:publisher\" content=\"http:\/\/www.facebook.com\/pages\/TV-Uai-Comunica%c3%a7%c3%a3o\/139062546157369\" \/>\n<meta property=\"article:published_time\" content=\"2024-01-18T21:02:47+00:00\" \/>\n<meta property=\"article:modified_time\" content=\"2024-01-26T14:36:07+00:00\" \/>\n<meta property=\"og:image\" content=\"https:\/\/www.tvuai.com.br\/portal\/wp-content\/uploads\/2024\/01\/guarda0.jpg\" \/>\n\t<meta property=\"og:image:width\" content=\"200\" \/>\n\t<meta property=\"og:image:height\" content=\"200\" \/>\n\t<meta property=\"og:image:type\" content=\"image\/jpeg\" \/>\n<meta name=\"author\" content=\"tvuai\" \/>\n<meta name=\"twitter:card\" content=\"summary_large_image\" \/>\n<meta name=\"twitter:creator\" content=\"@tvuai\" \/>\n<meta name=\"twitter:site\" content=\"@tvuai\" \/>\n<meta name=\"twitter:label1\" content=\"Escrito por\" \/>\n\t<meta name=\"twitter:data1\" content=\"tvuai\" \/>\n\t<meta name=\"twitter:label2\" content=\"Est. tempo de leitura\" \/>\n\t<meta name=\"twitter:data2\" content=\"7 minutos\" \/>\n<script type=\"application\/ld+json\" class=\"yoast-schema-graph\">{\"@context\":\"https:\/\/schema.org\",\"@graph\":[{\"@type\":\"Article\",\"@id\":\"https:\/\/www.tvuai.com.br\/portal\/pouso-alegre-merece-o-retorno-da-guarda-municipal-e-muralha-digital-para-fortalecer-a-seguranca-publica\/#article\",\"isPartOf\":{\"@id\":\"https:\/\/www.tvuai.com.br\/portal\/pouso-alegre-merece-o-retorno-da-guarda-municipal-e-muralha-digital-para-fortalecer-a-seguranca-publica\/\"},\"author\":{\"name\":\"tvuai\",\"@id\":\"https:\/\/www.tvuai.com.br\/portal\/#\/schema\/person\/245e50e9127451fd0b7fd76f519ebbfe\"},\"headline\":\"Pouso Alegre merece o retorno da Guarda Municipal e Muralha Digital para fortalecer a seguran\u00e7a p\u00fablica\",\"datePublished\":\"2024-01-18T21:02:47+00:00\",\"dateModified\":\"2024-01-26T14:36:07+00:00\",\"mainEntityOfPage\":{\"@id\":\"https:\/\/www.tvuai.com.br\/portal\/pouso-alegre-merece-o-retorno-da-guarda-municipal-e-muralha-digital-para-fortalecer-a-seguranca-publica\/\"},\"wordCount\":1276,\"publisher\":{\"@id\":\"https:\/\/www.tvuai.com.br\/portal\/#organization\"},\"image\":{\"@id\":\"https:\/\/www.tvuai.com.br\/portal\/pouso-alegre-merece-o-retorno-da-guarda-municipal-e-muralha-digital-para-fortalecer-a-seguranca-publica\/#primaryimage\"},\"thumbnailUrl\":\"https:\/\/i0.wp.com\/www.tvuai.com.br\/portal\/wp-content\/uploads\/2024\/01\/guarda0.jpg?fit=200%2C200&ssl=1\",\"keywords\":[\"Cel. Dimas Pouso Alegre\",\"Dimas Fonseca\",\"Google\",\"guarda municipal\",\"guarda municipal Pouso Alegre\",\"Minas Gerais\",\"muralha digital Pouso Alegre\",\"Pouso Alegre\",\"prefeito de Pouso Alegre\",\"prefeito de Pouso Alegre Cel. Dimas\",\"Prefeitura de Pouso Alegre\",\"Sul de Minas\",\"TV Uai\",\"TV UAI 23 anos\",\"TV UAI 23 anos com voc\u00ea\",\"TV UAI Pouso Alegre\"],\"articleSection\":[\"Ci\u00eancia e Tecnologia\",\"Direito\",\"Not\u00edcias\",\"Pol\u00edtica\",\"\u00daltimas Not\u00edcias\"],\"inLanguage\":\"pt-BR\"},{\"@type\":\"WebPage\",\"@id\":\"https:\/\/www.tvuai.com.br\/portal\/pouso-alegre-merece-o-retorno-da-guarda-municipal-e-muralha-digital-para-fortalecer-a-seguranca-publica\/\",\"url\":\"https:\/\/www.tvuai.com.br\/portal\/pouso-alegre-merece-o-retorno-da-guarda-municipal-e-muralha-digital-para-fortalecer-a-seguranca-publica\/\",\"name\":\"Pouso Alegre merece o retorno da Guarda Municipal e Muralha Digital para fortalecer a seguran\u00e7a p\u00fablica - TVUAI\",\"isPartOf\":{\"@id\":\"https:\/\/www.tvuai.com.br\/portal\/#website\"},\"primaryImageOfPage\":{\"@id\":\"https:\/\/www.tvuai.com.br\/portal\/pouso-alegre-merece-o-retorno-da-guarda-municipal-e-muralha-digital-para-fortalecer-a-seguranca-publica\/#primaryimage\"},\"image\":{\"@id\":\"https:\/\/www.tvuai.com.br\/portal\/pouso-alegre-merece-o-retorno-da-guarda-municipal-e-muralha-digital-para-fortalecer-a-seguranca-publica\/#primaryimage\"},\"thumbnailUrl\":\"https:\/\/i0.wp.com\/www.tvuai.com.br\/portal\/wp-content\/uploads\/2024\/01\/guarda0.jpg?fit=200%2C200&ssl=1\",\"datePublished\":\"2024-01-18T21:02:47+00:00\",\"dateModified\":\"2024-01-26T14:36:07+00:00\",\"breadcrumb\":{\"@id\":\"https:\/\/www.tvuai.com.br\/portal\/pouso-alegre-merece-o-retorno-da-guarda-municipal-e-muralha-digital-para-fortalecer-a-seguranca-publica\/#breadcrumb\"},\"inLanguage\":\"pt-BR\",\"potentialAction\":[{\"@type\":\"ReadAction\",\"target\":[\"https:\/\/www.tvuai.com.br\/portal\/pouso-alegre-merece-o-retorno-da-guarda-municipal-e-muralha-digital-para-fortalecer-a-seguranca-publica\/\"]}]},{\"@type\":\"ImageObject\",\"inLanguage\":\"pt-BR\",\"@id\":\"https:\/\/www.tvuai.com.br\/portal\/pouso-alegre-merece-o-retorno-da-guarda-municipal-e-muralha-digital-para-fortalecer-a-seguranca-publica\/#primaryimage\",\"url\":\"https:\/\/i0.wp.com\/www.tvuai.com.br\/portal\/wp-content\/uploads\/2024\/01\/guarda0.jpg?fit=200%2C200&ssl=1\",\"contentUrl\":\"https:\/\/i0.wp.com\/www.tvuai.com.br\/portal\/wp-content\/uploads\/2024\/01\/guarda0.jpg?fit=200%2C200&ssl=1\",\"width\":200,\"height\":200},{\"@type\":\"BreadcrumbList\",\"@id\":\"https:\/\/www.tvuai.com.br\/portal\/pouso-alegre-merece-o-retorno-da-guarda-municipal-e-muralha-digital-para-fortalecer-a-seguranca-publica\/#breadcrumb\",\"itemListElement\":[{\"@type\":\"ListItem\",\"position\":1,\"name\":\"In\u00edcio\",\"item\":\"https:\/\/www.tvuai.com.br\/portal\/\"},{\"@type\":\"ListItem\",\"position\":2,\"name\":\"Pouso Alegre merece o retorno da Guarda Municipal e Muralha Digital para fortalecer a seguran\u00e7a p\u00fablica\"}]},{\"@type\":\"WebSite\",\"@id\":\"https:\/\/www.tvuai.com.br\/portal\/#website\",\"url\":\"https:\/\/www.tvuai.com.br\/portal\/\",\"name\":\"TVUAI\",\"description\":\"Tudo sobre o Sul de Minas\",\"publisher\":{\"@id\":\"https:\/\/www.tvuai.com.br\/portal\/#organization\"},\"potentialAction\":[{\"@type\":\"SearchAction\",\"target\":{\"@type\":\"EntryPoint\",\"urlTemplate\":\"https:\/\/www.tvuai.com.br\/portal\/?s={search_term_string}\"},\"query-input\":{\"@type\":\"PropertyValueSpecification\",\"valueRequired\":true,\"valueName\":\"search_term_string\"}}],\"inLanguage\":\"pt-BR\"},{\"@type\":\"Organization\",\"@id\":\"https:\/\/www.tvuai.com.br\/portal\/#organization\",\"name\":\"TVUAI\",\"url\":\"https:\/\/www.tvuai.com.br\/portal\/\",\"logo\":{\"@type\":\"ImageObject\",\"inLanguage\":\"pt-BR\",\"@id\":\"https:\/\/www.tvuai.com.br\/portal\/#\/schema\/logo\/image\/\",\"url\":\"https:\/\/i0.wp.com\/www.tvuai.com.br\/portal\/wp-content\/uploads\/2017\/12\/logo_tvuai_100H.png?fit=207%2C100&ssl=1\",\"contentUrl\":\"https:\/\/i0.wp.com\/www.tvuai.com.br\/portal\/wp-content\/uploads\/2017\/12\/logo_tvuai_100H.png?fit=207%2C100&ssl=1\",\"width\":207,\"height\":100,\"caption\":\"TVUAI\"},\"image\":{\"@id\":\"https:\/\/www.tvuai.com.br\/portal\/#\/schema\/logo\/image\/\"},\"sameAs\":[\"http:\/\/www.facebook.com\/pages\/TV-Uai-Comunica\u00e7\u00e3o\/139062546157369\",\"https:\/\/x.com\/tvuai\",\"https:\/\/www.instagram.com\/tvuai_network\/\",\"https:\/\/www.youtube.com\/channel\/UCB7ZPB3wRv-OpoZ_09jmnkQ\"]},{\"@type\":\"Person\",\"@id\":\"https:\/\/www.tvuai.com.br\/portal\/#\/schema\/person\/245e50e9127451fd0b7fd76f519ebbfe\",\"name\":\"tvuai\",\"url\":\"https:\/\/www.tvuai.com.br\/portal\/author\/tvuai\/\"}]}<\/script>\n<!-- \/ Yoast SEO plugin. -->","yoast_head_json":{"title":"Pouso Alegre merece o retorno da Guarda Municipal e Muralha Digital para fortalecer a seguran\u00e7a p\u00fablica - TVUAI","robots":{"index":"index","follow":"follow","max-snippet":"max-snippet:-1","max-image-preview":"max-image-preview:large","max-video-preview":"max-video-preview:-1"},"canonical":"https:\/\/www.tvuai.com.br\/portal\/pouso-alegre-merece-o-retorno-da-guarda-municipal-e-muralha-digital-para-fortalecer-a-seguranca-publica\/","og_locale":"pt_BR","og_type":"article","og_title":"Pouso Alegre merece o retorno da Guarda Municipal e Muralha Digital para fortalecer a seguran\u00e7a p\u00fablica - TVUAI","og_description":"Pesquisas recentes sobre a maior necessidade da popula\u00e7\u00e3o revela um fato novo e pontual. Embora a estrutura policial esteja inteiramente voltada \u00e0 repress\u00e3o policial, parte significativa dos pedidos de assist\u00eancia referem-se a pequenos conflitos. Hoje \u00e9 fato conhecido que a pol\u00edcia, mesmo em contexto de alta criminalidade, chega a consumir 80% de seu tempo com [&hellip;]","og_url":"https:\/\/www.tvuai.com.br\/portal\/pouso-alegre-merece-o-retorno-da-guarda-municipal-e-muralha-digital-para-fortalecer-a-seguranca-publica\/","og_site_name":"TVUAI","article_publisher":"http:\/\/www.facebook.com\/pages\/TV-Uai-Comunica%c3%a7%c3%a3o\/139062546157369","article_published_time":"2024-01-18T21:02:47+00:00","article_modified_time":"2024-01-26T14:36:07+00:00","og_image":[{"width":200,"height":200,"url":"https:\/\/www.tvuai.com.br\/portal\/wp-content\/uploads\/2024\/01\/guarda0.jpg","type":"image\/jpeg"}],"author":"tvuai","twitter_card":"summary_large_image","twitter_creator":"@tvuai","twitter_site":"@tvuai","twitter_misc":{"Escrito por":"tvuai","Est. tempo de leitura":"7 minutos"},"schema":{"@context":"https:\/\/schema.org","@graph":[{"@type":"Article","@id":"https:\/\/www.tvuai.com.br\/portal\/pouso-alegre-merece-o-retorno-da-guarda-municipal-e-muralha-digital-para-fortalecer-a-seguranca-publica\/#article","isPartOf":{"@id":"https:\/\/www.tvuai.com.br\/portal\/pouso-alegre-merece-o-retorno-da-guarda-municipal-e-muralha-digital-para-fortalecer-a-seguranca-publica\/"},"author":{"name":"tvuai","@id":"https:\/\/www.tvuai.com.br\/portal\/#\/schema\/person\/245e50e9127451fd0b7fd76f519ebbfe"},"headline":"Pouso Alegre merece o retorno da Guarda Municipal e Muralha Digital para fortalecer a seguran\u00e7a p\u00fablica","datePublished":"2024-01-18T21:02:47+00:00","dateModified":"2024-01-26T14:36:07+00:00","mainEntityOfPage":{"@id":"https:\/\/www.tvuai.com.br\/portal\/pouso-alegre-merece-o-retorno-da-guarda-municipal-e-muralha-digital-para-fortalecer-a-seguranca-publica\/"},"wordCount":1276,"publisher":{"@id":"https:\/\/www.tvuai.com.br\/portal\/#organization"},"image":{"@id":"https:\/\/www.tvuai.com.br\/portal\/pouso-alegre-merece-o-retorno-da-guarda-municipal-e-muralha-digital-para-fortalecer-a-seguranca-publica\/#primaryimage"},"thumbnailUrl":"https:\/\/i0.wp.com\/www.tvuai.com.br\/portal\/wp-content\/uploads\/2024\/01\/guarda0.jpg?fit=200%2C200&ssl=1","keywords":["Cel. Dimas Pouso Alegre","Dimas Fonseca","Google","guarda municipal","guarda municipal Pouso Alegre","Minas Gerais","muralha digital Pouso Alegre","Pouso Alegre","prefeito de Pouso Alegre","prefeito de Pouso Alegre Cel. Dimas","Prefeitura de Pouso Alegre","Sul de Minas","TV Uai","TV UAI 23 anos","TV UAI 23 anos com voc\u00ea","TV UAI Pouso Alegre"],"articleSection":["Ci\u00eancia e Tecnologia","Direito","Not\u00edcias","Pol\u00edtica","\u00daltimas Not\u00edcias"],"inLanguage":"pt-BR"},{"@type":"WebPage","@id":"https:\/\/www.tvuai.com.br\/portal\/pouso-alegre-merece-o-retorno-da-guarda-municipal-e-muralha-digital-para-fortalecer-a-seguranca-publica\/","url":"https:\/\/www.tvuai.com.br\/portal\/pouso-alegre-merece-o-retorno-da-guarda-municipal-e-muralha-digital-para-fortalecer-a-seguranca-publica\/","name":"Pouso Alegre merece o retorno da Guarda Municipal e Muralha Digital para fortalecer a seguran\u00e7a p\u00fablica - TVUAI","isPartOf":{"@id":"https:\/\/www.tvuai.com.br\/portal\/#website"},"primaryImageOfPage":{"@id":"https:\/\/www.tvuai.com.br\/portal\/pouso-alegre-merece-o-retorno-da-guarda-municipal-e-muralha-digital-para-fortalecer-a-seguranca-publica\/#primaryimage"},"image":{"@id":"https:\/\/www.tvuai.com.br\/portal\/pouso-alegre-merece-o-retorno-da-guarda-municipal-e-muralha-digital-para-fortalecer-a-seguranca-publica\/#primaryimage"},"thumbnailUrl":"https:\/\/i0.wp.com\/www.tvuai.com.br\/portal\/wp-content\/uploads\/2024\/01\/guarda0.jpg?fit=200%2C200&ssl=1","datePublished":"2024-01-18T21:02:47+00:00","dateModified":"2024-01-26T14:36:07+00:00","breadcrumb":{"@id":"https:\/\/www.tvuai.com.br\/portal\/pouso-alegre-merece-o-retorno-da-guarda-municipal-e-muralha-digital-para-fortalecer-a-seguranca-publica\/#breadcrumb"},"inLanguage":"pt-BR","potentialAction":[{"@type":"ReadAction","target":["https:\/\/www.tvuai.com.br\/portal\/pouso-alegre-merece-o-retorno-da-guarda-municipal-e-muralha-digital-para-fortalecer-a-seguranca-publica\/"]}]},{"@type":"ImageObject","inLanguage":"pt-BR","@id":"https:\/\/www.tvuai.com.br\/portal\/pouso-alegre-merece-o-retorno-da-guarda-municipal-e-muralha-digital-para-fortalecer-a-seguranca-publica\/#primaryimage","url":"https:\/\/i0.wp.com\/www.tvuai.com.br\/portal\/wp-content\/uploads\/2024\/01\/guarda0.jpg?fit=200%2C200&ssl=1","contentUrl":"https:\/\/i0.wp.com\/www.tvuai.com.br\/portal\/wp-content\/uploads\/2024\/01\/guarda0.jpg?fit=200%2C200&ssl=1","width":200,"height":200},{"@type":"BreadcrumbList","@id":"https:\/\/www.tvuai.com.br\/portal\/pouso-alegre-merece-o-retorno-da-guarda-municipal-e-muralha-digital-para-fortalecer-a-seguranca-publica\/#breadcrumb","itemListElement":[{"@type":"ListItem","position":1,"name":"In\u00edcio","item":"https:\/\/www.tvuai.com.br\/portal\/"},{"@type":"ListItem","position":2,"name":"Pouso Alegre merece o retorno da Guarda Municipal e Muralha Digital para fortalecer a seguran\u00e7a p\u00fablica"}]},{"@type":"WebSite","@id":"https:\/\/www.tvuai.com.br\/portal\/#website","url":"https:\/\/www.tvuai.com.br\/portal\/","name":"TVUAI","description":"Tudo sobre o Sul de Minas","publisher":{"@id":"https:\/\/www.tvuai.com.br\/portal\/#organization"},"potentialAction":[{"@type":"SearchAction","target":{"@type":"EntryPoint","urlTemplate":"https:\/\/www.tvuai.com.br\/portal\/?s={search_term_string}"},"query-input":{"@type":"PropertyValueSpecification","valueRequired":true,"valueName":"search_term_string"}}],"inLanguage":"pt-BR"},{"@type":"Organization","@id":"https:\/\/www.tvuai.com.br\/portal\/#organization","name":"TVUAI","url":"https:\/\/www.tvuai.com.br\/portal\/","logo":{"@type":"ImageObject","inLanguage":"pt-BR","@id":"https:\/\/www.tvuai.com.br\/portal\/#\/schema\/logo\/image\/","url":"https:\/\/i0.wp.com\/www.tvuai.com.br\/portal\/wp-content\/uploads\/2017\/12\/logo_tvuai_100H.png?fit=207%2C100&ssl=1","contentUrl":"https:\/\/i0.wp.com\/www.tvuai.com.br\/portal\/wp-content\/uploads\/2017\/12\/logo_tvuai_100H.png?fit=207%2C100&ssl=1","width":207,"height":100,"caption":"TVUAI"},"image":{"@id":"https:\/\/www.tvuai.com.br\/portal\/#\/schema\/logo\/image\/"},"sameAs":["http:\/\/www.facebook.com\/pages\/TV-Uai-Comunica\u00e7\u00e3o\/139062546157369","https:\/\/x.com\/tvuai","https:\/\/www.instagram.com\/tvuai_network\/","https:\/\/www.youtube.com\/channel\/UCB7ZPB3wRv-OpoZ_09jmnkQ"]},{"@type":"Person","@id":"https:\/\/www.tvuai.com.br\/portal\/#\/schema\/person\/245e50e9127451fd0b7fd76f519ebbfe","name":"tvuai","url":"https:\/\/www.tvuai.com.br\/portal\/author\/tvuai\/"}]}},"jetpack_featured_media_url":"https:\/\/i0.wp.com\/www.tvuai.com.br\/portal\/wp-content\/uploads\/2024\/01\/guarda0.jpg?fit=200%2C200&ssl=1","wpmagazine_modules_lite_featured_media_urls":{"thumbnail":["https:\/\/i0.wp.com\/www.tvuai.com.br\/portal\/wp-content\/uploads\/2024\/01\/guarda0.jpg?resize=150%2C150&ssl=1",150,150,true],"cvmm-medium":["https:\/\/i0.wp.com\/www.tvuai.com.br\/portal\/wp-content\/uploads\/2024\/01\/guarda0.jpg?resize=200%2C200&ssl=1",200,200,true],"cvmm-medium-plus":["https:\/\/i0.wp.com\/www.tvuai.com.br\/portal\/wp-content\/uploads\/2024\/01\/guarda0.jpg?resize=200%2C200&ssl=1",200,200,true],"cvmm-portrait":["https:\/\/i0.wp.com\/www.tvuai.com.br\/portal\/wp-content\/uploads\/2024\/01\/guarda0.jpg?resize=200%2C200&ssl=1",200,200,true],"cvmm-medium-square":["https:\/\/i0.wp.com\/www.tvuai.com.br\/portal\/wp-content\/uploads\/2024\/01\/guarda0.jpg?resize=200%2C200&ssl=1",200,200,true],"cvmm-large":["https:\/\/i0.wp.com\/www.tvuai.com.br\/portal\/wp-content\/uploads\/2024\/01\/guarda0.jpg?resize=200%2C200&ssl=1",200,200,true],"cvmm-small":["https:\/\/i0.wp.com\/www.tvuai.com.br\/portal\/wp-content\/uploads\/2024\/01\/guarda0.jpg?resize=130%2C95&ssl=1",130,95,true],"full":["https:\/\/i0.wp.com\/www.tvuai.com.br\/portal\/wp-content\/uploads\/2024\/01\/guarda0.jpg?fit=200%2C200&ssl=1",200,200,false]},"categories_names":{"1642":{"name":"Ci\u00eancia e Tecnologia","link":"https:\/\/www.tvuai.com.br\/portal\/category\/tecnologia\/"},"1843":{"name":"Direito","link":"https:\/\/www.tvuai.com.br\/portal\/category\/direito\/"},"19":{"name":"Not\u00edcias","link":"https:\/\/www.tvuai.com.br\/portal\/category\/noticias\/"},"1818":{"name":"Pol\u00edtica","link":"https:\/\/www.tvuai.com.br\/portal\/category\/politica\/"},"5":{"name":"\u00daltimas Not\u00edcias","link":"https:\/\/www.tvuai.com.br\/portal\/category\/noticias\/ultimas\/"}},"tags_names":{"2553":{"name":"Cel. Dimas Pouso Alegre","link":"https:\/\/www.tvuai.com.br\/portal\/tag\/cel-dimas-pouso-alegre\/"},"1753":{"name":"Dimas Fonseca","link":"https:\/\/www.tvuai.com.br\/portal\/tag\/dimas-fonseca\/"},"242":{"name":"Google","link":"https:\/\/www.tvuai.com.br\/portal\/tag\/google\/"},"2551":{"name":"guarda municipal","link":"https:\/\/www.tvuai.com.br\/portal\/tag\/guarda-municipal\/"},"2554":{"name":"guarda municipal Pouso Alegre","link":"https:\/\/www.tvuai.com.br\/portal\/tag\/guarda-municipal-pouso-alegre\/"},"184":{"name":"Minas Gerais","link":"https:\/\/www.tvuai.com.br\/portal\/tag\/minas-gerais\/"},"2555":{"name":"muralha digital Pouso Alegre","link":"https:\/\/www.tvuai.com.br\/portal\/tag\/muralha-digital-pouso-alegre\/"},"37":{"name":"Pouso Alegre","link":"https:\/\/www.tvuai.com.br\/portal\/tag\/pouso-alegre\/"},"324":{"name":"prefeito de Pouso Alegre","link":"https:\/\/www.tvuai.com.br\/portal\/tag\/prefeito-de-pouso-alegre\/"},"2552":{"name":"prefeito de Pouso Alegre Cel. Dimas","link":"https:\/\/www.tvuai.com.br\/portal\/tag\/prefeito-de-pouso-alegre-cel-dimas\/"},"769":{"name":"Prefeitura de Pouso Alegre","link":"https:\/\/www.tvuai.com.br\/portal\/tag\/prefeitura-de-pouso-alegre\/"},"39":{"name":"Sul de Minas","link":"https:\/\/www.tvuai.com.br\/portal\/tag\/sul-de-minas\/"},"27":{"name":"TV Uai","link":"https:\/\/www.tvuai.com.br\/portal\/tag\/tv-uai\/"},"1620":{"name":"TV UAI 23 anos","link":"https:\/\/www.tvuai.com.br\/portal\/tag\/tv-uai-23-anos\/"},"1619":{"name":"TV UAI 23 anos com voc\u00ea","link":"https:\/\/www.tvuai.com.br\/portal\/tag\/tv-uai-23-anos-com-voce\/"},"1618":{"name":"TV UAI Pouso Alegre","link":"https:\/\/www.tvuai.com.br\/portal\/tag\/tv-uai-pouso-alegre\/"}},"comments_number":"0","jetpack_shortlink":"https:\/\/wp.me\/p9woix-204","jetpack_sharing_enabled":true,"_links":{"self":[{"href":"https:\/\/www.tvuai.com.br\/portal\/wp-json\/wp\/v2\/posts\/7692"}],"collection":[{"href":"https:\/\/www.tvuai.com.br\/portal\/wp-json\/wp\/v2\/posts"}],"about":[{"href":"https:\/\/www.tvuai.com.br\/portal\/wp-json\/wp\/v2\/types\/post"}],"author":[{"embeddable":true,"href":"https:\/\/www.tvuai.com.br\/portal\/wp-json\/wp\/v2\/users\/1"}],"replies":[{"embeddable":true,"href":"https:\/\/www.tvuai.com.br\/portal\/wp-json\/wp\/v2\/comments?post=7692"}],"version-history":[{"count":10,"href":"https:\/\/www.tvuai.com.br\/portal\/wp-json\/wp\/v2\/posts\/7692\/revisions"}],"predecessor-version":[{"id":7712,"href":"https:\/\/www.tvuai.com.br\/portal\/wp-json\/wp\/v2\/posts\/7692\/revisions\/7712"}],"wp:featuredmedia":[{"embeddable":true,"href":"https:\/\/www.tvuai.com.br\/portal\/wp-json\/wp\/v2\/media\/7707"}],"wp:attachment":[{"href":"https:\/\/www.tvuai.com.br\/portal\/wp-json\/wp\/v2\/media?parent=7692"}],"wp:term":[{"taxonomy":"category","embeddable":true,"href":"https:\/\/www.tvuai.com.br\/portal\/wp-json\/wp\/v2\/categories?post=7692"},{"taxonomy":"post_tag","embeddable":true,"href":"https:\/\/www.tvuai.com.br\/portal\/wp-json\/wp\/v2\/tags?post=7692"}],"curies":[{"name":"wp","href":"https:\/\/api.w.org\/{rel}","templated":true}]}}