{"id":7464,"date":"2023-11-25T14:58:50","date_gmt":"2023-11-25T17:58:50","guid":{"rendered":"https:\/\/www.tvuai.com.br\/portal\/?p=7464"},"modified":"2023-11-30T11:56:20","modified_gmt":"2023-11-30T14:56:20","slug":"revitalizacao-do-horto-florestal-e-compromisso-sustentavel-do-prefeito-de-pouso-alegre","status":"publish","type":"post","link":"https:\/\/www.tvuai.com.br\/portal\/revitalizacao-do-horto-florestal-e-compromisso-sustentavel-do-prefeito-de-pouso-alegre\/","title":{"rendered":"Revitaliza\u00e7\u00e3o do Horto Florestal \u00e9 compromisso sustent\u00e1vel do prefeito de Pouso Alegre"},"content":{"rendered":"<div class=\"5a1038e0903b96d426fcfcc338703013\" data-index=\"1\" style=\"float: right; margin:10px 0 10px 10px;\">\n<script async src=\"https:\/\/pagead2.googlesyndication.com\/pagead\/js\/adsbygoogle.js?client=ca-pub-9945944833605257\"\r\n     crossorigin=\"anonymous\"><\/script>\r\n<ins class=\"adsbygoogle\"\r\n     style=\"display:block; text-align:center;\"\r\n     data-ad-layout=\"in-article\"\r\n     data-ad-format=\"fluid\"\r\n     data-ad-client=\"ca-pub-9945944833605257\"\r\n     data-ad-slot=\"2343923581\"><\/ins>\r\n<script>\r\n     (adsbygoogle = window.adsbygoogle || []).push({});\r\n<\/script>\n<\/div>\n<p><img data-recalc-dims=\"1\" fetchpriority=\"high\" decoding=\"async\" data-attachment-id=\"7467\" data-permalink=\"https:\/\/www.tvuai.com.br\/portal\/revitalizacao-do-horto-florestal-e-compromisso-sustentavel-do-prefeito-de-pouso-alegre\/horto1\/\" data-orig-file=\"https:\/\/i0.wp.com\/www.tvuai.com.br\/portal\/wp-content\/uploads\/2023\/11\/horto1.jpg?fit=2000%2C1333&amp;ssl=1\" data-orig-size=\"2000,1333\" data-comments-opened=\"0\" data-image-meta=\"{&quot;aperture&quot;:&quot;0&quot;,&quot;credit&quot;:&quot;&quot;,&quot;camera&quot;:&quot;&quot;,&quot;caption&quot;:&quot;&quot;,&quot;created_timestamp&quot;:&quot;0&quot;,&quot;copyright&quot;:&quot;&quot;,&quot;focal_length&quot;:&quot;0&quot;,&quot;iso&quot;:&quot;0&quot;,&quot;shutter_speed&quot;:&quot;0&quot;,&quot;title&quot;:&quot;&quot;,&quot;orientation&quot;:&quot;0&quot;}\" data-image-title=\"horto1\" data-image-description=\"\" data-image-caption=\"\" data-medium-file=\"https:\/\/i0.wp.com\/www.tvuai.com.br\/portal\/wp-content\/uploads\/2023\/11\/horto1.jpg?fit=300%2C200&amp;ssl=1\" data-large-file=\"https:\/\/i0.wp.com\/www.tvuai.com.br\/portal\/wp-content\/uploads\/2023\/11\/horto1.jpg?fit=640%2C426&amp;ssl=1\" tabindex=\"0\" role=\"button\" class=\"aligncenter size-medium wp-image-7467\" src=\"https:\/\/i0.wp.com\/www.tvuai.com.br\/portal\/wp-content\/uploads\/2023\/11\/horto1.jpg?resize=300%2C200&#038;ssl=1\" alt=\"\" width=\"300\" height=\"200\" srcset=\"https:\/\/i0.wp.com\/www.tvuai.com.br\/portal\/wp-content\/uploads\/2023\/11\/horto1.jpg?resize=300%2C200&amp;ssl=1 300w, https:\/\/i0.wp.com\/www.tvuai.com.br\/portal\/wp-content\/uploads\/2023\/11\/horto1.jpg?resize=1024%2C682&amp;ssl=1 1024w, https:\/\/i0.wp.com\/www.tvuai.com.br\/portal\/wp-content\/uploads\/2023\/11\/horto1.jpg?resize=768%2C512&amp;ssl=1 768w, https:\/\/i0.wp.com\/www.tvuai.com.br\/portal\/wp-content\/uploads\/2023\/11\/horto1.jpg?resize=1536%2C1024&amp;ssl=1 1536w, https:\/\/i0.wp.com\/www.tvuai.com.br\/portal\/wp-content\/uploads\/2023\/11\/horto1.jpg?resize=600%2C400&amp;ssl=1 600w, https:\/\/i0.wp.com\/www.tvuai.com.br\/portal\/wp-content\/uploads\/2023\/11\/horto1.jpg?w=2000&amp;ssl=1 2000w, https:\/\/i0.wp.com\/www.tvuai.com.br\/portal\/wp-content\/uploads\/2023\/11\/horto1.jpg?w=1280&amp;ssl=1 1280w, https:\/\/i0.wp.com\/www.tvuai.com.br\/portal\/wp-content\/uploads\/2023\/11\/horto1.jpg?w=1920&amp;ssl=1 1920w\" sizes=\"(max-width: 300px) 100vw, 300px\" \/>A Prefeitura de Pouso Alegre ir\u00e1 realizar tr\u00eas grandes projetos visando beneficiar toda a popula\u00e7\u00e3o e um deles \u00e9 a revitaliza\u00e7\u00e3o do Parque Natural Municipal Prof. Dr. Fernando Bonillo, mais conhecido como Horto Florestal de Pouso Alegre, tendo em vista que a preserva\u00e7\u00e3o do meio ambiente \u00e9 uma responsabilidade que deve ser compartilhada por todos.<\/p>\n<p>\u201cEstamos sempre investindo pensando em criar um ambiente com melhor qualidade para nossa popula\u00e7\u00e3o e para os visitantes, e nosso Horto Florestal \u00e9 um dos projetos essenciais para que tenhamos um olhar mais sustent\u00e1vel, um maior equil\u00edbrio do ecossistema e cuidado com os recursos naturais que nos rodeiam. Vamos oferecer uma experi\u00eancia enriquecedora, um contato melhor com a natureza e promover a conscientiza\u00e7\u00e3o ecol\u00f3gica e preserva\u00e7\u00e3o da biodiversidade e natureza\u201d, enfatiza o Prefeito Cel Dimas.<\/p>\n<p>O projeto ir\u00e1 atualizar, ampliar, adequar e modernizar os espa\u00e7os existentes e criar novos como a cria\u00e7\u00e3o de um restaurante, a reestrutura\u00e7\u00e3o do orquid\u00e1rio, trilha ecol\u00f3gica, quadras de areia, quiosques no entorno do lago, uma pra\u00e7a de atividades, academia, playground e um centro educacional ambiental. Al\u00e9m disso, ir\u00e1 oferecer mais informa\u00e7\u00f5es aos visitantes com uma comunica\u00e7\u00e3o visual mais din\u00e2mica e aumentar as \u00e1reas de conv\u00edvio.<\/p>\n<p style=\"text-align: center;\"><strong>Horto Florestal<\/strong><\/p>\n<p>O Horto Florestal abrange mais de 204 ha (duzentos e quatro hectares) e fica localizado pr\u00f3ximo a fragmentos de Mata Atl\u00e2ntica totalizando mais quinhentos hectares, sendo rodeado por 94 fragmentos florestais que recobrem a Serra de Santo Ant\u00f4nio, na qual est\u00e1 inserido o Parque.<\/p>\n<p>Nessa regi\u00e3o tamb\u00e9m vive o sagui da serra escuro, uma esp\u00e9cie amea\u00e7ada de extin\u00e7\u00e3o e que se tornou o s\u00edmbolo do projeto para o local, al\u00e9m de in\u00fameras outras esp\u00e9cies protegidas por lei da flora e fauna.<\/p>\n<p style=\"text-align: center;\"><strong>Investimento<\/strong><\/p>\n<p>Pensando em garantir que as futuras gera\u00e7\u00f5es possam desfrutar das belezas do nosso Horto Florestal e compreender o qu\u00e3o \u00e9 importante termos um olhar sustent\u00e1vel, a Prefeitura est\u00e1 investindo mais de 6 milh\u00f5es.<\/p>\n<h6 style=\"text-align: right;\"><em><strong>Com informa\u00e7\u00f5es de Isabela Freitas e foto de Tales Souza<\/strong><\/em><\/h6>\n\n<div style=\"font-size: 0px; height: 0px; line-height: 0px; margin: 0; padding: 0; clear: both;\"><\/div><div class='share-to-whatsapp-wrapper'><div class='share-on-whsp'>Share on: <\/div><a data-text='Revitaliza\u00e7\u00e3o do Horto Florestal \u00e9 compromisso sustent\u00e1vel do prefeito de Pouso Alegre' data-link='https:\/\/www.tvuai.com.br\/portal\/revitalizacao-do-horto-florestal-e-compromisso-sustentavel-do-prefeito-de-pouso-alegre\/' class='whatsapp-button whatsapp-share'>WhatsApp<\/a><div class='clear '><\/div><\/div><!-- AddThis Advanced Settings generic via filter on the_content --><!-- AddThis Share Buttons generic via filter on the_content -->","protected":false},"excerpt":{"rendered":"<p>A Prefeitura de Pouso Alegre ir\u00e1 realizar tr\u00eas grandes projetos visando beneficiar toda a popula\u00e7\u00e3o e um deles \u00e9 a revitaliza\u00e7\u00e3o do Parque Natural Municipal Prof. Dr. Fernando Bonillo, mais conhecido como Horto Florestal de Pouso Alegre, tendo em vista que a preserva\u00e7\u00e3o do meio ambiente \u00e9 uma responsabilidade que deve ser compartilhada por todos. [&hellip;]<!-- AddThis Advanced Settings generic via filter on get_the_excerpt --><!-- AddThis Share Buttons generic via filter on get_the_excerpt --><\/p>\n","protected":false},"author":1,"featured_media":7466,"comment_status":"closed","ping_status":"closed","sticky":false,"template":"","format":"standard","meta":{"jetpack_post_was_ever_published":false,"_jetpack_newsletter_access":"","_jetpack_dont_email_post_to_subs":false,"_jetpack_newsletter_tier_id":0,"_jetpack_memberships_contains_paywalled_content":false,"_jetpack_memberships_contains_paid_content":false,"_joinchat":[],"footnotes":"","jetpack_publicize_message":"","jetpack_publicize_feature_enabled":true,"jetpack_social_post_already_shared":true,"jetpack_social_options":{"image_generator_settings":{"template":"highway","enabled":false},"version":2}},"categories":[20,19,1818,5],"tags":[1753,242,2424,184,2423,37,2425,2426,769,39,27,1620,1619,1618],"class_list":["post-7464","post","type-post","status-publish","format-standard","has-post-thumbnail","hentry","category-entretenimento","category-noticias","category-politica","category-ultimas","tag-dimas-fonseca","tag-google","tag-horto-florestal-de-pouso-alegre","tag-minas-gerais","tag-parque-natural-municipal-prof-dr-fernando-bonillo","tag-pouso-alegre","tag-prefeito-cel-dimas","tag-prefeito-de-pouso-alegree","tag-prefeitura-de-pouso-alegre","tag-sul-de-minas","tag-tv-uai","tag-tv-uai-23-anos","tag-tv-uai-23-anos-com-voce","tag-tv-uai-pouso-alegre"],"jetpack_publicize_connections":[],"yoast_head":"<!-- This site is optimized with the Yoast SEO plugin v23.5 - https:\/\/yoast.com\/wordpress\/plugins\/seo\/ -->\n<title>Revitaliza\u00e7\u00e3o do Horto Florestal \u00e9 compromisso sustent\u00e1vel do prefeito de Pouso Alegre - TVUAI<\/title>\n<meta name=\"robots\" content=\"index, follow, max-snippet:-1, max-image-preview:large, max-video-preview:-1\" \/>\n<link rel=\"canonical\" href=\"https:\/\/www.tvuai.com.br\/portal\/revitalizacao-do-horto-florestal-e-compromisso-sustentavel-do-prefeito-de-pouso-alegre\/\" \/>\n<meta property=\"og:locale\" content=\"pt_BR\" \/>\n<meta property=\"og:type\" content=\"article\" \/>\n<meta property=\"og:title\" content=\"Revitaliza\u00e7\u00e3o do Horto Florestal \u00e9 compromisso sustent\u00e1vel do prefeito de Pouso Alegre - TVUAI\" \/>\n<meta property=\"og:description\" content=\"A Prefeitura de Pouso Alegre ir\u00e1 realizar tr\u00eas grandes projetos visando beneficiar toda a popula\u00e7\u00e3o e um deles \u00e9 a revitaliza\u00e7\u00e3o do Parque Natural Municipal Prof. Dr. Fernando Bonillo, mais conhecido como Horto Florestal de Pouso Alegre, tendo em vista que a preserva\u00e7\u00e3o do meio ambiente \u00e9 uma responsabilidade que deve ser compartilhada por todos. [&hellip;]\" \/>\n<meta property=\"og:url\" content=\"https:\/\/www.tvuai.com.br\/portal\/revitalizacao-do-horto-florestal-e-compromisso-sustentavel-do-prefeito-de-pouso-alegre\/\" \/>\n<meta property=\"og:site_name\" content=\"TVUAI\" \/>\n<meta property=\"article:publisher\" content=\"http:\/\/www.facebook.com\/pages\/TV-Uai-Comunica%c3%a7%c3%a3o\/139062546157369\" \/>\n<meta property=\"article:published_time\" content=\"2023-11-25T17:58:50+00:00\" \/>\n<meta property=\"article:modified_time\" content=\"2023-11-30T14:56:20+00:00\" \/>\n<meta property=\"og:image\" content=\"https:\/\/www.tvuai.com.br\/portal\/wp-content\/uploads\/2023\/11\/horto0.jpg\" \/>\n\t<meta property=\"og:image:width\" content=\"200\" \/>\n\t<meta property=\"og:image:height\" content=\"200\" \/>\n\t<meta property=\"og:image:type\" content=\"image\/jpeg\" \/>\n<meta name=\"author\" content=\"tvuai\" \/>\n<meta name=\"twitter:card\" content=\"summary_large_image\" \/>\n<meta name=\"twitter:creator\" content=\"@tvuai\" \/>\n<meta name=\"twitter:site\" content=\"@tvuai\" \/>\n<meta name=\"twitter:label1\" content=\"Escrito por\" \/>\n\t<meta name=\"twitter:data1\" content=\"tvuai\" \/>\n\t<meta name=\"twitter:label2\" content=\"Est. tempo de leitura\" \/>\n\t<meta name=\"twitter:data2\" content=\"2 minutos\" \/>\n<script type=\"application\/ld+json\" class=\"yoast-schema-graph\">{\"@context\":\"https:\/\/schema.org\",\"@graph\":[{\"@type\":\"Article\",\"@id\":\"https:\/\/www.tvuai.com.br\/portal\/revitalizacao-do-horto-florestal-e-compromisso-sustentavel-do-prefeito-de-pouso-alegre\/#article\",\"isPartOf\":{\"@id\":\"https:\/\/www.tvuai.com.br\/portal\/revitalizacao-do-horto-florestal-e-compromisso-sustentavel-do-prefeito-de-pouso-alegre\/\"},\"author\":{\"name\":\"tvuai\",\"@id\":\"https:\/\/www.tvuai.com.br\/portal\/#\/schema\/person\/245e50e9127451fd0b7fd76f519ebbfe\"},\"headline\":\"Revitaliza\u00e7\u00e3o do Horto Florestal \u00e9 compromisso sustent\u00e1vel do prefeito de Pouso Alegre\",\"datePublished\":\"2023-11-25T17:58:50+00:00\",\"dateModified\":\"2023-11-30T14:56:20+00:00\",\"mainEntityOfPage\":{\"@id\":\"https:\/\/www.tvuai.com.br\/portal\/revitalizacao-do-horto-florestal-e-compromisso-sustentavel-do-prefeito-de-pouso-alegre\/\"},\"wordCount\":367,\"publisher\":{\"@id\":\"https:\/\/www.tvuai.com.br\/portal\/#organization\"},\"image\":{\"@id\":\"https:\/\/www.tvuai.com.br\/portal\/revitalizacao-do-horto-florestal-e-compromisso-sustentavel-do-prefeito-de-pouso-alegre\/#primaryimage\"},\"thumbnailUrl\":\"https:\/\/i0.wp.com\/www.tvuai.com.br\/portal\/wp-content\/uploads\/2023\/11\/horto0.jpg?fit=200%2C200&ssl=1\",\"keywords\":[\"Dimas Fonseca\",\"Google\",\"Horto Florestal de Pouso Alegre\",\"Minas Gerais\",\"Parque Natural Municipal Prof. Dr. Fernando Bonillo\",\"Pouso Alegre\",\"Prefeito Cel Dimas\",\"Prefeito de Pouso Alegree\",\"Prefeitura de Pouso Alegre\",\"Sul de Minas\",\"TV Uai\",\"TV UAI 23 anos\",\"TV UAI 23 anos com voc\u00ea\",\"TV UAI Pouso Alegre\"],\"articleSection\":[\"Entretenimento\",\"Not\u00edcias\",\"Pol\u00edtica\",\"\u00daltimas Not\u00edcias\"],\"inLanguage\":\"pt-BR\"},{\"@type\":\"WebPage\",\"@id\":\"https:\/\/www.tvuai.com.br\/portal\/revitalizacao-do-horto-florestal-e-compromisso-sustentavel-do-prefeito-de-pouso-alegre\/\",\"url\":\"https:\/\/www.tvuai.com.br\/portal\/revitalizacao-do-horto-florestal-e-compromisso-sustentavel-do-prefeito-de-pouso-alegre\/\",\"name\":\"Revitaliza\u00e7\u00e3o do Horto Florestal \u00e9 compromisso sustent\u00e1vel do prefeito de Pouso Alegre - TVUAI\",\"isPartOf\":{\"@id\":\"https:\/\/www.tvuai.com.br\/portal\/#website\"},\"primaryImageOfPage\":{\"@id\":\"https:\/\/www.tvuai.com.br\/portal\/revitalizacao-do-horto-florestal-e-compromisso-sustentavel-do-prefeito-de-pouso-alegre\/#primaryimage\"},\"image\":{\"@id\":\"https:\/\/www.tvuai.com.br\/portal\/revitalizacao-do-horto-florestal-e-compromisso-sustentavel-do-prefeito-de-pouso-alegre\/#primaryimage\"},\"thumbnailUrl\":\"https:\/\/i0.wp.com\/www.tvuai.com.br\/portal\/wp-content\/uploads\/2023\/11\/horto0.jpg?fit=200%2C200&ssl=1\",\"datePublished\":\"2023-11-25T17:58:50+00:00\",\"dateModified\":\"2023-11-30T14:56:20+00:00\",\"breadcrumb\":{\"@id\":\"https:\/\/www.tvuai.com.br\/portal\/revitalizacao-do-horto-florestal-e-compromisso-sustentavel-do-prefeito-de-pouso-alegre\/#breadcrumb\"},\"inLanguage\":\"pt-BR\",\"potentialAction\":[{\"@type\":\"ReadAction\",\"target\":[\"https:\/\/www.tvuai.com.br\/portal\/revitalizacao-do-horto-florestal-e-compromisso-sustentavel-do-prefeito-de-pouso-alegre\/\"]}]},{\"@type\":\"ImageObject\",\"inLanguage\":\"pt-BR\",\"@id\":\"https:\/\/www.tvuai.com.br\/portal\/revitalizacao-do-horto-florestal-e-compromisso-sustentavel-do-prefeito-de-pouso-alegre\/#primaryimage\",\"url\":\"https:\/\/i0.wp.com\/www.tvuai.com.br\/portal\/wp-content\/uploads\/2023\/11\/horto0.jpg?fit=200%2C200&ssl=1\",\"contentUrl\":\"https:\/\/i0.wp.com\/www.tvuai.com.br\/portal\/wp-content\/uploads\/2023\/11\/horto0.jpg?fit=200%2C200&ssl=1\",\"width\":200,\"height\":200},{\"@type\":\"BreadcrumbList\",\"@id\":\"https:\/\/www.tvuai.com.br\/portal\/revitalizacao-do-horto-florestal-e-compromisso-sustentavel-do-prefeito-de-pouso-alegre\/#breadcrumb\",\"itemListElement\":[{\"@type\":\"ListItem\",\"position\":1,\"name\":\"In\u00edcio\",\"item\":\"https:\/\/www.tvuai.com.br\/portal\/\"},{\"@type\":\"ListItem\",\"position\":2,\"name\":\"Revitaliza\u00e7\u00e3o do Horto Florestal \u00e9 compromisso sustent\u00e1vel do prefeito de Pouso Alegre\"}]},{\"@type\":\"WebSite\",\"@id\":\"https:\/\/www.tvuai.com.br\/portal\/#website\",\"url\":\"https:\/\/www.tvuai.com.br\/portal\/\",\"name\":\"TVUAI\",\"description\":\"Tudo sobre o Sul de Minas\",\"publisher\":{\"@id\":\"https:\/\/www.tvuai.com.br\/portal\/#organization\"},\"potentialAction\":[{\"@type\":\"SearchAction\",\"target\":{\"@type\":\"EntryPoint\",\"urlTemplate\":\"https:\/\/www.tvuai.com.br\/portal\/?s={search_term_string}\"},\"query-input\":{\"@type\":\"PropertyValueSpecification\",\"valueRequired\":true,\"valueName\":\"search_term_string\"}}],\"inLanguage\":\"pt-BR\"},{\"@type\":\"Organization\",\"@id\":\"https:\/\/www.tvuai.com.br\/portal\/#organization\",\"name\":\"TVUAI\",\"url\":\"https:\/\/www.tvuai.com.br\/portal\/\",\"logo\":{\"@type\":\"ImageObject\",\"inLanguage\":\"pt-BR\",\"@id\":\"https:\/\/www.tvuai.com.br\/portal\/#\/schema\/logo\/image\/\",\"url\":\"https:\/\/i0.wp.com\/www.tvuai.com.br\/portal\/wp-content\/uploads\/2017\/12\/logo_tvuai_100H.png?fit=207%2C100&ssl=1\",\"contentUrl\":\"https:\/\/i0.wp.com\/www.tvuai.com.br\/portal\/wp-content\/uploads\/2017\/12\/logo_tvuai_100H.png?fit=207%2C100&ssl=1\",\"width\":207,\"height\":100,\"caption\":\"TVUAI\"},\"image\":{\"@id\":\"https:\/\/www.tvuai.com.br\/portal\/#\/schema\/logo\/image\/\"},\"sameAs\":[\"http:\/\/www.facebook.com\/pages\/TV-Uai-Comunica\u00e7\u00e3o\/139062546157369\",\"https:\/\/x.com\/tvuai\",\"https:\/\/www.instagram.com\/tvuai_network\/\",\"https:\/\/www.youtube.com\/channel\/UCB7ZPB3wRv-OpoZ_09jmnkQ\"]},{\"@type\":\"Person\",\"@id\":\"https:\/\/www.tvuai.com.br\/portal\/#\/schema\/person\/245e50e9127451fd0b7fd76f519ebbfe\",\"name\":\"tvuai\",\"url\":\"https:\/\/www.tvuai.com.br\/portal\/author\/tvuai\/\"}]}<\/script>\n<!-- \/ Yoast SEO plugin. -->","yoast_head_json":{"title":"Revitaliza\u00e7\u00e3o do Horto Florestal \u00e9 compromisso sustent\u00e1vel do prefeito de Pouso Alegre - TVUAI","robots":{"index":"index","follow":"follow","max-snippet":"max-snippet:-1","max-image-preview":"max-image-preview:large","max-video-preview":"max-video-preview:-1"},"canonical":"https:\/\/www.tvuai.com.br\/portal\/revitalizacao-do-horto-florestal-e-compromisso-sustentavel-do-prefeito-de-pouso-alegre\/","og_locale":"pt_BR","og_type":"article","og_title":"Revitaliza\u00e7\u00e3o do Horto Florestal \u00e9 compromisso sustent\u00e1vel do prefeito de Pouso Alegre - TVUAI","og_description":"A Prefeitura de Pouso Alegre ir\u00e1 realizar tr\u00eas grandes projetos visando beneficiar toda a popula\u00e7\u00e3o e um deles \u00e9 a revitaliza\u00e7\u00e3o do Parque Natural Municipal Prof. Dr. Fernando Bonillo, mais conhecido como Horto Florestal de Pouso Alegre, tendo em vista que a preserva\u00e7\u00e3o do meio ambiente \u00e9 uma responsabilidade que deve ser compartilhada por todos. [&hellip;]","og_url":"https:\/\/www.tvuai.com.br\/portal\/revitalizacao-do-horto-florestal-e-compromisso-sustentavel-do-prefeito-de-pouso-alegre\/","og_site_name":"TVUAI","article_publisher":"http:\/\/www.facebook.com\/pages\/TV-Uai-Comunica%c3%a7%c3%a3o\/139062546157369","article_published_time":"2023-11-25T17:58:50+00:00","article_modified_time":"2023-11-30T14:56:20+00:00","og_image":[{"width":200,"height":200,"url":"https:\/\/www.tvuai.com.br\/portal\/wp-content\/uploads\/2023\/11\/horto0.jpg","type":"image\/jpeg"}],"author":"tvuai","twitter_card":"summary_large_image","twitter_creator":"@tvuai","twitter_site":"@tvuai","twitter_misc":{"Escrito por":"tvuai","Est. tempo de leitura":"2 minutos"},"schema":{"@context":"https:\/\/schema.org","@graph":[{"@type":"Article","@id":"https:\/\/www.tvuai.com.br\/portal\/revitalizacao-do-horto-florestal-e-compromisso-sustentavel-do-prefeito-de-pouso-alegre\/#article","isPartOf":{"@id":"https:\/\/www.tvuai.com.br\/portal\/revitalizacao-do-horto-florestal-e-compromisso-sustentavel-do-prefeito-de-pouso-alegre\/"},"author":{"name":"tvuai","@id":"https:\/\/www.tvuai.com.br\/portal\/#\/schema\/person\/245e50e9127451fd0b7fd76f519ebbfe"},"headline":"Revitaliza\u00e7\u00e3o do Horto Florestal \u00e9 compromisso sustent\u00e1vel do prefeito de Pouso Alegre","datePublished":"2023-11-25T17:58:50+00:00","dateModified":"2023-11-30T14:56:20+00:00","mainEntityOfPage":{"@id":"https:\/\/www.tvuai.com.br\/portal\/revitalizacao-do-horto-florestal-e-compromisso-sustentavel-do-prefeito-de-pouso-alegre\/"},"wordCount":367,"publisher":{"@id":"https:\/\/www.tvuai.com.br\/portal\/#organization"},"image":{"@id":"https:\/\/www.tvuai.com.br\/portal\/revitalizacao-do-horto-florestal-e-compromisso-sustentavel-do-prefeito-de-pouso-alegre\/#primaryimage"},"thumbnailUrl":"https:\/\/i0.wp.com\/www.tvuai.com.br\/portal\/wp-content\/uploads\/2023\/11\/horto0.jpg?fit=200%2C200&ssl=1","keywords":["Dimas Fonseca","Google","Horto Florestal de Pouso Alegre","Minas Gerais","Parque Natural Municipal Prof. Dr. Fernando Bonillo","Pouso Alegre","Prefeito Cel Dimas","Prefeito de Pouso Alegree","Prefeitura de Pouso Alegre","Sul de Minas","TV Uai","TV UAI 23 anos","TV UAI 23 anos com voc\u00ea","TV UAI Pouso Alegre"],"articleSection":["Entretenimento","Not\u00edcias","Pol\u00edtica","\u00daltimas Not\u00edcias"],"inLanguage":"pt-BR"},{"@type":"WebPage","@id":"https:\/\/www.tvuai.com.br\/portal\/revitalizacao-do-horto-florestal-e-compromisso-sustentavel-do-prefeito-de-pouso-alegre\/","url":"https:\/\/www.tvuai.com.br\/portal\/revitalizacao-do-horto-florestal-e-compromisso-sustentavel-do-prefeito-de-pouso-alegre\/","name":"Revitaliza\u00e7\u00e3o do Horto Florestal \u00e9 compromisso sustent\u00e1vel do prefeito de Pouso Alegre - TVUAI","isPartOf":{"@id":"https:\/\/www.tvuai.com.br\/portal\/#website"},"primaryImageOfPage":{"@id":"https:\/\/www.tvuai.com.br\/portal\/revitalizacao-do-horto-florestal-e-compromisso-sustentavel-do-prefeito-de-pouso-alegre\/#primaryimage"},"image":{"@id":"https:\/\/www.tvuai.com.br\/portal\/revitalizacao-do-horto-florestal-e-compromisso-sustentavel-do-prefeito-de-pouso-alegre\/#primaryimage"},"thumbnailUrl":"https:\/\/i0.wp.com\/www.tvuai.com.br\/portal\/wp-content\/uploads\/2023\/11\/horto0.jpg?fit=200%2C200&ssl=1","datePublished":"2023-11-25T17:58:50+00:00","dateModified":"2023-11-30T14:56:20+00:00","breadcrumb":{"@id":"https:\/\/www.tvuai.com.br\/portal\/revitalizacao-do-horto-florestal-e-compromisso-sustentavel-do-prefeito-de-pouso-alegre\/#breadcrumb"},"inLanguage":"pt-BR","potentialAction":[{"@type":"ReadAction","target":["https:\/\/www.tvuai.com.br\/portal\/revitalizacao-do-horto-florestal-e-compromisso-sustentavel-do-prefeito-de-pouso-alegre\/"]}]},{"@type":"ImageObject","inLanguage":"pt-BR","@id":"https:\/\/www.tvuai.com.br\/portal\/revitalizacao-do-horto-florestal-e-compromisso-sustentavel-do-prefeito-de-pouso-alegre\/#primaryimage","url":"https:\/\/i0.wp.com\/www.tvuai.com.br\/portal\/wp-content\/uploads\/2023\/11\/horto0.jpg?fit=200%2C200&ssl=1","contentUrl":"https:\/\/i0.wp.com\/www.tvuai.com.br\/portal\/wp-content\/uploads\/2023\/11\/horto0.jpg?fit=200%2C200&ssl=1","width":200,"height":200},{"@type":"BreadcrumbList","@id":"https:\/\/www.tvuai.com.br\/portal\/revitalizacao-do-horto-florestal-e-compromisso-sustentavel-do-prefeito-de-pouso-alegre\/#breadcrumb","itemListElement":[{"@type":"ListItem","position":1,"name":"In\u00edcio","item":"https:\/\/www.tvuai.com.br\/portal\/"},{"@type":"ListItem","position":2,"name":"Revitaliza\u00e7\u00e3o do Horto Florestal \u00e9 compromisso sustent\u00e1vel do prefeito de Pouso Alegre"}]},{"@type":"WebSite","@id":"https:\/\/www.tvuai.com.br\/portal\/#website","url":"https:\/\/www.tvuai.com.br\/portal\/","name":"TVUAI","description":"Tudo sobre o Sul de Minas","publisher":{"@id":"https:\/\/www.tvuai.com.br\/portal\/#organization"},"potentialAction":[{"@type":"SearchAction","target":{"@type":"EntryPoint","urlTemplate":"https:\/\/www.tvuai.com.br\/portal\/?s={search_term_string}"},"query-input":{"@type":"PropertyValueSpecification","valueRequired":true,"valueName":"search_term_string"}}],"inLanguage":"pt-BR"},{"@type":"Organization","@id":"https:\/\/www.tvuai.com.br\/portal\/#organization","name":"TVUAI","url":"https:\/\/www.tvuai.com.br\/portal\/","logo":{"@type":"ImageObject","inLanguage":"pt-BR","@id":"https:\/\/www.tvuai.com.br\/portal\/#\/schema\/logo\/image\/","url":"https:\/\/i0.wp.com\/www.tvuai.com.br\/portal\/wp-content\/uploads\/2017\/12\/logo_tvuai_100H.png?fit=207%2C100&ssl=1","contentUrl":"https:\/\/i0.wp.com\/www.tvuai.com.br\/portal\/wp-content\/uploads\/2017\/12\/logo_tvuai_100H.png?fit=207%2C100&ssl=1","width":207,"height":100,"caption":"TVUAI"},"image":{"@id":"https:\/\/www.tvuai.com.br\/portal\/#\/schema\/logo\/image\/"},"sameAs":["http:\/\/www.facebook.com\/pages\/TV-Uai-Comunica\u00e7\u00e3o\/139062546157369","https:\/\/x.com\/tvuai","https:\/\/www.instagram.com\/tvuai_network\/","https:\/\/www.youtube.com\/channel\/UCB7ZPB3wRv-OpoZ_09jmnkQ"]},{"@type":"Person","@id":"https:\/\/www.tvuai.com.br\/portal\/#\/schema\/person\/245e50e9127451fd0b7fd76f519ebbfe","name":"tvuai","url":"https:\/\/www.tvuai.com.br\/portal\/author\/tvuai\/"}]}},"jetpack_featured_media_url":"https:\/\/i0.wp.com\/www.tvuai.com.br\/portal\/wp-content\/uploads\/2023\/11\/horto0.jpg?fit=200%2C200&ssl=1","wpmagazine_modules_lite_featured_media_urls":{"thumbnail":["https:\/\/i0.wp.com\/www.tvuai.com.br\/portal\/wp-content\/uploads\/2023\/11\/horto0.jpg?resize=150%2C150&ssl=1",150,150,true],"cvmm-medium":["https:\/\/i0.wp.com\/www.tvuai.com.br\/portal\/wp-content\/uploads\/2023\/11\/horto0.jpg?resize=200%2C200&ssl=1",200,200,true],"cvmm-medium-plus":["https:\/\/i0.wp.com\/www.tvuai.com.br\/portal\/wp-content\/uploads\/2023\/11\/horto0.jpg?resize=200%2C200&ssl=1",200,200,true],"cvmm-portrait":["https:\/\/i0.wp.com\/www.tvuai.com.br\/portal\/wp-content\/uploads\/2023\/11\/horto0.jpg?resize=200%2C200&ssl=1",200,200,true],"cvmm-medium-square":["https:\/\/i0.wp.com\/www.tvuai.com.br\/portal\/wp-content\/uploads\/2023\/11\/horto0.jpg?resize=200%2C200&ssl=1",200,200,true],"cvmm-large":["https:\/\/i0.wp.com\/www.tvuai.com.br\/portal\/wp-content\/uploads\/2023\/11\/horto0.jpg?resize=200%2C200&ssl=1",200,200,true],"cvmm-small":["https:\/\/i0.wp.com\/www.tvuai.com.br\/portal\/wp-content\/uploads\/2023\/11\/horto0.jpg?resize=130%2C95&ssl=1",130,95,true],"full":["https:\/\/i0.wp.com\/www.tvuai.com.br\/portal\/wp-content\/uploads\/2023\/11\/horto0.jpg?fit=200%2C200&ssl=1",200,200,false]},"categories_names":{"20":{"name":"Entretenimento","link":"https:\/\/www.tvuai.com.br\/portal\/category\/entretenimento\/"},"19":{"name":"Not\u00edcias","link":"https:\/\/www.tvuai.com.br\/portal\/category\/noticias\/"},"1818":{"name":"Pol\u00edtica","link":"https:\/\/www.tvuai.com.br\/portal\/category\/politica\/"},"5":{"name":"\u00daltimas Not\u00edcias","link":"https:\/\/www.tvuai.com.br\/portal\/category\/noticias\/ultimas\/"}},"tags_names":{"1753":{"name":"Dimas Fonseca","link":"https:\/\/www.tvuai.com.br\/portal\/tag\/dimas-fonseca\/"},"242":{"name":"Google","link":"https:\/\/www.tvuai.com.br\/portal\/tag\/google\/"},"2424":{"name":"Horto Florestal de Pouso Alegre","link":"https:\/\/www.tvuai.com.br\/portal\/tag\/horto-florestal-de-pouso-alegre\/"},"184":{"name":"Minas Gerais","link":"https:\/\/www.tvuai.com.br\/portal\/tag\/minas-gerais\/"},"2423":{"name":"Parque Natural Municipal Prof. Dr. Fernando Bonillo","link":"https:\/\/www.tvuai.com.br\/portal\/tag\/parque-natural-municipal-prof-dr-fernando-bonillo\/"},"37":{"name":"Pouso Alegre","link":"https:\/\/www.tvuai.com.br\/portal\/tag\/pouso-alegre\/"},"2425":{"name":"Prefeito Cel Dimas","link":"https:\/\/www.tvuai.com.br\/portal\/tag\/prefeito-cel-dimas\/"},"2426":{"name":"Prefeito de Pouso Alegree","link":"https:\/\/www.tvuai.com.br\/portal\/tag\/prefeito-de-pouso-alegree\/"},"769":{"name":"Prefeitura de Pouso Alegre","link":"https:\/\/www.tvuai.com.br\/portal\/tag\/prefeitura-de-pouso-alegre\/"},"39":{"name":"Sul de Minas","link":"https:\/\/www.tvuai.com.br\/portal\/tag\/sul-de-minas\/"},"27":{"name":"TV Uai","link":"https:\/\/www.tvuai.com.br\/portal\/tag\/tv-uai\/"},"1620":{"name":"TV UAI 23 anos","link":"https:\/\/www.tvuai.com.br\/portal\/tag\/tv-uai-23-anos\/"},"1619":{"name":"TV UAI 23 anos com voc\u00ea","link":"https:\/\/www.tvuai.com.br\/portal\/tag\/tv-uai-23-anos-com-voce\/"},"1618":{"name":"TV UAI Pouso Alegre","link":"https:\/\/www.tvuai.com.br\/portal\/tag\/tv-uai-pouso-alegre\/"}},"comments_number":"0","jetpack_shortlink":"https:\/\/wp.me\/p9woix-1Wo","jetpack_sharing_enabled":true,"_links":{"self":[{"href":"https:\/\/www.tvuai.com.br\/portal\/wp-json\/wp\/v2\/posts\/7464"}],"collection":[{"href":"https:\/\/www.tvuai.com.br\/portal\/wp-json\/wp\/v2\/posts"}],"about":[{"href":"https:\/\/www.tvuai.com.br\/portal\/wp-json\/wp\/v2\/types\/post"}],"author":[{"embeddable":true,"href":"https:\/\/www.tvuai.com.br\/portal\/wp-json\/wp\/v2\/users\/1"}],"replies":[{"embeddable":true,"href":"https:\/\/www.tvuai.com.br\/portal\/wp-json\/wp\/v2\/comments?post=7464"}],"version-history":[{"count":2,"href":"https:\/\/www.tvuai.com.br\/portal\/wp-json\/wp\/v2\/posts\/7464\/revisions"}],"predecessor-version":[{"id":7468,"href":"https:\/\/www.tvuai.com.br\/portal\/wp-json\/wp\/v2\/posts\/7464\/revisions\/7468"}],"wp:featuredmedia":[{"embeddable":true,"href":"https:\/\/www.tvuai.com.br\/portal\/wp-json\/wp\/v2\/media\/7466"}],"wp:attachment":[{"href":"https:\/\/www.tvuai.com.br\/portal\/wp-json\/wp\/v2\/media?parent=7464"}],"wp:term":[{"taxonomy":"category","embeddable":true,"href":"https:\/\/www.tvuai.com.br\/portal\/wp-json\/wp\/v2\/categories?post=7464"},{"taxonomy":"post_tag","embeddable":true,"href":"https:\/\/www.tvuai.com.br\/portal\/wp-json\/wp\/v2\/tags?post=7464"}],"curies":[{"name":"wp","href":"https:\/\/api.w.org\/{rel}","templated":true}]}}