{"id":7166,"date":"2023-10-01T09:20:03","date_gmt":"2023-10-01T12:20:03","guid":{"rendered":"https:\/\/www.tvuai.com.br\/portal\/?p=7166"},"modified":"2023-10-05T13:37:43","modified_gmt":"2023-10-05T16:37:43","slug":"evento-do-sincor-mg-roda-de-conversa-teve-participacao-da-sancor-seguros-brasil-em-pouso-alegre-e-varginha","status":"publish","type":"post","link":"https:\/\/www.tvuai.com.br\/portal\/evento-do-sincor-mg-roda-de-conversa-teve-participacao-da-sancor-seguros-brasil-em-pouso-alegre-e-varginha\/","title":{"rendered":"Evento do Sincor MG, &#8220;Roda de Conversa&#8221;, teve participa\u00e7\u00e3o da Sancor Seguros Brasil em Pouso Alegre e Varginha"},"content":{"rendered":"<div class=\"5a1038e0903b96d426fcfcc338703013\" data-index=\"1\" style=\"float: right; margin:10px 0 10px 10px;\">\n<script async src=\"https:\/\/pagead2.googlesyndication.com\/pagead\/js\/adsbygoogle.js?client=ca-pub-9945944833605257\"\r\n     crossorigin=\"anonymous\"><\/script>\r\n<ins class=\"adsbygoogle\"\r\n     style=\"display:block; text-align:center;\"\r\n     data-ad-layout=\"in-article\"\r\n     data-ad-format=\"fluid\"\r\n     data-ad-client=\"ca-pub-9945944833605257\"\r\n     data-ad-slot=\"2343923581\"><\/ins>\r\n<script>\r\n     (adsbygoogle = window.adsbygoogle || []).push({});\r\n<\/script>\n<\/div>\n<h5 style=\"text-align: center;\"><em><img data-recalc-dims=\"1\" fetchpriority=\"high\" decoding=\"async\" data-attachment-id=\"7167\" data-permalink=\"https:\/\/www.tvuai.com.br\/portal\/evento-do-sincor-mg-roda-de-conversa-teve-participacao-da-sancor-seguros-brasil-em-pouso-alegre-e-varginha\/sancor\/\" data-orig-file=\"https:\/\/i0.wp.com\/www.tvuai.com.br\/portal\/wp-content\/uploads\/2023\/10\/sancor.jpg?fit=1600%2C1193&amp;ssl=1\" data-orig-size=\"1600,1193\" data-comments-opened=\"0\" data-image-meta=\"{&quot;aperture&quot;:&quot;0&quot;,&quot;credit&quot;:&quot;&quot;,&quot;camera&quot;:&quot;&quot;,&quot;caption&quot;:&quot;&quot;,&quot;created_timestamp&quot;:&quot;0&quot;,&quot;copyright&quot;:&quot;&quot;,&quot;focal_length&quot;:&quot;0&quot;,&quot;iso&quot;:&quot;0&quot;,&quot;shutter_speed&quot;:&quot;0&quot;,&quot;title&quot;:&quot;&quot;,&quot;orientation&quot;:&quot;0&quot;}\" data-image-title=\"sancor\" data-image-description=\"\" data-image-caption=\"\" data-medium-file=\"https:\/\/i0.wp.com\/www.tvuai.com.br\/portal\/wp-content\/uploads\/2023\/10\/sancor.jpg?fit=300%2C224&amp;ssl=1\" data-large-file=\"https:\/\/i0.wp.com\/www.tvuai.com.br\/portal\/wp-content\/uploads\/2023\/10\/sancor.jpg?fit=640%2C478&amp;ssl=1\" tabindex=\"0\" role=\"button\" class=\"aligncenter size-medium wp-image-7167\" src=\"https:\/\/i0.wp.com\/www.tvuai.com.br\/portal\/wp-content\/uploads\/2023\/10\/sancor.jpg?resize=300%2C224&#038;ssl=1\" alt=\"\" width=\"300\" height=\"224\" srcset=\"https:\/\/i0.wp.com\/www.tvuai.com.br\/portal\/wp-content\/uploads\/2023\/10\/sancor.jpg?resize=300%2C224&amp;ssl=1 300w, https:\/\/i0.wp.com\/www.tvuai.com.br\/portal\/wp-content\/uploads\/2023\/10\/sancor.jpg?resize=1024%2C764&amp;ssl=1 1024w, https:\/\/i0.wp.com\/www.tvuai.com.br\/portal\/wp-content\/uploads\/2023\/10\/sancor.jpg?resize=768%2C573&amp;ssl=1 768w, https:\/\/i0.wp.com\/www.tvuai.com.br\/portal\/wp-content\/uploads\/2023\/10\/sancor.jpg?resize=1536%2C1145&amp;ssl=1 1536w, https:\/\/i0.wp.com\/www.tvuai.com.br\/portal\/wp-content\/uploads\/2023\/10\/sancor.jpg?resize=136%2C102&amp;ssl=1 136w, https:\/\/i0.wp.com\/www.tvuai.com.br\/portal\/wp-content\/uploads\/2023\/10\/sancor.jpg?resize=600%2C447&amp;ssl=1 600w, https:\/\/i0.wp.com\/www.tvuai.com.br\/portal\/wp-content\/uploads\/2023\/10\/sancor.jpg?w=1600&amp;ssl=1 1600w, https:\/\/i0.wp.com\/www.tvuai.com.br\/portal\/wp-content\/uploads\/2023\/10\/sancor.jpg?w=1280&amp;ssl=1 1280w\" sizes=\"(max-width: 300px) 100vw, 300px\" \/>O momento aconteceu nas cidades de Pouso Alegre e Varginha em 28 e 29 de setembro<\/em><br \/>\n<em>sob o tema &#8220;Minas Gerais rumo a 2\u00aa maior pot\u00eancia de prote\u00e7\u00e3o&#8221;<\/em><\/h5>\n<p>A Sancor Seguros Brasil marcou presen\u00e7a no evento &#8220;Roda de Conversa&#8221; realizado pelo Sindicato dos Corretores de Seguros de Minas Gerais (Sincor MG). O momento aconteceu nas cidades de Pouso Alegre e Varginha em 28 e 29 de setembro, sob o tema &#8220;Minas Gerais rumo a 2\u00aa maior pot\u00eancia de prote\u00e7\u00e3o&#8221;.<\/p>\n<p>A Gerente de Intelig\u00eancia Comercial e Marketing, Rosangela Oliveira, a coordenadora do Canal Assessorias Jackeline Coutinho, al\u00e9m dos representantes da Sancor Seguros Brasil na Regi\u00e3o Sul de MG, Darcio Bento de Melo e Neila Inoc\u00eancio, da assessoria Mantiseg, juntamente os representantes do Sincor MG, marcaram presen\u00e7a no evento. As companhias participantes tiveram a oportunidade de apresentar seus novos produtos, ferramentas tecnol\u00f3gicas e como podem auxiliar os corretores nesse desafio.<\/p>\n<p>Rosangela ressaltou a trajet\u00f3ria da Sancor Seguros, que completa 78 anos de hist\u00f3ria na Argentina e conta com dez anos de Brasil, e vive em um momento promissor em territ\u00f3rio nacional com uma nova estrutura\u00e7\u00e3o liderada pelo CEO Edward Lange. \u201cEste ano tivemos o marco de iniciarmos a abertura de comercializa\u00e7\u00e3o da companhia nesta regi\u00e3o do Sul de Minas nos produtos auto, patrimoniais e vida. Deixo meu agradecimento especial ao Darcio e ao Ricardo Zhouri, que n\u00e3o p\u00f4de estar aqui hoje e representam a seguradora pela Mantiseg Assessoria, junto com toda sua equipe. Agrade\u00e7o tamb\u00e9m a dedica\u00e7\u00e3o da Jackeline que tem vindo na regi\u00e3o para visitas e junto com nossa equipe tem apoiado na sustenta\u00e7\u00e3o para o atendimento aos corretores\u201d, destacou. A profissional concluiu seu discurso com um convite aberto para novas parcerias e refor\u00e7ou seu compromisso em estar \u00e0 disposi\u00e7\u00e3o para qualquer necessidade.<\/p>\n<p>A presen\u00e7a da Sancor Seguros Brasil em mais um evento do Sincor MG refor\u00e7a o compromisso da seguradora em fortalecer parcerias com os corretores de seguros, compartilhando conhecimento e contribuindo para o desenvolvimento do setor em Minas Gerais.<\/p>\n\n<div style=\"font-size: 0px; height: 0px; line-height: 0px; margin: 0; padding: 0; clear: both;\"><\/div><div class='share-to-whatsapp-wrapper'><div class='share-on-whsp'>Share on: <\/div><a data-text='Evento do Sincor MG, \"Roda de Conversa\", teve participa\u00e7\u00e3o da Sancor Seguros Brasil em Pouso Alegre e Varginha' data-link='https:\/\/www.tvuai.com.br\/portal\/evento-do-sincor-mg-roda-de-conversa-teve-participacao-da-sancor-seguros-brasil-em-pouso-alegre-e-varginha\/' class='whatsapp-button whatsapp-share'>WhatsApp<\/a><div class='clear '><\/div><\/div><!-- AddThis Advanced Settings generic via filter on the_content --><!-- AddThis Share Buttons generic via filter on the_content -->","protected":false},"excerpt":{"rendered":"<p>O momento aconteceu nas cidades de Pouso Alegre e Varginha em 28 e 29 de setembro sob o tema &#8220;Minas Gerais rumo a 2\u00aa maior pot\u00eancia de prote\u00e7\u00e3o&#8221; A Sancor Seguros Brasil marcou presen\u00e7a no evento &#8220;Roda de Conversa&#8221; realizado pelo Sindicato dos Corretores de Seguros de Minas Gerais (Sincor MG). O momento aconteceu nas [&hellip;]<!-- AddThis Advanced Settings generic via filter on get_the_excerpt --><!-- AddThis Share Buttons generic via filter on get_the_excerpt --><\/p>\n","protected":false},"author":1,"featured_media":7168,"comment_status":"closed","ping_status":"closed","sticky":false,"template":"","format":"standard","meta":{"jetpack_post_was_ever_published":false,"_jetpack_newsletter_access":"","_jetpack_dont_email_post_to_subs":false,"_jetpack_newsletter_tier_id":0,"_jetpack_memberships_contains_paywalled_content":false,"_jetpack_memberships_contains_paid_content":false,"_joinchat":[],"footnotes":"","jetpack_publicize_message":"","jetpack_publicize_feature_enabled":true,"jetpack_social_post_already_shared":true,"jetpack_social_options":{"image_generator_settings":{"template":"highway","enabled":false},"version":2}},"categories":[1815,19,5],"tags":[2203,2201,2205,242,2202,2199,184,2200,37,2206,2197,2204,2198,2195,2196,39,27,1620,1619,1618,277],"class_list":["post-7166","post","type-post","status-publish","format-standard","has-post-thumbnail","hentry","category-economia","category-noticias","category-ultimas","tag-canal-assessorias","tag-darcio-bento-de-melo","tag-edward-lange","tag-google","tag-jackeline-coutinho","tag-mantiseg","tag-minas-gerais","tag-neila-inocencio","tag-pouso-alegre","tag-ricardo-zhouri","tag-roda-de-conversa","tag-rosangela-oliveira","tag-sancor-seguros-brasil","tag-sincor-mg","tag-sindicato-dos-corretores-de-seguros-de-minas-gerais","tag-sul-de-minas","tag-tv-uai","tag-tv-uai-23-anos","tag-tv-uai-23-anos-com-voce","tag-tv-uai-pouso-alegre","tag-varginha"],"jetpack_publicize_connections":[],"yoast_head":"<!-- This site is optimized with the Yoast SEO plugin v23.5 - https:\/\/yoast.com\/wordpress\/plugins\/seo\/ -->\n<title>Evento do Sincor MG, &quot;Roda de Conversa&quot;, teve participa\u00e7\u00e3o da Sancor Seguros Brasil em Pouso Alegre e Varginha - TVUAI<\/title>\n<meta name=\"robots\" content=\"index, follow, max-snippet:-1, max-image-preview:large, max-video-preview:-1\" \/>\n<link rel=\"canonical\" href=\"https:\/\/www.tvuai.com.br\/portal\/evento-do-sincor-mg-roda-de-conversa-teve-participacao-da-sancor-seguros-brasil-em-pouso-alegre-e-varginha\/\" \/>\n<meta property=\"og:locale\" content=\"pt_BR\" \/>\n<meta property=\"og:type\" content=\"article\" \/>\n<meta property=\"og:title\" content=\"Evento do Sincor MG, &quot;Roda de Conversa&quot;, teve participa\u00e7\u00e3o da Sancor Seguros Brasil em Pouso Alegre e Varginha - TVUAI\" \/>\n<meta property=\"og:description\" content=\"O momento aconteceu nas cidades de Pouso Alegre e Varginha em 28 e 29 de setembro sob o tema &#8220;Minas Gerais rumo a 2\u00aa maior pot\u00eancia de prote\u00e7\u00e3o&#8221; A Sancor Seguros Brasil marcou presen\u00e7a no evento &#8220;Roda de Conversa&#8221; realizado pelo Sindicato dos Corretores de Seguros de Minas Gerais (Sincor MG). O momento aconteceu nas [&hellip;]\" \/>\n<meta property=\"og:url\" content=\"https:\/\/www.tvuai.com.br\/portal\/evento-do-sincor-mg-roda-de-conversa-teve-participacao-da-sancor-seguros-brasil-em-pouso-alegre-e-varginha\/\" \/>\n<meta property=\"og:site_name\" content=\"TVUAI\" \/>\n<meta property=\"article:publisher\" content=\"http:\/\/www.facebook.com\/pages\/TV-Uai-Comunica%c3%a7%c3%a3o\/139062546157369\" \/>\n<meta property=\"article:published_time\" content=\"2023-10-01T12:20:03+00:00\" \/>\n<meta property=\"article:modified_time\" content=\"2023-10-05T16:37:43+00:00\" \/>\n<meta property=\"og:image\" content=\"https:\/\/www.tvuai.com.br\/portal\/wp-content\/uploads\/2023\/10\/sancor0.jpg\" \/>\n\t<meta property=\"og:image:width\" content=\"200\" \/>\n\t<meta property=\"og:image:height\" content=\"200\" \/>\n\t<meta property=\"og:image:type\" content=\"image\/jpeg\" \/>\n<meta name=\"author\" content=\"tvuai\" \/>\n<meta name=\"twitter:card\" content=\"summary_large_image\" \/>\n<meta name=\"twitter:creator\" content=\"@tvuai\" \/>\n<meta name=\"twitter:site\" content=\"@tvuai\" \/>\n<meta name=\"twitter:label1\" content=\"Escrito por\" \/>\n\t<meta name=\"twitter:data1\" content=\"tvuai\" \/>\n\t<meta name=\"twitter:label2\" content=\"Est. tempo de leitura\" \/>\n\t<meta name=\"twitter:data2\" content=\"3 minutos\" \/>\n<script type=\"application\/ld+json\" class=\"yoast-schema-graph\">{\"@context\":\"https:\/\/schema.org\",\"@graph\":[{\"@type\":\"Article\",\"@id\":\"https:\/\/www.tvuai.com.br\/portal\/evento-do-sincor-mg-roda-de-conversa-teve-participacao-da-sancor-seguros-brasil-em-pouso-alegre-e-varginha\/#article\",\"isPartOf\":{\"@id\":\"https:\/\/www.tvuai.com.br\/portal\/evento-do-sincor-mg-roda-de-conversa-teve-participacao-da-sancor-seguros-brasil-em-pouso-alegre-e-varginha\/\"},\"author\":{\"name\":\"tvuai\",\"@id\":\"https:\/\/www.tvuai.com.br\/portal\/#\/schema\/person\/245e50e9127451fd0b7fd76f519ebbfe\"},\"headline\":\"Evento do Sincor MG, &#8220;Roda de Conversa&#8221;, teve participa\u00e7\u00e3o da Sancor Seguros Brasil em Pouso Alegre e Varginha\",\"datePublished\":\"2023-10-01T12:20:03+00:00\",\"dateModified\":\"2023-10-05T16:37:43+00:00\",\"mainEntityOfPage\":{\"@id\":\"https:\/\/www.tvuai.com.br\/portal\/evento-do-sincor-mg-roda-de-conversa-teve-participacao-da-sancor-seguros-brasil-em-pouso-alegre-e-varginha\/\"},\"wordCount\":369,\"publisher\":{\"@id\":\"https:\/\/www.tvuai.com.br\/portal\/#organization\"},\"image\":{\"@id\":\"https:\/\/www.tvuai.com.br\/portal\/evento-do-sincor-mg-roda-de-conversa-teve-participacao-da-sancor-seguros-brasil-em-pouso-alegre-e-varginha\/#primaryimage\"},\"thumbnailUrl\":\"https:\/\/i0.wp.com\/www.tvuai.com.br\/portal\/wp-content\/uploads\/2023\/10\/sancor0.jpg?fit=200%2C200&ssl=1\",\"keywords\":[\"Canal Assessorias\",\"Darcio Bento de Melo\",\"Edward Lange\",\"Google\",\"Jackeline Coutinho\",\"Mantiseg\",\"Minas Gerais\",\"Neila Inoc\u00eancio\",\"Pouso Alegre\",\"Ricardo Zhouri\",\"Roda de Conversa\\\"\",\"Rosangela Oliveira\",\"Sancor Seguros Brasil\",\"Sincor MG\",\"Sindicato dos Corretores de Seguros de Minas Gerais\",\"Sul de Minas\",\"TV Uai\",\"TV UAI 23 anos\",\"TV UAI 23 anos com voc\u00ea\",\"TV UAI Pouso Alegre\",\"Varginha\"],\"articleSection\":[\"Economia\",\"Not\u00edcias\",\"\u00daltimas Not\u00edcias\"],\"inLanguage\":\"pt-BR\"},{\"@type\":\"WebPage\",\"@id\":\"https:\/\/www.tvuai.com.br\/portal\/evento-do-sincor-mg-roda-de-conversa-teve-participacao-da-sancor-seguros-brasil-em-pouso-alegre-e-varginha\/\",\"url\":\"https:\/\/www.tvuai.com.br\/portal\/evento-do-sincor-mg-roda-de-conversa-teve-participacao-da-sancor-seguros-brasil-em-pouso-alegre-e-varginha\/\",\"name\":\"Evento do Sincor MG, \\\"Roda de Conversa\\\", teve participa\u00e7\u00e3o da Sancor Seguros Brasil em Pouso Alegre e Varginha - TVUAI\",\"isPartOf\":{\"@id\":\"https:\/\/www.tvuai.com.br\/portal\/#website\"},\"primaryImageOfPage\":{\"@id\":\"https:\/\/www.tvuai.com.br\/portal\/evento-do-sincor-mg-roda-de-conversa-teve-participacao-da-sancor-seguros-brasil-em-pouso-alegre-e-varginha\/#primaryimage\"},\"image\":{\"@id\":\"https:\/\/www.tvuai.com.br\/portal\/evento-do-sincor-mg-roda-de-conversa-teve-participacao-da-sancor-seguros-brasil-em-pouso-alegre-e-varginha\/#primaryimage\"},\"thumbnailUrl\":\"https:\/\/i0.wp.com\/www.tvuai.com.br\/portal\/wp-content\/uploads\/2023\/10\/sancor0.jpg?fit=200%2C200&ssl=1\",\"datePublished\":\"2023-10-01T12:20:03+00:00\",\"dateModified\":\"2023-10-05T16:37:43+00:00\",\"breadcrumb\":{\"@id\":\"https:\/\/www.tvuai.com.br\/portal\/evento-do-sincor-mg-roda-de-conversa-teve-participacao-da-sancor-seguros-brasil-em-pouso-alegre-e-varginha\/#breadcrumb\"},\"inLanguage\":\"pt-BR\",\"potentialAction\":[{\"@type\":\"ReadAction\",\"target\":[\"https:\/\/www.tvuai.com.br\/portal\/evento-do-sincor-mg-roda-de-conversa-teve-participacao-da-sancor-seguros-brasil-em-pouso-alegre-e-varginha\/\"]}]},{\"@type\":\"ImageObject\",\"inLanguage\":\"pt-BR\",\"@id\":\"https:\/\/www.tvuai.com.br\/portal\/evento-do-sincor-mg-roda-de-conversa-teve-participacao-da-sancor-seguros-brasil-em-pouso-alegre-e-varginha\/#primaryimage\",\"url\":\"https:\/\/i0.wp.com\/www.tvuai.com.br\/portal\/wp-content\/uploads\/2023\/10\/sancor0.jpg?fit=200%2C200&ssl=1\",\"contentUrl\":\"https:\/\/i0.wp.com\/www.tvuai.com.br\/portal\/wp-content\/uploads\/2023\/10\/sancor0.jpg?fit=200%2C200&ssl=1\",\"width\":200,\"height\":200},{\"@type\":\"BreadcrumbList\",\"@id\":\"https:\/\/www.tvuai.com.br\/portal\/evento-do-sincor-mg-roda-de-conversa-teve-participacao-da-sancor-seguros-brasil-em-pouso-alegre-e-varginha\/#breadcrumb\",\"itemListElement\":[{\"@type\":\"ListItem\",\"position\":1,\"name\":\"In\u00edcio\",\"item\":\"https:\/\/www.tvuai.com.br\/portal\/\"},{\"@type\":\"ListItem\",\"position\":2,\"name\":\"Evento do Sincor MG, &#8220;Roda de Conversa&#8221;, teve participa\u00e7\u00e3o da Sancor Seguros Brasil em Pouso Alegre e Varginha\"}]},{\"@type\":\"WebSite\",\"@id\":\"https:\/\/www.tvuai.com.br\/portal\/#website\",\"url\":\"https:\/\/www.tvuai.com.br\/portal\/\",\"name\":\"TVUAI\",\"description\":\"Tudo sobre o Sul de Minas\",\"publisher\":{\"@id\":\"https:\/\/www.tvuai.com.br\/portal\/#organization\"},\"potentialAction\":[{\"@type\":\"SearchAction\",\"target\":{\"@type\":\"EntryPoint\",\"urlTemplate\":\"https:\/\/www.tvuai.com.br\/portal\/?s={search_term_string}\"},\"query-input\":{\"@type\":\"PropertyValueSpecification\",\"valueRequired\":true,\"valueName\":\"search_term_string\"}}],\"inLanguage\":\"pt-BR\"},{\"@type\":\"Organization\",\"@id\":\"https:\/\/www.tvuai.com.br\/portal\/#organization\",\"name\":\"TVUAI\",\"url\":\"https:\/\/www.tvuai.com.br\/portal\/\",\"logo\":{\"@type\":\"ImageObject\",\"inLanguage\":\"pt-BR\",\"@id\":\"https:\/\/www.tvuai.com.br\/portal\/#\/schema\/logo\/image\/\",\"url\":\"https:\/\/i0.wp.com\/www.tvuai.com.br\/portal\/wp-content\/uploads\/2017\/12\/logo_tvuai_100H.png?fit=207%2C100&ssl=1\",\"contentUrl\":\"https:\/\/i0.wp.com\/www.tvuai.com.br\/portal\/wp-content\/uploads\/2017\/12\/logo_tvuai_100H.png?fit=207%2C100&ssl=1\",\"width\":207,\"height\":100,\"caption\":\"TVUAI\"},\"image\":{\"@id\":\"https:\/\/www.tvuai.com.br\/portal\/#\/schema\/logo\/image\/\"},\"sameAs\":[\"http:\/\/www.facebook.com\/pages\/TV-Uai-Comunica\u00e7\u00e3o\/139062546157369\",\"https:\/\/x.com\/tvuai\",\"https:\/\/www.instagram.com\/tvuai_network\/\",\"https:\/\/www.youtube.com\/channel\/UCB7ZPB3wRv-OpoZ_09jmnkQ\"]},{\"@type\":\"Person\",\"@id\":\"https:\/\/www.tvuai.com.br\/portal\/#\/schema\/person\/245e50e9127451fd0b7fd76f519ebbfe\",\"name\":\"tvuai\",\"url\":\"https:\/\/www.tvuai.com.br\/portal\/author\/tvuai\/\"}]}<\/script>\n<!-- \/ Yoast SEO plugin. -->","yoast_head_json":{"title":"Evento do Sincor MG, \"Roda de Conversa\", teve participa\u00e7\u00e3o da Sancor Seguros Brasil em Pouso Alegre e Varginha - TVUAI","robots":{"index":"index","follow":"follow","max-snippet":"max-snippet:-1","max-image-preview":"max-image-preview:large","max-video-preview":"max-video-preview:-1"},"canonical":"https:\/\/www.tvuai.com.br\/portal\/evento-do-sincor-mg-roda-de-conversa-teve-participacao-da-sancor-seguros-brasil-em-pouso-alegre-e-varginha\/","og_locale":"pt_BR","og_type":"article","og_title":"Evento do Sincor MG, \"Roda de Conversa\", teve participa\u00e7\u00e3o da Sancor Seguros Brasil em Pouso Alegre e Varginha - TVUAI","og_description":"O momento aconteceu nas cidades de Pouso Alegre e Varginha em 28 e 29 de setembro sob o tema &#8220;Minas Gerais rumo a 2\u00aa maior pot\u00eancia de prote\u00e7\u00e3o&#8221; A Sancor Seguros Brasil marcou presen\u00e7a no evento &#8220;Roda de Conversa&#8221; realizado pelo Sindicato dos Corretores de Seguros de Minas Gerais (Sincor MG). O momento aconteceu nas [&hellip;]","og_url":"https:\/\/www.tvuai.com.br\/portal\/evento-do-sincor-mg-roda-de-conversa-teve-participacao-da-sancor-seguros-brasil-em-pouso-alegre-e-varginha\/","og_site_name":"TVUAI","article_publisher":"http:\/\/www.facebook.com\/pages\/TV-Uai-Comunica%c3%a7%c3%a3o\/139062546157369","article_published_time":"2023-10-01T12:20:03+00:00","article_modified_time":"2023-10-05T16:37:43+00:00","og_image":[{"width":200,"height":200,"url":"https:\/\/www.tvuai.com.br\/portal\/wp-content\/uploads\/2023\/10\/sancor0.jpg","type":"image\/jpeg"}],"author":"tvuai","twitter_card":"summary_large_image","twitter_creator":"@tvuai","twitter_site":"@tvuai","twitter_misc":{"Escrito por":"tvuai","Est. tempo de leitura":"3 minutos"},"schema":{"@context":"https:\/\/schema.org","@graph":[{"@type":"Article","@id":"https:\/\/www.tvuai.com.br\/portal\/evento-do-sincor-mg-roda-de-conversa-teve-participacao-da-sancor-seguros-brasil-em-pouso-alegre-e-varginha\/#article","isPartOf":{"@id":"https:\/\/www.tvuai.com.br\/portal\/evento-do-sincor-mg-roda-de-conversa-teve-participacao-da-sancor-seguros-brasil-em-pouso-alegre-e-varginha\/"},"author":{"name":"tvuai","@id":"https:\/\/www.tvuai.com.br\/portal\/#\/schema\/person\/245e50e9127451fd0b7fd76f519ebbfe"},"headline":"Evento do Sincor MG, &#8220;Roda de Conversa&#8221;, teve participa\u00e7\u00e3o da Sancor Seguros Brasil em Pouso Alegre e Varginha","datePublished":"2023-10-01T12:20:03+00:00","dateModified":"2023-10-05T16:37:43+00:00","mainEntityOfPage":{"@id":"https:\/\/www.tvuai.com.br\/portal\/evento-do-sincor-mg-roda-de-conversa-teve-participacao-da-sancor-seguros-brasil-em-pouso-alegre-e-varginha\/"},"wordCount":369,"publisher":{"@id":"https:\/\/www.tvuai.com.br\/portal\/#organization"},"image":{"@id":"https:\/\/www.tvuai.com.br\/portal\/evento-do-sincor-mg-roda-de-conversa-teve-participacao-da-sancor-seguros-brasil-em-pouso-alegre-e-varginha\/#primaryimage"},"thumbnailUrl":"https:\/\/i0.wp.com\/www.tvuai.com.br\/portal\/wp-content\/uploads\/2023\/10\/sancor0.jpg?fit=200%2C200&ssl=1","keywords":["Canal Assessorias","Darcio Bento de Melo","Edward Lange","Google","Jackeline Coutinho","Mantiseg","Minas Gerais","Neila Inoc\u00eancio","Pouso Alegre","Ricardo Zhouri","Roda de Conversa\"","Rosangela Oliveira","Sancor Seguros Brasil","Sincor MG","Sindicato dos Corretores de Seguros de Minas Gerais","Sul de Minas","TV Uai","TV UAI 23 anos","TV UAI 23 anos com voc\u00ea","TV UAI Pouso Alegre","Varginha"],"articleSection":["Economia","Not\u00edcias","\u00daltimas Not\u00edcias"],"inLanguage":"pt-BR"},{"@type":"WebPage","@id":"https:\/\/www.tvuai.com.br\/portal\/evento-do-sincor-mg-roda-de-conversa-teve-participacao-da-sancor-seguros-brasil-em-pouso-alegre-e-varginha\/","url":"https:\/\/www.tvuai.com.br\/portal\/evento-do-sincor-mg-roda-de-conversa-teve-participacao-da-sancor-seguros-brasil-em-pouso-alegre-e-varginha\/","name":"Evento do Sincor MG, \"Roda de Conversa\", teve participa\u00e7\u00e3o da Sancor Seguros Brasil em Pouso Alegre e Varginha - TVUAI","isPartOf":{"@id":"https:\/\/www.tvuai.com.br\/portal\/#website"},"primaryImageOfPage":{"@id":"https:\/\/www.tvuai.com.br\/portal\/evento-do-sincor-mg-roda-de-conversa-teve-participacao-da-sancor-seguros-brasil-em-pouso-alegre-e-varginha\/#primaryimage"},"image":{"@id":"https:\/\/www.tvuai.com.br\/portal\/evento-do-sincor-mg-roda-de-conversa-teve-participacao-da-sancor-seguros-brasil-em-pouso-alegre-e-varginha\/#primaryimage"},"thumbnailUrl":"https:\/\/i0.wp.com\/www.tvuai.com.br\/portal\/wp-content\/uploads\/2023\/10\/sancor0.jpg?fit=200%2C200&ssl=1","datePublished":"2023-10-01T12:20:03+00:00","dateModified":"2023-10-05T16:37:43+00:00","breadcrumb":{"@id":"https:\/\/www.tvuai.com.br\/portal\/evento-do-sincor-mg-roda-de-conversa-teve-participacao-da-sancor-seguros-brasil-em-pouso-alegre-e-varginha\/#breadcrumb"},"inLanguage":"pt-BR","potentialAction":[{"@type":"ReadAction","target":["https:\/\/www.tvuai.com.br\/portal\/evento-do-sincor-mg-roda-de-conversa-teve-participacao-da-sancor-seguros-brasil-em-pouso-alegre-e-varginha\/"]}]},{"@type":"ImageObject","inLanguage":"pt-BR","@id":"https:\/\/www.tvuai.com.br\/portal\/evento-do-sincor-mg-roda-de-conversa-teve-participacao-da-sancor-seguros-brasil-em-pouso-alegre-e-varginha\/#primaryimage","url":"https:\/\/i0.wp.com\/www.tvuai.com.br\/portal\/wp-content\/uploads\/2023\/10\/sancor0.jpg?fit=200%2C200&ssl=1","contentUrl":"https:\/\/i0.wp.com\/www.tvuai.com.br\/portal\/wp-content\/uploads\/2023\/10\/sancor0.jpg?fit=200%2C200&ssl=1","width":200,"height":200},{"@type":"BreadcrumbList","@id":"https:\/\/www.tvuai.com.br\/portal\/evento-do-sincor-mg-roda-de-conversa-teve-participacao-da-sancor-seguros-brasil-em-pouso-alegre-e-varginha\/#breadcrumb","itemListElement":[{"@type":"ListItem","position":1,"name":"In\u00edcio","item":"https:\/\/www.tvuai.com.br\/portal\/"},{"@type":"ListItem","position":2,"name":"Evento do Sincor MG, &#8220;Roda de Conversa&#8221;, teve participa\u00e7\u00e3o da Sancor Seguros Brasil em Pouso Alegre e Varginha"}]},{"@type":"WebSite","@id":"https:\/\/www.tvuai.com.br\/portal\/#website","url":"https:\/\/www.tvuai.com.br\/portal\/","name":"TVUAI","description":"Tudo sobre o Sul de Minas","publisher":{"@id":"https:\/\/www.tvuai.com.br\/portal\/#organization"},"potentialAction":[{"@type":"SearchAction","target":{"@type":"EntryPoint","urlTemplate":"https:\/\/www.tvuai.com.br\/portal\/?s={search_term_string}"},"query-input":{"@type":"PropertyValueSpecification","valueRequired":true,"valueName":"search_term_string"}}],"inLanguage":"pt-BR"},{"@type":"Organization","@id":"https:\/\/www.tvuai.com.br\/portal\/#organization","name":"TVUAI","url":"https:\/\/www.tvuai.com.br\/portal\/","logo":{"@type":"ImageObject","inLanguage":"pt-BR","@id":"https:\/\/www.tvuai.com.br\/portal\/#\/schema\/logo\/image\/","url":"https:\/\/i0.wp.com\/www.tvuai.com.br\/portal\/wp-content\/uploads\/2017\/12\/logo_tvuai_100H.png?fit=207%2C100&ssl=1","contentUrl":"https:\/\/i0.wp.com\/www.tvuai.com.br\/portal\/wp-content\/uploads\/2017\/12\/logo_tvuai_100H.png?fit=207%2C100&ssl=1","width":207,"height":100,"caption":"TVUAI"},"image":{"@id":"https:\/\/www.tvuai.com.br\/portal\/#\/schema\/logo\/image\/"},"sameAs":["http:\/\/www.facebook.com\/pages\/TV-Uai-Comunica\u00e7\u00e3o\/139062546157369","https:\/\/x.com\/tvuai","https:\/\/www.instagram.com\/tvuai_network\/","https:\/\/www.youtube.com\/channel\/UCB7ZPB3wRv-OpoZ_09jmnkQ"]},{"@type":"Person","@id":"https:\/\/www.tvuai.com.br\/portal\/#\/schema\/person\/245e50e9127451fd0b7fd76f519ebbfe","name":"tvuai","url":"https:\/\/www.tvuai.com.br\/portal\/author\/tvuai\/"}]}},"jetpack_featured_media_url":"https:\/\/i0.wp.com\/www.tvuai.com.br\/portal\/wp-content\/uploads\/2023\/10\/sancor0.jpg?fit=200%2C200&ssl=1","wpmagazine_modules_lite_featured_media_urls":{"thumbnail":["https:\/\/i0.wp.com\/www.tvuai.com.br\/portal\/wp-content\/uploads\/2023\/10\/sancor0.jpg?resize=150%2C150&ssl=1",150,150,true],"cvmm-medium":["https:\/\/i0.wp.com\/www.tvuai.com.br\/portal\/wp-content\/uploads\/2023\/10\/sancor0.jpg?resize=200%2C200&ssl=1",200,200,true],"cvmm-medium-plus":["https:\/\/i0.wp.com\/www.tvuai.com.br\/portal\/wp-content\/uploads\/2023\/10\/sancor0.jpg?resize=200%2C200&ssl=1",200,200,true],"cvmm-portrait":["https:\/\/i0.wp.com\/www.tvuai.com.br\/portal\/wp-content\/uploads\/2023\/10\/sancor0.jpg?resize=200%2C200&ssl=1",200,200,true],"cvmm-medium-square":["https:\/\/i0.wp.com\/www.tvuai.com.br\/portal\/wp-content\/uploads\/2023\/10\/sancor0.jpg?resize=200%2C200&ssl=1",200,200,true],"cvmm-large":["https:\/\/i0.wp.com\/www.tvuai.com.br\/portal\/wp-content\/uploads\/2023\/10\/sancor0.jpg?resize=200%2C200&ssl=1",200,200,true],"cvmm-small":["https:\/\/i0.wp.com\/www.tvuai.com.br\/portal\/wp-content\/uploads\/2023\/10\/sancor0.jpg?resize=130%2C95&ssl=1",130,95,true],"full":["https:\/\/i0.wp.com\/www.tvuai.com.br\/portal\/wp-content\/uploads\/2023\/10\/sancor0.jpg?fit=200%2C200&ssl=1",200,200,false]},"categories_names":{"1815":{"name":"Economia","link":"https:\/\/www.tvuai.com.br\/portal\/category\/economia\/"},"19":{"name":"Not\u00edcias","link":"https:\/\/www.tvuai.com.br\/portal\/category\/noticias\/"},"5":{"name":"\u00daltimas Not\u00edcias","link":"https:\/\/www.tvuai.com.br\/portal\/category\/noticias\/ultimas\/"}},"tags_names":{"2203":{"name":"Canal Assessorias","link":"https:\/\/www.tvuai.com.br\/portal\/tag\/canal-assessorias\/"},"2201":{"name":"Darcio Bento de Melo","link":"https:\/\/www.tvuai.com.br\/portal\/tag\/darcio-bento-de-melo\/"},"2205":{"name":"Edward Lange","link":"https:\/\/www.tvuai.com.br\/portal\/tag\/edward-lange\/"},"242":{"name":"Google","link":"https:\/\/www.tvuai.com.br\/portal\/tag\/google\/"},"2202":{"name":"Jackeline Coutinho","link":"https:\/\/www.tvuai.com.br\/portal\/tag\/jackeline-coutinho\/"},"2199":{"name":"Mantiseg","link":"https:\/\/www.tvuai.com.br\/portal\/tag\/mantiseg\/"},"184":{"name":"Minas Gerais","link":"https:\/\/www.tvuai.com.br\/portal\/tag\/minas-gerais\/"},"2200":{"name":"Neila Inoc\u00eancio","link":"https:\/\/www.tvuai.com.br\/portal\/tag\/neila-inocencio\/"},"37":{"name":"Pouso Alegre","link":"https:\/\/www.tvuai.com.br\/portal\/tag\/pouso-alegre\/"},"2206":{"name":"Ricardo Zhouri","link":"https:\/\/www.tvuai.com.br\/portal\/tag\/ricardo-zhouri\/"},"2197":{"name":"Roda de Conversa\"","link":"https:\/\/www.tvuai.com.br\/portal\/tag\/roda-de-conversa\/"},"2204":{"name":"Rosangela Oliveira","link":"https:\/\/www.tvuai.com.br\/portal\/tag\/rosangela-oliveira\/"},"2198":{"name":"Sancor Seguros Brasil","link":"https:\/\/www.tvuai.com.br\/portal\/tag\/sancor-seguros-brasil\/"},"2195":{"name":"Sincor MG","link":"https:\/\/www.tvuai.com.br\/portal\/tag\/sincor-mg\/"},"2196":{"name":"Sindicato dos Corretores de Seguros de Minas Gerais","link":"https:\/\/www.tvuai.com.br\/portal\/tag\/sindicato-dos-corretores-de-seguros-de-minas-gerais\/"},"39":{"name":"Sul de Minas","link":"https:\/\/www.tvuai.com.br\/portal\/tag\/sul-de-minas\/"},"27":{"name":"TV Uai","link":"https:\/\/www.tvuai.com.br\/portal\/tag\/tv-uai\/"},"1620":{"name":"TV UAI 23 anos","link":"https:\/\/www.tvuai.com.br\/portal\/tag\/tv-uai-23-anos\/"},"1619":{"name":"TV UAI 23 anos com voc\u00ea","link":"https:\/\/www.tvuai.com.br\/portal\/tag\/tv-uai-23-anos-com-voce\/"},"1618":{"name":"TV UAI Pouso Alegre","link":"https:\/\/www.tvuai.com.br\/portal\/tag\/tv-uai-pouso-alegre\/"},"277":{"name":"Varginha","link":"https:\/\/www.tvuai.com.br\/portal\/tag\/varginha\/"}},"comments_number":"0","jetpack_shortlink":"https:\/\/wp.me\/p9woix-1RA","jetpack_sharing_enabled":true,"_links":{"self":[{"href":"https:\/\/www.tvuai.com.br\/portal\/wp-json\/wp\/v2\/posts\/7166"}],"collection":[{"href":"https:\/\/www.tvuai.com.br\/portal\/wp-json\/wp\/v2\/posts"}],"about":[{"href":"https:\/\/www.tvuai.com.br\/portal\/wp-json\/wp\/v2\/types\/post"}],"author":[{"embeddable":true,"href":"https:\/\/www.tvuai.com.br\/portal\/wp-json\/wp\/v2\/users\/1"}],"replies":[{"embeddable":true,"href":"https:\/\/www.tvuai.com.br\/portal\/wp-json\/wp\/v2\/comments?post=7166"}],"version-history":[{"count":1,"href":"https:\/\/www.tvuai.com.br\/portal\/wp-json\/wp\/v2\/posts\/7166\/revisions"}],"predecessor-version":[{"id":7169,"href":"https:\/\/www.tvuai.com.br\/portal\/wp-json\/wp\/v2\/posts\/7166\/revisions\/7169"}],"wp:featuredmedia":[{"embeddable":true,"href":"https:\/\/www.tvuai.com.br\/portal\/wp-json\/wp\/v2\/media\/7168"}],"wp:attachment":[{"href":"https:\/\/www.tvuai.com.br\/portal\/wp-json\/wp\/v2\/media?parent=7166"}],"wp:term":[{"taxonomy":"category","embeddable":true,"href":"https:\/\/www.tvuai.com.br\/portal\/wp-json\/wp\/v2\/categories?post=7166"},{"taxonomy":"post_tag","embeddable":true,"href":"https:\/\/www.tvuai.com.br\/portal\/wp-json\/wp\/v2\/tags?post=7166"}],"curies":[{"name":"wp","href":"https:\/\/api.w.org\/{rel}","templated":true}]}}