{"id":620,"date":"2019-03-22T15:23:48","date_gmt":"2019-03-22T18:23:48","guid":{"rendered":"http:\/\/www.tvuai.com.br\/portal\/?p=620"},"modified":"2023-09-18T09:10:36","modified_gmt":"2023-09-18T12:10:36","slug":"univas-e-recredenciada-pelo-mec-com-nota-4","status":"publish","type":"post","link":"https:\/\/www.tvuai.com.br\/portal\/univas-e-recredenciada-pelo-mec-com-nota-4\/","title":{"rendered":"Univ\u00e1s \u00e9 recredenciada pelo MEC com nota 4"},"content":{"rendered":"<div class=\"5a1038e0903b96d426fcfcc338703013\" data-index=\"1\" style=\"float: right; margin:10px 0 10px 10px;\">\n<script async src=\"https:\/\/pagead2.googlesyndication.com\/pagead\/js\/adsbygoogle.js?client=ca-pub-9945944833605257\"\r\n     crossorigin=\"anonymous\"><\/script>\r\n<ins class=\"adsbygoogle\"\r\n     style=\"display:block; text-align:center;\"\r\n     data-ad-layout=\"in-article\"\r\n     data-ad-format=\"fluid\"\r\n     data-ad-client=\"ca-pub-9945944833605257\"\r\n     data-ad-slot=\"2343923581\"><\/ins>\r\n<script>\r\n     (adsbygoogle = window.adsbygoogle || []).push({});\r\n<\/script>\n<\/div>\n<p><img data-recalc-dims=\"1\" fetchpriority=\"high\" decoding=\"async\" class=\"aligncenter size-full wp-image-622\" src=\"https:\/\/i0.wp.com\/www.tvuai.com.br\/portal\/wp-content\/uploads\/2019\/03\/nota42.jpg?resize=600%2C350\" alt=\"\" width=\"600\" height=\"350\" \/>A Universidade do Vale do Sapuca\u00ed (Univ\u00e1s) foi recredenciada pelo Minist\u00e9rio da Educa\u00e7\u00e3o e Cultura (MEC) como Universidade com nota 4, uma excelente marca, tendo em vista que a nota m\u00e1xima \u00e9 5.<\/p>\n<p>O reitor da Univ\u00e1s, professor Dr. Ant\u00f4nio Carlos Aguiar Brand\u00e3o comemora o resultado positivo da institui\u00e7\u00e3o. \u201cEssa nota 4 apontada pelo MEC demonstra que nossa Univ\u00e1s est\u00e1 no rumo certo. \u00c9 preciso parabenizar nosso corpo docente e discente e nossos funcion\u00e1rios pelo brilhante resultado, que \u00e9 fruto de muito trabalho, compet\u00eancia e uni\u00e3o. A nota 4 \u00e9 praticamente a m\u00e1xima, tendo em vista que foram avaliados nosso ensino e nossa infraestrutura\u201d, disse o reitor da Univ\u00e1s.<\/p>\n<p>O Conselho Diretor da Funda\u00e7\u00e3o de Ensino Superior do Vale do Sapuca\u00ed (FUVS), que \u00e9 mantenedora da Univ\u00e1s, tamb\u00e9m comemora o excelente resultado do recredenciamento da institui\u00e7\u00e3o pelo MEC. \u201cParabenizo o reitor da Univ\u00e1s, professor Ant\u00f4nio Carlos e todos os professores da Univ\u00e1s envolvidos neste recredenciamento do MEC. O resultado positivo, uma nota 4, na m\u00e1xima de 5, demonstra que os trabalhos de nosso Conselho Diretor est\u00e3o no rumo certo. As medidas amargas tomadas nos \u00faltimos meses foram necess\u00e1rias para que consegu\u00edssemos esse bel\u00edssimo resultado. Registro tamb\u00e9m o apoio do diretor Executivo Igor Oshiro, que teve um papel fundamental na reestrutura\u00e7\u00e3o da Univ\u00e1s e nossos colaboradores\u201d, disse o presidente da FUVS, Jos\u00e9 Walter da Mota Matos.<\/p>\n<p>O vice-presidente da FUVS Eli\u00e9ser Castro e Paiva tamb\u00e9m comemora o resultado do MEC. \u201c\u00c9 com muita satisfa\u00e7\u00e3o e alegria que compartilhamos esse brilhante resultado da Univ\u00e1s. Parab\u00e9ns aos nossos professores, alunos e colaboradores. Cada vez mais tenho a certeza de que os alunos estudam em uma Universidade de qualidade e excel\u00eancia\u201d, disse Eli\u00e9ser Paiva.<\/p>\n<p>Quem tamb\u00e9m comemora o resultado do recredenciamento da Univ\u00e1s com nota 4 pelo MEC \u00e9 o conselheiro Lucas Silveira. \u201cAlegria, emo\u00e7\u00e3o e satisfa\u00e7\u00e3o, esses s\u00e3o os adjetivos que utilizo para expressar o meu contentamento com o resultado positivo de nossa Univ\u00e1s. Hoje os alunos t\u00eam a certeza de que sair\u00e3o formados em uma institui\u00e7\u00e3o de qualidade e excel\u00eancia. Parabenizo tamb\u00e9m os colaboradores, professores, diretores, pr\u00f3-reitores e reitor pelos trabalhos desenvolvidos em prol da Univ\u00e1s\u201d, disse Lucas Silveira.<\/p>\n<p>Com este resultado positivo, nota 4 obtida pelo MEC, a Univ\u00e1s se consolida como Universidade que oferece cursos de gradua\u00e7\u00e3o e p\u00f3s-gradua\u00e7\u00e3o com qualidade e excel\u00eancia para a regi\u00e3o sul-mineira.<\/p>\n<p><img data-recalc-dims=\"1\" decoding=\"async\" class=\"aligncenter size-full wp-image-623\" src=\"https:\/\/i0.wp.com\/www.tvuai.com.br\/portal\/wp-content\/uploads\/2019\/03\/nota43.jpg?resize=600%2C395\" alt=\"\" width=\"600\" height=\"395\" \/><\/p>\n<p><img data-recalc-dims=\"1\" decoding=\"async\" class=\"aligncenter size-full wp-image-621\" src=\"https:\/\/i0.wp.com\/www.tvuai.com.br\/portal\/wp-content\/uploads\/2019\/03\/nota41.jpg?resize=600%2C385\" alt=\"\" width=\"600\" height=\"385\" \/><\/p>\n<h6 style=\"text-align: right\"><em><strong>Informe publicit\u00e1rio<\/strong><\/em><\/h6>\n\n<div style=\"font-size: 0px; height: 0px; line-height: 0px; margin: 0; padding: 0; clear: both;\"><\/div><div class='share-to-whatsapp-wrapper'><div class='share-on-whsp'>Share on: <\/div><a data-text='Univ\u00e1s \u00e9 recredenciada pelo MEC com nota 4' data-link='https:\/\/www.tvuai.com.br\/portal\/univas-e-recredenciada-pelo-mec-com-nota-4\/' class='whatsapp-button whatsapp-share'>WhatsApp<\/a><div class='clear '><\/div><\/div><!-- AddThis Advanced Settings generic via filter on the_content --><!-- AddThis Share Buttons generic via filter on the_content -->","protected":false},"excerpt":{"rendered":"<p>A Universidade do Vale do Sapuca\u00ed (Univ\u00e1s) foi recredenciada pelo Minist\u00e9rio da Educa\u00e7\u00e3o e Cultura (MEC) como Universidade com nota 4, uma excelente marca, tendo em vista que a nota m\u00e1xima \u00e9 5. O reitor da Univ\u00e1s, professor Dr. Ant\u00f4nio Carlos Aguiar Brand\u00e3o comemora o resultado positivo da institui\u00e7\u00e3o. \u201cEssa nota 4 apontada pelo MEC [&hellip;]<!-- AddThis Advanced Settings generic via filter on get_the_excerpt --><!-- AddThis Share Buttons generic via filter on get_the_excerpt --><\/p>\n","protected":false},"author":2,"featured_media":0,"comment_status":"closed","ping_status":"closed","sticky":false,"template":"","format":"standard","meta":{"jetpack_post_was_ever_published":false,"_jetpack_newsletter_access":"","_jetpack_dont_email_post_to_subs":false,"_jetpack_newsletter_tier_id":0,"_jetpack_memberships_contains_paywalled_content":false,"_jetpack_memberships_contains_paid_content":false,"_joinchat":[],"footnotes":"","jetpack_publicize_message":"","jetpack_publicize_feature_enabled":true,"jetpack_social_post_already_shared":true,"jetpack_social_options":{"image_generator_settings":{"template":"highway","enabled":false},"version":2}},"categories":[1845,19],"tags":[],"class_list":["post-620","post","type-post","status-publish","format-standard","hentry","category-educacao","category-noticias"],"jetpack_publicize_connections":[],"yoast_head":"<!-- This site is optimized with the Yoast SEO plugin v23.5 - https:\/\/yoast.com\/wordpress\/plugins\/seo\/ -->\n<title>Univ\u00e1s \u00e9 recredenciada pelo MEC com nota 4 - TVUAI<\/title>\n<meta name=\"robots\" content=\"index, follow, max-snippet:-1, max-image-preview:large, max-video-preview:-1\" \/>\n<link rel=\"canonical\" href=\"https:\/\/www.tvuai.com.br\/portal\/univas-e-recredenciada-pelo-mec-com-nota-4\/\" \/>\n<meta property=\"og:locale\" content=\"pt_BR\" \/>\n<meta property=\"og:type\" content=\"article\" \/>\n<meta property=\"og:title\" content=\"Univ\u00e1s \u00e9 recredenciada pelo MEC com nota 4 - TVUAI\" \/>\n<meta property=\"og:description\" content=\"A Universidade do Vale do Sapuca\u00ed (Univ\u00e1s) foi recredenciada pelo Minist\u00e9rio da Educa\u00e7\u00e3o e Cultura (MEC) como Universidade com nota 4, uma excelente marca, tendo em vista que a nota m\u00e1xima \u00e9 5. O reitor da Univ\u00e1s, professor Dr. Ant\u00f4nio Carlos Aguiar Brand\u00e3o comemora o resultado positivo da institui\u00e7\u00e3o. \u201cEssa nota 4 apontada pelo MEC [&hellip;]\" \/>\n<meta property=\"og:url\" content=\"https:\/\/www.tvuai.com.br\/portal\/univas-e-recredenciada-pelo-mec-com-nota-4\/\" \/>\n<meta property=\"og:site_name\" content=\"TVUAI\" \/>\n<meta property=\"article:publisher\" content=\"http:\/\/www.facebook.com\/pages\/TV-Uai-Comunica%c3%a7%c3%a3o\/139062546157369\" \/>\n<meta property=\"article:author\" content=\"https:\/\/www.facebook.com\/tvuai\/\" \/>\n<meta property=\"article:published_time\" content=\"2019-03-22T18:23:48+00:00\" \/>\n<meta property=\"article:modified_time\" content=\"2023-09-18T12:10:36+00:00\" \/>\n<meta property=\"og:image\" content=\"http:\/\/www.tvuai.com.br\/portal\/wp-content\/uploads\/2019\/03\/nota42.jpg\" \/>\n<meta name=\"author\" content=\"Rosy Pantale\u00e3o\" \/>\n<meta name=\"twitter:card\" content=\"summary_large_image\" \/>\n<meta name=\"twitter:creator\" content=\"@tvuai\" \/>\n<meta name=\"twitter:site\" content=\"@tvuai\" \/>\n<meta name=\"twitter:label1\" content=\"Escrito por\" \/>\n\t<meta name=\"twitter:data1\" content=\"Rosy Pantale\u00e3o\" \/>\n\t<meta name=\"twitter:label2\" content=\"Est. tempo de leitura\" \/>\n\t<meta name=\"twitter:data2\" content=\"2 minutos\" \/>\n<script type=\"application\/ld+json\" class=\"yoast-schema-graph\">{\"@context\":\"https:\/\/schema.org\",\"@graph\":[{\"@type\":\"Article\",\"@id\":\"https:\/\/www.tvuai.com.br\/portal\/univas-e-recredenciada-pelo-mec-com-nota-4\/#article\",\"isPartOf\":{\"@id\":\"https:\/\/www.tvuai.com.br\/portal\/univas-e-recredenciada-pelo-mec-com-nota-4\/\"},\"author\":{\"name\":\"Rosy Pantale\u00e3o\",\"@id\":\"https:\/\/www.tvuai.com.br\/portal\/#\/schema\/person\/d1c5c2b1dc1e658906286802aad38555\"},\"headline\":\"Univ\u00e1s \u00e9 recredenciada pelo MEC com nota 4\",\"datePublished\":\"2019-03-22T18:23:48+00:00\",\"dateModified\":\"2023-09-18T12:10:36+00:00\",\"mainEntityOfPage\":{\"@id\":\"https:\/\/www.tvuai.com.br\/portal\/univas-e-recredenciada-pelo-mec-com-nota-4\/\"},\"wordCount\":437,\"publisher\":{\"@id\":\"https:\/\/www.tvuai.com.br\/portal\/#organization\"},\"image\":{\"@id\":\"https:\/\/www.tvuai.com.br\/portal\/univas-e-recredenciada-pelo-mec-com-nota-4\/#primaryimage\"},\"thumbnailUrl\":\"http:\/\/www.tvuai.com.br\/portal\/wp-content\/uploads\/2019\/03\/nota42.jpg\",\"articleSection\":[\"Educa\u00e7\u00e3o\",\"Not\u00edcias\"],\"inLanguage\":\"pt-BR\"},{\"@type\":\"WebPage\",\"@id\":\"https:\/\/www.tvuai.com.br\/portal\/univas-e-recredenciada-pelo-mec-com-nota-4\/\",\"url\":\"https:\/\/www.tvuai.com.br\/portal\/univas-e-recredenciada-pelo-mec-com-nota-4\/\",\"name\":\"Univ\u00e1s \u00e9 recredenciada pelo MEC com nota 4 - TVUAI\",\"isPartOf\":{\"@id\":\"https:\/\/www.tvuai.com.br\/portal\/#website\"},\"primaryImageOfPage\":{\"@id\":\"https:\/\/www.tvuai.com.br\/portal\/univas-e-recredenciada-pelo-mec-com-nota-4\/#primaryimage\"},\"image\":{\"@id\":\"https:\/\/www.tvuai.com.br\/portal\/univas-e-recredenciada-pelo-mec-com-nota-4\/#primaryimage\"},\"thumbnailUrl\":\"http:\/\/www.tvuai.com.br\/portal\/wp-content\/uploads\/2019\/03\/nota42.jpg\",\"datePublished\":\"2019-03-22T18:23:48+00:00\",\"dateModified\":\"2023-09-18T12:10:36+00:00\",\"breadcrumb\":{\"@id\":\"https:\/\/www.tvuai.com.br\/portal\/univas-e-recredenciada-pelo-mec-com-nota-4\/#breadcrumb\"},\"inLanguage\":\"pt-BR\",\"potentialAction\":[{\"@type\":\"ReadAction\",\"target\":[\"https:\/\/www.tvuai.com.br\/portal\/univas-e-recredenciada-pelo-mec-com-nota-4\/\"]}]},{\"@type\":\"ImageObject\",\"inLanguage\":\"pt-BR\",\"@id\":\"https:\/\/www.tvuai.com.br\/portal\/univas-e-recredenciada-pelo-mec-com-nota-4\/#primaryimage\",\"url\":\"http:\/\/www.tvuai.com.br\/portal\/wp-content\/uploads\/2019\/03\/nota42.jpg\",\"contentUrl\":\"http:\/\/www.tvuai.com.br\/portal\/wp-content\/uploads\/2019\/03\/nota42.jpg\"},{\"@type\":\"BreadcrumbList\",\"@id\":\"https:\/\/www.tvuai.com.br\/portal\/univas-e-recredenciada-pelo-mec-com-nota-4\/#breadcrumb\",\"itemListElement\":[{\"@type\":\"ListItem\",\"position\":1,\"name\":\"In\u00edcio\",\"item\":\"https:\/\/www.tvuai.com.br\/portal\/\"},{\"@type\":\"ListItem\",\"position\":2,\"name\":\"Univ\u00e1s \u00e9 recredenciada pelo MEC com nota 4\"}]},{\"@type\":\"WebSite\",\"@id\":\"https:\/\/www.tvuai.com.br\/portal\/#website\",\"url\":\"https:\/\/www.tvuai.com.br\/portal\/\",\"name\":\"TVUAI\",\"description\":\"Tudo sobre o Sul de Minas\",\"publisher\":{\"@id\":\"https:\/\/www.tvuai.com.br\/portal\/#organization\"},\"potentialAction\":[{\"@type\":\"SearchAction\",\"target\":{\"@type\":\"EntryPoint\",\"urlTemplate\":\"https:\/\/www.tvuai.com.br\/portal\/?s={search_term_string}\"},\"query-input\":{\"@type\":\"PropertyValueSpecification\",\"valueRequired\":true,\"valueName\":\"search_term_string\"}}],\"inLanguage\":\"pt-BR\"},{\"@type\":\"Organization\",\"@id\":\"https:\/\/www.tvuai.com.br\/portal\/#organization\",\"name\":\"TVUAI\",\"url\":\"https:\/\/www.tvuai.com.br\/portal\/\",\"logo\":{\"@type\":\"ImageObject\",\"inLanguage\":\"pt-BR\",\"@id\":\"https:\/\/www.tvuai.com.br\/portal\/#\/schema\/logo\/image\/\",\"url\":\"https:\/\/i0.wp.com\/www.tvuai.com.br\/portal\/wp-content\/uploads\/2017\/12\/logo_tvuai_100H.png?fit=207%2C100&ssl=1\",\"contentUrl\":\"https:\/\/i0.wp.com\/www.tvuai.com.br\/portal\/wp-content\/uploads\/2017\/12\/logo_tvuai_100H.png?fit=207%2C100&ssl=1\",\"width\":207,\"height\":100,\"caption\":\"TVUAI\"},\"image\":{\"@id\":\"https:\/\/www.tvuai.com.br\/portal\/#\/schema\/logo\/image\/\"},\"sameAs\":[\"http:\/\/www.facebook.com\/pages\/TV-Uai-Comunica\u00e7\u00e3o\/139062546157369\",\"https:\/\/x.com\/tvuai\",\"https:\/\/www.instagram.com\/tvuai_network\/\",\"https:\/\/www.youtube.com\/channel\/UCB7ZPB3wRv-OpoZ_09jmnkQ\"]},{\"@type\":\"Person\",\"@id\":\"https:\/\/www.tvuai.com.br\/portal\/#\/schema\/person\/d1c5c2b1dc1e658906286802aad38555\",\"name\":\"Rosy Pantale\u00e3o\",\"sameAs\":[\"https:\/\/www.tvuai.com.br\/portal\/\",\"https:\/\/www.facebook.com\/tvuai\/\",\"https:\/\/www.instagram.com\/tvuai\",\"https:\/\/x.com\/tvuai\",\"https:\/\/www.youtube.com\/channel\/UCB7ZPB3wRv-OpoZ_09jmnkQ\",\"tvuai\"],\"url\":\"https:\/\/www.tvuai.com.br\/portal\/author\/rosy\/\"}]}<\/script>\n<!-- \/ Yoast SEO plugin. -->","yoast_head_json":{"title":"Univ\u00e1s \u00e9 recredenciada pelo MEC com nota 4 - TVUAI","robots":{"index":"index","follow":"follow","max-snippet":"max-snippet:-1","max-image-preview":"max-image-preview:large","max-video-preview":"max-video-preview:-1"},"canonical":"https:\/\/www.tvuai.com.br\/portal\/univas-e-recredenciada-pelo-mec-com-nota-4\/","og_locale":"pt_BR","og_type":"article","og_title":"Univ\u00e1s \u00e9 recredenciada pelo MEC com nota 4 - TVUAI","og_description":"A Universidade do Vale do Sapuca\u00ed (Univ\u00e1s) foi recredenciada pelo Minist\u00e9rio da Educa\u00e7\u00e3o e Cultura (MEC) como Universidade com nota 4, uma excelente marca, tendo em vista que a nota m\u00e1xima \u00e9 5. O reitor da Univ\u00e1s, professor Dr. Ant\u00f4nio Carlos Aguiar Brand\u00e3o comemora o resultado positivo da institui\u00e7\u00e3o. \u201cEssa nota 4 apontada pelo MEC [&hellip;]","og_url":"https:\/\/www.tvuai.com.br\/portal\/univas-e-recredenciada-pelo-mec-com-nota-4\/","og_site_name":"TVUAI","article_publisher":"http:\/\/www.facebook.com\/pages\/TV-Uai-Comunica%c3%a7%c3%a3o\/139062546157369","article_author":"https:\/\/www.facebook.com\/tvuai\/","article_published_time":"2019-03-22T18:23:48+00:00","article_modified_time":"2023-09-18T12:10:36+00:00","og_image":[{"url":"http:\/\/www.tvuai.com.br\/portal\/wp-content\/uploads\/2019\/03\/nota42.jpg"}],"author":"Rosy Pantale\u00e3o","twitter_card":"summary_large_image","twitter_creator":"@tvuai","twitter_site":"@tvuai","twitter_misc":{"Escrito por":"Rosy Pantale\u00e3o","Est. tempo de leitura":"2 minutos"},"schema":{"@context":"https:\/\/schema.org","@graph":[{"@type":"Article","@id":"https:\/\/www.tvuai.com.br\/portal\/univas-e-recredenciada-pelo-mec-com-nota-4\/#article","isPartOf":{"@id":"https:\/\/www.tvuai.com.br\/portal\/univas-e-recredenciada-pelo-mec-com-nota-4\/"},"author":{"name":"Rosy Pantale\u00e3o","@id":"https:\/\/www.tvuai.com.br\/portal\/#\/schema\/person\/d1c5c2b1dc1e658906286802aad38555"},"headline":"Univ\u00e1s \u00e9 recredenciada pelo MEC com nota 4","datePublished":"2019-03-22T18:23:48+00:00","dateModified":"2023-09-18T12:10:36+00:00","mainEntityOfPage":{"@id":"https:\/\/www.tvuai.com.br\/portal\/univas-e-recredenciada-pelo-mec-com-nota-4\/"},"wordCount":437,"publisher":{"@id":"https:\/\/www.tvuai.com.br\/portal\/#organization"},"image":{"@id":"https:\/\/www.tvuai.com.br\/portal\/univas-e-recredenciada-pelo-mec-com-nota-4\/#primaryimage"},"thumbnailUrl":"http:\/\/www.tvuai.com.br\/portal\/wp-content\/uploads\/2019\/03\/nota42.jpg","articleSection":["Educa\u00e7\u00e3o","Not\u00edcias"],"inLanguage":"pt-BR"},{"@type":"WebPage","@id":"https:\/\/www.tvuai.com.br\/portal\/univas-e-recredenciada-pelo-mec-com-nota-4\/","url":"https:\/\/www.tvuai.com.br\/portal\/univas-e-recredenciada-pelo-mec-com-nota-4\/","name":"Univ\u00e1s \u00e9 recredenciada pelo MEC com nota 4 - TVUAI","isPartOf":{"@id":"https:\/\/www.tvuai.com.br\/portal\/#website"},"primaryImageOfPage":{"@id":"https:\/\/www.tvuai.com.br\/portal\/univas-e-recredenciada-pelo-mec-com-nota-4\/#primaryimage"},"image":{"@id":"https:\/\/www.tvuai.com.br\/portal\/univas-e-recredenciada-pelo-mec-com-nota-4\/#primaryimage"},"thumbnailUrl":"http:\/\/www.tvuai.com.br\/portal\/wp-content\/uploads\/2019\/03\/nota42.jpg","datePublished":"2019-03-22T18:23:48+00:00","dateModified":"2023-09-18T12:10:36+00:00","breadcrumb":{"@id":"https:\/\/www.tvuai.com.br\/portal\/univas-e-recredenciada-pelo-mec-com-nota-4\/#breadcrumb"},"inLanguage":"pt-BR","potentialAction":[{"@type":"ReadAction","target":["https:\/\/www.tvuai.com.br\/portal\/univas-e-recredenciada-pelo-mec-com-nota-4\/"]}]},{"@type":"ImageObject","inLanguage":"pt-BR","@id":"https:\/\/www.tvuai.com.br\/portal\/univas-e-recredenciada-pelo-mec-com-nota-4\/#primaryimage","url":"http:\/\/www.tvuai.com.br\/portal\/wp-content\/uploads\/2019\/03\/nota42.jpg","contentUrl":"http:\/\/www.tvuai.com.br\/portal\/wp-content\/uploads\/2019\/03\/nota42.jpg"},{"@type":"BreadcrumbList","@id":"https:\/\/www.tvuai.com.br\/portal\/univas-e-recredenciada-pelo-mec-com-nota-4\/#breadcrumb","itemListElement":[{"@type":"ListItem","position":1,"name":"In\u00edcio","item":"https:\/\/www.tvuai.com.br\/portal\/"},{"@type":"ListItem","position":2,"name":"Univ\u00e1s \u00e9 recredenciada pelo MEC com nota 4"}]},{"@type":"WebSite","@id":"https:\/\/www.tvuai.com.br\/portal\/#website","url":"https:\/\/www.tvuai.com.br\/portal\/","name":"TVUAI","description":"Tudo sobre o Sul de Minas","publisher":{"@id":"https:\/\/www.tvuai.com.br\/portal\/#organization"},"potentialAction":[{"@type":"SearchAction","target":{"@type":"EntryPoint","urlTemplate":"https:\/\/www.tvuai.com.br\/portal\/?s={search_term_string}"},"query-input":{"@type":"PropertyValueSpecification","valueRequired":true,"valueName":"search_term_string"}}],"inLanguage":"pt-BR"},{"@type":"Organization","@id":"https:\/\/www.tvuai.com.br\/portal\/#organization","name":"TVUAI","url":"https:\/\/www.tvuai.com.br\/portal\/","logo":{"@type":"ImageObject","inLanguage":"pt-BR","@id":"https:\/\/www.tvuai.com.br\/portal\/#\/schema\/logo\/image\/","url":"https:\/\/i0.wp.com\/www.tvuai.com.br\/portal\/wp-content\/uploads\/2017\/12\/logo_tvuai_100H.png?fit=207%2C100&ssl=1","contentUrl":"https:\/\/i0.wp.com\/www.tvuai.com.br\/portal\/wp-content\/uploads\/2017\/12\/logo_tvuai_100H.png?fit=207%2C100&ssl=1","width":207,"height":100,"caption":"TVUAI"},"image":{"@id":"https:\/\/www.tvuai.com.br\/portal\/#\/schema\/logo\/image\/"},"sameAs":["http:\/\/www.facebook.com\/pages\/TV-Uai-Comunica\u00e7\u00e3o\/139062546157369","https:\/\/x.com\/tvuai","https:\/\/www.instagram.com\/tvuai_network\/","https:\/\/www.youtube.com\/channel\/UCB7ZPB3wRv-OpoZ_09jmnkQ"]},{"@type":"Person","@id":"https:\/\/www.tvuai.com.br\/portal\/#\/schema\/person\/d1c5c2b1dc1e658906286802aad38555","name":"Rosy Pantale\u00e3o","sameAs":["https:\/\/www.tvuai.com.br\/portal\/","https:\/\/www.facebook.com\/tvuai\/","https:\/\/www.instagram.com\/tvuai","https:\/\/x.com\/tvuai","https:\/\/www.youtube.com\/channel\/UCB7ZPB3wRv-OpoZ_09jmnkQ","tvuai"],"url":"https:\/\/www.tvuai.com.br\/portal\/author\/rosy\/"}]}},"jetpack_featured_media_url":"","wpmagazine_modules_lite_featured_media_urls":{"thumbnail":"","cvmm-medium":"","cvmm-medium-plus":"","cvmm-portrait":"","cvmm-medium-square":"","cvmm-large":"","cvmm-small":"","full":""},"categories_names":{"1845":{"name":"Educa\u00e7\u00e3o","link":"https:\/\/www.tvuai.com.br\/portal\/category\/educacao\/"},"19":{"name":"Not\u00edcias","link":"https:\/\/www.tvuai.com.br\/portal\/category\/noticias\/"}},"tags_names":[],"comments_number":"0","jetpack_shortlink":"https:\/\/wp.me\/p9woix-a0","jetpack_sharing_enabled":true,"_links":{"self":[{"href":"https:\/\/www.tvuai.com.br\/portal\/wp-json\/wp\/v2\/posts\/620"}],"collection":[{"href":"https:\/\/www.tvuai.com.br\/portal\/wp-json\/wp\/v2\/posts"}],"about":[{"href":"https:\/\/www.tvuai.com.br\/portal\/wp-json\/wp\/v2\/types\/post"}],"author":[{"embeddable":true,"href":"https:\/\/www.tvuai.com.br\/portal\/wp-json\/wp\/v2\/users\/2"}],"replies":[{"embeddable":true,"href":"https:\/\/www.tvuai.com.br\/portal\/wp-json\/wp\/v2\/comments?post=620"}],"version-history":[{"count":2,"href":"https:\/\/www.tvuai.com.br\/portal\/wp-json\/wp\/v2\/posts\/620\/revisions"}],"predecessor-version":[{"id":718,"href":"https:\/\/www.tvuai.com.br\/portal\/wp-json\/wp\/v2\/posts\/620\/revisions\/718"}],"wp:attachment":[{"href":"https:\/\/www.tvuai.com.br\/portal\/wp-json\/wp\/v2\/media?parent=620"}],"wp:term":[{"taxonomy":"category","embeddable":true,"href":"https:\/\/www.tvuai.com.br\/portal\/wp-json\/wp\/v2\/categories?post=620"},{"taxonomy":"post_tag","embeddable":true,"href":"https:\/\/www.tvuai.com.br\/portal\/wp-json\/wp\/v2\/tags?post=620"}],"curies":[{"name":"wp","href":"https:\/\/api.w.org\/{rel}","templated":true}]}}