{"id":6134,"date":"2023-03-30T20:21:01","date_gmt":"2023-03-30T23:21:01","guid":{"rendered":"https:\/\/www.tvuai.com.br\/portal\/?p=6134"},"modified":"2023-04-11T08:37:38","modified_gmt":"2023-04-11T11:37:38","slug":"anvisa-suspende-fabricacao-comercializacao-e-uso-de-alimentos-da-marca-fugini","status":"publish","type":"post","link":"https:\/\/www.tvuai.com.br\/portal\/anvisa-suspende-fabricacao-comercializacao-e-uso-de-alimentos-da-marca-fugini\/","title":{"rendered":"Anvisa suspende fabrica\u00e7\u00e3o, comercializa\u00e7\u00e3o e uso de alimentos da marca Fugini"},"content":{"rendered":"<div class=\"5a1038e0903b96d426fcfcc338703013\" data-index=\"1\" style=\"float: right; margin:10px 0 10px 10px;\">\n<script async src=\"https:\/\/pagead2.googlesyndication.com\/pagead\/js\/adsbygoogle.js?client=ca-pub-9945944833605257\"\r\n     crossorigin=\"anonymous\"><\/script>\r\n<ins class=\"adsbygoogle\"\r\n     style=\"display:block; text-align:center;\"\r\n     data-ad-layout=\"in-article\"\r\n     data-ad-format=\"fluid\"\r\n     data-ad-client=\"ca-pub-9945944833605257\"\r\n     data-ad-slot=\"2343923581\"><\/ins>\r\n<script>\r\n     (adsbygoogle = window.adsbygoogle || []).push({});\r\n<\/script>\n<\/div>\n<p style=\"text-align: left;\">\n<div class=\"jetpack-video-wrapper\"><iframe title=\"Anvisa suspende fabrica\u00e7\u00e3o e venda de alimentos da marca Fugini\" width=\"640\" height=\"360\" src=\"https:\/\/www.youtube.com\/embed\/k8X6xEIahp8?feature=oembed\" frameborder=\"0\" allow=\"accelerometer; autoplay; clipboard-write; encrypted-media; gyroscope; picture-in-picture; web-share\" referrerpolicy=\"strict-origin-when-cross-origin\" allowfullscreen><\/iframe><\/div>\n<\/p>\n<p>&nbsp;<\/p>\n<h5 style=\"text-align: center;\"><em><strong>Inspe\u00e7\u00e3o do \u00f3rg\u00e3o identificou irregularidades em f\u00e1bricas da empresa<\/strong><\/em><\/h5>\n<p style=\"text-align: center;\"><span style=\"color: #ff6600;\"><strong>Se preferir, escute a mat\u00e9ria completa no \u00e1udio<\/strong><\/span><\/p>\n<p>&nbsp;<\/p>\n<!--[if lt IE 9]><script>document.createElement('audio');<\/script><![endif]-->\n<audio class=\"wp-audio-shortcode\" id=\"audio-6134-1\" preload=\"none\" style=\"width: 100%;\" controls=\"controls\"><source type=\"audio\/mpeg\" src=\"https:\/\/www.tvuai.com.br\/portal\/wp-content\/uploads\/2023\/03\/fuginiaudio.mp3?_=1\" \/><a href=\"https:\/\/www.tvuai.com.br\/portal\/wp-content\/uploads\/2023\/03\/fuginiaudio.mp3\">https:\/\/www.tvuai.com.br\/portal\/wp-content\/uploads\/2023\/03\/fuginiaudio.mp3<\/a><\/audio>\n<p>&nbsp;<\/p>\n<p><img data-recalc-dims=\"1\" decoding=\"async\" data-attachment-id=\"6139\" data-permalink=\"https:\/\/www.tvuai.com.br\/portal\/anvisa-suspende-fabricacao-comercializacao-e-uso-de-alimentos-da-marca-fugini\/fugini1\/\" data-orig-file=\"https:\/\/i0.wp.com\/www.tvuai.com.br\/portal\/wp-content\/uploads\/2023\/03\/fugini1.jpg?fit=1349%2C589&amp;ssl=1\" data-orig-size=\"1349,589\" data-comments-opened=\"0\" data-image-meta=\"{&quot;aperture&quot;:&quot;0&quot;,&quot;credit&quot;:&quot;&quot;,&quot;camera&quot;:&quot;&quot;,&quot;caption&quot;:&quot;&quot;,&quot;created_timestamp&quot;:&quot;0&quot;,&quot;copyright&quot;:&quot;&quot;,&quot;focal_length&quot;:&quot;0&quot;,&quot;iso&quot;:&quot;0&quot;,&quot;shutter_speed&quot;:&quot;0&quot;,&quot;title&quot;:&quot;&quot;,&quot;orientation&quot;:&quot;1&quot;}\" data-image-title=\"fugini1\" data-image-description=\"\" data-image-caption=\"\" data-medium-file=\"https:\/\/i0.wp.com\/www.tvuai.com.br\/portal\/wp-content\/uploads\/2023\/03\/fugini1.jpg?fit=300%2C131&amp;ssl=1\" data-large-file=\"https:\/\/i0.wp.com\/www.tvuai.com.br\/portal\/wp-content\/uploads\/2023\/03\/fugini1.jpg?fit=640%2C279&amp;ssl=1\" tabindex=\"0\" role=\"button\" class=\"size-medium wp-image-6139 alignright\" src=\"https:\/\/i0.wp.com\/www.tvuai.com.br\/portal\/wp-content\/uploads\/2023\/03\/fugini1.jpg?resize=300%2C131&#038;ssl=1\" alt=\"\" width=\"300\" height=\"131\" srcset=\"https:\/\/i0.wp.com\/www.tvuai.com.br\/portal\/wp-content\/uploads\/2023\/03\/fugini1.jpg?resize=300%2C131&amp;ssl=1 300w, https:\/\/i0.wp.com\/www.tvuai.com.br\/portal\/wp-content\/uploads\/2023\/03\/fugini1.jpg?resize=1024%2C447&amp;ssl=1 1024w, https:\/\/i0.wp.com\/www.tvuai.com.br\/portal\/wp-content\/uploads\/2023\/03\/fugini1.jpg?resize=768%2C335&amp;ssl=1 768w, https:\/\/i0.wp.com\/www.tvuai.com.br\/portal\/wp-content\/uploads\/2023\/03\/fugini1.jpg?resize=600%2C262&amp;ssl=1 600w, https:\/\/i0.wp.com\/www.tvuai.com.br\/portal\/wp-content\/uploads\/2023\/03\/fugini1.jpg?w=1349&amp;ssl=1 1349w, https:\/\/i0.wp.com\/www.tvuai.com.br\/portal\/wp-content\/uploads\/2023\/03\/fugini1.jpg?w=1280&amp;ssl=1 1280w\" sizes=\"(max-width: 300px) 100vw, 300px\" \/>A Ag\u00eancia Nacional de Vigil\u00e2ncia Sanit\u00e1ria &#8211; Anvisa &#8211;\u00a0 suspendeu, nesta quarta-feira, 29, a fabrica\u00e7\u00e3o, comercializa\u00e7\u00e3o, distribui\u00e7\u00e3o e uso de todos os alimentos da marca Fugini, sediada em Monte Alto, S\u00e3o Paulo. A empresa produz molhos de tomate, maionese, mostarda, ketchup, batata palha e conservas vegetais.<\/p>\n<p>Segundo a Anvisa, a medida preventiva foi tomada ap\u00f3s a realiza\u00e7\u00e3o de inspe\u00e7\u00e3o sanit\u00e1ria na f\u00e1brica paulista, em que foram identificadas falhas graves de boas pr\u00e1ticas de fabrica\u00e7\u00e3o relacionadas \u00e0 higiene, controle de qualidade e seguran\u00e7a das mat\u00e9rias-primas, controle de pragas, rastreabilidade, entre outros. Essas falhas podem impactar na qualidade e seguran\u00e7a do produto final, aponta o \u00f3rg\u00e3o de vigil\u00e2ncia.<\/p>\n<p>A suspens\u00e3o da comercializa\u00e7\u00e3o e distribui\u00e7\u00e3o ser\u00e1 aplicada apenas para os produtos em estoque na empresa. O retorno das atividades s\u00f3 poder\u00e1 ocorrer quando a empresa adequar o processo de fabrica\u00e7\u00e3o de seus produtos \u00e0s boas pr\u00e1ticas de fabrica\u00e7\u00e3o definidas pela Anvisa.<\/p>\n<p>A Anvisa ainda far\u00e1 o recolhimento de lotes da maionese por uso de mat\u00e9ria-prima vencida. \u201cAlimentos vencidos, incluindo suas mat\u00e9rias-primas, s\u00e3o considerados impr\u00f3prios para o consumo, conforme C\u00f3digo de Defesa do Consumidor, e a sua exposi\u00e7\u00e3o \u00e0 venda ou ao consumo \u00e9 considerada infra\u00e7\u00e3o sanit\u00e1ria. Assim, o recolhimento de alimentos visa retirar do mercado produtos que representem risco ou agravo \u00e0 sa\u00fade do consumidor\u201d, informa a Anvisa.<\/p>\n<p style=\"text-align: center;\"><strong>Boas Pr\u00e1ticas de Fabrica\u00e7\u00e3o<\/strong><\/p>\n<p>Segundo a Anvisa, as boas pr\u00e1ticas de fabrica\u00e7\u00e3o s\u00e3o um conjunto de procedimentos que devem ser seguidos por empresas fabricantes de alimentos, necess\u00e1rias para garantir a qualidade sanit\u00e1ria desses produtos.<\/p>\n<p>As pr\u00e1ticas englobam uma s\u00e9rie de regras relacionadas \u00e0 fabrica\u00e7\u00e3o de um alimento e abrangem desde as condi\u00e7\u00f5es f\u00edsicas e higi\u00eanico sanit\u00e1rias das instala\u00e7\u00f5es at\u00e9 o controle de qualidade das mat\u00e9rias-primas e do produto final. Passa tamb\u00e9m por quest\u00f5es como sa\u00fade e capacita\u00e7\u00e3o dos trabalhadores, controle de pragas, armazenamento, transporte e documenta\u00e7\u00e3o, dentre outros.<\/p>\n<p style=\"text-align: center;\"><strong>Outro lado<\/strong><\/p>\n<p><img data-recalc-dims=\"1\" decoding=\"async\" data-attachment-id=\"6140\" data-permalink=\"https:\/\/www.tvuai.com.br\/portal\/anvisa-suspende-fabricacao-comercializacao-e-uso-de-alimentos-da-marca-fugini\/fugini2\/\" data-orig-file=\"https:\/\/i0.wp.com\/www.tvuai.com.br\/portal\/wp-content\/uploads\/2023\/03\/Fugini2.jpg?fit=1023%2C523&amp;ssl=1\" data-orig-size=\"1023,523\" data-comments-opened=\"0\" data-image-meta=\"{&quot;aperture&quot;:&quot;0&quot;,&quot;credit&quot;:&quot;&quot;,&quot;camera&quot;:&quot;&quot;,&quot;caption&quot;:&quot;&quot;,&quot;created_timestamp&quot;:&quot;0&quot;,&quot;copyright&quot;:&quot;&quot;,&quot;focal_length&quot;:&quot;0&quot;,&quot;iso&quot;:&quot;0&quot;,&quot;shutter_speed&quot;:&quot;0&quot;,&quot;title&quot;:&quot;&quot;,&quot;orientation&quot;:&quot;1&quot;}\" data-image-title=\"Fugini2\" data-image-description=\"\" data-image-caption=\"\" data-medium-file=\"https:\/\/i0.wp.com\/www.tvuai.com.br\/portal\/wp-content\/uploads\/2023\/03\/Fugini2.jpg?fit=300%2C153&amp;ssl=1\" data-large-file=\"https:\/\/i0.wp.com\/www.tvuai.com.br\/portal\/wp-content\/uploads\/2023\/03\/Fugini2.jpg?fit=640%2C327&amp;ssl=1\" tabindex=\"0\" role=\"button\" class=\"size-medium wp-image-6140 alignright\" src=\"https:\/\/i0.wp.com\/www.tvuai.com.br\/portal\/wp-content\/uploads\/2023\/03\/Fugini2.jpg?resize=300%2C153&#038;ssl=1\" alt=\"\" width=\"300\" height=\"153\" srcset=\"https:\/\/i0.wp.com\/www.tvuai.com.br\/portal\/wp-content\/uploads\/2023\/03\/Fugini2.jpg?resize=300%2C153&amp;ssl=1 300w, https:\/\/i0.wp.com\/www.tvuai.com.br\/portal\/wp-content\/uploads\/2023\/03\/Fugini2.jpg?resize=768%2C393&amp;ssl=1 768w, https:\/\/i0.wp.com\/www.tvuai.com.br\/portal\/wp-content\/uploads\/2023\/03\/Fugini2.jpg?resize=600%2C307&amp;ssl=1 600w, https:\/\/i0.wp.com\/www.tvuai.com.br\/portal\/wp-content\/uploads\/2023\/03\/Fugini2.jpg?w=1023&amp;ssl=1 1023w\" sizes=\"(max-width: 300px) 100vw, 300px\" \/>Pelas redes sociais, a Fugini se manifestou sobre o ocorrido. Em nota, afirmou que a f\u00e1brica vistoriada j\u00e1 alterou os processos e procedimentos internos indicados.<\/p>\n<p>&#8220;Seguindo nosso estilo transparente e de respeito aos consumidores, faremos o seguinte esclarecimento sobre as informa\u00e7\u00f5es incorretas que t\u00eam sido divulgadas pelas m\u00eddias sociais. Passamos por um processo de vistoria em uma de nossas f\u00e1bricas, na cidade de Monte Alto &#8211; SP, que<img data-recalc-dims=\"1\" decoding=\"async\" data-attachment-id=\"6141\" data-permalink=\"https:\/\/www.tvuai.com.br\/portal\/anvisa-suspende-fabricacao-comercializacao-e-uso-de-alimentos-da-marca-fugini\/fugini3\/\" data-orig-file=\"https:\/\/i0.wp.com\/www.tvuai.com.br\/portal\/wp-content\/uploads\/2023\/03\/Fugini3.jpg?fit=1007%2C517&amp;ssl=1\" data-orig-size=\"1007,517\" data-comments-opened=\"0\" data-image-meta=\"{&quot;aperture&quot;:&quot;0&quot;,&quot;credit&quot;:&quot;&quot;,&quot;camera&quot;:&quot;&quot;,&quot;caption&quot;:&quot;&quot;,&quot;created_timestamp&quot;:&quot;0&quot;,&quot;copyright&quot;:&quot;&quot;,&quot;focal_length&quot;:&quot;0&quot;,&quot;iso&quot;:&quot;0&quot;,&quot;shutter_speed&quot;:&quot;0&quot;,&quot;title&quot;:&quot;&quot;,&quot;orientation&quot;:&quot;1&quot;}\" data-image-title=\"Fugini3\" data-image-description=\"\" data-image-caption=\"\" data-medium-file=\"https:\/\/i0.wp.com\/www.tvuai.com.br\/portal\/wp-content\/uploads\/2023\/03\/Fugini3.jpg?fit=300%2C154&amp;ssl=1\" data-large-file=\"https:\/\/i0.wp.com\/www.tvuai.com.br\/portal\/wp-content\/uploads\/2023\/03\/Fugini3.jpg?fit=640%2C329&amp;ssl=1\" tabindex=\"0\" role=\"button\" class=\"size-medium wp-image-6141 alignright\" src=\"https:\/\/i0.wp.com\/www.tvuai.com.br\/portal\/wp-content\/uploads\/2023\/03\/Fugini3.jpg?resize=300%2C154&#038;ssl=1\" alt=\"\" width=\"300\" height=\"154\" srcset=\"https:\/\/i0.wp.com\/www.tvuai.com.br\/portal\/wp-content\/uploads\/2023\/03\/Fugini3.jpg?resize=300%2C154&amp;ssl=1 300w, https:\/\/i0.wp.com\/www.tvuai.com.br\/portal\/wp-content\/uploads\/2023\/03\/Fugini3.jpg?resize=768%2C394&amp;ssl=1 768w, https:\/\/i0.wp.com\/www.tvuai.com.br\/portal\/wp-content\/uploads\/2023\/03\/Fugini3.jpg?resize=600%2C308&amp;ssl=1 600w, https:\/\/i0.wp.com\/www.tvuai.com.br\/portal\/wp-content\/uploads\/2023\/03\/Fugini3.jpg?w=1007&amp;ssl=1 1007w\" sizes=\"(max-width: 300px) 100vw, 300px\" \/> gerou uma ordem para altera\u00e7\u00e3o de alguns processos e procedimentos internos, respeitamos e, rapidamente, alteramos os pontos indicados. Importante destacar que n\u00e3o h\u00e1 nenhum lote com recall e a comercializa\u00e7\u00e3o e consumo dos nossos produtos seguem normalmente, nos pontos de vendas do varejo&#8221;, afirmou a empresa.<\/p>\n<h6><\/h6>\n<h6 style=\"text-align: right;\"><em><strong>Com informa\u00e7\u00f5es da Ag\u00eancia Brasil<\/strong><\/em><\/h6>\n\n<div style=\"font-size: 0px; height: 0px; line-height: 0px; margin: 0; padding: 0; clear: both;\"><\/div><div class='share-to-whatsapp-wrapper'><div class='share-on-whsp'>Share on: <\/div><a data-text='Anvisa suspende fabrica\u00e7\u00e3o, comercializa\u00e7\u00e3o e uso de alimentos da marca Fugini' data-link='https:\/\/www.tvuai.com.br\/portal\/anvisa-suspende-fabricacao-comercializacao-e-uso-de-alimentos-da-marca-fugini\/' class='whatsapp-button whatsapp-share'>WhatsApp<\/a><div class='clear '><\/div><\/div><!-- AddThis Advanced Settings generic via filter on the_content --><!-- AddThis Share Buttons generic via filter on the_content -->","protected":false},"excerpt":{"rendered":"<p>&nbsp; Inspe\u00e7\u00e3o do \u00f3rg\u00e3o identificou irregularidades em f\u00e1bricas da empresa Se preferir, escute a mat\u00e9ria completa no \u00e1udio &nbsp; &nbsp; A Ag\u00eancia Nacional de Vigil\u00e2ncia Sanit\u00e1ria &#8211; Anvisa &#8211;\u00a0 suspendeu, nesta quarta-feira, 29, a fabrica\u00e7\u00e3o, comercializa\u00e7\u00e3o, distribui\u00e7\u00e3o e uso de todos os alimentos da marca Fugini, sediada em Monte Alto, S\u00e3o Paulo. A empresa produz [&hellip;]<!-- AddThis Advanced Settings generic via filter on get_the_excerpt --><!-- AddThis Share Buttons generic via filter on get_the_excerpt --><\/p>\n","protected":false},"author":1,"featured_media":6169,"comment_status":"closed","ping_status":"closed","sticky":false,"template":"","format":"standard","meta":{"jetpack_post_was_ever_published":false,"_jetpack_newsletter_access":"","_jetpack_dont_email_post_to_subs":false,"_jetpack_newsletter_tier_id":0,"_jetpack_memberships_contains_paywalled_content":false,"_jetpack_memberships_contains_paid_content":false,"_joinchat":[],"footnotes":"","jetpack_publicize_message":"","jetpack_publicize_feature_enabled":true,"jetpack_social_post_already_shared":true,"jetpack_social_options":{"image_generator_settings":{"template":"highway","enabled":false},"version":2}},"categories":[1642,19,21],"tags":[199,1744,37,39,27,1620,1619,1618],"class_list":["post-6134","post","type-post","status-publish","format-standard","has-post-thumbnail","hentry","category-tecnologia","category-noticias","category-videos","tag-anvisa","tag-fugini","tag-pouso-alegre","tag-sul-de-minas","tag-tv-uai","tag-tv-uai-23-anos","tag-tv-uai-23-anos-com-voce","tag-tv-uai-pouso-alegre"],"jetpack_publicize_connections":[],"yoast_head":"<!-- This site is optimized with the Yoast SEO plugin v23.5 - https:\/\/yoast.com\/wordpress\/plugins\/seo\/ -->\n<title>Anvisa suspende fabrica\u00e7\u00e3o, comercializa\u00e7\u00e3o e uso de alimentos da marca Fugini - TVUAI<\/title>\n<meta name=\"robots\" content=\"index, follow, max-snippet:-1, max-image-preview:large, max-video-preview:-1\" \/>\n<link rel=\"canonical\" href=\"https:\/\/www.tvuai.com.br\/portal\/anvisa-suspende-fabricacao-comercializacao-e-uso-de-alimentos-da-marca-fugini\/\" \/>\n<meta property=\"og:locale\" content=\"pt_BR\" \/>\n<meta property=\"og:type\" content=\"article\" \/>\n<meta property=\"og:title\" content=\"Anvisa suspende fabrica\u00e7\u00e3o, comercializa\u00e7\u00e3o e uso de alimentos da marca Fugini - TVUAI\" \/>\n<meta property=\"og:description\" content=\"&nbsp; Inspe\u00e7\u00e3o do \u00f3rg\u00e3o identificou irregularidades em f\u00e1bricas da empresa Se preferir, escute a mat\u00e9ria completa no \u00e1udio &nbsp; &nbsp; A Ag\u00eancia Nacional de Vigil\u00e2ncia Sanit\u00e1ria &#8211; Anvisa &#8211;\u00a0 suspendeu, nesta quarta-feira, 29, a fabrica\u00e7\u00e3o, comercializa\u00e7\u00e3o, distribui\u00e7\u00e3o e uso de todos os alimentos da marca Fugini, sediada em Monte Alto, S\u00e3o Paulo. A empresa produz [&hellip;]\" \/>\n<meta property=\"og:url\" content=\"https:\/\/www.tvuai.com.br\/portal\/anvisa-suspende-fabricacao-comercializacao-e-uso-de-alimentos-da-marca-fugini\/\" \/>\n<meta property=\"og:site_name\" content=\"TVUAI\" \/>\n<meta property=\"article:publisher\" content=\"http:\/\/www.facebook.com\/pages\/TV-Uai-Comunica%c3%a7%c3%a3o\/139062546157369\" \/>\n<meta property=\"article:published_time\" content=\"2023-03-30T23:21:01+00:00\" \/>\n<meta property=\"article:modified_time\" content=\"2023-04-11T11:37:38+00:00\" \/>\n<meta property=\"og:image\" content=\"https:\/\/i0.wp.com\/www.tvuai.com.br\/portal\/wp-content\/uploads\/2023\/03\/fugini0.jpg?fit=200%2C200&ssl=1\" \/>\n\t<meta property=\"og:image:width\" content=\"200\" \/>\n\t<meta property=\"og:image:height\" content=\"200\" \/>\n\t<meta property=\"og:image:type\" content=\"image\/jpeg\" \/>\n<meta name=\"author\" content=\"tvuai\" \/>\n<meta name=\"twitter:card\" content=\"summary_large_image\" \/>\n<meta name=\"twitter:creator\" content=\"@tvuai\" \/>\n<meta name=\"twitter:site\" content=\"@tvuai\" \/>\n<meta name=\"twitter:label1\" content=\"Escrito por\" \/>\n\t<meta name=\"twitter:data1\" content=\"tvuai\" \/>\n\t<meta name=\"twitter:label2\" content=\"Est. tempo de leitura\" \/>\n\t<meta name=\"twitter:data2\" content=\"3 minutos\" \/>\n<script type=\"application\/ld+json\" class=\"yoast-schema-graph\">{\"@context\":\"https:\/\/schema.org\",\"@graph\":[{\"@type\":\"Article\",\"@id\":\"https:\/\/www.tvuai.com.br\/portal\/anvisa-suspende-fabricacao-comercializacao-e-uso-de-alimentos-da-marca-fugini\/#article\",\"isPartOf\":{\"@id\":\"https:\/\/www.tvuai.com.br\/portal\/anvisa-suspende-fabricacao-comercializacao-e-uso-de-alimentos-da-marca-fugini\/\"},\"author\":{\"name\":\"tvuai\",\"@id\":\"https:\/\/www.tvuai.com.br\/portal\/#\/schema\/person\/245e50e9127451fd0b7fd76f519ebbfe\"},\"headline\":\"Anvisa suspende fabrica\u00e7\u00e3o, comercializa\u00e7\u00e3o e uso de alimentos da marca Fugini\",\"datePublished\":\"2023-03-30T23:21:01+00:00\",\"dateModified\":\"2023-04-11T11:37:38+00:00\",\"mainEntityOfPage\":{\"@id\":\"https:\/\/www.tvuai.com.br\/portal\/anvisa-suspende-fabricacao-comercializacao-e-uso-de-alimentos-da-marca-fugini\/\"},\"wordCount\":539,\"publisher\":{\"@id\":\"https:\/\/www.tvuai.com.br\/portal\/#organization\"},\"image\":{\"@id\":\"https:\/\/www.tvuai.com.br\/portal\/anvisa-suspende-fabricacao-comercializacao-e-uso-de-alimentos-da-marca-fugini\/#primaryimage\"},\"thumbnailUrl\":\"https:\/\/i0.wp.com\/www.tvuai.com.br\/portal\/wp-content\/uploads\/2023\/03\/fugini0.jpg?fit=200%2C200&ssl=1\",\"keywords\":[\"anvisa\",\"Fugini\",\"Pouso Alegre\",\"Sul de Minas\",\"TV Uai\",\"TV UAI 23 anos\",\"TV UAI 23 anos com voc\u00ea\",\"TV UAI Pouso Alegre\"],\"articleSection\":[\"Ci\u00eancia e Tecnologia\",\"Not\u00edcias\",\"Videos\"],\"inLanguage\":\"pt-BR\"},{\"@type\":\"WebPage\",\"@id\":\"https:\/\/www.tvuai.com.br\/portal\/anvisa-suspende-fabricacao-comercializacao-e-uso-de-alimentos-da-marca-fugini\/\",\"url\":\"https:\/\/www.tvuai.com.br\/portal\/anvisa-suspende-fabricacao-comercializacao-e-uso-de-alimentos-da-marca-fugini\/\",\"name\":\"Anvisa suspende fabrica\u00e7\u00e3o, comercializa\u00e7\u00e3o e uso de alimentos da marca Fugini - TVUAI\",\"isPartOf\":{\"@id\":\"https:\/\/www.tvuai.com.br\/portal\/#website\"},\"primaryImageOfPage\":{\"@id\":\"https:\/\/www.tvuai.com.br\/portal\/anvisa-suspende-fabricacao-comercializacao-e-uso-de-alimentos-da-marca-fugini\/#primaryimage\"},\"image\":{\"@id\":\"https:\/\/www.tvuai.com.br\/portal\/anvisa-suspende-fabricacao-comercializacao-e-uso-de-alimentos-da-marca-fugini\/#primaryimage\"},\"thumbnailUrl\":\"https:\/\/i0.wp.com\/www.tvuai.com.br\/portal\/wp-content\/uploads\/2023\/03\/fugini0.jpg?fit=200%2C200&ssl=1\",\"datePublished\":\"2023-03-30T23:21:01+00:00\",\"dateModified\":\"2023-04-11T11:37:38+00:00\",\"breadcrumb\":{\"@id\":\"https:\/\/www.tvuai.com.br\/portal\/anvisa-suspende-fabricacao-comercializacao-e-uso-de-alimentos-da-marca-fugini\/#breadcrumb\"},\"inLanguage\":\"pt-BR\",\"potentialAction\":[{\"@type\":\"ReadAction\",\"target\":[\"https:\/\/www.tvuai.com.br\/portal\/anvisa-suspende-fabricacao-comercializacao-e-uso-de-alimentos-da-marca-fugini\/\"]}]},{\"@type\":\"ImageObject\",\"inLanguage\":\"pt-BR\",\"@id\":\"https:\/\/www.tvuai.com.br\/portal\/anvisa-suspende-fabricacao-comercializacao-e-uso-de-alimentos-da-marca-fugini\/#primaryimage\",\"url\":\"https:\/\/i0.wp.com\/www.tvuai.com.br\/portal\/wp-content\/uploads\/2023\/03\/fugini0.jpg?fit=200%2C200&ssl=1\",\"contentUrl\":\"https:\/\/i0.wp.com\/www.tvuai.com.br\/portal\/wp-content\/uploads\/2023\/03\/fugini0.jpg?fit=200%2C200&ssl=1\",\"width\":200,\"height\":200},{\"@type\":\"BreadcrumbList\",\"@id\":\"https:\/\/www.tvuai.com.br\/portal\/anvisa-suspende-fabricacao-comercializacao-e-uso-de-alimentos-da-marca-fugini\/#breadcrumb\",\"itemListElement\":[{\"@type\":\"ListItem\",\"position\":1,\"name\":\"In\u00edcio\",\"item\":\"https:\/\/www.tvuai.com.br\/portal\/\"},{\"@type\":\"ListItem\",\"position\":2,\"name\":\"Anvisa suspende fabrica\u00e7\u00e3o, comercializa\u00e7\u00e3o e uso de alimentos da marca Fugini\"}]},{\"@type\":\"WebSite\",\"@id\":\"https:\/\/www.tvuai.com.br\/portal\/#website\",\"url\":\"https:\/\/www.tvuai.com.br\/portal\/\",\"name\":\"TVUAI\",\"description\":\"Tudo sobre o Sul de Minas\",\"publisher\":{\"@id\":\"https:\/\/www.tvuai.com.br\/portal\/#organization\"},\"potentialAction\":[{\"@type\":\"SearchAction\",\"target\":{\"@type\":\"EntryPoint\",\"urlTemplate\":\"https:\/\/www.tvuai.com.br\/portal\/?s={search_term_string}\"},\"query-input\":{\"@type\":\"PropertyValueSpecification\",\"valueRequired\":true,\"valueName\":\"search_term_string\"}}],\"inLanguage\":\"pt-BR\"},{\"@type\":\"Organization\",\"@id\":\"https:\/\/www.tvuai.com.br\/portal\/#organization\",\"name\":\"TVUAI\",\"url\":\"https:\/\/www.tvuai.com.br\/portal\/\",\"logo\":{\"@type\":\"ImageObject\",\"inLanguage\":\"pt-BR\",\"@id\":\"https:\/\/www.tvuai.com.br\/portal\/#\/schema\/logo\/image\/\",\"url\":\"https:\/\/i0.wp.com\/www.tvuai.com.br\/portal\/wp-content\/uploads\/2017\/12\/logo_tvuai_100H.png?fit=207%2C100&ssl=1\",\"contentUrl\":\"https:\/\/i0.wp.com\/www.tvuai.com.br\/portal\/wp-content\/uploads\/2017\/12\/logo_tvuai_100H.png?fit=207%2C100&ssl=1\",\"width\":207,\"height\":100,\"caption\":\"TVUAI\"},\"image\":{\"@id\":\"https:\/\/www.tvuai.com.br\/portal\/#\/schema\/logo\/image\/\"},\"sameAs\":[\"http:\/\/www.facebook.com\/pages\/TV-Uai-Comunica\u00e7\u00e3o\/139062546157369\",\"https:\/\/x.com\/tvuai\",\"https:\/\/www.instagram.com\/tvuai_network\/\",\"https:\/\/www.youtube.com\/channel\/UCB7ZPB3wRv-OpoZ_09jmnkQ\"]},{\"@type\":\"Person\",\"@id\":\"https:\/\/www.tvuai.com.br\/portal\/#\/schema\/person\/245e50e9127451fd0b7fd76f519ebbfe\",\"name\":\"tvuai\",\"url\":\"https:\/\/www.tvuai.com.br\/portal\/author\/tvuai\/\"}]}<\/script>\n<!-- \/ Yoast SEO plugin. -->","yoast_head_json":{"title":"Anvisa suspende fabrica\u00e7\u00e3o, comercializa\u00e7\u00e3o e uso de alimentos da marca Fugini - TVUAI","robots":{"index":"index","follow":"follow","max-snippet":"max-snippet:-1","max-image-preview":"max-image-preview:large","max-video-preview":"max-video-preview:-1"},"canonical":"https:\/\/www.tvuai.com.br\/portal\/anvisa-suspende-fabricacao-comercializacao-e-uso-de-alimentos-da-marca-fugini\/","og_locale":"pt_BR","og_type":"article","og_title":"Anvisa suspende fabrica\u00e7\u00e3o, comercializa\u00e7\u00e3o e uso de alimentos da marca Fugini - TVUAI","og_description":"&nbsp; Inspe\u00e7\u00e3o do \u00f3rg\u00e3o identificou irregularidades em f\u00e1bricas da empresa Se preferir, escute a mat\u00e9ria completa no \u00e1udio &nbsp; &nbsp; A Ag\u00eancia Nacional de Vigil\u00e2ncia Sanit\u00e1ria &#8211; Anvisa &#8211;\u00a0 suspendeu, nesta quarta-feira, 29, a fabrica\u00e7\u00e3o, comercializa\u00e7\u00e3o, distribui\u00e7\u00e3o e uso de todos os alimentos da marca Fugini, sediada em Monte Alto, S\u00e3o Paulo. A empresa produz [&hellip;]","og_url":"https:\/\/www.tvuai.com.br\/portal\/anvisa-suspende-fabricacao-comercializacao-e-uso-de-alimentos-da-marca-fugini\/","og_site_name":"TVUAI","article_publisher":"http:\/\/www.facebook.com\/pages\/TV-Uai-Comunica%c3%a7%c3%a3o\/139062546157369","article_published_time":"2023-03-30T23:21:01+00:00","article_modified_time":"2023-04-11T11:37:38+00:00","og_image":[{"width":200,"height":200,"url":"https:\/\/i0.wp.com\/www.tvuai.com.br\/portal\/wp-content\/uploads\/2023\/03\/fugini0.jpg?fit=200%2C200&ssl=1","type":"image\/jpeg"}],"author":"tvuai","twitter_card":"summary_large_image","twitter_creator":"@tvuai","twitter_site":"@tvuai","twitter_misc":{"Escrito por":"tvuai","Est. tempo de leitura":"3 minutos"},"schema":{"@context":"https:\/\/schema.org","@graph":[{"@type":"Article","@id":"https:\/\/www.tvuai.com.br\/portal\/anvisa-suspende-fabricacao-comercializacao-e-uso-de-alimentos-da-marca-fugini\/#article","isPartOf":{"@id":"https:\/\/www.tvuai.com.br\/portal\/anvisa-suspende-fabricacao-comercializacao-e-uso-de-alimentos-da-marca-fugini\/"},"author":{"name":"tvuai","@id":"https:\/\/www.tvuai.com.br\/portal\/#\/schema\/person\/245e50e9127451fd0b7fd76f519ebbfe"},"headline":"Anvisa suspende fabrica\u00e7\u00e3o, comercializa\u00e7\u00e3o e uso de alimentos da marca Fugini","datePublished":"2023-03-30T23:21:01+00:00","dateModified":"2023-04-11T11:37:38+00:00","mainEntityOfPage":{"@id":"https:\/\/www.tvuai.com.br\/portal\/anvisa-suspende-fabricacao-comercializacao-e-uso-de-alimentos-da-marca-fugini\/"},"wordCount":539,"publisher":{"@id":"https:\/\/www.tvuai.com.br\/portal\/#organization"},"image":{"@id":"https:\/\/www.tvuai.com.br\/portal\/anvisa-suspende-fabricacao-comercializacao-e-uso-de-alimentos-da-marca-fugini\/#primaryimage"},"thumbnailUrl":"https:\/\/i0.wp.com\/www.tvuai.com.br\/portal\/wp-content\/uploads\/2023\/03\/fugini0.jpg?fit=200%2C200&ssl=1","keywords":["anvisa","Fugini","Pouso Alegre","Sul de Minas","TV Uai","TV UAI 23 anos","TV UAI 23 anos com voc\u00ea","TV UAI Pouso Alegre"],"articleSection":["Ci\u00eancia e Tecnologia","Not\u00edcias","Videos"],"inLanguage":"pt-BR"},{"@type":"WebPage","@id":"https:\/\/www.tvuai.com.br\/portal\/anvisa-suspende-fabricacao-comercializacao-e-uso-de-alimentos-da-marca-fugini\/","url":"https:\/\/www.tvuai.com.br\/portal\/anvisa-suspende-fabricacao-comercializacao-e-uso-de-alimentos-da-marca-fugini\/","name":"Anvisa suspende fabrica\u00e7\u00e3o, comercializa\u00e7\u00e3o e uso de alimentos da marca Fugini - TVUAI","isPartOf":{"@id":"https:\/\/www.tvuai.com.br\/portal\/#website"},"primaryImageOfPage":{"@id":"https:\/\/www.tvuai.com.br\/portal\/anvisa-suspende-fabricacao-comercializacao-e-uso-de-alimentos-da-marca-fugini\/#primaryimage"},"image":{"@id":"https:\/\/www.tvuai.com.br\/portal\/anvisa-suspende-fabricacao-comercializacao-e-uso-de-alimentos-da-marca-fugini\/#primaryimage"},"thumbnailUrl":"https:\/\/i0.wp.com\/www.tvuai.com.br\/portal\/wp-content\/uploads\/2023\/03\/fugini0.jpg?fit=200%2C200&ssl=1","datePublished":"2023-03-30T23:21:01+00:00","dateModified":"2023-04-11T11:37:38+00:00","breadcrumb":{"@id":"https:\/\/www.tvuai.com.br\/portal\/anvisa-suspende-fabricacao-comercializacao-e-uso-de-alimentos-da-marca-fugini\/#breadcrumb"},"inLanguage":"pt-BR","potentialAction":[{"@type":"ReadAction","target":["https:\/\/www.tvuai.com.br\/portal\/anvisa-suspende-fabricacao-comercializacao-e-uso-de-alimentos-da-marca-fugini\/"]}]},{"@type":"ImageObject","inLanguage":"pt-BR","@id":"https:\/\/www.tvuai.com.br\/portal\/anvisa-suspende-fabricacao-comercializacao-e-uso-de-alimentos-da-marca-fugini\/#primaryimage","url":"https:\/\/i0.wp.com\/www.tvuai.com.br\/portal\/wp-content\/uploads\/2023\/03\/fugini0.jpg?fit=200%2C200&ssl=1","contentUrl":"https:\/\/i0.wp.com\/www.tvuai.com.br\/portal\/wp-content\/uploads\/2023\/03\/fugini0.jpg?fit=200%2C200&ssl=1","width":200,"height":200},{"@type":"BreadcrumbList","@id":"https:\/\/www.tvuai.com.br\/portal\/anvisa-suspende-fabricacao-comercializacao-e-uso-de-alimentos-da-marca-fugini\/#breadcrumb","itemListElement":[{"@type":"ListItem","position":1,"name":"In\u00edcio","item":"https:\/\/www.tvuai.com.br\/portal\/"},{"@type":"ListItem","position":2,"name":"Anvisa suspende fabrica\u00e7\u00e3o, comercializa\u00e7\u00e3o e uso de alimentos da marca Fugini"}]},{"@type":"WebSite","@id":"https:\/\/www.tvuai.com.br\/portal\/#website","url":"https:\/\/www.tvuai.com.br\/portal\/","name":"TVUAI","description":"Tudo sobre o Sul de Minas","publisher":{"@id":"https:\/\/www.tvuai.com.br\/portal\/#organization"},"potentialAction":[{"@type":"SearchAction","target":{"@type":"EntryPoint","urlTemplate":"https:\/\/www.tvuai.com.br\/portal\/?s={search_term_string}"},"query-input":{"@type":"PropertyValueSpecification","valueRequired":true,"valueName":"search_term_string"}}],"inLanguage":"pt-BR"},{"@type":"Organization","@id":"https:\/\/www.tvuai.com.br\/portal\/#organization","name":"TVUAI","url":"https:\/\/www.tvuai.com.br\/portal\/","logo":{"@type":"ImageObject","inLanguage":"pt-BR","@id":"https:\/\/www.tvuai.com.br\/portal\/#\/schema\/logo\/image\/","url":"https:\/\/i0.wp.com\/www.tvuai.com.br\/portal\/wp-content\/uploads\/2017\/12\/logo_tvuai_100H.png?fit=207%2C100&ssl=1","contentUrl":"https:\/\/i0.wp.com\/www.tvuai.com.br\/portal\/wp-content\/uploads\/2017\/12\/logo_tvuai_100H.png?fit=207%2C100&ssl=1","width":207,"height":100,"caption":"TVUAI"},"image":{"@id":"https:\/\/www.tvuai.com.br\/portal\/#\/schema\/logo\/image\/"},"sameAs":["http:\/\/www.facebook.com\/pages\/TV-Uai-Comunica\u00e7\u00e3o\/139062546157369","https:\/\/x.com\/tvuai","https:\/\/www.instagram.com\/tvuai_network\/","https:\/\/www.youtube.com\/channel\/UCB7ZPB3wRv-OpoZ_09jmnkQ"]},{"@type":"Person","@id":"https:\/\/www.tvuai.com.br\/portal\/#\/schema\/person\/245e50e9127451fd0b7fd76f519ebbfe","name":"tvuai","url":"https:\/\/www.tvuai.com.br\/portal\/author\/tvuai\/"}]}},"jetpack_featured_media_url":"https:\/\/i0.wp.com\/www.tvuai.com.br\/portal\/wp-content\/uploads\/2023\/03\/fugini0.jpg?fit=200%2C200&ssl=1","wpmagazine_modules_lite_featured_media_urls":{"thumbnail":["https:\/\/i0.wp.com\/www.tvuai.com.br\/portal\/wp-content\/uploads\/2023\/03\/fugini0.jpg?resize=150%2C150&ssl=1",150,150,true],"cvmm-medium":["https:\/\/i0.wp.com\/www.tvuai.com.br\/portal\/wp-content\/uploads\/2023\/03\/fugini0.jpg?resize=200%2C200&ssl=1",200,200,true],"cvmm-medium-plus":["https:\/\/i0.wp.com\/www.tvuai.com.br\/portal\/wp-content\/uploads\/2023\/03\/fugini0.jpg?resize=200%2C200&ssl=1",200,200,true],"cvmm-portrait":["https:\/\/i0.wp.com\/www.tvuai.com.br\/portal\/wp-content\/uploads\/2023\/03\/fugini0.jpg?resize=200%2C200&ssl=1",200,200,true],"cvmm-medium-square":["https:\/\/i0.wp.com\/www.tvuai.com.br\/portal\/wp-content\/uploads\/2023\/03\/fugini0.jpg?resize=200%2C200&ssl=1",200,200,true],"cvmm-large":["https:\/\/i0.wp.com\/www.tvuai.com.br\/portal\/wp-content\/uploads\/2023\/03\/fugini0.jpg?resize=200%2C200&ssl=1",200,200,true],"cvmm-small":["https:\/\/i0.wp.com\/www.tvuai.com.br\/portal\/wp-content\/uploads\/2023\/03\/fugini0.jpg?resize=130%2C95&ssl=1",130,95,true],"full":["https:\/\/i0.wp.com\/www.tvuai.com.br\/portal\/wp-content\/uploads\/2023\/03\/fugini0.jpg?fit=200%2C200&ssl=1",200,200,false]},"categories_names":{"1642":{"name":"Ci\u00eancia e Tecnologia","link":"https:\/\/www.tvuai.com.br\/portal\/category\/tecnologia\/"},"19":{"name":"Not\u00edcias","link":"https:\/\/www.tvuai.com.br\/portal\/category\/noticias\/"},"21":{"name":"Videos","link":"https:\/\/www.tvuai.com.br\/portal\/category\/videos\/"}},"tags_names":{"199":{"name":"anvisa","link":"https:\/\/www.tvuai.com.br\/portal\/tag\/anvisa\/"},"1744":{"name":"Fugini","link":"https:\/\/www.tvuai.com.br\/portal\/tag\/fugini\/"},"37":{"name":"Pouso Alegre","link":"https:\/\/www.tvuai.com.br\/portal\/tag\/pouso-alegre\/"},"39":{"name":"Sul de Minas","link":"https:\/\/www.tvuai.com.br\/portal\/tag\/sul-de-minas\/"},"27":{"name":"TV Uai","link":"https:\/\/www.tvuai.com.br\/portal\/tag\/tv-uai\/"},"1620":{"name":"TV UAI 23 anos","link":"https:\/\/www.tvuai.com.br\/portal\/tag\/tv-uai-23-anos\/"},"1619":{"name":"TV UAI 23 anos com voc\u00ea","link":"https:\/\/www.tvuai.com.br\/portal\/tag\/tv-uai-23-anos-com-voce\/"},"1618":{"name":"TV UAI Pouso Alegre","link":"https:\/\/www.tvuai.com.br\/portal\/tag\/tv-uai-pouso-alegre\/"}},"comments_number":"0","jetpack_shortlink":"https:\/\/wp.me\/p9woix-1AW","jetpack_sharing_enabled":true,"_links":{"self":[{"href":"https:\/\/www.tvuai.com.br\/portal\/wp-json\/wp\/v2\/posts\/6134"}],"collection":[{"href":"https:\/\/www.tvuai.com.br\/portal\/wp-json\/wp\/v2\/posts"}],"about":[{"href":"https:\/\/www.tvuai.com.br\/portal\/wp-json\/wp\/v2\/types\/post"}],"author":[{"embeddable":true,"href":"https:\/\/www.tvuai.com.br\/portal\/wp-json\/wp\/v2\/users\/1"}],"replies":[{"embeddable":true,"href":"https:\/\/www.tvuai.com.br\/portal\/wp-json\/wp\/v2\/comments?post=6134"}],"version-history":[{"count":8,"href":"https:\/\/www.tvuai.com.br\/portal\/wp-json\/wp\/v2\/posts\/6134\/revisions"}],"predecessor-version":[{"id":6174,"href":"https:\/\/www.tvuai.com.br\/portal\/wp-json\/wp\/v2\/posts\/6134\/revisions\/6174"}],"wp:featuredmedia":[{"embeddable":true,"href":"https:\/\/www.tvuai.com.br\/portal\/wp-json\/wp\/v2\/media\/6169"}],"wp:attachment":[{"href":"https:\/\/www.tvuai.com.br\/portal\/wp-json\/wp\/v2\/media?parent=6134"}],"wp:term":[{"taxonomy":"category","embeddable":true,"href":"https:\/\/www.tvuai.com.br\/portal\/wp-json\/wp\/v2\/categories?post=6134"},{"taxonomy":"post_tag","embeddable":true,"href":"https:\/\/www.tvuai.com.br\/portal\/wp-json\/wp\/v2\/tags?post=6134"}],"curies":[{"name":"wp","href":"https:\/\/api.w.org\/{rel}","templated":true}]}}