{"id":6128,"date":"2023-03-30T18:17:40","date_gmt":"2023-03-30T21:17:40","guid":{"rendered":"https:\/\/www.tvuai.com.br\/portal\/?p=6128"},"modified":"2023-04-11T08:40:32","modified_gmt":"2023-04-11T11:40:32","slug":"unilever-e-condenada-a-cumprir-cota-de-pcds-e-a-investir-r-2-milhoes-em-formacao","status":"publish","type":"post","link":"https:\/\/www.tvuai.com.br\/portal\/unilever-e-condenada-a-cumprir-cota-de-pcds-e-a-investir-r-2-milhoes-em-formacao\/","title":{"rendered":"Unilever \u00e9 condenada a cumprir cota de PcDs e a investir R$ 2 milh\u00f5es em forma\u00e7\u00e3o"},"content":{"rendered":"<div class=\"5a1038e0903b96d426fcfcc338703013\" data-index=\"1\" style=\"float: right; margin:10px 0 10px 10px;\">\n<script async src=\"https:\/\/pagead2.googlesyndication.com\/pagead\/js\/adsbygoogle.js?client=ca-pub-9945944833605257\"\r\n     crossorigin=\"anonymous\"><\/script>\r\n<ins class=\"adsbygoogle\"\r\n     style=\"display:block; text-align:center;\"\r\n     data-ad-layout=\"in-article\"\r\n     data-ad-format=\"fluid\"\r\n     data-ad-client=\"ca-pub-9945944833605257\"\r\n     data-ad-slot=\"2343923581\"><\/ins>\r\n<script>\r\n     (adsbygoogle = window.adsbygoogle || []).push({});\r\n<\/script>\n<\/div>\n<h5 style=\"text-align: center;\"><em><strong><img data-recalc-dims=\"1\" fetchpriority=\"high\" decoding=\"async\" data-attachment-id=\"6131\" data-permalink=\"https:\/\/www.tvuai.com.br\/portal\/unilever-e-condenada-a-cumprir-cota-de-pcds-e-a-investir-r-2-milhoes-em-formacao\/unilever1\/\" data-orig-file=\"https:\/\/i0.wp.com\/www.tvuai.com.br\/portal\/wp-content\/uploads\/2023\/03\/unilever1.jpg?fit=1000%2C785&amp;ssl=1\" data-orig-size=\"1000,785\" data-comments-opened=\"0\" data-image-meta=\"{&quot;aperture&quot;:&quot;0&quot;,&quot;credit&quot;:&quot;&quot;,&quot;camera&quot;:&quot;&quot;,&quot;caption&quot;:&quot;&quot;,&quot;created_timestamp&quot;:&quot;0&quot;,&quot;copyright&quot;:&quot;&quot;,&quot;focal_length&quot;:&quot;0&quot;,&quot;iso&quot;:&quot;0&quot;,&quot;shutter_speed&quot;:&quot;0&quot;,&quot;title&quot;:&quot;&quot;,&quot;orientation&quot;:&quot;1&quot;}\" data-image-title=\"unilever1\" data-image-description=\"\" data-image-caption=\"\" data-medium-file=\"https:\/\/i0.wp.com\/www.tvuai.com.br\/portal\/wp-content\/uploads\/2023\/03\/unilever1.jpg?fit=300%2C236&amp;ssl=1\" data-large-file=\"https:\/\/i0.wp.com\/www.tvuai.com.br\/portal\/wp-content\/uploads\/2023\/03\/unilever1.jpg?fit=640%2C502&amp;ssl=1\" tabindex=\"0\" role=\"button\" class=\"aligncenter size-medium wp-image-6131\" src=\"https:\/\/i0.wp.com\/www.tvuai.com.br\/portal\/wp-content\/uploads\/2023\/03\/unilever1.jpg?resize=300%2C236&#038;ssl=1\" alt=\"\" width=\"300\" height=\"236\" srcset=\"https:\/\/i0.wp.com\/www.tvuai.com.br\/portal\/wp-content\/uploads\/2023\/03\/unilever1.jpg?resize=300%2C236&amp;ssl=1 300w, https:\/\/i0.wp.com\/www.tvuai.com.br\/portal\/wp-content\/uploads\/2023\/03\/unilever1.jpg?resize=768%2C603&amp;ssl=1 768w, https:\/\/i0.wp.com\/www.tvuai.com.br\/portal\/wp-content\/uploads\/2023\/03\/unilever1.jpg?resize=600%2C471&amp;ssl=1 600w, https:\/\/i0.wp.com\/www.tvuai.com.br\/portal\/wp-content\/uploads\/2023\/03\/unilever1.jpg?w=1000&amp;ssl=1 1000w\" sizes=\"(max-width: 300px) 100vw, 300px\" \/>Para TRT2, desde 2001 a multinacional vem descumprindo a cota de 5% de funcion\u00e1rios prevista em lei<\/strong><\/em><\/h5>\n<p>A 17\u00aa Turma do Tribunal do Trabalho da 2\u00aa Regi\u00e3o (TRT2), que fica em S\u00e3o Paulo, condenou a multinacional Unilever a cumprir com as cotas de contrata\u00e7\u00e3o de trabalhadores reabilitados do Instituto Nacional do Seguro Social (INSS) e pessoas com defici\u00eancia (PcDs), e a investir R$ 2 milh\u00f5es em cursos de forma\u00e7\u00e3o e qualifica\u00e7\u00e3o profissional para este grupo de pessoas junto a \u00f3rg\u00e3os p\u00fablicos, entidades do \u201cSistema S\u201d e outras institui\u00e7\u00f5es id\u00f4neas. A decis\u00e3o do TRT2, tomada numa a\u00e7\u00e3o civil p\u00fablica ajuizada em 2015 pelo Minist\u00e9rio P\u00fablico do Trabalho, foi divulgada no dia 21 de mar\u00e7o.<\/p>\n<p>Segundo o artigo 93 da Lei 8.213\/91, empresas com mais de mil funcion\u00e1rios devem ter 5% de benefici\u00e1rios reabilitados ou pessoas portadoras de defici\u00eancia em seus quadros. De acordo com o MPT, na ocasi\u00e3o, a Unilever possu\u00eda 5.900 empregados, de forma que o n\u00famero m\u00ednimo de PcDs deveria ser 295, mas a companhia s\u00f3 empregava 213 pessoas que se enquadravam no crit\u00e9rio da cota.<\/p>\n<p>Ao julgar o caso, a ju\u00edza Laura Rodrigues Benda, da 58\u00aa Vara do Trabalho de S\u00e3o Paulo, considerou incontroverso que a Unilever n\u00e3o cumpria a cota para PcDs e reabilitados do INSS, mas considerou que a empresa vinha \u201cagindo de boa-f\u00e9\u201d, de forma que n\u00e3o haveria \u201cnecessidade de impingir-lhe obriga\u00e7\u00f5es adicionais a respeito, nesse momento, j\u00e1 que as medidas que tem adotado, e que foram aperfei\u00e7oadas recentemente, j\u00e1 seriam suficientes para o cumprimento dos ditames legais, sendo que possivelmente ser\u00e3o em breve\u201d.<\/p>\n<p>Os desembargadores do TRT2 n\u00e3o concordaram com a magistrada. Conforme observou a relatora Catarina Von Zuben, as investiga\u00e7\u00f5es do MPT constataram que a Unilever n\u00e3o cumpre a cota prevista pela Lei da Previd\u00eancia Social desde 2001 \u2014 h\u00e1 mais de 22 anos \u2014 sem apresentar justificativa plaus\u00edvel para o descumprimento da a\u00e7\u00e3o afirmativa prevista na legisla\u00e7\u00e3o. \u201dSe a lei prev\u00ea que a empresa \u2018est\u00e1 obrigada\u2019 a preencher parte de seus cargos com percentual de trabalhadores reabilitados ou com defici\u00eancia, ao julgador cabe a determina\u00e7\u00e3o de seu cumprimento, quando instado a tanto\u201d, pontuou.<\/p>\n<p><img data-recalc-dims=\"1\" decoding=\"async\" data-attachment-id=\"6132\" data-permalink=\"https:\/\/www.tvuai.com.br\/portal\/unilever-e-condenada-a-cumprir-cota-de-pcds-e-a-investir-r-2-milhoes-em-formacao\/unilever2\/\" data-orig-file=\"https:\/\/i0.wp.com\/www.tvuai.com.br\/portal\/wp-content\/uploads\/2023\/03\/unilever2.jpg?fit=700%2C933&amp;ssl=1\" data-orig-size=\"700,933\" data-comments-opened=\"0\" data-image-meta=\"{&quot;aperture&quot;:&quot;0&quot;,&quot;credit&quot;:&quot;&quot;,&quot;camera&quot;:&quot;&quot;,&quot;caption&quot;:&quot;&quot;,&quot;created_timestamp&quot;:&quot;0&quot;,&quot;copyright&quot;:&quot;&quot;,&quot;focal_length&quot;:&quot;0&quot;,&quot;iso&quot;:&quot;0&quot;,&quot;shutter_speed&quot;:&quot;0&quot;,&quot;title&quot;:&quot;&quot;,&quot;orientation&quot;:&quot;0&quot;}\" data-image-title=\"unilever2\" data-image-description=\"\" data-image-caption=\"\" data-medium-file=\"https:\/\/i0.wp.com\/www.tvuai.com.br\/portal\/wp-content\/uploads\/2023\/03\/unilever2.jpg?fit=225%2C300&amp;ssl=1\" data-large-file=\"https:\/\/i0.wp.com\/www.tvuai.com.br\/portal\/wp-content\/uploads\/2023\/03\/unilever2.jpg?fit=640%2C853&amp;ssl=1\" tabindex=\"0\" role=\"button\" class=\"size-medium wp-image-6132 alignright\" src=\"https:\/\/i0.wp.com\/www.tvuai.com.br\/portal\/wp-content\/uploads\/2023\/03\/unilever2.jpg?resize=225%2C300&#038;ssl=1\" alt=\"\" width=\"225\" height=\"300\" srcset=\"https:\/\/i0.wp.com\/www.tvuai.com.br\/portal\/wp-content\/uploads\/2023\/03\/unilever2.jpg?resize=225%2C300&amp;ssl=1 225w, https:\/\/i0.wp.com\/www.tvuai.com.br\/portal\/wp-content\/uploads\/2023\/03\/unilever2.jpg?resize=600%2C800&amp;ssl=1 600w, https:\/\/i0.wp.com\/www.tvuai.com.br\/portal\/wp-content\/uploads\/2023\/03\/unilever2.jpg?w=700&amp;ssl=1 700w\" sizes=\"(max-width: 225px) 100vw, 225px\" \/>\u201dAo menos desde 2.001, a recorrida descumpre os termos do art. 93 da Lei 8.213\/91, havendo indiscut\u00edvel dano social de natureza difusa que, al\u00e9m de obstado, deve ser, ao menos em parte, compensado (uma vez que imposs\u00edvel a recomposi\u00e7\u00e3o)\u201d, relatou a desembargadora.<\/p>\n<p>Em compensa\u00e7\u00e3o ao dano social causado pela empresa, a relatora considerou como \u201drazo\u00e1vel, justo e eficaz\u201d que a multinacional custeie, por at\u00e9 3 anos, cursos de forma\u00e7\u00e3o e qualifica\u00e7\u00e3o de trabalhadores com defici\u00eancia e reabilitados, junto a \u00f3rg\u00e3os p\u00fablicos \u2014 como Conselhos de Defesa dos Direitos da Pessoa com Defici\u00eancia na Capital e no Estado de S\u00e3o Paulo \u2014, entidades do \u201dSistema S\u201d e outras institui\u00e7\u00f5es id\u00f4neas, no valor de R$ 2 milh\u00f5es, mediante comprova\u00e7\u00e3o nos autos e fiscaliza\u00e7\u00e3o do MPT. O prazo para cumprimento desta obriga\u00e7\u00e3o inicia-se a partir do tr\u00e2nsito em julgado e mediante intima\u00e7\u00e3o espec\u00edfica.<\/p>\n<p>\u201dConsigne-se que a quantia est\u00e1 longe de ser exorbitante, na medida em que se forem considerados os 21 anos (252 meses) de descumprimento da obriga\u00e7\u00e3o legal e o valor do sal\u00e1rio m\u00ednimo atual, R$ 1.212,00, como o sal\u00e1rio de um trabalhador com defici\u00eancia ou reabilitado, ter\u00edamos R$ 305.424,00. Logo, R$ 2 mi sequer atingem o sal\u00e1rio de 7 trabalhadores reabilitados ou com defici\u00eancia que deixaram de ser contratados no interregno\u201d, escreveu a ju\u00edza.<\/p>\n<p>A decis\u00e3o tamb\u00e9m fixa uma multa de R$ 7 mil por empregado que faltar para a composi\u00e7\u00e3o da reserva legal e tamb\u00e9m prev\u00ea que a Unilever somente poder\u00e1 dispensar pessoa reabilitada ou com defici\u00eancia ap\u00f3s a contrata\u00e7\u00e3o do substituto em condi\u00e7\u00e3o semelhante, sob pena de multa de R$ 10 mil \u2014 al\u00e9m de novas multas que poder\u00e3o ser fixadas pelo juiz da execu\u00e7\u00e3o.<\/p>\n<p>Procurada pelo site, a Unilever n\u00e3o se manifestou at\u00e9 a publica\u00e7\u00e3o desta reportagem. O espa\u00e7o segue aberto.<\/p>\n<p>O processo tramita no TRT2 com o n\u00famero 0001428-36.2015.5.02.0058. Cabe recurso da decis\u00e3o.<\/p>\n<h6 style=\"text-align: right;\"><em><strong>Com informa\u00e7\u00f5es de Mirielle Carvalho do site Jota<\/strong><\/em><\/h6>\n\n<div style=\"font-size: 0px; height: 0px; line-height: 0px; margin: 0; padding: 0; clear: both;\"><\/div><div class='share-to-whatsapp-wrapper'><div class='share-on-whsp'>Share on: <\/div><a data-text='Unilever \u00e9 condenada a cumprir cota de PcDs e a investir R$ 2 milh\u00f5es em forma\u00e7\u00e3o' data-link='https:\/\/www.tvuai.com.br\/portal\/unilever-e-condenada-a-cumprir-cota-de-pcds-e-a-investir-r-2-milhoes-em-formacao\/' class='whatsapp-button whatsapp-share'>WhatsApp<\/a><div class='clear '><\/div><\/div><!-- AddThis Advanced Settings generic via filter on the_content --><!-- AddThis Share Buttons generic via filter on the_content -->","protected":false},"excerpt":{"rendered":"<p>Para TRT2, desde 2001 a multinacional vem descumprindo a cota de 5% de funcion\u00e1rios prevista em lei A 17\u00aa Turma do Tribunal do Trabalho da 2\u00aa Regi\u00e3o (TRT2), que fica em S\u00e3o Paulo, condenou a multinacional Unilever a cumprir com as cotas de contrata\u00e7\u00e3o de trabalhadores reabilitados do Instituto Nacional do Seguro Social (INSS) e [&hellip;]<!-- AddThis Advanced Settings generic via filter on get_the_excerpt --><!-- AddThis Share Buttons generic via filter on get_the_excerpt --><\/p>\n","protected":false},"author":1,"featured_media":6130,"comment_status":"closed","ping_status":"closed","sticky":false,"template":"","format":"standard","meta":{"jetpack_post_was_ever_published":false,"_jetpack_newsletter_access":"","_jetpack_dont_email_post_to_subs":false,"_jetpack_newsletter_tier_id":0,"_jetpack_memberships_contains_paywalled_content":false,"_jetpack_memberships_contains_paid_content":false,"_joinchat":[],"footnotes":"","jetpack_publicize_message":"","jetpack_publicize_feature_enabled":true,"jetpack_social_post_already_shared":true,"jetpack_social_options":{"image_generator_settings":{"template":"highway","enabled":false},"version":2}},"categories":[19],"tags":[1743,1189,1650,37,39,1742,27,1620,1619,1618,1741],"class_list":["post-6128","post","type-post","status-publish","format-standard","has-post-thumbnail","hentry","category-noticias","tag-58a-vara-do-trabalho-de-sao-paulo","tag-ministerio-publico-do-trabalho","tag-mpt","tag-pouso-alegre","tag-sul-de-minas","tag-trt2","tag-tv-uai","tag-tv-uai-23-anos","tag-tv-uai-23-anos-com-voce","tag-tv-uai-pouso-alegre","tag-unilever"],"jetpack_publicize_connections":[],"yoast_head":"<!-- This site is optimized with the Yoast SEO plugin v23.5 - https:\/\/yoast.com\/wordpress\/plugins\/seo\/ -->\n<title>Unilever \u00e9 condenada a cumprir cota de PcDs e a investir R$ 2 milh\u00f5es em forma\u00e7\u00e3o - TVUAI<\/title>\n<meta name=\"robots\" content=\"index, follow, max-snippet:-1, max-image-preview:large, max-video-preview:-1\" \/>\n<link rel=\"canonical\" href=\"https:\/\/www.tvuai.com.br\/portal\/unilever-e-condenada-a-cumprir-cota-de-pcds-e-a-investir-r-2-milhoes-em-formacao\/\" \/>\n<meta property=\"og:locale\" content=\"pt_BR\" \/>\n<meta property=\"og:type\" content=\"article\" \/>\n<meta property=\"og:title\" content=\"Unilever \u00e9 condenada a cumprir cota de PcDs e a investir R$ 2 milh\u00f5es em forma\u00e7\u00e3o - TVUAI\" \/>\n<meta property=\"og:description\" content=\"Para TRT2, desde 2001 a multinacional vem descumprindo a cota de 5% de funcion\u00e1rios prevista em lei A 17\u00aa Turma do Tribunal do Trabalho da 2\u00aa Regi\u00e3o (TRT2), que fica em S\u00e3o Paulo, condenou a multinacional Unilever a cumprir com as cotas de contrata\u00e7\u00e3o de trabalhadores reabilitados do Instituto Nacional do Seguro Social (INSS) e [&hellip;]\" \/>\n<meta property=\"og:url\" content=\"https:\/\/www.tvuai.com.br\/portal\/unilever-e-condenada-a-cumprir-cota-de-pcds-e-a-investir-r-2-milhoes-em-formacao\/\" \/>\n<meta property=\"og:site_name\" content=\"TVUAI\" \/>\n<meta property=\"article:publisher\" content=\"http:\/\/www.facebook.com\/pages\/TV-Uai-Comunica%c3%a7%c3%a3o\/139062546157369\" \/>\n<meta property=\"article:published_time\" content=\"2023-03-30T21:17:40+00:00\" \/>\n<meta property=\"article:modified_time\" content=\"2023-04-11T11:40:32+00:00\" \/>\n<meta property=\"og:image\" content=\"https:\/\/i0.wp.com\/www.tvuai.com.br\/portal\/wp-content\/uploads\/2023\/03\/unilever0.jpg?fit=200%2C200&ssl=1\" \/>\n\t<meta property=\"og:image:width\" content=\"200\" \/>\n\t<meta property=\"og:image:height\" content=\"200\" \/>\n\t<meta property=\"og:image:type\" content=\"image\/jpeg\" \/>\n<meta name=\"author\" content=\"tvuai\" \/>\n<meta name=\"twitter:card\" content=\"summary_large_image\" \/>\n<meta name=\"twitter:creator\" content=\"@tvuai\" \/>\n<meta name=\"twitter:site\" content=\"@tvuai\" \/>\n<meta name=\"twitter:label1\" content=\"Escrito por\" \/>\n\t<meta name=\"twitter:data1\" content=\"tvuai\" \/>\n\t<meta name=\"twitter:label2\" content=\"Est. tempo de leitura\" \/>\n\t<meta name=\"twitter:data2\" content=\"4 minutos\" \/>\n<script type=\"application\/ld+json\" class=\"yoast-schema-graph\">{\"@context\":\"https:\/\/schema.org\",\"@graph\":[{\"@type\":\"Article\",\"@id\":\"https:\/\/www.tvuai.com.br\/portal\/unilever-e-condenada-a-cumprir-cota-de-pcds-e-a-investir-r-2-milhoes-em-formacao\/#article\",\"isPartOf\":{\"@id\":\"https:\/\/www.tvuai.com.br\/portal\/unilever-e-condenada-a-cumprir-cota-de-pcds-e-a-investir-r-2-milhoes-em-formacao\/\"},\"author\":{\"name\":\"tvuai\",\"@id\":\"https:\/\/www.tvuai.com.br\/portal\/#\/schema\/person\/245e50e9127451fd0b7fd76f519ebbfe\"},\"headline\":\"Unilever \u00e9 condenada a cumprir cota de PcDs e a investir R$ 2 milh\u00f5es em forma\u00e7\u00e3o\",\"datePublished\":\"2023-03-30T21:17:40+00:00\",\"dateModified\":\"2023-04-11T11:40:32+00:00\",\"mainEntityOfPage\":{\"@id\":\"https:\/\/www.tvuai.com.br\/portal\/unilever-e-condenada-a-cumprir-cota-de-pcds-e-a-investir-r-2-milhoes-em-formacao\/\"},\"wordCount\":737,\"publisher\":{\"@id\":\"https:\/\/www.tvuai.com.br\/portal\/#organization\"},\"image\":{\"@id\":\"https:\/\/www.tvuai.com.br\/portal\/unilever-e-condenada-a-cumprir-cota-de-pcds-e-a-investir-r-2-milhoes-em-formacao\/#primaryimage\"},\"thumbnailUrl\":\"https:\/\/i0.wp.com\/www.tvuai.com.br\/portal\/wp-content\/uploads\/2023\/03\/unilever0.jpg?fit=200%2C200&ssl=1\",\"keywords\":[\"58\u00aa Vara do Trabalho de S\u00e3o Paulo\",\"Minist\u00e9rio P\u00fablico do Trabalho\",\"MPT\",\"Pouso Alegre\",\"Sul de Minas\",\"TRT2\",\"TV Uai\",\"TV UAI 23 anos\",\"TV UAI 23 anos com voc\u00ea\",\"TV UAI Pouso Alegre\",\"Unilever\"],\"articleSection\":[\"Not\u00edcias\"],\"inLanguage\":\"pt-BR\"},{\"@type\":\"WebPage\",\"@id\":\"https:\/\/www.tvuai.com.br\/portal\/unilever-e-condenada-a-cumprir-cota-de-pcds-e-a-investir-r-2-milhoes-em-formacao\/\",\"url\":\"https:\/\/www.tvuai.com.br\/portal\/unilever-e-condenada-a-cumprir-cota-de-pcds-e-a-investir-r-2-milhoes-em-formacao\/\",\"name\":\"Unilever \u00e9 condenada a cumprir cota de PcDs e a investir R$ 2 milh\u00f5es em forma\u00e7\u00e3o - TVUAI\",\"isPartOf\":{\"@id\":\"https:\/\/www.tvuai.com.br\/portal\/#website\"},\"primaryImageOfPage\":{\"@id\":\"https:\/\/www.tvuai.com.br\/portal\/unilever-e-condenada-a-cumprir-cota-de-pcds-e-a-investir-r-2-milhoes-em-formacao\/#primaryimage\"},\"image\":{\"@id\":\"https:\/\/www.tvuai.com.br\/portal\/unilever-e-condenada-a-cumprir-cota-de-pcds-e-a-investir-r-2-milhoes-em-formacao\/#primaryimage\"},\"thumbnailUrl\":\"https:\/\/i0.wp.com\/www.tvuai.com.br\/portal\/wp-content\/uploads\/2023\/03\/unilever0.jpg?fit=200%2C200&ssl=1\",\"datePublished\":\"2023-03-30T21:17:40+00:00\",\"dateModified\":\"2023-04-11T11:40:32+00:00\",\"breadcrumb\":{\"@id\":\"https:\/\/www.tvuai.com.br\/portal\/unilever-e-condenada-a-cumprir-cota-de-pcds-e-a-investir-r-2-milhoes-em-formacao\/#breadcrumb\"},\"inLanguage\":\"pt-BR\",\"potentialAction\":[{\"@type\":\"ReadAction\",\"target\":[\"https:\/\/www.tvuai.com.br\/portal\/unilever-e-condenada-a-cumprir-cota-de-pcds-e-a-investir-r-2-milhoes-em-formacao\/\"]}]},{\"@type\":\"ImageObject\",\"inLanguage\":\"pt-BR\",\"@id\":\"https:\/\/www.tvuai.com.br\/portal\/unilever-e-condenada-a-cumprir-cota-de-pcds-e-a-investir-r-2-milhoes-em-formacao\/#primaryimage\",\"url\":\"https:\/\/i0.wp.com\/www.tvuai.com.br\/portal\/wp-content\/uploads\/2023\/03\/unilever0.jpg?fit=200%2C200&ssl=1\",\"contentUrl\":\"https:\/\/i0.wp.com\/www.tvuai.com.br\/portal\/wp-content\/uploads\/2023\/03\/unilever0.jpg?fit=200%2C200&ssl=1\",\"width\":200,\"height\":200},{\"@type\":\"BreadcrumbList\",\"@id\":\"https:\/\/www.tvuai.com.br\/portal\/unilever-e-condenada-a-cumprir-cota-de-pcds-e-a-investir-r-2-milhoes-em-formacao\/#breadcrumb\",\"itemListElement\":[{\"@type\":\"ListItem\",\"position\":1,\"name\":\"In\u00edcio\",\"item\":\"https:\/\/www.tvuai.com.br\/portal\/\"},{\"@type\":\"ListItem\",\"position\":2,\"name\":\"Unilever \u00e9 condenada a cumprir cota de PcDs e a investir R$ 2 milh\u00f5es em forma\u00e7\u00e3o\"}]},{\"@type\":\"WebSite\",\"@id\":\"https:\/\/www.tvuai.com.br\/portal\/#website\",\"url\":\"https:\/\/www.tvuai.com.br\/portal\/\",\"name\":\"TVUAI\",\"description\":\"Tudo sobre o Sul de Minas\",\"publisher\":{\"@id\":\"https:\/\/www.tvuai.com.br\/portal\/#organization\"},\"potentialAction\":[{\"@type\":\"SearchAction\",\"target\":{\"@type\":\"EntryPoint\",\"urlTemplate\":\"https:\/\/www.tvuai.com.br\/portal\/?s={search_term_string}\"},\"query-input\":{\"@type\":\"PropertyValueSpecification\",\"valueRequired\":true,\"valueName\":\"search_term_string\"}}],\"inLanguage\":\"pt-BR\"},{\"@type\":\"Organization\",\"@id\":\"https:\/\/www.tvuai.com.br\/portal\/#organization\",\"name\":\"TVUAI\",\"url\":\"https:\/\/www.tvuai.com.br\/portal\/\",\"logo\":{\"@type\":\"ImageObject\",\"inLanguage\":\"pt-BR\",\"@id\":\"https:\/\/www.tvuai.com.br\/portal\/#\/schema\/logo\/image\/\",\"url\":\"https:\/\/i0.wp.com\/www.tvuai.com.br\/portal\/wp-content\/uploads\/2017\/12\/logo_tvuai_100H.png?fit=207%2C100&ssl=1\",\"contentUrl\":\"https:\/\/i0.wp.com\/www.tvuai.com.br\/portal\/wp-content\/uploads\/2017\/12\/logo_tvuai_100H.png?fit=207%2C100&ssl=1\",\"width\":207,\"height\":100,\"caption\":\"TVUAI\"},\"image\":{\"@id\":\"https:\/\/www.tvuai.com.br\/portal\/#\/schema\/logo\/image\/\"},\"sameAs\":[\"http:\/\/www.facebook.com\/pages\/TV-Uai-Comunica\u00e7\u00e3o\/139062546157369\",\"https:\/\/x.com\/tvuai\",\"https:\/\/www.instagram.com\/tvuai_network\/\",\"https:\/\/www.youtube.com\/channel\/UCB7ZPB3wRv-OpoZ_09jmnkQ\"]},{\"@type\":\"Person\",\"@id\":\"https:\/\/www.tvuai.com.br\/portal\/#\/schema\/person\/245e50e9127451fd0b7fd76f519ebbfe\",\"name\":\"tvuai\",\"url\":\"https:\/\/www.tvuai.com.br\/portal\/author\/tvuai\/\"}]}<\/script>\n<!-- \/ Yoast SEO plugin. -->","yoast_head_json":{"title":"Unilever \u00e9 condenada a cumprir cota de PcDs e a investir R$ 2 milh\u00f5es em forma\u00e7\u00e3o - TVUAI","robots":{"index":"index","follow":"follow","max-snippet":"max-snippet:-1","max-image-preview":"max-image-preview:large","max-video-preview":"max-video-preview:-1"},"canonical":"https:\/\/www.tvuai.com.br\/portal\/unilever-e-condenada-a-cumprir-cota-de-pcds-e-a-investir-r-2-milhoes-em-formacao\/","og_locale":"pt_BR","og_type":"article","og_title":"Unilever \u00e9 condenada a cumprir cota de PcDs e a investir R$ 2 milh\u00f5es em forma\u00e7\u00e3o - TVUAI","og_description":"Para TRT2, desde 2001 a multinacional vem descumprindo a cota de 5% de funcion\u00e1rios prevista em lei A 17\u00aa Turma do Tribunal do Trabalho da 2\u00aa Regi\u00e3o (TRT2), que fica em S\u00e3o Paulo, condenou a multinacional Unilever a cumprir com as cotas de contrata\u00e7\u00e3o de trabalhadores reabilitados do Instituto Nacional do Seguro Social (INSS) e [&hellip;]","og_url":"https:\/\/www.tvuai.com.br\/portal\/unilever-e-condenada-a-cumprir-cota-de-pcds-e-a-investir-r-2-milhoes-em-formacao\/","og_site_name":"TVUAI","article_publisher":"http:\/\/www.facebook.com\/pages\/TV-Uai-Comunica%c3%a7%c3%a3o\/139062546157369","article_published_time":"2023-03-30T21:17:40+00:00","article_modified_time":"2023-04-11T11:40:32+00:00","og_image":[{"width":200,"height":200,"url":"https:\/\/i0.wp.com\/www.tvuai.com.br\/portal\/wp-content\/uploads\/2023\/03\/unilever0.jpg?fit=200%2C200&ssl=1","type":"image\/jpeg"}],"author":"tvuai","twitter_card":"summary_large_image","twitter_creator":"@tvuai","twitter_site":"@tvuai","twitter_misc":{"Escrito por":"tvuai","Est. tempo de leitura":"4 minutos"},"schema":{"@context":"https:\/\/schema.org","@graph":[{"@type":"Article","@id":"https:\/\/www.tvuai.com.br\/portal\/unilever-e-condenada-a-cumprir-cota-de-pcds-e-a-investir-r-2-milhoes-em-formacao\/#article","isPartOf":{"@id":"https:\/\/www.tvuai.com.br\/portal\/unilever-e-condenada-a-cumprir-cota-de-pcds-e-a-investir-r-2-milhoes-em-formacao\/"},"author":{"name":"tvuai","@id":"https:\/\/www.tvuai.com.br\/portal\/#\/schema\/person\/245e50e9127451fd0b7fd76f519ebbfe"},"headline":"Unilever \u00e9 condenada a cumprir cota de PcDs e a investir R$ 2 milh\u00f5es em forma\u00e7\u00e3o","datePublished":"2023-03-30T21:17:40+00:00","dateModified":"2023-04-11T11:40:32+00:00","mainEntityOfPage":{"@id":"https:\/\/www.tvuai.com.br\/portal\/unilever-e-condenada-a-cumprir-cota-de-pcds-e-a-investir-r-2-milhoes-em-formacao\/"},"wordCount":737,"publisher":{"@id":"https:\/\/www.tvuai.com.br\/portal\/#organization"},"image":{"@id":"https:\/\/www.tvuai.com.br\/portal\/unilever-e-condenada-a-cumprir-cota-de-pcds-e-a-investir-r-2-milhoes-em-formacao\/#primaryimage"},"thumbnailUrl":"https:\/\/i0.wp.com\/www.tvuai.com.br\/portal\/wp-content\/uploads\/2023\/03\/unilever0.jpg?fit=200%2C200&ssl=1","keywords":["58\u00aa Vara do Trabalho de S\u00e3o Paulo","Minist\u00e9rio P\u00fablico do Trabalho","MPT","Pouso Alegre","Sul de Minas","TRT2","TV Uai","TV UAI 23 anos","TV UAI 23 anos com voc\u00ea","TV UAI Pouso Alegre","Unilever"],"articleSection":["Not\u00edcias"],"inLanguage":"pt-BR"},{"@type":"WebPage","@id":"https:\/\/www.tvuai.com.br\/portal\/unilever-e-condenada-a-cumprir-cota-de-pcds-e-a-investir-r-2-milhoes-em-formacao\/","url":"https:\/\/www.tvuai.com.br\/portal\/unilever-e-condenada-a-cumprir-cota-de-pcds-e-a-investir-r-2-milhoes-em-formacao\/","name":"Unilever \u00e9 condenada a cumprir cota de PcDs e a investir R$ 2 milh\u00f5es em forma\u00e7\u00e3o - TVUAI","isPartOf":{"@id":"https:\/\/www.tvuai.com.br\/portal\/#website"},"primaryImageOfPage":{"@id":"https:\/\/www.tvuai.com.br\/portal\/unilever-e-condenada-a-cumprir-cota-de-pcds-e-a-investir-r-2-milhoes-em-formacao\/#primaryimage"},"image":{"@id":"https:\/\/www.tvuai.com.br\/portal\/unilever-e-condenada-a-cumprir-cota-de-pcds-e-a-investir-r-2-milhoes-em-formacao\/#primaryimage"},"thumbnailUrl":"https:\/\/i0.wp.com\/www.tvuai.com.br\/portal\/wp-content\/uploads\/2023\/03\/unilever0.jpg?fit=200%2C200&ssl=1","datePublished":"2023-03-30T21:17:40+00:00","dateModified":"2023-04-11T11:40:32+00:00","breadcrumb":{"@id":"https:\/\/www.tvuai.com.br\/portal\/unilever-e-condenada-a-cumprir-cota-de-pcds-e-a-investir-r-2-milhoes-em-formacao\/#breadcrumb"},"inLanguage":"pt-BR","potentialAction":[{"@type":"ReadAction","target":["https:\/\/www.tvuai.com.br\/portal\/unilever-e-condenada-a-cumprir-cota-de-pcds-e-a-investir-r-2-milhoes-em-formacao\/"]}]},{"@type":"ImageObject","inLanguage":"pt-BR","@id":"https:\/\/www.tvuai.com.br\/portal\/unilever-e-condenada-a-cumprir-cota-de-pcds-e-a-investir-r-2-milhoes-em-formacao\/#primaryimage","url":"https:\/\/i0.wp.com\/www.tvuai.com.br\/portal\/wp-content\/uploads\/2023\/03\/unilever0.jpg?fit=200%2C200&ssl=1","contentUrl":"https:\/\/i0.wp.com\/www.tvuai.com.br\/portal\/wp-content\/uploads\/2023\/03\/unilever0.jpg?fit=200%2C200&ssl=1","width":200,"height":200},{"@type":"BreadcrumbList","@id":"https:\/\/www.tvuai.com.br\/portal\/unilever-e-condenada-a-cumprir-cota-de-pcds-e-a-investir-r-2-milhoes-em-formacao\/#breadcrumb","itemListElement":[{"@type":"ListItem","position":1,"name":"In\u00edcio","item":"https:\/\/www.tvuai.com.br\/portal\/"},{"@type":"ListItem","position":2,"name":"Unilever \u00e9 condenada a cumprir cota de PcDs e a investir R$ 2 milh\u00f5es em forma\u00e7\u00e3o"}]},{"@type":"WebSite","@id":"https:\/\/www.tvuai.com.br\/portal\/#website","url":"https:\/\/www.tvuai.com.br\/portal\/","name":"TVUAI","description":"Tudo sobre o Sul de Minas","publisher":{"@id":"https:\/\/www.tvuai.com.br\/portal\/#organization"},"potentialAction":[{"@type":"SearchAction","target":{"@type":"EntryPoint","urlTemplate":"https:\/\/www.tvuai.com.br\/portal\/?s={search_term_string}"},"query-input":{"@type":"PropertyValueSpecification","valueRequired":true,"valueName":"search_term_string"}}],"inLanguage":"pt-BR"},{"@type":"Organization","@id":"https:\/\/www.tvuai.com.br\/portal\/#organization","name":"TVUAI","url":"https:\/\/www.tvuai.com.br\/portal\/","logo":{"@type":"ImageObject","inLanguage":"pt-BR","@id":"https:\/\/www.tvuai.com.br\/portal\/#\/schema\/logo\/image\/","url":"https:\/\/i0.wp.com\/www.tvuai.com.br\/portal\/wp-content\/uploads\/2017\/12\/logo_tvuai_100H.png?fit=207%2C100&ssl=1","contentUrl":"https:\/\/i0.wp.com\/www.tvuai.com.br\/portal\/wp-content\/uploads\/2017\/12\/logo_tvuai_100H.png?fit=207%2C100&ssl=1","width":207,"height":100,"caption":"TVUAI"},"image":{"@id":"https:\/\/www.tvuai.com.br\/portal\/#\/schema\/logo\/image\/"},"sameAs":["http:\/\/www.facebook.com\/pages\/TV-Uai-Comunica\u00e7\u00e3o\/139062546157369","https:\/\/x.com\/tvuai","https:\/\/www.instagram.com\/tvuai_network\/","https:\/\/www.youtube.com\/channel\/UCB7ZPB3wRv-OpoZ_09jmnkQ"]},{"@type":"Person","@id":"https:\/\/www.tvuai.com.br\/portal\/#\/schema\/person\/245e50e9127451fd0b7fd76f519ebbfe","name":"tvuai","url":"https:\/\/www.tvuai.com.br\/portal\/author\/tvuai\/"}]}},"jetpack_featured_media_url":"https:\/\/i0.wp.com\/www.tvuai.com.br\/portal\/wp-content\/uploads\/2023\/03\/unilever0.jpg?fit=200%2C200&ssl=1","wpmagazine_modules_lite_featured_media_urls":{"thumbnail":["https:\/\/i0.wp.com\/www.tvuai.com.br\/portal\/wp-content\/uploads\/2023\/03\/unilever0.jpg?resize=150%2C150&ssl=1",150,150,true],"cvmm-medium":["https:\/\/i0.wp.com\/www.tvuai.com.br\/portal\/wp-content\/uploads\/2023\/03\/unilever0.jpg?resize=200%2C200&ssl=1",200,200,true],"cvmm-medium-plus":["https:\/\/i0.wp.com\/www.tvuai.com.br\/portal\/wp-content\/uploads\/2023\/03\/unilever0.jpg?resize=200%2C200&ssl=1",200,200,true],"cvmm-portrait":["https:\/\/i0.wp.com\/www.tvuai.com.br\/portal\/wp-content\/uploads\/2023\/03\/unilever0.jpg?resize=200%2C200&ssl=1",200,200,true],"cvmm-medium-square":["https:\/\/i0.wp.com\/www.tvuai.com.br\/portal\/wp-content\/uploads\/2023\/03\/unilever0.jpg?resize=200%2C200&ssl=1",200,200,true],"cvmm-large":["https:\/\/i0.wp.com\/www.tvuai.com.br\/portal\/wp-content\/uploads\/2023\/03\/unilever0.jpg?resize=200%2C200&ssl=1",200,200,true],"cvmm-small":["https:\/\/i0.wp.com\/www.tvuai.com.br\/portal\/wp-content\/uploads\/2023\/03\/unilever0.jpg?resize=130%2C95&ssl=1",130,95,true],"full":["https:\/\/i0.wp.com\/www.tvuai.com.br\/portal\/wp-content\/uploads\/2023\/03\/unilever0.jpg?fit=200%2C200&ssl=1",200,200,false]},"categories_names":{"19":{"name":"Not\u00edcias","link":"https:\/\/www.tvuai.com.br\/portal\/category\/noticias\/"}},"tags_names":{"1743":{"name":"58\u00aa Vara do Trabalho de S\u00e3o Paulo","link":"https:\/\/www.tvuai.com.br\/portal\/tag\/58a-vara-do-trabalho-de-sao-paulo\/"},"1189":{"name":"Minist\u00e9rio P\u00fablico do Trabalho","link":"https:\/\/www.tvuai.com.br\/portal\/tag\/ministerio-publico-do-trabalho\/"},"1650":{"name":"MPT","link":"https:\/\/www.tvuai.com.br\/portal\/tag\/mpt\/"},"37":{"name":"Pouso Alegre","link":"https:\/\/www.tvuai.com.br\/portal\/tag\/pouso-alegre\/"},"39":{"name":"Sul de Minas","link":"https:\/\/www.tvuai.com.br\/portal\/tag\/sul-de-minas\/"},"1742":{"name":"TRT2","link":"https:\/\/www.tvuai.com.br\/portal\/tag\/trt2\/"},"27":{"name":"TV Uai","link":"https:\/\/www.tvuai.com.br\/portal\/tag\/tv-uai\/"},"1620":{"name":"TV UAI 23 anos","link":"https:\/\/www.tvuai.com.br\/portal\/tag\/tv-uai-23-anos\/"},"1619":{"name":"TV UAI 23 anos com voc\u00ea","link":"https:\/\/www.tvuai.com.br\/portal\/tag\/tv-uai-23-anos-com-voce\/"},"1618":{"name":"TV UAI Pouso Alegre","link":"https:\/\/www.tvuai.com.br\/portal\/tag\/tv-uai-pouso-alegre\/"},"1741":{"name":"Unilever","link":"https:\/\/www.tvuai.com.br\/portal\/tag\/unilever\/"}},"comments_number":"0","jetpack_shortlink":"https:\/\/wp.me\/p9woix-1AQ","jetpack_sharing_enabled":true,"_links":{"self":[{"href":"https:\/\/www.tvuai.com.br\/portal\/wp-json\/wp\/v2\/posts\/6128"}],"collection":[{"href":"https:\/\/www.tvuai.com.br\/portal\/wp-json\/wp\/v2\/posts"}],"about":[{"href":"https:\/\/www.tvuai.com.br\/portal\/wp-json\/wp\/v2\/types\/post"}],"author":[{"embeddable":true,"href":"https:\/\/www.tvuai.com.br\/portal\/wp-json\/wp\/v2\/users\/1"}],"replies":[{"embeddable":true,"href":"https:\/\/www.tvuai.com.br\/portal\/wp-json\/wp\/v2\/comments?post=6128"}],"version-history":[{"count":2,"href":"https:\/\/www.tvuai.com.br\/portal\/wp-json\/wp\/v2\/posts\/6128\/revisions"}],"predecessor-version":[{"id":6133,"href":"https:\/\/www.tvuai.com.br\/portal\/wp-json\/wp\/v2\/posts\/6128\/revisions\/6133"}],"wp:featuredmedia":[{"embeddable":true,"href":"https:\/\/www.tvuai.com.br\/portal\/wp-json\/wp\/v2\/media\/6130"}],"wp:attachment":[{"href":"https:\/\/www.tvuai.com.br\/portal\/wp-json\/wp\/v2\/media?parent=6128"}],"wp:term":[{"taxonomy":"category","embeddable":true,"href":"https:\/\/www.tvuai.com.br\/portal\/wp-json\/wp\/v2\/categories?post=6128"},{"taxonomy":"post_tag","embeddable":true,"href":"https:\/\/www.tvuai.com.br\/portal\/wp-json\/wp\/v2\/tags?post=6128"}],"curies":[{"name":"wp","href":"https:\/\/api.w.org\/{rel}","templated":true}]}}