{"id":6112,"date":"2023-03-29T14:47:30","date_gmt":"2023-03-29T17:47:30","guid":{"rendered":"https:\/\/www.tvuai.com.br\/portal\/?p=6112"},"modified":"2023-04-11T08:36:27","modified_gmt":"2023-04-11T11:36:27","slug":"ta-a-fim-ufla-abre-espaco-para-15-food-truck-para-oferta-de-alimentacao-no-6o-ufla-de-portas-abertas","status":"publish","type":"post","link":"https:\/\/www.tvuai.com.br\/portal\/ta-a-fim-ufla-abre-espaco-para-15-food-truck-para-oferta-de-alimentacao-no-6o-ufla-de-portas-abertas\/","title":{"rendered":"T\u00e1 a fim? UFLA abre espa\u00e7o para 15 food truck para oferta de alimenta\u00e7\u00e3o no &#8220;6\u00ba UFLA de Portas Abertas&#8221;"},"content":{"rendered":"<div class=\"5a1038e0903b96d426fcfcc338703013\" data-index=\"1\" style=\"float: right; margin:10px 0 10px 10px;\">\n<script async src=\"https:\/\/pagead2.googlesyndication.com\/pagead\/js\/adsbygoogle.js?client=ca-pub-9945944833605257\"\r\n     crossorigin=\"anonymous\"><\/script>\r\n<ins class=\"adsbygoogle\"\r\n     style=\"display:block; text-align:center;\"\r\n     data-ad-layout=\"in-article\"\r\n     data-ad-format=\"fluid\"\r\n     data-ad-client=\"ca-pub-9945944833605257\"\r\n     data-ad-slot=\"2343923581\"><\/ins>\r\n<script>\r\n     (adsbygoogle = window.adsbygoogle || []).push({});\r\n<\/script>\n<\/div>\n<p><img data-recalc-dims=\"1\" fetchpriority=\"high\" decoding=\"async\" data-attachment-id=\"6118\" data-permalink=\"https:\/\/www.tvuai.com.br\/portal\/ta-a-fim-ufla-abre-espaco-para-15-food-truck-para-oferta-de-alimentacao-no-6o-ufla-de-portas-abertas\/ufla2\/\" data-orig-file=\"https:\/\/i0.wp.com\/www.tvuai.com.br\/portal\/wp-content\/uploads\/2023\/03\/ufla2.jpg?fit=960%2C1200&amp;ssl=1\" data-orig-size=\"960,1200\" data-comments-opened=\"0\" data-image-meta=\"{&quot;aperture&quot;:&quot;0&quot;,&quot;credit&quot;:&quot;&quot;,&quot;camera&quot;:&quot;&quot;,&quot;caption&quot;:&quot;&quot;,&quot;created_timestamp&quot;:&quot;0&quot;,&quot;copyright&quot;:&quot;&quot;,&quot;focal_length&quot;:&quot;0&quot;,&quot;iso&quot;:&quot;0&quot;,&quot;shutter_speed&quot;:&quot;0&quot;,&quot;title&quot;:&quot;&quot;,&quot;orientation&quot;:&quot;1&quot;}\" data-image-title=\"ufla2\" data-image-description=\"\" data-image-caption=\"\" data-medium-file=\"https:\/\/i0.wp.com\/www.tvuai.com.br\/portal\/wp-content\/uploads\/2023\/03\/ufla2.jpg?fit=240%2C300&amp;ssl=1\" data-large-file=\"https:\/\/i0.wp.com\/www.tvuai.com.br\/portal\/wp-content\/uploads\/2023\/03\/ufla2.jpg?fit=640%2C800&amp;ssl=1\" tabindex=\"0\" role=\"button\" class=\"aligncenter size-medium wp-image-6118\" src=\"https:\/\/i0.wp.com\/www.tvuai.com.br\/portal\/wp-content\/uploads\/2023\/03\/ufla2.jpg?resize=240%2C300&#038;ssl=1\" alt=\"\" width=\"240\" height=\"300\" srcset=\"https:\/\/i0.wp.com\/www.tvuai.com.br\/portal\/wp-content\/uploads\/2023\/03\/ufla2.jpg?resize=240%2C300&amp;ssl=1 240w, https:\/\/i0.wp.com\/www.tvuai.com.br\/portal\/wp-content\/uploads\/2023\/03\/ufla2.jpg?resize=819%2C1024&amp;ssl=1 819w, https:\/\/i0.wp.com\/www.tvuai.com.br\/portal\/wp-content\/uploads\/2023\/03\/ufla2.jpg?resize=768%2C960&amp;ssl=1 768w, https:\/\/i0.wp.com\/www.tvuai.com.br\/portal\/wp-content\/uploads\/2023\/03\/ufla2.jpg?resize=600%2C750&amp;ssl=1 600w, https:\/\/i0.wp.com\/www.tvuai.com.br\/portal\/wp-content\/uploads\/2023\/03\/ufla2.jpg?w=960&amp;ssl=1 960w\" sizes=\"(max-width: 240px) 100vw, 240px\" \/><\/p>\n<p>A Universidade Federal de Lavras (Ufla) realizar\u00e1, no dia 10 de maio, o 6\u00ba Ufla de Portas Abertas, quando a Universidade receber\u00e1 estudantes de escolas p\u00fablicas e particulares de Lavras e outras cidades com a finalidade de mostrar a eles todos os cursos e as profiss\u00f5es, o objetivo de popularizar a forma\u00e7\u00e3o de ensino superior e despertar o potencial dos estudantes para a ci\u00eancia, a tecnologia e a inova\u00e7\u00e3o.<\/p>\n<p><img data-recalc-dims=\"1\" decoding=\"async\" data-attachment-id=\"6119\" data-permalink=\"https:\/\/www.tvuai.com.br\/portal\/ta-a-fim-ufla-abre-espaco-para-15-food-truck-para-oferta-de-alimentacao-no-6o-ufla-de-portas-abertas\/ufla3\/\" data-orig-file=\"https:\/\/i0.wp.com\/www.tvuai.com.br\/portal\/wp-content\/uploads\/2023\/03\/ufla3.jpg?fit=1000%2C589&amp;ssl=1\" data-orig-size=\"1000,589\" data-comments-opened=\"0\" data-image-meta=\"{&quot;aperture&quot;:&quot;0&quot;,&quot;credit&quot;:&quot;&quot;,&quot;camera&quot;:&quot;&quot;,&quot;caption&quot;:&quot;&quot;,&quot;created_timestamp&quot;:&quot;0&quot;,&quot;copyright&quot;:&quot;&quot;,&quot;focal_length&quot;:&quot;0&quot;,&quot;iso&quot;:&quot;0&quot;,&quot;shutter_speed&quot;:&quot;0&quot;,&quot;title&quot;:&quot;&quot;,&quot;orientation&quot;:&quot;1&quot;}\" data-image-title=\"ufla3\" data-image-description=\"\" data-image-caption=\"\" data-medium-file=\"https:\/\/i0.wp.com\/www.tvuai.com.br\/portal\/wp-content\/uploads\/2023\/03\/ufla3.jpg?fit=300%2C177&amp;ssl=1\" data-large-file=\"https:\/\/i0.wp.com\/www.tvuai.com.br\/portal\/wp-content\/uploads\/2023\/03\/ufla3.jpg?fit=640%2C377&amp;ssl=1\" tabindex=\"0\" role=\"button\" class=\"size-medium wp-image-6119 alignright\" src=\"https:\/\/i0.wp.com\/www.tvuai.com.br\/portal\/wp-content\/uploads\/2023\/03\/ufla3.jpg?resize=300%2C177&#038;ssl=1\" alt=\"\" width=\"300\" height=\"177\" srcset=\"https:\/\/i0.wp.com\/www.tvuai.com.br\/portal\/wp-content\/uploads\/2023\/03\/ufla3.jpg?resize=300%2C177&amp;ssl=1 300w, https:\/\/i0.wp.com\/www.tvuai.com.br\/portal\/wp-content\/uploads\/2023\/03\/ufla3.jpg?resize=768%2C452&amp;ssl=1 768w, https:\/\/i0.wp.com\/www.tvuai.com.br\/portal\/wp-content\/uploads\/2023\/03\/ufla3.jpg?resize=600%2C353&amp;ssl=1 600w, https:\/\/i0.wp.com\/www.tvuai.com.br\/portal\/wp-content\/uploads\/2023\/03\/ufla3.jpg?w=1000&amp;ssl=1 1000w\" sizes=\"(max-width: 300px) 100vw, 300px\" \/>Ser\u00e3o milhares de jovens, estima-se que 15 mil estudantes circular\u00e3o durante todo o dia no campus da Universidade e devido a isso, a organiza\u00e7\u00e3o est\u00e1 se preparando para receber os alunos e oferecer a eles conforto e seguran\u00e7a.<\/p>\n<p>Esta semana a Universidade publicou edital de chamamento p\u00fablico para a oferta de servi\u00e7os de alimenta\u00e7\u00e3o durante o evento &#8220;6\u00ba Ufla de Portas Abertas&#8221;, que ocorrer\u00e1 no campus-sede da Universidade. Os interessados em se estabelecer dentro do campus durante a realiza\u00e7\u00e3o do evento dever\u00e3o protocolar, em envelope lacrado, na Secretaria da Pr\u00f3-reitoria de Extens\u00e3o e Cultura (Proec) a documenta\u00e7\u00e3o de credenciamento, descrita no edital, at\u00e9 10 de abril.<\/p>\n<p><img data-recalc-dims=\"1\" decoding=\"async\" data-attachment-id=\"6117\" data-permalink=\"https:\/\/www.tvuai.com.br\/portal\/ta-a-fim-ufla-abre-espaco-para-15-food-truck-para-oferta-de-alimentacao-no-6o-ufla-de-portas-abertas\/ufla1\/\" data-orig-file=\"https:\/\/i0.wp.com\/www.tvuai.com.br\/portal\/wp-content\/uploads\/2023\/03\/ufla1.jpg?fit=1000%2C563&amp;ssl=1\" data-orig-size=\"1000,563\" data-comments-opened=\"0\" data-image-meta=\"{&quot;aperture&quot;:&quot;0&quot;,&quot;credit&quot;:&quot;&quot;,&quot;camera&quot;:&quot;&quot;,&quot;caption&quot;:&quot;&quot;,&quot;created_timestamp&quot;:&quot;0&quot;,&quot;copyright&quot;:&quot;&quot;,&quot;focal_length&quot;:&quot;0&quot;,&quot;iso&quot;:&quot;0&quot;,&quot;shutter_speed&quot;:&quot;0&quot;,&quot;title&quot;:&quot;&quot;,&quot;orientation&quot;:&quot;1&quot;}\" data-image-title=\"ufla1\" data-image-description=\"\" data-image-caption=\"\" data-medium-file=\"https:\/\/i0.wp.com\/www.tvuai.com.br\/portal\/wp-content\/uploads\/2023\/03\/ufla1.jpg?fit=300%2C169&amp;ssl=1\" data-large-file=\"https:\/\/i0.wp.com\/www.tvuai.com.br\/portal\/wp-content\/uploads\/2023\/03\/ufla1.jpg?fit=640%2C360&amp;ssl=1\" tabindex=\"0\" role=\"button\" class=\"size-medium wp-image-6117 alignleft\" src=\"https:\/\/i0.wp.com\/www.tvuai.com.br\/portal\/wp-content\/uploads\/2023\/03\/ufla1.jpg?resize=300%2C169&#038;ssl=1\" alt=\"\" width=\"300\" height=\"169\" srcset=\"https:\/\/i0.wp.com\/www.tvuai.com.br\/portal\/wp-content\/uploads\/2023\/03\/ufla1.jpg?resize=300%2C169&amp;ssl=1 300w, https:\/\/i0.wp.com\/www.tvuai.com.br\/portal\/wp-content\/uploads\/2023\/03\/ufla1.jpg?resize=768%2C432&amp;ssl=1 768w, https:\/\/i0.wp.com\/www.tvuai.com.br\/portal\/wp-content\/uploads\/2023\/03\/ufla1.jpg?resize=600%2C338&amp;ssl=1 600w, https:\/\/i0.wp.com\/www.tvuai.com.br\/portal\/wp-content\/uploads\/2023\/03\/ufla1.jpg?w=1000&amp;ssl=1 1000w\" sizes=\"(max-width: 300px) 100vw, 300px\" \/>Ser\u00e1 concedida autoriza\u00e7\u00e3o de uso de 15 espa\u00e7os p\u00fablicos pr\u00e9-estabelecidos no campus, com \u00e1rea estimada de at\u00e9 20m\u00b2 cada, para atender ao p\u00fablico do evento de 8h \u00e0s 18h, com possibilidade de extens\u00e3o do hor\u00e1rio at\u00e9 as 19h30. O p\u00fablico estimado \u00e9 entre 10 e 15 mil pessoas.<\/p>\n<p>Os autorizados poder\u00e3o comercializar comidas, lanches, refei\u00e7\u00f5es doces e salgadas, bem como bebidas, exceto alco\u00f3licas. \u00c9 vedada a comercializa\u00e7\u00e3o de bebidas alco\u00f3licas, artigos de tabacaria, bilhetes lot\u00e9ricos, ca\u00e7a n\u00edqueis, jogos de azar em geral, subst\u00e2ncias entorpecentes ou que causem depend\u00eancia f\u00edsica ou ps\u00edquica.<\/p>\n<p><span style=\"color: #000080;\"><strong>Acesse o edital <\/strong><\/span>para mais informa\u00e7\u00f5es.<\/p>\n\n<div style=\"font-size: 0px; height: 0px; line-height: 0px; margin: 0; padding: 0; clear: both;\"><\/div><div class='share-to-whatsapp-wrapper'><div class='share-on-whsp'>Share on: <\/div><a data-text='T\u00e1 a fim? UFLA abre espa\u00e7o para 15 food truck para oferta de alimenta\u00e7\u00e3o no \"6\u00ba UFLA de Portas Abertas\"' data-link='https:\/\/www.tvuai.com.br\/portal\/ta-a-fim-ufla-abre-espaco-para-15-food-truck-para-oferta-de-alimentacao-no-6o-ufla-de-portas-abertas\/' class='whatsapp-button whatsapp-share'>WhatsApp<\/a><div class='clear '><\/div><\/div><!-- AddThis Advanced Settings generic via filter on the_content --><!-- AddThis Share Buttons generic via filter on the_content -->","protected":false},"excerpt":{"rendered":"<p>A Universidade Federal de Lavras (Ufla) realizar\u00e1, no dia 10 de maio, o 6\u00ba Ufla de Portas Abertas, quando a Universidade receber\u00e1 estudantes de escolas p\u00fablicas e particulares de Lavras e outras cidades com a finalidade de mostrar a eles todos os cursos e as profiss\u00f5es, o objetivo de popularizar a forma\u00e7\u00e3o de ensino superior [&hellip;]<!-- AddThis Advanced Settings generic via filter on get_the_excerpt --><!-- AddThis Share Buttons generic via filter on get_the_excerpt --><\/p>\n","protected":false},"author":1,"featured_media":6116,"comment_status":"closed","ping_status":"closed","sticky":false,"template":"","format":"standard","meta":{"jetpack_post_was_ever_published":false,"_jetpack_newsletter_access":"","_jetpack_dont_email_post_to_subs":false,"_jetpack_newsletter_tier_id":0,"_jetpack_memberships_contains_paywalled_content":false,"_jetpack_memberships_contains_paid_content":false,"_joinchat":[],"footnotes":"","jetpack_publicize_message":"","jetpack_publicize_feature_enabled":true,"jetpack_social_post_already_shared":true,"jetpack_social_options":{"image_generator_settings":{"template":"highway","enabled":false},"version":2}},"categories":[19],"tags":[1739,1364,37,39,27,1620,1619,1618,131,1740,1020],"class_list":["post-6112","post","type-post","status-publish","format-standard","has-post-thumbnail","hentry","category-noticias","tag-6o-ufla-de-portas-abertas","tag-lavras","tag-pouso-alegre","tag-sul-de-minas","tag-tv-uai","tag-tv-uai-23-anos","tag-tv-uai-23-anos-com-voce","tag-tv-uai-pouso-alegre","tag-ufla","tag-universidade-federal-de-lavras","tag-universidade-federal-de-lavras-ufla"],"jetpack_publicize_connections":[],"yoast_head":"<!-- This site is optimized with the Yoast SEO plugin v23.5 - https:\/\/yoast.com\/wordpress\/plugins\/seo\/ -->\n<title>T\u00e1 a fim? UFLA abre espa\u00e7o para 15 food truck para oferta de alimenta\u00e7\u00e3o no &quot;6\u00ba UFLA de Portas Abertas&quot; - TVUAI<\/title>\n<meta name=\"robots\" content=\"index, follow, max-snippet:-1, max-image-preview:large, max-video-preview:-1\" \/>\n<link rel=\"canonical\" href=\"https:\/\/www.tvuai.com.br\/portal\/ta-a-fim-ufla-abre-espaco-para-15-food-truck-para-oferta-de-alimentacao-no-6o-ufla-de-portas-abertas\/\" \/>\n<meta property=\"og:locale\" content=\"pt_BR\" \/>\n<meta property=\"og:type\" content=\"article\" \/>\n<meta property=\"og:title\" content=\"T\u00e1 a fim? UFLA abre espa\u00e7o para 15 food truck para oferta de alimenta\u00e7\u00e3o no &quot;6\u00ba UFLA de Portas Abertas&quot; - TVUAI\" \/>\n<meta property=\"og:description\" content=\"A Universidade Federal de Lavras (Ufla) realizar\u00e1, no dia 10 de maio, o 6\u00ba Ufla de Portas Abertas, quando a Universidade receber\u00e1 estudantes de escolas p\u00fablicas e particulares de Lavras e outras cidades com a finalidade de mostrar a eles todos os cursos e as profiss\u00f5es, o objetivo de popularizar a forma\u00e7\u00e3o de ensino superior [&hellip;]\" \/>\n<meta property=\"og:url\" content=\"https:\/\/www.tvuai.com.br\/portal\/ta-a-fim-ufla-abre-espaco-para-15-food-truck-para-oferta-de-alimentacao-no-6o-ufla-de-portas-abertas\/\" \/>\n<meta property=\"og:site_name\" content=\"TVUAI\" \/>\n<meta property=\"article:publisher\" content=\"http:\/\/www.facebook.com\/pages\/TV-Uai-Comunica%c3%a7%c3%a3o\/139062546157369\" \/>\n<meta property=\"article:published_time\" content=\"2023-03-29T17:47:30+00:00\" \/>\n<meta property=\"article:modified_time\" content=\"2023-04-11T11:36:27+00:00\" \/>\n<meta property=\"og:image\" content=\"https:\/\/i0.wp.com\/www.tvuai.com.br\/portal\/wp-content\/uploads\/2023\/03\/ufla0.jpg?fit=200%2C200&ssl=1\" \/>\n\t<meta property=\"og:image:width\" content=\"200\" \/>\n\t<meta property=\"og:image:height\" content=\"200\" \/>\n\t<meta property=\"og:image:type\" content=\"image\/jpeg\" \/>\n<meta name=\"author\" content=\"tvuai\" \/>\n<meta name=\"twitter:card\" content=\"summary_large_image\" \/>\n<meta name=\"twitter:creator\" content=\"@tvuai\" \/>\n<meta name=\"twitter:site\" content=\"@tvuai\" \/>\n<meta name=\"twitter:label1\" content=\"Escrito por\" \/>\n\t<meta name=\"twitter:data1\" content=\"tvuai\" \/>\n\t<meta name=\"twitter:label2\" content=\"Est. tempo de leitura\" \/>\n\t<meta name=\"twitter:data2\" content=\"2 minutos\" \/>\n<script type=\"application\/ld+json\" class=\"yoast-schema-graph\">{\"@context\":\"https:\/\/schema.org\",\"@graph\":[{\"@type\":\"Article\",\"@id\":\"https:\/\/www.tvuai.com.br\/portal\/ta-a-fim-ufla-abre-espaco-para-15-food-truck-para-oferta-de-alimentacao-no-6o-ufla-de-portas-abertas\/#article\",\"isPartOf\":{\"@id\":\"https:\/\/www.tvuai.com.br\/portal\/ta-a-fim-ufla-abre-espaco-para-15-food-truck-para-oferta-de-alimentacao-no-6o-ufla-de-portas-abertas\/\"},\"author\":{\"name\":\"tvuai\",\"@id\":\"https:\/\/www.tvuai.com.br\/portal\/#\/schema\/person\/245e50e9127451fd0b7fd76f519ebbfe\"},\"headline\":\"T\u00e1 a fim? UFLA abre espa\u00e7o para 15 food truck para oferta de alimenta\u00e7\u00e3o no &#8220;6\u00ba UFLA de Portas Abertas&#8221;\",\"datePublished\":\"2023-03-29T17:47:30+00:00\",\"dateModified\":\"2023-04-11T11:36:27+00:00\",\"mainEntityOfPage\":{\"@id\":\"https:\/\/www.tvuai.com.br\/portal\/ta-a-fim-ufla-abre-espaco-para-15-food-truck-para-oferta-de-alimentacao-no-6o-ufla-de-portas-abertas\/\"},\"wordCount\":320,\"publisher\":{\"@id\":\"https:\/\/www.tvuai.com.br\/portal\/#organization\"},\"image\":{\"@id\":\"https:\/\/www.tvuai.com.br\/portal\/ta-a-fim-ufla-abre-espaco-para-15-food-truck-para-oferta-de-alimentacao-no-6o-ufla-de-portas-abertas\/#primaryimage\"},\"thumbnailUrl\":\"https:\/\/i0.wp.com\/www.tvuai.com.br\/portal\/wp-content\/uploads\/2023\/03\/ufla0.jpg?fit=200%2C200&ssl=1\",\"keywords\":[\"6\u00ba Ufla de Portas Abertas\",\"Lavras\",\"Pouso Alegre\",\"Sul de Minas\",\"TV Uai\",\"TV UAI 23 anos\",\"TV UAI 23 anos com voc\u00ea\",\"TV UAI Pouso Alegre\",\"UFLA\",\"Universidade Federal de Lavras\",\"Universidade Federal de Lavras (UFLA)\"],\"articleSection\":[\"Not\u00edcias\"],\"inLanguage\":\"pt-BR\"},{\"@type\":\"WebPage\",\"@id\":\"https:\/\/www.tvuai.com.br\/portal\/ta-a-fim-ufla-abre-espaco-para-15-food-truck-para-oferta-de-alimentacao-no-6o-ufla-de-portas-abertas\/\",\"url\":\"https:\/\/www.tvuai.com.br\/portal\/ta-a-fim-ufla-abre-espaco-para-15-food-truck-para-oferta-de-alimentacao-no-6o-ufla-de-portas-abertas\/\",\"name\":\"T\u00e1 a fim? UFLA abre espa\u00e7o para 15 food truck para oferta de alimenta\u00e7\u00e3o no \\\"6\u00ba UFLA de Portas Abertas\\\" - TVUAI\",\"isPartOf\":{\"@id\":\"https:\/\/www.tvuai.com.br\/portal\/#website\"},\"primaryImageOfPage\":{\"@id\":\"https:\/\/www.tvuai.com.br\/portal\/ta-a-fim-ufla-abre-espaco-para-15-food-truck-para-oferta-de-alimentacao-no-6o-ufla-de-portas-abertas\/#primaryimage\"},\"image\":{\"@id\":\"https:\/\/www.tvuai.com.br\/portal\/ta-a-fim-ufla-abre-espaco-para-15-food-truck-para-oferta-de-alimentacao-no-6o-ufla-de-portas-abertas\/#primaryimage\"},\"thumbnailUrl\":\"https:\/\/i0.wp.com\/www.tvuai.com.br\/portal\/wp-content\/uploads\/2023\/03\/ufla0.jpg?fit=200%2C200&ssl=1\",\"datePublished\":\"2023-03-29T17:47:30+00:00\",\"dateModified\":\"2023-04-11T11:36:27+00:00\",\"breadcrumb\":{\"@id\":\"https:\/\/www.tvuai.com.br\/portal\/ta-a-fim-ufla-abre-espaco-para-15-food-truck-para-oferta-de-alimentacao-no-6o-ufla-de-portas-abertas\/#breadcrumb\"},\"inLanguage\":\"pt-BR\",\"potentialAction\":[{\"@type\":\"ReadAction\",\"target\":[\"https:\/\/www.tvuai.com.br\/portal\/ta-a-fim-ufla-abre-espaco-para-15-food-truck-para-oferta-de-alimentacao-no-6o-ufla-de-portas-abertas\/\"]}]},{\"@type\":\"ImageObject\",\"inLanguage\":\"pt-BR\",\"@id\":\"https:\/\/www.tvuai.com.br\/portal\/ta-a-fim-ufla-abre-espaco-para-15-food-truck-para-oferta-de-alimentacao-no-6o-ufla-de-portas-abertas\/#primaryimage\",\"url\":\"https:\/\/i0.wp.com\/www.tvuai.com.br\/portal\/wp-content\/uploads\/2023\/03\/ufla0.jpg?fit=200%2C200&ssl=1\",\"contentUrl\":\"https:\/\/i0.wp.com\/www.tvuai.com.br\/portal\/wp-content\/uploads\/2023\/03\/ufla0.jpg?fit=200%2C200&ssl=1\",\"width\":200,\"height\":200},{\"@type\":\"BreadcrumbList\",\"@id\":\"https:\/\/www.tvuai.com.br\/portal\/ta-a-fim-ufla-abre-espaco-para-15-food-truck-para-oferta-de-alimentacao-no-6o-ufla-de-portas-abertas\/#breadcrumb\",\"itemListElement\":[{\"@type\":\"ListItem\",\"position\":1,\"name\":\"In\u00edcio\",\"item\":\"https:\/\/www.tvuai.com.br\/portal\/\"},{\"@type\":\"ListItem\",\"position\":2,\"name\":\"T\u00e1 a fim? UFLA abre espa\u00e7o para 15 food truck para oferta de alimenta\u00e7\u00e3o no &#8220;6\u00ba UFLA de Portas Abertas&#8221;\"}]},{\"@type\":\"WebSite\",\"@id\":\"https:\/\/www.tvuai.com.br\/portal\/#website\",\"url\":\"https:\/\/www.tvuai.com.br\/portal\/\",\"name\":\"TVUAI\",\"description\":\"Tudo sobre o Sul de Minas\",\"publisher\":{\"@id\":\"https:\/\/www.tvuai.com.br\/portal\/#organization\"},\"potentialAction\":[{\"@type\":\"SearchAction\",\"target\":{\"@type\":\"EntryPoint\",\"urlTemplate\":\"https:\/\/www.tvuai.com.br\/portal\/?s={search_term_string}\"},\"query-input\":{\"@type\":\"PropertyValueSpecification\",\"valueRequired\":true,\"valueName\":\"search_term_string\"}}],\"inLanguage\":\"pt-BR\"},{\"@type\":\"Organization\",\"@id\":\"https:\/\/www.tvuai.com.br\/portal\/#organization\",\"name\":\"TVUAI\",\"url\":\"https:\/\/www.tvuai.com.br\/portal\/\",\"logo\":{\"@type\":\"ImageObject\",\"inLanguage\":\"pt-BR\",\"@id\":\"https:\/\/www.tvuai.com.br\/portal\/#\/schema\/logo\/image\/\",\"url\":\"https:\/\/i0.wp.com\/www.tvuai.com.br\/portal\/wp-content\/uploads\/2017\/12\/logo_tvuai_100H.png?fit=207%2C100&ssl=1\",\"contentUrl\":\"https:\/\/i0.wp.com\/www.tvuai.com.br\/portal\/wp-content\/uploads\/2017\/12\/logo_tvuai_100H.png?fit=207%2C100&ssl=1\",\"width\":207,\"height\":100,\"caption\":\"TVUAI\"},\"image\":{\"@id\":\"https:\/\/www.tvuai.com.br\/portal\/#\/schema\/logo\/image\/\"},\"sameAs\":[\"http:\/\/www.facebook.com\/pages\/TV-Uai-Comunica\u00e7\u00e3o\/139062546157369\",\"https:\/\/x.com\/tvuai\",\"https:\/\/www.instagram.com\/tvuai_network\/\",\"https:\/\/www.youtube.com\/channel\/UCB7ZPB3wRv-OpoZ_09jmnkQ\"]},{\"@type\":\"Person\",\"@id\":\"https:\/\/www.tvuai.com.br\/portal\/#\/schema\/person\/245e50e9127451fd0b7fd76f519ebbfe\",\"name\":\"tvuai\",\"url\":\"https:\/\/www.tvuai.com.br\/portal\/author\/tvuai\/\"}]}<\/script>\n<!-- \/ Yoast SEO plugin. -->","yoast_head_json":{"title":"T\u00e1 a fim? UFLA abre espa\u00e7o para 15 food truck para oferta de alimenta\u00e7\u00e3o no \"6\u00ba UFLA de Portas Abertas\" - TVUAI","robots":{"index":"index","follow":"follow","max-snippet":"max-snippet:-1","max-image-preview":"max-image-preview:large","max-video-preview":"max-video-preview:-1"},"canonical":"https:\/\/www.tvuai.com.br\/portal\/ta-a-fim-ufla-abre-espaco-para-15-food-truck-para-oferta-de-alimentacao-no-6o-ufla-de-portas-abertas\/","og_locale":"pt_BR","og_type":"article","og_title":"T\u00e1 a fim? UFLA abre espa\u00e7o para 15 food truck para oferta de alimenta\u00e7\u00e3o no \"6\u00ba UFLA de Portas Abertas\" - TVUAI","og_description":"A Universidade Federal de Lavras (Ufla) realizar\u00e1, no dia 10 de maio, o 6\u00ba Ufla de Portas Abertas, quando a Universidade receber\u00e1 estudantes de escolas p\u00fablicas e particulares de Lavras e outras cidades com a finalidade de mostrar a eles todos os cursos e as profiss\u00f5es, o objetivo de popularizar a forma\u00e7\u00e3o de ensino superior [&hellip;]","og_url":"https:\/\/www.tvuai.com.br\/portal\/ta-a-fim-ufla-abre-espaco-para-15-food-truck-para-oferta-de-alimentacao-no-6o-ufla-de-portas-abertas\/","og_site_name":"TVUAI","article_publisher":"http:\/\/www.facebook.com\/pages\/TV-Uai-Comunica%c3%a7%c3%a3o\/139062546157369","article_published_time":"2023-03-29T17:47:30+00:00","article_modified_time":"2023-04-11T11:36:27+00:00","og_image":[{"width":200,"height":200,"url":"https:\/\/i0.wp.com\/www.tvuai.com.br\/portal\/wp-content\/uploads\/2023\/03\/ufla0.jpg?fit=200%2C200&ssl=1","type":"image\/jpeg"}],"author":"tvuai","twitter_card":"summary_large_image","twitter_creator":"@tvuai","twitter_site":"@tvuai","twitter_misc":{"Escrito por":"tvuai","Est. tempo de leitura":"2 minutos"},"schema":{"@context":"https:\/\/schema.org","@graph":[{"@type":"Article","@id":"https:\/\/www.tvuai.com.br\/portal\/ta-a-fim-ufla-abre-espaco-para-15-food-truck-para-oferta-de-alimentacao-no-6o-ufla-de-portas-abertas\/#article","isPartOf":{"@id":"https:\/\/www.tvuai.com.br\/portal\/ta-a-fim-ufla-abre-espaco-para-15-food-truck-para-oferta-de-alimentacao-no-6o-ufla-de-portas-abertas\/"},"author":{"name":"tvuai","@id":"https:\/\/www.tvuai.com.br\/portal\/#\/schema\/person\/245e50e9127451fd0b7fd76f519ebbfe"},"headline":"T\u00e1 a fim? UFLA abre espa\u00e7o para 15 food truck para oferta de alimenta\u00e7\u00e3o no &#8220;6\u00ba UFLA de Portas Abertas&#8221;","datePublished":"2023-03-29T17:47:30+00:00","dateModified":"2023-04-11T11:36:27+00:00","mainEntityOfPage":{"@id":"https:\/\/www.tvuai.com.br\/portal\/ta-a-fim-ufla-abre-espaco-para-15-food-truck-para-oferta-de-alimentacao-no-6o-ufla-de-portas-abertas\/"},"wordCount":320,"publisher":{"@id":"https:\/\/www.tvuai.com.br\/portal\/#organization"},"image":{"@id":"https:\/\/www.tvuai.com.br\/portal\/ta-a-fim-ufla-abre-espaco-para-15-food-truck-para-oferta-de-alimentacao-no-6o-ufla-de-portas-abertas\/#primaryimage"},"thumbnailUrl":"https:\/\/i0.wp.com\/www.tvuai.com.br\/portal\/wp-content\/uploads\/2023\/03\/ufla0.jpg?fit=200%2C200&ssl=1","keywords":["6\u00ba Ufla de Portas Abertas","Lavras","Pouso Alegre","Sul de Minas","TV Uai","TV UAI 23 anos","TV UAI 23 anos com voc\u00ea","TV UAI Pouso Alegre","UFLA","Universidade Federal de Lavras","Universidade Federal de Lavras (UFLA)"],"articleSection":["Not\u00edcias"],"inLanguage":"pt-BR"},{"@type":"WebPage","@id":"https:\/\/www.tvuai.com.br\/portal\/ta-a-fim-ufla-abre-espaco-para-15-food-truck-para-oferta-de-alimentacao-no-6o-ufla-de-portas-abertas\/","url":"https:\/\/www.tvuai.com.br\/portal\/ta-a-fim-ufla-abre-espaco-para-15-food-truck-para-oferta-de-alimentacao-no-6o-ufla-de-portas-abertas\/","name":"T\u00e1 a fim? UFLA abre espa\u00e7o para 15 food truck para oferta de alimenta\u00e7\u00e3o no \"6\u00ba UFLA de Portas Abertas\" - TVUAI","isPartOf":{"@id":"https:\/\/www.tvuai.com.br\/portal\/#website"},"primaryImageOfPage":{"@id":"https:\/\/www.tvuai.com.br\/portal\/ta-a-fim-ufla-abre-espaco-para-15-food-truck-para-oferta-de-alimentacao-no-6o-ufla-de-portas-abertas\/#primaryimage"},"image":{"@id":"https:\/\/www.tvuai.com.br\/portal\/ta-a-fim-ufla-abre-espaco-para-15-food-truck-para-oferta-de-alimentacao-no-6o-ufla-de-portas-abertas\/#primaryimage"},"thumbnailUrl":"https:\/\/i0.wp.com\/www.tvuai.com.br\/portal\/wp-content\/uploads\/2023\/03\/ufla0.jpg?fit=200%2C200&ssl=1","datePublished":"2023-03-29T17:47:30+00:00","dateModified":"2023-04-11T11:36:27+00:00","breadcrumb":{"@id":"https:\/\/www.tvuai.com.br\/portal\/ta-a-fim-ufla-abre-espaco-para-15-food-truck-para-oferta-de-alimentacao-no-6o-ufla-de-portas-abertas\/#breadcrumb"},"inLanguage":"pt-BR","potentialAction":[{"@type":"ReadAction","target":["https:\/\/www.tvuai.com.br\/portal\/ta-a-fim-ufla-abre-espaco-para-15-food-truck-para-oferta-de-alimentacao-no-6o-ufla-de-portas-abertas\/"]}]},{"@type":"ImageObject","inLanguage":"pt-BR","@id":"https:\/\/www.tvuai.com.br\/portal\/ta-a-fim-ufla-abre-espaco-para-15-food-truck-para-oferta-de-alimentacao-no-6o-ufla-de-portas-abertas\/#primaryimage","url":"https:\/\/i0.wp.com\/www.tvuai.com.br\/portal\/wp-content\/uploads\/2023\/03\/ufla0.jpg?fit=200%2C200&ssl=1","contentUrl":"https:\/\/i0.wp.com\/www.tvuai.com.br\/portal\/wp-content\/uploads\/2023\/03\/ufla0.jpg?fit=200%2C200&ssl=1","width":200,"height":200},{"@type":"BreadcrumbList","@id":"https:\/\/www.tvuai.com.br\/portal\/ta-a-fim-ufla-abre-espaco-para-15-food-truck-para-oferta-de-alimentacao-no-6o-ufla-de-portas-abertas\/#breadcrumb","itemListElement":[{"@type":"ListItem","position":1,"name":"In\u00edcio","item":"https:\/\/www.tvuai.com.br\/portal\/"},{"@type":"ListItem","position":2,"name":"T\u00e1 a fim? UFLA abre espa\u00e7o para 15 food truck para oferta de alimenta\u00e7\u00e3o no &#8220;6\u00ba UFLA de Portas Abertas&#8221;"}]},{"@type":"WebSite","@id":"https:\/\/www.tvuai.com.br\/portal\/#website","url":"https:\/\/www.tvuai.com.br\/portal\/","name":"TVUAI","description":"Tudo sobre o Sul de Minas","publisher":{"@id":"https:\/\/www.tvuai.com.br\/portal\/#organization"},"potentialAction":[{"@type":"SearchAction","target":{"@type":"EntryPoint","urlTemplate":"https:\/\/www.tvuai.com.br\/portal\/?s={search_term_string}"},"query-input":{"@type":"PropertyValueSpecification","valueRequired":true,"valueName":"search_term_string"}}],"inLanguage":"pt-BR"},{"@type":"Organization","@id":"https:\/\/www.tvuai.com.br\/portal\/#organization","name":"TVUAI","url":"https:\/\/www.tvuai.com.br\/portal\/","logo":{"@type":"ImageObject","inLanguage":"pt-BR","@id":"https:\/\/www.tvuai.com.br\/portal\/#\/schema\/logo\/image\/","url":"https:\/\/i0.wp.com\/www.tvuai.com.br\/portal\/wp-content\/uploads\/2017\/12\/logo_tvuai_100H.png?fit=207%2C100&ssl=1","contentUrl":"https:\/\/i0.wp.com\/www.tvuai.com.br\/portal\/wp-content\/uploads\/2017\/12\/logo_tvuai_100H.png?fit=207%2C100&ssl=1","width":207,"height":100,"caption":"TVUAI"},"image":{"@id":"https:\/\/www.tvuai.com.br\/portal\/#\/schema\/logo\/image\/"},"sameAs":["http:\/\/www.facebook.com\/pages\/TV-Uai-Comunica\u00e7\u00e3o\/139062546157369","https:\/\/x.com\/tvuai","https:\/\/www.instagram.com\/tvuai_network\/","https:\/\/www.youtube.com\/channel\/UCB7ZPB3wRv-OpoZ_09jmnkQ"]},{"@type":"Person","@id":"https:\/\/www.tvuai.com.br\/portal\/#\/schema\/person\/245e50e9127451fd0b7fd76f519ebbfe","name":"tvuai","url":"https:\/\/www.tvuai.com.br\/portal\/author\/tvuai\/"}]}},"jetpack_featured_media_url":"https:\/\/i0.wp.com\/www.tvuai.com.br\/portal\/wp-content\/uploads\/2023\/03\/ufla0.jpg?fit=200%2C200&ssl=1","wpmagazine_modules_lite_featured_media_urls":{"thumbnail":["https:\/\/i0.wp.com\/www.tvuai.com.br\/portal\/wp-content\/uploads\/2023\/03\/ufla0.jpg?resize=150%2C150&ssl=1",150,150,true],"cvmm-medium":["https:\/\/i0.wp.com\/www.tvuai.com.br\/portal\/wp-content\/uploads\/2023\/03\/ufla0.jpg?resize=200%2C200&ssl=1",200,200,true],"cvmm-medium-plus":["https:\/\/i0.wp.com\/www.tvuai.com.br\/portal\/wp-content\/uploads\/2023\/03\/ufla0.jpg?resize=200%2C200&ssl=1",200,200,true],"cvmm-portrait":["https:\/\/i0.wp.com\/www.tvuai.com.br\/portal\/wp-content\/uploads\/2023\/03\/ufla0.jpg?resize=200%2C200&ssl=1",200,200,true],"cvmm-medium-square":["https:\/\/i0.wp.com\/www.tvuai.com.br\/portal\/wp-content\/uploads\/2023\/03\/ufla0.jpg?resize=200%2C200&ssl=1",200,200,true],"cvmm-large":["https:\/\/i0.wp.com\/www.tvuai.com.br\/portal\/wp-content\/uploads\/2023\/03\/ufla0.jpg?resize=200%2C200&ssl=1",200,200,true],"cvmm-small":["https:\/\/i0.wp.com\/www.tvuai.com.br\/portal\/wp-content\/uploads\/2023\/03\/ufla0.jpg?resize=130%2C95&ssl=1",130,95,true],"full":["https:\/\/i0.wp.com\/www.tvuai.com.br\/portal\/wp-content\/uploads\/2023\/03\/ufla0.jpg?fit=200%2C200&ssl=1",200,200,false]},"categories_names":{"19":{"name":"Not\u00edcias","link":"https:\/\/www.tvuai.com.br\/portal\/category\/noticias\/"}},"tags_names":{"1739":{"name":"6\u00ba Ufla de Portas Abertas","link":"https:\/\/www.tvuai.com.br\/portal\/tag\/6o-ufla-de-portas-abertas\/"},"1364":{"name":"Lavras","link":"https:\/\/www.tvuai.com.br\/portal\/tag\/lavras\/"},"37":{"name":"Pouso Alegre","link":"https:\/\/www.tvuai.com.br\/portal\/tag\/pouso-alegre\/"},"39":{"name":"Sul de Minas","link":"https:\/\/www.tvuai.com.br\/portal\/tag\/sul-de-minas\/"},"27":{"name":"TV Uai","link":"https:\/\/www.tvuai.com.br\/portal\/tag\/tv-uai\/"},"1620":{"name":"TV UAI 23 anos","link":"https:\/\/www.tvuai.com.br\/portal\/tag\/tv-uai-23-anos\/"},"1619":{"name":"TV UAI 23 anos com voc\u00ea","link":"https:\/\/www.tvuai.com.br\/portal\/tag\/tv-uai-23-anos-com-voce\/"},"1618":{"name":"TV UAI Pouso Alegre","link":"https:\/\/www.tvuai.com.br\/portal\/tag\/tv-uai-pouso-alegre\/"},"131":{"name":"UFLA","link":"https:\/\/www.tvuai.com.br\/portal\/tag\/ufla\/"},"1740":{"name":"Universidade Federal de Lavras","link":"https:\/\/www.tvuai.com.br\/portal\/tag\/universidade-federal-de-lavras\/"},"1020":{"name":"Universidade Federal de Lavras (UFLA)","link":"https:\/\/www.tvuai.com.br\/portal\/tag\/universidade-federal-de-lavras-ufla\/"}},"comments_number":"0","jetpack_shortlink":"https:\/\/wp.me\/p9woix-1AA","jetpack_sharing_enabled":true,"_links":{"self":[{"href":"https:\/\/www.tvuai.com.br\/portal\/wp-json\/wp\/v2\/posts\/6112"}],"collection":[{"href":"https:\/\/www.tvuai.com.br\/portal\/wp-json\/wp\/v2\/posts"}],"about":[{"href":"https:\/\/www.tvuai.com.br\/portal\/wp-json\/wp\/v2\/types\/post"}],"author":[{"embeddable":true,"href":"https:\/\/www.tvuai.com.br\/portal\/wp-json\/wp\/v2\/users\/1"}],"replies":[{"embeddable":true,"href":"https:\/\/www.tvuai.com.br\/portal\/wp-json\/wp\/v2\/comments?post=6112"}],"version-history":[{"count":5,"href":"https:\/\/www.tvuai.com.br\/portal\/wp-json\/wp\/v2\/posts\/6112\/revisions"}],"predecessor-version":[{"id":6122,"href":"https:\/\/www.tvuai.com.br\/portal\/wp-json\/wp\/v2\/posts\/6112\/revisions\/6122"}],"wp:featuredmedia":[{"embeddable":true,"href":"https:\/\/www.tvuai.com.br\/portal\/wp-json\/wp\/v2\/media\/6116"}],"wp:attachment":[{"href":"https:\/\/www.tvuai.com.br\/portal\/wp-json\/wp\/v2\/media?parent=6112"}],"wp:term":[{"taxonomy":"category","embeddable":true,"href":"https:\/\/www.tvuai.com.br\/portal\/wp-json\/wp\/v2\/categories?post=6112"},{"taxonomy":"post_tag","embeddable":true,"href":"https:\/\/www.tvuai.com.br\/portal\/wp-json\/wp\/v2\/tags?post=6112"}],"curies":[{"name":"wp","href":"https:\/\/api.w.org\/{rel}","templated":true}]}}