{"id":6092,"date":"2023-03-29T16:52:34","date_gmt":"2023-03-29T19:52:34","guid":{"rendered":"https:\/\/www.tvuai.com.br\/portal\/?p=6092"},"modified":"2023-07-19T12:01:57","modified_gmt":"2023-07-19T15:01:57","slug":"em-pocos-de-caldas-policia-federal-investiga-tentativa-de-desvio-de-valores-de-processos-judiciais-na-subsecao-judiciaria-do-trf6","status":"publish","type":"post","link":"https:\/\/www.tvuai.com.br\/portal\/em-pocos-de-caldas-policia-federal-investiga-tentativa-de-desvio-de-valores-de-processos-judiciais-na-subsecao-judiciaria-do-trf6\/","title":{"rendered":"Em Po\u00e7os de Caldas, Pol\u00edcia Federal investiga tentativa de desvio de valores de processos judiciais na Subse\u00e7\u00e3o Judici\u00e1ria do TRF6"},"content":{"rendered":"<div class=\"5a1038e0903b96d426fcfcc338703013\" data-index=\"1\" style=\"float: right; margin:10px 0 10px 10px;\">\n<script async src=\"https:\/\/pagead2.googlesyndication.com\/pagead\/js\/adsbygoogle.js?client=ca-pub-9945944833605257\"\r\n     crossorigin=\"anonymous\"><\/script>\r\n<ins class=\"adsbygoogle\"\r\n     style=\"display:block; text-align:center;\"\r\n     data-ad-layout=\"in-article\"\r\n     data-ad-format=\"fluid\"\r\n     data-ad-client=\"ca-pub-9945944833605257\"\r\n     data-ad-slot=\"2343923581\"><\/ins>\r\n<script>\r\n     (adsbygoogle = window.adsbygoogle || []).push({});\r\n<\/script>\n<\/div>\n<h5 style=\"text-align: center;\"><em><strong><img data-recalc-dims=\"1\" fetchpriority=\"high\" decoding=\"async\" data-attachment-id=\"6099\" data-permalink=\"https:\/\/www.tvuai.com.br\/portal\/em-pocos-de-caldas-policia-federal-investiga-tentativa-de-desvio-de-valores-de-processos-judiciais-na-subsecao-judiciaria-do-trf6\/pf-em-pocos1\/\" data-orig-file=\"https:\/\/i0.wp.com\/www.tvuai.com.br\/portal\/wp-content\/uploads\/2023\/03\/PF-em-Po\u00e7os1.jpg?fit=768%2C576&amp;ssl=1\" data-orig-size=\"768,576\" data-comments-opened=\"0\" data-image-meta=\"{&quot;aperture&quot;:&quot;0&quot;,&quot;credit&quot;:&quot;&quot;,&quot;camera&quot;:&quot;&quot;,&quot;caption&quot;:&quot;&quot;,&quot;created_timestamp&quot;:&quot;0&quot;,&quot;copyright&quot;:&quot;&quot;,&quot;focal_length&quot;:&quot;0&quot;,&quot;iso&quot;:&quot;0&quot;,&quot;shutter_speed&quot;:&quot;0&quot;,&quot;title&quot;:&quot;&quot;,&quot;orientation&quot;:&quot;1&quot;}\" data-image-title=\"PF em Po\u00e7os1\" data-image-description=\"\" data-image-caption=\"\" data-medium-file=\"https:\/\/i0.wp.com\/www.tvuai.com.br\/portal\/wp-content\/uploads\/2023\/03\/PF-em-Po\u00e7os1.jpg?fit=300%2C225&amp;ssl=1\" data-large-file=\"https:\/\/i0.wp.com\/www.tvuai.com.br\/portal\/wp-content\/uploads\/2023\/03\/PF-em-Po\u00e7os1.jpg?fit=640%2C480&amp;ssl=1\" tabindex=\"0\" role=\"button\" class=\"aligncenter size-medium wp-image-6099\" src=\"https:\/\/i0.wp.com\/www.tvuai.com.br\/portal\/wp-content\/uploads\/2023\/03\/PF-em-Po\u00e7os1.jpg?resize=300%2C225&#038;ssl=1\" alt=\"\" width=\"300\" height=\"225\" srcset=\"https:\/\/i0.wp.com\/www.tvuai.com.br\/portal\/wp-content\/uploads\/2023\/03\/PF-em-Po\u00e7os1.jpg?resize=300%2C225&amp;ssl=1 300w, https:\/\/i0.wp.com\/www.tvuai.com.br\/portal\/wp-content\/uploads\/2023\/03\/PF-em-Po\u00e7os1.jpg?resize=600%2C450&amp;ssl=1 600w, https:\/\/i0.wp.com\/www.tvuai.com.br\/portal\/wp-content\/uploads\/2023\/03\/PF-em-Po\u00e7os1.jpg?w=768&amp;ssl=1 768w\" sizes=\"(max-width: 300px) 100vw, 300px\" \/>Se os envolvidos forem condenados, as penas somadas podem chegar a 18 anos de reclus\u00e3o<\/strong><\/em><\/h5>\n<p>A Pol\u00edcia Federal da Regional de Varginha deflagrou na manh\u00e3 desta quarta-feira, 29, a Opera\u00e7\u00e3o Fid\u00facia, com o objetivo de investigar tentativa de desvio de valores de processos judiciais realizada por servidor tempor\u00e1rio da Justi\u00e7a Federal. Foram cumpridos dois mandados de busca e apreens\u00e3o na cidade de Po\u00e7os de Caldas.<\/p>\n<p>A Subse\u00e7\u00e3o Judici\u00e1ria Federal em Po\u00e7os de Caldas comunicou \u00e0 PF que o estagi\u00e1rio que atuava no Foro Federal tentou, por meio de falsifica\u00e7\u00e3o de documentos, desviar valores para conta de pessoa estranha ao processo de execu\u00e7\u00e3o origin\u00e1rio.<\/p>\n<p>Est\u00e3o sendo apurados os crimes de falsifica\u00e7\u00e3o de documento p\u00fablico e de peculato na modalidade apropria\u00e7\u00e3o. Esse \u00faltimo delito, em espec\u00edfico, \u00e9 praticado por servidor p\u00fablico, mesmo que em cargo tempor\u00e1rio.<\/p>\n<h6 style=\"text-align: right;\"><em><strong>Foto ilustrativa PF<\/strong><\/em><\/h6>\n\n<div style=\"font-size: 0px; height: 0px; line-height: 0px; margin: 0; padding: 0; clear: both;\"><\/div><div class='share-to-whatsapp-wrapper'><div class='share-on-whsp'>Share on: <\/div><a data-text='Em Po\u00e7os de Caldas, Pol\u00edcia Federal investiga tentativa de desvio de valores de processos judiciais na Subse\u00e7\u00e3o Judici\u00e1ria do TRF6' data-link='https:\/\/www.tvuai.com.br\/portal\/em-pocos-de-caldas-policia-federal-investiga-tentativa-de-desvio-de-valores-de-processos-judiciais-na-subsecao-judiciaria-do-trf6\/' class='whatsapp-button whatsapp-share'>WhatsApp<\/a><div class='clear '><\/div><\/div><!-- AddThis Advanced Settings generic via filter on the_content --><!-- AddThis Share Buttons generic via filter on the_content -->","protected":false},"excerpt":{"rendered":"<p>Se os envolvidos forem condenados, as penas somadas podem chegar a 18 anos de reclus\u00e3o A Pol\u00edcia Federal da Regional de Varginha deflagrou na manh\u00e3 desta quarta-feira, 29, a Opera\u00e7\u00e3o Fid\u00facia, com o objetivo de investigar tentativa de desvio de valores de processos judiciais realizada por servidor tempor\u00e1rio da Justi\u00e7a Federal. Foram cumpridos dois mandados [&hellip;]<!-- AddThis Advanced Settings generic via filter on get_the_excerpt --><!-- AddThis Share Buttons generic via filter on get_the_excerpt --><\/p>\n","protected":false},"author":1,"featured_media":6098,"comment_status":"closed","ping_status":"closed","sticky":false,"template":"","format":"standard","meta":{"jetpack_post_was_ever_published":false,"_jetpack_newsletter_access":"","_jetpack_dont_email_post_to_subs":false,"_jetpack_newsletter_tier_id":0,"_jetpack_memberships_contains_paywalled_content":false,"_jetpack_memberships_contains_paid_content":false,"_joinchat":[],"footnotes":"","jetpack_publicize_message":"","jetpack_publicize_feature_enabled":true,"jetpack_social_post_already_shared":true,"jetpack_social_options":{"image_generator_settings":{"template":"highway","enabled":false},"version":2}},"categories":[1843,19],"tags":[1734,348,1243,37,1735,39,1736,27,1620,1619,1618],"class_list":["post-6092","post","type-post","status-publish","format-standard","has-post-thumbnail","hentry","category-direito","category-noticias","tag-delegacia-regional-da-policia-federal-em-varginha","tag-pocos-de-caldas","tag-policia-federal","tag-pouso-alegre","tag-subsecao-judiciaria-federal-em-pocos-de-caldas","tag-sul-de-minas","tag-trf6-pocos-de-caldas","tag-tv-uai","tag-tv-uai-23-anos","tag-tv-uai-23-anos-com-voce","tag-tv-uai-pouso-alegre"],"jetpack_publicize_connections":[],"yoast_head":"<!-- This site is optimized with the Yoast SEO plugin v23.5 - https:\/\/yoast.com\/wordpress\/plugins\/seo\/ -->\n<title>Em Po\u00e7os de Caldas, Pol\u00edcia Federal investiga tentativa de desvio de valores de processos judiciais na Subse\u00e7\u00e3o Judici\u00e1ria do TRF6 - TVUAI<\/title>\n<meta name=\"robots\" content=\"index, follow, max-snippet:-1, max-image-preview:large, max-video-preview:-1\" \/>\n<link rel=\"canonical\" href=\"https:\/\/www.tvuai.com.br\/portal\/em-pocos-de-caldas-policia-federal-investiga-tentativa-de-desvio-de-valores-de-processos-judiciais-na-subsecao-judiciaria-do-trf6\/\" \/>\n<meta property=\"og:locale\" content=\"pt_BR\" \/>\n<meta property=\"og:type\" content=\"article\" \/>\n<meta property=\"og:title\" content=\"Em Po\u00e7os de Caldas, Pol\u00edcia Federal investiga tentativa de desvio de valores de processos judiciais na Subse\u00e7\u00e3o Judici\u00e1ria do TRF6 - TVUAI\" \/>\n<meta property=\"og:description\" content=\"Se os envolvidos forem condenados, as penas somadas podem chegar a 18 anos de reclus\u00e3o A Pol\u00edcia Federal da Regional de Varginha deflagrou na manh\u00e3 desta quarta-feira, 29, a Opera\u00e7\u00e3o Fid\u00facia, com o objetivo de investigar tentativa de desvio de valores de processos judiciais realizada por servidor tempor\u00e1rio da Justi\u00e7a Federal. Foram cumpridos dois mandados [&hellip;]\" \/>\n<meta property=\"og:url\" content=\"https:\/\/www.tvuai.com.br\/portal\/em-pocos-de-caldas-policia-federal-investiga-tentativa-de-desvio-de-valores-de-processos-judiciais-na-subsecao-judiciaria-do-trf6\/\" \/>\n<meta property=\"og:site_name\" content=\"TVUAI\" \/>\n<meta property=\"article:publisher\" content=\"http:\/\/www.facebook.com\/pages\/TV-Uai-Comunica%c3%a7%c3%a3o\/139062546157369\" \/>\n<meta property=\"article:published_time\" content=\"2023-03-29T19:52:34+00:00\" \/>\n<meta property=\"article:modified_time\" content=\"2023-07-19T15:01:57+00:00\" \/>\n<meta property=\"og:image\" content=\"https:\/\/www.tvuai.com.br\/portal\/wp-content\/uploads\/2023\/03\/PF-em-Po\u00e7os0.jpg\" \/>\n\t<meta property=\"og:image:width\" content=\"200\" \/>\n\t<meta property=\"og:image:height\" content=\"200\" \/>\n\t<meta property=\"og:image:type\" content=\"image\/jpeg\" \/>\n<meta name=\"author\" content=\"tvuai\" \/>\n<meta name=\"twitter:card\" content=\"summary_large_image\" \/>\n<meta name=\"twitter:creator\" content=\"@tvuai\" \/>\n<meta name=\"twitter:site\" content=\"@tvuai\" \/>\n<meta name=\"twitter:label1\" content=\"Escrito por\" \/>\n\t<meta name=\"twitter:data1\" content=\"tvuai\" \/>\n\t<meta name=\"twitter:label2\" content=\"Est. tempo de leitura\" \/>\n\t<meta name=\"twitter:data2\" content=\"1 minuto\" \/>\n<script type=\"application\/ld+json\" class=\"yoast-schema-graph\">{\"@context\":\"https:\/\/schema.org\",\"@graph\":[{\"@type\":\"Article\",\"@id\":\"https:\/\/www.tvuai.com.br\/portal\/em-pocos-de-caldas-policia-federal-investiga-tentativa-de-desvio-de-valores-de-processos-judiciais-na-subsecao-judiciaria-do-trf6\/#article\",\"isPartOf\":{\"@id\":\"https:\/\/www.tvuai.com.br\/portal\/em-pocos-de-caldas-policia-federal-investiga-tentativa-de-desvio-de-valores-de-processos-judiciais-na-subsecao-judiciaria-do-trf6\/\"},\"author\":{\"name\":\"tvuai\",\"@id\":\"https:\/\/www.tvuai.com.br\/portal\/#\/schema\/person\/245e50e9127451fd0b7fd76f519ebbfe\"},\"headline\":\"Em Po\u00e7os de Caldas, Pol\u00edcia Federal investiga tentativa de desvio de valores de processos judiciais na Subse\u00e7\u00e3o Judici\u00e1ria do TRF6\",\"datePublished\":\"2023-03-29T19:52:34+00:00\",\"dateModified\":\"2023-07-19T15:01:57+00:00\",\"mainEntityOfPage\":{\"@id\":\"https:\/\/www.tvuai.com.br\/portal\/em-pocos-de-caldas-policia-federal-investiga-tentativa-de-desvio-de-valores-de-processos-judiciais-na-subsecao-judiciaria-do-trf6\/\"},\"wordCount\":179,\"publisher\":{\"@id\":\"https:\/\/www.tvuai.com.br\/portal\/#organization\"},\"image\":{\"@id\":\"https:\/\/www.tvuai.com.br\/portal\/em-pocos-de-caldas-policia-federal-investiga-tentativa-de-desvio-de-valores-de-processos-judiciais-na-subsecao-judiciaria-do-trf6\/#primaryimage\"},\"thumbnailUrl\":\"https:\/\/i0.wp.com\/www.tvuai.com.br\/portal\/wp-content\/uploads\/2023\/03\/PF-em-Po\u00e7os0.jpg?fit=200%2C200&ssl=1\",\"keywords\":[\"Delegacia Regional da Pol\u00edcia Federal em Varginha\",\"Po\u00e7os de Caldas\",\"Pol\u00edcia Federal\",\"Pouso Alegre\",\"Subse\u00e7\u00e3o Judici\u00e1ria Federal em Po\u00e7os de Caldas\",\"Sul de Minas\",\"TRF6 Po\u00e7os de Caldas\",\"TV Uai\",\"TV UAI 23 anos\",\"TV UAI 23 anos com voc\u00ea\",\"TV UAI Pouso Alegre\"],\"articleSection\":[\"Direito\",\"Not\u00edcias\"],\"inLanguage\":\"pt-BR\"},{\"@type\":\"WebPage\",\"@id\":\"https:\/\/www.tvuai.com.br\/portal\/em-pocos-de-caldas-policia-federal-investiga-tentativa-de-desvio-de-valores-de-processos-judiciais-na-subsecao-judiciaria-do-trf6\/\",\"url\":\"https:\/\/www.tvuai.com.br\/portal\/em-pocos-de-caldas-policia-federal-investiga-tentativa-de-desvio-de-valores-de-processos-judiciais-na-subsecao-judiciaria-do-trf6\/\",\"name\":\"Em Po\u00e7os de Caldas, Pol\u00edcia Federal investiga tentativa de desvio de valores de processos judiciais na Subse\u00e7\u00e3o Judici\u00e1ria do TRF6 - TVUAI\",\"isPartOf\":{\"@id\":\"https:\/\/www.tvuai.com.br\/portal\/#website\"},\"primaryImageOfPage\":{\"@id\":\"https:\/\/www.tvuai.com.br\/portal\/em-pocos-de-caldas-policia-federal-investiga-tentativa-de-desvio-de-valores-de-processos-judiciais-na-subsecao-judiciaria-do-trf6\/#primaryimage\"},\"image\":{\"@id\":\"https:\/\/www.tvuai.com.br\/portal\/em-pocos-de-caldas-policia-federal-investiga-tentativa-de-desvio-de-valores-de-processos-judiciais-na-subsecao-judiciaria-do-trf6\/#primaryimage\"},\"thumbnailUrl\":\"https:\/\/i0.wp.com\/www.tvuai.com.br\/portal\/wp-content\/uploads\/2023\/03\/PF-em-Po\u00e7os0.jpg?fit=200%2C200&ssl=1\",\"datePublished\":\"2023-03-29T19:52:34+00:00\",\"dateModified\":\"2023-07-19T15:01:57+00:00\",\"breadcrumb\":{\"@id\":\"https:\/\/www.tvuai.com.br\/portal\/em-pocos-de-caldas-policia-federal-investiga-tentativa-de-desvio-de-valores-de-processos-judiciais-na-subsecao-judiciaria-do-trf6\/#breadcrumb\"},\"inLanguage\":\"pt-BR\",\"potentialAction\":[{\"@type\":\"ReadAction\",\"target\":[\"https:\/\/www.tvuai.com.br\/portal\/em-pocos-de-caldas-policia-federal-investiga-tentativa-de-desvio-de-valores-de-processos-judiciais-na-subsecao-judiciaria-do-trf6\/\"]}]},{\"@type\":\"ImageObject\",\"inLanguage\":\"pt-BR\",\"@id\":\"https:\/\/www.tvuai.com.br\/portal\/em-pocos-de-caldas-policia-federal-investiga-tentativa-de-desvio-de-valores-de-processos-judiciais-na-subsecao-judiciaria-do-trf6\/#primaryimage\",\"url\":\"https:\/\/i0.wp.com\/www.tvuai.com.br\/portal\/wp-content\/uploads\/2023\/03\/PF-em-Po\u00e7os0.jpg?fit=200%2C200&ssl=1\",\"contentUrl\":\"https:\/\/i0.wp.com\/www.tvuai.com.br\/portal\/wp-content\/uploads\/2023\/03\/PF-em-Po\u00e7os0.jpg?fit=200%2C200&ssl=1\",\"width\":200,\"height\":200},{\"@type\":\"BreadcrumbList\",\"@id\":\"https:\/\/www.tvuai.com.br\/portal\/em-pocos-de-caldas-policia-federal-investiga-tentativa-de-desvio-de-valores-de-processos-judiciais-na-subsecao-judiciaria-do-trf6\/#breadcrumb\",\"itemListElement\":[{\"@type\":\"ListItem\",\"position\":1,\"name\":\"In\u00edcio\",\"item\":\"https:\/\/www.tvuai.com.br\/portal\/\"},{\"@type\":\"ListItem\",\"position\":2,\"name\":\"Em Po\u00e7os de Caldas, Pol\u00edcia Federal investiga tentativa de desvio de valores de processos judiciais na Subse\u00e7\u00e3o Judici\u00e1ria do TRF6\"}]},{\"@type\":\"WebSite\",\"@id\":\"https:\/\/www.tvuai.com.br\/portal\/#website\",\"url\":\"https:\/\/www.tvuai.com.br\/portal\/\",\"name\":\"TVUAI\",\"description\":\"Tudo sobre o Sul de Minas\",\"publisher\":{\"@id\":\"https:\/\/www.tvuai.com.br\/portal\/#organization\"},\"potentialAction\":[{\"@type\":\"SearchAction\",\"target\":{\"@type\":\"EntryPoint\",\"urlTemplate\":\"https:\/\/www.tvuai.com.br\/portal\/?s={search_term_string}\"},\"query-input\":{\"@type\":\"PropertyValueSpecification\",\"valueRequired\":true,\"valueName\":\"search_term_string\"}}],\"inLanguage\":\"pt-BR\"},{\"@type\":\"Organization\",\"@id\":\"https:\/\/www.tvuai.com.br\/portal\/#organization\",\"name\":\"TVUAI\",\"url\":\"https:\/\/www.tvuai.com.br\/portal\/\",\"logo\":{\"@type\":\"ImageObject\",\"inLanguage\":\"pt-BR\",\"@id\":\"https:\/\/www.tvuai.com.br\/portal\/#\/schema\/logo\/image\/\",\"url\":\"https:\/\/i0.wp.com\/www.tvuai.com.br\/portal\/wp-content\/uploads\/2017\/12\/logo_tvuai_100H.png?fit=207%2C100&ssl=1\",\"contentUrl\":\"https:\/\/i0.wp.com\/www.tvuai.com.br\/portal\/wp-content\/uploads\/2017\/12\/logo_tvuai_100H.png?fit=207%2C100&ssl=1\",\"width\":207,\"height\":100,\"caption\":\"TVUAI\"},\"image\":{\"@id\":\"https:\/\/www.tvuai.com.br\/portal\/#\/schema\/logo\/image\/\"},\"sameAs\":[\"http:\/\/www.facebook.com\/pages\/TV-Uai-Comunica\u00e7\u00e3o\/139062546157369\",\"https:\/\/x.com\/tvuai\",\"https:\/\/www.instagram.com\/tvuai_network\/\",\"https:\/\/www.youtube.com\/channel\/UCB7ZPB3wRv-OpoZ_09jmnkQ\"]},{\"@type\":\"Person\",\"@id\":\"https:\/\/www.tvuai.com.br\/portal\/#\/schema\/person\/245e50e9127451fd0b7fd76f519ebbfe\",\"name\":\"tvuai\",\"url\":\"https:\/\/www.tvuai.com.br\/portal\/author\/tvuai\/\"}]}<\/script>\n<!-- \/ Yoast SEO plugin. -->","yoast_head_json":{"title":"Em Po\u00e7os de Caldas, Pol\u00edcia Federal investiga tentativa de desvio de valores de processos judiciais na Subse\u00e7\u00e3o Judici\u00e1ria do TRF6 - TVUAI","robots":{"index":"index","follow":"follow","max-snippet":"max-snippet:-1","max-image-preview":"max-image-preview:large","max-video-preview":"max-video-preview:-1"},"canonical":"https:\/\/www.tvuai.com.br\/portal\/em-pocos-de-caldas-policia-federal-investiga-tentativa-de-desvio-de-valores-de-processos-judiciais-na-subsecao-judiciaria-do-trf6\/","og_locale":"pt_BR","og_type":"article","og_title":"Em Po\u00e7os de Caldas, Pol\u00edcia Federal investiga tentativa de desvio de valores de processos judiciais na Subse\u00e7\u00e3o Judici\u00e1ria do TRF6 - TVUAI","og_description":"Se os envolvidos forem condenados, as penas somadas podem chegar a 18 anos de reclus\u00e3o A Pol\u00edcia Federal da Regional de Varginha deflagrou na manh\u00e3 desta quarta-feira, 29, a Opera\u00e7\u00e3o Fid\u00facia, com o objetivo de investigar tentativa de desvio de valores de processos judiciais realizada por servidor tempor\u00e1rio da Justi\u00e7a Federal. Foram cumpridos dois mandados [&hellip;]","og_url":"https:\/\/www.tvuai.com.br\/portal\/em-pocos-de-caldas-policia-federal-investiga-tentativa-de-desvio-de-valores-de-processos-judiciais-na-subsecao-judiciaria-do-trf6\/","og_site_name":"TVUAI","article_publisher":"http:\/\/www.facebook.com\/pages\/TV-Uai-Comunica%c3%a7%c3%a3o\/139062546157369","article_published_time":"2023-03-29T19:52:34+00:00","article_modified_time":"2023-07-19T15:01:57+00:00","og_image":[{"width":200,"height":200,"url":"https:\/\/www.tvuai.com.br\/portal\/wp-content\/uploads\/2023\/03\/PF-em-Po\u00e7os0.jpg","type":"image\/jpeg"}],"author":"tvuai","twitter_card":"summary_large_image","twitter_creator":"@tvuai","twitter_site":"@tvuai","twitter_misc":{"Escrito por":"tvuai","Est. tempo de leitura":"1 minuto"},"schema":{"@context":"https:\/\/schema.org","@graph":[{"@type":"Article","@id":"https:\/\/www.tvuai.com.br\/portal\/em-pocos-de-caldas-policia-federal-investiga-tentativa-de-desvio-de-valores-de-processos-judiciais-na-subsecao-judiciaria-do-trf6\/#article","isPartOf":{"@id":"https:\/\/www.tvuai.com.br\/portal\/em-pocos-de-caldas-policia-federal-investiga-tentativa-de-desvio-de-valores-de-processos-judiciais-na-subsecao-judiciaria-do-trf6\/"},"author":{"name":"tvuai","@id":"https:\/\/www.tvuai.com.br\/portal\/#\/schema\/person\/245e50e9127451fd0b7fd76f519ebbfe"},"headline":"Em Po\u00e7os de Caldas, Pol\u00edcia Federal investiga tentativa de desvio de valores de processos judiciais na Subse\u00e7\u00e3o Judici\u00e1ria do TRF6","datePublished":"2023-03-29T19:52:34+00:00","dateModified":"2023-07-19T15:01:57+00:00","mainEntityOfPage":{"@id":"https:\/\/www.tvuai.com.br\/portal\/em-pocos-de-caldas-policia-federal-investiga-tentativa-de-desvio-de-valores-de-processos-judiciais-na-subsecao-judiciaria-do-trf6\/"},"wordCount":179,"publisher":{"@id":"https:\/\/www.tvuai.com.br\/portal\/#organization"},"image":{"@id":"https:\/\/www.tvuai.com.br\/portal\/em-pocos-de-caldas-policia-federal-investiga-tentativa-de-desvio-de-valores-de-processos-judiciais-na-subsecao-judiciaria-do-trf6\/#primaryimage"},"thumbnailUrl":"https:\/\/i0.wp.com\/www.tvuai.com.br\/portal\/wp-content\/uploads\/2023\/03\/PF-em-Po\u00e7os0.jpg?fit=200%2C200&ssl=1","keywords":["Delegacia Regional da Pol\u00edcia Federal em Varginha","Po\u00e7os de Caldas","Pol\u00edcia Federal","Pouso Alegre","Subse\u00e7\u00e3o Judici\u00e1ria Federal em Po\u00e7os de Caldas","Sul de Minas","TRF6 Po\u00e7os de Caldas","TV Uai","TV UAI 23 anos","TV UAI 23 anos com voc\u00ea","TV UAI Pouso Alegre"],"articleSection":["Direito","Not\u00edcias"],"inLanguage":"pt-BR"},{"@type":"WebPage","@id":"https:\/\/www.tvuai.com.br\/portal\/em-pocos-de-caldas-policia-federal-investiga-tentativa-de-desvio-de-valores-de-processos-judiciais-na-subsecao-judiciaria-do-trf6\/","url":"https:\/\/www.tvuai.com.br\/portal\/em-pocos-de-caldas-policia-federal-investiga-tentativa-de-desvio-de-valores-de-processos-judiciais-na-subsecao-judiciaria-do-trf6\/","name":"Em Po\u00e7os de Caldas, Pol\u00edcia Federal investiga tentativa de desvio de valores de processos judiciais na Subse\u00e7\u00e3o Judici\u00e1ria do TRF6 - TVUAI","isPartOf":{"@id":"https:\/\/www.tvuai.com.br\/portal\/#website"},"primaryImageOfPage":{"@id":"https:\/\/www.tvuai.com.br\/portal\/em-pocos-de-caldas-policia-federal-investiga-tentativa-de-desvio-de-valores-de-processos-judiciais-na-subsecao-judiciaria-do-trf6\/#primaryimage"},"image":{"@id":"https:\/\/www.tvuai.com.br\/portal\/em-pocos-de-caldas-policia-federal-investiga-tentativa-de-desvio-de-valores-de-processos-judiciais-na-subsecao-judiciaria-do-trf6\/#primaryimage"},"thumbnailUrl":"https:\/\/i0.wp.com\/www.tvuai.com.br\/portal\/wp-content\/uploads\/2023\/03\/PF-em-Po\u00e7os0.jpg?fit=200%2C200&ssl=1","datePublished":"2023-03-29T19:52:34+00:00","dateModified":"2023-07-19T15:01:57+00:00","breadcrumb":{"@id":"https:\/\/www.tvuai.com.br\/portal\/em-pocos-de-caldas-policia-federal-investiga-tentativa-de-desvio-de-valores-de-processos-judiciais-na-subsecao-judiciaria-do-trf6\/#breadcrumb"},"inLanguage":"pt-BR","potentialAction":[{"@type":"ReadAction","target":["https:\/\/www.tvuai.com.br\/portal\/em-pocos-de-caldas-policia-federal-investiga-tentativa-de-desvio-de-valores-de-processos-judiciais-na-subsecao-judiciaria-do-trf6\/"]}]},{"@type":"ImageObject","inLanguage":"pt-BR","@id":"https:\/\/www.tvuai.com.br\/portal\/em-pocos-de-caldas-policia-federal-investiga-tentativa-de-desvio-de-valores-de-processos-judiciais-na-subsecao-judiciaria-do-trf6\/#primaryimage","url":"https:\/\/i0.wp.com\/www.tvuai.com.br\/portal\/wp-content\/uploads\/2023\/03\/PF-em-Po\u00e7os0.jpg?fit=200%2C200&ssl=1","contentUrl":"https:\/\/i0.wp.com\/www.tvuai.com.br\/portal\/wp-content\/uploads\/2023\/03\/PF-em-Po\u00e7os0.jpg?fit=200%2C200&ssl=1","width":200,"height":200},{"@type":"BreadcrumbList","@id":"https:\/\/www.tvuai.com.br\/portal\/em-pocos-de-caldas-policia-federal-investiga-tentativa-de-desvio-de-valores-de-processos-judiciais-na-subsecao-judiciaria-do-trf6\/#breadcrumb","itemListElement":[{"@type":"ListItem","position":1,"name":"In\u00edcio","item":"https:\/\/www.tvuai.com.br\/portal\/"},{"@type":"ListItem","position":2,"name":"Em Po\u00e7os de Caldas, Pol\u00edcia Federal investiga tentativa de desvio de valores de processos judiciais na Subse\u00e7\u00e3o Judici\u00e1ria do TRF6"}]},{"@type":"WebSite","@id":"https:\/\/www.tvuai.com.br\/portal\/#website","url":"https:\/\/www.tvuai.com.br\/portal\/","name":"TVUAI","description":"Tudo sobre o Sul de Minas","publisher":{"@id":"https:\/\/www.tvuai.com.br\/portal\/#organization"},"potentialAction":[{"@type":"SearchAction","target":{"@type":"EntryPoint","urlTemplate":"https:\/\/www.tvuai.com.br\/portal\/?s={search_term_string}"},"query-input":{"@type":"PropertyValueSpecification","valueRequired":true,"valueName":"search_term_string"}}],"inLanguage":"pt-BR"},{"@type":"Organization","@id":"https:\/\/www.tvuai.com.br\/portal\/#organization","name":"TVUAI","url":"https:\/\/www.tvuai.com.br\/portal\/","logo":{"@type":"ImageObject","inLanguage":"pt-BR","@id":"https:\/\/www.tvuai.com.br\/portal\/#\/schema\/logo\/image\/","url":"https:\/\/i0.wp.com\/www.tvuai.com.br\/portal\/wp-content\/uploads\/2017\/12\/logo_tvuai_100H.png?fit=207%2C100&ssl=1","contentUrl":"https:\/\/i0.wp.com\/www.tvuai.com.br\/portal\/wp-content\/uploads\/2017\/12\/logo_tvuai_100H.png?fit=207%2C100&ssl=1","width":207,"height":100,"caption":"TVUAI"},"image":{"@id":"https:\/\/www.tvuai.com.br\/portal\/#\/schema\/logo\/image\/"},"sameAs":["http:\/\/www.facebook.com\/pages\/TV-Uai-Comunica\u00e7\u00e3o\/139062546157369","https:\/\/x.com\/tvuai","https:\/\/www.instagram.com\/tvuai_network\/","https:\/\/www.youtube.com\/channel\/UCB7ZPB3wRv-OpoZ_09jmnkQ"]},{"@type":"Person","@id":"https:\/\/www.tvuai.com.br\/portal\/#\/schema\/person\/245e50e9127451fd0b7fd76f519ebbfe","name":"tvuai","url":"https:\/\/www.tvuai.com.br\/portal\/author\/tvuai\/"}]}},"jetpack_featured_media_url":"https:\/\/i0.wp.com\/www.tvuai.com.br\/portal\/wp-content\/uploads\/2023\/03\/PF-em-Po\u00e7os0.jpg?fit=200%2C200&ssl=1","wpmagazine_modules_lite_featured_media_urls":{"thumbnail":["https:\/\/i0.wp.com\/www.tvuai.com.br\/portal\/wp-content\/uploads\/2023\/03\/PF-em-Po\u00e7os0.jpg?resize=150%2C150&ssl=1",150,150,true],"cvmm-medium":["https:\/\/i0.wp.com\/www.tvuai.com.br\/portal\/wp-content\/uploads\/2023\/03\/PF-em-Po\u00e7os0.jpg?resize=200%2C200&ssl=1",200,200,true],"cvmm-medium-plus":["https:\/\/i0.wp.com\/www.tvuai.com.br\/portal\/wp-content\/uploads\/2023\/03\/PF-em-Po\u00e7os0.jpg?resize=200%2C200&ssl=1",200,200,true],"cvmm-portrait":["https:\/\/i0.wp.com\/www.tvuai.com.br\/portal\/wp-content\/uploads\/2023\/03\/PF-em-Po\u00e7os0.jpg?resize=200%2C200&ssl=1",200,200,true],"cvmm-medium-square":["https:\/\/i0.wp.com\/www.tvuai.com.br\/portal\/wp-content\/uploads\/2023\/03\/PF-em-Po\u00e7os0.jpg?resize=200%2C200&ssl=1",200,200,true],"cvmm-large":["https:\/\/i0.wp.com\/www.tvuai.com.br\/portal\/wp-content\/uploads\/2023\/03\/PF-em-Po\u00e7os0.jpg?resize=200%2C200&ssl=1",200,200,true],"cvmm-small":["https:\/\/i0.wp.com\/www.tvuai.com.br\/portal\/wp-content\/uploads\/2023\/03\/PF-em-Po\u00e7os0.jpg?resize=130%2C95&ssl=1",130,95,true],"full":["https:\/\/i0.wp.com\/www.tvuai.com.br\/portal\/wp-content\/uploads\/2023\/03\/PF-em-Po\u00e7os0.jpg?fit=200%2C200&ssl=1",200,200,false]},"categories_names":{"1843":{"name":"Direito","link":"https:\/\/www.tvuai.com.br\/portal\/category\/direito\/"},"19":{"name":"Not\u00edcias","link":"https:\/\/www.tvuai.com.br\/portal\/category\/noticias\/"}},"tags_names":{"1734":{"name":"Delegacia Regional da Pol\u00edcia Federal em Varginha","link":"https:\/\/www.tvuai.com.br\/portal\/tag\/delegacia-regional-da-policia-federal-em-varginha\/"},"348":{"name":"Po\u00e7os de Caldas","link":"https:\/\/www.tvuai.com.br\/portal\/tag\/pocos-de-caldas\/"},"1243":{"name":"Pol\u00edcia Federal","link":"https:\/\/www.tvuai.com.br\/portal\/tag\/policia-federal\/"},"37":{"name":"Pouso Alegre","link":"https:\/\/www.tvuai.com.br\/portal\/tag\/pouso-alegre\/"},"1735":{"name":"Subse\u00e7\u00e3o Judici\u00e1ria Federal em Po\u00e7os de Caldas","link":"https:\/\/www.tvuai.com.br\/portal\/tag\/subsecao-judiciaria-federal-em-pocos-de-caldas\/"},"39":{"name":"Sul de Minas","link":"https:\/\/www.tvuai.com.br\/portal\/tag\/sul-de-minas\/"},"1736":{"name":"TRF6 Po\u00e7os de Caldas","link":"https:\/\/www.tvuai.com.br\/portal\/tag\/trf6-pocos-de-caldas\/"},"27":{"name":"TV Uai","link":"https:\/\/www.tvuai.com.br\/portal\/tag\/tv-uai\/"},"1620":{"name":"TV UAI 23 anos","link":"https:\/\/www.tvuai.com.br\/portal\/tag\/tv-uai-23-anos\/"},"1619":{"name":"TV UAI 23 anos com voc\u00ea","link":"https:\/\/www.tvuai.com.br\/portal\/tag\/tv-uai-23-anos-com-voce\/"},"1618":{"name":"TV UAI Pouso Alegre","link":"https:\/\/www.tvuai.com.br\/portal\/tag\/tv-uai-pouso-alegre\/"}},"comments_number":"0","jetpack_shortlink":"https:\/\/wp.me\/p9woix-1Ag","jetpack_sharing_enabled":true,"_links":{"self":[{"href":"https:\/\/www.tvuai.com.br\/portal\/wp-json\/wp\/v2\/posts\/6092"}],"collection":[{"href":"https:\/\/www.tvuai.com.br\/portal\/wp-json\/wp\/v2\/posts"}],"about":[{"href":"https:\/\/www.tvuai.com.br\/portal\/wp-json\/wp\/v2\/types\/post"}],"author":[{"embeddable":true,"href":"https:\/\/www.tvuai.com.br\/portal\/wp-json\/wp\/v2\/users\/1"}],"replies":[{"embeddable":true,"href":"https:\/\/www.tvuai.com.br\/portal\/wp-json\/wp\/v2\/comments?post=6092"}],"version-history":[{"count":7,"href":"https:\/\/www.tvuai.com.br\/portal\/wp-json\/wp\/v2\/posts\/6092\/revisions"}],"predecessor-version":[{"id":6101,"href":"https:\/\/www.tvuai.com.br\/portal\/wp-json\/wp\/v2\/posts\/6092\/revisions\/6101"}],"wp:featuredmedia":[{"embeddable":true,"href":"https:\/\/www.tvuai.com.br\/portal\/wp-json\/wp\/v2\/media\/6098"}],"wp:attachment":[{"href":"https:\/\/www.tvuai.com.br\/portal\/wp-json\/wp\/v2\/media?parent=6092"}],"wp:term":[{"taxonomy":"category","embeddable":true,"href":"https:\/\/www.tvuai.com.br\/portal\/wp-json\/wp\/v2\/categories?post=6092"},{"taxonomy":"post_tag","embeddable":true,"href":"https:\/\/www.tvuai.com.br\/portal\/wp-json\/wp\/v2\/tags?post=6092"}],"curies":[{"name":"wp","href":"https:\/\/api.w.org\/{rel}","templated":true}]}}