{"id":5971,"date":"2023-03-10T15:14:33","date_gmt":"2023-03-10T18:14:33","guid":{"rendered":"https:\/\/www.tvuai.com.br\/portal\/?p=5971"},"modified":"2023-03-29T20:45:02","modified_gmt":"2023-03-29T23:45:02","slug":"ifsuldeminas-abre-edital-para-o-cadastro-de-instituicoes-interessadas-em-receber-doacoes","status":"publish","type":"post","link":"https:\/\/www.tvuai.com.br\/portal\/ifsuldeminas-abre-edital-para-o-cadastro-de-instituicoes-interessadas-em-receber-doacoes\/","title":{"rendered":"IFSULDEMINAS abre edital para o cadastro de institui\u00e7\u00f5es interessadas em receber doa\u00e7\u00f5es"},"content":{"rendered":"<div class=\"5a1038e0903b96d426fcfcc338703013\" data-index=\"1\" style=\"float: right; margin:10px 0 10px 10px;\">\n<script async src=\"https:\/\/pagead2.googlesyndication.com\/pagead\/js\/adsbygoogle.js?client=ca-pub-9945944833605257\"\r\n     crossorigin=\"anonymous\"><\/script>\r\n<ins class=\"adsbygoogle\"\r\n     style=\"display:block; text-align:center;\"\r\n     data-ad-layout=\"in-article\"\r\n     data-ad-format=\"fluid\"\r\n     data-ad-client=\"ca-pub-9945944833605257\"\r\n     data-ad-slot=\"2343923581\"><\/ins>\r\n<script>\r\n     (adsbygoogle = window.adsbygoogle || []).push({});\r\n<\/script>\n<\/div>\n<p><img data-recalc-dims=\"1\" decoding=\"async\" data-attachment-id=\"5976\" data-permalink=\"https:\/\/www.tvuai.com.br\/portal\/ifsuldeminas-abre-edital-para-o-cadastro-de-instituicoes-interessadas-em-receber-doacoes\/ifsuldeminas1\/\" data-orig-file=\"https:\/\/i0.wp.com\/www.tvuai.com.br\/portal\/wp-content\/uploads\/2023\/03\/ifsuldeminas1.jpg?fit=800%2C276&amp;ssl=1\" data-orig-size=\"800,276\" data-comments-opened=\"0\" data-image-meta=\"{&quot;aperture&quot;:&quot;0&quot;,&quot;credit&quot;:&quot;&quot;,&quot;camera&quot;:&quot;&quot;,&quot;caption&quot;:&quot;&quot;,&quot;created_timestamp&quot;:&quot;0&quot;,&quot;copyright&quot;:&quot;&quot;,&quot;focal_length&quot;:&quot;0&quot;,&quot;iso&quot;:&quot;0&quot;,&quot;shutter_speed&quot;:&quot;0&quot;,&quot;title&quot;:&quot;&quot;,&quot;orientation&quot;:&quot;1&quot;}\" data-image-title=\"ifsuldeminas1\" data-image-description=\"\" data-image-caption=\"\" data-medium-file=\"https:\/\/i0.wp.com\/www.tvuai.com.br\/portal\/wp-content\/uploads\/2023\/03\/ifsuldeminas1.jpg?fit=300%2C104&amp;ssl=1\" data-large-file=\"https:\/\/i0.wp.com\/www.tvuai.com.br\/portal\/wp-content\/uploads\/2023\/03\/ifsuldeminas1.jpg?fit=640%2C221&amp;ssl=1\" tabindex=\"0\" role=\"button\" class=\"aligncenter size-medium wp-image-5976\" src=\"https:\/\/i0.wp.com\/www.tvuai.com.br\/portal\/wp-content\/uploads\/2023\/03\/ifsuldeminas1.jpg?resize=300%2C104&#038;ssl=1\" alt=\"\" width=\"300\" height=\"104\" srcset=\"https:\/\/i0.wp.com\/www.tvuai.com.br\/portal\/wp-content\/uploads\/2023\/03\/ifsuldeminas1.jpg?resize=300%2C104&amp;ssl=1 300w, https:\/\/i0.wp.com\/www.tvuai.com.br\/portal\/wp-content\/uploads\/2023\/03\/ifsuldeminas1.jpg?resize=768%2C265&amp;ssl=1 768w, https:\/\/i0.wp.com\/www.tvuai.com.br\/portal\/wp-content\/uploads\/2023\/03\/ifsuldeminas1.jpg?resize=795%2C276&amp;ssl=1 795w, https:\/\/i0.wp.com\/www.tvuai.com.br\/portal\/wp-content\/uploads\/2023\/03\/ifsuldeminas1.jpg?resize=600%2C207&amp;ssl=1 600w, https:\/\/i0.wp.com\/www.tvuai.com.br\/portal\/wp-content\/uploads\/2023\/03\/ifsuldeminas1.jpg?w=800&amp;ssl=1 800w\" sizes=\"(max-width: 300px) 100vw, 300px\" \/>O Instituto Federal do Sul de Minas (IFSULDEMINAS) faz chamada p\u00fablica para realizar o cadastro de institui\u00e7\u00f5es\u00a0que possuam interesse em realizar parcerias junto ao IFSULDEMINAS para a obten\u00e7\u00e3o de doa\u00e7\u00f5es de itens diversos. como vestu\u00e1rio, cal\u00e7ados, assepsia, higiene pessoal, rouparia hospitalar, entre outros.<\/p>\n<p><img data-recalc-dims=\"1\" fetchpriority=\"high\" decoding=\"async\" data-attachment-id=\"5977\" data-permalink=\"https:\/\/www.tvuai.com.br\/portal\/ifsuldeminas-abre-edital-para-o-cadastro-de-instituicoes-interessadas-em-receber-doacoes\/ifsuldeminas2\/\" data-orig-file=\"https:\/\/i0.wp.com\/www.tvuai.com.br\/portal\/wp-content\/uploads\/2023\/03\/ifsuldeminas2.jpg?fit=640%2C392&amp;ssl=1\" data-orig-size=\"640,392\" data-comments-opened=\"0\" data-image-meta=\"{&quot;aperture&quot;:&quot;0&quot;,&quot;credit&quot;:&quot;&quot;,&quot;camera&quot;:&quot;&quot;,&quot;caption&quot;:&quot;&quot;,&quot;created_timestamp&quot;:&quot;0&quot;,&quot;copyright&quot;:&quot;&quot;,&quot;focal_length&quot;:&quot;0&quot;,&quot;iso&quot;:&quot;0&quot;,&quot;shutter_speed&quot;:&quot;0&quot;,&quot;title&quot;:&quot;&quot;,&quot;orientation&quot;:&quot;1&quot;}\" data-image-title=\"ifsuldeminas2\" data-image-description=\"\" data-image-caption=\"\" data-medium-file=\"https:\/\/i0.wp.com\/www.tvuai.com.br\/portal\/wp-content\/uploads\/2023\/03\/ifsuldeminas2.jpg?fit=300%2C184&amp;ssl=1\" data-large-file=\"https:\/\/i0.wp.com\/www.tvuai.com.br\/portal\/wp-content\/uploads\/2023\/03\/ifsuldeminas2.jpg?fit=640%2C392&amp;ssl=1\" tabindex=\"0\" role=\"button\" class=\"size-medium wp-image-5977 alignright\" src=\"https:\/\/i0.wp.com\/www.tvuai.com.br\/portal\/wp-content\/uploads\/2023\/03\/ifsuldeminas2.jpg?resize=300%2C184&#038;ssl=1\" alt=\"\" width=\"300\" height=\"184\" srcset=\"https:\/\/i0.wp.com\/www.tvuai.com.br\/portal\/wp-content\/uploads\/2023\/03\/ifsuldeminas2.jpg?resize=300%2C184&amp;ssl=1 300w, https:\/\/i0.wp.com\/www.tvuai.com.br\/portal\/wp-content\/uploads\/2023\/03\/ifsuldeminas2.jpg?resize=600%2C368&amp;ssl=1 600w, https:\/\/i0.wp.com\/www.tvuai.com.br\/portal\/wp-content\/uploads\/2023\/03\/ifsuldeminas2.jpg?w=640&amp;ssl=1 640w\" sizes=\"(max-width: 300px) 100vw, 300px\" \/>Podem se cadastrar institui\u00e7\u00f5es e entidades, p\u00fablicas ou privadas, que necessitem desses materiais para a promo\u00e7\u00e3o de atividades ligadas, direta ou indiretamente, \u00e0s pol\u00edticas sociais e estejam vinculadas aos Conselhos Municipais ou Estaduais nas \u00e1reas de Sa\u00fade, Assist\u00eancia Social, Crian\u00e7a e Adolescente, Idosos e afins.<\/p>\n<p>O cadastro deve ser feito pelo <span style=\"color: #000080;\"><strong><a style=\"color: #000080;\" href=\"https:\/\/docs.google.com\/forms\/d\/e\/1FAIpQLSc1N6DN9OXmMIbFsAU_ADK30OIEYrgnWUwbPAr18QwhctderA\/viewform\">formul\u00e1rio de doa\u00e7\u00e3o<\/a><\/strong><\/span>, que fica dispon\u00edvel at\u00e9 15\/12\/2023. Os itens destinados \u00e0 doa\u00e7\u00e3o s\u00e3o fruto de uma parceria do IFSULDEMINAS com a Receita Federal, que desde 2021 destina produtos apreendidos em opera\u00e7\u00f5es de fiscaliza\u00e7\u00e3o para o Instituto.<\/p>\n<p>Mais informa\u00e7\u00f5es no <span style=\"color: #000080;\"><strong><a style=\"color: #000080;\" href=\"https:\/\/portal.ifsuldeminas.edu.br\/index.php\/pro-reitoria-extensao\/editais-proex\/182-editais-outros\/5692-edital-45-2023-chamada-publica-para-cadastro-de-instituicoes-para-parceria-com-o-instituto-federal-do-sul-de-minas-gerais-para-recebimento-de-doacoes-de-itens\">Portal do IFSULDEMINAS<\/a><\/strong><\/span><\/p>\n<p><span style=\"color: #000080;\"><strong><a style=\"color: #000080;\" href=\"https:\/\/portal.ifsuldeminas.edu.br\/attachments\/article\/5692\/documento(61).pdf\">Clique aqui e confira o edital<\/a><\/strong><\/span><\/p>\n\n<div style=\"font-size: 0px; height: 0px; line-height: 0px; margin: 0; padding: 0; clear: both;\"><\/div><div class='share-to-whatsapp-wrapper'><div class='share-on-whsp'>Share on: <\/div><a data-text='IFSULDEMINAS abre edital para o cadastro de institui\u00e7\u00f5es interessadas em receber doa\u00e7\u00f5es' data-link='https:\/\/www.tvuai.com.br\/portal\/ifsuldeminas-abre-edital-para-o-cadastro-de-instituicoes-interessadas-em-receber-doacoes\/' class='whatsapp-button whatsapp-share'>WhatsApp<\/a><div class='clear '><\/div><\/div><!-- AddThis Advanced Settings generic via filter on the_content --><!-- AddThis Share Buttons generic via filter on the_content -->","protected":false},"excerpt":{"rendered":"<p>O Instituto Federal do Sul de Minas (IFSULDEMINAS) faz chamada p\u00fablica para realizar o cadastro de institui\u00e7\u00f5es\u00a0que possuam interesse em realizar parcerias junto ao IFSULDEMINAS para a obten\u00e7\u00e3o de doa\u00e7\u00f5es de itens diversos. como vestu\u00e1rio, cal\u00e7ados, assepsia, higiene pessoal, rouparia hospitalar, entre outros. Podem se cadastrar institui\u00e7\u00f5es e entidades, p\u00fablicas ou privadas, que necessitem desses [&hellip;]<!-- AddThis Advanced Settings generic via filter on get_the_excerpt --><!-- AddThis Share Buttons generic via filter on get_the_excerpt --><\/p>\n","protected":false},"author":1,"featured_media":5975,"comment_status":"closed","ping_status":"closed","sticky":false,"template":"","format":"standard","meta":{"jetpack_post_was_ever_published":false,"_jetpack_newsletter_access":"","_jetpack_dont_email_post_to_subs":false,"_jetpack_newsletter_tier_id":0,"_jetpack_memberships_contains_paywalled_content":false,"_jetpack_memberships_contains_paid_content":false,"_joinchat":[],"footnotes":"","jetpack_publicize_message":"","jetpack_publicize_feature_enabled":true,"jetpack_social_post_already_shared":true,"jetpack_social_options":{"image_generator_settings":{"template":"highway","enabled":false},"version":2}},"categories":[19],"tags":[1682,1680,1683,1681,37,285,39,27,1620,1619,1618],"class_list":["post-5971","post","type-post","status-publish","format-standard","has-post-thumbnail","hentry","category-noticias","tag-doacao-a-instituicoes-e-entidades","tag-ifsuldeminas","tag-ifsuldeminas-pouso-alegre","tag-instituto-federal-do-sul-de-minas","tag-pouso-alegre","tag-receita-federal","tag-sul-de-minas","tag-tv-uai","tag-tv-uai-23-anos","tag-tv-uai-23-anos-com-voce","tag-tv-uai-pouso-alegre"],"jetpack_publicize_connections":[],"yoast_head":"<!-- This site is optimized with the Yoast SEO plugin v23.5 - https:\/\/yoast.com\/wordpress\/plugins\/seo\/ -->\n<title>IFSULDEMINAS abre edital para o cadastro de institui\u00e7\u00f5es interessadas em receber doa\u00e7\u00f5es - TVUAI<\/title>\n<meta name=\"robots\" content=\"index, follow, max-snippet:-1, max-image-preview:large, max-video-preview:-1\" \/>\n<link rel=\"canonical\" href=\"https:\/\/www.tvuai.com.br\/portal\/ifsuldeminas-abre-edital-para-o-cadastro-de-instituicoes-interessadas-em-receber-doacoes\/\" \/>\n<meta property=\"og:locale\" content=\"pt_BR\" \/>\n<meta property=\"og:type\" content=\"article\" \/>\n<meta property=\"og:title\" content=\"IFSULDEMINAS abre edital para o cadastro de institui\u00e7\u00f5es interessadas em receber doa\u00e7\u00f5es - TVUAI\" \/>\n<meta property=\"og:description\" content=\"O Instituto Federal do Sul de Minas (IFSULDEMINAS) faz chamada p\u00fablica para realizar o cadastro de institui\u00e7\u00f5es\u00a0que possuam interesse em realizar parcerias junto ao IFSULDEMINAS para a obten\u00e7\u00e3o de doa\u00e7\u00f5es de itens diversos. como vestu\u00e1rio, cal\u00e7ados, assepsia, higiene pessoal, rouparia hospitalar, entre outros. Podem se cadastrar institui\u00e7\u00f5es e entidades, p\u00fablicas ou privadas, que necessitem desses [&hellip;]\" \/>\n<meta property=\"og:url\" content=\"https:\/\/www.tvuai.com.br\/portal\/ifsuldeminas-abre-edital-para-o-cadastro-de-instituicoes-interessadas-em-receber-doacoes\/\" \/>\n<meta property=\"og:site_name\" content=\"TVUAI\" \/>\n<meta property=\"article:publisher\" content=\"http:\/\/www.facebook.com\/pages\/TV-Uai-Comunica%c3%a7%c3%a3o\/139062546157369\" \/>\n<meta property=\"article:published_time\" content=\"2023-03-10T18:14:33+00:00\" \/>\n<meta property=\"article:modified_time\" content=\"2023-03-29T23:45:02+00:00\" \/>\n<meta property=\"og:image\" content=\"https:\/\/i0.wp.com\/www.tvuai.com.br\/portal\/wp-content\/uploads\/2023\/03\/ifsuldeminas0.jpg?fit=200%2C200&ssl=1\" \/>\n\t<meta property=\"og:image:width\" content=\"200\" \/>\n\t<meta property=\"og:image:height\" content=\"200\" \/>\n\t<meta property=\"og:image:type\" content=\"image\/jpeg\" \/>\n<meta name=\"author\" content=\"tvuai\" \/>\n<meta name=\"twitter:card\" content=\"summary_large_image\" \/>\n<meta name=\"twitter:creator\" content=\"@tvuai\" \/>\n<meta name=\"twitter:site\" content=\"@tvuai\" \/>\n<meta name=\"twitter:label1\" content=\"Escrito por\" \/>\n\t<meta name=\"twitter:data1\" content=\"tvuai\" \/>\n\t<meta name=\"twitter:label2\" content=\"Est. tempo de leitura\" \/>\n\t<meta name=\"twitter:data2\" content=\"1 minuto\" \/>\n<script type=\"application\/ld+json\" class=\"yoast-schema-graph\">{\"@context\":\"https:\/\/schema.org\",\"@graph\":[{\"@type\":\"Article\",\"@id\":\"https:\/\/www.tvuai.com.br\/portal\/ifsuldeminas-abre-edital-para-o-cadastro-de-instituicoes-interessadas-em-receber-doacoes\/#article\",\"isPartOf\":{\"@id\":\"https:\/\/www.tvuai.com.br\/portal\/ifsuldeminas-abre-edital-para-o-cadastro-de-instituicoes-interessadas-em-receber-doacoes\/\"},\"author\":{\"name\":\"tvuai\",\"@id\":\"https:\/\/www.tvuai.com.br\/portal\/#\/schema\/person\/245e50e9127451fd0b7fd76f519ebbfe\"},\"headline\":\"IFSULDEMINAS abre edital para o cadastro de institui\u00e7\u00f5es interessadas em receber doa\u00e7\u00f5es\",\"datePublished\":\"2023-03-10T18:14:33+00:00\",\"dateModified\":\"2023-03-29T23:45:02+00:00\",\"mainEntityOfPage\":{\"@id\":\"https:\/\/www.tvuai.com.br\/portal\/ifsuldeminas-abre-edital-para-o-cadastro-de-instituicoes-interessadas-em-receber-doacoes\/\"},\"wordCount\":176,\"publisher\":{\"@id\":\"https:\/\/www.tvuai.com.br\/portal\/#organization\"},\"image\":{\"@id\":\"https:\/\/www.tvuai.com.br\/portal\/ifsuldeminas-abre-edital-para-o-cadastro-de-instituicoes-interessadas-em-receber-doacoes\/#primaryimage\"},\"thumbnailUrl\":\"https:\/\/i0.wp.com\/www.tvuai.com.br\/portal\/wp-content\/uploads\/2023\/03\/ifsuldeminas0.jpg?fit=200%2C200&ssl=1\",\"keywords\":[\"doa\u00e7\u00e3o a institui\u00e7\u00f5es e entidades\",\"IFSULDEMINAS\",\"IFSULDEMINAS Pouso Alegre\",\"Instituto Federal do Sul de Minas\",\"Pouso Alegre\",\"Receita Federal\",\"Sul de Minas\",\"TV Uai\",\"TV UAI 23 anos\",\"TV UAI 23 anos com voc\u00ea\",\"TV UAI Pouso Alegre\"],\"articleSection\":[\"Not\u00edcias\"],\"inLanguage\":\"pt-BR\"},{\"@type\":\"WebPage\",\"@id\":\"https:\/\/www.tvuai.com.br\/portal\/ifsuldeminas-abre-edital-para-o-cadastro-de-instituicoes-interessadas-em-receber-doacoes\/\",\"url\":\"https:\/\/www.tvuai.com.br\/portal\/ifsuldeminas-abre-edital-para-o-cadastro-de-instituicoes-interessadas-em-receber-doacoes\/\",\"name\":\"IFSULDEMINAS abre edital para o cadastro de institui\u00e7\u00f5es interessadas em receber doa\u00e7\u00f5es - TVUAI\",\"isPartOf\":{\"@id\":\"https:\/\/www.tvuai.com.br\/portal\/#website\"},\"primaryImageOfPage\":{\"@id\":\"https:\/\/www.tvuai.com.br\/portal\/ifsuldeminas-abre-edital-para-o-cadastro-de-instituicoes-interessadas-em-receber-doacoes\/#primaryimage\"},\"image\":{\"@id\":\"https:\/\/www.tvuai.com.br\/portal\/ifsuldeminas-abre-edital-para-o-cadastro-de-instituicoes-interessadas-em-receber-doacoes\/#primaryimage\"},\"thumbnailUrl\":\"https:\/\/i0.wp.com\/www.tvuai.com.br\/portal\/wp-content\/uploads\/2023\/03\/ifsuldeminas0.jpg?fit=200%2C200&ssl=1\",\"datePublished\":\"2023-03-10T18:14:33+00:00\",\"dateModified\":\"2023-03-29T23:45:02+00:00\",\"breadcrumb\":{\"@id\":\"https:\/\/www.tvuai.com.br\/portal\/ifsuldeminas-abre-edital-para-o-cadastro-de-instituicoes-interessadas-em-receber-doacoes\/#breadcrumb\"},\"inLanguage\":\"pt-BR\",\"potentialAction\":[{\"@type\":\"ReadAction\",\"target\":[\"https:\/\/www.tvuai.com.br\/portal\/ifsuldeminas-abre-edital-para-o-cadastro-de-instituicoes-interessadas-em-receber-doacoes\/\"]}]},{\"@type\":\"ImageObject\",\"inLanguage\":\"pt-BR\",\"@id\":\"https:\/\/www.tvuai.com.br\/portal\/ifsuldeminas-abre-edital-para-o-cadastro-de-instituicoes-interessadas-em-receber-doacoes\/#primaryimage\",\"url\":\"https:\/\/i0.wp.com\/www.tvuai.com.br\/portal\/wp-content\/uploads\/2023\/03\/ifsuldeminas0.jpg?fit=200%2C200&ssl=1\",\"contentUrl\":\"https:\/\/i0.wp.com\/www.tvuai.com.br\/portal\/wp-content\/uploads\/2023\/03\/ifsuldeminas0.jpg?fit=200%2C200&ssl=1\",\"width\":200,\"height\":200},{\"@type\":\"BreadcrumbList\",\"@id\":\"https:\/\/www.tvuai.com.br\/portal\/ifsuldeminas-abre-edital-para-o-cadastro-de-instituicoes-interessadas-em-receber-doacoes\/#breadcrumb\",\"itemListElement\":[{\"@type\":\"ListItem\",\"position\":1,\"name\":\"In\u00edcio\",\"item\":\"https:\/\/www.tvuai.com.br\/portal\/\"},{\"@type\":\"ListItem\",\"position\":2,\"name\":\"IFSULDEMINAS abre edital para o cadastro de institui\u00e7\u00f5es interessadas em receber doa\u00e7\u00f5es\"}]},{\"@type\":\"WebSite\",\"@id\":\"https:\/\/www.tvuai.com.br\/portal\/#website\",\"url\":\"https:\/\/www.tvuai.com.br\/portal\/\",\"name\":\"TVUAI\",\"description\":\"Tudo sobre o Sul de Minas\",\"publisher\":{\"@id\":\"https:\/\/www.tvuai.com.br\/portal\/#organization\"},\"potentialAction\":[{\"@type\":\"SearchAction\",\"target\":{\"@type\":\"EntryPoint\",\"urlTemplate\":\"https:\/\/www.tvuai.com.br\/portal\/?s={search_term_string}\"},\"query-input\":{\"@type\":\"PropertyValueSpecification\",\"valueRequired\":true,\"valueName\":\"search_term_string\"}}],\"inLanguage\":\"pt-BR\"},{\"@type\":\"Organization\",\"@id\":\"https:\/\/www.tvuai.com.br\/portal\/#organization\",\"name\":\"TVUAI\",\"url\":\"https:\/\/www.tvuai.com.br\/portal\/\",\"logo\":{\"@type\":\"ImageObject\",\"inLanguage\":\"pt-BR\",\"@id\":\"https:\/\/www.tvuai.com.br\/portal\/#\/schema\/logo\/image\/\",\"url\":\"https:\/\/i0.wp.com\/www.tvuai.com.br\/portal\/wp-content\/uploads\/2017\/12\/logo_tvuai_100H.png?fit=207%2C100&ssl=1\",\"contentUrl\":\"https:\/\/i0.wp.com\/www.tvuai.com.br\/portal\/wp-content\/uploads\/2017\/12\/logo_tvuai_100H.png?fit=207%2C100&ssl=1\",\"width\":207,\"height\":100,\"caption\":\"TVUAI\"},\"image\":{\"@id\":\"https:\/\/www.tvuai.com.br\/portal\/#\/schema\/logo\/image\/\"},\"sameAs\":[\"http:\/\/www.facebook.com\/pages\/TV-Uai-Comunica\u00e7\u00e3o\/139062546157369\",\"https:\/\/x.com\/tvuai\",\"https:\/\/www.instagram.com\/tvuai_network\/\",\"https:\/\/www.youtube.com\/channel\/UCB7ZPB3wRv-OpoZ_09jmnkQ\"]},{\"@type\":\"Person\",\"@id\":\"https:\/\/www.tvuai.com.br\/portal\/#\/schema\/person\/245e50e9127451fd0b7fd76f519ebbfe\",\"name\":\"tvuai\",\"url\":\"https:\/\/www.tvuai.com.br\/portal\/author\/tvuai\/\"}]}<\/script>\n<!-- \/ Yoast SEO plugin. -->","yoast_head_json":{"title":"IFSULDEMINAS abre edital para o cadastro de institui\u00e7\u00f5es interessadas em receber doa\u00e7\u00f5es - TVUAI","robots":{"index":"index","follow":"follow","max-snippet":"max-snippet:-1","max-image-preview":"max-image-preview:large","max-video-preview":"max-video-preview:-1"},"canonical":"https:\/\/www.tvuai.com.br\/portal\/ifsuldeminas-abre-edital-para-o-cadastro-de-instituicoes-interessadas-em-receber-doacoes\/","og_locale":"pt_BR","og_type":"article","og_title":"IFSULDEMINAS abre edital para o cadastro de institui\u00e7\u00f5es interessadas em receber doa\u00e7\u00f5es - TVUAI","og_description":"O Instituto Federal do Sul de Minas (IFSULDEMINAS) faz chamada p\u00fablica para realizar o cadastro de institui\u00e7\u00f5es\u00a0que possuam interesse em realizar parcerias junto ao IFSULDEMINAS para a obten\u00e7\u00e3o de doa\u00e7\u00f5es de itens diversos. como vestu\u00e1rio, cal\u00e7ados, assepsia, higiene pessoal, rouparia hospitalar, entre outros. Podem se cadastrar institui\u00e7\u00f5es e entidades, p\u00fablicas ou privadas, que necessitem desses [&hellip;]","og_url":"https:\/\/www.tvuai.com.br\/portal\/ifsuldeminas-abre-edital-para-o-cadastro-de-instituicoes-interessadas-em-receber-doacoes\/","og_site_name":"TVUAI","article_publisher":"http:\/\/www.facebook.com\/pages\/TV-Uai-Comunica%c3%a7%c3%a3o\/139062546157369","article_published_time":"2023-03-10T18:14:33+00:00","article_modified_time":"2023-03-29T23:45:02+00:00","og_image":[{"width":200,"height":200,"url":"https:\/\/i0.wp.com\/www.tvuai.com.br\/portal\/wp-content\/uploads\/2023\/03\/ifsuldeminas0.jpg?fit=200%2C200&ssl=1","type":"image\/jpeg"}],"author":"tvuai","twitter_card":"summary_large_image","twitter_creator":"@tvuai","twitter_site":"@tvuai","twitter_misc":{"Escrito por":"tvuai","Est. tempo de leitura":"1 minuto"},"schema":{"@context":"https:\/\/schema.org","@graph":[{"@type":"Article","@id":"https:\/\/www.tvuai.com.br\/portal\/ifsuldeminas-abre-edital-para-o-cadastro-de-instituicoes-interessadas-em-receber-doacoes\/#article","isPartOf":{"@id":"https:\/\/www.tvuai.com.br\/portal\/ifsuldeminas-abre-edital-para-o-cadastro-de-instituicoes-interessadas-em-receber-doacoes\/"},"author":{"name":"tvuai","@id":"https:\/\/www.tvuai.com.br\/portal\/#\/schema\/person\/245e50e9127451fd0b7fd76f519ebbfe"},"headline":"IFSULDEMINAS abre edital para o cadastro de institui\u00e7\u00f5es interessadas em receber doa\u00e7\u00f5es","datePublished":"2023-03-10T18:14:33+00:00","dateModified":"2023-03-29T23:45:02+00:00","mainEntityOfPage":{"@id":"https:\/\/www.tvuai.com.br\/portal\/ifsuldeminas-abre-edital-para-o-cadastro-de-instituicoes-interessadas-em-receber-doacoes\/"},"wordCount":176,"publisher":{"@id":"https:\/\/www.tvuai.com.br\/portal\/#organization"},"image":{"@id":"https:\/\/www.tvuai.com.br\/portal\/ifsuldeminas-abre-edital-para-o-cadastro-de-instituicoes-interessadas-em-receber-doacoes\/#primaryimage"},"thumbnailUrl":"https:\/\/i0.wp.com\/www.tvuai.com.br\/portal\/wp-content\/uploads\/2023\/03\/ifsuldeminas0.jpg?fit=200%2C200&ssl=1","keywords":["doa\u00e7\u00e3o a institui\u00e7\u00f5es e entidades","IFSULDEMINAS","IFSULDEMINAS Pouso Alegre","Instituto Federal do Sul de Minas","Pouso Alegre","Receita Federal","Sul de Minas","TV Uai","TV UAI 23 anos","TV UAI 23 anos com voc\u00ea","TV UAI Pouso Alegre"],"articleSection":["Not\u00edcias"],"inLanguage":"pt-BR"},{"@type":"WebPage","@id":"https:\/\/www.tvuai.com.br\/portal\/ifsuldeminas-abre-edital-para-o-cadastro-de-instituicoes-interessadas-em-receber-doacoes\/","url":"https:\/\/www.tvuai.com.br\/portal\/ifsuldeminas-abre-edital-para-o-cadastro-de-instituicoes-interessadas-em-receber-doacoes\/","name":"IFSULDEMINAS abre edital para o cadastro de institui\u00e7\u00f5es interessadas em receber doa\u00e7\u00f5es - TVUAI","isPartOf":{"@id":"https:\/\/www.tvuai.com.br\/portal\/#website"},"primaryImageOfPage":{"@id":"https:\/\/www.tvuai.com.br\/portal\/ifsuldeminas-abre-edital-para-o-cadastro-de-instituicoes-interessadas-em-receber-doacoes\/#primaryimage"},"image":{"@id":"https:\/\/www.tvuai.com.br\/portal\/ifsuldeminas-abre-edital-para-o-cadastro-de-instituicoes-interessadas-em-receber-doacoes\/#primaryimage"},"thumbnailUrl":"https:\/\/i0.wp.com\/www.tvuai.com.br\/portal\/wp-content\/uploads\/2023\/03\/ifsuldeminas0.jpg?fit=200%2C200&ssl=1","datePublished":"2023-03-10T18:14:33+00:00","dateModified":"2023-03-29T23:45:02+00:00","breadcrumb":{"@id":"https:\/\/www.tvuai.com.br\/portal\/ifsuldeminas-abre-edital-para-o-cadastro-de-instituicoes-interessadas-em-receber-doacoes\/#breadcrumb"},"inLanguage":"pt-BR","potentialAction":[{"@type":"ReadAction","target":["https:\/\/www.tvuai.com.br\/portal\/ifsuldeminas-abre-edital-para-o-cadastro-de-instituicoes-interessadas-em-receber-doacoes\/"]}]},{"@type":"ImageObject","inLanguage":"pt-BR","@id":"https:\/\/www.tvuai.com.br\/portal\/ifsuldeminas-abre-edital-para-o-cadastro-de-instituicoes-interessadas-em-receber-doacoes\/#primaryimage","url":"https:\/\/i0.wp.com\/www.tvuai.com.br\/portal\/wp-content\/uploads\/2023\/03\/ifsuldeminas0.jpg?fit=200%2C200&ssl=1","contentUrl":"https:\/\/i0.wp.com\/www.tvuai.com.br\/portal\/wp-content\/uploads\/2023\/03\/ifsuldeminas0.jpg?fit=200%2C200&ssl=1","width":200,"height":200},{"@type":"BreadcrumbList","@id":"https:\/\/www.tvuai.com.br\/portal\/ifsuldeminas-abre-edital-para-o-cadastro-de-instituicoes-interessadas-em-receber-doacoes\/#breadcrumb","itemListElement":[{"@type":"ListItem","position":1,"name":"In\u00edcio","item":"https:\/\/www.tvuai.com.br\/portal\/"},{"@type":"ListItem","position":2,"name":"IFSULDEMINAS abre edital para o cadastro de institui\u00e7\u00f5es interessadas em receber doa\u00e7\u00f5es"}]},{"@type":"WebSite","@id":"https:\/\/www.tvuai.com.br\/portal\/#website","url":"https:\/\/www.tvuai.com.br\/portal\/","name":"TVUAI","description":"Tudo sobre o Sul de Minas","publisher":{"@id":"https:\/\/www.tvuai.com.br\/portal\/#organization"},"potentialAction":[{"@type":"SearchAction","target":{"@type":"EntryPoint","urlTemplate":"https:\/\/www.tvuai.com.br\/portal\/?s={search_term_string}"},"query-input":{"@type":"PropertyValueSpecification","valueRequired":true,"valueName":"search_term_string"}}],"inLanguage":"pt-BR"},{"@type":"Organization","@id":"https:\/\/www.tvuai.com.br\/portal\/#organization","name":"TVUAI","url":"https:\/\/www.tvuai.com.br\/portal\/","logo":{"@type":"ImageObject","inLanguage":"pt-BR","@id":"https:\/\/www.tvuai.com.br\/portal\/#\/schema\/logo\/image\/","url":"https:\/\/i0.wp.com\/www.tvuai.com.br\/portal\/wp-content\/uploads\/2017\/12\/logo_tvuai_100H.png?fit=207%2C100&ssl=1","contentUrl":"https:\/\/i0.wp.com\/www.tvuai.com.br\/portal\/wp-content\/uploads\/2017\/12\/logo_tvuai_100H.png?fit=207%2C100&ssl=1","width":207,"height":100,"caption":"TVUAI"},"image":{"@id":"https:\/\/www.tvuai.com.br\/portal\/#\/schema\/logo\/image\/"},"sameAs":["http:\/\/www.facebook.com\/pages\/TV-Uai-Comunica\u00e7\u00e3o\/139062546157369","https:\/\/x.com\/tvuai","https:\/\/www.instagram.com\/tvuai_network\/","https:\/\/www.youtube.com\/channel\/UCB7ZPB3wRv-OpoZ_09jmnkQ"]},{"@type":"Person","@id":"https:\/\/www.tvuai.com.br\/portal\/#\/schema\/person\/245e50e9127451fd0b7fd76f519ebbfe","name":"tvuai","url":"https:\/\/www.tvuai.com.br\/portal\/author\/tvuai\/"}]}},"jetpack_featured_media_url":"https:\/\/i0.wp.com\/www.tvuai.com.br\/portal\/wp-content\/uploads\/2023\/03\/ifsuldeminas0.jpg?fit=200%2C200&ssl=1","wpmagazine_modules_lite_featured_media_urls":{"thumbnail":["https:\/\/i0.wp.com\/www.tvuai.com.br\/portal\/wp-content\/uploads\/2023\/03\/ifsuldeminas0.jpg?resize=150%2C150&ssl=1",150,150,true],"cvmm-medium":["https:\/\/i0.wp.com\/www.tvuai.com.br\/portal\/wp-content\/uploads\/2023\/03\/ifsuldeminas0.jpg?resize=200%2C200&ssl=1",200,200,true],"cvmm-medium-plus":["https:\/\/i0.wp.com\/www.tvuai.com.br\/portal\/wp-content\/uploads\/2023\/03\/ifsuldeminas0.jpg?resize=200%2C200&ssl=1",200,200,true],"cvmm-portrait":["https:\/\/i0.wp.com\/www.tvuai.com.br\/portal\/wp-content\/uploads\/2023\/03\/ifsuldeminas0.jpg?resize=200%2C200&ssl=1",200,200,true],"cvmm-medium-square":["https:\/\/i0.wp.com\/www.tvuai.com.br\/portal\/wp-content\/uploads\/2023\/03\/ifsuldeminas0.jpg?resize=200%2C200&ssl=1",200,200,true],"cvmm-large":["https:\/\/i0.wp.com\/www.tvuai.com.br\/portal\/wp-content\/uploads\/2023\/03\/ifsuldeminas0.jpg?resize=200%2C200&ssl=1",200,200,true],"cvmm-small":["https:\/\/i0.wp.com\/www.tvuai.com.br\/portal\/wp-content\/uploads\/2023\/03\/ifsuldeminas0.jpg?resize=130%2C95&ssl=1",130,95,true],"full":["https:\/\/i0.wp.com\/www.tvuai.com.br\/portal\/wp-content\/uploads\/2023\/03\/ifsuldeminas0.jpg?fit=200%2C200&ssl=1",200,200,false]},"categories_names":{"19":{"name":"Not\u00edcias","link":"https:\/\/www.tvuai.com.br\/portal\/category\/noticias\/"}},"tags_names":{"1682":{"name":"doa\u00e7\u00e3o a institui\u00e7\u00f5es e entidades","link":"https:\/\/www.tvuai.com.br\/portal\/tag\/doacao-a-instituicoes-e-entidades\/"},"1680":{"name":"IFSULDEMINAS","link":"https:\/\/www.tvuai.com.br\/portal\/tag\/ifsuldeminas\/"},"1683":{"name":"IFSULDEMINAS Pouso Alegre","link":"https:\/\/www.tvuai.com.br\/portal\/tag\/ifsuldeminas-pouso-alegre\/"},"1681":{"name":"Instituto Federal do Sul de Minas","link":"https:\/\/www.tvuai.com.br\/portal\/tag\/instituto-federal-do-sul-de-minas\/"},"37":{"name":"Pouso Alegre","link":"https:\/\/www.tvuai.com.br\/portal\/tag\/pouso-alegre\/"},"285":{"name":"Receita Federal","link":"https:\/\/www.tvuai.com.br\/portal\/tag\/receita-federal\/"},"39":{"name":"Sul de Minas","link":"https:\/\/www.tvuai.com.br\/portal\/tag\/sul-de-minas\/"},"27":{"name":"TV Uai","link":"https:\/\/www.tvuai.com.br\/portal\/tag\/tv-uai\/"},"1620":{"name":"TV UAI 23 anos","link":"https:\/\/www.tvuai.com.br\/portal\/tag\/tv-uai-23-anos\/"},"1619":{"name":"TV UAI 23 anos com voc\u00ea","link":"https:\/\/www.tvuai.com.br\/portal\/tag\/tv-uai-23-anos-com-voce\/"},"1618":{"name":"TV UAI Pouso Alegre","link":"https:\/\/www.tvuai.com.br\/portal\/tag\/tv-uai-pouso-alegre\/"}},"comments_number":"0","jetpack_shortlink":"https:\/\/wp.me\/p9woix-1yj","jetpack_sharing_enabled":true,"_links":{"self":[{"href":"https:\/\/www.tvuai.com.br\/portal\/wp-json\/wp\/v2\/posts\/5971"}],"collection":[{"href":"https:\/\/www.tvuai.com.br\/portal\/wp-json\/wp\/v2\/posts"}],"about":[{"href":"https:\/\/www.tvuai.com.br\/portal\/wp-json\/wp\/v2\/types\/post"}],"author":[{"embeddable":true,"href":"https:\/\/www.tvuai.com.br\/portal\/wp-json\/wp\/v2\/users\/1"}],"replies":[{"embeddable":true,"href":"https:\/\/www.tvuai.com.br\/portal\/wp-json\/wp\/v2\/comments?post=5971"}],"version-history":[{"count":4,"href":"https:\/\/www.tvuai.com.br\/portal\/wp-json\/wp\/v2\/posts\/5971\/revisions"}],"predecessor-version":[{"id":5978,"href":"https:\/\/www.tvuai.com.br\/portal\/wp-json\/wp\/v2\/posts\/5971\/revisions\/5978"}],"wp:featuredmedia":[{"embeddable":true,"href":"https:\/\/www.tvuai.com.br\/portal\/wp-json\/wp\/v2\/media\/5975"}],"wp:attachment":[{"href":"https:\/\/www.tvuai.com.br\/portal\/wp-json\/wp\/v2\/media?parent=5971"}],"wp:term":[{"taxonomy":"category","embeddable":true,"href":"https:\/\/www.tvuai.com.br\/portal\/wp-json\/wp\/v2\/categories?post=5971"},{"taxonomy":"post_tag","embeddable":true,"href":"https:\/\/www.tvuai.com.br\/portal\/wp-json\/wp\/v2\/tags?post=5971"}],"curies":[{"name":"wp","href":"https:\/\/api.w.org\/{rel}","templated":true}]}}