{"id":5857,"date":"2023-02-27T12:29:07","date_gmt":"2023-02-27T15:29:07","guid":{"rendered":"https:\/\/www.tvuai.com.br\/portal\/?p=5857"},"modified":"2023-03-02T21:42:56","modified_gmt":"2023-03-03T00:42:56","slug":"comeca-nesta-terca-feira-28-o-periodo-de-inscricoes-para-a-primeira-selecao-do-programa-universidade-para-todos-o-prouni","status":"publish","type":"post","link":"https:\/\/www.tvuai.com.br\/portal\/comeca-nesta-terca-feira-28-o-periodo-de-inscricoes-para-a-primeira-selecao-do-programa-universidade-para-todos-o-prouni\/","title":{"rendered":"Come\u00e7a nesta ter\u00e7a-feira, 28, o per\u00edodo de inscri\u00e7\u00f5es para a primeira sele\u00e7\u00e3o do Programa Universidade Para Todos, o Prouni"},"content":{"rendered":"<div class=\"5a1038e0903b96d426fcfcc338703013\" data-index=\"1\" style=\"float: right; margin:10px 0 10px 10px;\">\n<script async src=\"https:\/\/pagead2.googlesyndication.com\/pagead\/js\/adsbygoogle.js?client=ca-pub-9945944833605257\"\r\n     crossorigin=\"anonymous\"><\/script>\r\n<ins class=\"adsbygoogle\"\r\n     style=\"display:block; text-align:center;\"\r\n     data-ad-layout=\"in-article\"\r\n     data-ad-format=\"fluid\"\r\n     data-ad-client=\"ca-pub-9945944833605257\"\r\n     data-ad-slot=\"2343923581\"><\/ins>\r\n<script>\r\n     (adsbygoogle = window.adsbygoogle || []).push({});\r\n<\/script>\n<\/div>\n<h5 style=\"text-align: center;\"><em><strong><img data-recalc-dims=\"1\" fetchpriority=\"high\" decoding=\"async\" data-attachment-id=\"5861\" data-permalink=\"https:\/\/www.tvuai.com.br\/portal\/comeca-nesta-terca-feira-28-o-periodo-de-inscricoes-para-a-primeira-selecao-do-programa-universidade-para-todos-o-prouni\/prouni1\/\" data-orig-file=\"https:\/\/i0.wp.com\/www.tvuai.com.br\/portal\/wp-content\/uploads\/2023\/02\/prouni1.jpg?fit=800%2C512&amp;ssl=1\" data-orig-size=\"800,512\" data-comments-opened=\"0\" data-image-meta=\"{&quot;aperture&quot;:&quot;0&quot;,&quot;credit&quot;:&quot;&quot;,&quot;camera&quot;:&quot;&quot;,&quot;caption&quot;:&quot;&quot;,&quot;created_timestamp&quot;:&quot;0&quot;,&quot;copyright&quot;:&quot;\\u00a9 Ismael Farias \\\/ Imaginea\\u00e7\\u00e3O&quot;,&quot;focal_length&quot;:&quot;0&quot;,&quot;iso&quot;:&quot;0&quot;,&quot;shutter_speed&quot;:&quot;0&quot;,&quot;title&quot;:&quot;&quot;,&quot;orientation&quot;:&quot;1&quot;}\" data-image-title=\"prouni1\" data-image-description=\"\" data-image-caption=\"\" data-medium-file=\"https:\/\/i0.wp.com\/www.tvuai.com.br\/portal\/wp-content\/uploads\/2023\/02\/prouni1.jpg?fit=300%2C192&amp;ssl=1\" data-large-file=\"https:\/\/i0.wp.com\/www.tvuai.com.br\/portal\/wp-content\/uploads\/2023\/02\/prouni1.jpg?fit=640%2C410&amp;ssl=1\" tabindex=\"0\" role=\"button\" class=\"aligncenter size-medium wp-image-5861\" src=\"https:\/\/i0.wp.com\/www.tvuai.com.br\/portal\/wp-content\/uploads\/2023\/02\/prouni1.jpg?resize=300%2C192&#038;ssl=1\" alt=\"\" width=\"300\" height=\"192\" srcset=\"https:\/\/i0.wp.com\/www.tvuai.com.br\/portal\/wp-content\/uploads\/2023\/02\/prouni1.jpg?resize=300%2C192&amp;ssl=1 300w, https:\/\/i0.wp.com\/www.tvuai.com.br\/portal\/wp-content\/uploads\/2023\/02\/prouni1.jpg?resize=768%2C492&amp;ssl=1 768w, https:\/\/i0.wp.com\/www.tvuai.com.br\/portal\/wp-content\/uploads\/2023\/02\/prouni1.jpg?resize=600%2C384&amp;ssl=1 600w, https:\/\/i0.wp.com\/www.tvuai.com.br\/portal\/wp-content\/uploads\/2023\/02\/prouni1.jpg?w=800&amp;ssl=1 800w\" sizes=\"(max-width: 300px) 100vw, 300px\" \/>Come\u00e7a nesta ter\u00e7a-feira, 28, o per\u00edodo de inscri\u00e7\u00f5es para a primeira sele\u00e7\u00e3o do Programa Universidade Para Todos (Prouni). O prazo fica aberto at\u00e9 a pr\u00f3xima sexta-feira, 3. O resultado ser\u00e1 divulgado no dia 7 de mar\u00e7o.<\/strong><\/em><\/h5>\n<p>A inscri\u00e7\u00e3o \u00e9 gratuita e feita somente pela internet, no <span style=\"color: #000080;\"><strong><a style=\"color: #000080;\" href=\"https:\/\/acessounico.mec.gov.br\/\">Portal Acesso \u00danico<\/a><\/strong><\/span>. Ser\u00e3o ofertadas 288.112 bolsas, das quais, 209.758 integrais e 78.354 parciais (50% do valor da mensalidade do curso).<\/p>\n<p>Para se inscrever, \u00e9 necess\u00e1rio ter realizado pelo menos uma das duas \u00faltimas edi\u00e7\u00f5es do Exame Nacional do Ensino M\u00e9dio (Enem), alcan\u00e7ado pelo menos 450 pontos de m\u00e9dia nas notas das cinco provas do exame, al\u00e9m de n\u00e3o zerar a reda\u00e7\u00e3o e n\u00e3o ter participado como &#8220;treineiro&#8221;.<\/p>\n<p>Para obter uma bolsa integral, o candidato deve comprovar renda familiar bruta mensal, por pessoa, de at\u00e9 um sal\u00e1rio m\u00ednimo e meio; ou de at\u00e9 3 sal\u00e1rios m\u00ednimos para a bolsa parcial.<\/p>\n<p style=\"text-align: center;\"><strong>Confira o cronograma<\/strong><\/p>\n<p>Inscri\u00e7\u00f5es: 28 de fevereiro a 3 de mar\u00e7o<br \/>\nResultado da 1\u00aa chamada: 7 de mar\u00e7o<br \/>\nComprova\u00e7\u00e3o de informa\u00e7\u00f5es da 1\u00aa chamada: 7 a 16 de mar\u00e7o<br \/>\nResultado da 2\u00aa chamada: 21 de mar\u00e7o<br \/>\nComprova\u00e7\u00e3o de informa\u00e7\u00f5es da 2\u00aa chamada: 21 a 30 de mar\u00e7o<br \/>\nLista de espera<br \/>\nPrazo para participar: 5 e 6 de abril<br \/>\nDivulga\u00e7\u00e3o: 10 de abril<br \/>\nComprova\u00e7\u00e3o de informa\u00e7\u00f5es: 10 a 19 de abril<\/p>\n<p style=\"text-align: center;\"><strong>Veja o n\u00famero de bolsas por tipo e por unidade da Federa\u00e7\u00e3o<\/strong><\/p>\n<p><img data-recalc-dims=\"1\" decoding=\"async\" data-attachment-id=\"5862\" data-permalink=\"https:\/\/www.tvuai.com.br\/portal\/comeca-nesta-terca-feira-28-o-periodo-de-inscricoes-para-a-primeira-selecao-do-programa-universidade-para-todos-o-prouni\/prouni2\/\" data-orig-file=\"https:\/\/i0.wp.com\/www.tvuai.com.br\/portal\/wp-content\/uploads\/2023\/02\/prouni2.jpg?fit=600%2C799&amp;ssl=1\" data-orig-size=\"600,799\" data-comments-opened=\"0\" data-image-meta=\"{&quot;aperture&quot;:&quot;0&quot;,&quot;credit&quot;:&quot;&quot;,&quot;camera&quot;:&quot;&quot;,&quot;caption&quot;:&quot;&quot;,&quot;created_timestamp&quot;:&quot;0&quot;,&quot;copyright&quot;:&quot;\\u00a9 Ismael Farias \\\/ Imaginea\\u00e7\\u00e3O&quot;,&quot;focal_length&quot;:&quot;0&quot;,&quot;iso&quot;:&quot;0&quot;,&quot;shutter_speed&quot;:&quot;0&quot;,&quot;title&quot;:&quot;&quot;,&quot;orientation&quot;:&quot;1&quot;}\" data-image-title=\"prouni2\" data-image-description=\"\" data-image-caption=\"\" data-medium-file=\"https:\/\/i0.wp.com\/www.tvuai.com.br\/portal\/wp-content\/uploads\/2023\/02\/prouni2.jpg?fit=225%2C300&amp;ssl=1\" data-large-file=\"https:\/\/i0.wp.com\/www.tvuai.com.br\/portal\/wp-content\/uploads\/2023\/02\/prouni2.jpg?fit=600%2C799&amp;ssl=1\" tabindex=\"0\" role=\"button\" class=\"aligncenter size-medium wp-image-5862\" src=\"https:\/\/i0.wp.com\/www.tvuai.com.br\/portal\/wp-content\/uploads\/2023\/02\/prouni2.jpg?resize=225%2C300&#038;ssl=1\" alt=\"\" width=\"225\" height=\"300\" srcset=\"https:\/\/i0.wp.com\/www.tvuai.com.br\/portal\/wp-content\/uploads\/2023\/02\/prouni2.jpg?resize=225%2C300&amp;ssl=1 225w, https:\/\/i0.wp.com\/www.tvuai.com.br\/portal\/wp-content\/uploads\/2023\/02\/prouni2.jpg?w=600&amp;ssl=1 600w\" sizes=\"(max-width: 225px) 100vw, 225px\" \/><\/p>\n<p>Fernando Oliveira, estudante, foi contemplado com a bolsa integral do Prouni. Formado em Engenharia Civil pela Universidade Guarulhos (UNG) desde 2022, ele afirma que n\u00e3o teria conseguido cursar o ensino superior sem o programa. \u201cEu acho o Prouni um programa importante porque \u00e9 uma forma de minimizar as desigualdades sociais e foi atrav\u00e9s dele que eu consegui me formar\u201d.<\/p>\n<p>J\u00e1 Isabella Camargo seguiu os passos do pai, que tamb\u00e9m se formou no ensino superior pelo Prouni. \u201cEu fui fazer uma pesquisa sobre quais seriam as melhores faculdades que teriam o melhor curso de Psicologia. E enquanto pessoa de baixa renda, eu jamais teria dinheiro para pagar a mensalidade das universidades que eu me deparei ali\u201d, explica.<\/p>\n<p>Atualmente, Isabella est\u00e1 cursando o oitavo semestre de Psicologia na Universidade Presbiteriana Mackenzie, em S\u00e3o Paulo, com bolsa integral. \u201cDurante todos esses anos eu tive a oportunidade de ter acesso a um mundo completamente diferente do meu. Com muitas oportunidades que eu jamais teria sen\u00e3o fosse pelo Prouni\u201d.<\/p>\n<p>Para ela, o programa \u00e9 o primeiro passo para que pessoas de baixa renda possam ter a possibilidade de sonhar e o acesso a uma educa\u00e7\u00e3o de qualidade.<\/p>\n<h6 style=\"text-align: right;\"><em><strong>Com informa\u00e7\u00f5es Brasil 61\/Foto: Marcello Casal Jr\/Ag\u00eancia Brasil\/Imagem: Minist\u00e9rio da Educa\u00e7\u00e3o<\/strong><\/em><br \/>\n<em><strong>Reportagem:\u00a0Nath\u00e1lia Ramos Guimar\u00e3es\/Edi\u00e7\u00e3o: Zildenor Dourado<\/strong><\/em><\/h6>\n<p>&nbsp;<\/p>\n\n<div style=\"font-size: 0px; height: 0px; line-height: 0px; margin: 0; padding: 0; clear: both;\"><\/div><div class='share-to-whatsapp-wrapper'><div class='share-on-whsp'>Share on: <\/div><a data-text='Come\u00e7a nesta ter\u00e7a-feira, 28, o per\u00edodo de inscri\u00e7\u00f5es para a primeira sele\u00e7\u00e3o do Programa Universidade Para Todos, o Prouni' data-link='https:\/\/www.tvuai.com.br\/portal\/comeca-nesta-terca-feira-28-o-periodo-de-inscricoes-para-a-primeira-selecao-do-programa-universidade-para-todos-o-prouni\/' class='whatsapp-button whatsapp-share'>WhatsApp<\/a><div class='clear '><\/div><\/div><!-- AddThis Advanced Settings generic via filter on the_content --><!-- AddThis Share Buttons generic via filter on the_content -->","protected":false},"excerpt":{"rendered":"<p>Come\u00e7a nesta ter\u00e7a-feira, 28, o per\u00edodo de inscri\u00e7\u00f5es para a primeira sele\u00e7\u00e3o do Programa Universidade Para Todos (Prouni). O prazo fica aberto at\u00e9 a pr\u00f3xima sexta-feira, 3. O resultado ser\u00e1 divulgado no dia 7 de mar\u00e7o. A inscri\u00e7\u00e3o \u00e9 gratuita e feita somente pela internet, no Portal Acesso \u00danico. Ser\u00e3o ofertadas 288.112 bolsas, das quais, [&hellip;]<!-- AddThis Advanced Settings generic via filter on get_the_excerpt --><!-- AddThis Share Buttons generic via filter on get_the_excerpt --><\/p>\n","protected":false},"author":1,"featured_media":5860,"comment_status":"closed","ping_status":"closed","sticky":false,"template":"","format":"standard","meta":{"jetpack_post_was_ever_published":false,"_jetpack_newsletter_access":"","_jetpack_dont_email_post_to_subs":false,"_jetpack_newsletter_tier_id":0,"_jetpack_memberships_contains_paywalled_content":false,"_jetpack_memberships_contains_paid_content":false,"_joinchat":[],"footnotes":"","jetpack_publicize_message":"","jetpack_publicize_feature_enabled":true,"jetpack_social_post_already_shared":true,"jetpack_social_options":{"image_generator_settings":{"template":"highway","enabled":false},"version":2}},"categories":[19],"tags":[1610,1609,1608,1607,37,1604,1605,39,27,1606],"class_list":["post-5857","post","type-post","status-publish","format-standard","has-post-thumbnail","hentry","category-noticias","tag-brasil-61","tag-marcello-casal-jr-agencia-brasil","tag-ministerio-da-educacao","tag-nathalia-ramos-guimaraes","tag-pouso-alegre","tag-programa-universidade-para-todos","tag-prouni","tag-sul-de-minas","tag-tv-uai","tag-zildenor-dourado"],"jetpack_publicize_connections":[],"yoast_head":"<!-- This site is optimized with the Yoast SEO plugin v23.5 - https:\/\/yoast.com\/wordpress\/plugins\/seo\/ -->\n<title>Come\u00e7a nesta ter\u00e7a-feira, 28, o per\u00edodo de inscri\u00e7\u00f5es para a primeira sele\u00e7\u00e3o do Programa Universidade Para Todos, o Prouni - TVUAI<\/title>\n<meta name=\"robots\" content=\"index, follow, max-snippet:-1, max-image-preview:large, max-video-preview:-1\" \/>\n<link rel=\"canonical\" href=\"https:\/\/www.tvuai.com.br\/portal\/comeca-nesta-terca-feira-28-o-periodo-de-inscricoes-para-a-primeira-selecao-do-programa-universidade-para-todos-o-prouni\/\" \/>\n<meta property=\"og:locale\" content=\"pt_BR\" \/>\n<meta property=\"og:type\" content=\"article\" \/>\n<meta property=\"og:title\" content=\"Come\u00e7a nesta ter\u00e7a-feira, 28, o per\u00edodo de inscri\u00e7\u00f5es para a primeira sele\u00e7\u00e3o do Programa Universidade Para Todos, o Prouni - TVUAI\" \/>\n<meta property=\"og:description\" content=\"Come\u00e7a nesta ter\u00e7a-feira, 28, o per\u00edodo de inscri\u00e7\u00f5es para a primeira sele\u00e7\u00e3o do Programa Universidade Para Todos (Prouni). O prazo fica aberto at\u00e9 a pr\u00f3xima sexta-feira, 3. O resultado ser\u00e1 divulgado no dia 7 de mar\u00e7o. A inscri\u00e7\u00e3o \u00e9 gratuita e feita somente pela internet, no Portal Acesso \u00danico. Ser\u00e3o ofertadas 288.112 bolsas, das quais, [&hellip;]\" \/>\n<meta property=\"og:url\" content=\"https:\/\/www.tvuai.com.br\/portal\/comeca-nesta-terca-feira-28-o-periodo-de-inscricoes-para-a-primeira-selecao-do-programa-universidade-para-todos-o-prouni\/\" \/>\n<meta property=\"og:site_name\" content=\"TVUAI\" \/>\n<meta property=\"article:publisher\" content=\"http:\/\/www.facebook.com\/pages\/TV-Uai-Comunica%c3%a7%c3%a3o\/139062546157369\" \/>\n<meta property=\"article:published_time\" content=\"2023-02-27T15:29:07+00:00\" \/>\n<meta property=\"article:modified_time\" content=\"2023-03-03T00:42:56+00:00\" \/>\n<meta property=\"og:image\" content=\"https:\/\/i0.wp.com\/www.tvuai.com.br\/portal\/wp-content\/uploads\/2023\/02\/prouni0.jpg?fit=200%2C200&ssl=1\" \/>\n\t<meta property=\"og:image:width\" content=\"200\" \/>\n\t<meta property=\"og:image:height\" content=\"200\" \/>\n\t<meta property=\"og:image:type\" content=\"image\/jpeg\" \/>\n<meta name=\"author\" content=\"tvuai\" \/>\n<meta name=\"twitter:card\" content=\"summary_large_image\" \/>\n<meta name=\"twitter:creator\" content=\"@tvuai\" \/>\n<meta name=\"twitter:site\" content=\"@tvuai\" \/>\n<meta name=\"twitter:label1\" content=\"Escrito por\" \/>\n\t<meta name=\"twitter:data1\" content=\"tvuai\" \/>\n\t<meta name=\"twitter:label2\" content=\"Est. tempo de leitura\" \/>\n\t<meta name=\"twitter:data2\" content=\"2 minutos\" \/>\n<script type=\"application\/ld+json\" class=\"yoast-schema-graph\">{\"@context\":\"https:\/\/schema.org\",\"@graph\":[{\"@type\":\"Article\",\"@id\":\"https:\/\/www.tvuai.com.br\/portal\/comeca-nesta-terca-feira-28-o-periodo-de-inscricoes-para-a-primeira-selecao-do-programa-universidade-para-todos-o-prouni\/#article\",\"isPartOf\":{\"@id\":\"https:\/\/www.tvuai.com.br\/portal\/comeca-nesta-terca-feira-28-o-periodo-de-inscricoes-para-a-primeira-selecao-do-programa-universidade-para-todos-o-prouni\/\"},\"author\":{\"name\":\"tvuai\",\"@id\":\"https:\/\/www.tvuai.com.br\/portal\/#\/schema\/person\/245e50e9127451fd0b7fd76f519ebbfe\"},\"headline\":\"Come\u00e7a nesta ter\u00e7a-feira, 28, o per\u00edodo de inscri\u00e7\u00f5es para a primeira sele\u00e7\u00e3o do Programa Universidade Para Todos, o Prouni\",\"datePublished\":\"2023-02-27T15:29:07+00:00\",\"dateModified\":\"2023-03-03T00:42:56+00:00\",\"mainEntityOfPage\":{\"@id\":\"https:\/\/www.tvuai.com.br\/portal\/comeca-nesta-terca-feira-28-o-periodo-de-inscricoes-para-a-primeira-selecao-do-programa-universidade-para-todos-o-prouni\/\"},\"wordCount\":483,\"publisher\":{\"@id\":\"https:\/\/www.tvuai.com.br\/portal\/#organization\"},\"image\":{\"@id\":\"https:\/\/www.tvuai.com.br\/portal\/comeca-nesta-terca-feira-28-o-periodo-de-inscricoes-para-a-primeira-selecao-do-programa-universidade-para-todos-o-prouni\/#primaryimage\"},\"thumbnailUrl\":\"https:\/\/i0.wp.com\/www.tvuai.com.br\/portal\/wp-content\/uploads\/2023\/02\/prouni0.jpg?fit=200%2C200&ssl=1\",\"keywords\":[\"Brasil 61\",\"Marcello Casal Jr\/Ag\u00eancia Brasil\",\"Minist\u00e9rio da Educa\u00e7\u00e3o\",\"Nath\u00e1lia Ramos Guimar\u00e3es\",\"Pouso Alegre\",\"Programa Universidade Para Todos\",\"Prouni\",\"Sul de Minas\",\"TV Uai\",\"Zildenor Dourado\"],\"articleSection\":[\"Not\u00edcias\"],\"inLanguage\":\"pt-BR\"},{\"@type\":\"WebPage\",\"@id\":\"https:\/\/www.tvuai.com.br\/portal\/comeca-nesta-terca-feira-28-o-periodo-de-inscricoes-para-a-primeira-selecao-do-programa-universidade-para-todos-o-prouni\/\",\"url\":\"https:\/\/www.tvuai.com.br\/portal\/comeca-nesta-terca-feira-28-o-periodo-de-inscricoes-para-a-primeira-selecao-do-programa-universidade-para-todos-o-prouni\/\",\"name\":\"Come\u00e7a nesta ter\u00e7a-feira, 28, o per\u00edodo de inscri\u00e7\u00f5es para a primeira sele\u00e7\u00e3o do Programa Universidade Para Todos, o Prouni - TVUAI\",\"isPartOf\":{\"@id\":\"https:\/\/www.tvuai.com.br\/portal\/#website\"},\"primaryImageOfPage\":{\"@id\":\"https:\/\/www.tvuai.com.br\/portal\/comeca-nesta-terca-feira-28-o-periodo-de-inscricoes-para-a-primeira-selecao-do-programa-universidade-para-todos-o-prouni\/#primaryimage\"},\"image\":{\"@id\":\"https:\/\/www.tvuai.com.br\/portal\/comeca-nesta-terca-feira-28-o-periodo-de-inscricoes-para-a-primeira-selecao-do-programa-universidade-para-todos-o-prouni\/#primaryimage\"},\"thumbnailUrl\":\"https:\/\/i0.wp.com\/www.tvuai.com.br\/portal\/wp-content\/uploads\/2023\/02\/prouni0.jpg?fit=200%2C200&ssl=1\",\"datePublished\":\"2023-02-27T15:29:07+00:00\",\"dateModified\":\"2023-03-03T00:42:56+00:00\",\"breadcrumb\":{\"@id\":\"https:\/\/www.tvuai.com.br\/portal\/comeca-nesta-terca-feira-28-o-periodo-de-inscricoes-para-a-primeira-selecao-do-programa-universidade-para-todos-o-prouni\/#breadcrumb\"},\"inLanguage\":\"pt-BR\",\"potentialAction\":[{\"@type\":\"ReadAction\",\"target\":[\"https:\/\/www.tvuai.com.br\/portal\/comeca-nesta-terca-feira-28-o-periodo-de-inscricoes-para-a-primeira-selecao-do-programa-universidade-para-todos-o-prouni\/\"]}]},{\"@type\":\"ImageObject\",\"inLanguage\":\"pt-BR\",\"@id\":\"https:\/\/www.tvuai.com.br\/portal\/comeca-nesta-terca-feira-28-o-periodo-de-inscricoes-para-a-primeira-selecao-do-programa-universidade-para-todos-o-prouni\/#primaryimage\",\"url\":\"https:\/\/i0.wp.com\/www.tvuai.com.br\/portal\/wp-content\/uploads\/2023\/02\/prouni0.jpg?fit=200%2C200&ssl=1\",\"contentUrl\":\"https:\/\/i0.wp.com\/www.tvuai.com.br\/portal\/wp-content\/uploads\/2023\/02\/prouni0.jpg?fit=200%2C200&ssl=1\",\"width\":200,\"height\":200},{\"@type\":\"BreadcrumbList\",\"@id\":\"https:\/\/www.tvuai.com.br\/portal\/comeca-nesta-terca-feira-28-o-periodo-de-inscricoes-para-a-primeira-selecao-do-programa-universidade-para-todos-o-prouni\/#breadcrumb\",\"itemListElement\":[{\"@type\":\"ListItem\",\"position\":1,\"name\":\"In\u00edcio\",\"item\":\"https:\/\/www.tvuai.com.br\/portal\/\"},{\"@type\":\"ListItem\",\"position\":2,\"name\":\"Come\u00e7a nesta ter\u00e7a-feira, 28, o per\u00edodo de inscri\u00e7\u00f5es para a primeira sele\u00e7\u00e3o do Programa Universidade Para Todos, o Prouni\"}]},{\"@type\":\"WebSite\",\"@id\":\"https:\/\/www.tvuai.com.br\/portal\/#website\",\"url\":\"https:\/\/www.tvuai.com.br\/portal\/\",\"name\":\"TVUAI\",\"description\":\"Tudo sobre o Sul de Minas\",\"publisher\":{\"@id\":\"https:\/\/www.tvuai.com.br\/portal\/#organization\"},\"potentialAction\":[{\"@type\":\"SearchAction\",\"target\":{\"@type\":\"EntryPoint\",\"urlTemplate\":\"https:\/\/www.tvuai.com.br\/portal\/?s={search_term_string}\"},\"query-input\":{\"@type\":\"PropertyValueSpecification\",\"valueRequired\":true,\"valueName\":\"search_term_string\"}}],\"inLanguage\":\"pt-BR\"},{\"@type\":\"Organization\",\"@id\":\"https:\/\/www.tvuai.com.br\/portal\/#organization\",\"name\":\"TVUAI\",\"url\":\"https:\/\/www.tvuai.com.br\/portal\/\",\"logo\":{\"@type\":\"ImageObject\",\"inLanguage\":\"pt-BR\",\"@id\":\"https:\/\/www.tvuai.com.br\/portal\/#\/schema\/logo\/image\/\",\"url\":\"https:\/\/i0.wp.com\/www.tvuai.com.br\/portal\/wp-content\/uploads\/2017\/12\/logo_tvuai_100H.png?fit=207%2C100&ssl=1\",\"contentUrl\":\"https:\/\/i0.wp.com\/www.tvuai.com.br\/portal\/wp-content\/uploads\/2017\/12\/logo_tvuai_100H.png?fit=207%2C100&ssl=1\",\"width\":207,\"height\":100,\"caption\":\"TVUAI\"},\"image\":{\"@id\":\"https:\/\/www.tvuai.com.br\/portal\/#\/schema\/logo\/image\/\"},\"sameAs\":[\"http:\/\/www.facebook.com\/pages\/TV-Uai-Comunica\u00e7\u00e3o\/139062546157369\",\"https:\/\/x.com\/tvuai\",\"https:\/\/www.instagram.com\/tvuai_network\/\",\"https:\/\/www.youtube.com\/channel\/UCB7ZPB3wRv-OpoZ_09jmnkQ\"]},{\"@type\":\"Person\",\"@id\":\"https:\/\/www.tvuai.com.br\/portal\/#\/schema\/person\/245e50e9127451fd0b7fd76f519ebbfe\",\"name\":\"tvuai\",\"url\":\"https:\/\/www.tvuai.com.br\/portal\/author\/tvuai\/\"}]}<\/script>\n<!-- \/ Yoast SEO plugin. -->","yoast_head_json":{"title":"Come\u00e7a nesta ter\u00e7a-feira, 28, o per\u00edodo de inscri\u00e7\u00f5es para a primeira sele\u00e7\u00e3o do Programa Universidade Para Todos, o Prouni - TVUAI","robots":{"index":"index","follow":"follow","max-snippet":"max-snippet:-1","max-image-preview":"max-image-preview:large","max-video-preview":"max-video-preview:-1"},"canonical":"https:\/\/www.tvuai.com.br\/portal\/comeca-nesta-terca-feira-28-o-periodo-de-inscricoes-para-a-primeira-selecao-do-programa-universidade-para-todos-o-prouni\/","og_locale":"pt_BR","og_type":"article","og_title":"Come\u00e7a nesta ter\u00e7a-feira, 28, o per\u00edodo de inscri\u00e7\u00f5es para a primeira sele\u00e7\u00e3o do Programa Universidade Para Todos, o Prouni - TVUAI","og_description":"Come\u00e7a nesta ter\u00e7a-feira, 28, o per\u00edodo de inscri\u00e7\u00f5es para a primeira sele\u00e7\u00e3o do Programa Universidade Para Todos (Prouni). O prazo fica aberto at\u00e9 a pr\u00f3xima sexta-feira, 3. O resultado ser\u00e1 divulgado no dia 7 de mar\u00e7o. A inscri\u00e7\u00e3o \u00e9 gratuita e feita somente pela internet, no Portal Acesso \u00danico. Ser\u00e3o ofertadas 288.112 bolsas, das quais, [&hellip;]","og_url":"https:\/\/www.tvuai.com.br\/portal\/comeca-nesta-terca-feira-28-o-periodo-de-inscricoes-para-a-primeira-selecao-do-programa-universidade-para-todos-o-prouni\/","og_site_name":"TVUAI","article_publisher":"http:\/\/www.facebook.com\/pages\/TV-Uai-Comunica%c3%a7%c3%a3o\/139062546157369","article_published_time":"2023-02-27T15:29:07+00:00","article_modified_time":"2023-03-03T00:42:56+00:00","og_image":[{"width":200,"height":200,"url":"https:\/\/i0.wp.com\/www.tvuai.com.br\/portal\/wp-content\/uploads\/2023\/02\/prouni0.jpg?fit=200%2C200&ssl=1","type":"image\/jpeg"}],"author":"tvuai","twitter_card":"summary_large_image","twitter_creator":"@tvuai","twitter_site":"@tvuai","twitter_misc":{"Escrito por":"tvuai","Est. tempo de leitura":"2 minutos"},"schema":{"@context":"https:\/\/schema.org","@graph":[{"@type":"Article","@id":"https:\/\/www.tvuai.com.br\/portal\/comeca-nesta-terca-feira-28-o-periodo-de-inscricoes-para-a-primeira-selecao-do-programa-universidade-para-todos-o-prouni\/#article","isPartOf":{"@id":"https:\/\/www.tvuai.com.br\/portal\/comeca-nesta-terca-feira-28-o-periodo-de-inscricoes-para-a-primeira-selecao-do-programa-universidade-para-todos-o-prouni\/"},"author":{"name":"tvuai","@id":"https:\/\/www.tvuai.com.br\/portal\/#\/schema\/person\/245e50e9127451fd0b7fd76f519ebbfe"},"headline":"Come\u00e7a nesta ter\u00e7a-feira, 28, o per\u00edodo de inscri\u00e7\u00f5es para a primeira sele\u00e7\u00e3o do Programa Universidade Para Todos, o Prouni","datePublished":"2023-02-27T15:29:07+00:00","dateModified":"2023-03-03T00:42:56+00:00","mainEntityOfPage":{"@id":"https:\/\/www.tvuai.com.br\/portal\/comeca-nesta-terca-feira-28-o-periodo-de-inscricoes-para-a-primeira-selecao-do-programa-universidade-para-todos-o-prouni\/"},"wordCount":483,"publisher":{"@id":"https:\/\/www.tvuai.com.br\/portal\/#organization"},"image":{"@id":"https:\/\/www.tvuai.com.br\/portal\/comeca-nesta-terca-feira-28-o-periodo-de-inscricoes-para-a-primeira-selecao-do-programa-universidade-para-todos-o-prouni\/#primaryimage"},"thumbnailUrl":"https:\/\/i0.wp.com\/www.tvuai.com.br\/portal\/wp-content\/uploads\/2023\/02\/prouni0.jpg?fit=200%2C200&ssl=1","keywords":["Brasil 61","Marcello Casal Jr\/Ag\u00eancia Brasil","Minist\u00e9rio da Educa\u00e7\u00e3o","Nath\u00e1lia Ramos Guimar\u00e3es","Pouso Alegre","Programa Universidade Para Todos","Prouni","Sul de Minas","TV Uai","Zildenor Dourado"],"articleSection":["Not\u00edcias"],"inLanguage":"pt-BR"},{"@type":"WebPage","@id":"https:\/\/www.tvuai.com.br\/portal\/comeca-nesta-terca-feira-28-o-periodo-de-inscricoes-para-a-primeira-selecao-do-programa-universidade-para-todos-o-prouni\/","url":"https:\/\/www.tvuai.com.br\/portal\/comeca-nesta-terca-feira-28-o-periodo-de-inscricoes-para-a-primeira-selecao-do-programa-universidade-para-todos-o-prouni\/","name":"Come\u00e7a nesta ter\u00e7a-feira, 28, o per\u00edodo de inscri\u00e7\u00f5es para a primeira sele\u00e7\u00e3o do Programa Universidade Para Todos, o Prouni - TVUAI","isPartOf":{"@id":"https:\/\/www.tvuai.com.br\/portal\/#website"},"primaryImageOfPage":{"@id":"https:\/\/www.tvuai.com.br\/portal\/comeca-nesta-terca-feira-28-o-periodo-de-inscricoes-para-a-primeira-selecao-do-programa-universidade-para-todos-o-prouni\/#primaryimage"},"image":{"@id":"https:\/\/www.tvuai.com.br\/portal\/comeca-nesta-terca-feira-28-o-periodo-de-inscricoes-para-a-primeira-selecao-do-programa-universidade-para-todos-o-prouni\/#primaryimage"},"thumbnailUrl":"https:\/\/i0.wp.com\/www.tvuai.com.br\/portal\/wp-content\/uploads\/2023\/02\/prouni0.jpg?fit=200%2C200&ssl=1","datePublished":"2023-02-27T15:29:07+00:00","dateModified":"2023-03-03T00:42:56+00:00","breadcrumb":{"@id":"https:\/\/www.tvuai.com.br\/portal\/comeca-nesta-terca-feira-28-o-periodo-de-inscricoes-para-a-primeira-selecao-do-programa-universidade-para-todos-o-prouni\/#breadcrumb"},"inLanguage":"pt-BR","potentialAction":[{"@type":"ReadAction","target":["https:\/\/www.tvuai.com.br\/portal\/comeca-nesta-terca-feira-28-o-periodo-de-inscricoes-para-a-primeira-selecao-do-programa-universidade-para-todos-o-prouni\/"]}]},{"@type":"ImageObject","inLanguage":"pt-BR","@id":"https:\/\/www.tvuai.com.br\/portal\/comeca-nesta-terca-feira-28-o-periodo-de-inscricoes-para-a-primeira-selecao-do-programa-universidade-para-todos-o-prouni\/#primaryimage","url":"https:\/\/i0.wp.com\/www.tvuai.com.br\/portal\/wp-content\/uploads\/2023\/02\/prouni0.jpg?fit=200%2C200&ssl=1","contentUrl":"https:\/\/i0.wp.com\/www.tvuai.com.br\/portal\/wp-content\/uploads\/2023\/02\/prouni0.jpg?fit=200%2C200&ssl=1","width":200,"height":200},{"@type":"BreadcrumbList","@id":"https:\/\/www.tvuai.com.br\/portal\/comeca-nesta-terca-feira-28-o-periodo-de-inscricoes-para-a-primeira-selecao-do-programa-universidade-para-todos-o-prouni\/#breadcrumb","itemListElement":[{"@type":"ListItem","position":1,"name":"In\u00edcio","item":"https:\/\/www.tvuai.com.br\/portal\/"},{"@type":"ListItem","position":2,"name":"Come\u00e7a nesta ter\u00e7a-feira, 28, o per\u00edodo de inscri\u00e7\u00f5es para a primeira sele\u00e7\u00e3o do Programa Universidade Para Todos, o Prouni"}]},{"@type":"WebSite","@id":"https:\/\/www.tvuai.com.br\/portal\/#website","url":"https:\/\/www.tvuai.com.br\/portal\/","name":"TVUAI","description":"Tudo sobre o Sul de Minas","publisher":{"@id":"https:\/\/www.tvuai.com.br\/portal\/#organization"},"potentialAction":[{"@type":"SearchAction","target":{"@type":"EntryPoint","urlTemplate":"https:\/\/www.tvuai.com.br\/portal\/?s={search_term_string}"},"query-input":{"@type":"PropertyValueSpecification","valueRequired":true,"valueName":"search_term_string"}}],"inLanguage":"pt-BR"},{"@type":"Organization","@id":"https:\/\/www.tvuai.com.br\/portal\/#organization","name":"TVUAI","url":"https:\/\/www.tvuai.com.br\/portal\/","logo":{"@type":"ImageObject","inLanguage":"pt-BR","@id":"https:\/\/www.tvuai.com.br\/portal\/#\/schema\/logo\/image\/","url":"https:\/\/i0.wp.com\/www.tvuai.com.br\/portal\/wp-content\/uploads\/2017\/12\/logo_tvuai_100H.png?fit=207%2C100&ssl=1","contentUrl":"https:\/\/i0.wp.com\/www.tvuai.com.br\/portal\/wp-content\/uploads\/2017\/12\/logo_tvuai_100H.png?fit=207%2C100&ssl=1","width":207,"height":100,"caption":"TVUAI"},"image":{"@id":"https:\/\/www.tvuai.com.br\/portal\/#\/schema\/logo\/image\/"},"sameAs":["http:\/\/www.facebook.com\/pages\/TV-Uai-Comunica\u00e7\u00e3o\/139062546157369","https:\/\/x.com\/tvuai","https:\/\/www.instagram.com\/tvuai_network\/","https:\/\/www.youtube.com\/channel\/UCB7ZPB3wRv-OpoZ_09jmnkQ"]},{"@type":"Person","@id":"https:\/\/www.tvuai.com.br\/portal\/#\/schema\/person\/245e50e9127451fd0b7fd76f519ebbfe","name":"tvuai","url":"https:\/\/www.tvuai.com.br\/portal\/author\/tvuai\/"}]}},"jetpack_featured_media_url":"https:\/\/i0.wp.com\/www.tvuai.com.br\/portal\/wp-content\/uploads\/2023\/02\/prouni0.jpg?fit=200%2C200&ssl=1","wpmagazine_modules_lite_featured_media_urls":{"thumbnail":["https:\/\/i0.wp.com\/www.tvuai.com.br\/portal\/wp-content\/uploads\/2023\/02\/prouni0.jpg?resize=150%2C150&ssl=1",150,150,true],"cvmm-medium":["https:\/\/i0.wp.com\/www.tvuai.com.br\/portal\/wp-content\/uploads\/2023\/02\/prouni0.jpg?resize=200%2C200&ssl=1",200,200,true],"cvmm-medium-plus":["https:\/\/i0.wp.com\/www.tvuai.com.br\/portal\/wp-content\/uploads\/2023\/02\/prouni0.jpg?resize=200%2C200&ssl=1",200,200,true],"cvmm-portrait":["https:\/\/i0.wp.com\/www.tvuai.com.br\/portal\/wp-content\/uploads\/2023\/02\/prouni0.jpg?resize=200%2C200&ssl=1",200,200,true],"cvmm-medium-square":["https:\/\/i0.wp.com\/www.tvuai.com.br\/portal\/wp-content\/uploads\/2023\/02\/prouni0.jpg?resize=200%2C200&ssl=1",200,200,true],"cvmm-large":["https:\/\/i0.wp.com\/www.tvuai.com.br\/portal\/wp-content\/uploads\/2023\/02\/prouni0.jpg?resize=200%2C200&ssl=1",200,200,true],"cvmm-small":["https:\/\/i0.wp.com\/www.tvuai.com.br\/portal\/wp-content\/uploads\/2023\/02\/prouni0.jpg?resize=130%2C95&ssl=1",130,95,true],"full":["https:\/\/i0.wp.com\/www.tvuai.com.br\/portal\/wp-content\/uploads\/2023\/02\/prouni0.jpg?fit=200%2C200&ssl=1",200,200,false]},"categories_names":{"19":{"name":"Not\u00edcias","link":"https:\/\/www.tvuai.com.br\/portal\/category\/noticias\/"}},"tags_names":{"1610":{"name":"Brasil 61","link":"https:\/\/www.tvuai.com.br\/portal\/tag\/brasil-61\/"},"1609":{"name":"Marcello Casal Jr\/Ag\u00eancia Brasil","link":"https:\/\/www.tvuai.com.br\/portal\/tag\/marcello-casal-jr-agencia-brasil\/"},"1608":{"name":"Minist\u00e9rio da Educa\u00e7\u00e3o","link":"https:\/\/www.tvuai.com.br\/portal\/tag\/ministerio-da-educacao\/"},"1607":{"name":"Nath\u00e1lia Ramos Guimar\u00e3es","link":"https:\/\/www.tvuai.com.br\/portal\/tag\/nathalia-ramos-guimaraes\/"},"37":{"name":"Pouso Alegre","link":"https:\/\/www.tvuai.com.br\/portal\/tag\/pouso-alegre\/"},"1604":{"name":"Programa Universidade Para Todos","link":"https:\/\/www.tvuai.com.br\/portal\/tag\/programa-universidade-para-todos\/"},"1605":{"name":"Prouni","link":"https:\/\/www.tvuai.com.br\/portal\/tag\/prouni\/"},"39":{"name":"Sul de Minas","link":"https:\/\/www.tvuai.com.br\/portal\/tag\/sul-de-minas\/"},"27":{"name":"TV Uai","link":"https:\/\/www.tvuai.com.br\/portal\/tag\/tv-uai\/"},"1606":{"name":"Zildenor Dourado","link":"https:\/\/www.tvuai.com.br\/portal\/tag\/zildenor-dourado\/"}},"comments_number":"0","jetpack_shortlink":"https:\/\/wp.me\/p9woix-1wt","jetpack_sharing_enabled":true,"_links":{"self":[{"href":"https:\/\/www.tvuai.com.br\/portal\/wp-json\/wp\/v2\/posts\/5857"}],"collection":[{"href":"https:\/\/www.tvuai.com.br\/portal\/wp-json\/wp\/v2\/posts"}],"about":[{"href":"https:\/\/www.tvuai.com.br\/portal\/wp-json\/wp\/v2\/types\/post"}],"author":[{"embeddable":true,"href":"https:\/\/www.tvuai.com.br\/portal\/wp-json\/wp\/v2\/users\/1"}],"replies":[{"embeddable":true,"href":"https:\/\/www.tvuai.com.br\/portal\/wp-json\/wp\/v2\/comments?post=5857"}],"version-history":[{"count":4,"href":"https:\/\/www.tvuai.com.br\/portal\/wp-json\/wp\/v2\/posts\/5857\/revisions"}],"predecessor-version":[{"id":5864,"href":"https:\/\/www.tvuai.com.br\/portal\/wp-json\/wp\/v2\/posts\/5857\/revisions\/5864"}],"wp:featuredmedia":[{"embeddable":true,"href":"https:\/\/www.tvuai.com.br\/portal\/wp-json\/wp\/v2\/media\/5860"}],"wp:attachment":[{"href":"https:\/\/www.tvuai.com.br\/portal\/wp-json\/wp\/v2\/media?parent=5857"}],"wp:term":[{"taxonomy":"category","embeddable":true,"href":"https:\/\/www.tvuai.com.br\/portal\/wp-json\/wp\/v2\/categories?post=5857"},{"taxonomy":"post_tag","embeddable":true,"href":"https:\/\/www.tvuai.com.br\/portal\/wp-json\/wp\/v2\/tags?post=5857"}],"curies":[{"name":"wp","href":"https:\/\/api.w.org\/{rel}","templated":true}]}}