{"id":5296,"date":"2022-12-26T22:57:54","date_gmt":"2022-12-27T01:57:54","guid":{"rendered":"https:\/\/www.tvuai.com.br\/portal\/?p=5296"},"modified":"2023-01-11T21:27:03","modified_gmt":"2023-01-12T00:27:03","slug":"em-pouso-alegre-e-proibido-chover-mas-sao-pedro-nao-da-bola-para-a-politicagem-de-ano-eleitoral","status":"publish","type":"post","link":"https:\/\/www.tvuai.com.br\/portal\/em-pouso-alegre-e-proibido-chover-mas-sao-pedro-nao-da-bola-para-a-politicagem-de-ano-eleitoral\/","title":{"rendered":"Em Pouso Alegre \u00e9 proibido chover mas S\u00e3o Pedro n\u00e3o d\u00e1 bola para a politicagem de ano eleitoral"},"content":{"rendered":"<div class=\"5a1038e0903b96d426fcfcc338703013\" data-index=\"1\" style=\"float: right; margin:10px 0 10px 10px;\">\n<script async src=\"https:\/\/pagead2.googlesyndication.com\/pagead\/js\/adsbygoogle.js?client=ca-pub-9945944833605257\"\r\n     crossorigin=\"anonymous\"><\/script>\r\n<ins class=\"adsbygoogle\"\r\n     style=\"display:block; text-align:center;\"\r\n     data-ad-layout=\"in-article\"\r\n     data-ad-format=\"fluid\"\r\n     data-ad-client=\"ca-pub-9945944833605257\"\r\n     data-ad-slot=\"2343923581\"><\/ins>\r\n<script>\r\n     (adsbygoogle = window.adsbygoogle || []).push({});\r\n<\/script>\n<\/div>\n<h4 style=\"text-align: center\"><em><strong><div class=\"jetpack-video-wrapper\"><span class=\"embed-youtube\" style=\"text-align:center; display: block;\"><iframe class=\"youtube-player\" width=\"560\" height=\"315\" src=\"https:\/\/www.youtube.com\/embed\/PNv9LmZ4Qa8?version=3&#038;rel=1&#038;showsearch=0&#038;showinfo=1&#038;iv_load_policy=1&#038;fs=1&#038;hl=pt-BR&#038;autohide=2&#038;wmode=transparent\" allowfullscreen=\"true\" style=\"border:0;\" sandbox=\"allow-scripts allow-same-origin allow-popups allow-presentation allow-popups-to-escape-sandbox\"><\/iframe><\/span><\/div><\/strong><\/em><\/h4>\n<h4 style=\"text-align: center\"><em><strong>Na manh\u00e3 desta segunda-feira, 26, Pouso Alegre amanheceu com v\u00e1rios bairros alagados e pessoas ilhadas sendo socorridas pelo Corpo de Bombeiros. O bairro mais atingido foi o bairro Faisqueira. At\u00e9 mesmo a BR459 foi atingida por um alagamento sem precedentes no trajeto entre Pouso Alegre e Congonhal. Equipes da Prefeitura de Pouso Alegre trabalham para desobstru\u00e7\u00e3o das vias. O Corpo de Bombeiros apontou o perigo em uma ponte na Faisqueira com risco de rachaduras no asfalto. A Defesa Civil e o Corpo de Bombeiros monitoram os bairros afetados.<\/strong><\/em><\/h4>\n<p>Choveu, ferrou! Um dia \u00e9 um bairro, outro dia \u00e9 outro, mas sempre com consequ\u00eancias do mau planejamento da infra-estrutura de Pouso Alegre desde 2.017 quando o ex-prefeito &#8211; agora eleito deputado federal &#8211; assumiu a Prefeitura. Apesar de toda a dinheirama que escorreu nos cofres p\u00fablicos nesse per\u00edodo, s\u00f3 os bairros nas alturas &#8211; de alto poder aquisitivo &#8211; est\u00e3o livres, por enquanto, de trag\u00e9dias maiores.<\/p>\n<p>Consideradas fen\u00f4menos naturais, as enchentes que assolam Pouso Alegre s\u00e3o intensificadas pela pr\u00e1tica mal\u00e9fica de falta de planejamento urbano e desmatamento desenfreado. Infelizmente, todo ano \u00e9 a mesma coisa: entre os meses de dezembro e fevereiro, as manchetes s\u00e3o desoladoras mostrando a eleva\u00e7\u00e3o dos cursos d\u00b4\u00e1gua, a inunda\u00e7\u00e3o de casas e ruas, desencadeando uma s\u00e9rie de trag\u00e9dias que, durante anos, foram evitadas ou minimizadas.<\/p>\n<p>Cercada pelos rios Sapuca\u00ed, Sapuca\u00ed-Mirim, Rio Cervo, Rio Mandu e o Rio Itaim, a causa considerada principal para as enchentes dos \u00faltimos seis anos em Pouso Alegre \u00e9, sem d\u00favida, a impermeabiliza\u00e7\u00e3o do solo sem nenhum estudo sobre as condi\u00e7\u00f5es de infiltra\u00e7\u00e3o do solo pela impermeabiliza\u00e7\u00e3o. Com a pavimenta\u00e7\u00e3o das ruas, a cimenta\u00e7\u00e3o de cal\u00e7adas juntando a falta de planejamento no corte das \u00e1rvores e desmatamento compulsivo, a maior parte da \u00e1gua que deveria infiltrar no solo escorre na superf\u00edcie, provocando o aumento das enxurradas, a eleva\u00e7\u00e3o dos rios e o aumento da velocidade do escoamento que vem dos bairros mais altos.<\/p>\n<p>O sistema de drenagem est\u00e1 ca\u00f3tico. A falta de planejamento, sem bueiros em alguns locais, sem uma limpeza efetiva dos antigos sistemas de drenagem e as mais diversas constru\u00e7\u00f5es que seriam respons\u00e1veis pela conten\u00e7\u00e3o ou do desvio da \u00e1gua que corre para os rios, provocando a cheia deles. Vale lembrar que somente a constru\u00e7\u00e3o de bueiros e sistemas de drenagem podem n\u00e3o ser suficientes sem um estudo acurado sobre a autoriza\u00e7\u00e3o para constru\u00e7\u00e3o de pr\u00e9dios e loteamentos de forma desordenada, isso porque a amplia\u00e7\u00e3o dessas \u00e1reas podem elevar gradualmente a vaz\u00e3o das enxurradas ao longo dos anos, fazendo com que as drenagens existentes n\u00e3o consigam atender toda a demanda.<\/p>\n<p>Algumas \u00e1reas cuja ocupa\u00e7\u00e3o est\u00e3o sendo autorizadas nos \u00faltimos seis anos, correspondem ao leito maior de um rio que, esporadicamente, inunda. Com a ocupa\u00e7\u00e3o em um s\u00e9rio estudo de vaz\u00e3o dessas \u00e1reas \u2013 muitas vezes causada pela aus\u00eancia de planejamento adequado \u2013 as pessoas est\u00e3o sujeitas \u00e0 ocorr\u00eancia de inunda\u00e7\u00f5es. Al\u00e9m disso, a remo\u00e7\u00e3o da vegeta\u00e7\u00e3o que comp\u00f5e o entorno do rio intensifica o processo pois ela tem a fun\u00e7\u00e3o de reter parte dos sedimentos que v\u00e3o para o leito e aumentam o n\u00edvel das \u00e1guas.<\/p>\n<p>Para minimizar poss\u00edveis enchentes em Pouso Alegre h\u00e1 necessidade absoluta de desassoreamento dos cinco rios que cortam a cidade aumentando sua profundidade, bem como a constru\u00e7\u00e3o de sistemas eficientes de drenagem e a cria\u00e7\u00e3o de reservas vegetais nas margens dos rios; ali\u00e1s, tamb\u00e9m cuidados especiais para com o Horto Florestal &#8211; Parque Natural Municipal de Pouso Alegre Prof. Fernando Afonso Bonillo &#8211; que abriga o &#8220;rabicho&#8221; do aqu\u00edfero Guarani seguindo justamente para o bairro Faisqueira onde, vale ressaltar, no final da d\u00e9cada de 1980, o ge\u00f3logo coronel Ubirajara Rocha acompanhado de uma grande equipe &#8211; e do ent\u00e3o servidor do IBAMA Fernando Bonillo &#8211; descobriu a \u00e1gua mineral das mais raras no pais, com uma composi\u00e7\u00e3o rar\u00edssima de carbono gasoso e radiotividade que, na Faisqueira, foi canalizada pelo Sr. Santos da empresa Britasul, de forma gratuita.<\/p>\n<p>A preven\u00e7\u00e3o das enchentes deveria acontecer nos meses mais secos porque, as inunda\u00e7\u00f5es, al\u00e9m de danos materiais, podem provocar doen\u00e7as, como a leptospirose. Portanto, trata-se tamb\u00e9m de uma quest\u00e3o de sa\u00fade p\u00fablica.<\/p>\n<p style=\"text-align: center\"><strong>Nota da Prefeitura de Pouso Alegre<\/strong><\/p>\n<p>&#8220;A Prefeitura de Pouso Alegre informa que devido ao grande volume de chuvas nas \u00faltimas horas, pontos da cidade est\u00e3o em situa\u00e7\u00e3o de alerta.<br \/>\nO munic\u00edpio entende que o fluxo de ve\u00edculos e pedestres durante o per\u00edodo de f\u00e9rias \u00e9 reduzido e pede que pessoas que n\u00e3o necessitam sair de casa evitem o deslocamento.<br \/>\nPontos de alerta:<br \/>\n&#8211; Rua Ant\u00f4nio Scoodeler, bairro Faisqueira;<br \/>\n&#8211; Via Faisqueira,<br \/>\n&#8211; Bairro da Cava,<br \/>\n&#8211; Regi\u00e3o do Vale das Andorinhas;<br \/>\n&#8211; Regi\u00e3o do Bairro S\u00e3o Geraldo;<br \/>\n&#8211; Cruzamento da Alferes Gomes de Oliveira com a Avenida Tr\u00eas Cora\u00e7\u00f5es, bairro S\u00e3o Jo\u00e3o.<br \/>\nA Prefeitura ressalta que equipes est\u00e3o trabalhando para desobstru\u00e7\u00e3o das vias&#8221;.<\/p>\n<p>Segundo a previs\u00e3o num\u00e9rica do <span style=\"color: #000080\"><strong><a style=\"color: #000080\" href=\"https:\/\/www.cptec.inpe.br\/previsao-tempo\/mg\/pouso-alegre\">CPTEC\/INPE<\/a><\/strong><\/span> &#8211; Centro de Previs\u00e3o de Tempo e Estudos Clim\u00e1ticos do Instituto Nacional de Pesquisas Espaciais, as chuvas em Pouso Alegre podem seguir at\u00e9 7 de janeiro pr\u00f3ximo.<\/p>\n<p><img data-recalc-dims=\"1\" fetchpriority=\"high\" decoding=\"async\" data-attachment-id=\"5306\" data-permalink=\"https:\/\/www.tvuai.com.br\/portal\/em-pouso-alegre-e-proibido-chover-mas-sao-pedro-nao-da-bola-para-a-politicagem-de-ano-eleitoral\/tempo-inpe\/\" data-orig-file=\"https:\/\/i0.wp.com\/www.tvuai.com.br\/portal\/wp-content\/uploads\/2022\/12\/tempo-inpe.jpg?fit=800%2C339&amp;ssl=1\" data-orig-size=\"800,339\" data-comments-opened=\"0\" data-image-meta=\"{&quot;aperture&quot;:&quot;0&quot;,&quot;credit&quot;:&quot;&quot;,&quot;camera&quot;:&quot;&quot;,&quot;caption&quot;:&quot;&quot;,&quot;created_timestamp&quot;:&quot;1671714172&quot;,&quot;copyright&quot;:&quot;&quot;,&quot;focal_length&quot;:&quot;0&quot;,&quot;iso&quot;:&quot;0&quot;,&quot;shutter_speed&quot;:&quot;0&quot;,&quot;title&quot;:&quot;&quot;,&quot;orientation&quot;:&quot;1&quot;}\" data-image-title=\"tempo inpe\" data-image-description=\"\" data-image-caption=\"\" data-medium-file=\"https:\/\/i0.wp.com\/www.tvuai.com.br\/portal\/wp-content\/uploads\/2022\/12\/tempo-inpe.jpg?fit=300%2C127&amp;ssl=1\" data-large-file=\"https:\/\/i0.wp.com\/www.tvuai.com.br\/portal\/wp-content\/uploads\/2022\/12\/tempo-inpe.jpg?fit=640%2C271&amp;ssl=1\" tabindex=\"0\" role=\"button\" class=\"aligncenter size-full wp-image-5306\" src=\"https:\/\/i0.wp.com\/www.tvuai.com.br\/portal\/wp-content\/uploads\/2022\/12\/tempo-inpe.jpg?resize=640%2C271&#038;ssl=1\" alt=\"\" width=\"640\" height=\"271\" srcset=\"https:\/\/i0.wp.com\/www.tvuai.com.br\/portal\/wp-content\/uploads\/2022\/12\/tempo-inpe.jpg?w=800&amp;ssl=1 800w, https:\/\/i0.wp.com\/www.tvuai.com.br\/portal\/wp-content\/uploads\/2022\/12\/tempo-inpe.jpg?resize=300%2C127&amp;ssl=1 300w, https:\/\/i0.wp.com\/www.tvuai.com.br\/portal\/wp-content\/uploads\/2022\/12\/tempo-inpe.jpg?resize=768%2C325&amp;ssl=1 768w, https:\/\/i0.wp.com\/www.tvuai.com.br\/portal\/wp-content\/uploads\/2022\/12\/tempo-inpe.jpg?resize=600%2C254&amp;ssl=1 600w\" sizes=\"(max-width: 640px) 100vw, 640px\" \/><\/p>\n<ul id=\"accessibility\"><\/ul>\n<div id=\"logo\"><\/div>\n\n<div style=\"font-size: 0px; height: 0px; line-height: 0px; margin: 0; padding: 0; clear: both;\"><\/div><div class='share-to-whatsapp-wrapper'><div class='share-on-whsp'>Share on: <\/div><a data-text='Em Pouso Alegre \u00e9 proibido chover mas S\u00e3o Pedro n\u00e3o d\u00e1 bola para a politicagem de ano eleitoral' data-link='https:\/\/www.tvuai.com.br\/portal\/em-pouso-alegre-e-proibido-chover-mas-sao-pedro-nao-da-bola-para-a-politicagem-de-ano-eleitoral\/' class='whatsapp-button whatsapp-share'>WhatsApp<\/a><div class='clear '><\/div><\/div><!-- AddThis Advanced Settings generic via filter on the_content --><!-- AddThis Share Buttons generic via filter on the_content -->","protected":false},"excerpt":{"rendered":"<p>Na manh\u00e3 desta segunda-feira, 26, Pouso Alegre amanheceu com v\u00e1rios bairros alagados e pessoas ilhadas sendo socorridas pelo Corpo de Bombeiros. O bairro mais atingido foi o bairro Faisqueira. At\u00e9 mesmo a BR459 foi atingida por um alagamento sem precedentes no trajeto entre Pouso Alegre e Congonhal. Equipes da Prefeitura de Pouso Alegre trabalham para [&hellip;]<!-- AddThis Advanced Settings generic via filter on get_the_excerpt --><!-- AddThis Share Buttons generic via filter on get_the_excerpt --><\/p>\n","protected":false},"author":2,"featured_media":5307,"comment_status":"closed","ping_status":"closed","sticky":false,"template":"","format":"standard","meta":{"jetpack_post_was_ever_published":false,"_jetpack_newsletter_access":"","_jetpack_dont_email_post_to_subs":false,"_jetpack_newsletter_tier_id":0,"_jetpack_memberships_contains_paywalled_content":false,"_jetpack_memberships_contains_paid_content":false,"_joinchat":[],"footnotes":"","jetpack_publicize_message":"","jetpack_publicize_feature_enabled":true,"jetpack_social_post_already_shared":true,"jetpack_social_options":{"image_generator_settings":{"template":"highway","enabled":false},"version":2}},"categories":[19,21],"tags":[1393,536,1391,326,1392,37,39,27],"class_list":["post-5296","post","type-post","status-publish","format-standard","has-post-thumbnail","hentry","category-noticias","category-videos","tag-cptec-inpe","tag-enchente-em-pouso-alegre","tag-enchente-na-faisqueira","tag-jornal-tribuna-pousoalegrense","tag-parque-natural-municipal-de-pouso-alegre-prof-fernando-afonso-bonillo","tag-pouso-alegre","tag-sul-de-minas","tag-tv-uai"],"jetpack_publicize_connections":[],"yoast_head":"<!-- This site is optimized with the Yoast SEO plugin v23.5 - https:\/\/yoast.com\/wordpress\/plugins\/seo\/ -->\n<title>Em Pouso Alegre \u00e9 proibido chover mas S\u00e3o Pedro n\u00e3o d\u00e1 bola para a politicagem de ano eleitoral - TVUAI<\/title>\n<meta name=\"robots\" content=\"index, follow, max-snippet:-1, max-image-preview:large, max-video-preview:-1\" \/>\n<link rel=\"canonical\" href=\"https:\/\/www.tvuai.com.br\/portal\/em-pouso-alegre-e-proibido-chover-mas-sao-pedro-nao-da-bola-para-a-politicagem-de-ano-eleitoral\/\" \/>\n<meta property=\"og:locale\" content=\"pt_BR\" \/>\n<meta property=\"og:type\" content=\"article\" \/>\n<meta property=\"og:title\" content=\"Em Pouso Alegre \u00e9 proibido chover mas S\u00e3o Pedro n\u00e3o d\u00e1 bola para a politicagem de ano eleitoral - TVUAI\" \/>\n<meta property=\"og:description\" content=\"Na manh\u00e3 desta segunda-feira, 26, Pouso Alegre amanheceu com v\u00e1rios bairros alagados e pessoas ilhadas sendo socorridas pelo Corpo de Bombeiros. O bairro mais atingido foi o bairro Faisqueira. At\u00e9 mesmo a BR459 foi atingida por um alagamento sem precedentes no trajeto entre Pouso Alegre e Congonhal. Equipes da Prefeitura de Pouso Alegre trabalham para [&hellip;]\" \/>\n<meta property=\"og:url\" content=\"https:\/\/www.tvuai.com.br\/portal\/em-pouso-alegre-e-proibido-chover-mas-sao-pedro-nao-da-bola-para-a-politicagem-de-ano-eleitoral\/\" \/>\n<meta property=\"og:site_name\" content=\"TVUAI\" \/>\n<meta property=\"article:publisher\" content=\"http:\/\/www.facebook.com\/pages\/TV-Uai-Comunica%c3%a7%c3%a3o\/139062546157369\" \/>\n<meta property=\"article:author\" content=\"https:\/\/www.facebook.com\/tvuai\/\" \/>\n<meta property=\"article:published_time\" content=\"2022-12-27T01:57:54+00:00\" \/>\n<meta property=\"article:modified_time\" content=\"2023-01-12T00:27:03+00:00\" \/>\n<meta property=\"og:image\" content=\"https:\/\/i0.wp.com\/www.tvuai.com.br\/portal\/wp-content\/uploads\/2022\/12\/tempo-inpe0.jpg?fit=200%2C200&ssl=1\" \/>\n\t<meta property=\"og:image:width\" content=\"200\" \/>\n\t<meta property=\"og:image:height\" content=\"200\" \/>\n\t<meta property=\"og:image:type\" content=\"image\/jpeg\" \/>\n<meta name=\"author\" content=\"Rosy Pantale\u00e3o\" \/>\n<meta name=\"twitter:card\" content=\"summary_large_image\" \/>\n<meta name=\"twitter:creator\" content=\"@tvuai\" \/>\n<meta name=\"twitter:site\" content=\"@tvuai\" \/>\n<meta name=\"twitter:label1\" content=\"Escrito por\" \/>\n\t<meta name=\"twitter:data1\" content=\"Rosy Pantale\u00e3o\" \/>\n\t<meta name=\"twitter:label2\" content=\"Est. tempo de leitura\" \/>\n\t<meta name=\"twitter:data2\" content=\"5 minutos\" \/>\n<script type=\"application\/ld+json\" class=\"yoast-schema-graph\">{\"@context\":\"https:\/\/schema.org\",\"@graph\":[{\"@type\":\"Article\",\"@id\":\"https:\/\/www.tvuai.com.br\/portal\/em-pouso-alegre-e-proibido-chover-mas-sao-pedro-nao-da-bola-para-a-politicagem-de-ano-eleitoral\/#article\",\"isPartOf\":{\"@id\":\"https:\/\/www.tvuai.com.br\/portal\/em-pouso-alegre-e-proibido-chover-mas-sao-pedro-nao-da-bola-para-a-politicagem-de-ano-eleitoral\/\"},\"author\":{\"name\":\"Rosy Pantale\u00e3o\",\"@id\":\"https:\/\/www.tvuai.com.br\/portal\/#\/schema\/person\/d1c5c2b1dc1e658906286802aad38555\"},\"headline\":\"Em Pouso Alegre \u00e9 proibido chover mas S\u00e3o Pedro n\u00e3o d\u00e1 bola para a politicagem de ano eleitoral\",\"datePublished\":\"2022-12-27T01:57:54+00:00\",\"dateModified\":\"2023-01-12T00:27:03+00:00\",\"mainEntityOfPage\":{\"@id\":\"https:\/\/www.tvuai.com.br\/portal\/em-pouso-alegre-e-proibido-chover-mas-sao-pedro-nao-da-bola-para-a-politicagem-de-ano-eleitoral\/\"},\"wordCount\":950,\"publisher\":{\"@id\":\"https:\/\/www.tvuai.com.br\/portal\/#organization\"},\"image\":{\"@id\":\"https:\/\/www.tvuai.com.br\/portal\/em-pouso-alegre-e-proibido-chover-mas-sao-pedro-nao-da-bola-para-a-politicagem-de-ano-eleitoral\/#primaryimage\"},\"thumbnailUrl\":\"https:\/\/i0.wp.com\/www.tvuai.com.br\/portal\/wp-content\/uploads\/2022\/12\/tempo-inpe0.jpg?fit=200%2C200&ssl=1\",\"keywords\":[\"CPTEC\/INPE\",\"enchente em Pouso Alegre\",\"enchente na Faisqueira\",\"Jornal Tribuna Pousoalegrense\",\"Parque Natural Municipal de Pouso Alegre Prof. Fernando Afonso Bonillo\",\"Pouso Alegre\",\"Sul de Minas\",\"TV Uai\"],\"articleSection\":[\"Not\u00edcias\",\"Videos\"],\"inLanguage\":\"pt-BR\"},{\"@type\":\"WebPage\",\"@id\":\"https:\/\/www.tvuai.com.br\/portal\/em-pouso-alegre-e-proibido-chover-mas-sao-pedro-nao-da-bola-para-a-politicagem-de-ano-eleitoral\/\",\"url\":\"https:\/\/www.tvuai.com.br\/portal\/em-pouso-alegre-e-proibido-chover-mas-sao-pedro-nao-da-bola-para-a-politicagem-de-ano-eleitoral\/\",\"name\":\"Em Pouso Alegre \u00e9 proibido chover mas S\u00e3o Pedro n\u00e3o d\u00e1 bola para a politicagem de ano eleitoral - TVUAI\",\"isPartOf\":{\"@id\":\"https:\/\/www.tvuai.com.br\/portal\/#website\"},\"primaryImageOfPage\":{\"@id\":\"https:\/\/www.tvuai.com.br\/portal\/em-pouso-alegre-e-proibido-chover-mas-sao-pedro-nao-da-bola-para-a-politicagem-de-ano-eleitoral\/#primaryimage\"},\"image\":{\"@id\":\"https:\/\/www.tvuai.com.br\/portal\/em-pouso-alegre-e-proibido-chover-mas-sao-pedro-nao-da-bola-para-a-politicagem-de-ano-eleitoral\/#primaryimage\"},\"thumbnailUrl\":\"https:\/\/i0.wp.com\/www.tvuai.com.br\/portal\/wp-content\/uploads\/2022\/12\/tempo-inpe0.jpg?fit=200%2C200&ssl=1\",\"datePublished\":\"2022-12-27T01:57:54+00:00\",\"dateModified\":\"2023-01-12T00:27:03+00:00\",\"breadcrumb\":{\"@id\":\"https:\/\/www.tvuai.com.br\/portal\/em-pouso-alegre-e-proibido-chover-mas-sao-pedro-nao-da-bola-para-a-politicagem-de-ano-eleitoral\/#breadcrumb\"},\"inLanguage\":\"pt-BR\",\"potentialAction\":[{\"@type\":\"ReadAction\",\"target\":[\"https:\/\/www.tvuai.com.br\/portal\/em-pouso-alegre-e-proibido-chover-mas-sao-pedro-nao-da-bola-para-a-politicagem-de-ano-eleitoral\/\"]}]},{\"@type\":\"ImageObject\",\"inLanguage\":\"pt-BR\",\"@id\":\"https:\/\/www.tvuai.com.br\/portal\/em-pouso-alegre-e-proibido-chover-mas-sao-pedro-nao-da-bola-para-a-politicagem-de-ano-eleitoral\/#primaryimage\",\"url\":\"https:\/\/i0.wp.com\/www.tvuai.com.br\/portal\/wp-content\/uploads\/2022\/12\/tempo-inpe0.jpg?fit=200%2C200&ssl=1\",\"contentUrl\":\"https:\/\/i0.wp.com\/www.tvuai.com.br\/portal\/wp-content\/uploads\/2022\/12\/tempo-inpe0.jpg?fit=200%2C200&ssl=1\",\"width\":200,\"height\":200},{\"@type\":\"BreadcrumbList\",\"@id\":\"https:\/\/www.tvuai.com.br\/portal\/em-pouso-alegre-e-proibido-chover-mas-sao-pedro-nao-da-bola-para-a-politicagem-de-ano-eleitoral\/#breadcrumb\",\"itemListElement\":[{\"@type\":\"ListItem\",\"position\":1,\"name\":\"In\u00edcio\",\"item\":\"https:\/\/www.tvuai.com.br\/portal\/\"},{\"@type\":\"ListItem\",\"position\":2,\"name\":\"Em Pouso Alegre \u00e9 proibido chover mas S\u00e3o Pedro n\u00e3o d\u00e1 bola para a politicagem de ano eleitoral\"}]},{\"@type\":\"WebSite\",\"@id\":\"https:\/\/www.tvuai.com.br\/portal\/#website\",\"url\":\"https:\/\/www.tvuai.com.br\/portal\/\",\"name\":\"TVUAI\",\"description\":\"Tudo sobre o Sul de Minas\",\"publisher\":{\"@id\":\"https:\/\/www.tvuai.com.br\/portal\/#organization\"},\"potentialAction\":[{\"@type\":\"SearchAction\",\"target\":{\"@type\":\"EntryPoint\",\"urlTemplate\":\"https:\/\/www.tvuai.com.br\/portal\/?s={search_term_string}\"},\"query-input\":{\"@type\":\"PropertyValueSpecification\",\"valueRequired\":true,\"valueName\":\"search_term_string\"}}],\"inLanguage\":\"pt-BR\"},{\"@type\":\"Organization\",\"@id\":\"https:\/\/www.tvuai.com.br\/portal\/#organization\",\"name\":\"TVUAI\",\"url\":\"https:\/\/www.tvuai.com.br\/portal\/\",\"logo\":{\"@type\":\"ImageObject\",\"inLanguage\":\"pt-BR\",\"@id\":\"https:\/\/www.tvuai.com.br\/portal\/#\/schema\/logo\/image\/\",\"url\":\"https:\/\/i0.wp.com\/www.tvuai.com.br\/portal\/wp-content\/uploads\/2017\/12\/logo_tvuai_100H.png?fit=207%2C100&ssl=1\",\"contentUrl\":\"https:\/\/i0.wp.com\/www.tvuai.com.br\/portal\/wp-content\/uploads\/2017\/12\/logo_tvuai_100H.png?fit=207%2C100&ssl=1\",\"width\":207,\"height\":100,\"caption\":\"TVUAI\"},\"image\":{\"@id\":\"https:\/\/www.tvuai.com.br\/portal\/#\/schema\/logo\/image\/\"},\"sameAs\":[\"http:\/\/www.facebook.com\/pages\/TV-Uai-Comunica\u00e7\u00e3o\/139062546157369\",\"https:\/\/x.com\/tvuai\",\"https:\/\/www.instagram.com\/tvuai_network\/\",\"https:\/\/www.youtube.com\/channel\/UCB7ZPB3wRv-OpoZ_09jmnkQ\"]},{\"@type\":\"Person\",\"@id\":\"https:\/\/www.tvuai.com.br\/portal\/#\/schema\/person\/d1c5c2b1dc1e658906286802aad38555\",\"name\":\"Rosy Pantale\u00e3o\",\"sameAs\":[\"https:\/\/www.tvuai.com.br\/portal\/\",\"https:\/\/www.facebook.com\/tvuai\/\",\"https:\/\/www.instagram.com\/tvuai\",\"https:\/\/x.com\/tvuai\",\"https:\/\/www.youtube.com\/channel\/UCB7ZPB3wRv-OpoZ_09jmnkQ\",\"tvuai\"],\"url\":\"https:\/\/www.tvuai.com.br\/portal\/author\/rosy\/\"}]}<\/script>\n<!-- \/ Yoast SEO plugin. -->","yoast_head_json":{"title":"Em Pouso Alegre \u00e9 proibido chover mas S\u00e3o Pedro n\u00e3o d\u00e1 bola para a politicagem de ano eleitoral - TVUAI","robots":{"index":"index","follow":"follow","max-snippet":"max-snippet:-1","max-image-preview":"max-image-preview:large","max-video-preview":"max-video-preview:-1"},"canonical":"https:\/\/www.tvuai.com.br\/portal\/em-pouso-alegre-e-proibido-chover-mas-sao-pedro-nao-da-bola-para-a-politicagem-de-ano-eleitoral\/","og_locale":"pt_BR","og_type":"article","og_title":"Em Pouso Alegre \u00e9 proibido chover mas S\u00e3o Pedro n\u00e3o d\u00e1 bola para a politicagem de ano eleitoral - TVUAI","og_description":"Na manh\u00e3 desta segunda-feira, 26, Pouso Alegre amanheceu com v\u00e1rios bairros alagados e pessoas ilhadas sendo socorridas pelo Corpo de Bombeiros. O bairro mais atingido foi o bairro Faisqueira. At\u00e9 mesmo a BR459 foi atingida por um alagamento sem precedentes no trajeto entre Pouso Alegre e Congonhal. Equipes da Prefeitura de Pouso Alegre trabalham para [&hellip;]","og_url":"https:\/\/www.tvuai.com.br\/portal\/em-pouso-alegre-e-proibido-chover-mas-sao-pedro-nao-da-bola-para-a-politicagem-de-ano-eleitoral\/","og_site_name":"TVUAI","article_publisher":"http:\/\/www.facebook.com\/pages\/TV-Uai-Comunica%c3%a7%c3%a3o\/139062546157369","article_author":"https:\/\/www.facebook.com\/tvuai\/","article_published_time":"2022-12-27T01:57:54+00:00","article_modified_time":"2023-01-12T00:27:03+00:00","og_image":[{"width":200,"height":200,"url":"https:\/\/i0.wp.com\/www.tvuai.com.br\/portal\/wp-content\/uploads\/2022\/12\/tempo-inpe0.jpg?fit=200%2C200&ssl=1","type":"image\/jpeg"}],"author":"Rosy Pantale\u00e3o","twitter_card":"summary_large_image","twitter_creator":"@tvuai","twitter_site":"@tvuai","twitter_misc":{"Escrito por":"Rosy Pantale\u00e3o","Est. tempo de leitura":"5 minutos"},"schema":{"@context":"https:\/\/schema.org","@graph":[{"@type":"Article","@id":"https:\/\/www.tvuai.com.br\/portal\/em-pouso-alegre-e-proibido-chover-mas-sao-pedro-nao-da-bola-para-a-politicagem-de-ano-eleitoral\/#article","isPartOf":{"@id":"https:\/\/www.tvuai.com.br\/portal\/em-pouso-alegre-e-proibido-chover-mas-sao-pedro-nao-da-bola-para-a-politicagem-de-ano-eleitoral\/"},"author":{"name":"Rosy Pantale\u00e3o","@id":"https:\/\/www.tvuai.com.br\/portal\/#\/schema\/person\/d1c5c2b1dc1e658906286802aad38555"},"headline":"Em Pouso Alegre \u00e9 proibido chover mas S\u00e3o Pedro n\u00e3o d\u00e1 bola para a politicagem de ano eleitoral","datePublished":"2022-12-27T01:57:54+00:00","dateModified":"2023-01-12T00:27:03+00:00","mainEntityOfPage":{"@id":"https:\/\/www.tvuai.com.br\/portal\/em-pouso-alegre-e-proibido-chover-mas-sao-pedro-nao-da-bola-para-a-politicagem-de-ano-eleitoral\/"},"wordCount":950,"publisher":{"@id":"https:\/\/www.tvuai.com.br\/portal\/#organization"},"image":{"@id":"https:\/\/www.tvuai.com.br\/portal\/em-pouso-alegre-e-proibido-chover-mas-sao-pedro-nao-da-bola-para-a-politicagem-de-ano-eleitoral\/#primaryimage"},"thumbnailUrl":"https:\/\/i0.wp.com\/www.tvuai.com.br\/portal\/wp-content\/uploads\/2022\/12\/tempo-inpe0.jpg?fit=200%2C200&ssl=1","keywords":["CPTEC\/INPE","enchente em Pouso Alegre","enchente na Faisqueira","Jornal Tribuna Pousoalegrense","Parque Natural Municipal de Pouso Alegre Prof. Fernando Afonso Bonillo","Pouso Alegre","Sul de Minas","TV Uai"],"articleSection":["Not\u00edcias","Videos"],"inLanguage":"pt-BR"},{"@type":"WebPage","@id":"https:\/\/www.tvuai.com.br\/portal\/em-pouso-alegre-e-proibido-chover-mas-sao-pedro-nao-da-bola-para-a-politicagem-de-ano-eleitoral\/","url":"https:\/\/www.tvuai.com.br\/portal\/em-pouso-alegre-e-proibido-chover-mas-sao-pedro-nao-da-bola-para-a-politicagem-de-ano-eleitoral\/","name":"Em Pouso Alegre \u00e9 proibido chover mas S\u00e3o Pedro n\u00e3o d\u00e1 bola para a politicagem de ano eleitoral - TVUAI","isPartOf":{"@id":"https:\/\/www.tvuai.com.br\/portal\/#website"},"primaryImageOfPage":{"@id":"https:\/\/www.tvuai.com.br\/portal\/em-pouso-alegre-e-proibido-chover-mas-sao-pedro-nao-da-bola-para-a-politicagem-de-ano-eleitoral\/#primaryimage"},"image":{"@id":"https:\/\/www.tvuai.com.br\/portal\/em-pouso-alegre-e-proibido-chover-mas-sao-pedro-nao-da-bola-para-a-politicagem-de-ano-eleitoral\/#primaryimage"},"thumbnailUrl":"https:\/\/i0.wp.com\/www.tvuai.com.br\/portal\/wp-content\/uploads\/2022\/12\/tempo-inpe0.jpg?fit=200%2C200&ssl=1","datePublished":"2022-12-27T01:57:54+00:00","dateModified":"2023-01-12T00:27:03+00:00","breadcrumb":{"@id":"https:\/\/www.tvuai.com.br\/portal\/em-pouso-alegre-e-proibido-chover-mas-sao-pedro-nao-da-bola-para-a-politicagem-de-ano-eleitoral\/#breadcrumb"},"inLanguage":"pt-BR","potentialAction":[{"@type":"ReadAction","target":["https:\/\/www.tvuai.com.br\/portal\/em-pouso-alegre-e-proibido-chover-mas-sao-pedro-nao-da-bola-para-a-politicagem-de-ano-eleitoral\/"]}]},{"@type":"ImageObject","inLanguage":"pt-BR","@id":"https:\/\/www.tvuai.com.br\/portal\/em-pouso-alegre-e-proibido-chover-mas-sao-pedro-nao-da-bola-para-a-politicagem-de-ano-eleitoral\/#primaryimage","url":"https:\/\/i0.wp.com\/www.tvuai.com.br\/portal\/wp-content\/uploads\/2022\/12\/tempo-inpe0.jpg?fit=200%2C200&ssl=1","contentUrl":"https:\/\/i0.wp.com\/www.tvuai.com.br\/portal\/wp-content\/uploads\/2022\/12\/tempo-inpe0.jpg?fit=200%2C200&ssl=1","width":200,"height":200},{"@type":"BreadcrumbList","@id":"https:\/\/www.tvuai.com.br\/portal\/em-pouso-alegre-e-proibido-chover-mas-sao-pedro-nao-da-bola-para-a-politicagem-de-ano-eleitoral\/#breadcrumb","itemListElement":[{"@type":"ListItem","position":1,"name":"In\u00edcio","item":"https:\/\/www.tvuai.com.br\/portal\/"},{"@type":"ListItem","position":2,"name":"Em Pouso Alegre \u00e9 proibido chover mas S\u00e3o Pedro n\u00e3o d\u00e1 bola para a politicagem de ano eleitoral"}]},{"@type":"WebSite","@id":"https:\/\/www.tvuai.com.br\/portal\/#website","url":"https:\/\/www.tvuai.com.br\/portal\/","name":"TVUAI","description":"Tudo sobre o Sul de Minas","publisher":{"@id":"https:\/\/www.tvuai.com.br\/portal\/#organization"},"potentialAction":[{"@type":"SearchAction","target":{"@type":"EntryPoint","urlTemplate":"https:\/\/www.tvuai.com.br\/portal\/?s={search_term_string}"},"query-input":{"@type":"PropertyValueSpecification","valueRequired":true,"valueName":"search_term_string"}}],"inLanguage":"pt-BR"},{"@type":"Organization","@id":"https:\/\/www.tvuai.com.br\/portal\/#organization","name":"TVUAI","url":"https:\/\/www.tvuai.com.br\/portal\/","logo":{"@type":"ImageObject","inLanguage":"pt-BR","@id":"https:\/\/www.tvuai.com.br\/portal\/#\/schema\/logo\/image\/","url":"https:\/\/i0.wp.com\/www.tvuai.com.br\/portal\/wp-content\/uploads\/2017\/12\/logo_tvuai_100H.png?fit=207%2C100&ssl=1","contentUrl":"https:\/\/i0.wp.com\/www.tvuai.com.br\/portal\/wp-content\/uploads\/2017\/12\/logo_tvuai_100H.png?fit=207%2C100&ssl=1","width":207,"height":100,"caption":"TVUAI"},"image":{"@id":"https:\/\/www.tvuai.com.br\/portal\/#\/schema\/logo\/image\/"},"sameAs":["http:\/\/www.facebook.com\/pages\/TV-Uai-Comunica\u00e7\u00e3o\/139062546157369","https:\/\/x.com\/tvuai","https:\/\/www.instagram.com\/tvuai_network\/","https:\/\/www.youtube.com\/channel\/UCB7ZPB3wRv-OpoZ_09jmnkQ"]},{"@type":"Person","@id":"https:\/\/www.tvuai.com.br\/portal\/#\/schema\/person\/d1c5c2b1dc1e658906286802aad38555","name":"Rosy Pantale\u00e3o","sameAs":["https:\/\/www.tvuai.com.br\/portal\/","https:\/\/www.facebook.com\/tvuai\/","https:\/\/www.instagram.com\/tvuai","https:\/\/x.com\/tvuai","https:\/\/www.youtube.com\/channel\/UCB7ZPB3wRv-OpoZ_09jmnkQ","tvuai"],"url":"https:\/\/www.tvuai.com.br\/portal\/author\/rosy\/"}]}},"jetpack_featured_media_url":"https:\/\/i0.wp.com\/www.tvuai.com.br\/portal\/wp-content\/uploads\/2022\/12\/tempo-inpe0.jpg?fit=200%2C200&ssl=1","wpmagazine_modules_lite_featured_media_urls":{"thumbnail":["https:\/\/i0.wp.com\/www.tvuai.com.br\/portal\/wp-content\/uploads\/2022\/12\/tempo-inpe0.jpg?resize=150%2C150&ssl=1",150,150,true],"cvmm-medium":["https:\/\/i0.wp.com\/www.tvuai.com.br\/portal\/wp-content\/uploads\/2022\/12\/tempo-inpe0.jpg?resize=200%2C200&ssl=1",200,200,true],"cvmm-medium-plus":["https:\/\/i0.wp.com\/www.tvuai.com.br\/portal\/wp-content\/uploads\/2022\/12\/tempo-inpe0.jpg?resize=200%2C200&ssl=1",200,200,true],"cvmm-portrait":["https:\/\/i0.wp.com\/www.tvuai.com.br\/portal\/wp-content\/uploads\/2022\/12\/tempo-inpe0.jpg?resize=200%2C200&ssl=1",200,200,true],"cvmm-medium-square":["https:\/\/i0.wp.com\/www.tvuai.com.br\/portal\/wp-content\/uploads\/2022\/12\/tempo-inpe0.jpg?resize=200%2C200&ssl=1",200,200,true],"cvmm-large":["https:\/\/i0.wp.com\/www.tvuai.com.br\/portal\/wp-content\/uploads\/2022\/12\/tempo-inpe0.jpg?resize=200%2C200&ssl=1",200,200,true],"cvmm-small":["https:\/\/i0.wp.com\/www.tvuai.com.br\/portal\/wp-content\/uploads\/2022\/12\/tempo-inpe0.jpg?resize=130%2C95&ssl=1",130,95,true],"full":["https:\/\/i0.wp.com\/www.tvuai.com.br\/portal\/wp-content\/uploads\/2022\/12\/tempo-inpe0.jpg?fit=200%2C200&ssl=1",200,200,false]},"categories_names":{"19":{"name":"Not\u00edcias","link":"https:\/\/www.tvuai.com.br\/portal\/category\/noticias\/"},"21":{"name":"Videos","link":"https:\/\/www.tvuai.com.br\/portal\/category\/videos\/"}},"tags_names":{"1393":{"name":"CPTEC\/INPE","link":"https:\/\/www.tvuai.com.br\/portal\/tag\/cptec-inpe\/"},"536":{"name":"enchente em Pouso Alegre","link":"https:\/\/www.tvuai.com.br\/portal\/tag\/enchente-em-pouso-alegre\/"},"1391":{"name":"enchente na Faisqueira","link":"https:\/\/www.tvuai.com.br\/portal\/tag\/enchente-na-faisqueira\/"},"326":{"name":"Jornal Tribuna Pousoalegrense","link":"https:\/\/www.tvuai.com.br\/portal\/tag\/jornal-tribuna-pousoalegrense\/"},"1392":{"name":"Parque Natural Municipal de Pouso Alegre Prof. Fernando Afonso Bonillo","link":"https:\/\/www.tvuai.com.br\/portal\/tag\/parque-natural-municipal-de-pouso-alegre-prof-fernando-afonso-bonillo\/"},"37":{"name":"Pouso Alegre","link":"https:\/\/www.tvuai.com.br\/portal\/tag\/pouso-alegre\/"},"39":{"name":"Sul de Minas","link":"https:\/\/www.tvuai.com.br\/portal\/tag\/sul-de-minas\/"},"27":{"name":"TV Uai","link":"https:\/\/www.tvuai.com.br\/portal\/tag\/tv-uai\/"}},"comments_number":"0","jetpack_shortlink":"https:\/\/wp.me\/p9woix-1nq","jetpack_sharing_enabled":true,"_links":{"self":[{"href":"https:\/\/www.tvuai.com.br\/portal\/wp-json\/wp\/v2\/posts\/5296"}],"collection":[{"href":"https:\/\/www.tvuai.com.br\/portal\/wp-json\/wp\/v2\/posts"}],"about":[{"href":"https:\/\/www.tvuai.com.br\/portal\/wp-json\/wp\/v2\/types\/post"}],"author":[{"embeddable":true,"href":"https:\/\/www.tvuai.com.br\/portal\/wp-json\/wp\/v2\/users\/2"}],"replies":[{"embeddable":true,"href":"https:\/\/www.tvuai.com.br\/portal\/wp-json\/wp\/v2\/comments?post=5296"}],"version-history":[{"count":12,"href":"https:\/\/www.tvuai.com.br\/portal\/wp-json\/wp\/v2\/posts\/5296\/revisions"}],"predecessor-version":[{"id":5318,"href":"https:\/\/www.tvuai.com.br\/portal\/wp-json\/wp\/v2\/posts\/5296\/revisions\/5318"}],"wp:featuredmedia":[{"embeddable":true,"href":"https:\/\/www.tvuai.com.br\/portal\/wp-json\/wp\/v2\/media\/5307"}],"wp:attachment":[{"href":"https:\/\/www.tvuai.com.br\/portal\/wp-json\/wp\/v2\/media?parent=5296"}],"wp:term":[{"taxonomy":"category","embeddable":true,"href":"https:\/\/www.tvuai.com.br\/portal\/wp-json\/wp\/v2\/categories?post=5296"},{"taxonomy":"post_tag","embeddable":true,"href":"https:\/\/www.tvuai.com.br\/portal\/wp-json\/wp\/v2\/tags?post=5296"}],"curies":[{"name":"wp","href":"https:\/\/api.w.org\/{rel}","templated":true}]}}