{"id":5077,"date":"2022-10-26T14:34:31","date_gmt":"2022-10-26T17:34:31","guid":{"rendered":"https:\/\/www.tvuai.com.br\/portal\/?p=5077"},"modified":"2022-11-18T19:15:24","modified_gmt":"2022-11-18T22:15:24","slug":"promotor-de-santa-rita-do-sapucai-e-suspenso-por-atacar-stf-e-divulgar-charges-e-caricaturas-pesadas-de-ministros","status":"publish","type":"post","link":"https:\/\/www.tvuai.com.br\/portal\/promotor-de-santa-rita-do-sapucai-e-suspenso-por-atacar-stf-e-divulgar-charges-e-caricaturas-pesadas-de-ministros\/","title":{"rendered":"Promotor de Santa Rita do Sapuca\u00ed \u00e9 suspenso por atacar STF e divulgar charges e caricaturas \u2018pesadas\u2019 de ministros"},"content":{"rendered":"<div class=\"5a1038e0903b96d426fcfcc338703013\" data-index=\"1\" style=\"float: right; margin:10px 0 10px 10px;\">\n<script async src=\"https:\/\/pagead2.googlesyndication.com\/pagead\/js\/adsbygoogle.js?client=ca-pub-9945944833605257\"\r\n     crossorigin=\"anonymous\"><\/script>\r\n<ins class=\"adsbygoogle\"\r\n     style=\"display:block; text-align:center;\"\r\n     data-ad-layout=\"in-article\"\r\n     data-ad-format=\"fluid\"\r\n     data-ad-client=\"ca-pub-9945944833605257\"\r\n     data-ad-slot=\"2343923581\"><\/ins>\r\n<script>\r\n     (adsbygoogle = window.adsbygoogle || []).push({});\r\n<\/script>\n<\/div>\n<p><img data-recalc-dims=\"1\" fetchpriority=\"high\" decoding=\"async\" data-attachment-id=\"5083\" data-permalink=\"https:\/\/www.tvuai.com.br\/portal\/promotor-de-santa-rita-do-sapucai-e-suspenso-por-atacar-stf-e-divulgar-charges-e-caricaturas-pesadas-de-ministros\/promotor-srs1\/\" data-orig-file=\"https:\/\/i0.wp.com\/www.tvuai.com.br\/portal\/wp-content\/uploads\/2022\/10\/promotor-SRS1.jpg?fit=600%2C372&amp;ssl=1\" data-orig-size=\"600,372\" data-comments-opened=\"0\" data-image-meta=\"{&quot;aperture&quot;:&quot;0&quot;,&quot;credit&quot;:&quot;&quot;,&quot;camera&quot;:&quot;&quot;,&quot;caption&quot;:&quot;&quot;,&quot;created_timestamp&quot;:&quot;0&quot;,&quot;copyright&quot;:&quot;&quot;,&quot;focal_length&quot;:&quot;0&quot;,&quot;iso&quot;:&quot;0&quot;,&quot;shutter_speed&quot;:&quot;0&quot;,&quot;title&quot;:&quot;&quot;,&quot;orientation&quot;:&quot;0&quot;}\" data-image-title=\"promotor SRS1\" data-image-description=\"\" data-image-caption=\"\" data-medium-file=\"https:\/\/i0.wp.com\/www.tvuai.com.br\/portal\/wp-content\/uploads\/2022\/10\/promotor-SRS1.jpg?fit=300%2C186&amp;ssl=1\" data-large-file=\"https:\/\/i0.wp.com\/www.tvuai.com.br\/portal\/wp-content\/uploads\/2022\/10\/promotor-SRS1.jpg?fit=600%2C372&amp;ssl=1\" tabindex=\"0\" role=\"button\" class=\"aligncenter size-full wp-image-5083\" src=\"https:\/\/i0.wp.com\/www.tvuai.com.br\/portal\/wp-content\/uploads\/2022\/10\/promotor-SRS1.jpg?resize=600%2C372&#038;ssl=1\" alt=\"\" width=\"600\" height=\"372\" srcset=\"https:\/\/i0.wp.com\/www.tvuai.com.br\/portal\/wp-content\/uploads\/2022\/10\/promotor-SRS1.jpg?w=600&amp;ssl=1 600w, https:\/\/i0.wp.com\/www.tvuai.com.br\/portal\/wp-content\/uploads\/2022\/10\/promotor-SRS1.jpg?resize=300%2C186&amp;ssl=1 300w\" sizes=\"(max-width: 600px) 100vw, 600px\" \/>O Conselho Nacional do Minist\u00e9rio P\u00fablico (CNMP) decidiu suspender, por 30 dias, um promotor de Justi\u00e7a do Minist\u00e9rio P\u00fablico de Minas Gerais &#8211; lotado em Santa Rita do Sapuca\u00ed &#8211; que promoveu uma s\u00e9rie de ataques contra ministros do Supremo Tribunal Federal (STF), ex-presidentes da Rep\u00fablica e parlamentares nas redes sociais.<\/p>\n<p><img data-recalc-dims=\"1\" decoding=\"async\" data-attachment-id=\"5084\" data-permalink=\"https:\/\/www.tvuai.com.br\/portal\/promotor-de-santa-rita-do-sapucai-e-suspenso-por-atacar-stf-e-divulgar-charges-e-caricaturas-pesadas-de-ministros\/promotor-srs2\/\" data-orig-file=\"https:\/\/i0.wp.com\/www.tvuai.com.br\/portal\/wp-content\/uploads\/2022\/10\/promotor-SRS2.jpg?fit=250%2C144&amp;ssl=1\" data-orig-size=\"250,144\" data-comments-opened=\"0\" data-image-meta=\"{&quot;aperture&quot;:&quot;0&quot;,&quot;credit&quot;:&quot;&quot;,&quot;camera&quot;:&quot;&quot;,&quot;caption&quot;:&quot;&quot;,&quot;created_timestamp&quot;:&quot;0&quot;,&quot;copyright&quot;:&quot;&quot;,&quot;focal_length&quot;:&quot;0&quot;,&quot;iso&quot;:&quot;0&quot;,&quot;shutter_speed&quot;:&quot;0&quot;,&quot;title&quot;:&quot;&quot;,&quot;orientation&quot;:&quot;1&quot;}\" data-image-title=\"promotor SRS2\" data-image-description=\"\" data-image-caption=\"\" data-medium-file=\"https:\/\/i0.wp.com\/www.tvuai.com.br\/portal\/wp-content\/uploads\/2022\/10\/promotor-SRS2.jpg?fit=250%2C144&amp;ssl=1\" data-large-file=\"https:\/\/i0.wp.com\/www.tvuai.com.br\/portal\/wp-content\/uploads\/2022\/10\/promotor-SRS2.jpg?fit=250%2C144&amp;ssl=1\" tabindex=\"0\" role=\"button\" class=\"size-full wp-image-5084 alignright\" src=\"https:\/\/i0.wp.com\/www.tvuai.com.br\/portal\/wp-content\/uploads\/2022\/10\/promotor-SRS2.jpg?resize=250%2C144&#038;ssl=1\" alt=\"\" width=\"250\" height=\"144\" \/>Em publica\u00e7\u00f5es feitas entre novembro de 2019 e janeiro deste ano, Francisco Eug\u00eanio Coutinho do Amaral fez coment\u00e1rios e compartilhou charges e caricaturas que, de acordo o CNMP, caracterizaram o exerc\u00edcio abusivo do direito \u00e0 liberdade de express\u00e3o. Ainda cabe recurso. As informa\u00e7\u00f5es s\u00e3o da Folha de S\u00e3o Paulo.<\/p>\n<p>Uma das charges, por exemplo, mostra o ex-presidente Luiz In\u00e1cio Lula da Silva (PT) apertando as n\u00e1degas de uma mulher que representaria a est\u00e1tua da Justi\u00e7a. Em outra imagem, o rosto do ministro do STF Dias Toffoli \u00e9 inserido na capa de uma revista Playboy, estampada por uma modelo seminua, que traz a chamada \u201cDias Toffoli libera geral\u201d.<\/p>\n<p>O promotor de Justi\u00e7a de Santa Rita do Sapuca\u00ed tamb\u00e9m j\u00e1 se referiu ao STF como \u201co \u00fanico tribunal do mundo que entende de medicina, economia, vacina, elei\u00e7\u00f5es\u201d, mas \u201cn\u00e3o entende de Justi\u00e7a\u201d, e endossou conte\u00fados que pediam a interven\u00e7\u00e3o das For\u00e7as Armadas na corte.<\/p>\n<p>Segundo integrantes do Conselho Nacional do Minist\u00e9rio P\u00fablico, a pena de suspens\u00e3o s\u00f3 foi decidida ap\u00f3s uma discuss\u00e3o interna entre os membros do colegiado \u2014a proposta original previa uma esp\u00e9cie de advert\u00eancia.<\/p>\n<p>A suspens\u00e3o tamb\u00e9m s\u00f3 p\u00f4de ser aplicada em raz\u00e3o de uma mudan\u00e7a na Lei Org\u00e2nica do Minist\u00e9rio P\u00fablico de Minas Gerais, que passou a prever o afastamento em vez da repreens\u00e3o simb\u00f3lica.<\/p>\n<p>\u201cVendo as imagens, chego a me perguntar como pode um membro de uma carreira de Estado fazer algo assim. \u00c9 absolutamente inaceit\u00e1vel, sob todos os aspectos\u201d, afirmou o conselheiro Otavio Luiz Rodrigues J\u00fanior em seu voto. Para ele, os ataques denotam \u201cociosidade mental\u201d e p\u00f5em em xeque a dignidade do Minist\u00e9rio P\u00fablico perante a sociedade.<\/p>\n<p>\u201cAs imagens s\u00e3o chocantes, as insinua\u00e7\u00f5es s\u00e3o aberrantes. Considero que temos aqui mais um exemplo que merece uma san\u00e7\u00e3o exemplar diante do que aconteceu. E digo isso com muito constrangimento, porque n\u00f3s n\u00e3o estamos falando de pessoas imaturas, n\u00e3o estamos falando de pessoas que n\u00e3o t\u00eam consci\u00eancia jur\u00eddica\u201d, acrescentou Rodrigues J\u00fanior. O conselheiro chegou a sugerir que fosse aplicada uma pena ainda mais severa que a suspens\u00e3o de 30 dias.<\/p>\n<p style=\"text-align: center\"><strong>O que diz o promotor<\/strong><\/p>\n<p>Ao apresentar a sua defesa, o promotor Francisco Eug\u00eanio Coutinho do Amaral afirmou que n\u00e3o era o respons\u00e1vel por todas as publica\u00e7\u00f5es feitas em seu perfil no Facebook, uma vez que a conta seria dividida com a sua esposa, e disse que as postagens questionadas nos processos administrativos disciplinares abertos contra ele estariam \u201cacobertadas pela liberdade de express\u00e3o e de pensamento\u201d.<\/p>\n<p>O integrante do Minist\u00e9rio P\u00fablico de Minas Gerais afirmou, ainda, que sofreu grave acidente dom\u00e9stico e tratou de um c\u00e2ncer recentemente \u2014e, por isso, n\u00e3o teria condi\u00e7\u00f5es f\u00edsicas ou psicol\u00f3gicas de digitar ou de fazer qualquer publica\u00e7\u00e3o.<\/p>\n<p style=\"text-align: center\"><strong>Voto do relator<\/strong><\/p>\n<p>Para o Conselho Nacional do Minist\u00e9rio P\u00fablico, no entanto, a argumenta\u00e7\u00e3o n\u00e3o se sustentou. Foram localizadas imagens do promotor fazendo viagens durante o per\u00edodo em que ele estaria acamado, e a oitiva de sua esposa n\u00e3o teria confirmado a autoria compartilhada das publica\u00e7\u00f5es na rede social.<\/p>\n<p>\u201cA atitude do processado n\u00e3o se coloca propriamente no plano das ideias e, portanto, na seara da express\u00e3o de pensamento, mas na qualidade de difus\u00e3o em massa de ultrajes contra institui\u00e7\u00f5es e autoridades, com o claro e deliberado prop\u00f3sito de deslegitima\u00e7\u00e3o, situa\u00e7\u00e3o que afeta a ess\u00eancia do Estado democr\u00e1tico de Direito\u201c, afirmou o conselheiro Ant\u00f4nio Ed\u00edlio Magalh\u00e3es Teixeira, relator do caso no CNMP, em seu voto.<\/p>\n<p>\u201cAs postagens efetivadas trazem conte\u00fados ofensivos, destitu\u00eddos de valor social ou racionalidade, direcionados contra determinadas pessoas e aparentemente fazem parte de um movimento orquestrado. As mensagens e imagens carregam um discurso pautado pelo est\u00edmulo \u00e0 quebra abrupta da paz social e pelo rompimento com a democracia\u201d, ponderou.<\/p>\n<p>O promotor de Justi\u00e7a afirmou que vai recorrer da decis\u00e3o.<\/p>\n<h6 style=\"text-align: right\"><em>Com informa\u00e7\u00f5es da Jurinews<\/em><br \/>\n<em>Foto do promotor: Arquivo Cedoc EPTV<\/em><\/h6>\n\n<div style=\"font-size: 0px; height: 0px; line-height: 0px; margin: 0; padding: 0; clear: both;\"><\/div><div class='share-to-whatsapp-wrapper'><div class='share-on-whsp'>Share on: <\/div><a data-text='Promotor de Santa Rita do Sapuca\u00ed \u00e9 suspenso por atacar STF e divulgar charges e caricaturas \u2018pesadas\u2019 de ministros' data-link='https:\/\/www.tvuai.com.br\/portal\/promotor-de-santa-rita-do-sapucai-e-suspenso-por-atacar-stf-e-divulgar-charges-e-caricaturas-pesadas-de-ministros\/' class='whatsapp-button whatsapp-share'>WhatsApp<\/a><div class='clear '><\/div><\/div><!-- AddThis Advanced Settings generic via filter on the_content --><!-- AddThis Share Buttons generic via filter on the_content -->","protected":false},"excerpt":{"rendered":"<p>O Conselho Nacional do Minist\u00e9rio P\u00fablico (CNMP) decidiu suspender, por 30 dias, um promotor de Justi\u00e7a do Minist\u00e9rio P\u00fablico de Minas Gerais &#8211; lotado em Santa Rita do Sapuca\u00ed &#8211; que promoveu uma s\u00e9rie de ataques contra ministros do Supremo Tribunal Federal (STF), ex-presidentes da Rep\u00fablica e parlamentares nas redes sociais. Em publica\u00e7\u00f5es feitas entre [&hellip;]<!-- AddThis Advanced Settings generic via filter on get_the_excerpt --><!-- AddThis Share Buttons generic via filter on get_the_excerpt --><\/p>\n","protected":false},"author":2,"featured_media":5082,"comment_status":"closed","ping_status":"closed","sticky":false,"template":"","format":"standard","meta":{"jetpack_post_was_ever_published":false,"_jetpack_newsletter_access":"","_jetpack_dont_email_post_to_subs":false,"_jetpack_newsletter_tier_id":0,"_jetpack_memberships_contains_paywalled_content":false,"_jetpack_memberships_contains_paid_content":false,"_joinchat":[],"footnotes":"","jetpack_publicize_message":"","jetpack_publicize_feature_enabled":true,"jetpack_social_post_already_shared":true,"jetpack_social_options":{"image_generator_settings":{"template":"highway","enabled":false},"version":2}},"categories":[19],"tags":[1259,945,1260,1014,37,1261,39,27],"class_list":["post-5077","post","type-post","status-publish","format-standard","has-post-thumbnail","hentry","category-noticias","tag-cnmp","tag-conselho-nacional-do-ministerio-publico","tag-francisco-eugenio-coutinho-do-amaral","tag-ministerio-publico-de-minas-gerais","tag-pouso-alegre","tag-promotor-de-justica-de-santa-rita-do-sapucai","tag-sul-de-minas","tag-tv-uai"],"jetpack_publicize_connections":[],"yoast_head":"<!-- This site is optimized with the Yoast SEO plugin v23.5 - https:\/\/yoast.com\/wordpress\/plugins\/seo\/ -->\n<title>Promotor de Santa Rita do Sapuca\u00ed \u00e9 suspenso por atacar STF e divulgar charges e caricaturas \u2018pesadas\u2019 de ministros - TVUAI<\/title>\n<meta name=\"robots\" content=\"index, follow, max-snippet:-1, max-image-preview:large, max-video-preview:-1\" \/>\n<link rel=\"canonical\" href=\"https:\/\/www.tvuai.com.br\/portal\/promotor-de-santa-rita-do-sapucai-e-suspenso-por-atacar-stf-e-divulgar-charges-e-caricaturas-pesadas-de-ministros\/\" \/>\n<meta property=\"og:locale\" content=\"pt_BR\" \/>\n<meta property=\"og:type\" content=\"article\" \/>\n<meta property=\"og:title\" content=\"Promotor de Santa Rita do Sapuca\u00ed \u00e9 suspenso por atacar STF e divulgar charges e caricaturas \u2018pesadas\u2019 de ministros - TVUAI\" \/>\n<meta property=\"og:description\" content=\"O Conselho Nacional do Minist\u00e9rio P\u00fablico (CNMP) decidiu suspender, por 30 dias, um promotor de Justi\u00e7a do Minist\u00e9rio P\u00fablico de Minas Gerais &#8211; lotado em Santa Rita do Sapuca\u00ed &#8211; que promoveu uma s\u00e9rie de ataques contra ministros do Supremo Tribunal Federal (STF), ex-presidentes da Rep\u00fablica e parlamentares nas redes sociais. Em publica\u00e7\u00f5es feitas entre [&hellip;]\" \/>\n<meta property=\"og:url\" content=\"https:\/\/www.tvuai.com.br\/portal\/promotor-de-santa-rita-do-sapucai-e-suspenso-por-atacar-stf-e-divulgar-charges-e-caricaturas-pesadas-de-ministros\/\" \/>\n<meta property=\"og:site_name\" content=\"TVUAI\" \/>\n<meta property=\"article:publisher\" content=\"http:\/\/www.facebook.com\/pages\/TV-Uai-Comunica%c3%a7%c3%a3o\/139062546157369\" \/>\n<meta property=\"article:author\" content=\"https:\/\/www.facebook.com\/tvuai\/\" \/>\n<meta property=\"article:published_time\" content=\"2022-10-26T17:34:31+00:00\" \/>\n<meta property=\"article:modified_time\" content=\"2022-11-18T22:15:24+00:00\" \/>\n<meta property=\"og:image\" content=\"https:\/\/i0.wp.com\/www.tvuai.com.br\/portal\/wp-content\/uploads\/2022\/10\/promotor-SRS0.jpg?fit=200%2C200&ssl=1\" \/>\n\t<meta property=\"og:image:width\" content=\"200\" \/>\n\t<meta property=\"og:image:height\" content=\"200\" \/>\n\t<meta property=\"og:image:type\" content=\"image\/jpeg\" \/>\n<meta name=\"author\" content=\"Rosy Pantale\u00e3o\" \/>\n<meta name=\"twitter:card\" content=\"summary_large_image\" \/>\n<meta name=\"twitter:creator\" content=\"@tvuai\" \/>\n<meta name=\"twitter:site\" content=\"@tvuai\" \/>\n<meta name=\"twitter:label1\" content=\"Escrito por\" \/>\n\t<meta name=\"twitter:data1\" content=\"Rosy Pantale\u00e3o\" \/>\n\t<meta name=\"twitter:label2\" content=\"Est. tempo de leitura\" \/>\n\t<meta name=\"twitter:data2\" content=\"4 minutos\" \/>\n<script type=\"application\/ld+json\" class=\"yoast-schema-graph\">{\"@context\":\"https:\/\/schema.org\",\"@graph\":[{\"@type\":\"Article\",\"@id\":\"https:\/\/www.tvuai.com.br\/portal\/promotor-de-santa-rita-do-sapucai-e-suspenso-por-atacar-stf-e-divulgar-charges-e-caricaturas-pesadas-de-ministros\/#article\",\"isPartOf\":{\"@id\":\"https:\/\/www.tvuai.com.br\/portal\/promotor-de-santa-rita-do-sapucai-e-suspenso-por-atacar-stf-e-divulgar-charges-e-caricaturas-pesadas-de-ministros\/\"},\"author\":{\"name\":\"Rosy Pantale\u00e3o\",\"@id\":\"https:\/\/www.tvuai.com.br\/portal\/#\/schema\/person\/d1c5c2b1dc1e658906286802aad38555\"},\"headline\":\"Promotor de Santa Rita do Sapuca\u00ed \u00e9 suspenso por atacar STF e divulgar charges e caricaturas \u2018pesadas\u2019 de ministros\",\"datePublished\":\"2022-10-26T17:34:31+00:00\",\"dateModified\":\"2022-11-18T22:15:24+00:00\",\"mainEntityOfPage\":{\"@id\":\"https:\/\/www.tvuai.com.br\/portal\/promotor-de-santa-rita-do-sapucai-e-suspenso-por-atacar-stf-e-divulgar-charges-e-caricaturas-pesadas-de-ministros\/\"},\"wordCount\":789,\"publisher\":{\"@id\":\"https:\/\/www.tvuai.com.br\/portal\/#organization\"},\"image\":{\"@id\":\"https:\/\/www.tvuai.com.br\/portal\/promotor-de-santa-rita-do-sapucai-e-suspenso-por-atacar-stf-e-divulgar-charges-e-caricaturas-pesadas-de-ministros\/#primaryimage\"},\"thumbnailUrl\":\"https:\/\/i0.wp.com\/www.tvuai.com.br\/portal\/wp-content\/uploads\/2022\/10\/promotor-SRS0.jpg?fit=200%2C200&ssl=1\",\"keywords\":[\"CNMP\",\"Conselho Nacional do Minist\u00e9rio P\u00fablico\",\"Francisco Eug\u00eanio Coutinho do Amaral\",\"Minist\u00e9rio P\u00fablico de Minas Gerais\",\"Pouso Alegre\",\"promotor de Justi\u00e7a de Santa Rita do Sapuca\u00ed\",\"Sul de Minas\",\"TV Uai\"],\"articleSection\":[\"Not\u00edcias\"],\"inLanguage\":\"pt-BR\"},{\"@type\":\"WebPage\",\"@id\":\"https:\/\/www.tvuai.com.br\/portal\/promotor-de-santa-rita-do-sapucai-e-suspenso-por-atacar-stf-e-divulgar-charges-e-caricaturas-pesadas-de-ministros\/\",\"url\":\"https:\/\/www.tvuai.com.br\/portal\/promotor-de-santa-rita-do-sapucai-e-suspenso-por-atacar-stf-e-divulgar-charges-e-caricaturas-pesadas-de-ministros\/\",\"name\":\"Promotor de Santa Rita do Sapuca\u00ed \u00e9 suspenso por atacar STF e divulgar charges e caricaturas \u2018pesadas\u2019 de ministros - TVUAI\",\"isPartOf\":{\"@id\":\"https:\/\/www.tvuai.com.br\/portal\/#website\"},\"primaryImageOfPage\":{\"@id\":\"https:\/\/www.tvuai.com.br\/portal\/promotor-de-santa-rita-do-sapucai-e-suspenso-por-atacar-stf-e-divulgar-charges-e-caricaturas-pesadas-de-ministros\/#primaryimage\"},\"image\":{\"@id\":\"https:\/\/www.tvuai.com.br\/portal\/promotor-de-santa-rita-do-sapucai-e-suspenso-por-atacar-stf-e-divulgar-charges-e-caricaturas-pesadas-de-ministros\/#primaryimage\"},\"thumbnailUrl\":\"https:\/\/i0.wp.com\/www.tvuai.com.br\/portal\/wp-content\/uploads\/2022\/10\/promotor-SRS0.jpg?fit=200%2C200&ssl=1\",\"datePublished\":\"2022-10-26T17:34:31+00:00\",\"dateModified\":\"2022-11-18T22:15:24+00:00\",\"breadcrumb\":{\"@id\":\"https:\/\/www.tvuai.com.br\/portal\/promotor-de-santa-rita-do-sapucai-e-suspenso-por-atacar-stf-e-divulgar-charges-e-caricaturas-pesadas-de-ministros\/#breadcrumb\"},\"inLanguage\":\"pt-BR\",\"potentialAction\":[{\"@type\":\"ReadAction\",\"target\":[\"https:\/\/www.tvuai.com.br\/portal\/promotor-de-santa-rita-do-sapucai-e-suspenso-por-atacar-stf-e-divulgar-charges-e-caricaturas-pesadas-de-ministros\/\"]}]},{\"@type\":\"ImageObject\",\"inLanguage\":\"pt-BR\",\"@id\":\"https:\/\/www.tvuai.com.br\/portal\/promotor-de-santa-rita-do-sapucai-e-suspenso-por-atacar-stf-e-divulgar-charges-e-caricaturas-pesadas-de-ministros\/#primaryimage\",\"url\":\"https:\/\/i0.wp.com\/www.tvuai.com.br\/portal\/wp-content\/uploads\/2022\/10\/promotor-SRS0.jpg?fit=200%2C200&ssl=1\",\"contentUrl\":\"https:\/\/i0.wp.com\/www.tvuai.com.br\/portal\/wp-content\/uploads\/2022\/10\/promotor-SRS0.jpg?fit=200%2C200&ssl=1\",\"width\":200,\"height\":200},{\"@type\":\"BreadcrumbList\",\"@id\":\"https:\/\/www.tvuai.com.br\/portal\/promotor-de-santa-rita-do-sapucai-e-suspenso-por-atacar-stf-e-divulgar-charges-e-caricaturas-pesadas-de-ministros\/#breadcrumb\",\"itemListElement\":[{\"@type\":\"ListItem\",\"position\":1,\"name\":\"In\u00edcio\",\"item\":\"https:\/\/www.tvuai.com.br\/portal\/\"},{\"@type\":\"ListItem\",\"position\":2,\"name\":\"Promotor de Santa Rita do Sapuca\u00ed \u00e9 suspenso por atacar STF e divulgar charges e caricaturas \u2018pesadas\u2019 de ministros\"}]},{\"@type\":\"WebSite\",\"@id\":\"https:\/\/www.tvuai.com.br\/portal\/#website\",\"url\":\"https:\/\/www.tvuai.com.br\/portal\/\",\"name\":\"TVUAI\",\"description\":\"Tudo sobre o Sul de Minas\",\"publisher\":{\"@id\":\"https:\/\/www.tvuai.com.br\/portal\/#organization\"},\"potentialAction\":[{\"@type\":\"SearchAction\",\"target\":{\"@type\":\"EntryPoint\",\"urlTemplate\":\"https:\/\/www.tvuai.com.br\/portal\/?s={search_term_string}\"},\"query-input\":{\"@type\":\"PropertyValueSpecification\",\"valueRequired\":true,\"valueName\":\"search_term_string\"}}],\"inLanguage\":\"pt-BR\"},{\"@type\":\"Organization\",\"@id\":\"https:\/\/www.tvuai.com.br\/portal\/#organization\",\"name\":\"TVUAI\",\"url\":\"https:\/\/www.tvuai.com.br\/portal\/\",\"logo\":{\"@type\":\"ImageObject\",\"inLanguage\":\"pt-BR\",\"@id\":\"https:\/\/www.tvuai.com.br\/portal\/#\/schema\/logo\/image\/\",\"url\":\"https:\/\/i0.wp.com\/www.tvuai.com.br\/portal\/wp-content\/uploads\/2017\/12\/logo_tvuai_100H.png?fit=207%2C100&ssl=1\",\"contentUrl\":\"https:\/\/i0.wp.com\/www.tvuai.com.br\/portal\/wp-content\/uploads\/2017\/12\/logo_tvuai_100H.png?fit=207%2C100&ssl=1\",\"width\":207,\"height\":100,\"caption\":\"TVUAI\"},\"image\":{\"@id\":\"https:\/\/www.tvuai.com.br\/portal\/#\/schema\/logo\/image\/\"},\"sameAs\":[\"http:\/\/www.facebook.com\/pages\/TV-Uai-Comunica\u00e7\u00e3o\/139062546157369\",\"https:\/\/x.com\/tvuai\",\"https:\/\/www.instagram.com\/tvuai_network\/\",\"https:\/\/www.youtube.com\/channel\/UCB7ZPB3wRv-OpoZ_09jmnkQ\"]},{\"@type\":\"Person\",\"@id\":\"https:\/\/www.tvuai.com.br\/portal\/#\/schema\/person\/d1c5c2b1dc1e658906286802aad38555\",\"name\":\"Rosy Pantale\u00e3o\",\"sameAs\":[\"https:\/\/www.tvuai.com.br\/portal\/\",\"https:\/\/www.facebook.com\/tvuai\/\",\"https:\/\/www.instagram.com\/tvuai\",\"https:\/\/x.com\/tvuai\",\"https:\/\/www.youtube.com\/channel\/UCB7ZPB3wRv-OpoZ_09jmnkQ\",\"tvuai\"],\"url\":\"https:\/\/www.tvuai.com.br\/portal\/author\/rosy\/\"}]}<\/script>\n<!-- \/ Yoast SEO plugin. -->","yoast_head_json":{"title":"Promotor de Santa Rita do Sapuca\u00ed \u00e9 suspenso por atacar STF e divulgar charges e caricaturas \u2018pesadas\u2019 de ministros - TVUAI","robots":{"index":"index","follow":"follow","max-snippet":"max-snippet:-1","max-image-preview":"max-image-preview:large","max-video-preview":"max-video-preview:-1"},"canonical":"https:\/\/www.tvuai.com.br\/portal\/promotor-de-santa-rita-do-sapucai-e-suspenso-por-atacar-stf-e-divulgar-charges-e-caricaturas-pesadas-de-ministros\/","og_locale":"pt_BR","og_type":"article","og_title":"Promotor de Santa Rita do Sapuca\u00ed \u00e9 suspenso por atacar STF e divulgar charges e caricaturas \u2018pesadas\u2019 de ministros - TVUAI","og_description":"O Conselho Nacional do Minist\u00e9rio P\u00fablico (CNMP) decidiu suspender, por 30 dias, um promotor de Justi\u00e7a do Minist\u00e9rio P\u00fablico de Minas Gerais &#8211; lotado em Santa Rita do Sapuca\u00ed &#8211; que promoveu uma s\u00e9rie de ataques contra ministros do Supremo Tribunal Federal (STF), ex-presidentes da Rep\u00fablica e parlamentares nas redes sociais. Em publica\u00e7\u00f5es feitas entre [&hellip;]","og_url":"https:\/\/www.tvuai.com.br\/portal\/promotor-de-santa-rita-do-sapucai-e-suspenso-por-atacar-stf-e-divulgar-charges-e-caricaturas-pesadas-de-ministros\/","og_site_name":"TVUAI","article_publisher":"http:\/\/www.facebook.com\/pages\/TV-Uai-Comunica%c3%a7%c3%a3o\/139062546157369","article_author":"https:\/\/www.facebook.com\/tvuai\/","article_published_time":"2022-10-26T17:34:31+00:00","article_modified_time":"2022-11-18T22:15:24+00:00","og_image":[{"width":200,"height":200,"url":"https:\/\/i0.wp.com\/www.tvuai.com.br\/portal\/wp-content\/uploads\/2022\/10\/promotor-SRS0.jpg?fit=200%2C200&ssl=1","type":"image\/jpeg"}],"author":"Rosy Pantale\u00e3o","twitter_card":"summary_large_image","twitter_creator":"@tvuai","twitter_site":"@tvuai","twitter_misc":{"Escrito por":"Rosy Pantale\u00e3o","Est. tempo de leitura":"4 minutos"},"schema":{"@context":"https:\/\/schema.org","@graph":[{"@type":"Article","@id":"https:\/\/www.tvuai.com.br\/portal\/promotor-de-santa-rita-do-sapucai-e-suspenso-por-atacar-stf-e-divulgar-charges-e-caricaturas-pesadas-de-ministros\/#article","isPartOf":{"@id":"https:\/\/www.tvuai.com.br\/portal\/promotor-de-santa-rita-do-sapucai-e-suspenso-por-atacar-stf-e-divulgar-charges-e-caricaturas-pesadas-de-ministros\/"},"author":{"name":"Rosy Pantale\u00e3o","@id":"https:\/\/www.tvuai.com.br\/portal\/#\/schema\/person\/d1c5c2b1dc1e658906286802aad38555"},"headline":"Promotor de Santa Rita do Sapuca\u00ed \u00e9 suspenso por atacar STF e divulgar charges e caricaturas \u2018pesadas\u2019 de ministros","datePublished":"2022-10-26T17:34:31+00:00","dateModified":"2022-11-18T22:15:24+00:00","mainEntityOfPage":{"@id":"https:\/\/www.tvuai.com.br\/portal\/promotor-de-santa-rita-do-sapucai-e-suspenso-por-atacar-stf-e-divulgar-charges-e-caricaturas-pesadas-de-ministros\/"},"wordCount":789,"publisher":{"@id":"https:\/\/www.tvuai.com.br\/portal\/#organization"},"image":{"@id":"https:\/\/www.tvuai.com.br\/portal\/promotor-de-santa-rita-do-sapucai-e-suspenso-por-atacar-stf-e-divulgar-charges-e-caricaturas-pesadas-de-ministros\/#primaryimage"},"thumbnailUrl":"https:\/\/i0.wp.com\/www.tvuai.com.br\/portal\/wp-content\/uploads\/2022\/10\/promotor-SRS0.jpg?fit=200%2C200&ssl=1","keywords":["CNMP","Conselho Nacional do Minist\u00e9rio P\u00fablico","Francisco Eug\u00eanio Coutinho do Amaral","Minist\u00e9rio P\u00fablico de Minas Gerais","Pouso Alegre","promotor de Justi\u00e7a de Santa Rita do Sapuca\u00ed","Sul de Minas","TV Uai"],"articleSection":["Not\u00edcias"],"inLanguage":"pt-BR"},{"@type":"WebPage","@id":"https:\/\/www.tvuai.com.br\/portal\/promotor-de-santa-rita-do-sapucai-e-suspenso-por-atacar-stf-e-divulgar-charges-e-caricaturas-pesadas-de-ministros\/","url":"https:\/\/www.tvuai.com.br\/portal\/promotor-de-santa-rita-do-sapucai-e-suspenso-por-atacar-stf-e-divulgar-charges-e-caricaturas-pesadas-de-ministros\/","name":"Promotor de Santa Rita do Sapuca\u00ed \u00e9 suspenso por atacar STF e divulgar charges e caricaturas \u2018pesadas\u2019 de ministros - TVUAI","isPartOf":{"@id":"https:\/\/www.tvuai.com.br\/portal\/#website"},"primaryImageOfPage":{"@id":"https:\/\/www.tvuai.com.br\/portal\/promotor-de-santa-rita-do-sapucai-e-suspenso-por-atacar-stf-e-divulgar-charges-e-caricaturas-pesadas-de-ministros\/#primaryimage"},"image":{"@id":"https:\/\/www.tvuai.com.br\/portal\/promotor-de-santa-rita-do-sapucai-e-suspenso-por-atacar-stf-e-divulgar-charges-e-caricaturas-pesadas-de-ministros\/#primaryimage"},"thumbnailUrl":"https:\/\/i0.wp.com\/www.tvuai.com.br\/portal\/wp-content\/uploads\/2022\/10\/promotor-SRS0.jpg?fit=200%2C200&ssl=1","datePublished":"2022-10-26T17:34:31+00:00","dateModified":"2022-11-18T22:15:24+00:00","breadcrumb":{"@id":"https:\/\/www.tvuai.com.br\/portal\/promotor-de-santa-rita-do-sapucai-e-suspenso-por-atacar-stf-e-divulgar-charges-e-caricaturas-pesadas-de-ministros\/#breadcrumb"},"inLanguage":"pt-BR","potentialAction":[{"@type":"ReadAction","target":["https:\/\/www.tvuai.com.br\/portal\/promotor-de-santa-rita-do-sapucai-e-suspenso-por-atacar-stf-e-divulgar-charges-e-caricaturas-pesadas-de-ministros\/"]}]},{"@type":"ImageObject","inLanguage":"pt-BR","@id":"https:\/\/www.tvuai.com.br\/portal\/promotor-de-santa-rita-do-sapucai-e-suspenso-por-atacar-stf-e-divulgar-charges-e-caricaturas-pesadas-de-ministros\/#primaryimage","url":"https:\/\/i0.wp.com\/www.tvuai.com.br\/portal\/wp-content\/uploads\/2022\/10\/promotor-SRS0.jpg?fit=200%2C200&ssl=1","contentUrl":"https:\/\/i0.wp.com\/www.tvuai.com.br\/portal\/wp-content\/uploads\/2022\/10\/promotor-SRS0.jpg?fit=200%2C200&ssl=1","width":200,"height":200},{"@type":"BreadcrumbList","@id":"https:\/\/www.tvuai.com.br\/portal\/promotor-de-santa-rita-do-sapucai-e-suspenso-por-atacar-stf-e-divulgar-charges-e-caricaturas-pesadas-de-ministros\/#breadcrumb","itemListElement":[{"@type":"ListItem","position":1,"name":"In\u00edcio","item":"https:\/\/www.tvuai.com.br\/portal\/"},{"@type":"ListItem","position":2,"name":"Promotor de Santa Rita do Sapuca\u00ed \u00e9 suspenso por atacar STF e divulgar charges e caricaturas \u2018pesadas\u2019 de ministros"}]},{"@type":"WebSite","@id":"https:\/\/www.tvuai.com.br\/portal\/#website","url":"https:\/\/www.tvuai.com.br\/portal\/","name":"TVUAI","description":"Tudo sobre o Sul de Minas","publisher":{"@id":"https:\/\/www.tvuai.com.br\/portal\/#organization"},"potentialAction":[{"@type":"SearchAction","target":{"@type":"EntryPoint","urlTemplate":"https:\/\/www.tvuai.com.br\/portal\/?s={search_term_string}"},"query-input":{"@type":"PropertyValueSpecification","valueRequired":true,"valueName":"search_term_string"}}],"inLanguage":"pt-BR"},{"@type":"Organization","@id":"https:\/\/www.tvuai.com.br\/portal\/#organization","name":"TVUAI","url":"https:\/\/www.tvuai.com.br\/portal\/","logo":{"@type":"ImageObject","inLanguage":"pt-BR","@id":"https:\/\/www.tvuai.com.br\/portal\/#\/schema\/logo\/image\/","url":"https:\/\/i0.wp.com\/www.tvuai.com.br\/portal\/wp-content\/uploads\/2017\/12\/logo_tvuai_100H.png?fit=207%2C100&ssl=1","contentUrl":"https:\/\/i0.wp.com\/www.tvuai.com.br\/portal\/wp-content\/uploads\/2017\/12\/logo_tvuai_100H.png?fit=207%2C100&ssl=1","width":207,"height":100,"caption":"TVUAI"},"image":{"@id":"https:\/\/www.tvuai.com.br\/portal\/#\/schema\/logo\/image\/"},"sameAs":["http:\/\/www.facebook.com\/pages\/TV-Uai-Comunica\u00e7\u00e3o\/139062546157369","https:\/\/x.com\/tvuai","https:\/\/www.instagram.com\/tvuai_network\/","https:\/\/www.youtube.com\/channel\/UCB7ZPB3wRv-OpoZ_09jmnkQ"]},{"@type":"Person","@id":"https:\/\/www.tvuai.com.br\/portal\/#\/schema\/person\/d1c5c2b1dc1e658906286802aad38555","name":"Rosy Pantale\u00e3o","sameAs":["https:\/\/www.tvuai.com.br\/portal\/","https:\/\/www.facebook.com\/tvuai\/","https:\/\/www.instagram.com\/tvuai","https:\/\/x.com\/tvuai","https:\/\/www.youtube.com\/channel\/UCB7ZPB3wRv-OpoZ_09jmnkQ","tvuai"],"url":"https:\/\/www.tvuai.com.br\/portal\/author\/rosy\/"}]}},"jetpack_featured_media_url":"https:\/\/i0.wp.com\/www.tvuai.com.br\/portal\/wp-content\/uploads\/2022\/10\/promotor-SRS0.jpg?fit=200%2C200&ssl=1","wpmagazine_modules_lite_featured_media_urls":{"thumbnail":["https:\/\/i0.wp.com\/www.tvuai.com.br\/portal\/wp-content\/uploads\/2022\/10\/promotor-SRS0.jpg?resize=150%2C150&ssl=1",150,150,true],"cvmm-medium":["https:\/\/i0.wp.com\/www.tvuai.com.br\/portal\/wp-content\/uploads\/2022\/10\/promotor-SRS0.jpg?resize=200%2C200&ssl=1",200,200,true],"cvmm-medium-plus":["https:\/\/i0.wp.com\/www.tvuai.com.br\/portal\/wp-content\/uploads\/2022\/10\/promotor-SRS0.jpg?resize=200%2C200&ssl=1",200,200,true],"cvmm-portrait":["https:\/\/i0.wp.com\/www.tvuai.com.br\/portal\/wp-content\/uploads\/2022\/10\/promotor-SRS0.jpg?resize=200%2C200&ssl=1",200,200,true],"cvmm-medium-square":["https:\/\/i0.wp.com\/www.tvuai.com.br\/portal\/wp-content\/uploads\/2022\/10\/promotor-SRS0.jpg?resize=200%2C200&ssl=1",200,200,true],"cvmm-large":["https:\/\/i0.wp.com\/www.tvuai.com.br\/portal\/wp-content\/uploads\/2022\/10\/promotor-SRS0.jpg?resize=200%2C200&ssl=1",200,200,true],"cvmm-small":["https:\/\/i0.wp.com\/www.tvuai.com.br\/portal\/wp-content\/uploads\/2022\/10\/promotor-SRS0.jpg?resize=130%2C95&ssl=1",130,95,true],"full":["https:\/\/i0.wp.com\/www.tvuai.com.br\/portal\/wp-content\/uploads\/2022\/10\/promotor-SRS0.jpg?fit=200%2C200&ssl=1",200,200,false]},"categories_names":{"19":{"name":"Not\u00edcias","link":"https:\/\/www.tvuai.com.br\/portal\/category\/noticias\/"}},"tags_names":{"1259":{"name":"CNMP","link":"https:\/\/www.tvuai.com.br\/portal\/tag\/cnmp\/"},"945":{"name":"Conselho Nacional do Minist\u00e9rio P\u00fablico","link":"https:\/\/www.tvuai.com.br\/portal\/tag\/conselho-nacional-do-ministerio-publico\/"},"1260":{"name":"Francisco Eug\u00eanio Coutinho do Amaral","link":"https:\/\/www.tvuai.com.br\/portal\/tag\/francisco-eugenio-coutinho-do-amaral\/"},"1014":{"name":"Minist\u00e9rio P\u00fablico de Minas Gerais","link":"https:\/\/www.tvuai.com.br\/portal\/tag\/ministerio-publico-de-minas-gerais\/"},"37":{"name":"Pouso Alegre","link":"https:\/\/www.tvuai.com.br\/portal\/tag\/pouso-alegre\/"},"1261":{"name":"promotor de Justi\u00e7a de Santa Rita do Sapuca\u00ed","link":"https:\/\/www.tvuai.com.br\/portal\/tag\/promotor-de-justica-de-santa-rita-do-sapucai\/"},"39":{"name":"Sul de Minas","link":"https:\/\/www.tvuai.com.br\/portal\/tag\/sul-de-minas\/"},"27":{"name":"TV Uai","link":"https:\/\/www.tvuai.com.br\/portal\/tag\/tv-uai\/"}},"comments_number":"0","jetpack_shortlink":"https:\/\/wp.me\/p9woix-1jT","jetpack_sharing_enabled":true,"_links":{"self":[{"href":"https:\/\/www.tvuai.com.br\/portal\/wp-json\/wp\/v2\/posts\/5077"}],"collection":[{"href":"https:\/\/www.tvuai.com.br\/portal\/wp-json\/wp\/v2\/posts"}],"about":[{"href":"https:\/\/www.tvuai.com.br\/portal\/wp-json\/wp\/v2\/types\/post"}],"author":[{"embeddable":true,"href":"https:\/\/www.tvuai.com.br\/portal\/wp-json\/wp\/v2\/users\/2"}],"replies":[{"embeddable":true,"href":"https:\/\/www.tvuai.com.br\/portal\/wp-json\/wp\/v2\/comments?post=5077"}],"version-history":[{"count":7,"href":"https:\/\/www.tvuai.com.br\/portal\/wp-json\/wp\/v2\/posts\/5077\/revisions"}],"predecessor-version":[{"id":5087,"href":"https:\/\/www.tvuai.com.br\/portal\/wp-json\/wp\/v2\/posts\/5077\/revisions\/5087"}],"wp:featuredmedia":[{"embeddable":true,"href":"https:\/\/www.tvuai.com.br\/portal\/wp-json\/wp\/v2\/media\/5082"}],"wp:attachment":[{"href":"https:\/\/www.tvuai.com.br\/portal\/wp-json\/wp\/v2\/media?parent=5077"}],"wp:term":[{"taxonomy":"category","embeddable":true,"href":"https:\/\/www.tvuai.com.br\/portal\/wp-json\/wp\/v2\/categories?post=5077"},{"taxonomy":"post_tag","embeddable":true,"href":"https:\/\/www.tvuai.com.br\/portal\/wp-json\/wp\/v2\/tags?post=5077"}],"curies":[{"name":"wp","href":"https:\/\/api.w.org\/{rel}","templated":true}]}}