{"id":5010,"date":"2022-10-11T08:14:16","date_gmt":"2022-10-11T11:14:16","guid":{"rendered":"https:\/\/www.tvuai.com.br\/portal\/?p=5010"},"modified":"2022-11-18T19:18:06","modified_gmt":"2022-11-18T22:18:06","slug":"pequenos-pecuaristas-do-sul-de-minas-investem-na-fertilizacao-in-vitro-para-melhoria-do-rebanho","status":"publish","type":"post","link":"https:\/\/www.tvuai.com.br\/portal\/pequenos-pecuaristas-do-sul-de-minas-investem-na-fertilizacao-in-vitro-para-melhoria-do-rebanho\/","title":{"rendered":"Pequenos pecuaristas do Sul de Minas investem na fertiliza\u00e7\u00e3o in vitro para melhoria do rebanho"},"content":{"rendered":"<div class=\"5a1038e0903b96d426fcfcc338703013\" data-index=\"1\" style=\"float: right; margin:10px 0 10px 10px;\">\n<script async src=\"https:\/\/pagead2.googlesyndication.com\/pagead\/js\/adsbygoogle.js?client=ca-pub-9945944833605257\"\r\n     crossorigin=\"anonymous\"><\/script>\r\n<ins class=\"adsbygoogle\"\r\n     style=\"display:block; text-align:center;\"\r\n     data-ad-layout=\"in-article\"\r\n     data-ad-format=\"fluid\"\r\n     data-ad-client=\"ca-pub-9945944833605257\"\r\n     data-ad-slot=\"2343923581\"><\/ins>\r\n<script>\r\n     (adsbygoogle = window.adsbygoogle || []).push({});\r\n<\/script>\n<\/div>\n<h5 style=\"text-align: center\"><em><strong><img data-recalc-dims=\"1\" fetchpriority=\"high\" decoding=\"async\" data-attachment-id=\"5012\" data-permalink=\"https:\/\/www.tvuai.com.br\/portal\/pequenos-pecuaristas-do-sul-de-minas-investem-na-fertilizacao-in-vitro-para-melhoria-do-rebanho\/pecuaristas\/\" data-orig-file=\"https:\/\/i0.wp.com\/www.tvuai.com.br\/portal\/wp-content\/uploads\/2022\/10\/pecuaristas.jpg?fit=600%2C518&amp;ssl=1\" data-orig-size=\"600,518\" data-comments-opened=\"0\" data-image-meta=\"{&quot;aperture&quot;:&quot;0&quot;,&quot;credit&quot;:&quot;&quot;,&quot;camera&quot;:&quot;&quot;,&quot;caption&quot;:&quot;&quot;,&quot;created_timestamp&quot;:&quot;0&quot;,&quot;copyright&quot;:&quot;&quot;,&quot;focal_length&quot;:&quot;0&quot;,&quot;iso&quot;:&quot;0&quot;,&quot;shutter_speed&quot;:&quot;0&quot;,&quot;title&quot;:&quot;&quot;,&quot;orientation&quot;:&quot;0&quot;}\" data-image-title=\"pecuaristas\" data-image-description=\"\" data-image-caption=\"\" data-medium-file=\"https:\/\/i0.wp.com\/www.tvuai.com.br\/portal\/wp-content\/uploads\/2022\/10\/pecuaristas.jpg?fit=300%2C259&amp;ssl=1\" data-large-file=\"https:\/\/i0.wp.com\/www.tvuai.com.br\/portal\/wp-content\/uploads\/2022\/10\/pecuaristas.jpg?fit=600%2C518&amp;ssl=1\" tabindex=\"0\" role=\"button\" class=\"aligncenter size-full wp-image-5012\" src=\"https:\/\/i0.wp.com\/www.tvuai.com.br\/portal\/wp-content\/uploads\/2022\/10\/pecuaristas.jpg?resize=600%2C518&#038;ssl=1\" alt=\"\" width=\"600\" height=\"518\" srcset=\"https:\/\/i0.wp.com\/www.tvuai.com.br\/portal\/wp-content\/uploads\/2022\/10\/pecuaristas.jpg?w=600&amp;ssl=1 600w, https:\/\/i0.wp.com\/www.tvuai.com.br\/portal\/wp-content\/uploads\/2022\/10\/pecuaristas.jpg?resize=300%2C259&amp;ssl=1 300w\" sizes=\"(max-width: 600px) 100vw, 600px\" \/>Emater-MG \u00e9 parceira do projeto para melhoria produtividade leiteira<\/strong><\/em><\/h5>\n<p>Um projeto para melhoria gen\u00e9tica do rebanho bovino, com o uso de tecnologia de ponta, est\u00e1 beneficiando pequenos produtores do Sul de Minas. Desde 2020, est\u00e1 em execu\u00e7\u00e3o um trabalho de fertiliza\u00e7\u00e3o in vitro e transfer\u00eancia de embri\u00f5es bovinos, com o objetivo de melhorar a produtividade dos animais voltados para a produ\u00e7\u00e3o de leite, em cinco munic\u00edpios da regi\u00e3o. A ideia \u00e9 levar aos pecuaristas familiares as mesmas t\u00e9cnicas geralmente dispon\u00edveis apenas em m\u00e9dias e grandes propriedades.<\/p>\n<p>At\u00e9 o final deste ano, dever\u00e3o ser feitas cerca de 550 transfer\u00eancias de embri\u00f5es provenientes da fertiliza\u00e7\u00e3o in vitro em rebanhos dos munic\u00edpios de Santa Rita de Caldas, Ipui\u00fana, Caldas, Ibiti\u00fara de Minas e Senador Jos\u00e9 Bento.<\/p>\n<p>O trabalho \u00e9 financiado, principalmente, pelo programa Sebraetec FIV, mas conta tamb\u00e9m com recursos dos produtores atendidos. A Empresa da Assist\u00eancia T\u00e9cnica e Extens\u00e3o Rural de Minas Gerais (Emater-MG) \u00e9 respons\u00e1vel pela mobiliza\u00e7\u00e3o dos pecuaristas beneficiados, incluindo o cadastramento e organiza\u00e7\u00e3o da documenta\u00e7\u00e3o para a assinatura de contratos. A Associa\u00e7\u00e3o de Produtores de Leite de Santa Rita de Caldas e Regi\u00e3o (Aprol) tamb\u00e9m \u00e9 parceira na iniciativa.<\/p>\n<p>\u201cA regi\u00e3o possui muitos produtores de leite. A necessidade era fornecer animais com gen\u00e9tica superior, aumentando a produtividade de leite no rebanho destes produtores, que muitas vezes n\u00e3o possuem animais de gen\u00e9tica superior em suas propriedades\u201d, explica o t\u00e9cnico da Emater-MG no munic\u00edpio de Santa Rita de Caldas, Rodrigo Beck J\u00fanior.<\/p>\n<p>A t\u00e9cnica da fertiliza\u00e7\u00e3o in vitro consiste na fecunda\u00e7\u00e3o dos o\u00f3citos colhidos de vacas doadoras pr\u00e9-selecionadas. Esta fecunda\u00e7\u00e3o \u00e9 feita em laborat\u00f3rio, utilizando s\u00eamen de touros provados, com padr\u00e3o gen\u00e9tico superior. Ao concluir o cultivo in vitro, os embri\u00f5es s\u00e3o transferidos para as vacas receptoras, respons\u00e1veis pela gesta\u00e7\u00e3o.<\/p>\n<p>No caso do programa nos cinco munic\u00edpios do Sul de Minas, as vacas doadoras dos o\u00f3citos s\u00e3o das ra\u00e7as Gir, Girolando ou Holandesa, dependendo da escolha do produtor. Todas com boa lacta\u00e7\u00e3o aferida. J\u00e1 as receptoras, s\u00e3o animais do rebanho dos pequenos produtores beneficiados. A taxa de prenhez est\u00e1 entre 33 a 40%, considerada dentro da m\u00e9dia para a t\u00e9cnica.<\/p>\n<p>\u201cOs primeiros animais nasceram entre maio e julho de 2021. Algumas novilhas j\u00e1 est\u00e3o prenhas e outras ser\u00e3o inseminadas at\u00e9 o fim deste ano. Ou seja, em 2023 teremos as primeiras novilhas em lacta\u00e7\u00e3o deste programa\u201d, afirma Rodrigo Beck.<\/p>\n<p style=\"text-align: center\"><strong>\u201cS\u00f3 tinha visto na televis\u00e3o\u201d<\/strong><\/p>\n<p>O produtor Eliton Silva tem um s\u00edtio em Santa Rita de Caldas, onde cria um rebanho de 80 cabe\u00e7as. Ela j\u00e1 tem 13 novilhas que nasceram pela t\u00e9cnica de fertiliza\u00e7\u00e3o in vitro e mais 22 vacas prenhas que receberam embri\u00f5es nos \u00faltimos meses.<\/p>\n<p>\u201cEu s\u00f3 tinha visto esta t\u00e9cnica na televis\u00e3o. Nunca achei que um pequeno produtor teria condi\u00e7\u00e3o de fazer isso. Sempre tive o sonho de ter vacas Girolando meio-sangue. \u00c9 dif\u00edcil ter uma Girolando boa, mas com a fertiliza\u00e7\u00e3o in vitro, \u00e9 100% confi\u00e1vel\u201d, diz o pecuarista.<\/p>\n<p>\u201cA expectativa \u00e9 que estas novilhas aumentem a produ\u00e7\u00e3o e produtividade de leite do produtor, trazendo mais renda, agregando valoriza\u00e7\u00e3o ao seu rebanho. Al\u00e9m disso, com animais mais eficientes e produtivos, o produtor necessita de menos animais na propriedade e de menores \u00e1reas de produ\u00e7\u00e3o de forragens, reduzindo o impacto ambiental\u201d, explica Rodrigo Beck J\u00fanior.<\/p>\n<p>O custo de cada embri\u00e3o est\u00e1 em torno de R$ 605,00. O Sebrae paga 70% do valor e o restante \u00e9 por conta do produtor. O trabalho de coleta dos o\u00f3citos e de transfer\u00eancia dos embri\u00f5es \u00e9 feito por um veterin\u00e1rio. E a fecunda\u00e7\u00e3o in vitro \u00e9 realizada em um laborat\u00f3rio da regi\u00e3o, credenciado pelo Minist\u00e9rio da Agricultura.<\/p>\n<p style=\"text-align: center\"><strong>Pr\u00eamio MelhorInova\u00e7\u00e3o<\/strong><\/p>\n<p>O trabalho de mobiliza\u00e7\u00e3o e cadastramento dos produtores feito pela Emater-MG dentro do projeto Sebraetec FIV, em Santa Rita de Caldas e munic\u00edpios vizinhos, foi um dos vencedores regionais do Pr\u00eamio MelhorInova\u00e7\u00e3o 2021, promovido pela empresa.<\/p>\n<p>O concurso tem o objetivo de destacar as melhores iniciativas que valorizem profissionais e clientes da Emater-MG.<\/p>\n<h6 style=\"text-align: right\"><em><strong>Com informa\u00e7\u00f5es de Marcelo Varella &#8211; Ascom\/Emater-MG<\/strong><\/em><\/h6>\n\n<div style=\"font-size: 0px; height: 0px; line-height: 0px; margin: 0; padding: 0; clear: both;\"><\/div><div class='share-to-whatsapp-wrapper'><div class='share-on-whsp'>Share on: <\/div><a data-text='Pequenos pecuaristas do Sul de Minas investem na fertiliza\u00e7\u00e3o in vitro para melhoria do rebanho' data-link='https:\/\/www.tvuai.com.br\/portal\/pequenos-pecuaristas-do-sul-de-minas-investem-na-fertilizacao-in-vitro-para-melhoria-do-rebanho\/' class='whatsapp-button whatsapp-share'>WhatsApp<\/a><div class='clear '><\/div><\/div><!-- AddThis Advanced Settings generic via filter on the_content --><!-- AddThis Share Buttons generic via filter on the_content -->","protected":false},"excerpt":{"rendered":"<p>Emater-MG \u00e9 parceira do projeto para melhoria produtividade leiteira Um projeto para melhoria gen\u00e9tica do rebanho bovino, com o uso de tecnologia de ponta, est\u00e1 beneficiando pequenos produtores do Sul de Minas. Desde 2020, est\u00e1 em execu\u00e7\u00e3o um trabalho de fertiliza\u00e7\u00e3o in vitro e transfer\u00eancia de embri\u00f5es bovinos, com o objetivo de melhorar a produtividade [&hellip;]<!-- AddThis Advanced Settings generic via filter on get_the_excerpt --><!-- AddThis Share Buttons generic via filter on get_the_excerpt --><\/p>\n","protected":false},"author":2,"featured_media":5013,"comment_status":"closed","ping_status":"closed","sticky":false,"template":"","format":"standard","meta":{"jetpack_post_was_ever_published":false,"_jetpack_newsletter_access":"","_jetpack_dont_email_post_to_subs":false,"_jetpack_newsletter_tier_id":0,"_jetpack_memberships_contains_paywalled_content":false,"_jetpack_memberships_contains_paid_content":false,"_joinchat":[],"footnotes":"","jetpack_publicize_message":"","jetpack_publicize_feature_enabled":true,"jetpack_social_post_already_shared":true,"jetpack_social_options":{"image_generator_settings":{"template":"highway","enabled":false},"version":2}},"categories":[19],"tags":[1227,230,264,1224,1228,313,37,1226,603,1225,1229,39,27],"class_list":["post-5010","post","type-post","status-publish","format-standard","has-post-thumbnail","hentry","category-noticias","tag-aprol","tag-caldas","tag-emater-mg","tag-fertilizacao-in-vitro","tag-ibitiura-de-minas","tag-ipuiuna","tag-pouso-alegre","tag-premio-melhorinovacao","tag-santa-rita-de-caldas","tag-sebraetec-fiv","tag-senador-jose-bento","tag-sul-de-minas","tag-tv-uai"],"jetpack_publicize_connections":[],"yoast_head":"<!-- This site is optimized with the Yoast SEO plugin v23.5 - https:\/\/yoast.com\/wordpress\/plugins\/seo\/ -->\n<title>Pequenos pecuaristas do Sul de Minas investem na fertiliza\u00e7\u00e3o in vitro para melhoria do rebanho - TVUAI<\/title>\n<meta name=\"robots\" content=\"index, follow, max-snippet:-1, max-image-preview:large, max-video-preview:-1\" \/>\n<link rel=\"canonical\" href=\"https:\/\/www.tvuai.com.br\/portal\/pequenos-pecuaristas-do-sul-de-minas-investem-na-fertilizacao-in-vitro-para-melhoria-do-rebanho\/\" \/>\n<meta property=\"og:locale\" content=\"pt_BR\" \/>\n<meta property=\"og:type\" content=\"article\" \/>\n<meta property=\"og:title\" content=\"Pequenos pecuaristas do Sul de Minas investem na fertiliza\u00e7\u00e3o in vitro para melhoria do rebanho - TVUAI\" \/>\n<meta property=\"og:description\" content=\"Emater-MG \u00e9 parceira do projeto para melhoria produtividade leiteira Um projeto para melhoria gen\u00e9tica do rebanho bovino, com o uso de tecnologia de ponta, est\u00e1 beneficiando pequenos produtores do Sul de Minas. Desde 2020, est\u00e1 em execu\u00e7\u00e3o um trabalho de fertiliza\u00e7\u00e3o in vitro e transfer\u00eancia de embri\u00f5es bovinos, com o objetivo de melhorar a produtividade [&hellip;]\" \/>\n<meta property=\"og:url\" content=\"https:\/\/www.tvuai.com.br\/portal\/pequenos-pecuaristas-do-sul-de-minas-investem-na-fertilizacao-in-vitro-para-melhoria-do-rebanho\/\" \/>\n<meta property=\"og:site_name\" content=\"TVUAI\" \/>\n<meta property=\"article:publisher\" content=\"http:\/\/www.facebook.com\/pages\/TV-Uai-Comunica%c3%a7%c3%a3o\/139062546157369\" \/>\n<meta property=\"article:author\" content=\"https:\/\/www.facebook.com\/tvuai\/\" \/>\n<meta property=\"article:published_time\" content=\"2022-10-11T11:14:16+00:00\" \/>\n<meta property=\"article:modified_time\" content=\"2022-11-18T22:18:06+00:00\" \/>\n<meta property=\"og:image\" content=\"https:\/\/i0.wp.com\/www.tvuai.com.br\/portal\/wp-content\/uploads\/2022\/10\/pecuaristas0.jpg?fit=200%2C200&ssl=1\" \/>\n\t<meta property=\"og:image:width\" content=\"200\" \/>\n\t<meta property=\"og:image:height\" content=\"200\" \/>\n\t<meta property=\"og:image:type\" content=\"image\/jpeg\" \/>\n<meta name=\"author\" content=\"Rosy Pantale\u00e3o\" \/>\n<meta name=\"twitter:card\" content=\"summary_large_image\" \/>\n<meta name=\"twitter:creator\" content=\"@tvuai\" \/>\n<meta name=\"twitter:site\" content=\"@tvuai\" \/>\n<meta name=\"twitter:label1\" content=\"Escrito por\" \/>\n\t<meta name=\"twitter:data1\" content=\"Rosy Pantale\u00e3o\" \/>\n\t<meta name=\"twitter:label2\" content=\"Est. tempo de leitura\" \/>\n\t<meta name=\"twitter:data2\" content=\"4 minutos\" \/>\n<script type=\"application\/ld+json\" class=\"yoast-schema-graph\">{\"@context\":\"https:\/\/schema.org\",\"@graph\":[{\"@type\":\"Article\",\"@id\":\"https:\/\/www.tvuai.com.br\/portal\/pequenos-pecuaristas-do-sul-de-minas-investem-na-fertilizacao-in-vitro-para-melhoria-do-rebanho\/#article\",\"isPartOf\":{\"@id\":\"https:\/\/www.tvuai.com.br\/portal\/pequenos-pecuaristas-do-sul-de-minas-investem-na-fertilizacao-in-vitro-para-melhoria-do-rebanho\/\"},\"author\":{\"name\":\"Rosy Pantale\u00e3o\",\"@id\":\"https:\/\/www.tvuai.com.br\/portal\/#\/schema\/person\/d1c5c2b1dc1e658906286802aad38555\"},\"headline\":\"Pequenos pecuaristas do Sul de Minas investem na fertiliza\u00e7\u00e3o in vitro para melhoria do rebanho\",\"datePublished\":\"2022-10-11T11:14:16+00:00\",\"dateModified\":\"2022-11-18T22:18:06+00:00\",\"mainEntityOfPage\":{\"@id\":\"https:\/\/www.tvuai.com.br\/portal\/pequenos-pecuaristas-do-sul-de-minas-investem-na-fertilizacao-in-vitro-para-melhoria-do-rebanho\/\"},\"wordCount\":743,\"publisher\":{\"@id\":\"https:\/\/www.tvuai.com.br\/portal\/#organization\"},\"image\":{\"@id\":\"https:\/\/www.tvuai.com.br\/portal\/pequenos-pecuaristas-do-sul-de-minas-investem-na-fertilizacao-in-vitro-para-melhoria-do-rebanho\/#primaryimage\"},\"thumbnailUrl\":\"https:\/\/i0.wp.com\/www.tvuai.com.br\/portal\/wp-content\/uploads\/2022\/10\/pecuaristas0.jpg?fit=200%2C200&ssl=1\",\"keywords\":[\"Aprol\",\"Caldas\",\"Emater-MG\",\"fertiliza\u00e7\u00e3o in vitro\",\"Ibiti\u00fara de Minas\",\"Ipuiuna\",\"Pouso Alegre\",\"Pr\u00eamio MelhorInova\u00e7\u00e3o\",\"Santa Rita de Caldas\",\"Sebraetec FIV\",\"Senador Jos\u00e9 Bento\",\"Sul de Minas\",\"TV Uai\"],\"articleSection\":[\"Not\u00edcias\"],\"inLanguage\":\"pt-BR\"},{\"@type\":\"WebPage\",\"@id\":\"https:\/\/www.tvuai.com.br\/portal\/pequenos-pecuaristas-do-sul-de-minas-investem-na-fertilizacao-in-vitro-para-melhoria-do-rebanho\/\",\"url\":\"https:\/\/www.tvuai.com.br\/portal\/pequenos-pecuaristas-do-sul-de-minas-investem-na-fertilizacao-in-vitro-para-melhoria-do-rebanho\/\",\"name\":\"Pequenos pecuaristas do Sul de Minas investem na fertiliza\u00e7\u00e3o in vitro para melhoria do rebanho - TVUAI\",\"isPartOf\":{\"@id\":\"https:\/\/www.tvuai.com.br\/portal\/#website\"},\"primaryImageOfPage\":{\"@id\":\"https:\/\/www.tvuai.com.br\/portal\/pequenos-pecuaristas-do-sul-de-minas-investem-na-fertilizacao-in-vitro-para-melhoria-do-rebanho\/#primaryimage\"},\"image\":{\"@id\":\"https:\/\/www.tvuai.com.br\/portal\/pequenos-pecuaristas-do-sul-de-minas-investem-na-fertilizacao-in-vitro-para-melhoria-do-rebanho\/#primaryimage\"},\"thumbnailUrl\":\"https:\/\/i0.wp.com\/www.tvuai.com.br\/portal\/wp-content\/uploads\/2022\/10\/pecuaristas0.jpg?fit=200%2C200&ssl=1\",\"datePublished\":\"2022-10-11T11:14:16+00:00\",\"dateModified\":\"2022-11-18T22:18:06+00:00\",\"breadcrumb\":{\"@id\":\"https:\/\/www.tvuai.com.br\/portal\/pequenos-pecuaristas-do-sul-de-minas-investem-na-fertilizacao-in-vitro-para-melhoria-do-rebanho\/#breadcrumb\"},\"inLanguage\":\"pt-BR\",\"potentialAction\":[{\"@type\":\"ReadAction\",\"target\":[\"https:\/\/www.tvuai.com.br\/portal\/pequenos-pecuaristas-do-sul-de-minas-investem-na-fertilizacao-in-vitro-para-melhoria-do-rebanho\/\"]}]},{\"@type\":\"ImageObject\",\"inLanguage\":\"pt-BR\",\"@id\":\"https:\/\/www.tvuai.com.br\/portal\/pequenos-pecuaristas-do-sul-de-minas-investem-na-fertilizacao-in-vitro-para-melhoria-do-rebanho\/#primaryimage\",\"url\":\"https:\/\/i0.wp.com\/www.tvuai.com.br\/portal\/wp-content\/uploads\/2022\/10\/pecuaristas0.jpg?fit=200%2C200&ssl=1\",\"contentUrl\":\"https:\/\/i0.wp.com\/www.tvuai.com.br\/portal\/wp-content\/uploads\/2022\/10\/pecuaristas0.jpg?fit=200%2C200&ssl=1\",\"width\":200,\"height\":200},{\"@type\":\"BreadcrumbList\",\"@id\":\"https:\/\/www.tvuai.com.br\/portal\/pequenos-pecuaristas-do-sul-de-minas-investem-na-fertilizacao-in-vitro-para-melhoria-do-rebanho\/#breadcrumb\",\"itemListElement\":[{\"@type\":\"ListItem\",\"position\":1,\"name\":\"In\u00edcio\",\"item\":\"https:\/\/www.tvuai.com.br\/portal\/\"},{\"@type\":\"ListItem\",\"position\":2,\"name\":\"Pequenos pecuaristas do Sul de Minas investem na fertiliza\u00e7\u00e3o in vitro para melhoria do rebanho\"}]},{\"@type\":\"WebSite\",\"@id\":\"https:\/\/www.tvuai.com.br\/portal\/#website\",\"url\":\"https:\/\/www.tvuai.com.br\/portal\/\",\"name\":\"TVUAI\",\"description\":\"Tudo sobre o Sul de Minas\",\"publisher\":{\"@id\":\"https:\/\/www.tvuai.com.br\/portal\/#organization\"},\"potentialAction\":[{\"@type\":\"SearchAction\",\"target\":{\"@type\":\"EntryPoint\",\"urlTemplate\":\"https:\/\/www.tvuai.com.br\/portal\/?s={search_term_string}\"},\"query-input\":{\"@type\":\"PropertyValueSpecification\",\"valueRequired\":true,\"valueName\":\"search_term_string\"}}],\"inLanguage\":\"pt-BR\"},{\"@type\":\"Organization\",\"@id\":\"https:\/\/www.tvuai.com.br\/portal\/#organization\",\"name\":\"TVUAI\",\"url\":\"https:\/\/www.tvuai.com.br\/portal\/\",\"logo\":{\"@type\":\"ImageObject\",\"inLanguage\":\"pt-BR\",\"@id\":\"https:\/\/www.tvuai.com.br\/portal\/#\/schema\/logo\/image\/\",\"url\":\"https:\/\/i0.wp.com\/www.tvuai.com.br\/portal\/wp-content\/uploads\/2017\/12\/logo_tvuai_100H.png?fit=207%2C100&ssl=1\",\"contentUrl\":\"https:\/\/i0.wp.com\/www.tvuai.com.br\/portal\/wp-content\/uploads\/2017\/12\/logo_tvuai_100H.png?fit=207%2C100&ssl=1\",\"width\":207,\"height\":100,\"caption\":\"TVUAI\"},\"image\":{\"@id\":\"https:\/\/www.tvuai.com.br\/portal\/#\/schema\/logo\/image\/\"},\"sameAs\":[\"http:\/\/www.facebook.com\/pages\/TV-Uai-Comunica\u00e7\u00e3o\/139062546157369\",\"https:\/\/x.com\/tvuai\",\"https:\/\/www.instagram.com\/tvuai_network\/\",\"https:\/\/www.youtube.com\/channel\/UCB7ZPB3wRv-OpoZ_09jmnkQ\"]},{\"@type\":\"Person\",\"@id\":\"https:\/\/www.tvuai.com.br\/portal\/#\/schema\/person\/d1c5c2b1dc1e658906286802aad38555\",\"name\":\"Rosy Pantale\u00e3o\",\"sameAs\":[\"https:\/\/www.tvuai.com.br\/portal\/\",\"https:\/\/www.facebook.com\/tvuai\/\",\"https:\/\/www.instagram.com\/tvuai\",\"https:\/\/x.com\/tvuai\",\"https:\/\/www.youtube.com\/channel\/UCB7ZPB3wRv-OpoZ_09jmnkQ\",\"tvuai\"],\"url\":\"https:\/\/www.tvuai.com.br\/portal\/author\/rosy\/\"}]}<\/script>\n<!-- \/ Yoast SEO plugin. -->","yoast_head_json":{"title":"Pequenos pecuaristas do Sul de Minas investem na fertiliza\u00e7\u00e3o in vitro para melhoria do rebanho - TVUAI","robots":{"index":"index","follow":"follow","max-snippet":"max-snippet:-1","max-image-preview":"max-image-preview:large","max-video-preview":"max-video-preview:-1"},"canonical":"https:\/\/www.tvuai.com.br\/portal\/pequenos-pecuaristas-do-sul-de-minas-investem-na-fertilizacao-in-vitro-para-melhoria-do-rebanho\/","og_locale":"pt_BR","og_type":"article","og_title":"Pequenos pecuaristas do Sul de Minas investem na fertiliza\u00e7\u00e3o in vitro para melhoria do rebanho - TVUAI","og_description":"Emater-MG \u00e9 parceira do projeto para melhoria produtividade leiteira Um projeto para melhoria gen\u00e9tica do rebanho bovino, com o uso de tecnologia de ponta, est\u00e1 beneficiando pequenos produtores do Sul de Minas. Desde 2020, est\u00e1 em execu\u00e7\u00e3o um trabalho de fertiliza\u00e7\u00e3o in vitro e transfer\u00eancia de embri\u00f5es bovinos, com o objetivo de melhorar a produtividade [&hellip;]","og_url":"https:\/\/www.tvuai.com.br\/portal\/pequenos-pecuaristas-do-sul-de-minas-investem-na-fertilizacao-in-vitro-para-melhoria-do-rebanho\/","og_site_name":"TVUAI","article_publisher":"http:\/\/www.facebook.com\/pages\/TV-Uai-Comunica%c3%a7%c3%a3o\/139062546157369","article_author":"https:\/\/www.facebook.com\/tvuai\/","article_published_time":"2022-10-11T11:14:16+00:00","article_modified_time":"2022-11-18T22:18:06+00:00","og_image":[{"width":200,"height":200,"url":"https:\/\/i0.wp.com\/www.tvuai.com.br\/portal\/wp-content\/uploads\/2022\/10\/pecuaristas0.jpg?fit=200%2C200&ssl=1","type":"image\/jpeg"}],"author":"Rosy Pantale\u00e3o","twitter_card":"summary_large_image","twitter_creator":"@tvuai","twitter_site":"@tvuai","twitter_misc":{"Escrito por":"Rosy Pantale\u00e3o","Est. tempo de leitura":"4 minutos"},"schema":{"@context":"https:\/\/schema.org","@graph":[{"@type":"Article","@id":"https:\/\/www.tvuai.com.br\/portal\/pequenos-pecuaristas-do-sul-de-minas-investem-na-fertilizacao-in-vitro-para-melhoria-do-rebanho\/#article","isPartOf":{"@id":"https:\/\/www.tvuai.com.br\/portal\/pequenos-pecuaristas-do-sul-de-minas-investem-na-fertilizacao-in-vitro-para-melhoria-do-rebanho\/"},"author":{"name":"Rosy Pantale\u00e3o","@id":"https:\/\/www.tvuai.com.br\/portal\/#\/schema\/person\/d1c5c2b1dc1e658906286802aad38555"},"headline":"Pequenos pecuaristas do Sul de Minas investem na fertiliza\u00e7\u00e3o in vitro para melhoria do rebanho","datePublished":"2022-10-11T11:14:16+00:00","dateModified":"2022-11-18T22:18:06+00:00","mainEntityOfPage":{"@id":"https:\/\/www.tvuai.com.br\/portal\/pequenos-pecuaristas-do-sul-de-minas-investem-na-fertilizacao-in-vitro-para-melhoria-do-rebanho\/"},"wordCount":743,"publisher":{"@id":"https:\/\/www.tvuai.com.br\/portal\/#organization"},"image":{"@id":"https:\/\/www.tvuai.com.br\/portal\/pequenos-pecuaristas-do-sul-de-minas-investem-na-fertilizacao-in-vitro-para-melhoria-do-rebanho\/#primaryimage"},"thumbnailUrl":"https:\/\/i0.wp.com\/www.tvuai.com.br\/portal\/wp-content\/uploads\/2022\/10\/pecuaristas0.jpg?fit=200%2C200&ssl=1","keywords":["Aprol","Caldas","Emater-MG","fertiliza\u00e7\u00e3o in vitro","Ibiti\u00fara de Minas","Ipuiuna","Pouso Alegre","Pr\u00eamio MelhorInova\u00e7\u00e3o","Santa Rita de Caldas","Sebraetec FIV","Senador Jos\u00e9 Bento","Sul de Minas","TV Uai"],"articleSection":["Not\u00edcias"],"inLanguage":"pt-BR"},{"@type":"WebPage","@id":"https:\/\/www.tvuai.com.br\/portal\/pequenos-pecuaristas-do-sul-de-minas-investem-na-fertilizacao-in-vitro-para-melhoria-do-rebanho\/","url":"https:\/\/www.tvuai.com.br\/portal\/pequenos-pecuaristas-do-sul-de-minas-investem-na-fertilizacao-in-vitro-para-melhoria-do-rebanho\/","name":"Pequenos pecuaristas do Sul de Minas investem na fertiliza\u00e7\u00e3o in vitro para melhoria do rebanho - TVUAI","isPartOf":{"@id":"https:\/\/www.tvuai.com.br\/portal\/#website"},"primaryImageOfPage":{"@id":"https:\/\/www.tvuai.com.br\/portal\/pequenos-pecuaristas-do-sul-de-minas-investem-na-fertilizacao-in-vitro-para-melhoria-do-rebanho\/#primaryimage"},"image":{"@id":"https:\/\/www.tvuai.com.br\/portal\/pequenos-pecuaristas-do-sul-de-minas-investem-na-fertilizacao-in-vitro-para-melhoria-do-rebanho\/#primaryimage"},"thumbnailUrl":"https:\/\/i0.wp.com\/www.tvuai.com.br\/portal\/wp-content\/uploads\/2022\/10\/pecuaristas0.jpg?fit=200%2C200&ssl=1","datePublished":"2022-10-11T11:14:16+00:00","dateModified":"2022-11-18T22:18:06+00:00","breadcrumb":{"@id":"https:\/\/www.tvuai.com.br\/portal\/pequenos-pecuaristas-do-sul-de-minas-investem-na-fertilizacao-in-vitro-para-melhoria-do-rebanho\/#breadcrumb"},"inLanguage":"pt-BR","potentialAction":[{"@type":"ReadAction","target":["https:\/\/www.tvuai.com.br\/portal\/pequenos-pecuaristas-do-sul-de-minas-investem-na-fertilizacao-in-vitro-para-melhoria-do-rebanho\/"]}]},{"@type":"ImageObject","inLanguage":"pt-BR","@id":"https:\/\/www.tvuai.com.br\/portal\/pequenos-pecuaristas-do-sul-de-minas-investem-na-fertilizacao-in-vitro-para-melhoria-do-rebanho\/#primaryimage","url":"https:\/\/i0.wp.com\/www.tvuai.com.br\/portal\/wp-content\/uploads\/2022\/10\/pecuaristas0.jpg?fit=200%2C200&ssl=1","contentUrl":"https:\/\/i0.wp.com\/www.tvuai.com.br\/portal\/wp-content\/uploads\/2022\/10\/pecuaristas0.jpg?fit=200%2C200&ssl=1","width":200,"height":200},{"@type":"BreadcrumbList","@id":"https:\/\/www.tvuai.com.br\/portal\/pequenos-pecuaristas-do-sul-de-minas-investem-na-fertilizacao-in-vitro-para-melhoria-do-rebanho\/#breadcrumb","itemListElement":[{"@type":"ListItem","position":1,"name":"In\u00edcio","item":"https:\/\/www.tvuai.com.br\/portal\/"},{"@type":"ListItem","position":2,"name":"Pequenos pecuaristas do Sul de Minas investem na fertiliza\u00e7\u00e3o in vitro para melhoria do rebanho"}]},{"@type":"WebSite","@id":"https:\/\/www.tvuai.com.br\/portal\/#website","url":"https:\/\/www.tvuai.com.br\/portal\/","name":"TVUAI","description":"Tudo sobre o Sul de Minas","publisher":{"@id":"https:\/\/www.tvuai.com.br\/portal\/#organization"},"potentialAction":[{"@type":"SearchAction","target":{"@type":"EntryPoint","urlTemplate":"https:\/\/www.tvuai.com.br\/portal\/?s={search_term_string}"},"query-input":{"@type":"PropertyValueSpecification","valueRequired":true,"valueName":"search_term_string"}}],"inLanguage":"pt-BR"},{"@type":"Organization","@id":"https:\/\/www.tvuai.com.br\/portal\/#organization","name":"TVUAI","url":"https:\/\/www.tvuai.com.br\/portal\/","logo":{"@type":"ImageObject","inLanguage":"pt-BR","@id":"https:\/\/www.tvuai.com.br\/portal\/#\/schema\/logo\/image\/","url":"https:\/\/i0.wp.com\/www.tvuai.com.br\/portal\/wp-content\/uploads\/2017\/12\/logo_tvuai_100H.png?fit=207%2C100&ssl=1","contentUrl":"https:\/\/i0.wp.com\/www.tvuai.com.br\/portal\/wp-content\/uploads\/2017\/12\/logo_tvuai_100H.png?fit=207%2C100&ssl=1","width":207,"height":100,"caption":"TVUAI"},"image":{"@id":"https:\/\/www.tvuai.com.br\/portal\/#\/schema\/logo\/image\/"},"sameAs":["http:\/\/www.facebook.com\/pages\/TV-Uai-Comunica\u00e7\u00e3o\/139062546157369","https:\/\/x.com\/tvuai","https:\/\/www.instagram.com\/tvuai_network\/","https:\/\/www.youtube.com\/channel\/UCB7ZPB3wRv-OpoZ_09jmnkQ"]},{"@type":"Person","@id":"https:\/\/www.tvuai.com.br\/portal\/#\/schema\/person\/d1c5c2b1dc1e658906286802aad38555","name":"Rosy Pantale\u00e3o","sameAs":["https:\/\/www.tvuai.com.br\/portal\/","https:\/\/www.facebook.com\/tvuai\/","https:\/\/www.instagram.com\/tvuai","https:\/\/x.com\/tvuai","https:\/\/www.youtube.com\/channel\/UCB7ZPB3wRv-OpoZ_09jmnkQ","tvuai"],"url":"https:\/\/www.tvuai.com.br\/portal\/author\/rosy\/"}]}},"jetpack_featured_media_url":"https:\/\/i0.wp.com\/www.tvuai.com.br\/portal\/wp-content\/uploads\/2022\/10\/pecuaristas0.jpg?fit=200%2C200&ssl=1","wpmagazine_modules_lite_featured_media_urls":{"thumbnail":["https:\/\/i0.wp.com\/www.tvuai.com.br\/portal\/wp-content\/uploads\/2022\/10\/pecuaristas0.jpg?resize=150%2C150&ssl=1",150,150,true],"cvmm-medium":["https:\/\/i0.wp.com\/www.tvuai.com.br\/portal\/wp-content\/uploads\/2022\/10\/pecuaristas0.jpg?resize=200%2C200&ssl=1",200,200,true],"cvmm-medium-plus":["https:\/\/i0.wp.com\/www.tvuai.com.br\/portal\/wp-content\/uploads\/2022\/10\/pecuaristas0.jpg?resize=200%2C200&ssl=1",200,200,true],"cvmm-portrait":["https:\/\/i0.wp.com\/www.tvuai.com.br\/portal\/wp-content\/uploads\/2022\/10\/pecuaristas0.jpg?resize=200%2C200&ssl=1",200,200,true],"cvmm-medium-square":["https:\/\/i0.wp.com\/www.tvuai.com.br\/portal\/wp-content\/uploads\/2022\/10\/pecuaristas0.jpg?resize=200%2C200&ssl=1",200,200,true],"cvmm-large":["https:\/\/i0.wp.com\/www.tvuai.com.br\/portal\/wp-content\/uploads\/2022\/10\/pecuaristas0.jpg?resize=200%2C200&ssl=1",200,200,true],"cvmm-small":["https:\/\/i0.wp.com\/www.tvuai.com.br\/portal\/wp-content\/uploads\/2022\/10\/pecuaristas0.jpg?resize=130%2C95&ssl=1",130,95,true],"full":["https:\/\/i0.wp.com\/www.tvuai.com.br\/portal\/wp-content\/uploads\/2022\/10\/pecuaristas0.jpg?fit=200%2C200&ssl=1",200,200,false]},"categories_names":{"19":{"name":"Not\u00edcias","link":"https:\/\/www.tvuai.com.br\/portal\/category\/noticias\/"}},"tags_names":{"1227":{"name":"Aprol","link":"https:\/\/www.tvuai.com.br\/portal\/tag\/aprol\/"},"230":{"name":"Caldas","link":"https:\/\/www.tvuai.com.br\/portal\/tag\/caldas\/"},"264":{"name":"Emater-MG","link":"https:\/\/www.tvuai.com.br\/portal\/tag\/emater-mg\/"},"1224":{"name":"fertiliza\u00e7\u00e3o in vitro","link":"https:\/\/www.tvuai.com.br\/portal\/tag\/fertilizacao-in-vitro\/"},"1228":{"name":"Ibiti\u00fara de Minas","link":"https:\/\/www.tvuai.com.br\/portal\/tag\/ibitiura-de-minas\/"},"313":{"name":"Ipuiuna","link":"https:\/\/www.tvuai.com.br\/portal\/tag\/ipuiuna\/"},"37":{"name":"Pouso Alegre","link":"https:\/\/www.tvuai.com.br\/portal\/tag\/pouso-alegre\/"},"1226":{"name":"Pr\u00eamio MelhorInova\u00e7\u00e3o","link":"https:\/\/www.tvuai.com.br\/portal\/tag\/premio-melhorinovacao\/"},"603":{"name":"Santa Rita de Caldas","link":"https:\/\/www.tvuai.com.br\/portal\/tag\/santa-rita-de-caldas\/"},"1225":{"name":"Sebraetec FIV","link":"https:\/\/www.tvuai.com.br\/portal\/tag\/sebraetec-fiv\/"},"1229":{"name":"Senador Jos\u00e9 Bento","link":"https:\/\/www.tvuai.com.br\/portal\/tag\/senador-jose-bento\/"},"39":{"name":"Sul de Minas","link":"https:\/\/www.tvuai.com.br\/portal\/tag\/sul-de-minas\/"},"27":{"name":"TV Uai","link":"https:\/\/www.tvuai.com.br\/portal\/tag\/tv-uai\/"}},"comments_number":"0","jetpack_shortlink":"https:\/\/wp.me\/p9woix-1iO","jetpack_sharing_enabled":true,"_links":{"self":[{"href":"https:\/\/www.tvuai.com.br\/portal\/wp-json\/wp\/v2\/posts\/5010"}],"collection":[{"href":"https:\/\/www.tvuai.com.br\/portal\/wp-json\/wp\/v2\/posts"}],"about":[{"href":"https:\/\/www.tvuai.com.br\/portal\/wp-json\/wp\/v2\/types\/post"}],"author":[{"embeddable":true,"href":"https:\/\/www.tvuai.com.br\/portal\/wp-json\/wp\/v2\/users\/2"}],"replies":[{"embeddable":true,"href":"https:\/\/www.tvuai.com.br\/portal\/wp-json\/wp\/v2\/comments?post=5010"}],"version-history":[{"count":3,"href":"https:\/\/www.tvuai.com.br\/portal\/wp-json\/wp\/v2\/posts\/5010\/revisions"}],"predecessor-version":[{"id":5015,"href":"https:\/\/www.tvuai.com.br\/portal\/wp-json\/wp\/v2\/posts\/5010\/revisions\/5015"}],"wp:featuredmedia":[{"embeddable":true,"href":"https:\/\/www.tvuai.com.br\/portal\/wp-json\/wp\/v2\/media\/5013"}],"wp:attachment":[{"href":"https:\/\/www.tvuai.com.br\/portal\/wp-json\/wp\/v2\/media?parent=5010"}],"wp:term":[{"taxonomy":"category","embeddable":true,"href":"https:\/\/www.tvuai.com.br\/portal\/wp-json\/wp\/v2\/categories?post=5010"},{"taxonomy":"post_tag","embeddable":true,"href":"https:\/\/www.tvuai.com.br\/portal\/wp-json\/wp\/v2\/tags?post=5010"}],"curies":[{"name":"wp","href":"https:\/\/api.w.org\/{rel}","templated":true}]}}