{"id":5004,"date":"2022-10-04T12:08:16","date_gmt":"2022-10-04T15:08:16","guid":{"rendered":"https:\/\/www.tvuai.com.br\/portal\/?p=5004"},"modified":"2022-11-18T19:14:28","modified_gmt":"2022-11-18T22:14:28","slug":"romeu-zema-oficializa-apoio-a-bolsonaro-no-segundo-turno","status":"publish","type":"post","link":"https:\/\/www.tvuai.com.br\/portal\/romeu-zema-oficializa-apoio-a-bolsonaro-no-segundo-turno\/","title":{"rendered":"Romeu Zema oficializa apoio a Bolsonaro no segundo turno"},"content":{"rendered":"<div class=\"5a1038e0903b96d426fcfcc338703013\" data-index=\"1\" style=\"float: right; margin:10px 0 10px 10px;\">\n<script async src=\"https:\/\/pagead2.googlesyndication.com\/pagead\/js\/adsbygoogle.js?client=ca-pub-9945944833605257\"\r\n     crossorigin=\"anonymous\"><\/script>\r\n<ins class=\"adsbygoogle\"\r\n     style=\"display:block; text-align:center;\"\r\n     data-ad-layout=\"in-article\"\r\n     data-ad-format=\"fluid\"\r\n     data-ad-client=\"ca-pub-9945944833605257\"\r\n     data-ad-slot=\"2343923581\"><\/ins>\r\n<script>\r\n     (adsbygoogle = window.adsbygoogle || []).push({});\r\n<\/script>\n<\/div>\n<p style=\"text-align: center\"><div class=\"jetpack-video-wrapper\"><span class=\"embed-youtube\" style=\"text-align:center; display: block;\"><iframe class=\"youtube-player\" width=\"560\" height=\"315\" src=\"https:\/\/www.youtube.com\/embed\/8eIuBnxiKvg?version=3&#038;rel=1&#038;showsearch=0&#038;showinfo=1&#038;iv_load_policy=1&#038;fs=1&#038;hl=pt-BR&#038;autohide=2&#038;start=12&#038;wmode=transparent\" allowfullscreen=\"true\" style=\"border:0;\" sandbox=\"allow-scripts allow-same-origin allow-popups allow-presentation allow-popups-to-escape-sandbox\"><\/iframe><\/span><\/div><\/p>\n<p>O governador reeleito de Minas Gerais, Romeu Zema (Novo), oficializou nesta ter\u00e7a-feira, 4, o seu apoio ao presidente Jair Bolsonaro (PL) no segundo turno da elei\u00e7\u00e3o presidencial. Os dois se reuniram no Pal\u00e1cio da Alvorada, em Bras\u00edlia, e fizeram um pronunciamento lado a lado. Ao declarar apoio a Bolsonaro, o pol\u00edtico mineiro disse estar colocando as &#8220;diverg\u00eancias&#8221; de lado. &#8220;Sabemos que convergimos em muitas coisas e em outras, n\u00e3o, mas \u00e9 o momento em que o Brasil precisa caminhar para frente.&#8221;<\/p>\n<p>Zema falou ainda que acredita &#8220;muito mais&#8221; na proposta de Bolsonaro do que a de Luiz In\u00e1cio Lula da Silva (PT). O petista terminou a disputa do primeiro turno em primeiro lugar, com 57,2 milh\u00f5es dos votos (48,4%). J\u00e1 Bolsonaro ficou segundo, com 51,07 milh\u00f5es dos votos (43,2%). Segundo Zema, a gest\u00e3o do PT (Partido dos Trabalhadores) foi \u201cdesastrosa\u201d e &#8220;arruinou&#8221; o estado. Repetiu que os governos do PT foram desastrosos para Uberl\u00e2ndia e Pouso Alegre. [<span style=\"color: #333399\"><strong><a style=\"color: #333399\" href=\"https:\/\/www.tvuai.com.br\/portal\/ex-prefeito-e-atual-candidato-rafael-simoes-pode-ser-julgado-e-preso-antes-da-eleicao\/\">Clique aqui e saiba do problema judicial que acompanha o ex-prefeito de Pouso Alegre eleito deputado federal<\/a><\/strong><\/span>]<\/p>\n<p>Depois, Bolsonaro afirmou que sempre teve um &#8220;di\u00e1logo muito franco&#8221; com Zema, e que o apoio do pol\u00edtico \u00e9 &#8220;mais que bem-vindo&#8221;. &#8220;Minas \u00e9 o segundo col\u00e9gio eleitoral do pa\u00eds. Dizem que s\u00f3 quem ganha em Minas pode chegar \u00e0 Presid\u00eancia da Rep\u00fablica. Mais que bem-vindo, o apoio do Zema \u00e9 essencial e decisivo para minha reelei\u00e7\u00e3o&#8221;, disse.<\/p>\n<p>Em Minas Gerais, Lula venceu Bolsonaro: o petista teve 48,2% dos votos, enquanto o atual presidente conquistou 43,6% dos votos. J\u00e1 Romeu Zema foi reeleito no primeiro turno, como governador de Minas Gerais, com 56,18% dos votos. Alexandre Kalil (PSD), apoiado pelo ex-presidente Lula, ficou em segundo lugar com 35,08% dos votos.<\/p>\n<p>O candidato, ex-presidente Luiz In\u00e1cio Lula da Silva (PT) retoma nesta ter\u00e7a-feira, 4, as atividades de campanha com vistas ao segundo turno das elei\u00e7\u00e3o presidencial entretanto, at\u00e9 o momento, ele n\u00e3o divulgou nenhum compromisso p\u00fablico previsto para hoje.<\/p>\n<p>O segundo turno ser\u00e1 disputado no dia 30 de outubro, \u00faltimo domingo do m\u00eas. Assim como no primeiro turno, o hor\u00e1rio em que os col\u00e9gios eleitorais estar\u00e3o abertos para receber os eleitores ser\u00e1 das 8h \u00e0s 17h no hor\u00e1rio de Bras\u00edlia. Locais com fuso diferentes do da capital dever\u00e3o adaptar seus hor\u00e1rios para que o encerramento em todo o pa\u00eds seja simult\u00e2neo.<\/p>\n\n<div style=\"font-size: 0px; height: 0px; line-height: 0px; margin: 0; padding: 0; clear: both;\"><\/div><div class='share-to-whatsapp-wrapper'><div class='share-on-whsp'>Share on: <\/div><a data-text='Romeu Zema oficializa apoio a Bolsonaro no segundo turno' data-link='https:\/\/www.tvuai.com.br\/portal\/romeu-zema-oficializa-apoio-a-bolsonaro-no-segundo-turno\/' class='whatsapp-button whatsapp-share'>WhatsApp<\/a><div class='clear '><\/div><\/div><!-- AddThis Advanced Settings generic via filter on the_content --><!-- AddThis Share Buttons generic via filter on the_content -->","protected":false},"excerpt":{"rendered":"<p>O governador reeleito de Minas Gerais, Romeu Zema (Novo), oficializou nesta ter\u00e7a-feira, 4, o seu apoio ao presidente Jair Bolsonaro (PL) no segundo turno da elei\u00e7\u00e3o presidencial. Os dois se reuniram no Pal\u00e1cio da Alvorada, em Bras\u00edlia, e fizeram um pronunciamento lado a lado. Ao declarar apoio a Bolsonaro, o pol\u00edtico mineiro disse estar colocando [&hellip;]<!-- AddThis Advanced Settings generic via filter on get_the_excerpt --><!-- AddThis Share Buttons generic via filter on get_the_excerpt --><\/p>\n","protected":false},"author":2,"featured_media":5009,"comment_status":"closed","ping_status":"closed","sticky":false,"template":"","format":"standard","meta":{"jetpack_post_was_ever_published":false,"_jetpack_newsletter_access":"","_jetpack_dont_email_post_to_subs":false,"_jetpack_newsletter_tier_id":0,"_jetpack_memberships_contains_paywalled_content":false,"_jetpack_memberships_contains_paid_content":false,"_joinchat":[],"footnotes":"","jetpack_publicize_message":"","jetpack_publicize_feature_enabled":true,"jetpack_social_post_already_shared":true,"jetpack_social_options":{"image_generator_settings":{"template":"highway","enabled":false},"version":2}},"categories":[19,21],"tags":[1223,392,143,37,39,27,1222],"class_list":["post-5004","post","type-post","status-publish","format-standard","has-post-thumbnail","hentry","category-noticias","category-videos","tag-apoio-de-zema-a-bolsonaro","tag-governador-romeu-zema","tag-jair-bolsonaro","tag-pouso-alegre","tag-sul-de-minas","tag-tv-uai","tag-zema-e-bolsonaro"],"jetpack_publicize_connections":[],"yoast_head":"<!-- This site is optimized with the Yoast SEO plugin v23.5 - https:\/\/yoast.com\/wordpress\/plugins\/seo\/ -->\n<title>Romeu Zema oficializa apoio a Bolsonaro no segundo turno - TVUAI<\/title>\n<meta name=\"robots\" content=\"index, follow, max-snippet:-1, max-image-preview:large, max-video-preview:-1\" \/>\n<link rel=\"canonical\" href=\"https:\/\/www.tvuai.com.br\/portal\/romeu-zema-oficializa-apoio-a-bolsonaro-no-segundo-turno\/\" \/>\n<meta property=\"og:locale\" content=\"pt_BR\" \/>\n<meta property=\"og:type\" content=\"article\" \/>\n<meta property=\"og:title\" content=\"Romeu Zema oficializa apoio a Bolsonaro no segundo turno - TVUAI\" \/>\n<meta property=\"og:description\" content=\"O governador reeleito de Minas Gerais, Romeu Zema (Novo), oficializou nesta ter\u00e7a-feira, 4, o seu apoio ao presidente Jair Bolsonaro (PL) no segundo turno da elei\u00e7\u00e3o presidencial. Os dois se reuniram no Pal\u00e1cio da Alvorada, em Bras\u00edlia, e fizeram um pronunciamento lado a lado. Ao declarar apoio a Bolsonaro, o pol\u00edtico mineiro disse estar colocando [&hellip;]\" \/>\n<meta property=\"og:url\" content=\"https:\/\/www.tvuai.com.br\/portal\/romeu-zema-oficializa-apoio-a-bolsonaro-no-segundo-turno\/\" \/>\n<meta property=\"og:site_name\" content=\"TVUAI\" \/>\n<meta property=\"article:publisher\" content=\"http:\/\/www.facebook.com\/pages\/TV-Uai-Comunica%c3%a7%c3%a3o\/139062546157369\" \/>\n<meta property=\"article:author\" content=\"https:\/\/www.facebook.com\/tvuai\/\" \/>\n<meta property=\"article:published_time\" content=\"2022-10-04T15:08:16+00:00\" \/>\n<meta property=\"article:modified_time\" content=\"2022-11-18T22:14:28+00:00\" \/>\n<meta property=\"og:image\" content=\"https:\/\/i0.wp.com\/www.tvuai.com.br\/portal\/wp-content\/uploads\/2022\/10\/zema0.jpg?fit=200%2C200&ssl=1\" \/>\n\t<meta property=\"og:image:width\" content=\"200\" \/>\n\t<meta property=\"og:image:height\" content=\"200\" \/>\n\t<meta property=\"og:image:type\" content=\"image\/jpeg\" \/>\n<meta name=\"author\" content=\"Rosy Pantale\u00e3o\" \/>\n<meta name=\"twitter:card\" content=\"summary_large_image\" \/>\n<meta name=\"twitter:creator\" content=\"@tvuai\" \/>\n<meta name=\"twitter:site\" content=\"@tvuai\" \/>\n<meta name=\"twitter:label1\" content=\"Escrito por\" \/>\n\t<meta name=\"twitter:data1\" content=\"Rosy Pantale\u00e3o\" \/>\n\t<meta name=\"twitter:label2\" content=\"Est. tempo de leitura\" \/>\n\t<meta name=\"twitter:data2\" content=\"2 minutos\" \/>\n<script type=\"application\/ld+json\" class=\"yoast-schema-graph\">{\"@context\":\"https:\/\/schema.org\",\"@graph\":[{\"@type\":\"Article\",\"@id\":\"https:\/\/www.tvuai.com.br\/portal\/romeu-zema-oficializa-apoio-a-bolsonaro-no-segundo-turno\/#article\",\"isPartOf\":{\"@id\":\"https:\/\/www.tvuai.com.br\/portal\/romeu-zema-oficializa-apoio-a-bolsonaro-no-segundo-turno\/\"},\"author\":{\"name\":\"Rosy Pantale\u00e3o\",\"@id\":\"https:\/\/www.tvuai.com.br\/portal\/#\/schema\/person\/d1c5c2b1dc1e658906286802aad38555\"},\"headline\":\"Romeu Zema oficializa apoio a Bolsonaro no segundo turno\",\"datePublished\":\"2022-10-04T15:08:16+00:00\",\"dateModified\":\"2022-11-18T22:14:28+00:00\",\"mainEntityOfPage\":{\"@id\":\"https:\/\/www.tvuai.com.br\/portal\/romeu-zema-oficializa-apoio-a-bolsonaro-no-segundo-turno\/\"},\"wordCount\":424,\"publisher\":{\"@id\":\"https:\/\/www.tvuai.com.br\/portal\/#organization\"},\"image\":{\"@id\":\"https:\/\/www.tvuai.com.br\/portal\/romeu-zema-oficializa-apoio-a-bolsonaro-no-segundo-turno\/#primaryimage\"},\"thumbnailUrl\":\"https:\/\/i0.wp.com\/www.tvuai.com.br\/portal\/wp-content\/uploads\/2022\/10\/zema0.jpg?fit=200%2C200&ssl=1\",\"keywords\":[\"apoio de Zema a Bolsonaro\",\"governador Romeu Zema\",\"Jair Bolsonaro\",\"Pouso Alegre\",\"Sul de Minas\",\"TV Uai\",\"Zema e Bolsonaro\"],\"articleSection\":[\"Not\u00edcias\",\"Videos\"],\"inLanguage\":\"pt-BR\"},{\"@type\":\"WebPage\",\"@id\":\"https:\/\/www.tvuai.com.br\/portal\/romeu-zema-oficializa-apoio-a-bolsonaro-no-segundo-turno\/\",\"url\":\"https:\/\/www.tvuai.com.br\/portal\/romeu-zema-oficializa-apoio-a-bolsonaro-no-segundo-turno\/\",\"name\":\"Romeu Zema oficializa apoio a Bolsonaro no segundo turno - TVUAI\",\"isPartOf\":{\"@id\":\"https:\/\/www.tvuai.com.br\/portal\/#website\"},\"primaryImageOfPage\":{\"@id\":\"https:\/\/www.tvuai.com.br\/portal\/romeu-zema-oficializa-apoio-a-bolsonaro-no-segundo-turno\/#primaryimage\"},\"image\":{\"@id\":\"https:\/\/www.tvuai.com.br\/portal\/romeu-zema-oficializa-apoio-a-bolsonaro-no-segundo-turno\/#primaryimage\"},\"thumbnailUrl\":\"https:\/\/i0.wp.com\/www.tvuai.com.br\/portal\/wp-content\/uploads\/2022\/10\/zema0.jpg?fit=200%2C200&ssl=1\",\"datePublished\":\"2022-10-04T15:08:16+00:00\",\"dateModified\":\"2022-11-18T22:14:28+00:00\",\"breadcrumb\":{\"@id\":\"https:\/\/www.tvuai.com.br\/portal\/romeu-zema-oficializa-apoio-a-bolsonaro-no-segundo-turno\/#breadcrumb\"},\"inLanguage\":\"pt-BR\",\"potentialAction\":[{\"@type\":\"ReadAction\",\"target\":[\"https:\/\/www.tvuai.com.br\/portal\/romeu-zema-oficializa-apoio-a-bolsonaro-no-segundo-turno\/\"]}]},{\"@type\":\"ImageObject\",\"inLanguage\":\"pt-BR\",\"@id\":\"https:\/\/www.tvuai.com.br\/portal\/romeu-zema-oficializa-apoio-a-bolsonaro-no-segundo-turno\/#primaryimage\",\"url\":\"https:\/\/i0.wp.com\/www.tvuai.com.br\/portal\/wp-content\/uploads\/2022\/10\/zema0.jpg?fit=200%2C200&ssl=1\",\"contentUrl\":\"https:\/\/i0.wp.com\/www.tvuai.com.br\/portal\/wp-content\/uploads\/2022\/10\/zema0.jpg?fit=200%2C200&ssl=1\",\"width\":200,\"height\":200},{\"@type\":\"BreadcrumbList\",\"@id\":\"https:\/\/www.tvuai.com.br\/portal\/romeu-zema-oficializa-apoio-a-bolsonaro-no-segundo-turno\/#breadcrumb\",\"itemListElement\":[{\"@type\":\"ListItem\",\"position\":1,\"name\":\"In\u00edcio\",\"item\":\"https:\/\/www.tvuai.com.br\/portal\/\"},{\"@type\":\"ListItem\",\"position\":2,\"name\":\"Romeu Zema oficializa apoio a Bolsonaro no segundo turno\"}]},{\"@type\":\"WebSite\",\"@id\":\"https:\/\/www.tvuai.com.br\/portal\/#website\",\"url\":\"https:\/\/www.tvuai.com.br\/portal\/\",\"name\":\"TVUAI\",\"description\":\"Tudo sobre o Sul de Minas\",\"publisher\":{\"@id\":\"https:\/\/www.tvuai.com.br\/portal\/#organization\"},\"potentialAction\":[{\"@type\":\"SearchAction\",\"target\":{\"@type\":\"EntryPoint\",\"urlTemplate\":\"https:\/\/www.tvuai.com.br\/portal\/?s={search_term_string}\"},\"query-input\":{\"@type\":\"PropertyValueSpecification\",\"valueRequired\":true,\"valueName\":\"search_term_string\"}}],\"inLanguage\":\"pt-BR\"},{\"@type\":\"Organization\",\"@id\":\"https:\/\/www.tvuai.com.br\/portal\/#organization\",\"name\":\"TVUAI\",\"url\":\"https:\/\/www.tvuai.com.br\/portal\/\",\"logo\":{\"@type\":\"ImageObject\",\"inLanguage\":\"pt-BR\",\"@id\":\"https:\/\/www.tvuai.com.br\/portal\/#\/schema\/logo\/image\/\",\"url\":\"https:\/\/i0.wp.com\/www.tvuai.com.br\/portal\/wp-content\/uploads\/2017\/12\/logo_tvuai_100H.png?fit=207%2C100&ssl=1\",\"contentUrl\":\"https:\/\/i0.wp.com\/www.tvuai.com.br\/portal\/wp-content\/uploads\/2017\/12\/logo_tvuai_100H.png?fit=207%2C100&ssl=1\",\"width\":207,\"height\":100,\"caption\":\"TVUAI\"},\"image\":{\"@id\":\"https:\/\/www.tvuai.com.br\/portal\/#\/schema\/logo\/image\/\"},\"sameAs\":[\"http:\/\/www.facebook.com\/pages\/TV-Uai-Comunica\u00e7\u00e3o\/139062546157369\",\"https:\/\/x.com\/tvuai\",\"https:\/\/www.instagram.com\/tvuai_network\/\",\"https:\/\/www.youtube.com\/channel\/UCB7ZPB3wRv-OpoZ_09jmnkQ\"]},{\"@type\":\"Person\",\"@id\":\"https:\/\/www.tvuai.com.br\/portal\/#\/schema\/person\/d1c5c2b1dc1e658906286802aad38555\",\"name\":\"Rosy Pantale\u00e3o\",\"sameAs\":[\"https:\/\/www.tvuai.com.br\/portal\/\",\"https:\/\/www.facebook.com\/tvuai\/\",\"https:\/\/www.instagram.com\/tvuai\",\"https:\/\/x.com\/tvuai\",\"https:\/\/www.youtube.com\/channel\/UCB7ZPB3wRv-OpoZ_09jmnkQ\",\"tvuai\"],\"url\":\"https:\/\/www.tvuai.com.br\/portal\/author\/rosy\/\"}]}<\/script>\n<!-- \/ Yoast SEO plugin. -->","yoast_head_json":{"title":"Romeu Zema oficializa apoio a Bolsonaro no segundo turno - TVUAI","robots":{"index":"index","follow":"follow","max-snippet":"max-snippet:-1","max-image-preview":"max-image-preview:large","max-video-preview":"max-video-preview:-1"},"canonical":"https:\/\/www.tvuai.com.br\/portal\/romeu-zema-oficializa-apoio-a-bolsonaro-no-segundo-turno\/","og_locale":"pt_BR","og_type":"article","og_title":"Romeu Zema oficializa apoio a Bolsonaro no segundo turno - TVUAI","og_description":"O governador reeleito de Minas Gerais, Romeu Zema (Novo), oficializou nesta ter\u00e7a-feira, 4, o seu apoio ao presidente Jair Bolsonaro (PL) no segundo turno da elei\u00e7\u00e3o presidencial. Os dois se reuniram no Pal\u00e1cio da Alvorada, em Bras\u00edlia, e fizeram um pronunciamento lado a lado. Ao declarar apoio a Bolsonaro, o pol\u00edtico mineiro disse estar colocando [&hellip;]","og_url":"https:\/\/www.tvuai.com.br\/portal\/romeu-zema-oficializa-apoio-a-bolsonaro-no-segundo-turno\/","og_site_name":"TVUAI","article_publisher":"http:\/\/www.facebook.com\/pages\/TV-Uai-Comunica%c3%a7%c3%a3o\/139062546157369","article_author":"https:\/\/www.facebook.com\/tvuai\/","article_published_time":"2022-10-04T15:08:16+00:00","article_modified_time":"2022-11-18T22:14:28+00:00","og_image":[{"width":200,"height":200,"url":"https:\/\/i0.wp.com\/www.tvuai.com.br\/portal\/wp-content\/uploads\/2022\/10\/zema0.jpg?fit=200%2C200&ssl=1","type":"image\/jpeg"}],"author":"Rosy Pantale\u00e3o","twitter_card":"summary_large_image","twitter_creator":"@tvuai","twitter_site":"@tvuai","twitter_misc":{"Escrito por":"Rosy Pantale\u00e3o","Est. tempo de leitura":"2 minutos"},"schema":{"@context":"https:\/\/schema.org","@graph":[{"@type":"Article","@id":"https:\/\/www.tvuai.com.br\/portal\/romeu-zema-oficializa-apoio-a-bolsonaro-no-segundo-turno\/#article","isPartOf":{"@id":"https:\/\/www.tvuai.com.br\/portal\/romeu-zema-oficializa-apoio-a-bolsonaro-no-segundo-turno\/"},"author":{"name":"Rosy Pantale\u00e3o","@id":"https:\/\/www.tvuai.com.br\/portal\/#\/schema\/person\/d1c5c2b1dc1e658906286802aad38555"},"headline":"Romeu Zema oficializa apoio a Bolsonaro no segundo turno","datePublished":"2022-10-04T15:08:16+00:00","dateModified":"2022-11-18T22:14:28+00:00","mainEntityOfPage":{"@id":"https:\/\/www.tvuai.com.br\/portal\/romeu-zema-oficializa-apoio-a-bolsonaro-no-segundo-turno\/"},"wordCount":424,"publisher":{"@id":"https:\/\/www.tvuai.com.br\/portal\/#organization"},"image":{"@id":"https:\/\/www.tvuai.com.br\/portal\/romeu-zema-oficializa-apoio-a-bolsonaro-no-segundo-turno\/#primaryimage"},"thumbnailUrl":"https:\/\/i0.wp.com\/www.tvuai.com.br\/portal\/wp-content\/uploads\/2022\/10\/zema0.jpg?fit=200%2C200&ssl=1","keywords":["apoio de Zema a Bolsonaro","governador Romeu Zema","Jair Bolsonaro","Pouso Alegre","Sul de Minas","TV Uai","Zema e Bolsonaro"],"articleSection":["Not\u00edcias","Videos"],"inLanguage":"pt-BR"},{"@type":"WebPage","@id":"https:\/\/www.tvuai.com.br\/portal\/romeu-zema-oficializa-apoio-a-bolsonaro-no-segundo-turno\/","url":"https:\/\/www.tvuai.com.br\/portal\/romeu-zema-oficializa-apoio-a-bolsonaro-no-segundo-turno\/","name":"Romeu Zema oficializa apoio a Bolsonaro no segundo turno - TVUAI","isPartOf":{"@id":"https:\/\/www.tvuai.com.br\/portal\/#website"},"primaryImageOfPage":{"@id":"https:\/\/www.tvuai.com.br\/portal\/romeu-zema-oficializa-apoio-a-bolsonaro-no-segundo-turno\/#primaryimage"},"image":{"@id":"https:\/\/www.tvuai.com.br\/portal\/romeu-zema-oficializa-apoio-a-bolsonaro-no-segundo-turno\/#primaryimage"},"thumbnailUrl":"https:\/\/i0.wp.com\/www.tvuai.com.br\/portal\/wp-content\/uploads\/2022\/10\/zema0.jpg?fit=200%2C200&ssl=1","datePublished":"2022-10-04T15:08:16+00:00","dateModified":"2022-11-18T22:14:28+00:00","breadcrumb":{"@id":"https:\/\/www.tvuai.com.br\/portal\/romeu-zema-oficializa-apoio-a-bolsonaro-no-segundo-turno\/#breadcrumb"},"inLanguage":"pt-BR","potentialAction":[{"@type":"ReadAction","target":["https:\/\/www.tvuai.com.br\/portal\/romeu-zema-oficializa-apoio-a-bolsonaro-no-segundo-turno\/"]}]},{"@type":"ImageObject","inLanguage":"pt-BR","@id":"https:\/\/www.tvuai.com.br\/portal\/romeu-zema-oficializa-apoio-a-bolsonaro-no-segundo-turno\/#primaryimage","url":"https:\/\/i0.wp.com\/www.tvuai.com.br\/portal\/wp-content\/uploads\/2022\/10\/zema0.jpg?fit=200%2C200&ssl=1","contentUrl":"https:\/\/i0.wp.com\/www.tvuai.com.br\/portal\/wp-content\/uploads\/2022\/10\/zema0.jpg?fit=200%2C200&ssl=1","width":200,"height":200},{"@type":"BreadcrumbList","@id":"https:\/\/www.tvuai.com.br\/portal\/romeu-zema-oficializa-apoio-a-bolsonaro-no-segundo-turno\/#breadcrumb","itemListElement":[{"@type":"ListItem","position":1,"name":"In\u00edcio","item":"https:\/\/www.tvuai.com.br\/portal\/"},{"@type":"ListItem","position":2,"name":"Romeu Zema oficializa apoio a Bolsonaro no segundo turno"}]},{"@type":"WebSite","@id":"https:\/\/www.tvuai.com.br\/portal\/#website","url":"https:\/\/www.tvuai.com.br\/portal\/","name":"TVUAI","description":"Tudo sobre o Sul de Minas","publisher":{"@id":"https:\/\/www.tvuai.com.br\/portal\/#organization"},"potentialAction":[{"@type":"SearchAction","target":{"@type":"EntryPoint","urlTemplate":"https:\/\/www.tvuai.com.br\/portal\/?s={search_term_string}"},"query-input":{"@type":"PropertyValueSpecification","valueRequired":true,"valueName":"search_term_string"}}],"inLanguage":"pt-BR"},{"@type":"Organization","@id":"https:\/\/www.tvuai.com.br\/portal\/#organization","name":"TVUAI","url":"https:\/\/www.tvuai.com.br\/portal\/","logo":{"@type":"ImageObject","inLanguage":"pt-BR","@id":"https:\/\/www.tvuai.com.br\/portal\/#\/schema\/logo\/image\/","url":"https:\/\/i0.wp.com\/www.tvuai.com.br\/portal\/wp-content\/uploads\/2017\/12\/logo_tvuai_100H.png?fit=207%2C100&ssl=1","contentUrl":"https:\/\/i0.wp.com\/www.tvuai.com.br\/portal\/wp-content\/uploads\/2017\/12\/logo_tvuai_100H.png?fit=207%2C100&ssl=1","width":207,"height":100,"caption":"TVUAI"},"image":{"@id":"https:\/\/www.tvuai.com.br\/portal\/#\/schema\/logo\/image\/"},"sameAs":["http:\/\/www.facebook.com\/pages\/TV-Uai-Comunica\u00e7\u00e3o\/139062546157369","https:\/\/x.com\/tvuai","https:\/\/www.instagram.com\/tvuai_network\/","https:\/\/www.youtube.com\/channel\/UCB7ZPB3wRv-OpoZ_09jmnkQ"]},{"@type":"Person","@id":"https:\/\/www.tvuai.com.br\/portal\/#\/schema\/person\/d1c5c2b1dc1e658906286802aad38555","name":"Rosy Pantale\u00e3o","sameAs":["https:\/\/www.tvuai.com.br\/portal\/","https:\/\/www.facebook.com\/tvuai\/","https:\/\/www.instagram.com\/tvuai","https:\/\/x.com\/tvuai","https:\/\/www.youtube.com\/channel\/UCB7ZPB3wRv-OpoZ_09jmnkQ","tvuai"],"url":"https:\/\/www.tvuai.com.br\/portal\/author\/rosy\/"}]}},"jetpack_featured_media_url":"https:\/\/i0.wp.com\/www.tvuai.com.br\/portal\/wp-content\/uploads\/2022\/10\/zema0.jpg?fit=200%2C200&ssl=1","wpmagazine_modules_lite_featured_media_urls":{"thumbnail":["https:\/\/i0.wp.com\/www.tvuai.com.br\/portal\/wp-content\/uploads\/2022\/10\/zema0.jpg?resize=150%2C150&ssl=1",150,150,true],"cvmm-medium":["https:\/\/i0.wp.com\/www.tvuai.com.br\/portal\/wp-content\/uploads\/2022\/10\/zema0.jpg?resize=200%2C200&ssl=1",200,200,true],"cvmm-medium-plus":["https:\/\/i0.wp.com\/www.tvuai.com.br\/portal\/wp-content\/uploads\/2022\/10\/zema0.jpg?resize=200%2C200&ssl=1",200,200,true],"cvmm-portrait":["https:\/\/i0.wp.com\/www.tvuai.com.br\/portal\/wp-content\/uploads\/2022\/10\/zema0.jpg?resize=200%2C200&ssl=1",200,200,true],"cvmm-medium-square":["https:\/\/i0.wp.com\/www.tvuai.com.br\/portal\/wp-content\/uploads\/2022\/10\/zema0.jpg?resize=200%2C200&ssl=1",200,200,true],"cvmm-large":["https:\/\/i0.wp.com\/www.tvuai.com.br\/portal\/wp-content\/uploads\/2022\/10\/zema0.jpg?resize=200%2C200&ssl=1",200,200,true],"cvmm-small":["https:\/\/i0.wp.com\/www.tvuai.com.br\/portal\/wp-content\/uploads\/2022\/10\/zema0.jpg?resize=130%2C95&ssl=1",130,95,true],"full":["https:\/\/i0.wp.com\/www.tvuai.com.br\/portal\/wp-content\/uploads\/2022\/10\/zema0.jpg?fit=200%2C200&ssl=1",200,200,false]},"categories_names":{"19":{"name":"Not\u00edcias","link":"https:\/\/www.tvuai.com.br\/portal\/category\/noticias\/"},"21":{"name":"Videos","link":"https:\/\/www.tvuai.com.br\/portal\/category\/videos\/"}},"tags_names":{"1223":{"name":"apoio de Zema a Bolsonaro","link":"https:\/\/www.tvuai.com.br\/portal\/tag\/apoio-de-zema-a-bolsonaro\/"},"392":{"name":"governador Romeu Zema","link":"https:\/\/www.tvuai.com.br\/portal\/tag\/governador-romeu-zema\/"},"143":{"name":"Jair Bolsonaro","link":"https:\/\/www.tvuai.com.br\/portal\/tag\/jair-bolsonaro\/"},"37":{"name":"Pouso Alegre","link":"https:\/\/www.tvuai.com.br\/portal\/tag\/pouso-alegre\/"},"39":{"name":"Sul de Minas","link":"https:\/\/www.tvuai.com.br\/portal\/tag\/sul-de-minas\/"},"27":{"name":"TV Uai","link":"https:\/\/www.tvuai.com.br\/portal\/tag\/tv-uai\/"},"1222":{"name":"Zema e Bolsonaro","link":"https:\/\/www.tvuai.com.br\/portal\/tag\/zema-e-bolsonaro\/"}},"comments_number":"0","jetpack_shortlink":"https:\/\/wp.me\/p9woix-1iI","jetpack_sharing_enabled":true,"_links":{"self":[{"href":"https:\/\/www.tvuai.com.br\/portal\/wp-json\/wp\/v2\/posts\/5004"}],"collection":[{"href":"https:\/\/www.tvuai.com.br\/portal\/wp-json\/wp\/v2\/posts"}],"about":[{"href":"https:\/\/www.tvuai.com.br\/portal\/wp-json\/wp\/v2\/types\/post"}],"author":[{"embeddable":true,"href":"https:\/\/www.tvuai.com.br\/portal\/wp-json\/wp\/v2\/users\/2"}],"replies":[{"embeddable":true,"href":"https:\/\/www.tvuai.com.br\/portal\/wp-json\/wp\/v2\/comments?post=5004"}],"version-history":[{"count":4,"href":"https:\/\/www.tvuai.com.br\/portal\/wp-json\/wp\/v2\/posts\/5004\/revisions"}],"predecessor-version":[{"id":5008,"href":"https:\/\/www.tvuai.com.br\/portal\/wp-json\/wp\/v2\/posts\/5004\/revisions\/5008"}],"wp:featuredmedia":[{"embeddable":true,"href":"https:\/\/www.tvuai.com.br\/portal\/wp-json\/wp\/v2\/media\/5009"}],"wp:attachment":[{"href":"https:\/\/www.tvuai.com.br\/portal\/wp-json\/wp\/v2\/media?parent=5004"}],"wp:term":[{"taxonomy":"category","embeddable":true,"href":"https:\/\/www.tvuai.com.br\/portal\/wp-json\/wp\/v2\/categories?post=5004"},{"taxonomy":"post_tag","embeddable":true,"href":"https:\/\/www.tvuai.com.br\/portal\/wp-json\/wp\/v2\/tags?post=5004"}],"curies":[{"name":"wp","href":"https:\/\/api.w.org\/{rel}","templated":true}]}}