{"id":4922,"date":"2022-09-28T10:02:03","date_gmt":"2022-09-28T13:02:03","guid":{"rendered":"https:\/\/www.tvuai.com.br\/portal\/?p=4922"},"modified":"2022-10-04T10:35:39","modified_gmt":"2022-10-04T13:35:39","slug":"pesquisadores-da-universidade-federal-de-lavras-propoem-solucoes-para-os-mananciais-do-sistema-cantareira","status":"publish","type":"post","link":"https:\/\/www.tvuai.com.br\/portal\/pesquisadores-da-universidade-federal-de-lavras-propoem-solucoes-para-os-mananciais-do-sistema-cantareira\/","title":{"rendered":"Pesquisadores da Universidade Federal de Lavras prop\u00f5em solu\u00e7\u00f5es para os mananciais do Sistema Cantareira"},"content":{"rendered":"<div class=\"5a1038e0903b96d426fcfcc338703013\" data-index=\"1\" style=\"float: right; margin:10px 0 10px 10px;\">\n<script async src=\"https:\/\/pagead2.googlesyndication.com\/pagead\/js\/adsbygoogle.js?client=ca-pub-9945944833605257\"\r\n     crossorigin=\"anonymous\"><\/script>\r\n<ins class=\"adsbygoogle\"\r\n     style=\"display:block; text-align:center;\"\r\n     data-ad-layout=\"in-article\"\r\n     data-ad-format=\"fluid\"\r\n     data-ad-client=\"ca-pub-9945944833605257\"\r\n     data-ad-slot=\"2343923581\"><\/ins>\r\n<script>\r\n     (adsbygoogle = window.adsbygoogle || []).push({});\r\n<\/script>\n<\/div>\n<p><img data-recalc-dims=\"1\" fetchpriority=\"high\" decoding=\"async\" data-attachment-id=\"4924\" data-permalink=\"https:\/\/www.tvuai.com.br\/portal\/pesquisadores-da-universidade-federal-de-lavras-propoem-solucoes-para-os-mananciais-do-sistema-cantareira\/pesquisadores-ufla\/\" data-orig-file=\"https:\/\/i0.wp.com\/www.tvuai.com.br\/portal\/wp-content\/uploads\/2022\/09\/pesquisadores-UFLA.jpg?fit=600%2C400&amp;ssl=1\" data-orig-size=\"600,400\" data-comments-opened=\"0\" data-image-meta=\"{&quot;aperture&quot;:&quot;0&quot;,&quot;credit&quot;:&quot;&quot;,&quot;camera&quot;:&quot;&quot;,&quot;caption&quot;:&quot;&quot;,&quot;created_timestamp&quot;:&quot;0&quot;,&quot;copyright&quot;:&quot;&quot;,&quot;focal_length&quot;:&quot;0&quot;,&quot;iso&quot;:&quot;0&quot;,&quot;shutter_speed&quot;:&quot;0&quot;,&quot;title&quot;:&quot;&quot;,&quot;orientation&quot;:&quot;1&quot;}\" data-image-title=\"pesquisadores UFLA\" data-image-description=\"\" data-image-caption=\"\" data-medium-file=\"https:\/\/i0.wp.com\/www.tvuai.com.br\/portal\/wp-content\/uploads\/2022\/09\/pesquisadores-UFLA.jpg?fit=300%2C200&amp;ssl=1\" data-large-file=\"https:\/\/i0.wp.com\/www.tvuai.com.br\/portal\/wp-content\/uploads\/2022\/09\/pesquisadores-UFLA.jpg?fit=600%2C400&amp;ssl=1\" tabindex=\"0\" role=\"button\" class=\"aligncenter size-full wp-image-4924\" src=\"https:\/\/i0.wp.com\/www.tvuai.com.br\/portal\/wp-content\/uploads\/2022\/09\/pesquisadores-UFLA.jpg?resize=600%2C400&#038;ssl=1\" alt=\"\" width=\"600\" height=\"400\" srcset=\"https:\/\/i0.wp.com\/www.tvuai.com.br\/portal\/wp-content\/uploads\/2022\/09\/pesquisadores-UFLA.jpg?w=600&amp;ssl=1 600w, https:\/\/i0.wp.com\/www.tvuai.com.br\/portal\/wp-content\/uploads\/2022\/09\/pesquisadores-UFLA.jpg?resize=300%2C200&amp;ssl=1 300w\" sizes=\"(max-width: 600px) 100vw, 600px\" \/>Pesquisadores da Universidade Federal de Lavras (UFLA), em parceria com o Instituto de Pesquisas Ecol\u00f3gicas (Ip\u00ea), estudam h\u00e1 quatro anos os efeitos da gest\u00e3o conjunta dos recursos \u00e1gua, energia e alimento aos mananciais do Sistema Cantareira, em Minas Gerais e S\u00e3o Paulo. O estudo aponta que as atividades agr\u00edcolas realizadas no entorno dos reservat\u00f3rios podem impactar negativamente na manuten\u00e7\u00e3o e produ\u00e7\u00e3o de \u00e1gua.<\/p>\n<p>Os pesquisadores Bruno Montoani Silva e Junior Cesar Avanzi da Escola de Ci\u00eancias Agr\u00e1rias de Lavras (ESAL\/UFLA) e Rafael E. Chiodi da Faculdade de Ci\u00eancias Sociais Aplicadas (FCSA\/UFLA) explicam que para n\u00e3o faltar \u00e1gua nos reservat\u00f3rios nos per\u00edodos de estiagem, n\u00e3o basta apenas recuperar as \u00e1reas de mata ciliar, aquelas pr\u00f3ximas dos cursos d&#8217;\u00e1gua, \u00e9 preciso recuperar as \u00e1reas que est\u00e3o dentro da bacia hidrogr\u00e1fica, ou seja, um pouco mais distantes. Essas s\u00e3o muito importantes para a recarga, que ocorre quando a \u00e1gua, que entra no solo por meio da superf\u00edcie, alimenta o len\u00e7ol fre\u00e1tico e depois \u00e9 direcionada para os cursos d&#8217;\u00e1gua, e assim, chega ao reservat\u00f3rio.<\/p>\n<p>A pesquisa mostra ainda que as \u00e1reas com uso de floresta nativa e reflorestamento com eucalipto t\u00eam melhor contribu\u00eddo com o potencial de recarga de \u00e1gua no solo. Al\u00e9m disso, ao estudar os principais tipos de solo da regi\u00e3o, os pesquisadores conclu\u00edram que os Argissolos Vermelho-Amarelo e com cobertura florestal s\u00e3o os mais importantes para a infiltra\u00e7\u00e3o de \u00e1gua, por serem melhor estruturados e porosos, em compara\u00e7\u00e3o com os demais solo da regi\u00e3o. Outro ponto \u00e9 que a mata nativa e o eucalipto apresentaram maior taxa de infiltra\u00e7\u00e3o de \u00e1gua em rela\u00e7\u00e3o \u00e0s pastagens.<\/p>\n<p>Em rela\u00e7\u00e3o \u00e0s taxas de eros\u00e3o, cerca de 32,5% do Sistema Cantareira apresentaram valores de perdas de solo acima daqueles considerados toler\u00e1veis. &#8220;A ado\u00e7\u00e3o das melhores pr\u00e1ticas de manejo em \u00e1reas-alvo \u00e9 mais eficiente para reduzir oscila\u00e7\u00f5es temporais na disponibilidade h\u00eddrica do que apenas restaurar \u00e1reas de mata ciliar. Assim, o incremento da cobertura florestal ciliar, combinado com as melhores pr\u00e1ticas de manejo, \u00e9 uma estrat\u00e9gia interessante no contexto dos pagamentos por servi\u00e7os ambientais e promo\u00e7\u00e3o da sustentabilidade&#8221;, destaca o professor Junior Avanzi.<\/p>\n<p>O estudo tamb\u00e9m alerta para o fato de que a \u00e1rea de contribui\u00e7\u00e3o dos reservat\u00f3rios \u00e9 ocupada predominantemente por pastagens e eucaliptos, atividades cr\u00edticas para a conserva\u00e7\u00e3o dos recursos h\u00eddricos do Sistema Cantareira, devido ao modo como s\u00e3o manejadas. &#8220;Se o uso e manejo dos solos no entorno n\u00e3o for conservacionista, poder\u00e1 haver um preju\u00edzo para o produtor rural ao afetar o sucesso dos cultivos, pela compacta\u00e7\u00e3o, intensifica\u00e7\u00e3o do d\u00e9ficit h\u00eddrico, redu\u00e7\u00e3o da infiltra\u00e7\u00e3o de \u00e1gua no solo e aumento nos sedimentos oriundos de processos erosivos que podem assorear esses reservat\u00f3rios, diminuindo, assim, a sua vida \u00fatil&#8221;, explica o professor Bruno.<\/p>\n<p style=\"text-align: center\"><strong>Aplica\u00e7\u00e3o<\/strong><\/p>\n<p>A pesquisa integra o projeto &#8220;\u00c1gua, energia e alimento: aplica\u00e7\u00e3o da abordagem nexus para contribuir com a gest\u00e3o dos recursos naturais na \u00e1rea de contribui\u00e7\u00e3o do Sistema Produtor de \u00c1gua Cantareira&#8221;, financiado pelo Conselho Nacional de Desenvolvimento Cient\u00edfico e Tecnol\u00f3gico (CNPq).<\/p>\n<p>Os resultados da pesquisa est\u00e3o subsidiando a a\u00e7\u00e3o do Instituto de Pesquisas Ecol\u00f3gicas (IP\u00ca), parceiro do projeto, em algumas propriedades que est\u00e3o realizando a transi\u00e7\u00e3o do sistema de pastejo tradicional para o sistema de pastejo rotacionado, que promove v\u00e1rias melhorias na condi\u00e7\u00e3o do solo, por consequ\u00eancia, melhorias nas condi\u00e7\u00f5es dos recursos h\u00eddricos. Novos estudos devem ser realizados para avalia\u00e7\u00e3o desses resultados.<\/p>\n<p>\u00c9 v\u00e1lido destacar que o Sistema Cantareira \u00e9 um dos maiores sistemas de abastecimento do planeta. Por tal import\u00e2ncia, \u00e9 vital a ado\u00e7\u00e3o de pr\u00e1ticas de conserva\u00e7\u00e3o do solo e da \u00e1gua em sua \u00e1rea de contribui\u00e7\u00e3o.<\/p>\n\n<div style=\"font-size: 0px; height: 0px; line-height: 0px; margin: 0; padding: 0; clear: both;\"><\/div><div class='share-to-whatsapp-wrapper'><div class='share-on-whsp'>Share on: <\/div><a data-text='Pesquisadores da Universidade Federal de Lavras prop\u00f5em solu\u00e7\u00f5es para os mananciais do Sistema Cantareira' data-link='https:\/\/www.tvuai.com.br\/portal\/pesquisadores-da-universidade-federal-de-lavras-propoem-solucoes-para-os-mananciais-do-sistema-cantareira\/' class='whatsapp-button whatsapp-share'>WhatsApp<\/a><div class='clear '><\/div><\/div><!-- AddThis Advanced Settings generic via filter on the_content --><!-- AddThis Share Buttons generic via filter on the_content -->","protected":false},"excerpt":{"rendered":"<p>Pesquisadores da Universidade Federal de Lavras (UFLA), em parceria com o Instituto de Pesquisas Ecol\u00f3gicas (Ip\u00ea), estudam h\u00e1 quatro anos os efeitos da gest\u00e3o conjunta dos recursos \u00e1gua, energia e alimento aos mananciais do Sistema Cantareira, em Minas Gerais e S\u00e3o Paulo. O estudo aponta que as atividades agr\u00edcolas realizadas no entorno dos reservat\u00f3rios podem [&hellip;]<!-- AddThis Advanced Settings generic via filter on get_the_excerpt --><!-- AddThis Share Buttons generic via filter on get_the_excerpt --><\/p>\n","protected":false},"author":2,"featured_media":4925,"comment_status":"closed","ping_status":"closed","sticky":false,"template":"","format":"standard","meta":{"jetpack_post_was_ever_published":false,"_jetpack_newsletter_access":"","_jetpack_dont_email_post_to_subs":false,"_jetpack_newsletter_tier_id":0,"_jetpack_memberships_contains_paywalled_content":false,"_jetpack_memberships_contains_paid_content":false,"_joinchat":[],"footnotes":"","jetpack_publicize_message":"","jetpack_publicize_feature_enabled":true,"jetpack_social_post_already_shared":true,"jetpack_social_options":{"image_generator_settings":{"template":"highway","enabled":false},"version":2}},"categories":[19],"tags":[1193,1191,1194,37,1195,1192,39,27,131,1020],"class_list":["post-4922","post","type-post","status-publish","format-standard","has-post-thumbnail","hentry","category-noticias","tag-bruno-montoani-silva","tag-instituto-de-pesquisas-ecologicas-ipe","tag-junior-cesar-avanzi","tag-pouso-alegre","tag-rafael-e-chiodi","tag-sistema-cantareira","tag-sul-de-minas","tag-tv-uai","tag-ufla","tag-universidade-federal-de-lavras-ufla"],"jetpack_publicize_connections":[],"yoast_head":"<!-- This site is optimized with the Yoast SEO plugin v23.5 - https:\/\/yoast.com\/wordpress\/plugins\/seo\/ -->\n<title>Pesquisadores da Universidade Federal de Lavras prop\u00f5em solu\u00e7\u00f5es para os mananciais do Sistema Cantareira - TVUAI<\/title>\n<meta name=\"robots\" content=\"index, follow, max-snippet:-1, max-image-preview:large, max-video-preview:-1\" \/>\n<link rel=\"canonical\" href=\"https:\/\/www.tvuai.com.br\/portal\/pesquisadores-da-universidade-federal-de-lavras-propoem-solucoes-para-os-mananciais-do-sistema-cantareira\/\" \/>\n<meta property=\"og:locale\" content=\"pt_BR\" \/>\n<meta property=\"og:type\" content=\"article\" \/>\n<meta property=\"og:title\" content=\"Pesquisadores da Universidade Federal de Lavras prop\u00f5em solu\u00e7\u00f5es para os mananciais do Sistema Cantareira - TVUAI\" \/>\n<meta property=\"og:description\" content=\"Pesquisadores da Universidade Federal de Lavras (UFLA), em parceria com o Instituto de Pesquisas Ecol\u00f3gicas (Ip\u00ea), estudam h\u00e1 quatro anos os efeitos da gest\u00e3o conjunta dos recursos \u00e1gua, energia e alimento aos mananciais do Sistema Cantareira, em Minas Gerais e S\u00e3o Paulo. O estudo aponta que as atividades agr\u00edcolas realizadas no entorno dos reservat\u00f3rios podem [&hellip;]\" \/>\n<meta property=\"og:url\" content=\"https:\/\/www.tvuai.com.br\/portal\/pesquisadores-da-universidade-federal-de-lavras-propoem-solucoes-para-os-mananciais-do-sistema-cantareira\/\" \/>\n<meta property=\"og:site_name\" content=\"TVUAI\" \/>\n<meta property=\"article:publisher\" content=\"http:\/\/www.facebook.com\/pages\/TV-Uai-Comunica%c3%a7%c3%a3o\/139062546157369\" \/>\n<meta property=\"article:author\" content=\"https:\/\/www.facebook.com\/tvuai\/\" \/>\n<meta property=\"article:published_time\" content=\"2022-09-28T13:02:03+00:00\" \/>\n<meta property=\"article:modified_time\" content=\"2022-10-04T13:35:39+00:00\" \/>\n<meta property=\"og:image\" content=\"https:\/\/i0.wp.com\/www.tvuai.com.br\/portal\/wp-content\/uploads\/2022\/09\/pesquisadores-UFLA0.jpg?fit=200%2C200&ssl=1\" \/>\n\t<meta property=\"og:image:width\" content=\"200\" \/>\n\t<meta property=\"og:image:height\" content=\"200\" \/>\n\t<meta property=\"og:image:type\" content=\"image\/jpeg\" \/>\n<meta name=\"author\" content=\"Rosy Pantale\u00e3o\" \/>\n<meta name=\"twitter:card\" content=\"summary_large_image\" \/>\n<meta name=\"twitter:creator\" content=\"@tvuai\" \/>\n<meta name=\"twitter:site\" content=\"@tvuai\" \/>\n<meta name=\"twitter:label1\" content=\"Escrito por\" \/>\n\t<meta name=\"twitter:data1\" content=\"Rosy Pantale\u00e3o\" \/>\n\t<meta name=\"twitter:label2\" content=\"Est. tempo de leitura\" \/>\n\t<meta name=\"twitter:data2\" content=\"3 minutos\" \/>\n<script type=\"application\/ld+json\" class=\"yoast-schema-graph\">{\"@context\":\"https:\/\/schema.org\",\"@graph\":[{\"@type\":\"Article\",\"@id\":\"https:\/\/www.tvuai.com.br\/portal\/pesquisadores-da-universidade-federal-de-lavras-propoem-solucoes-para-os-mananciais-do-sistema-cantareira\/#article\",\"isPartOf\":{\"@id\":\"https:\/\/www.tvuai.com.br\/portal\/pesquisadores-da-universidade-federal-de-lavras-propoem-solucoes-para-os-mananciais-do-sistema-cantareira\/\"},\"author\":{\"name\":\"Rosy Pantale\u00e3o\",\"@id\":\"https:\/\/www.tvuai.com.br\/portal\/#\/schema\/person\/d1c5c2b1dc1e658906286802aad38555\"},\"headline\":\"Pesquisadores da Universidade Federal de Lavras prop\u00f5em solu\u00e7\u00f5es para os mananciais do Sistema Cantareira\",\"datePublished\":\"2022-09-28T13:02:03+00:00\",\"dateModified\":\"2022-10-04T13:35:39+00:00\",\"mainEntityOfPage\":{\"@id\":\"https:\/\/www.tvuai.com.br\/portal\/pesquisadores-da-universidade-federal-de-lavras-propoem-solucoes-para-os-mananciais-do-sistema-cantareira\/\"},\"wordCount\":682,\"publisher\":{\"@id\":\"https:\/\/www.tvuai.com.br\/portal\/#organization\"},\"image\":{\"@id\":\"https:\/\/www.tvuai.com.br\/portal\/pesquisadores-da-universidade-federal-de-lavras-propoem-solucoes-para-os-mananciais-do-sistema-cantareira\/#primaryimage\"},\"thumbnailUrl\":\"https:\/\/i0.wp.com\/www.tvuai.com.br\/portal\/wp-content\/uploads\/2022\/09\/pesquisadores-UFLA0.jpg?fit=200%2C200&ssl=1\",\"keywords\":[\"Bruno Montoani Silva\",\"Instituto de Pesquisas Ecol\u00f3gicas (Ip\u00ea)\",\"Junior Cesar Avanzi\",\"Pouso Alegre\",\"Rafael E. Chiodi\",\"Sistema Cantareira\",\"Sul de Minas\",\"TV Uai\",\"UFLA\",\"Universidade Federal de Lavras (UFLA)\"],\"articleSection\":[\"Not\u00edcias\"],\"inLanguage\":\"pt-BR\"},{\"@type\":\"WebPage\",\"@id\":\"https:\/\/www.tvuai.com.br\/portal\/pesquisadores-da-universidade-federal-de-lavras-propoem-solucoes-para-os-mananciais-do-sistema-cantareira\/\",\"url\":\"https:\/\/www.tvuai.com.br\/portal\/pesquisadores-da-universidade-federal-de-lavras-propoem-solucoes-para-os-mananciais-do-sistema-cantareira\/\",\"name\":\"Pesquisadores da Universidade Federal de Lavras prop\u00f5em solu\u00e7\u00f5es para os mananciais do Sistema Cantareira - TVUAI\",\"isPartOf\":{\"@id\":\"https:\/\/www.tvuai.com.br\/portal\/#website\"},\"primaryImageOfPage\":{\"@id\":\"https:\/\/www.tvuai.com.br\/portal\/pesquisadores-da-universidade-federal-de-lavras-propoem-solucoes-para-os-mananciais-do-sistema-cantareira\/#primaryimage\"},\"image\":{\"@id\":\"https:\/\/www.tvuai.com.br\/portal\/pesquisadores-da-universidade-federal-de-lavras-propoem-solucoes-para-os-mananciais-do-sistema-cantareira\/#primaryimage\"},\"thumbnailUrl\":\"https:\/\/i0.wp.com\/www.tvuai.com.br\/portal\/wp-content\/uploads\/2022\/09\/pesquisadores-UFLA0.jpg?fit=200%2C200&ssl=1\",\"datePublished\":\"2022-09-28T13:02:03+00:00\",\"dateModified\":\"2022-10-04T13:35:39+00:00\",\"breadcrumb\":{\"@id\":\"https:\/\/www.tvuai.com.br\/portal\/pesquisadores-da-universidade-federal-de-lavras-propoem-solucoes-para-os-mananciais-do-sistema-cantareira\/#breadcrumb\"},\"inLanguage\":\"pt-BR\",\"potentialAction\":[{\"@type\":\"ReadAction\",\"target\":[\"https:\/\/www.tvuai.com.br\/portal\/pesquisadores-da-universidade-federal-de-lavras-propoem-solucoes-para-os-mananciais-do-sistema-cantareira\/\"]}]},{\"@type\":\"ImageObject\",\"inLanguage\":\"pt-BR\",\"@id\":\"https:\/\/www.tvuai.com.br\/portal\/pesquisadores-da-universidade-federal-de-lavras-propoem-solucoes-para-os-mananciais-do-sistema-cantareira\/#primaryimage\",\"url\":\"https:\/\/i0.wp.com\/www.tvuai.com.br\/portal\/wp-content\/uploads\/2022\/09\/pesquisadores-UFLA0.jpg?fit=200%2C200&ssl=1\",\"contentUrl\":\"https:\/\/i0.wp.com\/www.tvuai.com.br\/portal\/wp-content\/uploads\/2022\/09\/pesquisadores-UFLA0.jpg?fit=200%2C200&ssl=1\",\"width\":200,\"height\":200},{\"@type\":\"BreadcrumbList\",\"@id\":\"https:\/\/www.tvuai.com.br\/portal\/pesquisadores-da-universidade-federal-de-lavras-propoem-solucoes-para-os-mananciais-do-sistema-cantareira\/#breadcrumb\",\"itemListElement\":[{\"@type\":\"ListItem\",\"position\":1,\"name\":\"In\u00edcio\",\"item\":\"https:\/\/www.tvuai.com.br\/portal\/\"},{\"@type\":\"ListItem\",\"position\":2,\"name\":\"Pesquisadores da Universidade Federal de Lavras prop\u00f5em solu\u00e7\u00f5es para os mananciais do Sistema Cantareira\"}]},{\"@type\":\"WebSite\",\"@id\":\"https:\/\/www.tvuai.com.br\/portal\/#website\",\"url\":\"https:\/\/www.tvuai.com.br\/portal\/\",\"name\":\"TVUAI\",\"description\":\"Tudo sobre o Sul de Minas\",\"publisher\":{\"@id\":\"https:\/\/www.tvuai.com.br\/portal\/#organization\"},\"potentialAction\":[{\"@type\":\"SearchAction\",\"target\":{\"@type\":\"EntryPoint\",\"urlTemplate\":\"https:\/\/www.tvuai.com.br\/portal\/?s={search_term_string}\"},\"query-input\":{\"@type\":\"PropertyValueSpecification\",\"valueRequired\":true,\"valueName\":\"search_term_string\"}}],\"inLanguage\":\"pt-BR\"},{\"@type\":\"Organization\",\"@id\":\"https:\/\/www.tvuai.com.br\/portal\/#organization\",\"name\":\"TVUAI\",\"url\":\"https:\/\/www.tvuai.com.br\/portal\/\",\"logo\":{\"@type\":\"ImageObject\",\"inLanguage\":\"pt-BR\",\"@id\":\"https:\/\/www.tvuai.com.br\/portal\/#\/schema\/logo\/image\/\",\"url\":\"https:\/\/i0.wp.com\/www.tvuai.com.br\/portal\/wp-content\/uploads\/2017\/12\/logo_tvuai_100H.png?fit=207%2C100&ssl=1\",\"contentUrl\":\"https:\/\/i0.wp.com\/www.tvuai.com.br\/portal\/wp-content\/uploads\/2017\/12\/logo_tvuai_100H.png?fit=207%2C100&ssl=1\",\"width\":207,\"height\":100,\"caption\":\"TVUAI\"},\"image\":{\"@id\":\"https:\/\/www.tvuai.com.br\/portal\/#\/schema\/logo\/image\/\"},\"sameAs\":[\"http:\/\/www.facebook.com\/pages\/TV-Uai-Comunica\u00e7\u00e3o\/139062546157369\",\"https:\/\/x.com\/tvuai\",\"https:\/\/www.instagram.com\/tvuai_network\/\",\"https:\/\/www.youtube.com\/channel\/UCB7ZPB3wRv-OpoZ_09jmnkQ\"]},{\"@type\":\"Person\",\"@id\":\"https:\/\/www.tvuai.com.br\/portal\/#\/schema\/person\/d1c5c2b1dc1e658906286802aad38555\",\"name\":\"Rosy Pantale\u00e3o\",\"sameAs\":[\"https:\/\/www.tvuai.com.br\/portal\/\",\"https:\/\/www.facebook.com\/tvuai\/\",\"https:\/\/www.instagram.com\/tvuai\",\"https:\/\/x.com\/tvuai\",\"https:\/\/www.youtube.com\/channel\/UCB7ZPB3wRv-OpoZ_09jmnkQ\",\"tvuai\"],\"url\":\"https:\/\/www.tvuai.com.br\/portal\/author\/rosy\/\"}]}<\/script>\n<!-- \/ Yoast SEO plugin. -->","yoast_head_json":{"title":"Pesquisadores da Universidade Federal de Lavras prop\u00f5em solu\u00e7\u00f5es para os mananciais do Sistema Cantareira - TVUAI","robots":{"index":"index","follow":"follow","max-snippet":"max-snippet:-1","max-image-preview":"max-image-preview:large","max-video-preview":"max-video-preview:-1"},"canonical":"https:\/\/www.tvuai.com.br\/portal\/pesquisadores-da-universidade-federal-de-lavras-propoem-solucoes-para-os-mananciais-do-sistema-cantareira\/","og_locale":"pt_BR","og_type":"article","og_title":"Pesquisadores da Universidade Federal de Lavras prop\u00f5em solu\u00e7\u00f5es para os mananciais do Sistema Cantareira - TVUAI","og_description":"Pesquisadores da Universidade Federal de Lavras (UFLA), em parceria com o Instituto de Pesquisas Ecol\u00f3gicas (Ip\u00ea), estudam h\u00e1 quatro anos os efeitos da gest\u00e3o conjunta dos recursos \u00e1gua, energia e alimento aos mananciais do Sistema Cantareira, em Minas Gerais e S\u00e3o Paulo. O estudo aponta que as atividades agr\u00edcolas realizadas no entorno dos reservat\u00f3rios podem [&hellip;]","og_url":"https:\/\/www.tvuai.com.br\/portal\/pesquisadores-da-universidade-federal-de-lavras-propoem-solucoes-para-os-mananciais-do-sistema-cantareira\/","og_site_name":"TVUAI","article_publisher":"http:\/\/www.facebook.com\/pages\/TV-Uai-Comunica%c3%a7%c3%a3o\/139062546157369","article_author":"https:\/\/www.facebook.com\/tvuai\/","article_published_time":"2022-09-28T13:02:03+00:00","article_modified_time":"2022-10-04T13:35:39+00:00","og_image":[{"width":200,"height":200,"url":"https:\/\/i0.wp.com\/www.tvuai.com.br\/portal\/wp-content\/uploads\/2022\/09\/pesquisadores-UFLA0.jpg?fit=200%2C200&ssl=1","type":"image\/jpeg"}],"author":"Rosy Pantale\u00e3o","twitter_card":"summary_large_image","twitter_creator":"@tvuai","twitter_site":"@tvuai","twitter_misc":{"Escrito por":"Rosy Pantale\u00e3o","Est. tempo de leitura":"3 minutos"},"schema":{"@context":"https:\/\/schema.org","@graph":[{"@type":"Article","@id":"https:\/\/www.tvuai.com.br\/portal\/pesquisadores-da-universidade-federal-de-lavras-propoem-solucoes-para-os-mananciais-do-sistema-cantareira\/#article","isPartOf":{"@id":"https:\/\/www.tvuai.com.br\/portal\/pesquisadores-da-universidade-federal-de-lavras-propoem-solucoes-para-os-mananciais-do-sistema-cantareira\/"},"author":{"name":"Rosy Pantale\u00e3o","@id":"https:\/\/www.tvuai.com.br\/portal\/#\/schema\/person\/d1c5c2b1dc1e658906286802aad38555"},"headline":"Pesquisadores da Universidade Federal de Lavras prop\u00f5em solu\u00e7\u00f5es para os mananciais do Sistema Cantareira","datePublished":"2022-09-28T13:02:03+00:00","dateModified":"2022-10-04T13:35:39+00:00","mainEntityOfPage":{"@id":"https:\/\/www.tvuai.com.br\/portal\/pesquisadores-da-universidade-federal-de-lavras-propoem-solucoes-para-os-mananciais-do-sistema-cantareira\/"},"wordCount":682,"publisher":{"@id":"https:\/\/www.tvuai.com.br\/portal\/#organization"},"image":{"@id":"https:\/\/www.tvuai.com.br\/portal\/pesquisadores-da-universidade-federal-de-lavras-propoem-solucoes-para-os-mananciais-do-sistema-cantareira\/#primaryimage"},"thumbnailUrl":"https:\/\/i0.wp.com\/www.tvuai.com.br\/portal\/wp-content\/uploads\/2022\/09\/pesquisadores-UFLA0.jpg?fit=200%2C200&ssl=1","keywords":["Bruno Montoani Silva","Instituto de Pesquisas Ecol\u00f3gicas (Ip\u00ea)","Junior Cesar Avanzi","Pouso Alegre","Rafael E. Chiodi","Sistema Cantareira","Sul de Minas","TV Uai","UFLA","Universidade Federal de Lavras (UFLA)"],"articleSection":["Not\u00edcias"],"inLanguage":"pt-BR"},{"@type":"WebPage","@id":"https:\/\/www.tvuai.com.br\/portal\/pesquisadores-da-universidade-federal-de-lavras-propoem-solucoes-para-os-mananciais-do-sistema-cantareira\/","url":"https:\/\/www.tvuai.com.br\/portal\/pesquisadores-da-universidade-federal-de-lavras-propoem-solucoes-para-os-mananciais-do-sistema-cantareira\/","name":"Pesquisadores da Universidade Federal de Lavras prop\u00f5em solu\u00e7\u00f5es para os mananciais do Sistema Cantareira - TVUAI","isPartOf":{"@id":"https:\/\/www.tvuai.com.br\/portal\/#website"},"primaryImageOfPage":{"@id":"https:\/\/www.tvuai.com.br\/portal\/pesquisadores-da-universidade-federal-de-lavras-propoem-solucoes-para-os-mananciais-do-sistema-cantareira\/#primaryimage"},"image":{"@id":"https:\/\/www.tvuai.com.br\/portal\/pesquisadores-da-universidade-federal-de-lavras-propoem-solucoes-para-os-mananciais-do-sistema-cantareira\/#primaryimage"},"thumbnailUrl":"https:\/\/i0.wp.com\/www.tvuai.com.br\/portal\/wp-content\/uploads\/2022\/09\/pesquisadores-UFLA0.jpg?fit=200%2C200&ssl=1","datePublished":"2022-09-28T13:02:03+00:00","dateModified":"2022-10-04T13:35:39+00:00","breadcrumb":{"@id":"https:\/\/www.tvuai.com.br\/portal\/pesquisadores-da-universidade-federal-de-lavras-propoem-solucoes-para-os-mananciais-do-sistema-cantareira\/#breadcrumb"},"inLanguage":"pt-BR","potentialAction":[{"@type":"ReadAction","target":["https:\/\/www.tvuai.com.br\/portal\/pesquisadores-da-universidade-federal-de-lavras-propoem-solucoes-para-os-mananciais-do-sistema-cantareira\/"]}]},{"@type":"ImageObject","inLanguage":"pt-BR","@id":"https:\/\/www.tvuai.com.br\/portal\/pesquisadores-da-universidade-federal-de-lavras-propoem-solucoes-para-os-mananciais-do-sistema-cantareira\/#primaryimage","url":"https:\/\/i0.wp.com\/www.tvuai.com.br\/portal\/wp-content\/uploads\/2022\/09\/pesquisadores-UFLA0.jpg?fit=200%2C200&ssl=1","contentUrl":"https:\/\/i0.wp.com\/www.tvuai.com.br\/portal\/wp-content\/uploads\/2022\/09\/pesquisadores-UFLA0.jpg?fit=200%2C200&ssl=1","width":200,"height":200},{"@type":"BreadcrumbList","@id":"https:\/\/www.tvuai.com.br\/portal\/pesquisadores-da-universidade-federal-de-lavras-propoem-solucoes-para-os-mananciais-do-sistema-cantareira\/#breadcrumb","itemListElement":[{"@type":"ListItem","position":1,"name":"In\u00edcio","item":"https:\/\/www.tvuai.com.br\/portal\/"},{"@type":"ListItem","position":2,"name":"Pesquisadores da Universidade Federal de Lavras prop\u00f5em solu\u00e7\u00f5es para os mananciais do Sistema Cantareira"}]},{"@type":"WebSite","@id":"https:\/\/www.tvuai.com.br\/portal\/#website","url":"https:\/\/www.tvuai.com.br\/portal\/","name":"TVUAI","description":"Tudo sobre o Sul de Minas","publisher":{"@id":"https:\/\/www.tvuai.com.br\/portal\/#organization"},"potentialAction":[{"@type":"SearchAction","target":{"@type":"EntryPoint","urlTemplate":"https:\/\/www.tvuai.com.br\/portal\/?s={search_term_string}"},"query-input":{"@type":"PropertyValueSpecification","valueRequired":true,"valueName":"search_term_string"}}],"inLanguage":"pt-BR"},{"@type":"Organization","@id":"https:\/\/www.tvuai.com.br\/portal\/#organization","name":"TVUAI","url":"https:\/\/www.tvuai.com.br\/portal\/","logo":{"@type":"ImageObject","inLanguage":"pt-BR","@id":"https:\/\/www.tvuai.com.br\/portal\/#\/schema\/logo\/image\/","url":"https:\/\/i0.wp.com\/www.tvuai.com.br\/portal\/wp-content\/uploads\/2017\/12\/logo_tvuai_100H.png?fit=207%2C100&ssl=1","contentUrl":"https:\/\/i0.wp.com\/www.tvuai.com.br\/portal\/wp-content\/uploads\/2017\/12\/logo_tvuai_100H.png?fit=207%2C100&ssl=1","width":207,"height":100,"caption":"TVUAI"},"image":{"@id":"https:\/\/www.tvuai.com.br\/portal\/#\/schema\/logo\/image\/"},"sameAs":["http:\/\/www.facebook.com\/pages\/TV-Uai-Comunica\u00e7\u00e3o\/139062546157369","https:\/\/x.com\/tvuai","https:\/\/www.instagram.com\/tvuai_network\/","https:\/\/www.youtube.com\/channel\/UCB7ZPB3wRv-OpoZ_09jmnkQ"]},{"@type":"Person","@id":"https:\/\/www.tvuai.com.br\/portal\/#\/schema\/person\/d1c5c2b1dc1e658906286802aad38555","name":"Rosy Pantale\u00e3o","sameAs":["https:\/\/www.tvuai.com.br\/portal\/","https:\/\/www.facebook.com\/tvuai\/","https:\/\/www.instagram.com\/tvuai","https:\/\/x.com\/tvuai","https:\/\/www.youtube.com\/channel\/UCB7ZPB3wRv-OpoZ_09jmnkQ","tvuai"],"url":"https:\/\/www.tvuai.com.br\/portal\/author\/rosy\/"}]}},"jetpack_featured_media_url":"https:\/\/i0.wp.com\/www.tvuai.com.br\/portal\/wp-content\/uploads\/2022\/09\/pesquisadores-UFLA0.jpg?fit=200%2C200&ssl=1","wpmagazine_modules_lite_featured_media_urls":{"thumbnail":["https:\/\/i0.wp.com\/www.tvuai.com.br\/portal\/wp-content\/uploads\/2022\/09\/pesquisadores-UFLA0.jpg?resize=150%2C150&ssl=1",150,150,true],"cvmm-medium":["https:\/\/i0.wp.com\/www.tvuai.com.br\/portal\/wp-content\/uploads\/2022\/09\/pesquisadores-UFLA0.jpg?resize=200%2C200&ssl=1",200,200,true],"cvmm-medium-plus":["https:\/\/i0.wp.com\/www.tvuai.com.br\/portal\/wp-content\/uploads\/2022\/09\/pesquisadores-UFLA0.jpg?resize=200%2C200&ssl=1",200,200,true],"cvmm-portrait":["https:\/\/i0.wp.com\/www.tvuai.com.br\/portal\/wp-content\/uploads\/2022\/09\/pesquisadores-UFLA0.jpg?resize=200%2C200&ssl=1",200,200,true],"cvmm-medium-square":["https:\/\/i0.wp.com\/www.tvuai.com.br\/portal\/wp-content\/uploads\/2022\/09\/pesquisadores-UFLA0.jpg?resize=200%2C200&ssl=1",200,200,true],"cvmm-large":["https:\/\/i0.wp.com\/www.tvuai.com.br\/portal\/wp-content\/uploads\/2022\/09\/pesquisadores-UFLA0.jpg?resize=200%2C200&ssl=1",200,200,true],"cvmm-small":["https:\/\/i0.wp.com\/www.tvuai.com.br\/portal\/wp-content\/uploads\/2022\/09\/pesquisadores-UFLA0.jpg?resize=130%2C95&ssl=1",130,95,true],"full":["https:\/\/i0.wp.com\/www.tvuai.com.br\/portal\/wp-content\/uploads\/2022\/09\/pesquisadores-UFLA0.jpg?fit=200%2C200&ssl=1",200,200,false]},"categories_names":{"19":{"name":"Not\u00edcias","link":"https:\/\/www.tvuai.com.br\/portal\/category\/noticias\/"}},"tags_names":{"1193":{"name":"Bruno Montoani Silva","link":"https:\/\/www.tvuai.com.br\/portal\/tag\/bruno-montoani-silva\/"},"1191":{"name":"Instituto de Pesquisas Ecol\u00f3gicas (Ip\u00ea)","link":"https:\/\/www.tvuai.com.br\/portal\/tag\/instituto-de-pesquisas-ecologicas-ipe\/"},"1194":{"name":"Junior Cesar Avanzi","link":"https:\/\/www.tvuai.com.br\/portal\/tag\/junior-cesar-avanzi\/"},"37":{"name":"Pouso Alegre","link":"https:\/\/www.tvuai.com.br\/portal\/tag\/pouso-alegre\/"},"1195":{"name":"Rafael E. Chiodi","link":"https:\/\/www.tvuai.com.br\/portal\/tag\/rafael-e-chiodi\/"},"1192":{"name":"Sistema Cantareira","link":"https:\/\/www.tvuai.com.br\/portal\/tag\/sistema-cantareira\/"},"39":{"name":"Sul de Minas","link":"https:\/\/www.tvuai.com.br\/portal\/tag\/sul-de-minas\/"},"27":{"name":"TV Uai","link":"https:\/\/www.tvuai.com.br\/portal\/tag\/tv-uai\/"},"131":{"name":"UFLA","link":"https:\/\/www.tvuai.com.br\/portal\/tag\/ufla\/"},"1020":{"name":"Universidade Federal de Lavras (UFLA)","link":"https:\/\/www.tvuai.com.br\/portal\/tag\/universidade-federal-de-lavras-ufla\/"}},"comments_number":"0","jetpack_shortlink":"https:\/\/wp.me\/p9woix-1ho","jetpack_sharing_enabled":true,"_links":{"self":[{"href":"https:\/\/www.tvuai.com.br\/portal\/wp-json\/wp\/v2\/posts\/4922"}],"collection":[{"href":"https:\/\/www.tvuai.com.br\/portal\/wp-json\/wp\/v2\/posts"}],"about":[{"href":"https:\/\/www.tvuai.com.br\/portal\/wp-json\/wp\/v2\/types\/post"}],"author":[{"embeddable":true,"href":"https:\/\/www.tvuai.com.br\/portal\/wp-json\/wp\/v2\/users\/2"}],"replies":[{"embeddable":true,"href":"https:\/\/www.tvuai.com.br\/portal\/wp-json\/wp\/v2\/comments?post=4922"}],"version-history":[{"count":2,"href":"https:\/\/www.tvuai.com.br\/portal\/wp-json\/wp\/v2\/posts\/4922\/revisions"}],"predecessor-version":[{"id":4926,"href":"https:\/\/www.tvuai.com.br\/portal\/wp-json\/wp\/v2\/posts\/4922\/revisions\/4926"}],"wp:featuredmedia":[{"embeddable":true,"href":"https:\/\/www.tvuai.com.br\/portal\/wp-json\/wp\/v2\/media\/4925"}],"wp:attachment":[{"href":"https:\/\/www.tvuai.com.br\/portal\/wp-json\/wp\/v2\/media?parent=4922"}],"wp:term":[{"taxonomy":"category","embeddable":true,"href":"https:\/\/www.tvuai.com.br\/portal\/wp-json\/wp\/v2\/categories?post=4922"},{"taxonomy":"post_tag","embeddable":true,"href":"https:\/\/www.tvuai.com.br\/portal\/wp-json\/wp\/v2\/tags?post=4922"}],"curies":[{"name":"wp","href":"https:\/\/api.w.org\/{rel}","templated":true}]}}