{"id":4916,"date":"2022-09-28T12:04:44","date_gmt":"2022-09-28T15:04:44","guid":{"rendered":"https:\/\/www.tvuai.com.br\/portal\/?p=4916"},"modified":"2022-10-04T10:38:03","modified_gmt":"2022-10-04T13:38:03","slug":"industria-florestal-se-une-ao-ministerio-publico-do-trabalho-para-combater-trabalho-irregular-em-minas-gerais","status":"publish","type":"post","link":"https:\/\/www.tvuai.com.br\/portal\/industria-florestal-se-une-ao-ministerio-publico-do-trabalho-para-combater-trabalho-irregular-em-minas-gerais\/","title":{"rendered":"Ind\u00fastria Florestal se une ao Minist\u00e9rio P\u00fablico do Trabalho para combater trabalho irregular em Minas Gerais"},"content":{"rendered":"<div class=\"5a1038e0903b96d426fcfcc338703013\" data-index=\"1\" style=\"float: right; margin:10px 0 10px 10px;\">\n<script async src=\"https:\/\/pagead2.googlesyndication.com\/pagead\/js\/adsbygoogle.js?client=ca-pub-9945944833605257\"\r\n     crossorigin=\"anonymous\"><\/script>\r\n<ins class=\"adsbygoogle\"\r\n     style=\"display:block; text-align:center;\"\r\n     data-ad-layout=\"in-article\"\r\n     data-ad-format=\"fluid\"\r\n     data-ad-client=\"ca-pub-9945944833605257\"\r\n     data-ad-slot=\"2343923581\"><\/ins>\r\n<script>\r\n     (adsbygoogle = window.adsbygoogle || []).push({});\r\n<\/script>\n<\/div>\n<h5 style=\"text-align: center\"><em><strong><img data-recalc-dims=\"1\" fetchpriority=\"high\" decoding=\"async\" data-attachment-id=\"4918\" data-permalink=\"https:\/\/www.tvuai.com.br\/portal\/industria-florestal-se-une-ao-ministerio-publico-do-trabalho-para-combater-trabalho-irregular-em-minas-gerais\/amifmpt\/\" data-orig-file=\"https:\/\/i0.wp.com\/www.tvuai.com.br\/portal\/wp-content\/uploads\/2022\/09\/amifmpt.jpg?fit=600%2C399&amp;ssl=1\" data-orig-size=\"600,399\" data-comments-opened=\"0\" data-image-meta=\"{&quot;aperture&quot;:&quot;0&quot;,&quot;credit&quot;:&quot;&quot;,&quot;camera&quot;:&quot;&quot;,&quot;caption&quot;:&quot;&quot;,&quot;created_timestamp&quot;:&quot;0&quot;,&quot;copyright&quot;:&quot;&quot;,&quot;focal_length&quot;:&quot;0&quot;,&quot;iso&quot;:&quot;0&quot;,&quot;shutter_speed&quot;:&quot;0&quot;,&quot;title&quot;:&quot;&quot;,&quot;orientation&quot;:&quot;1&quot;}\" data-image-title=\"amifmpt\" data-image-description=\"\" data-image-caption=\"\" data-medium-file=\"https:\/\/i0.wp.com\/www.tvuai.com.br\/portal\/wp-content\/uploads\/2022\/09\/amifmpt.jpg?fit=300%2C200&amp;ssl=1\" data-large-file=\"https:\/\/i0.wp.com\/www.tvuai.com.br\/portal\/wp-content\/uploads\/2022\/09\/amifmpt.jpg?fit=600%2C399&amp;ssl=1\" tabindex=\"0\" role=\"button\" class=\"aligncenter size-full wp-image-4918\" src=\"https:\/\/i0.wp.com\/www.tvuai.com.br\/portal\/wp-content\/uploads\/2022\/09\/amifmpt.jpg?resize=600%2C399&#038;ssl=1\" alt=\"\" width=\"600\" height=\"399\" srcset=\"https:\/\/i0.wp.com\/www.tvuai.com.br\/portal\/wp-content\/uploads\/2022\/09\/amifmpt.jpg?w=600&amp;ssl=1 600w, https:\/\/i0.wp.com\/www.tvuai.com.br\/portal\/wp-content\/uploads\/2022\/09\/amifmpt.jpg?resize=300%2C200&amp;ssl=1 300w\" sizes=\"(max-width: 600px) 100vw, 600px\" \/>Compromisso firmado entre a Associa\u00e7\u00e3o Mineira da Ind\u00fastria Florestal (AMIF) e o Minist\u00e9rio P\u00fablico do Trabalho (MPT) refor\u00e7a compromisso contra trabalho infantil e em condi\u00e7\u00f5es an\u00e1logas \u00e0 escravid\u00e3o<\/strong><\/em><\/h5>\n<p>A Ind\u00fastria Florestal de Minas Gerais est\u00e1 engajada em promover a\u00e7\u00f5es de combate ao trabalho ilegal, infantil e em condi\u00e7\u00f5es an\u00e1logas \u00e0 escravid\u00e3o. As a\u00e7\u00f5es s\u00e3o refor\u00e7adas porque, ao longo das \u00faltimas d\u00e9cadas, a imagem do setor foi prejudicada por flagrantes de condi\u00e7\u00f5es irregulares de trabalho, praticadas por criminosos, sobretudo em locais com produ\u00e7\u00e3o de carv\u00e3o vegetal.<\/p>\n<p>Nesse sentido, a Associa\u00e7\u00e3o Mineira da Ind\u00fastria Florestal (AMIF), institui\u00e7\u00e3o que representa as 22 maiores empresas produtoras de florestas plantadas de Minas Gerais, firmou um Termo de Coopera\u00e7\u00e3o T\u00e9cnica com o Minist\u00e9rio P\u00fablico do Trabalho (MPT-MG). De acordo com o documento, a AMIF dever\u00e1 fomentar junto \u00e0s suas empresas associadas a manuten\u00e7\u00e3o e a promo\u00e7\u00e3o de boas pr\u00e1ticas trabalhistas em seus ambientes de atua\u00e7\u00e3o, al\u00e9m de multiplicar boas condutas respeitosas junto aos seus fornecedores.<\/p>\n<p>O Termo foi publicado no Di\u00e1rio Oficial da Uni\u00e3o (DOU) no in\u00edcio de setembro. A assinatura foi viabilizada em parceria com o Procurador-Chefe da Procuradoria Regional do Trabalho (PRT) da 3\u00aa Regi\u00e3o, Dr. Arl\u00e9lio de Carvalho Lage.<\/p>\n<p>De acordo com a Presidente da AMIF, Adriana Maugeri, o setor florestal que a Associa\u00e7\u00e3o representa almeja contribuir de maneira eficaz para erradicar o trabalho irregular em Minas Gerais. Adriana enfatiza que o setor \u00e9 vitrine da bioeconomia no estado e necessita que condutas criminosas sejam identificadas e devidamente punidas.<\/p>\n<p>&#8220;Infelizmente, ainda encontramos relatos de produtores rurais, sobretudo de carv\u00e3o vegetal, que mant\u00eam trabalho irregular, infantil e at\u00e9 mesmo an\u00e1logo \u00e0 escravid\u00e3o. Essa \u00e9 uma triste realidade que precisa ser eliminada, pois essas pessoas n\u00e3o s\u00e3o produtores rurais, s\u00e3o criminosos que merecem puni\u00e7\u00e3o exemplar. O verdadeiro produtor rural \u00e9 uma pessoa s\u00e9ria, que luta para prosperar, que atende ao nosso rigoroso arcabou\u00e7o legal brasileiro e jamais compactua com a\u00e7\u00f5es desumanas e indignas. \u00c9 inaceit\u00e1vel assistir estas condutas em pleno 2022. A inten\u00e7\u00e3o da AMIF e de suas empresas associadas \u00e9 contribuir com o Minist\u00e9rio P\u00fablico do Trabalho e com as for\u00e7as policiais do estado para acabar de vez com pr\u00e1ticas criminosas que contaminam o nosso honroso setor&#8221;, afirma Adriana Maugeri.<\/p>\n<p>Essa \u00e9 a primeira vez que a Ind\u00fastria Florestal mineira se une ao MPT-MG em um acordo com previs\u00e3o de dura\u00e7\u00e3o inicial de 60 meses. Para a vice-Procuradora-Chefe da PRT da 3\u00aa Regi\u00e3o, M\u00e1rcia Campos Duarte, o controle efetivo de pr\u00e1ticas de trabalho irregulares no setor \u00e9 um dos exerc\u00edcios mais complexos e discutidos na \u00faltima d\u00e9cada por \u00f3rg\u00e3os fiscalizadores.<\/p>\n<p>&#8220;A parceria entre AMIF e Minist\u00e9rio P\u00fablico do Trabalho \u00e9 de extrema relev\u00e2ncia para a efetividade das a\u00e7\u00f5es de combate \u00e0 submiss\u00e3o da pessoa humana ao trabalho an\u00e1logo \u00e0 escravid\u00e3o. Est\u00e1 claro que uma conduta socialmente respons\u00e1vel, que seja efetiva, perpassa todo o processo de extra\u00e7\u00e3o de mat\u00e9ria-prima e produ\u00e7\u00e3o. Esse acordo estabelece bases para a promo\u00e7\u00e3o de uma cadeia produtiva respons\u00e1vel, onde os participantes assumem o compromisso de recusar quaisquer formas de explora\u00e7\u00e3o&#8221;, explica M\u00e1rcia Campos.<\/p>\n<p style=\"text-align: center\"><strong>Objetivos de Desenvolvimento Sustent\u00e1vel da ONU<\/strong><\/p>\n<p><img data-recalc-dims=\"1\" decoding=\"async\" data-attachment-id=\"4920\" data-permalink=\"https:\/\/www.tvuai.com.br\/portal\/industria-florestal-se-une-ao-ministerio-publico-do-trabalho-para-combater-trabalho-irregular-em-minas-gerais\/amifmpt2\/\" data-orig-file=\"https:\/\/i0.wp.com\/www.tvuai.com.br\/portal\/wp-content\/uploads\/2022\/09\/amifmpt2.jpg?fit=300%2C168&amp;ssl=1\" data-orig-size=\"300,168\" data-comments-opened=\"0\" data-image-meta=\"{&quot;aperture&quot;:&quot;0&quot;,&quot;credit&quot;:&quot;&quot;,&quot;camera&quot;:&quot;&quot;,&quot;caption&quot;:&quot;&quot;,&quot;created_timestamp&quot;:&quot;0&quot;,&quot;copyright&quot;:&quot;&quot;,&quot;focal_length&quot;:&quot;0&quot;,&quot;iso&quot;:&quot;0&quot;,&quot;shutter_speed&quot;:&quot;0&quot;,&quot;title&quot;:&quot;&quot;,&quot;orientation&quot;:&quot;1&quot;}\" data-image-title=\"amifmpt2\" data-image-description=\"\" data-image-caption=\"\" data-medium-file=\"https:\/\/i0.wp.com\/www.tvuai.com.br\/portal\/wp-content\/uploads\/2022\/09\/amifmpt2.jpg?fit=300%2C168&amp;ssl=1\" data-large-file=\"https:\/\/i0.wp.com\/www.tvuai.com.br\/portal\/wp-content\/uploads\/2022\/09\/amifmpt2.jpg?fit=300%2C168&amp;ssl=1\" tabindex=\"0\" role=\"button\" class=\"size-full wp-image-4920 alignright\" src=\"https:\/\/i0.wp.com\/www.tvuai.com.br\/portal\/wp-content\/uploads\/2022\/09\/amifmpt2.jpg?resize=300%2C168&#038;ssl=1\" alt=\"\" width=\"300\" height=\"168\" \/>Minas Gerais \u00e9 o estado que possui a maior \u00e1rea com florestas plantadas do Brasil. No total, s\u00e3o 2,3 milh\u00f5es de hectares. Al\u00e9m disso, o setor que planta florestas em Minas tamb\u00e9m conserva mais de 1 milh\u00e3o de hectares de vegeta\u00e7\u00e3o nativa.<\/p>\n<p>A soma revela que s\u00e3o mais de 3,6 milh\u00f5es de hectares de vegeta\u00e7\u00e3o sob a responsabilidade da Ind\u00fastria Florestal mineira, o que representa mais de 6% da \u00e1rea total do estado. Os plantios florestais em Minas est\u00e3o presentes em 803 munic\u00edpios, o que representa mais de 90% do territ\u00f3rio mineiro.<\/p>\n<p>A presen\u00e7a alastrada em Minas Gerais faz da Ind\u00fastria Florestal uma cultura agr\u00edcola com alto poder de inclus\u00e3o social. Nesse cen\u00e1rio, a Presidente da AMIF, Adriana Maugeri, destaca que o setor cumpre 11 dos 17 Objetivos de Desenvolvimento Sustent\u00e1vel (ODS) da Organiza\u00e7\u00e3o das Na\u00e7\u00f5es Unidas (ONU).<\/p>\n<p>&#8220;Todos os dias o setor florestal de Minas contribui para a erradica\u00e7\u00e3o da pobreza, energia acess\u00edvel e limpa, inova\u00e7\u00e3o, redu\u00e7\u00e3o das desigualdades, cidades mais sustent\u00e1veis, consumos mais conscientes, combate \u00e0s altera\u00e7\u00f5es clim\u00e1ticas, justi\u00e7a, emprego digno e crescimento econ\u00f4mico. Essas contribui\u00e7\u00f5es s\u00e3o Objetivos de Desenvolvimento Sustent\u00e1vel da ONU&#8221;, explica.<\/p>\n<p>A Presidente cita os ODS para enfatizar que a produ\u00e7\u00e3o e o consumo de carv\u00e3o vegetal em Minas Gerais ficar\u00e3o cada vez mais comprometidos com a responsabilidade social e ambiental, metas mundiais estabelecidas pela ONU.<\/p>\n<p>&#8220;A sociedade est\u00e1 fortemente convidada a conhecer melhor as a\u00e7\u00f5es e os produtos da Ind\u00fastria Florestal mineira. Somos a certeza que o desenvolvimento econ\u00f4mico pode ser um forte aliado da conserva\u00e7\u00e3o ambiental e da redu\u00e7\u00e3o das desigualdades sociais&#8221;, finaliza Adriana Maugeri.<\/p>\n<h6 style=\"text-align: right\"><em><strong>Com informa\u00e7\u00f5es de Bruno Menezes\/Comunica\u00e7\u00e3o AMIF<\/strong><\/em><\/h6>\n\n<div style=\"font-size: 0px; height: 0px; line-height: 0px; margin: 0; padding: 0; clear: both;\"><\/div><div class='share-to-whatsapp-wrapper'><div class='share-on-whsp'>Share on: <\/div><a data-text='Ind\u00fastria Florestal se une ao Minist\u00e9rio P\u00fablico do Trabalho para combater trabalho irregular em Minas Gerais' data-link='https:\/\/www.tvuai.com.br\/portal\/industria-florestal-se-une-ao-ministerio-publico-do-trabalho-para-combater-trabalho-irregular-em-minas-gerais\/' class='whatsapp-button whatsapp-share'>WhatsApp<\/a><div class='clear '><\/div><\/div><!-- AddThis Advanced Settings generic via filter on the_content --><!-- AddThis Share Buttons generic via filter on the_content -->","protected":false},"excerpt":{"rendered":"<p>Compromisso firmado entre a Associa\u00e7\u00e3o Mineira da Ind\u00fastria Florestal (AMIF) e o Minist\u00e9rio P\u00fablico do Trabalho (MPT) refor\u00e7a compromisso contra trabalho infantil e em condi\u00e7\u00f5es an\u00e1logas \u00e0 escravid\u00e3o A Ind\u00fastria Florestal de Minas Gerais est\u00e1 engajada em promover a\u00e7\u00f5es de combate ao trabalho ilegal, infantil e em condi\u00e7\u00f5es an\u00e1logas \u00e0 escravid\u00e3o. As a\u00e7\u00f5es s\u00e3o refor\u00e7adas [&hellip;]<!-- AddThis Advanced Settings generic via filter on get_the_excerpt --><!-- AddThis Share Buttons generic via filter on get_the_excerpt --><\/p>\n","protected":false},"author":2,"featured_media":4919,"comment_status":"closed","ping_status":"closed","sticky":false,"template":"","format":"standard","meta":{"jetpack_post_was_ever_published":false,"_jetpack_newsletter_access":"","_jetpack_dont_email_post_to_subs":false,"_jetpack_newsletter_tier_id":0,"_jetpack_memberships_contains_paywalled_content":false,"_jetpack_memberships_contains_paid_content":false,"_joinchat":[],"footnotes":"","jetpack_publicize_message":"","jetpack_publicize_feature_enabled":true,"jetpack_social_post_already_shared":true,"jetpack_social_options":{"image_generator_settings":{"template":"highway","enabled":false},"version":2}},"categories":[19],"tags":[1188,1187,1185,1186,1189,1190,37,39,27],"class_list":["post-4916","post","type-post","status-publish","format-standard","has-post-thumbnail","hentry","category-noticias","tag-amif","tag-associacao-mineira-da-industria-florestal","tag-bruno-menezes","tag-industria-florestal-de-minas-gerais","tag-ministerio-publico-do-trabalho","tag-mpt-mg","tag-pouso-alegre","tag-sul-de-minas","tag-tv-uai"],"jetpack_publicize_connections":[],"yoast_head":"<!-- This site is optimized with the Yoast SEO plugin v23.5 - https:\/\/yoast.com\/wordpress\/plugins\/seo\/ -->\n<title>Ind\u00fastria Florestal se une ao Minist\u00e9rio P\u00fablico do Trabalho para combater trabalho irregular em Minas Gerais - TVUAI<\/title>\n<meta name=\"robots\" content=\"index, follow, max-snippet:-1, max-image-preview:large, max-video-preview:-1\" \/>\n<link rel=\"canonical\" href=\"https:\/\/www.tvuai.com.br\/portal\/industria-florestal-se-une-ao-ministerio-publico-do-trabalho-para-combater-trabalho-irregular-em-minas-gerais\/\" \/>\n<meta property=\"og:locale\" content=\"pt_BR\" \/>\n<meta property=\"og:type\" content=\"article\" \/>\n<meta property=\"og:title\" content=\"Ind\u00fastria Florestal se une ao Minist\u00e9rio P\u00fablico do Trabalho para combater trabalho irregular em Minas Gerais - TVUAI\" \/>\n<meta property=\"og:description\" content=\"Compromisso firmado entre a Associa\u00e7\u00e3o Mineira da Ind\u00fastria Florestal (AMIF) e o Minist\u00e9rio P\u00fablico do Trabalho (MPT) refor\u00e7a compromisso contra trabalho infantil e em condi\u00e7\u00f5es an\u00e1logas \u00e0 escravid\u00e3o A Ind\u00fastria Florestal de Minas Gerais est\u00e1 engajada em promover a\u00e7\u00f5es de combate ao trabalho ilegal, infantil e em condi\u00e7\u00f5es an\u00e1logas \u00e0 escravid\u00e3o. As a\u00e7\u00f5es s\u00e3o refor\u00e7adas [&hellip;]\" \/>\n<meta property=\"og:url\" content=\"https:\/\/www.tvuai.com.br\/portal\/industria-florestal-se-une-ao-ministerio-publico-do-trabalho-para-combater-trabalho-irregular-em-minas-gerais\/\" \/>\n<meta property=\"og:site_name\" content=\"TVUAI\" \/>\n<meta property=\"article:publisher\" content=\"http:\/\/www.facebook.com\/pages\/TV-Uai-Comunica%c3%a7%c3%a3o\/139062546157369\" \/>\n<meta property=\"article:author\" content=\"https:\/\/www.facebook.com\/tvuai\/\" \/>\n<meta property=\"article:published_time\" content=\"2022-09-28T15:04:44+00:00\" \/>\n<meta property=\"article:modified_time\" content=\"2022-10-04T13:38:03+00:00\" \/>\n<meta property=\"og:image\" content=\"https:\/\/i0.wp.com\/www.tvuai.com.br\/portal\/wp-content\/uploads\/2022\/09\/amifmpt0.jpg?fit=200%2C200&ssl=1\" \/>\n\t<meta property=\"og:image:width\" content=\"200\" \/>\n\t<meta property=\"og:image:height\" content=\"200\" \/>\n\t<meta property=\"og:image:type\" content=\"image\/jpeg\" \/>\n<meta name=\"author\" content=\"Rosy Pantale\u00e3o\" \/>\n<meta name=\"twitter:card\" content=\"summary_large_image\" \/>\n<meta name=\"twitter:creator\" content=\"@tvuai\" \/>\n<meta name=\"twitter:site\" content=\"@tvuai\" \/>\n<meta name=\"twitter:label1\" content=\"Escrito por\" \/>\n\t<meta name=\"twitter:data1\" content=\"Rosy Pantale\u00e3o\" \/>\n\t<meta name=\"twitter:label2\" content=\"Est. tempo de leitura\" \/>\n\t<meta name=\"twitter:data2\" content=\"4 minutos\" \/>\n<script type=\"application\/ld+json\" class=\"yoast-schema-graph\">{\"@context\":\"https:\/\/schema.org\",\"@graph\":[{\"@type\":\"Article\",\"@id\":\"https:\/\/www.tvuai.com.br\/portal\/industria-florestal-se-une-ao-ministerio-publico-do-trabalho-para-combater-trabalho-irregular-em-minas-gerais\/#article\",\"isPartOf\":{\"@id\":\"https:\/\/www.tvuai.com.br\/portal\/industria-florestal-se-une-ao-ministerio-publico-do-trabalho-para-combater-trabalho-irregular-em-minas-gerais\/\"},\"author\":{\"name\":\"Rosy Pantale\u00e3o\",\"@id\":\"https:\/\/www.tvuai.com.br\/portal\/#\/schema\/person\/d1c5c2b1dc1e658906286802aad38555\"},\"headline\":\"Ind\u00fastria Florestal se une ao Minist\u00e9rio P\u00fablico do Trabalho para combater trabalho irregular em Minas Gerais\",\"datePublished\":\"2022-09-28T15:04:44+00:00\",\"dateModified\":\"2022-10-04T13:38:03+00:00\",\"mainEntityOfPage\":{\"@id\":\"https:\/\/www.tvuai.com.br\/portal\/industria-florestal-se-une-ao-ministerio-publico-do-trabalho-para-combater-trabalho-irregular-em-minas-gerais\/\"},\"wordCount\":893,\"publisher\":{\"@id\":\"https:\/\/www.tvuai.com.br\/portal\/#organization\"},\"image\":{\"@id\":\"https:\/\/www.tvuai.com.br\/portal\/industria-florestal-se-une-ao-ministerio-publico-do-trabalho-para-combater-trabalho-irregular-em-minas-gerais\/#primaryimage\"},\"thumbnailUrl\":\"https:\/\/i0.wp.com\/www.tvuai.com.br\/portal\/wp-content\/uploads\/2022\/09\/amifmpt0.jpg?fit=200%2C200&ssl=1\",\"keywords\":[\"AMIF\",\"Associa\u00e7\u00e3o Mineira da Ind\u00fastria Florestal\",\"Bruno Menezes\",\"Ind\u00fastria Florestal de Minas Gerais\",\"Minist\u00e9rio P\u00fablico do Trabalho\",\"MPT-MG\",\"Pouso Alegre\",\"Sul de Minas\",\"TV Uai\"],\"articleSection\":[\"Not\u00edcias\"],\"inLanguage\":\"pt-BR\"},{\"@type\":\"WebPage\",\"@id\":\"https:\/\/www.tvuai.com.br\/portal\/industria-florestal-se-une-ao-ministerio-publico-do-trabalho-para-combater-trabalho-irregular-em-minas-gerais\/\",\"url\":\"https:\/\/www.tvuai.com.br\/portal\/industria-florestal-se-une-ao-ministerio-publico-do-trabalho-para-combater-trabalho-irregular-em-minas-gerais\/\",\"name\":\"Ind\u00fastria Florestal se une ao Minist\u00e9rio P\u00fablico do Trabalho para combater trabalho irregular em Minas Gerais - TVUAI\",\"isPartOf\":{\"@id\":\"https:\/\/www.tvuai.com.br\/portal\/#website\"},\"primaryImageOfPage\":{\"@id\":\"https:\/\/www.tvuai.com.br\/portal\/industria-florestal-se-une-ao-ministerio-publico-do-trabalho-para-combater-trabalho-irregular-em-minas-gerais\/#primaryimage\"},\"image\":{\"@id\":\"https:\/\/www.tvuai.com.br\/portal\/industria-florestal-se-une-ao-ministerio-publico-do-trabalho-para-combater-trabalho-irregular-em-minas-gerais\/#primaryimage\"},\"thumbnailUrl\":\"https:\/\/i0.wp.com\/www.tvuai.com.br\/portal\/wp-content\/uploads\/2022\/09\/amifmpt0.jpg?fit=200%2C200&ssl=1\",\"datePublished\":\"2022-09-28T15:04:44+00:00\",\"dateModified\":\"2022-10-04T13:38:03+00:00\",\"breadcrumb\":{\"@id\":\"https:\/\/www.tvuai.com.br\/portal\/industria-florestal-se-une-ao-ministerio-publico-do-trabalho-para-combater-trabalho-irregular-em-minas-gerais\/#breadcrumb\"},\"inLanguage\":\"pt-BR\",\"potentialAction\":[{\"@type\":\"ReadAction\",\"target\":[\"https:\/\/www.tvuai.com.br\/portal\/industria-florestal-se-une-ao-ministerio-publico-do-trabalho-para-combater-trabalho-irregular-em-minas-gerais\/\"]}]},{\"@type\":\"ImageObject\",\"inLanguage\":\"pt-BR\",\"@id\":\"https:\/\/www.tvuai.com.br\/portal\/industria-florestal-se-une-ao-ministerio-publico-do-trabalho-para-combater-trabalho-irregular-em-minas-gerais\/#primaryimage\",\"url\":\"https:\/\/i0.wp.com\/www.tvuai.com.br\/portal\/wp-content\/uploads\/2022\/09\/amifmpt0.jpg?fit=200%2C200&ssl=1\",\"contentUrl\":\"https:\/\/i0.wp.com\/www.tvuai.com.br\/portal\/wp-content\/uploads\/2022\/09\/amifmpt0.jpg?fit=200%2C200&ssl=1\",\"width\":200,\"height\":200},{\"@type\":\"BreadcrumbList\",\"@id\":\"https:\/\/www.tvuai.com.br\/portal\/industria-florestal-se-une-ao-ministerio-publico-do-trabalho-para-combater-trabalho-irregular-em-minas-gerais\/#breadcrumb\",\"itemListElement\":[{\"@type\":\"ListItem\",\"position\":1,\"name\":\"In\u00edcio\",\"item\":\"https:\/\/www.tvuai.com.br\/portal\/\"},{\"@type\":\"ListItem\",\"position\":2,\"name\":\"Ind\u00fastria Florestal se une ao Minist\u00e9rio P\u00fablico do Trabalho para combater trabalho irregular em Minas Gerais\"}]},{\"@type\":\"WebSite\",\"@id\":\"https:\/\/www.tvuai.com.br\/portal\/#website\",\"url\":\"https:\/\/www.tvuai.com.br\/portal\/\",\"name\":\"TVUAI\",\"description\":\"Tudo sobre o Sul de Minas\",\"publisher\":{\"@id\":\"https:\/\/www.tvuai.com.br\/portal\/#organization\"},\"potentialAction\":[{\"@type\":\"SearchAction\",\"target\":{\"@type\":\"EntryPoint\",\"urlTemplate\":\"https:\/\/www.tvuai.com.br\/portal\/?s={search_term_string}\"},\"query-input\":{\"@type\":\"PropertyValueSpecification\",\"valueRequired\":true,\"valueName\":\"search_term_string\"}}],\"inLanguage\":\"pt-BR\"},{\"@type\":\"Organization\",\"@id\":\"https:\/\/www.tvuai.com.br\/portal\/#organization\",\"name\":\"TVUAI\",\"url\":\"https:\/\/www.tvuai.com.br\/portal\/\",\"logo\":{\"@type\":\"ImageObject\",\"inLanguage\":\"pt-BR\",\"@id\":\"https:\/\/www.tvuai.com.br\/portal\/#\/schema\/logo\/image\/\",\"url\":\"https:\/\/i0.wp.com\/www.tvuai.com.br\/portal\/wp-content\/uploads\/2017\/12\/logo_tvuai_100H.png?fit=207%2C100&ssl=1\",\"contentUrl\":\"https:\/\/i0.wp.com\/www.tvuai.com.br\/portal\/wp-content\/uploads\/2017\/12\/logo_tvuai_100H.png?fit=207%2C100&ssl=1\",\"width\":207,\"height\":100,\"caption\":\"TVUAI\"},\"image\":{\"@id\":\"https:\/\/www.tvuai.com.br\/portal\/#\/schema\/logo\/image\/\"},\"sameAs\":[\"http:\/\/www.facebook.com\/pages\/TV-Uai-Comunica\u00e7\u00e3o\/139062546157369\",\"https:\/\/x.com\/tvuai\",\"https:\/\/www.instagram.com\/tvuai_network\/\",\"https:\/\/www.youtube.com\/channel\/UCB7ZPB3wRv-OpoZ_09jmnkQ\"]},{\"@type\":\"Person\",\"@id\":\"https:\/\/www.tvuai.com.br\/portal\/#\/schema\/person\/d1c5c2b1dc1e658906286802aad38555\",\"name\":\"Rosy Pantale\u00e3o\",\"sameAs\":[\"https:\/\/www.tvuai.com.br\/portal\/\",\"https:\/\/www.facebook.com\/tvuai\/\",\"https:\/\/www.instagram.com\/tvuai\",\"https:\/\/x.com\/tvuai\",\"https:\/\/www.youtube.com\/channel\/UCB7ZPB3wRv-OpoZ_09jmnkQ\",\"tvuai\"],\"url\":\"https:\/\/www.tvuai.com.br\/portal\/author\/rosy\/\"}]}<\/script>\n<!-- \/ Yoast SEO plugin. -->","yoast_head_json":{"title":"Ind\u00fastria Florestal se une ao Minist\u00e9rio P\u00fablico do Trabalho para combater trabalho irregular em Minas Gerais - TVUAI","robots":{"index":"index","follow":"follow","max-snippet":"max-snippet:-1","max-image-preview":"max-image-preview:large","max-video-preview":"max-video-preview:-1"},"canonical":"https:\/\/www.tvuai.com.br\/portal\/industria-florestal-se-une-ao-ministerio-publico-do-trabalho-para-combater-trabalho-irregular-em-minas-gerais\/","og_locale":"pt_BR","og_type":"article","og_title":"Ind\u00fastria Florestal se une ao Minist\u00e9rio P\u00fablico do Trabalho para combater trabalho irregular em Minas Gerais - TVUAI","og_description":"Compromisso firmado entre a Associa\u00e7\u00e3o Mineira da Ind\u00fastria Florestal (AMIF) e o Minist\u00e9rio P\u00fablico do Trabalho (MPT) refor\u00e7a compromisso contra trabalho infantil e em condi\u00e7\u00f5es an\u00e1logas \u00e0 escravid\u00e3o A Ind\u00fastria Florestal de Minas Gerais est\u00e1 engajada em promover a\u00e7\u00f5es de combate ao trabalho ilegal, infantil e em condi\u00e7\u00f5es an\u00e1logas \u00e0 escravid\u00e3o. As a\u00e7\u00f5es s\u00e3o refor\u00e7adas [&hellip;]","og_url":"https:\/\/www.tvuai.com.br\/portal\/industria-florestal-se-une-ao-ministerio-publico-do-trabalho-para-combater-trabalho-irregular-em-minas-gerais\/","og_site_name":"TVUAI","article_publisher":"http:\/\/www.facebook.com\/pages\/TV-Uai-Comunica%c3%a7%c3%a3o\/139062546157369","article_author":"https:\/\/www.facebook.com\/tvuai\/","article_published_time":"2022-09-28T15:04:44+00:00","article_modified_time":"2022-10-04T13:38:03+00:00","og_image":[{"width":200,"height":200,"url":"https:\/\/i0.wp.com\/www.tvuai.com.br\/portal\/wp-content\/uploads\/2022\/09\/amifmpt0.jpg?fit=200%2C200&ssl=1","type":"image\/jpeg"}],"author":"Rosy Pantale\u00e3o","twitter_card":"summary_large_image","twitter_creator":"@tvuai","twitter_site":"@tvuai","twitter_misc":{"Escrito por":"Rosy Pantale\u00e3o","Est. tempo de leitura":"4 minutos"},"schema":{"@context":"https:\/\/schema.org","@graph":[{"@type":"Article","@id":"https:\/\/www.tvuai.com.br\/portal\/industria-florestal-se-une-ao-ministerio-publico-do-trabalho-para-combater-trabalho-irregular-em-minas-gerais\/#article","isPartOf":{"@id":"https:\/\/www.tvuai.com.br\/portal\/industria-florestal-se-une-ao-ministerio-publico-do-trabalho-para-combater-trabalho-irregular-em-minas-gerais\/"},"author":{"name":"Rosy Pantale\u00e3o","@id":"https:\/\/www.tvuai.com.br\/portal\/#\/schema\/person\/d1c5c2b1dc1e658906286802aad38555"},"headline":"Ind\u00fastria Florestal se une ao Minist\u00e9rio P\u00fablico do Trabalho para combater trabalho irregular em Minas Gerais","datePublished":"2022-09-28T15:04:44+00:00","dateModified":"2022-10-04T13:38:03+00:00","mainEntityOfPage":{"@id":"https:\/\/www.tvuai.com.br\/portal\/industria-florestal-se-une-ao-ministerio-publico-do-trabalho-para-combater-trabalho-irregular-em-minas-gerais\/"},"wordCount":893,"publisher":{"@id":"https:\/\/www.tvuai.com.br\/portal\/#organization"},"image":{"@id":"https:\/\/www.tvuai.com.br\/portal\/industria-florestal-se-une-ao-ministerio-publico-do-trabalho-para-combater-trabalho-irregular-em-minas-gerais\/#primaryimage"},"thumbnailUrl":"https:\/\/i0.wp.com\/www.tvuai.com.br\/portal\/wp-content\/uploads\/2022\/09\/amifmpt0.jpg?fit=200%2C200&ssl=1","keywords":["AMIF","Associa\u00e7\u00e3o Mineira da Ind\u00fastria Florestal","Bruno Menezes","Ind\u00fastria Florestal de Minas Gerais","Minist\u00e9rio P\u00fablico do Trabalho","MPT-MG","Pouso Alegre","Sul de Minas","TV Uai"],"articleSection":["Not\u00edcias"],"inLanguage":"pt-BR"},{"@type":"WebPage","@id":"https:\/\/www.tvuai.com.br\/portal\/industria-florestal-se-une-ao-ministerio-publico-do-trabalho-para-combater-trabalho-irregular-em-minas-gerais\/","url":"https:\/\/www.tvuai.com.br\/portal\/industria-florestal-se-une-ao-ministerio-publico-do-trabalho-para-combater-trabalho-irregular-em-minas-gerais\/","name":"Ind\u00fastria Florestal se une ao Minist\u00e9rio P\u00fablico do Trabalho para combater trabalho irregular em Minas Gerais - TVUAI","isPartOf":{"@id":"https:\/\/www.tvuai.com.br\/portal\/#website"},"primaryImageOfPage":{"@id":"https:\/\/www.tvuai.com.br\/portal\/industria-florestal-se-une-ao-ministerio-publico-do-trabalho-para-combater-trabalho-irregular-em-minas-gerais\/#primaryimage"},"image":{"@id":"https:\/\/www.tvuai.com.br\/portal\/industria-florestal-se-une-ao-ministerio-publico-do-trabalho-para-combater-trabalho-irregular-em-minas-gerais\/#primaryimage"},"thumbnailUrl":"https:\/\/i0.wp.com\/www.tvuai.com.br\/portal\/wp-content\/uploads\/2022\/09\/amifmpt0.jpg?fit=200%2C200&ssl=1","datePublished":"2022-09-28T15:04:44+00:00","dateModified":"2022-10-04T13:38:03+00:00","breadcrumb":{"@id":"https:\/\/www.tvuai.com.br\/portal\/industria-florestal-se-une-ao-ministerio-publico-do-trabalho-para-combater-trabalho-irregular-em-minas-gerais\/#breadcrumb"},"inLanguage":"pt-BR","potentialAction":[{"@type":"ReadAction","target":["https:\/\/www.tvuai.com.br\/portal\/industria-florestal-se-une-ao-ministerio-publico-do-trabalho-para-combater-trabalho-irregular-em-minas-gerais\/"]}]},{"@type":"ImageObject","inLanguage":"pt-BR","@id":"https:\/\/www.tvuai.com.br\/portal\/industria-florestal-se-une-ao-ministerio-publico-do-trabalho-para-combater-trabalho-irregular-em-minas-gerais\/#primaryimage","url":"https:\/\/i0.wp.com\/www.tvuai.com.br\/portal\/wp-content\/uploads\/2022\/09\/amifmpt0.jpg?fit=200%2C200&ssl=1","contentUrl":"https:\/\/i0.wp.com\/www.tvuai.com.br\/portal\/wp-content\/uploads\/2022\/09\/amifmpt0.jpg?fit=200%2C200&ssl=1","width":200,"height":200},{"@type":"BreadcrumbList","@id":"https:\/\/www.tvuai.com.br\/portal\/industria-florestal-se-une-ao-ministerio-publico-do-trabalho-para-combater-trabalho-irregular-em-minas-gerais\/#breadcrumb","itemListElement":[{"@type":"ListItem","position":1,"name":"In\u00edcio","item":"https:\/\/www.tvuai.com.br\/portal\/"},{"@type":"ListItem","position":2,"name":"Ind\u00fastria Florestal se une ao Minist\u00e9rio P\u00fablico do Trabalho para combater trabalho irregular em Minas Gerais"}]},{"@type":"WebSite","@id":"https:\/\/www.tvuai.com.br\/portal\/#website","url":"https:\/\/www.tvuai.com.br\/portal\/","name":"TVUAI","description":"Tudo sobre o Sul de Minas","publisher":{"@id":"https:\/\/www.tvuai.com.br\/portal\/#organization"},"potentialAction":[{"@type":"SearchAction","target":{"@type":"EntryPoint","urlTemplate":"https:\/\/www.tvuai.com.br\/portal\/?s={search_term_string}"},"query-input":{"@type":"PropertyValueSpecification","valueRequired":true,"valueName":"search_term_string"}}],"inLanguage":"pt-BR"},{"@type":"Organization","@id":"https:\/\/www.tvuai.com.br\/portal\/#organization","name":"TVUAI","url":"https:\/\/www.tvuai.com.br\/portal\/","logo":{"@type":"ImageObject","inLanguage":"pt-BR","@id":"https:\/\/www.tvuai.com.br\/portal\/#\/schema\/logo\/image\/","url":"https:\/\/i0.wp.com\/www.tvuai.com.br\/portal\/wp-content\/uploads\/2017\/12\/logo_tvuai_100H.png?fit=207%2C100&ssl=1","contentUrl":"https:\/\/i0.wp.com\/www.tvuai.com.br\/portal\/wp-content\/uploads\/2017\/12\/logo_tvuai_100H.png?fit=207%2C100&ssl=1","width":207,"height":100,"caption":"TVUAI"},"image":{"@id":"https:\/\/www.tvuai.com.br\/portal\/#\/schema\/logo\/image\/"},"sameAs":["http:\/\/www.facebook.com\/pages\/TV-Uai-Comunica\u00e7\u00e3o\/139062546157369","https:\/\/x.com\/tvuai","https:\/\/www.instagram.com\/tvuai_network\/","https:\/\/www.youtube.com\/channel\/UCB7ZPB3wRv-OpoZ_09jmnkQ"]},{"@type":"Person","@id":"https:\/\/www.tvuai.com.br\/portal\/#\/schema\/person\/d1c5c2b1dc1e658906286802aad38555","name":"Rosy Pantale\u00e3o","sameAs":["https:\/\/www.tvuai.com.br\/portal\/","https:\/\/www.facebook.com\/tvuai\/","https:\/\/www.instagram.com\/tvuai","https:\/\/x.com\/tvuai","https:\/\/www.youtube.com\/channel\/UCB7ZPB3wRv-OpoZ_09jmnkQ","tvuai"],"url":"https:\/\/www.tvuai.com.br\/portal\/author\/rosy\/"}]}},"jetpack_featured_media_url":"https:\/\/i0.wp.com\/www.tvuai.com.br\/portal\/wp-content\/uploads\/2022\/09\/amifmpt0.jpg?fit=200%2C200&ssl=1","wpmagazine_modules_lite_featured_media_urls":{"thumbnail":["https:\/\/i0.wp.com\/www.tvuai.com.br\/portal\/wp-content\/uploads\/2022\/09\/amifmpt0.jpg?resize=150%2C150&ssl=1",150,150,true],"cvmm-medium":["https:\/\/i0.wp.com\/www.tvuai.com.br\/portal\/wp-content\/uploads\/2022\/09\/amifmpt0.jpg?resize=200%2C200&ssl=1",200,200,true],"cvmm-medium-plus":["https:\/\/i0.wp.com\/www.tvuai.com.br\/portal\/wp-content\/uploads\/2022\/09\/amifmpt0.jpg?resize=200%2C200&ssl=1",200,200,true],"cvmm-portrait":["https:\/\/i0.wp.com\/www.tvuai.com.br\/portal\/wp-content\/uploads\/2022\/09\/amifmpt0.jpg?resize=200%2C200&ssl=1",200,200,true],"cvmm-medium-square":["https:\/\/i0.wp.com\/www.tvuai.com.br\/portal\/wp-content\/uploads\/2022\/09\/amifmpt0.jpg?resize=200%2C200&ssl=1",200,200,true],"cvmm-large":["https:\/\/i0.wp.com\/www.tvuai.com.br\/portal\/wp-content\/uploads\/2022\/09\/amifmpt0.jpg?resize=200%2C200&ssl=1",200,200,true],"cvmm-small":["https:\/\/i0.wp.com\/www.tvuai.com.br\/portal\/wp-content\/uploads\/2022\/09\/amifmpt0.jpg?resize=130%2C95&ssl=1",130,95,true],"full":["https:\/\/i0.wp.com\/www.tvuai.com.br\/portal\/wp-content\/uploads\/2022\/09\/amifmpt0.jpg?fit=200%2C200&ssl=1",200,200,false]},"categories_names":{"19":{"name":"Not\u00edcias","link":"https:\/\/www.tvuai.com.br\/portal\/category\/noticias\/"}},"tags_names":{"1188":{"name":"AMIF","link":"https:\/\/www.tvuai.com.br\/portal\/tag\/amif\/"},"1187":{"name":"Associa\u00e7\u00e3o Mineira da Ind\u00fastria Florestal","link":"https:\/\/www.tvuai.com.br\/portal\/tag\/associacao-mineira-da-industria-florestal\/"},"1185":{"name":"Bruno Menezes","link":"https:\/\/www.tvuai.com.br\/portal\/tag\/bruno-menezes\/"},"1186":{"name":"Ind\u00fastria Florestal de Minas Gerais","link":"https:\/\/www.tvuai.com.br\/portal\/tag\/industria-florestal-de-minas-gerais\/"},"1189":{"name":"Minist\u00e9rio P\u00fablico do Trabalho","link":"https:\/\/www.tvuai.com.br\/portal\/tag\/ministerio-publico-do-trabalho\/"},"1190":{"name":"MPT-MG","link":"https:\/\/www.tvuai.com.br\/portal\/tag\/mpt-mg\/"},"37":{"name":"Pouso Alegre","link":"https:\/\/www.tvuai.com.br\/portal\/tag\/pouso-alegre\/"},"39":{"name":"Sul de Minas","link":"https:\/\/www.tvuai.com.br\/portal\/tag\/sul-de-minas\/"},"27":{"name":"TV Uai","link":"https:\/\/www.tvuai.com.br\/portal\/tag\/tv-uai\/"}},"comments_number":"0","jetpack_shortlink":"https:\/\/wp.me\/p9woix-1hi","jetpack_sharing_enabled":true,"_links":{"self":[{"href":"https:\/\/www.tvuai.com.br\/portal\/wp-json\/wp\/v2\/posts\/4916"}],"collection":[{"href":"https:\/\/www.tvuai.com.br\/portal\/wp-json\/wp\/v2\/posts"}],"about":[{"href":"https:\/\/www.tvuai.com.br\/portal\/wp-json\/wp\/v2\/types\/post"}],"author":[{"embeddable":true,"href":"https:\/\/www.tvuai.com.br\/portal\/wp-json\/wp\/v2\/users\/2"}],"replies":[{"embeddable":true,"href":"https:\/\/www.tvuai.com.br\/portal\/wp-json\/wp\/v2\/comments?post=4916"}],"version-history":[{"count":2,"href":"https:\/\/www.tvuai.com.br\/portal\/wp-json\/wp\/v2\/posts\/4916\/revisions"}],"predecessor-version":[{"id":4921,"href":"https:\/\/www.tvuai.com.br\/portal\/wp-json\/wp\/v2\/posts\/4916\/revisions\/4921"}],"wp:featuredmedia":[{"embeddable":true,"href":"https:\/\/www.tvuai.com.br\/portal\/wp-json\/wp\/v2\/media\/4919"}],"wp:attachment":[{"href":"https:\/\/www.tvuai.com.br\/portal\/wp-json\/wp\/v2\/media?parent=4916"}],"wp:term":[{"taxonomy":"category","embeddable":true,"href":"https:\/\/www.tvuai.com.br\/portal\/wp-json\/wp\/v2\/categories?post=4916"},{"taxonomy":"post_tag","embeddable":true,"href":"https:\/\/www.tvuai.com.br\/portal\/wp-json\/wp\/v2\/tags?post=4916"}],"curies":[{"name":"wp","href":"https:\/\/api.w.org\/{rel}","templated":true}]}}