{"id":4905,"date":"2022-09-28T13:05:29","date_gmt":"2022-09-28T16:05:29","guid":{"rendered":"https:\/\/www.tvuai.com.br\/portal\/?p=4905"},"modified":"2022-10-04T10:39:36","modified_gmt":"2022-10-04T13:39:36","slug":"pouso-alegre-recebera-quase-dois-milhoes-do-governo-federal-para-custear-transporte-publico-gratuito-a-idosos","status":"publish","type":"post","link":"https:\/\/www.tvuai.com.br\/portal\/pouso-alegre-recebera-quase-dois-milhoes-do-governo-federal-para-custear-transporte-publico-gratuito-a-idosos\/","title":{"rendered":"Pouso Alegre receber\u00e1 quase dois milh\u00f5es do governo federal para custear transporte p\u00fablico gratuito a idosos"},"content":{"rendered":"<div class=\"5a1038e0903b96d426fcfcc338703013\" data-index=\"1\" style=\"float: right; margin:10px 0 10px 10px;\">\n<script async src=\"https:\/\/pagead2.googlesyndication.com\/pagead\/js\/adsbygoogle.js?client=ca-pub-9945944833605257\"\r\n     crossorigin=\"anonymous\"><\/script>\r\n<ins class=\"adsbygoogle\"\r\n     style=\"display:block; text-align:center;\"\r\n     data-ad-layout=\"in-article\"\r\n     data-ad-format=\"fluid\"\r\n     data-ad-client=\"ca-pub-9945944833605257\"\r\n     data-ad-slot=\"2343923581\"><\/ins>\r\n<script>\r\n     (adsbygoogle = window.adsbygoogle || []).push({});\r\n<\/script>\n<\/div>\n<h5 style=\"text-align: center\"><em><strong><img data-recalc-dims=\"1\" fetchpriority=\"high\" decoding=\"async\" data-attachment-id=\"4907\" data-permalink=\"https:\/\/www.tvuai.com.br\/portal\/pouso-alegre-recebera-quase-dois-milhoes-do-governo-federal-para-custear-transporte-publico-gratuito-a-idosos\/passagem\/\" data-orig-file=\"https:\/\/i0.wp.com\/www.tvuai.com.br\/portal\/wp-content\/uploads\/2022\/09\/passagem.jpg?fit=500%2C320&amp;ssl=1\" data-orig-size=\"500,320\" data-comments-opened=\"0\" data-image-meta=\"{&quot;aperture&quot;:&quot;0&quot;,&quot;credit&quot;:&quot;&quot;,&quot;camera&quot;:&quot;&quot;,&quot;caption&quot;:&quot;&quot;,&quot;created_timestamp&quot;:&quot;0&quot;,&quot;copyright&quot;:&quot;&quot;,&quot;focal_length&quot;:&quot;0&quot;,&quot;iso&quot;:&quot;0&quot;,&quot;shutter_speed&quot;:&quot;0&quot;,&quot;title&quot;:&quot;&quot;,&quot;orientation&quot;:&quot;1&quot;}\" data-image-title=\"passagem\" data-image-description=\"\" data-image-caption=\"\" data-medium-file=\"https:\/\/i0.wp.com\/www.tvuai.com.br\/portal\/wp-content\/uploads\/2022\/09\/passagem.jpg?fit=300%2C192&amp;ssl=1\" data-large-file=\"https:\/\/i0.wp.com\/www.tvuai.com.br\/portal\/wp-content\/uploads\/2022\/09\/passagem.jpg?fit=500%2C320&amp;ssl=1\" tabindex=\"0\" role=\"button\" class=\"aligncenter size-full wp-image-4907\" src=\"https:\/\/i0.wp.com\/www.tvuai.com.br\/portal\/wp-content\/uploads\/2022\/09\/passagem.jpg?resize=500%2C320&#038;ssl=1\" alt=\"\" width=\"500\" height=\"320\" srcset=\"https:\/\/i0.wp.com\/www.tvuai.com.br\/portal\/wp-content\/uploads\/2022\/09\/passagem.jpg?w=500&amp;ssl=1 500w, https:\/\/i0.wp.com\/www.tvuai.com.br\/portal\/wp-content\/uploads\/2022\/09\/passagem.jpg?resize=300%2C192&amp;ssl=1 300w\" sizes=\"(max-width: 500px) 100vw, 500px\" \/> Dezenove estados, DF e 535 cidades receber\u00e3o aux\u00edlio para gratuidade de transporte p\u00fablico de idosos<\/strong><\/em><br \/>\n<em><strong>Ser\u00e3o disponibilizados R$ 2,5 bilh\u00f5es em recursos da Uni\u00e3o <\/strong><\/em><br \/>\n<em><strong>para reduzir os efeitos da eleva\u00e7\u00e3o do pre\u00e7o do petr\u00f3leo, combust\u00edveis e derivados<\/strong><\/em><\/h5>\n<p>O Minist\u00e9rio do Desenvolvimento Regional validou um total de 557 propostas para acesso aos recursos do Aux\u00edlio Emergencial \u00e0 Gratuidade das Pessoas Idosas no Transporte P\u00fablico Coletivo Urbano. A lista completa com os valores e cidades contempladas pode ser <a href=\"https:\/\/www.gov.br\/mdr\/pt-br\/acesso-a-informacao\/AuxilioEmergencialListafinal.pdf\"><span style=\"color: #000080\"><strong>acessada clicando aqui<\/strong><\/span><\/a>. Pouso Alegre receber\u00e1 R$ 1.876.555,12.<\/p>\n<p>Desse total, 535 planos de a\u00e7\u00e3o foram enviados por Prefeituras, 19 por governos estaduais, um pelo Governo do Distrito Federal e outros dois por empresas p\u00fablicas. As orienta\u00e7\u00f5es para o cumprimento das pr\u00f3ximas etapas de acesso aos recursos foram repassadas aos entes na \u00faltima segunda-feira,\u00a0 26, de acordo com o cronograma disposto na Portaria Interministerial n\u00ba 9\/2022.<\/p>\n<p>Ser\u00e3o destinados ao aux\u00edlio R$ 2,5 bilh\u00f5es em recursos da Uni\u00e3o. O montante servir\u00e1, exclusivamente, para o custeio da gratuidade de maiores de 65 anos em sistemas regulares de transporte p\u00fablico coletivo urbano, semiurbano ou metropolitano. A a\u00e7\u00e3o foi institu\u00edda por meio da Emenda Constitucional n\u00ba 123\/2022.<\/p>\n<p>\u201cO setor de transporte p\u00fablico foi um dos mais afetados da economia em decorr\u00eancia da pandemia do coronav\u00edrus, em raz\u00e3o da diminui\u00e7\u00e3o de circula\u00e7\u00e3o de pessoas nas cidades. Agora, temos esse aux\u00edlio que vai ajudar estados e munic\u00edpios a enfrentarem essa redu\u00e7\u00e3o\u201d, destaca o ministro do Desenvolvimento Regional, Daniel Ferreira.<\/p>\n<p>A execu\u00e7\u00e3o dos recursos ser\u00e1 descentralizada, por meio de transfer\u00eancias da Uni\u00e3o a \u00f3rg\u00e3os vinculados, munic\u00edpios, estados e ao Distrito Federal. Os entes federativos ser\u00e3o respons\u00e1veis pelo uso e distribui\u00e7\u00e3o dos recursos aos prestadores de servi\u00e7os, observando o equil\u00edbrio econ\u00f4mico-financeiro dos contratos.<\/p>\n<p style=\"text-align: center\"><strong>Repasse<\/strong><\/p>\n<p>O repasse de recursos aos entes federativos come\u00e7ar\u00e1 a ser efetuado a partir da pr\u00f3xima sexta-feira, 30. A data-limite de transfer\u00eancias do Aux\u00edlio pela Uni\u00e3o \u00e9 31 de dezembro deste ano. Todas as movimenta\u00e7\u00f5es de sa\u00eddas de valores ser\u00e3o classificadas e identificadas e ficar\u00e3o dispon\u00edveis para acompanhamento, presta\u00e7\u00e3o de contas e fiscaliza\u00e7\u00e3o.<\/p>\n<p>Nos casos em que houver sobras de recursos, eles ser\u00e3o devolvidos \u00e0 Conta \u00danica do Tesouro Nacional por meio da emiss\u00e3o e pagamento de Guia de Recolhimento da Uni\u00e3o eletr\u00f4nica.<\/p>\n<p>Os recursos aplicados em desconformidade com as regras estipuladas pelo Aux\u00edlio Emergencial \u00e0 Gratuidade das Pessoas Idosas no Transporte P\u00fablico Coletivo Urbano ser\u00e3o restitu\u00eddos \u00e0 Conta \u00danica do Tesouro Nacional, atualizados. O c\u00e1lculo ser\u00e1 feito com base na varia\u00e7\u00e3o da Taxa Referencial da Selic, acumulada mensalmente, at\u00e9 o \u00faltimo dia do m\u00eas anterior ao da devolu\u00e7\u00e3o dos recursos \u2013 tamb\u00e9m ser\u00e1 acrescido 1% de juros no m\u00eas da devolu\u00e7\u00e3o.<\/p>\n<p style=\"text-align: center\"><strong>Formas de repasse<\/strong><\/p>\n<p>O repasse dos recursos ser\u00e1 feito pela Uni\u00e3o aos entes federativos de forma proporcional \u00e0 popula\u00e7\u00e3o maior de 65 anos residente no Distrito Federal e nos munic\u00edpios brasileiros que t\u00eam servi\u00e7o de transporte intramunicipal regular em opera\u00e7\u00e3o. O c\u00e1lculo da quantidade de pessoas nessa faixa et\u00e1ria ser\u00e1 feito com base na estimativa mais atualizada publicada pelo Departamento de Inform\u00e1tica do Sistema \u00danico de Sa\u00fade (DataSUS), a partir de dados do Instituto Brasileiro de Geografia e Estat\u00edstica (IBGE).<\/p>\n<p style=\"text-align: center\"><strong>Tipos de sistemas de transporte p\u00fablico<\/strong><\/p>\n<p>A portaria que disp\u00f5e sobre os procedimentos para o aporte define ainda os tipos de sistemas de transporte p\u00fablico coletivo. O urbano se refere \u00e0quele prestado no espa\u00e7o urbano intramunicipal. J\u00e1 o metropolitano abrange os servi\u00e7os prestados de forma intermunicipal ou interestadual, com caracter\u00edsticas operacionais t\u00edpicas de transporte urbano, em cidades pertencentes a regi\u00f5es metropolitanas, aglomera\u00e7\u00f5es urbanas ou regi\u00f5es integradas de desenvolvimento (RIDEs).<\/p>\n<p>J\u00e1 o transporte p\u00fablico coletivo semiurbano compreende as atividades de transporte p\u00fablico coletivo de passageiros interestadual, com caracter\u00edsticas operacionais t\u00edpicas de transporte urbano, prestado pela Uni\u00e3o em \u00e1reas que transp\u00f5em os limites de um \u00fanico estado.<\/p>\n\n<div style=\"font-size: 0px; height: 0px; line-height: 0px; margin: 0; padding: 0; clear: both;\"><\/div><div class='share-to-whatsapp-wrapper'><div class='share-on-whsp'>Share on: <\/div><a data-text='Pouso Alegre receber\u00e1 quase dois milh\u00f5es do governo federal para custear transporte p\u00fablico gratuito a idosos' data-link='https:\/\/www.tvuai.com.br\/portal\/pouso-alegre-recebera-quase-dois-milhoes-do-governo-federal-para-custear-transporte-publico-gratuito-a-idosos\/' class='whatsapp-button whatsapp-share'>WhatsApp<\/a><div class='clear '><\/div><\/div><!-- AddThis Advanced Settings generic via filter on the_content --><!-- AddThis Share Buttons generic via filter on the_content -->","protected":false},"excerpt":{"rendered":"<p>Dezenove estados, DF e 535 cidades receber\u00e3o aux\u00edlio para gratuidade de transporte p\u00fablico de idosos Ser\u00e3o disponibilizados R$ 2,5 bilh\u00f5es em recursos da Uni\u00e3o para reduzir os efeitos da eleva\u00e7\u00e3o do pre\u00e7o do petr\u00f3leo, combust\u00edveis e derivados O Minist\u00e9rio do Desenvolvimento Regional validou um total de 557 propostas para acesso aos recursos do Aux\u00edlio Emergencial [&hellip;]<!-- AddThis Advanced Settings generic via filter on get_the_excerpt --><!-- AddThis Share Buttons generic via filter on get_the_excerpt --><\/p>\n","protected":false},"author":2,"featured_media":4908,"comment_status":"closed","ping_status":"closed","sticky":false,"template":"","format":"standard","meta":{"jetpack_post_was_ever_published":false,"_jetpack_newsletter_access":"","_jetpack_dont_email_post_to_subs":false,"_jetpack_newsletter_tier_id":0,"_jetpack_memberships_contains_paywalled_content":false,"_jetpack_memberships_contains_paid_content":false,"_joinchat":[],"footnotes":"","jetpack_publicize_message":"","jetpack_publicize_feature_enabled":true,"jetpack_social_post_already_shared":true,"jetpack_social_options":{"image_generator_settings":{"template":"highway","enabled":false},"version":2}},"categories":[19],"tags":[1177,1175,1178,1174,37,1176,1179,39,27],"class_list":["post-4905","post","type-post","status-publish","format-standard","has-post-thumbnail","hentry","category-noticias","tag-1177","tag-auxilio-emergencial-a-gratuidade-das-pessoas-idosas-no-transporte-publico-coletivo-urbano","tag-custeio-da-gratuidade-de-maiores-de-65-anos","tag-ministerio-do-desenvolvimento-regional","tag-pouso-alegre","tag-pouso-alegre-recebera-r-1-876-555","tag-recurso-federal-para-pouso-aegre","tag-sul-de-minas","tag-tv-uai"],"jetpack_publicize_connections":[],"yoast_head":"<!-- This site is optimized with the Yoast SEO plugin v23.5 - https:\/\/yoast.com\/wordpress\/plugins\/seo\/ -->\n<title>Pouso Alegre receber\u00e1 quase dois milh\u00f5es do governo federal para custear transporte p\u00fablico gratuito a idosos - TVUAI<\/title>\n<meta name=\"robots\" content=\"index, follow, max-snippet:-1, max-image-preview:large, max-video-preview:-1\" \/>\n<link rel=\"canonical\" href=\"https:\/\/www.tvuai.com.br\/portal\/pouso-alegre-recebera-quase-dois-milhoes-do-governo-federal-para-custear-transporte-publico-gratuito-a-idosos\/\" \/>\n<meta property=\"og:locale\" content=\"pt_BR\" \/>\n<meta property=\"og:type\" content=\"article\" \/>\n<meta property=\"og:title\" content=\"Pouso Alegre receber\u00e1 quase dois milh\u00f5es do governo federal para custear transporte p\u00fablico gratuito a idosos - TVUAI\" \/>\n<meta property=\"og:description\" content=\"Dezenove estados, DF e 535 cidades receber\u00e3o aux\u00edlio para gratuidade de transporte p\u00fablico de idosos Ser\u00e3o disponibilizados R$ 2,5 bilh\u00f5es em recursos da Uni\u00e3o para reduzir os efeitos da eleva\u00e7\u00e3o do pre\u00e7o do petr\u00f3leo, combust\u00edveis e derivados O Minist\u00e9rio do Desenvolvimento Regional validou um total de 557 propostas para acesso aos recursos do Aux\u00edlio Emergencial [&hellip;]\" \/>\n<meta property=\"og:url\" content=\"https:\/\/www.tvuai.com.br\/portal\/pouso-alegre-recebera-quase-dois-milhoes-do-governo-federal-para-custear-transporte-publico-gratuito-a-idosos\/\" \/>\n<meta property=\"og:site_name\" content=\"TVUAI\" \/>\n<meta property=\"article:publisher\" content=\"http:\/\/www.facebook.com\/pages\/TV-Uai-Comunica%c3%a7%c3%a3o\/139062546157369\" \/>\n<meta property=\"article:author\" content=\"https:\/\/www.facebook.com\/tvuai\/\" \/>\n<meta property=\"article:published_time\" content=\"2022-09-28T16:05:29+00:00\" \/>\n<meta property=\"article:modified_time\" content=\"2022-10-04T13:39:36+00:00\" \/>\n<meta property=\"og:image\" content=\"https:\/\/i0.wp.com\/www.tvuai.com.br\/portal\/wp-content\/uploads\/2022\/09\/passagem0.jpg?fit=200%2C200&ssl=1\" \/>\n\t<meta property=\"og:image:width\" content=\"200\" \/>\n\t<meta property=\"og:image:height\" content=\"200\" \/>\n\t<meta property=\"og:image:type\" content=\"image\/jpeg\" \/>\n<meta name=\"author\" content=\"Rosy Pantale\u00e3o\" \/>\n<meta name=\"twitter:card\" content=\"summary_large_image\" \/>\n<meta name=\"twitter:creator\" content=\"@tvuai\" \/>\n<meta name=\"twitter:site\" content=\"@tvuai\" \/>\n<meta name=\"twitter:label1\" content=\"Escrito por\" \/>\n\t<meta name=\"twitter:data1\" content=\"Rosy Pantale\u00e3o\" \/>\n\t<meta name=\"twitter:label2\" content=\"Est. tempo de leitura\" \/>\n\t<meta name=\"twitter:data2\" content=\"3 minutos\" \/>\n<script type=\"application\/ld+json\" class=\"yoast-schema-graph\">{\"@context\":\"https:\/\/schema.org\",\"@graph\":[{\"@type\":\"Article\",\"@id\":\"https:\/\/www.tvuai.com.br\/portal\/pouso-alegre-recebera-quase-dois-milhoes-do-governo-federal-para-custear-transporte-publico-gratuito-a-idosos\/#article\",\"isPartOf\":{\"@id\":\"https:\/\/www.tvuai.com.br\/portal\/pouso-alegre-recebera-quase-dois-milhoes-do-governo-federal-para-custear-transporte-publico-gratuito-a-idosos\/\"},\"author\":{\"name\":\"Rosy Pantale\u00e3o\",\"@id\":\"https:\/\/www.tvuai.com.br\/portal\/#\/schema\/person\/d1c5c2b1dc1e658906286802aad38555\"},\"headline\":\"Pouso Alegre receber\u00e1 quase dois milh\u00f5es do governo federal para custear transporte p\u00fablico gratuito a idosos\",\"datePublished\":\"2022-09-28T16:05:29+00:00\",\"dateModified\":\"2022-10-04T13:39:36+00:00\",\"mainEntityOfPage\":{\"@id\":\"https:\/\/www.tvuai.com.br\/portal\/pouso-alegre-recebera-quase-dois-milhoes-do-governo-federal-para-custear-transporte-publico-gratuito-a-idosos\/\"},\"wordCount\":711,\"publisher\":{\"@id\":\"https:\/\/www.tvuai.com.br\/portal\/#organization\"},\"image\":{\"@id\":\"https:\/\/www.tvuai.com.br\/portal\/pouso-alegre-recebera-quase-dois-milhoes-do-governo-federal-para-custear-transporte-publico-gratuito-a-idosos\/#primaryimage\"},\"thumbnailUrl\":\"https:\/\/i0.wp.com\/www.tvuai.com.br\/portal\/wp-content\/uploads\/2022\/09\/passagem0.jpg?fit=200%2C200&ssl=1\",\"keywords\":[\"12\",\"Aux\u00edlio Emergencial \u00e0 Gratuidade das Pessoas Idosas no Transporte P\u00fablico Coletivo Urbano\",\"custeio da gratuidade de maiores de 65 anos\",\"Minist\u00e9rio do Desenvolvimento Regional\",\"Pouso Alegre\",\"Pouso Alegre receber\u00e1 R$ 1.876.555\",\"recurso federal para Pouso Aegre\",\"Sul de Minas\",\"TV Uai\"],\"articleSection\":[\"Not\u00edcias\"],\"inLanguage\":\"pt-BR\"},{\"@type\":\"WebPage\",\"@id\":\"https:\/\/www.tvuai.com.br\/portal\/pouso-alegre-recebera-quase-dois-milhoes-do-governo-federal-para-custear-transporte-publico-gratuito-a-idosos\/\",\"url\":\"https:\/\/www.tvuai.com.br\/portal\/pouso-alegre-recebera-quase-dois-milhoes-do-governo-federal-para-custear-transporte-publico-gratuito-a-idosos\/\",\"name\":\"Pouso Alegre receber\u00e1 quase dois milh\u00f5es do governo federal para custear transporte p\u00fablico gratuito a idosos - TVUAI\",\"isPartOf\":{\"@id\":\"https:\/\/www.tvuai.com.br\/portal\/#website\"},\"primaryImageOfPage\":{\"@id\":\"https:\/\/www.tvuai.com.br\/portal\/pouso-alegre-recebera-quase-dois-milhoes-do-governo-federal-para-custear-transporte-publico-gratuito-a-idosos\/#primaryimage\"},\"image\":{\"@id\":\"https:\/\/www.tvuai.com.br\/portal\/pouso-alegre-recebera-quase-dois-milhoes-do-governo-federal-para-custear-transporte-publico-gratuito-a-idosos\/#primaryimage\"},\"thumbnailUrl\":\"https:\/\/i0.wp.com\/www.tvuai.com.br\/portal\/wp-content\/uploads\/2022\/09\/passagem0.jpg?fit=200%2C200&ssl=1\",\"datePublished\":\"2022-09-28T16:05:29+00:00\",\"dateModified\":\"2022-10-04T13:39:36+00:00\",\"breadcrumb\":{\"@id\":\"https:\/\/www.tvuai.com.br\/portal\/pouso-alegre-recebera-quase-dois-milhoes-do-governo-federal-para-custear-transporte-publico-gratuito-a-idosos\/#breadcrumb\"},\"inLanguage\":\"pt-BR\",\"potentialAction\":[{\"@type\":\"ReadAction\",\"target\":[\"https:\/\/www.tvuai.com.br\/portal\/pouso-alegre-recebera-quase-dois-milhoes-do-governo-federal-para-custear-transporte-publico-gratuito-a-idosos\/\"]}]},{\"@type\":\"ImageObject\",\"inLanguage\":\"pt-BR\",\"@id\":\"https:\/\/www.tvuai.com.br\/portal\/pouso-alegre-recebera-quase-dois-milhoes-do-governo-federal-para-custear-transporte-publico-gratuito-a-idosos\/#primaryimage\",\"url\":\"https:\/\/i0.wp.com\/www.tvuai.com.br\/portal\/wp-content\/uploads\/2022\/09\/passagem0.jpg?fit=200%2C200&ssl=1\",\"contentUrl\":\"https:\/\/i0.wp.com\/www.tvuai.com.br\/portal\/wp-content\/uploads\/2022\/09\/passagem0.jpg?fit=200%2C200&ssl=1\",\"width\":200,\"height\":200},{\"@type\":\"BreadcrumbList\",\"@id\":\"https:\/\/www.tvuai.com.br\/portal\/pouso-alegre-recebera-quase-dois-milhoes-do-governo-federal-para-custear-transporte-publico-gratuito-a-idosos\/#breadcrumb\",\"itemListElement\":[{\"@type\":\"ListItem\",\"position\":1,\"name\":\"In\u00edcio\",\"item\":\"https:\/\/www.tvuai.com.br\/portal\/\"},{\"@type\":\"ListItem\",\"position\":2,\"name\":\"Pouso Alegre receber\u00e1 quase dois milh\u00f5es do governo federal para custear transporte p\u00fablico gratuito a idosos\"}]},{\"@type\":\"WebSite\",\"@id\":\"https:\/\/www.tvuai.com.br\/portal\/#website\",\"url\":\"https:\/\/www.tvuai.com.br\/portal\/\",\"name\":\"TVUAI\",\"description\":\"Tudo sobre o Sul de Minas\",\"publisher\":{\"@id\":\"https:\/\/www.tvuai.com.br\/portal\/#organization\"},\"potentialAction\":[{\"@type\":\"SearchAction\",\"target\":{\"@type\":\"EntryPoint\",\"urlTemplate\":\"https:\/\/www.tvuai.com.br\/portal\/?s={search_term_string}\"},\"query-input\":{\"@type\":\"PropertyValueSpecification\",\"valueRequired\":true,\"valueName\":\"search_term_string\"}}],\"inLanguage\":\"pt-BR\"},{\"@type\":\"Organization\",\"@id\":\"https:\/\/www.tvuai.com.br\/portal\/#organization\",\"name\":\"TVUAI\",\"url\":\"https:\/\/www.tvuai.com.br\/portal\/\",\"logo\":{\"@type\":\"ImageObject\",\"inLanguage\":\"pt-BR\",\"@id\":\"https:\/\/www.tvuai.com.br\/portal\/#\/schema\/logo\/image\/\",\"url\":\"https:\/\/i0.wp.com\/www.tvuai.com.br\/portal\/wp-content\/uploads\/2017\/12\/logo_tvuai_100H.png?fit=207%2C100&ssl=1\",\"contentUrl\":\"https:\/\/i0.wp.com\/www.tvuai.com.br\/portal\/wp-content\/uploads\/2017\/12\/logo_tvuai_100H.png?fit=207%2C100&ssl=1\",\"width\":207,\"height\":100,\"caption\":\"TVUAI\"},\"image\":{\"@id\":\"https:\/\/www.tvuai.com.br\/portal\/#\/schema\/logo\/image\/\"},\"sameAs\":[\"http:\/\/www.facebook.com\/pages\/TV-Uai-Comunica\u00e7\u00e3o\/139062546157369\",\"https:\/\/x.com\/tvuai\",\"https:\/\/www.instagram.com\/tvuai_network\/\",\"https:\/\/www.youtube.com\/channel\/UCB7ZPB3wRv-OpoZ_09jmnkQ\"]},{\"@type\":\"Person\",\"@id\":\"https:\/\/www.tvuai.com.br\/portal\/#\/schema\/person\/d1c5c2b1dc1e658906286802aad38555\",\"name\":\"Rosy Pantale\u00e3o\",\"sameAs\":[\"https:\/\/www.tvuai.com.br\/portal\/\",\"https:\/\/www.facebook.com\/tvuai\/\",\"https:\/\/www.instagram.com\/tvuai\",\"https:\/\/x.com\/tvuai\",\"https:\/\/www.youtube.com\/channel\/UCB7ZPB3wRv-OpoZ_09jmnkQ\",\"tvuai\"],\"url\":\"https:\/\/www.tvuai.com.br\/portal\/author\/rosy\/\"}]}<\/script>\n<!-- \/ Yoast SEO plugin. -->","yoast_head_json":{"title":"Pouso Alegre receber\u00e1 quase dois milh\u00f5es do governo federal para custear transporte p\u00fablico gratuito a idosos - TVUAI","robots":{"index":"index","follow":"follow","max-snippet":"max-snippet:-1","max-image-preview":"max-image-preview:large","max-video-preview":"max-video-preview:-1"},"canonical":"https:\/\/www.tvuai.com.br\/portal\/pouso-alegre-recebera-quase-dois-milhoes-do-governo-federal-para-custear-transporte-publico-gratuito-a-idosos\/","og_locale":"pt_BR","og_type":"article","og_title":"Pouso Alegre receber\u00e1 quase dois milh\u00f5es do governo federal para custear transporte p\u00fablico gratuito a idosos - TVUAI","og_description":"Dezenove estados, DF e 535 cidades receber\u00e3o aux\u00edlio para gratuidade de transporte p\u00fablico de idosos Ser\u00e3o disponibilizados R$ 2,5 bilh\u00f5es em recursos da Uni\u00e3o para reduzir os efeitos da eleva\u00e7\u00e3o do pre\u00e7o do petr\u00f3leo, combust\u00edveis e derivados O Minist\u00e9rio do Desenvolvimento Regional validou um total de 557 propostas para acesso aos recursos do Aux\u00edlio Emergencial [&hellip;]","og_url":"https:\/\/www.tvuai.com.br\/portal\/pouso-alegre-recebera-quase-dois-milhoes-do-governo-federal-para-custear-transporte-publico-gratuito-a-idosos\/","og_site_name":"TVUAI","article_publisher":"http:\/\/www.facebook.com\/pages\/TV-Uai-Comunica%c3%a7%c3%a3o\/139062546157369","article_author":"https:\/\/www.facebook.com\/tvuai\/","article_published_time":"2022-09-28T16:05:29+00:00","article_modified_time":"2022-10-04T13:39:36+00:00","og_image":[{"width":200,"height":200,"url":"https:\/\/i0.wp.com\/www.tvuai.com.br\/portal\/wp-content\/uploads\/2022\/09\/passagem0.jpg?fit=200%2C200&ssl=1","type":"image\/jpeg"}],"author":"Rosy Pantale\u00e3o","twitter_card":"summary_large_image","twitter_creator":"@tvuai","twitter_site":"@tvuai","twitter_misc":{"Escrito por":"Rosy Pantale\u00e3o","Est. tempo de leitura":"3 minutos"},"schema":{"@context":"https:\/\/schema.org","@graph":[{"@type":"Article","@id":"https:\/\/www.tvuai.com.br\/portal\/pouso-alegre-recebera-quase-dois-milhoes-do-governo-federal-para-custear-transporte-publico-gratuito-a-idosos\/#article","isPartOf":{"@id":"https:\/\/www.tvuai.com.br\/portal\/pouso-alegre-recebera-quase-dois-milhoes-do-governo-federal-para-custear-transporte-publico-gratuito-a-idosos\/"},"author":{"name":"Rosy Pantale\u00e3o","@id":"https:\/\/www.tvuai.com.br\/portal\/#\/schema\/person\/d1c5c2b1dc1e658906286802aad38555"},"headline":"Pouso Alegre receber\u00e1 quase dois milh\u00f5es do governo federal para custear transporte p\u00fablico gratuito a idosos","datePublished":"2022-09-28T16:05:29+00:00","dateModified":"2022-10-04T13:39:36+00:00","mainEntityOfPage":{"@id":"https:\/\/www.tvuai.com.br\/portal\/pouso-alegre-recebera-quase-dois-milhoes-do-governo-federal-para-custear-transporte-publico-gratuito-a-idosos\/"},"wordCount":711,"publisher":{"@id":"https:\/\/www.tvuai.com.br\/portal\/#organization"},"image":{"@id":"https:\/\/www.tvuai.com.br\/portal\/pouso-alegre-recebera-quase-dois-milhoes-do-governo-federal-para-custear-transporte-publico-gratuito-a-idosos\/#primaryimage"},"thumbnailUrl":"https:\/\/i0.wp.com\/www.tvuai.com.br\/portal\/wp-content\/uploads\/2022\/09\/passagem0.jpg?fit=200%2C200&ssl=1","keywords":["12","Aux\u00edlio Emergencial \u00e0 Gratuidade das Pessoas Idosas no Transporte P\u00fablico Coletivo Urbano","custeio da gratuidade de maiores de 65 anos","Minist\u00e9rio do Desenvolvimento Regional","Pouso Alegre","Pouso Alegre receber\u00e1 R$ 1.876.555","recurso federal para Pouso Aegre","Sul de Minas","TV Uai"],"articleSection":["Not\u00edcias"],"inLanguage":"pt-BR"},{"@type":"WebPage","@id":"https:\/\/www.tvuai.com.br\/portal\/pouso-alegre-recebera-quase-dois-milhoes-do-governo-federal-para-custear-transporte-publico-gratuito-a-idosos\/","url":"https:\/\/www.tvuai.com.br\/portal\/pouso-alegre-recebera-quase-dois-milhoes-do-governo-federal-para-custear-transporte-publico-gratuito-a-idosos\/","name":"Pouso Alegre receber\u00e1 quase dois milh\u00f5es do governo federal para custear transporte p\u00fablico gratuito a idosos - TVUAI","isPartOf":{"@id":"https:\/\/www.tvuai.com.br\/portal\/#website"},"primaryImageOfPage":{"@id":"https:\/\/www.tvuai.com.br\/portal\/pouso-alegre-recebera-quase-dois-milhoes-do-governo-federal-para-custear-transporte-publico-gratuito-a-idosos\/#primaryimage"},"image":{"@id":"https:\/\/www.tvuai.com.br\/portal\/pouso-alegre-recebera-quase-dois-milhoes-do-governo-federal-para-custear-transporte-publico-gratuito-a-idosos\/#primaryimage"},"thumbnailUrl":"https:\/\/i0.wp.com\/www.tvuai.com.br\/portal\/wp-content\/uploads\/2022\/09\/passagem0.jpg?fit=200%2C200&ssl=1","datePublished":"2022-09-28T16:05:29+00:00","dateModified":"2022-10-04T13:39:36+00:00","breadcrumb":{"@id":"https:\/\/www.tvuai.com.br\/portal\/pouso-alegre-recebera-quase-dois-milhoes-do-governo-federal-para-custear-transporte-publico-gratuito-a-idosos\/#breadcrumb"},"inLanguage":"pt-BR","potentialAction":[{"@type":"ReadAction","target":["https:\/\/www.tvuai.com.br\/portal\/pouso-alegre-recebera-quase-dois-milhoes-do-governo-federal-para-custear-transporte-publico-gratuito-a-idosos\/"]}]},{"@type":"ImageObject","inLanguage":"pt-BR","@id":"https:\/\/www.tvuai.com.br\/portal\/pouso-alegre-recebera-quase-dois-milhoes-do-governo-federal-para-custear-transporte-publico-gratuito-a-idosos\/#primaryimage","url":"https:\/\/i0.wp.com\/www.tvuai.com.br\/portal\/wp-content\/uploads\/2022\/09\/passagem0.jpg?fit=200%2C200&ssl=1","contentUrl":"https:\/\/i0.wp.com\/www.tvuai.com.br\/portal\/wp-content\/uploads\/2022\/09\/passagem0.jpg?fit=200%2C200&ssl=1","width":200,"height":200},{"@type":"BreadcrumbList","@id":"https:\/\/www.tvuai.com.br\/portal\/pouso-alegre-recebera-quase-dois-milhoes-do-governo-federal-para-custear-transporte-publico-gratuito-a-idosos\/#breadcrumb","itemListElement":[{"@type":"ListItem","position":1,"name":"In\u00edcio","item":"https:\/\/www.tvuai.com.br\/portal\/"},{"@type":"ListItem","position":2,"name":"Pouso Alegre receber\u00e1 quase dois milh\u00f5es do governo federal para custear transporte p\u00fablico gratuito a idosos"}]},{"@type":"WebSite","@id":"https:\/\/www.tvuai.com.br\/portal\/#website","url":"https:\/\/www.tvuai.com.br\/portal\/","name":"TVUAI","description":"Tudo sobre o Sul de Minas","publisher":{"@id":"https:\/\/www.tvuai.com.br\/portal\/#organization"},"potentialAction":[{"@type":"SearchAction","target":{"@type":"EntryPoint","urlTemplate":"https:\/\/www.tvuai.com.br\/portal\/?s={search_term_string}"},"query-input":{"@type":"PropertyValueSpecification","valueRequired":true,"valueName":"search_term_string"}}],"inLanguage":"pt-BR"},{"@type":"Organization","@id":"https:\/\/www.tvuai.com.br\/portal\/#organization","name":"TVUAI","url":"https:\/\/www.tvuai.com.br\/portal\/","logo":{"@type":"ImageObject","inLanguage":"pt-BR","@id":"https:\/\/www.tvuai.com.br\/portal\/#\/schema\/logo\/image\/","url":"https:\/\/i0.wp.com\/www.tvuai.com.br\/portal\/wp-content\/uploads\/2017\/12\/logo_tvuai_100H.png?fit=207%2C100&ssl=1","contentUrl":"https:\/\/i0.wp.com\/www.tvuai.com.br\/portal\/wp-content\/uploads\/2017\/12\/logo_tvuai_100H.png?fit=207%2C100&ssl=1","width":207,"height":100,"caption":"TVUAI"},"image":{"@id":"https:\/\/www.tvuai.com.br\/portal\/#\/schema\/logo\/image\/"},"sameAs":["http:\/\/www.facebook.com\/pages\/TV-Uai-Comunica\u00e7\u00e3o\/139062546157369","https:\/\/x.com\/tvuai","https:\/\/www.instagram.com\/tvuai_network\/","https:\/\/www.youtube.com\/channel\/UCB7ZPB3wRv-OpoZ_09jmnkQ"]},{"@type":"Person","@id":"https:\/\/www.tvuai.com.br\/portal\/#\/schema\/person\/d1c5c2b1dc1e658906286802aad38555","name":"Rosy Pantale\u00e3o","sameAs":["https:\/\/www.tvuai.com.br\/portal\/","https:\/\/www.facebook.com\/tvuai\/","https:\/\/www.instagram.com\/tvuai","https:\/\/x.com\/tvuai","https:\/\/www.youtube.com\/channel\/UCB7ZPB3wRv-OpoZ_09jmnkQ","tvuai"],"url":"https:\/\/www.tvuai.com.br\/portal\/author\/rosy\/"}]}},"jetpack_featured_media_url":"https:\/\/i0.wp.com\/www.tvuai.com.br\/portal\/wp-content\/uploads\/2022\/09\/passagem0.jpg?fit=200%2C200&ssl=1","wpmagazine_modules_lite_featured_media_urls":{"thumbnail":["https:\/\/i0.wp.com\/www.tvuai.com.br\/portal\/wp-content\/uploads\/2022\/09\/passagem0.jpg?resize=150%2C150&ssl=1",150,150,true],"cvmm-medium":["https:\/\/i0.wp.com\/www.tvuai.com.br\/portal\/wp-content\/uploads\/2022\/09\/passagem0.jpg?resize=200%2C200&ssl=1",200,200,true],"cvmm-medium-plus":["https:\/\/i0.wp.com\/www.tvuai.com.br\/portal\/wp-content\/uploads\/2022\/09\/passagem0.jpg?resize=200%2C200&ssl=1",200,200,true],"cvmm-portrait":["https:\/\/i0.wp.com\/www.tvuai.com.br\/portal\/wp-content\/uploads\/2022\/09\/passagem0.jpg?resize=200%2C200&ssl=1",200,200,true],"cvmm-medium-square":["https:\/\/i0.wp.com\/www.tvuai.com.br\/portal\/wp-content\/uploads\/2022\/09\/passagem0.jpg?resize=200%2C200&ssl=1",200,200,true],"cvmm-large":["https:\/\/i0.wp.com\/www.tvuai.com.br\/portal\/wp-content\/uploads\/2022\/09\/passagem0.jpg?resize=200%2C200&ssl=1",200,200,true],"cvmm-small":["https:\/\/i0.wp.com\/www.tvuai.com.br\/portal\/wp-content\/uploads\/2022\/09\/passagem0.jpg?resize=130%2C95&ssl=1",130,95,true],"full":["https:\/\/i0.wp.com\/www.tvuai.com.br\/portal\/wp-content\/uploads\/2022\/09\/passagem0.jpg?fit=200%2C200&ssl=1",200,200,false]},"categories_names":{"19":{"name":"Not\u00edcias","link":"https:\/\/www.tvuai.com.br\/portal\/category\/noticias\/"}},"tags_names":{"1177":{"name":"12","link":"https:\/\/www.tvuai.com.br\/portal\/tag\/12\/"},"1175":{"name":"Aux\u00edlio Emergencial \u00e0 Gratuidade das Pessoas Idosas no Transporte P\u00fablico Coletivo Urbano","link":"https:\/\/www.tvuai.com.br\/portal\/tag\/auxilio-emergencial-a-gratuidade-das-pessoas-idosas-no-transporte-publico-coletivo-urbano\/"},"1178":{"name":"custeio da gratuidade de maiores de 65 anos","link":"https:\/\/www.tvuai.com.br\/portal\/tag\/custeio-da-gratuidade-de-maiores-de-65-anos\/"},"1174":{"name":"Minist\u00e9rio do Desenvolvimento Regional","link":"https:\/\/www.tvuai.com.br\/portal\/tag\/ministerio-do-desenvolvimento-regional\/"},"37":{"name":"Pouso Alegre","link":"https:\/\/www.tvuai.com.br\/portal\/tag\/pouso-alegre\/"},"1176":{"name":"Pouso Alegre receber\u00e1 R$ 1.876.555","link":"https:\/\/www.tvuai.com.br\/portal\/tag\/pouso-alegre-recebera-r-1-876-555\/"},"1179":{"name":"recurso federal para Pouso Aegre","link":"https:\/\/www.tvuai.com.br\/portal\/tag\/recurso-federal-para-pouso-aegre\/"},"39":{"name":"Sul de Minas","link":"https:\/\/www.tvuai.com.br\/portal\/tag\/sul-de-minas\/"},"27":{"name":"TV Uai","link":"https:\/\/www.tvuai.com.br\/portal\/tag\/tv-uai\/"}},"comments_number":"0","jetpack_shortlink":"https:\/\/wp.me\/p9woix-1h7","jetpack_sharing_enabled":true,"_links":{"self":[{"href":"https:\/\/www.tvuai.com.br\/portal\/wp-json\/wp\/v2\/posts\/4905"}],"collection":[{"href":"https:\/\/www.tvuai.com.br\/portal\/wp-json\/wp\/v2\/posts"}],"about":[{"href":"https:\/\/www.tvuai.com.br\/portal\/wp-json\/wp\/v2\/types\/post"}],"author":[{"embeddable":true,"href":"https:\/\/www.tvuai.com.br\/portal\/wp-json\/wp\/v2\/users\/2"}],"replies":[{"embeddable":true,"href":"https:\/\/www.tvuai.com.br\/portal\/wp-json\/wp\/v2\/comments?post=4905"}],"version-history":[{"count":3,"href":"https:\/\/www.tvuai.com.br\/portal\/wp-json\/wp\/v2\/posts\/4905\/revisions"}],"predecessor-version":[{"id":4910,"href":"https:\/\/www.tvuai.com.br\/portal\/wp-json\/wp\/v2\/posts\/4905\/revisions\/4910"}],"wp:featuredmedia":[{"embeddable":true,"href":"https:\/\/www.tvuai.com.br\/portal\/wp-json\/wp\/v2\/media\/4908"}],"wp:attachment":[{"href":"https:\/\/www.tvuai.com.br\/portal\/wp-json\/wp\/v2\/media?parent=4905"}],"wp:term":[{"taxonomy":"category","embeddable":true,"href":"https:\/\/www.tvuai.com.br\/portal\/wp-json\/wp\/v2\/categories?post=4905"},{"taxonomy":"post_tag","embeddable":true,"href":"https:\/\/www.tvuai.com.br\/portal\/wp-json\/wp\/v2\/tags?post=4905"}],"curies":[{"name":"wp","href":"https:\/\/api.w.org\/{rel}","templated":true}]}}