{"id":486,"date":"2019-01-04T09:39:31","date_gmt":"2019-01-04T11:39:31","guid":{"rendered":"http:\/\/www.tvuai.com.br\/portal\/?p=486"},"modified":"2023-09-17T07:39:16","modified_gmt":"2023-09-17T10:39:16","slug":"inatel-conquista-nota-4-no-igc-do-inep-e-esta-entre-as-melhores-do-pais","status":"publish","type":"post","link":"https:\/\/www.tvuai.com.br\/portal\/inatel-conquista-nota-4-no-igc-do-inep-e-esta-entre-as-melhores-do-pais\/","title":{"rendered":"Inatel conquista nota 4 no IGC do Inep e est\u00e1 entre as melhores do pa\u00eds"},"content":{"rendered":"<div class=\"5a1038e0903b96d426fcfcc338703013\" data-index=\"1\" style=\"float: right; margin:10px 0 10px 10px;\">\n<script async src=\"https:\/\/pagead2.googlesyndication.com\/pagead\/js\/adsbygoogle.js?client=ca-pub-9945944833605257\"\r\n     crossorigin=\"anonymous\"><\/script>\r\n<ins class=\"adsbygoogle\"\r\n     style=\"display:block; text-align:center;\"\r\n     data-ad-layout=\"in-article\"\r\n     data-ad-format=\"fluid\"\r\n     data-ad-client=\"ca-pub-9945944833605257\"\r\n     data-ad-slot=\"2343923581\"><\/ins>\r\n<script>\r\n     (adsbygoogle = window.adsbygoogle || []).push({});\r\n<\/script>\n<\/div>\n<p><img data-recalc-dims=\"1\" fetchpriority=\"high\" decoding=\"async\" data-attachment-id=\"487\" data-permalink=\"https:\/\/www.tvuai.com.br\/portal\/inatel-conquista-nota-4-no-igc-do-inep-e-esta-entre-as-melhores-do-pais\/inateligc\/\" data-orig-file=\"https:\/\/i0.wp.com\/www.tvuai.com.br\/portal\/wp-content\/uploads\/2019\/01\/Inateligc-e1546602803335.jpg?fit=200%2C133&amp;ssl=1\" data-orig-size=\"200,133\" data-comments-opened=\"0\" data-image-meta=\"{&quot;aperture&quot;:&quot;0&quot;,&quot;credit&quot;:&quot;&quot;,&quot;camera&quot;:&quot;&quot;,&quot;caption&quot;:&quot;&quot;,&quot;created_timestamp&quot;:&quot;0&quot;,&quot;copyright&quot;:&quot;&quot;,&quot;focal_length&quot;:&quot;0&quot;,&quot;iso&quot;:&quot;0&quot;,&quot;shutter_speed&quot;:&quot;0&quot;,&quot;title&quot;:&quot;&quot;,&quot;orientation&quot;:&quot;0&quot;}\" data-image-title=\"Inateligc\" data-image-description=\"\" data-image-caption=\"\" data-medium-file=\"https:\/\/i0.wp.com\/www.tvuai.com.br\/portal\/wp-content\/uploads\/2019\/01\/Inateligc-e1546602803335.jpg?fit=300%2C200&amp;ssl=1\" data-large-file=\"https:\/\/i0.wp.com\/www.tvuai.com.br\/portal\/wp-content\/uploads\/2019\/01\/Inateligc-e1546602803335.jpg?fit=200%2C133&amp;ssl=1\" tabindex=\"0\" role=\"button\" class=\"aligncenter size-full wp-image-487\" src=\"https:\/\/i0.wp.com\/www.tvuai.com.br\/portal\/wp-content\/uploads\/2019\/01\/Inateligc.jpg?resize=600%2C399\" alt=\"\" width=\"600\" height=\"399\" \/>Na \u00faltima publica\u00e7\u00e3o do INEP o Inatel subiu de nota tr\u00eas para quatro no \u00cdndice Geral de Cursos Avaliados (IGC). A nota m\u00e1xima \u00e9 cinco. O \u00edndice foi divulgado no \u00faltimo dia 18 de dezembro pelo Instituto Nacional de Estudos e Pesquisas Educacionais An\u00edsio Teixeira (Inep). O resultado divulgado aponta que o Inatel est\u00e1 no seleto grupo de institui\u00e7\u00f5es do pa\u00eds (20,5%), que receberam nota 4 e 5.<\/p>\n<p>Para o Diretor do Inatel, Carlos Nazareth Motta Marins, obter esta melhora e conquistar um IGC igual a 4 demonstra que o trabalho desenvolvido ao longo dos \u00faltimos 53 anos \u00e9 s\u00e9rio e comprometido com a qualidade. \u201cO aluno que n\u00f3s oferecemos para o mercado de trabalho \u00e9 muito bem aceito pelo fato de ele ter um conhecimento diferenciado. Oferecemos compet\u00eancias e habilidades que o habilitam a entrar no mercado de trabalho que demanda cada vez mais por profissionais com experi\u00eancia, o que \u00e9 dif\u00edcil se encontrar em outros rec\u00e9m-formados\u201d, comentou.<\/p>\n<p>Nazareth tamb\u00e9m ressalta que o programa educacional da institui\u00e7\u00e3o \u00e9 consistente e de qualidade, al\u00e9m de ser voltado para as demandas que a engenharia nacional necessita. \u201cO IGC 4 demonstra que estamos no caminho certo. O grande desafio para os pr\u00f3ximos anos \u00e9 fazer com que esta qualidade j\u00e1 presente em nossos cursos de engenharia acompanhe as tend\u00eancias educacionais do mundo que se transforma digitalmente. Para que possamos garantir o desenvolvimento dos nossos alunos e o fortalecimento dos nossos programas institucionais, continuamos fazendo investimentos significativos para que os nossos alunos desfrutem das melhores oportunidades profissionais, garantindo nosso alto \u00edndice de empregabilidade\u201d, comentou.<\/p>\n<p>\u201cSe analisarmos todas as institui\u00e7\u00f5es brasileiras estamos dentro de um grupo muito seleto, ou seja, apenas 20% de todas as institui\u00e7\u00f5es do Brasil obtiveram nota 4 ou 5 e isso nos enche de orgulho e fica o agradecimento para a toda a comunidade, para os professores, colaboradores que sempre colocam sua energia e talento na constru\u00e7\u00e3o de cursos cada vez melhores. O agradecimento tamb\u00e9m vai para os nossos alunos, afinal de contas \u00e9 o esfor\u00e7o deles que se traduz em nota. N\u00f3s temos certeza que este esfor\u00e7o se traduzir\u00e1 tamb\u00e9m na constru\u00e7\u00e3o de grandes carreiras. Ao longo da hist\u00f3ria da institui\u00e7\u00e3o, n\u00f3s vemos que nossos mais de 8.000 egressos conseguem fazer do Inatel, um nome de distin\u00e7\u00e3o no mercado de tecnologia e \u00e9 justamente esse comportamento de comprometimento dos alunos que faz o sucesso da nossa institui\u00e7\u00e3o\u201d, completou.<\/p>\n<p><strong>IGC<\/strong><br \/>\nO IGC \u00e9 um indicador de qualidade do ensino superior brasileiro. Ele \u00e9 calculado anualmente e leva em considera\u00e7\u00e3o uma s\u00e9rie de insumos como avalia\u00e7\u00e3o dos cursos de p\u00f3s-gradua\u00e7\u00e3o e distribui\u00e7\u00e3o dos estudantes entre cursos de gradua\u00e7\u00e3o e p\u00f3s.<\/p>\n<p>Entra no c\u00e1lculo tamb\u00e9m o Conceito Preliminar de Curso (CPC), que por sua vez \u00e9 calculado com base na nota dos estudantes no Exame Nacional de Desempenho dos Estudantes (Enade), no Indicador de Diferen\u00e7a entre os Desempenhos Esperado e Observado (IDD) &#8211; que mede o quanto o curso de gradua\u00e7\u00e3o agregou ao desenvolvimento do estudante &#8211; e no perfil dos professores.<\/p>\n\n<div style=\"font-size: 0px; height: 0px; line-height: 0px; margin: 0; padding: 0; clear: both;\"><\/div><div class='share-to-whatsapp-wrapper'><div class='share-on-whsp'>Share on: <\/div><a data-text='Inatel conquista nota 4 no IGC do Inep e est\u00e1 entre as melhores do pa\u00eds' data-link='https:\/\/www.tvuai.com.br\/portal\/inatel-conquista-nota-4-no-igc-do-inep-e-esta-entre-as-melhores-do-pais\/' class='whatsapp-button whatsapp-share'>WhatsApp<\/a><div class='clear '><\/div><\/div><!-- AddThis Advanced Settings generic via filter on the_content --><!-- AddThis Share Buttons generic via filter on the_content -->","protected":false},"excerpt":{"rendered":"<p>Na \u00faltima publica\u00e7\u00e3o do INEP o Inatel subiu de nota tr\u00eas para quatro no \u00cdndice Geral de Cursos Avaliados (IGC). A nota m\u00e1xima \u00e9 cinco. O \u00edndice foi divulgado no \u00faltimo dia 18 de dezembro pelo Instituto Nacional de Estudos e Pesquisas Educacionais An\u00edsio Teixeira (Inep). O resultado divulgado aponta que o Inatel est\u00e1 no [&hellip;]<!-- AddThis Advanced Settings generic via filter on get_the_excerpt --><!-- AddThis Share Buttons generic via filter on get_the_excerpt --><\/p>\n","protected":false},"author":2,"featured_media":487,"comment_status":"closed","ping_status":"closed","sticky":false,"template":"","format":"standard","meta":{"jetpack_post_was_ever_published":false,"_jetpack_newsletter_access":"","_jetpack_dont_email_post_to_subs":false,"_jetpack_newsletter_tier_id":0,"_jetpack_memberships_contains_paywalled_content":false,"_jetpack_memberships_contains_paid_content":false,"_joinchat":[],"footnotes":"","jetpack_publicize_message":"","jetpack_publicize_feature_enabled":true,"jetpack_social_post_already_shared":true,"jetpack_social_options":{"image_generator_settings":{"template":"highway","enabled":false},"version":2}},"categories":[1845,19],"tags":[],"class_list":["post-486","post","type-post","status-publish","format-standard","has-post-thumbnail","hentry","category-educacao","category-noticias"],"jetpack_publicize_connections":[],"yoast_head":"<!-- This site is optimized with the Yoast SEO plugin v23.5 - https:\/\/yoast.com\/wordpress\/plugins\/seo\/ -->\n<title>Inatel conquista nota 4 no IGC do Inep e est\u00e1 entre as melhores do pa\u00eds - TVUAI<\/title>\n<meta name=\"robots\" content=\"index, follow, max-snippet:-1, max-image-preview:large, max-video-preview:-1\" \/>\n<link rel=\"canonical\" href=\"https:\/\/www.tvuai.com.br\/portal\/inatel-conquista-nota-4-no-igc-do-inep-e-esta-entre-as-melhores-do-pais\/\" \/>\n<meta property=\"og:locale\" content=\"pt_BR\" \/>\n<meta property=\"og:type\" content=\"article\" \/>\n<meta property=\"og:title\" content=\"Inatel conquista nota 4 no IGC do Inep e est\u00e1 entre as melhores do pa\u00eds - TVUAI\" \/>\n<meta property=\"og:description\" content=\"Na \u00faltima publica\u00e7\u00e3o do INEP o Inatel subiu de nota tr\u00eas para quatro no \u00cdndice Geral de Cursos Avaliados (IGC). A nota m\u00e1xima \u00e9 cinco. O \u00edndice foi divulgado no \u00faltimo dia 18 de dezembro pelo Instituto Nacional de Estudos e Pesquisas Educacionais An\u00edsio Teixeira (Inep). O resultado divulgado aponta que o Inatel est\u00e1 no [&hellip;]\" \/>\n<meta property=\"og:url\" content=\"https:\/\/www.tvuai.com.br\/portal\/inatel-conquista-nota-4-no-igc-do-inep-e-esta-entre-as-melhores-do-pais\/\" \/>\n<meta property=\"og:site_name\" content=\"TVUAI\" \/>\n<meta property=\"article:publisher\" content=\"http:\/\/www.facebook.com\/pages\/TV-Uai-Comunica%c3%a7%c3%a3o\/139062546157369\" \/>\n<meta property=\"article:author\" content=\"https:\/\/www.facebook.com\/tvuai\/\" \/>\n<meta property=\"article:published_time\" content=\"2019-01-04T11:39:31+00:00\" \/>\n<meta property=\"article:modified_time\" content=\"2023-09-17T10:39:16+00:00\" \/>\n<meta property=\"og:image\" content=\"https:\/\/www.tvuai.com.br\/portal\/wp-content\/uploads\/2019\/01\/Inateligc-e1546602803335.jpg\" \/>\n\t<meta property=\"og:image:width\" content=\"200\" \/>\n\t<meta property=\"og:image:height\" content=\"133\" \/>\n\t<meta property=\"og:image:type\" content=\"image\/jpeg\" \/>\n<meta name=\"author\" content=\"Rosy Pantale\u00e3o\" \/>\n<meta name=\"twitter:card\" content=\"summary_large_image\" \/>\n<meta name=\"twitter:creator\" content=\"@tvuai\" \/>\n<meta name=\"twitter:site\" content=\"@tvuai\" \/>\n<meta name=\"twitter:label1\" content=\"Escrito por\" \/>\n\t<meta name=\"twitter:data1\" content=\"Rosy Pantale\u00e3o\" \/>\n\t<meta name=\"twitter:label2\" content=\"Est. tempo de leitura\" \/>\n\t<meta name=\"twitter:data2\" content=\"3 minutos\" \/>\n<script type=\"application\/ld+json\" class=\"yoast-schema-graph\">{\"@context\":\"https:\/\/schema.org\",\"@graph\":[{\"@type\":\"Article\",\"@id\":\"https:\/\/www.tvuai.com.br\/portal\/inatel-conquista-nota-4-no-igc-do-inep-e-esta-entre-as-melhores-do-pais\/#article\",\"isPartOf\":{\"@id\":\"https:\/\/www.tvuai.com.br\/portal\/inatel-conquista-nota-4-no-igc-do-inep-e-esta-entre-as-melhores-do-pais\/\"},\"author\":{\"name\":\"Rosy Pantale\u00e3o\",\"@id\":\"https:\/\/www.tvuai.com.br\/portal\/#\/schema\/person\/d1c5c2b1dc1e658906286802aad38555\"},\"headline\":\"Inatel conquista nota 4 no IGC do Inep e est\u00e1 entre as melhores do pa\u00eds\",\"datePublished\":\"2019-01-04T11:39:31+00:00\",\"dateModified\":\"2023-09-17T10:39:16+00:00\",\"mainEntityOfPage\":{\"@id\":\"https:\/\/www.tvuai.com.br\/portal\/inatel-conquista-nota-4-no-igc-do-inep-e-esta-entre-as-melhores-do-pais\/\"},\"wordCount\":536,\"publisher\":{\"@id\":\"https:\/\/www.tvuai.com.br\/portal\/#organization\"},\"image\":{\"@id\":\"https:\/\/www.tvuai.com.br\/portal\/inatel-conquista-nota-4-no-igc-do-inep-e-esta-entre-as-melhores-do-pais\/#primaryimage\"},\"thumbnailUrl\":\"https:\/\/i0.wp.com\/www.tvuai.com.br\/portal\/wp-content\/uploads\/2019\/01\/Inateligc-e1546602803335.jpg?fit=200%2C133&ssl=1\",\"articleSection\":[\"Educa\u00e7\u00e3o\",\"Not\u00edcias\"],\"inLanguage\":\"pt-BR\"},{\"@type\":\"WebPage\",\"@id\":\"https:\/\/www.tvuai.com.br\/portal\/inatel-conquista-nota-4-no-igc-do-inep-e-esta-entre-as-melhores-do-pais\/\",\"url\":\"https:\/\/www.tvuai.com.br\/portal\/inatel-conquista-nota-4-no-igc-do-inep-e-esta-entre-as-melhores-do-pais\/\",\"name\":\"Inatel conquista nota 4 no IGC do Inep e est\u00e1 entre as melhores do pa\u00eds - TVUAI\",\"isPartOf\":{\"@id\":\"https:\/\/www.tvuai.com.br\/portal\/#website\"},\"primaryImageOfPage\":{\"@id\":\"https:\/\/www.tvuai.com.br\/portal\/inatel-conquista-nota-4-no-igc-do-inep-e-esta-entre-as-melhores-do-pais\/#primaryimage\"},\"image\":{\"@id\":\"https:\/\/www.tvuai.com.br\/portal\/inatel-conquista-nota-4-no-igc-do-inep-e-esta-entre-as-melhores-do-pais\/#primaryimage\"},\"thumbnailUrl\":\"https:\/\/i0.wp.com\/www.tvuai.com.br\/portal\/wp-content\/uploads\/2019\/01\/Inateligc-e1546602803335.jpg?fit=200%2C133&ssl=1\",\"datePublished\":\"2019-01-04T11:39:31+00:00\",\"dateModified\":\"2023-09-17T10:39:16+00:00\",\"breadcrumb\":{\"@id\":\"https:\/\/www.tvuai.com.br\/portal\/inatel-conquista-nota-4-no-igc-do-inep-e-esta-entre-as-melhores-do-pais\/#breadcrumb\"},\"inLanguage\":\"pt-BR\",\"potentialAction\":[{\"@type\":\"ReadAction\",\"target\":[\"https:\/\/www.tvuai.com.br\/portal\/inatel-conquista-nota-4-no-igc-do-inep-e-esta-entre-as-melhores-do-pais\/\"]}]},{\"@type\":\"ImageObject\",\"inLanguage\":\"pt-BR\",\"@id\":\"https:\/\/www.tvuai.com.br\/portal\/inatel-conquista-nota-4-no-igc-do-inep-e-esta-entre-as-melhores-do-pais\/#primaryimage\",\"url\":\"https:\/\/i0.wp.com\/www.tvuai.com.br\/portal\/wp-content\/uploads\/2019\/01\/Inateligc-e1546602803335.jpg?fit=200%2C133&ssl=1\",\"contentUrl\":\"https:\/\/i0.wp.com\/www.tvuai.com.br\/portal\/wp-content\/uploads\/2019\/01\/Inateligc-e1546602803335.jpg?fit=200%2C133&ssl=1\",\"width\":200,\"height\":133},{\"@type\":\"BreadcrumbList\",\"@id\":\"https:\/\/www.tvuai.com.br\/portal\/inatel-conquista-nota-4-no-igc-do-inep-e-esta-entre-as-melhores-do-pais\/#breadcrumb\",\"itemListElement\":[{\"@type\":\"ListItem\",\"position\":1,\"name\":\"In\u00edcio\",\"item\":\"https:\/\/www.tvuai.com.br\/portal\/\"},{\"@type\":\"ListItem\",\"position\":2,\"name\":\"Inatel conquista nota 4 no IGC do Inep e est\u00e1 entre as melhores do pa\u00eds\"}]},{\"@type\":\"WebSite\",\"@id\":\"https:\/\/www.tvuai.com.br\/portal\/#website\",\"url\":\"https:\/\/www.tvuai.com.br\/portal\/\",\"name\":\"TVUAI\",\"description\":\"Tudo sobre o Sul de Minas\",\"publisher\":{\"@id\":\"https:\/\/www.tvuai.com.br\/portal\/#organization\"},\"potentialAction\":[{\"@type\":\"SearchAction\",\"target\":{\"@type\":\"EntryPoint\",\"urlTemplate\":\"https:\/\/www.tvuai.com.br\/portal\/?s={search_term_string}\"},\"query-input\":{\"@type\":\"PropertyValueSpecification\",\"valueRequired\":true,\"valueName\":\"search_term_string\"}}],\"inLanguage\":\"pt-BR\"},{\"@type\":\"Organization\",\"@id\":\"https:\/\/www.tvuai.com.br\/portal\/#organization\",\"name\":\"TVUAI\",\"url\":\"https:\/\/www.tvuai.com.br\/portal\/\",\"logo\":{\"@type\":\"ImageObject\",\"inLanguage\":\"pt-BR\",\"@id\":\"https:\/\/www.tvuai.com.br\/portal\/#\/schema\/logo\/image\/\",\"url\":\"https:\/\/i0.wp.com\/www.tvuai.com.br\/portal\/wp-content\/uploads\/2017\/12\/logo_tvuai_100H.png?fit=207%2C100&ssl=1\",\"contentUrl\":\"https:\/\/i0.wp.com\/www.tvuai.com.br\/portal\/wp-content\/uploads\/2017\/12\/logo_tvuai_100H.png?fit=207%2C100&ssl=1\",\"width\":207,\"height\":100,\"caption\":\"TVUAI\"},\"image\":{\"@id\":\"https:\/\/www.tvuai.com.br\/portal\/#\/schema\/logo\/image\/\"},\"sameAs\":[\"http:\/\/www.facebook.com\/pages\/TV-Uai-Comunica\u00e7\u00e3o\/139062546157369\",\"https:\/\/x.com\/tvuai\",\"https:\/\/www.instagram.com\/tvuai_network\/\",\"https:\/\/www.youtube.com\/channel\/UCB7ZPB3wRv-OpoZ_09jmnkQ\"]},{\"@type\":\"Person\",\"@id\":\"https:\/\/www.tvuai.com.br\/portal\/#\/schema\/person\/d1c5c2b1dc1e658906286802aad38555\",\"name\":\"Rosy Pantale\u00e3o\",\"sameAs\":[\"https:\/\/www.tvuai.com.br\/portal\/\",\"https:\/\/www.facebook.com\/tvuai\/\",\"https:\/\/www.instagram.com\/tvuai\",\"https:\/\/x.com\/tvuai\",\"https:\/\/www.youtube.com\/channel\/UCB7ZPB3wRv-OpoZ_09jmnkQ\",\"tvuai\"],\"url\":\"https:\/\/www.tvuai.com.br\/portal\/author\/rosy\/\"}]}<\/script>\n<!-- \/ Yoast SEO plugin. -->","yoast_head_json":{"title":"Inatel conquista nota 4 no IGC do Inep e est\u00e1 entre as melhores do pa\u00eds - TVUAI","robots":{"index":"index","follow":"follow","max-snippet":"max-snippet:-1","max-image-preview":"max-image-preview:large","max-video-preview":"max-video-preview:-1"},"canonical":"https:\/\/www.tvuai.com.br\/portal\/inatel-conquista-nota-4-no-igc-do-inep-e-esta-entre-as-melhores-do-pais\/","og_locale":"pt_BR","og_type":"article","og_title":"Inatel conquista nota 4 no IGC do Inep e est\u00e1 entre as melhores do pa\u00eds - TVUAI","og_description":"Na \u00faltima publica\u00e7\u00e3o do INEP o Inatel subiu de nota tr\u00eas para quatro no \u00cdndice Geral de Cursos Avaliados (IGC). A nota m\u00e1xima \u00e9 cinco. O \u00edndice foi divulgado no \u00faltimo dia 18 de dezembro pelo Instituto Nacional de Estudos e Pesquisas Educacionais An\u00edsio Teixeira (Inep). O resultado divulgado aponta que o Inatel est\u00e1 no [&hellip;]","og_url":"https:\/\/www.tvuai.com.br\/portal\/inatel-conquista-nota-4-no-igc-do-inep-e-esta-entre-as-melhores-do-pais\/","og_site_name":"TVUAI","article_publisher":"http:\/\/www.facebook.com\/pages\/TV-Uai-Comunica%c3%a7%c3%a3o\/139062546157369","article_author":"https:\/\/www.facebook.com\/tvuai\/","article_published_time":"2019-01-04T11:39:31+00:00","article_modified_time":"2023-09-17T10:39:16+00:00","og_image":[{"width":200,"height":133,"url":"https:\/\/www.tvuai.com.br\/portal\/wp-content\/uploads\/2019\/01\/Inateligc-e1546602803335.jpg","type":"image\/jpeg"}],"author":"Rosy Pantale\u00e3o","twitter_card":"summary_large_image","twitter_creator":"@tvuai","twitter_site":"@tvuai","twitter_misc":{"Escrito por":"Rosy Pantale\u00e3o","Est. tempo de leitura":"3 minutos"},"schema":{"@context":"https:\/\/schema.org","@graph":[{"@type":"Article","@id":"https:\/\/www.tvuai.com.br\/portal\/inatel-conquista-nota-4-no-igc-do-inep-e-esta-entre-as-melhores-do-pais\/#article","isPartOf":{"@id":"https:\/\/www.tvuai.com.br\/portal\/inatel-conquista-nota-4-no-igc-do-inep-e-esta-entre-as-melhores-do-pais\/"},"author":{"name":"Rosy Pantale\u00e3o","@id":"https:\/\/www.tvuai.com.br\/portal\/#\/schema\/person\/d1c5c2b1dc1e658906286802aad38555"},"headline":"Inatel conquista nota 4 no IGC do Inep e est\u00e1 entre as melhores do pa\u00eds","datePublished":"2019-01-04T11:39:31+00:00","dateModified":"2023-09-17T10:39:16+00:00","mainEntityOfPage":{"@id":"https:\/\/www.tvuai.com.br\/portal\/inatel-conquista-nota-4-no-igc-do-inep-e-esta-entre-as-melhores-do-pais\/"},"wordCount":536,"publisher":{"@id":"https:\/\/www.tvuai.com.br\/portal\/#organization"},"image":{"@id":"https:\/\/www.tvuai.com.br\/portal\/inatel-conquista-nota-4-no-igc-do-inep-e-esta-entre-as-melhores-do-pais\/#primaryimage"},"thumbnailUrl":"https:\/\/i0.wp.com\/www.tvuai.com.br\/portal\/wp-content\/uploads\/2019\/01\/Inateligc-e1546602803335.jpg?fit=200%2C133&ssl=1","articleSection":["Educa\u00e7\u00e3o","Not\u00edcias"],"inLanguage":"pt-BR"},{"@type":"WebPage","@id":"https:\/\/www.tvuai.com.br\/portal\/inatel-conquista-nota-4-no-igc-do-inep-e-esta-entre-as-melhores-do-pais\/","url":"https:\/\/www.tvuai.com.br\/portal\/inatel-conquista-nota-4-no-igc-do-inep-e-esta-entre-as-melhores-do-pais\/","name":"Inatel conquista nota 4 no IGC do Inep e est\u00e1 entre as melhores do pa\u00eds - TVUAI","isPartOf":{"@id":"https:\/\/www.tvuai.com.br\/portal\/#website"},"primaryImageOfPage":{"@id":"https:\/\/www.tvuai.com.br\/portal\/inatel-conquista-nota-4-no-igc-do-inep-e-esta-entre-as-melhores-do-pais\/#primaryimage"},"image":{"@id":"https:\/\/www.tvuai.com.br\/portal\/inatel-conquista-nota-4-no-igc-do-inep-e-esta-entre-as-melhores-do-pais\/#primaryimage"},"thumbnailUrl":"https:\/\/i0.wp.com\/www.tvuai.com.br\/portal\/wp-content\/uploads\/2019\/01\/Inateligc-e1546602803335.jpg?fit=200%2C133&ssl=1","datePublished":"2019-01-04T11:39:31+00:00","dateModified":"2023-09-17T10:39:16+00:00","breadcrumb":{"@id":"https:\/\/www.tvuai.com.br\/portal\/inatel-conquista-nota-4-no-igc-do-inep-e-esta-entre-as-melhores-do-pais\/#breadcrumb"},"inLanguage":"pt-BR","potentialAction":[{"@type":"ReadAction","target":["https:\/\/www.tvuai.com.br\/portal\/inatel-conquista-nota-4-no-igc-do-inep-e-esta-entre-as-melhores-do-pais\/"]}]},{"@type":"ImageObject","inLanguage":"pt-BR","@id":"https:\/\/www.tvuai.com.br\/portal\/inatel-conquista-nota-4-no-igc-do-inep-e-esta-entre-as-melhores-do-pais\/#primaryimage","url":"https:\/\/i0.wp.com\/www.tvuai.com.br\/portal\/wp-content\/uploads\/2019\/01\/Inateligc-e1546602803335.jpg?fit=200%2C133&ssl=1","contentUrl":"https:\/\/i0.wp.com\/www.tvuai.com.br\/portal\/wp-content\/uploads\/2019\/01\/Inateligc-e1546602803335.jpg?fit=200%2C133&ssl=1","width":200,"height":133},{"@type":"BreadcrumbList","@id":"https:\/\/www.tvuai.com.br\/portal\/inatel-conquista-nota-4-no-igc-do-inep-e-esta-entre-as-melhores-do-pais\/#breadcrumb","itemListElement":[{"@type":"ListItem","position":1,"name":"In\u00edcio","item":"https:\/\/www.tvuai.com.br\/portal\/"},{"@type":"ListItem","position":2,"name":"Inatel conquista nota 4 no IGC do Inep e est\u00e1 entre as melhores do pa\u00eds"}]},{"@type":"WebSite","@id":"https:\/\/www.tvuai.com.br\/portal\/#website","url":"https:\/\/www.tvuai.com.br\/portal\/","name":"TVUAI","description":"Tudo sobre o Sul de Minas","publisher":{"@id":"https:\/\/www.tvuai.com.br\/portal\/#organization"},"potentialAction":[{"@type":"SearchAction","target":{"@type":"EntryPoint","urlTemplate":"https:\/\/www.tvuai.com.br\/portal\/?s={search_term_string}"},"query-input":{"@type":"PropertyValueSpecification","valueRequired":true,"valueName":"search_term_string"}}],"inLanguage":"pt-BR"},{"@type":"Organization","@id":"https:\/\/www.tvuai.com.br\/portal\/#organization","name":"TVUAI","url":"https:\/\/www.tvuai.com.br\/portal\/","logo":{"@type":"ImageObject","inLanguage":"pt-BR","@id":"https:\/\/www.tvuai.com.br\/portal\/#\/schema\/logo\/image\/","url":"https:\/\/i0.wp.com\/www.tvuai.com.br\/portal\/wp-content\/uploads\/2017\/12\/logo_tvuai_100H.png?fit=207%2C100&ssl=1","contentUrl":"https:\/\/i0.wp.com\/www.tvuai.com.br\/portal\/wp-content\/uploads\/2017\/12\/logo_tvuai_100H.png?fit=207%2C100&ssl=1","width":207,"height":100,"caption":"TVUAI"},"image":{"@id":"https:\/\/www.tvuai.com.br\/portal\/#\/schema\/logo\/image\/"},"sameAs":["http:\/\/www.facebook.com\/pages\/TV-Uai-Comunica\u00e7\u00e3o\/139062546157369","https:\/\/x.com\/tvuai","https:\/\/www.instagram.com\/tvuai_network\/","https:\/\/www.youtube.com\/channel\/UCB7ZPB3wRv-OpoZ_09jmnkQ"]},{"@type":"Person","@id":"https:\/\/www.tvuai.com.br\/portal\/#\/schema\/person\/d1c5c2b1dc1e658906286802aad38555","name":"Rosy Pantale\u00e3o","sameAs":["https:\/\/www.tvuai.com.br\/portal\/","https:\/\/www.facebook.com\/tvuai\/","https:\/\/www.instagram.com\/tvuai","https:\/\/x.com\/tvuai","https:\/\/www.youtube.com\/channel\/UCB7ZPB3wRv-OpoZ_09jmnkQ","tvuai"],"url":"https:\/\/www.tvuai.com.br\/portal\/author\/rosy\/"}]}},"jetpack_featured_media_url":"https:\/\/i0.wp.com\/www.tvuai.com.br\/portal\/wp-content\/uploads\/2019\/01\/Inateligc-e1546602803335.jpg?fit=200%2C133&ssl=1","wpmagazine_modules_lite_featured_media_urls":{"thumbnail":["https:\/\/i0.wp.com\/www.tvuai.com.br\/portal\/wp-content\/uploads\/2019\/01\/Inateligc-e1546602803335.jpg?resize=150%2C133&ssl=1",150,150,true],"cvmm-medium":["https:\/\/i0.wp.com\/www.tvuai.com.br\/portal\/wp-content\/uploads\/2019\/01\/Inateligc-e1546602803335.jpg?resize=200%2C133&ssl=1",200,133,true],"cvmm-medium-plus":["https:\/\/i0.wp.com\/www.tvuai.com.br\/portal\/wp-content\/uploads\/2019\/01\/Inateligc-e1546602803335.jpg?resize=200%2C133&ssl=1",200,133,true],"cvmm-portrait":["https:\/\/i0.wp.com\/www.tvuai.com.br\/portal\/wp-content\/uploads\/2019\/01\/Inateligc-e1546602803335.jpg?resize=200%2C133&ssl=1",200,133,true],"cvmm-medium-square":["https:\/\/i0.wp.com\/www.tvuai.com.br\/portal\/wp-content\/uploads\/2019\/01\/Inateligc-e1546602803335.jpg?resize=200%2C133&ssl=1",200,133,true],"cvmm-large":["https:\/\/i0.wp.com\/www.tvuai.com.br\/portal\/wp-content\/uploads\/2019\/01\/Inateligc-e1546602803335.jpg?resize=200%2C133&ssl=1",200,133,true],"cvmm-small":["https:\/\/i0.wp.com\/www.tvuai.com.br\/portal\/wp-content\/uploads\/2019\/01\/Inateligc-e1546602803335.jpg?resize=130%2C95&ssl=1",130,95,true],"full":["https:\/\/i0.wp.com\/www.tvuai.com.br\/portal\/wp-content\/uploads\/2019\/01\/Inateligc-e1546602803335.jpg?fit=200%2C133&ssl=1",200,133,false]},"categories_names":{"1845":{"name":"Educa\u00e7\u00e3o","link":"https:\/\/www.tvuai.com.br\/portal\/category\/educacao\/"},"19":{"name":"Not\u00edcias","link":"https:\/\/www.tvuai.com.br\/portal\/category\/noticias\/"}},"tags_names":[],"comments_number":"0","jetpack_shortlink":"https:\/\/wp.me\/p9woix-7Q","jetpack_sharing_enabled":true,"_links":{"self":[{"href":"https:\/\/www.tvuai.com.br\/portal\/wp-json\/wp\/v2\/posts\/486"}],"collection":[{"href":"https:\/\/www.tvuai.com.br\/portal\/wp-json\/wp\/v2\/posts"}],"about":[{"href":"https:\/\/www.tvuai.com.br\/portal\/wp-json\/wp\/v2\/types\/post"}],"author":[{"embeddable":true,"href":"https:\/\/www.tvuai.com.br\/portal\/wp-json\/wp\/v2\/users\/2"}],"replies":[{"embeddable":true,"href":"https:\/\/www.tvuai.com.br\/portal\/wp-json\/wp\/v2\/comments?post=486"}],"version-history":[{"count":1,"href":"https:\/\/www.tvuai.com.br\/portal\/wp-json\/wp\/v2\/posts\/486\/revisions"}],"predecessor-version":[{"id":488,"href":"https:\/\/www.tvuai.com.br\/portal\/wp-json\/wp\/v2\/posts\/486\/revisions\/488"}],"wp:featuredmedia":[{"embeddable":true,"href":"https:\/\/www.tvuai.com.br\/portal\/wp-json\/wp\/v2\/media\/487"}],"wp:attachment":[{"href":"https:\/\/www.tvuai.com.br\/portal\/wp-json\/wp\/v2\/media?parent=486"}],"wp:term":[{"taxonomy":"category","embeddable":true,"href":"https:\/\/www.tvuai.com.br\/portal\/wp-json\/wp\/v2\/categories?post=486"},{"taxonomy":"post_tag","embeddable":true,"href":"https:\/\/www.tvuai.com.br\/portal\/wp-json\/wp\/v2\/tags?post=486"}],"curies":[{"name":"wp","href":"https:\/\/api.w.org\/{rel}","templated":true}]}}