{"id":4813,"date":"2022-09-07T09:38:55","date_gmt":"2022-09-07T12:38:55","guid":{"rendered":"https:\/\/www.tvuai.com.br\/portal\/?p=4813"},"modified":"2022-09-29T20:22:45","modified_gmt":"2022-09-29T23:22:45","slug":"nao-so-a-terra-esta-girando-de-repente-mais-rapido-mas-nosso-sol-esta-ficando-mais-ativo-do-que-a-nasa-previu","status":"publish","type":"post","link":"https:\/\/www.tvuai.com.br\/portal\/nao-so-a-terra-esta-girando-de-repente-mais-rapido-mas-nosso-sol-esta-ficando-mais-ativo-do-que-a-nasa-previu\/","title":{"rendered":"N\u00e3o s\u00f3 a Terra est\u00e1 girando de repente mais r\u00e1pido mas nosso Sol est\u00e1 ficando mais ativo do que a NASA previu"},"content":{"rendered":"<div class=\"5a1038e0903b96d426fcfcc338703013\" data-index=\"1\" style=\"float: right; margin:10px 0 10px 10px;\">\n<script async src=\"https:\/\/pagead2.googlesyndication.com\/pagead\/js\/adsbygoogle.js?client=ca-pub-9945944833605257\"\r\n     crossorigin=\"anonymous\"><\/script>\r\n<ins class=\"adsbygoogle\"\r\n     style=\"display:block; text-align:center;\"\r\n     data-ad-layout=\"in-article\"\r\n     data-ad-format=\"fluid\"\r\n     data-ad-client=\"ca-pub-9945944833605257\"\r\n     data-ad-slot=\"2343923581\"><\/ins>\r\n<script>\r\n     (adsbygoogle = window.adsbygoogle || []).push({});\r\n<\/script>\n<\/div>\n<h5 style=\"text-align: center\"><em><strong><img data-recalc-dims=\"1\" fetchpriority=\"high\" decoding=\"async\" data-attachment-id=\"4819\" data-permalink=\"https:\/\/www.tvuai.com.br\/portal\/nao-so-a-terra-esta-girando-de-repente-mais-rapido-mas-nosso-sol-esta-ficando-mais-ativo-do-que-a-nasa-previu\/sol1\/\" data-orig-file=\"https:\/\/i0.wp.com\/www.tvuai.com.br\/portal\/wp-content\/uploads\/2022\/09\/sol1.jpg?fit=600%2C600&amp;ssl=1\" data-orig-size=\"600,600\" data-comments-opened=\"0\" data-image-meta=\"{&quot;aperture&quot;:&quot;0&quot;,&quot;credit&quot;:&quot;&quot;,&quot;camera&quot;:&quot;&quot;,&quot;caption&quot;:&quot;&quot;,&quot;created_timestamp&quot;:&quot;0&quot;,&quot;copyright&quot;:&quot;&quot;,&quot;focal_length&quot;:&quot;0&quot;,&quot;iso&quot;:&quot;0&quot;,&quot;shutter_speed&quot;:&quot;0&quot;,&quot;title&quot;:&quot;&quot;,&quot;orientation&quot;:&quot;1&quot;}\" data-image-title=\"sol1\" data-image-description=\"\" data-image-caption=\"\" data-medium-file=\"https:\/\/i0.wp.com\/www.tvuai.com.br\/portal\/wp-content\/uploads\/2022\/09\/sol1.jpg?fit=300%2C300&amp;ssl=1\" data-large-file=\"https:\/\/i0.wp.com\/www.tvuai.com.br\/portal\/wp-content\/uploads\/2022\/09\/sol1.jpg?fit=600%2C600&amp;ssl=1\" tabindex=\"0\" role=\"button\" class=\"aligncenter size-full wp-image-4819\" src=\"https:\/\/i0.wp.com\/www.tvuai.com.br\/portal\/wp-content\/uploads\/2022\/09\/sol1.jpg?resize=600%2C600&#038;ssl=1\" alt=\"\" width=\"600\" height=\"600\" srcset=\"https:\/\/i0.wp.com\/www.tvuai.com.br\/portal\/wp-content\/uploads\/2022\/09\/sol1.jpg?w=600&amp;ssl=1 600w, https:\/\/i0.wp.com\/www.tvuai.com.br\/portal\/wp-content\/uploads\/2022\/09\/sol1.jpg?resize=300%2C300&amp;ssl=1 300w, https:\/\/i0.wp.com\/www.tvuai.com.br\/portal\/wp-content\/uploads\/2022\/09\/sol1.jpg?resize=150%2C150&amp;ssl=1 150w, https:\/\/i0.wp.com\/www.tvuai.com.br\/portal\/wp-content\/uploads\/2022\/09\/sol1.jpg?resize=45%2C45&amp;ssl=1 45w, https:\/\/i0.wp.com\/www.tvuai.com.br\/portal\/wp-content\/uploads\/2022\/09\/sol1.jpg?resize=100%2C100&amp;ssl=1 100w\" sizes=\"(max-width: 600px) 100vw, 600px\" \/>A imagem mais recente do Sol, tirada pelo Solar Dynamic Observatory da NASA \u00e0s 10:45 UTC em 2 de agosto de 2022 [NASA\/SDO]<\/strong><\/em><\/h5>\n<p>N\u00e3o s\u00f3 a Terra est\u00e1 girando de repente mais r\u00e1pido mas nosso Sol est\u00e1 ficando mais ativo do que a NASA previu.<\/p>\n<p>O Sol parece ter um ciclo de cerca de 11 anos durante o qual aumenta e diminui. Sua atividade \u00e9 medida pelo n\u00famero de manchas solares em sua superf\u00edcie, que s\u00e3o contadas todos os dias desde 1755.<\/p>\n<p>Durante esses cerca de 11 anos, h\u00e1 um \u201cm\u00ednimo solar\u201d (quando h\u00e1 menos manchas solares) e um \u201cm\u00e1ximo solar\u201d (quando h\u00e1 mais manchas solares).<\/p>\n<p style=\"text-align: center\"><strong>Ciclo Solar 25 aumenta<\/strong><\/p>\n<p>Estamos agora no Ciclo Solar 25, que come\u00e7ou em dezembro de 2019, quando, em retrospecto, os cientistas solares conseguiram dizer o momento do m\u00ednimo solar. N\u00e3o \u00e9 de surpreender que o m\u00e1ximo solar ocorra no meio do Ciclo Solar 25, portanto, entre novembro de 2024 e mar\u00e7o de 2026 \u2013 e provavelmente julho de 2025.<\/p>\n<p>\u201cA atividade do Sol aumentou rapidamente e, embora n\u00e3o tenhamos atingido n\u00edveis m\u00e1ximos neste ciclo, a atividade do Sol j\u00e1 est\u00e1 superando as previs\u00f5es\u201d, disse Nicola Fox, diretor da Divis\u00e3o de Heliof\u00edsica da NASA na semana passada. \u201cOs eventos solares continuar\u00e3o a aumentar \u00e0 medida que nos aproximarmos do m\u00e1ximo solar em 2025, e nossas vidas e tecnologia na Terra, bem como sat\u00e9lites e astronautas no espa\u00e7o, ser\u00e3o impactados\u201d.<\/p>\n<p style=\"text-align: center\"><strong>O efeito do &#8216;clima espacial&#8217;<\/strong><\/p>\n<p>Mais atividade na superf\u00edcie do Sol significa mais explos\u00f5es solares e erup\u00e7\u00f5es solares, que colocam mais part\u00edculas carregadas no espa\u00e7o.Esse clima espacial, quando direcionado \u00e0 Terra, pode significar interrup\u00e7\u00f5es nos sinais de r\u00e1dio, surtos nas redes el\u00e9tricas, danos aos sat\u00e9lites GPS e riscos para naves espaciais e astronautas na Esta\u00e7\u00e3o Espacial Internacional.<\/p>\n<p>No entanto, exatamente quantas manchas solares haver\u00e1 durante o m\u00e1ximo solar \u2013 e, portanto, qu\u00e3o ativo nosso Sol ficar\u00e1 durante o pico deste ciclo atual \u2013 \u00e9 desconhecido.<\/p>\n<p style=\"text-align: center\"><strong>A previs\u00e3o da NASA para o Ciclo Solar 25<\/strong><\/p>\n<p>O Ciclo Solar 24 foi muito silencioso . Seu m\u00e1ximo solar ocorreu em abril de 2014, quando as manchas solares atingiram o pico de 114. A m\u00e9dia \u00e9 de 179. Painel de Previs\u00e3o do Ciclo Solar 25\u2014um grupo internacional de especialistas co-patrocinado pela NASA e pela Administra\u00e7\u00e3o Nacional Oce\u00e2nica e Atmosf\u00e9rica (NOAA) previu que o Ciclo Solar 25 tamb\u00e9m estar abaixo da m\u00e9dia em termos de atividade solar.<\/p>\n<p>N\u00e3o est\u00e1 funcionando assim..Quanto mais carregado o vento solar em dire\u00e7\u00e3o \u00e0 Terra, mais brilhantes e frequentes s\u00e3o as exibi\u00e7\u00f5es de auroras. Indica uma temporada intensa de aurora boreal no \u00faltimo inverno e primavera, que tem sido o efeito visual mais \u00f3bvio do clima espacial mais intenso e do aumento da atividade geomagn\u00e9tica. De fato, dezembro de 2021 viu mais do dobro do n\u00famero de manchas solares previstas \u2013 67 contra os 26 esperados.<\/p>\n<p style=\"text-align: center\"><strong>Qual \u00e9 o modelo do &#8216;rel\u00f3gio solar&#8217;?<\/strong><\/p>\n<p>Portanto, parece que uma previs\u00e3o rival de outro grupo de cientistas do Centro Nacional de Pesquisa Atmosf\u00e9rica (NCAR) est\u00e1 se tornando realidade. Ao contr\u00e1rio do Painel de Previs\u00e3o do Ciclo Solar 25, esses pesquisadores previram que o n\u00famero m\u00e1ximo de manchas solares estar\u00e1 em algum lugar entre 210 e 260.<\/p>\n<p>Segundo a explica\u00e7\u00e3o dos pesquisadores \u2013 a teoria do \u201crel\u00f3gio solar\u201d que observa que o Sol tem ciclos magn\u00e9ticos de 22 anos sobrepostos que interagem para produzir o Ciclo Solar de 11 anos \u2013 poderia ganhar credibilidade. Ele sugere um novo m\u00e9todo para decifrar quando os ciclos solares come\u00e7am e terminam, al\u00e9m de sugerir que ciclos mais curtos s\u00e3o seguidos por outros mais ativos.<\/p>\n<p style=\"text-align: center\"><strong>Surge um modelo rival<\/strong><\/p>\n<p>Outro modelo, j\u00e1 publicado, tamb\u00e9m sugere que os ciclos solares v\u00eam em pares. No entanto, argumenta que o n\u00famero de manchas solares tr\u00eas anos antes do m\u00ednimo solar em um ciclo solar de n\u00famero \u00edmpar est\u00e1 associado ao n\u00famero de manchas solares do m\u00e1ximo solar do ciclo solar seguinte. Usando esse modelo, os pesquisadores do Observat\u00f3rio Astron\u00f4mico Central em Pulkovo, S\u00e3o Petersburgo, R\u00fassia, prev\u00eaem que este atual Ciclo Solar 25 atingir\u00e1 o m\u00e1ximo solar no pr\u00f3ximo ano com 154 manchas solares e permanecer\u00e1 mais ou menos o mesmo at\u00e9 2024, o que o coloca em algum lugar entre a previs\u00e3o NASA\/NOACC e NCAR.<\/p>\n<p>Com tantos modelos e previs\u00f5es diferentes sobre o que realmente acontece, pode ser mais f\u00e1cil no futuro para os f\u00edsicos solares preverem a atividade solar com mais precis\u00e3o. Como b\u00f4nus, um forte Ciclo Solar 25 pode significar uma coroa solar particularmente pontiaguda em torno do m\u00e1ximo solar. Essa \u00e9 uma boa not\u00edcia para os observadores do c\u00e9u na Am\u00e9rica do Norte, porque haver\u00e1 um eclipse solar total em 8 de abril de 2024, cujo per\u00edodo total pode ser visto com seguran\u00e7a a olho nu.<\/p>\n<h6 style=\"text-align: right\"><em><strong>Com informa\u00e7\u00f5es de Jamie Carter\/Forbes<\/strong><\/em><\/h6>\n\n<div style=\"font-size: 0px; height: 0px; line-height: 0px; margin: 0; padding: 0; clear: both;\"><\/div><div class='share-to-whatsapp-wrapper'><div class='share-on-whsp'>Share on: <\/div><a data-text='N\u00e3o s\u00f3 a Terra est\u00e1 girando de repente mais r\u00e1pido mas nosso Sol est\u00e1 ficando mais ativo do que a NASA previu' data-link='https:\/\/www.tvuai.com.br\/portal\/nao-so-a-terra-esta-girando-de-repente-mais-rapido-mas-nosso-sol-esta-ficando-mais-ativo-do-que-a-nasa-previu\/' class='whatsapp-button whatsapp-share'>WhatsApp<\/a><div class='clear '><\/div><\/div><!-- AddThis Advanced Settings generic via filter on the_content --><!-- AddThis Share Buttons generic via filter on the_content -->","protected":false},"excerpt":{"rendered":"<p>A imagem mais recente do Sol, tirada pelo Solar Dynamic Observatory da NASA \u00e0s 10:45 UTC em 2 de agosto de 2022 [NASA\/SDO] N\u00e3o s\u00f3 a Terra est\u00e1 girando de repente mais r\u00e1pido mas nosso Sol est\u00e1 ficando mais ativo do que a NASA previu. O Sol parece ter um ciclo de cerca de 11 [&hellip;]<!-- AddThis Advanced Settings generic via filter on get_the_excerpt --><!-- AddThis Share Buttons generic via filter on get_the_excerpt --><\/p>\n","protected":false},"author":2,"featured_media":4818,"comment_status":"closed","ping_status":"closed","sticky":false,"template":"","format":"standard","meta":{"jetpack_post_was_ever_published":false,"_jetpack_newsletter_access":"","_jetpack_dont_email_post_to_subs":false,"_jetpack_newsletter_tier_id":0,"_jetpack_memberships_contains_paywalled_content":false,"_jetpack_memberships_contains_paid_content":false,"_joinchat":[],"footnotes":"","jetpack_publicize_message":"","jetpack_publicize_feature_enabled":true,"jetpack_social_post_already_shared":true,"jetpack_social_options":{"image_generator_settings":{"template":"highway","enabled":false},"version":2}},"categories":[19],"tags":[1145,1146,1147,37,1144,39,27],"class_list":["post-4813","post","type-post","status-publish","format-standard","has-post-thumbnail","hentry","category-noticias","tag-astronomia","tag-ciclo-solar-25","tag-heliofisica","tag-pouso-alegre","tag-sol-esta-ficando-mais-ativo","tag-sul-de-minas","tag-tv-uai"],"jetpack_publicize_connections":[],"yoast_head":"<!-- This site is optimized with the Yoast SEO plugin v23.5 - https:\/\/yoast.com\/wordpress\/plugins\/seo\/ -->\n<title>N\u00e3o s\u00f3 a Terra est\u00e1 girando de repente mais r\u00e1pido mas nosso Sol est\u00e1 ficando mais ativo do que a NASA previu - TVUAI<\/title>\n<meta name=\"robots\" content=\"index, follow, max-snippet:-1, max-image-preview:large, max-video-preview:-1\" \/>\n<link rel=\"canonical\" href=\"https:\/\/www.tvuai.com.br\/portal\/nao-so-a-terra-esta-girando-de-repente-mais-rapido-mas-nosso-sol-esta-ficando-mais-ativo-do-que-a-nasa-previu\/\" \/>\n<meta property=\"og:locale\" content=\"pt_BR\" \/>\n<meta property=\"og:type\" content=\"article\" \/>\n<meta property=\"og:title\" content=\"N\u00e3o s\u00f3 a Terra est\u00e1 girando de repente mais r\u00e1pido mas nosso Sol est\u00e1 ficando mais ativo do que a NASA previu - TVUAI\" \/>\n<meta property=\"og:description\" content=\"A imagem mais recente do Sol, tirada pelo Solar Dynamic Observatory da NASA \u00e0s 10:45 UTC em 2 de agosto de 2022 [NASA\/SDO] N\u00e3o s\u00f3 a Terra est\u00e1 girando de repente mais r\u00e1pido mas nosso Sol est\u00e1 ficando mais ativo do que a NASA previu. O Sol parece ter um ciclo de cerca de 11 [&hellip;]\" \/>\n<meta property=\"og:url\" content=\"https:\/\/www.tvuai.com.br\/portal\/nao-so-a-terra-esta-girando-de-repente-mais-rapido-mas-nosso-sol-esta-ficando-mais-ativo-do-que-a-nasa-previu\/\" \/>\n<meta property=\"og:site_name\" content=\"TVUAI\" \/>\n<meta property=\"article:publisher\" content=\"http:\/\/www.facebook.com\/pages\/TV-Uai-Comunica%c3%a7%c3%a3o\/139062546157369\" \/>\n<meta property=\"article:author\" content=\"https:\/\/www.facebook.com\/tvuai\/\" \/>\n<meta property=\"article:published_time\" content=\"2022-09-07T12:38:55+00:00\" \/>\n<meta property=\"article:modified_time\" content=\"2022-09-29T23:22:45+00:00\" \/>\n<meta property=\"og:image\" content=\"https:\/\/i0.wp.com\/www.tvuai.com.br\/portal\/wp-content\/uploads\/2022\/09\/sol0.jpg?fit=200%2C200&ssl=1\" \/>\n\t<meta property=\"og:image:width\" content=\"200\" \/>\n\t<meta property=\"og:image:height\" content=\"200\" \/>\n\t<meta property=\"og:image:type\" content=\"image\/jpeg\" \/>\n<meta name=\"author\" content=\"Rosy Pantale\u00e3o\" \/>\n<meta name=\"twitter:card\" content=\"summary_large_image\" \/>\n<meta name=\"twitter:creator\" content=\"@tvuai\" \/>\n<meta name=\"twitter:site\" content=\"@tvuai\" \/>\n<meta name=\"twitter:label1\" content=\"Escrito por\" \/>\n\t<meta name=\"twitter:data1\" content=\"Rosy Pantale\u00e3o\" \/>\n\t<meta name=\"twitter:label2\" content=\"Est. tempo de leitura\" \/>\n\t<meta name=\"twitter:data2\" content=\"4 minutos\" \/>\n<script type=\"application\/ld+json\" class=\"yoast-schema-graph\">{\"@context\":\"https:\/\/schema.org\",\"@graph\":[{\"@type\":\"Article\",\"@id\":\"https:\/\/www.tvuai.com.br\/portal\/nao-so-a-terra-esta-girando-de-repente-mais-rapido-mas-nosso-sol-esta-ficando-mais-ativo-do-que-a-nasa-previu\/#article\",\"isPartOf\":{\"@id\":\"https:\/\/www.tvuai.com.br\/portal\/nao-so-a-terra-esta-girando-de-repente-mais-rapido-mas-nosso-sol-esta-ficando-mais-ativo-do-que-a-nasa-previu\/\"},\"author\":{\"name\":\"Rosy Pantale\u00e3o\",\"@id\":\"https:\/\/www.tvuai.com.br\/portal\/#\/schema\/person\/d1c5c2b1dc1e658906286802aad38555\"},\"headline\":\"N\u00e3o s\u00f3 a Terra est\u00e1 girando de repente mais r\u00e1pido mas nosso Sol est\u00e1 ficando mais ativo do que a NASA previu\",\"datePublished\":\"2022-09-07T12:38:55+00:00\",\"dateModified\":\"2022-09-29T23:22:45+00:00\",\"mainEntityOfPage\":{\"@id\":\"https:\/\/www.tvuai.com.br\/portal\/nao-so-a-terra-esta-girando-de-repente-mais-rapido-mas-nosso-sol-esta-ficando-mais-ativo-do-que-a-nasa-previu\/\"},\"wordCount\":858,\"publisher\":{\"@id\":\"https:\/\/www.tvuai.com.br\/portal\/#organization\"},\"image\":{\"@id\":\"https:\/\/www.tvuai.com.br\/portal\/nao-so-a-terra-esta-girando-de-repente-mais-rapido-mas-nosso-sol-esta-ficando-mais-ativo-do-que-a-nasa-previu\/#primaryimage\"},\"thumbnailUrl\":\"https:\/\/i0.wp.com\/www.tvuai.com.br\/portal\/wp-content\/uploads\/2022\/09\/sol0.jpg?fit=200%2C200&ssl=1\",\"keywords\":[\"astronomia\",\"ciclo solar 25\",\"heliof\u00edsica\",\"Pouso Alegre\",\"Sol est\u00e1 ficando mais ativo\",\"Sul de Minas\",\"TV Uai\"],\"articleSection\":[\"Not\u00edcias\"],\"inLanguage\":\"pt-BR\"},{\"@type\":\"WebPage\",\"@id\":\"https:\/\/www.tvuai.com.br\/portal\/nao-so-a-terra-esta-girando-de-repente-mais-rapido-mas-nosso-sol-esta-ficando-mais-ativo-do-que-a-nasa-previu\/\",\"url\":\"https:\/\/www.tvuai.com.br\/portal\/nao-so-a-terra-esta-girando-de-repente-mais-rapido-mas-nosso-sol-esta-ficando-mais-ativo-do-que-a-nasa-previu\/\",\"name\":\"N\u00e3o s\u00f3 a Terra est\u00e1 girando de repente mais r\u00e1pido mas nosso Sol est\u00e1 ficando mais ativo do que a NASA previu - TVUAI\",\"isPartOf\":{\"@id\":\"https:\/\/www.tvuai.com.br\/portal\/#website\"},\"primaryImageOfPage\":{\"@id\":\"https:\/\/www.tvuai.com.br\/portal\/nao-so-a-terra-esta-girando-de-repente-mais-rapido-mas-nosso-sol-esta-ficando-mais-ativo-do-que-a-nasa-previu\/#primaryimage\"},\"image\":{\"@id\":\"https:\/\/www.tvuai.com.br\/portal\/nao-so-a-terra-esta-girando-de-repente-mais-rapido-mas-nosso-sol-esta-ficando-mais-ativo-do-que-a-nasa-previu\/#primaryimage\"},\"thumbnailUrl\":\"https:\/\/i0.wp.com\/www.tvuai.com.br\/portal\/wp-content\/uploads\/2022\/09\/sol0.jpg?fit=200%2C200&ssl=1\",\"datePublished\":\"2022-09-07T12:38:55+00:00\",\"dateModified\":\"2022-09-29T23:22:45+00:00\",\"breadcrumb\":{\"@id\":\"https:\/\/www.tvuai.com.br\/portal\/nao-so-a-terra-esta-girando-de-repente-mais-rapido-mas-nosso-sol-esta-ficando-mais-ativo-do-que-a-nasa-previu\/#breadcrumb\"},\"inLanguage\":\"pt-BR\",\"potentialAction\":[{\"@type\":\"ReadAction\",\"target\":[\"https:\/\/www.tvuai.com.br\/portal\/nao-so-a-terra-esta-girando-de-repente-mais-rapido-mas-nosso-sol-esta-ficando-mais-ativo-do-que-a-nasa-previu\/\"]}]},{\"@type\":\"ImageObject\",\"inLanguage\":\"pt-BR\",\"@id\":\"https:\/\/www.tvuai.com.br\/portal\/nao-so-a-terra-esta-girando-de-repente-mais-rapido-mas-nosso-sol-esta-ficando-mais-ativo-do-que-a-nasa-previu\/#primaryimage\",\"url\":\"https:\/\/i0.wp.com\/www.tvuai.com.br\/portal\/wp-content\/uploads\/2022\/09\/sol0.jpg?fit=200%2C200&ssl=1\",\"contentUrl\":\"https:\/\/i0.wp.com\/www.tvuai.com.br\/portal\/wp-content\/uploads\/2022\/09\/sol0.jpg?fit=200%2C200&ssl=1\",\"width\":200,\"height\":200},{\"@type\":\"BreadcrumbList\",\"@id\":\"https:\/\/www.tvuai.com.br\/portal\/nao-so-a-terra-esta-girando-de-repente-mais-rapido-mas-nosso-sol-esta-ficando-mais-ativo-do-que-a-nasa-previu\/#breadcrumb\",\"itemListElement\":[{\"@type\":\"ListItem\",\"position\":1,\"name\":\"In\u00edcio\",\"item\":\"https:\/\/www.tvuai.com.br\/portal\/\"},{\"@type\":\"ListItem\",\"position\":2,\"name\":\"N\u00e3o s\u00f3 a Terra est\u00e1 girando de repente mais r\u00e1pido mas nosso Sol est\u00e1 ficando mais ativo do que a NASA previu\"}]},{\"@type\":\"WebSite\",\"@id\":\"https:\/\/www.tvuai.com.br\/portal\/#website\",\"url\":\"https:\/\/www.tvuai.com.br\/portal\/\",\"name\":\"TVUAI\",\"description\":\"Tudo sobre o Sul de Minas\",\"publisher\":{\"@id\":\"https:\/\/www.tvuai.com.br\/portal\/#organization\"},\"potentialAction\":[{\"@type\":\"SearchAction\",\"target\":{\"@type\":\"EntryPoint\",\"urlTemplate\":\"https:\/\/www.tvuai.com.br\/portal\/?s={search_term_string}\"},\"query-input\":{\"@type\":\"PropertyValueSpecification\",\"valueRequired\":true,\"valueName\":\"search_term_string\"}}],\"inLanguage\":\"pt-BR\"},{\"@type\":\"Organization\",\"@id\":\"https:\/\/www.tvuai.com.br\/portal\/#organization\",\"name\":\"TVUAI\",\"url\":\"https:\/\/www.tvuai.com.br\/portal\/\",\"logo\":{\"@type\":\"ImageObject\",\"inLanguage\":\"pt-BR\",\"@id\":\"https:\/\/www.tvuai.com.br\/portal\/#\/schema\/logo\/image\/\",\"url\":\"https:\/\/i0.wp.com\/www.tvuai.com.br\/portal\/wp-content\/uploads\/2017\/12\/logo_tvuai_100H.png?fit=207%2C100&ssl=1\",\"contentUrl\":\"https:\/\/i0.wp.com\/www.tvuai.com.br\/portal\/wp-content\/uploads\/2017\/12\/logo_tvuai_100H.png?fit=207%2C100&ssl=1\",\"width\":207,\"height\":100,\"caption\":\"TVUAI\"},\"image\":{\"@id\":\"https:\/\/www.tvuai.com.br\/portal\/#\/schema\/logo\/image\/\"},\"sameAs\":[\"http:\/\/www.facebook.com\/pages\/TV-Uai-Comunica\u00e7\u00e3o\/139062546157369\",\"https:\/\/x.com\/tvuai\",\"https:\/\/www.instagram.com\/tvuai_network\/\",\"https:\/\/www.youtube.com\/channel\/UCB7ZPB3wRv-OpoZ_09jmnkQ\"]},{\"@type\":\"Person\",\"@id\":\"https:\/\/www.tvuai.com.br\/portal\/#\/schema\/person\/d1c5c2b1dc1e658906286802aad38555\",\"name\":\"Rosy Pantale\u00e3o\",\"sameAs\":[\"https:\/\/www.tvuai.com.br\/portal\/\",\"https:\/\/www.facebook.com\/tvuai\/\",\"https:\/\/www.instagram.com\/tvuai\",\"https:\/\/x.com\/tvuai\",\"https:\/\/www.youtube.com\/channel\/UCB7ZPB3wRv-OpoZ_09jmnkQ\",\"tvuai\"],\"url\":\"https:\/\/www.tvuai.com.br\/portal\/author\/rosy\/\"}]}<\/script>\n<!-- \/ Yoast SEO plugin. -->","yoast_head_json":{"title":"N\u00e3o s\u00f3 a Terra est\u00e1 girando de repente mais r\u00e1pido mas nosso Sol est\u00e1 ficando mais ativo do que a NASA previu - TVUAI","robots":{"index":"index","follow":"follow","max-snippet":"max-snippet:-1","max-image-preview":"max-image-preview:large","max-video-preview":"max-video-preview:-1"},"canonical":"https:\/\/www.tvuai.com.br\/portal\/nao-so-a-terra-esta-girando-de-repente-mais-rapido-mas-nosso-sol-esta-ficando-mais-ativo-do-que-a-nasa-previu\/","og_locale":"pt_BR","og_type":"article","og_title":"N\u00e3o s\u00f3 a Terra est\u00e1 girando de repente mais r\u00e1pido mas nosso Sol est\u00e1 ficando mais ativo do que a NASA previu - TVUAI","og_description":"A imagem mais recente do Sol, tirada pelo Solar Dynamic Observatory da NASA \u00e0s 10:45 UTC em 2 de agosto de 2022 [NASA\/SDO] N\u00e3o s\u00f3 a Terra est\u00e1 girando de repente mais r\u00e1pido mas nosso Sol est\u00e1 ficando mais ativo do que a NASA previu. O Sol parece ter um ciclo de cerca de 11 [&hellip;]","og_url":"https:\/\/www.tvuai.com.br\/portal\/nao-so-a-terra-esta-girando-de-repente-mais-rapido-mas-nosso-sol-esta-ficando-mais-ativo-do-que-a-nasa-previu\/","og_site_name":"TVUAI","article_publisher":"http:\/\/www.facebook.com\/pages\/TV-Uai-Comunica%c3%a7%c3%a3o\/139062546157369","article_author":"https:\/\/www.facebook.com\/tvuai\/","article_published_time":"2022-09-07T12:38:55+00:00","article_modified_time":"2022-09-29T23:22:45+00:00","og_image":[{"width":200,"height":200,"url":"https:\/\/i0.wp.com\/www.tvuai.com.br\/portal\/wp-content\/uploads\/2022\/09\/sol0.jpg?fit=200%2C200&ssl=1","type":"image\/jpeg"}],"author":"Rosy Pantale\u00e3o","twitter_card":"summary_large_image","twitter_creator":"@tvuai","twitter_site":"@tvuai","twitter_misc":{"Escrito por":"Rosy Pantale\u00e3o","Est. tempo de leitura":"4 minutos"},"schema":{"@context":"https:\/\/schema.org","@graph":[{"@type":"Article","@id":"https:\/\/www.tvuai.com.br\/portal\/nao-so-a-terra-esta-girando-de-repente-mais-rapido-mas-nosso-sol-esta-ficando-mais-ativo-do-que-a-nasa-previu\/#article","isPartOf":{"@id":"https:\/\/www.tvuai.com.br\/portal\/nao-so-a-terra-esta-girando-de-repente-mais-rapido-mas-nosso-sol-esta-ficando-mais-ativo-do-que-a-nasa-previu\/"},"author":{"name":"Rosy Pantale\u00e3o","@id":"https:\/\/www.tvuai.com.br\/portal\/#\/schema\/person\/d1c5c2b1dc1e658906286802aad38555"},"headline":"N\u00e3o s\u00f3 a Terra est\u00e1 girando de repente mais r\u00e1pido mas nosso Sol est\u00e1 ficando mais ativo do que a NASA previu","datePublished":"2022-09-07T12:38:55+00:00","dateModified":"2022-09-29T23:22:45+00:00","mainEntityOfPage":{"@id":"https:\/\/www.tvuai.com.br\/portal\/nao-so-a-terra-esta-girando-de-repente-mais-rapido-mas-nosso-sol-esta-ficando-mais-ativo-do-que-a-nasa-previu\/"},"wordCount":858,"publisher":{"@id":"https:\/\/www.tvuai.com.br\/portal\/#organization"},"image":{"@id":"https:\/\/www.tvuai.com.br\/portal\/nao-so-a-terra-esta-girando-de-repente-mais-rapido-mas-nosso-sol-esta-ficando-mais-ativo-do-que-a-nasa-previu\/#primaryimage"},"thumbnailUrl":"https:\/\/i0.wp.com\/www.tvuai.com.br\/portal\/wp-content\/uploads\/2022\/09\/sol0.jpg?fit=200%2C200&ssl=1","keywords":["astronomia","ciclo solar 25","heliof\u00edsica","Pouso Alegre","Sol est\u00e1 ficando mais ativo","Sul de Minas","TV Uai"],"articleSection":["Not\u00edcias"],"inLanguage":"pt-BR"},{"@type":"WebPage","@id":"https:\/\/www.tvuai.com.br\/portal\/nao-so-a-terra-esta-girando-de-repente-mais-rapido-mas-nosso-sol-esta-ficando-mais-ativo-do-que-a-nasa-previu\/","url":"https:\/\/www.tvuai.com.br\/portal\/nao-so-a-terra-esta-girando-de-repente-mais-rapido-mas-nosso-sol-esta-ficando-mais-ativo-do-que-a-nasa-previu\/","name":"N\u00e3o s\u00f3 a Terra est\u00e1 girando de repente mais r\u00e1pido mas nosso Sol est\u00e1 ficando mais ativo do que a NASA previu - TVUAI","isPartOf":{"@id":"https:\/\/www.tvuai.com.br\/portal\/#website"},"primaryImageOfPage":{"@id":"https:\/\/www.tvuai.com.br\/portal\/nao-so-a-terra-esta-girando-de-repente-mais-rapido-mas-nosso-sol-esta-ficando-mais-ativo-do-que-a-nasa-previu\/#primaryimage"},"image":{"@id":"https:\/\/www.tvuai.com.br\/portal\/nao-so-a-terra-esta-girando-de-repente-mais-rapido-mas-nosso-sol-esta-ficando-mais-ativo-do-que-a-nasa-previu\/#primaryimage"},"thumbnailUrl":"https:\/\/i0.wp.com\/www.tvuai.com.br\/portal\/wp-content\/uploads\/2022\/09\/sol0.jpg?fit=200%2C200&ssl=1","datePublished":"2022-09-07T12:38:55+00:00","dateModified":"2022-09-29T23:22:45+00:00","breadcrumb":{"@id":"https:\/\/www.tvuai.com.br\/portal\/nao-so-a-terra-esta-girando-de-repente-mais-rapido-mas-nosso-sol-esta-ficando-mais-ativo-do-que-a-nasa-previu\/#breadcrumb"},"inLanguage":"pt-BR","potentialAction":[{"@type":"ReadAction","target":["https:\/\/www.tvuai.com.br\/portal\/nao-so-a-terra-esta-girando-de-repente-mais-rapido-mas-nosso-sol-esta-ficando-mais-ativo-do-que-a-nasa-previu\/"]}]},{"@type":"ImageObject","inLanguage":"pt-BR","@id":"https:\/\/www.tvuai.com.br\/portal\/nao-so-a-terra-esta-girando-de-repente-mais-rapido-mas-nosso-sol-esta-ficando-mais-ativo-do-que-a-nasa-previu\/#primaryimage","url":"https:\/\/i0.wp.com\/www.tvuai.com.br\/portal\/wp-content\/uploads\/2022\/09\/sol0.jpg?fit=200%2C200&ssl=1","contentUrl":"https:\/\/i0.wp.com\/www.tvuai.com.br\/portal\/wp-content\/uploads\/2022\/09\/sol0.jpg?fit=200%2C200&ssl=1","width":200,"height":200},{"@type":"BreadcrumbList","@id":"https:\/\/www.tvuai.com.br\/portal\/nao-so-a-terra-esta-girando-de-repente-mais-rapido-mas-nosso-sol-esta-ficando-mais-ativo-do-que-a-nasa-previu\/#breadcrumb","itemListElement":[{"@type":"ListItem","position":1,"name":"In\u00edcio","item":"https:\/\/www.tvuai.com.br\/portal\/"},{"@type":"ListItem","position":2,"name":"N\u00e3o s\u00f3 a Terra est\u00e1 girando de repente mais r\u00e1pido mas nosso Sol est\u00e1 ficando mais ativo do que a NASA previu"}]},{"@type":"WebSite","@id":"https:\/\/www.tvuai.com.br\/portal\/#website","url":"https:\/\/www.tvuai.com.br\/portal\/","name":"TVUAI","description":"Tudo sobre o Sul de Minas","publisher":{"@id":"https:\/\/www.tvuai.com.br\/portal\/#organization"},"potentialAction":[{"@type":"SearchAction","target":{"@type":"EntryPoint","urlTemplate":"https:\/\/www.tvuai.com.br\/portal\/?s={search_term_string}"},"query-input":{"@type":"PropertyValueSpecification","valueRequired":true,"valueName":"search_term_string"}}],"inLanguage":"pt-BR"},{"@type":"Organization","@id":"https:\/\/www.tvuai.com.br\/portal\/#organization","name":"TVUAI","url":"https:\/\/www.tvuai.com.br\/portal\/","logo":{"@type":"ImageObject","inLanguage":"pt-BR","@id":"https:\/\/www.tvuai.com.br\/portal\/#\/schema\/logo\/image\/","url":"https:\/\/i0.wp.com\/www.tvuai.com.br\/portal\/wp-content\/uploads\/2017\/12\/logo_tvuai_100H.png?fit=207%2C100&ssl=1","contentUrl":"https:\/\/i0.wp.com\/www.tvuai.com.br\/portal\/wp-content\/uploads\/2017\/12\/logo_tvuai_100H.png?fit=207%2C100&ssl=1","width":207,"height":100,"caption":"TVUAI"},"image":{"@id":"https:\/\/www.tvuai.com.br\/portal\/#\/schema\/logo\/image\/"},"sameAs":["http:\/\/www.facebook.com\/pages\/TV-Uai-Comunica\u00e7\u00e3o\/139062546157369","https:\/\/x.com\/tvuai","https:\/\/www.instagram.com\/tvuai_network\/","https:\/\/www.youtube.com\/channel\/UCB7ZPB3wRv-OpoZ_09jmnkQ"]},{"@type":"Person","@id":"https:\/\/www.tvuai.com.br\/portal\/#\/schema\/person\/d1c5c2b1dc1e658906286802aad38555","name":"Rosy Pantale\u00e3o","sameAs":["https:\/\/www.tvuai.com.br\/portal\/","https:\/\/www.facebook.com\/tvuai\/","https:\/\/www.instagram.com\/tvuai","https:\/\/x.com\/tvuai","https:\/\/www.youtube.com\/channel\/UCB7ZPB3wRv-OpoZ_09jmnkQ","tvuai"],"url":"https:\/\/www.tvuai.com.br\/portal\/author\/rosy\/"}]}},"jetpack_featured_media_url":"https:\/\/i0.wp.com\/www.tvuai.com.br\/portal\/wp-content\/uploads\/2022\/09\/sol0.jpg?fit=200%2C200&ssl=1","wpmagazine_modules_lite_featured_media_urls":{"thumbnail":["https:\/\/i0.wp.com\/www.tvuai.com.br\/portal\/wp-content\/uploads\/2022\/09\/sol0.jpg?resize=150%2C150&ssl=1",150,150,true],"cvmm-medium":["https:\/\/i0.wp.com\/www.tvuai.com.br\/portal\/wp-content\/uploads\/2022\/09\/sol0.jpg?resize=200%2C200&ssl=1",200,200,true],"cvmm-medium-plus":["https:\/\/i0.wp.com\/www.tvuai.com.br\/portal\/wp-content\/uploads\/2022\/09\/sol0.jpg?resize=200%2C200&ssl=1",200,200,true],"cvmm-portrait":["https:\/\/i0.wp.com\/www.tvuai.com.br\/portal\/wp-content\/uploads\/2022\/09\/sol0.jpg?resize=200%2C200&ssl=1",200,200,true],"cvmm-medium-square":["https:\/\/i0.wp.com\/www.tvuai.com.br\/portal\/wp-content\/uploads\/2022\/09\/sol0.jpg?resize=200%2C200&ssl=1",200,200,true],"cvmm-large":["https:\/\/i0.wp.com\/www.tvuai.com.br\/portal\/wp-content\/uploads\/2022\/09\/sol0.jpg?resize=200%2C200&ssl=1",200,200,true],"cvmm-small":["https:\/\/i0.wp.com\/www.tvuai.com.br\/portal\/wp-content\/uploads\/2022\/09\/sol0.jpg?resize=130%2C95&ssl=1",130,95,true],"full":["https:\/\/i0.wp.com\/www.tvuai.com.br\/portal\/wp-content\/uploads\/2022\/09\/sol0.jpg?fit=200%2C200&ssl=1",200,200,false]},"categories_names":{"19":{"name":"Not\u00edcias","link":"https:\/\/www.tvuai.com.br\/portal\/category\/noticias\/"}},"tags_names":{"1145":{"name":"astronomia","link":"https:\/\/www.tvuai.com.br\/portal\/tag\/astronomia\/"},"1146":{"name":"ciclo solar 25","link":"https:\/\/www.tvuai.com.br\/portal\/tag\/ciclo-solar-25\/"},"1147":{"name":"heliof\u00edsica","link":"https:\/\/www.tvuai.com.br\/portal\/tag\/heliofisica\/"},"37":{"name":"Pouso Alegre","link":"https:\/\/www.tvuai.com.br\/portal\/tag\/pouso-alegre\/"},"1144":{"name":"Sol est\u00e1 ficando mais ativo","link":"https:\/\/www.tvuai.com.br\/portal\/tag\/sol-esta-ficando-mais-ativo\/"},"39":{"name":"Sul de Minas","link":"https:\/\/www.tvuai.com.br\/portal\/tag\/sul-de-minas\/"},"27":{"name":"TV Uai","link":"https:\/\/www.tvuai.com.br\/portal\/tag\/tv-uai\/"}},"comments_number":"0","jetpack_shortlink":"https:\/\/wp.me\/p9woix-1fD","jetpack_sharing_enabled":true,"_links":{"self":[{"href":"https:\/\/www.tvuai.com.br\/portal\/wp-json\/wp\/v2\/posts\/4813"}],"collection":[{"href":"https:\/\/www.tvuai.com.br\/portal\/wp-json\/wp\/v2\/posts"}],"about":[{"href":"https:\/\/www.tvuai.com.br\/portal\/wp-json\/wp\/v2\/types\/post"}],"author":[{"embeddable":true,"href":"https:\/\/www.tvuai.com.br\/portal\/wp-json\/wp\/v2\/users\/2"}],"replies":[{"embeddable":true,"href":"https:\/\/www.tvuai.com.br\/portal\/wp-json\/wp\/v2\/comments?post=4813"}],"version-history":[{"count":6,"href":"https:\/\/www.tvuai.com.br\/portal\/wp-json\/wp\/v2\/posts\/4813\/revisions"}],"predecessor-version":[{"id":4821,"href":"https:\/\/www.tvuai.com.br\/portal\/wp-json\/wp\/v2\/posts\/4813\/revisions\/4821"}],"wp:featuredmedia":[{"embeddable":true,"href":"https:\/\/www.tvuai.com.br\/portal\/wp-json\/wp\/v2\/media\/4818"}],"wp:attachment":[{"href":"https:\/\/www.tvuai.com.br\/portal\/wp-json\/wp\/v2\/media?parent=4813"}],"wp:term":[{"taxonomy":"category","embeddable":true,"href":"https:\/\/www.tvuai.com.br\/portal\/wp-json\/wp\/v2\/categories?post=4813"},{"taxonomy":"post_tag","embeddable":true,"href":"https:\/\/www.tvuai.com.br\/portal\/wp-json\/wp\/v2\/tags?post=4813"}],"curies":[{"name":"wp","href":"https:\/\/api.w.org\/{rel}","templated":true}]}}