{"id":4799,"date":"2022-09-08T09:10:14","date_gmt":"2022-09-08T12:10:14","guid":{"rendered":"https:\/\/www.tvuai.com.br\/portal\/?p=4799"},"modified":"2022-09-29T20:26:53","modified_gmt":"2022-09-29T23:26:53","slug":"danone-encerra-producao-da-bonafont-em-jacutinga-que-atuou-na-cidade-desde-2009","status":"publish","type":"post","link":"https:\/\/www.tvuai.com.br\/portal\/danone-encerra-producao-da-bonafont-em-jacutinga-que-atuou-na-cidade-desde-2009\/","title":{"rendered":"Danone encerra produ\u00e7\u00e3o da Bonafont em Jacutinga que atuou na cidade desde 2009"},"content":{"rendered":"<div class=\"5a1038e0903b96d426fcfcc338703013\" data-index=\"1\" style=\"float: right; margin:10px 0 10px 10px;\">\n<script async src=\"https:\/\/pagead2.googlesyndication.com\/pagead\/js\/adsbygoogle.js?client=ca-pub-9945944833605257\"\r\n     crossorigin=\"anonymous\"><\/script>\r\n<ins class=\"adsbygoogle\"\r\n     style=\"display:block; text-align:center;\"\r\n     data-ad-layout=\"in-article\"\r\n     data-ad-format=\"fluid\"\r\n     data-ad-client=\"ca-pub-9945944833605257\"\r\n     data-ad-slot=\"2343923581\"><\/ins>\r\n<script>\r\n     (adsbygoogle = window.adsbygoogle || []).push({});\r\n<\/script>\n<\/div>\n<p><img data-recalc-dims=\"1\" fetchpriority=\"high\" decoding=\"async\" data-attachment-id=\"4808\" data-permalink=\"https:\/\/www.tvuai.com.br\/portal\/danone-encerra-producao-da-bonafont-em-jacutinga-que-atuou-na-cidade-desde-2009\/bonafont3\/\" data-orig-file=\"https:\/\/i0.wp.com\/www.tvuai.com.br\/portal\/wp-content\/uploads\/2022\/09\/bonafont3.jpg?fit=600%2C328&amp;ssl=1\" data-orig-size=\"600,328\" data-comments-opened=\"0\" data-image-meta=\"{&quot;aperture&quot;:&quot;0&quot;,&quot;credit&quot;:&quot;&quot;,&quot;camera&quot;:&quot;&quot;,&quot;caption&quot;:&quot;&quot;,&quot;created_timestamp&quot;:&quot;0&quot;,&quot;copyright&quot;:&quot;&quot;,&quot;focal_length&quot;:&quot;0&quot;,&quot;iso&quot;:&quot;0&quot;,&quot;shutter_speed&quot;:&quot;0&quot;,&quot;title&quot;:&quot;&quot;,&quot;orientation&quot;:&quot;1&quot;}\" data-image-title=\"bonafont3\" data-image-description=\"\" data-image-caption=\"\" data-medium-file=\"https:\/\/i0.wp.com\/www.tvuai.com.br\/portal\/wp-content\/uploads\/2022\/09\/bonafont3.jpg?fit=300%2C164&amp;ssl=1\" data-large-file=\"https:\/\/i0.wp.com\/www.tvuai.com.br\/portal\/wp-content\/uploads\/2022\/09\/bonafont3.jpg?fit=600%2C328&amp;ssl=1\" tabindex=\"0\" role=\"button\" class=\"aligncenter size-full wp-image-4808\" src=\"https:\/\/i0.wp.com\/www.tvuai.com.br\/portal\/wp-content\/uploads\/2022\/09\/bonafont3.jpg?resize=600%2C328&#038;ssl=1\" alt=\"\" width=\"600\" height=\"328\" srcset=\"https:\/\/i0.wp.com\/www.tvuai.com.br\/portal\/wp-content\/uploads\/2022\/09\/bonafont3.jpg?w=600&amp;ssl=1 600w, https:\/\/i0.wp.com\/www.tvuai.com.br\/portal\/wp-content\/uploads\/2022\/09\/bonafont3.jpg?resize=300%2C164&amp;ssl=1 300w\" sizes=\"(max-width: 600px) 100vw, 600px\" \/>A Danone anunciou que encerrou a produ\u00e7\u00e3o dos produtos da linha de \u00e1guas Bonafont no Brasil. Segundo a companhia, a fabrica\u00e7\u00e3o aconteceu somente at\u00e9 o \u00faltimo s\u00e1bado e a medida que os produtos sa\u00edrem das prateleiras, n\u00e3o ser\u00e3o mais repostos. \u201cOs produtos Bonafont envasados at\u00e9 3 de setembro seguir\u00e3o os padr\u00f5es de qualidade da Danone e podem ser consumidos normalmente\u201d, refor\u00e7ou a empresa que\u00a0fez o an\u00fancio em suas redes sociais, que tamb\u00e9m ser\u00e3o desativadas, segundo comunicado.<\/p>\n<p>A explica\u00e7\u00e3o \u00e9 que a decis\u00e3o \u00e9 fruto de uma revis\u00e3o de portf\u00f3lio no Brasil. Segundo a Danone, ap\u00f3s essa an\u00e1lise foi decidido focar nas categorias locais maiores, mais rent\u00e1veis e em crescimento. Ainda de acordo com a empresa, essa decis\u00e3o n\u00e3o afeta outros mercados em que Bonafont est\u00e1 presente e nem a categoria de \u00e1guas da Danone no mundo. \u201cFocaremos a nossa atua\u00e7\u00e3o nas categorias de latic\u00ednios, produtos \u00e0 base vegetal e nutri\u00e7\u00e3o especializada, o que permitir\u00e1 alocar mais recursos em inova\u00e7\u00e3o cont\u00ednua para atender \u00e0s demandas de nossos consumidores\u201d, completou, em nota.<\/p>\n<p style=\"text-align: center\"><strong>Impacto nos empregos<\/strong><\/p>\n<p><img data-recalc-dims=\"1\" decoding=\"async\" data-attachment-id=\"4807\" data-permalink=\"https:\/\/www.tvuai.com.br\/portal\/danone-encerra-producao-da-bonafont-em-jacutinga-que-atuou-na-cidade-desde-2009\/bonafont2\/\" data-orig-file=\"https:\/\/i0.wp.com\/www.tvuai.com.br\/portal\/wp-content\/uploads\/2022\/09\/bonafont2.jpg?fit=300%2C534&amp;ssl=1\" data-orig-size=\"300,534\" data-comments-opened=\"0\" data-image-meta=\"{&quot;aperture&quot;:&quot;0&quot;,&quot;credit&quot;:&quot;&quot;,&quot;camera&quot;:&quot;&quot;,&quot;caption&quot;:&quot;&quot;,&quot;created_timestamp&quot;:&quot;0&quot;,&quot;copyright&quot;:&quot;&quot;,&quot;focal_length&quot;:&quot;0&quot;,&quot;iso&quot;:&quot;0&quot;,&quot;shutter_speed&quot;:&quot;0&quot;,&quot;title&quot;:&quot;&quot;,&quot;orientation&quot;:&quot;0&quot;}\" data-image-title=\"bonafont2\" data-image-description=\"\" data-image-caption=\"\" data-medium-file=\"https:\/\/i0.wp.com\/www.tvuai.com.br\/portal\/wp-content\/uploads\/2022\/09\/bonafont2.jpg?fit=169%2C300&amp;ssl=1\" data-large-file=\"https:\/\/i0.wp.com\/www.tvuai.com.br\/portal\/wp-content\/uploads\/2022\/09\/bonafont2.jpg?fit=300%2C534&amp;ssl=1\" tabindex=\"0\" role=\"button\" class=\"size-full wp-image-4807 alignright\" src=\"https:\/\/i0.wp.com\/www.tvuai.com.br\/portal\/wp-content\/uploads\/2022\/09\/bonafont2.jpg?resize=300%2C534&#038;ssl=1\" alt=\"\" width=\"300\" height=\"534\" srcset=\"https:\/\/i0.wp.com\/www.tvuai.com.br\/portal\/wp-content\/uploads\/2022\/09\/bonafont2.jpg?w=300&amp;ssl=1 300w, https:\/\/i0.wp.com\/www.tvuai.com.br\/portal\/wp-content\/uploads\/2022\/09\/bonafont2.jpg?resize=169%2C300&amp;ssl=1 169w\" sizes=\"(max-width: 300px) 100vw, 300px\" \/>Sobre os colaboradores que trabalhavam com a marca Bonafont, a companhia ressaltou que est\u00e1 empenhando todos os esfor\u00e7os para minimizar o impacto junto a eles, \u201calocando-os em outras \u00e1reas e garantindo condi\u00e7\u00f5es adequadas de desligamento, incluindo pacote especial acima das exig\u00eancias legais, programa de requalifica\u00e7\u00e3o para equipe operacional e servi\u00e7o de recoloca\u00e7\u00e3o profissional especializado\u201d.<\/p>\n<p>Vale destacar que no in\u00edcio de 2020, a empresa j\u00e1 havia demitido 211 pessoas com o fechamento de duas f\u00e1bricas da marca Bonafont, localizadas em Jundia\u00ed, S\u00e3o Paulo, e em Nova Igua\u00e7u, Rio de Janeiro, segundo informa\u00e7\u00f5es. Na \u00e9poca, a companhia relatou que havia fechado as duas f\u00e1bricas porque as opera\u00e7\u00f5es de Jacutinga e Itapecerica da Serra eram capazes de atender a demanda do momento, sendo mais lucrativas do que as outras duas unidades. A f\u00e1brica, que atuava em Jacutinga (MG) desde 2009, tamb\u00e9m encerra suas atividades.<\/p>\n<p style=\"text-align: center\"><strong>Sustentabilidade<\/strong><\/p>\n<p>Em outubro de 2020, a marca Bonafont havia anunciado o compromisso de ser sustent\u00e1vel at\u00e9 2025 e lan\u00e7ou uma garrafa 100% produzida com outras embalagens da marca, a \u201cGarrafa Manifesto\u201d. Para dar continuidade a esse posicionamento, em 2021, a empresa estreou uma campanha com o objetivo de aproximar o consumidor do tema da sustentabilidade e mudar a forma como outras marcas falam sobre o assunto.<\/p>\n<p><img data-recalc-dims=\"1\" decoding=\"async\" data-attachment-id=\"4811\" data-permalink=\"https:\/\/www.tvuai.com.br\/portal\/danone-encerra-producao-da-bonafont-em-jacutinga-que-atuou-na-cidade-desde-2009\/bonafont1\/\" data-orig-file=\"https:\/\/i0.wp.com\/www.tvuai.com.br\/portal\/wp-content\/uploads\/2022\/09\/bonafont1.jpg?fit=600%2C600&amp;ssl=1\" data-orig-size=\"600,600\" data-comments-opened=\"0\" data-image-meta=\"{&quot;aperture&quot;:&quot;0&quot;,&quot;credit&quot;:&quot;&quot;,&quot;camera&quot;:&quot;&quot;,&quot;caption&quot;:&quot;&quot;,&quot;created_timestamp&quot;:&quot;0&quot;,&quot;copyright&quot;:&quot;&quot;,&quot;focal_length&quot;:&quot;0&quot;,&quot;iso&quot;:&quot;0&quot;,&quot;shutter_speed&quot;:&quot;0&quot;,&quot;title&quot;:&quot;&quot;,&quot;orientation&quot;:&quot;1&quot;}\" data-image-title=\"bonafont1\" data-image-description=\"\" data-image-caption=\"\" data-medium-file=\"https:\/\/i0.wp.com\/www.tvuai.com.br\/portal\/wp-content\/uploads\/2022\/09\/bonafont1.jpg?fit=300%2C300&amp;ssl=1\" data-large-file=\"https:\/\/i0.wp.com\/www.tvuai.com.br\/portal\/wp-content\/uploads\/2022\/09\/bonafont1.jpg?fit=600%2C600&amp;ssl=1\" tabindex=\"0\" role=\"button\" class=\"aligncenter size-full wp-image-4811\" src=\"https:\/\/i0.wp.com\/www.tvuai.com.br\/portal\/wp-content\/uploads\/2022\/09\/bonafont1.jpg?resize=600%2C600&#038;ssl=1\" alt=\"\" width=\"600\" height=\"600\" srcset=\"https:\/\/i0.wp.com\/www.tvuai.com.br\/portal\/wp-content\/uploads\/2022\/09\/bonafont1.jpg?w=600&amp;ssl=1 600w, https:\/\/i0.wp.com\/www.tvuai.com.br\/portal\/wp-content\/uploads\/2022\/09\/bonafont1.jpg?resize=300%2C300&amp;ssl=1 300w, https:\/\/i0.wp.com\/www.tvuai.com.br\/portal\/wp-content\/uploads\/2022\/09\/bonafont1.jpg?resize=150%2C150&amp;ssl=1 150w, https:\/\/i0.wp.com\/www.tvuai.com.br\/portal\/wp-content\/uploads\/2022\/09\/bonafont1.jpg?resize=45%2C45&amp;ssl=1 45w, https:\/\/i0.wp.com\/www.tvuai.com.br\/portal\/wp-content\/uploads\/2022\/09\/bonafont1.jpg?resize=100%2C100&amp;ssl=1 100w\" sizes=\"(max-width: 600px) 100vw, 600px\" \/><\/p>\n\n<div style=\"font-size: 0px; height: 0px; line-height: 0px; margin: 0; padding: 0; clear: both;\"><\/div><div class='share-to-whatsapp-wrapper'><div class='share-on-whsp'>Share on: <\/div><a data-text='Danone encerra produ\u00e7\u00e3o da Bonafont em Jacutinga que atuou na cidade desde 2009' data-link='https:\/\/www.tvuai.com.br\/portal\/danone-encerra-producao-da-bonafont-em-jacutinga-que-atuou-na-cidade-desde-2009\/' class='whatsapp-button whatsapp-share'>WhatsApp<\/a><div class='clear '><\/div><\/div><!-- AddThis Advanced Settings generic via filter on the_content --><!-- AddThis Share Buttons generic via filter on the_content -->","protected":false},"excerpt":{"rendered":"<p>A Danone anunciou que encerrou a produ\u00e7\u00e3o dos produtos da linha de \u00e1guas Bonafont no Brasil. Segundo a companhia, a fabrica\u00e7\u00e3o aconteceu somente at\u00e9 o \u00faltimo s\u00e1bado e a medida que os produtos sa\u00edrem das prateleiras, n\u00e3o ser\u00e3o mais repostos. \u201cOs produtos Bonafont envasados at\u00e9 3 de setembro seguir\u00e3o os padr\u00f5es de qualidade da Danone [&hellip;]<!-- AddThis Advanced Settings generic via filter on get_the_excerpt --><!-- AddThis Share Buttons generic via filter on get_the_excerpt --><\/p>\n","protected":false},"author":2,"featured_media":4810,"comment_status":"closed","ping_status":"closed","sticky":false,"template":"","format":"standard","meta":{"jetpack_post_was_ever_published":false,"_jetpack_newsletter_access":"","_jetpack_dont_email_post_to_subs":false,"_jetpack_newsletter_tier_id":0,"_jetpack_memberships_contains_paywalled_content":false,"_jetpack_memberships_contains_paid_content":false,"_joinchat":[],"footnotes":"","jetpack_publicize_message":"","jetpack_publicize_feature_enabled":true,"jetpack_social_post_already_shared":true,"jetpack_social_options":{"image_generator_settings":{"template":"highway","enabled":false},"version":2}},"categories":[19],"tags":[1143,1142,1141,1140,1095,37,39,27],"class_list":["post-4799","post","type-post","status-publish","format-standard","has-post-thumbnail","hentry","category-noticias","tag-agua-mineral","tag-bonafont","tag-bonafont-jacutinga","tag-danone-jacutinga","tag-jacutinga","tag-pouso-alegre","tag-sul-de-minas","tag-tv-uai"],"jetpack_publicize_connections":[],"yoast_head":"<!-- This site is optimized with the Yoast SEO plugin v23.5 - https:\/\/yoast.com\/wordpress\/plugins\/seo\/ -->\n<title>Danone encerra produ\u00e7\u00e3o da Bonafont em Jacutinga que atuou na cidade desde 2009 - TVUAI<\/title>\n<meta name=\"robots\" content=\"index, follow, max-snippet:-1, max-image-preview:large, max-video-preview:-1\" \/>\n<link rel=\"canonical\" href=\"https:\/\/www.tvuai.com.br\/portal\/danone-encerra-producao-da-bonafont-em-jacutinga-que-atuou-na-cidade-desde-2009\/\" \/>\n<meta property=\"og:locale\" content=\"pt_BR\" \/>\n<meta property=\"og:type\" content=\"article\" \/>\n<meta property=\"og:title\" content=\"Danone encerra produ\u00e7\u00e3o da Bonafont em Jacutinga que atuou na cidade desde 2009 - TVUAI\" \/>\n<meta property=\"og:description\" content=\"A Danone anunciou que encerrou a produ\u00e7\u00e3o dos produtos da linha de \u00e1guas Bonafont no Brasil. Segundo a companhia, a fabrica\u00e7\u00e3o aconteceu somente at\u00e9 o \u00faltimo s\u00e1bado e a medida que os produtos sa\u00edrem das prateleiras, n\u00e3o ser\u00e3o mais repostos. \u201cOs produtos Bonafont envasados at\u00e9 3 de setembro seguir\u00e3o os padr\u00f5es de qualidade da Danone [&hellip;]\" \/>\n<meta property=\"og:url\" content=\"https:\/\/www.tvuai.com.br\/portal\/danone-encerra-producao-da-bonafont-em-jacutinga-que-atuou-na-cidade-desde-2009\/\" \/>\n<meta property=\"og:site_name\" content=\"TVUAI\" \/>\n<meta property=\"article:publisher\" content=\"http:\/\/www.facebook.com\/pages\/TV-Uai-Comunica%c3%a7%c3%a3o\/139062546157369\" \/>\n<meta property=\"article:author\" content=\"https:\/\/www.facebook.com\/tvuai\/\" \/>\n<meta property=\"article:published_time\" content=\"2022-09-08T12:10:14+00:00\" \/>\n<meta property=\"article:modified_time\" content=\"2022-09-29T23:26:53+00:00\" \/>\n<meta property=\"og:image\" content=\"https:\/\/i0.wp.com\/www.tvuai.com.br\/portal\/wp-content\/uploads\/2022\/09\/bonafont0.jpg?fit=200%2C200&ssl=1\" \/>\n\t<meta property=\"og:image:width\" content=\"200\" \/>\n\t<meta property=\"og:image:height\" content=\"200\" \/>\n\t<meta property=\"og:image:type\" content=\"image\/jpeg\" \/>\n<meta name=\"author\" content=\"Rosy Pantale\u00e3o\" \/>\n<meta name=\"twitter:card\" content=\"summary_large_image\" \/>\n<meta name=\"twitter:creator\" content=\"@tvuai\" \/>\n<meta name=\"twitter:site\" content=\"@tvuai\" \/>\n<meta name=\"twitter:label1\" content=\"Escrito por\" \/>\n\t<meta name=\"twitter:data1\" content=\"Rosy Pantale\u00e3o\" \/>\n\t<meta name=\"twitter:label2\" content=\"Est. tempo de leitura\" \/>\n\t<meta name=\"twitter:data2\" content=\"2 minutos\" \/>\n<script type=\"application\/ld+json\" class=\"yoast-schema-graph\">{\"@context\":\"https:\/\/schema.org\",\"@graph\":[{\"@type\":\"Article\",\"@id\":\"https:\/\/www.tvuai.com.br\/portal\/danone-encerra-producao-da-bonafont-em-jacutinga-que-atuou-na-cidade-desde-2009\/#article\",\"isPartOf\":{\"@id\":\"https:\/\/www.tvuai.com.br\/portal\/danone-encerra-producao-da-bonafont-em-jacutinga-que-atuou-na-cidade-desde-2009\/\"},\"author\":{\"name\":\"Rosy Pantale\u00e3o\",\"@id\":\"https:\/\/www.tvuai.com.br\/portal\/#\/schema\/person\/d1c5c2b1dc1e658906286802aad38555\"},\"headline\":\"Danone encerra produ\u00e7\u00e3o da Bonafont em Jacutinga que atuou na cidade desde 2009\",\"datePublished\":\"2022-09-08T12:10:14+00:00\",\"dateModified\":\"2022-09-29T23:26:53+00:00\",\"mainEntityOfPage\":{\"@id\":\"https:\/\/www.tvuai.com.br\/portal\/danone-encerra-producao-da-bonafont-em-jacutinga-que-atuou-na-cidade-desde-2009\/\"},\"wordCount\":426,\"publisher\":{\"@id\":\"https:\/\/www.tvuai.com.br\/portal\/#organization\"},\"image\":{\"@id\":\"https:\/\/www.tvuai.com.br\/portal\/danone-encerra-producao-da-bonafont-em-jacutinga-que-atuou-na-cidade-desde-2009\/#primaryimage\"},\"thumbnailUrl\":\"https:\/\/i0.wp.com\/www.tvuai.com.br\/portal\/wp-content\/uploads\/2022\/09\/bonafont0.jpg?fit=200%2C200&ssl=1\",\"keywords\":[\"\u00e1gua mineral\",\"Bonafont\",\"Bonafont Jacutinga\",\"Danone Jacutinga\",\"Jacutinga\",\"Pouso Alegre\",\"Sul de Minas\",\"TV Uai\"],\"articleSection\":[\"Not\u00edcias\"],\"inLanguage\":\"pt-BR\"},{\"@type\":\"WebPage\",\"@id\":\"https:\/\/www.tvuai.com.br\/portal\/danone-encerra-producao-da-bonafont-em-jacutinga-que-atuou-na-cidade-desde-2009\/\",\"url\":\"https:\/\/www.tvuai.com.br\/portal\/danone-encerra-producao-da-bonafont-em-jacutinga-que-atuou-na-cidade-desde-2009\/\",\"name\":\"Danone encerra produ\u00e7\u00e3o da Bonafont em Jacutinga que atuou na cidade desde 2009 - TVUAI\",\"isPartOf\":{\"@id\":\"https:\/\/www.tvuai.com.br\/portal\/#website\"},\"primaryImageOfPage\":{\"@id\":\"https:\/\/www.tvuai.com.br\/portal\/danone-encerra-producao-da-bonafont-em-jacutinga-que-atuou-na-cidade-desde-2009\/#primaryimage\"},\"image\":{\"@id\":\"https:\/\/www.tvuai.com.br\/portal\/danone-encerra-producao-da-bonafont-em-jacutinga-que-atuou-na-cidade-desde-2009\/#primaryimage\"},\"thumbnailUrl\":\"https:\/\/i0.wp.com\/www.tvuai.com.br\/portal\/wp-content\/uploads\/2022\/09\/bonafont0.jpg?fit=200%2C200&ssl=1\",\"datePublished\":\"2022-09-08T12:10:14+00:00\",\"dateModified\":\"2022-09-29T23:26:53+00:00\",\"breadcrumb\":{\"@id\":\"https:\/\/www.tvuai.com.br\/portal\/danone-encerra-producao-da-bonafont-em-jacutinga-que-atuou-na-cidade-desde-2009\/#breadcrumb\"},\"inLanguage\":\"pt-BR\",\"potentialAction\":[{\"@type\":\"ReadAction\",\"target\":[\"https:\/\/www.tvuai.com.br\/portal\/danone-encerra-producao-da-bonafont-em-jacutinga-que-atuou-na-cidade-desde-2009\/\"]}]},{\"@type\":\"ImageObject\",\"inLanguage\":\"pt-BR\",\"@id\":\"https:\/\/www.tvuai.com.br\/portal\/danone-encerra-producao-da-bonafont-em-jacutinga-que-atuou-na-cidade-desde-2009\/#primaryimage\",\"url\":\"https:\/\/i0.wp.com\/www.tvuai.com.br\/portal\/wp-content\/uploads\/2022\/09\/bonafont0.jpg?fit=200%2C200&ssl=1\",\"contentUrl\":\"https:\/\/i0.wp.com\/www.tvuai.com.br\/portal\/wp-content\/uploads\/2022\/09\/bonafont0.jpg?fit=200%2C200&ssl=1\",\"width\":200,\"height\":200},{\"@type\":\"BreadcrumbList\",\"@id\":\"https:\/\/www.tvuai.com.br\/portal\/danone-encerra-producao-da-bonafont-em-jacutinga-que-atuou-na-cidade-desde-2009\/#breadcrumb\",\"itemListElement\":[{\"@type\":\"ListItem\",\"position\":1,\"name\":\"In\u00edcio\",\"item\":\"https:\/\/www.tvuai.com.br\/portal\/\"},{\"@type\":\"ListItem\",\"position\":2,\"name\":\"Danone encerra produ\u00e7\u00e3o da Bonafont em Jacutinga que atuou na cidade desde 2009\"}]},{\"@type\":\"WebSite\",\"@id\":\"https:\/\/www.tvuai.com.br\/portal\/#website\",\"url\":\"https:\/\/www.tvuai.com.br\/portal\/\",\"name\":\"TVUAI\",\"description\":\"Tudo sobre o Sul de Minas\",\"publisher\":{\"@id\":\"https:\/\/www.tvuai.com.br\/portal\/#organization\"},\"potentialAction\":[{\"@type\":\"SearchAction\",\"target\":{\"@type\":\"EntryPoint\",\"urlTemplate\":\"https:\/\/www.tvuai.com.br\/portal\/?s={search_term_string}\"},\"query-input\":{\"@type\":\"PropertyValueSpecification\",\"valueRequired\":true,\"valueName\":\"search_term_string\"}}],\"inLanguage\":\"pt-BR\"},{\"@type\":\"Organization\",\"@id\":\"https:\/\/www.tvuai.com.br\/portal\/#organization\",\"name\":\"TVUAI\",\"url\":\"https:\/\/www.tvuai.com.br\/portal\/\",\"logo\":{\"@type\":\"ImageObject\",\"inLanguage\":\"pt-BR\",\"@id\":\"https:\/\/www.tvuai.com.br\/portal\/#\/schema\/logo\/image\/\",\"url\":\"https:\/\/i0.wp.com\/www.tvuai.com.br\/portal\/wp-content\/uploads\/2017\/12\/logo_tvuai_100H.png?fit=207%2C100&ssl=1\",\"contentUrl\":\"https:\/\/i0.wp.com\/www.tvuai.com.br\/portal\/wp-content\/uploads\/2017\/12\/logo_tvuai_100H.png?fit=207%2C100&ssl=1\",\"width\":207,\"height\":100,\"caption\":\"TVUAI\"},\"image\":{\"@id\":\"https:\/\/www.tvuai.com.br\/portal\/#\/schema\/logo\/image\/\"},\"sameAs\":[\"http:\/\/www.facebook.com\/pages\/TV-Uai-Comunica\u00e7\u00e3o\/139062546157369\",\"https:\/\/x.com\/tvuai\",\"https:\/\/www.instagram.com\/tvuai_network\/\",\"https:\/\/www.youtube.com\/channel\/UCB7ZPB3wRv-OpoZ_09jmnkQ\"]},{\"@type\":\"Person\",\"@id\":\"https:\/\/www.tvuai.com.br\/portal\/#\/schema\/person\/d1c5c2b1dc1e658906286802aad38555\",\"name\":\"Rosy Pantale\u00e3o\",\"sameAs\":[\"https:\/\/www.tvuai.com.br\/portal\/\",\"https:\/\/www.facebook.com\/tvuai\/\",\"https:\/\/www.instagram.com\/tvuai\",\"https:\/\/x.com\/tvuai\",\"https:\/\/www.youtube.com\/channel\/UCB7ZPB3wRv-OpoZ_09jmnkQ\",\"tvuai\"],\"url\":\"https:\/\/www.tvuai.com.br\/portal\/author\/rosy\/\"}]}<\/script>\n<!-- \/ Yoast SEO plugin. -->","yoast_head_json":{"title":"Danone encerra produ\u00e7\u00e3o da Bonafont em Jacutinga que atuou na cidade desde 2009 - TVUAI","robots":{"index":"index","follow":"follow","max-snippet":"max-snippet:-1","max-image-preview":"max-image-preview:large","max-video-preview":"max-video-preview:-1"},"canonical":"https:\/\/www.tvuai.com.br\/portal\/danone-encerra-producao-da-bonafont-em-jacutinga-que-atuou-na-cidade-desde-2009\/","og_locale":"pt_BR","og_type":"article","og_title":"Danone encerra produ\u00e7\u00e3o da Bonafont em Jacutinga que atuou na cidade desde 2009 - TVUAI","og_description":"A Danone anunciou que encerrou a produ\u00e7\u00e3o dos produtos da linha de \u00e1guas Bonafont no Brasil. Segundo a companhia, a fabrica\u00e7\u00e3o aconteceu somente at\u00e9 o \u00faltimo s\u00e1bado e a medida que os produtos sa\u00edrem das prateleiras, n\u00e3o ser\u00e3o mais repostos. \u201cOs produtos Bonafont envasados at\u00e9 3 de setembro seguir\u00e3o os padr\u00f5es de qualidade da Danone [&hellip;]","og_url":"https:\/\/www.tvuai.com.br\/portal\/danone-encerra-producao-da-bonafont-em-jacutinga-que-atuou-na-cidade-desde-2009\/","og_site_name":"TVUAI","article_publisher":"http:\/\/www.facebook.com\/pages\/TV-Uai-Comunica%c3%a7%c3%a3o\/139062546157369","article_author":"https:\/\/www.facebook.com\/tvuai\/","article_published_time":"2022-09-08T12:10:14+00:00","article_modified_time":"2022-09-29T23:26:53+00:00","og_image":[{"width":200,"height":200,"url":"https:\/\/i0.wp.com\/www.tvuai.com.br\/portal\/wp-content\/uploads\/2022\/09\/bonafont0.jpg?fit=200%2C200&ssl=1","type":"image\/jpeg"}],"author":"Rosy Pantale\u00e3o","twitter_card":"summary_large_image","twitter_creator":"@tvuai","twitter_site":"@tvuai","twitter_misc":{"Escrito por":"Rosy Pantale\u00e3o","Est. tempo de leitura":"2 minutos"},"schema":{"@context":"https:\/\/schema.org","@graph":[{"@type":"Article","@id":"https:\/\/www.tvuai.com.br\/portal\/danone-encerra-producao-da-bonafont-em-jacutinga-que-atuou-na-cidade-desde-2009\/#article","isPartOf":{"@id":"https:\/\/www.tvuai.com.br\/portal\/danone-encerra-producao-da-bonafont-em-jacutinga-que-atuou-na-cidade-desde-2009\/"},"author":{"name":"Rosy Pantale\u00e3o","@id":"https:\/\/www.tvuai.com.br\/portal\/#\/schema\/person\/d1c5c2b1dc1e658906286802aad38555"},"headline":"Danone encerra produ\u00e7\u00e3o da Bonafont em Jacutinga que atuou na cidade desde 2009","datePublished":"2022-09-08T12:10:14+00:00","dateModified":"2022-09-29T23:26:53+00:00","mainEntityOfPage":{"@id":"https:\/\/www.tvuai.com.br\/portal\/danone-encerra-producao-da-bonafont-em-jacutinga-que-atuou-na-cidade-desde-2009\/"},"wordCount":426,"publisher":{"@id":"https:\/\/www.tvuai.com.br\/portal\/#organization"},"image":{"@id":"https:\/\/www.tvuai.com.br\/portal\/danone-encerra-producao-da-bonafont-em-jacutinga-que-atuou-na-cidade-desde-2009\/#primaryimage"},"thumbnailUrl":"https:\/\/i0.wp.com\/www.tvuai.com.br\/portal\/wp-content\/uploads\/2022\/09\/bonafont0.jpg?fit=200%2C200&ssl=1","keywords":["\u00e1gua mineral","Bonafont","Bonafont Jacutinga","Danone Jacutinga","Jacutinga","Pouso Alegre","Sul de Minas","TV Uai"],"articleSection":["Not\u00edcias"],"inLanguage":"pt-BR"},{"@type":"WebPage","@id":"https:\/\/www.tvuai.com.br\/portal\/danone-encerra-producao-da-bonafont-em-jacutinga-que-atuou-na-cidade-desde-2009\/","url":"https:\/\/www.tvuai.com.br\/portal\/danone-encerra-producao-da-bonafont-em-jacutinga-que-atuou-na-cidade-desde-2009\/","name":"Danone encerra produ\u00e7\u00e3o da Bonafont em Jacutinga que atuou na cidade desde 2009 - TVUAI","isPartOf":{"@id":"https:\/\/www.tvuai.com.br\/portal\/#website"},"primaryImageOfPage":{"@id":"https:\/\/www.tvuai.com.br\/portal\/danone-encerra-producao-da-bonafont-em-jacutinga-que-atuou-na-cidade-desde-2009\/#primaryimage"},"image":{"@id":"https:\/\/www.tvuai.com.br\/portal\/danone-encerra-producao-da-bonafont-em-jacutinga-que-atuou-na-cidade-desde-2009\/#primaryimage"},"thumbnailUrl":"https:\/\/i0.wp.com\/www.tvuai.com.br\/portal\/wp-content\/uploads\/2022\/09\/bonafont0.jpg?fit=200%2C200&ssl=1","datePublished":"2022-09-08T12:10:14+00:00","dateModified":"2022-09-29T23:26:53+00:00","breadcrumb":{"@id":"https:\/\/www.tvuai.com.br\/portal\/danone-encerra-producao-da-bonafont-em-jacutinga-que-atuou-na-cidade-desde-2009\/#breadcrumb"},"inLanguage":"pt-BR","potentialAction":[{"@type":"ReadAction","target":["https:\/\/www.tvuai.com.br\/portal\/danone-encerra-producao-da-bonafont-em-jacutinga-que-atuou-na-cidade-desde-2009\/"]}]},{"@type":"ImageObject","inLanguage":"pt-BR","@id":"https:\/\/www.tvuai.com.br\/portal\/danone-encerra-producao-da-bonafont-em-jacutinga-que-atuou-na-cidade-desde-2009\/#primaryimage","url":"https:\/\/i0.wp.com\/www.tvuai.com.br\/portal\/wp-content\/uploads\/2022\/09\/bonafont0.jpg?fit=200%2C200&ssl=1","contentUrl":"https:\/\/i0.wp.com\/www.tvuai.com.br\/portal\/wp-content\/uploads\/2022\/09\/bonafont0.jpg?fit=200%2C200&ssl=1","width":200,"height":200},{"@type":"BreadcrumbList","@id":"https:\/\/www.tvuai.com.br\/portal\/danone-encerra-producao-da-bonafont-em-jacutinga-que-atuou-na-cidade-desde-2009\/#breadcrumb","itemListElement":[{"@type":"ListItem","position":1,"name":"In\u00edcio","item":"https:\/\/www.tvuai.com.br\/portal\/"},{"@type":"ListItem","position":2,"name":"Danone encerra produ\u00e7\u00e3o da Bonafont em Jacutinga que atuou na cidade desde 2009"}]},{"@type":"WebSite","@id":"https:\/\/www.tvuai.com.br\/portal\/#website","url":"https:\/\/www.tvuai.com.br\/portal\/","name":"TVUAI","description":"Tudo sobre o Sul de Minas","publisher":{"@id":"https:\/\/www.tvuai.com.br\/portal\/#organization"},"potentialAction":[{"@type":"SearchAction","target":{"@type":"EntryPoint","urlTemplate":"https:\/\/www.tvuai.com.br\/portal\/?s={search_term_string}"},"query-input":{"@type":"PropertyValueSpecification","valueRequired":true,"valueName":"search_term_string"}}],"inLanguage":"pt-BR"},{"@type":"Organization","@id":"https:\/\/www.tvuai.com.br\/portal\/#organization","name":"TVUAI","url":"https:\/\/www.tvuai.com.br\/portal\/","logo":{"@type":"ImageObject","inLanguage":"pt-BR","@id":"https:\/\/www.tvuai.com.br\/portal\/#\/schema\/logo\/image\/","url":"https:\/\/i0.wp.com\/www.tvuai.com.br\/portal\/wp-content\/uploads\/2017\/12\/logo_tvuai_100H.png?fit=207%2C100&ssl=1","contentUrl":"https:\/\/i0.wp.com\/www.tvuai.com.br\/portal\/wp-content\/uploads\/2017\/12\/logo_tvuai_100H.png?fit=207%2C100&ssl=1","width":207,"height":100,"caption":"TVUAI"},"image":{"@id":"https:\/\/www.tvuai.com.br\/portal\/#\/schema\/logo\/image\/"},"sameAs":["http:\/\/www.facebook.com\/pages\/TV-Uai-Comunica\u00e7\u00e3o\/139062546157369","https:\/\/x.com\/tvuai","https:\/\/www.instagram.com\/tvuai_network\/","https:\/\/www.youtube.com\/channel\/UCB7ZPB3wRv-OpoZ_09jmnkQ"]},{"@type":"Person","@id":"https:\/\/www.tvuai.com.br\/portal\/#\/schema\/person\/d1c5c2b1dc1e658906286802aad38555","name":"Rosy Pantale\u00e3o","sameAs":["https:\/\/www.tvuai.com.br\/portal\/","https:\/\/www.facebook.com\/tvuai\/","https:\/\/www.instagram.com\/tvuai","https:\/\/x.com\/tvuai","https:\/\/www.youtube.com\/channel\/UCB7ZPB3wRv-OpoZ_09jmnkQ","tvuai"],"url":"https:\/\/www.tvuai.com.br\/portal\/author\/rosy\/"}]}},"jetpack_featured_media_url":"https:\/\/i0.wp.com\/www.tvuai.com.br\/portal\/wp-content\/uploads\/2022\/09\/bonafont0.jpg?fit=200%2C200&ssl=1","wpmagazine_modules_lite_featured_media_urls":{"thumbnail":["https:\/\/i0.wp.com\/www.tvuai.com.br\/portal\/wp-content\/uploads\/2022\/09\/bonafont0.jpg?resize=150%2C150&ssl=1",150,150,true],"cvmm-medium":["https:\/\/i0.wp.com\/www.tvuai.com.br\/portal\/wp-content\/uploads\/2022\/09\/bonafont0.jpg?resize=200%2C200&ssl=1",200,200,true],"cvmm-medium-plus":["https:\/\/i0.wp.com\/www.tvuai.com.br\/portal\/wp-content\/uploads\/2022\/09\/bonafont0.jpg?resize=200%2C200&ssl=1",200,200,true],"cvmm-portrait":["https:\/\/i0.wp.com\/www.tvuai.com.br\/portal\/wp-content\/uploads\/2022\/09\/bonafont0.jpg?resize=200%2C200&ssl=1",200,200,true],"cvmm-medium-square":["https:\/\/i0.wp.com\/www.tvuai.com.br\/portal\/wp-content\/uploads\/2022\/09\/bonafont0.jpg?resize=200%2C200&ssl=1",200,200,true],"cvmm-large":["https:\/\/i0.wp.com\/www.tvuai.com.br\/portal\/wp-content\/uploads\/2022\/09\/bonafont0.jpg?resize=200%2C200&ssl=1",200,200,true],"cvmm-small":["https:\/\/i0.wp.com\/www.tvuai.com.br\/portal\/wp-content\/uploads\/2022\/09\/bonafont0.jpg?resize=130%2C95&ssl=1",130,95,true],"full":["https:\/\/i0.wp.com\/www.tvuai.com.br\/portal\/wp-content\/uploads\/2022\/09\/bonafont0.jpg?fit=200%2C200&ssl=1",200,200,false]},"categories_names":{"19":{"name":"Not\u00edcias","link":"https:\/\/www.tvuai.com.br\/portal\/category\/noticias\/"}},"tags_names":{"1143":{"name":"\u00e1gua mineral","link":"https:\/\/www.tvuai.com.br\/portal\/tag\/agua-mineral\/"},"1142":{"name":"Bonafont","link":"https:\/\/www.tvuai.com.br\/portal\/tag\/bonafont\/"},"1141":{"name":"Bonafont Jacutinga","link":"https:\/\/www.tvuai.com.br\/portal\/tag\/bonafont-jacutinga\/"},"1140":{"name":"Danone Jacutinga","link":"https:\/\/www.tvuai.com.br\/portal\/tag\/danone-jacutinga\/"},"1095":{"name":"Jacutinga","link":"https:\/\/www.tvuai.com.br\/portal\/tag\/jacutinga\/"},"37":{"name":"Pouso Alegre","link":"https:\/\/www.tvuai.com.br\/portal\/tag\/pouso-alegre\/"},"39":{"name":"Sul de Minas","link":"https:\/\/www.tvuai.com.br\/portal\/tag\/sul-de-minas\/"},"27":{"name":"TV Uai","link":"https:\/\/www.tvuai.com.br\/portal\/tag\/tv-uai\/"}},"comments_number":"0","jetpack_shortlink":"https:\/\/wp.me\/p9woix-1fp","jetpack_sharing_enabled":true,"_links":{"self":[{"href":"https:\/\/www.tvuai.com.br\/portal\/wp-json\/wp\/v2\/posts\/4799"}],"collection":[{"href":"https:\/\/www.tvuai.com.br\/portal\/wp-json\/wp\/v2\/posts"}],"about":[{"href":"https:\/\/www.tvuai.com.br\/portal\/wp-json\/wp\/v2\/types\/post"}],"author":[{"embeddable":true,"href":"https:\/\/www.tvuai.com.br\/portal\/wp-json\/wp\/v2\/users\/2"}],"replies":[{"embeddable":true,"href":"https:\/\/www.tvuai.com.br\/portal\/wp-json\/wp\/v2\/comments?post=4799"}],"version-history":[{"count":9,"href":"https:\/\/www.tvuai.com.br\/portal\/wp-json\/wp\/v2\/posts\/4799\/revisions"}],"predecessor-version":[{"id":4812,"href":"https:\/\/www.tvuai.com.br\/portal\/wp-json\/wp\/v2\/posts\/4799\/revisions\/4812"}],"wp:featuredmedia":[{"embeddable":true,"href":"https:\/\/www.tvuai.com.br\/portal\/wp-json\/wp\/v2\/media\/4810"}],"wp:attachment":[{"href":"https:\/\/www.tvuai.com.br\/portal\/wp-json\/wp\/v2\/media?parent=4799"}],"wp:term":[{"taxonomy":"category","embeddable":true,"href":"https:\/\/www.tvuai.com.br\/portal\/wp-json\/wp\/v2\/categories?post=4799"},{"taxonomy":"post_tag","embeddable":true,"href":"https:\/\/www.tvuai.com.br\/portal\/wp-json\/wp\/v2\/tags?post=4799"}],"curies":[{"name":"wp","href":"https:\/\/api.w.org\/{rel}","templated":true}]}}