{"id":4740,"date":"2022-09-02T12:18:03","date_gmt":"2022-09-02T15:18:03","guid":{"rendered":"https:\/\/www.tvuai.com.br\/portal\/?p=4740"},"modified":"2022-09-10T11:49:18","modified_gmt":"2022-09-10T14:49:18","slug":"construcoes-verdes-e-cidades-inteligentes-minascon-2022-sera-lancado-em-pocos-de-caldas-no-dia-6-de-setembro","status":"publish","type":"post","link":"https:\/\/www.tvuai.com.br\/portal\/construcoes-verdes-e-cidades-inteligentes-minascon-2022-sera-lancado-em-pocos-de-caldas-no-dia-6-de-setembro\/","title":{"rendered":"\u201cConstru\u00e7\u00f5es Verdes e Cidades Inteligentes\u201d. Minascon 2022 ser\u00e1 lan\u00e7ado em Po\u00e7os de Caldas no dia 6 de setembro"},"content":{"rendered":"<div class=\"5a1038e0903b96d426fcfcc338703013\" data-index=\"1\" style=\"float: right; margin:10px 0 10px 10px;\">\n<script async src=\"https:\/\/pagead2.googlesyndication.com\/pagead\/js\/adsbygoogle.js?client=ca-pub-9945944833605257\"\r\n     crossorigin=\"anonymous\"><\/script>\r\n<ins class=\"adsbygoogle\"\r\n     style=\"display:block; text-align:center;\"\r\n     data-ad-layout=\"in-article\"\r\n     data-ad-format=\"fluid\"\r\n     data-ad-client=\"ca-pub-9945944833605257\"\r\n     data-ad-slot=\"2343923581\"><\/ins>\r\n<script>\r\n     (adsbygoogle = window.adsbygoogle || []).push({});\r\n<\/script>\n<\/div>\n<h5 style=\"text-align: center\"><em>Lan\u00e7amento do maior evento da cadeia produtiva da constru\u00e7\u00e3o<\/em><br \/>\n<em>acontece no dia 6 de setembro no Sal\u00e3o de Ch\u00e1 do Palace Casino<\/em><\/h5>\n<p><img data-recalc-dims=\"1\" fetchpriority=\"high\" decoding=\"async\" data-attachment-id=\"4743\" data-permalink=\"https:\/\/www.tvuai.com.br\/portal\/construcoes-verdes-e-cidades-inteligentes-minascon-2022-sera-lancado-em-pocos-de-caldas-no-dia-6-de-setembro\/minascon1\/\" data-orig-file=\"https:\/\/i0.wp.com\/www.tvuai.com.br\/portal\/wp-content\/uploads\/2022\/09\/Minascon1.jpg?fit=600%2C232&amp;ssl=1\" data-orig-size=\"600,232\" data-comments-opened=\"0\" data-image-meta=\"{&quot;aperture&quot;:&quot;0&quot;,&quot;credit&quot;:&quot;&quot;,&quot;camera&quot;:&quot;&quot;,&quot;caption&quot;:&quot;&quot;,&quot;created_timestamp&quot;:&quot;0&quot;,&quot;copyright&quot;:&quot;&quot;,&quot;focal_length&quot;:&quot;0&quot;,&quot;iso&quot;:&quot;0&quot;,&quot;shutter_speed&quot;:&quot;0&quot;,&quot;title&quot;:&quot;&quot;,&quot;orientation&quot;:&quot;1&quot;}\" data-image-title=\"Minascon1\" data-image-description=\"\" data-image-caption=\"\" data-medium-file=\"https:\/\/i0.wp.com\/www.tvuai.com.br\/portal\/wp-content\/uploads\/2022\/09\/Minascon1.jpg?fit=300%2C116&amp;ssl=1\" data-large-file=\"https:\/\/i0.wp.com\/www.tvuai.com.br\/portal\/wp-content\/uploads\/2022\/09\/Minascon1.jpg?fit=600%2C232&amp;ssl=1\" tabindex=\"0\" role=\"button\" class=\"aligncenter size-full wp-image-4743\" src=\"https:\/\/i0.wp.com\/www.tvuai.com.br\/portal\/wp-content\/uploads\/2022\/09\/Minascon1.jpg?resize=600%2C232&#038;ssl=1\" alt=\"\" width=\"600\" height=\"232\" srcset=\"https:\/\/i0.wp.com\/www.tvuai.com.br\/portal\/wp-content\/uploads\/2022\/09\/Minascon1.jpg?w=600&amp;ssl=1 600w, https:\/\/i0.wp.com\/www.tvuai.com.br\/portal\/wp-content\/uploads\/2022\/09\/Minascon1.jpg?resize=300%2C116&amp;ssl=1 300w\" sizes=\"(max-width: 600px) 100vw, 600px\" \/>A Federa\u00e7\u00e3o das Ind\u00fastrias de Minas Gerais (FIEMG) realiza, no dia 6 de setembro, \u00e0s 19h, no Sal\u00e3o Azul do Palace Casino, em Po\u00e7os de Caldas, o lan\u00e7amento do Minascon 2022. O evento contar\u00e1 com as presen\u00e7as de Rodrigo Costa Batista, vice-presidente da FIEMG Regional Sul, Geraldo Jardim, presidente da C\u00e2mara da Ind\u00fastria da Constru\u00e7\u00e3o da FIEMG, Nakle Mohallem, presidente do Sindicato Intermunicipal das Ind\u00fastrias da Constru\u00e7\u00e3o do Sul de Minas Gerais (Sinduscon Sul), Sebasti\u00e3o Rog\u00e9rio, presidente do Sinduscon Lagos (Varginha), e S\u00e9rgio Ant\u00f4nio Carvalho de Azevedo, prefeito de Po\u00e7os de Caldas. Ap\u00f3s o lan\u00e7amento oficial, os convidados ficar\u00e3o dispon\u00edveis para conversar com a imprensa.<\/p>\n<p>O Minascon, o maior evento da cadeia produtiva da constru\u00e7\u00e3o, tem o objetivo de fomentar neg\u00f3cios e promover a capacita\u00e7\u00e3o de gestores e profissionais que atuam nesse segmento da ind\u00fastria mineira. Em 2022, a 19\u00aa edi\u00e7\u00e3o ser\u00e1 realizada em Po\u00e7os de Caldas, no Sul de Minas, de 17 a 19 de novembro. Com o tema \u201cConstru\u00e7\u00f5es Verdes e Cidades Inteligentes\u201d, o evento contar\u00e1 com palestrantes de empresas como MRV, Riva Incorporadora, Reta Engenharia, AVA Consultoria e Gest\u00e3o em Arquitetura, entre outras, que compartilhar\u00e3o suas experi\u00eancias e novidades do setor.<\/p>\n<p>Al\u00e9m da programa\u00e7\u00e3o de semin\u00e1rios e palestras, o Minascon 2022 contar\u00e1 com espa\u00e7os como o Balc\u00e3o de Neg\u00f3cios, o Sal\u00e3o Imobili\u00e1rio e a Pra\u00e7a do Concreto. Tamb\u00e9m est\u00e3o previstos os concursos \u201cA Ponte\u201d e \u201cPr\u00e1ticas Sustent\u00e1veis na Constru\u00e7\u00e3o Civil\u201d.<\/p>\n<p>A realiza\u00e7\u00e3o da 19\u00aa edi\u00e7\u00e3o do Minascon conta com o apoio do SEBRAE Minas e com as parcerias da Prefeitura de Po\u00e7os de Caldas, do Conselho Regional de Engenharia e Agronomia de Minas Gerais (Crea\/MG) e do Banco de Desenvolvimento de Minas Gerais (BDMG).<\/p>\n<p style=\"text-align: center\"><strong>Lan\u00e7amento do Minascon 2022<\/strong><\/p>\n<p><strong>Data<\/strong>: 6\/9<br \/>\n<strong>Hor\u00e1rio<\/strong>: 19h<br \/>\n<strong>Local<\/strong>: Palace Casino &#8211; Pra\u00e7a Pedro Sanches, s\/n, Centro, Po\u00e7os de Caldas<br \/>\nMais informa\u00e7\u00f5es <span style=\"color: #000080\"><strong><a style=\"color: #000080\" href=\"minascon@fiemg.com.br\">por e-mail<\/a><\/strong><\/span>\u00a0 ou pelo telefone (35) 99198-6506<\/p>\n<p><img data-recalc-dims=\"1\" decoding=\"async\" data-attachment-id=\"4744\" data-permalink=\"https:\/\/www.tvuai.com.br\/portal\/construcoes-verdes-e-cidades-inteligentes-minascon-2022-sera-lancado-em-pocos-de-caldas-no-dia-6-de-setembro\/minascon2\/\" data-orig-file=\"https:\/\/i0.wp.com\/www.tvuai.com.br\/portal\/wp-content\/uploads\/2022\/09\/Minascon2.jpg?fit=600%2C1267&amp;ssl=1\" data-orig-size=\"600,1267\" data-comments-opened=\"0\" data-image-meta=\"{&quot;aperture&quot;:&quot;0&quot;,&quot;credit&quot;:&quot;&quot;,&quot;camera&quot;:&quot;&quot;,&quot;caption&quot;:&quot;&quot;,&quot;created_timestamp&quot;:&quot;0&quot;,&quot;copyright&quot;:&quot;&quot;,&quot;focal_length&quot;:&quot;0&quot;,&quot;iso&quot;:&quot;0&quot;,&quot;shutter_speed&quot;:&quot;0&quot;,&quot;title&quot;:&quot;&quot;,&quot;orientation&quot;:&quot;1&quot;}\" data-image-title=\"Minascon2\" data-image-description=\"\" data-image-caption=\"\" data-medium-file=\"https:\/\/i0.wp.com\/www.tvuai.com.br\/portal\/wp-content\/uploads\/2022\/09\/Minascon2.jpg?fit=142%2C300&amp;ssl=1\" data-large-file=\"https:\/\/i0.wp.com\/www.tvuai.com.br\/portal\/wp-content\/uploads\/2022\/09\/Minascon2.jpg?fit=485%2C1024&amp;ssl=1\" tabindex=\"0\" role=\"button\" class=\"aligncenter size-full wp-image-4744\" src=\"https:\/\/i0.wp.com\/www.tvuai.com.br\/portal\/wp-content\/uploads\/2022\/09\/Minascon2.jpg?resize=600%2C1267&#038;ssl=1\" alt=\"\" width=\"600\" height=\"1267\" srcset=\"https:\/\/i0.wp.com\/www.tvuai.com.br\/portal\/wp-content\/uploads\/2022\/09\/Minascon2.jpg?w=600&amp;ssl=1 600w, https:\/\/i0.wp.com\/www.tvuai.com.br\/portal\/wp-content\/uploads\/2022\/09\/Minascon2.jpg?resize=142%2C300&amp;ssl=1 142w, https:\/\/i0.wp.com\/www.tvuai.com.br\/portal\/wp-content\/uploads\/2022\/09\/Minascon2.jpg?resize=485%2C1024&amp;ssl=1 485w\" sizes=\"(max-width: 600px) 100vw, 600px\" \/><\/p>\n<h6 style=\"text-align: right\"><em><strong>Com informa\u00e7\u00f5es de Denise Lucas<\/strong><\/em><\/h6>\n\n<div style=\"font-size: 0px; height: 0px; line-height: 0px; margin: 0; padding: 0; clear: both;\"><\/div><div class='share-to-whatsapp-wrapper'><div class='share-on-whsp'>Share on: <\/div><a data-text='\u201cConstru\u00e7\u00f5es Verdes e Cidades Inteligentes\u201d. Minascon 2022 ser\u00e1 lan\u00e7ado em Po\u00e7os de Caldas no dia 6 de setembro' data-link='https:\/\/www.tvuai.com.br\/portal\/construcoes-verdes-e-cidades-inteligentes-minascon-2022-sera-lancado-em-pocos-de-caldas-no-dia-6-de-setembro\/' class='whatsapp-button whatsapp-share'>WhatsApp<\/a><div class='clear '><\/div><\/div><!-- AddThis Advanced Settings generic via filter on the_content --><!-- AddThis Share Buttons generic via filter on the_content -->","protected":false},"excerpt":{"rendered":"<p>Lan\u00e7amento do maior evento da cadeia produtiva da constru\u00e7\u00e3o acontece no dia 6 de setembro no Sal\u00e3o de Ch\u00e1 do Palace Casino A Federa\u00e7\u00e3o das Ind\u00fastrias de Minas Gerais (FIEMG) realiza, no dia 6 de setembro, \u00e0s 19h, no Sal\u00e3o Azul do Palace Casino, em Po\u00e7os de Caldas, o lan\u00e7amento do Minascon 2022. O evento [&hellip;]<!-- AddThis Advanced Settings generic via filter on get_the_excerpt --><!-- AddThis Share Buttons generic via filter on get_the_excerpt --><\/p>\n","protected":false},"author":2,"featured_media":4742,"comment_status":"closed","ping_status":"closed","sticky":false,"template":"","format":"standard","meta":{"jetpack_post_was_ever_published":false,"_jetpack_newsletter_access":"","_jetpack_dont_email_post_to_subs":false,"_jetpack_newsletter_tier_id":0,"_jetpack_memberships_contains_paywalled_content":false,"_jetpack_memberships_contains_paid_content":false,"_joinchat":[],"footnotes":"","jetpack_publicize_message":"","jetpack_publicize_feature_enabled":true,"jetpack_social_post_already_shared":true,"jetpack_social_options":{"image_generator_settings":{"template":"highway","enabled":false},"version":2}},"categories":[19],"tags":[1123,1120,146,186,1121,1124,348,37,1122,39,27],"class_list":["post-4740","post","type-post","status-publish","format-standard","has-post-thumbnail","hentry","category-noticias","tag-bdmg","tag-construcoes-verdes-e-cidades-inteligentes","tag-crea-mg","tag-fiemg","tag-minascon-2022","tag-palace-casino","tag-pocos-de-caldas","tag-pouso-alegre","tag-sebrae-minas","tag-sul-de-minas","tag-tv-uai"],"jetpack_publicize_connections":[],"yoast_head":"<!-- This site is optimized with the Yoast SEO plugin v23.5 - https:\/\/yoast.com\/wordpress\/plugins\/seo\/ -->\n<title>\u201cConstru\u00e7\u00f5es Verdes e Cidades Inteligentes\u201d. Minascon 2022 ser\u00e1 lan\u00e7ado em Po\u00e7os de Caldas no dia 6 de setembro - TVUAI<\/title>\n<meta name=\"robots\" content=\"index, follow, max-snippet:-1, max-image-preview:large, max-video-preview:-1\" \/>\n<link rel=\"canonical\" href=\"https:\/\/www.tvuai.com.br\/portal\/construcoes-verdes-e-cidades-inteligentes-minascon-2022-sera-lancado-em-pocos-de-caldas-no-dia-6-de-setembro\/\" \/>\n<meta property=\"og:locale\" content=\"pt_BR\" \/>\n<meta property=\"og:type\" content=\"article\" \/>\n<meta property=\"og:title\" content=\"\u201cConstru\u00e7\u00f5es Verdes e Cidades Inteligentes\u201d. Minascon 2022 ser\u00e1 lan\u00e7ado em Po\u00e7os de Caldas no dia 6 de setembro - TVUAI\" \/>\n<meta property=\"og:description\" content=\"Lan\u00e7amento do maior evento da cadeia produtiva da constru\u00e7\u00e3o acontece no dia 6 de setembro no Sal\u00e3o de Ch\u00e1 do Palace Casino A Federa\u00e7\u00e3o das Ind\u00fastrias de Minas Gerais (FIEMG) realiza, no dia 6 de setembro, \u00e0s 19h, no Sal\u00e3o Azul do Palace Casino, em Po\u00e7os de Caldas, o lan\u00e7amento do Minascon 2022. O evento [&hellip;]\" \/>\n<meta property=\"og:url\" content=\"https:\/\/www.tvuai.com.br\/portal\/construcoes-verdes-e-cidades-inteligentes-minascon-2022-sera-lancado-em-pocos-de-caldas-no-dia-6-de-setembro\/\" \/>\n<meta property=\"og:site_name\" content=\"TVUAI\" \/>\n<meta property=\"article:publisher\" content=\"http:\/\/www.facebook.com\/pages\/TV-Uai-Comunica%c3%a7%c3%a3o\/139062546157369\" \/>\n<meta property=\"article:author\" content=\"https:\/\/www.facebook.com\/tvuai\/\" \/>\n<meta property=\"article:published_time\" content=\"2022-09-02T15:18:03+00:00\" \/>\n<meta property=\"article:modified_time\" content=\"2022-09-10T14:49:18+00:00\" \/>\n<meta property=\"og:image\" content=\"https:\/\/i0.wp.com\/www.tvuai.com.br\/portal\/wp-content\/uploads\/2022\/09\/Minascon0.jpg?fit=200%2C200&ssl=1\" \/>\n\t<meta property=\"og:image:width\" content=\"200\" \/>\n\t<meta property=\"og:image:height\" content=\"200\" \/>\n\t<meta property=\"og:image:type\" content=\"image\/jpeg\" \/>\n<meta name=\"author\" content=\"Rosy Pantale\u00e3o\" \/>\n<meta name=\"twitter:card\" content=\"summary_large_image\" \/>\n<meta name=\"twitter:creator\" content=\"@tvuai\" \/>\n<meta name=\"twitter:site\" content=\"@tvuai\" \/>\n<meta name=\"twitter:label1\" content=\"Escrito por\" \/>\n\t<meta name=\"twitter:data1\" content=\"Rosy Pantale\u00e3o\" \/>\n\t<meta name=\"twitter:label2\" content=\"Est. tempo de leitura\" \/>\n\t<meta name=\"twitter:data2\" content=\"2 minutos\" \/>\n<script type=\"application\/ld+json\" class=\"yoast-schema-graph\">{\"@context\":\"https:\/\/schema.org\",\"@graph\":[{\"@type\":\"Article\",\"@id\":\"https:\/\/www.tvuai.com.br\/portal\/construcoes-verdes-e-cidades-inteligentes-minascon-2022-sera-lancado-em-pocos-de-caldas-no-dia-6-de-setembro\/#article\",\"isPartOf\":{\"@id\":\"https:\/\/www.tvuai.com.br\/portal\/construcoes-verdes-e-cidades-inteligentes-minascon-2022-sera-lancado-em-pocos-de-caldas-no-dia-6-de-setembro\/\"},\"author\":{\"name\":\"Rosy Pantale\u00e3o\",\"@id\":\"https:\/\/www.tvuai.com.br\/portal\/#\/schema\/person\/d1c5c2b1dc1e658906286802aad38555\"},\"headline\":\"\u201cConstru\u00e7\u00f5es Verdes e Cidades Inteligentes\u201d. Minascon 2022 ser\u00e1 lan\u00e7ado em Po\u00e7os de Caldas no dia 6 de setembro\",\"datePublished\":\"2022-09-02T15:18:03+00:00\",\"dateModified\":\"2022-09-10T14:49:18+00:00\",\"mainEntityOfPage\":{\"@id\":\"https:\/\/www.tvuai.com.br\/portal\/construcoes-verdes-e-cidades-inteligentes-minascon-2022-sera-lancado-em-pocos-de-caldas-no-dia-6-de-setembro\/\"},\"wordCount\":398,\"publisher\":{\"@id\":\"https:\/\/www.tvuai.com.br\/portal\/#organization\"},\"image\":{\"@id\":\"https:\/\/www.tvuai.com.br\/portal\/construcoes-verdes-e-cidades-inteligentes-minascon-2022-sera-lancado-em-pocos-de-caldas-no-dia-6-de-setembro\/#primaryimage\"},\"thumbnailUrl\":\"https:\/\/i0.wp.com\/www.tvuai.com.br\/portal\/wp-content\/uploads\/2022\/09\/Minascon0.jpg?fit=200%2C200&ssl=1\",\"keywords\":[\"BDMG\",\"Constru\u00e7\u00f5es Verdes e Cidades Inteligentes\",\"Crea-MG\",\"FIEMG\",\"Minascon 2022\",\"Palace Casino\",\"Po\u00e7os de Caldas\",\"Pouso Alegre\",\"SEBRAE Minas\",\"Sul de Minas\",\"TV Uai\"],\"articleSection\":[\"Not\u00edcias\"],\"inLanguage\":\"pt-BR\"},{\"@type\":\"WebPage\",\"@id\":\"https:\/\/www.tvuai.com.br\/portal\/construcoes-verdes-e-cidades-inteligentes-minascon-2022-sera-lancado-em-pocos-de-caldas-no-dia-6-de-setembro\/\",\"url\":\"https:\/\/www.tvuai.com.br\/portal\/construcoes-verdes-e-cidades-inteligentes-minascon-2022-sera-lancado-em-pocos-de-caldas-no-dia-6-de-setembro\/\",\"name\":\"\u201cConstru\u00e7\u00f5es Verdes e Cidades Inteligentes\u201d. Minascon 2022 ser\u00e1 lan\u00e7ado em Po\u00e7os de Caldas no dia 6 de setembro - TVUAI\",\"isPartOf\":{\"@id\":\"https:\/\/www.tvuai.com.br\/portal\/#website\"},\"primaryImageOfPage\":{\"@id\":\"https:\/\/www.tvuai.com.br\/portal\/construcoes-verdes-e-cidades-inteligentes-minascon-2022-sera-lancado-em-pocos-de-caldas-no-dia-6-de-setembro\/#primaryimage\"},\"image\":{\"@id\":\"https:\/\/www.tvuai.com.br\/portal\/construcoes-verdes-e-cidades-inteligentes-minascon-2022-sera-lancado-em-pocos-de-caldas-no-dia-6-de-setembro\/#primaryimage\"},\"thumbnailUrl\":\"https:\/\/i0.wp.com\/www.tvuai.com.br\/portal\/wp-content\/uploads\/2022\/09\/Minascon0.jpg?fit=200%2C200&ssl=1\",\"datePublished\":\"2022-09-02T15:18:03+00:00\",\"dateModified\":\"2022-09-10T14:49:18+00:00\",\"breadcrumb\":{\"@id\":\"https:\/\/www.tvuai.com.br\/portal\/construcoes-verdes-e-cidades-inteligentes-minascon-2022-sera-lancado-em-pocos-de-caldas-no-dia-6-de-setembro\/#breadcrumb\"},\"inLanguage\":\"pt-BR\",\"potentialAction\":[{\"@type\":\"ReadAction\",\"target\":[\"https:\/\/www.tvuai.com.br\/portal\/construcoes-verdes-e-cidades-inteligentes-minascon-2022-sera-lancado-em-pocos-de-caldas-no-dia-6-de-setembro\/\"]}]},{\"@type\":\"ImageObject\",\"inLanguage\":\"pt-BR\",\"@id\":\"https:\/\/www.tvuai.com.br\/portal\/construcoes-verdes-e-cidades-inteligentes-minascon-2022-sera-lancado-em-pocos-de-caldas-no-dia-6-de-setembro\/#primaryimage\",\"url\":\"https:\/\/i0.wp.com\/www.tvuai.com.br\/portal\/wp-content\/uploads\/2022\/09\/Minascon0.jpg?fit=200%2C200&ssl=1\",\"contentUrl\":\"https:\/\/i0.wp.com\/www.tvuai.com.br\/portal\/wp-content\/uploads\/2022\/09\/Minascon0.jpg?fit=200%2C200&ssl=1\",\"width\":200,\"height\":200},{\"@type\":\"BreadcrumbList\",\"@id\":\"https:\/\/www.tvuai.com.br\/portal\/construcoes-verdes-e-cidades-inteligentes-minascon-2022-sera-lancado-em-pocos-de-caldas-no-dia-6-de-setembro\/#breadcrumb\",\"itemListElement\":[{\"@type\":\"ListItem\",\"position\":1,\"name\":\"In\u00edcio\",\"item\":\"https:\/\/www.tvuai.com.br\/portal\/\"},{\"@type\":\"ListItem\",\"position\":2,\"name\":\"\u201cConstru\u00e7\u00f5es Verdes e Cidades Inteligentes\u201d. Minascon 2022 ser\u00e1 lan\u00e7ado em Po\u00e7os de Caldas no dia 6 de setembro\"}]},{\"@type\":\"WebSite\",\"@id\":\"https:\/\/www.tvuai.com.br\/portal\/#website\",\"url\":\"https:\/\/www.tvuai.com.br\/portal\/\",\"name\":\"TVUAI\",\"description\":\"Tudo sobre o Sul de Minas\",\"publisher\":{\"@id\":\"https:\/\/www.tvuai.com.br\/portal\/#organization\"},\"potentialAction\":[{\"@type\":\"SearchAction\",\"target\":{\"@type\":\"EntryPoint\",\"urlTemplate\":\"https:\/\/www.tvuai.com.br\/portal\/?s={search_term_string}\"},\"query-input\":{\"@type\":\"PropertyValueSpecification\",\"valueRequired\":true,\"valueName\":\"search_term_string\"}}],\"inLanguage\":\"pt-BR\"},{\"@type\":\"Organization\",\"@id\":\"https:\/\/www.tvuai.com.br\/portal\/#organization\",\"name\":\"TVUAI\",\"url\":\"https:\/\/www.tvuai.com.br\/portal\/\",\"logo\":{\"@type\":\"ImageObject\",\"inLanguage\":\"pt-BR\",\"@id\":\"https:\/\/www.tvuai.com.br\/portal\/#\/schema\/logo\/image\/\",\"url\":\"https:\/\/i0.wp.com\/www.tvuai.com.br\/portal\/wp-content\/uploads\/2017\/12\/logo_tvuai_100H.png?fit=207%2C100&ssl=1\",\"contentUrl\":\"https:\/\/i0.wp.com\/www.tvuai.com.br\/portal\/wp-content\/uploads\/2017\/12\/logo_tvuai_100H.png?fit=207%2C100&ssl=1\",\"width\":207,\"height\":100,\"caption\":\"TVUAI\"},\"image\":{\"@id\":\"https:\/\/www.tvuai.com.br\/portal\/#\/schema\/logo\/image\/\"},\"sameAs\":[\"http:\/\/www.facebook.com\/pages\/TV-Uai-Comunica\u00e7\u00e3o\/139062546157369\",\"https:\/\/x.com\/tvuai\",\"https:\/\/www.instagram.com\/tvuai_network\/\",\"https:\/\/www.youtube.com\/channel\/UCB7ZPB3wRv-OpoZ_09jmnkQ\"]},{\"@type\":\"Person\",\"@id\":\"https:\/\/www.tvuai.com.br\/portal\/#\/schema\/person\/d1c5c2b1dc1e658906286802aad38555\",\"name\":\"Rosy Pantale\u00e3o\",\"sameAs\":[\"https:\/\/www.tvuai.com.br\/portal\/\",\"https:\/\/www.facebook.com\/tvuai\/\",\"https:\/\/www.instagram.com\/tvuai\",\"https:\/\/x.com\/tvuai\",\"https:\/\/www.youtube.com\/channel\/UCB7ZPB3wRv-OpoZ_09jmnkQ\",\"tvuai\"],\"url\":\"https:\/\/www.tvuai.com.br\/portal\/author\/rosy\/\"}]}<\/script>\n<!-- \/ Yoast SEO plugin. -->","yoast_head_json":{"title":"\u201cConstru\u00e7\u00f5es Verdes e Cidades Inteligentes\u201d. Minascon 2022 ser\u00e1 lan\u00e7ado em Po\u00e7os de Caldas no dia 6 de setembro - TVUAI","robots":{"index":"index","follow":"follow","max-snippet":"max-snippet:-1","max-image-preview":"max-image-preview:large","max-video-preview":"max-video-preview:-1"},"canonical":"https:\/\/www.tvuai.com.br\/portal\/construcoes-verdes-e-cidades-inteligentes-minascon-2022-sera-lancado-em-pocos-de-caldas-no-dia-6-de-setembro\/","og_locale":"pt_BR","og_type":"article","og_title":"\u201cConstru\u00e7\u00f5es Verdes e Cidades Inteligentes\u201d. Minascon 2022 ser\u00e1 lan\u00e7ado em Po\u00e7os de Caldas no dia 6 de setembro - TVUAI","og_description":"Lan\u00e7amento do maior evento da cadeia produtiva da constru\u00e7\u00e3o acontece no dia 6 de setembro no Sal\u00e3o de Ch\u00e1 do Palace Casino A Federa\u00e7\u00e3o das Ind\u00fastrias de Minas Gerais (FIEMG) realiza, no dia 6 de setembro, \u00e0s 19h, no Sal\u00e3o Azul do Palace Casino, em Po\u00e7os de Caldas, o lan\u00e7amento do Minascon 2022. O evento [&hellip;]","og_url":"https:\/\/www.tvuai.com.br\/portal\/construcoes-verdes-e-cidades-inteligentes-minascon-2022-sera-lancado-em-pocos-de-caldas-no-dia-6-de-setembro\/","og_site_name":"TVUAI","article_publisher":"http:\/\/www.facebook.com\/pages\/TV-Uai-Comunica%c3%a7%c3%a3o\/139062546157369","article_author":"https:\/\/www.facebook.com\/tvuai\/","article_published_time":"2022-09-02T15:18:03+00:00","article_modified_time":"2022-09-10T14:49:18+00:00","og_image":[{"width":200,"height":200,"url":"https:\/\/i0.wp.com\/www.tvuai.com.br\/portal\/wp-content\/uploads\/2022\/09\/Minascon0.jpg?fit=200%2C200&ssl=1","type":"image\/jpeg"}],"author":"Rosy Pantale\u00e3o","twitter_card":"summary_large_image","twitter_creator":"@tvuai","twitter_site":"@tvuai","twitter_misc":{"Escrito por":"Rosy Pantale\u00e3o","Est. tempo de leitura":"2 minutos"},"schema":{"@context":"https:\/\/schema.org","@graph":[{"@type":"Article","@id":"https:\/\/www.tvuai.com.br\/portal\/construcoes-verdes-e-cidades-inteligentes-minascon-2022-sera-lancado-em-pocos-de-caldas-no-dia-6-de-setembro\/#article","isPartOf":{"@id":"https:\/\/www.tvuai.com.br\/portal\/construcoes-verdes-e-cidades-inteligentes-minascon-2022-sera-lancado-em-pocos-de-caldas-no-dia-6-de-setembro\/"},"author":{"name":"Rosy Pantale\u00e3o","@id":"https:\/\/www.tvuai.com.br\/portal\/#\/schema\/person\/d1c5c2b1dc1e658906286802aad38555"},"headline":"\u201cConstru\u00e7\u00f5es Verdes e Cidades Inteligentes\u201d. Minascon 2022 ser\u00e1 lan\u00e7ado em Po\u00e7os de Caldas no dia 6 de setembro","datePublished":"2022-09-02T15:18:03+00:00","dateModified":"2022-09-10T14:49:18+00:00","mainEntityOfPage":{"@id":"https:\/\/www.tvuai.com.br\/portal\/construcoes-verdes-e-cidades-inteligentes-minascon-2022-sera-lancado-em-pocos-de-caldas-no-dia-6-de-setembro\/"},"wordCount":398,"publisher":{"@id":"https:\/\/www.tvuai.com.br\/portal\/#organization"},"image":{"@id":"https:\/\/www.tvuai.com.br\/portal\/construcoes-verdes-e-cidades-inteligentes-minascon-2022-sera-lancado-em-pocos-de-caldas-no-dia-6-de-setembro\/#primaryimage"},"thumbnailUrl":"https:\/\/i0.wp.com\/www.tvuai.com.br\/portal\/wp-content\/uploads\/2022\/09\/Minascon0.jpg?fit=200%2C200&ssl=1","keywords":["BDMG","Constru\u00e7\u00f5es Verdes e Cidades Inteligentes","Crea-MG","FIEMG","Minascon 2022","Palace Casino","Po\u00e7os de Caldas","Pouso Alegre","SEBRAE Minas","Sul de Minas","TV Uai"],"articleSection":["Not\u00edcias"],"inLanguage":"pt-BR"},{"@type":"WebPage","@id":"https:\/\/www.tvuai.com.br\/portal\/construcoes-verdes-e-cidades-inteligentes-minascon-2022-sera-lancado-em-pocos-de-caldas-no-dia-6-de-setembro\/","url":"https:\/\/www.tvuai.com.br\/portal\/construcoes-verdes-e-cidades-inteligentes-minascon-2022-sera-lancado-em-pocos-de-caldas-no-dia-6-de-setembro\/","name":"\u201cConstru\u00e7\u00f5es Verdes e Cidades Inteligentes\u201d. Minascon 2022 ser\u00e1 lan\u00e7ado em Po\u00e7os de Caldas no dia 6 de setembro - TVUAI","isPartOf":{"@id":"https:\/\/www.tvuai.com.br\/portal\/#website"},"primaryImageOfPage":{"@id":"https:\/\/www.tvuai.com.br\/portal\/construcoes-verdes-e-cidades-inteligentes-minascon-2022-sera-lancado-em-pocos-de-caldas-no-dia-6-de-setembro\/#primaryimage"},"image":{"@id":"https:\/\/www.tvuai.com.br\/portal\/construcoes-verdes-e-cidades-inteligentes-minascon-2022-sera-lancado-em-pocos-de-caldas-no-dia-6-de-setembro\/#primaryimage"},"thumbnailUrl":"https:\/\/i0.wp.com\/www.tvuai.com.br\/portal\/wp-content\/uploads\/2022\/09\/Minascon0.jpg?fit=200%2C200&ssl=1","datePublished":"2022-09-02T15:18:03+00:00","dateModified":"2022-09-10T14:49:18+00:00","breadcrumb":{"@id":"https:\/\/www.tvuai.com.br\/portal\/construcoes-verdes-e-cidades-inteligentes-minascon-2022-sera-lancado-em-pocos-de-caldas-no-dia-6-de-setembro\/#breadcrumb"},"inLanguage":"pt-BR","potentialAction":[{"@type":"ReadAction","target":["https:\/\/www.tvuai.com.br\/portal\/construcoes-verdes-e-cidades-inteligentes-minascon-2022-sera-lancado-em-pocos-de-caldas-no-dia-6-de-setembro\/"]}]},{"@type":"ImageObject","inLanguage":"pt-BR","@id":"https:\/\/www.tvuai.com.br\/portal\/construcoes-verdes-e-cidades-inteligentes-minascon-2022-sera-lancado-em-pocos-de-caldas-no-dia-6-de-setembro\/#primaryimage","url":"https:\/\/i0.wp.com\/www.tvuai.com.br\/portal\/wp-content\/uploads\/2022\/09\/Minascon0.jpg?fit=200%2C200&ssl=1","contentUrl":"https:\/\/i0.wp.com\/www.tvuai.com.br\/portal\/wp-content\/uploads\/2022\/09\/Minascon0.jpg?fit=200%2C200&ssl=1","width":200,"height":200},{"@type":"BreadcrumbList","@id":"https:\/\/www.tvuai.com.br\/portal\/construcoes-verdes-e-cidades-inteligentes-minascon-2022-sera-lancado-em-pocos-de-caldas-no-dia-6-de-setembro\/#breadcrumb","itemListElement":[{"@type":"ListItem","position":1,"name":"In\u00edcio","item":"https:\/\/www.tvuai.com.br\/portal\/"},{"@type":"ListItem","position":2,"name":"\u201cConstru\u00e7\u00f5es Verdes e Cidades Inteligentes\u201d. Minascon 2022 ser\u00e1 lan\u00e7ado em Po\u00e7os de Caldas no dia 6 de setembro"}]},{"@type":"WebSite","@id":"https:\/\/www.tvuai.com.br\/portal\/#website","url":"https:\/\/www.tvuai.com.br\/portal\/","name":"TVUAI","description":"Tudo sobre o Sul de Minas","publisher":{"@id":"https:\/\/www.tvuai.com.br\/portal\/#organization"},"potentialAction":[{"@type":"SearchAction","target":{"@type":"EntryPoint","urlTemplate":"https:\/\/www.tvuai.com.br\/portal\/?s={search_term_string}"},"query-input":{"@type":"PropertyValueSpecification","valueRequired":true,"valueName":"search_term_string"}}],"inLanguage":"pt-BR"},{"@type":"Organization","@id":"https:\/\/www.tvuai.com.br\/portal\/#organization","name":"TVUAI","url":"https:\/\/www.tvuai.com.br\/portal\/","logo":{"@type":"ImageObject","inLanguage":"pt-BR","@id":"https:\/\/www.tvuai.com.br\/portal\/#\/schema\/logo\/image\/","url":"https:\/\/i0.wp.com\/www.tvuai.com.br\/portal\/wp-content\/uploads\/2017\/12\/logo_tvuai_100H.png?fit=207%2C100&ssl=1","contentUrl":"https:\/\/i0.wp.com\/www.tvuai.com.br\/portal\/wp-content\/uploads\/2017\/12\/logo_tvuai_100H.png?fit=207%2C100&ssl=1","width":207,"height":100,"caption":"TVUAI"},"image":{"@id":"https:\/\/www.tvuai.com.br\/portal\/#\/schema\/logo\/image\/"},"sameAs":["http:\/\/www.facebook.com\/pages\/TV-Uai-Comunica\u00e7\u00e3o\/139062546157369","https:\/\/x.com\/tvuai","https:\/\/www.instagram.com\/tvuai_network\/","https:\/\/www.youtube.com\/channel\/UCB7ZPB3wRv-OpoZ_09jmnkQ"]},{"@type":"Person","@id":"https:\/\/www.tvuai.com.br\/portal\/#\/schema\/person\/d1c5c2b1dc1e658906286802aad38555","name":"Rosy Pantale\u00e3o","sameAs":["https:\/\/www.tvuai.com.br\/portal\/","https:\/\/www.facebook.com\/tvuai\/","https:\/\/www.instagram.com\/tvuai","https:\/\/x.com\/tvuai","https:\/\/www.youtube.com\/channel\/UCB7ZPB3wRv-OpoZ_09jmnkQ","tvuai"],"url":"https:\/\/www.tvuai.com.br\/portal\/author\/rosy\/"}]}},"jetpack_featured_media_url":"https:\/\/i0.wp.com\/www.tvuai.com.br\/portal\/wp-content\/uploads\/2022\/09\/Minascon0.jpg?fit=200%2C200&ssl=1","wpmagazine_modules_lite_featured_media_urls":{"thumbnail":["https:\/\/i0.wp.com\/www.tvuai.com.br\/portal\/wp-content\/uploads\/2022\/09\/Minascon0.jpg?resize=150%2C150&ssl=1",150,150,true],"cvmm-medium":["https:\/\/i0.wp.com\/www.tvuai.com.br\/portal\/wp-content\/uploads\/2022\/09\/Minascon0.jpg?resize=200%2C200&ssl=1",200,200,true],"cvmm-medium-plus":["https:\/\/i0.wp.com\/www.tvuai.com.br\/portal\/wp-content\/uploads\/2022\/09\/Minascon0.jpg?resize=200%2C200&ssl=1",200,200,true],"cvmm-portrait":["https:\/\/i0.wp.com\/www.tvuai.com.br\/portal\/wp-content\/uploads\/2022\/09\/Minascon0.jpg?resize=200%2C200&ssl=1",200,200,true],"cvmm-medium-square":["https:\/\/i0.wp.com\/www.tvuai.com.br\/portal\/wp-content\/uploads\/2022\/09\/Minascon0.jpg?resize=200%2C200&ssl=1",200,200,true],"cvmm-large":["https:\/\/i0.wp.com\/www.tvuai.com.br\/portal\/wp-content\/uploads\/2022\/09\/Minascon0.jpg?resize=200%2C200&ssl=1",200,200,true],"cvmm-small":["https:\/\/i0.wp.com\/www.tvuai.com.br\/portal\/wp-content\/uploads\/2022\/09\/Minascon0.jpg?resize=130%2C95&ssl=1",130,95,true],"full":["https:\/\/i0.wp.com\/www.tvuai.com.br\/portal\/wp-content\/uploads\/2022\/09\/Minascon0.jpg?fit=200%2C200&ssl=1",200,200,false]},"categories_names":{"19":{"name":"Not\u00edcias","link":"https:\/\/www.tvuai.com.br\/portal\/category\/noticias\/"}},"tags_names":{"1123":{"name":"BDMG","link":"https:\/\/www.tvuai.com.br\/portal\/tag\/bdmg\/"},"1120":{"name":"Constru\u00e7\u00f5es Verdes e Cidades Inteligentes","link":"https:\/\/www.tvuai.com.br\/portal\/tag\/construcoes-verdes-e-cidades-inteligentes\/"},"146":{"name":"Crea-MG","link":"https:\/\/www.tvuai.com.br\/portal\/tag\/crea-mg\/"},"186":{"name":"FIEMG","link":"https:\/\/www.tvuai.com.br\/portal\/tag\/fiemg\/"},"1121":{"name":"Minascon 2022","link":"https:\/\/www.tvuai.com.br\/portal\/tag\/minascon-2022\/"},"1124":{"name":"Palace Casino","link":"https:\/\/www.tvuai.com.br\/portal\/tag\/palace-casino\/"},"348":{"name":"Po\u00e7os de Caldas","link":"https:\/\/www.tvuai.com.br\/portal\/tag\/pocos-de-caldas\/"},"37":{"name":"Pouso Alegre","link":"https:\/\/www.tvuai.com.br\/portal\/tag\/pouso-alegre\/"},"1122":{"name":"SEBRAE Minas","link":"https:\/\/www.tvuai.com.br\/portal\/tag\/sebrae-minas\/"},"39":{"name":"Sul de Minas","link":"https:\/\/www.tvuai.com.br\/portal\/tag\/sul-de-minas\/"},"27":{"name":"TV Uai","link":"https:\/\/www.tvuai.com.br\/portal\/tag\/tv-uai\/"}},"comments_number":"0","jetpack_shortlink":"https:\/\/wp.me\/p9woix-1es","jetpack_sharing_enabled":true,"_links":{"self":[{"href":"https:\/\/www.tvuai.com.br\/portal\/wp-json\/wp\/v2\/posts\/4740"}],"collection":[{"href":"https:\/\/www.tvuai.com.br\/portal\/wp-json\/wp\/v2\/posts"}],"about":[{"href":"https:\/\/www.tvuai.com.br\/portal\/wp-json\/wp\/v2\/types\/post"}],"author":[{"embeddable":true,"href":"https:\/\/www.tvuai.com.br\/portal\/wp-json\/wp\/v2\/users\/2"}],"replies":[{"embeddable":true,"href":"https:\/\/www.tvuai.com.br\/portal\/wp-json\/wp\/v2\/comments?post=4740"}],"version-history":[{"count":2,"href":"https:\/\/www.tvuai.com.br\/portal\/wp-json\/wp\/v2\/posts\/4740\/revisions"}],"predecessor-version":[{"id":4745,"href":"https:\/\/www.tvuai.com.br\/portal\/wp-json\/wp\/v2\/posts\/4740\/revisions\/4745"}],"wp:featuredmedia":[{"embeddable":true,"href":"https:\/\/www.tvuai.com.br\/portal\/wp-json\/wp\/v2\/media\/4742"}],"wp:attachment":[{"href":"https:\/\/www.tvuai.com.br\/portal\/wp-json\/wp\/v2\/media?parent=4740"}],"wp:term":[{"taxonomy":"category","embeddable":true,"href":"https:\/\/www.tvuai.com.br\/portal\/wp-json\/wp\/v2\/categories?post=4740"},{"taxonomy":"post_tag","embeddable":true,"href":"https:\/\/www.tvuai.com.br\/portal\/wp-json\/wp\/v2\/tags?post=4740"}],"curies":[{"name":"wp","href":"https:\/\/api.w.org\/{rel}","templated":true}]}}