{"id":4541,"date":"2022-07-18T14:41:28","date_gmt":"2022-07-18T17:41:28","guid":{"rendered":"https:\/\/www.tvuai.com.br\/portal\/?p=4541"},"modified":"2022-08-09T15:29:55","modified_gmt":"2022-08-09T18:29:55","slug":"direito-do-trabalho-trabalhadora-destratada-pelo-patrao-em-churrascaria-de-pouso-alegre-recebera-indenizacao","status":"publish","type":"post","link":"https:\/\/www.tvuai.com.br\/portal\/direito-do-trabalho-trabalhadora-destratada-pelo-patrao-em-churrascaria-de-pouso-alegre-recebera-indenizacao\/","title":{"rendered":"Direito do Trabalho: Trabalhadora destratada pelo patr\u00e3o em churrascaria de Pouso Alegre receber\u00e1 indeniza\u00e7\u00e3o"},"content":{"rendered":"<div class=\"5a1038e0903b96d426fcfcc338703013\" data-index=\"1\" style=\"float: right; margin:10px 0 10px 10px;\">\n<script async src=\"https:\/\/pagead2.googlesyndication.com\/pagead\/js\/adsbygoogle.js?client=ca-pub-9945944833605257\"\r\n     crossorigin=\"anonymous\"><\/script>\r\n<ins class=\"adsbygoogle\"\r\n     style=\"display:block; text-align:center;\"\r\n     data-ad-layout=\"in-article\"\r\n     data-ad-format=\"fluid\"\r\n     data-ad-client=\"ca-pub-9945944833605257\"\r\n     data-ad-slot=\"2343923581\"><\/ins>\r\n<script>\r\n     (adsbygoogle = window.adsbygoogle || []).push({});\r\n<\/script>\n<\/div>\n<p><img data-recalc-dims=\"1\" fetchpriority=\"high\" decoding=\"async\" data-attachment-id=\"4545\" data-permalink=\"https:\/\/www.tvuai.com.br\/portal\/direito-do-trabalho-trabalhadora-destratada-pelo-patrao-em-churrascaria-de-pouso-alegre-recebera-indenizacao\/justica-do-trabalho-1\/\" data-orig-file=\"https:\/\/i0.wp.com\/www.tvuai.com.br\/portal\/wp-content\/uploads\/2022\/07\/justi\u00e7a-do-trabalho-1.jpg?fit=400%2C262&amp;ssl=1\" data-orig-size=\"400,262\" data-comments-opened=\"0\" data-image-meta=\"{&quot;aperture&quot;:&quot;0&quot;,&quot;credit&quot;:&quot;&quot;,&quot;camera&quot;:&quot;&quot;,&quot;caption&quot;:&quot;&quot;,&quot;created_timestamp&quot;:&quot;0&quot;,&quot;copyright&quot;:&quot;&quot;,&quot;focal_length&quot;:&quot;0&quot;,&quot;iso&quot;:&quot;0&quot;,&quot;shutter_speed&quot;:&quot;0&quot;,&quot;title&quot;:&quot;&quot;,&quot;orientation&quot;:&quot;1&quot;}\" data-image-title=\"justi\u00e7a do trabalho 1\" data-image-description=\"\" data-image-caption=\"\" data-medium-file=\"https:\/\/i0.wp.com\/www.tvuai.com.br\/portal\/wp-content\/uploads\/2022\/07\/justi\u00e7a-do-trabalho-1.jpg?fit=300%2C197&amp;ssl=1\" data-large-file=\"https:\/\/i0.wp.com\/www.tvuai.com.br\/portal\/wp-content\/uploads\/2022\/07\/justi\u00e7a-do-trabalho-1.jpg?fit=400%2C262&amp;ssl=1\" tabindex=\"0\" role=\"button\" class=\"aligncenter size-full wp-image-4545\" src=\"https:\/\/i0.wp.com\/www.tvuai.com.br\/portal\/wp-content\/uploads\/2022\/07\/justi\u00e7a-do-trabalho-1.jpg?resize=400%2C262&#038;ssl=1\" alt=\"\" width=\"400\" height=\"262\" srcset=\"https:\/\/i0.wp.com\/www.tvuai.com.br\/portal\/wp-content\/uploads\/2022\/07\/justi\u00e7a-do-trabalho-1.jpg?w=400&amp;ssl=1 400w, https:\/\/i0.wp.com\/www.tvuai.com.br\/portal\/wp-content\/uploads\/2022\/07\/justi\u00e7a-do-trabalho-1.jpg?resize=300%2C197&amp;ssl=1 300w\" sizes=\"(max-width: 400px) 100vw, 400px\" \/>A Justi\u00e7a do Trabalho determinou que uma churrascaria de Pouso Alegre pague uma indeniza\u00e7\u00e3o por danos morais \u00e0 trabalhadora que recebia tratamento desrespeitoso do patr\u00e3o. A ex-empregada, que exercia a fun\u00e7\u00e3o de ajudante geral, contou \u201cter sido alvo de humilha\u00e7\u00f5es, sendo xingada frequentemente por palavr\u00f5es advindos da empregadora\u201d.<\/p>\n<p>Em defesa, a churrascaria garantiu que jamais desrespeitou a empregada. Por\u00e9m, ao decidir o caso, a ju\u00edza da 1\u00aa Vara do Trabalho de Pouso Alegre, Ana Paula Costa Guerzoni, deu raz\u00e3o \u00e0 reclamante. Em depoimento pessoal, a trabalhadora alegou que come\u00e7ou a trabalhar no dia 5\/12\/2019 e que o patr\u00e3o tratava os empregados aos gritos. Inclusive, havia vezes em que ele batia na mesa e falava palavr\u00f5es, o que a deixava chateada.<\/p>\n<p>Explicou ainda que foi dispensada sem justa causa pelo empregador, na primeira e segunda oportunidades em que trabalhou na churrascaria, quando come\u00e7ou a ter muitas infec\u00e7\u00f5es urin\u00e1rias e teve uma anemia profunda \u201cem raz\u00e3o do peso que carregava e do tratamento dispensado pelo propriet\u00e1rio da empresa\u201d.<\/p>\n<p>Testemunha, indicada pela ex-empregada, confirmou que o tratamento do patr\u00e3o era mesmo p\u00e9ssimo. \u201cEle n\u00e3o sabia se comportar, frequentemente gritava, dando a impress\u00e3o de que ele estava sempre brigando com os empregados\u201d, disse em depoimento. Segundo a testemunha, algumas vezes, o propriet\u00e1rio chamava os empregados com palavras de baixo cal\u00e3o e que, por isso, j\u00e1 lavrou um boletim de ocorr\u00eancia contra ele.<\/p>\n<p>Para a ju\u00edza, o depoimento prestado pela testemunha foi convincente. \u201cFicou provado que o propriet\u00e1rio gritava com a trabalhadora, perguntando se ela estava surda e n\u00e3o o estava escutando, quando ele n\u00e3o era atendido no tempo que queria, em evidente desrespeito \u00e0 trabalhadora\u201d, reconheceu a julgadora.<\/p>\n<p>Na vis\u00e3o da magistrada, se o empregado n\u00e3o est\u00e1 desempenhando as atividades a contento, o empregador tem o direito de aplicar penalidades e, caso n\u00e3o alterado o comportamento, de dispens\u00e1-lo por justa causa. \u201cNo entanto, n\u00e3o se pode admitir que o empregador repreenda empregados de forma grosseira e r\u00edspida, inclusive na frente de terceiros\u201d, pontuou a ju\u00edza.<\/p>\n<p>Para a julgadora, ficou evidente que as condutas foram reiteradas e prolongadas, causando padecimentos morais \u00e0 ex-empregada, que certamente se sentiu constrangida e humilhada, \u201csendo assaltada por sentimentos de des\u00e2nimo e baixa estima\u201d.<\/p>\n<p>Assim, considerando o grau de culpa e o porte econ\u00f4mico da empregadora, as condi\u00e7\u00f5es econ\u00f4micas da v\u00edtima e a gravidade dos preju\u00edzos (par\u00e1grafo 1\u00ba do artigo 223-G da CLT), a magistrada arbitrou o valor da compensa\u00e7\u00e3o pelos danos morais em R$ 3 mil. N\u00e3o houve recurso. Foi homologado um acordo entre as partes.<\/p>\n<h6 style=\"text-align: right\"><em><strong>Processo PJe: 0010329-02.2021.5.03.0075<\/strong><\/em><br \/>\n<em><strong>Com informa\u00e7\u00f5es do TRT-3\u00aa Regi\u00e3o<\/strong><\/em><\/h6>\n\n<div style=\"font-size: 0px; height: 0px; line-height: 0px; margin: 0; padding: 0; clear: both;\"><\/div><div class='share-to-whatsapp-wrapper'><div class='share-on-whsp'>Share on: <\/div><a data-text='Direito do Trabalho: Trabalhadora destratada pelo patr\u00e3o em churrascaria de Pouso Alegre receber\u00e1 indeniza\u00e7\u00e3o' data-link='https:\/\/www.tvuai.com.br\/portal\/direito-do-trabalho-trabalhadora-destratada-pelo-patrao-em-churrascaria-de-pouso-alegre-recebera-indenizacao\/' class='whatsapp-button whatsapp-share'>WhatsApp<\/a><div class='clear '><\/div><\/div><!-- AddThis Advanced Settings generic via filter on the_content --><!-- AddThis Share Buttons generic via filter on the_content -->","protected":false},"excerpt":{"rendered":"<p>A Justi\u00e7a do Trabalho determinou que uma churrascaria de Pouso Alegre pague uma indeniza\u00e7\u00e3o por danos morais \u00e0 trabalhadora que recebia tratamento desrespeitoso do patr\u00e3o. A ex-empregada, que exercia a fun\u00e7\u00e3o de ajudante geral, contou \u201cter sido alvo de humilha\u00e7\u00f5es, sendo xingada frequentemente por palavr\u00f5es advindos da empregadora\u201d. Em defesa, a churrascaria garantiu que jamais [&hellip;]<!-- AddThis Advanced Settings generic via filter on get_the_excerpt --><!-- AddThis Share Buttons generic via filter on get_the_excerpt --><\/p>\n","protected":false},"author":2,"featured_media":4544,"comment_status":"closed","ping_status":"closed","sticky":false,"template":"","format":"standard","meta":{"jetpack_post_was_ever_published":false,"_jetpack_newsletter_access":"","_jetpack_dont_email_post_to_subs":false,"_jetpack_newsletter_tier_id":0,"_jetpack_memberships_contains_paywalled_content":false,"_jetpack_memberships_contains_paid_content":false,"_joinchat":[],"footnotes":"","jetpack_publicize_message":"","jetpack_publicize_feature_enabled":true,"jetpack_social_post_already_shared":true,"jetpack_social_options":{"image_generator_settings":{"template":"highway","enabled":false},"version":2}},"categories":[19],"tags":[1058,1056,37,39,1057,27],"class_list":["post-4541","post","type-post","status-publish","format-standard","has-post-thumbnail","hentry","category-noticias","tag-1a-vara-do-trabalho-de-pouso-alegre","tag-justica-do-trabalho","tag-pouso-alegre","tag-sul-de-minas","tag-trt-3a-regiao","tag-tv-uai"],"jetpack_publicize_connections":[],"yoast_head":"<!-- This site is optimized with the Yoast SEO plugin v23.5 - https:\/\/yoast.com\/wordpress\/plugins\/seo\/ -->\n<title>Direito do Trabalho: Trabalhadora destratada pelo patr\u00e3o em churrascaria de Pouso Alegre receber\u00e1 indeniza\u00e7\u00e3o - TVUAI<\/title>\n<meta name=\"robots\" content=\"index, follow, max-snippet:-1, max-image-preview:large, max-video-preview:-1\" \/>\n<link rel=\"canonical\" href=\"https:\/\/www.tvuai.com.br\/portal\/direito-do-trabalho-trabalhadora-destratada-pelo-patrao-em-churrascaria-de-pouso-alegre-recebera-indenizacao\/\" \/>\n<meta property=\"og:locale\" content=\"pt_BR\" \/>\n<meta property=\"og:type\" content=\"article\" \/>\n<meta property=\"og:title\" content=\"Direito do Trabalho: Trabalhadora destratada pelo patr\u00e3o em churrascaria de Pouso Alegre receber\u00e1 indeniza\u00e7\u00e3o - TVUAI\" \/>\n<meta property=\"og:description\" content=\"A Justi\u00e7a do Trabalho determinou que uma churrascaria de Pouso Alegre pague uma indeniza\u00e7\u00e3o por danos morais \u00e0 trabalhadora que recebia tratamento desrespeitoso do patr\u00e3o. A ex-empregada, que exercia a fun\u00e7\u00e3o de ajudante geral, contou \u201cter sido alvo de humilha\u00e7\u00f5es, sendo xingada frequentemente por palavr\u00f5es advindos da empregadora\u201d. Em defesa, a churrascaria garantiu que jamais [&hellip;]\" \/>\n<meta property=\"og:url\" content=\"https:\/\/www.tvuai.com.br\/portal\/direito-do-trabalho-trabalhadora-destratada-pelo-patrao-em-churrascaria-de-pouso-alegre-recebera-indenizacao\/\" \/>\n<meta property=\"og:site_name\" content=\"TVUAI\" \/>\n<meta property=\"article:publisher\" content=\"http:\/\/www.facebook.com\/pages\/TV-Uai-Comunica%c3%a7%c3%a3o\/139062546157369\" \/>\n<meta property=\"article:author\" content=\"https:\/\/www.facebook.com\/tvuai\/\" \/>\n<meta property=\"article:published_time\" content=\"2022-07-18T17:41:28+00:00\" \/>\n<meta property=\"article:modified_time\" content=\"2022-08-09T18:29:55+00:00\" \/>\n<meta property=\"og:image\" content=\"https:\/\/i0.wp.com\/www.tvuai.com.br\/portal\/wp-content\/uploads\/2022\/07\/justi\u00e7a-do-trabalho-0.jpg?fit=200%2C200&ssl=1\" \/>\n\t<meta property=\"og:image:width\" content=\"200\" \/>\n\t<meta property=\"og:image:height\" content=\"200\" \/>\n\t<meta property=\"og:image:type\" content=\"image\/jpeg\" \/>\n<meta name=\"author\" content=\"Rosy Pantale\u00e3o\" \/>\n<meta name=\"twitter:card\" content=\"summary_large_image\" \/>\n<meta name=\"twitter:creator\" content=\"@tvuai\" \/>\n<meta name=\"twitter:site\" content=\"@tvuai\" \/>\n<meta name=\"twitter:label1\" content=\"Escrito por\" \/>\n\t<meta name=\"twitter:data1\" content=\"Rosy Pantale\u00e3o\" \/>\n\t<meta name=\"twitter:label2\" content=\"Est. tempo de leitura\" \/>\n\t<meta name=\"twitter:data2\" content=\"2 minutos\" \/>\n<script type=\"application\/ld+json\" class=\"yoast-schema-graph\">{\"@context\":\"https:\/\/schema.org\",\"@graph\":[{\"@type\":\"Article\",\"@id\":\"https:\/\/www.tvuai.com.br\/portal\/direito-do-trabalho-trabalhadora-destratada-pelo-patrao-em-churrascaria-de-pouso-alegre-recebera-indenizacao\/#article\",\"isPartOf\":{\"@id\":\"https:\/\/www.tvuai.com.br\/portal\/direito-do-trabalho-trabalhadora-destratada-pelo-patrao-em-churrascaria-de-pouso-alegre-recebera-indenizacao\/\"},\"author\":{\"name\":\"Rosy Pantale\u00e3o\",\"@id\":\"https:\/\/www.tvuai.com.br\/portal\/#\/schema\/person\/d1c5c2b1dc1e658906286802aad38555\"},\"headline\":\"Direito do Trabalho: Trabalhadora destratada pelo patr\u00e3o em churrascaria de Pouso Alegre receber\u00e1 indeniza\u00e7\u00e3o\",\"datePublished\":\"2022-07-18T17:41:28+00:00\",\"dateModified\":\"2022-08-09T18:29:55+00:00\",\"mainEntityOfPage\":{\"@id\":\"https:\/\/www.tvuai.com.br\/portal\/direito-do-trabalho-trabalhadora-destratada-pelo-patrao-em-churrascaria-de-pouso-alegre-recebera-indenizacao\/\"},\"wordCount\":479,\"publisher\":{\"@id\":\"https:\/\/www.tvuai.com.br\/portal\/#organization\"},\"image\":{\"@id\":\"https:\/\/www.tvuai.com.br\/portal\/direito-do-trabalho-trabalhadora-destratada-pelo-patrao-em-churrascaria-de-pouso-alegre-recebera-indenizacao\/#primaryimage\"},\"thumbnailUrl\":\"https:\/\/i0.wp.com\/www.tvuai.com.br\/portal\/wp-content\/uploads\/2022\/07\/justi\u00e7a-do-trabalho-0.jpg?fit=200%2C200&ssl=1\",\"keywords\":[\"1\u00aa Vara do Trabalho de Pouso Alegre\",\"Justi\u00e7a do Trabalho\",\"Pouso Alegre\",\"Sul de Minas\",\"TRT-3\u00aa Regi\u00e3o\",\"TV Uai\"],\"articleSection\":[\"Not\u00edcias\"],\"inLanguage\":\"pt-BR\"},{\"@type\":\"WebPage\",\"@id\":\"https:\/\/www.tvuai.com.br\/portal\/direito-do-trabalho-trabalhadora-destratada-pelo-patrao-em-churrascaria-de-pouso-alegre-recebera-indenizacao\/\",\"url\":\"https:\/\/www.tvuai.com.br\/portal\/direito-do-trabalho-trabalhadora-destratada-pelo-patrao-em-churrascaria-de-pouso-alegre-recebera-indenizacao\/\",\"name\":\"Direito do Trabalho: Trabalhadora destratada pelo patr\u00e3o em churrascaria de Pouso Alegre receber\u00e1 indeniza\u00e7\u00e3o - TVUAI\",\"isPartOf\":{\"@id\":\"https:\/\/www.tvuai.com.br\/portal\/#website\"},\"primaryImageOfPage\":{\"@id\":\"https:\/\/www.tvuai.com.br\/portal\/direito-do-trabalho-trabalhadora-destratada-pelo-patrao-em-churrascaria-de-pouso-alegre-recebera-indenizacao\/#primaryimage\"},\"image\":{\"@id\":\"https:\/\/www.tvuai.com.br\/portal\/direito-do-trabalho-trabalhadora-destratada-pelo-patrao-em-churrascaria-de-pouso-alegre-recebera-indenizacao\/#primaryimage\"},\"thumbnailUrl\":\"https:\/\/i0.wp.com\/www.tvuai.com.br\/portal\/wp-content\/uploads\/2022\/07\/justi\u00e7a-do-trabalho-0.jpg?fit=200%2C200&ssl=1\",\"datePublished\":\"2022-07-18T17:41:28+00:00\",\"dateModified\":\"2022-08-09T18:29:55+00:00\",\"breadcrumb\":{\"@id\":\"https:\/\/www.tvuai.com.br\/portal\/direito-do-trabalho-trabalhadora-destratada-pelo-patrao-em-churrascaria-de-pouso-alegre-recebera-indenizacao\/#breadcrumb\"},\"inLanguage\":\"pt-BR\",\"potentialAction\":[{\"@type\":\"ReadAction\",\"target\":[\"https:\/\/www.tvuai.com.br\/portal\/direito-do-trabalho-trabalhadora-destratada-pelo-patrao-em-churrascaria-de-pouso-alegre-recebera-indenizacao\/\"]}]},{\"@type\":\"ImageObject\",\"inLanguage\":\"pt-BR\",\"@id\":\"https:\/\/www.tvuai.com.br\/portal\/direito-do-trabalho-trabalhadora-destratada-pelo-patrao-em-churrascaria-de-pouso-alegre-recebera-indenizacao\/#primaryimage\",\"url\":\"https:\/\/i0.wp.com\/www.tvuai.com.br\/portal\/wp-content\/uploads\/2022\/07\/justi\u00e7a-do-trabalho-0.jpg?fit=200%2C200&ssl=1\",\"contentUrl\":\"https:\/\/i0.wp.com\/www.tvuai.com.br\/portal\/wp-content\/uploads\/2022\/07\/justi\u00e7a-do-trabalho-0.jpg?fit=200%2C200&ssl=1\",\"width\":200,\"height\":200},{\"@type\":\"BreadcrumbList\",\"@id\":\"https:\/\/www.tvuai.com.br\/portal\/direito-do-trabalho-trabalhadora-destratada-pelo-patrao-em-churrascaria-de-pouso-alegre-recebera-indenizacao\/#breadcrumb\",\"itemListElement\":[{\"@type\":\"ListItem\",\"position\":1,\"name\":\"In\u00edcio\",\"item\":\"https:\/\/www.tvuai.com.br\/portal\/\"},{\"@type\":\"ListItem\",\"position\":2,\"name\":\"Direito do Trabalho: Trabalhadora destratada pelo patr\u00e3o em churrascaria de Pouso Alegre receber\u00e1 indeniza\u00e7\u00e3o\"}]},{\"@type\":\"WebSite\",\"@id\":\"https:\/\/www.tvuai.com.br\/portal\/#website\",\"url\":\"https:\/\/www.tvuai.com.br\/portal\/\",\"name\":\"TVUAI\",\"description\":\"Tudo sobre o Sul de Minas\",\"publisher\":{\"@id\":\"https:\/\/www.tvuai.com.br\/portal\/#organization\"},\"potentialAction\":[{\"@type\":\"SearchAction\",\"target\":{\"@type\":\"EntryPoint\",\"urlTemplate\":\"https:\/\/www.tvuai.com.br\/portal\/?s={search_term_string}\"},\"query-input\":{\"@type\":\"PropertyValueSpecification\",\"valueRequired\":true,\"valueName\":\"search_term_string\"}}],\"inLanguage\":\"pt-BR\"},{\"@type\":\"Organization\",\"@id\":\"https:\/\/www.tvuai.com.br\/portal\/#organization\",\"name\":\"TVUAI\",\"url\":\"https:\/\/www.tvuai.com.br\/portal\/\",\"logo\":{\"@type\":\"ImageObject\",\"inLanguage\":\"pt-BR\",\"@id\":\"https:\/\/www.tvuai.com.br\/portal\/#\/schema\/logo\/image\/\",\"url\":\"https:\/\/i0.wp.com\/www.tvuai.com.br\/portal\/wp-content\/uploads\/2017\/12\/logo_tvuai_100H.png?fit=207%2C100&ssl=1\",\"contentUrl\":\"https:\/\/i0.wp.com\/www.tvuai.com.br\/portal\/wp-content\/uploads\/2017\/12\/logo_tvuai_100H.png?fit=207%2C100&ssl=1\",\"width\":207,\"height\":100,\"caption\":\"TVUAI\"},\"image\":{\"@id\":\"https:\/\/www.tvuai.com.br\/portal\/#\/schema\/logo\/image\/\"},\"sameAs\":[\"http:\/\/www.facebook.com\/pages\/TV-Uai-Comunica\u00e7\u00e3o\/139062546157369\",\"https:\/\/x.com\/tvuai\",\"https:\/\/www.instagram.com\/tvuai_network\/\",\"https:\/\/www.youtube.com\/channel\/UCB7ZPB3wRv-OpoZ_09jmnkQ\"]},{\"@type\":\"Person\",\"@id\":\"https:\/\/www.tvuai.com.br\/portal\/#\/schema\/person\/d1c5c2b1dc1e658906286802aad38555\",\"name\":\"Rosy Pantale\u00e3o\",\"sameAs\":[\"https:\/\/www.tvuai.com.br\/portal\/\",\"https:\/\/www.facebook.com\/tvuai\/\",\"https:\/\/www.instagram.com\/tvuai\",\"https:\/\/x.com\/tvuai\",\"https:\/\/www.youtube.com\/channel\/UCB7ZPB3wRv-OpoZ_09jmnkQ\",\"tvuai\"],\"url\":\"https:\/\/www.tvuai.com.br\/portal\/author\/rosy\/\"}]}<\/script>\n<!-- \/ Yoast SEO plugin. -->","yoast_head_json":{"title":"Direito do Trabalho: Trabalhadora destratada pelo patr\u00e3o em churrascaria de Pouso Alegre receber\u00e1 indeniza\u00e7\u00e3o - TVUAI","robots":{"index":"index","follow":"follow","max-snippet":"max-snippet:-1","max-image-preview":"max-image-preview:large","max-video-preview":"max-video-preview:-1"},"canonical":"https:\/\/www.tvuai.com.br\/portal\/direito-do-trabalho-trabalhadora-destratada-pelo-patrao-em-churrascaria-de-pouso-alegre-recebera-indenizacao\/","og_locale":"pt_BR","og_type":"article","og_title":"Direito do Trabalho: Trabalhadora destratada pelo patr\u00e3o em churrascaria de Pouso Alegre receber\u00e1 indeniza\u00e7\u00e3o - TVUAI","og_description":"A Justi\u00e7a do Trabalho determinou que uma churrascaria de Pouso Alegre pague uma indeniza\u00e7\u00e3o por danos morais \u00e0 trabalhadora que recebia tratamento desrespeitoso do patr\u00e3o. A ex-empregada, que exercia a fun\u00e7\u00e3o de ajudante geral, contou \u201cter sido alvo de humilha\u00e7\u00f5es, sendo xingada frequentemente por palavr\u00f5es advindos da empregadora\u201d. Em defesa, a churrascaria garantiu que jamais [&hellip;]","og_url":"https:\/\/www.tvuai.com.br\/portal\/direito-do-trabalho-trabalhadora-destratada-pelo-patrao-em-churrascaria-de-pouso-alegre-recebera-indenizacao\/","og_site_name":"TVUAI","article_publisher":"http:\/\/www.facebook.com\/pages\/TV-Uai-Comunica%c3%a7%c3%a3o\/139062546157369","article_author":"https:\/\/www.facebook.com\/tvuai\/","article_published_time":"2022-07-18T17:41:28+00:00","article_modified_time":"2022-08-09T18:29:55+00:00","og_image":[{"width":200,"height":200,"url":"https:\/\/i0.wp.com\/www.tvuai.com.br\/portal\/wp-content\/uploads\/2022\/07\/justi\u00e7a-do-trabalho-0.jpg?fit=200%2C200&ssl=1","type":"image\/jpeg"}],"author":"Rosy Pantale\u00e3o","twitter_card":"summary_large_image","twitter_creator":"@tvuai","twitter_site":"@tvuai","twitter_misc":{"Escrito por":"Rosy Pantale\u00e3o","Est. tempo de leitura":"2 minutos"},"schema":{"@context":"https:\/\/schema.org","@graph":[{"@type":"Article","@id":"https:\/\/www.tvuai.com.br\/portal\/direito-do-trabalho-trabalhadora-destratada-pelo-patrao-em-churrascaria-de-pouso-alegre-recebera-indenizacao\/#article","isPartOf":{"@id":"https:\/\/www.tvuai.com.br\/portal\/direito-do-trabalho-trabalhadora-destratada-pelo-patrao-em-churrascaria-de-pouso-alegre-recebera-indenizacao\/"},"author":{"name":"Rosy Pantale\u00e3o","@id":"https:\/\/www.tvuai.com.br\/portal\/#\/schema\/person\/d1c5c2b1dc1e658906286802aad38555"},"headline":"Direito do Trabalho: Trabalhadora destratada pelo patr\u00e3o em churrascaria de Pouso Alegre receber\u00e1 indeniza\u00e7\u00e3o","datePublished":"2022-07-18T17:41:28+00:00","dateModified":"2022-08-09T18:29:55+00:00","mainEntityOfPage":{"@id":"https:\/\/www.tvuai.com.br\/portal\/direito-do-trabalho-trabalhadora-destratada-pelo-patrao-em-churrascaria-de-pouso-alegre-recebera-indenizacao\/"},"wordCount":479,"publisher":{"@id":"https:\/\/www.tvuai.com.br\/portal\/#organization"},"image":{"@id":"https:\/\/www.tvuai.com.br\/portal\/direito-do-trabalho-trabalhadora-destratada-pelo-patrao-em-churrascaria-de-pouso-alegre-recebera-indenizacao\/#primaryimage"},"thumbnailUrl":"https:\/\/i0.wp.com\/www.tvuai.com.br\/portal\/wp-content\/uploads\/2022\/07\/justi\u00e7a-do-trabalho-0.jpg?fit=200%2C200&ssl=1","keywords":["1\u00aa Vara do Trabalho de Pouso Alegre","Justi\u00e7a do Trabalho","Pouso Alegre","Sul de Minas","TRT-3\u00aa Regi\u00e3o","TV Uai"],"articleSection":["Not\u00edcias"],"inLanguage":"pt-BR"},{"@type":"WebPage","@id":"https:\/\/www.tvuai.com.br\/portal\/direito-do-trabalho-trabalhadora-destratada-pelo-patrao-em-churrascaria-de-pouso-alegre-recebera-indenizacao\/","url":"https:\/\/www.tvuai.com.br\/portal\/direito-do-trabalho-trabalhadora-destratada-pelo-patrao-em-churrascaria-de-pouso-alegre-recebera-indenizacao\/","name":"Direito do Trabalho: Trabalhadora destratada pelo patr\u00e3o em churrascaria de Pouso Alegre receber\u00e1 indeniza\u00e7\u00e3o - TVUAI","isPartOf":{"@id":"https:\/\/www.tvuai.com.br\/portal\/#website"},"primaryImageOfPage":{"@id":"https:\/\/www.tvuai.com.br\/portal\/direito-do-trabalho-trabalhadora-destratada-pelo-patrao-em-churrascaria-de-pouso-alegre-recebera-indenizacao\/#primaryimage"},"image":{"@id":"https:\/\/www.tvuai.com.br\/portal\/direito-do-trabalho-trabalhadora-destratada-pelo-patrao-em-churrascaria-de-pouso-alegre-recebera-indenizacao\/#primaryimage"},"thumbnailUrl":"https:\/\/i0.wp.com\/www.tvuai.com.br\/portal\/wp-content\/uploads\/2022\/07\/justi\u00e7a-do-trabalho-0.jpg?fit=200%2C200&ssl=1","datePublished":"2022-07-18T17:41:28+00:00","dateModified":"2022-08-09T18:29:55+00:00","breadcrumb":{"@id":"https:\/\/www.tvuai.com.br\/portal\/direito-do-trabalho-trabalhadora-destratada-pelo-patrao-em-churrascaria-de-pouso-alegre-recebera-indenizacao\/#breadcrumb"},"inLanguage":"pt-BR","potentialAction":[{"@type":"ReadAction","target":["https:\/\/www.tvuai.com.br\/portal\/direito-do-trabalho-trabalhadora-destratada-pelo-patrao-em-churrascaria-de-pouso-alegre-recebera-indenizacao\/"]}]},{"@type":"ImageObject","inLanguage":"pt-BR","@id":"https:\/\/www.tvuai.com.br\/portal\/direito-do-trabalho-trabalhadora-destratada-pelo-patrao-em-churrascaria-de-pouso-alegre-recebera-indenizacao\/#primaryimage","url":"https:\/\/i0.wp.com\/www.tvuai.com.br\/portal\/wp-content\/uploads\/2022\/07\/justi\u00e7a-do-trabalho-0.jpg?fit=200%2C200&ssl=1","contentUrl":"https:\/\/i0.wp.com\/www.tvuai.com.br\/portal\/wp-content\/uploads\/2022\/07\/justi\u00e7a-do-trabalho-0.jpg?fit=200%2C200&ssl=1","width":200,"height":200},{"@type":"BreadcrumbList","@id":"https:\/\/www.tvuai.com.br\/portal\/direito-do-trabalho-trabalhadora-destratada-pelo-patrao-em-churrascaria-de-pouso-alegre-recebera-indenizacao\/#breadcrumb","itemListElement":[{"@type":"ListItem","position":1,"name":"In\u00edcio","item":"https:\/\/www.tvuai.com.br\/portal\/"},{"@type":"ListItem","position":2,"name":"Direito do Trabalho: Trabalhadora destratada pelo patr\u00e3o em churrascaria de Pouso Alegre receber\u00e1 indeniza\u00e7\u00e3o"}]},{"@type":"WebSite","@id":"https:\/\/www.tvuai.com.br\/portal\/#website","url":"https:\/\/www.tvuai.com.br\/portal\/","name":"TVUAI","description":"Tudo sobre o Sul de Minas","publisher":{"@id":"https:\/\/www.tvuai.com.br\/portal\/#organization"},"potentialAction":[{"@type":"SearchAction","target":{"@type":"EntryPoint","urlTemplate":"https:\/\/www.tvuai.com.br\/portal\/?s={search_term_string}"},"query-input":{"@type":"PropertyValueSpecification","valueRequired":true,"valueName":"search_term_string"}}],"inLanguage":"pt-BR"},{"@type":"Organization","@id":"https:\/\/www.tvuai.com.br\/portal\/#organization","name":"TVUAI","url":"https:\/\/www.tvuai.com.br\/portal\/","logo":{"@type":"ImageObject","inLanguage":"pt-BR","@id":"https:\/\/www.tvuai.com.br\/portal\/#\/schema\/logo\/image\/","url":"https:\/\/i0.wp.com\/www.tvuai.com.br\/portal\/wp-content\/uploads\/2017\/12\/logo_tvuai_100H.png?fit=207%2C100&ssl=1","contentUrl":"https:\/\/i0.wp.com\/www.tvuai.com.br\/portal\/wp-content\/uploads\/2017\/12\/logo_tvuai_100H.png?fit=207%2C100&ssl=1","width":207,"height":100,"caption":"TVUAI"},"image":{"@id":"https:\/\/www.tvuai.com.br\/portal\/#\/schema\/logo\/image\/"},"sameAs":["http:\/\/www.facebook.com\/pages\/TV-Uai-Comunica\u00e7\u00e3o\/139062546157369","https:\/\/x.com\/tvuai","https:\/\/www.instagram.com\/tvuai_network\/","https:\/\/www.youtube.com\/channel\/UCB7ZPB3wRv-OpoZ_09jmnkQ"]},{"@type":"Person","@id":"https:\/\/www.tvuai.com.br\/portal\/#\/schema\/person\/d1c5c2b1dc1e658906286802aad38555","name":"Rosy Pantale\u00e3o","sameAs":["https:\/\/www.tvuai.com.br\/portal\/","https:\/\/www.facebook.com\/tvuai\/","https:\/\/www.instagram.com\/tvuai","https:\/\/x.com\/tvuai","https:\/\/www.youtube.com\/channel\/UCB7ZPB3wRv-OpoZ_09jmnkQ","tvuai"],"url":"https:\/\/www.tvuai.com.br\/portal\/author\/rosy\/"}]}},"jetpack_featured_media_url":"https:\/\/i0.wp.com\/www.tvuai.com.br\/portal\/wp-content\/uploads\/2022\/07\/justi\u00e7a-do-trabalho-0.jpg?fit=200%2C200&ssl=1","wpmagazine_modules_lite_featured_media_urls":{"thumbnail":["https:\/\/i0.wp.com\/www.tvuai.com.br\/portal\/wp-content\/uploads\/2022\/07\/justi\u00e7a-do-trabalho-0.jpg?resize=150%2C150&ssl=1",150,150,true],"cvmm-medium":["https:\/\/i0.wp.com\/www.tvuai.com.br\/portal\/wp-content\/uploads\/2022\/07\/justi\u00e7a-do-trabalho-0.jpg?resize=200%2C200&ssl=1",200,200,true],"cvmm-medium-plus":["https:\/\/i0.wp.com\/www.tvuai.com.br\/portal\/wp-content\/uploads\/2022\/07\/justi\u00e7a-do-trabalho-0.jpg?resize=200%2C200&ssl=1",200,200,true],"cvmm-portrait":["https:\/\/i0.wp.com\/www.tvuai.com.br\/portal\/wp-content\/uploads\/2022\/07\/justi\u00e7a-do-trabalho-0.jpg?resize=200%2C200&ssl=1",200,200,true],"cvmm-medium-square":["https:\/\/i0.wp.com\/www.tvuai.com.br\/portal\/wp-content\/uploads\/2022\/07\/justi\u00e7a-do-trabalho-0.jpg?resize=200%2C200&ssl=1",200,200,true],"cvmm-large":["https:\/\/i0.wp.com\/www.tvuai.com.br\/portal\/wp-content\/uploads\/2022\/07\/justi\u00e7a-do-trabalho-0.jpg?resize=200%2C200&ssl=1",200,200,true],"cvmm-small":["https:\/\/i0.wp.com\/www.tvuai.com.br\/portal\/wp-content\/uploads\/2022\/07\/justi\u00e7a-do-trabalho-0.jpg?resize=130%2C95&ssl=1",130,95,true],"full":["https:\/\/i0.wp.com\/www.tvuai.com.br\/portal\/wp-content\/uploads\/2022\/07\/justi\u00e7a-do-trabalho-0.jpg?fit=200%2C200&ssl=1",200,200,false]},"categories_names":{"19":{"name":"Not\u00edcias","link":"https:\/\/www.tvuai.com.br\/portal\/category\/noticias\/"}},"tags_names":{"1058":{"name":"1\u00aa Vara do Trabalho de Pouso Alegre","link":"https:\/\/www.tvuai.com.br\/portal\/tag\/1a-vara-do-trabalho-de-pouso-alegre\/"},"1056":{"name":"Justi\u00e7a do Trabalho","link":"https:\/\/www.tvuai.com.br\/portal\/tag\/justica-do-trabalho\/"},"37":{"name":"Pouso Alegre","link":"https:\/\/www.tvuai.com.br\/portal\/tag\/pouso-alegre\/"},"39":{"name":"Sul de Minas","link":"https:\/\/www.tvuai.com.br\/portal\/tag\/sul-de-minas\/"},"1057":{"name":"TRT-3\u00aa Regi\u00e3o","link":"https:\/\/www.tvuai.com.br\/portal\/tag\/trt-3a-regiao\/"},"27":{"name":"TV Uai","link":"https:\/\/www.tvuai.com.br\/portal\/tag\/tv-uai\/"}},"comments_number":"0","jetpack_shortlink":"https:\/\/wp.me\/p9woix-1bf","jetpack_sharing_enabled":true,"_links":{"self":[{"href":"https:\/\/www.tvuai.com.br\/portal\/wp-json\/wp\/v2\/posts\/4541"}],"collection":[{"href":"https:\/\/www.tvuai.com.br\/portal\/wp-json\/wp\/v2\/posts"}],"about":[{"href":"https:\/\/www.tvuai.com.br\/portal\/wp-json\/wp\/v2\/types\/post"}],"author":[{"embeddable":true,"href":"https:\/\/www.tvuai.com.br\/portal\/wp-json\/wp\/v2\/users\/2"}],"replies":[{"embeddable":true,"href":"https:\/\/www.tvuai.com.br\/portal\/wp-json\/wp\/v2\/comments?post=4541"}],"version-history":[{"count":2,"href":"https:\/\/www.tvuai.com.br\/portal\/wp-json\/wp\/v2\/posts\/4541\/revisions"}],"predecessor-version":[{"id":4546,"href":"https:\/\/www.tvuai.com.br\/portal\/wp-json\/wp\/v2\/posts\/4541\/revisions\/4546"}],"wp:featuredmedia":[{"embeddable":true,"href":"https:\/\/www.tvuai.com.br\/portal\/wp-json\/wp\/v2\/media\/4544"}],"wp:attachment":[{"href":"https:\/\/www.tvuai.com.br\/portal\/wp-json\/wp\/v2\/media?parent=4541"}],"wp:term":[{"taxonomy":"category","embeddable":true,"href":"https:\/\/www.tvuai.com.br\/portal\/wp-json\/wp\/v2\/categories?post=4541"},{"taxonomy":"post_tag","embeddable":true,"href":"https:\/\/www.tvuai.com.br\/portal\/wp-json\/wp\/v2\/tags?post=4541"}],"curies":[{"name":"wp","href":"https:\/\/api.w.org\/{rel}","templated":true}]}}