{"id":4154,"date":"2022-05-03T13:02:09","date_gmt":"2022-05-03T16:02:09","guid":{"rendered":"https:\/\/www.tvuai.com.br\/portal\/?p=4154"},"modified":"2023-07-19T11:26:48","modified_gmt":"2023-07-19T14:26:48","slug":"codemge-abre-consulta-para-interessados-em-investir-em-empresa-estrategica-do-ramo-aeronautico-em-minas","status":"publish","type":"post","link":"https:\/\/www.tvuai.com.br\/portal\/codemge-abre-consulta-para-interessados-em-investir-em-empresa-estrategica-do-ramo-aeronautico-em-minas\/","title":{"rendered":"Codemge abre consulta para interessados em investir em empresa estrat\u00e9gica do ramo aeron\u00e1utico em Minas"},"content":{"rendered":"<div class=\"5a1038e0903b96d426fcfcc338703013\" data-index=\"1\" style=\"float: right; margin:10px 0 10px 10px;\">\n<script async src=\"https:\/\/pagead2.googlesyndication.com\/pagead\/js\/adsbygoogle.js?client=ca-pub-9945944833605257\"\r\n     crossorigin=\"anonymous\"><\/script>\r\n<ins class=\"adsbygoogle\"\r\n     style=\"display:block; text-align:center;\"\r\n     data-ad-layout=\"in-article\"\r\n     data-ad-format=\"fluid\"\r\n     data-ad-client=\"ca-pub-9945944833605257\"\r\n     data-ad-slot=\"2343923581\"><\/ins>\r\n<script>\r\n     (adsbygoogle = window.adsbygoogle || []).push({});\r\n<\/script>\n<\/div>\n<h5 style=\"text-align: center\"><em><strong>Consulta ir\u00e1 mapear interessados em investir em empresa estrat\u00e9gica do ramo aeron\u00e1utico\u00a0<\/strong><\/em><\/h5>\n<p><img data-recalc-dims=\"1\" fetchpriority=\"high\" decoding=\"async\" data-attachment-id=\"4162\" data-permalink=\"https:\/\/www.tvuai.com.br\/portal\/codemge-abre-consulta-para-interessados-em-investir-em-empresa-estrategica-do-ramo-aeronautico-em-minas\/codemge1\/\" data-orig-file=\"https:\/\/i0.wp.com\/www.tvuai.com.br\/portal\/wp-content\/uploads\/2022\/05\/codemge1.jpg?fit=600%2C330&amp;ssl=1\" data-orig-size=\"600,330\" data-comments-opened=\"0\" data-image-meta=\"{&quot;aperture&quot;:&quot;0&quot;,&quot;credit&quot;:&quot;&quot;,&quot;camera&quot;:&quot;&quot;,&quot;caption&quot;:&quot;&quot;,&quot;created_timestamp&quot;:&quot;0&quot;,&quot;copyright&quot;:&quot;&quot;,&quot;focal_length&quot;:&quot;0&quot;,&quot;iso&quot;:&quot;0&quot;,&quot;shutter_speed&quot;:&quot;0&quot;,&quot;title&quot;:&quot;&quot;,&quot;orientation&quot;:&quot;1&quot;}\" data-image-title=\"codemge1\" data-image-description=\"\" data-image-caption=\"\" data-medium-file=\"https:\/\/i0.wp.com\/www.tvuai.com.br\/portal\/wp-content\/uploads\/2022\/05\/codemge1.jpg?fit=300%2C165&amp;ssl=1\" data-large-file=\"https:\/\/i0.wp.com\/www.tvuai.com.br\/portal\/wp-content\/uploads\/2022\/05\/codemge1.jpg?fit=600%2C330&amp;ssl=1\" tabindex=\"0\" role=\"button\" class=\"aligncenter size-full wp-image-4162\" src=\"https:\/\/i0.wp.com\/www.tvuai.com.br\/portal\/wp-content\/uploads\/2022\/05\/codemge1.jpg?resize=600%2C330&#038;ssl=1\" alt=\"\" width=\"600\" height=\"330\" srcset=\"https:\/\/i0.wp.com\/www.tvuai.com.br\/portal\/wp-content\/uploads\/2022\/05\/codemge1.jpg?w=600&amp;ssl=1 600w, https:\/\/i0.wp.com\/www.tvuai.com.br\/portal\/wp-content\/uploads\/2022\/05\/codemge1.jpg?resize=300%2C165&amp;ssl=1 300w\" sizes=\"(max-width: 600px) 100vw, 600px\" \/>A<span style=\"color: #000080\"><strong><a style=\"color: #000080\" href=\"http:\/\/www.codemge.com.br\/\"> Companhia de Desenvolvimento de Minas Gerais<\/a><\/strong><\/span> (Codemge) est\u00e1 com consulta de interesse em andamento, at\u00e9 27 de maio pr\u00f3ximo, para a aliena\u00e7\u00e3o de sua participa\u00e7\u00e3o (15%) na IAS \u2013 Ind\u00fastria de Avia\u00e7\u00e3o e Servi\u00e7os S.A. O objetivo da iniciativa \u00e9 receber manifesta\u00e7\u00f5es de interesse para aquisi\u00e7\u00e3o do ativo pelo setor privado. As informa\u00e7\u00f5es a respeito da oportunidade de investimento, bem como os pr\u00e9-requisitos para apresenta\u00e7\u00e3o das manifesta\u00e7\u00f5es, encontram-se dispon\u00edveis neste link.<\/p>\n<p>Especializada em MRO (manuten\u00e7\u00e3o, reparo e inspe\u00e7\u00e3o) de motores e outros componentes aeron\u00e1uticos para a avia\u00e7\u00e3o civil e militar, a IAS tem certificado de Empresa Estrat\u00e9gica de Defesa outorgado pelo Minist\u00e9rio da Defesa. Al\u00e9m de corpo t\u00e9cnico altamente especializado, com capacita\u00e7\u00e3o para o desenvolvimento interno de ferramentas, equipamentos e softwares, a IAS possui parcerias estrat\u00e9gicas com a Rolls-Royce, Pratt &amp; Whitney e Honeywell, entre outros.<\/p>\n<p style=\"text-align: left\"><strong>Para an\u00e1lise interna da consulta, os interessados devem encaminhar as seguintes informa\u00e7\u00f5es e documentos:<\/strong><\/p>\n<ul>\n<li>Carta de manifesta\u00e7\u00e3o de interesse preenchida, conforme modelo dispon\u00edvel no <span style=\"color: #000080\"><strong><a style=\"color: #000080\" href=\"http:\/\/www.codemge.com.br\/wp-content\/uploads\/2022\/04\/2022.04.19-manifestacao-de-interesse-ias-aprovado.docx\">link<\/a><\/strong><\/span>;<\/li>\n<li>NDA (Acordo de Confidencialidade) preenchido e assinado, conforme modelo dispon\u00edvel no <span style=\"color: #000080\"><strong><a style=\"color: #000080\" href=\"http:\/\/www.codemge.com.br\/wp-content\/uploads\/2022\/04\/2022.04.19-nda-ias-aprovado.docx\">link<\/a><\/strong><\/span>;<\/li>\n<li>Declara\u00e7\u00e3o de Conformidade preenchida e assinada, conforme modelo dispon\u00edvel no <span style=\"color: #000080\"><strong><a style=\"color: #000080\" href=\"http:\/\/www.codemge.com.br\/wp-content\/uploads\/2022\/04\/2022.04.19-certificado-de-conformidade-ias-aprovado.docx\">link<\/a><\/strong><\/span>.<\/li>\n<\/ul>\n<p><strong>As pessoas jur\u00eddicas tamb\u00e9m dever\u00e3o encaminhar:<\/strong><\/p>\n<ul>\n<li>Estatuto ou Contrato Social em vigor, devidamente registrado no \u00f3rg\u00e3o competente, com sua(s) respectiva(s) altera\u00e7\u00e3o(\u00f5es), ou a sua \u00faltima consolida\u00e7\u00e3o;<\/li>\n<li>Documenta\u00e7\u00e3o do(s) representante(s) legal(is) da pessoa jur\u00eddica interessada que comprove os devidos poderes de representa\u00e7\u00e3o, acompanhada de documento de identidade;<\/li>\n<li>Demonstra\u00e7\u00f5es Financeiras auditadas de 2020 ou de 2021 da pessoa jur\u00eddica interessada.<\/li>\n<\/ul>\n<p><strong>Os investidores financeiros tamb\u00e9m dever\u00e3o encaminhar:<\/strong><\/p>\n<ul>\n<li>Estatuto ou Contrato Social em vigor da institui\u00e7\u00e3o gestora do fundo de investimento, devidamente registrado no \u00f3rg\u00e3o competente, com sua(s) respectiva(s) altera\u00e7\u00e3o(\u00f5es), ou a sua \u00faltima consolida\u00e7\u00e3o;<\/li>\n<li>Documenta\u00e7\u00e3o do(s) representante(s) legal(is) da institui\u00e7\u00e3o gestora do fundo de investimento que comprove os devidos poderes de representa\u00e7\u00e3o, acompanhada de documento de identidade;<\/li>\n<li>Documenta\u00e7\u00e3o que ateste o total de ativos sob gest\u00e3o da institui\u00e7\u00e3o gestora (AuM &#8211; Assets under Management), com base em relat\u00f3rios da CVM e\/ou Anbima. No caso de a comprova\u00e7\u00e3o do total de ativos sob gest\u00e3o ser feita diretamente com base no portf\u00f3lio do Fundo de investimentos, dever\u00e3o ser encaminhados adicionalmente:<\/li>\n<li>Regulamento do Fundo de Investimento;<\/li>\n<li>Demonstra\u00e7\u00f5es financeiras auditadas de 2020 ou de 2021 do Fundo de Investimento.<\/li>\n<\/ul>\n<p><strong>As pessoas f\u00edsicas tamb\u00e9m dever\u00e3o encaminhar:<\/strong><\/p>\n<ul>\n<li>Documento de identifica\u00e7\u00e3o com foto, contendo o Cadastro de Pessoa F\u00edsica (CPF);<\/li>\n<li>Declara\u00e7\u00e3o Completa de Imposto de Renda (ano-base 2020 ou 2021), acompanhada de recibo de entrega.<\/li>\n<\/ul>\n<p>O envio de toda a documenta\u00e7\u00e3o pertinente \u00e9 condi\u00e7\u00e3o para participa\u00e7\u00e3o do interessado nas pr\u00f3ximas etapas do procedimento competitivo de aliena\u00e7\u00e3o. Eventuais pedidos de informa\u00e7\u00e3o ou esclarecimento dever\u00e3o ser enviados at\u00e9 23\/5\/2022 e ser\u00e3o respondidos em at\u00e9 72 horas \u00fateis. Todas as comunica\u00e7\u00f5es e <span style=\"color: #000080\"><strong><a style=\"color: #000080\" href=\"alienacaoias@codemge.com.br\">envios devem ser feitas por e-mail<\/a><\/strong><\/span>. A Codemge divulgar\u00e1 as informa\u00e7\u00f5es pertinentes \u00e0 <span style=\"color: #000080\"><strong><a style=\"color: #000080\" href=\"http:\/\/www.codemge.com.br\/investidores\/ias\/\">oportunidade de investimento em seu site institucional<\/a><\/strong><\/span>.<\/p>\n<p style=\"text-align: center\"><strong>Programa de Gest\u00e3o de Portf\u00f3lio<\/strong><\/p>\n<p>Com o objetivo de se tornar vetor de solu\u00e7\u00f5es para o desenvolvimento do Estado de Minas Gerais, promovendo a conex\u00e3o entre o p\u00fablico e o privado, a Codemge instituiu em 2021 o Programa de Gest\u00e3o de Portf\u00f3lio. A a\u00e7\u00e3o, em curso, revisa sua carteira de ativos com foco na simplifica\u00e7\u00e3o, na efici\u00eancia e em garantir maior retorno de suas iniciativas para Minas.<\/p>\n<p>O Programa inclui fundos de investimentos em participa\u00e7\u00f5es, participa\u00e7\u00f5es acion\u00e1rias diretas, projetos de P&amp;D, ativos imobili\u00e1rios, direitos miner\u00e1rios, entre outros ativos. As oportunidades oferecidas a investidores s\u00e3o divulgadas pelo site da Codemge, em conformidade com a legisla\u00e7\u00e3o e com as melhores pr\u00e1ticas de mercado e de governan\u00e7a corporativa.<\/p>\n<p style=\"text-align: center\"><strong>Codemge<\/strong><\/p>\n<p>A <span style=\"color: #000080\"><strong><a style=\"color: #000080\" href=\"http:\/\/www.codemge.com.br\/\">Codemge<\/a><\/strong><\/span> \u00e9 uma empresa estatal, integrante da administra\u00e7\u00e3o p\u00fablica indireta do estado de Minas Gerais, organizada sob a forma de sociedade por a\u00e7\u00f5es. Tem como miss\u00e3o contribuir para o desenvolvimento de Minas Gerais, impulsionando estrategicamente a economia mineira. Integrante do Grupo Codemge, do qual a Codemig faz parte, a companhia \u00e9 respons\u00e1vel por diversos ativos econ\u00f4micos, em v\u00e1rias frentes de atua\u00e7\u00e3o, enquanto a <span style=\"color: #000080\"><strong><a style=\"color: #000080\" href=\"http:\/\/www.codemig.com.br\/\">Codemig<\/a><\/strong><\/span> se dedica ao ni\u00f3bio.<\/p>\n\n<div style=\"font-size: 0px; height: 0px; line-height: 0px; margin: 0; padding: 0; clear: both;\"><\/div><div class='share-to-whatsapp-wrapper'><div class='share-on-whsp'>Share on: <\/div><a data-text='Codemge abre consulta para interessados em investir em empresa estrat\u00e9gica do ramo aeron\u00e1utico em Minas' data-link='https:\/\/www.tvuai.com.br\/portal\/codemge-abre-consulta-para-interessados-em-investir-em-empresa-estrategica-do-ramo-aeronautico-em-minas\/' class='whatsapp-button whatsapp-share'>WhatsApp<\/a><div class='clear '><\/div><\/div><!-- AddThis Advanced Settings generic via filter on the_content --><!-- AddThis Share Buttons generic via filter on the_content -->","protected":false},"excerpt":{"rendered":"<p>Consulta ir\u00e1 mapear interessados em investir em empresa estrat\u00e9gica do ramo aeron\u00e1utico\u00a0 A Companhia de Desenvolvimento de Minas Gerais (Codemge) est\u00e1 com consulta de interesse em andamento, at\u00e9 27 de maio pr\u00f3ximo, para a aliena\u00e7\u00e3o de sua participa\u00e7\u00e3o (15%) na IAS \u2013 Ind\u00fastria de Avia\u00e7\u00e3o e Servi\u00e7os S.A. O objetivo da iniciativa \u00e9 receber manifesta\u00e7\u00f5es [&hellip;]<!-- AddThis Advanced Settings generic via filter on get_the_excerpt --><!-- AddThis Share Buttons generic via filter on get_the_excerpt --><\/p>\n","protected":false},"author":2,"featured_media":4161,"comment_status":"closed","ping_status":"closed","sticky":false,"template":"","format":"standard","meta":{"jetpack_post_was_ever_published":false,"_jetpack_newsletter_access":"","_jetpack_dont_email_post_to_subs":false,"_jetpack_newsletter_tier_id":0,"_jetpack_memberships_contains_paywalled_content":false,"_jetpack_memberships_contains_paid_content":false,"_joinchat":[],"footnotes":"","jetpack_publicize_message":"","jetpack_publicize_feature_enabled":true,"jetpack_social_post_already_shared":true,"jetpack_social_options":{"image_generator_settings":{"template":"highway","enabled":false},"version":2}},"categories":[1642,1815,19],"tags":[914,911,912,908,909,913,910,184,37,39,89,27],"class_list":["post-4154","post","type-post","status-publish","format-standard","has-post-thumbnail","hentry","category-tecnologia","category-economia","category-noticias","tag-aviacao","tag-codemge","tag-codemig","tag-companhia-de-desenvolvimento-de-minas-gerais","tag-empresa-estrategica-do-ramo-aeronautico","tag-governo-de-minas-gerais","tag-ias-industria-de-aviacao-e-servicos-s-a","tag-minas-gerais","tag-pouso-alegre","tag-sul-de-minas","tag-tecnologia","tag-tv-uai"],"jetpack_publicize_connections":[],"yoast_head":"<!-- This site is optimized with the Yoast SEO plugin v23.5 - https:\/\/yoast.com\/wordpress\/plugins\/seo\/ -->\n<title>Codemge abre consulta para interessados em investir em empresa estrat\u00e9gica do ramo aeron\u00e1utico em Minas - TVUAI<\/title>\n<meta name=\"robots\" content=\"index, follow, max-snippet:-1, max-image-preview:large, max-video-preview:-1\" \/>\n<link rel=\"canonical\" href=\"https:\/\/www.tvuai.com.br\/portal\/codemge-abre-consulta-para-interessados-em-investir-em-empresa-estrategica-do-ramo-aeronautico-em-minas\/\" \/>\n<meta property=\"og:locale\" content=\"pt_BR\" \/>\n<meta property=\"og:type\" content=\"article\" \/>\n<meta property=\"og:title\" content=\"Codemge abre consulta para interessados em investir em empresa estrat\u00e9gica do ramo aeron\u00e1utico em Minas - TVUAI\" \/>\n<meta property=\"og:description\" content=\"Consulta ir\u00e1 mapear interessados em investir em empresa estrat\u00e9gica do ramo aeron\u00e1utico\u00a0 A Companhia de Desenvolvimento de Minas Gerais (Codemge) est\u00e1 com consulta de interesse em andamento, at\u00e9 27 de maio pr\u00f3ximo, para a aliena\u00e7\u00e3o de sua participa\u00e7\u00e3o (15%) na IAS \u2013 Ind\u00fastria de Avia\u00e7\u00e3o e Servi\u00e7os S.A. O objetivo da iniciativa \u00e9 receber manifesta\u00e7\u00f5es [&hellip;]\" \/>\n<meta property=\"og:url\" content=\"https:\/\/www.tvuai.com.br\/portal\/codemge-abre-consulta-para-interessados-em-investir-em-empresa-estrategica-do-ramo-aeronautico-em-minas\/\" \/>\n<meta property=\"og:site_name\" content=\"TVUAI\" \/>\n<meta property=\"article:publisher\" content=\"http:\/\/www.facebook.com\/pages\/TV-Uai-Comunica%c3%a7%c3%a3o\/139062546157369\" \/>\n<meta property=\"article:author\" content=\"https:\/\/www.facebook.com\/tvuai\/\" \/>\n<meta property=\"article:published_time\" content=\"2022-05-03T16:02:09+00:00\" \/>\n<meta property=\"article:modified_time\" content=\"2023-07-19T14:26:48+00:00\" \/>\n<meta property=\"og:image\" content=\"https:\/\/www.tvuai.com.br\/portal\/wp-content\/uploads\/2022\/05\/codemge0.jpg\" \/>\n\t<meta property=\"og:image:width\" content=\"200\" \/>\n\t<meta property=\"og:image:height\" content=\"200\" \/>\n\t<meta property=\"og:image:type\" content=\"image\/jpeg\" \/>\n<meta name=\"author\" content=\"Rosy Pantale\u00e3o\" \/>\n<meta name=\"twitter:card\" content=\"summary_large_image\" \/>\n<meta name=\"twitter:creator\" content=\"@tvuai\" \/>\n<meta name=\"twitter:site\" content=\"@tvuai\" \/>\n<meta name=\"twitter:label1\" content=\"Escrito por\" \/>\n\t<meta name=\"twitter:data1\" content=\"Rosy Pantale\u00e3o\" \/>\n\t<meta name=\"twitter:label2\" content=\"Est. tempo de leitura\" \/>\n\t<meta name=\"twitter:data2\" content=\"4 minutos\" \/>\n<script type=\"application\/ld+json\" class=\"yoast-schema-graph\">{\"@context\":\"https:\/\/schema.org\",\"@graph\":[{\"@type\":\"Article\",\"@id\":\"https:\/\/www.tvuai.com.br\/portal\/codemge-abre-consulta-para-interessados-em-investir-em-empresa-estrategica-do-ramo-aeronautico-em-minas\/#article\",\"isPartOf\":{\"@id\":\"https:\/\/www.tvuai.com.br\/portal\/codemge-abre-consulta-para-interessados-em-investir-em-empresa-estrategica-do-ramo-aeronautico-em-minas\/\"},\"author\":{\"name\":\"Rosy Pantale\u00e3o\",\"@id\":\"https:\/\/www.tvuai.com.br\/portal\/#\/schema\/person\/d1c5c2b1dc1e658906286802aad38555\"},\"headline\":\"Codemge abre consulta para interessados em investir em empresa estrat\u00e9gica do ramo aeron\u00e1utico em Minas\",\"datePublished\":\"2022-05-03T16:02:09+00:00\",\"dateModified\":\"2023-07-19T14:26:48+00:00\",\"mainEntityOfPage\":{\"@id\":\"https:\/\/www.tvuai.com.br\/portal\/codemge-abre-consulta-para-interessados-em-investir-em-empresa-estrategica-do-ramo-aeronautico-em-minas\/\"},\"wordCount\":782,\"publisher\":{\"@id\":\"https:\/\/www.tvuai.com.br\/portal\/#organization\"},\"image\":{\"@id\":\"https:\/\/www.tvuai.com.br\/portal\/codemge-abre-consulta-para-interessados-em-investir-em-empresa-estrategica-do-ramo-aeronautico-em-minas\/#primaryimage\"},\"thumbnailUrl\":\"https:\/\/i0.wp.com\/www.tvuai.com.br\/portal\/wp-content\/uploads\/2022\/05\/codemge0.jpg?fit=200%2C200&ssl=1\",\"keywords\":[\"avia\u00e7\u00e3o\",\"Codemge\",\"Codemig\",\"Companhia de Desenvolvimento de Minas Gerais\",\"empresa estrat\u00e9gica do ramo aeron\u00e1utico\",\"governo de Minas Gerais\",\"IAS \u2013 Ind\u00fastria de Avia\u00e7\u00e3o e Servi\u00e7os S.A\",\"Minas Gerais\",\"Pouso Alegre\",\"Sul de Minas\",\"tecnologia\",\"TV Uai\"],\"articleSection\":[\"Ci\u00eancia e Tecnologia\",\"Economia\",\"Not\u00edcias\"],\"inLanguage\":\"pt-BR\"},{\"@type\":\"WebPage\",\"@id\":\"https:\/\/www.tvuai.com.br\/portal\/codemge-abre-consulta-para-interessados-em-investir-em-empresa-estrategica-do-ramo-aeronautico-em-minas\/\",\"url\":\"https:\/\/www.tvuai.com.br\/portal\/codemge-abre-consulta-para-interessados-em-investir-em-empresa-estrategica-do-ramo-aeronautico-em-minas\/\",\"name\":\"Codemge abre consulta para interessados em investir em empresa estrat\u00e9gica do ramo aeron\u00e1utico em Minas - TVUAI\",\"isPartOf\":{\"@id\":\"https:\/\/www.tvuai.com.br\/portal\/#website\"},\"primaryImageOfPage\":{\"@id\":\"https:\/\/www.tvuai.com.br\/portal\/codemge-abre-consulta-para-interessados-em-investir-em-empresa-estrategica-do-ramo-aeronautico-em-minas\/#primaryimage\"},\"image\":{\"@id\":\"https:\/\/www.tvuai.com.br\/portal\/codemge-abre-consulta-para-interessados-em-investir-em-empresa-estrategica-do-ramo-aeronautico-em-minas\/#primaryimage\"},\"thumbnailUrl\":\"https:\/\/i0.wp.com\/www.tvuai.com.br\/portal\/wp-content\/uploads\/2022\/05\/codemge0.jpg?fit=200%2C200&ssl=1\",\"datePublished\":\"2022-05-03T16:02:09+00:00\",\"dateModified\":\"2023-07-19T14:26:48+00:00\",\"breadcrumb\":{\"@id\":\"https:\/\/www.tvuai.com.br\/portal\/codemge-abre-consulta-para-interessados-em-investir-em-empresa-estrategica-do-ramo-aeronautico-em-minas\/#breadcrumb\"},\"inLanguage\":\"pt-BR\",\"potentialAction\":[{\"@type\":\"ReadAction\",\"target\":[\"https:\/\/www.tvuai.com.br\/portal\/codemge-abre-consulta-para-interessados-em-investir-em-empresa-estrategica-do-ramo-aeronautico-em-minas\/\"]}]},{\"@type\":\"ImageObject\",\"inLanguage\":\"pt-BR\",\"@id\":\"https:\/\/www.tvuai.com.br\/portal\/codemge-abre-consulta-para-interessados-em-investir-em-empresa-estrategica-do-ramo-aeronautico-em-minas\/#primaryimage\",\"url\":\"https:\/\/i0.wp.com\/www.tvuai.com.br\/portal\/wp-content\/uploads\/2022\/05\/codemge0.jpg?fit=200%2C200&ssl=1\",\"contentUrl\":\"https:\/\/i0.wp.com\/www.tvuai.com.br\/portal\/wp-content\/uploads\/2022\/05\/codemge0.jpg?fit=200%2C200&ssl=1\",\"width\":200,\"height\":200},{\"@type\":\"BreadcrumbList\",\"@id\":\"https:\/\/www.tvuai.com.br\/portal\/codemge-abre-consulta-para-interessados-em-investir-em-empresa-estrategica-do-ramo-aeronautico-em-minas\/#breadcrumb\",\"itemListElement\":[{\"@type\":\"ListItem\",\"position\":1,\"name\":\"In\u00edcio\",\"item\":\"https:\/\/www.tvuai.com.br\/portal\/\"},{\"@type\":\"ListItem\",\"position\":2,\"name\":\"Codemge abre consulta para interessados em investir em empresa estrat\u00e9gica do ramo aeron\u00e1utico em Minas\"}]},{\"@type\":\"WebSite\",\"@id\":\"https:\/\/www.tvuai.com.br\/portal\/#website\",\"url\":\"https:\/\/www.tvuai.com.br\/portal\/\",\"name\":\"TVUAI\",\"description\":\"Tudo sobre o Sul de Minas\",\"publisher\":{\"@id\":\"https:\/\/www.tvuai.com.br\/portal\/#organization\"},\"potentialAction\":[{\"@type\":\"SearchAction\",\"target\":{\"@type\":\"EntryPoint\",\"urlTemplate\":\"https:\/\/www.tvuai.com.br\/portal\/?s={search_term_string}\"},\"query-input\":{\"@type\":\"PropertyValueSpecification\",\"valueRequired\":true,\"valueName\":\"search_term_string\"}}],\"inLanguage\":\"pt-BR\"},{\"@type\":\"Organization\",\"@id\":\"https:\/\/www.tvuai.com.br\/portal\/#organization\",\"name\":\"TVUAI\",\"url\":\"https:\/\/www.tvuai.com.br\/portal\/\",\"logo\":{\"@type\":\"ImageObject\",\"inLanguage\":\"pt-BR\",\"@id\":\"https:\/\/www.tvuai.com.br\/portal\/#\/schema\/logo\/image\/\",\"url\":\"https:\/\/i0.wp.com\/www.tvuai.com.br\/portal\/wp-content\/uploads\/2017\/12\/logo_tvuai_100H.png?fit=207%2C100&ssl=1\",\"contentUrl\":\"https:\/\/i0.wp.com\/www.tvuai.com.br\/portal\/wp-content\/uploads\/2017\/12\/logo_tvuai_100H.png?fit=207%2C100&ssl=1\",\"width\":207,\"height\":100,\"caption\":\"TVUAI\"},\"image\":{\"@id\":\"https:\/\/www.tvuai.com.br\/portal\/#\/schema\/logo\/image\/\"},\"sameAs\":[\"http:\/\/www.facebook.com\/pages\/TV-Uai-Comunica\u00e7\u00e3o\/139062546157369\",\"https:\/\/x.com\/tvuai\",\"https:\/\/www.instagram.com\/tvuai_network\/\",\"https:\/\/www.youtube.com\/channel\/UCB7ZPB3wRv-OpoZ_09jmnkQ\"]},{\"@type\":\"Person\",\"@id\":\"https:\/\/www.tvuai.com.br\/portal\/#\/schema\/person\/d1c5c2b1dc1e658906286802aad38555\",\"name\":\"Rosy Pantale\u00e3o\",\"sameAs\":[\"https:\/\/www.tvuai.com.br\/portal\/\",\"https:\/\/www.facebook.com\/tvuai\/\",\"https:\/\/www.instagram.com\/tvuai\",\"https:\/\/x.com\/tvuai\",\"https:\/\/www.youtube.com\/channel\/UCB7ZPB3wRv-OpoZ_09jmnkQ\",\"tvuai\"],\"url\":\"https:\/\/www.tvuai.com.br\/portal\/author\/rosy\/\"}]}<\/script>\n<!-- \/ Yoast SEO plugin. -->","yoast_head_json":{"title":"Codemge abre consulta para interessados em investir em empresa estrat\u00e9gica do ramo aeron\u00e1utico em Minas - TVUAI","robots":{"index":"index","follow":"follow","max-snippet":"max-snippet:-1","max-image-preview":"max-image-preview:large","max-video-preview":"max-video-preview:-1"},"canonical":"https:\/\/www.tvuai.com.br\/portal\/codemge-abre-consulta-para-interessados-em-investir-em-empresa-estrategica-do-ramo-aeronautico-em-minas\/","og_locale":"pt_BR","og_type":"article","og_title":"Codemge abre consulta para interessados em investir em empresa estrat\u00e9gica do ramo aeron\u00e1utico em Minas - TVUAI","og_description":"Consulta ir\u00e1 mapear interessados em investir em empresa estrat\u00e9gica do ramo aeron\u00e1utico\u00a0 A Companhia de Desenvolvimento de Minas Gerais (Codemge) est\u00e1 com consulta de interesse em andamento, at\u00e9 27 de maio pr\u00f3ximo, para a aliena\u00e7\u00e3o de sua participa\u00e7\u00e3o (15%) na IAS \u2013 Ind\u00fastria de Avia\u00e7\u00e3o e Servi\u00e7os S.A. O objetivo da iniciativa \u00e9 receber manifesta\u00e7\u00f5es [&hellip;]","og_url":"https:\/\/www.tvuai.com.br\/portal\/codemge-abre-consulta-para-interessados-em-investir-em-empresa-estrategica-do-ramo-aeronautico-em-minas\/","og_site_name":"TVUAI","article_publisher":"http:\/\/www.facebook.com\/pages\/TV-Uai-Comunica%c3%a7%c3%a3o\/139062546157369","article_author":"https:\/\/www.facebook.com\/tvuai\/","article_published_time":"2022-05-03T16:02:09+00:00","article_modified_time":"2023-07-19T14:26:48+00:00","og_image":[{"width":200,"height":200,"url":"https:\/\/www.tvuai.com.br\/portal\/wp-content\/uploads\/2022\/05\/codemge0.jpg","type":"image\/jpeg"}],"author":"Rosy Pantale\u00e3o","twitter_card":"summary_large_image","twitter_creator":"@tvuai","twitter_site":"@tvuai","twitter_misc":{"Escrito por":"Rosy Pantale\u00e3o","Est. tempo de leitura":"4 minutos"},"schema":{"@context":"https:\/\/schema.org","@graph":[{"@type":"Article","@id":"https:\/\/www.tvuai.com.br\/portal\/codemge-abre-consulta-para-interessados-em-investir-em-empresa-estrategica-do-ramo-aeronautico-em-minas\/#article","isPartOf":{"@id":"https:\/\/www.tvuai.com.br\/portal\/codemge-abre-consulta-para-interessados-em-investir-em-empresa-estrategica-do-ramo-aeronautico-em-minas\/"},"author":{"name":"Rosy Pantale\u00e3o","@id":"https:\/\/www.tvuai.com.br\/portal\/#\/schema\/person\/d1c5c2b1dc1e658906286802aad38555"},"headline":"Codemge abre consulta para interessados em investir em empresa estrat\u00e9gica do ramo aeron\u00e1utico em Minas","datePublished":"2022-05-03T16:02:09+00:00","dateModified":"2023-07-19T14:26:48+00:00","mainEntityOfPage":{"@id":"https:\/\/www.tvuai.com.br\/portal\/codemge-abre-consulta-para-interessados-em-investir-em-empresa-estrategica-do-ramo-aeronautico-em-minas\/"},"wordCount":782,"publisher":{"@id":"https:\/\/www.tvuai.com.br\/portal\/#organization"},"image":{"@id":"https:\/\/www.tvuai.com.br\/portal\/codemge-abre-consulta-para-interessados-em-investir-em-empresa-estrategica-do-ramo-aeronautico-em-minas\/#primaryimage"},"thumbnailUrl":"https:\/\/i0.wp.com\/www.tvuai.com.br\/portal\/wp-content\/uploads\/2022\/05\/codemge0.jpg?fit=200%2C200&ssl=1","keywords":["avia\u00e7\u00e3o","Codemge","Codemig","Companhia de Desenvolvimento de Minas Gerais","empresa estrat\u00e9gica do ramo aeron\u00e1utico","governo de Minas Gerais","IAS \u2013 Ind\u00fastria de Avia\u00e7\u00e3o e Servi\u00e7os S.A","Minas Gerais","Pouso Alegre","Sul de Minas","tecnologia","TV Uai"],"articleSection":["Ci\u00eancia e Tecnologia","Economia","Not\u00edcias"],"inLanguage":"pt-BR"},{"@type":"WebPage","@id":"https:\/\/www.tvuai.com.br\/portal\/codemge-abre-consulta-para-interessados-em-investir-em-empresa-estrategica-do-ramo-aeronautico-em-minas\/","url":"https:\/\/www.tvuai.com.br\/portal\/codemge-abre-consulta-para-interessados-em-investir-em-empresa-estrategica-do-ramo-aeronautico-em-minas\/","name":"Codemge abre consulta para interessados em investir em empresa estrat\u00e9gica do ramo aeron\u00e1utico em Minas - TVUAI","isPartOf":{"@id":"https:\/\/www.tvuai.com.br\/portal\/#website"},"primaryImageOfPage":{"@id":"https:\/\/www.tvuai.com.br\/portal\/codemge-abre-consulta-para-interessados-em-investir-em-empresa-estrategica-do-ramo-aeronautico-em-minas\/#primaryimage"},"image":{"@id":"https:\/\/www.tvuai.com.br\/portal\/codemge-abre-consulta-para-interessados-em-investir-em-empresa-estrategica-do-ramo-aeronautico-em-minas\/#primaryimage"},"thumbnailUrl":"https:\/\/i0.wp.com\/www.tvuai.com.br\/portal\/wp-content\/uploads\/2022\/05\/codemge0.jpg?fit=200%2C200&ssl=1","datePublished":"2022-05-03T16:02:09+00:00","dateModified":"2023-07-19T14:26:48+00:00","breadcrumb":{"@id":"https:\/\/www.tvuai.com.br\/portal\/codemge-abre-consulta-para-interessados-em-investir-em-empresa-estrategica-do-ramo-aeronautico-em-minas\/#breadcrumb"},"inLanguage":"pt-BR","potentialAction":[{"@type":"ReadAction","target":["https:\/\/www.tvuai.com.br\/portal\/codemge-abre-consulta-para-interessados-em-investir-em-empresa-estrategica-do-ramo-aeronautico-em-minas\/"]}]},{"@type":"ImageObject","inLanguage":"pt-BR","@id":"https:\/\/www.tvuai.com.br\/portal\/codemge-abre-consulta-para-interessados-em-investir-em-empresa-estrategica-do-ramo-aeronautico-em-minas\/#primaryimage","url":"https:\/\/i0.wp.com\/www.tvuai.com.br\/portal\/wp-content\/uploads\/2022\/05\/codemge0.jpg?fit=200%2C200&ssl=1","contentUrl":"https:\/\/i0.wp.com\/www.tvuai.com.br\/portal\/wp-content\/uploads\/2022\/05\/codemge0.jpg?fit=200%2C200&ssl=1","width":200,"height":200},{"@type":"BreadcrumbList","@id":"https:\/\/www.tvuai.com.br\/portal\/codemge-abre-consulta-para-interessados-em-investir-em-empresa-estrategica-do-ramo-aeronautico-em-minas\/#breadcrumb","itemListElement":[{"@type":"ListItem","position":1,"name":"In\u00edcio","item":"https:\/\/www.tvuai.com.br\/portal\/"},{"@type":"ListItem","position":2,"name":"Codemge abre consulta para interessados em investir em empresa estrat\u00e9gica do ramo aeron\u00e1utico em Minas"}]},{"@type":"WebSite","@id":"https:\/\/www.tvuai.com.br\/portal\/#website","url":"https:\/\/www.tvuai.com.br\/portal\/","name":"TVUAI","description":"Tudo sobre o Sul de Minas","publisher":{"@id":"https:\/\/www.tvuai.com.br\/portal\/#organization"},"potentialAction":[{"@type":"SearchAction","target":{"@type":"EntryPoint","urlTemplate":"https:\/\/www.tvuai.com.br\/portal\/?s={search_term_string}"},"query-input":{"@type":"PropertyValueSpecification","valueRequired":true,"valueName":"search_term_string"}}],"inLanguage":"pt-BR"},{"@type":"Organization","@id":"https:\/\/www.tvuai.com.br\/portal\/#organization","name":"TVUAI","url":"https:\/\/www.tvuai.com.br\/portal\/","logo":{"@type":"ImageObject","inLanguage":"pt-BR","@id":"https:\/\/www.tvuai.com.br\/portal\/#\/schema\/logo\/image\/","url":"https:\/\/i0.wp.com\/www.tvuai.com.br\/portal\/wp-content\/uploads\/2017\/12\/logo_tvuai_100H.png?fit=207%2C100&ssl=1","contentUrl":"https:\/\/i0.wp.com\/www.tvuai.com.br\/portal\/wp-content\/uploads\/2017\/12\/logo_tvuai_100H.png?fit=207%2C100&ssl=1","width":207,"height":100,"caption":"TVUAI"},"image":{"@id":"https:\/\/www.tvuai.com.br\/portal\/#\/schema\/logo\/image\/"},"sameAs":["http:\/\/www.facebook.com\/pages\/TV-Uai-Comunica\u00e7\u00e3o\/139062546157369","https:\/\/x.com\/tvuai","https:\/\/www.instagram.com\/tvuai_network\/","https:\/\/www.youtube.com\/channel\/UCB7ZPB3wRv-OpoZ_09jmnkQ"]},{"@type":"Person","@id":"https:\/\/www.tvuai.com.br\/portal\/#\/schema\/person\/d1c5c2b1dc1e658906286802aad38555","name":"Rosy Pantale\u00e3o","sameAs":["https:\/\/www.tvuai.com.br\/portal\/","https:\/\/www.facebook.com\/tvuai\/","https:\/\/www.instagram.com\/tvuai","https:\/\/x.com\/tvuai","https:\/\/www.youtube.com\/channel\/UCB7ZPB3wRv-OpoZ_09jmnkQ","tvuai"],"url":"https:\/\/www.tvuai.com.br\/portal\/author\/rosy\/"}]}},"jetpack_featured_media_url":"https:\/\/i0.wp.com\/www.tvuai.com.br\/portal\/wp-content\/uploads\/2022\/05\/codemge0.jpg?fit=200%2C200&ssl=1","wpmagazine_modules_lite_featured_media_urls":{"thumbnail":["https:\/\/i0.wp.com\/www.tvuai.com.br\/portal\/wp-content\/uploads\/2022\/05\/codemge0.jpg?resize=150%2C150&ssl=1",150,150,true],"cvmm-medium":["https:\/\/i0.wp.com\/www.tvuai.com.br\/portal\/wp-content\/uploads\/2022\/05\/codemge0.jpg?resize=200%2C200&ssl=1",200,200,true],"cvmm-medium-plus":["https:\/\/i0.wp.com\/www.tvuai.com.br\/portal\/wp-content\/uploads\/2022\/05\/codemge0.jpg?resize=200%2C200&ssl=1",200,200,true],"cvmm-portrait":["https:\/\/i0.wp.com\/www.tvuai.com.br\/portal\/wp-content\/uploads\/2022\/05\/codemge0.jpg?resize=200%2C200&ssl=1",200,200,true],"cvmm-medium-square":["https:\/\/i0.wp.com\/www.tvuai.com.br\/portal\/wp-content\/uploads\/2022\/05\/codemge0.jpg?resize=200%2C200&ssl=1",200,200,true],"cvmm-large":["https:\/\/i0.wp.com\/www.tvuai.com.br\/portal\/wp-content\/uploads\/2022\/05\/codemge0.jpg?resize=200%2C200&ssl=1",200,200,true],"cvmm-small":["https:\/\/i0.wp.com\/www.tvuai.com.br\/portal\/wp-content\/uploads\/2022\/05\/codemge0.jpg?resize=130%2C95&ssl=1",130,95,true],"full":["https:\/\/i0.wp.com\/www.tvuai.com.br\/portal\/wp-content\/uploads\/2022\/05\/codemge0.jpg?fit=200%2C200&ssl=1",200,200,false]},"categories_names":{"1642":{"name":"Ci\u00eancia e Tecnologia","link":"https:\/\/www.tvuai.com.br\/portal\/category\/tecnologia\/"},"1815":{"name":"Economia","link":"https:\/\/www.tvuai.com.br\/portal\/category\/economia\/"},"19":{"name":"Not\u00edcias","link":"https:\/\/www.tvuai.com.br\/portal\/category\/noticias\/"}},"tags_names":{"914":{"name":"avia\u00e7\u00e3o","link":"https:\/\/www.tvuai.com.br\/portal\/tag\/aviacao\/"},"911":{"name":"Codemge","link":"https:\/\/www.tvuai.com.br\/portal\/tag\/codemge\/"},"912":{"name":"Codemig","link":"https:\/\/www.tvuai.com.br\/portal\/tag\/codemig\/"},"908":{"name":"Companhia de Desenvolvimento de Minas Gerais","link":"https:\/\/www.tvuai.com.br\/portal\/tag\/companhia-de-desenvolvimento-de-minas-gerais\/"},"909":{"name":"empresa estrat\u00e9gica do ramo aeron\u00e1utico","link":"https:\/\/www.tvuai.com.br\/portal\/tag\/empresa-estrategica-do-ramo-aeronautico\/"},"913":{"name":"governo de Minas Gerais","link":"https:\/\/www.tvuai.com.br\/portal\/tag\/governo-de-minas-gerais\/"},"910":{"name":"IAS \u2013 Ind\u00fastria de Avia\u00e7\u00e3o e Servi\u00e7os S.A","link":"https:\/\/www.tvuai.com.br\/portal\/tag\/ias-industria-de-aviacao-e-servicos-s-a\/"},"184":{"name":"Minas Gerais","link":"https:\/\/www.tvuai.com.br\/portal\/tag\/minas-gerais\/"},"37":{"name":"Pouso Alegre","link":"https:\/\/www.tvuai.com.br\/portal\/tag\/pouso-alegre\/"},"39":{"name":"Sul de Minas","link":"https:\/\/www.tvuai.com.br\/portal\/tag\/sul-de-minas\/"},"89":{"name":"tecnologia","link":"https:\/\/www.tvuai.com.br\/portal\/tag\/tecnologia\/"},"27":{"name":"TV Uai","link":"https:\/\/www.tvuai.com.br\/portal\/tag\/tv-uai\/"}},"comments_number":"0","jetpack_shortlink":"https:\/\/wp.me\/p9woix-150","jetpack_sharing_enabled":true,"_links":{"self":[{"href":"https:\/\/www.tvuai.com.br\/portal\/wp-json\/wp\/v2\/posts\/4154"}],"collection":[{"href":"https:\/\/www.tvuai.com.br\/portal\/wp-json\/wp\/v2\/posts"}],"about":[{"href":"https:\/\/www.tvuai.com.br\/portal\/wp-json\/wp\/v2\/types\/post"}],"author":[{"embeddable":true,"href":"https:\/\/www.tvuai.com.br\/portal\/wp-json\/wp\/v2\/users\/2"}],"replies":[{"embeddable":true,"href":"https:\/\/www.tvuai.com.br\/portal\/wp-json\/wp\/v2\/comments?post=4154"}],"version-history":[{"count":7,"href":"https:\/\/www.tvuai.com.br\/portal\/wp-json\/wp\/v2\/posts\/4154\/revisions"}],"predecessor-version":[{"id":4163,"href":"https:\/\/www.tvuai.com.br\/portal\/wp-json\/wp\/v2\/posts\/4154\/revisions\/4163"}],"wp:featuredmedia":[{"embeddable":true,"href":"https:\/\/www.tvuai.com.br\/portal\/wp-json\/wp\/v2\/media\/4161"}],"wp:attachment":[{"href":"https:\/\/www.tvuai.com.br\/portal\/wp-json\/wp\/v2\/media?parent=4154"}],"wp:term":[{"taxonomy":"category","embeddable":true,"href":"https:\/\/www.tvuai.com.br\/portal\/wp-json\/wp\/v2\/categories?post=4154"},{"taxonomy":"post_tag","embeddable":true,"href":"https:\/\/www.tvuai.com.br\/portal\/wp-json\/wp\/v2\/tags?post=4154"}],"curies":[{"name":"wp","href":"https:\/\/api.w.org\/{rel}","templated":true}]}}