{"id":3952,"date":"2022-04-20T19:25:36","date_gmt":"2022-04-20T22:25:36","guid":{"rendered":"https:\/\/www.tvuai.com.br\/portal\/?p=3952"},"modified":"2022-05-03T09:00:21","modified_gmt":"2022-05-03T12:00:21","slug":"cancao-do-estio-e-o-novo-lancamento-da-mineira-de-pouso-alegre-luiza-toledo","status":"publish","type":"post","link":"https:\/\/www.tvuai.com.br\/portal\/cancao-do-estio-e-o-novo-lancamento-da-mineira-de-pouso-alegre-luiza-toledo\/","title":{"rendered":"Can\u00e7\u00e3o do Estio \u00e9 o novo lan\u00e7amento da mineira de Pouso Alegre, Luiza Toledo"},"content":{"rendered":"<div class=\"5a1038e0903b96d426fcfcc338703013\" data-index=\"1\" style=\"float: right; margin:10px 0 10px 10px;\">\n<script async src=\"https:\/\/pagead2.googlesyndication.com\/pagead\/js\/adsbygoogle.js?client=ca-pub-9945944833605257\"\r\n     crossorigin=\"anonymous\"><\/script>\r\n<ins class=\"adsbygoogle\"\r\n     style=\"display:block; text-align:center;\"\r\n     data-ad-layout=\"in-article\"\r\n     data-ad-format=\"fluid\"\r\n     data-ad-client=\"ca-pub-9945944833605257\"\r\n     data-ad-slot=\"2343923581\"><\/ins>\r\n<script>\r\n     (adsbygoogle = window.adsbygoogle || []).push({});\r\n<\/script>\n<\/div>\n<h5 style=\"text-align: center\"><em><strong><div class=\"jetpack-video-wrapper\"><span class=\"embed-youtube\" style=\"text-align:center; display: block;\"><iframe class=\"youtube-player\" width=\"560\" height=\"315\" src=\"https:\/\/www.youtube.com\/embed\/Xmm6hvSArXk?version=3&#038;rel=1&#038;showsearch=0&#038;showinfo=1&#038;iv_load_policy=1&#038;fs=1&#038;hl=pt-BR&#038;autohide=2&#038;wmode=transparent\" allowfullscreen=\"true\" style=\"border:0;\" sandbox=\"allow-scripts allow-same-origin allow-popups allow-presentation allow-popups-to-escape-sandbox\"><\/iframe><\/span><\/div><\/strong><\/em><\/h5>\n<h5 style=\"text-align: center\"><em><strong>A cantora e compositora celebra Pouso Alegre com a energia das congadas e folias<\/strong><\/em><\/h5>\n<p>O reencontro com a terra natal, a reconcilia\u00e7\u00e3o com a vida e o saber esperar o tempo dos ciclos de recolhimento\u00a0 foram a inspira\u00e7\u00e3o para Can\u00e7\u00e3o do Estio, a nova composi\u00e7\u00e3o de Luiza Toledo, dispon\u00edvel gratuitamente em todas as\u00a0 plataformas digitais desde 5 de abril.<\/p>\n<p><img data-recalc-dims=\"1\" fetchpriority=\"high\" decoding=\"async\" data-attachment-id=\"3982\" data-permalink=\"https:\/\/www.tvuai.com.br\/portal\/cancao-do-estio-e-o-novo-lancamento-da-mineira-de-pouso-alegre-luiza-toledo\/cancao-do-estio1\/\" data-orig-file=\"https:\/\/i0.wp.com\/www.tvuai.com.br\/portal\/wp-content\/uploads\/2022\/04\/Can\u00e7\u00e3o-do-Estio1.jpg?fit=300%2C300&amp;ssl=1\" data-orig-size=\"300,300\" data-comments-opened=\"0\" data-image-meta=\"{&quot;aperture&quot;:&quot;0&quot;,&quot;credit&quot;:&quot;&quot;,&quot;camera&quot;:&quot;&quot;,&quot;caption&quot;:&quot;&quot;,&quot;created_timestamp&quot;:&quot;0&quot;,&quot;copyright&quot;:&quot;&quot;,&quot;focal_length&quot;:&quot;0&quot;,&quot;iso&quot;:&quot;0&quot;,&quot;shutter_speed&quot;:&quot;0&quot;,&quot;title&quot;:&quot;&quot;,&quot;orientation&quot;:&quot;1&quot;}\" data-image-title=\"Can\u00e7\u00e3o do Estio1\" data-image-description=\"\" data-image-caption=\"\" data-medium-file=\"https:\/\/i0.wp.com\/www.tvuai.com.br\/portal\/wp-content\/uploads\/2022\/04\/Can\u00e7\u00e3o-do-Estio1.jpg?fit=300%2C300&amp;ssl=1\" data-large-file=\"https:\/\/i0.wp.com\/www.tvuai.com.br\/portal\/wp-content\/uploads\/2022\/04\/Can\u00e7\u00e3o-do-Estio1.jpg?fit=300%2C300&amp;ssl=1\" tabindex=\"0\" role=\"button\" class=\"size-full wp-image-3982 alignright\" src=\"https:\/\/i0.wp.com\/www.tvuai.com.br\/portal\/wp-content\/uploads\/2022\/04\/Can\u00e7\u00e3o-do-Estio1.jpg?resize=300%2C300&#038;ssl=1\" alt=\"\" width=\"300\" height=\"300\" srcset=\"https:\/\/i0.wp.com\/www.tvuai.com.br\/portal\/wp-content\/uploads\/2022\/04\/Can\u00e7\u00e3o-do-Estio1.jpg?w=300&amp;ssl=1 300w, https:\/\/i0.wp.com\/www.tvuai.com.br\/portal\/wp-content\/uploads\/2022\/04\/Can\u00e7\u00e3o-do-Estio1.jpg?resize=150%2C150&amp;ssl=1 150w, https:\/\/i0.wp.com\/www.tvuai.com.br\/portal\/wp-content\/uploads\/2022\/04\/Can\u00e7\u00e3o-do-Estio1.jpg?resize=45%2C45&amp;ssl=1 45w, https:\/\/i0.wp.com\/www.tvuai.com.br\/portal\/wp-content\/uploads\/2022\/04\/Can\u00e7\u00e3o-do-Estio1.jpg?resize=100%2C100&amp;ssl=1 100w\" sizes=\"(max-width: 300px) 100vw, 300px\" \/>Alimentada pela energia das congadas, das folias, das violas, dos discos do Clube da Esquina, dos pianos do\u00a0 Conservat\u00f3rio e das antigas serestas de Pouso Alegre, Can\u00e7\u00e3o do Estio \u00e9 a primeira composi\u00e7\u00e3o de Luiza Toledo na\u00a0 qual a artista assume por completo a autoria de letra e m\u00fasica.<\/p>\n<p>Luiza Toledo \u00e9 graduada em M\u00fasica pela UNIRIO desde 2014, mas iniciou sua forma\u00e7\u00e3o art\u00edstica aos 7 anos no\u00a0 renomado Conservat\u00f3rio de sua cidade natal. Minas e Rio se entrela\u00e7am no seu compromisso com a can\u00e7\u00e3o\u00a0 brasileira, pela qual busca conectar e provocar seus ouvintes com a coragem e o humor que autorizam aprofundar os\u00a0 debates.<\/p>\n<p>Com um estilo musical definido apenas por &#8220;can\u00e7\u00e3o&#8221;, suas letras carregam uma identidade mineira contempor\u00e2nea. A poesia e o texto s\u00e3o o alicerce de uma constru\u00e7\u00e3o que passeia entre a MPB mais tradicional, ritmos regionais,\u00a0 hibridismos entre o popular e o erudito influenciados pelo rock e pelo pop, servindo-se desses g\u00eaneros sem pris\u00f5es\u00a0 est\u00e9ticas, a fim de privilegiar sempre a palavra.<\/p>\n<p>A voz doce, por\u00e9m expressiva de Luiza, interpreta as disson\u00e2ncias e inconst\u00e2ncias de suas composi\u00e7\u00f5es, com muitas\u00a0 quebras de estilo entre se\u00e7\u00f5es, pausas para inser\u00e7\u00e3o de textos, densidade e contraste tamb\u00e9m presentes na estrutura\u00a0 musical.<\/p>\n<p>Apaixonada por boas hist\u00f3rias, a compositora \u00e9 extremamente met\u00f3dica, o que a torna um caos curioso de se\u00a0 observar. \u201cA primeira frase de Can\u00e7\u00e3o do Estio veio em sonho\u201d, conta Luiza: \u201csa\u00ed cedo de Pouso Alegre e retornei por\u00a0 duas vezes. Aqui o sol me faz carinho, e \u00e9 esse voltar pro ninho, \u00e9 esse colo de m\u00e3e o que desejo honrar com a Can\u00e7\u00e3o do Estio. A composi\u00e7\u00e3o foi gerada nessa terra que me inspira a escrever com gosto de casa, com a brisa da Serra da\u00a0 Mantiqueira e do Vale do Sapuca\u00ed. \u00c9 maravilhoso poder voar, mas melhor ainda \u00e9 ter para onde voltar.\u201d<\/p>\n<p>Luiza, que como muitos artistas, migrou na juventude para grandes centros, voltou para o interior durante a pandemia. Em seu retorno do Rio de Janeiro para Pouso Alegre, a cantora descobriu um c\u00e2ncer de tireoide, sem\u00a0 saber exatamente quais seriam os impactos do tratamento para a sua voz e principal instrumento de trabalho. O\u00a0 sil\u00eancio lhe aflorou a escrita, o que a fez colocar no mundo novas composi\u00e7\u00f5es que refletem a festa que \u00e9 estar viva.<\/p>\n<p style=\"text-align: center\"><strong>A revoada dos tsurus<\/strong><\/p>\n<p>A refer\u00eancia aos p\u00e1ssaros de origami presentes na identidade visual de Can\u00e7\u00e3o do Estio tem um significado especial\u00a0 para Luiza Toledo, que comp\u00f4s esta m\u00fasica motivada pelo movimento de regenera\u00e7\u00e3o de sua fam\u00edlia, ap\u00f3s uma\u00a0 sucess\u00e3o de perdas e lutos que culminou com diagn\u00f3stico recebido pela artista.<\/p>\n<p><img data-recalc-dims=\"1\" decoding=\"async\" data-attachment-id=\"3983\" data-permalink=\"https:\/\/www.tvuai.com.br\/portal\/cancao-do-estio-e-o-novo-lancamento-da-mineira-de-pouso-alegre-luiza-toledo\/cancao-do-estio2\/\" data-orig-file=\"https:\/\/i0.wp.com\/www.tvuai.com.br\/portal\/wp-content\/uploads\/2022\/04\/Can\u00e7\u00e3o-do-Estio2.jpg?fit=300%2C452&amp;ssl=1\" data-orig-size=\"300,452\" data-comments-opened=\"0\" data-image-meta=\"{&quot;aperture&quot;:&quot;2.8&quot;,&quot;credit&quot;:&quot;&quot;,&quot;camera&quot;:&quot;NIKON D5100&quot;,&quot;caption&quot;:&quot;&quot;,&quot;created_timestamp&quot;:&quot;1644579516&quot;,&quot;copyright&quot;:&quot;&quot;,&quot;focal_length&quot;:&quot;35&quot;,&quot;iso&quot;:&quot;800&quot;,&quot;shutter_speed&quot;:&quot;0.008&quot;,&quot;title&quot;:&quot;&quot;,&quot;orientation&quot;:&quot;1&quot;}\" data-image-title=\"Can\u00e7\u00e3o do Estio2\" data-image-description=\"\" data-image-caption=\"\" data-medium-file=\"https:\/\/i0.wp.com\/www.tvuai.com.br\/portal\/wp-content\/uploads\/2022\/04\/Can\u00e7\u00e3o-do-Estio2.jpg?fit=199%2C300&amp;ssl=1\" data-large-file=\"https:\/\/i0.wp.com\/www.tvuai.com.br\/portal\/wp-content\/uploads\/2022\/04\/Can\u00e7\u00e3o-do-Estio2.jpg?fit=300%2C452&amp;ssl=1\" tabindex=\"0\" role=\"button\" class=\"size-full wp-image-3983 alignleft\" src=\"https:\/\/i0.wp.com\/www.tvuai.com.br\/portal\/wp-content\/uploads\/2022\/04\/Can\u00e7\u00e3o-do-Estio2.jpg?resize=300%2C452&#038;ssl=1\" alt=\"\" width=\"300\" height=\"452\" srcset=\"https:\/\/i0.wp.com\/www.tvuai.com.br\/portal\/wp-content\/uploads\/2022\/04\/Can\u00e7\u00e3o-do-Estio2.jpg?w=300&amp;ssl=1 300w, https:\/\/i0.wp.com\/www.tvuai.com.br\/portal\/wp-content\/uploads\/2022\/04\/Can\u00e7\u00e3o-do-Estio2.jpg?resize=199%2C300&amp;ssl=1 199w\" sizes=\"(max-width: 300px) 100vw, 300px\" \/>Seus familiares organizaram-se secretamente durante os meses de tratamento contra o c\u00e2ncer, para confeccionar\u00a0 uma imensa quantidade de p\u00e1ssaros de papel colorido. Em seu retorno \u00e0 casa, ap\u00f3s o per\u00edodo de interna\u00e7\u00e3o, Luiza\u00a0 deparou-se com a sala de sua casa repleta com aproximadamente 2.500 tsurus. Os passarinhos chegaram de todos os\u00a0 cantos do Brasil: S\u00e3o Paulo, Rio de Janeiro, Campinas, Belo Horizonte, Bel\u00e9m do Par\u00e1, Conselheiro Lafaiete,\u00a0 C\u00e1ssia, inclusive de pessoas desconhecidas, como relata Luiza: \u201cfiz a Can\u00e7\u00e3o do Estio assim que consegui voltar a\u00a0 cantar, seis meses ap\u00f3s a remo\u00e7\u00e3o da tireoide. Eu acredito que superar a doen\u00e7a foi uma forma de celebrar a vida e\u00a0 as lutas que ainda podemos vencer. Acho que todos os &#8220;tsureiros&#8221; pegaram seus lutos, suas lutas, e resolveram fazer\u00a0 algo bonito e colorido para colocar no lugar. Entendo que todo esse amor n\u00e3o foi s\u00f3 sobre mim, \u00e9 algo muito maior. Em tempos doentes como os estamos enfrentando, tem quem continue acreditando que vale a pena dedicar amor\u00a0 gratuito, f\u00e9 e incentivo. N\u00e3o duvidem! Tem muito amor no mundo.\u201d<\/p>\n<p>Para saber mais de Luiza Toledo <strong><a href=\"http:\/\/taggo.one\/luizatoledo\">clique aqui<\/a><\/strong>.<\/p>\n<h6 style=\"text-align: right\"><em><strong>Com informa\u00e7\u00f5es de Aryane Sanchez\/fotos de Thais Carlini<\/strong><\/em><\/h6>\n\n<div style=\"font-size: 0px; height: 0px; line-height: 0px; margin: 0; padding: 0; clear: both;\"><\/div><div class='share-to-whatsapp-wrapper'><div class='share-on-whsp'>Share on: <\/div><a data-text='Can\u00e7\u00e3o do Estio \u00e9 o novo lan\u00e7amento da mineira de Pouso Alegre, Luiza Toledo' data-link='https:\/\/www.tvuai.com.br\/portal\/cancao-do-estio-e-o-novo-lancamento-da-mineira-de-pouso-alegre-luiza-toledo\/' class='whatsapp-button whatsapp-share'>WhatsApp<\/a><div class='clear '><\/div><\/div><!-- AddThis Advanced Settings generic via filter on the_content --><!-- AddThis Share Buttons generic via filter on the_content -->","protected":false},"excerpt":{"rendered":"<p>A cantora e compositora celebra Pouso Alegre com a energia das congadas e folias O reencontro com a terra natal, a reconcilia\u00e7\u00e3o com a vida e o saber esperar o tempo dos ciclos de recolhimento\u00a0 foram a inspira\u00e7\u00e3o para Can\u00e7\u00e3o do Estio, a nova composi\u00e7\u00e3o de Luiza Toledo, dispon\u00edvel gratuitamente em todas as\u00a0 plataformas digitais [&hellip;]<!-- AddThis Advanced Settings generic via filter on get_the_excerpt --><!-- AddThis Share Buttons generic via filter on get_the_excerpt --><\/p>\n","protected":false},"author":2,"featured_media":3988,"comment_status":"closed","ping_status":"closed","sticky":false,"template":"","format":"standard","meta":{"jetpack_post_was_ever_published":false,"_jetpack_newsletter_access":"","_jetpack_dont_email_post_to_subs":false,"_jetpack_newsletter_tier_id":0,"_jetpack_memberships_contains_paywalled_content":false,"_jetpack_memberships_contains_paid_content":false,"_joinchat":[],"footnotes":"","jetpack_publicize_message":"","jetpack_publicize_feature_enabled":true,"jetpack_social_post_already_shared":true,"jetpack_social_options":{"image_generator_settings":{"template":"highway","enabled":false},"version":2}},"categories":[20,21],"tags":[826,827,37,39,27],"class_list":["post-3952","post","type-post","status-publish","format-standard","has-post-thumbnail","hentry","category-entretenimento","category-videos","tag-cancao-do-estio","tag-luiza-toledo","tag-pouso-alegre","tag-sul-de-minas","tag-tv-uai"],"jetpack_publicize_connections":[],"yoast_head":"<!-- This site is optimized with the Yoast SEO plugin v23.5 - https:\/\/yoast.com\/wordpress\/plugins\/seo\/ -->\n<title>Can\u00e7\u00e3o do Estio \u00e9 o novo lan\u00e7amento da mineira de Pouso Alegre, Luiza Toledo - TVUAI<\/title>\n<meta name=\"robots\" content=\"index, follow, max-snippet:-1, max-image-preview:large, max-video-preview:-1\" \/>\n<link rel=\"canonical\" href=\"https:\/\/www.tvuai.com.br\/portal\/cancao-do-estio-e-o-novo-lancamento-da-mineira-de-pouso-alegre-luiza-toledo\/\" \/>\n<meta property=\"og:locale\" content=\"pt_BR\" \/>\n<meta property=\"og:type\" content=\"article\" \/>\n<meta property=\"og:title\" content=\"Can\u00e7\u00e3o do Estio \u00e9 o novo lan\u00e7amento da mineira de Pouso Alegre, Luiza Toledo - TVUAI\" \/>\n<meta property=\"og:description\" content=\"A cantora e compositora celebra Pouso Alegre com a energia das congadas e folias O reencontro com a terra natal, a reconcilia\u00e7\u00e3o com a vida e o saber esperar o tempo dos ciclos de recolhimento\u00a0 foram a inspira\u00e7\u00e3o para Can\u00e7\u00e3o do Estio, a nova composi\u00e7\u00e3o de Luiza Toledo, dispon\u00edvel gratuitamente em todas as\u00a0 plataformas digitais [&hellip;]\" \/>\n<meta property=\"og:url\" content=\"https:\/\/www.tvuai.com.br\/portal\/cancao-do-estio-e-o-novo-lancamento-da-mineira-de-pouso-alegre-luiza-toledo\/\" \/>\n<meta property=\"og:site_name\" content=\"TVUAI\" \/>\n<meta property=\"article:publisher\" content=\"http:\/\/www.facebook.com\/pages\/TV-Uai-Comunica%c3%a7%c3%a3o\/139062546157369\" \/>\n<meta property=\"article:author\" content=\"https:\/\/www.facebook.com\/tvuai\/\" \/>\n<meta property=\"article:published_time\" content=\"2022-04-20T22:25:36+00:00\" \/>\n<meta property=\"article:modified_time\" content=\"2022-05-03T12:00:21+00:00\" \/>\n<meta property=\"og:image\" content=\"https:\/\/i0.wp.com\/www.tvuai.com.br\/portal\/wp-content\/uploads\/2022\/04\/Can\u00e7\u00e3o-do-Estio0.jpg?fit=200%2C200&ssl=1\" \/>\n\t<meta property=\"og:image:width\" content=\"200\" \/>\n\t<meta property=\"og:image:height\" content=\"200\" \/>\n\t<meta property=\"og:image:type\" content=\"image\/jpeg\" \/>\n<meta name=\"author\" content=\"Rosy Pantale\u00e3o\" \/>\n<meta name=\"twitter:card\" content=\"summary_large_image\" \/>\n<meta name=\"twitter:creator\" content=\"@tvuai\" \/>\n<meta name=\"twitter:site\" content=\"@tvuai\" \/>\n<meta name=\"twitter:label1\" content=\"Escrito por\" \/>\n\t<meta name=\"twitter:data1\" content=\"Rosy Pantale\u00e3o\" \/>\n\t<meta name=\"twitter:label2\" content=\"Est. tempo de leitura\" \/>\n\t<meta name=\"twitter:data2\" content=\"4 minutos\" \/>\n<script type=\"application\/ld+json\" class=\"yoast-schema-graph\">{\"@context\":\"https:\/\/schema.org\",\"@graph\":[{\"@type\":\"Article\",\"@id\":\"https:\/\/www.tvuai.com.br\/portal\/cancao-do-estio-e-o-novo-lancamento-da-mineira-de-pouso-alegre-luiza-toledo\/#article\",\"isPartOf\":{\"@id\":\"https:\/\/www.tvuai.com.br\/portal\/cancao-do-estio-e-o-novo-lancamento-da-mineira-de-pouso-alegre-luiza-toledo\/\"},\"author\":{\"name\":\"Rosy Pantale\u00e3o\",\"@id\":\"https:\/\/www.tvuai.com.br\/portal\/#\/schema\/person\/d1c5c2b1dc1e658906286802aad38555\"},\"headline\":\"Can\u00e7\u00e3o do Estio \u00e9 o novo lan\u00e7amento da mineira de Pouso Alegre, Luiza Toledo\",\"datePublished\":\"2022-04-20T22:25:36+00:00\",\"dateModified\":\"2022-05-03T12:00:21+00:00\",\"mainEntityOfPage\":{\"@id\":\"https:\/\/www.tvuai.com.br\/portal\/cancao-do-estio-e-o-novo-lancamento-da-mineira-de-pouso-alegre-luiza-toledo\/\"},\"wordCount\":763,\"publisher\":{\"@id\":\"https:\/\/www.tvuai.com.br\/portal\/#organization\"},\"image\":{\"@id\":\"https:\/\/www.tvuai.com.br\/portal\/cancao-do-estio-e-o-novo-lancamento-da-mineira-de-pouso-alegre-luiza-toledo\/#primaryimage\"},\"thumbnailUrl\":\"https:\/\/i0.wp.com\/www.tvuai.com.br\/portal\/wp-content\/uploads\/2022\/04\/Can\u00e7\u00e3o-do-Estio0.jpg?fit=200%2C200&ssl=1\",\"keywords\":[\"Can\u00e7\u00e3o do Estio\",\"Luiza Toledo\",\"Pouso Alegre\",\"Sul de Minas\",\"TV Uai\"],\"articleSection\":[\"Entretenimento\",\"Videos\"],\"inLanguage\":\"pt-BR\"},{\"@type\":\"WebPage\",\"@id\":\"https:\/\/www.tvuai.com.br\/portal\/cancao-do-estio-e-o-novo-lancamento-da-mineira-de-pouso-alegre-luiza-toledo\/\",\"url\":\"https:\/\/www.tvuai.com.br\/portal\/cancao-do-estio-e-o-novo-lancamento-da-mineira-de-pouso-alegre-luiza-toledo\/\",\"name\":\"Can\u00e7\u00e3o do Estio \u00e9 o novo lan\u00e7amento da mineira de Pouso Alegre, Luiza Toledo - TVUAI\",\"isPartOf\":{\"@id\":\"https:\/\/www.tvuai.com.br\/portal\/#website\"},\"primaryImageOfPage\":{\"@id\":\"https:\/\/www.tvuai.com.br\/portal\/cancao-do-estio-e-o-novo-lancamento-da-mineira-de-pouso-alegre-luiza-toledo\/#primaryimage\"},\"image\":{\"@id\":\"https:\/\/www.tvuai.com.br\/portal\/cancao-do-estio-e-o-novo-lancamento-da-mineira-de-pouso-alegre-luiza-toledo\/#primaryimage\"},\"thumbnailUrl\":\"https:\/\/i0.wp.com\/www.tvuai.com.br\/portal\/wp-content\/uploads\/2022\/04\/Can\u00e7\u00e3o-do-Estio0.jpg?fit=200%2C200&ssl=1\",\"datePublished\":\"2022-04-20T22:25:36+00:00\",\"dateModified\":\"2022-05-03T12:00:21+00:00\",\"breadcrumb\":{\"@id\":\"https:\/\/www.tvuai.com.br\/portal\/cancao-do-estio-e-o-novo-lancamento-da-mineira-de-pouso-alegre-luiza-toledo\/#breadcrumb\"},\"inLanguage\":\"pt-BR\",\"potentialAction\":[{\"@type\":\"ReadAction\",\"target\":[\"https:\/\/www.tvuai.com.br\/portal\/cancao-do-estio-e-o-novo-lancamento-da-mineira-de-pouso-alegre-luiza-toledo\/\"]}]},{\"@type\":\"ImageObject\",\"inLanguage\":\"pt-BR\",\"@id\":\"https:\/\/www.tvuai.com.br\/portal\/cancao-do-estio-e-o-novo-lancamento-da-mineira-de-pouso-alegre-luiza-toledo\/#primaryimage\",\"url\":\"https:\/\/i0.wp.com\/www.tvuai.com.br\/portal\/wp-content\/uploads\/2022\/04\/Can\u00e7\u00e3o-do-Estio0.jpg?fit=200%2C200&ssl=1\",\"contentUrl\":\"https:\/\/i0.wp.com\/www.tvuai.com.br\/portal\/wp-content\/uploads\/2022\/04\/Can\u00e7\u00e3o-do-Estio0.jpg?fit=200%2C200&ssl=1\",\"width\":200,\"height\":200},{\"@type\":\"BreadcrumbList\",\"@id\":\"https:\/\/www.tvuai.com.br\/portal\/cancao-do-estio-e-o-novo-lancamento-da-mineira-de-pouso-alegre-luiza-toledo\/#breadcrumb\",\"itemListElement\":[{\"@type\":\"ListItem\",\"position\":1,\"name\":\"In\u00edcio\",\"item\":\"https:\/\/www.tvuai.com.br\/portal\/\"},{\"@type\":\"ListItem\",\"position\":2,\"name\":\"Can\u00e7\u00e3o do Estio \u00e9 o novo lan\u00e7amento da mineira de Pouso Alegre, Luiza Toledo\"}]},{\"@type\":\"WebSite\",\"@id\":\"https:\/\/www.tvuai.com.br\/portal\/#website\",\"url\":\"https:\/\/www.tvuai.com.br\/portal\/\",\"name\":\"TVUAI\",\"description\":\"Tudo sobre o Sul de Minas\",\"publisher\":{\"@id\":\"https:\/\/www.tvuai.com.br\/portal\/#organization\"},\"potentialAction\":[{\"@type\":\"SearchAction\",\"target\":{\"@type\":\"EntryPoint\",\"urlTemplate\":\"https:\/\/www.tvuai.com.br\/portal\/?s={search_term_string}\"},\"query-input\":{\"@type\":\"PropertyValueSpecification\",\"valueRequired\":true,\"valueName\":\"search_term_string\"}}],\"inLanguage\":\"pt-BR\"},{\"@type\":\"Organization\",\"@id\":\"https:\/\/www.tvuai.com.br\/portal\/#organization\",\"name\":\"TVUAI\",\"url\":\"https:\/\/www.tvuai.com.br\/portal\/\",\"logo\":{\"@type\":\"ImageObject\",\"inLanguage\":\"pt-BR\",\"@id\":\"https:\/\/www.tvuai.com.br\/portal\/#\/schema\/logo\/image\/\",\"url\":\"https:\/\/i0.wp.com\/www.tvuai.com.br\/portal\/wp-content\/uploads\/2017\/12\/logo_tvuai_100H.png?fit=207%2C100&ssl=1\",\"contentUrl\":\"https:\/\/i0.wp.com\/www.tvuai.com.br\/portal\/wp-content\/uploads\/2017\/12\/logo_tvuai_100H.png?fit=207%2C100&ssl=1\",\"width\":207,\"height\":100,\"caption\":\"TVUAI\"},\"image\":{\"@id\":\"https:\/\/www.tvuai.com.br\/portal\/#\/schema\/logo\/image\/\"},\"sameAs\":[\"http:\/\/www.facebook.com\/pages\/TV-Uai-Comunica\u00e7\u00e3o\/139062546157369\",\"https:\/\/x.com\/tvuai\",\"https:\/\/www.instagram.com\/tvuai_network\/\",\"https:\/\/www.youtube.com\/channel\/UCB7ZPB3wRv-OpoZ_09jmnkQ\"]},{\"@type\":\"Person\",\"@id\":\"https:\/\/www.tvuai.com.br\/portal\/#\/schema\/person\/d1c5c2b1dc1e658906286802aad38555\",\"name\":\"Rosy Pantale\u00e3o\",\"sameAs\":[\"https:\/\/www.tvuai.com.br\/portal\/\",\"https:\/\/www.facebook.com\/tvuai\/\",\"https:\/\/www.instagram.com\/tvuai\",\"https:\/\/x.com\/tvuai\",\"https:\/\/www.youtube.com\/channel\/UCB7ZPB3wRv-OpoZ_09jmnkQ\",\"tvuai\"],\"url\":\"https:\/\/www.tvuai.com.br\/portal\/author\/rosy\/\"}]}<\/script>\n<!-- \/ Yoast SEO plugin. -->","yoast_head_json":{"title":"Can\u00e7\u00e3o do Estio \u00e9 o novo lan\u00e7amento da mineira de Pouso Alegre, Luiza Toledo - TVUAI","robots":{"index":"index","follow":"follow","max-snippet":"max-snippet:-1","max-image-preview":"max-image-preview:large","max-video-preview":"max-video-preview:-1"},"canonical":"https:\/\/www.tvuai.com.br\/portal\/cancao-do-estio-e-o-novo-lancamento-da-mineira-de-pouso-alegre-luiza-toledo\/","og_locale":"pt_BR","og_type":"article","og_title":"Can\u00e7\u00e3o do Estio \u00e9 o novo lan\u00e7amento da mineira de Pouso Alegre, Luiza Toledo - TVUAI","og_description":"A cantora e compositora celebra Pouso Alegre com a energia das congadas e folias O reencontro com a terra natal, a reconcilia\u00e7\u00e3o com a vida e o saber esperar o tempo dos ciclos de recolhimento\u00a0 foram a inspira\u00e7\u00e3o para Can\u00e7\u00e3o do Estio, a nova composi\u00e7\u00e3o de Luiza Toledo, dispon\u00edvel gratuitamente em todas as\u00a0 plataformas digitais [&hellip;]","og_url":"https:\/\/www.tvuai.com.br\/portal\/cancao-do-estio-e-o-novo-lancamento-da-mineira-de-pouso-alegre-luiza-toledo\/","og_site_name":"TVUAI","article_publisher":"http:\/\/www.facebook.com\/pages\/TV-Uai-Comunica%c3%a7%c3%a3o\/139062546157369","article_author":"https:\/\/www.facebook.com\/tvuai\/","article_published_time":"2022-04-20T22:25:36+00:00","article_modified_time":"2022-05-03T12:00:21+00:00","og_image":[{"width":200,"height":200,"url":"https:\/\/i0.wp.com\/www.tvuai.com.br\/portal\/wp-content\/uploads\/2022\/04\/Can\u00e7\u00e3o-do-Estio0.jpg?fit=200%2C200&ssl=1","type":"image\/jpeg"}],"author":"Rosy Pantale\u00e3o","twitter_card":"summary_large_image","twitter_creator":"@tvuai","twitter_site":"@tvuai","twitter_misc":{"Escrito por":"Rosy Pantale\u00e3o","Est. tempo de leitura":"4 minutos"},"schema":{"@context":"https:\/\/schema.org","@graph":[{"@type":"Article","@id":"https:\/\/www.tvuai.com.br\/portal\/cancao-do-estio-e-o-novo-lancamento-da-mineira-de-pouso-alegre-luiza-toledo\/#article","isPartOf":{"@id":"https:\/\/www.tvuai.com.br\/portal\/cancao-do-estio-e-o-novo-lancamento-da-mineira-de-pouso-alegre-luiza-toledo\/"},"author":{"name":"Rosy Pantale\u00e3o","@id":"https:\/\/www.tvuai.com.br\/portal\/#\/schema\/person\/d1c5c2b1dc1e658906286802aad38555"},"headline":"Can\u00e7\u00e3o do Estio \u00e9 o novo lan\u00e7amento da mineira de Pouso Alegre, Luiza Toledo","datePublished":"2022-04-20T22:25:36+00:00","dateModified":"2022-05-03T12:00:21+00:00","mainEntityOfPage":{"@id":"https:\/\/www.tvuai.com.br\/portal\/cancao-do-estio-e-o-novo-lancamento-da-mineira-de-pouso-alegre-luiza-toledo\/"},"wordCount":763,"publisher":{"@id":"https:\/\/www.tvuai.com.br\/portal\/#organization"},"image":{"@id":"https:\/\/www.tvuai.com.br\/portal\/cancao-do-estio-e-o-novo-lancamento-da-mineira-de-pouso-alegre-luiza-toledo\/#primaryimage"},"thumbnailUrl":"https:\/\/i0.wp.com\/www.tvuai.com.br\/portal\/wp-content\/uploads\/2022\/04\/Can\u00e7\u00e3o-do-Estio0.jpg?fit=200%2C200&ssl=1","keywords":["Can\u00e7\u00e3o do Estio","Luiza Toledo","Pouso Alegre","Sul de Minas","TV Uai"],"articleSection":["Entretenimento","Videos"],"inLanguage":"pt-BR"},{"@type":"WebPage","@id":"https:\/\/www.tvuai.com.br\/portal\/cancao-do-estio-e-o-novo-lancamento-da-mineira-de-pouso-alegre-luiza-toledo\/","url":"https:\/\/www.tvuai.com.br\/portal\/cancao-do-estio-e-o-novo-lancamento-da-mineira-de-pouso-alegre-luiza-toledo\/","name":"Can\u00e7\u00e3o do Estio \u00e9 o novo lan\u00e7amento da mineira de Pouso Alegre, Luiza Toledo - TVUAI","isPartOf":{"@id":"https:\/\/www.tvuai.com.br\/portal\/#website"},"primaryImageOfPage":{"@id":"https:\/\/www.tvuai.com.br\/portal\/cancao-do-estio-e-o-novo-lancamento-da-mineira-de-pouso-alegre-luiza-toledo\/#primaryimage"},"image":{"@id":"https:\/\/www.tvuai.com.br\/portal\/cancao-do-estio-e-o-novo-lancamento-da-mineira-de-pouso-alegre-luiza-toledo\/#primaryimage"},"thumbnailUrl":"https:\/\/i0.wp.com\/www.tvuai.com.br\/portal\/wp-content\/uploads\/2022\/04\/Can\u00e7\u00e3o-do-Estio0.jpg?fit=200%2C200&ssl=1","datePublished":"2022-04-20T22:25:36+00:00","dateModified":"2022-05-03T12:00:21+00:00","breadcrumb":{"@id":"https:\/\/www.tvuai.com.br\/portal\/cancao-do-estio-e-o-novo-lancamento-da-mineira-de-pouso-alegre-luiza-toledo\/#breadcrumb"},"inLanguage":"pt-BR","potentialAction":[{"@type":"ReadAction","target":["https:\/\/www.tvuai.com.br\/portal\/cancao-do-estio-e-o-novo-lancamento-da-mineira-de-pouso-alegre-luiza-toledo\/"]}]},{"@type":"ImageObject","inLanguage":"pt-BR","@id":"https:\/\/www.tvuai.com.br\/portal\/cancao-do-estio-e-o-novo-lancamento-da-mineira-de-pouso-alegre-luiza-toledo\/#primaryimage","url":"https:\/\/i0.wp.com\/www.tvuai.com.br\/portal\/wp-content\/uploads\/2022\/04\/Can\u00e7\u00e3o-do-Estio0.jpg?fit=200%2C200&ssl=1","contentUrl":"https:\/\/i0.wp.com\/www.tvuai.com.br\/portal\/wp-content\/uploads\/2022\/04\/Can\u00e7\u00e3o-do-Estio0.jpg?fit=200%2C200&ssl=1","width":200,"height":200},{"@type":"BreadcrumbList","@id":"https:\/\/www.tvuai.com.br\/portal\/cancao-do-estio-e-o-novo-lancamento-da-mineira-de-pouso-alegre-luiza-toledo\/#breadcrumb","itemListElement":[{"@type":"ListItem","position":1,"name":"In\u00edcio","item":"https:\/\/www.tvuai.com.br\/portal\/"},{"@type":"ListItem","position":2,"name":"Can\u00e7\u00e3o do Estio \u00e9 o novo lan\u00e7amento da mineira de Pouso Alegre, Luiza Toledo"}]},{"@type":"WebSite","@id":"https:\/\/www.tvuai.com.br\/portal\/#website","url":"https:\/\/www.tvuai.com.br\/portal\/","name":"TVUAI","description":"Tudo sobre o Sul de Minas","publisher":{"@id":"https:\/\/www.tvuai.com.br\/portal\/#organization"},"potentialAction":[{"@type":"SearchAction","target":{"@type":"EntryPoint","urlTemplate":"https:\/\/www.tvuai.com.br\/portal\/?s={search_term_string}"},"query-input":{"@type":"PropertyValueSpecification","valueRequired":true,"valueName":"search_term_string"}}],"inLanguage":"pt-BR"},{"@type":"Organization","@id":"https:\/\/www.tvuai.com.br\/portal\/#organization","name":"TVUAI","url":"https:\/\/www.tvuai.com.br\/portal\/","logo":{"@type":"ImageObject","inLanguage":"pt-BR","@id":"https:\/\/www.tvuai.com.br\/portal\/#\/schema\/logo\/image\/","url":"https:\/\/i0.wp.com\/www.tvuai.com.br\/portal\/wp-content\/uploads\/2017\/12\/logo_tvuai_100H.png?fit=207%2C100&ssl=1","contentUrl":"https:\/\/i0.wp.com\/www.tvuai.com.br\/portal\/wp-content\/uploads\/2017\/12\/logo_tvuai_100H.png?fit=207%2C100&ssl=1","width":207,"height":100,"caption":"TVUAI"},"image":{"@id":"https:\/\/www.tvuai.com.br\/portal\/#\/schema\/logo\/image\/"},"sameAs":["http:\/\/www.facebook.com\/pages\/TV-Uai-Comunica\u00e7\u00e3o\/139062546157369","https:\/\/x.com\/tvuai","https:\/\/www.instagram.com\/tvuai_network\/","https:\/\/www.youtube.com\/channel\/UCB7ZPB3wRv-OpoZ_09jmnkQ"]},{"@type":"Person","@id":"https:\/\/www.tvuai.com.br\/portal\/#\/schema\/person\/d1c5c2b1dc1e658906286802aad38555","name":"Rosy Pantale\u00e3o","sameAs":["https:\/\/www.tvuai.com.br\/portal\/","https:\/\/www.facebook.com\/tvuai\/","https:\/\/www.instagram.com\/tvuai","https:\/\/x.com\/tvuai","https:\/\/www.youtube.com\/channel\/UCB7ZPB3wRv-OpoZ_09jmnkQ","tvuai"],"url":"https:\/\/www.tvuai.com.br\/portal\/author\/rosy\/"}]}},"jetpack_featured_media_url":"https:\/\/i0.wp.com\/www.tvuai.com.br\/portal\/wp-content\/uploads\/2022\/04\/Can\u00e7\u00e3o-do-Estio0.jpg?fit=200%2C200&ssl=1","wpmagazine_modules_lite_featured_media_urls":{"thumbnail":["https:\/\/i0.wp.com\/www.tvuai.com.br\/portal\/wp-content\/uploads\/2022\/04\/Can\u00e7\u00e3o-do-Estio0.jpg?resize=150%2C150&ssl=1",150,150,true],"cvmm-medium":["https:\/\/i0.wp.com\/www.tvuai.com.br\/portal\/wp-content\/uploads\/2022\/04\/Can\u00e7\u00e3o-do-Estio0.jpg?resize=200%2C200&ssl=1",200,200,true],"cvmm-medium-plus":["https:\/\/i0.wp.com\/www.tvuai.com.br\/portal\/wp-content\/uploads\/2022\/04\/Can\u00e7\u00e3o-do-Estio0.jpg?resize=200%2C200&ssl=1",200,200,true],"cvmm-portrait":["https:\/\/i0.wp.com\/www.tvuai.com.br\/portal\/wp-content\/uploads\/2022\/04\/Can\u00e7\u00e3o-do-Estio0.jpg?resize=200%2C200&ssl=1",200,200,true],"cvmm-medium-square":["https:\/\/i0.wp.com\/www.tvuai.com.br\/portal\/wp-content\/uploads\/2022\/04\/Can\u00e7\u00e3o-do-Estio0.jpg?resize=200%2C200&ssl=1",200,200,true],"cvmm-large":["https:\/\/i0.wp.com\/www.tvuai.com.br\/portal\/wp-content\/uploads\/2022\/04\/Can\u00e7\u00e3o-do-Estio0.jpg?resize=200%2C200&ssl=1",200,200,true],"cvmm-small":["https:\/\/i0.wp.com\/www.tvuai.com.br\/portal\/wp-content\/uploads\/2022\/04\/Can\u00e7\u00e3o-do-Estio0.jpg?resize=130%2C95&ssl=1",130,95,true],"full":["https:\/\/i0.wp.com\/www.tvuai.com.br\/portal\/wp-content\/uploads\/2022\/04\/Can\u00e7\u00e3o-do-Estio0.jpg?fit=200%2C200&ssl=1",200,200,false]},"categories_names":{"20":{"name":"Entretenimento","link":"https:\/\/www.tvuai.com.br\/portal\/category\/entretenimento\/"},"21":{"name":"Videos","link":"https:\/\/www.tvuai.com.br\/portal\/category\/videos\/"}},"tags_names":{"826":{"name":"Can\u00e7\u00e3o do Estio","link":"https:\/\/www.tvuai.com.br\/portal\/tag\/cancao-do-estio\/"},"827":{"name":"Luiza Toledo","link":"https:\/\/www.tvuai.com.br\/portal\/tag\/luiza-toledo\/"},"37":{"name":"Pouso Alegre","link":"https:\/\/www.tvuai.com.br\/portal\/tag\/pouso-alegre\/"},"39":{"name":"Sul de Minas","link":"https:\/\/www.tvuai.com.br\/portal\/tag\/sul-de-minas\/"},"27":{"name":"TV Uai","link":"https:\/\/www.tvuai.com.br\/portal\/tag\/tv-uai\/"}},"comments_number":"0","jetpack_shortlink":"https:\/\/wp.me\/p9woix-11K","jetpack_sharing_enabled":true,"_links":{"self":[{"href":"https:\/\/www.tvuai.com.br\/portal\/wp-json\/wp\/v2\/posts\/3952"}],"collection":[{"href":"https:\/\/www.tvuai.com.br\/portal\/wp-json\/wp\/v2\/posts"}],"about":[{"href":"https:\/\/www.tvuai.com.br\/portal\/wp-json\/wp\/v2\/types\/post"}],"author":[{"embeddable":true,"href":"https:\/\/www.tvuai.com.br\/portal\/wp-json\/wp\/v2\/users\/2"}],"replies":[{"embeddable":true,"href":"https:\/\/www.tvuai.com.br\/portal\/wp-json\/wp\/v2\/comments?post=3952"}],"version-history":[{"count":8,"href":"https:\/\/www.tvuai.com.br\/portal\/wp-json\/wp\/v2\/posts\/3952\/revisions"}],"predecessor-version":[{"id":3987,"href":"https:\/\/www.tvuai.com.br\/portal\/wp-json\/wp\/v2\/posts\/3952\/revisions\/3987"}],"wp:featuredmedia":[{"embeddable":true,"href":"https:\/\/www.tvuai.com.br\/portal\/wp-json\/wp\/v2\/media\/3988"}],"wp:attachment":[{"href":"https:\/\/www.tvuai.com.br\/portal\/wp-json\/wp\/v2\/media?parent=3952"}],"wp:term":[{"taxonomy":"category","embeddable":true,"href":"https:\/\/www.tvuai.com.br\/portal\/wp-json\/wp\/v2\/categories?post=3952"},{"taxonomy":"post_tag","embeddable":true,"href":"https:\/\/www.tvuai.com.br\/portal\/wp-json\/wp\/v2\/tags?post=3952"}],"curies":[{"name":"wp","href":"https:\/\/api.w.org\/{rel}","templated":true}]}}