{"id":3567,"date":"2022-03-23T19:54:00","date_gmt":"2022-03-23T22:54:00","guid":{"rendered":"https:\/\/www.tvuai.com.br\/portal\/?p=3567"},"modified":"2022-03-25T10:39:29","modified_gmt":"2022-03-25T13:39:29","slug":"falta-de-responsavel-tecnico-e-principal-irregularidade-encontrada-pelo-crea-mg-em-pouso-alegre","status":"publish","type":"post","link":"https:\/\/www.tvuai.com.br\/portal\/falta-de-responsavel-tecnico-e-principal-irregularidade-encontrada-pelo-crea-mg-em-pouso-alegre\/","title":{"rendered":"Falta de respons\u00e1vel t\u00e9cnico \u00e9 principal irregularidade encontrada pelo Crea-MG em Pouso Alegre"},"content":{"rendered":"<div class=\"5a1038e0903b96d426fcfcc338703013\" data-index=\"1\" style=\"float: right; margin:10px 0 10px 10px;\">\n<script async src=\"https:\/\/pagead2.googlesyndication.com\/pagead\/js\/adsbygoogle.js?client=ca-pub-9945944833605257\"\r\n     crossorigin=\"anonymous\"><\/script>\r\n<ins class=\"adsbygoogle\"\r\n     style=\"display:block; text-align:center;\"\r\n     data-ad-layout=\"in-article\"\r\n     data-ad-format=\"fluid\"\r\n     data-ad-client=\"ca-pub-9945944833605257\"\r\n     data-ad-slot=\"2343923581\"><\/ins>\r\n<script>\r\n     (adsbygoogle = window.adsbygoogle || []).push({});\r\n<\/script>\n<\/div>\n<h5 class=\"v1MsoNormal\" style=\"text-align: center\"><em><strong><img data-recalc-dims=\"1\" fetchpriority=\"high\" decoding=\"async\" data-attachment-id=\"3571\" data-permalink=\"https:\/\/www.tvuai.com.br\/portal\/falta-de-responsavel-tecnico-e-principal-irregularidade-encontrada-pelo-crea-mg-em-pouso-alegre\/crea1\/\" data-orig-file=\"https:\/\/i0.wp.com\/www.tvuai.com.br\/portal\/wp-content\/uploads\/2022\/03\/crea1.jpg?fit=600%2C600&amp;ssl=1\" data-orig-size=\"600,600\" data-comments-opened=\"0\" data-image-meta=\"{&quot;aperture&quot;:&quot;0&quot;,&quot;credit&quot;:&quot;&quot;,&quot;camera&quot;:&quot;&quot;,&quot;caption&quot;:&quot;&quot;,&quot;created_timestamp&quot;:&quot;0&quot;,&quot;copyright&quot;:&quot;&quot;,&quot;focal_length&quot;:&quot;0&quot;,&quot;iso&quot;:&quot;0&quot;,&quot;shutter_speed&quot;:&quot;0&quot;,&quot;title&quot;:&quot;&quot;,&quot;orientation&quot;:&quot;1&quot;}\" data-image-title=\"crea1\" data-image-description=\"\" data-image-caption=\"\" data-medium-file=\"https:\/\/i0.wp.com\/www.tvuai.com.br\/portal\/wp-content\/uploads\/2022\/03\/crea1.jpg?fit=300%2C300&amp;ssl=1\" data-large-file=\"https:\/\/i0.wp.com\/www.tvuai.com.br\/portal\/wp-content\/uploads\/2022\/03\/crea1.jpg?fit=600%2C600&amp;ssl=1\" tabindex=\"0\" role=\"button\" class=\"aligncenter size-full wp-image-3571\" src=\"https:\/\/i0.wp.com\/www.tvuai.com.br\/portal\/wp-content\/uploads\/2022\/03\/crea1.jpg?resize=600%2C600&#038;ssl=1\" alt=\"\" width=\"600\" height=\"600\" srcset=\"https:\/\/i0.wp.com\/www.tvuai.com.br\/portal\/wp-content\/uploads\/2022\/03\/crea1.jpg?w=600&amp;ssl=1 600w, https:\/\/i0.wp.com\/www.tvuai.com.br\/portal\/wp-content\/uploads\/2022\/03\/crea1.jpg?resize=300%2C300&amp;ssl=1 300w, https:\/\/i0.wp.com\/www.tvuai.com.br\/portal\/wp-content\/uploads\/2022\/03\/crea1.jpg?resize=150%2C150&amp;ssl=1 150w, https:\/\/i0.wp.com\/www.tvuai.com.br\/portal\/wp-content\/uploads\/2022\/03\/crea1.jpg?resize=45%2C45&amp;ssl=1 45w, https:\/\/i0.wp.com\/www.tvuai.com.br\/portal\/wp-content\/uploads\/2022\/03\/crea1.jpg?resize=100%2C100&amp;ssl=1 100w\" sizes=\"(max-width: 600px) 100vw, 600px\" \/>Balan\u00e7o da fiscaliza\u00e7\u00e3o &#8211; em 2.021 &#8211; mostrou que em Pouso Alegre<\/strong><\/em><br \/>\n<em><strong>foram realizadas 1.608 a\u00e7\u00f5es, com a expedi\u00e7\u00e3o de 927 autos de infra\u00e7\u00e3o<\/strong><\/em><\/h5>\n<p class=\"v1MsoNormal\">No \u00faltimo ano, a fiscaliza\u00e7\u00e3o do o Conselho Regional de Engenharia e Agronomia de Minas Gerais (Crea-MG) contabilizou 52.165 a\u00e7\u00f5es em todo o estado, que resultaram em 27.608 autos de infra\u00e7\u00e3o. Desse total, 71,5% s\u00e3o referentes \u00e0 falta de respons\u00e1vel t\u00e9cnico. &#8220;Essa \u00e9 uma situa\u00e7\u00e3o grave que amea\u00e7a diretamente a popula\u00e7\u00e3o. O nosso papel \u00e9 justamente impedir a atua\u00e7\u00e3o de empresas irregulares e pessoas inabilitadas, que n\u00e3o det\u00eam conhecimento t\u00e9cnico, em atividades que afetam a vida das pessoas&#8221;, afirma o presidente do Crea-MG, engenheiro civil Lucio Fernando Borges. Somente em\u00a0<span style=\"font-family: arial, sans-serif\">Pouso Alegre<\/span>, foram realizadas\u00a01.608\u00a0a\u00e7\u00f5es, com a expedi\u00e7\u00e3o de\u00a0927\u00a0autos de infra\u00e7\u00e3o.<\/p>\n<p class=\"v1MsoNormal\">Atividades simples do dia a dia, como as refei\u00e7\u00f5es, o uso da energia el\u00e9trica, o transporte, o uso do celular, a constru\u00e7\u00e3o da moradia e diversas outras tarefas, precisam de profissionais da engenharia, da agronomia e das geoci\u00eancias. &#8220;A aus\u00eancia de um profissional habilitado pode resultar em uma obra mal acabada, com o aparecimento de vazamentos ou curtos-circuitos; em falhas mec\u00e2nicas de um elevador ao ser instalado sem seguir os par\u00e2metros m\u00ednimos de seguran\u00e7a; ou mesmo em uma planta\u00e7\u00e3o de alimentos que pode ter uma super dosagem de agrot\u00f3xico&#8221;, detalha Lucio. Ao fiscalizar o exerc\u00edcio de tais atividades, o Crea-MG exige que empresas regulares e profissionais habilitados, com a Anota\u00e7\u00e3o de Responsabilidade T\u00e9cnica (ART) devidamente registrada, sejam os condutores e executores dos empreendimentos e servi\u00e7os nessas \u00e1reas.<\/p>\n<p class=\"v1MsoNormal\" style=\"text-align: center\"><b>Coopera\u00e7\u00e3o<\/b><\/p>\n<p class=\"v1MsoNormal\">Al\u00e9m das fiscaliza\u00e7\u00f5es rotineiras de campo, o Conselho tem impulsionado as fiscaliza\u00e7\u00f5es administrativas com cruzamento de dados para obter uma maior efici\u00eancia na identifica\u00e7\u00e3o das irregularidades. Exemplo disso \u00e9 que, em 2021, mesmo com um n\u00famero de a\u00e7\u00f5es menor que em 2020, quando foram realizadas pouco mais de 54 mil fiscaliza\u00e7\u00f5es, o n\u00famero de autos aumentou em 6,5%.<\/p>\n<p class=\"v1MsoNormal\">O diretor T\u00e9cnico e de Fiscaliza\u00e7\u00e3o, engenheiro civil Eduardo Ribeiro, explica que a metodologia adotada no setor possibilita essa assertividade. &#8220;Por meio de conv\u00eanios com os munic\u00edpios, junta comercial do estado, diversos \u00f3rg\u00e3os p\u00fablicos, conseguimos acessar remotamente um n\u00famero consider\u00e1vel de dados. A partir da an\u00e1lise dessas informa\u00e7\u00f5es, a fiscaliza\u00e7\u00e3o consegue identificar uma s\u00e9rie de irregularidades&#8221;, detalha Eduardo. Segundo ele, para al\u00e9m de proteger a sociedade, a fiscaliza\u00e7\u00e3o valoriza ainda as profiss\u00f5es, evitando um ambiente de concorr\u00eancia desleal, j\u00e1 que h\u00e1 um custo envolvido para o profissional se manter regularmente habilitado e tem sido, cada vez mais, necess\u00e1rio buscar uma qualifica\u00e7\u00e3o constante para estar atualizado.<\/p>\n<p class=\"v1MsoNormal\" style=\"text-align: center\"><b>Atua\u00e7\u00e3o<\/b><\/p>\n<p class=\"v1MsoNormal\">O Crea-MG verifica e fiscaliza o exerc\u00edcio e a atividade profissional da engenharia, da agronomia, da geologia, da geografia e da meteorologia, amparado pela Lei Federal 5.194\/1966. A fun\u00e7\u00e3o do Conselho \u00e9 defender a sociedade da pr\u00e1tica ilegal das atividades t\u00e9cnicas, exigindo a participa\u00e7\u00e3o declarada de profissionais legalmente habilitados, com conhecimento e atribui\u00e7\u00f5es espec\u00edficas, na condu\u00e7\u00e3o dos empreendimentos nestas \u00e1reas.<\/p>\n<h6 class=\"v1MsoNormal\" style=\"text-align: right\"><em>Com informa\u00e7\u00f5es e reda\u00e7\u00e3o de Iane Chaves\/Crea-MG<\/em><\/h6>\n<p><img data-recalc-dims=\"1\" decoding=\"async\" data-attachment-id=\"3572\" data-permalink=\"https:\/\/www.tvuai.com.br\/portal\/falta-de-responsavel-tecnico-e-principal-irregularidade-encontrada-pelo-crea-mg-em-pouso-alegre\/crea2\/\" data-orig-file=\"https:\/\/i0.wp.com\/www.tvuai.com.br\/portal\/wp-content\/uploads\/2022\/03\/crea2.jpg?fit=600%2C600&amp;ssl=1\" data-orig-size=\"600,600\" data-comments-opened=\"0\" data-image-meta=\"{&quot;aperture&quot;:&quot;0&quot;,&quot;credit&quot;:&quot;&quot;,&quot;camera&quot;:&quot;&quot;,&quot;caption&quot;:&quot;&quot;,&quot;created_timestamp&quot;:&quot;0&quot;,&quot;copyright&quot;:&quot;&quot;,&quot;focal_length&quot;:&quot;0&quot;,&quot;iso&quot;:&quot;0&quot;,&quot;shutter_speed&quot;:&quot;0&quot;,&quot;title&quot;:&quot;&quot;,&quot;orientation&quot;:&quot;1&quot;}\" data-image-title=\"crea2\" data-image-description=\"\" data-image-caption=\"\" data-medium-file=\"https:\/\/i0.wp.com\/www.tvuai.com.br\/portal\/wp-content\/uploads\/2022\/03\/crea2.jpg?fit=300%2C300&amp;ssl=1\" data-large-file=\"https:\/\/i0.wp.com\/www.tvuai.com.br\/portal\/wp-content\/uploads\/2022\/03\/crea2.jpg?fit=600%2C600&amp;ssl=1\" tabindex=\"0\" role=\"button\" class=\"aligncenter size-full wp-image-3572\" src=\"https:\/\/i0.wp.com\/www.tvuai.com.br\/portal\/wp-content\/uploads\/2022\/03\/crea2.jpg?resize=600%2C600&#038;ssl=1\" alt=\"\" width=\"600\" height=\"600\" srcset=\"https:\/\/i0.wp.com\/www.tvuai.com.br\/portal\/wp-content\/uploads\/2022\/03\/crea2.jpg?w=600&amp;ssl=1 600w, https:\/\/i0.wp.com\/www.tvuai.com.br\/portal\/wp-content\/uploads\/2022\/03\/crea2.jpg?resize=300%2C300&amp;ssl=1 300w, https:\/\/i0.wp.com\/www.tvuai.com.br\/portal\/wp-content\/uploads\/2022\/03\/crea2.jpg?resize=150%2C150&amp;ssl=1 150w, https:\/\/i0.wp.com\/www.tvuai.com.br\/portal\/wp-content\/uploads\/2022\/03\/crea2.jpg?resize=45%2C45&amp;ssl=1 45w, https:\/\/i0.wp.com\/www.tvuai.com.br\/portal\/wp-content\/uploads\/2022\/03\/crea2.jpg?resize=100%2C100&amp;ssl=1 100w\" sizes=\"(max-width: 600px) 100vw, 600px\" \/> <img data-recalc-dims=\"1\" decoding=\"async\" data-attachment-id=\"3573\" data-permalink=\"https:\/\/www.tvuai.com.br\/portal\/falta-de-responsavel-tecnico-e-principal-irregularidade-encontrada-pelo-crea-mg-em-pouso-alegre\/crea3\/\" data-orig-file=\"https:\/\/i0.wp.com\/www.tvuai.com.br\/portal\/wp-content\/uploads\/2022\/03\/crea3.jpg?fit=600%2C600&amp;ssl=1\" data-orig-size=\"600,600\" data-comments-opened=\"0\" data-image-meta=\"{&quot;aperture&quot;:&quot;0&quot;,&quot;credit&quot;:&quot;&quot;,&quot;camera&quot;:&quot;&quot;,&quot;caption&quot;:&quot;&quot;,&quot;created_timestamp&quot;:&quot;0&quot;,&quot;copyright&quot;:&quot;&quot;,&quot;focal_length&quot;:&quot;0&quot;,&quot;iso&quot;:&quot;0&quot;,&quot;shutter_speed&quot;:&quot;0&quot;,&quot;title&quot;:&quot;&quot;,&quot;orientation&quot;:&quot;1&quot;}\" data-image-title=\"crea3\" data-image-description=\"\" data-image-caption=\"\" data-medium-file=\"https:\/\/i0.wp.com\/www.tvuai.com.br\/portal\/wp-content\/uploads\/2022\/03\/crea3.jpg?fit=300%2C300&amp;ssl=1\" data-large-file=\"https:\/\/i0.wp.com\/www.tvuai.com.br\/portal\/wp-content\/uploads\/2022\/03\/crea3.jpg?fit=600%2C600&amp;ssl=1\" tabindex=\"0\" role=\"button\" class=\"aligncenter size-full wp-image-3573\" src=\"https:\/\/i0.wp.com\/www.tvuai.com.br\/portal\/wp-content\/uploads\/2022\/03\/crea3.jpg?resize=600%2C600&#038;ssl=1\" alt=\"\" width=\"600\" height=\"600\" srcset=\"https:\/\/i0.wp.com\/www.tvuai.com.br\/portal\/wp-content\/uploads\/2022\/03\/crea3.jpg?w=600&amp;ssl=1 600w, https:\/\/i0.wp.com\/www.tvuai.com.br\/portal\/wp-content\/uploads\/2022\/03\/crea3.jpg?resize=300%2C300&amp;ssl=1 300w, https:\/\/i0.wp.com\/www.tvuai.com.br\/portal\/wp-content\/uploads\/2022\/03\/crea3.jpg?resize=150%2C150&amp;ssl=1 150w, https:\/\/i0.wp.com\/www.tvuai.com.br\/portal\/wp-content\/uploads\/2022\/03\/crea3.jpg?resize=45%2C45&amp;ssl=1 45w, https:\/\/i0.wp.com\/www.tvuai.com.br\/portal\/wp-content\/uploads\/2022\/03\/crea3.jpg?resize=100%2C100&amp;ssl=1 100w\" sizes=\"(max-width: 600px) 100vw, 600px\" \/> <img data-recalc-dims=\"1\" loading=\"lazy\" decoding=\"async\" data-attachment-id=\"3574\" data-permalink=\"https:\/\/www.tvuai.com.br\/portal\/falta-de-responsavel-tecnico-e-principal-irregularidade-encontrada-pelo-crea-mg-em-pouso-alegre\/crea4\/\" data-orig-file=\"https:\/\/i0.wp.com\/www.tvuai.com.br\/portal\/wp-content\/uploads\/2022\/03\/crea4.jpg?fit=600%2C600&amp;ssl=1\" data-orig-size=\"600,600\" data-comments-opened=\"0\" data-image-meta=\"{&quot;aperture&quot;:&quot;0&quot;,&quot;credit&quot;:&quot;&quot;,&quot;camera&quot;:&quot;&quot;,&quot;caption&quot;:&quot;&quot;,&quot;created_timestamp&quot;:&quot;0&quot;,&quot;copyright&quot;:&quot;&quot;,&quot;focal_length&quot;:&quot;0&quot;,&quot;iso&quot;:&quot;0&quot;,&quot;shutter_speed&quot;:&quot;0&quot;,&quot;title&quot;:&quot;&quot;,&quot;orientation&quot;:&quot;1&quot;}\" data-image-title=\"crea4\" data-image-description=\"\" data-image-caption=\"\" data-medium-file=\"https:\/\/i0.wp.com\/www.tvuai.com.br\/portal\/wp-content\/uploads\/2022\/03\/crea4.jpg?fit=300%2C300&amp;ssl=1\" data-large-file=\"https:\/\/i0.wp.com\/www.tvuai.com.br\/portal\/wp-content\/uploads\/2022\/03\/crea4.jpg?fit=600%2C600&amp;ssl=1\" tabindex=\"0\" role=\"button\" class=\"aligncenter size-full wp-image-3574\" src=\"https:\/\/i0.wp.com\/www.tvuai.com.br\/portal\/wp-content\/uploads\/2022\/03\/crea4.jpg?resize=600%2C600&#038;ssl=1\" alt=\"\" width=\"600\" height=\"600\" srcset=\"https:\/\/i0.wp.com\/www.tvuai.com.br\/portal\/wp-content\/uploads\/2022\/03\/crea4.jpg?w=600&amp;ssl=1 600w, https:\/\/i0.wp.com\/www.tvuai.com.br\/portal\/wp-content\/uploads\/2022\/03\/crea4.jpg?resize=300%2C300&amp;ssl=1 300w, https:\/\/i0.wp.com\/www.tvuai.com.br\/portal\/wp-content\/uploads\/2022\/03\/crea4.jpg?resize=150%2C150&amp;ssl=1 150w, https:\/\/i0.wp.com\/www.tvuai.com.br\/portal\/wp-content\/uploads\/2022\/03\/crea4.jpg?resize=45%2C45&amp;ssl=1 45w, https:\/\/i0.wp.com\/www.tvuai.com.br\/portal\/wp-content\/uploads\/2022\/03\/crea4.jpg?resize=100%2C100&amp;ssl=1 100w\" sizes=\"(max-width: 600px) 100vw, 600px\" \/> <img data-recalc-dims=\"1\" loading=\"lazy\" decoding=\"async\" data-attachment-id=\"3575\" data-permalink=\"https:\/\/www.tvuai.com.br\/portal\/falta-de-responsavel-tecnico-e-principal-irregularidade-encontrada-pelo-crea-mg-em-pouso-alegre\/crea5\/\" data-orig-file=\"https:\/\/i0.wp.com\/www.tvuai.com.br\/portal\/wp-content\/uploads\/2022\/03\/crea5.jpg?fit=600%2C600&amp;ssl=1\" data-orig-size=\"600,600\" data-comments-opened=\"0\" data-image-meta=\"{&quot;aperture&quot;:&quot;0&quot;,&quot;credit&quot;:&quot;&quot;,&quot;camera&quot;:&quot;&quot;,&quot;caption&quot;:&quot;&quot;,&quot;created_timestamp&quot;:&quot;0&quot;,&quot;copyright&quot;:&quot;&quot;,&quot;focal_length&quot;:&quot;0&quot;,&quot;iso&quot;:&quot;0&quot;,&quot;shutter_speed&quot;:&quot;0&quot;,&quot;title&quot;:&quot;&quot;,&quot;orientation&quot;:&quot;1&quot;}\" data-image-title=\"crea5\" data-image-description=\"\" data-image-caption=\"\" data-medium-file=\"https:\/\/i0.wp.com\/www.tvuai.com.br\/portal\/wp-content\/uploads\/2022\/03\/crea5.jpg?fit=300%2C300&amp;ssl=1\" data-large-file=\"https:\/\/i0.wp.com\/www.tvuai.com.br\/portal\/wp-content\/uploads\/2022\/03\/crea5.jpg?fit=600%2C600&amp;ssl=1\" tabindex=\"0\" role=\"button\" class=\"aligncenter size-full wp-image-3575\" src=\"https:\/\/i0.wp.com\/www.tvuai.com.br\/portal\/wp-content\/uploads\/2022\/03\/crea5.jpg?resize=600%2C600&#038;ssl=1\" alt=\"\" width=\"600\" height=\"600\" srcset=\"https:\/\/i0.wp.com\/www.tvuai.com.br\/portal\/wp-content\/uploads\/2022\/03\/crea5.jpg?w=600&amp;ssl=1 600w, https:\/\/i0.wp.com\/www.tvuai.com.br\/portal\/wp-content\/uploads\/2022\/03\/crea5.jpg?resize=300%2C300&amp;ssl=1 300w, https:\/\/i0.wp.com\/www.tvuai.com.br\/portal\/wp-content\/uploads\/2022\/03\/crea5.jpg?resize=150%2C150&amp;ssl=1 150w, https:\/\/i0.wp.com\/www.tvuai.com.br\/portal\/wp-content\/uploads\/2022\/03\/crea5.jpg?resize=45%2C45&amp;ssl=1 45w, https:\/\/i0.wp.com\/www.tvuai.com.br\/portal\/wp-content\/uploads\/2022\/03\/crea5.jpg?resize=100%2C100&amp;ssl=1 100w\" sizes=\"(max-width: 600px) 100vw, 600px\" \/><img data-recalc-dims=\"1\" loading=\"lazy\" decoding=\"async\" data-attachment-id=\"3576\" data-permalink=\"https:\/\/www.tvuai.com.br\/portal\/falta-de-responsavel-tecnico-e-principal-irregularidade-encontrada-pelo-crea-mg-em-pouso-alegre\/crea6\/\" data-orig-file=\"https:\/\/i0.wp.com\/www.tvuai.com.br\/portal\/wp-content\/uploads\/2022\/03\/crea6.jpg?fit=600%2C600&amp;ssl=1\" data-orig-size=\"600,600\" data-comments-opened=\"0\" data-image-meta=\"{&quot;aperture&quot;:&quot;0&quot;,&quot;credit&quot;:&quot;&quot;,&quot;camera&quot;:&quot;&quot;,&quot;caption&quot;:&quot;&quot;,&quot;created_timestamp&quot;:&quot;0&quot;,&quot;copyright&quot;:&quot;&quot;,&quot;focal_length&quot;:&quot;0&quot;,&quot;iso&quot;:&quot;0&quot;,&quot;shutter_speed&quot;:&quot;0&quot;,&quot;title&quot;:&quot;&quot;,&quot;orientation&quot;:&quot;1&quot;}\" data-image-title=\"crea6\" data-image-description=\"\" data-image-caption=\"\" data-medium-file=\"https:\/\/i0.wp.com\/www.tvuai.com.br\/portal\/wp-content\/uploads\/2022\/03\/crea6.jpg?fit=300%2C300&amp;ssl=1\" data-large-file=\"https:\/\/i0.wp.com\/www.tvuai.com.br\/portal\/wp-content\/uploads\/2022\/03\/crea6.jpg?fit=600%2C600&amp;ssl=1\" tabindex=\"0\" role=\"button\" class=\"aligncenter size-full wp-image-3576\" src=\"https:\/\/i0.wp.com\/www.tvuai.com.br\/portal\/wp-content\/uploads\/2022\/03\/crea6.jpg?resize=600%2C600&#038;ssl=1\" alt=\"\" width=\"600\" height=\"600\" srcset=\"https:\/\/i0.wp.com\/www.tvuai.com.br\/portal\/wp-content\/uploads\/2022\/03\/crea6.jpg?w=600&amp;ssl=1 600w, https:\/\/i0.wp.com\/www.tvuai.com.br\/portal\/wp-content\/uploads\/2022\/03\/crea6.jpg?resize=300%2C300&amp;ssl=1 300w, https:\/\/i0.wp.com\/www.tvuai.com.br\/portal\/wp-content\/uploads\/2022\/03\/crea6.jpg?resize=150%2C150&amp;ssl=1 150w, https:\/\/i0.wp.com\/www.tvuai.com.br\/portal\/wp-content\/uploads\/2022\/03\/crea6.jpg?resize=45%2C45&amp;ssl=1 45w, https:\/\/i0.wp.com\/www.tvuai.com.br\/portal\/wp-content\/uploads\/2022\/03\/crea6.jpg?resize=100%2C100&amp;ssl=1 100w\" sizes=\"(max-width: 600px) 100vw, 600px\" \/><\/p>\n\n<div style=\"font-size: 0px; height: 0px; line-height: 0px; margin: 0; padding: 0; clear: both;\"><\/div><div class='share-to-whatsapp-wrapper'><div class='share-on-whsp'>Share on: <\/div><a data-text='Falta de respons\u00e1vel t\u00e9cnico \u00e9 principal irregularidade encontrada pelo Crea-MG em Pouso Alegre' data-link='https:\/\/www.tvuai.com.br\/portal\/falta-de-responsavel-tecnico-e-principal-irregularidade-encontrada-pelo-crea-mg-em-pouso-alegre\/' class='whatsapp-button whatsapp-share'>WhatsApp<\/a><div class='clear '><\/div><\/div><!-- AddThis Advanced Settings generic via filter on the_content --><!-- AddThis Share Buttons generic via filter on the_content -->","protected":false},"excerpt":{"rendered":"<p>Balan\u00e7o da fiscaliza\u00e7\u00e3o &#8211; em 2.021 &#8211; mostrou que em Pouso Alegre foram realizadas 1.608 a\u00e7\u00f5es, com a expedi\u00e7\u00e3o de 927 autos de infra\u00e7\u00e3o No \u00faltimo ano, a fiscaliza\u00e7\u00e3o do o Conselho Regional de Engenharia e Agronomia de Minas Gerais (Crea-MG) contabilizou 52.165 a\u00e7\u00f5es em todo o estado, que resultaram em 27.608 autos de infra\u00e7\u00e3o. [&hellip;]<!-- AddThis Advanced Settings generic via filter on get_the_excerpt --><!-- AddThis Share Buttons generic via filter on get_the_excerpt --><\/p>\n","protected":false},"author":2,"featured_media":3570,"comment_status":"closed","ping_status":"closed","sticky":false,"template":"","format":"standard","meta":{"jetpack_post_was_ever_published":false,"_jetpack_newsletter_access":"","_jetpack_dont_email_post_to_subs":false,"_jetpack_newsletter_tier_id":0,"_jetpack_memberships_contains_paywalled_content":false,"_jetpack_memberships_contains_paid_content":false,"_joinchat":[],"footnotes":"","jetpack_publicize_message":"","jetpack_publicize_feature_enabled":true,"jetpack_social_post_already_shared":true,"jetpack_social_options":{"image_generator_settings":{"template":"highway","enabled":false},"version":2}},"categories":[19],"tags":[711,709,710,147,708,37,39,27],"class_list":["post-3567","post","type-post","status-publish","format-standard","has-post-thumbnail","hentry","category-noticias","tag-conselho-regional-de-engenharia-e-agronomia-de-minas-gerais","tag-crea-mg-em-pouso-alegre","tag-engenheiro-civil-eduardo-ribeiro","tag-fiscalizacao-creamg","tag-iane-chaves","tag-pouso-alegre","tag-sul-de-minas","tag-tv-uai"],"jetpack_publicize_connections":[],"yoast_head":"<!-- This site is optimized with the Yoast SEO plugin v23.5 - https:\/\/yoast.com\/wordpress\/plugins\/seo\/ -->\n<title>Falta de respons\u00e1vel t\u00e9cnico \u00e9 principal irregularidade encontrada pelo Crea-MG em Pouso Alegre - TVUAI<\/title>\n<meta name=\"robots\" content=\"index, follow, max-snippet:-1, max-image-preview:large, max-video-preview:-1\" \/>\n<link rel=\"canonical\" href=\"https:\/\/www.tvuai.com.br\/portal\/falta-de-responsavel-tecnico-e-principal-irregularidade-encontrada-pelo-crea-mg-em-pouso-alegre\/\" \/>\n<meta property=\"og:locale\" content=\"pt_BR\" \/>\n<meta property=\"og:type\" content=\"article\" \/>\n<meta property=\"og:title\" content=\"Falta de respons\u00e1vel t\u00e9cnico \u00e9 principal irregularidade encontrada pelo Crea-MG em Pouso Alegre - TVUAI\" \/>\n<meta property=\"og:description\" content=\"Balan\u00e7o da fiscaliza\u00e7\u00e3o &#8211; em 2.021 &#8211; mostrou que em Pouso Alegre foram realizadas 1.608 a\u00e7\u00f5es, com a expedi\u00e7\u00e3o de 927 autos de infra\u00e7\u00e3o No \u00faltimo ano, a fiscaliza\u00e7\u00e3o do o Conselho Regional de Engenharia e Agronomia de Minas Gerais (Crea-MG) contabilizou 52.165 a\u00e7\u00f5es em todo o estado, que resultaram em 27.608 autos de infra\u00e7\u00e3o. [&hellip;]\" \/>\n<meta property=\"og:url\" content=\"https:\/\/www.tvuai.com.br\/portal\/falta-de-responsavel-tecnico-e-principal-irregularidade-encontrada-pelo-crea-mg-em-pouso-alegre\/\" \/>\n<meta property=\"og:site_name\" content=\"TVUAI\" \/>\n<meta property=\"article:publisher\" content=\"http:\/\/www.facebook.com\/pages\/TV-Uai-Comunica%c3%a7%c3%a3o\/139062546157369\" \/>\n<meta property=\"article:author\" content=\"https:\/\/www.facebook.com\/tvuai\/\" \/>\n<meta property=\"article:published_time\" content=\"2022-03-23T22:54:00+00:00\" \/>\n<meta property=\"article:modified_time\" content=\"2022-03-25T13:39:29+00:00\" \/>\n<meta property=\"og:image\" content=\"https:\/\/i0.wp.com\/www.tvuai.com.br\/portal\/wp-content\/uploads\/2022\/03\/crea0.jpg?fit=200%2C200&ssl=1\" \/>\n\t<meta property=\"og:image:width\" content=\"200\" \/>\n\t<meta property=\"og:image:height\" content=\"200\" \/>\n\t<meta property=\"og:image:type\" content=\"image\/jpeg\" \/>\n<meta name=\"author\" content=\"Rosy Pantale\u00e3o\" \/>\n<meta name=\"twitter:card\" content=\"summary_large_image\" \/>\n<meta name=\"twitter:creator\" content=\"@tvuai\" \/>\n<meta name=\"twitter:site\" content=\"@tvuai\" \/>\n<meta name=\"twitter:label1\" content=\"Escrito por\" \/>\n\t<meta name=\"twitter:data1\" content=\"Rosy Pantale\u00e3o\" \/>\n\t<meta name=\"twitter:label2\" content=\"Est. tempo de leitura\" \/>\n\t<meta name=\"twitter:data2\" content=\"3 minutos\" \/>\n<script type=\"application\/ld+json\" class=\"yoast-schema-graph\">{\"@context\":\"https:\/\/schema.org\",\"@graph\":[{\"@type\":\"Article\",\"@id\":\"https:\/\/www.tvuai.com.br\/portal\/falta-de-responsavel-tecnico-e-principal-irregularidade-encontrada-pelo-crea-mg-em-pouso-alegre\/#article\",\"isPartOf\":{\"@id\":\"https:\/\/www.tvuai.com.br\/portal\/falta-de-responsavel-tecnico-e-principal-irregularidade-encontrada-pelo-crea-mg-em-pouso-alegre\/\"},\"author\":{\"name\":\"Rosy Pantale\u00e3o\",\"@id\":\"https:\/\/www.tvuai.com.br\/portal\/#\/schema\/person\/d1c5c2b1dc1e658906286802aad38555\"},\"headline\":\"Falta de respons\u00e1vel t\u00e9cnico \u00e9 principal irregularidade encontrada pelo Crea-MG em Pouso Alegre\",\"datePublished\":\"2022-03-23T22:54:00+00:00\",\"dateModified\":\"2022-03-25T13:39:29+00:00\",\"mainEntityOfPage\":{\"@id\":\"https:\/\/www.tvuai.com.br\/portal\/falta-de-responsavel-tecnico-e-principal-irregularidade-encontrada-pelo-crea-mg-em-pouso-alegre\/\"},\"wordCount\":559,\"publisher\":{\"@id\":\"https:\/\/www.tvuai.com.br\/portal\/#organization\"},\"image\":{\"@id\":\"https:\/\/www.tvuai.com.br\/portal\/falta-de-responsavel-tecnico-e-principal-irregularidade-encontrada-pelo-crea-mg-em-pouso-alegre\/#primaryimage\"},\"thumbnailUrl\":\"https:\/\/i0.wp.com\/www.tvuai.com.br\/portal\/wp-content\/uploads\/2022\/03\/crea0.jpg?fit=200%2C200&ssl=1\",\"keywords\":[\"Conselho Regional de Engenharia e Agronomia de Minas Gerais\",\"Crea-MG em Pouso Alegre\",\"engenheiro civil Eduardo Ribeiro\",\"fiscaliza\u00e7\u00e3o CREAMG\",\"Iane Chaves\",\"Pouso Alegre\",\"Sul de Minas\",\"TV Uai\"],\"articleSection\":[\"Not\u00edcias\"],\"inLanguage\":\"pt-BR\"},{\"@type\":\"WebPage\",\"@id\":\"https:\/\/www.tvuai.com.br\/portal\/falta-de-responsavel-tecnico-e-principal-irregularidade-encontrada-pelo-crea-mg-em-pouso-alegre\/\",\"url\":\"https:\/\/www.tvuai.com.br\/portal\/falta-de-responsavel-tecnico-e-principal-irregularidade-encontrada-pelo-crea-mg-em-pouso-alegre\/\",\"name\":\"Falta de respons\u00e1vel t\u00e9cnico \u00e9 principal irregularidade encontrada pelo Crea-MG em Pouso Alegre - TVUAI\",\"isPartOf\":{\"@id\":\"https:\/\/www.tvuai.com.br\/portal\/#website\"},\"primaryImageOfPage\":{\"@id\":\"https:\/\/www.tvuai.com.br\/portal\/falta-de-responsavel-tecnico-e-principal-irregularidade-encontrada-pelo-crea-mg-em-pouso-alegre\/#primaryimage\"},\"image\":{\"@id\":\"https:\/\/www.tvuai.com.br\/portal\/falta-de-responsavel-tecnico-e-principal-irregularidade-encontrada-pelo-crea-mg-em-pouso-alegre\/#primaryimage\"},\"thumbnailUrl\":\"https:\/\/i0.wp.com\/www.tvuai.com.br\/portal\/wp-content\/uploads\/2022\/03\/crea0.jpg?fit=200%2C200&ssl=1\",\"datePublished\":\"2022-03-23T22:54:00+00:00\",\"dateModified\":\"2022-03-25T13:39:29+00:00\",\"breadcrumb\":{\"@id\":\"https:\/\/www.tvuai.com.br\/portal\/falta-de-responsavel-tecnico-e-principal-irregularidade-encontrada-pelo-crea-mg-em-pouso-alegre\/#breadcrumb\"},\"inLanguage\":\"pt-BR\",\"potentialAction\":[{\"@type\":\"ReadAction\",\"target\":[\"https:\/\/www.tvuai.com.br\/portal\/falta-de-responsavel-tecnico-e-principal-irregularidade-encontrada-pelo-crea-mg-em-pouso-alegre\/\"]}]},{\"@type\":\"ImageObject\",\"inLanguage\":\"pt-BR\",\"@id\":\"https:\/\/www.tvuai.com.br\/portal\/falta-de-responsavel-tecnico-e-principal-irregularidade-encontrada-pelo-crea-mg-em-pouso-alegre\/#primaryimage\",\"url\":\"https:\/\/i0.wp.com\/www.tvuai.com.br\/portal\/wp-content\/uploads\/2022\/03\/crea0.jpg?fit=200%2C200&ssl=1\",\"contentUrl\":\"https:\/\/i0.wp.com\/www.tvuai.com.br\/portal\/wp-content\/uploads\/2022\/03\/crea0.jpg?fit=200%2C200&ssl=1\",\"width\":200,\"height\":200},{\"@type\":\"BreadcrumbList\",\"@id\":\"https:\/\/www.tvuai.com.br\/portal\/falta-de-responsavel-tecnico-e-principal-irregularidade-encontrada-pelo-crea-mg-em-pouso-alegre\/#breadcrumb\",\"itemListElement\":[{\"@type\":\"ListItem\",\"position\":1,\"name\":\"In\u00edcio\",\"item\":\"https:\/\/www.tvuai.com.br\/portal\/\"},{\"@type\":\"ListItem\",\"position\":2,\"name\":\"Falta de respons\u00e1vel t\u00e9cnico \u00e9 principal irregularidade encontrada pelo Crea-MG em Pouso Alegre\"}]},{\"@type\":\"WebSite\",\"@id\":\"https:\/\/www.tvuai.com.br\/portal\/#website\",\"url\":\"https:\/\/www.tvuai.com.br\/portal\/\",\"name\":\"TVUAI\",\"description\":\"Tudo sobre o Sul de Minas\",\"publisher\":{\"@id\":\"https:\/\/www.tvuai.com.br\/portal\/#organization\"},\"potentialAction\":[{\"@type\":\"SearchAction\",\"target\":{\"@type\":\"EntryPoint\",\"urlTemplate\":\"https:\/\/www.tvuai.com.br\/portal\/?s={search_term_string}\"},\"query-input\":{\"@type\":\"PropertyValueSpecification\",\"valueRequired\":true,\"valueName\":\"search_term_string\"}}],\"inLanguage\":\"pt-BR\"},{\"@type\":\"Organization\",\"@id\":\"https:\/\/www.tvuai.com.br\/portal\/#organization\",\"name\":\"TVUAI\",\"url\":\"https:\/\/www.tvuai.com.br\/portal\/\",\"logo\":{\"@type\":\"ImageObject\",\"inLanguage\":\"pt-BR\",\"@id\":\"https:\/\/www.tvuai.com.br\/portal\/#\/schema\/logo\/image\/\",\"url\":\"https:\/\/i0.wp.com\/www.tvuai.com.br\/portal\/wp-content\/uploads\/2017\/12\/logo_tvuai_100H.png?fit=207%2C100&ssl=1\",\"contentUrl\":\"https:\/\/i0.wp.com\/www.tvuai.com.br\/portal\/wp-content\/uploads\/2017\/12\/logo_tvuai_100H.png?fit=207%2C100&ssl=1\",\"width\":207,\"height\":100,\"caption\":\"TVUAI\"},\"image\":{\"@id\":\"https:\/\/www.tvuai.com.br\/portal\/#\/schema\/logo\/image\/\"},\"sameAs\":[\"http:\/\/www.facebook.com\/pages\/TV-Uai-Comunica\u00e7\u00e3o\/139062546157369\",\"https:\/\/x.com\/tvuai\",\"https:\/\/www.instagram.com\/tvuai_network\/\",\"https:\/\/www.youtube.com\/channel\/UCB7ZPB3wRv-OpoZ_09jmnkQ\"]},{\"@type\":\"Person\",\"@id\":\"https:\/\/www.tvuai.com.br\/portal\/#\/schema\/person\/d1c5c2b1dc1e658906286802aad38555\",\"name\":\"Rosy Pantale\u00e3o\",\"sameAs\":[\"https:\/\/www.tvuai.com.br\/portal\/\",\"https:\/\/www.facebook.com\/tvuai\/\",\"https:\/\/www.instagram.com\/tvuai\",\"https:\/\/x.com\/tvuai\",\"https:\/\/www.youtube.com\/channel\/UCB7ZPB3wRv-OpoZ_09jmnkQ\",\"tvuai\"],\"url\":\"https:\/\/www.tvuai.com.br\/portal\/author\/rosy\/\"}]}<\/script>\n<!-- \/ Yoast SEO plugin. -->","yoast_head_json":{"title":"Falta de respons\u00e1vel t\u00e9cnico \u00e9 principal irregularidade encontrada pelo Crea-MG em Pouso Alegre - TVUAI","robots":{"index":"index","follow":"follow","max-snippet":"max-snippet:-1","max-image-preview":"max-image-preview:large","max-video-preview":"max-video-preview:-1"},"canonical":"https:\/\/www.tvuai.com.br\/portal\/falta-de-responsavel-tecnico-e-principal-irregularidade-encontrada-pelo-crea-mg-em-pouso-alegre\/","og_locale":"pt_BR","og_type":"article","og_title":"Falta de respons\u00e1vel t\u00e9cnico \u00e9 principal irregularidade encontrada pelo Crea-MG em Pouso Alegre - TVUAI","og_description":"Balan\u00e7o da fiscaliza\u00e7\u00e3o &#8211; em 2.021 &#8211; mostrou que em Pouso Alegre foram realizadas 1.608 a\u00e7\u00f5es, com a expedi\u00e7\u00e3o de 927 autos de infra\u00e7\u00e3o No \u00faltimo ano, a fiscaliza\u00e7\u00e3o do o Conselho Regional de Engenharia e Agronomia de Minas Gerais (Crea-MG) contabilizou 52.165 a\u00e7\u00f5es em todo o estado, que resultaram em 27.608 autos de infra\u00e7\u00e3o. [&hellip;]","og_url":"https:\/\/www.tvuai.com.br\/portal\/falta-de-responsavel-tecnico-e-principal-irregularidade-encontrada-pelo-crea-mg-em-pouso-alegre\/","og_site_name":"TVUAI","article_publisher":"http:\/\/www.facebook.com\/pages\/TV-Uai-Comunica%c3%a7%c3%a3o\/139062546157369","article_author":"https:\/\/www.facebook.com\/tvuai\/","article_published_time":"2022-03-23T22:54:00+00:00","article_modified_time":"2022-03-25T13:39:29+00:00","og_image":[{"width":200,"height":200,"url":"https:\/\/i0.wp.com\/www.tvuai.com.br\/portal\/wp-content\/uploads\/2022\/03\/crea0.jpg?fit=200%2C200&ssl=1","type":"image\/jpeg"}],"author":"Rosy Pantale\u00e3o","twitter_card":"summary_large_image","twitter_creator":"@tvuai","twitter_site":"@tvuai","twitter_misc":{"Escrito por":"Rosy Pantale\u00e3o","Est. tempo de leitura":"3 minutos"},"schema":{"@context":"https:\/\/schema.org","@graph":[{"@type":"Article","@id":"https:\/\/www.tvuai.com.br\/portal\/falta-de-responsavel-tecnico-e-principal-irregularidade-encontrada-pelo-crea-mg-em-pouso-alegre\/#article","isPartOf":{"@id":"https:\/\/www.tvuai.com.br\/portal\/falta-de-responsavel-tecnico-e-principal-irregularidade-encontrada-pelo-crea-mg-em-pouso-alegre\/"},"author":{"name":"Rosy Pantale\u00e3o","@id":"https:\/\/www.tvuai.com.br\/portal\/#\/schema\/person\/d1c5c2b1dc1e658906286802aad38555"},"headline":"Falta de respons\u00e1vel t\u00e9cnico \u00e9 principal irregularidade encontrada pelo Crea-MG em Pouso Alegre","datePublished":"2022-03-23T22:54:00+00:00","dateModified":"2022-03-25T13:39:29+00:00","mainEntityOfPage":{"@id":"https:\/\/www.tvuai.com.br\/portal\/falta-de-responsavel-tecnico-e-principal-irregularidade-encontrada-pelo-crea-mg-em-pouso-alegre\/"},"wordCount":559,"publisher":{"@id":"https:\/\/www.tvuai.com.br\/portal\/#organization"},"image":{"@id":"https:\/\/www.tvuai.com.br\/portal\/falta-de-responsavel-tecnico-e-principal-irregularidade-encontrada-pelo-crea-mg-em-pouso-alegre\/#primaryimage"},"thumbnailUrl":"https:\/\/i0.wp.com\/www.tvuai.com.br\/portal\/wp-content\/uploads\/2022\/03\/crea0.jpg?fit=200%2C200&ssl=1","keywords":["Conselho Regional de Engenharia e Agronomia de Minas Gerais","Crea-MG em Pouso Alegre","engenheiro civil Eduardo Ribeiro","fiscaliza\u00e7\u00e3o CREAMG","Iane Chaves","Pouso Alegre","Sul de Minas","TV Uai"],"articleSection":["Not\u00edcias"],"inLanguage":"pt-BR"},{"@type":"WebPage","@id":"https:\/\/www.tvuai.com.br\/portal\/falta-de-responsavel-tecnico-e-principal-irregularidade-encontrada-pelo-crea-mg-em-pouso-alegre\/","url":"https:\/\/www.tvuai.com.br\/portal\/falta-de-responsavel-tecnico-e-principal-irregularidade-encontrada-pelo-crea-mg-em-pouso-alegre\/","name":"Falta de respons\u00e1vel t\u00e9cnico \u00e9 principal irregularidade encontrada pelo Crea-MG em Pouso Alegre - TVUAI","isPartOf":{"@id":"https:\/\/www.tvuai.com.br\/portal\/#website"},"primaryImageOfPage":{"@id":"https:\/\/www.tvuai.com.br\/portal\/falta-de-responsavel-tecnico-e-principal-irregularidade-encontrada-pelo-crea-mg-em-pouso-alegre\/#primaryimage"},"image":{"@id":"https:\/\/www.tvuai.com.br\/portal\/falta-de-responsavel-tecnico-e-principal-irregularidade-encontrada-pelo-crea-mg-em-pouso-alegre\/#primaryimage"},"thumbnailUrl":"https:\/\/i0.wp.com\/www.tvuai.com.br\/portal\/wp-content\/uploads\/2022\/03\/crea0.jpg?fit=200%2C200&ssl=1","datePublished":"2022-03-23T22:54:00+00:00","dateModified":"2022-03-25T13:39:29+00:00","breadcrumb":{"@id":"https:\/\/www.tvuai.com.br\/portal\/falta-de-responsavel-tecnico-e-principal-irregularidade-encontrada-pelo-crea-mg-em-pouso-alegre\/#breadcrumb"},"inLanguage":"pt-BR","potentialAction":[{"@type":"ReadAction","target":["https:\/\/www.tvuai.com.br\/portal\/falta-de-responsavel-tecnico-e-principal-irregularidade-encontrada-pelo-crea-mg-em-pouso-alegre\/"]}]},{"@type":"ImageObject","inLanguage":"pt-BR","@id":"https:\/\/www.tvuai.com.br\/portal\/falta-de-responsavel-tecnico-e-principal-irregularidade-encontrada-pelo-crea-mg-em-pouso-alegre\/#primaryimage","url":"https:\/\/i0.wp.com\/www.tvuai.com.br\/portal\/wp-content\/uploads\/2022\/03\/crea0.jpg?fit=200%2C200&ssl=1","contentUrl":"https:\/\/i0.wp.com\/www.tvuai.com.br\/portal\/wp-content\/uploads\/2022\/03\/crea0.jpg?fit=200%2C200&ssl=1","width":200,"height":200},{"@type":"BreadcrumbList","@id":"https:\/\/www.tvuai.com.br\/portal\/falta-de-responsavel-tecnico-e-principal-irregularidade-encontrada-pelo-crea-mg-em-pouso-alegre\/#breadcrumb","itemListElement":[{"@type":"ListItem","position":1,"name":"In\u00edcio","item":"https:\/\/www.tvuai.com.br\/portal\/"},{"@type":"ListItem","position":2,"name":"Falta de respons\u00e1vel t\u00e9cnico \u00e9 principal irregularidade encontrada pelo Crea-MG em Pouso Alegre"}]},{"@type":"WebSite","@id":"https:\/\/www.tvuai.com.br\/portal\/#website","url":"https:\/\/www.tvuai.com.br\/portal\/","name":"TVUAI","description":"Tudo sobre o Sul de Minas","publisher":{"@id":"https:\/\/www.tvuai.com.br\/portal\/#organization"},"potentialAction":[{"@type":"SearchAction","target":{"@type":"EntryPoint","urlTemplate":"https:\/\/www.tvuai.com.br\/portal\/?s={search_term_string}"},"query-input":{"@type":"PropertyValueSpecification","valueRequired":true,"valueName":"search_term_string"}}],"inLanguage":"pt-BR"},{"@type":"Organization","@id":"https:\/\/www.tvuai.com.br\/portal\/#organization","name":"TVUAI","url":"https:\/\/www.tvuai.com.br\/portal\/","logo":{"@type":"ImageObject","inLanguage":"pt-BR","@id":"https:\/\/www.tvuai.com.br\/portal\/#\/schema\/logo\/image\/","url":"https:\/\/i0.wp.com\/www.tvuai.com.br\/portal\/wp-content\/uploads\/2017\/12\/logo_tvuai_100H.png?fit=207%2C100&ssl=1","contentUrl":"https:\/\/i0.wp.com\/www.tvuai.com.br\/portal\/wp-content\/uploads\/2017\/12\/logo_tvuai_100H.png?fit=207%2C100&ssl=1","width":207,"height":100,"caption":"TVUAI"},"image":{"@id":"https:\/\/www.tvuai.com.br\/portal\/#\/schema\/logo\/image\/"},"sameAs":["http:\/\/www.facebook.com\/pages\/TV-Uai-Comunica\u00e7\u00e3o\/139062546157369","https:\/\/x.com\/tvuai","https:\/\/www.instagram.com\/tvuai_network\/","https:\/\/www.youtube.com\/channel\/UCB7ZPB3wRv-OpoZ_09jmnkQ"]},{"@type":"Person","@id":"https:\/\/www.tvuai.com.br\/portal\/#\/schema\/person\/d1c5c2b1dc1e658906286802aad38555","name":"Rosy Pantale\u00e3o","sameAs":["https:\/\/www.tvuai.com.br\/portal\/","https:\/\/www.facebook.com\/tvuai\/","https:\/\/www.instagram.com\/tvuai","https:\/\/x.com\/tvuai","https:\/\/www.youtube.com\/channel\/UCB7ZPB3wRv-OpoZ_09jmnkQ","tvuai"],"url":"https:\/\/www.tvuai.com.br\/portal\/author\/rosy\/"}]}},"jetpack_featured_media_url":"https:\/\/i0.wp.com\/www.tvuai.com.br\/portal\/wp-content\/uploads\/2022\/03\/crea0.jpg?fit=200%2C200&ssl=1","wpmagazine_modules_lite_featured_media_urls":{"thumbnail":["https:\/\/i0.wp.com\/www.tvuai.com.br\/portal\/wp-content\/uploads\/2022\/03\/crea0.jpg?resize=150%2C150&ssl=1",150,150,true],"cvmm-medium":["https:\/\/i0.wp.com\/www.tvuai.com.br\/portal\/wp-content\/uploads\/2022\/03\/crea0.jpg?resize=200%2C200&ssl=1",200,200,true],"cvmm-medium-plus":["https:\/\/i0.wp.com\/www.tvuai.com.br\/portal\/wp-content\/uploads\/2022\/03\/crea0.jpg?resize=200%2C200&ssl=1",200,200,true],"cvmm-portrait":["https:\/\/i0.wp.com\/www.tvuai.com.br\/portal\/wp-content\/uploads\/2022\/03\/crea0.jpg?resize=200%2C200&ssl=1",200,200,true],"cvmm-medium-square":["https:\/\/i0.wp.com\/www.tvuai.com.br\/portal\/wp-content\/uploads\/2022\/03\/crea0.jpg?resize=200%2C200&ssl=1",200,200,true],"cvmm-large":["https:\/\/i0.wp.com\/www.tvuai.com.br\/portal\/wp-content\/uploads\/2022\/03\/crea0.jpg?resize=200%2C200&ssl=1",200,200,true],"cvmm-small":["https:\/\/i0.wp.com\/www.tvuai.com.br\/portal\/wp-content\/uploads\/2022\/03\/crea0.jpg?resize=130%2C95&ssl=1",130,95,true],"full":["https:\/\/i0.wp.com\/www.tvuai.com.br\/portal\/wp-content\/uploads\/2022\/03\/crea0.jpg?fit=200%2C200&ssl=1",200,200,false]},"categories_names":{"19":{"name":"Not\u00edcias","link":"https:\/\/www.tvuai.com.br\/portal\/category\/noticias\/"}},"tags_names":{"711":{"name":"Conselho Regional de Engenharia e Agronomia de Minas Gerais","link":"https:\/\/www.tvuai.com.br\/portal\/tag\/conselho-regional-de-engenharia-e-agronomia-de-minas-gerais\/"},"709":{"name":"Crea-MG em Pouso Alegre","link":"https:\/\/www.tvuai.com.br\/portal\/tag\/crea-mg-em-pouso-alegre\/"},"710":{"name":"engenheiro civil Eduardo Ribeiro","link":"https:\/\/www.tvuai.com.br\/portal\/tag\/engenheiro-civil-eduardo-ribeiro\/"},"147":{"name":"fiscaliza\u00e7\u00e3o CREAMG","link":"https:\/\/www.tvuai.com.br\/portal\/tag\/fiscalizacao-creamg\/"},"708":{"name":"Iane Chaves","link":"https:\/\/www.tvuai.com.br\/portal\/tag\/iane-chaves\/"},"37":{"name":"Pouso Alegre","link":"https:\/\/www.tvuai.com.br\/portal\/tag\/pouso-alegre\/"},"39":{"name":"Sul de Minas","link":"https:\/\/www.tvuai.com.br\/portal\/tag\/sul-de-minas\/"},"27":{"name":"TV Uai","link":"https:\/\/www.tvuai.com.br\/portal\/tag\/tv-uai\/"}},"comments_number":"0","jetpack_shortlink":"https:\/\/wp.me\/p9woix-Vx","jetpack_sharing_enabled":true,"_links":{"self":[{"href":"https:\/\/www.tvuai.com.br\/portal\/wp-json\/wp\/v2\/posts\/3567"}],"collection":[{"href":"https:\/\/www.tvuai.com.br\/portal\/wp-json\/wp\/v2\/posts"}],"about":[{"href":"https:\/\/www.tvuai.com.br\/portal\/wp-json\/wp\/v2\/types\/post"}],"author":[{"embeddable":true,"href":"https:\/\/www.tvuai.com.br\/portal\/wp-json\/wp\/v2\/users\/2"}],"replies":[{"embeddable":true,"href":"https:\/\/www.tvuai.com.br\/portal\/wp-json\/wp\/v2\/comments?post=3567"}],"version-history":[{"count":3,"href":"https:\/\/www.tvuai.com.br\/portal\/wp-json\/wp\/v2\/posts\/3567\/revisions"}],"predecessor-version":[{"id":3577,"href":"https:\/\/www.tvuai.com.br\/portal\/wp-json\/wp\/v2\/posts\/3567\/revisions\/3577"}],"wp:featuredmedia":[{"embeddable":true,"href":"https:\/\/www.tvuai.com.br\/portal\/wp-json\/wp\/v2\/media\/3570"}],"wp:attachment":[{"href":"https:\/\/www.tvuai.com.br\/portal\/wp-json\/wp\/v2\/media?parent=3567"}],"wp:term":[{"taxonomy":"category","embeddable":true,"href":"https:\/\/www.tvuai.com.br\/portal\/wp-json\/wp\/v2\/categories?post=3567"},{"taxonomy":"post_tag","embeddable":true,"href":"https:\/\/www.tvuai.com.br\/portal\/wp-json\/wp\/v2\/tags?post=3567"}],"curies":[{"name":"wp","href":"https:\/\/api.w.org\/{rel}","templated":true}]}}