{"id":3525,"date":"2022-03-18T17:04:56","date_gmt":"2022-03-18T20:04:56","guid":{"rendered":"https:\/\/www.tvuai.com.br\/portal\/?p=3525"},"modified":"2022-03-23T19:35:00","modified_gmt":"2022-03-23T22:35:00","slug":"em-pocos-de-caldas-pouso-alegre-e-varginha-receita-federal-retem-mercadorias-importadas-sem-nota-fiscal","status":"publish","type":"post","link":"https:\/\/www.tvuai.com.br\/portal\/em-pocos-de-caldas-pouso-alegre-e-varginha-receita-federal-retem-mercadorias-importadas-sem-nota-fiscal\/","title":{"rendered":"Em Po\u00e7os de Caldas, Pouso Alegre e Varginha Receita Federal ret\u00e9m mercadorias importadas sem nota fiscal"},"content":{"rendered":"<div class=\"5a1038e0903b96d426fcfcc338703013\" data-index=\"1\" style=\"float: right; margin:10px 0 10px 10px;\">\n<script async src=\"https:\/\/pagead2.googlesyndication.com\/pagead\/js\/adsbygoogle.js?client=ca-pub-9945944833605257\"\r\n     crossorigin=\"anonymous\"><\/script>\r\n<ins class=\"adsbygoogle\"\r\n     style=\"display:block; text-align:center;\"\r\n     data-ad-layout=\"in-article\"\r\n     data-ad-format=\"fluid\"\r\n     data-ad-client=\"ca-pub-9945944833605257\"\r\n     data-ad-slot=\"2343923581\"><\/ins>\r\n<script>\r\n     (adsbygoogle = window.adsbygoogle || []).push({});\r\n<\/script>\n<\/div>\n<p><img data-recalc-dims=\"1\" fetchpriority=\"high\" decoding=\"async\" data-attachment-id=\"3528\" data-permalink=\"https:\/\/www.tvuai.com.br\/portal\/em-pocos-de-caldas-pouso-alegre-e-varginha-receita-federal-retem-mercadorias-importadas-sem-nota-fiscal\/receita-mercadoria\/\" data-orig-file=\"https:\/\/i0.wp.com\/www.tvuai.com.br\/portal\/wp-content\/uploads\/2022\/03\/receita-mercadoria.jpg?fit=600%2C450&amp;ssl=1\" data-orig-size=\"600,450\" data-comments-opened=\"0\" data-image-meta=\"{&quot;aperture&quot;:&quot;0&quot;,&quot;credit&quot;:&quot;&quot;,&quot;camera&quot;:&quot;&quot;,&quot;caption&quot;:&quot;&quot;,&quot;created_timestamp&quot;:&quot;0&quot;,&quot;copyright&quot;:&quot;&quot;,&quot;focal_length&quot;:&quot;0&quot;,&quot;iso&quot;:&quot;0&quot;,&quot;shutter_speed&quot;:&quot;0&quot;,&quot;title&quot;:&quot;&quot;,&quot;orientation&quot;:&quot;1&quot;}\" data-image-title=\"receita mercadoria\" data-image-description=\"\" data-image-caption=\"\" data-medium-file=\"https:\/\/i0.wp.com\/www.tvuai.com.br\/portal\/wp-content\/uploads\/2022\/03\/receita-mercadoria.jpg?fit=300%2C225&amp;ssl=1\" data-large-file=\"https:\/\/i0.wp.com\/www.tvuai.com.br\/portal\/wp-content\/uploads\/2022\/03\/receita-mercadoria.jpg?fit=600%2C450&amp;ssl=1\" tabindex=\"0\" role=\"button\" class=\"aligncenter size-full wp-image-3528\" src=\"https:\/\/i0.wp.com\/www.tvuai.com.br\/portal\/wp-content\/uploads\/2022\/03\/receita-mercadoria.jpg?resize=600%2C450&#038;ssl=1\" alt=\"\" width=\"600\" height=\"450\" srcset=\"https:\/\/i0.wp.com\/www.tvuai.com.br\/portal\/wp-content\/uploads\/2022\/03\/receita-mercadoria.jpg?w=600&amp;ssl=1 600w, https:\/\/i0.wp.com\/www.tvuai.com.br\/portal\/wp-content\/uploads\/2022\/03\/receita-mercadoria.jpg?resize=300%2C225&amp;ssl=1 300w\" sizes=\"(max-width: 600px) 100vw, 600px\" \/>A Receita Federal realizou uma opera\u00e7\u00e3o de fiscaliza\u00e7\u00e3o nos centros de distribui\u00e7\u00e3o de plataforma de com\u00e9rcio On-line localizados em Po\u00e7os de Caldas, Pouso Alegre e Varginha nesta quinta-feira, 17 de mar\u00e7o. Foram retidos 56 volumes. Entre as mercadorias retidas estavam smartphones, drones, notebook, impressoras, entre outros aparelhos eletr\u00f4nicos. O valor das mercadorias retidas est\u00e1 estimado em 100 mil reais.<\/p>\n<p>Os produtos de origem estrangeira n\u00e3o estavam acompanhados de nota fiscal, o que configura o crime de descaminho, ou seja, n\u00e3o houve o pagamento do imposto devido pela entrada de mercadoria estrangeira no pa\u00eds.<\/p>\n<p>Com essas opera\u00e7\u00f5es, a Receita Federal evita a circula\u00e7\u00e3o de produtos potencialmente nocivos \u00e0 sa\u00fade e ao meio ambiente em territ\u00f3rio nacional. Al\u00e9m de inibir a pr\u00e1tica de crimes que geram desemprego, sonega\u00e7\u00e3o de impostos e concorr\u00eancia desleal \u00e0 ind\u00fastria e ao com\u00e9rcio.<\/p>\n<p>Os remetentes das mercadorias ser\u00e3o intimados a apresentar a documenta\u00e7\u00e3o que comprove o regular pagamento dos impostos e a origem das mercadorias. Caso n\u00e3o apresentem, ser\u00e1 dada a pena de perdimento das mercadorias. Os destinat\u00e1rios s\u00e3o avisados sobre a reten\u00e7\u00e3o das mercadorias e orientados a entrar em contato com os vendedores.<\/p>\n<p>Essa opera\u00e7\u00e3o de fiscaliza\u00e7\u00e3o \u00e9 cont\u00ednua. Sempre que h\u00e1 suspeita de importa\u00e7\u00e3o irregular, a Receita Federal comparece aos centros de distribui\u00e7\u00e3o, \u00e0s transportadoras e \u00e0s unidades dos Correios para analisar as cargas e verificar se as mercadorias de origem estrangeira est\u00e3o sendo regularmente importadas.<\/p>\n<h6 style=\"text-align: right\"><em><strong>Com informa\u00e7\u00f5es de Thaiene Riani Lencioni<\/strong><\/em><\/h6>\n\n<div style=\"font-size: 0px; height: 0px; line-height: 0px; margin: 0; padding: 0; clear: both;\"><\/div><div class='share-to-whatsapp-wrapper'><div class='share-on-whsp'>Share on: <\/div><a data-text='Em Po\u00e7os de Caldas, Pouso Alegre e Varginha Receita Federal ret\u00e9m mercadorias importadas sem nota fiscal' data-link='https:\/\/www.tvuai.com.br\/portal\/em-pocos-de-caldas-pouso-alegre-e-varginha-receita-federal-retem-mercadorias-importadas-sem-nota-fiscal\/' class='whatsapp-button whatsapp-share'>WhatsApp<\/a><div class='clear '><\/div><\/div><!-- AddThis Advanced Settings generic via filter on the_content --><!-- AddThis Share Buttons generic via filter on the_content -->","protected":false},"excerpt":{"rendered":"<p>A Receita Federal realizou uma opera\u00e7\u00e3o de fiscaliza\u00e7\u00e3o nos centros de distribui\u00e7\u00e3o de plataforma de com\u00e9rcio On-line localizados em Po\u00e7os de Caldas, Pouso Alegre e Varginha nesta quinta-feira, 17 de mar\u00e7o. Foram retidos 56 volumes. Entre as mercadorias retidas estavam smartphones, drones, notebook, impressoras, entre outros aparelhos eletr\u00f4nicos. O valor das mercadorias retidas est\u00e1 estimado [&hellip;]<!-- AddThis Advanced Settings generic via filter on get_the_excerpt --><!-- AddThis Share Buttons generic via filter on get_the_excerpt --><\/p>\n","protected":false},"author":2,"featured_media":3531,"comment_status":"closed","ping_status":"closed","sticky":false,"template":"","format":"standard","meta":{"jetpack_post_was_ever_published":false,"_jetpack_newsletter_access":"","_jetpack_dont_email_post_to_subs":false,"_jetpack_newsletter_tier_id":0,"_jetpack_memberships_contains_paywalled_content":false,"_jetpack_memberships_contains_paid_content":false,"_joinchat":[],"footnotes":"","jetpack_publicize_message":"","jetpack_publicize_feature_enabled":true,"jetpack_social_post_already_shared":true,"jetpack_social_options":{"image_generator_settings":{"template":"highway","enabled":false},"version":2}},"categories":[19],"tags":[690,691,285,692],"class_list":["post-3525","post","type-post","status-publish","format-standard","has-post-thumbnail","hentry","category-noticias","tag-fiscalizacao-nos-centros-de-distribuicao-de-plataforma-de-comercio-on-line","tag-mercadoria-apreendida-no-sul-de-minas","tag-receita-federal","tag-thaiene-riani-lencioni"],"jetpack_publicize_connections":[],"yoast_head":"<!-- This site is optimized with the Yoast SEO plugin v23.5 - https:\/\/yoast.com\/wordpress\/plugins\/seo\/ -->\n<title>Em Po\u00e7os de Caldas, Pouso Alegre e Varginha Receita Federal ret\u00e9m mercadorias importadas sem nota fiscal - TVUAI<\/title>\n<meta name=\"robots\" content=\"index, follow, max-snippet:-1, max-image-preview:large, max-video-preview:-1\" \/>\n<link rel=\"canonical\" href=\"https:\/\/www.tvuai.com.br\/portal\/em-pocos-de-caldas-pouso-alegre-e-varginha-receita-federal-retem-mercadorias-importadas-sem-nota-fiscal\/\" \/>\n<meta property=\"og:locale\" content=\"pt_BR\" \/>\n<meta property=\"og:type\" content=\"article\" \/>\n<meta property=\"og:title\" content=\"Em Po\u00e7os de Caldas, Pouso Alegre e Varginha Receita Federal ret\u00e9m mercadorias importadas sem nota fiscal - TVUAI\" \/>\n<meta property=\"og:description\" content=\"A Receita Federal realizou uma opera\u00e7\u00e3o de fiscaliza\u00e7\u00e3o nos centros de distribui\u00e7\u00e3o de plataforma de com\u00e9rcio On-line localizados em Po\u00e7os de Caldas, Pouso Alegre e Varginha nesta quinta-feira, 17 de mar\u00e7o. Foram retidos 56 volumes. Entre as mercadorias retidas estavam smartphones, drones, notebook, impressoras, entre outros aparelhos eletr\u00f4nicos. O valor das mercadorias retidas est\u00e1 estimado [&hellip;]\" \/>\n<meta property=\"og:url\" content=\"https:\/\/www.tvuai.com.br\/portal\/em-pocos-de-caldas-pouso-alegre-e-varginha-receita-federal-retem-mercadorias-importadas-sem-nota-fiscal\/\" \/>\n<meta property=\"og:site_name\" content=\"TVUAI\" \/>\n<meta property=\"article:publisher\" content=\"http:\/\/www.facebook.com\/pages\/TV-Uai-Comunica%c3%a7%c3%a3o\/139062546157369\" \/>\n<meta property=\"article:author\" content=\"https:\/\/www.facebook.com\/tvuai\/\" \/>\n<meta property=\"article:published_time\" content=\"2022-03-18T20:04:56+00:00\" \/>\n<meta property=\"article:modified_time\" content=\"2022-03-23T22:35:00+00:00\" \/>\n<meta property=\"og:image\" content=\"https:\/\/i0.wp.com\/www.tvuai.com.br\/portal\/wp-content\/uploads\/2022\/03\/receita-mercadoria0.jpg?fit=200%2C200&ssl=1\" \/>\n\t<meta property=\"og:image:width\" content=\"200\" \/>\n\t<meta property=\"og:image:height\" content=\"200\" \/>\n\t<meta property=\"og:image:type\" content=\"image\/jpeg\" \/>\n<meta name=\"author\" content=\"Rosy Pantale\u00e3o\" \/>\n<meta name=\"twitter:card\" content=\"summary_large_image\" \/>\n<meta name=\"twitter:creator\" content=\"@tvuai\" \/>\n<meta name=\"twitter:site\" content=\"@tvuai\" \/>\n<meta name=\"twitter:label1\" content=\"Escrito por\" \/>\n\t<meta name=\"twitter:data1\" content=\"Rosy Pantale\u00e3o\" \/>\n\t<meta name=\"twitter:label2\" content=\"Est. tempo de leitura\" \/>\n\t<meta name=\"twitter:data2\" content=\"1 minuto\" \/>\n<script type=\"application\/ld+json\" class=\"yoast-schema-graph\">{\"@context\":\"https:\/\/schema.org\",\"@graph\":[{\"@type\":\"Article\",\"@id\":\"https:\/\/www.tvuai.com.br\/portal\/em-pocos-de-caldas-pouso-alegre-e-varginha-receita-federal-retem-mercadorias-importadas-sem-nota-fiscal\/#article\",\"isPartOf\":{\"@id\":\"https:\/\/www.tvuai.com.br\/portal\/em-pocos-de-caldas-pouso-alegre-e-varginha-receita-federal-retem-mercadorias-importadas-sem-nota-fiscal\/\"},\"author\":{\"name\":\"Rosy Pantale\u00e3o\",\"@id\":\"https:\/\/www.tvuai.com.br\/portal\/#\/schema\/person\/d1c5c2b1dc1e658906286802aad38555\"},\"headline\":\"Em Po\u00e7os de Caldas, Pouso Alegre e Varginha Receita Federal ret\u00e9m mercadorias importadas sem nota fiscal\",\"datePublished\":\"2022-03-18T20:04:56+00:00\",\"dateModified\":\"2022-03-23T22:35:00+00:00\",\"mainEntityOfPage\":{\"@id\":\"https:\/\/www.tvuai.com.br\/portal\/em-pocos-de-caldas-pouso-alegre-e-varginha-receita-federal-retem-mercadorias-importadas-sem-nota-fiscal\/\"},\"wordCount\":282,\"publisher\":{\"@id\":\"https:\/\/www.tvuai.com.br\/portal\/#organization\"},\"image\":{\"@id\":\"https:\/\/www.tvuai.com.br\/portal\/em-pocos-de-caldas-pouso-alegre-e-varginha-receita-federal-retem-mercadorias-importadas-sem-nota-fiscal\/#primaryimage\"},\"thumbnailUrl\":\"https:\/\/i0.wp.com\/www.tvuai.com.br\/portal\/wp-content\/uploads\/2022\/03\/receita-mercadoria0.jpg?fit=200%2C200&ssl=1\",\"keywords\":[\"fiscaliza\u00e7\u00e3o nos centros de distribui\u00e7\u00e3o de plataforma de com\u00e9rcio On-line\",\"mercadoria apreendida no sul de Minas\",\"Receita Federal\",\"Thaiene Riani Lencioni\"],\"articleSection\":[\"Not\u00edcias\"],\"inLanguage\":\"pt-BR\"},{\"@type\":\"WebPage\",\"@id\":\"https:\/\/www.tvuai.com.br\/portal\/em-pocos-de-caldas-pouso-alegre-e-varginha-receita-federal-retem-mercadorias-importadas-sem-nota-fiscal\/\",\"url\":\"https:\/\/www.tvuai.com.br\/portal\/em-pocos-de-caldas-pouso-alegre-e-varginha-receita-federal-retem-mercadorias-importadas-sem-nota-fiscal\/\",\"name\":\"Em Po\u00e7os de Caldas, Pouso Alegre e Varginha Receita Federal ret\u00e9m mercadorias importadas sem nota fiscal - TVUAI\",\"isPartOf\":{\"@id\":\"https:\/\/www.tvuai.com.br\/portal\/#website\"},\"primaryImageOfPage\":{\"@id\":\"https:\/\/www.tvuai.com.br\/portal\/em-pocos-de-caldas-pouso-alegre-e-varginha-receita-federal-retem-mercadorias-importadas-sem-nota-fiscal\/#primaryimage\"},\"image\":{\"@id\":\"https:\/\/www.tvuai.com.br\/portal\/em-pocos-de-caldas-pouso-alegre-e-varginha-receita-federal-retem-mercadorias-importadas-sem-nota-fiscal\/#primaryimage\"},\"thumbnailUrl\":\"https:\/\/i0.wp.com\/www.tvuai.com.br\/portal\/wp-content\/uploads\/2022\/03\/receita-mercadoria0.jpg?fit=200%2C200&ssl=1\",\"datePublished\":\"2022-03-18T20:04:56+00:00\",\"dateModified\":\"2022-03-23T22:35:00+00:00\",\"breadcrumb\":{\"@id\":\"https:\/\/www.tvuai.com.br\/portal\/em-pocos-de-caldas-pouso-alegre-e-varginha-receita-federal-retem-mercadorias-importadas-sem-nota-fiscal\/#breadcrumb\"},\"inLanguage\":\"pt-BR\",\"potentialAction\":[{\"@type\":\"ReadAction\",\"target\":[\"https:\/\/www.tvuai.com.br\/portal\/em-pocos-de-caldas-pouso-alegre-e-varginha-receita-federal-retem-mercadorias-importadas-sem-nota-fiscal\/\"]}]},{\"@type\":\"ImageObject\",\"inLanguage\":\"pt-BR\",\"@id\":\"https:\/\/www.tvuai.com.br\/portal\/em-pocos-de-caldas-pouso-alegre-e-varginha-receita-federal-retem-mercadorias-importadas-sem-nota-fiscal\/#primaryimage\",\"url\":\"https:\/\/i0.wp.com\/www.tvuai.com.br\/portal\/wp-content\/uploads\/2022\/03\/receita-mercadoria0.jpg?fit=200%2C200&ssl=1\",\"contentUrl\":\"https:\/\/i0.wp.com\/www.tvuai.com.br\/portal\/wp-content\/uploads\/2022\/03\/receita-mercadoria0.jpg?fit=200%2C200&ssl=1\",\"width\":200,\"height\":200},{\"@type\":\"BreadcrumbList\",\"@id\":\"https:\/\/www.tvuai.com.br\/portal\/em-pocos-de-caldas-pouso-alegre-e-varginha-receita-federal-retem-mercadorias-importadas-sem-nota-fiscal\/#breadcrumb\",\"itemListElement\":[{\"@type\":\"ListItem\",\"position\":1,\"name\":\"In\u00edcio\",\"item\":\"https:\/\/www.tvuai.com.br\/portal\/\"},{\"@type\":\"ListItem\",\"position\":2,\"name\":\"Em Po\u00e7os de Caldas, Pouso Alegre e Varginha Receita Federal ret\u00e9m mercadorias importadas sem nota fiscal\"}]},{\"@type\":\"WebSite\",\"@id\":\"https:\/\/www.tvuai.com.br\/portal\/#website\",\"url\":\"https:\/\/www.tvuai.com.br\/portal\/\",\"name\":\"TVUAI\",\"description\":\"Tudo sobre o Sul de Minas\",\"publisher\":{\"@id\":\"https:\/\/www.tvuai.com.br\/portal\/#organization\"},\"potentialAction\":[{\"@type\":\"SearchAction\",\"target\":{\"@type\":\"EntryPoint\",\"urlTemplate\":\"https:\/\/www.tvuai.com.br\/portal\/?s={search_term_string}\"},\"query-input\":{\"@type\":\"PropertyValueSpecification\",\"valueRequired\":true,\"valueName\":\"search_term_string\"}}],\"inLanguage\":\"pt-BR\"},{\"@type\":\"Organization\",\"@id\":\"https:\/\/www.tvuai.com.br\/portal\/#organization\",\"name\":\"TVUAI\",\"url\":\"https:\/\/www.tvuai.com.br\/portal\/\",\"logo\":{\"@type\":\"ImageObject\",\"inLanguage\":\"pt-BR\",\"@id\":\"https:\/\/www.tvuai.com.br\/portal\/#\/schema\/logo\/image\/\",\"url\":\"https:\/\/i0.wp.com\/www.tvuai.com.br\/portal\/wp-content\/uploads\/2017\/12\/logo_tvuai_100H.png?fit=207%2C100&ssl=1\",\"contentUrl\":\"https:\/\/i0.wp.com\/www.tvuai.com.br\/portal\/wp-content\/uploads\/2017\/12\/logo_tvuai_100H.png?fit=207%2C100&ssl=1\",\"width\":207,\"height\":100,\"caption\":\"TVUAI\"},\"image\":{\"@id\":\"https:\/\/www.tvuai.com.br\/portal\/#\/schema\/logo\/image\/\"},\"sameAs\":[\"http:\/\/www.facebook.com\/pages\/TV-Uai-Comunica\u00e7\u00e3o\/139062546157369\",\"https:\/\/x.com\/tvuai\",\"https:\/\/www.instagram.com\/tvuai_network\/\",\"https:\/\/www.youtube.com\/channel\/UCB7ZPB3wRv-OpoZ_09jmnkQ\"]},{\"@type\":\"Person\",\"@id\":\"https:\/\/www.tvuai.com.br\/portal\/#\/schema\/person\/d1c5c2b1dc1e658906286802aad38555\",\"name\":\"Rosy Pantale\u00e3o\",\"sameAs\":[\"https:\/\/www.tvuai.com.br\/portal\/\",\"https:\/\/www.facebook.com\/tvuai\/\",\"https:\/\/www.instagram.com\/tvuai\",\"https:\/\/x.com\/tvuai\",\"https:\/\/www.youtube.com\/channel\/UCB7ZPB3wRv-OpoZ_09jmnkQ\",\"tvuai\"],\"url\":\"https:\/\/www.tvuai.com.br\/portal\/author\/rosy\/\"}]}<\/script>\n<!-- \/ Yoast SEO plugin. -->","yoast_head_json":{"title":"Em Po\u00e7os de Caldas, Pouso Alegre e Varginha Receita Federal ret\u00e9m mercadorias importadas sem nota fiscal - TVUAI","robots":{"index":"index","follow":"follow","max-snippet":"max-snippet:-1","max-image-preview":"max-image-preview:large","max-video-preview":"max-video-preview:-1"},"canonical":"https:\/\/www.tvuai.com.br\/portal\/em-pocos-de-caldas-pouso-alegre-e-varginha-receita-federal-retem-mercadorias-importadas-sem-nota-fiscal\/","og_locale":"pt_BR","og_type":"article","og_title":"Em Po\u00e7os de Caldas, Pouso Alegre e Varginha Receita Federal ret\u00e9m mercadorias importadas sem nota fiscal - TVUAI","og_description":"A Receita Federal realizou uma opera\u00e7\u00e3o de fiscaliza\u00e7\u00e3o nos centros de distribui\u00e7\u00e3o de plataforma de com\u00e9rcio On-line localizados em Po\u00e7os de Caldas, Pouso Alegre e Varginha nesta quinta-feira, 17 de mar\u00e7o. Foram retidos 56 volumes. Entre as mercadorias retidas estavam smartphones, drones, notebook, impressoras, entre outros aparelhos eletr\u00f4nicos. O valor das mercadorias retidas est\u00e1 estimado [&hellip;]","og_url":"https:\/\/www.tvuai.com.br\/portal\/em-pocos-de-caldas-pouso-alegre-e-varginha-receita-federal-retem-mercadorias-importadas-sem-nota-fiscal\/","og_site_name":"TVUAI","article_publisher":"http:\/\/www.facebook.com\/pages\/TV-Uai-Comunica%c3%a7%c3%a3o\/139062546157369","article_author":"https:\/\/www.facebook.com\/tvuai\/","article_published_time":"2022-03-18T20:04:56+00:00","article_modified_time":"2022-03-23T22:35:00+00:00","og_image":[{"width":200,"height":200,"url":"https:\/\/i0.wp.com\/www.tvuai.com.br\/portal\/wp-content\/uploads\/2022\/03\/receita-mercadoria0.jpg?fit=200%2C200&ssl=1","type":"image\/jpeg"}],"author":"Rosy Pantale\u00e3o","twitter_card":"summary_large_image","twitter_creator":"@tvuai","twitter_site":"@tvuai","twitter_misc":{"Escrito por":"Rosy Pantale\u00e3o","Est. tempo de leitura":"1 minuto"},"schema":{"@context":"https:\/\/schema.org","@graph":[{"@type":"Article","@id":"https:\/\/www.tvuai.com.br\/portal\/em-pocos-de-caldas-pouso-alegre-e-varginha-receita-federal-retem-mercadorias-importadas-sem-nota-fiscal\/#article","isPartOf":{"@id":"https:\/\/www.tvuai.com.br\/portal\/em-pocos-de-caldas-pouso-alegre-e-varginha-receita-federal-retem-mercadorias-importadas-sem-nota-fiscal\/"},"author":{"name":"Rosy Pantale\u00e3o","@id":"https:\/\/www.tvuai.com.br\/portal\/#\/schema\/person\/d1c5c2b1dc1e658906286802aad38555"},"headline":"Em Po\u00e7os de Caldas, Pouso Alegre e Varginha Receita Federal ret\u00e9m mercadorias importadas sem nota fiscal","datePublished":"2022-03-18T20:04:56+00:00","dateModified":"2022-03-23T22:35:00+00:00","mainEntityOfPage":{"@id":"https:\/\/www.tvuai.com.br\/portal\/em-pocos-de-caldas-pouso-alegre-e-varginha-receita-federal-retem-mercadorias-importadas-sem-nota-fiscal\/"},"wordCount":282,"publisher":{"@id":"https:\/\/www.tvuai.com.br\/portal\/#organization"},"image":{"@id":"https:\/\/www.tvuai.com.br\/portal\/em-pocos-de-caldas-pouso-alegre-e-varginha-receita-federal-retem-mercadorias-importadas-sem-nota-fiscal\/#primaryimage"},"thumbnailUrl":"https:\/\/i0.wp.com\/www.tvuai.com.br\/portal\/wp-content\/uploads\/2022\/03\/receita-mercadoria0.jpg?fit=200%2C200&ssl=1","keywords":["fiscaliza\u00e7\u00e3o nos centros de distribui\u00e7\u00e3o de plataforma de com\u00e9rcio On-line","mercadoria apreendida no sul de Minas","Receita Federal","Thaiene Riani Lencioni"],"articleSection":["Not\u00edcias"],"inLanguage":"pt-BR"},{"@type":"WebPage","@id":"https:\/\/www.tvuai.com.br\/portal\/em-pocos-de-caldas-pouso-alegre-e-varginha-receita-federal-retem-mercadorias-importadas-sem-nota-fiscal\/","url":"https:\/\/www.tvuai.com.br\/portal\/em-pocos-de-caldas-pouso-alegre-e-varginha-receita-federal-retem-mercadorias-importadas-sem-nota-fiscal\/","name":"Em Po\u00e7os de Caldas, Pouso Alegre e Varginha Receita Federal ret\u00e9m mercadorias importadas sem nota fiscal - TVUAI","isPartOf":{"@id":"https:\/\/www.tvuai.com.br\/portal\/#website"},"primaryImageOfPage":{"@id":"https:\/\/www.tvuai.com.br\/portal\/em-pocos-de-caldas-pouso-alegre-e-varginha-receita-federal-retem-mercadorias-importadas-sem-nota-fiscal\/#primaryimage"},"image":{"@id":"https:\/\/www.tvuai.com.br\/portal\/em-pocos-de-caldas-pouso-alegre-e-varginha-receita-federal-retem-mercadorias-importadas-sem-nota-fiscal\/#primaryimage"},"thumbnailUrl":"https:\/\/i0.wp.com\/www.tvuai.com.br\/portal\/wp-content\/uploads\/2022\/03\/receita-mercadoria0.jpg?fit=200%2C200&ssl=1","datePublished":"2022-03-18T20:04:56+00:00","dateModified":"2022-03-23T22:35:00+00:00","breadcrumb":{"@id":"https:\/\/www.tvuai.com.br\/portal\/em-pocos-de-caldas-pouso-alegre-e-varginha-receita-federal-retem-mercadorias-importadas-sem-nota-fiscal\/#breadcrumb"},"inLanguage":"pt-BR","potentialAction":[{"@type":"ReadAction","target":["https:\/\/www.tvuai.com.br\/portal\/em-pocos-de-caldas-pouso-alegre-e-varginha-receita-federal-retem-mercadorias-importadas-sem-nota-fiscal\/"]}]},{"@type":"ImageObject","inLanguage":"pt-BR","@id":"https:\/\/www.tvuai.com.br\/portal\/em-pocos-de-caldas-pouso-alegre-e-varginha-receita-federal-retem-mercadorias-importadas-sem-nota-fiscal\/#primaryimage","url":"https:\/\/i0.wp.com\/www.tvuai.com.br\/portal\/wp-content\/uploads\/2022\/03\/receita-mercadoria0.jpg?fit=200%2C200&ssl=1","contentUrl":"https:\/\/i0.wp.com\/www.tvuai.com.br\/portal\/wp-content\/uploads\/2022\/03\/receita-mercadoria0.jpg?fit=200%2C200&ssl=1","width":200,"height":200},{"@type":"BreadcrumbList","@id":"https:\/\/www.tvuai.com.br\/portal\/em-pocos-de-caldas-pouso-alegre-e-varginha-receita-federal-retem-mercadorias-importadas-sem-nota-fiscal\/#breadcrumb","itemListElement":[{"@type":"ListItem","position":1,"name":"In\u00edcio","item":"https:\/\/www.tvuai.com.br\/portal\/"},{"@type":"ListItem","position":2,"name":"Em Po\u00e7os de Caldas, Pouso Alegre e Varginha Receita Federal ret\u00e9m mercadorias importadas sem nota fiscal"}]},{"@type":"WebSite","@id":"https:\/\/www.tvuai.com.br\/portal\/#website","url":"https:\/\/www.tvuai.com.br\/portal\/","name":"TVUAI","description":"Tudo sobre o Sul de Minas","publisher":{"@id":"https:\/\/www.tvuai.com.br\/portal\/#organization"},"potentialAction":[{"@type":"SearchAction","target":{"@type":"EntryPoint","urlTemplate":"https:\/\/www.tvuai.com.br\/portal\/?s={search_term_string}"},"query-input":{"@type":"PropertyValueSpecification","valueRequired":true,"valueName":"search_term_string"}}],"inLanguage":"pt-BR"},{"@type":"Organization","@id":"https:\/\/www.tvuai.com.br\/portal\/#organization","name":"TVUAI","url":"https:\/\/www.tvuai.com.br\/portal\/","logo":{"@type":"ImageObject","inLanguage":"pt-BR","@id":"https:\/\/www.tvuai.com.br\/portal\/#\/schema\/logo\/image\/","url":"https:\/\/i0.wp.com\/www.tvuai.com.br\/portal\/wp-content\/uploads\/2017\/12\/logo_tvuai_100H.png?fit=207%2C100&ssl=1","contentUrl":"https:\/\/i0.wp.com\/www.tvuai.com.br\/portal\/wp-content\/uploads\/2017\/12\/logo_tvuai_100H.png?fit=207%2C100&ssl=1","width":207,"height":100,"caption":"TVUAI"},"image":{"@id":"https:\/\/www.tvuai.com.br\/portal\/#\/schema\/logo\/image\/"},"sameAs":["http:\/\/www.facebook.com\/pages\/TV-Uai-Comunica\u00e7\u00e3o\/139062546157369","https:\/\/x.com\/tvuai","https:\/\/www.instagram.com\/tvuai_network\/","https:\/\/www.youtube.com\/channel\/UCB7ZPB3wRv-OpoZ_09jmnkQ"]},{"@type":"Person","@id":"https:\/\/www.tvuai.com.br\/portal\/#\/schema\/person\/d1c5c2b1dc1e658906286802aad38555","name":"Rosy Pantale\u00e3o","sameAs":["https:\/\/www.tvuai.com.br\/portal\/","https:\/\/www.facebook.com\/tvuai\/","https:\/\/www.instagram.com\/tvuai","https:\/\/x.com\/tvuai","https:\/\/www.youtube.com\/channel\/UCB7ZPB3wRv-OpoZ_09jmnkQ","tvuai"],"url":"https:\/\/www.tvuai.com.br\/portal\/author\/rosy\/"}]}},"jetpack_featured_media_url":"https:\/\/i0.wp.com\/www.tvuai.com.br\/portal\/wp-content\/uploads\/2022\/03\/receita-mercadoria0.jpg?fit=200%2C200&ssl=1","wpmagazine_modules_lite_featured_media_urls":{"thumbnail":["https:\/\/i0.wp.com\/www.tvuai.com.br\/portal\/wp-content\/uploads\/2022\/03\/receita-mercadoria0.jpg?resize=150%2C150&ssl=1",150,150,true],"cvmm-medium":["https:\/\/i0.wp.com\/www.tvuai.com.br\/portal\/wp-content\/uploads\/2022\/03\/receita-mercadoria0.jpg?resize=200%2C200&ssl=1",200,200,true],"cvmm-medium-plus":["https:\/\/i0.wp.com\/www.tvuai.com.br\/portal\/wp-content\/uploads\/2022\/03\/receita-mercadoria0.jpg?resize=200%2C200&ssl=1",200,200,true],"cvmm-portrait":["https:\/\/i0.wp.com\/www.tvuai.com.br\/portal\/wp-content\/uploads\/2022\/03\/receita-mercadoria0.jpg?resize=200%2C200&ssl=1",200,200,true],"cvmm-medium-square":["https:\/\/i0.wp.com\/www.tvuai.com.br\/portal\/wp-content\/uploads\/2022\/03\/receita-mercadoria0.jpg?resize=200%2C200&ssl=1",200,200,true],"cvmm-large":["https:\/\/i0.wp.com\/www.tvuai.com.br\/portal\/wp-content\/uploads\/2022\/03\/receita-mercadoria0.jpg?resize=200%2C200&ssl=1",200,200,true],"cvmm-small":["https:\/\/i0.wp.com\/www.tvuai.com.br\/portal\/wp-content\/uploads\/2022\/03\/receita-mercadoria0.jpg?resize=130%2C95&ssl=1",130,95,true],"full":["https:\/\/i0.wp.com\/www.tvuai.com.br\/portal\/wp-content\/uploads\/2022\/03\/receita-mercadoria0.jpg?fit=200%2C200&ssl=1",200,200,false]},"categories_names":{"19":{"name":"Not\u00edcias","link":"https:\/\/www.tvuai.com.br\/portal\/category\/noticias\/"}},"tags_names":{"690":{"name":"fiscaliza\u00e7\u00e3o nos centros de distribui\u00e7\u00e3o de plataforma de com\u00e9rcio On-line","link":"https:\/\/www.tvuai.com.br\/portal\/tag\/fiscalizacao-nos-centros-de-distribuicao-de-plataforma-de-comercio-on-line\/"},"691":{"name":"mercadoria apreendida no sul de Minas","link":"https:\/\/www.tvuai.com.br\/portal\/tag\/mercadoria-apreendida-no-sul-de-minas\/"},"285":{"name":"Receita Federal","link":"https:\/\/www.tvuai.com.br\/portal\/tag\/receita-federal\/"},"692":{"name":"Thaiene Riani Lencioni","link":"https:\/\/www.tvuai.com.br\/portal\/tag\/thaiene-riani-lencioni\/"}},"comments_number":"0","jetpack_shortlink":"https:\/\/wp.me\/p9woix-UR","jetpack_sharing_enabled":true,"_links":{"self":[{"href":"https:\/\/www.tvuai.com.br\/portal\/wp-json\/wp\/v2\/posts\/3525"}],"collection":[{"href":"https:\/\/www.tvuai.com.br\/portal\/wp-json\/wp\/v2\/posts"}],"about":[{"href":"https:\/\/www.tvuai.com.br\/portal\/wp-json\/wp\/v2\/types\/post"}],"author":[{"embeddable":true,"href":"https:\/\/www.tvuai.com.br\/portal\/wp-json\/wp\/v2\/users\/2"}],"replies":[{"embeddable":true,"href":"https:\/\/www.tvuai.com.br\/portal\/wp-json\/wp\/v2\/comments?post=3525"}],"version-history":[{"count":3,"href":"https:\/\/www.tvuai.com.br\/portal\/wp-json\/wp\/v2\/posts\/3525\/revisions"}],"predecessor-version":[{"id":3530,"href":"https:\/\/www.tvuai.com.br\/portal\/wp-json\/wp\/v2\/posts\/3525\/revisions\/3530"}],"wp:featuredmedia":[{"embeddable":true,"href":"https:\/\/www.tvuai.com.br\/portal\/wp-json\/wp\/v2\/media\/3531"}],"wp:attachment":[{"href":"https:\/\/www.tvuai.com.br\/portal\/wp-json\/wp\/v2\/media?parent=3525"}],"wp:term":[{"taxonomy":"category","embeddable":true,"href":"https:\/\/www.tvuai.com.br\/portal\/wp-json\/wp\/v2\/categories?post=3525"},{"taxonomy":"post_tag","embeddable":true,"href":"https:\/\/www.tvuai.com.br\/portal\/wp-json\/wp\/v2\/tags?post=3525"}],"curies":[{"name":"wp","href":"https:\/\/api.w.org\/{rel}","templated":true}]}}