{"id":349,"date":"2018-11-05T15:48:17","date_gmt":"2018-11-05T17:48:17","guid":{"rendered":"http:\/\/www.tvuai.com.br\/portal\/?p=349"},"modified":"2023-09-16T12:48:15","modified_gmt":"2023-09-16T15:48:15","slug":"santa-rita-do-sapucai-pode-ter-primeiro-forum-sustentavel-de-minas","status":"publish","type":"post","link":"https:\/\/www.tvuai.com.br\/portal\/santa-rita-do-sapucai-pode-ter-primeiro-forum-sustentavel-de-minas\/","title":{"rendered":"Santa Rita do Sapuca\u00ed pode ter primeiro f\u00f3rum sustent\u00e1vel de Minas"},"content":{"rendered":"<div class=\"5a1038e0903b96d426fcfcc338703013\" data-index=\"1\" style=\"float: right; margin:10px 0 10px 10px;\">\n<script async src=\"https:\/\/pagead2.googlesyndication.com\/pagead\/js\/adsbygoogle.js?client=ca-pub-9945944833605257\"\r\n     crossorigin=\"anonymous\"><\/script>\r\n<ins class=\"adsbygoogle\"\r\n     style=\"display:block; text-align:center;\"\r\n     data-ad-layout=\"in-article\"\r\n     data-ad-format=\"fluid\"\r\n     data-ad-client=\"ca-pub-9945944833605257\"\r\n     data-ad-slot=\"2343923581\"><\/ins>\r\n<script>\r\n     (adsbygoogle = window.adsbygoogle || []).push({});\r\n<\/script>\n<\/div>\n<div class=\"titulo-principal\">\n<div class=\"titulo\"><\/div>\n<\/div>\n<div class=\"addthis_inline_share_toolbox\">\n<div id=\"atstbx\" class=\"at-resp-share-element at-style-responsive addthis-smartlayers addthis-animated at4-show\" role=\"region\">\n<div class=\"at-share-btn-elements\"><\/div>\n<\/div>\n<\/div>\n<div class=\"conteudoNoticia\">\n<div class=\"article-header\">\n<h5 style=\"text-align: center\"><img data-recalc-dims=\"1\" fetchpriority=\"high\" decoding=\"async\" data-attachment-id=\"351\" data-permalink=\"https:\/\/www.tvuai.com.br\/portal\/santa-rita-do-sapucai-pode-ter-primeiro-forum-sustentavel-de-minas\/forumsrs1\/\" data-orig-file=\"https:\/\/i0.wp.com\/www.tvuai.com.br\/portal\/wp-content\/uploads\/2018\/11\/forumsrs1.jpg?fit=600%2C400&amp;ssl=1\" data-orig-size=\"600,400\" data-comments-opened=\"0\" data-image-meta=\"{&quot;aperture&quot;:&quot;0&quot;,&quot;credit&quot;:&quot;&quot;,&quot;camera&quot;:&quot;&quot;,&quot;caption&quot;:&quot;&quot;,&quot;created_timestamp&quot;:&quot;0&quot;,&quot;copyright&quot;:&quot;&quot;,&quot;focal_length&quot;:&quot;0&quot;,&quot;iso&quot;:&quot;0&quot;,&quot;shutter_speed&quot;:&quot;0&quot;,&quot;title&quot;:&quot;&quot;,&quot;orientation&quot;:&quot;0&quot;}\" data-image-title=\"forumsrs1\" data-image-description=\"\" data-image-caption=\"\" data-medium-file=\"https:\/\/i0.wp.com\/www.tvuai.com.br\/portal\/wp-content\/uploads\/2018\/11\/forumsrs1.jpg?fit=300%2C200&amp;ssl=1\" data-large-file=\"https:\/\/i0.wp.com\/www.tvuai.com.br\/portal\/wp-content\/uploads\/2018\/11\/forumsrs1.jpg?fit=600%2C400&amp;ssl=1\" tabindex=\"0\" role=\"button\" class=\"aligncenter size-full wp-image-351\" src=\"https:\/\/i0.wp.com\/www.tvuai.com.br\/portal\/wp-content\/uploads\/2018\/11\/forumsrs1.jpg?resize=600%2C400\" alt=\"\" width=\"600\" height=\"400\" srcset=\"https:\/\/i0.wp.com\/www.tvuai.com.br\/portal\/wp-content\/uploads\/2018\/11\/forumsrs1.jpg?w=600&amp;ssl=1 600w, https:\/\/i0.wp.com\/www.tvuai.com.br\/portal\/wp-content\/uploads\/2018\/11\/forumsrs1.jpg?resize=300%2C200&amp;ssl=1 300w\" sizes=\"(max-width: 600px) 100vw, 600px\" \/><em><strong>Comitiva de Santa Rita do Sapuca\u00ed esteve no TJMG para apresentar projeto de f\u00f3rum sustent\u00e1vel<\/strong><\/em><\/h5>\n<\/div>\n<div class=\"article-body\">\n<p>A comarca de Santa Rita do Sapuca\u00ed, no Sul de Minas, dever\u00e1 ter o primeiro f\u00f3rum sustent\u00e1vel do Estado. O anexo ao projeto, com as especifica\u00e7\u00f5es relacionadas \u00e0 sustentabilidade, foi apresentado na \u00faltima quarta-feira, 31 de outubro, ao presidente do Tribunal de Justi\u00e7a de Minas Gerais, desembargador Nelson Missias de Morais, pelo prefeito de Santa Rita do Sapuca\u00ed, Wander Wilson Chaves. Trata-se de constru\u00e7\u00e3o sustent\u00e1vel na qual ser\u00e3o amenizados impactos \u00e0 natureza e ser\u00e3o utilizados com efici\u00eancia os bens naturais como \u00e1gua e energia solar.<\/p>\n<p>&nbsp;<\/p>\n<p>O munic\u00edpio ser\u00e1 respons\u00e1vel pelos custos da execu\u00e7\u00e3o do projeto sustent\u00e1vel. Esse \u00e9 o primeiro conv\u00eanio entre uma prefeitura e o TJMG, no qual o munic\u00edpio assume o \u00f4nus de custear os projetos de sustentabilidade, comenta o desembargador Jos\u00e9 Arthur Filho, Superintendente de Planejamento Administrativo e Gest\u00e3o de Bens, Servi\u00e7os e Patrim\u00f4nio do Tribunal de Justi\u00e7a de Minas Gerais.<\/p>\n<\/div>\n<p>&nbsp;<\/p>\n<p>O magistrado espera que essa iniciativa seja replicada em outras comarcas do Estado. Entre as inova\u00e7\u00f5es, o desembargador Jos\u00e9 Arthur Filho comenta que o edif\u00edcio ser\u00e1 constru\u00eddo em um posicionamento espec\u00edfico que possibilitar\u00e1 amenizar o impacto do sol da tarde na estrutura do edif\u00edcio forense, com o que ficar\u00e1 reduzida a temperatura interna do pr\u00e9dio, e, em decorr\u00eancia, o uso de ar condicionado.<\/p>\n<p>&nbsp;<\/p>\n<p>Ser\u00e3o utilizadas placas fotovoltaicas que convertem a energia da luz solar diretamente em energia el\u00e9trica gerando economia. As placas ser\u00e3o implantadas no estacionamento dos ve\u00edculos que passar\u00e1 a ser coberto por elas, com o que haver\u00e1 dupla fun\u00e7\u00e3o para as placas: a primeira de gerar sombra aos carros e, a segunda, a de coletar a luz solar, que ser\u00e1 transformada em energia limpa.<\/p>\n<p>&nbsp;<\/p>\n<p>O projeto tamb\u00e9m agrega a reutiliza\u00e7\u00e3o das \u00e1guas de chuva que ser\u00e3o canalizadas para uso interno e nos jardins do f\u00f3rum. Pisos perme\u00e1veis tamb\u00e9m ser\u00e3o aproveitados para suportar cargas e permitir a passagem de \u00e1gua sem que resulte danos \u00e0 sua estrutura.<\/p>\n<p>&nbsp;<\/p>\n<p>Estiveram presentes, al\u00e9m do prefeito, o diretor do foro da comarca, juiz Ediberto Benedito Reis, o juiz H\u00e9lio Walter de Ara\u00fajo J\u00fanior, a procuradora geral do munic\u00edpio, Tha\u00eds Pereira Mesquita, entre outros.<\/p>\n<p><img data-recalc-dims=\"1\" decoding=\"async\" data-attachment-id=\"352\" data-permalink=\"https:\/\/www.tvuai.com.br\/portal\/santa-rita-do-sapucai-pode-ter-primeiro-forum-sustentavel-de-minas\/forumsrs2\/\" data-orig-file=\"https:\/\/i0.wp.com\/www.tvuai.com.br\/portal\/wp-content\/uploads\/2018\/11\/forumsrs2.jpg?fit=600%2C400&amp;ssl=1\" data-orig-size=\"600,400\" data-comments-opened=\"0\" data-image-meta=\"{&quot;aperture&quot;:&quot;0&quot;,&quot;credit&quot;:&quot;&quot;,&quot;camera&quot;:&quot;&quot;,&quot;caption&quot;:&quot;&quot;,&quot;created_timestamp&quot;:&quot;0&quot;,&quot;copyright&quot;:&quot;&quot;,&quot;focal_length&quot;:&quot;0&quot;,&quot;iso&quot;:&quot;0&quot;,&quot;shutter_speed&quot;:&quot;0&quot;,&quot;title&quot;:&quot;&quot;,&quot;orientation&quot;:&quot;0&quot;}\" data-image-title=\"forumsrs2\" data-image-description=\"\" data-image-caption=\"\" data-medium-file=\"https:\/\/i0.wp.com\/www.tvuai.com.br\/portal\/wp-content\/uploads\/2018\/11\/forumsrs2.jpg?fit=300%2C200&amp;ssl=1\" data-large-file=\"https:\/\/i0.wp.com\/www.tvuai.com.br\/portal\/wp-content\/uploads\/2018\/11\/forumsrs2.jpg?fit=600%2C400&amp;ssl=1\" tabindex=\"0\" role=\"button\" class=\"aligncenter size-full wp-image-352\" src=\"https:\/\/i0.wp.com\/www.tvuai.com.br\/portal\/wp-content\/uploads\/2018\/11\/forumsrs2.jpg?resize=600%2C400\" alt=\"\" width=\"600\" height=\"400\" srcset=\"https:\/\/i0.wp.com\/www.tvuai.com.br\/portal\/wp-content\/uploads\/2018\/11\/forumsrs2.jpg?w=600&amp;ssl=1 600w, https:\/\/i0.wp.com\/www.tvuai.com.br\/portal\/wp-content\/uploads\/2018\/11\/forumsrs2.jpg?resize=300%2C200&amp;ssl=1 300w\" sizes=\"(max-width: 600px) 100vw, 600px\" \/><\/p>\n<h5 style=\"text-align: center\"><em><strong>Presidente Nelson Missias de Morais conheceu detalhes do projeto, <\/strong><\/em><em><strong>como a previs\u00e3o de reutiliza\u00e7\u00e3o das \u00e1guas da chuva e o uso de pisos perme\u00e1veis<\/strong><\/em><\/h5>\n<p>&nbsp;<\/p>\n<\/div>\n<h6><em><strong>Com informa\u00e7\u00f5es do TJMG<\/strong><\/em><\/h6>\n\n<div style=\"font-size: 0px; height: 0px; line-height: 0px; margin: 0; padding: 0; clear: both;\"><\/div><div class='share-to-whatsapp-wrapper'><div class='share-on-whsp'>Share on: <\/div><a data-text='Santa Rita do Sapuca\u00ed pode ter primeiro f\u00f3rum sustent\u00e1vel de Minas' data-link='https:\/\/www.tvuai.com.br\/portal\/santa-rita-do-sapucai-pode-ter-primeiro-forum-sustentavel-de-minas\/' class='whatsapp-button whatsapp-share'>WhatsApp<\/a><div class='clear '><\/div><\/div><!-- AddThis Advanced Settings generic via filter on the_content --><!-- AddThis Share Buttons generic via filter on the_content -->","protected":false},"excerpt":{"rendered":"<p>Comitiva de Santa Rita do Sapuca\u00ed esteve no TJMG para apresentar projeto de f\u00f3rum sustent\u00e1vel A comarca de Santa Rita do Sapuca\u00ed, no Sul de Minas, dever\u00e1 ter o primeiro f\u00f3rum sustent\u00e1vel do Estado. O anexo ao projeto, com as especifica\u00e7\u00f5es relacionadas \u00e0 sustentabilidade, foi apresentado na \u00faltima quarta-feira, 31 de outubro, ao presidente do [&hellip;]<!-- AddThis Advanced Settings generic via filter on get_the_excerpt --><!-- AddThis Share Buttons generic via filter on get_the_excerpt --><\/p>\n","protected":false},"author":2,"featured_media":350,"comment_status":"closed","ping_status":"closed","sticky":false,"template":"","format":"standard","meta":{"jetpack_post_was_ever_published":false,"_jetpack_newsletter_access":"","_jetpack_dont_email_post_to_subs":false,"_jetpack_newsletter_tier_id":0,"_jetpack_memberships_contains_paywalled_content":false,"_jetpack_memberships_contains_paid_content":false,"_joinchat":[],"footnotes":"","jetpack_publicize_message":"","jetpack_publicize_feature_enabled":true,"jetpack_social_post_already_shared":true,"jetpack_social_options":{"image_generator_settings":{"template":"highway","enabled":false},"version":2}},"categories":[1642,19],"tags":[],"class_list":["post-349","post","type-post","status-publish","format-standard","has-post-thumbnail","hentry","category-tecnologia","category-noticias"],"jetpack_publicize_connections":[],"yoast_head":"<!-- This site is optimized with the Yoast SEO plugin v23.5 - https:\/\/yoast.com\/wordpress\/plugins\/seo\/ -->\n<title>Santa Rita do Sapuca\u00ed pode ter primeiro f\u00f3rum sustent\u00e1vel de Minas - TVUAI<\/title>\n<meta name=\"robots\" content=\"index, follow, max-snippet:-1, max-image-preview:large, max-video-preview:-1\" \/>\n<link rel=\"canonical\" href=\"https:\/\/www.tvuai.com.br\/portal\/santa-rita-do-sapucai-pode-ter-primeiro-forum-sustentavel-de-minas\/\" \/>\n<meta property=\"og:locale\" content=\"pt_BR\" \/>\n<meta property=\"og:type\" content=\"article\" \/>\n<meta property=\"og:title\" content=\"Santa Rita do Sapuca\u00ed pode ter primeiro f\u00f3rum sustent\u00e1vel de Minas - TVUAI\" \/>\n<meta property=\"og:description\" content=\"Comitiva de Santa Rita do Sapuca\u00ed esteve no TJMG para apresentar projeto de f\u00f3rum sustent\u00e1vel A comarca de Santa Rita do Sapuca\u00ed, no Sul de Minas, dever\u00e1 ter o primeiro f\u00f3rum sustent\u00e1vel do Estado. O anexo ao projeto, com as especifica\u00e7\u00f5es relacionadas \u00e0 sustentabilidade, foi apresentado na \u00faltima quarta-feira, 31 de outubro, ao presidente do [&hellip;]\" \/>\n<meta property=\"og:url\" content=\"https:\/\/www.tvuai.com.br\/portal\/santa-rita-do-sapucai-pode-ter-primeiro-forum-sustentavel-de-minas\/\" \/>\n<meta property=\"og:site_name\" content=\"TVUAI\" \/>\n<meta property=\"article:publisher\" content=\"http:\/\/www.facebook.com\/pages\/TV-Uai-Comunica%c3%a7%c3%a3o\/139062546157369\" \/>\n<meta property=\"article:author\" content=\"https:\/\/www.facebook.com\/tvuai\/\" \/>\n<meta property=\"article:published_time\" content=\"2018-11-05T17:48:17+00:00\" \/>\n<meta property=\"article:modified_time\" content=\"2023-09-16T15:48:15+00:00\" \/>\n<meta property=\"og:image\" content=\"https:\/\/www.tvuai.com.br\/portal\/wp-content\/uploads\/2018\/11\/forumsrs0.jpg\" \/>\n\t<meta property=\"og:image:width\" content=\"200\" \/>\n\t<meta property=\"og:image:height\" content=\"129\" \/>\n\t<meta property=\"og:image:type\" content=\"image\/jpeg\" \/>\n<meta name=\"author\" content=\"Rosy Pantale\u00e3o\" \/>\n<meta name=\"twitter:card\" content=\"summary_large_image\" \/>\n<meta name=\"twitter:creator\" content=\"@tvuai\" \/>\n<meta name=\"twitter:site\" content=\"@tvuai\" \/>\n<meta name=\"twitter:label1\" content=\"Escrito por\" \/>\n\t<meta name=\"twitter:data1\" content=\"Rosy Pantale\u00e3o\" \/>\n\t<meta name=\"twitter:label2\" content=\"Est. tempo de leitura\" \/>\n\t<meta name=\"twitter:data2\" content=\"2 minutos\" \/>\n<script type=\"application\/ld+json\" class=\"yoast-schema-graph\">{\"@context\":\"https:\/\/schema.org\",\"@graph\":[{\"@type\":\"Article\",\"@id\":\"https:\/\/www.tvuai.com.br\/portal\/santa-rita-do-sapucai-pode-ter-primeiro-forum-sustentavel-de-minas\/#article\",\"isPartOf\":{\"@id\":\"https:\/\/www.tvuai.com.br\/portal\/santa-rita-do-sapucai-pode-ter-primeiro-forum-sustentavel-de-minas\/\"},\"author\":{\"name\":\"Rosy Pantale\u00e3o\",\"@id\":\"https:\/\/www.tvuai.com.br\/portal\/#\/schema\/person\/d1c5c2b1dc1e658906286802aad38555\"},\"headline\":\"Santa Rita do Sapuca\u00ed pode ter primeiro f\u00f3rum sustent\u00e1vel de Minas\",\"datePublished\":\"2018-11-05T17:48:17+00:00\",\"dateModified\":\"2023-09-16T15:48:15+00:00\",\"mainEntityOfPage\":{\"@id\":\"https:\/\/www.tvuai.com.br\/portal\/santa-rita-do-sapucai-pode-ter-primeiro-forum-sustentavel-de-minas\/\"},\"wordCount\":451,\"publisher\":{\"@id\":\"https:\/\/www.tvuai.com.br\/portal\/#organization\"},\"image\":{\"@id\":\"https:\/\/www.tvuai.com.br\/portal\/santa-rita-do-sapucai-pode-ter-primeiro-forum-sustentavel-de-minas\/#primaryimage\"},\"thumbnailUrl\":\"https:\/\/i0.wp.com\/www.tvuai.com.br\/portal\/wp-content\/uploads\/2018\/11\/forumsrs0.jpg?fit=200%2C129&ssl=1\",\"articleSection\":[\"Ci\u00eancia e Tecnologia\",\"Not\u00edcias\"],\"inLanguage\":\"pt-BR\"},{\"@type\":\"WebPage\",\"@id\":\"https:\/\/www.tvuai.com.br\/portal\/santa-rita-do-sapucai-pode-ter-primeiro-forum-sustentavel-de-minas\/\",\"url\":\"https:\/\/www.tvuai.com.br\/portal\/santa-rita-do-sapucai-pode-ter-primeiro-forum-sustentavel-de-minas\/\",\"name\":\"Santa Rita do Sapuca\u00ed pode ter primeiro f\u00f3rum sustent\u00e1vel de Minas - TVUAI\",\"isPartOf\":{\"@id\":\"https:\/\/www.tvuai.com.br\/portal\/#website\"},\"primaryImageOfPage\":{\"@id\":\"https:\/\/www.tvuai.com.br\/portal\/santa-rita-do-sapucai-pode-ter-primeiro-forum-sustentavel-de-minas\/#primaryimage\"},\"image\":{\"@id\":\"https:\/\/www.tvuai.com.br\/portal\/santa-rita-do-sapucai-pode-ter-primeiro-forum-sustentavel-de-minas\/#primaryimage\"},\"thumbnailUrl\":\"https:\/\/i0.wp.com\/www.tvuai.com.br\/portal\/wp-content\/uploads\/2018\/11\/forumsrs0.jpg?fit=200%2C129&ssl=1\",\"datePublished\":\"2018-11-05T17:48:17+00:00\",\"dateModified\":\"2023-09-16T15:48:15+00:00\",\"breadcrumb\":{\"@id\":\"https:\/\/www.tvuai.com.br\/portal\/santa-rita-do-sapucai-pode-ter-primeiro-forum-sustentavel-de-minas\/#breadcrumb\"},\"inLanguage\":\"pt-BR\",\"potentialAction\":[{\"@type\":\"ReadAction\",\"target\":[\"https:\/\/www.tvuai.com.br\/portal\/santa-rita-do-sapucai-pode-ter-primeiro-forum-sustentavel-de-minas\/\"]}]},{\"@type\":\"ImageObject\",\"inLanguage\":\"pt-BR\",\"@id\":\"https:\/\/www.tvuai.com.br\/portal\/santa-rita-do-sapucai-pode-ter-primeiro-forum-sustentavel-de-minas\/#primaryimage\",\"url\":\"https:\/\/i0.wp.com\/www.tvuai.com.br\/portal\/wp-content\/uploads\/2018\/11\/forumsrs0.jpg?fit=200%2C129&ssl=1\",\"contentUrl\":\"https:\/\/i0.wp.com\/www.tvuai.com.br\/portal\/wp-content\/uploads\/2018\/11\/forumsrs0.jpg?fit=200%2C129&ssl=1\",\"width\":200,\"height\":129},{\"@type\":\"BreadcrumbList\",\"@id\":\"https:\/\/www.tvuai.com.br\/portal\/santa-rita-do-sapucai-pode-ter-primeiro-forum-sustentavel-de-minas\/#breadcrumb\",\"itemListElement\":[{\"@type\":\"ListItem\",\"position\":1,\"name\":\"In\u00edcio\",\"item\":\"https:\/\/www.tvuai.com.br\/portal\/\"},{\"@type\":\"ListItem\",\"position\":2,\"name\":\"Santa Rita do Sapuca\u00ed pode ter primeiro f\u00f3rum sustent\u00e1vel de Minas\"}]},{\"@type\":\"WebSite\",\"@id\":\"https:\/\/www.tvuai.com.br\/portal\/#website\",\"url\":\"https:\/\/www.tvuai.com.br\/portal\/\",\"name\":\"TVUAI\",\"description\":\"Tudo sobre o Sul de Minas\",\"publisher\":{\"@id\":\"https:\/\/www.tvuai.com.br\/portal\/#organization\"},\"potentialAction\":[{\"@type\":\"SearchAction\",\"target\":{\"@type\":\"EntryPoint\",\"urlTemplate\":\"https:\/\/www.tvuai.com.br\/portal\/?s={search_term_string}\"},\"query-input\":{\"@type\":\"PropertyValueSpecification\",\"valueRequired\":true,\"valueName\":\"search_term_string\"}}],\"inLanguage\":\"pt-BR\"},{\"@type\":\"Organization\",\"@id\":\"https:\/\/www.tvuai.com.br\/portal\/#organization\",\"name\":\"TVUAI\",\"url\":\"https:\/\/www.tvuai.com.br\/portal\/\",\"logo\":{\"@type\":\"ImageObject\",\"inLanguage\":\"pt-BR\",\"@id\":\"https:\/\/www.tvuai.com.br\/portal\/#\/schema\/logo\/image\/\",\"url\":\"https:\/\/i0.wp.com\/www.tvuai.com.br\/portal\/wp-content\/uploads\/2017\/12\/logo_tvuai_100H.png?fit=207%2C100&ssl=1\",\"contentUrl\":\"https:\/\/i0.wp.com\/www.tvuai.com.br\/portal\/wp-content\/uploads\/2017\/12\/logo_tvuai_100H.png?fit=207%2C100&ssl=1\",\"width\":207,\"height\":100,\"caption\":\"TVUAI\"},\"image\":{\"@id\":\"https:\/\/www.tvuai.com.br\/portal\/#\/schema\/logo\/image\/\"},\"sameAs\":[\"http:\/\/www.facebook.com\/pages\/TV-Uai-Comunica\u00e7\u00e3o\/139062546157369\",\"https:\/\/x.com\/tvuai\",\"https:\/\/www.instagram.com\/tvuai_network\/\",\"https:\/\/www.youtube.com\/channel\/UCB7ZPB3wRv-OpoZ_09jmnkQ\"]},{\"@type\":\"Person\",\"@id\":\"https:\/\/www.tvuai.com.br\/portal\/#\/schema\/person\/d1c5c2b1dc1e658906286802aad38555\",\"name\":\"Rosy Pantale\u00e3o\",\"sameAs\":[\"https:\/\/www.tvuai.com.br\/portal\/\",\"https:\/\/www.facebook.com\/tvuai\/\",\"https:\/\/www.instagram.com\/tvuai\",\"https:\/\/x.com\/tvuai\",\"https:\/\/www.youtube.com\/channel\/UCB7ZPB3wRv-OpoZ_09jmnkQ\",\"tvuai\"],\"url\":\"https:\/\/www.tvuai.com.br\/portal\/author\/rosy\/\"}]}<\/script>\n<!-- \/ Yoast SEO plugin. -->","yoast_head_json":{"title":"Santa Rita do Sapuca\u00ed pode ter primeiro f\u00f3rum sustent\u00e1vel de Minas - TVUAI","robots":{"index":"index","follow":"follow","max-snippet":"max-snippet:-1","max-image-preview":"max-image-preview:large","max-video-preview":"max-video-preview:-1"},"canonical":"https:\/\/www.tvuai.com.br\/portal\/santa-rita-do-sapucai-pode-ter-primeiro-forum-sustentavel-de-minas\/","og_locale":"pt_BR","og_type":"article","og_title":"Santa Rita do Sapuca\u00ed pode ter primeiro f\u00f3rum sustent\u00e1vel de Minas - TVUAI","og_description":"Comitiva de Santa Rita do Sapuca\u00ed esteve no TJMG para apresentar projeto de f\u00f3rum sustent\u00e1vel A comarca de Santa Rita do Sapuca\u00ed, no Sul de Minas, dever\u00e1 ter o primeiro f\u00f3rum sustent\u00e1vel do Estado. O anexo ao projeto, com as especifica\u00e7\u00f5es relacionadas \u00e0 sustentabilidade, foi apresentado na \u00faltima quarta-feira, 31 de outubro, ao presidente do [&hellip;]","og_url":"https:\/\/www.tvuai.com.br\/portal\/santa-rita-do-sapucai-pode-ter-primeiro-forum-sustentavel-de-minas\/","og_site_name":"TVUAI","article_publisher":"http:\/\/www.facebook.com\/pages\/TV-Uai-Comunica%c3%a7%c3%a3o\/139062546157369","article_author":"https:\/\/www.facebook.com\/tvuai\/","article_published_time":"2018-11-05T17:48:17+00:00","article_modified_time":"2023-09-16T15:48:15+00:00","og_image":[{"width":200,"height":129,"url":"https:\/\/www.tvuai.com.br\/portal\/wp-content\/uploads\/2018\/11\/forumsrs0.jpg","type":"image\/jpeg"}],"author":"Rosy Pantale\u00e3o","twitter_card":"summary_large_image","twitter_creator":"@tvuai","twitter_site":"@tvuai","twitter_misc":{"Escrito por":"Rosy Pantale\u00e3o","Est. tempo de leitura":"2 minutos"},"schema":{"@context":"https:\/\/schema.org","@graph":[{"@type":"Article","@id":"https:\/\/www.tvuai.com.br\/portal\/santa-rita-do-sapucai-pode-ter-primeiro-forum-sustentavel-de-minas\/#article","isPartOf":{"@id":"https:\/\/www.tvuai.com.br\/portal\/santa-rita-do-sapucai-pode-ter-primeiro-forum-sustentavel-de-minas\/"},"author":{"name":"Rosy Pantale\u00e3o","@id":"https:\/\/www.tvuai.com.br\/portal\/#\/schema\/person\/d1c5c2b1dc1e658906286802aad38555"},"headline":"Santa Rita do Sapuca\u00ed pode ter primeiro f\u00f3rum sustent\u00e1vel de Minas","datePublished":"2018-11-05T17:48:17+00:00","dateModified":"2023-09-16T15:48:15+00:00","mainEntityOfPage":{"@id":"https:\/\/www.tvuai.com.br\/portal\/santa-rita-do-sapucai-pode-ter-primeiro-forum-sustentavel-de-minas\/"},"wordCount":451,"publisher":{"@id":"https:\/\/www.tvuai.com.br\/portal\/#organization"},"image":{"@id":"https:\/\/www.tvuai.com.br\/portal\/santa-rita-do-sapucai-pode-ter-primeiro-forum-sustentavel-de-minas\/#primaryimage"},"thumbnailUrl":"https:\/\/i0.wp.com\/www.tvuai.com.br\/portal\/wp-content\/uploads\/2018\/11\/forumsrs0.jpg?fit=200%2C129&ssl=1","articleSection":["Ci\u00eancia e Tecnologia","Not\u00edcias"],"inLanguage":"pt-BR"},{"@type":"WebPage","@id":"https:\/\/www.tvuai.com.br\/portal\/santa-rita-do-sapucai-pode-ter-primeiro-forum-sustentavel-de-minas\/","url":"https:\/\/www.tvuai.com.br\/portal\/santa-rita-do-sapucai-pode-ter-primeiro-forum-sustentavel-de-minas\/","name":"Santa Rita do Sapuca\u00ed pode ter primeiro f\u00f3rum sustent\u00e1vel de Minas - TVUAI","isPartOf":{"@id":"https:\/\/www.tvuai.com.br\/portal\/#website"},"primaryImageOfPage":{"@id":"https:\/\/www.tvuai.com.br\/portal\/santa-rita-do-sapucai-pode-ter-primeiro-forum-sustentavel-de-minas\/#primaryimage"},"image":{"@id":"https:\/\/www.tvuai.com.br\/portal\/santa-rita-do-sapucai-pode-ter-primeiro-forum-sustentavel-de-minas\/#primaryimage"},"thumbnailUrl":"https:\/\/i0.wp.com\/www.tvuai.com.br\/portal\/wp-content\/uploads\/2018\/11\/forumsrs0.jpg?fit=200%2C129&ssl=1","datePublished":"2018-11-05T17:48:17+00:00","dateModified":"2023-09-16T15:48:15+00:00","breadcrumb":{"@id":"https:\/\/www.tvuai.com.br\/portal\/santa-rita-do-sapucai-pode-ter-primeiro-forum-sustentavel-de-minas\/#breadcrumb"},"inLanguage":"pt-BR","potentialAction":[{"@type":"ReadAction","target":["https:\/\/www.tvuai.com.br\/portal\/santa-rita-do-sapucai-pode-ter-primeiro-forum-sustentavel-de-minas\/"]}]},{"@type":"ImageObject","inLanguage":"pt-BR","@id":"https:\/\/www.tvuai.com.br\/portal\/santa-rita-do-sapucai-pode-ter-primeiro-forum-sustentavel-de-minas\/#primaryimage","url":"https:\/\/i0.wp.com\/www.tvuai.com.br\/portal\/wp-content\/uploads\/2018\/11\/forumsrs0.jpg?fit=200%2C129&ssl=1","contentUrl":"https:\/\/i0.wp.com\/www.tvuai.com.br\/portal\/wp-content\/uploads\/2018\/11\/forumsrs0.jpg?fit=200%2C129&ssl=1","width":200,"height":129},{"@type":"BreadcrumbList","@id":"https:\/\/www.tvuai.com.br\/portal\/santa-rita-do-sapucai-pode-ter-primeiro-forum-sustentavel-de-minas\/#breadcrumb","itemListElement":[{"@type":"ListItem","position":1,"name":"In\u00edcio","item":"https:\/\/www.tvuai.com.br\/portal\/"},{"@type":"ListItem","position":2,"name":"Santa Rita do Sapuca\u00ed pode ter primeiro f\u00f3rum sustent\u00e1vel de Minas"}]},{"@type":"WebSite","@id":"https:\/\/www.tvuai.com.br\/portal\/#website","url":"https:\/\/www.tvuai.com.br\/portal\/","name":"TVUAI","description":"Tudo sobre o Sul de Minas","publisher":{"@id":"https:\/\/www.tvuai.com.br\/portal\/#organization"},"potentialAction":[{"@type":"SearchAction","target":{"@type":"EntryPoint","urlTemplate":"https:\/\/www.tvuai.com.br\/portal\/?s={search_term_string}"},"query-input":{"@type":"PropertyValueSpecification","valueRequired":true,"valueName":"search_term_string"}}],"inLanguage":"pt-BR"},{"@type":"Organization","@id":"https:\/\/www.tvuai.com.br\/portal\/#organization","name":"TVUAI","url":"https:\/\/www.tvuai.com.br\/portal\/","logo":{"@type":"ImageObject","inLanguage":"pt-BR","@id":"https:\/\/www.tvuai.com.br\/portal\/#\/schema\/logo\/image\/","url":"https:\/\/i0.wp.com\/www.tvuai.com.br\/portal\/wp-content\/uploads\/2017\/12\/logo_tvuai_100H.png?fit=207%2C100&ssl=1","contentUrl":"https:\/\/i0.wp.com\/www.tvuai.com.br\/portal\/wp-content\/uploads\/2017\/12\/logo_tvuai_100H.png?fit=207%2C100&ssl=1","width":207,"height":100,"caption":"TVUAI"},"image":{"@id":"https:\/\/www.tvuai.com.br\/portal\/#\/schema\/logo\/image\/"},"sameAs":["http:\/\/www.facebook.com\/pages\/TV-Uai-Comunica\u00e7\u00e3o\/139062546157369","https:\/\/x.com\/tvuai","https:\/\/www.instagram.com\/tvuai_network\/","https:\/\/www.youtube.com\/channel\/UCB7ZPB3wRv-OpoZ_09jmnkQ"]},{"@type":"Person","@id":"https:\/\/www.tvuai.com.br\/portal\/#\/schema\/person\/d1c5c2b1dc1e658906286802aad38555","name":"Rosy Pantale\u00e3o","sameAs":["https:\/\/www.tvuai.com.br\/portal\/","https:\/\/www.facebook.com\/tvuai\/","https:\/\/www.instagram.com\/tvuai","https:\/\/x.com\/tvuai","https:\/\/www.youtube.com\/channel\/UCB7ZPB3wRv-OpoZ_09jmnkQ","tvuai"],"url":"https:\/\/www.tvuai.com.br\/portal\/author\/rosy\/"}]}},"jetpack_featured_media_url":"https:\/\/i0.wp.com\/www.tvuai.com.br\/portal\/wp-content\/uploads\/2018\/11\/forumsrs0.jpg?fit=200%2C129&ssl=1","wpmagazine_modules_lite_featured_media_urls":{"thumbnail":["https:\/\/i0.wp.com\/www.tvuai.com.br\/portal\/wp-content\/uploads\/2018\/11\/forumsrs0.jpg?resize=150%2C129&ssl=1",150,129,true],"cvmm-medium":["https:\/\/i0.wp.com\/www.tvuai.com.br\/portal\/wp-content\/uploads\/2018\/11\/forumsrs0.jpg?resize=200%2C129&ssl=1",200,129,true],"cvmm-medium-plus":["https:\/\/i0.wp.com\/www.tvuai.com.br\/portal\/wp-content\/uploads\/2018\/11\/forumsrs0.jpg?resize=200%2C129&ssl=1",200,129,true],"cvmm-portrait":["https:\/\/i0.wp.com\/www.tvuai.com.br\/portal\/wp-content\/uploads\/2018\/11\/forumsrs0.jpg?resize=200%2C129&ssl=1",200,129,true],"cvmm-medium-square":["https:\/\/i0.wp.com\/www.tvuai.com.br\/portal\/wp-content\/uploads\/2018\/11\/forumsrs0.jpg?resize=200%2C129&ssl=1",200,129,true],"cvmm-large":["https:\/\/i0.wp.com\/www.tvuai.com.br\/portal\/wp-content\/uploads\/2018\/11\/forumsrs0.jpg?resize=200%2C129&ssl=1",200,129,true],"cvmm-small":["https:\/\/i0.wp.com\/www.tvuai.com.br\/portal\/wp-content\/uploads\/2018\/11\/forumsrs0.jpg?resize=130%2C95&ssl=1",130,95,true],"full":["https:\/\/i0.wp.com\/www.tvuai.com.br\/portal\/wp-content\/uploads\/2018\/11\/forumsrs0.jpg?fit=200%2C129&ssl=1",200,129,false]},"categories_names":{"1642":{"name":"Ci\u00eancia e Tecnologia","link":"https:\/\/www.tvuai.com.br\/portal\/category\/tecnologia\/"},"19":{"name":"Not\u00edcias","link":"https:\/\/www.tvuai.com.br\/portal\/category\/noticias\/"}},"tags_names":[],"comments_number":"0","jetpack_shortlink":"https:\/\/wp.me\/p9woix-5D","jetpack_sharing_enabled":true,"_links":{"self":[{"href":"https:\/\/www.tvuai.com.br\/portal\/wp-json\/wp\/v2\/posts\/349"}],"collection":[{"href":"https:\/\/www.tvuai.com.br\/portal\/wp-json\/wp\/v2\/posts"}],"about":[{"href":"https:\/\/www.tvuai.com.br\/portal\/wp-json\/wp\/v2\/types\/post"}],"author":[{"embeddable":true,"href":"https:\/\/www.tvuai.com.br\/portal\/wp-json\/wp\/v2\/users\/2"}],"replies":[{"embeddable":true,"href":"https:\/\/www.tvuai.com.br\/portal\/wp-json\/wp\/v2\/comments?post=349"}],"version-history":[{"count":1,"href":"https:\/\/www.tvuai.com.br\/portal\/wp-json\/wp\/v2\/posts\/349\/revisions"}],"predecessor-version":[{"id":353,"href":"https:\/\/www.tvuai.com.br\/portal\/wp-json\/wp\/v2\/posts\/349\/revisions\/353"}],"wp:featuredmedia":[{"embeddable":true,"href":"https:\/\/www.tvuai.com.br\/portal\/wp-json\/wp\/v2\/media\/350"}],"wp:attachment":[{"href":"https:\/\/www.tvuai.com.br\/portal\/wp-json\/wp\/v2\/media?parent=349"}],"wp:term":[{"taxonomy":"category","embeddable":true,"href":"https:\/\/www.tvuai.com.br\/portal\/wp-json\/wp\/v2\/categories?post=349"},{"taxonomy":"post_tag","embeddable":true,"href":"https:\/\/www.tvuai.com.br\/portal\/wp-json\/wp\/v2\/tags?post=349"}],"curies":[{"name":"wp","href":"https:\/\/api.w.org\/{rel}","templated":true}]}}