{"id":3461,"date":"2022-03-14T21:01:30","date_gmt":"2022-03-15T00:01:30","guid":{"rendered":"https:\/\/www.tvuai.com.br\/portal\/?p=3461"},"modified":"2023-07-19T10:58:53","modified_gmt":"2023-07-19T13:58:53","slug":"anote-na-agenda-1a-corrida-nos-olivais-e-destaque-na-festa-do-azeite-novo-em-maria-da-fe-de-15-a-17-de-abril","status":"publish","type":"post","link":"https:\/\/www.tvuai.com.br\/portal\/anote-na-agenda-1a-corrida-nos-olivais-e-destaque-na-festa-do-azeite-novo-em-maria-da-fe-de-15-a-17-de-abril\/","title":{"rendered":"Anote na agenda: 1\u00aa Corrida nos Olivais \u00e9 destaque na Festa do Azeite Novo em Maria da F\u00e9, de 15 a 17 de abril"},"content":{"rendered":"<div class=\"5a1038e0903b96d426fcfcc338703013\" data-index=\"1\" style=\"float: right; margin:10px 0 10px 10px;\">\n<script async src=\"https:\/\/pagead2.googlesyndication.com\/pagead\/js\/adsbygoogle.js?client=ca-pub-9945944833605257\"\r\n     crossorigin=\"anonymous\"><\/script>\r\n<ins class=\"adsbygoogle\"\r\n     style=\"display:block; text-align:center;\"\r\n     data-ad-layout=\"in-article\"\r\n     data-ad-format=\"fluid\"\r\n     data-ad-client=\"ca-pub-9945944833605257\"\r\n     data-ad-slot=\"2343923581\"><\/ins>\r\n<script>\r\n     (adsbygoogle = window.adsbygoogle || []).push({});\r\n<\/script>\n<\/div>\n<p><img data-recalc-dims=\"1\" fetchpriority=\"high\" decoding=\"async\" data-attachment-id=\"3471\" data-permalink=\"https:\/\/www.tvuai.com.br\/portal\/anote-na-agenda-1a-corrida-nos-olivais-e-destaque-na-festa-do-azeite-novo-em-maria-da-fe-de-15-a-17-de-abril\/maria-da-fe1\/\" data-orig-file=\"https:\/\/i0.wp.com\/www.tvuai.com.br\/portal\/wp-content\/uploads\/2022\/03\/maria-da-f\u00e91.jpg?fit=522%2C527&amp;ssl=1\" data-orig-size=\"522,527\" data-comments-opened=\"0\" data-image-meta=\"{&quot;aperture&quot;:&quot;0&quot;,&quot;credit&quot;:&quot;&quot;,&quot;camera&quot;:&quot;&quot;,&quot;caption&quot;:&quot;&quot;,&quot;created_timestamp&quot;:&quot;0&quot;,&quot;copyright&quot;:&quot;&quot;,&quot;focal_length&quot;:&quot;0&quot;,&quot;iso&quot;:&quot;0&quot;,&quot;shutter_speed&quot;:&quot;0&quot;,&quot;title&quot;:&quot;&quot;,&quot;orientation&quot;:&quot;1&quot;}\" data-image-title=\"maria da f\u00e91\" data-image-description=\"\" data-image-caption=\"\" data-medium-file=\"https:\/\/i0.wp.com\/www.tvuai.com.br\/portal\/wp-content\/uploads\/2022\/03\/maria-da-f\u00e91.jpg?fit=297%2C300&amp;ssl=1\" data-large-file=\"https:\/\/i0.wp.com\/www.tvuai.com.br\/portal\/wp-content\/uploads\/2022\/03\/maria-da-f\u00e91.jpg?fit=522%2C527&amp;ssl=1\" tabindex=\"0\" role=\"button\" class=\"aligncenter size-full wp-image-3471\" src=\"https:\/\/i0.wp.com\/www.tvuai.com.br\/portal\/wp-content\/uploads\/2022\/03\/maria-da-f\u00e91.jpg?resize=522%2C527&#038;ssl=1\" alt=\"\" width=\"522\" height=\"527\" srcset=\"https:\/\/i0.wp.com\/www.tvuai.com.br\/portal\/wp-content\/uploads\/2022\/03\/maria-da-f\u00e91.jpg?w=522&amp;ssl=1 522w, https:\/\/i0.wp.com\/www.tvuai.com.br\/portal\/wp-content\/uploads\/2022\/03\/maria-da-f\u00e91.jpg?resize=297%2C300&amp;ssl=1 297w, https:\/\/i0.wp.com\/www.tvuai.com.br\/portal\/wp-content\/uploads\/2022\/03\/maria-da-f\u00e91.jpg?resize=150%2C150&amp;ssl=1 150w, https:\/\/i0.wp.com\/www.tvuai.com.br\/portal\/wp-content\/uploads\/2022\/03\/maria-da-f\u00e91.jpg?resize=45%2C45&amp;ssl=1 45w, https:\/\/i0.wp.com\/www.tvuai.com.br\/portal\/wp-content\/uploads\/2022\/03\/maria-da-f\u00e91.jpg?resize=100%2C100&amp;ssl=1 100w\" sizes=\"(max-width: 522px) 100vw, 522px\" \/><\/p>\n<p>A Empresa de Pesquisa Agropecu\u00e1ria de Minas Gerais (EPAMIG) vai participar da programa\u00e7\u00e3o da Festa do Azeite Novo, que acontecer\u00e1 entre os dias 15 e 17 de abril, em Maria da F\u00e9 (MG). O evento, que chega a sua terceira edi\u00e7\u00e3o, volta ao formato presencial, com uma programa\u00e7\u00e3o diversificada e com maior envolvimento dos produtores.<\/p>\n<p><img data-recalc-dims=\"1\" decoding=\"async\" data-attachment-id=\"3474\" data-permalink=\"https:\/\/www.tvuai.com.br\/portal\/anote-na-agenda-1a-corrida-nos-olivais-e-destaque-na-festa-do-azeite-novo-em-maria-da-fe-de-15-a-17-de-abril\/maria-da-fe2-2\/\" data-orig-file=\"https:\/\/i0.wp.com\/www.tvuai.com.br\/portal\/wp-content\/uploads\/2022\/03\/maria-da-f\u00e92-1.jpg?fit=300%2C178&amp;ssl=1\" data-orig-size=\"300,178\" data-comments-opened=\"0\" data-image-meta=\"{&quot;aperture&quot;:&quot;0&quot;,&quot;credit&quot;:&quot;&quot;,&quot;camera&quot;:&quot;&quot;,&quot;caption&quot;:&quot;&quot;,&quot;created_timestamp&quot;:&quot;0&quot;,&quot;copyright&quot;:&quot;&quot;,&quot;focal_length&quot;:&quot;0&quot;,&quot;iso&quot;:&quot;0&quot;,&quot;shutter_speed&quot;:&quot;0&quot;,&quot;title&quot;:&quot;&quot;,&quot;orientation&quot;:&quot;1&quot;}\" data-image-title=\"maria da f\u00e92\" data-image-description=\"\" data-image-caption=\"\" data-medium-file=\"https:\/\/i0.wp.com\/www.tvuai.com.br\/portal\/wp-content\/uploads\/2022\/03\/maria-da-f\u00e92-1.jpg?fit=300%2C178&amp;ssl=1\" data-large-file=\"https:\/\/i0.wp.com\/www.tvuai.com.br\/portal\/wp-content\/uploads\/2022\/03\/maria-da-f\u00e92-1.jpg?fit=300%2C178&amp;ssl=1\" tabindex=\"0\" role=\"button\" class=\"size-full wp-image-3474 alignright\" src=\"https:\/\/i0.wp.com\/www.tvuai.com.br\/portal\/wp-content\/uploads\/2022\/03\/maria-da-f\u00e92-1.jpg?resize=300%2C178&#038;ssl=1\" alt=\"\" width=\"300\" height=\"178\" \/>&#8220;N\u00f3s da EPAMIG participamos da idealiza\u00e7\u00e3o da primeira Festa do Azeite Novo, em 2019, que foi um marco para a divulga\u00e7\u00e3o das tecnologias para olivicultura, tanto para produtores, quanto para os setores de consumo, gastronomia e turismo. Tamb\u00e9m na edi\u00e7\u00e3o virtual de 2020, fizemos parte da equipe de realiza\u00e7\u00e3o do evento. Neste ano, o interessante, o fator novo, \u00e9 o envolvimento do setor produtivo na organiza\u00e7\u00e3o. A EPAMIG entra como apoiadora e continua cumprindo seu papel na difus\u00e3o da olivicultura na regi\u00e3o&#8221;, destaca o engenheiro agr\u00f4nomo, Pedro Moura.<\/p>\n<p>O pesquisador conta que a EPAMIG vai apresentar um hist\u00f3rico da cultura na regi\u00e3o que ser\u00e1 transmitido em diferentes momentos da festa. &#8220;Faremos um breve relato audiovisual sobre a hist\u00f3ria das oliveiras e o munic\u00edpio de Maria da F\u00e9, como as oliveiras chegaram aqui, as primeiras produ\u00e7\u00f5es, os primeiros plantios, at\u00e9 chegar ao marco hist\u00f3rico da primeira extra\u00e7\u00e3o nacional de azeite extravirgem, realizada aqui, no Campo Experimental da EPAMIG, em 2008, e ao momento atual, quando temos a expectativa de um recorde na safra da Regi\u00e3o da Serra da Mantiqueira&#8221;, revela.<\/p>\n<p><img data-recalc-dims=\"1\" decoding=\"async\" data-attachment-id=\"3473\" data-permalink=\"https:\/\/www.tvuai.com.br\/portal\/anote-na-agenda-1a-corrida-nos-olivais-e-destaque-na-festa-do-azeite-novo-em-maria-da-fe-de-15-a-17-de-abril\/maria-da-fe3-2\/\" data-orig-file=\"https:\/\/i0.wp.com\/www.tvuai.com.br\/portal\/wp-content\/uploads\/2022\/03\/maria-da-f\u00e93-1.jpg?fit=300%2C225&amp;ssl=1\" data-orig-size=\"300,225\" data-comments-opened=\"0\" data-image-meta=\"{&quot;aperture&quot;:&quot;0&quot;,&quot;credit&quot;:&quot;&quot;,&quot;camera&quot;:&quot;&quot;,&quot;caption&quot;:&quot;&quot;,&quot;created_timestamp&quot;:&quot;0&quot;,&quot;copyright&quot;:&quot;&quot;,&quot;focal_length&quot;:&quot;0&quot;,&quot;iso&quot;:&quot;0&quot;,&quot;shutter_speed&quot;:&quot;0&quot;,&quot;title&quot;:&quot;&quot;,&quot;orientation&quot;:&quot;1&quot;}\" data-image-title=\"maria da f\u00e93\" data-image-description=\"\" data-image-caption=\"\" data-medium-file=\"https:\/\/i0.wp.com\/www.tvuai.com.br\/portal\/wp-content\/uploads\/2022\/03\/maria-da-f\u00e93-1.jpg?fit=300%2C225&amp;ssl=1\" data-large-file=\"https:\/\/i0.wp.com\/www.tvuai.com.br\/portal\/wp-content\/uploads\/2022\/03\/maria-da-f\u00e93-1.jpg?fit=300%2C225&amp;ssl=1\" tabindex=\"0\" role=\"button\" class=\"size-full wp-image-3473 alignleft\" src=\"https:\/\/i0.wp.com\/www.tvuai.com.br\/portal\/wp-content\/uploads\/2022\/03\/maria-da-f\u00e93-1.jpg?resize=300%2C225&#038;ssl=1\" alt=\"\" width=\"300\" height=\"225\" \/>Rosana Chiavassa, propriet\u00e1ria da Fazenda Santa Helena, produtora do Azeite Monasto, em Maria da F\u00e9, \u00e9 a respons\u00e1vel pela organiza\u00e7\u00e3o da Festa do Azeite Novo em 2022. &#8220;A Festa do Azeite para Maria da F\u00e9 tem um v\u00ednculo enorme com a hist\u00f3ria da cidade, com o nosso azeite. Ent\u00e3o, eu creio que esse retorno do evento presencial ser\u00e1 uma alegria para os cidad\u00e3os de Maria da F\u00e9, bem como para o turismo. Desde que eu entrei nisso, em 2018, o azeite vem crescendo cada vez mais. Em 2018, muita gente perguntava para mim, que tenho resid\u00eancia em S\u00e3o Paulo, &#8216;Mas o Brasil produz azeite?&#8217; Hoje, a exist\u00eancia do azeite brasileiro j\u00e1 \u00e9 uma realidade, o azeite de Maria da F\u00e9 \u00e9 uma realidade&#8221;, diz, enfatizando o apoio do poder p\u00fablico e popula\u00e7\u00e3o local. &#8220;Agradecemos \u00e0 Prefeitura e aos secret\u00e1rios de Turismo e de Esporte pelo total empenho. Esse \u00e9, sobretudo, um evento da cidade de Maria da F\u00e9&#8221;.<\/p>\n<p style=\"text-align: center\"><strong>Programa\u00e7\u00e3o Diversificada<\/strong><\/p>\n<p>A programa\u00e7\u00e3o da Festa do Azeite Novo contempla visita \u00e0s propriedades, palestras, cursos e minicursos. Dentre os destaques, est\u00e3o degusta\u00e7\u00f5es de azeite, visitas guiadas nos olivais ao p\u00f4r-do-sol, almo\u00e7os e jantares especiais, o 2\u00ba Concurso Azeite no Prato, promovido pela Fazenda Maria da F\u00e9 e a 1\u00aa Corrida nos Olivais, que contar\u00e1 com trajetos de 5km e de 10km, por propriedades da regi\u00e3o.<\/p>\n<p>&#8220;No primeiro dia da Festa, teremos a presen\u00e7a da Ana Beloto, uma das principais azeit\u00f3logas do pa\u00eds, que est\u00e1 lan\u00e7ando um livro sobre a hist\u00f3ria do azeite, incluindo, obviamente, Maria da F\u00e9. N\u00f3s temos pela primeira vez a participa\u00e7\u00e3o direta de alguns dos olivicultores da cidade e cada um far\u00e1, no seu olival, eventos que trar\u00e3o esse contato com as oliveiras. Ser\u00e3o quatro propriedades, a Fazenda Maria da F\u00e9, a Casa Grappolo, o Olival de Quelem\u00e9m e a Fazenda Santa Helena, realizando eventos de comemora\u00e7\u00e3o da colheita, e isso para n\u00f3s \u00e9 muito importante&#8221;, ressalta Rosana Chiavassa.<\/p>\n<p>Em sua propriedade, a Fazenda Santa Helena, al\u00e9m de dois almo\u00e7os e do tour ao p\u00f4r-do-sol, Rosana promover\u00e1, no s\u00e1bado, 16 de abril, uma apresenta\u00e7\u00e3o de violoncelo e flauta ao entardecer. &#8220;Teremos a participa\u00e7\u00e3o de um casal de artistas que tocam M\u00fasica Popular Brasileira de uma forma um pouco mais erudita, ao p\u00f4r-do-sol. Acredito que vai ser muito lindo&#8221;, afirma, refor\u00e7ando o convite: &#8220;Os visitantes v\u00e3o poder acompanhar toda a programa\u00e7\u00e3o, nas propriedades que escolherem. Convidamos os turistas, que gostam de esporte, os que sabem apreciar um bom azeite ou querem conhecer a hist\u00f3ria, a desfrutar esse momento e os azeites que s\u00e3o fant\u00e1sticos!&#8221;.<\/p>\n<p>Al\u00e9m da programa\u00e7\u00e3o nas fazendas e restaurantes, est\u00e3o previstas atividades na pra\u00e7a e no Centro Cultural da cidade. Mais informa\u00e7\u00f5es sobre o evento podem ser obtidas pelo telefone (35) 3662-1463 e acompanhadas pelo <span style=\"color: #000080\"><strong><a style=\"color: #000080\" href=\"https:\/\/www.instagram.com\/festadoazeitenovomg\/\">Instagram<\/a><\/strong><\/span>.<\/p>\n<p style=\"text-align: center\"><strong>A Olivicultura na Serra da Mantiqueira<\/strong><\/p>\n<p>A EPAMIG \u00e9 pioneira em pesquisas sobre olivicultura no pa\u00eds. Os trabalhos, iniciados na d\u00e9cada de 1970, s\u00e3o realizados no Campo Experimental de Maria da F\u00e9 (Sul de Minas) e contemplam a sele\u00e7\u00e3o de variedades mais adequadas \u00e0s condi\u00e7\u00f5es brasileiras, a produ\u00e7\u00e3o de mudas de qualidade e de azeite extravirgem, e os servi\u00e7os de extra\u00e7\u00e3o e an\u00e1lises laboratoriais da azeitona e do azeite.<\/p>\n<p>Os azeites de oliva extravirgens produzidos na regi\u00e3o da Serra da Mantiqueira, entre os estados de Minas Gerais, S\u00e3o Paulo e Rio de Janeiro, t\u00eam se destacado pelo frescor e pela qualidade e conquistado pr\u00eamios em concursos internacionais. Atualmente, a regi\u00e3o conta com cerca de 200 olivicultores e 90 marcas pr\u00f3prias.<\/p>\n<p style=\"text-align: center\"><strong>Festa do Azeite Novo em 2022<\/strong><\/p>\n<p><img data-recalc-dims=\"1\" loading=\"lazy\" decoding=\"async\" data-attachment-id=\"3468\" data-permalink=\"https:\/\/www.tvuai.com.br\/portal\/anote-na-agenda-1a-corrida-nos-olivais-e-destaque-na-festa-do-azeite-novo-em-maria-da-fe-de-15-a-17-de-abril\/maria-da-fe8\/\" data-orig-file=\"https:\/\/i0.wp.com\/www.tvuai.com.br\/portal\/wp-content\/uploads\/2022\/03\/maria-da-f\u00e98.jpg?fit=600%2C848&amp;ssl=1\" data-orig-size=\"600,848\" data-comments-opened=\"0\" data-image-meta=\"{&quot;aperture&quot;:&quot;0&quot;,&quot;credit&quot;:&quot;&quot;,&quot;camera&quot;:&quot;&quot;,&quot;caption&quot;:&quot;&quot;,&quot;created_timestamp&quot;:&quot;0&quot;,&quot;copyright&quot;:&quot;&quot;,&quot;focal_length&quot;:&quot;0&quot;,&quot;iso&quot;:&quot;0&quot;,&quot;shutter_speed&quot;:&quot;0&quot;,&quot;title&quot;:&quot;&quot;,&quot;orientation&quot;:&quot;1&quot;}\" data-image-title=\"maria da f\u00e98\" data-image-description=\"\" data-image-caption=\"\" data-medium-file=\"https:\/\/i0.wp.com\/www.tvuai.com.br\/portal\/wp-content\/uploads\/2022\/03\/maria-da-f\u00e98.jpg?fit=212%2C300&amp;ssl=1\" data-large-file=\"https:\/\/i0.wp.com\/www.tvuai.com.br\/portal\/wp-content\/uploads\/2022\/03\/maria-da-f\u00e98.jpg?fit=600%2C848&amp;ssl=1\" tabindex=\"0\" role=\"button\" class=\"aligncenter size-full wp-image-3468\" src=\"https:\/\/i0.wp.com\/www.tvuai.com.br\/portal\/wp-content\/uploads\/2022\/03\/maria-da-f\u00e98.jpg?resize=600%2C848&#038;ssl=1\" alt=\"\" width=\"600\" height=\"848\" srcset=\"https:\/\/i0.wp.com\/www.tvuai.com.br\/portal\/wp-content\/uploads\/2022\/03\/maria-da-f\u00e98.jpg?w=600&amp;ssl=1 600w, https:\/\/i0.wp.com\/www.tvuai.com.br\/portal\/wp-content\/uploads\/2022\/03\/maria-da-f\u00e98.jpg?resize=212%2C300&amp;ssl=1 212w\" sizes=\"(max-width: 600px) 100vw, 600px\" \/><\/p>\n<p><img data-recalc-dims=\"1\" loading=\"lazy\" decoding=\"async\" data-attachment-id=\"3464\" data-permalink=\"https:\/\/www.tvuai.com.br\/portal\/anote-na-agenda-1a-corrida-nos-olivais-e-destaque-na-festa-do-azeite-novo-em-maria-da-fe-de-15-a-17-de-abril\/maria-da-fe4\/\" data-orig-file=\"https:\/\/i0.wp.com\/www.tvuai.com.br\/portal\/wp-content\/uploads\/2022\/03\/maria-da-f\u00e94.jpg?fit=600%2C848&amp;ssl=1\" data-orig-size=\"600,848\" data-comments-opened=\"0\" data-image-meta=\"{&quot;aperture&quot;:&quot;0&quot;,&quot;credit&quot;:&quot;&quot;,&quot;camera&quot;:&quot;&quot;,&quot;caption&quot;:&quot;&quot;,&quot;created_timestamp&quot;:&quot;0&quot;,&quot;copyright&quot;:&quot;&quot;,&quot;focal_length&quot;:&quot;0&quot;,&quot;iso&quot;:&quot;0&quot;,&quot;shutter_speed&quot;:&quot;0&quot;,&quot;title&quot;:&quot;&quot;,&quot;orientation&quot;:&quot;1&quot;}\" data-image-title=\"maria da f\u00e94\" data-image-description=\"\" data-image-caption=\"\" data-medium-file=\"https:\/\/i0.wp.com\/www.tvuai.com.br\/portal\/wp-content\/uploads\/2022\/03\/maria-da-f\u00e94.jpg?fit=212%2C300&amp;ssl=1\" data-large-file=\"https:\/\/i0.wp.com\/www.tvuai.com.br\/portal\/wp-content\/uploads\/2022\/03\/maria-da-f\u00e94.jpg?fit=600%2C848&amp;ssl=1\" tabindex=\"0\" role=\"button\" class=\"aligncenter size-full wp-image-3464\" src=\"https:\/\/i0.wp.com\/www.tvuai.com.br\/portal\/wp-content\/uploads\/2022\/03\/maria-da-f\u00e94.jpg?resize=600%2C848&#038;ssl=1\" alt=\"\" width=\"600\" height=\"848\" srcset=\"https:\/\/i0.wp.com\/www.tvuai.com.br\/portal\/wp-content\/uploads\/2022\/03\/maria-da-f\u00e94.jpg?w=600&amp;ssl=1 600w, https:\/\/i0.wp.com\/www.tvuai.com.br\/portal\/wp-content\/uploads\/2022\/03\/maria-da-f\u00e94.jpg?resize=212%2C300&amp;ssl=1 212w\" sizes=\"(max-width: 600px) 100vw, 600px\" \/><\/p>\n<p><img data-recalc-dims=\"1\" loading=\"lazy\" decoding=\"async\" data-attachment-id=\"3465\" data-permalink=\"https:\/\/www.tvuai.com.br\/portal\/anote-na-agenda-1a-corrida-nos-olivais-e-destaque-na-festa-do-azeite-novo-em-maria-da-fe-de-15-a-17-de-abril\/maria-da-fe5\/\" data-orig-file=\"https:\/\/i0.wp.com\/www.tvuai.com.br\/portal\/wp-content\/uploads\/2022\/03\/maria-da-f\u00e95.jpg?fit=600%2C848&amp;ssl=1\" data-orig-size=\"600,848\" data-comments-opened=\"0\" data-image-meta=\"{&quot;aperture&quot;:&quot;0&quot;,&quot;credit&quot;:&quot;&quot;,&quot;camera&quot;:&quot;&quot;,&quot;caption&quot;:&quot;&quot;,&quot;created_timestamp&quot;:&quot;0&quot;,&quot;copyright&quot;:&quot;&quot;,&quot;focal_length&quot;:&quot;0&quot;,&quot;iso&quot;:&quot;0&quot;,&quot;shutter_speed&quot;:&quot;0&quot;,&quot;title&quot;:&quot;&quot;,&quot;orientation&quot;:&quot;1&quot;}\" data-image-title=\"maria da f\u00e95\" data-image-description=\"\" data-image-caption=\"\" data-medium-file=\"https:\/\/i0.wp.com\/www.tvuai.com.br\/portal\/wp-content\/uploads\/2022\/03\/maria-da-f\u00e95.jpg?fit=212%2C300&amp;ssl=1\" data-large-file=\"https:\/\/i0.wp.com\/www.tvuai.com.br\/portal\/wp-content\/uploads\/2022\/03\/maria-da-f\u00e95.jpg?fit=600%2C848&amp;ssl=1\" tabindex=\"0\" role=\"button\" class=\"aligncenter size-full wp-image-3465\" src=\"https:\/\/i0.wp.com\/www.tvuai.com.br\/portal\/wp-content\/uploads\/2022\/03\/maria-da-f\u00e95.jpg?resize=600%2C848&#038;ssl=1\" alt=\"\" width=\"600\" height=\"848\" srcset=\"https:\/\/i0.wp.com\/www.tvuai.com.br\/portal\/wp-content\/uploads\/2022\/03\/maria-da-f\u00e95.jpg?w=600&amp;ssl=1 600w, https:\/\/i0.wp.com\/www.tvuai.com.br\/portal\/wp-content\/uploads\/2022\/03\/maria-da-f\u00e95.jpg?resize=212%2C300&amp;ssl=1 212w\" sizes=\"(max-width: 600px) 100vw, 600px\" \/><\/p>\n<p><img data-recalc-dims=\"1\" loading=\"lazy\" decoding=\"async\" data-attachment-id=\"3466\" data-permalink=\"https:\/\/www.tvuai.com.br\/portal\/anote-na-agenda-1a-corrida-nos-olivais-e-destaque-na-festa-do-azeite-novo-em-maria-da-fe-de-15-a-17-de-abril\/maria-da-fe6\/\" data-orig-file=\"https:\/\/i0.wp.com\/www.tvuai.com.br\/portal\/wp-content\/uploads\/2022\/03\/maria-da-f\u00e96.jpg?fit=600%2C848&amp;ssl=1\" data-orig-size=\"600,848\" data-comments-opened=\"0\" data-image-meta=\"{&quot;aperture&quot;:&quot;0&quot;,&quot;credit&quot;:&quot;&quot;,&quot;camera&quot;:&quot;&quot;,&quot;caption&quot;:&quot;&quot;,&quot;created_timestamp&quot;:&quot;0&quot;,&quot;copyright&quot;:&quot;&quot;,&quot;focal_length&quot;:&quot;0&quot;,&quot;iso&quot;:&quot;0&quot;,&quot;shutter_speed&quot;:&quot;0&quot;,&quot;title&quot;:&quot;&quot;,&quot;orientation&quot;:&quot;1&quot;}\" data-image-title=\"maria da f\u00e96\" data-image-description=\"\" data-image-caption=\"\" data-medium-file=\"https:\/\/i0.wp.com\/www.tvuai.com.br\/portal\/wp-content\/uploads\/2022\/03\/maria-da-f\u00e96.jpg?fit=212%2C300&amp;ssl=1\" data-large-file=\"https:\/\/i0.wp.com\/www.tvuai.com.br\/portal\/wp-content\/uploads\/2022\/03\/maria-da-f\u00e96.jpg?fit=600%2C848&amp;ssl=1\" tabindex=\"0\" role=\"button\" class=\"aligncenter size-full wp-image-3466\" src=\"https:\/\/i0.wp.com\/www.tvuai.com.br\/portal\/wp-content\/uploads\/2022\/03\/maria-da-f\u00e96.jpg?resize=600%2C848&#038;ssl=1\" alt=\"\" width=\"600\" height=\"848\" srcset=\"https:\/\/i0.wp.com\/www.tvuai.com.br\/portal\/wp-content\/uploads\/2022\/03\/maria-da-f\u00e96.jpg?w=600&amp;ssl=1 600w, https:\/\/i0.wp.com\/www.tvuai.com.br\/portal\/wp-content\/uploads\/2022\/03\/maria-da-f\u00e96.jpg?resize=212%2C300&amp;ssl=1 212w\" sizes=\"(max-width: 600px) 100vw, 600px\" \/><\/p>\n<p><img data-recalc-dims=\"1\" loading=\"lazy\" decoding=\"async\" data-attachment-id=\"3467\" data-permalink=\"https:\/\/www.tvuai.com.br\/portal\/anote-na-agenda-1a-corrida-nos-olivais-e-destaque-na-festa-do-azeite-novo-em-maria-da-fe-de-15-a-17-de-abril\/maria-da-fe7\/\" data-orig-file=\"https:\/\/i0.wp.com\/www.tvuai.com.br\/portal\/wp-content\/uploads\/2022\/03\/maria-da-f\u00e97.jpg?fit=600%2C848&amp;ssl=1\" data-orig-size=\"600,848\" data-comments-opened=\"0\" data-image-meta=\"{&quot;aperture&quot;:&quot;0&quot;,&quot;credit&quot;:&quot;&quot;,&quot;camera&quot;:&quot;&quot;,&quot;caption&quot;:&quot;&quot;,&quot;created_timestamp&quot;:&quot;0&quot;,&quot;copyright&quot;:&quot;&quot;,&quot;focal_length&quot;:&quot;0&quot;,&quot;iso&quot;:&quot;0&quot;,&quot;shutter_speed&quot;:&quot;0&quot;,&quot;title&quot;:&quot;&quot;,&quot;orientation&quot;:&quot;1&quot;}\" data-image-title=\"maria da f\u00e97\" data-image-description=\"\" data-image-caption=\"\" data-medium-file=\"https:\/\/i0.wp.com\/www.tvuai.com.br\/portal\/wp-content\/uploads\/2022\/03\/maria-da-f\u00e97.jpg?fit=212%2C300&amp;ssl=1\" data-large-file=\"https:\/\/i0.wp.com\/www.tvuai.com.br\/portal\/wp-content\/uploads\/2022\/03\/maria-da-f\u00e97.jpg?fit=600%2C848&amp;ssl=1\" tabindex=\"0\" role=\"button\" class=\"aligncenter size-full wp-image-3467\" src=\"https:\/\/i0.wp.com\/www.tvuai.com.br\/portal\/wp-content\/uploads\/2022\/03\/maria-da-f\u00e97.jpg?resize=600%2C848&#038;ssl=1\" alt=\"\" width=\"600\" height=\"848\" srcset=\"https:\/\/i0.wp.com\/www.tvuai.com.br\/portal\/wp-content\/uploads\/2022\/03\/maria-da-f\u00e97.jpg?w=600&amp;ssl=1 600w, https:\/\/i0.wp.com\/www.tvuai.com.br\/portal\/wp-content\/uploads\/2022\/03\/maria-da-f\u00e97.jpg?resize=212%2C300&amp;ssl=1 212w\" sizes=\"(max-width: 600px) 100vw, 600px\" \/><\/p>\n<p>&nbsp;<\/p>\n\n<div style=\"font-size: 0px; height: 0px; line-height: 0px; margin: 0; padding: 0; clear: both;\"><\/div><div class='share-to-whatsapp-wrapper'><div class='share-on-whsp'>Share on: <\/div><a data-text='Anote na agenda: 1\u00aa Corrida nos Olivais \u00e9 destaque na Festa do Azeite Novo em Maria da F\u00e9, de 15 a 17 de abril' data-link='https:\/\/www.tvuai.com.br\/portal\/anote-na-agenda-1a-corrida-nos-olivais-e-destaque-na-festa-do-azeite-novo-em-maria-da-fe-de-15-a-17-de-abril\/' class='whatsapp-button whatsapp-share'>WhatsApp<\/a><div class='clear '><\/div><\/div><!-- AddThis Advanced Settings generic via filter on the_content --><!-- AddThis Share Buttons generic via filter on the_content -->","protected":false},"excerpt":{"rendered":"<p>A Empresa de Pesquisa Agropecu\u00e1ria de Minas Gerais (EPAMIG) vai participar da programa\u00e7\u00e3o da Festa do Azeite Novo, que acontecer\u00e1 entre os dias 15 e 17 de abril, em Maria da F\u00e9 (MG). O evento, que chega a sua terceira edi\u00e7\u00e3o, volta ao formato presencial, com uma programa\u00e7\u00e3o diversificada e com maior envolvimento dos produtores. [&hellip;]<!-- AddThis Advanced Settings generic via filter on get_the_excerpt --><!-- AddThis Share Buttons generic via filter on get_the_excerpt --><\/p>\n","protected":false},"author":2,"featured_media":3470,"comment_status":"closed","ping_status":"closed","sticky":false,"template":"","format":"standard","meta":{"jetpack_post_was_ever_published":false,"_jetpack_newsletter_access":"","_jetpack_dont_email_post_to_subs":false,"_jetpack_newsletter_tier_id":0,"_jetpack_memberships_contains_paywalled_content":false,"_jetpack_memberships_contains_paid_content":false,"_joinchat":[],"footnotes":"","jetpack_publicize_message":"","jetpack_publicize_feature_enabled":true,"jetpack_social_post_already_shared":true,"jetpack_social_options":{"image_generator_settings":{"template":"highway","enabled":false},"version":2}},"categories":[1969,20,1819,19],"tags":[667,671,670,67,666,669,664,672,665,37,668,673,39,27],"class_list":["post-3461","post","type-post","status-publish","format-standard","has-post-thumbnail","hentry","category-agricultura","category-entretenimento","category-esportes","category-noticias","tag-1a-corrida-nos-olivais","tag-azeiteextravirgem","tag-azeitesdobrasil","tag-epamig","tag-fazenda-maria-da-fe","tag-fazenda-santa-helena","tag-festa-do-azeite-novo-em-maria-da-fe","tag-mariadafe-destinomantiqueira","tag-pedro-moura","tag-pouso-alegre","tag-rosana-chiavassa","tag-saboresdamantiqueira","tag-sul-de-minas","tag-tv-uai"],"jetpack_publicize_connections":[],"yoast_head":"<!-- This site is optimized with the Yoast SEO plugin v23.5 - https:\/\/yoast.com\/wordpress\/plugins\/seo\/ -->\n<title>Anote na agenda: 1\u00aa Corrida nos Olivais \u00e9 destaque na Festa do Azeite Novo em Maria da F\u00e9, de 15 a 17 de abril - TVUAI<\/title>\n<meta name=\"robots\" content=\"index, follow, max-snippet:-1, max-image-preview:large, max-video-preview:-1\" \/>\n<link rel=\"canonical\" href=\"https:\/\/www.tvuai.com.br\/portal\/anote-na-agenda-1a-corrida-nos-olivais-e-destaque-na-festa-do-azeite-novo-em-maria-da-fe-de-15-a-17-de-abril\/\" \/>\n<meta property=\"og:locale\" content=\"pt_BR\" \/>\n<meta property=\"og:type\" content=\"article\" \/>\n<meta property=\"og:title\" content=\"Anote na agenda: 1\u00aa Corrida nos Olivais \u00e9 destaque na Festa do Azeite Novo em Maria da F\u00e9, de 15 a 17 de abril - TVUAI\" \/>\n<meta property=\"og:description\" content=\"A Empresa de Pesquisa Agropecu\u00e1ria de Minas Gerais (EPAMIG) vai participar da programa\u00e7\u00e3o da Festa do Azeite Novo, que acontecer\u00e1 entre os dias 15 e 17 de abril, em Maria da F\u00e9 (MG). O evento, que chega a sua terceira edi\u00e7\u00e3o, volta ao formato presencial, com uma programa\u00e7\u00e3o diversificada e com maior envolvimento dos produtores. [&hellip;]\" \/>\n<meta property=\"og:url\" content=\"https:\/\/www.tvuai.com.br\/portal\/anote-na-agenda-1a-corrida-nos-olivais-e-destaque-na-festa-do-azeite-novo-em-maria-da-fe-de-15-a-17-de-abril\/\" \/>\n<meta property=\"og:site_name\" content=\"TVUAI\" \/>\n<meta property=\"article:publisher\" content=\"http:\/\/www.facebook.com\/pages\/TV-Uai-Comunica%c3%a7%c3%a3o\/139062546157369\" \/>\n<meta property=\"article:author\" content=\"https:\/\/www.facebook.com\/tvuai\/\" \/>\n<meta property=\"article:published_time\" content=\"2022-03-15T00:01:30+00:00\" \/>\n<meta property=\"article:modified_time\" content=\"2023-07-19T13:58:53+00:00\" \/>\n<meta property=\"og:image\" content=\"https:\/\/www.tvuai.com.br\/portal\/wp-content\/uploads\/2022\/03\/maria-da-f\u00e90.jpg\" \/>\n\t<meta property=\"og:image:width\" content=\"200\" \/>\n\t<meta property=\"og:image:height\" content=\"200\" \/>\n\t<meta property=\"og:image:type\" content=\"image\/jpeg\" \/>\n<meta name=\"author\" content=\"Rosy Pantale\u00e3o\" \/>\n<meta name=\"twitter:card\" content=\"summary_large_image\" \/>\n<meta name=\"twitter:creator\" content=\"@tvuai\" \/>\n<meta name=\"twitter:site\" content=\"@tvuai\" \/>\n<meta name=\"twitter:label1\" content=\"Escrito por\" \/>\n\t<meta name=\"twitter:data1\" content=\"Rosy Pantale\u00e3o\" \/>\n\t<meta name=\"twitter:label2\" content=\"Est. tempo de leitura\" \/>\n\t<meta name=\"twitter:data2\" content=\"4 minutos\" \/>\n<script type=\"application\/ld+json\" class=\"yoast-schema-graph\">{\"@context\":\"https:\/\/schema.org\",\"@graph\":[{\"@type\":\"Article\",\"@id\":\"https:\/\/www.tvuai.com.br\/portal\/anote-na-agenda-1a-corrida-nos-olivais-e-destaque-na-festa-do-azeite-novo-em-maria-da-fe-de-15-a-17-de-abril\/#article\",\"isPartOf\":{\"@id\":\"https:\/\/www.tvuai.com.br\/portal\/anote-na-agenda-1a-corrida-nos-olivais-e-destaque-na-festa-do-azeite-novo-em-maria-da-fe-de-15-a-17-de-abril\/\"},\"author\":{\"name\":\"Rosy Pantale\u00e3o\",\"@id\":\"https:\/\/www.tvuai.com.br\/portal\/#\/schema\/person\/d1c5c2b1dc1e658906286802aad38555\"},\"headline\":\"Anote na agenda: 1\u00aa Corrida nos Olivais \u00e9 destaque na Festa do Azeite Novo em Maria da F\u00e9, de 15 a 17 de abril\",\"datePublished\":\"2022-03-15T00:01:30+00:00\",\"dateModified\":\"2023-07-19T13:58:53+00:00\",\"mainEntityOfPage\":{\"@id\":\"https:\/\/www.tvuai.com.br\/portal\/anote-na-agenda-1a-corrida-nos-olivais-e-destaque-na-festa-do-azeite-novo-em-maria-da-fe-de-15-a-17-de-abril\/\"},\"wordCount\":904,\"publisher\":{\"@id\":\"https:\/\/www.tvuai.com.br\/portal\/#organization\"},\"image\":{\"@id\":\"https:\/\/www.tvuai.com.br\/portal\/anote-na-agenda-1a-corrida-nos-olivais-e-destaque-na-festa-do-azeite-novo-em-maria-da-fe-de-15-a-17-de-abril\/#primaryimage\"},\"thumbnailUrl\":\"https:\/\/i0.wp.com\/www.tvuai.com.br\/portal\/wp-content\/uploads\/2022\/03\/maria-da-f\u00e90.jpg?fit=200%2C200&ssl=1\",\"keywords\":[\"1\u00aa Corrida nos Olivais\",\"azeiteextravirgem\",\"azeitesdobrasil\",\"Epamig\",\"Fazenda Maria da F\u00e9\",\"Fazenda Santa Helena\",\"Festa do Azeite Novo em Maria da F\u00e9\",\"mariadaf\u00e9 destinomantiqueira\",\"Pedro Moura\",\"Pouso Alegre\",\"Rosana Chiavassa\",\"saboresdamantiqueira\",\"Sul de Minas\",\"TV Uai\"],\"articleSection\":[\"Agricultura\",\"Entretenimento\",\"Esportes\",\"Not\u00edcias\"],\"inLanguage\":\"pt-BR\"},{\"@type\":\"WebPage\",\"@id\":\"https:\/\/www.tvuai.com.br\/portal\/anote-na-agenda-1a-corrida-nos-olivais-e-destaque-na-festa-do-azeite-novo-em-maria-da-fe-de-15-a-17-de-abril\/\",\"url\":\"https:\/\/www.tvuai.com.br\/portal\/anote-na-agenda-1a-corrida-nos-olivais-e-destaque-na-festa-do-azeite-novo-em-maria-da-fe-de-15-a-17-de-abril\/\",\"name\":\"Anote na agenda: 1\u00aa Corrida nos Olivais \u00e9 destaque na Festa do Azeite Novo em Maria da F\u00e9, de 15 a 17 de abril - TVUAI\",\"isPartOf\":{\"@id\":\"https:\/\/www.tvuai.com.br\/portal\/#website\"},\"primaryImageOfPage\":{\"@id\":\"https:\/\/www.tvuai.com.br\/portal\/anote-na-agenda-1a-corrida-nos-olivais-e-destaque-na-festa-do-azeite-novo-em-maria-da-fe-de-15-a-17-de-abril\/#primaryimage\"},\"image\":{\"@id\":\"https:\/\/www.tvuai.com.br\/portal\/anote-na-agenda-1a-corrida-nos-olivais-e-destaque-na-festa-do-azeite-novo-em-maria-da-fe-de-15-a-17-de-abril\/#primaryimage\"},\"thumbnailUrl\":\"https:\/\/i0.wp.com\/www.tvuai.com.br\/portal\/wp-content\/uploads\/2022\/03\/maria-da-f\u00e90.jpg?fit=200%2C200&ssl=1\",\"datePublished\":\"2022-03-15T00:01:30+00:00\",\"dateModified\":\"2023-07-19T13:58:53+00:00\",\"breadcrumb\":{\"@id\":\"https:\/\/www.tvuai.com.br\/portal\/anote-na-agenda-1a-corrida-nos-olivais-e-destaque-na-festa-do-azeite-novo-em-maria-da-fe-de-15-a-17-de-abril\/#breadcrumb\"},\"inLanguage\":\"pt-BR\",\"potentialAction\":[{\"@type\":\"ReadAction\",\"target\":[\"https:\/\/www.tvuai.com.br\/portal\/anote-na-agenda-1a-corrida-nos-olivais-e-destaque-na-festa-do-azeite-novo-em-maria-da-fe-de-15-a-17-de-abril\/\"]}]},{\"@type\":\"ImageObject\",\"inLanguage\":\"pt-BR\",\"@id\":\"https:\/\/www.tvuai.com.br\/portal\/anote-na-agenda-1a-corrida-nos-olivais-e-destaque-na-festa-do-azeite-novo-em-maria-da-fe-de-15-a-17-de-abril\/#primaryimage\",\"url\":\"https:\/\/i0.wp.com\/www.tvuai.com.br\/portal\/wp-content\/uploads\/2022\/03\/maria-da-f\u00e90.jpg?fit=200%2C200&ssl=1\",\"contentUrl\":\"https:\/\/i0.wp.com\/www.tvuai.com.br\/portal\/wp-content\/uploads\/2022\/03\/maria-da-f\u00e90.jpg?fit=200%2C200&ssl=1\",\"width\":200,\"height\":200},{\"@type\":\"BreadcrumbList\",\"@id\":\"https:\/\/www.tvuai.com.br\/portal\/anote-na-agenda-1a-corrida-nos-olivais-e-destaque-na-festa-do-azeite-novo-em-maria-da-fe-de-15-a-17-de-abril\/#breadcrumb\",\"itemListElement\":[{\"@type\":\"ListItem\",\"position\":1,\"name\":\"In\u00edcio\",\"item\":\"https:\/\/www.tvuai.com.br\/portal\/\"},{\"@type\":\"ListItem\",\"position\":2,\"name\":\"Anote na agenda: 1\u00aa Corrida nos Olivais \u00e9 destaque na Festa do Azeite Novo em Maria da F\u00e9, de 15 a 17 de abril\"}]},{\"@type\":\"WebSite\",\"@id\":\"https:\/\/www.tvuai.com.br\/portal\/#website\",\"url\":\"https:\/\/www.tvuai.com.br\/portal\/\",\"name\":\"TVUAI\",\"description\":\"Tudo sobre o Sul de Minas\",\"publisher\":{\"@id\":\"https:\/\/www.tvuai.com.br\/portal\/#organization\"},\"potentialAction\":[{\"@type\":\"SearchAction\",\"target\":{\"@type\":\"EntryPoint\",\"urlTemplate\":\"https:\/\/www.tvuai.com.br\/portal\/?s={search_term_string}\"},\"query-input\":{\"@type\":\"PropertyValueSpecification\",\"valueRequired\":true,\"valueName\":\"search_term_string\"}}],\"inLanguage\":\"pt-BR\"},{\"@type\":\"Organization\",\"@id\":\"https:\/\/www.tvuai.com.br\/portal\/#organization\",\"name\":\"TVUAI\",\"url\":\"https:\/\/www.tvuai.com.br\/portal\/\",\"logo\":{\"@type\":\"ImageObject\",\"inLanguage\":\"pt-BR\",\"@id\":\"https:\/\/www.tvuai.com.br\/portal\/#\/schema\/logo\/image\/\",\"url\":\"https:\/\/i0.wp.com\/www.tvuai.com.br\/portal\/wp-content\/uploads\/2017\/12\/logo_tvuai_100H.png?fit=207%2C100&ssl=1\",\"contentUrl\":\"https:\/\/i0.wp.com\/www.tvuai.com.br\/portal\/wp-content\/uploads\/2017\/12\/logo_tvuai_100H.png?fit=207%2C100&ssl=1\",\"width\":207,\"height\":100,\"caption\":\"TVUAI\"},\"image\":{\"@id\":\"https:\/\/www.tvuai.com.br\/portal\/#\/schema\/logo\/image\/\"},\"sameAs\":[\"http:\/\/www.facebook.com\/pages\/TV-Uai-Comunica\u00e7\u00e3o\/139062546157369\",\"https:\/\/x.com\/tvuai\",\"https:\/\/www.instagram.com\/tvuai_network\/\",\"https:\/\/www.youtube.com\/channel\/UCB7ZPB3wRv-OpoZ_09jmnkQ\"]},{\"@type\":\"Person\",\"@id\":\"https:\/\/www.tvuai.com.br\/portal\/#\/schema\/person\/d1c5c2b1dc1e658906286802aad38555\",\"name\":\"Rosy Pantale\u00e3o\",\"sameAs\":[\"https:\/\/www.tvuai.com.br\/portal\/\",\"https:\/\/www.facebook.com\/tvuai\/\",\"https:\/\/www.instagram.com\/tvuai\",\"https:\/\/x.com\/tvuai\",\"https:\/\/www.youtube.com\/channel\/UCB7ZPB3wRv-OpoZ_09jmnkQ\",\"tvuai\"],\"url\":\"https:\/\/www.tvuai.com.br\/portal\/author\/rosy\/\"}]}<\/script>\n<!-- \/ Yoast SEO plugin. -->","yoast_head_json":{"title":"Anote na agenda: 1\u00aa Corrida nos Olivais \u00e9 destaque na Festa do Azeite Novo em Maria da F\u00e9, de 15 a 17 de abril - TVUAI","robots":{"index":"index","follow":"follow","max-snippet":"max-snippet:-1","max-image-preview":"max-image-preview:large","max-video-preview":"max-video-preview:-1"},"canonical":"https:\/\/www.tvuai.com.br\/portal\/anote-na-agenda-1a-corrida-nos-olivais-e-destaque-na-festa-do-azeite-novo-em-maria-da-fe-de-15-a-17-de-abril\/","og_locale":"pt_BR","og_type":"article","og_title":"Anote na agenda: 1\u00aa Corrida nos Olivais \u00e9 destaque na Festa do Azeite Novo em Maria da F\u00e9, de 15 a 17 de abril - TVUAI","og_description":"A Empresa de Pesquisa Agropecu\u00e1ria de Minas Gerais (EPAMIG) vai participar da programa\u00e7\u00e3o da Festa do Azeite Novo, que acontecer\u00e1 entre os dias 15 e 17 de abril, em Maria da F\u00e9 (MG). O evento, que chega a sua terceira edi\u00e7\u00e3o, volta ao formato presencial, com uma programa\u00e7\u00e3o diversificada e com maior envolvimento dos produtores. [&hellip;]","og_url":"https:\/\/www.tvuai.com.br\/portal\/anote-na-agenda-1a-corrida-nos-olivais-e-destaque-na-festa-do-azeite-novo-em-maria-da-fe-de-15-a-17-de-abril\/","og_site_name":"TVUAI","article_publisher":"http:\/\/www.facebook.com\/pages\/TV-Uai-Comunica%c3%a7%c3%a3o\/139062546157369","article_author":"https:\/\/www.facebook.com\/tvuai\/","article_published_time":"2022-03-15T00:01:30+00:00","article_modified_time":"2023-07-19T13:58:53+00:00","og_image":[{"width":200,"height":200,"url":"https:\/\/www.tvuai.com.br\/portal\/wp-content\/uploads\/2022\/03\/maria-da-f\u00e90.jpg","type":"image\/jpeg"}],"author":"Rosy Pantale\u00e3o","twitter_card":"summary_large_image","twitter_creator":"@tvuai","twitter_site":"@tvuai","twitter_misc":{"Escrito por":"Rosy Pantale\u00e3o","Est. tempo de leitura":"4 minutos"},"schema":{"@context":"https:\/\/schema.org","@graph":[{"@type":"Article","@id":"https:\/\/www.tvuai.com.br\/portal\/anote-na-agenda-1a-corrida-nos-olivais-e-destaque-na-festa-do-azeite-novo-em-maria-da-fe-de-15-a-17-de-abril\/#article","isPartOf":{"@id":"https:\/\/www.tvuai.com.br\/portal\/anote-na-agenda-1a-corrida-nos-olivais-e-destaque-na-festa-do-azeite-novo-em-maria-da-fe-de-15-a-17-de-abril\/"},"author":{"name":"Rosy Pantale\u00e3o","@id":"https:\/\/www.tvuai.com.br\/portal\/#\/schema\/person\/d1c5c2b1dc1e658906286802aad38555"},"headline":"Anote na agenda: 1\u00aa Corrida nos Olivais \u00e9 destaque na Festa do Azeite Novo em Maria da F\u00e9, de 15 a 17 de abril","datePublished":"2022-03-15T00:01:30+00:00","dateModified":"2023-07-19T13:58:53+00:00","mainEntityOfPage":{"@id":"https:\/\/www.tvuai.com.br\/portal\/anote-na-agenda-1a-corrida-nos-olivais-e-destaque-na-festa-do-azeite-novo-em-maria-da-fe-de-15-a-17-de-abril\/"},"wordCount":904,"publisher":{"@id":"https:\/\/www.tvuai.com.br\/portal\/#organization"},"image":{"@id":"https:\/\/www.tvuai.com.br\/portal\/anote-na-agenda-1a-corrida-nos-olivais-e-destaque-na-festa-do-azeite-novo-em-maria-da-fe-de-15-a-17-de-abril\/#primaryimage"},"thumbnailUrl":"https:\/\/i0.wp.com\/www.tvuai.com.br\/portal\/wp-content\/uploads\/2022\/03\/maria-da-f\u00e90.jpg?fit=200%2C200&ssl=1","keywords":["1\u00aa Corrida nos Olivais","azeiteextravirgem","azeitesdobrasil","Epamig","Fazenda Maria da F\u00e9","Fazenda Santa Helena","Festa do Azeite Novo em Maria da F\u00e9","mariadaf\u00e9 destinomantiqueira","Pedro Moura","Pouso Alegre","Rosana Chiavassa","saboresdamantiqueira","Sul de Minas","TV Uai"],"articleSection":["Agricultura","Entretenimento","Esportes","Not\u00edcias"],"inLanguage":"pt-BR"},{"@type":"WebPage","@id":"https:\/\/www.tvuai.com.br\/portal\/anote-na-agenda-1a-corrida-nos-olivais-e-destaque-na-festa-do-azeite-novo-em-maria-da-fe-de-15-a-17-de-abril\/","url":"https:\/\/www.tvuai.com.br\/portal\/anote-na-agenda-1a-corrida-nos-olivais-e-destaque-na-festa-do-azeite-novo-em-maria-da-fe-de-15-a-17-de-abril\/","name":"Anote na agenda: 1\u00aa Corrida nos Olivais \u00e9 destaque na Festa do Azeite Novo em Maria da F\u00e9, de 15 a 17 de abril - TVUAI","isPartOf":{"@id":"https:\/\/www.tvuai.com.br\/portal\/#website"},"primaryImageOfPage":{"@id":"https:\/\/www.tvuai.com.br\/portal\/anote-na-agenda-1a-corrida-nos-olivais-e-destaque-na-festa-do-azeite-novo-em-maria-da-fe-de-15-a-17-de-abril\/#primaryimage"},"image":{"@id":"https:\/\/www.tvuai.com.br\/portal\/anote-na-agenda-1a-corrida-nos-olivais-e-destaque-na-festa-do-azeite-novo-em-maria-da-fe-de-15-a-17-de-abril\/#primaryimage"},"thumbnailUrl":"https:\/\/i0.wp.com\/www.tvuai.com.br\/portal\/wp-content\/uploads\/2022\/03\/maria-da-f\u00e90.jpg?fit=200%2C200&ssl=1","datePublished":"2022-03-15T00:01:30+00:00","dateModified":"2023-07-19T13:58:53+00:00","breadcrumb":{"@id":"https:\/\/www.tvuai.com.br\/portal\/anote-na-agenda-1a-corrida-nos-olivais-e-destaque-na-festa-do-azeite-novo-em-maria-da-fe-de-15-a-17-de-abril\/#breadcrumb"},"inLanguage":"pt-BR","potentialAction":[{"@type":"ReadAction","target":["https:\/\/www.tvuai.com.br\/portal\/anote-na-agenda-1a-corrida-nos-olivais-e-destaque-na-festa-do-azeite-novo-em-maria-da-fe-de-15-a-17-de-abril\/"]}]},{"@type":"ImageObject","inLanguage":"pt-BR","@id":"https:\/\/www.tvuai.com.br\/portal\/anote-na-agenda-1a-corrida-nos-olivais-e-destaque-na-festa-do-azeite-novo-em-maria-da-fe-de-15-a-17-de-abril\/#primaryimage","url":"https:\/\/i0.wp.com\/www.tvuai.com.br\/portal\/wp-content\/uploads\/2022\/03\/maria-da-f\u00e90.jpg?fit=200%2C200&ssl=1","contentUrl":"https:\/\/i0.wp.com\/www.tvuai.com.br\/portal\/wp-content\/uploads\/2022\/03\/maria-da-f\u00e90.jpg?fit=200%2C200&ssl=1","width":200,"height":200},{"@type":"BreadcrumbList","@id":"https:\/\/www.tvuai.com.br\/portal\/anote-na-agenda-1a-corrida-nos-olivais-e-destaque-na-festa-do-azeite-novo-em-maria-da-fe-de-15-a-17-de-abril\/#breadcrumb","itemListElement":[{"@type":"ListItem","position":1,"name":"In\u00edcio","item":"https:\/\/www.tvuai.com.br\/portal\/"},{"@type":"ListItem","position":2,"name":"Anote na agenda: 1\u00aa Corrida nos Olivais \u00e9 destaque na Festa do Azeite Novo em Maria da F\u00e9, de 15 a 17 de abril"}]},{"@type":"WebSite","@id":"https:\/\/www.tvuai.com.br\/portal\/#website","url":"https:\/\/www.tvuai.com.br\/portal\/","name":"TVUAI","description":"Tudo sobre o Sul de Minas","publisher":{"@id":"https:\/\/www.tvuai.com.br\/portal\/#organization"},"potentialAction":[{"@type":"SearchAction","target":{"@type":"EntryPoint","urlTemplate":"https:\/\/www.tvuai.com.br\/portal\/?s={search_term_string}"},"query-input":{"@type":"PropertyValueSpecification","valueRequired":true,"valueName":"search_term_string"}}],"inLanguage":"pt-BR"},{"@type":"Organization","@id":"https:\/\/www.tvuai.com.br\/portal\/#organization","name":"TVUAI","url":"https:\/\/www.tvuai.com.br\/portal\/","logo":{"@type":"ImageObject","inLanguage":"pt-BR","@id":"https:\/\/www.tvuai.com.br\/portal\/#\/schema\/logo\/image\/","url":"https:\/\/i0.wp.com\/www.tvuai.com.br\/portal\/wp-content\/uploads\/2017\/12\/logo_tvuai_100H.png?fit=207%2C100&ssl=1","contentUrl":"https:\/\/i0.wp.com\/www.tvuai.com.br\/portal\/wp-content\/uploads\/2017\/12\/logo_tvuai_100H.png?fit=207%2C100&ssl=1","width":207,"height":100,"caption":"TVUAI"},"image":{"@id":"https:\/\/www.tvuai.com.br\/portal\/#\/schema\/logo\/image\/"},"sameAs":["http:\/\/www.facebook.com\/pages\/TV-Uai-Comunica\u00e7\u00e3o\/139062546157369","https:\/\/x.com\/tvuai","https:\/\/www.instagram.com\/tvuai_network\/","https:\/\/www.youtube.com\/channel\/UCB7ZPB3wRv-OpoZ_09jmnkQ"]},{"@type":"Person","@id":"https:\/\/www.tvuai.com.br\/portal\/#\/schema\/person\/d1c5c2b1dc1e658906286802aad38555","name":"Rosy Pantale\u00e3o","sameAs":["https:\/\/www.tvuai.com.br\/portal\/","https:\/\/www.facebook.com\/tvuai\/","https:\/\/www.instagram.com\/tvuai","https:\/\/x.com\/tvuai","https:\/\/www.youtube.com\/channel\/UCB7ZPB3wRv-OpoZ_09jmnkQ","tvuai"],"url":"https:\/\/www.tvuai.com.br\/portal\/author\/rosy\/"}]}},"jetpack_featured_media_url":"https:\/\/i0.wp.com\/www.tvuai.com.br\/portal\/wp-content\/uploads\/2022\/03\/maria-da-f\u00e90.jpg?fit=200%2C200&ssl=1","wpmagazine_modules_lite_featured_media_urls":{"thumbnail":["https:\/\/i0.wp.com\/www.tvuai.com.br\/portal\/wp-content\/uploads\/2022\/03\/maria-da-f\u00e90.jpg?resize=150%2C150&ssl=1",150,150,true],"cvmm-medium":["https:\/\/i0.wp.com\/www.tvuai.com.br\/portal\/wp-content\/uploads\/2022\/03\/maria-da-f\u00e90.jpg?resize=200%2C200&ssl=1",200,200,true],"cvmm-medium-plus":["https:\/\/i0.wp.com\/www.tvuai.com.br\/portal\/wp-content\/uploads\/2022\/03\/maria-da-f\u00e90.jpg?resize=200%2C200&ssl=1",200,200,true],"cvmm-portrait":["https:\/\/i0.wp.com\/www.tvuai.com.br\/portal\/wp-content\/uploads\/2022\/03\/maria-da-f\u00e90.jpg?resize=200%2C200&ssl=1",200,200,true],"cvmm-medium-square":["https:\/\/i0.wp.com\/www.tvuai.com.br\/portal\/wp-content\/uploads\/2022\/03\/maria-da-f\u00e90.jpg?resize=200%2C200&ssl=1",200,200,true],"cvmm-large":["https:\/\/i0.wp.com\/www.tvuai.com.br\/portal\/wp-content\/uploads\/2022\/03\/maria-da-f\u00e90.jpg?resize=200%2C200&ssl=1",200,200,true],"cvmm-small":["https:\/\/i0.wp.com\/www.tvuai.com.br\/portal\/wp-content\/uploads\/2022\/03\/maria-da-f\u00e90.jpg?resize=130%2C95&ssl=1",130,95,true],"full":["https:\/\/i0.wp.com\/www.tvuai.com.br\/portal\/wp-content\/uploads\/2022\/03\/maria-da-f\u00e90.jpg?fit=200%2C200&ssl=1",200,200,false]},"categories_names":{"1969":{"name":"Agricultura","link":"https:\/\/www.tvuai.com.br\/portal\/category\/agricultura\/"},"20":{"name":"Entretenimento","link":"https:\/\/www.tvuai.com.br\/portal\/category\/entretenimento\/"},"1819":{"name":"Esportes","link":"https:\/\/www.tvuai.com.br\/portal\/category\/esportes\/"},"19":{"name":"Not\u00edcias","link":"https:\/\/www.tvuai.com.br\/portal\/category\/noticias\/"}},"tags_names":{"667":{"name":"1\u00aa Corrida nos Olivais","link":"https:\/\/www.tvuai.com.br\/portal\/tag\/1a-corrida-nos-olivais\/"},"671":{"name":"azeiteextravirgem","link":"https:\/\/www.tvuai.com.br\/portal\/tag\/azeiteextravirgem\/"},"670":{"name":"azeitesdobrasil","link":"https:\/\/www.tvuai.com.br\/portal\/tag\/azeitesdobrasil\/"},"67":{"name":"Epamig","link":"https:\/\/www.tvuai.com.br\/portal\/tag\/epamig\/"},"666":{"name":"Fazenda Maria da F\u00e9","link":"https:\/\/www.tvuai.com.br\/portal\/tag\/fazenda-maria-da-fe\/"},"669":{"name":"Fazenda Santa Helena","link":"https:\/\/www.tvuai.com.br\/portal\/tag\/fazenda-santa-helena\/"},"664":{"name":"Festa do Azeite Novo em Maria da F\u00e9","link":"https:\/\/www.tvuai.com.br\/portal\/tag\/festa-do-azeite-novo-em-maria-da-fe\/"},"672":{"name":"mariadaf\u00e9 destinomantiqueira","link":"https:\/\/www.tvuai.com.br\/portal\/tag\/mariadafe-destinomantiqueira\/"},"665":{"name":"Pedro Moura","link":"https:\/\/www.tvuai.com.br\/portal\/tag\/pedro-moura\/"},"37":{"name":"Pouso Alegre","link":"https:\/\/www.tvuai.com.br\/portal\/tag\/pouso-alegre\/"},"668":{"name":"Rosana Chiavassa","link":"https:\/\/www.tvuai.com.br\/portal\/tag\/rosana-chiavassa\/"},"673":{"name":"saboresdamantiqueira","link":"https:\/\/www.tvuai.com.br\/portal\/tag\/saboresdamantiqueira\/"},"39":{"name":"Sul de Minas","link":"https:\/\/www.tvuai.com.br\/portal\/tag\/sul-de-minas\/"},"27":{"name":"TV Uai","link":"https:\/\/www.tvuai.com.br\/portal\/tag\/tv-uai\/"}},"comments_number":"0","jetpack_shortlink":"https:\/\/wp.me\/p9woix-TP","jetpack_sharing_enabled":true,"_links":{"self":[{"href":"https:\/\/www.tvuai.com.br\/portal\/wp-json\/wp\/v2\/posts\/3461"}],"collection":[{"href":"https:\/\/www.tvuai.com.br\/portal\/wp-json\/wp\/v2\/posts"}],"about":[{"href":"https:\/\/www.tvuai.com.br\/portal\/wp-json\/wp\/v2\/types\/post"}],"author":[{"embeddable":true,"href":"https:\/\/www.tvuai.com.br\/portal\/wp-json\/wp\/v2\/users\/2"}],"replies":[{"embeddable":true,"href":"https:\/\/www.tvuai.com.br\/portal\/wp-json\/wp\/v2\/comments?post=3461"}],"version-history":[{"count":3,"href":"https:\/\/www.tvuai.com.br\/portal\/wp-json\/wp\/v2\/posts\/3461\/revisions"}],"predecessor-version":[{"id":3475,"href":"https:\/\/www.tvuai.com.br\/portal\/wp-json\/wp\/v2\/posts\/3461\/revisions\/3475"}],"wp:featuredmedia":[{"embeddable":true,"href":"https:\/\/www.tvuai.com.br\/portal\/wp-json\/wp\/v2\/media\/3470"}],"wp:attachment":[{"href":"https:\/\/www.tvuai.com.br\/portal\/wp-json\/wp\/v2\/media?parent=3461"}],"wp:term":[{"taxonomy":"category","embeddable":true,"href":"https:\/\/www.tvuai.com.br\/portal\/wp-json\/wp\/v2\/categories?post=3461"},{"taxonomy":"post_tag","embeddable":true,"href":"https:\/\/www.tvuai.com.br\/portal\/wp-json\/wp\/v2\/tags?post=3461"}],"curies":[{"name":"wp","href":"https:\/\/api.w.org\/{rel}","templated":true}]}}