{"id":3345,"date":"2022-02-14T18:45:44","date_gmt":"2022-02-14T21:45:44","guid":{"rendered":"https:\/\/www.tvuai.com.br\/portal\/?p=3345"},"modified":"2022-02-22T14:21:30","modified_gmt":"2022-02-22T17:21:30","slug":"a-tribuna-pousoalegrense-da-semana-vereador-grita-com-companheiro","status":"publish","type":"post","link":"https:\/\/www.tvuai.com.br\/portal\/a-tribuna-pousoalegrense-da-semana-vereador-grita-com-companheiro\/","title":{"rendered":"A Tribuna Pousoalegrense da semana: Vereador grita com companheiro"},"content":{"rendered":"<div class=\"5a1038e0903b96d426fcfcc338703013\" data-index=\"1\" style=\"float: right; margin:10px 0 10px 10px;\">\n<script async src=\"https:\/\/pagead2.googlesyndication.com\/pagead\/js\/adsbygoogle.js?client=ca-pub-9945944833605257\"\r\n     crossorigin=\"anonymous\"><\/script>\r\n<ins class=\"adsbygoogle\"\r\n     style=\"display:block; text-align:center;\"\r\n     data-ad-layout=\"in-article\"\r\n     data-ad-format=\"fluid\"\r\n     data-ad-client=\"ca-pub-9945944833605257\"\r\n     data-ad-slot=\"2343923581\"><\/ins>\r\n<script>\r\n     (adsbygoogle = window.adsbygoogle || []).push({});\r\n<\/script>\n<\/div>\n<p>Not\u00edcias semanais de Pouso Alegre e regi\u00e3o \u00e9 no jornal A Tribuna Pousoalegrense.<\/p>\n<p>Tribuna Pousoalegrense no <a href=\"https:\/\/www.instagram.com\/jornalatribunapa\/\">Instagram<\/a><\/p>\n<p><a href=\"https:\/\/www.tvuai.com.br\/portal\/wp-content\/uploads\/2022\/02\/ED834.pdf\"><img data-recalc-dims=\"1\" fetchpriority=\"high\" decoding=\"async\" class=\"aligncenter size-full wp-image-3348\" src=\"https:\/\/i0.wp.com\/www.tvuai.com.br\/portal\/wp-content\/uploads\/2022\/02\/834.jpg?resize=324%2C519&#038;ssl=1\" alt=\"\" width=\"324\" height=\"519\" \/><\/a><\/p>\n<p><img data-recalc-dims=\"1\" decoding=\"async\" class=\"aligncenter size-full wp-image-3210\" src=\"https:\/\/i0.wp.com\/www.tvuai.com.br\/portal\/wp-content\/uploads\/2022\/01\/tribuna2.jpg?resize=640%2C413&#038;ssl=1\" alt=\"\" width=\"640\" height=\"413\" \/><\/p>\n<p>&nbsp;<\/p>\n\n<div style=\"font-size: 0px; height: 0px; line-height: 0px; margin: 0; padding: 0; clear: both;\"><\/div><div class='share-to-whatsapp-wrapper'><div class='share-on-whsp'>Share on: <\/div><a data-text='A Tribuna Pousoalegrense da semana: Vereador grita com companheiro' data-link='https:\/\/www.tvuai.com.br\/portal\/a-tribuna-pousoalegrense-da-semana-vereador-grita-com-companheiro\/' class='whatsapp-button whatsapp-share'>WhatsApp<\/a><div class='clear '><\/div><\/div><!-- AddThis Advanced Settings generic via filter on the_content --><!-- AddThis Share Buttons generic via filter on the_content -->","protected":false},"excerpt":{"rendered":"<p>Not\u00edcias semanais de Pouso Alegre e regi\u00e3o \u00e9 no jornal A Tribuna Pousoalegrense. Tribuna Pousoalegrense no Instagram &nbsp; Share on: WhatsApp<!-- AddThis Advanced Settings generic via filter on get_the_excerpt --><!-- AddThis Share Buttons generic via filter on get_the_excerpt --><\/p>\n","protected":false},"author":2,"featured_media":0,"comment_status":"closed","ping_status":"closed","sticky":false,"template":"","format":"standard","meta":{"jetpack_post_was_ever_published":false,"_jetpack_newsletter_access":"","_jetpack_dont_email_post_to_subs":false,"_jetpack_newsletter_tier_id":0,"_jetpack_memberships_contains_paywalled_content":false,"_jetpack_memberships_contains_paid_content":false,"_joinchat":[],"footnotes":"","jetpack_publicize_message":"","jetpack_publicize_feature_enabled":true,"jetpack_social_post_already_shared":true,"jetpack_social_options":{"image_generator_settings":{"template":"highway","enabled":false},"version":2}},"categories":[19],"tags":[604,524,326,37,39,27],"class_list":["post-3345","post","type-post","status-publish","format-standard","hentry","category-noticias","tag-a-tribuna-pousoalegrense","tag-jornal-a-tribuna-pouso-alegre","tag-jornal-tribuna-pousoalegrense","tag-pouso-alegre","tag-sul-de-minas","tag-tv-uai"],"jetpack_publicize_connections":[],"yoast_head":"<!-- This site is optimized with the Yoast SEO plugin v23.5 - https:\/\/yoast.com\/wordpress\/plugins\/seo\/ -->\n<title>A Tribuna Pousoalegrense da semana: Vereador grita com companheiro - TVUAI<\/title>\n<meta name=\"robots\" content=\"index, follow, max-snippet:-1, max-image-preview:large, max-video-preview:-1\" \/>\n<link rel=\"canonical\" href=\"https:\/\/www.tvuai.com.br\/portal\/a-tribuna-pousoalegrense-da-semana-vereador-grita-com-companheiro\/\" \/>\n<meta property=\"og:locale\" content=\"pt_BR\" \/>\n<meta property=\"og:type\" content=\"article\" \/>\n<meta property=\"og:title\" content=\"A Tribuna Pousoalegrense da semana: Vereador grita com companheiro - TVUAI\" \/>\n<meta property=\"og:description\" content=\"Not\u00edcias semanais de Pouso Alegre e regi\u00e3o \u00e9 no jornal A Tribuna Pousoalegrense. Tribuna Pousoalegrense no Instagram &nbsp; Share on: WhatsApp\" \/>\n<meta property=\"og:url\" content=\"https:\/\/www.tvuai.com.br\/portal\/a-tribuna-pousoalegrense-da-semana-vereador-grita-com-companheiro\/\" \/>\n<meta property=\"og:site_name\" content=\"TVUAI\" \/>\n<meta property=\"article:publisher\" content=\"http:\/\/www.facebook.com\/pages\/TV-Uai-Comunica%c3%a7%c3%a3o\/139062546157369\" \/>\n<meta property=\"article:author\" content=\"https:\/\/www.facebook.com\/tvuai\/\" \/>\n<meta property=\"article:published_time\" content=\"2022-02-14T21:45:44+00:00\" \/>\n<meta property=\"article:modified_time\" content=\"2022-02-22T17:21:30+00:00\" \/>\n<meta property=\"og:image\" content=\"https:\/\/www.tvuai.com.br\/portal\/wp-content\/uploads\/2022\/02\/834.jpg\" \/>\n<meta name=\"author\" content=\"Rosy Pantale\u00e3o\" \/>\n<meta name=\"twitter:card\" content=\"summary_large_image\" \/>\n<meta name=\"twitter:creator\" content=\"@tvuai\" \/>\n<meta name=\"twitter:site\" content=\"@tvuai\" \/>\n<meta name=\"twitter:label1\" content=\"Escrito por\" \/>\n\t<meta name=\"twitter:data1\" content=\"Rosy Pantale\u00e3o\" \/>\n<script type=\"application\/ld+json\" class=\"yoast-schema-graph\">{\"@context\":\"https:\/\/schema.org\",\"@graph\":[{\"@type\":\"Article\",\"@id\":\"https:\/\/www.tvuai.com.br\/portal\/a-tribuna-pousoalegrense-da-semana-vereador-grita-com-companheiro\/#article\",\"isPartOf\":{\"@id\":\"https:\/\/www.tvuai.com.br\/portal\/a-tribuna-pousoalegrense-da-semana-vereador-grita-com-companheiro\/\"},\"author\":{\"name\":\"Rosy Pantale\u00e3o\",\"@id\":\"https:\/\/www.tvuai.com.br\/portal\/#\/schema\/person\/d1c5c2b1dc1e658906286802aad38555\"},\"headline\":\"A Tribuna Pousoalegrense da semana: Vereador grita com companheiro\",\"datePublished\":\"2022-02-14T21:45:44+00:00\",\"dateModified\":\"2022-02-22T17:21:30+00:00\",\"mainEntityOfPage\":{\"@id\":\"https:\/\/www.tvuai.com.br\/portal\/a-tribuna-pousoalegrense-da-semana-vereador-grita-com-companheiro\/\"},\"wordCount\":28,\"publisher\":{\"@id\":\"https:\/\/www.tvuai.com.br\/portal\/#organization\"},\"image\":{\"@id\":\"https:\/\/www.tvuai.com.br\/portal\/a-tribuna-pousoalegrense-da-semana-vereador-grita-com-companheiro\/#primaryimage\"},\"thumbnailUrl\":\"https:\/\/www.tvuai.com.br\/portal\/wp-content\/uploads\/2022\/02\/834.jpg\",\"keywords\":[\"A Tribuna Pousoalegrense\",\"Jornal A Tribuna Pouso Alegre\",\"Jornal Tribuna Pousoalegrense\",\"Pouso Alegre\",\"Sul de Minas\",\"TV Uai\"],\"articleSection\":[\"Not\u00edcias\"],\"inLanguage\":\"pt-BR\"},{\"@type\":\"WebPage\",\"@id\":\"https:\/\/www.tvuai.com.br\/portal\/a-tribuna-pousoalegrense-da-semana-vereador-grita-com-companheiro\/\",\"url\":\"https:\/\/www.tvuai.com.br\/portal\/a-tribuna-pousoalegrense-da-semana-vereador-grita-com-companheiro\/\",\"name\":\"A Tribuna Pousoalegrense da semana: Vereador grita com companheiro - TVUAI\",\"isPartOf\":{\"@id\":\"https:\/\/www.tvuai.com.br\/portal\/#website\"},\"primaryImageOfPage\":{\"@id\":\"https:\/\/www.tvuai.com.br\/portal\/a-tribuna-pousoalegrense-da-semana-vereador-grita-com-companheiro\/#primaryimage\"},\"image\":{\"@id\":\"https:\/\/www.tvuai.com.br\/portal\/a-tribuna-pousoalegrense-da-semana-vereador-grita-com-companheiro\/#primaryimage\"},\"thumbnailUrl\":\"https:\/\/www.tvuai.com.br\/portal\/wp-content\/uploads\/2022\/02\/834.jpg\",\"datePublished\":\"2022-02-14T21:45:44+00:00\",\"dateModified\":\"2022-02-22T17:21:30+00:00\",\"breadcrumb\":{\"@id\":\"https:\/\/www.tvuai.com.br\/portal\/a-tribuna-pousoalegrense-da-semana-vereador-grita-com-companheiro\/#breadcrumb\"},\"inLanguage\":\"pt-BR\",\"potentialAction\":[{\"@type\":\"ReadAction\",\"target\":[\"https:\/\/www.tvuai.com.br\/portal\/a-tribuna-pousoalegrense-da-semana-vereador-grita-com-companheiro\/\"]}]},{\"@type\":\"ImageObject\",\"inLanguage\":\"pt-BR\",\"@id\":\"https:\/\/www.tvuai.com.br\/portal\/a-tribuna-pousoalegrense-da-semana-vereador-grita-com-companheiro\/#primaryimage\",\"url\":\"https:\/\/www.tvuai.com.br\/portal\/wp-content\/uploads\/2022\/02\/834.jpg\",\"contentUrl\":\"https:\/\/www.tvuai.com.br\/portal\/wp-content\/uploads\/2022\/02\/834.jpg\"},{\"@type\":\"BreadcrumbList\",\"@id\":\"https:\/\/www.tvuai.com.br\/portal\/a-tribuna-pousoalegrense-da-semana-vereador-grita-com-companheiro\/#breadcrumb\",\"itemListElement\":[{\"@type\":\"ListItem\",\"position\":1,\"name\":\"In\u00edcio\",\"item\":\"https:\/\/www.tvuai.com.br\/portal\/\"},{\"@type\":\"ListItem\",\"position\":2,\"name\":\"A Tribuna Pousoalegrense da semana: Vereador grita com companheiro\"}]},{\"@type\":\"WebSite\",\"@id\":\"https:\/\/www.tvuai.com.br\/portal\/#website\",\"url\":\"https:\/\/www.tvuai.com.br\/portal\/\",\"name\":\"TVUAI\",\"description\":\"Tudo sobre o Sul de Minas\",\"publisher\":{\"@id\":\"https:\/\/www.tvuai.com.br\/portal\/#organization\"},\"potentialAction\":[{\"@type\":\"SearchAction\",\"target\":{\"@type\":\"EntryPoint\",\"urlTemplate\":\"https:\/\/www.tvuai.com.br\/portal\/?s={search_term_string}\"},\"query-input\":{\"@type\":\"PropertyValueSpecification\",\"valueRequired\":true,\"valueName\":\"search_term_string\"}}],\"inLanguage\":\"pt-BR\"},{\"@type\":\"Organization\",\"@id\":\"https:\/\/www.tvuai.com.br\/portal\/#organization\",\"name\":\"TVUAI\",\"url\":\"https:\/\/www.tvuai.com.br\/portal\/\",\"logo\":{\"@type\":\"ImageObject\",\"inLanguage\":\"pt-BR\",\"@id\":\"https:\/\/www.tvuai.com.br\/portal\/#\/schema\/logo\/image\/\",\"url\":\"https:\/\/i0.wp.com\/www.tvuai.com.br\/portal\/wp-content\/uploads\/2017\/12\/logo_tvuai_100H.png?fit=207%2C100&ssl=1\",\"contentUrl\":\"https:\/\/i0.wp.com\/www.tvuai.com.br\/portal\/wp-content\/uploads\/2017\/12\/logo_tvuai_100H.png?fit=207%2C100&ssl=1\",\"width\":207,\"height\":100,\"caption\":\"TVUAI\"},\"image\":{\"@id\":\"https:\/\/www.tvuai.com.br\/portal\/#\/schema\/logo\/image\/\"},\"sameAs\":[\"http:\/\/www.facebook.com\/pages\/TV-Uai-Comunica\u00e7\u00e3o\/139062546157369\",\"https:\/\/x.com\/tvuai\",\"https:\/\/www.instagram.com\/tvuai_network\/\",\"https:\/\/www.youtube.com\/channel\/UCB7ZPB3wRv-OpoZ_09jmnkQ\"]},{\"@type\":\"Person\",\"@id\":\"https:\/\/www.tvuai.com.br\/portal\/#\/schema\/person\/d1c5c2b1dc1e658906286802aad38555\",\"name\":\"Rosy Pantale\u00e3o\",\"sameAs\":[\"https:\/\/www.tvuai.com.br\/portal\/\",\"https:\/\/www.facebook.com\/tvuai\/\",\"https:\/\/www.instagram.com\/tvuai\",\"https:\/\/x.com\/tvuai\",\"https:\/\/www.youtube.com\/channel\/UCB7ZPB3wRv-OpoZ_09jmnkQ\",\"tvuai\"],\"url\":\"https:\/\/www.tvuai.com.br\/portal\/author\/rosy\/\"}]}<\/script>\n<!-- \/ Yoast SEO plugin. -->","yoast_head_json":{"title":"A Tribuna Pousoalegrense da semana: Vereador grita com companheiro - TVUAI","robots":{"index":"index","follow":"follow","max-snippet":"max-snippet:-1","max-image-preview":"max-image-preview:large","max-video-preview":"max-video-preview:-1"},"canonical":"https:\/\/www.tvuai.com.br\/portal\/a-tribuna-pousoalegrense-da-semana-vereador-grita-com-companheiro\/","og_locale":"pt_BR","og_type":"article","og_title":"A Tribuna Pousoalegrense da semana: Vereador grita com companheiro - TVUAI","og_description":"Not\u00edcias semanais de Pouso Alegre e regi\u00e3o \u00e9 no jornal A Tribuna Pousoalegrense. Tribuna Pousoalegrense no Instagram &nbsp; Share on: WhatsApp","og_url":"https:\/\/www.tvuai.com.br\/portal\/a-tribuna-pousoalegrense-da-semana-vereador-grita-com-companheiro\/","og_site_name":"TVUAI","article_publisher":"http:\/\/www.facebook.com\/pages\/TV-Uai-Comunica%c3%a7%c3%a3o\/139062546157369","article_author":"https:\/\/www.facebook.com\/tvuai\/","article_published_time":"2022-02-14T21:45:44+00:00","article_modified_time":"2022-02-22T17:21:30+00:00","og_image":[{"url":"https:\/\/www.tvuai.com.br\/portal\/wp-content\/uploads\/2022\/02\/834.jpg"}],"author":"Rosy Pantale\u00e3o","twitter_card":"summary_large_image","twitter_creator":"@tvuai","twitter_site":"@tvuai","twitter_misc":{"Escrito por":"Rosy Pantale\u00e3o"},"schema":{"@context":"https:\/\/schema.org","@graph":[{"@type":"Article","@id":"https:\/\/www.tvuai.com.br\/portal\/a-tribuna-pousoalegrense-da-semana-vereador-grita-com-companheiro\/#article","isPartOf":{"@id":"https:\/\/www.tvuai.com.br\/portal\/a-tribuna-pousoalegrense-da-semana-vereador-grita-com-companheiro\/"},"author":{"name":"Rosy Pantale\u00e3o","@id":"https:\/\/www.tvuai.com.br\/portal\/#\/schema\/person\/d1c5c2b1dc1e658906286802aad38555"},"headline":"A Tribuna Pousoalegrense da semana: Vereador grita com companheiro","datePublished":"2022-02-14T21:45:44+00:00","dateModified":"2022-02-22T17:21:30+00:00","mainEntityOfPage":{"@id":"https:\/\/www.tvuai.com.br\/portal\/a-tribuna-pousoalegrense-da-semana-vereador-grita-com-companheiro\/"},"wordCount":28,"publisher":{"@id":"https:\/\/www.tvuai.com.br\/portal\/#organization"},"image":{"@id":"https:\/\/www.tvuai.com.br\/portal\/a-tribuna-pousoalegrense-da-semana-vereador-grita-com-companheiro\/#primaryimage"},"thumbnailUrl":"https:\/\/www.tvuai.com.br\/portal\/wp-content\/uploads\/2022\/02\/834.jpg","keywords":["A Tribuna Pousoalegrense","Jornal A Tribuna Pouso Alegre","Jornal Tribuna Pousoalegrense","Pouso Alegre","Sul de Minas","TV Uai"],"articleSection":["Not\u00edcias"],"inLanguage":"pt-BR"},{"@type":"WebPage","@id":"https:\/\/www.tvuai.com.br\/portal\/a-tribuna-pousoalegrense-da-semana-vereador-grita-com-companheiro\/","url":"https:\/\/www.tvuai.com.br\/portal\/a-tribuna-pousoalegrense-da-semana-vereador-grita-com-companheiro\/","name":"A Tribuna Pousoalegrense da semana: Vereador grita com companheiro - TVUAI","isPartOf":{"@id":"https:\/\/www.tvuai.com.br\/portal\/#website"},"primaryImageOfPage":{"@id":"https:\/\/www.tvuai.com.br\/portal\/a-tribuna-pousoalegrense-da-semana-vereador-grita-com-companheiro\/#primaryimage"},"image":{"@id":"https:\/\/www.tvuai.com.br\/portal\/a-tribuna-pousoalegrense-da-semana-vereador-grita-com-companheiro\/#primaryimage"},"thumbnailUrl":"https:\/\/www.tvuai.com.br\/portal\/wp-content\/uploads\/2022\/02\/834.jpg","datePublished":"2022-02-14T21:45:44+00:00","dateModified":"2022-02-22T17:21:30+00:00","breadcrumb":{"@id":"https:\/\/www.tvuai.com.br\/portal\/a-tribuna-pousoalegrense-da-semana-vereador-grita-com-companheiro\/#breadcrumb"},"inLanguage":"pt-BR","potentialAction":[{"@type":"ReadAction","target":["https:\/\/www.tvuai.com.br\/portal\/a-tribuna-pousoalegrense-da-semana-vereador-grita-com-companheiro\/"]}]},{"@type":"ImageObject","inLanguage":"pt-BR","@id":"https:\/\/www.tvuai.com.br\/portal\/a-tribuna-pousoalegrense-da-semana-vereador-grita-com-companheiro\/#primaryimage","url":"https:\/\/www.tvuai.com.br\/portal\/wp-content\/uploads\/2022\/02\/834.jpg","contentUrl":"https:\/\/www.tvuai.com.br\/portal\/wp-content\/uploads\/2022\/02\/834.jpg"},{"@type":"BreadcrumbList","@id":"https:\/\/www.tvuai.com.br\/portal\/a-tribuna-pousoalegrense-da-semana-vereador-grita-com-companheiro\/#breadcrumb","itemListElement":[{"@type":"ListItem","position":1,"name":"In\u00edcio","item":"https:\/\/www.tvuai.com.br\/portal\/"},{"@type":"ListItem","position":2,"name":"A Tribuna Pousoalegrense da semana: Vereador grita com companheiro"}]},{"@type":"WebSite","@id":"https:\/\/www.tvuai.com.br\/portal\/#website","url":"https:\/\/www.tvuai.com.br\/portal\/","name":"TVUAI","description":"Tudo sobre o Sul de Minas","publisher":{"@id":"https:\/\/www.tvuai.com.br\/portal\/#organization"},"potentialAction":[{"@type":"SearchAction","target":{"@type":"EntryPoint","urlTemplate":"https:\/\/www.tvuai.com.br\/portal\/?s={search_term_string}"},"query-input":{"@type":"PropertyValueSpecification","valueRequired":true,"valueName":"search_term_string"}}],"inLanguage":"pt-BR"},{"@type":"Organization","@id":"https:\/\/www.tvuai.com.br\/portal\/#organization","name":"TVUAI","url":"https:\/\/www.tvuai.com.br\/portal\/","logo":{"@type":"ImageObject","inLanguage":"pt-BR","@id":"https:\/\/www.tvuai.com.br\/portal\/#\/schema\/logo\/image\/","url":"https:\/\/i0.wp.com\/www.tvuai.com.br\/portal\/wp-content\/uploads\/2017\/12\/logo_tvuai_100H.png?fit=207%2C100&ssl=1","contentUrl":"https:\/\/i0.wp.com\/www.tvuai.com.br\/portal\/wp-content\/uploads\/2017\/12\/logo_tvuai_100H.png?fit=207%2C100&ssl=1","width":207,"height":100,"caption":"TVUAI"},"image":{"@id":"https:\/\/www.tvuai.com.br\/portal\/#\/schema\/logo\/image\/"},"sameAs":["http:\/\/www.facebook.com\/pages\/TV-Uai-Comunica\u00e7\u00e3o\/139062546157369","https:\/\/x.com\/tvuai","https:\/\/www.instagram.com\/tvuai_network\/","https:\/\/www.youtube.com\/channel\/UCB7ZPB3wRv-OpoZ_09jmnkQ"]},{"@type":"Person","@id":"https:\/\/www.tvuai.com.br\/portal\/#\/schema\/person\/d1c5c2b1dc1e658906286802aad38555","name":"Rosy Pantale\u00e3o","sameAs":["https:\/\/www.tvuai.com.br\/portal\/","https:\/\/www.facebook.com\/tvuai\/","https:\/\/www.instagram.com\/tvuai","https:\/\/x.com\/tvuai","https:\/\/www.youtube.com\/channel\/UCB7ZPB3wRv-OpoZ_09jmnkQ","tvuai"],"url":"https:\/\/www.tvuai.com.br\/portal\/author\/rosy\/"}]}},"jetpack_featured_media_url":"","wpmagazine_modules_lite_featured_media_urls":{"thumbnail":"","cvmm-medium":"","cvmm-medium-plus":"","cvmm-portrait":"","cvmm-medium-square":"","cvmm-large":"","cvmm-small":"","full":""},"categories_names":{"19":{"name":"Not\u00edcias","link":"https:\/\/www.tvuai.com.br\/portal\/category\/noticias\/"}},"tags_names":{"604":{"name":"A Tribuna Pousoalegrense","link":"https:\/\/www.tvuai.com.br\/portal\/tag\/a-tribuna-pousoalegrense\/"},"524":{"name":"Jornal A Tribuna Pouso Alegre","link":"https:\/\/www.tvuai.com.br\/portal\/tag\/jornal-a-tribuna-pouso-alegre\/"},"326":{"name":"Jornal Tribuna Pousoalegrense","link":"https:\/\/www.tvuai.com.br\/portal\/tag\/jornal-tribuna-pousoalegrense\/"},"37":{"name":"Pouso Alegre","link":"https:\/\/www.tvuai.com.br\/portal\/tag\/pouso-alegre\/"},"39":{"name":"Sul de Minas","link":"https:\/\/www.tvuai.com.br\/portal\/tag\/sul-de-minas\/"},"27":{"name":"TV Uai","link":"https:\/\/www.tvuai.com.br\/portal\/tag\/tv-uai\/"}},"comments_number":"0","jetpack_shortlink":"https:\/\/wp.me\/p9woix-RX","jetpack_sharing_enabled":true,"_links":{"self":[{"href":"https:\/\/www.tvuai.com.br\/portal\/wp-json\/wp\/v2\/posts\/3345"}],"collection":[{"href":"https:\/\/www.tvuai.com.br\/portal\/wp-json\/wp\/v2\/posts"}],"about":[{"href":"https:\/\/www.tvuai.com.br\/portal\/wp-json\/wp\/v2\/types\/post"}],"author":[{"embeddable":true,"href":"https:\/\/www.tvuai.com.br\/portal\/wp-json\/wp\/v2\/users\/2"}],"replies":[{"embeddable":true,"href":"https:\/\/www.tvuai.com.br\/portal\/wp-json\/wp\/v2\/comments?post=3345"}],"version-history":[{"count":1,"href":"https:\/\/www.tvuai.com.br\/portal\/wp-json\/wp\/v2\/posts\/3345\/revisions"}],"predecessor-version":[{"id":3350,"href":"https:\/\/www.tvuai.com.br\/portal\/wp-json\/wp\/v2\/posts\/3345\/revisions\/3350"}],"wp:attachment":[{"href":"https:\/\/www.tvuai.com.br\/portal\/wp-json\/wp\/v2\/media?parent=3345"}],"wp:term":[{"taxonomy":"category","embeddable":true,"href":"https:\/\/www.tvuai.com.br\/portal\/wp-json\/wp\/v2\/categories?post=3345"},{"taxonomy":"post_tag","embeddable":true,"href":"https:\/\/www.tvuai.com.br\/portal\/wp-json\/wp\/v2\/tags?post=3345"}],"curies":[{"name":"wp","href":"https:\/\/api.w.org\/{rel}","templated":true}]}}