{"id":2853,"date":"2021-11-27T17:37:37","date_gmt":"2021-11-27T20:37:37","guid":{"rendered":"https:\/\/www.tvuai.com.br\/portal\/?p=2853"},"modified":"2023-07-19T10:50:23","modified_gmt":"2023-07-19T13:50:23","slug":"rafael-simoes-prefeito-de-pouso-alegre-e-condenado-pela-justica-federal-por-desvios-no-hcsl-pena-dez-anos-de-cadeia-em-regime-fechado","status":"publish","type":"post","link":"https:\/\/www.tvuai.com.br\/portal\/rafael-simoes-prefeito-de-pouso-alegre-e-condenado-pela-justica-federal-por-desvios-no-hcsl-pena-dez-anos-de-cadeia-em-regime-fechado\/","title":{"rendered":"Rafael Sim\u00f5es, prefeito de Pouso Alegre, \u00e9 condenado pela Justi\u00e7a Federal por desvios no HCSL. Pena: dez anos de cadeia em regime fechado"},"content":{"rendered":"<div class=\"5a1038e0903b96d426fcfcc338703013\" data-index=\"1\" style=\"float: right; margin:10px 0 10px 10px;\">\n<script async src=\"https:\/\/pagead2.googlesyndication.com\/pagead\/js\/adsbygoogle.js?client=ca-pub-9945944833605257\"\r\n     crossorigin=\"anonymous\"><\/script>\r\n<ins class=\"adsbygoogle\"\r\n     style=\"display:block; text-align:center;\"\r\n     data-ad-layout=\"in-article\"\r\n     data-ad-format=\"fluid\"\r\n     data-ad-client=\"ca-pub-9945944833605257\"\r\n     data-ad-slot=\"2343923581\"><\/ins>\r\n<script>\r\n     (adsbygoogle = window.adsbygoogle || []).push({});\r\n<\/script>\n<\/div>\n<p><img data-recalc-dims=\"1\" fetchpriority=\"high\" decoding=\"async\" data-attachment-id=\"2866\" data-permalink=\"https:\/\/www.tvuai.com.br\/portal\/rafael-simoes-prefeito-de-pouso-alegre-e-condenado-pela-justica-federal-por-desvios-no-hcsl-pena-dez-anos-de-cadeia-em-regime-fechado\/sentenca-criminal-2\/\" data-orig-file=\"https:\/\/i0.wp.com\/www.tvuai.com.br\/portal\/wp-content\/uploads\/2021\/11\/senten\u00e7a-criminal-2.jpg?fit=680%2C449&amp;ssl=1\" data-orig-size=\"680,449\" data-comments-opened=\"0\" data-image-meta=\"{&quot;aperture&quot;:&quot;0&quot;,&quot;credit&quot;:&quot;&quot;,&quot;camera&quot;:&quot;&quot;,&quot;caption&quot;:&quot;&quot;,&quot;created_timestamp&quot;:&quot;0&quot;,&quot;copyright&quot;:&quot;&quot;,&quot;focal_length&quot;:&quot;0&quot;,&quot;iso&quot;:&quot;0&quot;,&quot;shutter_speed&quot;:&quot;0&quot;,&quot;title&quot;:&quot;&quot;,&quot;orientation&quot;:&quot;1&quot;}\" data-image-title=\"senten\u00e7a criminal 2\" data-image-description=\"\" data-image-caption=\"\" data-medium-file=\"https:\/\/i0.wp.com\/www.tvuai.com.br\/portal\/wp-content\/uploads\/2021\/11\/senten\u00e7a-criminal-2.jpg?fit=300%2C198&amp;ssl=1\" data-large-file=\"https:\/\/i0.wp.com\/www.tvuai.com.br\/portal\/wp-content\/uploads\/2021\/11\/senten\u00e7a-criminal-2.jpg?fit=640%2C423&amp;ssl=1\" tabindex=\"0\" role=\"button\" class=\"aligncenter size-full wp-image-2866\" src=\"https:\/\/i0.wp.com\/www.tvuai.com.br\/portal\/wp-content\/uploads\/2021\/11\/senten\u00e7a-criminal-2.jpg?resize=640%2C423&#038;ssl=1\" alt=\"\" width=\"640\" height=\"423\" srcset=\"https:\/\/i0.wp.com\/www.tvuai.com.br\/portal\/wp-content\/uploads\/2021\/11\/senten\u00e7a-criminal-2.jpg?w=680&amp;ssl=1 680w, https:\/\/i0.wp.com\/www.tvuai.com.br\/portal\/wp-content\/uploads\/2021\/11\/senten\u00e7a-criminal-2.jpg?resize=300%2C198&amp;ssl=1 300w, https:\/\/i0.wp.com\/www.tvuai.com.br\/portal\/wp-content\/uploads\/2021\/11\/senten\u00e7a-criminal-2.jpg?resize=600%2C396&amp;ssl=1 600w\" sizes=\"(max-width: 640px) 100vw, 640px\" \/>O juiz federal Marcelo Garcia Vieira, da 2\u00aa Vara Federal da subse\u00e7\u00e3o judici\u00e1ria de Pouso Alegre, condenou o prefeito de Pouso Alegre, Rafael Sim\u00f5es, a dez anos de pris\u00e3o que dever\u00e1 ser cumprida no regime fechado pelo crime de peculato-desvio no Hospital das Cl\u00ednicas Samuel Lib\u00e2nio, em Pouso Alegre. Rafael Sim\u00f5es foi condenado, tamb\u00e9m, ao pagamento de 50 dias-multa, por facilitar a fraude contra o HCSL.<\/p>\n<p>De acordo com o juiz da a\u00e7\u00e3o penal, os depoimentos dos coautores e de testemunhas de acusa\u00e7\u00e3o, farta prova documental associados a documentos oficiais do sistema de informa\u00e7\u00f5es Tasy do Hospital das Cl\u00ednicas Samuel Lib\u00e2nio, foram suficientes para a comprova\u00e7\u00e3o da participa\u00e7\u00e3o de Rafael Sim\u00f5es e outras duas r\u00e9s no esquema de fraude descoberto.<\/p>\n<p>O juiz Marcelo Garcia Vieira ressaltou, na senten\u00e7a, que o testemunho da farmac\u00eautica Roseana Fraga foi fundamental para comprovar que a inten\u00e7\u00e3o era esconder os desvios. O registro documental dos desvios somente foi poss\u00edvel pela atitude da funcion\u00e1ria Roseane Fraga, que posteriormente perdeu o emprego por causa disso. Dessa forma, ficou comprovado e sustentado que a inten\u00e7\u00e3o de Rafael Sim\u00f5es nunca foi deixar vis\u00edvel tais compras, requisitadas atrav\u00e9s de telefonemas ou tr\u00e2nsito de papeis entre a Diretoria Executiva e os setores da farm\u00e1cia, almoxarifado e tesouraria.<\/p>\n<p>Ao julgar improcedente a aplica\u00e7\u00e3o do princ\u00edpio da insignific\u00e2ncia, uma vez que os valores envolvidos s\u00e3o considerados pequenos, o juiz foi contundente ao mostrar a realidade de alguns integrantes de cargos p\u00fablicos que n\u00e3o t\u00eam preparo \u00e9tico e moral para respeitar o dinheiro p\u00fablico: &#8220;Na verdade&#8221;, atestou corretamente o juiz Marcelo Garcia Vieira, &#8220;as condutas se amoldam ao patrimonialismo brasileiro, em que as classes alta e m\u00e9dia da sociedade, quando ocupantes de cargos e fun\u00e7\u00f5es p\u00fablicas ou de utilidade p\u00fablica, como no caso dos autos, utilizam do poder econ\u00f4mico, social ou pol\u00edtico para favorecer a si mesmos, a seus familiares ou seus amigos e conhecidos&#8221;. E deu como improcedente a pretens\u00e3o de aplica\u00e7\u00e3o do princ\u00edpio da insignific\u00e2ncia penal, &#8220;em virtude da alt\u00edssima ofensividade e lesividade dos desvios ao bem jur\u00eddico protegido pelo art. 312, do CP&#8221;.<\/p>\n<p>Vale ressaltar que, na senten\u00e7a, o juiz Marcelo Garcia Vieira foi claro ao reconhecer que o prefeito de Pouso Alegre foi fundamental no enfrentamento na pandemia do coronav\u00edrus nos anos de 2020\/2021, e que essa circunst\u00e2ncia foi considerada a seu favor. N\u00e3o obstante, a v\u00edtima dos delitos de peculato-desvio cometidos foram a Uni\u00e3o, a sociedade e os usu\u00e1rios do SUS em Pouso Alegre e regi\u00e3o e inexistindo cen\u00e1rios agravantes fixou a pena de Rafael Tadeu Sim\u00f5es, Silvia Regina Pereira da Silva e Renata L\u00facia Guimar\u00e3es Risso, em dois anos de reclus\u00e3o.<\/p>\n<p><img data-recalc-dims=\"1\" decoding=\"async\" data-attachment-id=\"2865\" data-permalink=\"https:\/\/www.tvuai.com.br\/portal\/rafael-simoes-prefeito-de-pouso-alegre-e-condenado-pela-justica-federal-por-desvios-no-hcsl-pena-dez-anos-de-cadeia-em-regime-fechado\/sentenca-criminal-1\/\" data-orig-file=\"https:\/\/i0.wp.com\/www.tvuai.com.br\/portal\/wp-content\/uploads\/2021\/11\/senten\u00e7a-criminal-1.jpg?fit=600%2C204&amp;ssl=1\" data-orig-size=\"600,204\" data-comments-opened=\"0\" data-image-meta=\"{&quot;aperture&quot;:&quot;0&quot;,&quot;credit&quot;:&quot;&quot;,&quot;camera&quot;:&quot;&quot;,&quot;caption&quot;:&quot;&quot;,&quot;created_timestamp&quot;:&quot;0&quot;,&quot;copyright&quot;:&quot;&quot;,&quot;focal_length&quot;:&quot;0&quot;,&quot;iso&quot;:&quot;0&quot;,&quot;shutter_speed&quot;:&quot;0&quot;,&quot;title&quot;:&quot;&quot;,&quot;orientation&quot;:&quot;0&quot;}\" data-image-title=\"senten\u00e7a criminal 1\" data-image-description=\"\" data-image-caption=\"\" data-medium-file=\"https:\/\/i0.wp.com\/www.tvuai.com.br\/portal\/wp-content\/uploads\/2021\/11\/senten\u00e7a-criminal-1.jpg?fit=300%2C102&amp;ssl=1\" data-large-file=\"https:\/\/i0.wp.com\/www.tvuai.com.br\/portal\/wp-content\/uploads\/2021\/11\/senten\u00e7a-criminal-1.jpg?fit=600%2C204&amp;ssl=1\" tabindex=\"0\" role=\"button\" class=\"aligncenter size-full wp-image-2865\" src=\"https:\/\/i0.wp.com\/www.tvuai.com.br\/portal\/wp-content\/uploads\/2021\/11\/senten\u00e7a-criminal-1.jpg?resize=600%2C204&#038;ssl=1\" alt=\"\" width=\"600\" height=\"204\" srcset=\"https:\/\/i0.wp.com\/www.tvuai.com.br\/portal\/wp-content\/uploads\/2021\/11\/senten\u00e7a-criminal-1.jpg?w=600&amp;ssl=1 600w, https:\/\/i0.wp.com\/www.tvuai.com.br\/portal\/wp-content\/uploads\/2021\/11\/senten\u00e7a-criminal-1.jpg?resize=300%2C102&amp;ssl=1 300w\" sizes=\"(max-width: 600px) 100vw, 600px\" \/>Os r\u00e9us foram absolvidos da imputa\u00e7\u00e3o do crime de inser\u00e7\u00e3o de dados falsos em sistema informaizado, mas, em virtude de terem sido cometidos cinco crimes distintos, por\u00e9m id\u00eanticos, o de peculato-desvio, foram condenados e as penas foram somadas, fixando, ao prefeito de Pouso Alegre Rafael Sim\u00f5es e \u00e0 atual Secret\u00e1ria Municipal de Sa\u00fade &#8211; ent\u00e3o diretora Executiva da FUVS &#8211; S\u00edlvia Regina Pereira da Silva, a condena\u00e7\u00e3o definitiva \u00e0 pena de dez anos de pris\u00e3o a ser cumprida em regime fechado e pagamento de cinquenta dias-multa.<\/p>\n<p>\u00c0 Renata L\u00facia Guimar\u00e3es Risso, outra co-autora dos delitos mas pela grada\u00e7\u00e3o de culpa, o juiz fixou a pena de quatro anos de reclus\u00e3o a ser cumprida em regime aberto,substituindo a pena privativa de liberdade de Renata Lucia Guimar\u00e3es Risso por presta\u00e7\u00e3o de servi\u00e7os \u00e0 comunidade, que dever\u00e1 ser cumprida \u00e0 ordem de 1.460 horas (4 anos x 365 dias), em institui\u00e7\u00e3o a ser fixada pelo ju\u00edzo de execu\u00e7\u00e3o penal.<\/p>\n<p><img data-recalc-dims=\"1\" decoding=\"async\" data-attachment-id=\"2868\" data-permalink=\"https:\/\/www.tvuai.com.br\/portal\/rafael-simoes-prefeito-de-pouso-alegre-e-condenado-pela-justica-federal-por-desvios-no-hcsl-pena-dez-anos-de-cadeia-em-regime-fechado\/sentenca-criminal-3\/\" data-orig-file=\"https:\/\/i0.wp.com\/www.tvuai.com.br\/portal\/wp-content\/uploads\/2021\/11\/senten\u00e7a-criminal-3.jpg?fit=652%2C102&amp;ssl=1\" data-orig-size=\"652,102\" data-comments-opened=\"0\" data-image-meta=\"{&quot;aperture&quot;:&quot;0&quot;,&quot;credit&quot;:&quot;&quot;,&quot;camera&quot;:&quot;&quot;,&quot;caption&quot;:&quot;&quot;,&quot;created_timestamp&quot;:&quot;0&quot;,&quot;copyright&quot;:&quot;&quot;,&quot;focal_length&quot;:&quot;0&quot;,&quot;iso&quot;:&quot;0&quot;,&quot;shutter_speed&quot;:&quot;0&quot;,&quot;title&quot;:&quot;&quot;,&quot;orientation&quot;:&quot;1&quot;}\" data-image-title=\"senten\u00e7a criminal 3\" data-image-description=\"\" data-image-caption=\"\" data-medium-file=\"https:\/\/i0.wp.com\/www.tvuai.com.br\/portal\/wp-content\/uploads\/2021\/11\/senten\u00e7a-criminal-3.jpg?fit=300%2C47&amp;ssl=1\" data-large-file=\"https:\/\/i0.wp.com\/www.tvuai.com.br\/portal\/wp-content\/uploads\/2021\/11\/senten\u00e7a-criminal-3.jpg?fit=640%2C100&amp;ssl=1\" tabindex=\"0\" role=\"button\" class=\"aligncenter size-full wp-image-2868\" src=\"https:\/\/i0.wp.com\/www.tvuai.com.br\/portal\/wp-content\/uploads\/2021\/11\/senten\u00e7a-criminal-3.jpg?resize=640%2C100&#038;ssl=1\" alt=\"\" width=\"640\" height=\"100\" srcset=\"https:\/\/i0.wp.com\/www.tvuai.com.br\/portal\/wp-content\/uploads\/2021\/11\/senten\u00e7a-criminal-3.jpg?w=652&amp;ssl=1 652w, https:\/\/i0.wp.com\/www.tvuai.com.br\/portal\/wp-content\/uploads\/2021\/11\/senten\u00e7a-criminal-3.jpg?resize=300%2C47&amp;ssl=1 300w, https:\/\/i0.wp.com\/www.tvuai.com.br\/portal\/wp-content\/uploads\/2021\/11\/senten\u00e7a-criminal-3.jpg?resize=600%2C94&amp;ssl=1 600w\" sizes=\"(max-width: 640px) 100vw, 640px\" \/>Na sua senten\u00e7a, o juiz federal pediu ainda que se oficie ao Minist\u00e9rio P\u00fablico Estadual, pedindo \u00e0 Procuradoria Geral de Justi\u00e7a do Estado de Minas Gerais investiga\u00e7\u00e3o e apura\u00e7\u00e3o dos motivos que n\u00e3o aconteceram de seus representantes em Pouso Alegre e \u00f3rg\u00e3os ministeriais do Estado, a fiscaliza\u00e7\u00e3o das contas da Funda\u00e7\u00e3o ante \u00e0 evid\u00eancia do dano patrimonial da FUVS ou o motivo da falha ou neglig\u00eancia fiscalizat\u00f3ria pelos \u00f3rg\u00e3os na Comarca.<\/p>\n<p>Finalizando a senten\u00e7a de 48 p\u00e1ginas, o juiz federal Marcelo Garcia Vieira, determinou que ap\u00f3s o tr\u00e2nsito em julgado da senten\u00e7a, tomem-se as seguintes providencias: lan\u00e7amento dos nomes dos r\u00e9us no rol de culpados, expedi\u00e7\u00e3o de guias de execu\u00e7\u00e3o definitiva para encaminhamento dos dois condenados ao estabelecimento prisional estabelecido, oficiar ao TRE da Comarca a senten\u00e7a prolatada, que se oficiem a Pol\u00edcia Federal e o Diretor do Instituto de Identifica\u00e7\u00e3o Civil e Criminal de Minas a comunica\u00e7\u00e3o da senten\u00e7a e intima\u00e7\u00e3o dos condenados para realizarem o pagamento de multas ap\u00f3s o tr\u00e2nsito em julgado.<\/p>\n<p>Lembrando que a senten\u00e7a &#8211; bem fundamentada &#8211; proferida pelo MM Juiz Federal da 2\u00aa Vara Federal da subse\u00e7\u00e3o judici\u00e1ria de Pouso Alegre, Marcelo Garcia Vieira, \u00e9 pass\u00edvel de apela\u00e7\u00e3o aos tribunais superiores. O prefeito de Pouso Alegre, Rafael Sim\u00f5es, que \u00e9 tamb\u00e9m o atual presidente do CISAMESP &#8211; Cons\u00f3rcio Intermunicipal de Sa\u00fade dos Munic\u00edpios da Microrregi\u00e3o do M\u00e9dio Sapuca\u00ed &#8211; estar\u00e1 sujeito a perder o cargo, pass\u00edvel de pris\u00e3o, ap\u00f3s o tr\u00e2nsito em julgado da a\u00e7\u00e3o, caso n\u00e3o ocorra apela\u00e7\u00e3o bem sucedida.<\/p>\n<p style=\"text-align: center\"><strong>Para relembrar o caso<\/strong><\/p>\n<p><a href=\"https:\/\/www.tvuai.com.br\/portal\/wp-content\/uploads\/2021\/11\/Senten\u00e7a-Tipo-D_.pdf\"><span style=\"color: #0000ff\"><strong>Confira a senten\u00e7a completa, prolatada em 26\/11\/2021 pelo MM Juiz Federal Marcelo Garcia Vieira<\/strong><\/span><\/a><\/p>\n<p><span style=\"color: #0000ff\"><strong><a style=\"color: #0000ff\" href=\"https:\/\/www.tvuai.com.br\/portal\/pendurado-na-justica-federal-prefeito-de-pouso-alegre-rafael-simoes-aguarda-sentenca-no-crime-de-peculato-e-insercao-de-dados-falsos-em-sistemas-de-informacao\/\">Com v\u00eddeo: Pendurado na Justi\u00e7a Federal, prefeito de Pouso Alegre, Rafael Sim\u00f5es, aguarda senten\u00e7a no crime de peculato e inser\u00e7\u00e3o de dados falsos em sistemas de informa\u00e7\u00e3o<\/a><\/strong><\/span><\/p>\n<p><a href=\"https:\/\/www.tvuai.com.br\/portal\/trf1-nega-habeas-corpus-ao-prefeito-de-pouso-alegre-rafael-simoes-determinando-prosseguimento-de-denuncia-de-peculato\/\"><span style=\"color: #0000ff\"><strong>TRF1 nega habeas corpus ao prefeito de Pouso Alegre, Rafael Sim\u00f5es, determinando prosseguimento de den\u00fancia de peculato<\/strong><\/span><\/a><\/p>\n<p><a href=\"https:\/\/www.tvuai.com.br\/portal\/medo-poder-prefeito-rafael-simoes-e-blindado-com-um-novo-habeas-corpus-para-suspender-acao-penal-na-justica-federal\/\"><span style=\"color: #0000ff\"><strong>Medo? Poder? Prefeito Rafael Sim\u00f5es \u00e9 blindado com um novo habeas corpus para suspender a\u00e7\u00e3o penal na Justi\u00e7a Federal<\/strong><\/span><\/a><\/p>\n<p><strong><a href=\"http:\/\/www.mpf.mp.br\/mg\/sala-de-imprensa\/docs\/acao-penal-hcsl\">\u00cdntegra da a\u00e7\u00e3o penal<\/a><\/strong><\/p>\n<p><strong><a href=\"https:\/\/www.tvuai.com.br\/portal\/justica-federal-marca-audiencia-de-julgamente-do-prefeito-de-pouso-alegre-rafael-simoes-acusado-de-peculato-pelo-ministerio-publico-federal\/\">Justi\u00e7a Federal marca audi\u00eancia de julgamento do prefeito de Pouso Alegre, Rafael Sim\u00f5es, acusado de peculato pelo Minist\u00e9rio P\u00fablico Federal<\/a><\/strong><\/p>\n<div class=\"google-auto-placed ap_container\"><\/div>\n\n<div style=\"font-size: 0px; height: 0px; line-height: 0px; margin: 0; padding: 0; clear: both;\"><\/div><div class='share-to-whatsapp-wrapper'><div class='share-on-whsp'>Share on: <\/div><a data-text='Rafael Sim\u00f5es, prefeito de Pouso Alegre, \u00e9 condenado pela Justi\u00e7a Federal por desvios no HCSL. Pena: dez anos de cadeia em regime fechado' data-link='https:\/\/www.tvuai.com.br\/portal\/rafael-simoes-prefeito-de-pouso-alegre-e-condenado-pela-justica-federal-por-desvios-no-hcsl-pena-dez-anos-de-cadeia-em-regime-fechado\/' class='whatsapp-button whatsapp-share'>WhatsApp<\/a><div class='clear '><\/div><\/div><!-- AddThis Advanced Settings generic via filter on the_content --><!-- AddThis Share Buttons generic via filter on the_content -->","protected":false},"excerpt":{"rendered":"<p>O juiz federal Marcelo Garcia Vieira, da 2\u00aa Vara Federal da subse\u00e7\u00e3o judici\u00e1ria de Pouso Alegre, condenou o prefeito de Pouso Alegre, Rafael Sim\u00f5es, a dez anos de pris\u00e3o que dever\u00e1 ser cumprida no regime fechado pelo crime de peculato-desvio no Hospital das Cl\u00ednicas Samuel Lib\u00e2nio, em Pouso Alegre. Rafael Sim\u00f5es foi condenado, tamb\u00e9m, ao [&hellip;]<!-- AddThis Advanced Settings generic via filter on get_the_excerpt --><!-- AddThis Share Buttons generic via filter on get_the_excerpt --><\/p>\n","protected":false},"author":2,"featured_media":2867,"comment_status":"closed","ping_status":"closed","sticky":false,"template":"","format":"standard","meta":{"jetpack_post_was_ever_published":false,"_jetpack_newsletter_access":"","_jetpack_dont_email_post_to_subs":false,"_jetpack_newsletter_tier_id":0,"_jetpack_memberships_contains_paywalled_content":false,"_jetpack_memberships_contains_paid_content":false,"_joinchat":[],"footnotes":"","jetpack_publicize_message":"","jetpack_publicize_feature_enabled":true,"jetpack_social_post_already_shared":true,"jetpack_social_options":{"image_generator_settings":{"template":"highway","enabled":false},"version":2}},"categories":[1843,19,1818],"tags":[329,304,474,361,303,37,473,39,27],"class_list":["post-2853","post","type-post","status-publish","format-standard","has-post-thumbnail","hentry","category-direito","category-noticias","category-politica","tag-2a-vara-federal-da-subsecao-judiciaria-de-pouso-alegre","tag-juiz-federal-marcelo-garcia-vieira","tag-marcelo-garcia-vieira","tag-mpf-pouso-alegre","tag-peculato-prefeito-de-pouso-alegre-rafael-simoes","tag-pouso-alegre","tag-rafael-simoes-e-condenado-a-dez-anos-em-regime-fechado","tag-sul-de-minas","tag-tv-uai"],"jetpack_publicize_connections":[],"yoast_head":"<!-- This site is optimized with the Yoast SEO plugin v23.5 - https:\/\/yoast.com\/wordpress\/plugins\/seo\/ -->\n<title>Rafael Sim\u00f5es, prefeito de Pouso Alegre, \u00e9 condenado pela Justi\u00e7a Federal por desvios no HCSL. Pena: dez anos de cadeia em regime fechado - TVUAI<\/title>\n<meta name=\"robots\" content=\"index, follow, max-snippet:-1, max-image-preview:large, max-video-preview:-1\" \/>\n<link rel=\"canonical\" href=\"https:\/\/www.tvuai.com.br\/portal\/rafael-simoes-prefeito-de-pouso-alegre-e-condenado-pela-justica-federal-por-desvios-no-hcsl-pena-dez-anos-de-cadeia-em-regime-fechado\/\" \/>\n<meta property=\"og:locale\" content=\"pt_BR\" \/>\n<meta property=\"og:type\" content=\"article\" \/>\n<meta property=\"og:title\" content=\"Rafael Sim\u00f5es, prefeito de Pouso Alegre, \u00e9 condenado pela Justi\u00e7a Federal por desvios no HCSL. Pena: dez anos de cadeia em regime fechado - TVUAI\" \/>\n<meta property=\"og:description\" content=\"O juiz federal Marcelo Garcia Vieira, da 2\u00aa Vara Federal da subse\u00e7\u00e3o judici\u00e1ria de Pouso Alegre, condenou o prefeito de Pouso Alegre, Rafael Sim\u00f5es, a dez anos de pris\u00e3o que dever\u00e1 ser cumprida no regime fechado pelo crime de peculato-desvio no Hospital das Cl\u00ednicas Samuel Lib\u00e2nio, em Pouso Alegre. Rafael Sim\u00f5es foi condenado, tamb\u00e9m, ao [&hellip;]\" \/>\n<meta property=\"og:url\" content=\"https:\/\/www.tvuai.com.br\/portal\/rafael-simoes-prefeito-de-pouso-alegre-e-condenado-pela-justica-federal-por-desvios-no-hcsl-pena-dez-anos-de-cadeia-em-regime-fechado\/\" \/>\n<meta property=\"og:site_name\" content=\"TVUAI\" \/>\n<meta property=\"article:publisher\" content=\"http:\/\/www.facebook.com\/pages\/TV-Uai-Comunica%c3%a7%c3%a3o\/139062546157369\" \/>\n<meta property=\"article:author\" content=\"https:\/\/www.facebook.com\/tvuai\/\" \/>\n<meta property=\"article:published_time\" content=\"2021-11-27T20:37:37+00:00\" \/>\n<meta property=\"article:modified_time\" content=\"2023-07-19T13:50:23+00:00\" \/>\n<meta property=\"og:image\" content=\"https:\/\/www.tvuai.com.br\/portal\/wp-content\/uploads\/2021\/11\/senten\u00e7a-criminal-2a.jpg\" \/>\n\t<meta property=\"og:image:width\" content=\"200\" \/>\n\t<meta property=\"og:image:height\" content=\"200\" \/>\n\t<meta property=\"og:image:type\" content=\"image\/jpeg\" \/>\n<meta name=\"author\" content=\"Rosy Pantale\u00e3o\" \/>\n<meta name=\"twitter:card\" content=\"summary_large_image\" \/>\n<meta name=\"twitter:creator\" content=\"@tvuai\" \/>\n<meta name=\"twitter:site\" content=\"@tvuai\" \/>\n<meta name=\"twitter:label1\" content=\"Escrito por\" \/>\n\t<meta name=\"twitter:data1\" content=\"Rosy Pantale\u00e3o\" \/>\n\t<meta name=\"twitter:label2\" content=\"Est. tempo de leitura\" \/>\n\t<meta name=\"twitter:data2\" content=\"5 minutos\" \/>\n<script type=\"application\/ld+json\" class=\"yoast-schema-graph\">{\"@context\":\"https:\/\/schema.org\",\"@graph\":[{\"@type\":\"Article\",\"@id\":\"https:\/\/www.tvuai.com.br\/portal\/rafael-simoes-prefeito-de-pouso-alegre-e-condenado-pela-justica-federal-por-desvios-no-hcsl-pena-dez-anos-de-cadeia-em-regime-fechado\/#article\",\"isPartOf\":{\"@id\":\"https:\/\/www.tvuai.com.br\/portal\/rafael-simoes-prefeito-de-pouso-alegre-e-condenado-pela-justica-federal-por-desvios-no-hcsl-pena-dez-anos-de-cadeia-em-regime-fechado\/\"},\"author\":{\"name\":\"Rosy Pantale\u00e3o\",\"@id\":\"https:\/\/www.tvuai.com.br\/portal\/#\/schema\/person\/d1c5c2b1dc1e658906286802aad38555\"},\"headline\":\"Rafael Sim\u00f5es, prefeito de Pouso Alegre, \u00e9 condenado pela Justi\u00e7a Federal por desvios no HCSL. Pena: dez anos de cadeia em regime fechado\",\"datePublished\":\"2021-11-27T20:37:37+00:00\",\"dateModified\":\"2023-07-19T13:50:23+00:00\",\"mainEntityOfPage\":{\"@id\":\"https:\/\/www.tvuai.com.br\/portal\/rafael-simoes-prefeito-de-pouso-alegre-e-condenado-pela-justica-federal-por-desvios-no-hcsl-pena-dez-anos-de-cadeia-em-regime-fechado\/\"},\"wordCount\":1098,\"publisher\":{\"@id\":\"https:\/\/www.tvuai.com.br\/portal\/#organization\"},\"image\":{\"@id\":\"https:\/\/www.tvuai.com.br\/portal\/rafael-simoes-prefeito-de-pouso-alegre-e-condenado-pela-justica-federal-por-desvios-no-hcsl-pena-dez-anos-de-cadeia-em-regime-fechado\/#primaryimage\"},\"thumbnailUrl\":\"https:\/\/i0.wp.com\/www.tvuai.com.br\/portal\/wp-content\/uploads\/2021\/11\/senten\u00e7a-criminal-2a.jpg?fit=200%2C200&ssl=1\",\"keywords\":[\"2\u00aa Vara Federal da subse\u00e7\u00e3o judici\u00e1ria de Pouso Alegre\",\"juiz federal Marcelo Garcia Vieira\",\"Marcelo Garcia Vieira\",\"MPF Pouso Alegre\",\"peculato prefeito de Pouso Alegre Rafael Sim\u00f5es\",\"Pouso Alegre\",\"Rafael Sim\u00f5es \u00e9 condenado a dez anos em regime fechado\",\"Sul de Minas\",\"TV Uai\"],\"articleSection\":[\"Direito\",\"Not\u00edcias\",\"Pol\u00edtica\"],\"inLanguage\":\"pt-BR\"},{\"@type\":\"WebPage\",\"@id\":\"https:\/\/www.tvuai.com.br\/portal\/rafael-simoes-prefeito-de-pouso-alegre-e-condenado-pela-justica-federal-por-desvios-no-hcsl-pena-dez-anos-de-cadeia-em-regime-fechado\/\",\"url\":\"https:\/\/www.tvuai.com.br\/portal\/rafael-simoes-prefeito-de-pouso-alegre-e-condenado-pela-justica-federal-por-desvios-no-hcsl-pena-dez-anos-de-cadeia-em-regime-fechado\/\",\"name\":\"Rafael Sim\u00f5es, prefeito de Pouso Alegre, \u00e9 condenado pela Justi\u00e7a Federal por desvios no HCSL. Pena: dez anos de cadeia em regime fechado - TVUAI\",\"isPartOf\":{\"@id\":\"https:\/\/www.tvuai.com.br\/portal\/#website\"},\"primaryImageOfPage\":{\"@id\":\"https:\/\/www.tvuai.com.br\/portal\/rafael-simoes-prefeito-de-pouso-alegre-e-condenado-pela-justica-federal-por-desvios-no-hcsl-pena-dez-anos-de-cadeia-em-regime-fechado\/#primaryimage\"},\"image\":{\"@id\":\"https:\/\/www.tvuai.com.br\/portal\/rafael-simoes-prefeito-de-pouso-alegre-e-condenado-pela-justica-federal-por-desvios-no-hcsl-pena-dez-anos-de-cadeia-em-regime-fechado\/#primaryimage\"},\"thumbnailUrl\":\"https:\/\/i0.wp.com\/www.tvuai.com.br\/portal\/wp-content\/uploads\/2021\/11\/senten\u00e7a-criminal-2a.jpg?fit=200%2C200&ssl=1\",\"datePublished\":\"2021-11-27T20:37:37+00:00\",\"dateModified\":\"2023-07-19T13:50:23+00:00\",\"breadcrumb\":{\"@id\":\"https:\/\/www.tvuai.com.br\/portal\/rafael-simoes-prefeito-de-pouso-alegre-e-condenado-pela-justica-federal-por-desvios-no-hcsl-pena-dez-anos-de-cadeia-em-regime-fechado\/#breadcrumb\"},\"inLanguage\":\"pt-BR\",\"potentialAction\":[{\"@type\":\"ReadAction\",\"target\":[\"https:\/\/www.tvuai.com.br\/portal\/rafael-simoes-prefeito-de-pouso-alegre-e-condenado-pela-justica-federal-por-desvios-no-hcsl-pena-dez-anos-de-cadeia-em-regime-fechado\/\"]}]},{\"@type\":\"ImageObject\",\"inLanguage\":\"pt-BR\",\"@id\":\"https:\/\/www.tvuai.com.br\/portal\/rafael-simoes-prefeito-de-pouso-alegre-e-condenado-pela-justica-federal-por-desvios-no-hcsl-pena-dez-anos-de-cadeia-em-regime-fechado\/#primaryimage\",\"url\":\"https:\/\/i0.wp.com\/www.tvuai.com.br\/portal\/wp-content\/uploads\/2021\/11\/senten\u00e7a-criminal-2a.jpg?fit=200%2C200&ssl=1\",\"contentUrl\":\"https:\/\/i0.wp.com\/www.tvuai.com.br\/portal\/wp-content\/uploads\/2021\/11\/senten\u00e7a-criminal-2a.jpg?fit=200%2C200&ssl=1\",\"width\":200,\"height\":200},{\"@type\":\"BreadcrumbList\",\"@id\":\"https:\/\/www.tvuai.com.br\/portal\/rafael-simoes-prefeito-de-pouso-alegre-e-condenado-pela-justica-federal-por-desvios-no-hcsl-pena-dez-anos-de-cadeia-em-regime-fechado\/#breadcrumb\",\"itemListElement\":[{\"@type\":\"ListItem\",\"position\":1,\"name\":\"In\u00edcio\",\"item\":\"https:\/\/www.tvuai.com.br\/portal\/\"},{\"@type\":\"ListItem\",\"position\":2,\"name\":\"Rafael Sim\u00f5es, prefeito de Pouso Alegre, \u00e9 condenado pela Justi\u00e7a Federal por desvios no HCSL. Pena: dez anos de cadeia em regime fechado\"}]},{\"@type\":\"WebSite\",\"@id\":\"https:\/\/www.tvuai.com.br\/portal\/#website\",\"url\":\"https:\/\/www.tvuai.com.br\/portal\/\",\"name\":\"TVUAI\",\"description\":\"Tudo sobre o Sul de Minas\",\"publisher\":{\"@id\":\"https:\/\/www.tvuai.com.br\/portal\/#organization\"},\"potentialAction\":[{\"@type\":\"SearchAction\",\"target\":{\"@type\":\"EntryPoint\",\"urlTemplate\":\"https:\/\/www.tvuai.com.br\/portal\/?s={search_term_string}\"},\"query-input\":{\"@type\":\"PropertyValueSpecification\",\"valueRequired\":true,\"valueName\":\"search_term_string\"}}],\"inLanguage\":\"pt-BR\"},{\"@type\":\"Organization\",\"@id\":\"https:\/\/www.tvuai.com.br\/portal\/#organization\",\"name\":\"TVUAI\",\"url\":\"https:\/\/www.tvuai.com.br\/portal\/\",\"logo\":{\"@type\":\"ImageObject\",\"inLanguage\":\"pt-BR\",\"@id\":\"https:\/\/www.tvuai.com.br\/portal\/#\/schema\/logo\/image\/\",\"url\":\"https:\/\/i0.wp.com\/www.tvuai.com.br\/portal\/wp-content\/uploads\/2017\/12\/logo_tvuai_100H.png?fit=207%2C100&ssl=1\",\"contentUrl\":\"https:\/\/i0.wp.com\/www.tvuai.com.br\/portal\/wp-content\/uploads\/2017\/12\/logo_tvuai_100H.png?fit=207%2C100&ssl=1\",\"width\":207,\"height\":100,\"caption\":\"TVUAI\"},\"image\":{\"@id\":\"https:\/\/www.tvuai.com.br\/portal\/#\/schema\/logo\/image\/\"},\"sameAs\":[\"http:\/\/www.facebook.com\/pages\/TV-Uai-Comunica\u00e7\u00e3o\/139062546157369\",\"https:\/\/x.com\/tvuai\",\"https:\/\/www.instagram.com\/tvuai_network\/\",\"https:\/\/www.youtube.com\/channel\/UCB7ZPB3wRv-OpoZ_09jmnkQ\"]},{\"@type\":\"Person\",\"@id\":\"https:\/\/www.tvuai.com.br\/portal\/#\/schema\/person\/d1c5c2b1dc1e658906286802aad38555\",\"name\":\"Rosy Pantale\u00e3o\",\"sameAs\":[\"https:\/\/www.tvuai.com.br\/portal\/\",\"https:\/\/www.facebook.com\/tvuai\/\",\"https:\/\/www.instagram.com\/tvuai\",\"https:\/\/x.com\/tvuai\",\"https:\/\/www.youtube.com\/channel\/UCB7ZPB3wRv-OpoZ_09jmnkQ\",\"tvuai\"],\"url\":\"https:\/\/www.tvuai.com.br\/portal\/author\/rosy\/\"}]}<\/script>\n<!-- \/ Yoast SEO plugin. -->","yoast_head_json":{"title":"Rafael Sim\u00f5es, prefeito de Pouso Alegre, \u00e9 condenado pela Justi\u00e7a Federal por desvios no HCSL. Pena: dez anos de cadeia em regime fechado - TVUAI","robots":{"index":"index","follow":"follow","max-snippet":"max-snippet:-1","max-image-preview":"max-image-preview:large","max-video-preview":"max-video-preview:-1"},"canonical":"https:\/\/www.tvuai.com.br\/portal\/rafael-simoes-prefeito-de-pouso-alegre-e-condenado-pela-justica-federal-por-desvios-no-hcsl-pena-dez-anos-de-cadeia-em-regime-fechado\/","og_locale":"pt_BR","og_type":"article","og_title":"Rafael Sim\u00f5es, prefeito de Pouso Alegre, \u00e9 condenado pela Justi\u00e7a Federal por desvios no HCSL. Pena: dez anos de cadeia em regime fechado - TVUAI","og_description":"O juiz federal Marcelo Garcia Vieira, da 2\u00aa Vara Federal da subse\u00e7\u00e3o judici\u00e1ria de Pouso Alegre, condenou o prefeito de Pouso Alegre, Rafael Sim\u00f5es, a dez anos de pris\u00e3o que dever\u00e1 ser cumprida no regime fechado pelo crime de peculato-desvio no Hospital das Cl\u00ednicas Samuel Lib\u00e2nio, em Pouso Alegre. Rafael Sim\u00f5es foi condenado, tamb\u00e9m, ao [&hellip;]","og_url":"https:\/\/www.tvuai.com.br\/portal\/rafael-simoes-prefeito-de-pouso-alegre-e-condenado-pela-justica-federal-por-desvios-no-hcsl-pena-dez-anos-de-cadeia-em-regime-fechado\/","og_site_name":"TVUAI","article_publisher":"http:\/\/www.facebook.com\/pages\/TV-Uai-Comunica%c3%a7%c3%a3o\/139062546157369","article_author":"https:\/\/www.facebook.com\/tvuai\/","article_published_time":"2021-11-27T20:37:37+00:00","article_modified_time":"2023-07-19T13:50:23+00:00","og_image":[{"width":200,"height":200,"url":"https:\/\/www.tvuai.com.br\/portal\/wp-content\/uploads\/2021\/11\/senten\u00e7a-criminal-2a.jpg","type":"image\/jpeg"}],"author":"Rosy Pantale\u00e3o","twitter_card":"summary_large_image","twitter_creator":"@tvuai","twitter_site":"@tvuai","twitter_misc":{"Escrito por":"Rosy Pantale\u00e3o","Est. tempo de leitura":"5 minutos"},"schema":{"@context":"https:\/\/schema.org","@graph":[{"@type":"Article","@id":"https:\/\/www.tvuai.com.br\/portal\/rafael-simoes-prefeito-de-pouso-alegre-e-condenado-pela-justica-federal-por-desvios-no-hcsl-pena-dez-anos-de-cadeia-em-regime-fechado\/#article","isPartOf":{"@id":"https:\/\/www.tvuai.com.br\/portal\/rafael-simoes-prefeito-de-pouso-alegre-e-condenado-pela-justica-federal-por-desvios-no-hcsl-pena-dez-anos-de-cadeia-em-regime-fechado\/"},"author":{"name":"Rosy Pantale\u00e3o","@id":"https:\/\/www.tvuai.com.br\/portal\/#\/schema\/person\/d1c5c2b1dc1e658906286802aad38555"},"headline":"Rafael Sim\u00f5es, prefeito de Pouso Alegre, \u00e9 condenado pela Justi\u00e7a Federal por desvios no HCSL. Pena: dez anos de cadeia em regime fechado","datePublished":"2021-11-27T20:37:37+00:00","dateModified":"2023-07-19T13:50:23+00:00","mainEntityOfPage":{"@id":"https:\/\/www.tvuai.com.br\/portal\/rafael-simoes-prefeito-de-pouso-alegre-e-condenado-pela-justica-federal-por-desvios-no-hcsl-pena-dez-anos-de-cadeia-em-regime-fechado\/"},"wordCount":1098,"publisher":{"@id":"https:\/\/www.tvuai.com.br\/portal\/#organization"},"image":{"@id":"https:\/\/www.tvuai.com.br\/portal\/rafael-simoes-prefeito-de-pouso-alegre-e-condenado-pela-justica-federal-por-desvios-no-hcsl-pena-dez-anos-de-cadeia-em-regime-fechado\/#primaryimage"},"thumbnailUrl":"https:\/\/i0.wp.com\/www.tvuai.com.br\/portal\/wp-content\/uploads\/2021\/11\/senten\u00e7a-criminal-2a.jpg?fit=200%2C200&ssl=1","keywords":["2\u00aa Vara Federal da subse\u00e7\u00e3o judici\u00e1ria de Pouso Alegre","juiz federal Marcelo Garcia Vieira","Marcelo Garcia Vieira","MPF Pouso Alegre","peculato prefeito de Pouso Alegre Rafael Sim\u00f5es","Pouso Alegre","Rafael Sim\u00f5es \u00e9 condenado a dez anos em regime fechado","Sul de Minas","TV Uai"],"articleSection":["Direito","Not\u00edcias","Pol\u00edtica"],"inLanguage":"pt-BR"},{"@type":"WebPage","@id":"https:\/\/www.tvuai.com.br\/portal\/rafael-simoes-prefeito-de-pouso-alegre-e-condenado-pela-justica-federal-por-desvios-no-hcsl-pena-dez-anos-de-cadeia-em-regime-fechado\/","url":"https:\/\/www.tvuai.com.br\/portal\/rafael-simoes-prefeito-de-pouso-alegre-e-condenado-pela-justica-federal-por-desvios-no-hcsl-pena-dez-anos-de-cadeia-em-regime-fechado\/","name":"Rafael Sim\u00f5es, prefeito de Pouso Alegre, \u00e9 condenado pela Justi\u00e7a Federal por desvios no HCSL. Pena: dez anos de cadeia em regime fechado - TVUAI","isPartOf":{"@id":"https:\/\/www.tvuai.com.br\/portal\/#website"},"primaryImageOfPage":{"@id":"https:\/\/www.tvuai.com.br\/portal\/rafael-simoes-prefeito-de-pouso-alegre-e-condenado-pela-justica-federal-por-desvios-no-hcsl-pena-dez-anos-de-cadeia-em-regime-fechado\/#primaryimage"},"image":{"@id":"https:\/\/www.tvuai.com.br\/portal\/rafael-simoes-prefeito-de-pouso-alegre-e-condenado-pela-justica-federal-por-desvios-no-hcsl-pena-dez-anos-de-cadeia-em-regime-fechado\/#primaryimage"},"thumbnailUrl":"https:\/\/i0.wp.com\/www.tvuai.com.br\/portal\/wp-content\/uploads\/2021\/11\/senten\u00e7a-criminal-2a.jpg?fit=200%2C200&ssl=1","datePublished":"2021-11-27T20:37:37+00:00","dateModified":"2023-07-19T13:50:23+00:00","breadcrumb":{"@id":"https:\/\/www.tvuai.com.br\/portal\/rafael-simoes-prefeito-de-pouso-alegre-e-condenado-pela-justica-federal-por-desvios-no-hcsl-pena-dez-anos-de-cadeia-em-regime-fechado\/#breadcrumb"},"inLanguage":"pt-BR","potentialAction":[{"@type":"ReadAction","target":["https:\/\/www.tvuai.com.br\/portal\/rafael-simoes-prefeito-de-pouso-alegre-e-condenado-pela-justica-federal-por-desvios-no-hcsl-pena-dez-anos-de-cadeia-em-regime-fechado\/"]}]},{"@type":"ImageObject","inLanguage":"pt-BR","@id":"https:\/\/www.tvuai.com.br\/portal\/rafael-simoes-prefeito-de-pouso-alegre-e-condenado-pela-justica-federal-por-desvios-no-hcsl-pena-dez-anos-de-cadeia-em-regime-fechado\/#primaryimage","url":"https:\/\/i0.wp.com\/www.tvuai.com.br\/portal\/wp-content\/uploads\/2021\/11\/senten\u00e7a-criminal-2a.jpg?fit=200%2C200&ssl=1","contentUrl":"https:\/\/i0.wp.com\/www.tvuai.com.br\/portal\/wp-content\/uploads\/2021\/11\/senten\u00e7a-criminal-2a.jpg?fit=200%2C200&ssl=1","width":200,"height":200},{"@type":"BreadcrumbList","@id":"https:\/\/www.tvuai.com.br\/portal\/rafael-simoes-prefeito-de-pouso-alegre-e-condenado-pela-justica-federal-por-desvios-no-hcsl-pena-dez-anos-de-cadeia-em-regime-fechado\/#breadcrumb","itemListElement":[{"@type":"ListItem","position":1,"name":"In\u00edcio","item":"https:\/\/www.tvuai.com.br\/portal\/"},{"@type":"ListItem","position":2,"name":"Rafael Sim\u00f5es, prefeito de Pouso Alegre, \u00e9 condenado pela Justi\u00e7a Federal por desvios no HCSL. Pena: dez anos de cadeia em regime fechado"}]},{"@type":"WebSite","@id":"https:\/\/www.tvuai.com.br\/portal\/#website","url":"https:\/\/www.tvuai.com.br\/portal\/","name":"TVUAI","description":"Tudo sobre o Sul de Minas","publisher":{"@id":"https:\/\/www.tvuai.com.br\/portal\/#organization"},"potentialAction":[{"@type":"SearchAction","target":{"@type":"EntryPoint","urlTemplate":"https:\/\/www.tvuai.com.br\/portal\/?s={search_term_string}"},"query-input":{"@type":"PropertyValueSpecification","valueRequired":true,"valueName":"search_term_string"}}],"inLanguage":"pt-BR"},{"@type":"Organization","@id":"https:\/\/www.tvuai.com.br\/portal\/#organization","name":"TVUAI","url":"https:\/\/www.tvuai.com.br\/portal\/","logo":{"@type":"ImageObject","inLanguage":"pt-BR","@id":"https:\/\/www.tvuai.com.br\/portal\/#\/schema\/logo\/image\/","url":"https:\/\/i0.wp.com\/www.tvuai.com.br\/portal\/wp-content\/uploads\/2017\/12\/logo_tvuai_100H.png?fit=207%2C100&ssl=1","contentUrl":"https:\/\/i0.wp.com\/www.tvuai.com.br\/portal\/wp-content\/uploads\/2017\/12\/logo_tvuai_100H.png?fit=207%2C100&ssl=1","width":207,"height":100,"caption":"TVUAI"},"image":{"@id":"https:\/\/www.tvuai.com.br\/portal\/#\/schema\/logo\/image\/"},"sameAs":["http:\/\/www.facebook.com\/pages\/TV-Uai-Comunica\u00e7\u00e3o\/139062546157369","https:\/\/x.com\/tvuai","https:\/\/www.instagram.com\/tvuai_network\/","https:\/\/www.youtube.com\/channel\/UCB7ZPB3wRv-OpoZ_09jmnkQ"]},{"@type":"Person","@id":"https:\/\/www.tvuai.com.br\/portal\/#\/schema\/person\/d1c5c2b1dc1e658906286802aad38555","name":"Rosy Pantale\u00e3o","sameAs":["https:\/\/www.tvuai.com.br\/portal\/","https:\/\/www.facebook.com\/tvuai\/","https:\/\/www.instagram.com\/tvuai","https:\/\/x.com\/tvuai","https:\/\/www.youtube.com\/channel\/UCB7ZPB3wRv-OpoZ_09jmnkQ","tvuai"],"url":"https:\/\/www.tvuai.com.br\/portal\/author\/rosy\/"}]}},"jetpack_featured_media_url":"https:\/\/i0.wp.com\/www.tvuai.com.br\/portal\/wp-content\/uploads\/2021\/11\/senten\u00e7a-criminal-2a.jpg?fit=200%2C200&ssl=1","wpmagazine_modules_lite_featured_media_urls":{"thumbnail":["https:\/\/i0.wp.com\/www.tvuai.com.br\/portal\/wp-content\/uploads\/2021\/11\/senten\u00e7a-criminal-2a.jpg?resize=150%2C150&ssl=1",150,150,true],"cvmm-medium":["https:\/\/i0.wp.com\/www.tvuai.com.br\/portal\/wp-content\/uploads\/2021\/11\/senten\u00e7a-criminal-2a.jpg?resize=200%2C200&ssl=1",200,200,true],"cvmm-medium-plus":["https:\/\/i0.wp.com\/www.tvuai.com.br\/portal\/wp-content\/uploads\/2021\/11\/senten\u00e7a-criminal-2a.jpg?resize=200%2C200&ssl=1",200,200,true],"cvmm-portrait":["https:\/\/i0.wp.com\/www.tvuai.com.br\/portal\/wp-content\/uploads\/2021\/11\/senten\u00e7a-criminal-2a.jpg?resize=200%2C200&ssl=1",200,200,true],"cvmm-medium-square":["https:\/\/i0.wp.com\/www.tvuai.com.br\/portal\/wp-content\/uploads\/2021\/11\/senten\u00e7a-criminal-2a.jpg?resize=200%2C200&ssl=1",200,200,true],"cvmm-large":["https:\/\/i0.wp.com\/www.tvuai.com.br\/portal\/wp-content\/uploads\/2021\/11\/senten\u00e7a-criminal-2a.jpg?resize=200%2C200&ssl=1",200,200,true],"cvmm-small":["https:\/\/i0.wp.com\/www.tvuai.com.br\/portal\/wp-content\/uploads\/2021\/11\/senten\u00e7a-criminal-2a.jpg?resize=130%2C95&ssl=1",130,95,true],"full":["https:\/\/i0.wp.com\/www.tvuai.com.br\/portal\/wp-content\/uploads\/2021\/11\/senten\u00e7a-criminal-2a.jpg?fit=200%2C200&ssl=1",200,200,false]},"categories_names":{"1843":{"name":"Direito","link":"https:\/\/www.tvuai.com.br\/portal\/category\/direito\/"},"19":{"name":"Not\u00edcias","link":"https:\/\/www.tvuai.com.br\/portal\/category\/noticias\/"},"1818":{"name":"Pol\u00edtica","link":"https:\/\/www.tvuai.com.br\/portal\/category\/politica\/"}},"tags_names":{"329":{"name":"2\u00aa Vara Federal da subse\u00e7\u00e3o judici\u00e1ria de Pouso Alegre","link":"https:\/\/www.tvuai.com.br\/portal\/tag\/2a-vara-federal-da-subsecao-judiciaria-de-pouso-alegre\/"},"304":{"name":"juiz federal Marcelo Garcia Vieira","link":"https:\/\/www.tvuai.com.br\/portal\/tag\/juiz-federal-marcelo-garcia-vieira\/"},"474":{"name":"Marcelo Garcia Vieira","link":"https:\/\/www.tvuai.com.br\/portal\/tag\/marcelo-garcia-vieira\/"},"361":{"name":"MPF Pouso Alegre","link":"https:\/\/www.tvuai.com.br\/portal\/tag\/mpf-pouso-alegre\/"},"303":{"name":"peculato prefeito de Pouso Alegre Rafael Sim\u00f5es","link":"https:\/\/www.tvuai.com.br\/portal\/tag\/peculato-prefeito-de-pouso-alegre-rafael-simoes\/"},"37":{"name":"Pouso Alegre","link":"https:\/\/www.tvuai.com.br\/portal\/tag\/pouso-alegre\/"},"473":{"name":"Rafael Sim\u00f5es \u00e9 condenado a dez anos em regime fechado","link":"https:\/\/www.tvuai.com.br\/portal\/tag\/rafael-simoes-e-condenado-a-dez-anos-em-regime-fechado\/"},"39":{"name":"Sul de Minas","link":"https:\/\/www.tvuai.com.br\/portal\/tag\/sul-de-minas\/"},"27":{"name":"TV Uai","link":"https:\/\/www.tvuai.com.br\/portal\/tag\/tv-uai\/"}},"comments_number":"0","jetpack_shortlink":"https:\/\/wp.me\/p9woix-K1","jetpack_sharing_enabled":true,"_links":{"self":[{"href":"https:\/\/www.tvuai.com.br\/portal\/wp-json\/wp\/v2\/posts\/2853"}],"collection":[{"href":"https:\/\/www.tvuai.com.br\/portal\/wp-json\/wp\/v2\/posts"}],"about":[{"href":"https:\/\/www.tvuai.com.br\/portal\/wp-json\/wp\/v2\/types\/post"}],"author":[{"embeddable":true,"href":"https:\/\/www.tvuai.com.br\/portal\/wp-json\/wp\/v2\/users\/2"}],"replies":[{"embeddable":true,"href":"https:\/\/www.tvuai.com.br\/portal\/wp-json\/wp\/v2\/comments?post=2853"}],"version-history":[{"count":12,"href":"https:\/\/www.tvuai.com.br\/portal\/wp-json\/wp\/v2\/posts\/2853\/revisions"}],"predecessor-version":[{"id":2870,"href":"https:\/\/www.tvuai.com.br\/portal\/wp-json\/wp\/v2\/posts\/2853\/revisions\/2870"}],"wp:featuredmedia":[{"embeddable":true,"href":"https:\/\/www.tvuai.com.br\/portal\/wp-json\/wp\/v2\/media\/2867"}],"wp:attachment":[{"href":"https:\/\/www.tvuai.com.br\/portal\/wp-json\/wp\/v2\/media?parent=2853"}],"wp:term":[{"taxonomy":"category","embeddable":true,"href":"https:\/\/www.tvuai.com.br\/portal\/wp-json\/wp\/v2\/categories?post=2853"},{"taxonomy":"post_tag","embeddable":true,"href":"https:\/\/www.tvuai.com.br\/portal\/wp-json\/wp\/v2\/tags?post=2853"}],"curies":[{"name":"wp","href":"https:\/\/api.w.org\/{rel}","templated":true}]}}