{"id":2843,"date":"2021-11-24T17:39:54","date_gmt":"2021-11-24T20:39:54","guid":{"rendered":"https:\/\/www.tvuai.com.br\/portal\/?p=2843"},"modified":"2021-12-01T19:00:51","modified_gmt":"2021-12-01T22:00:51","slug":"decisao-trf1-decide-que-oab-nao-pode-se-recusar-a-emitir-a-segunda-via-da-carteira-profissional-de-um-advogado-inadimplente-com-as-anuidades","status":"publish","type":"post","link":"https:\/\/www.tvuai.com.br\/portal\/decisao-trf1-decide-que-oab-nao-pode-se-recusar-a-emitir-a-segunda-via-da-carteira-profissional-de-um-advogado-inadimplente-com-as-anuidades\/","title":{"rendered":"Decis\u00e3o: TRF1 decide que OAB n\u00e3o pode se recusar a emitir a segunda via da carteira profissional de um advogado inadimplente com as anuidades"},"content":{"rendered":"<div class=\"5a1038e0903b96d426fcfcc338703013\" data-index=\"1\" style=\"float: right; margin:10px 0 10px 10px;\">\n<script async src=\"https:\/\/pagead2.googlesyndication.com\/pagead\/js\/adsbygoogle.js?client=ca-pub-9945944833605257\"\r\n     crossorigin=\"anonymous\"><\/script>\r\n<ins class=\"adsbygoogle\"\r\n     style=\"display:block; text-align:center;\"\r\n     data-ad-layout=\"in-article\"\r\n     data-ad-format=\"fluid\"\r\n     data-ad-client=\"ca-pub-9945944833605257\"\r\n     data-ad-slot=\"2343923581\"><\/ins>\r\n<script>\r\n     (adsbygoogle = window.adsbygoogle || []).push({});\r\n<\/script>\n<\/div>\n<p><img data-recalc-dims=\"1\" fetchpriority=\"high\" decoding=\"async\" data-attachment-id=\"2851\" data-permalink=\"https:\/\/www.tvuai.com.br\/portal\/decisao-trf1-decide-que-oab-nao-pode-se-recusar-a-emitir-a-segunda-via-da-carteira-profissional-de-um-advogado-inadimplente-com-as-anuidades\/trfoab\/\" data-orig-file=\"https:\/\/i0.wp.com\/www.tvuai.com.br\/portal\/wp-content\/uploads\/2021\/11\/TRFOAB.jpg?fit=300%2C200&amp;ssl=1\" data-orig-size=\"300,200\" data-comments-opened=\"0\" data-image-meta=\"{&quot;aperture&quot;:&quot;0&quot;,&quot;credit&quot;:&quot;&quot;,&quot;camera&quot;:&quot;&quot;,&quot;caption&quot;:&quot;&quot;,&quot;created_timestamp&quot;:&quot;0&quot;,&quot;copyright&quot;:&quot;&quot;,&quot;focal_length&quot;:&quot;0&quot;,&quot;iso&quot;:&quot;0&quot;,&quot;shutter_speed&quot;:&quot;0&quot;,&quot;title&quot;:&quot;&quot;,&quot;orientation&quot;:&quot;1&quot;}\" data-image-title=\"TRFOAB\" data-image-description=\"\" data-image-caption=\"\" data-medium-file=\"https:\/\/i0.wp.com\/www.tvuai.com.br\/portal\/wp-content\/uploads\/2021\/11\/TRFOAB.jpg?fit=300%2C200&amp;ssl=1\" data-large-file=\"https:\/\/i0.wp.com\/www.tvuai.com.br\/portal\/wp-content\/uploads\/2021\/11\/TRFOAB.jpg?fit=300%2C200&amp;ssl=1\" tabindex=\"0\" role=\"button\" class=\"size-full wp-image-2851 alignright\" src=\"https:\/\/i0.wp.com\/www.tvuai.com.br\/portal\/wp-content\/uploads\/2021\/11\/TRFOAB.jpg?resize=300%2C200&#038;ssl=1\" alt=\"\" width=\"300\" height=\"200\" \/>A 7\u00aa Turma do Tribunal Regional Federal da 1\u00aa Regi\u00e3o (TRF1) decidiu que Ordem dos Advogados do Brasil (OAB) n\u00e3o pode se recusar a emitir a segunda via da carteira profissional de um advogado, mesmo que ele esteja inadimplente com as anuidades da institui\u00e7\u00e3o.<\/p>\n<p>A OAB\/MG entrou com apela\u00e7\u00e3o contra a senten\u00e7a que determinou a expedi\u00e7\u00e3o da segunda via da carteira profissional. No recurso, afirmou que o advogado respondeu a processo disciplinar e ficou suspenso durante v\u00e1rios anos, mas nem mesmo a suspens\u00e3o fez com que ele quitasse a d\u00edvida. Defendeu, ainda, que \u00e9 requisito para o exerc\u00edcio da advocacia estar em condi\u00e7\u00f5es regulares perante a OAB.<\/p>\n<p>Ao julgar o caso, a relatora, desembargadora federal Gilda Sigmaringa Seixas, informou que o artigo 5\u00ba da Constitui\u00e7\u00e3o Federal, diz que \u201c\u00e9 livre o exerc\u00edcio de qualquer trabalho, of\u00edcio ou profiss\u00e3o, atendidas as qualifica\u00e7\u00f5es profissionais que a lei estabelecer.\u201d<\/p>\n<p>Segundo a magistrada, apesar da inadimpl\u00eancia ser considerada uma infra\u00e7\u00e3o pelo Estatuto da Advocacia e da Ordem dos Advogados do Brasil (Lei 8.906\/1994), o Supremo Tribunal Federal j\u00e1 decidiu, no julgamento do Recurso Extraordin\u00e1rio 647.885\/RS, que \u00e9 inconstitucional a suspens\u00e3o do exerc\u00edcio da profiss\u00e3o por conta da inadimpl\u00eancia de anuidades, \u201cpois a medida consiste em san\u00e7\u00e3o pol\u00edtica em mat\u00e9ria tribut\u00e1ria, afrontando os princ\u00edpios da proporcionalidade, da razoabilidade e do devido processo legal\u201d.<\/p>\n<p>Desta forma, a magistrada destacou em seu voto que deve ser mantida a senten\u00e7a, pois \u201cn\u00e3o pode o advogado ser tolhido de desempenhar as suas atividades laborais, pela inadimpl\u00eancia de anuidades, havendo outros meios razo\u00e1veis e proporcionais, para a cobran\u00e7a do d\u00e9bito\u201d.<\/p>\n<p>A 7\u00aa Turma do TRF1, por unanimidade, negou provimento \u00e0 apela\u00e7\u00e3o e \u00e0 remessa oficial, nos termos do voto do relator.<\/p>\n<p>Processo 1005727-71.2018.4.01.3800<br \/>\nData do julgamento: 26\/10\/2021<br \/>\nData do ac\u00f3rd\u00e3o: 03\/11\/2021<\/p>\n<h6 style=\"text-align: right\"><em><strong>Ascom\/TRF1\u00aa Regi\u00e3o<\/strong><\/em><\/h6>\n\n<div style=\"font-size: 0px; height: 0px; line-height: 0px; margin: 0; padding: 0; clear: both;\"><\/div><div class='share-to-whatsapp-wrapper'><div class='share-on-whsp'>Share on: <\/div><a data-text='Decis\u00e3o: TRF1 decide que OAB n\u00e3o pode se recusar a emitir a segunda via da carteira profissional de um advogado inadimplente com as anuidades' data-link='https:\/\/www.tvuai.com.br\/portal\/decisao-trf1-decide-que-oab-nao-pode-se-recusar-a-emitir-a-segunda-via-da-carteira-profissional-de-um-advogado-inadimplente-com-as-anuidades\/' class='whatsapp-button whatsapp-share'>WhatsApp<\/a><div class='clear '><\/div><\/div><!-- AddThis Advanced Settings generic via filter on the_content --><!-- AddThis Share Buttons generic via filter on the_content -->","protected":false},"excerpt":{"rendered":"<p>A 7\u00aa Turma do Tribunal Regional Federal da 1\u00aa Regi\u00e3o (TRF1) decidiu que Ordem dos Advogados do Brasil (OAB) n\u00e3o pode se recusar a emitir a segunda via da carteira profissional de um advogado, mesmo que ele esteja inadimplente com as anuidades da institui\u00e7\u00e3o. A OAB\/MG entrou com apela\u00e7\u00e3o contra a senten\u00e7a que determinou a [&hellip;]<!-- AddThis Advanced Settings generic via filter on get_the_excerpt --><!-- AddThis Share Buttons generic via filter on get_the_excerpt --><\/p>\n","protected":false},"author":2,"featured_media":2850,"comment_status":"closed","ping_status":"closed","sticky":false,"template":"","format":"standard","meta":{"jetpack_post_was_ever_published":false,"_jetpack_newsletter_access":"","_jetpack_dont_email_post_to_subs":false,"_jetpack_newsletter_tier_id":0,"_jetpack_memberships_contains_paywalled_content":false,"_jetpack_memberships_contains_paid_content":false,"_joinchat":[],"footnotes":"","jetpack_publicize_message":"","jetpack_publicize_feature_enabled":true,"jetpack_social_post_already_shared":true,"jetpack_social_options":{"image_generator_settings":{"template":"highway","enabled":false},"version":2}},"categories":[19],"tags":[470,472,37,39,30,27],"class_list":["post-2843","post","type-post","status-publish","format-standard","has-post-thumbnail","hentry","category-noticias","tag-decisao","tag-oab","tag-pouso-alegre","tag-sul-de-minas","tag-trf1","tag-tv-uai"],"jetpack_publicize_connections":[],"yoast_head":"<!-- This site is optimized with the Yoast SEO plugin v23.5 - https:\/\/yoast.com\/wordpress\/plugins\/seo\/ -->\n<title>Decis\u00e3o: TRF1 decide que OAB n\u00e3o pode se recusar a emitir a segunda via da carteira profissional de um advogado inadimplente com as anuidades - TVUAI<\/title>\n<meta name=\"robots\" content=\"index, follow, max-snippet:-1, max-image-preview:large, max-video-preview:-1\" \/>\n<link rel=\"canonical\" href=\"https:\/\/www.tvuai.com.br\/portal\/decisao-trf1-decide-que-oab-nao-pode-se-recusar-a-emitir-a-segunda-via-da-carteira-profissional-de-um-advogado-inadimplente-com-as-anuidades\/\" \/>\n<meta property=\"og:locale\" content=\"pt_BR\" \/>\n<meta property=\"og:type\" content=\"article\" \/>\n<meta property=\"og:title\" content=\"Decis\u00e3o: TRF1 decide que OAB n\u00e3o pode se recusar a emitir a segunda via da carteira profissional de um advogado inadimplente com as anuidades - TVUAI\" \/>\n<meta property=\"og:description\" content=\"A 7\u00aa Turma do Tribunal Regional Federal da 1\u00aa Regi\u00e3o (TRF1) decidiu que Ordem dos Advogados do Brasil (OAB) n\u00e3o pode se recusar a emitir a segunda via da carteira profissional de um advogado, mesmo que ele esteja inadimplente com as anuidades da institui\u00e7\u00e3o. A OAB\/MG entrou com apela\u00e7\u00e3o contra a senten\u00e7a que determinou a [&hellip;]\" \/>\n<meta property=\"og:url\" content=\"https:\/\/www.tvuai.com.br\/portal\/decisao-trf1-decide-que-oab-nao-pode-se-recusar-a-emitir-a-segunda-via-da-carteira-profissional-de-um-advogado-inadimplente-com-as-anuidades\/\" \/>\n<meta property=\"og:site_name\" content=\"TVUAI\" \/>\n<meta property=\"article:publisher\" content=\"http:\/\/www.facebook.com\/pages\/TV-Uai-Comunica%c3%a7%c3%a3o\/139062546157369\" \/>\n<meta property=\"article:author\" content=\"https:\/\/www.facebook.com\/tvuai\/\" \/>\n<meta property=\"article:published_time\" content=\"2021-11-24T20:39:54+00:00\" \/>\n<meta property=\"article:modified_time\" content=\"2021-12-01T22:00:51+00:00\" \/>\n<meta property=\"og:image\" content=\"https:\/\/i0.wp.com\/www.tvuai.com.br\/portal\/wp-content\/uploads\/2021\/11\/TRFOAB-0.jpg?fit=200%2C200&ssl=1\" \/>\n\t<meta property=\"og:image:width\" content=\"200\" \/>\n\t<meta property=\"og:image:height\" content=\"200\" \/>\n\t<meta property=\"og:image:type\" content=\"image\/jpeg\" \/>\n<meta name=\"author\" content=\"Rosy Pantale\u00e3o\" \/>\n<meta name=\"twitter:card\" content=\"summary_large_image\" \/>\n<meta name=\"twitter:creator\" content=\"@tvuai\" \/>\n<meta name=\"twitter:site\" content=\"@tvuai\" \/>\n<meta name=\"twitter:label1\" content=\"Escrito por\" \/>\n\t<meta name=\"twitter:data1\" content=\"Rosy Pantale\u00e3o\" \/>\n\t<meta name=\"twitter:label2\" content=\"Est. tempo de leitura\" \/>\n\t<meta name=\"twitter:data2\" content=\"2 minutos\" \/>\n<script type=\"application\/ld+json\" class=\"yoast-schema-graph\">{\"@context\":\"https:\/\/schema.org\",\"@graph\":[{\"@type\":\"Article\",\"@id\":\"https:\/\/www.tvuai.com.br\/portal\/decisao-trf1-decide-que-oab-nao-pode-se-recusar-a-emitir-a-segunda-via-da-carteira-profissional-de-um-advogado-inadimplente-com-as-anuidades\/#article\",\"isPartOf\":{\"@id\":\"https:\/\/www.tvuai.com.br\/portal\/decisao-trf1-decide-que-oab-nao-pode-se-recusar-a-emitir-a-segunda-via-da-carteira-profissional-de-um-advogado-inadimplente-com-as-anuidades\/\"},\"author\":{\"name\":\"Rosy Pantale\u00e3o\",\"@id\":\"https:\/\/www.tvuai.com.br\/portal\/#\/schema\/person\/d1c5c2b1dc1e658906286802aad38555\"},\"headline\":\"Decis\u00e3o: TRF1 decide que OAB n\u00e3o pode se recusar a emitir a segunda via da carteira profissional de um advogado inadimplente com as anuidades\",\"datePublished\":\"2021-11-24T20:39:54+00:00\",\"dateModified\":\"2021-12-01T22:00:51+00:00\",\"mainEntityOfPage\":{\"@id\":\"https:\/\/www.tvuai.com.br\/portal\/decisao-trf1-decide-que-oab-nao-pode-se-recusar-a-emitir-a-segunda-via-da-carteira-profissional-de-um-advogado-inadimplente-com-as-anuidades\/\"},\"wordCount\":347,\"publisher\":{\"@id\":\"https:\/\/www.tvuai.com.br\/portal\/#organization\"},\"image\":{\"@id\":\"https:\/\/www.tvuai.com.br\/portal\/decisao-trf1-decide-que-oab-nao-pode-se-recusar-a-emitir-a-segunda-via-da-carteira-profissional-de-um-advogado-inadimplente-com-as-anuidades\/#primaryimage\"},\"thumbnailUrl\":\"https:\/\/i0.wp.com\/www.tvuai.com.br\/portal\/wp-content\/uploads\/2021\/11\/TRFOAB-0.jpg?fit=200%2C200&ssl=1\",\"keywords\":[\"decis\u00e3o\",\"OAB\",\"Pouso Alegre\",\"Sul de Minas\",\"TRF1\",\"TV Uai\"],\"articleSection\":[\"Not\u00edcias\"],\"inLanguage\":\"pt-BR\"},{\"@type\":\"WebPage\",\"@id\":\"https:\/\/www.tvuai.com.br\/portal\/decisao-trf1-decide-que-oab-nao-pode-se-recusar-a-emitir-a-segunda-via-da-carteira-profissional-de-um-advogado-inadimplente-com-as-anuidades\/\",\"url\":\"https:\/\/www.tvuai.com.br\/portal\/decisao-trf1-decide-que-oab-nao-pode-se-recusar-a-emitir-a-segunda-via-da-carteira-profissional-de-um-advogado-inadimplente-com-as-anuidades\/\",\"name\":\"Decis\u00e3o: TRF1 decide que OAB n\u00e3o pode se recusar a emitir a segunda via da carteira profissional de um advogado inadimplente com as anuidades - TVUAI\",\"isPartOf\":{\"@id\":\"https:\/\/www.tvuai.com.br\/portal\/#website\"},\"primaryImageOfPage\":{\"@id\":\"https:\/\/www.tvuai.com.br\/portal\/decisao-trf1-decide-que-oab-nao-pode-se-recusar-a-emitir-a-segunda-via-da-carteira-profissional-de-um-advogado-inadimplente-com-as-anuidades\/#primaryimage\"},\"image\":{\"@id\":\"https:\/\/www.tvuai.com.br\/portal\/decisao-trf1-decide-que-oab-nao-pode-se-recusar-a-emitir-a-segunda-via-da-carteira-profissional-de-um-advogado-inadimplente-com-as-anuidades\/#primaryimage\"},\"thumbnailUrl\":\"https:\/\/i0.wp.com\/www.tvuai.com.br\/portal\/wp-content\/uploads\/2021\/11\/TRFOAB-0.jpg?fit=200%2C200&ssl=1\",\"datePublished\":\"2021-11-24T20:39:54+00:00\",\"dateModified\":\"2021-12-01T22:00:51+00:00\",\"breadcrumb\":{\"@id\":\"https:\/\/www.tvuai.com.br\/portal\/decisao-trf1-decide-que-oab-nao-pode-se-recusar-a-emitir-a-segunda-via-da-carteira-profissional-de-um-advogado-inadimplente-com-as-anuidades\/#breadcrumb\"},\"inLanguage\":\"pt-BR\",\"potentialAction\":[{\"@type\":\"ReadAction\",\"target\":[\"https:\/\/www.tvuai.com.br\/portal\/decisao-trf1-decide-que-oab-nao-pode-se-recusar-a-emitir-a-segunda-via-da-carteira-profissional-de-um-advogado-inadimplente-com-as-anuidades\/\"]}]},{\"@type\":\"ImageObject\",\"inLanguage\":\"pt-BR\",\"@id\":\"https:\/\/www.tvuai.com.br\/portal\/decisao-trf1-decide-que-oab-nao-pode-se-recusar-a-emitir-a-segunda-via-da-carteira-profissional-de-um-advogado-inadimplente-com-as-anuidades\/#primaryimage\",\"url\":\"https:\/\/i0.wp.com\/www.tvuai.com.br\/portal\/wp-content\/uploads\/2021\/11\/TRFOAB-0.jpg?fit=200%2C200&ssl=1\",\"contentUrl\":\"https:\/\/i0.wp.com\/www.tvuai.com.br\/portal\/wp-content\/uploads\/2021\/11\/TRFOAB-0.jpg?fit=200%2C200&ssl=1\",\"width\":200,\"height\":200},{\"@type\":\"BreadcrumbList\",\"@id\":\"https:\/\/www.tvuai.com.br\/portal\/decisao-trf1-decide-que-oab-nao-pode-se-recusar-a-emitir-a-segunda-via-da-carteira-profissional-de-um-advogado-inadimplente-com-as-anuidades\/#breadcrumb\",\"itemListElement\":[{\"@type\":\"ListItem\",\"position\":1,\"name\":\"In\u00edcio\",\"item\":\"https:\/\/www.tvuai.com.br\/portal\/\"},{\"@type\":\"ListItem\",\"position\":2,\"name\":\"Decis\u00e3o: TRF1 decide que OAB n\u00e3o pode se recusar a emitir a segunda via da carteira profissional de um advogado inadimplente com as anuidades\"}]},{\"@type\":\"WebSite\",\"@id\":\"https:\/\/www.tvuai.com.br\/portal\/#website\",\"url\":\"https:\/\/www.tvuai.com.br\/portal\/\",\"name\":\"TVUAI\",\"description\":\"Tudo sobre o Sul de Minas\",\"publisher\":{\"@id\":\"https:\/\/www.tvuai.com.br\/portal\/#organization\"},\"potentialAction\":[{\"@type\":\"SearchAction\",\"target\":{\"@type\":\"EntryPoint\",\"urlTemplate\":\"https:\/\/www.tvuai.com.br\/portal\/?s={search_term_string}\"},\"query-input\":{\"@type\":\"PropertyValueSpecification\",\"valueRequired\":true,\"valueName\":\"search_term_string\"}}],\"inLanguage\":\"pt-BR\"},{\"@type\":\"Organization\",\"@id\":\"https:\/\/www.tvuai.com.br\/portal\/#organization\",\"name\":\"TVUAI\",\"url\":\"https:\/\/www.tvuai.com.br\/portal\/\",\"logo\":{\"@type\":\"ImageObject\",\"inLanguage\":\"pt-BR\",\"@id\":\"https:\/\/www.tvuai.com.br\/portal\/#\/schema\/logo\/image\/\",\"url\":\"https:\/\/i0.wp.com\/www.tvuai.com.br\/portal\/wp-content\/uploads\/2017\/12\/logo_tvuai_100H.png?fit=207%2C100&ssl=1\",\"contentUrl\":\"https:\/\/i0.wp.com\/www.tvuai.com.br\/portal\/wp-content\/uploads\/2017\/12\/logo_tvuai_100H.png?fit=207%2C100&ssl=1\",\"width\":207,\"height\":100,\"caption\":\"TVUAI\"},\"image\":{\"@id\":\"https:\/\/www.tvuai.com.br\/portal\/#\/schema\/logo\/image\/\"},\"sameAs\":[\"http:\/\/www.facebook.com\/pages\/TV-Uai-Comunica\u00e7\u00e3o\/139062546157369\",\"https:\/\/x.com\/tvuai\",\"https:\/\/www.instagram.com\/tvuai_network\/\",\"https:\/\/www.youtube.com\/channel\/UCB7ZPB3wRv-OpoZ_09jmnkQ\"]},{\"@type\":\"Person\",\"@id\":\"https:\/\/www.tvuai.com.br\/portal\/#\/schema\/person\/d1c5c2b1dc1e658906286802aad38555\",\"name\":\"Rosy Pantale\u00e3o\",\"sameAs\":[\"https:\/\/www.tvuai.com.br\/portal\/\",\"https:\/\/www.facebook.com\/tvuai\/\",\"https:\/\/www.instagram.com\/tvuai\",\"https:\/\/x.com\/tvuai\",\"https:\/\/www.youtube.com\/channel\/UCB7ZPB3wRv-OpoZ_09jmnkQ\",\"tvuai\"],\"url\":\"https:\/\/www.tvuai.com.br\/portal\/author\/rosy\/\"}]}<\/script>\n<!-- \/ Yoast SEO plugin. -->","yoast_head_json":{"title":"Decis\u00e3o: TRF1 decide que OAB n\u00e3o pode se recusar a emitir a segunda via da carteira profissional de um advogado inadimplente com as anuidades - TVUAI","robots":{"index":"index","follow":"follow","max-snippet":"max-snippet:-1","max-image-preview":"max-image-preview:large","max-video-preview":"max-video-preview:-1"},"canonical":"https:\/\/www.tvuai.com.br\/portal\/decisao-trf1-decide-que-oab-nao-pode-se-recusar-a-emitir-a-segunda-via-da-carteira-profissional-de-um-advogado-inadimplente-com-as-anuidades\/","og_locale":"pt_BR","og_type":"article","og_title":"Decis\u00e3o: TRF1 decide que OAB n\u00e3o pode se recusar a emitir a segunda via da carteira profissional de um advogado inadimplente com as anuidades - TVUAI","og_description":"A 7\u00aa Turma do Tribunal Regional Federal da 1\u00aa Regi\u00e3o (TRF1) decidiu que Ordem dos Advogados do Brasil (OAB) n\u00e3o pode se recusar a emitir a segunda via da carteira profissional de um advogado, mesmo que ele esteja inadimplente com as anuidades da institui\u00e7\u00e3o. A OAB\/MG entrou com apela\u00e7\u00e3o contra a senten\u00e7a que determinou a [&hellip;]","og_url":"https:\/\/www.tvuai.com.br\/portal\/decisao-trf1-decide-que-oab-nao-pode-se-recusar-a-emitir-a-segunda-via-da-carteira-profissional-de-um-advogado-inadimplente-com-as-anuidades\/","og_site_name":"TVUAI","article_publisher":"http:\/\/www.facebook.com\/pages\/TV-Uai-Comunica%c3%a7%c3%a3o\/139062546157369","article_author":"https:\/\/www.facebook.com\/tvuai\/","article_published_time":"2021-11-24T20:39:54+00:00","article_modified_time":"2021-12-01T22:00:51+00:00","og_image":[{"width":200,"height":200,"url":"https:\/\/i0.wp.com\/www.tvuai.com.br\/portal\/wp-content\/uploads\/2021\/11\/TRFOAB-0.jpg?fit=200%2C200&ssl=1","type":"image\/jpeg"}],"author":"Rosy Pantale\u00e3o","twitter_card":"summary_large_image","twitter_creator":"@tvuai","twitter_site":"@tvuai","twitter_misc":{"Escrito por":"Rosy Pantale\u00e3o","Est. tempo de leitura":"2 minutos"},"schema":{"@context":"https:\/\/schema.org","@graph":[{"@type":"Article","@id":"https:\/\/www.tvuai.com.br\/portal\/decisao-trf1-decide-que-oab-nao-pode-se-recusar-a-emitir-a-segunda-via-da-carteira-profissional-de-um-advogado-inadimplente-com-as-anuidades\/#article","isPartOf":{"@id":"https:\/\/www.tvuai.com.br\/portal\/decisao-trf1-decide-que-oab-nao-pode-se-recusar-a-emitir-a-segunda-via-da-carteira-profissional-de-um-advogado-inadimplente-com-as-anuidades\/"},"author":{"name":"Rosy Pantale\u00e3o","@id":"https:\/\/www.tvuai.com.br\/portal\/#\/schema\/person\/d1c5c2b1dc1e658906286802aad38555"},"headline":"Decis\u00e3o: TRF1 decide que OAB n\u00e3o pode se recusar a emitir a segunda via da carteira profissional de um advogado inadimplente com as anuidades","datePublished":"2021-11-24T20:39:54+00:00","dateModified":"2021-12-01T22:00:51+00:00","mainEntityOfPage":{"@id":"https:\/\/www.tvuai.com.br\/portal\/decisao-trf1-decide-que-oab-nao-pode-se-recusar-a-emitir-a-segunda-via-da-carteira-profissional-de-um-advogado-inadimplente-com-as-anuidades\/"},"wordCount":347,"publisher":{"@id":"https:\/\/www.tvuai.com.br\/portal\/#organization"},"image":{"@id":"https:\/\/www.tvuai.com.br\/portal\/decisao-trf1-decide-que-oab-nao-pode-se-recusar-a-emitir-a-segunda-via-da-carteira-profissional-de-um-advogado-inadimplente-com-as-anuidades\/#primaryimage"},"thumbnailUrl":"https:\/\/i0.wp.com\/www.tvuai.com.br\/portal\/wp-content\/uploads\/2021\/11\/TRFOAB-0.jpg?fit=200%2C200&ssl=1","keywords":["decis\u00e3o","OAB","Pouso Alegre","Sul de Minas","TRF1","TV Uai"],"articleSection":["Not\u00edcias"],"inLanguage":"pt-BR"},{"@type":"WebPage","@id":"https:\/\/www.tvuai.com.br\/portal\/decisao-trf1-decide-que-oab-nao-pode-se-recusar-a-emitir-a-segunda-via-da-carteira-profissional-de-um-advogado-inadimplente-com-as-anuidades\/","url":"https:\/\/www.tvuai.com.br\/portal\/decisao-trf1-decide-que-oab-nao-pode-se-recusar-a-emitir-a-segunda-via-da-carteira-profissional-de-um-advogado-inadimplente-com-as-anuidades\/","name":"Decis\u00e3o: TRF1 decide que OAB n\u00e3o pode se recusar a emitir a segunda via da carteira profissional de um advogado inadimplente com as anuidades - TVUAI","isPartOf":{"@id":"https:\/\/www.tvuai.com.br\/portal\/#website"},"primaryImageOfPage":{"@id":"https:\/\/www.tvuai.com.br\/portal\/decisao-trf1-decide-que-oab-nao-pode-se-recusar-a-emitir-a-segunda-via-da-carteira-profissional-de-um-advogado-inadimplente-com-as-anuidades\/#primaryimage"},"image":{"@id":"https:\/\/www.tvuai.com.br\/portal\/decisao-trf1-decide-que-oab-nao-pode-se-recusar-a-emitir-a-segunda-via-da-carteira-profissional-de-um-advogado-inadimplente-com-as-anuidades\/#primaryimage"},"thumbnailUrl":"https:\/\/i0.wp.com\/www.tvuai.com.br\/portal\/wp-content\/uploads\/2021\/11\/TRFOAB-0.jpg?fit=200%2C200&ssl=1","datePublished":"2021-11-24T20:39:54+00:00","dateModified":"2021-12-01T22:00:51+00:00","breadcrumb":{"@id":"https:\/\/www.tvuai.com.br\/portal\/decisao-trf1-decide-que-oab-nao-pode-se-recusar-a-emitir-a-segunda-via-da-carteira-profissional-de-um-advogado-inadimplente-com-as-anuidades\/#breadcrumb"},"inLanguage":"pt-BR","potentialAction":[{"@type":"ReadAction","target":["https:\/\/www.tvuai.com.br\/portal\/decisao-trf1-decide-que-oab-nao-pode-se-recusar-a-emitir-a-segunda-via-da-carteira-profissional-de-um-advogado-inadimplente-com-as-anuidades\/"]}]},{"@type":"ImageObject","inLanguage":"pt-BR","@id":"https:\/\/www.tvuai.com.br\/portal\/decisao-trf1-decide-que-oab-nao-pode-se-recusar-a-emitir-a-segunda-via-da-carteira-profissional-de-um-advogado-inadimplente-com-as-anuidades\/#primaryimage","url":"https:\/\/i0.wp.com\/www.tvuai.com.br\/portal\/wp-content\/uploads\/2021\/11\/TRFOAB-0.jpg?fit=200%2C200&ssl=1","contentUrl":"https:\/\/i0.wp.com\/www.tvuai.com.br\/portal\/wp-content\/uploads\/2021\/11\/TRFOAB-0.jpg?fit=200%2C200&ssl=1","width":200,"height":200},{"@type":"BreadcrumbList","@id":"https:\/\/www.tvuai.com.br\/portal\/decisao-trf1-decide-que-oab-nao-pode-se-recusar-a-emitir-a-segunda-via-da-carteira-profissional-de-um-advogado-inadimplente-com-as-anuidades\/#breadcrumb","itemListElement":[{"@type":"ListItem","position":1,"name":"In\u00edcio","item":"https:\/\/www.tvuai.com.br\/portal\/"},{"@type":"ListItem","position":2,"name":"Decis\u00e3o: TRF1 decide que OAB n\u00e3o pode se recusar a emitir a segunda via da carteira profissional de um advogado inadimplente com as anuidades"}]},{"@type":"WebSite","@id":"https:\/\/www.tvuai.com.br\/portal\/#website","url":"https:\/\/www.tvuai.com.br\/portal\/","name":"TVUAI","description":"Tudo sobre o Sul de Minas","publisher":{"@id":"https:\/\/www.tvuai.com.br\/portal\/#organization"},"potentialAction":[{"@type":"SearchAction","target":{"@type":"EntryPoint","urlTemplate":"https:\/\/www.tvuai.com.br\/portal\/?s={search_term_string}"},"query-input":{"@type":"PropertyValueSpecification","valueRequired":true,"valueName":"search_term_string"}}],"inLanguage":"pt-BR"},{"@type":"Organization","@id":"https:\/\/www.tvuai.com.br\/portal\/#organization","name":"TVUAI","url":"https:\/\/www.tvuai.com.br\/portal\/","logo":{"@type":"ImageObject","inLanguage":"pt-BR","@id":"https:\/\/www.tvuai.com.br\/portal\/#\/schema\/logo\/image\/","url":"https:\/\/i0.wp.com\/www.tvuai.com.br\/portal\/wp-content\/uploads\/2017\/12\/logo_tvuai_100H.png?fit=207%2C100&ssl=1","contentUrl":"https:\/\/i0.wp.com\/www.tvuai.com.br\/portal\/wp-content\/uploads\/2017\/12\/logo_tvuai_100H.png?fit=207%2C100&ssl=1","width":207,"height":100,"caption":"TVUAI"},"image":{"@id":"https:\/\/www.tvuai.com.br\/portal\/#\/schema\/logo\/image\/"},"sameAs":["http:\/\/www.facebook.com\/pages\/TV-Uai-Comunica\u00e7\u00e3o\/139062546157369","https:\/\/x.com\/tvuai","https:\/\/www.instagram.com\/tvuai_network\/","https:\/\/www.youtube.com\/channel\/UCB7ZPB3wRv-OpoZ_09jmnkQ"]},{"@type":"Person","@id":"https:\/\/www.tvuai.com.br\/portal\/#\/schema\/person\/d1c5c2b1dc1e658906286802aad38555","name":"Rosy Pantale\u00e3o","sameAs":["https:\/\/www.tvuai.com.br\/portal\/","https:\/\/www.facebook.com\/tvuai\/","https:\/\/www.instagram.com\/tvuai","https:\/\/x.com\/tvuai","https:\/\/www.youtube.com\/channel\/UCB7ZPB3wRv-OpoZ_09jmnkQ","tvuai"],"url":"https:\/\/www.tvuai.com.br\/portal\/author\/rosy\/"}]}},"jetpack_featured_media_url":"https:\/\/i0.wp.com\/www.tvuai.com.br\/portal\/wp-content\/uploads\/2021\/11\/TRFOAB-0.jpg?fit=200%2C200&ssl=1","wpmagazine_modules_lite_featured_media_urls":{"thumbnail":["https:\/\/i0.wp.com\/www.tvuai.com.br\/portal\/wp-content\/uploads\/2021\/11\/TRFOAB-0.jpg?resize=150%2C150&ssl=1",150,150,true],"cvmm-medium":["https:\/\/i0.wp.com\/www.tvuai.com.br\/portal\/wp-content\/uploads\/2021\/11\/TRFOAB-0.jpg?resize=200%2C200&ssl=1",200,200,true],"cvmm-medium-plus":["https:\/\/i0.wp.com\/www.tvuai.com.br\/portal\/wp-content\/uploads\/2021\/11\/TRFOAB-0.jpg?resize=200%2C200&ssl=1",200,200,true],"cvmm-portrait":["https:\/\/i0.wp.com\/www.tvuai.com.br\/portal\/wp-content\/uploads\/2021\/11\/TRFOAB-0.jpg?resize=200%2C200&ssl=1",200,200,true],"cvmm-medium-square":["https:\/\/i0.wp.com\/www.tvuai.com.br\/portal\/wp-content\/uploads\/2021\/11\/TRFOAB-0.jpg?resize=200%2C200&ssl=1",200,200,true],"cvmm-large":["https:\/\/i0.wp.com\/www.tvuai.com.br\/portal\/wp-content\/uploads\/2021\/11\/TRFOAB-0.jpg?resize=200%2C200&ssl=1",200,200,true],"cvmm-small":["https:\/\/i0.wp.com\/www.tvuai.com.br\/portal\/wp-content\/uploads\/2021\/11\/TRFOAB-0.jpg?resize=130%2C95&ssl=1",130,95,true],"full":["https:\/\/i0.wp.com\/www.tvuai.com.br\/portal\/wp-content\/uploads\/2021\/11\/TRFOAB-0.jpg?fit=200%2C200&ssl=1",200,200,false]},"categories_names":{"19":{"name":"Not\u00edcias","link":"https:\/\/www.tvuai.com.br\/portal\/category\/noticias\/"}},"tags_names":{"470":{"name":"decis\u00e3o","link":"https:\/\/www.tvuai.com.br\/portal\/tag\/decisao\/"},"472":{"name":"OAB","link":"https:\/\/www.tvuai.com.br\/portal\/tag\/oab\/"},"37":{"name":"Pouso Alegre","link":"https:\/\/www.tvuai.com.br\/portal\/tag\/pouso-alegre\/"},"39":{"name":"Sul de Minas","link":"https:\/\/www.tvuai.com.br\/portal\/tag\/sul-de-minas\/"},"30":{"name":"TRF1","link":"https:\/\/www.tvuai.com.br\/portal\/tag\/trf1\/"},"27":{"name":"TV Uai","link":"https:\/\/www.tvuai.com.br\/portal\/tag\/tv-uai\/"}},"comments_number":"0","jetpack_shortlink":"https:\/\/wp.me\/p9woix-JR","jetpack_sharing_enabled":true,"_links":{"self":[{"href":"https:\/\/www.tvuai.com.br\/portal\/wp-json\/wp\/v2\/posts\/2843"}],"collection":[{"href":"https:\/\/www.tvuai.com.br\/portal\/wp-json\/wp\/v2\/posts"}],"about":[{"href":"https:\/\/www.tvuai.com.br\/portal\/wp-json\/wp\/v2\/types\/post"}],"author":[{"embeddable":true,"href":"https:\/\/www.tvuai.com.br\/portal\/wp-json\/wp\/v2\/users\/2"}],"replies":[{"embeddable":true,"href":"https:\/\/www.tvuai.com.br\/portal\/wp-json\/wp\/v2\/comments?post=2843"}],"version-history":[{"count":2,"href":"https:\/\/www.tvuai.com.br\/portal\/wp-json\/wp\/v2\/posts\/2843\/revisions"}],"predecessor-version":[{"id":2852,"href":"https:\/\/www.tvuai.com.br\/portal\/wp-json\/wp\/v2\/posts\/2843\/revisions\/2852"}],"wp:featuredmedia":[{"embeddable":true,"href":"https:\/\/www.tvuai.com.br\/portal\/wp-json\/wp\/v2\/media\/2850"}],"wp:attachment":[{"href":"https:\/\/www.tvuai.com.br\/portal\/wp-json\/wp\/v2\/media?parent=2843"}],"wp:term":[{"taxonomy":"category","embeddable":true,"href":"https:\/\/www.tvuai.com.br\/portal\/wp-json\/wp\/v2\/categories?post=2843"},{"taxonomy":"post_tag","embeddable":true,"href":"https:\/\/www.tvuai.com.br\/portal\/wp-json\/wp\/v2\/tags?post=2843"}],"curies":[{"name":"wp","href":"https:\/\/api.w.org\/{rel}","templated":true}]}}