{"id":2803,"date":"2021-11-24T05:37:45","date_gmt":"2021-11-24T08:37:45","guid":{"rendered":"https:\/\/www.tvuai.com.br\/portal\/?p=2803"},"modified":"2023-07-19T10:49:38","modified_gmt":"2023-07-19T13:49:38","slug":"dart-vader-e-lancado-pela-nasa-para-combater-ameacas-espaciais","status":"publish","type":"post","link":"https:\/\/www.tvuai.com.br\/portal\/dart-vader-e-lancado-pela-nasa-para-combater-ameacas-espaciais\/","title":{"rendered":"Dart &#8220;Vader&#8221; \u00e9 lan\u00e7ado pela Nasa para combater amea\u00e7as espaciais"},"content":{"rendered":"<div class=\"5a1038e0903b96d426fcfcc338703013\" data-index=\"1\" style=\"float: right; margin:10px 0 10px 10px;\">\n<script async src=\"https:\/\/pagead2.googlesyndication.com\/pagead\/js\/adsbygoogle.js?client=ca-pub-9945944833605257\"\r\n     crossorigin=\"anonymous\"><\/script>\r\n<ins class=\"adsbygoogle\"\r\n     style=\"display:block; text-align:center;\"\r\n     data-ad-layout=\"in-article\"\r\n     data-ad-format=\"fluid\"\r\n     data-ad-client=\"ca-pub-9945944833605257\"\r\n     data-ad-slot=\"2343923581\"><\/ins>\r\n<script>\r\n     (adsbygoogle = window.adsbygoogle || []).push({});\r\n<\/script>\n<\/div>\n<h5 style=\"text-align: center\"><em><div class=\"jetpack-video-wrapper\"><span class=\"embed-youtube\" style=\"text-align:center; display: block;\"><iframe class=\"youtube-player\" width=\"560\" height=\"315\" src=\"https:\/\/www.youtube.com\/embed\/bUryI3atXQc?version=3&#038;rel=1&#038;showsearch=0&#038;showinfo=1&#038;iv_load_policy=1&#038;fs=1&#038;hl=pt-BR&#038;autohide=2&#038;wmode=transparent\" allowfullscreen=\"true\" style=\"border:0;\" sandbox=\"allow-scripts allow-same-origin allow-popups allow-presentation allow-popups-to-escape-sandbox\"><\/iframe><\/span><\/div><\/em><\/h5>\n<h5 style=\"text-align: center\"><em>N\u00e3o \u00e9 filme ou livro de fic\u00e7\u00e3o cient\u00edfica, \u00e9 a realidade.<\/em><br \/>\n<em>\u00c9 a Dart &#8211; o &#8220;dardo&#8221; \u00e9 o nome da miss\u00e3o de teste de redirecionamento de aster\u00f3ide bin\u00e1rio &#8211; miss\u00e3o da Nasa,<\/em><br \/>\n<em>ag\u00eancia espacial norte americana, lan\u00e7ada na madrugada de hoje, 24, rumo a um asteroide no espa\u00e7o.<\/em><br \/>\n<em>O prop\u00f3sito \u00e9 avaliar a possibilidade de desviar um aster\u00f3ide da \u00f3rbita da Terra com o impacto de uma espa\u00e7onave.<\/em><\/h5>\n<p>Menor que um autom\u00f3vel e com dois longos pain\u00e9is solares, a nave decolou \u00e0s 3h20 da madrugada de hoje da Base da For\u00e7a Espacial de Vandenberg, na Calif\u00f3rnia, a bordo do foguete Falcon 9 da SpaceX &#8211; do multibilion\u00e1rio Elon Musk &#8211; e deve atingir, em cerca de dez meses, um asteroide do tamanho de um campo de futebol &#8211; cerca de 160 metros de di\u00e2metro, que se localiza a 11 milh\u00f5es de km da Terra com a inten\u00e7\u00e3o de descobrir a capacidade de desviar um asteroide da \u00f3rbita terrestre, batendo em um pequeno planeta a uma velocidade de 240 mil quil\u00f4metros por hora.<\/p>\n<p>O asteroide, chamado Dimorfos, \u00e9 uma lua que orbita um asteroide maior, o Didymos\u00a0 de 780 metros de di\u00e2metro. A lua de Dimorfos \u00e9 um dos menores objetos astron\u00f4micos a receber um nome permanente e um dos 27.500 asteroides conhecidos perto da Terra, de todos os tamanhos, rastreados pela Nasa. Para dar a volta ao maior asteroide, o Dimorphos leva 11 horas e 55 minutos. Os cientistas esperam reduzir a \u00f3rbita em cerca de 10 minutos.<\/p>\n<p>Ao ser atingido, o asteroide alvo da Dart dever\u00e1 alterar superficialmente a rota ap\u00f3s o choque e formar uma cratera, o que deve ser captado por telesc\u00f3pios terrestres. Dimorfos n\u00e3o representa uma amea\u00e7a real e \u00e9 min\u00fasculo em compara\u00e7\u00e3o com a cat\u00e1strofe do asteroide Chicxulub que atingiu a terra h\u00e1 mais de 66 milh\u00f5es de anos e levou \u00e0 extin\u00e7\u00e3o dos dinossauros. A miss\u00e3o conta com a colabora\u00e7\u00e3o da Ag\u00eancia Espacial Europeia (ESA), que ajudar\u00e1 no trabalho de rastreio e contato com a espa\u00e7onave. De acordo com a Nasa e com a ESA, as rochas espaciais n\u00e3o s\u00e3o uma amea\u00e7a para a Terra, mas os testes s\u00e3o significativos para futuras a\u00e7\u00f5es envolvendo asteroides.<\/p>\n<p>Esta \u00e9 mais uma das v\u00e1rias miss\u00f5es da Nasa nos \u00faltimos anos para explorar e interagir com asteroides, restos rochosos primordiais da forma\u00e7\u00e3o do sistema solar. O custo total da miss\u00e3o \u2013 a primeira interplanet\u00e1ria lan\u00e7ada pela empresa de Elon Musk para a Nasa \u2013 \u00e9 de US$ 330 milh\u00f5es.<\/p>\n<p>No m\u00eas passado, a ag\u00eancia lan\u00e7ou uma sonda numa viagem aos aglomerados de asteroides de Troia em \u00f3rbita perto de J\u00fapiter. J\u00e1 a nave Osires-Rex est\u00e1 de regresso \u00e0 Terra com uma amostra recolhida em outubro de 2020 do asteroide Bennu.<\/p>\n<p style=\"text-align: center\"><strong>De olho na amea\u00e7a espacial mais pr\u00f3xima<\/strong><\/p>\n<p>No dia 7 de janeiro de 2022\u00a0o asteroide\u00a0<span class=\"f24 bold blue\">2020 AP1<\/span>\u00a0poder\u00e1 se aproximar muito e passar a apenas\u00a0<span class=\"f24 red\">1.037<\/span> km da Terra. O objeto se desloca a 5 km por segundo e tem cerca de 5 metros de comprimento. O asteroide 2020 AP1 tem cerca de\u00a0<span class=\"bold f16\">196 toneladas<\/span> e um volume estimado em 66 metros c\u00fabicos. Se atingisse a Terra numa eventual queda liberaria energia equivalente a explos\u00e3o de 1 kiloton de TNT.<\/p>\n<h6 style=\"text-align: right\"><em><strong>Com informa\u00e7\u00f5es e imagens NASA e RTP &#8211; Washington<\/strong><\/em><\/h6>\n\n<div style=\"font-size: 0px; height: 0px; line-height: 0px; margin: 0; padding: 0; clear: both;\"><\/div><div class='share-to-whatsapp-wrapper'><div class='share-on-whsp'>Share on: <\/div><a data-text='Dart \"Vader\" \u00e9 lan\u00e7ado pela Nasa para combater amea\u00e7as espaciais' data-link='https:\/\/www.tvuai.com.br\/portal\/dart-vader-e-lancado-pela-nasa-para-combater-ameacas-espaciais\/' class='whatsapp-button whatsapp-share'>WhatsApp<\/a><div class='clear '><\/div><\/div><!-- AddThis Advanced Settings generic via filter on the_content --><!-- AddThis Share Buttons generic via filter on the_content -->","protected":false},"excerpt":{"rendered":"<p>N\u00e3o \u00e9 filme ou livro de fic\u00e7\u00e3o cient\u00edfica, \u00e9 a realidade. \u00c9 a Dart &#8211; o &#8220;dardo&#8221; \u00e9 o nome da miss\u00e3o de teste de redirecionamento de aster\u00f3ide bin\u00e1rio &#8211; miss\u00e3o da Nasa, ag\u00eancia espacial norte americana, lan\u00e7ada na madrugada de hoje, 24, rumo a um asteroide no espa\u00e7o. O prop\u00f3sito \u00e9 avaliar a possibilidade [&hellip;]<!-- AddThis Advanced Settings generic via filter on get_the_excerpt --><!-- AddThis Share Buttons generic via filter on get_the_excerpt --><\/p>\n","protected":false},"author":2,"featured_media":2817,"comment_status":"closed","ping_status":"closed","sticky":false,"template":"","format":"standard","meta":{"jetpack_post_was_ever_published":false,"_jetpack_newsletter_access":"","_jetpack_dont_email_post_to_subs":false,"_jetpack_newsletter_tier_id":0,"_jetpack_memberships_contains_paywalled_content":false,"_jetpack_memberships_contains_paid_content":false,"_joinchat":[],"footnotes":"","jetpack_publicize_message":"","jetpack_publicize_feature_enabled":true,"jetpack_social_post_already_shared":true,"jetpack_social_options":{"image_generator_settings":{"template":"highway","enabled":false},"version":2}},"categories":[1642,19,21],"tags":[449,450,452,451,448,453,37,39,27],"class_list":["post-2803","post","type-post","status-publish","format-standard","has-post-thumbnail","hentry","category-tecnologia","category-noticias","category-videos","tag-agencia-espacial-europeia","tag-asteroide-dimorfos","tag-base-da-forca-espacial-de-vandenberg","tag-dart","tag-nasa","tag-planetary-defense","tag-pouso-alegre","tag-sul-de-minas","tag-tv-uai"],"jetpack_publicize_connections":[],"yoast_head":"<!-- This site is optimized with the Yoast SEO plugin v23.5 - https:\/\/yoast.com\/wordpress\/plugins\/seo\/ -->\n<title>Dart &quot;Vader&quot; \u00e9 lan\u00e7ado pela Nasa para combater amea\u00e7as espaciais - TVUAI<\/title>\n<meta name=\"robots\" content=\"index, follow, max-snippet:-1, max-image-preview:large, max-video-preview:-1\" \/>\n<link rel=\"canonical\" href=\"https:\/\/www.tvuai.com.br\/portal\/dart-vader-e-lancado-pela-nasa-para-combater-ameacas-espaciais\/\" \/>\n<meta property=\"og:locale\" content=\"pt_BR\" \/>\n<meta property=\"og:type\" content=\"article\" \/>\n<meta property=\"og:title\" content=\"Dart &quot;Vader&quot; \u00e9 lan\u00e7ado pela Nasa para combater amea\u00e7as espaciais - TVUAI\" \/>\n<meta property=\"og:description\" content=\"N\u00e3o \u00e9 filme ou livro de fic\u00e7\u00e3o cient\u00edfica, \u00e9 a realidade. \u00c9 a Dart &#8211; o &#8220;dardo&#8221; \u00e9 o nome da miss\u00e3o de teste de redirecionamento de aster\u00f3ide bin\u00e1rio &#8211; miss\u00e3o da Nasa, ag\u00eancia espacial norte americana, lan\u00e7ada na madrugada de hoje, 24, rumo a um asteroide no espa\u00e7o. O prop\u00f3sito \u00e9 avaliar a possibilidade [&hellip;]\" \/>\n<meta property=\"og:url\" content=\"https:\/\/www.tvuai.com.br\/portal\/dart-vader-e-lancado-pela-nasa-para-combater-ameacas-espaciais\/\" \/>\n<meta property=\"og:site_name\" content=\"TVUAI\" \/>\n<meta property=\"article:publisher\" content=\"http:\/\/www.facebook.com\/pages\/TV-Uai-Comunica%c3%a7%c3%a3o\/139062546157369\" \/>\n<meta property=\"article:author\" content=\"https:\/\/www.facebook.com\/tvuai\/\" \/>\n<meta property=\"article:published_time\" content=\"2021-11-24T08:37:45+00:00\" \/>\n<meta property=\"article:modified_time\" content=\"2023-07-19T13:49:38+00:00\" \/>\n<meta property=\"og:image\" content=\"https:\/\/www.tvuai.com.br\/portal\/wp-content\/uploads\/2021\/11\/Nasa.jpg\" \/>\n\t<meta property=\"og:image:width\" content=\"200\" \/>\n\t<meta property=\"og:image:height\" content=\"200\" \/>\n\t<meta property=\"og:image:type\" content=\"image\/jpeg\" \/>\n<meta name=\"author\" content=\"Rosy Pantale\u00e3o\" \/>\n<meta name=\"twitter:card\" content=\"summary_large_image\" \/>\n<meta name=\"twitter:creator\" content=\"@tvuai\" \/>\n<meta name=\"twitter:site\" content=\"@tvuai\" \/>\n<meta name=\"twitter:label1\" content=\"Escrito por\" \/>\n\t<meta name=\"twitter:data1\" content=\"Rosy Pantale\u00e3o\" \/>\n\t<meta name=\"twitter:label2\" content=\"Est. tempo de leitura\" \/>\n\t<meta name=\"twitter:data2\" content=\"3 minutos\" \/>\n<script type=\"application\/ld+json\" class=\"yoast-schema-graph\">{\"@context\":\"https:\/\/schema.org\",\"@graph\":[{\"@type\":\"Article\",\"@id\":\"https:\/\/www.tvuai.com.br\/portal\/dart-vader-e-lancado-pela-nasa-para-combater-ameacas-espaciais\/#article\",\"isPartOf\":{\"@id\":\"https:\/\/www.tvuai.com.br\/portal\/dart-vader-e-lancado-pela-nasa-para-combater-ameacas-espaciais\/\"},\"author\":{\"name\":\"Rosy Pantale\u00e3o\",\"@id\":\"https:\/\/www.tvuai.com.br\/portal\/#\/schema\/person\/d1c5c2b1dc1e658906286802aad38555\"},\"headline\":\"Dart &#8220;Vader&#8221; \u00e9 lan\u00e7ado pela Nasa para combater amea\u00e7as espaciais\",\"datePublished\":\"2021-11-24T08:37:45+00:00\",\"dateModified\":\"2023-07-19T13:49:38+00:00\",\"mainEntityOfPage\":{\"@id\":\"https:\/\/www.tvuai.com.br\/portal\/dart-vader-e-lancado-pela-nasa-para-combater-ameacas-espaciais\/\"},\"wordCount\":588,\"publisher\":{\"@id\":\"https:\/\/www.tvuai.com.br\/portal\/#organization\"},\"image\":{\"@id\":\"https:\/\/www.tvuai.com.br\/portal\/dart-vader-e-lancado-pela-nasa-para-combater-ameacas-espaciais\/#primaryimage\"},\"thumbnailUrl\":\"https:\/\/i0.wp.com\/www.tvuai.com.br\/portal\/wp-content\/uploads\/2021\/11\/Nasa.jpg?fit=200%2C200&ssl=1\",\"keywords\":[\"Ag\u00eancia Espacial Europ\u00e9ia\",\"asteroide Dimorfos\",\"Base da For\u00e7a Espacial de Vandenberg\",\"DART\",\"NASA\",\"Planetary Defense\",\"Pouso Alegre\",\"Sul de Minas\",\"TV Uai\"],\"articleSection\":[\"Ci\u00eancia e Tecnologia\",\"Not\u00edcias\",\"Videos\"],\"inLanguage\":\"pt-BR\"},{\"@type\":\"WebPage\",\"@id\":\"https:\/\/www.tvuai.com.br\/portal\/dart-vader-e-lancado-pela-nasa-para-combater-ameacas-espaciais\/\",\"url\":\"https:\/\/www.tvuai.com.br\/portal\/dart-vader-e-lancado-pela-nasa-para-combater-ameacas-espaciais\/\",\"name\":\"Dart \\\"Vader\\\" \u00e9 lan\u00e7ado pela Nasa para combater amea\u00e7as espaciais - TVUAI\",\"isPartOf\":{\"@id\":\"https:\/\/www.tvuai.com.br\/portal\/#website\"},\"primaryImageOfPage\":{\"@id\":\"https:\/\/www.tvuai.com.br\/portal\/dart-vader-e-lancado-pela-nasa-para-combater-ameacas-espaciais\/#primaryimage\"},\"image\":{\"@id\":\"https:\/\/www.tvuai.com.br\/portal\/dart-vader-e-lancado-pela-nasa-para-combater-ameacas-espaciais\/#primaryimage\"},\"thumbnailUrl\":\"https:\/\/i0.wp.com\/www.tvuai.com.br\/portal\/wp-content\/uploads\/2021\/11\/Nasa.jpg?fit=200%2C200&ssl=1\",\"datePublished\":\"2021-11-24T08:37:45+00:00\",\"dateModified\":\"2023-07-19T13:49:38+00:00\",\"breadcrumb\":{\"@id\":\"https:\/\/www.tvuai.com.br\/portal\/dart-vader-e-lancado-pela-nasa-para-combater-ameacas-espaciais\/#breadcrumb\"},\"inLanguage\":\"pt-BR\",\"potentialAction\":[{\"@type\":\"ReadAction\",\"target\":[\"https:\/\/www.tvuai.com.br\/portal\/dart-vader-e-lancado-pela-nasa-para-combater-ameacas-espaciais\/\"]}]},{\"@type\":\"ImageObject\",\"inLanguage\":\"pt-BR\",\"@id\":\"https:\/\/www.tvuai.com.br\/portal\/dart-vader-e-lancado-pela-nasa-para-combater-ameacas-espaciais\/#primaryimage\",\"url\":\"https:\/\/i0.wp.com\/www.tvuai.com.br\/portal\/wp-content\/uploads\/2021\/11\/Nasa.jpg?fit=200%2C200&ssl=1\",\"contentUrl\":\"https:\/\/i0.wp.com\/www.tvuai.com.br\/portal\/wp-content\/uploads\/2021\/11\/Nasa.jpg?fit=200%2C200&ssl=1\",\"width\":200,\"height\":200},{\"@type\":\"BreadcrumbList\",\"@id\":\"https:\/\/www.tvuai.com.br\/portal\/dart-vader-e-lancado-pela-nasa-para-combater-ameacas-espaciais\/#breadcrumb\",\"itemListElement\":[{\"@type\":\"ListItem\",\"position\":1,\"name\":\"In\u00edcio\",\"item\":\"https:\/\/www.tvuai.com.br\/portal\/\"},{\"@type\":\"ListItem\",\"position\":2,\"name\":\"Dart &#8220;Vader&#8221; \u00e9 lan\u00e7ado pela Nasa para combater amea\u00e7as espaciais\"}]},{\"@type\":\"WebSite\",\"@id\":\"https:\/\/www.tvuai.com.br\/portal\/#website\",\"url\":\"https:\/\/www.tvuai.com.br\/portal\/\",\"name\":\"TVUAI\",\"description\":\"Tudo sobre o Sul de Minas\",\"publisher\":{\"@id\":\"https:\/\/www.tvuai.com.br\/portal\/#organization\"},\"potentialAction\":[{\"@type\":\"SearchAction\",\"target\":{\"@type\":\"EntryPoint\",\"urlTemplate\":\"https:\/\/www.tvuai.com.br\/portal\/?s={search_term_string}\"},\"query-input\":{\"@type\":\"PropertyValueSpecification\",\"valueRequired\":true,\"valueName\":\"search_term_string\"}}],\"inLanguage\":\"pt-BR\"},{\"@type\":\"Organization\",\"@id\":\"https:\/\/www.tvuai.com.br\/portal\/#organization\",\"name\":\"TVUAI\",\"url\":\"https:\/\/www.tvuai.com.br\/portal\/\",\"logo\":{\"@type\":\"ImageObject\",\"inLanguage\":\"pt-BR\",\"@id\":\"https:\/\/www.tvuai.com.br\/portal\/#\/schema\/logo\/image\/\",\"url\":\"https:\/\/i0.wp.com\/www.tvuai.com.br\/portal\/wp-content\/uploads\/2017\/12\/logo_tvuai_100H.png?fit=207%2C100&ssl=1\",\"contentUrl\":\"https:\/\/i0.wp.com\/www.tvuai.com.br\/portal\/wp-content\/uploads\/2017\/12\/logo_tvuai_100H.png?fit=207%2C100&ssl=1\",\"width\":207,\"height\":100,\"caption\":\"TVUAI\"},\"image\":{\"@id\":\"https:\/\/www.tvuai.com.br\/portal\/#\/schema\/logo\/image\/\"},\"sameAs\":[\"http:\/\/www.facebook.com\/pages\/TV-Uai-Comunica\u00e7\u00e3o\/139062546157369\",\"https:\/\/x.com\/tvuai\",\"https:\/\/www.instagram.com\/tvuai_network\/\",\"https:\/\/www.youtube.com\/channel\/UCB7ZPB3wRv-OpoZ_09jmnkQ\"]},{\"@type\":\"Person\",\"@id\":\"https:\/\/www.tvuai.com.br\/portal\/#\/schema\/person\/d1c5c2b1dc1e658906286802aad38555\",\"name\":\"Rosy Pantale\u00e3o\",\"sameAs\":[\"https:\/\/www.tvuai.com.br\/portal\/\",\"https:\/\/www.facebook.com\/tvuai\/\",\"https:\/\/www.instagram.com\/tvuai\",\"https:\/\/x.com\/tvuai\",\"https:\/\/www.youtube.com\/channel\/UCB7ZPB3wRv-OpoZ_09jmnkQ\",\"tvuai\"],\"url\":\"https:\/\/www.tvuai.com.br\/portal\/author\/rosy\/\"}]}<\/script>\n<!-- \/ Yoast SEO plugin. -->","yoast_head_json":{"title":"Dart \"Vader\" \u00e9 lan\u00e7ado pela Nasa para combater amea\u00e7as espaciais - TVUAI","robots":{"index":"index","follow":"follow","max-snippet":"max-snippet:-1","max-image-preview":"max-image-preview:large","max-video-preview":"max-video-preview:-1"},"canonical":"https:\/\/www.tvuai.com.br\/portal\/dart-vader-e-lancado-pela-nasa-para-combater-ameacas-espaciais\/","og_locale":"pt_BR","og_type":"article","og_title":"Dart \"Vader\" \u00e9 lan\u00e7ado pela Nasa para combater amea\u00e7as espaciais - TVUAI","og_description":"N\u00e3o \u00e9 filme ou livro de fic\u00e7\u00e3o cient\u00edfica, \u00e9 a realidade. \u00c9 a Dart &#8211; o &#8220;dardo&#8221; \u00e9 o nome da miss\u00e3o de teste de redirecionamento de aster\u00f3ide bin\u00e1rio &#8211; miss\u00e3o da Nasa, ag\u00eancia espacial norte americana, lan\u00e7ada na madrugada de hoje, 24, rumo a um asteroide no espa\u00e7o. O prop\u00f3sito \u00e9 avaliar a possibilidade [&hellip;]","og_url":"https:\/\/www.tvuai.com.br\/portal\/dart-vader-e-lancado-pela-nasa-para-combater-ameacas-espaciais\/","og_site_name":"TVUAI","article_publisher":"http:\/\/www.facebook.com\/pages\/TV-Uai-Comunica%c3%a7%c3%a3o\/139062546157369","article_author":"https:\/\/www.facebook.com\/tvuai\/","article_published_time":"2021-11-24T08:37:45+00:00","article_modified_time":"2023-07-19T13:49:38+00:00","og_image":[{"width":200,"height":200,"url":"https:\/\/www.tvuai.com.br\/portal\/wp-content\/uploads\/2021\/11\/Nasa.jpg","type":"image\/jpeg"}],"author":"Rosy Pantale\u00e3o","twitter_card":"summary_large_image","twitter_creator":"@tvuai","twitter_site":"@tvuai","twitter_misc":{"Escrito por":"Rosy Pantale\u00e3o","Est. tempo de leitura":"3 minutos"},"schema":{"@context":"https:\/\/schema.org","@graph":[{"@type":"Article","@id":"https:\/\/www.tvuai.com.br\/portal\/dart-vader-e-lancado-pela-nasa-para-combater-ameacas-espaciais\/#article","isPartOf":{"@id":"https:\/\/www.tvuai.com.br\/portal\/dart-vader-e-lancado-pela-nasa-para-combater-ameacas-espaciais\/"},"author":{"name":"Rosy Pantale\u00e3o","@id":"https:\/\/www.tvuai.com.br\/portal\/#\/schema\/person\/d1c5c2b1dc1e658906286802aad38555"},"headline":"Dart &#8220;Vader&#8221; \u00e9 lan\u00e7ado pela Nasa para combater amea\u00e7as espaciais","datePublished":"2021-11-24T08:37:45+00:00","dateModified":"2023-07-19T13:49:38+00:00","mainEntityOfPage":{"@id":"https:\/\/www.tvuai.com.br\/portal\/dart-vader-e-lancado-pela-nasa-para-combater-ameacas-espaciais\/"},"wordCount":588,"publisher":{"@id":"https:\/\/www.tvuai.com.br\/portal\/#organization"},"image":{"@id":"https:\/\/www.tvuai.com.br\/portal\/dart-vader-e-lancado-pela-nasa-para-combater-ameacas-espaciais\/#primaryimage"},"thumbnailUrl":"https:\/\/i0.wp.com\/www.tvuai.com.br\/portal\/wp-content\/uploads\/2021\/11\/Nasa.jpg?fit=200%2C200&ssl=1","keywords":["Ag\u00eancia Espacial Europ\u00e9ia","asteroide Dimorfos","Base da For\u00e7a Espacial de Vandenberg","DART","NASA","Planetary Defense","Pouso Alegre","Sul de Minas","TV Uai"],"articleSection":["Ci\u00eancia e Tecnologia","Not\u00edcias","Videos"],"inLanguage":"pt-BR"},{"@type":"WebPage","@id":"https:\/\/www.tvuai.com.br\/portal\/dart-vader-e-lancado-pela-nasa-para-combater-ameacas-espaciais\/","url":"https:\/\/www.tvuai.com.br\/portal\/dart-vader-e-lancado-pela-nasa-para-combater-ameacas-espaciais\/","name":"Dart \"Vader\" \u00e9 lan\u00e7ado pela Nasa para combater amea\u00e7as espaciais - TVUAI","isPartOf":{"@id":"https:\/\/www.tvuai.com.br\/portal\/#website"},"primaryImageOfPage":{"@id":"https:\/\/www.tvuai.com.br\/portal\/dart-vader-e-lancado-pela-nasa-para-combater-ameacas-espaciais\/#primaryimage"},"image":{"@id":"https:\/\/www.tvuai.com.br\/portal\/dart-vader-e-lancado-pela-nasa-para-combater-ameacas-espaciais\/#primaryimage"},"thumbnailUrl":"https:\/\/i0.wp.com\/www.tvuai.com.br\/portal\/wp-content\/uploads\/2021\/11\/Nasa.jpg?fit=200%2C200&ssl=1","datePublished":"2021-11-24T08:37:45+00:00","dateModified":"2023-07-19T13:49:38+00:00","breadcrumb":{"@id":"https:\/\/www.tvuai.com.br\/portal\/dart-vader-e-lancado-pela-nasa-para-combater-ameacas-espaciais\/#breadcrumb"},"inLanguage":"pt-BR","potentialAction":[{"@type":"ReadAction","target":["https:\/\/www.tvuai.com.br\/portal\/dart-vader-e-lancado-pela-nasa-para-combater-ameacas-espaciais\/"]}]},{"@type":"ImageObject","inLanguage":"pt-BR","@id":"https:\/\/www.tvuai.com.br\/portal\/dart-vader-e-lancado-pela-nasa-para-combater-ameacas-espaciais\/#primaryimage","url":"https:\/\/i0.wp.com\/www.tvuai.com.br\/portal\/wp-content\/uploads\/2021\/11\/Nasa.jpg?fit=200%2C200&ssl=1","contentUrl":"https:\/\/i0.wp.com\/www.tvuai.com.br\/portal\/wp-content\/uploads\/2021\/11\/Nasa.jpg?fit=200%2C200&ssl=1","width":200,"height":200},{"@type":"BreadcrumbList","@id":"https:\/\/www.tvuai.com.br\/portal\/dart-vader-e-lancado-pela-nasa-para-combater-ameacas-espaciais\/#breadcrumb","itemListElement":[{"@type":"ListItem","position":1,"name":"In\u00edcio","item":"https:\/\/www.tvuai.com.br\/portal\/"},{"@type":"ListItem","position":2,"name":"Dart &#8220;Vader&#8221; \u00e9 lan\u00e7ado pela Nasa para combater amea\u00e7as espaciais"}]},{"@type":"WebSite","@id":"https:\/\/www.tvuai.com.br\/portal\/#website","url":"https:\/\/www.tvuai.com.br\/portal\/","name":"TVUAI","description":"Tudo sobre o Sul de Minas","publisher":{"@id":"https:\/\/www.tvuai.com.br\/portal\/#organization"},"potentialAction":[{"@type":"SearchAction","target":{"@type":"EntryPoint","urlTemplate":"https:\/\/www.tvuai.com.br\/portal\/?s={search_term_string}"},"query-input":{"@type":"PropertyValueSpecification","valueRequired":true,"valueName":"search_term_string"}}],"inLanguage":"pt-BR"},{"@type":"Organization","@id":"https:\/\/www.tvuai.com.br\/portal\/#organization","name":"TVUAI","url":"https:\/\/www.tvuai.com.br\/portal\/","logo":{"@type":"ImageObject","inLanguage":"pt-BR","@id":"https:\/\/www.tvuai.com.br\/portal\/#\/schema\/logo\/image\/","url":"https:\/\/i0.wp.com\/www.tvuai.com.br\/portal\/wp-content\/uploads\/2017\/12\/logo_tvuai_100H.png?fit=207%2C100&ssl=1","contentUrl":"https:\/\/i0.wp.com\/www.tvuai.com.br\/portal\/wp-content\/uploads\/2017\/12\/logo_tvuai_100H.png?fit=207%2C100&ssl=1","width":207,"height":100,"caption":"TVUAI"},"image":{"@id":"https:\/\/www.tvuai.com.br\/portal\/#\/schema\/logo\/image\/"},"sameAs":["http:\/\/www.facebook.com\/pages\/TV-Uai-Comunica\u00e7\u00e3o\/139062546157369","https:\/\/x.com\/tvuai","https:\/\/www.instagram.com\/tvuai_network\/","https:\/\/www.youtube.com\/channel\/UCB7ZPB3wRv-OpoZ_09jmnkQ"]},{"@type":"Person","@id":"https:\/\/www.tvuai.com.br\/portal\/#\/schema\/person\/d1c5c2b1dc1e658906286802aad38555","name":"Rosy Pantale\u00e3o","sameAs":["https:\/\/www.tvuai.com.br\/portal\/","https:\/\/www.facebook.com\/tvuai\/","https:\/\/www.instagram.com\/tvuai","https:\/\/x.com\/tvuai","https:\/\/www.youtube.com\/channel\/UCB7ZPB3wRv-OpoZ_09jmnkQ","tvuai"],"url":"https:\/\/www.tvuai.com.br\/portal\/author\/rosy\/"}]}},"jetpack_featured_media_url":"https:\/\/i0.wp.com\/www.tvuai.com.br\/portal\/wp-content\/uploads\/2021\/11\/Nasa.jpg?fit=200%2C200&ssl=1","wpmagazine_modules_lite_featured_media_urls":{"thumbnail":["https:\/\/i0.wp.com\/www.tvuai.com.br\/portal\/wp-content\/uploads\/2021\/11\/Nasa.jpg?resize=150%2C150&ssl=1",150,150,true],"cvmm-medium":["https:\/\/i0.wp.com\/www.tvuai.com.br\/portal\/wp-content\/uploads\/2021\/11\/Nasa.jpg?resize=200%2C200&ssl=1",200,200,true],"cvmm-medium-plus":["https:\/\/i0.wp.com\/www.tvuai.com.br\/portal\/wp-content\/uploads\/2021\/11\/Nasa.jpg?resize=200%2C200&ssl=1",200,200,true],"cvmm-portrait":["https:\/\/i0.wp.com\/www.tvuai.com.br\/portal\/wp-content\/uploads\/2021\/11\/Nasa.jpg?resize=200%2C200&ssl=1",200,200,true],"cvmm-medium-square":["https:\/\/i0.wp.com\/www.tvuai.com.br\/portal\/wp-content\/uploads\/2021\/11\/Nasa.jpg?resize=200%2C200&ssl=1",200,200,true],"cvmm-large":["https:\/\/i0.wp.com\/www.tvuai.com.br\/portal\/wp-content\/uploads\/2021\/11\/Nasa.jpg?resize=200%2C200&ssl=1",200,200,true],"cvmm-small":["https:\/\/i0.wp.com\/www.tvuai.com.br\/portal\/wp-content\/uploads\/2021\/11\/Nasa.jpg?resize=130%2C95&ssl=1",130,95,true],"full":["https:\/\/i0.wp.com\/www.tvuai.com.br\/portal\/wp-content\/uploads\/2021\/11\/Nasa.jpg?fit=200%2C200&ssl=1",200,200,false]},"categories_names":{"1642":{"name":"Ci\u00eancia e Tecnologia","link":"https:\/\/www.tvuai.com.br\/portal\/category\/tecnologia\/"},"19":{"name":"Not\u00edcias","link":"https:\/\/www.tvuai.com.br\/portal\/category\/noticias\/"},"21":{"name":"Videos","link":"https:\/\/www.tvuai.com.br\/portal\/category\/videos\/"}},"tags_names":{"449":{"name":"Ag\u00eancia Espacial Europ\u00e9ia","link":"https:\/\/www.tvuai.com.br\/portal\/tag\/agencia-espacial-europeia\/"},"450":{"name":"asteroide Dimorfos","link":"https:\/\/www.tvuai.com.br\/portal\/tag\/asteroide-dimorfos\/"},"452":{"name":"Base da For\u00e7a Espacial de Vandenberg","link":"https:\/\/www.tvuai.com.br\/portal\/tag\/base-da-forca-espacial-de-vandenberg\/"},"451":{"name":"DART","link":"https:\/\/www.tvuai.com.br\/portal\/tag\/dart\/"},"448":{"name":"NASA","link":"https:\/\/www.tvuai.com.br\/portal\/tag\/nasa\/"},"453":{"name":"Planetary Defense","link":"https:\/\/www.tvuai.com.br\/portal\/tag\/planetary-defense\/"},"37":{"name":"Pouso Alegre","link":"https:\/\/www.tvuai.com.br\/portal\/tag\/pouso-alegre\/"},"39":{"name":"Sul de Minas","link":"https:\/\/www.tvuai.com.br\/portal\/tag\/sul-de-minas\/"},"27":{"name":"TV Uai","link":"https:\/\/www.tvuai.com.br\/portal\/tag\/tv-uai\/"}},"comments_number":"0","jetpack_shortlink":"https:\/\/wp.me\/p9woix-Jd","jetpack_sharing_enabled":true,"_links":{"self":[{"href":"https:\/\/www.tvuai.com.br\/portal\/wp-json\/wp\/v2\/posts\/2803"}],"collection":[{"href":"https:\/\/www.tvuai.com.br\/portal\/wp-json\/wp\/v2\/posts"}],"about":[{"href":"https:\/\/www.tvuai.com.br\/portal\/wp-json\/wp\/v2\/types\/post"}],"author":[{"embeddable":true,"href":"https:\/\/www.tvuai.com.br\/portal\/wp-json\/wp\/v2\/users\/2"}],"replies":[{"embeddable":true,"href":"https:\/\/www.tvuai.com.br\/portal\/wp-json\/wp\/v2\/comments?post=2803"}],"version-history":[{"count":14,"href":"https:\/\/www.tvuai.com.br\/portal\/wp-json\/wp\/v2\/posts\/2803\/revisions"}],"predecessor-version":[{"id":2818,"href":"https:\/\/www.tvuai.com.br\/portal\/wp-json\/wp\/v2\/posts\/2803\/revisions\/2818"}],"wp:featuredmedia":[{"embeddable":true,"href":"https:\/\/www.tvuai.com.br\/portal\/wp-json\/wp\/v2\/media\/2817"}],"wp:attachment":[{"href":"https:\/\/www.tvuai.com.br\/portal\/wp-json\/wp\/v2\/media?parent=2803"}],"wp:term":[{"taxonomy":"category","embeddable":true,"href":"https:\/\/www.tvuai.com.br\/portal\/wp-json\/wp\/v2\/categories?post=2803"},{"taxonomy":"post_tag","embeddable":true,"href":"https:\/\/www.tvuai.com.br\/portal\/wp-json\/wp\/v2\/tags?post=2803"}],"curies":[{"name":"wp","href":"https:\/\/api.w.org\/{rel}","templated":true}]}}