{"id":2799,"date":"2021-11-24T20:41:14","date_gmt":"2021-11-24T23:41:14","guid":{"rendered":"https:\/\/www.tvuai.com.br\/portal\/?p=2799"},"modified":"2021-12-08T16:26:29","modified_gmt":"2021-12-08T19:26:29","slug":"una-pouso-alegre-inaugura-nucleo-de-praticas-juridicas-para-atendimento-gratuito-a-pessoas-de-baixa-renda","status":"publish","type":"post","link":"https:\/\/www.tvuai.com.br\/portal\/una-pouso-alegre-inaugura-nucleo-de-praticas-juridicas-para-atendimento-gratuito-a-pessoas-de-baixa-renda\/","title":{"rendered":"Una Pouso Alegre inaugura N\u00facleo de Pr\u00e1ticas Jur\u00eddicas para atendimento gratuito a pessoas de baixa renda"},"content":{"rendered":"<div class=\"5a1038e0903b96d426fcfcc338703013\" data-index=\"1\" style=\"float: right; margin:10px 0 10px 10px;\">\n<script async src=\"https:\/\/pagead2.googlesyndication.com\/pagead\/js\/adsbygoogle.js?client=ca-pub-9945944833605257\"\r\n     crossorigin=\"anonymous\"><\/script>\r\n<ins class=\"adsbygoogle\"\r\n     style=\"display:block; text-align:center;\"\r\n     data-ad-layout=\"in-article\"\r\n     data-ad-format=\"fluid\"\r\n     data-ad-client=\"ca-pub-9945944833605257\"\r\n     data-ad-slot=\"2343923581\"><\/ins>\r\n<script>\r\n     (adsbygoogle = window.adsbygoogle || []).push({});\r\n<\/script>\n<\/div>\n<p><img data-recalc-dims=\"1\" fetchpriority=\"high\" decoding=\"async\" data-attachment-id=\"2824\" data-permalink=\"https:\/\/www.tvuai.com.br\/portal\/una-pouso-alegre-inaugura-nucleo-de-praticas-juridicas-para-atendimento-gratuito-a-pessoas-de-baixa-renda\/una1\/\" data-orig-file=\"https:\/\/i0.wp.com\/www.tvuai.com.br\/portal\/wp-content\/uploads\/2021\/11\/Una1.jpg?fit=600%2C399&amp;ssl=1\" data-orig-size=\"600,399\" data-comments-opened=\"0\" data-image-meta=\"{&quot;aperture&quot;:&quot;4&quot;,&quot;credit&quot;:&quot;&quot;,&quot;camera&quot;:&quot;Canon EOS 5D Mark II&quot;,&quot;caption&quot;:&quot;&quot;,&quot;created_timestamp&quot;:&quot;1637352472&quot;,&quot;copyright&quot;:&quot;&quot;,&quot;focal_length&quot;:&quot;45&quot;,&quot;iso&quot;:&quot;2500&quot;,&quot;shutter_speed&quot;:&quot;0.0125&quot;,&quot;title&quot;:&quot;&quot;,&quot;orientation&quot;:&quot;1&quot;}\" data-image-title=\"Una1\" data-image-description=\"\" data-image-caption=\"\" data-medium-file=\"https:\/\/i0.wp.com\/www.tvuai.com.br\/portal\/wp-content\/uploads\/2021\/11\/Una1.jpg?fit=300%2C200&amp;ssl=1\" data-large-file=\"https:\/\/i0.wp.com\/www.tvuai.com.br\/portal\/wp-content\/uploads\/2021\/11\/Una1.jpg?fit=600%2C399&amp;ssl=1\" tabindex=\"0\" role=\"button\" class=\"aligncenter size-full wp-image-2824\" src=\"https:\/\/i0.wp.com\/www.tvuai.com.br\/portal\/wp-content\/uploads\/2021\/11\/Una1.jpg?resize=600%2C399&#038;ssl=1\" alt=\"\" width=\"600\" height=\"399\" srcset=\"https:\/\/i0.wp.com\/www.tvuai.com.br\/portal\/wp-content\/uploads\/2021\/11\/Una1.jpg?w=600&amp;ssl=1 600w, https:\/\/i0.wp.com\/www.tvuai.com.br\/portal\/wp-content\/uploads\/2021\/11\/Una1.jpg?resize=300%2C200&amp;ssl=1 300w\" sizes=\"(max-width: 600px) 100vw, 600px\" \/><\/p>\n<p>Inaugurado na \u00faltima sexta-feira, 19, o N\u00facleo de Pr\u00e1ticas Jur\u00eddicas (NPJ) do Centro Universit\u00e1rio Una Pouso Alegre, com a presen\u00e7a de desembargadora, ju\u00edzes, procurador da rep\u00fablica, defensor p\u00fablico, promotores, professores, servidores da justi\u00e7a. Por conta da limita\u00e7\u00e3o da presen\u00e7a f\u00edsica em decorr\u00eancia da pandemia, foi executada uma transmiss\u00e3o em tempo real que agregou alunos e professores de outros cursos da UNA.<\/p>\n<p>O N\u00facleo de Pr\u00e1ticas Jur\u00eddicas facilitar\u00e1 o acesso \u00e0 justi\u00e7a para a popula\u00e7\u00e3o por meio de in\u00e9dito conv\u00eanio com Defensoria P\u00fablica do Estado de Minas Gerais e na Justi\u00e7a Federal por interm\u00e9dio de conv\u00eanio j\u00e1 firmado com a Procuradoria da Uni\u00e3o.<\/p>\n<p><img data-recalc-dims=\"1\" decoding=\"async\" data-attachment-id=\"2825\" data-permalink=\"https:\/\/www.tvuai.com.br\/portal\/una-pouso-alegre-inaugura-nucleo-de-praticas-juridicas-para-atendimento-gratuito-a-pessoas-de-baixa-renda\/una2\/\" data-orig-file=\"https:\/\/i0.wp.com\/www.tvuai.com.br\/portal\/wp-content\/uploads\/2021\/11\/Una2.jpg?fit=250%2C166&amp;ssl=1\" data-orig-size=\"250,166\" data-comments-opened=\"0\" data-image-meta=\"{&quot;aperture&quot;:&quot;2.8&quot;,&quot;credit&quot;:&quot;&quot;,&quot;camera&quot;:&quot;Canon EOS 5D Mark II&quot;,&quot;caption&quot;:&quot;&quot;,&quot;created_timestamp&quot;:&quot;1637350987&quot;,&quot;copyright&quot;:&quot;&quot;,&quot;focal_length&quot;:&quot;200&quot;,&quot;iso&quot;:&quot;2000&quot;,&quot;shutter_speed&quot;:&quot;0.01&quot;,&quot;title&quot;:&quot;&quot;,&quot;orientation&quot;:&quot;1&quot;}\" data-image-title=\"Una2\" data-image-description=\"\" data-image-caption=\"\" data-medium-file=\"https:\/\/i0.wp.com\/www.tvuai.com.br\/portal\/wp-content\/uploads\/2021\/11\/Una2.jpg?fit=250%2C166&amp;ssl=1\" data-large-file=\"https:\/\/i0.wp.com\/www.tvuai.com.br\/portal\/wp-content\/uploads\/2021\/11\/Una2.jpg?fit=250%2C166&amp;ssl=1\" tabindex=\"0\" role=\"button\" class=\"size-full wp-image-2825 alignleft\" src=\"https:\/\/i0.wp.com\/www.tvuai.com.br\/portal\/wp-content\/uploads\/2021\/11\/Una2.jpg?resize=250%2C166&#038;ssl=1\" alt=\"\" width=\"250\" height=\"166\" \/>A ideia \u00e9 garantir atendimento gratuito nas \u00e1reas c\u00edvel, criminal e trabalhista para pessoas que n\u00e3o t\u00eam condi\u00e7\u00f5es de arcar com despesas processuais. A expectativa \u00e9 de que sejam produzidos cerca de 50 atendimentos por m\u00eas e 10 judicializa\u00e7\u00f5es. O diretor da Una, Vin\u00edcius Vieira Costa nomeou como respons\u00e1vel pelo NPJ o advogado e professor Valdomiro Vieira.<\/p>\n<p>Al\u00e9m de beneficiar a comunidade local, a abertura do NPJ propiciar\u00e1 aos alunos do curso de Direito da UNA, sob a orienta\u00e7\u00e3o de professorees, a aplica\u00e7\u00e3o dos conhecimentos obtidos pelos meios alternativos de solu\u00e7\u00f5es de conflitos, uma oportunidade de vivenciar a pr\u00e1tica da profiss\u00e3o. Para receber o servi\u00e7o, os interessados devem agendar o primeiro atendimento pessoalmente, al\u00e9m de entregar c\u00f3pias da carteira de identidade, CPF, comprovante de renda de at\u00e9 dois sal\u00e1rios m\u00ednimos e comprovante de endere\u00e7o de Pouso Alegre e regi\u00e3o.<\/p>\n<p><img data-recalc-dims=\"1\" decoding=\"async\" data-attachment-id=\"2826\" data-permalink=\"https:\/\/www.tvuai.com.br\/portal\/una-pouso-alegre-inaugura-nucleo-de-praticas-juridicas-para-atendimento-gratuito-a-pessoas-de-baixa-renda\/una3\/\" data-orig-file=\"https:\/\/i0.wp.com\/www.tvuai.com.br\/portal\/wp-content\/uploads\/2021\/11\/Una3.jpg?fit=200%2C133&amp;ssl=1\" data-orig-size=\"200,133\" data-comments-opened=\"0\" data-image-meta=\"{&quot;aperture&quot;:&quot;2.8&quot;,&quot;credit&quot;:&quot;&quot;,&quot;camera&quot;:&quot;Canon EOS 5D Mark II&quot;,&quot;caption&quot;:&quot;&quot;,&quot;created_timestamp&quot;:&quot;1637351282&quot;,&quot;copyright&quot;:&quot;&quot;,&quot;focal_length&quot;:&quot;160&quot;,&quot;iso&quot;:&quot;2000&quot;,&quot;shutter_speed&quot;:&quot;0.008&quot;,&quot;title&quot;:&quot;&quot;,&quot;orientation&quot;:&quot;1&quot;}\" data-image-title=\"Una3\" data-image-description=\"\" data-image-caption=\"\" data-medium-file=\"https:\/\/i0.wp.com\/www.tvuai.com.br\/portal\/wp-content\/uploads\/2021\/11\/Una3.jpg?fit=200%2C133&amp;ssl=1\" data-large-file=\"https:\/\/i0.wp.com\/www.tvuai.com.br\/portal\/wp-content\/uploads\/2021\/11\/Una3.jpg?fit=200%2C133&amp;ssl=1\" tabindex=\"0\" role=\"button\" class=\"size-full wp-image-2826 alignright\" src=\"https:\/\/i0.wp.com\/www.tvuai.com.br\/portal\/wp-content\/uploads\/2021\/11\/Una3.jpg?resize=200%2C133&#038;ssl=1\" alt=\"\" width=\"200\" height=\"133\" \/>Estiveram presentes na solenidade: a desembargadora e 2\u00aa Vice Presidente do TRT, Dra Camila Zeidler; o procurador da Rep\u00fablica, Lucas de Morais Gualtieri; os promotores de Justi\u00e7a Ricardo Linardi e Agnaldo Lucas Cotrim; o vereador Edson Donizeti Ramos de Oliveira, os professores Geraldo Cunha Neto, Roberta Manfrom, F\u00e1bio Souza, Gabriela Marques; o diretor de secretaria da 2\u00aa Vara Federal, Rodolfo Farah Gieseke; o diretor de secretaria da 1\u00aa Vara Federal, Cl\u00e1udio Manoel do Santos, o procurador geral do Estado, Rodrigo Maia; o advogado geral da Uni\u00e3o, Rodrigo Assis; os defensores p\u00fablicos do Estado, Cristiano Maia Luz, Alexandre Perin da Paz e Walter.<\/p>\n<h4><span style=\"color: #000080\"><strong><a style=\"color: #000080\" href=\"https:\/\/www.facebook.com\/media\/set\/?set=a.4532789720109638&amp;type=3\">Confira todas as fotos do evento no Facebook da TV UAI<\/a><\/strong><\/span><\/h4>\n<p>&nbsp;<\/p>\n<p><img data-recalc-dims=\"1\" loading=\"lazy\" decoding=\"async\" data-attachment-id=\"2827\" data-permalink=\"https:\/\/www.tvuai.com.br\/portal\/una-pouso-alegre-inaugura-nucleo-de-praticas-juridicas-para-atendimento-gratuito-a-pessoas-de-baixa-renda\/una4\/\" data-orig-file=\"https:\/\/i0.wp.com\/www.tvuai.com.br\/portal\/wp-content\/uploads\/2021\/11\/Una4.jpg?fit=600%2C399&amp;ssl=1\" data-orig-size=\"600,399\" data-comments-opened=\"0\" data-image-meta=\"{&quot;aperture&quot;:&quot;4&quot;,&quot;credit&quot;:&quot;&quot;,&quot;camera&quot;:&quot;Canon EOS 5D Mark II&quot;,&quot;caption&quot;:&quot;&quot;,&quot;created_timestamp&quot;:&quot;1637352347&quot;,&quot;copyright&quot;:&quot;&quot;,&quot;focal_length&quot;:&quot;24&quot;,&quot;iso&quot;:&quot;2500&quot;,&quot;shutter_speed&quot;:&quot;0.025&quot;,&quot;title&quot;:&quot;&quot;,&quot;orientation&quot;:&quot;1&quot;}\" data-image-title=\"Una4\" data-image-description=\"\" data-image-caption=\"\" data-medium-file=\"https:\/\/i0.wp.com\/www.tvuai.com.br\/portal\/wp-content\/uploads\/2021\/11\/Una4.jpg?fit=300%2C200&amp;ssl=1\" data-large-file=\"https:\/\/i0.wp.com\/www.tvuai.com.br\/portal\/wp-content\/uploads\/2021\/11\/Una4.jpg?fit=600%2C399&amp;ssl=1\" tabindex=\"0\" role=\"button\" class=\"aligncenter size-full wp-image-2827\" src=\"https:\/\/i0.wp.com\/www.tvuai.com.br\/portal\/wp-content\/uploads\/2021\/11\/Una4.jpg?resize=600%2C399&#038;ssl=1\" alt=\"\" width=\"600\" height=\"399\" srcset=\"https:\/\/i0.wp.com\/www.tvuai.com.br\/portal\/wp-content\/uploads\/2021\/11\/Una4.jpg?w=600&amp;ssl=1 600w, https:\/\/i0.wp.com\/www.tvuai.com.br\/portal\/wp-content\/uploads\/2021\/11\/Una4.jpg?resize=300%2C200&amp;ssl=1 300w\" sizes=\"(max-width: 600px) 100vw, 600px\" \/><\/p>\n\n<div style=\"font-size: 0px; height: 0px; line-height: 0px; margin: 0; padding: 0; clear: both;\"><\/div><div class='share-to-whatsapp-wrapper'><div class='share-on-whsp'>Share on: <\/div><a data-text='Una Pouso Alegre inaugura N\u00facleo de Pr\u00e1ticas Jur\u00eddicas para atendimento gratuito a pessoas de baixa renda' data-link='https:\/\/www.tvuai.com.br\/portal\/una-pouso-alegre-inaugura-nucleo-de-praticas-juridicas-para-atendimento-gratuito-a-pessoas-de-baixa-renda\/' class='whatsapp-button whatsapp-share'>WhatsApp<\/a><div class='clear '><\/div><\/div><!-- AddThis Advanced Settings generic via filter on the_content --><!-- AddThis Share Buttons generic via filter on the_content -->","protected":false},"excerpt":{"rendered":"<p>Inaugurado na \u00faltima sexta-feira, 19, o N\u00facleo de Pr\u00e1ticas Jur\u00eddicas (NPJ) do Centro Universit\u00e1rio Una Pouso Alegre, com a presen\u00e7a de desembargadora, ju\u00edzes, procurador da rep\u00fablica, defensor p\u00fablico, promotores, professores, servidores da justi\u00e7a. Por conta da limita\u00e7\u00e3o da presen\u00e7a f\u00edsica em decorr\u00eancia da pandemia, foi executada uma transmiss\u00e3o em tempo real que agregou alunos e [&hellip;]<!-- AddThis Advanced Settings generic via filter on get_the_excerpt --><!-- AddThis Share Buttons generic via filter on get_the_excerpt --><\/p>\n","protected":false},"author":2,"featured_media":2823,"comment_status":"closed","ping_status":"closed","sticky":false,"template":"","format":"standard","meta":{"jetpack_post_was_ever_published":false,"_jetpack_newsletter_access":"","_jetpack_dont_email_post_to_subs":false,"_jetpack_newsletter_tier_id":0,"_jetpack_memberships_contains_paywalled_content":false,"_jetpack_memberships_contains_paid_content":false,"_joinchat":[],"footnotes":"","jetpack_publicize_message":"","jetpack_publicize_feature_enabled":true,"jetpack_social_post_already_shared":true,"jetpack_social_options":{"image_generator_settings":{"template":"highway","enabled":false},"version":2}},"categories":[19],"tags":[457,458,455,37,459,460,39,27,454,456,461],"class_list":["post-2799","post","type-post","status-publish","format-standard","has-post-thumbnail","hentry","category-noticias","tag-camila-zeidler","tag-lucas-de-morais-gualtieri","tag-nucleo-de-praticas-juridicas-una-pouso-alegre","tag-pouso-alegre","tag-ricardo-linardi","tag-roberta-manfrom","tag-sul-de-minas","tag-tv-uai","tag-una-pouso-alegre","tag-valdomiro-vieira","tag-vinicius-vieira-costa"],"jetpack_publicize_connections":[],"yoast_head":"<!-- This site is optimized with the Yoast SEO plugin v23.5 - https:\/\/yoast.com\/wordpress\/plugins\/seo\/ -->\n<title>Una Pouso Alegre inaugura N\u00facleo de Pr\u00e1ticas Jur\u00eddicas para atendimento gratuito a pessoas de baixa renda - TVUAI<\/title>\n<meta name=\"robots\" content=\"index, follow, max-snippet:-1, max-image-preview:large, max-video-preview:-1\" \/>\n<link rel=\"canonical\" href=\"https:\/\/www.tvuai.com.br\/portal\/una-pouso-alegre-inaugura-nucleo-de-praticas-juridicas-para-atendimento-gratuito-a-pessoas-de-baixa-renda\/\" \/>\n<meta property=\"og:locale\" content=\"pt_BR\" \/>\n<meta property=\"og:type\" content=\"article\" \/>\n<meta property=\"og:title\" content=\"Una Pouso Alegre inaugura N\u00facleo de Pr\u00e1ticas Jur\u00eddicas para atendimento gratuito a pessoas de baixa renda - TVUAI\" \/>\n<meta property=\"og:description\" content=\"Inaugurado na \u00faltima sexta-feira, 19, o N\u00facleo de Pr\u00e1ticas Jur\u00eddicas (NPJ) do Centro Universit\u00e1rio Una Pouso Alegre, com a presen\u00e7a de desembargadora, ju\u00edzes, procurador da rep\u00fablica, defensor p\u00fablico, promotores, professores, servidores da justi\u00e7a. Por conta da limita\u00e7\u00e3o da presen\u00e7a f\u00edsica em decorr\u00eancia da pandemia, foi executada uma transmiss\u00e3o em tempo real que agregou alunos e [&hellip;]\" \/>\n<meta property=\"og:url\" content=\"https:\/\/www.tvuai.com.br\/portal\/una-pouso-alegre-inaugura-nucleo-de-praticas-juridicas-para-atendimento-gratuito-a-pessoas-de-baixa-renda\/\" \/>\n<meta property=\"og:site_name\" content=\"TVUAI\" \/>\n<meta property=\"article:publisher\" content=\"http:\/\/www.facebook.com\/pages\/TV-Uai-Comunica%c3%a7%c3%a3o\/139062546157369\" \/>\n<meta property=\"article:author\" content=\"https:\/\/www.facebook.com\/tvuai\/\" \/>\n<meta property=\"article:published_time\" content=\"2021-11-24T23:41:14+00:00\" \/>\n<meta property=\"article:modified_time\" content=\"2021-12-08T19:26:29+00:00\" \/>\n<meta property=\"og:image\" content=\"https:\/\/i0.wp.com\/www.tvuai.com.br\/portal\/wp-content\/uploads\/2021\/11\/Una0.jpg?fit=200%2C200&ssl=1\" \/>\n\t<meta property=\"og:image:width\" content=\"200\" \/>\n\t<meta property=\"og:image:height\" content=\"200\" \/>\n\t<meta property=\"og:image:type\" content=\"image\/jpeg\" \/>\n<meta name=\"author\" content=\"Rosy Pantale\u00e3o\" \/>\n<meta name=\"twitter:card\" content=\"summary_large_image\" \/>\n<meta name=\"twitter:creator\" content=\"@tvuai\" \/>\n<meta name=\"twitter:site\" content=\"@tvuai\" \/>\n<meta name=\"twitter:label1\" content=\"Escrito por\" \/>\n\t<meta name=\"twitter:data1\" content=\"Rosy Pantale\u00e3o\" \/>\n\t<meta name=\"twitter:label2\" content=\"Est. tempo de leitura\" \/>\n\t<meta name=\"twitter:data2\" content=\"2 minutos\" \/>\n<script type=\"application\/ld+json\" class=\"yoast-schema-graph\">{\"@context\":\"https:\/\/schema.org\",\"@graph\":[{\"@type\":\"Article\",\"@id\":\"https:\/\/www.tvuai.com.br\/portal\/una-pouso-alegre-inaugura-nucleo-de-praticas-juridicas-para-atendimento-gratuito-a-pessoas-de-baixa-renda\/#article\",\"isPartOf\":{\"@id\":\"https:\/\/www.tvuai.com.br\/portal\/una-pouso-alegre-inaugura-nucleo-de-praticas-juridicas-para-atendimento-gratuito-a-pessoas-de-baixa-renda\/\"},\"author\":{\"name\":\"Rosy Pantale\u00e3o\",\"@id\":\"https:\/\/www.tvuai.com.br\/portal\/#\/schema\/person\/d1c5c2b1dc1e658906286802aad38555\"},\"headline\":\"Una Pouso Alegre inaugura N\u00facleo de Pr\u00e1ticas Jur\u00eddicas para atendimento gratuito a pessoas de baixa renda\",\"datePublished\":\"2021-11-24T23:41:14+00:00\",\"dateModified\":\"2021-12-08T19:26:29+00:00\",\"mainEntityOfPage\":{\"@id\":\"https:\/\/www.tvuai.com.br\/portal\/una-pouso-alegre-inaugura-nucleo-de-praticas-juridicas-para-atendimento-gratuito-a-pessoas-de-baixa-renda\/\"},\"wordCount\":418,\"publisher\":{\"@id\":\"https:\/\/www.tvuai.com.br\/portal\/#organization\"},\"image\":{\"@id\":\"https:\/\/www.tvuai.com.br\/portal\/una-pouso-alegre-inaugura-nucleo-de-praticas-juridicas-para-atendimento-gratuito-a-pessoas-de-baixa-renda\/#primaryimage\"},\"thumbnailUrl\":\"https:\/\/i0.wp.com\/www.tvuai.com.br\/portal\/wp-content\/uploads\/2021\/11\/Una0.jpg?fit=200%2C200&ssl=1\",\"keywords\":[\"Camila Zeidler\",\"Lucas de Morais Gualtieri\",\"N\u00facleo de Pr\u00e1ticas Jur\u00eddicas UNA Pouso Alegre\",\"Pouso Alegre\",\"Ricardo Linardi\",\"Roberta Manfrom\",\"Sul de Minas\",\"TV Uai\",\"Una Pouso Alegre\",\"Valdomiro Vieira\",\"Vin\u00edcius Vieira Costa\"],\"articleSection\":[\"Not\u00edcias\"],\"inLanguage\":\"pt-BR\"},{\"@type\":\"WebPage\",\"@id\":\"https:\/\/www.tvuai.com.br\/portal\/una-pouso-alegre-inaugura-nucleo-de-praticas-juridicas-para-atendimento-gratuito-a-pessoas-de-baixa-renda\/\",\"url\":\"https:\/\/www.tvuai.com.br\/portal\/una-pouso-alegre-inaugura-nucleo-de-praticas-juridicas-para-atendimento-gratuito-a-pessoas-de-baixa-renda\/\",\"name\":\"Una Pouso Alegre inaugura N\u00facleo de Pr\u00e1ticas Jur\u00eddicas para atendimento gratuito a pessoas de baixa renda - TVUAI\",\"isPartOf\":{\"@id\":\"https:\/\/www.tvuai.com.br\/portal\/#website\"},\"primaryImageOfPage\":{\"@id\":\"https:\/\/www.tvuai.com.br\/portal\/una-pouso-alegre-inaugura-nucleo-de-praticas-juridicas-para-atendimento-gratuito-a-pessoas-de-baixa-renda\/#primaryimage\"},\"image\":{\"@id\":\"https:\/\/www.tvuai.com.br\/portal\/una-pouso-alegre-inaugura-nucleo-de-praticas-juridicas-para-atendimento-gratuito-a-pessoas-de-baixa-renda\/#primaryimage\"},\"thumbnailUrl\":\"https:\/\/i0.wp.com\/www.tvuai.com.br\/portal\/wp-content\/uploads\/2021\/11\/Una0.jpg?fit=200%2C200&ssl=1\",\"datePublished\":\"2021-11-24T23:41:14+00:00\",\"dateModified\":\"2021-12-08T19:26:29+00:00\",\"breadcrumb\":{\"@id\":\"https:\/\/www.tvuai.com.br\/portal\/una-pouso-alegre-inaugura-nucleo-de-praticas-juridicas-para-atendimento-gratuito-a-pessoas-de-baixa-renda\/#breadcrumb\"},\"inLanguage\":\"pt-BR\",\"potentialAction\":[{\"@type\":\"ReadAction\",\"target\":[\"https:\/\/www.tvuai.com.br\/portal\/una-pouso-alegre-inaugura-nucleo-de-praticas-juridicas-para-atendimento-gratuito-a-pessoas-de-baixa-renda\/\"]}]},{\"@type\":\"ImageObject\",\"inLanguage\":\"pt-BR\",\"@id\":\"https:\/\/www.tvuai.com.br\/portal\/una-pouso-alegre-inaugura-nucleo-de-praticas-juridicas-para-atendimento-gratuito-a-pessoas-de-baixa-renda\/#primaryimage\",\"url\":\"https:\/\/i0.wp.com\/www.tvuai.com.br\/portal\/wp-content\/uploads\/2021\/11\/Una0.jpg?fit=200%2C200&ssl=1\",\"contentUrl\":\"https:\/\/i0.wp.com\/www.tvuai.com.br\/portal\/wp-content\/uploads\/2021\/11\/Una0.jpg?fit=200%2C200&ssl=1\",\"width\":200,\"height\":200},{\"@type\":\"BreadcrumbList\",\"@id\":\"https:\/\/www.tvuai.com.br\/portal\/una-pouso-alegre-inaugura-nucleo-de-praticas-juridicas-para-atendimento-gratuito-a-pessoas-de-baixa-renda\/#breadcrumb\",\"itemListElement\":[{\"@type\":\"ListItem\",\"position\":1,\"name\":\"In\u00edcio\",\"item\":\"https:\/\/www.tvuai.com.br\/portal\/\"},{\"@type\":\"ListItem\",\"position\":2,\"name\":\"Una Pouso Alegre inaugura N\u00facleo de Pr\u00e1ticas Jur\u00eddicas para atendimento gratuito a pessoas de baixa renda\"}]},{\"@type\":\"WebSite\",\"@id\":\"https:\/\/www.tvuai.com.br\/portal\/#website\",\"url\":\"https:\/\/www.tvuai.com.br\/portal\/\",\"name\":\"TVUAI\",\"description\":\"Tudo sobre o Sul de Minas\",\"publisher\":{\"@id\":\"https:\/\/www.tvuai.com.br\/portal\/#organization\"},\"potentialAction\":[{\"@type\":\"SearchAction\",\"target\":{\"@type\":\"EntryPoint\",\"urlTemplate\":\"https:\/\/www.tvuai.com.br\/portal\/?s={search_term_string}\"},\"query-input\":{\"@type\":\"PropertyValueSpecification\",\"valueRequired\":true,\"valueName\":\"search_term_string\"}}],\"inLanguage\":\"pt-BR\"},{\"@type\":\"Organization\",\"@id\":\"https:\/\/www.tvuai.com.br\/portal\/#organization\",\"name\":\"TVUAI\",\"url\":\"https:\/\/www.tvuai.com.br\/portal\/\",\"logo\":{\"@type\":\"ImageObject\",\"inLanguage\":\"pt-BR\",\"@id\":\"https:\/\/www.tvuai.com.br\/portal\/#\/schema\/logo\/image\/\",\"url\":\"https:\/\/i0.wp.com\/www.tvuai.com.br\/portal\/wp-content\/uploads\/2017\/12\/logo_tvuai_100H.png?fit=207%2C100&ssl=1\",\"contentUrl\":\"https:\/\/i0.wp.com\/www.tvuai.com.br\/portal\/wp-content\/uploads\/2017\/12\/logo_tvuai_100H.png?fit=207%2C100&ssl=1\",\"width\":207,\"height\":100,\"caption\":\"TVUAI\"},\"image\":{\"@id\":\"https:\/\/www.tvuai.com.br\/portal\/#\/schema\/logo\/image\/\"},\"sameAs\":[\"http:\/\/www.facebook.com\/pages\/TV-Uai-Comunica\u00e7\u00e3o\/139062546157369\",\"https:\/\/x.com\/tvuai\",\"https:\/\/www.instagram.com\/tvuai_network\/\",\"https:\/\/www.youtube.com\/channel\/UCB7ZPB3wRv-OpoZ_09jmnkQ\"]},{\"@type\":\"Person\",\"@id\":\"https:\/\/www.tvuai.com.br\/portal\/#\/schema\/person\/d1c5c2b1dc1e658906286802aad38555\",\"name\":\"Rosy Pantale\u00e3o\",\"sameAs\":[\"https:\/\/www.tvuai.com.br\/portal\/\",\"https:\/\/www.facebook.com\/tvuai\/\",\"https:\/\/www.instagram.com\/tvuai\",\"https:\/\/x.com\/tvuai\",\"https:\/\/www.youtube.com\/channel\/UCB7ZPB3wRv-OpoZ_09jmnkQ\",\"tvuai\"],\"url\":\"https:\/\/www.tvuai.com.br\/portal\/author\/rosy\/\"}]}<\/script>\n<!-- \/ Yoast SEO plugin. -->","yoast_head_json":{"title":"Una Pouso Alegre inaugura N\u00facleo de Pr\u00e1ticas Jur\u00eddicas para atendimento gratuito a pessoas de baixa renda - TVUAI","robots":{"index":"index","follow":"follow","max-snippet":"max-snippet:-1","max-image-preview":"max-image-preview:large","max-video-preview":"max-video-preview:-1"},"canonical":"https:\/\/www.tvuai.com.br\/portal\/una-pouso-alegre-inaugura-nucleo-de-praticas-juridicas-para-atendimento-gratuito-a-pessoas-de-baixa-renda\/","og_locale":"pt_BR","og_type":"article","og_title":"Una Pouso Alegre inaugura N\u00facleo de Pr\u00e1ticas Jur\u00eddicas para atendimento gratuito a pessoas de baixa renda - TVUAI","og_description":"Inaugurado na \u00faltima sexta-feira, 19, o N\u00facleo de Pr\u00e1ticas Jur\u00eddicas (NPJ) do Centro Universit\u00e1rio Una Pouso Alegre, com a presen\u00e7a de desembargadora, ju\u00edzes, procurador da rep\u00fablica, defensor p\u00fablico, promotores, professores, servidores da justi\u00e7a. Por conta da limita\u00e7\u00e3o da presen\u00e7a f\u00edsica em decorr\u00eancia da pandemia, foi executada uma transmiss\u00e3o em tempo real que agregou alunos e [&hellip;]","og_url":"https:\/\/www.tvuai.com.br\/portal\/una-pouso-alegre-inaugura-nucleo-de-praticas-juridicas-para-atendimento-gratuito-a-pessoas-de-baixa-renda\/","og_site_name":"TVUAI","article_publisher":"http:\/\/www.facebook.com\/pages\/TV-Uai-Comunica%c3%a7%c3%a3o\/139062546157369","article_author":"https:\/\/www.facebook.com\/tvuai\/","article_published_time":"2021-11-24T23:41:14+00:00","article_modified_time":"2021-12-08T19:26:29+00:00","og_image":[{"width":200,"height":200,"url":"https:\/\/i0.wp.com\/www.tvuai.com.br\/portal\/wp-content\/uploads\/2021\/11\/Una0.jpg?fit=200%2C200&ssl=1","type":"image\/jpeg"}],"author":"Rosy Pantale\u00e3o","twitter_card":"summary_large_image","twitter_creator":"@tvuai","twitter_site":"@tvuai","twitter_misc":{"Escrito por":"Rosy Pantale\u00e3o","Est. tempo de leitura":"2 minutos"},"schema":{"@context":"https:\/\/schema.org","@graph":[{"@type":"Article","@id":"https:\/\/www.tvuai.com.br\/portal\/una-pouso-alegre-inaugura-nucleo-de-praticas-juridicas-para-atendimento-gratuito-a-pessoas-de-baixa-renda\/#article","isPartOf":{"@id":"https:\/\/www.tvuai.com.br\/portal\/una-pouso-alegre-inaugura-nucleo-de-praticas-juridicas-para-atendimento-gratuito-a-pessoas-de-baixa-renda\/"},"author":{"name":"Rosy Pantale\u00e3o","@id":"https:\/\/www.tvuai.com.br\/portal\/#\/schema\/person\/d1c5c2b1dc1e658906286802aad38555"},"headline":"Una Pouso Alegre inaugura N\u00facleo de Pr\u00e1ticas Jur\u00eddicas para atendimento gratuito a pessoas de baixa renda","datePublished":"2021-11-24T23:41:14+00:00","dateModified":"2021-12-08T19:26:29+00:00","mainEntityOfPage":{"@id":"https:\/\/www.tvuai.com.br\/portal\/una-pouso-alegre-inaugura-nucleo-de-praticas-juridicas-para-atendimento-gratuito-a-pessoas-de-baixa-renda\/"},"wordCount":418,"publisher":{"@id":"https:\/\/www.tvuai.com.br\/portal\/#organization"},"image":{"@id":"https:\/\/www.tvuai.com.br\/portal\/una-pouso-alegre-inaugura-nucleo-de-praticas-juridicas-para-atendimento-gratuito-a-pessoas-de-baixa-renda\/#primaryimage"},"thumbnailUrl":"https:\/\/i0.wp.com\/www.tvuai.com.br\/portal\/wp-content\/uploads\/2021\/11\/Una0.jpg?fit=200%2C200&ssl=1","keywords":["Camila Zeidler","Lucas de Morais Gualtieri","N\u00facleo de Pr\u00e1ticas Jur\u00eddicas UNA Pouso Alegre","Pouso Alegre","Ricardo Linardi","Roberta Manfrom","Sul de Minas","TV Uai","Una Pouso Alegre","Valdomiro Vieira","Vin\u00edcius Vieira Costa"],"articleSection":["Not\u00edcias"],"inLanguage":"pt-BR"},{"@type":"WebPage","@id":"https:\/\/www.tvuai.com.br\/portal\/una-pouso-alegre-inaugura-nucleo-de-praticas-juridicas-para-atendimento-gratuito-a-pessoas-de-baixa-renda\/","url":"https:\/\/www.tvuai.com.br\/portal\/una-pouso-alegre-inaugura-nucleo-de-praticas-juridicas-para-atendimento-gratuito-a-pessoas-de-baixa-renda\/","name":"Una Pouso Alegre inaugura N\u00facleo de Pr\u00e1ticas Jur\u00eddicas para atendimento gratuito a pessoas de baixa renda - TVUAI","isPartOf":{"@id":"https:\/\/www.tvuai.com.br\/portal\/#website"},"primaryImageOfPage":{"@id":"https:\/\/www.tvuai.com.br\/portal\/una-pouso-alegre-inaugura-nucleo-de-praticas-juridicas-para-atendimento-gratuito-a-pessoas-de-baixa-renda\/#primaryimage"},"image":{"@id":"https:\/\/www.tvuai.com.br\/portal\/una-pouso-alegre-inaugura-nucleo-de-praticas-juridicas-para-atendimento-gratuito-a-pessoas-de-baixa-renda\/#primaryimage"},"thumbnailUrl":"https:\/\/i0.wp.com\/www.tvuai.com.br\/portal\/wp-content\/uploads\/2021\/11\/Una0.jpg?fit=200%2C200&ssl=1","datePublished":"2021-11-24T23:41:14+00:00","dateModified":"2021-12-08T19:26:29+00:00","breadcrumb":{"@id":"https:\/\/www.tvuai.com.br\/portal\/una-pouso-alegre-inaugura-nucleo-de-praticas-juridicas-para-atendimento-gratuito-a-pessoas-de-baixa-renda\/#breadcrumb"},"inLanguage":"pt-BR","potentialAction":[{"@type":"ReadAction","target":["https:\/\/www.tvuai.com.br\/portal\/una-pouso-alegre-inaugura-nucleo-de-praticas-juridicas-para-atendimento-gratuito-a-pessoas-de-baixa-renda\/"]}]},{"@type":"ImageObject","inLanguage":"pt-BR","@id":"https:\/\/www.tvuai.com.br\/portal\/una-pouso-alegre-inaugura-nucleo-de-praticas-juridicas-para-atendimento-gratuito-a-pessoas-de-baixa-renda\/#primaryimage","url":"https:\/\/i0.wp.com\/www.tvuai.com.br\/portal\/wp-content\/uploads\/2021\/11\/Una0.jpg?fit=200%2C200&ssl=1","contentUrl":"https:\/\/i0.wp.com\/www.tvuai.com.br\/portal\/wp-content\/uploads\/2021\/11\/Una0.jpg?fit=200%2C200&ssl=1","width":200,"height":200},{"@type":"BreadcrumbList","@id":"https:\/\/www.tvuai.com.br\/portal\/una-pouso-alegre-inaugura-nucleo-de-praticas-juridicas-para-atendimento-gratuito-a-pessoas-de-baixa-renda\/#breadcrumb","itemListElement":[{"@type":"ListItem","position":1,"name":"In\u00edcio","item":"https:\/\/www.tvuai.com.br\/portal\/"},{"@type":"ListItem","position":2,"name":"Una Pouso Alegre inaugura N\u00facleo de Pr\u00e1ticas Jur\u00eddicas para atendimento gratuito a pessoas de baixa renda"}]},{"@type":"WebSite","@id":"https:\/\/www.tvuai.com.br\/portal\/#website","url":"https:\/\/www.tvuai.com.br\/portal\/","name":"TVUAI","description":"Tudo sobre o Sul de Minas","publisher":{"@id":"https:\/\/www.tvuai.com.br\/portal\/#organization"},"potentialAction":[{"@type":"SearchAction","target":{"@type":"EntryPoint","urlTemplate":"https:\/\/www.tvuai.com.br\/portal\/?s={search_term_string}"},"query-input":{"@type":"PropertyValueSpecification","valueRequired":true,"valueName":"search_term_string"}}],"inLanguage":"pt-BR"},{"@type":"Organization","@id":"https:\/\/www.tvuai.com.br\/portal\/#organization","name":"TVUAI","url":"https:\/\/www.tvuai.com.br\/portal\/","logo":{"@type":"ImageObject","inLanguage":"pt-BR","@id":"https:\/\/www.tvuai.com.br\/portal\/#\/schema\/logo\/image\/","url":"https:\/\/i0.wp.com\/www.tvuai.com.br\/portal\/wp-content\/uploads\/2017\/12\/logo_tvuai_100H.png?fit=207%2C100&ssl=1","contentUrl":"https:\/\/i0.wp.com\/www.tvuai.com.br\/portal\/wp-content\/uploads\/2017\/12\/logo_tvuai_100H.png?fit=207%2C100&ssl=1","width":207,"height":100,"caption":"TVUAI"},"image":{"@id":"https:\/\/www.tvuai.com.br\/portal\/#\/schema\/logo\/image\/"},"sameAs":["http:\/\/www.facebook.com\/pages\/TV-Uai-Comunica\u00e7\u00e3o\/139062546157369","https:\/\/x.com\/tvuai","https:\/\/www.instagram.com\/tvuai_network\/","https:\/\/www.youtube.com\/channel\/UCB7ZPB3wRv-OpoZ_09jmnkQ"]},{"@type":"Person","@id":"https:\/\/www.tvuai.com.br\/portal\/#\/schema\/person\/d1c5c2b1dc1e658906286802aad38555","name":"Rosy Pantale\u00e3o","sameAs":["https:\/\/www.tvuai.com.br\/portal\/","https:\/\/www.facebook.com\/tvuai\/","https:\/\/www.instagram.com\/tvuai","https:\/\/x.com\/tvuai","https:\/\/www.youtube.com\/channel\/UCB7ZPB3wRv-OpoZ_09jmnkQ","tvuai"],"url":"https:\/\/www.tvuai.com.br\/portal\/author\/rosy\/"}]}},"jetpack_featured_media_url":"https:\/\/i0.wp.com\/www.tvuai.com.br\/portal\/wp-content\/uploads\/2021\/11\/Una0.jpg?fit=200%2C200&ssl=1","wpmagazine_modules_lite_featured_media_urls":{"thumbnail":["https:\/\/i0.wp.com\/www.tvuai.com.br\/portal\/wp-content\/uploads\/2021\/11\/Una0.jpg?resize=150%2C150&ssl=1",150,150,true],"cvmm-medium":["https:\/\/i0.wp.com\/www.tvuai.com.br\/portal\/wp-content\/uploads\/2021\/11\/Una0.jpg?resize=200%2C200&ssl=1",200,200,true],"cvmm-medium-plus":["https:\/\/i0.wp.com\/www.tvuai.com.br\/portal\/wp-content\/uploads\/2021\/11\/Una0.jpg?resize=200%2C200&ssl=1",200,200,true],"cvmm-portrait":["https:\/\/i0.wp.com\/www.tvuai.com.br\/portal\/wp-content\/uploads\/2021\/11\/Una0.jpg?resize=200%2C200&ssl=1",200,200,true],"cvmm-medium-square":["https:\/\/i0.wp.com\/www.tvuai.com.br\/portal\/wp-content\/uploads\/2021\/11\/Una0.jpg?resize=200%2C200&ssl=1",200,200,true],"cvmm-large":["https:\/\/i0.wp.com\/www.tvuai.com.br\/portal\/wp-content\/uploads\/2021\/11\/Una0.jpg?resize=200%2C200&ssl=1",200,200,true],"cvmm-small":["https:\/\/i0.wp.com\/www.tvuai.com.br\/portal\/wp-content\/uploads\/2021\/11\/Una0.jpg?resize=130%2C95&ssl=1",130,95,true],"full":["https:\/\/i0.wp.com\/www.tvuai.com.br\/portal\/wp-content\/uploads\/2021\/11\/Una0.jpg?fit=200%2C200&ssl=1",200,200,false]},"categories_names":{"19":{"name":"Not\u00edcias","link":"https:\/\/www.tvuai.com.br\/portal\/category\/noticias\/"}},"tags_names":{"457":{"name":"Camila Zeidler","link":"https:\/\/www.tvuai.com.br\/portal\/tag\/camila-zeidler\/"},"458":{"name":"Lucas de Morais Gualtieri","link":"https:\/\/www.tvuai.com.br\/portal\/tag\/lucas-de-morais-gualtieri\/"},"455":{"name":"N\u00facleo de Pr\u00e1ticas Jur\u00eddicas UNA Pouso Alegre","link":"https:\/\/www.tvuai.com.br\/portal\/tag\/nucleo-de-praticas-juridicas-una-pouso-alegre\/"},"37":{"name":"Pouso Alegre","link":"https:\/\/www.tvuai.com.br\/portal\/tag\/pouso-alegre\/"},"459":{"name":"Ricardo Linardi","link":"https:\/\/www.tvuai.com.br\/portal\/tag\/ricardo-linardi\/"},"460":{"name":"Roberta Manfrom","link":"https:\/\/www.tvuai.com.br\/portal\/tag\/roberta-manfrom\/"},"39":{"name":"Sul de Minas","link":"https:\/\/www.tvuai.com.br\/portal\/tag\/sul-de-minas\/"},"27":{"name":"TV Uai","link":"https:\/\/www.tvuai.com.br\/portal\/tag\/tv-uai\/"},"454":{"name":"Una Pouso Alegre","link":"https:\/\/www.tvuai.com.br\/portal\/tag\/una-pouso-alegre\/"},"456":{"name":"Valdomiro Vieira","link":"https:\/\/www.tvuai.com.br\/portal\/tag\/valdomiro-vieira\/"},"461":{"name":"Vin\u00edcius Vieira Costa","link":"https:\/\/www.tvuai.com.br\/portal\/tag\/vinicius-vieira-costa\/"}},"comments_number":"0","jetpack_shortlink":"https:\/\/wp.me\/p9woix-J9","jetpack_sharing_enabled":true,"_links":{"self":[{"href":"https:\/\/www.tvuai.com.br\/portal\/wp-json\/wp\/v2\/posts\/2799"}],"collection":[{"href":"https:\/\/www.tvuai.com.br\/portal\/wp-json\/wp\/v2\/posts"}],"about":[{"href":"https:\/\/www.tvuai.com.br\/portal\/wp-json\/wp\/v2\/types\/post"}],"author":[{"embeddable":true,"href":"https:\/\/www.tvuai.com.br\/portal\/wp-json\/wp\/v2\/users\/2"}],"replies":[{"embeddable":true,"href":"https:\/\/www.tvuai.com.br\/portal\/wp-json\/wp\/v2\/comments?post=2799"}],"version-history":[{"count":9,"href":"https:\/\/www.tvuai.com.br\/portal\/wp-json\/wp\/v2\/posts\/2799\/revisions"}],"predecessor-version":[{"id":2829,"href":"https:\/\/www.tvuai.com.br\/portal\/wp-json\/wp\/v2\/posts\/2799\/revisions\/2829"}],"wp:featuredmedia":[{"embeddable":true,"href":"https:\/\/www.tvuai.com.br\/portal\/wp-json\/wp\/v2\/media\/2823"}],"wp:attachment":[{"href":"https:\/\/www.tvuai.com.br\/portal\/wp-json\/wp\/v2\/media?parent=2799"}],"wp:term":[{"taxonomy":"category","embeddable":true,"href":"https:\/\/www.tvuai.com.br\/portal\/wp-json\/wp\/v2\/categories?post=2799"},{"taxonomy":"post_tag","embeddable":true,"href":"https:\/\/www.tvuai.com.br\/portal\/wp-json\/wp\/v2\/tags?post=2799"}],"curies":[{"name":"wp","href":"https:\/\/api.w.org\/{rel}","templated":true}]}}