{"id":2792,"date":"2021-11-23T10:51:34","date_gmt":"2021-11-23T13:51:34","guid":{"rendered":"https:\/\/www.tvuai.com.br\/portal\/?p=2792"},"modified":"2021-11-26T17:43:31","modified_gmt":"2021-11-26T20:43:31","slug":"de-olho-na-black-friday-cemig-alerta-se-for-comprar-eletroeletronicos-de-preferencia-aos-mais-eficientes","status":"publish","type":"post","link":"https:\/\/www.tvuai.com.br\/portal\/de-olho-na-black-friday-cemig-alerta-se-for-comprar-eletroeletronicos-de-preferencia-aos-mais-eficientes\/","title":{"rendered":"De olho na Black Friday? Cemig alerta: se for comprar eletroeletr\u00f4nicos, d\u00ea prefer\u00eancia aos mais eficientes"},"content":{"rendered":"<div class=\"5a1038e0903b96d426fcfcc338703013\" data-index=\"1\" style=\"float: right; margin:10px 0 10px 10px;\">\n<script async src=\"https:\/\/pagead2.googlesyndication.com\/pagead\/js\/adsbygoogle.js?client=ca-pub-9945944833605257\"\r\n     crossorigin=\"anonymous\"><\/script>\r\n<ins class=\"adsbygoogle\"\r\n     style=\"display:block; text-align:center;\"\r\n     data-ad-layout=\"in-article\"\r\n     data-ad-format=\"fluid\"\r\n     data-ad-client=\"ca-pub-9945944833605257\"\r\n     data-ad-slot=\"2343923581\"><\/ins>\r\n<script>\r\n     (adsbygoogle = window.adsbygoogle || []).push({});\r\n<\/script>\n<\/div>\n<div class=\"jetpack-video-wrapper\"><span class=\"embed-youtube\" style=\"text-align:center; display: block;\"><iframe class=\"youtube-player\" width=\"560\" height=\"315\" src=\"https:\/\/www.youtube.com\/embed\/J4tlUHnvvuw?version=3&#038;rel=1&#038;showsearch=0&#038;showinfo=1&#038;iv_load_policy=1&#038;fs=1&#038;hl=pt-BR&#038;autohide=2&#038;wmode=transparent\" allowfullscreen=\"true\" style=\"border:0;\" sandbox=\"allow-scripts allow-same-origin allow-popups allow-presentation allow-popups-to-escape-sandbox\"><\/iframe><\/span><\/div>\n<h5 style=\"text-align: center\"><em><strong>Devem ser analisados indicadores para n\u00e3o adquirir equipamentos que consomem mais energia que outros similares<\/strong><\/em><\/h5>\n<p>Na pr\u00f3xima sexta-feira, 26, muitos brasileiros ir\u00e3o \u00e0s compras para adquirir produtos e servi\u00e7os aproveitando a Black Friday, data que tem se popularizado no Brasil por oferecer pre\u00e7os mais atrativos aos clientes. Uma pesquisa sobre inten\u00e7\u00e3o de compra nesta data, feita pela C\u00e2mara de Dirigentes Lojistas de Belo Horizonte (CDL-BH), mostra que os eletrodom\u00e9sticos s\u00e3o os itens mais desejados pelos belo-horizontinos (45,1%) e assim \u00e9 em todo o pais. Contudo, a Cemig ressalta que o desconto pode ser perdido se a efici\u00eancia do equipamento n\u00e3o for observada na hora da compra.<\/p>\n<p>De acordo com o engenheiro de Efici\u00eancia Energ\u00e9tica da Cemig, Thiago Batista, o cliente deve ficar atento ao Selo Procel antes de adquirir um eletrodom\u00e9stico ou aparelho eletr\u00f4nico. O ideal \u00e9 comprar os que tenham o selo ou que venham com a etiqueta do Inmetro com a letra &#8220;A&#8221;, pois s\u00e3o os mais eficientes.<\/p>\n<p>&#8220;O Selo Procel j\u00e1 \u00e9 bastante conhecido pela popula\u00e7\u00e3o, e indica \u200bos equipamentos mais eficientes da categoria. Essa classifica\u00e7\u00e3o \u00e9 ben\u00e9fica para o interessado porque ele pode escolher o aparelho mais eficiente, que consome menos energia&#8221;, explica.<\/p>\n<p>Criado na d\u00e9cada de 1990, o selo pode ser verificado em refrigeradores, lavadoras, televisores, ventiladores, micro-ondas, ar-condicionado, l\u00e2mpadas, reatores, bombas e motobombas, motores el\u00e9tricos, sistema de aquecimento solar e sistema fotovoltaico.<\/p>\n<p style=\"text-align: center\"><strong>Outras ferramentas para considerar no momento da compra<\/strong><\/p>\n<p>Se um eletrodom\u00e9stico ou equipamento eletr\u00f4nico estiver com um pre\u00e7o muito inferior a outros similares, outro detalhe a ser observado \u00e9 a tabela ENCE (Etiqueta Nacional de Conserva\u00e7\u00e3o de Energia), criada pelo INMETRO. Essa ferramenta classifica o equipamento de acordo com o desempenho do produto com rela\u00e7\u00e3o ao consumo de energia. Os aparelhos s\u00e3o classificados de A (melhor desempenho) \u00e0 G (pior desempenho).<\/p>\n<p>&#8220;Dependendo da classifica\u00e7\u00e3o do aparelho adquirido, os descontos conseguidos na Black Friday podem n\u00e3o ser atrativos, pois ao longo do tempo o consumo de energia dos equipamentos menos eficientes \u00e9 maior em rela\u00e7\u00e3o aos de classifica\u00e7\u00e3o &#8216;A&#8217;. O consumo de energia depende, basicamente, de duas vari\u00e1veis: pot\u00eancia em Watts (W) dos equipamentos e do tempo de utiliza\u00e7\u00e3o (em horas). Se o equipamento \u00e9 mais barato no momento da aquisi\u00e7\u00e3o, mas \u00e9 menos eficiente, essa diferen\u00e7a ser\u00e1 sentida na conta de luz enquanto ele for utilizado&#8221;, alerta o especialista.<\/p>\n<p>Durante a Black Friday, s\u00e3o muito comuns as compras pela internet, em que nem o selo Procel nem as tabelas Ence est\u00e3o vis\u00edveis para os clientes. Nesses casos, Thiago Batista orienta o consumidor a \u200bbuscar estas informa\u00e7\u00f5es em outras fontes. &#8220;Nos sites de compras \u200b\u00e9 comum que estas informa\u00e7\u00f5es estejam omitidas, principalmente quando se trata de equipamentos com baixa classifica\u00e7\u00e3o de efici\u00eancia. Procure pela marca e modelo do equipamento no site do fabricante e at\u00e9 mesmo em outros sites de venda para se certificar da efici\u00eancia e do impacto do consumo deste item na sua fatura de energia el\u00e9trica&#8221;, destaca.<\/p>\n<h6><em><strong>Com informa\u00e7\u00f5es Ascom\/Cemig<\/strong><\/em><\/h6>\n\n<div style=\"font-size: 0px; height: 0px; line-height: 0px; margin: 0; padding: 0; clear: both;\"><\/div><div class='share-to-whatsapp-wrapper'><div class='share-on-whsp'>Share on: <\/div><a data-text='De olho na Black Friday? Cemig alerta: se for comprar eletroeletr\u00f4nicos, d\u00ea prefer\u00eancia aos mais eficientes' data-link='https:\/\/www.tvuai.com.br\/portal\/de-olho-na-black-friday-cemig-alerta-se-for-comprar-eletroeletronicos-de-preferencia-aos-mais-eficientes\/' class='whatsapp-button whatsapp-share'>WhatsApp<\/a><div class='clear '><\/div><\/div><!-- AddThis Advanced Settings generic via filter on the_content --><!-- AddThis Share Buttons generic via filter on the_content -->","protected":false},"excerpt":{"rendered":"<p>Devem ser analisados indicadores para n\u00e3o adquirir equipamentos que consomem mais energia que outros similares Na pr\u00f3xima sexta-feira, 26, muitos brasileiros ir\u00e3o \u00e0s compras para adquirir produtos e servi\u00e7os aproveitando a Black Friday, data que tem se popularizado no Brasil por oferecer pre\u00e7os mais atrativos aos clientes. Uma pesquisa sobre inten\u00e7\u00e3o de compra nesta data, [&hellip;]<!-- AddThis Advanced Settings generic via filter on get_the_excerpt --><!-- AddThis Share Buttons generic via filter on get_the_excerpt --><\/p>\n","protected":false},"author":2,"featured_media":2797,"comment_status":"closed","ping_status":"closed","sticky":false,"template":"","format":"standard","meta":{"jetpack_post_was_ever_published":false,"_jetpack_newsletter_access":"","_jetpack_dont_email_post_to_subs":false,"_jetpack_newsletter_tier_id":0,"_jetpack_memberships_contains_paywalled_content":false,"_jetpack_memberships_contains_paid_content":false,"_joinchat":[],"footnotes":"","jetpack_publicize_message":"","jetpack_publicize_feature_enabled":true,"jetpack_social_post_already_shared":true,"jetpack_social_options":{"image_generator_settings":{"template":"highway","enabled":false},"version":2}},"categories":[19,21],"tags":[447,60,445,37,39,446,27],"class_list":["post-2792","post","type-post","status-publish","format-standard","has-post-thumbnail","hentry","category-noticias","category-videos","tag-black-friday","tag-cemig","tag-eficiencia-energetica-cemig","tag-pouso-alegre","tag-sul-de-minas","tag-thiago-batista","tag-tv-uai"],"jetpack_publicize_connections":[],"yoast_head":"<!-- This site is optimized with the Yoast SEO plugin v23.5 - https:\/\/yoast.com\/wordpress\/plugins\/seo\/ -->\n<title>De olho na Black Friday? Cemig alerta: se for comprar eletroeletr\u00f4nicos, d\u00ea prefer\u00eancia aos mais eficientes - TVUAI De olho na Black Friday? Cemig alerta: se for comprar eletroeletr\u00f4nicos, d\u00ea prefer\u00eancia aos mais eficientes<\/title>\n<meta name=\"description\" content=\"De olho na Black Friday? Cemig alerta: se for comprar eletroeletr\u00f4nicos, d\u00ea prefer\u00eancia aos mais eficientes\" \/>\n<meta name=\"robots\" content=\"index, follow, max-snippet:-1, max-image-preview:large, max-video-preview:-1\" \/>\n<link rel=\"canonical\" href=\"https:\/\/www.tvuai.com.br\/portal\/de-olho-na-black-friday-cemig-alerta-se-for-comprar-eletroeletronicos-de-preferencia-aos-mais-eficientes\/\" \/>\n<meta property=\"og:locale\" content=\"pt_BR\" \/>\n<meta property=\"og:type\" content=\"article\" \/>\n<meta property=\"og:title\" content=\"De olho na Black Friday? Cemig alerta: se for comprar eletroeletr\u00f4nicos, d\u00ea prefer\u00eancia aos mais eficientes - TVUAI De olho na Black Friday? Cemig alerta: se for comprar eletroeletr\u00f4nicos, d\u00ea prefer\u00eancia aos mais eficientes\" \/>\n<meta property=\"og:description\" content=\"De olho na Black Friday? Cemig alerta: se for comprar eletroeletr\u00f4nicos, d\u00ea prefer\u00eancia aos mais eficientes\" \/>\n<meta property=\"og:url\" content=\"https:\/\/www.tvuai.com.br\/portal\/de-olho-na-black-friday-cemig-alerta-se-for-comprar-eletroeletronicos-de-preferencia-aos-mais-eficientes\/\" \/>\n<meta property=\"og:site_name\" content=\"TVUAI\" \/>\n<meta property=\"article:publisher\" content=\"http:\/\/www.facebook.com\/pages\/TV-Uai-Comunica%c3%a7%c3%a3o\/139062546157369\" \/>\n<meta property=\"article:author\" content=\"https:\/\/www.facebook.com\/tvuai\/\" \/>\n<meta property=\"article:published_time\" content=\"2021-11-23T13:51:34+00:00\" \/>\n<meta property=\"article:modified_time\" content=\"2021-11-26T20:43:31+00:00\" \/>\n<meta property=\"og:image\" content=\"https:\/\/i0.wp.com\/www.tvuai.com.br\/portal\/wp-content\/uploads\/2021\/11\/cemigthiago.jpg?fit=200%2C200&ssl=1\" \/>\n\t<meta property=\"og:image:width\" content=\"200\" \/>\n\t<meta property=\"og:image:height\" content=\"200\" \/>\n\t<meta property=\"og:image:type\" content=\"image\/jpeg\" \/>\n<meta name=\"author\" content=\"Rosy Pantale\u00e3o\" \/>\n<meta name=\"twitter:card\" content=\"summary_large_image\" \/>\n<meta name=\"twitter:creator\" content=\"@tvuai\" \/>\n<meta name=\"twitter:site\" content=\"@tvuai\" \/>\n<meta name=\"twitter:label1\" content=\"Escrito por\" \/>\n\t<meta name=\"twitter:data1\" content=\"Rosy Pantale\u00e3o\" \/>\n\t<meta name=\"twitter:label2\" content=\"Est. tempo de leitura\" \/>\n\t<meta name=\"twitter:data2\" content=\"3 minutos\" \/>\n<script type=\"application\/ld+json\" class=\"yoast-schema-graph\">{\"@context\":\"https:\/\/schema.org\",\"@graph\":[{\"@type\":\"Article\",\"@id\":\"https:\/\/www.tvuai.com.br\/portal\/de-olho-na-black-friday-cemig-alerta-se-for-comprar-eletroeletronicos-de-preferencia-aos-mais-eficientes\/#article\",\"isPartOf\":{\"@id\":\"https:\/\/www.tvuai.com.br\/portal\/de-olho-na-black-friday-cemig-alerta-se-for-comprar-eletroeletronicos-de-preferencia-aos-mais-eficientes\/\"},\"author\":{\"name\":\"Rosy Pantale\u00e3o\",\"@id\":\"https:\/\/www.tvuai.com.br\/portal\/#\/schema\/person\/d1c5c2b1dc1e658906286802aad38555\"},\"headline\":\"De olho na Black Friday? Cemig alerta: se for comprar eletroeletr\u00f4nicos, d\u00ea prefer\u00eancia aos mais eficientes\",\"datePublished\":\"2021-11-23T13:51:34+00:00\",\"dateModified\":\"2021-11-26T20:43:31+00:00\",\"mainEntityOfPage\":{\"@id\":\"https:\/\/www.tvuai.com.br\/portal\/de-olho-na-black-friday-cemig-alerta-se-for-comprar-eletroeletronicos-de-preferencia-aos-mais-eficientes\/\"},\"wordCount\":556,\"publisher\":{\"@id\":\"https:\/\/www.tvuai.com.br\/portal\/#organization\"},\"image\":{\"@id\":\"https:\/\/www.tvuai.com.br\/portal\/de-olho-na-black-friday-cemig-alerta-se-for-comprar-eletroeletronicos-de-preferencia-aos-mais-eficientes\/#primaryimage\"},\"thumbnailUrl\":\"https:\/\/i0.wp.com\/www.tvuai.com.br\/portal\/wp-content\/uploads\/2021\/11\/cemigthiago.jpg?fit=200%2C200&ssl=1\",\"keywords\":[\"Black Friday\",\"Cemig\",\"Efici\u00eancia Energ\u00e9tica Cemig\",\"Pouso Alegre\",\"Sul de Minas\",\"Thiago Batista\",\"TV Uai\"],\"articleSection\":[\"Not\u00edcias\",\"Videos\"],\"inLanguage\":\"pt-BR\"},{\"@type\":\"WebPage\",\"@id\":\"https:\/\/www.tvuai.com.br\/portal\/de-olho-na-black-friday-cemig-alerta-se-for-comprar-eletroeletronicos-de-preferencia-aos-mais-eficientes\/\",\"url\":\"https:\/\/www.tvuai.com.br\/portal\/de-olho-na-black-friday-cemig-alerta-se-for-comprar-eletroeletronicos-de-preferencia-aos-mais-eficientes\/\",\"name\":\"De olho na Black Friday? Cemig alerta: se for comprar eletroeletr\u00f4nicos, d\u00ea prefer\u00eancia aos mais eficientes - TVUAI De olho na Black Friday? Cemig alerta: se for comprar eletroeletr\u00f4nicos, d\u00ea prefer\u00eancia aos mais eficientes\",\"isPartOf\":{\"@id\":\"https:\/\/www.tvuai.com.br\/portal\/#website\"},\"primaryImageOfPage\":{\"@id\":\"https:\/\/www.tvuai.com.br\/portal\/de-olho-na-black-friday-cemig-alerta-se-for-comprar-eletroeletronicos-de-preferencia-aos-mais-eficientes\/#primaryimage\"},\"image\":{\"@id\":\"https:\/\/www.tvuai.com.br\/portal\/de-olho-na-black-friday-cemig-alerta-se-for-comprar-eletroeletronicos-de-preferencia-aos-mais-eficientes\/#primaryimage\"},\"thumbnailUrl\":\"https:\/\/i0.wp.com\/www.tvuai.com.br\/portal\/wp-content\/uploads\/2021\/11\/cemigthiago.jpg?fit=200%2C200&ssl=1\",\"datePublished\":\"2021-11-23T13:51:34+00:00\",\"dateModified\":\"2021-11-26T20:43:31+00:00\",\"description\":\"De olho na Black Friday? Cemig alerta: se for comprar eletroeletr\u00f4nicos, d\u00ea prefer\u00eancia aos mais eficientes\",\"breadcrumb\":{\"@id\":\"https:\/\/www.tvuai.com.br\/portal\/de-olho-na-black-friday-cemig-alerta-se-for-comprar-eletroeletronicos-de-preferencia-aos-mais-eficientes\/#breadcrumb\"},\"inLanguage\":\"pt-BR\",\"potentialAction\":[{\"@type\":\"ReadAction\",\"target\":[\"https:\/\/www.tvuai.com.br\/portal\/de-olho-na-black-friday-cemig-alerta-se-for-comprar-eletroeletronicos-de-preferencia-aos-mais-eficientes\/\"]}]},{\"@type\":\"ImageObject\",\"inLanguage\":\"pt-BR\",\"@id\":\"https:\/\/www.tvuai.com.br\/portal\/de-olho-na-black-friday-cemig-alerta-se-for-comprar-eletroeletronicos-de-preferencia-aos-mais-eficientes\/#primaryimage\",\"url\":\"https:\/\/i0.wp.com\/www.tvuai.com.br\/portal\/wp-content\/uploads\/2021\/11\/cemigthiago.jpg?fit=200%2C200&ssl=1\",\"contentUrl\":\"https:\/\/i0.wp.com\/www.tvuai.com.br\/portal\/wp-content\/uploads\/2021\/11\/cemigthiago.jpg?fit=200%2C200&ssl=1\",\"width\":200,\"height\":200},{\"@type\":\"BreadcrumbList\",\"@id\":\"https:\/\/www.tvuai.com.br\/portal\/de-olho-na-black-friday-cemig-alerta-se-for-comprar-eletroeletronicos-de-preferencia-aos-mais-eficientes\/#breadcrumb\",\"itemListElement\":[{\"@type\":\"ListItem\",\"position\":1,\"name\":\"In\u00edcio\",\"item\":\"https:\/\/www.tvuai.com.br\/portal\/\"},{\"@type\":\"ListItem\",\"position\":2,\"name\":\"De olho na Black Friday? Cemig alerta: se for comprar eletroeletr\u00f4nicos, d\u00ea prefer\u00eancia aos mais eficientes\"}]},{\"@type\":\"WebSite\",\"@id\":\"https:\/\/www.tvuai.com.br\/portal\/#website\",\"url\":\"https:\/\/www.tvuai.com.br\/portal\/\",\"name\":\"TVUAI\",\"description\":\"Tudo sobre o Sul de Minas\",\"publisher\":{\"@id\":\"https:\/\/www.tvuai.com.br\/portal\/#organization\"},\"potentialAction\":[{\"@type\":\"SearchAction\",\"target\":{\"@type\":\"EntryPoint\",\"urlTemplate\":\"https:\/\/www.tvuai.com.br\/portal\/?s={search_term_string}\"},\"query-input\":{\"@type\":\"PropertyValueSpecification\",\"valueRequired\":true,\"valueName\":\"search_term_string\"}}],\"inLanguage\":\"pt-BR\"},{\"@type\":\"Organization\",\"@id\":\"https:\/\/www.tvuai.com.br\/portal\/#organization\",\"name\":\"TVUAI\",\"url\":\"https:\/\/www.tvuai.com.br\/portal\/\",\"logo\":{\"@type\":\"ImageObject\",\"inLanguage\":\"pt-BR\",\"@id\":\"https:\/\/www.tvuai.com.br\/portal\/#\/schema\/logo\/image\/\",\"url\":\"https:\/\/i0.wp.com\/www.tvuai.com.br\/portal\/wp-content\/uploads\/2017\/12\/logo_tvuai_100H.png?fit=207%2C100&ssl=1\",\"contentUrl\":\"https:\/\/i0.wp.com\/www.tvuai.com.br\/portal\/wp-content\/uploads\/2017\/12\/logo_tvuai_100H.png?fit=207%2C100&ssl=1\",\"width\":207,\"height\":100,\"caption\":\"TVUAI\"},\"image\":{\"@id\":\"https:\/\/www.tvuai.com.br\/portal\/#\/schema\/logo\/image\/\"},\"sameAs\":[\"http:\/\/www.facebook.com\/pages\/TV-Uai-Comunica\u00e7\u00e3o\/139062546157369\",\"https:\/\/x.com\/tvuai\",\"https:\/\/www.instagram.com\/tvuai_network\/\",\"https:\/\/www.youtube.com\/channel\/UCB7ZPB3wRv-OpoZ_09jmnkQ\"]},{\"@type\":\"Person\",\"@id\":\"https:\/\/www.tvuai.com.br\/portal\/#\/schema\/person\/d1c5c2b1dc1e658906286802aad38555\",\"name\":\"Rosy Pantale\u00e3o\",\"sameAs\":[\"https:\/\/www.tvuai.com.br\/portal\/\",\"https:\/\/www.facebook.com\/tvuai\/\",\"https:\/\/www.instagram.com\/tvuai\",\"https:\/\/x.com\/tvuai\",\"https:\/\/www.youtube.com\/channel\/UCB7ZPB3wRv-OpoZ_09jmnkQ\",\"tvuai\"],\"url\":\"https:\/\/www.tvuai.com.br\/portal\/author\/rosy\/\"}]}<\/script>\n<!-- \/ Yoast SEO plugin. -->","yoast_head_json":{"title":"De olho na Black Friday? Cemig alerta: se for comprar eletroeletr\u00f4nicos, d\u00ea prefer\u00eancia aos mais eficientes - TVUAI De olho na Black Friday? Cemig alerta: se for comprar eletroeletr\u00f4nicos, d\u00ea prefer\u00eancia aos mais eficientes","description":"De olho na Black Friday? Cemig alerta: se for comprar eletroeletr\u00f4nicos, d\u00ea prefer\u00eancia aos mais eficientes","robots":{"index":"index","follow":"follow","max-snippet":"max-snippet:-1","max-image-preview":"max-image-preview:large","max-video-preview":"max-video-preview:-1"},"canonical":"https:\/\/www.tvuai.com.br\/portal\/de-olho-na-black-friday-cemig-alerta-se-for-comprar-eletroeletronicos-de-preferencia-aos-mais-eficientes\/","og_locale":"pt_BR","og_type":"article","og_title":"De olho na Black Friday? Cemig alerta: se for comprar eletroeletr\u00f4nicos, d\u00ea prefer\u00eancia aos mais eficientes - TVUAI De olho na Black Friday? Cemig alerta: se for comprar eletroeletr\u00f4nicos, d\u00ea prefer\u00eancia aos mais eficientes","og_description":"De olho na Black Friday? Cemig alerta: se for comprar eletroeletr\u00f4nicos, d\u00ea prefer\u00eancia aos mais eficientes","og_url":"https:\/\/www.tvuai.com.br\/portal\/de-olho-na-black-friday-cemig-alerta-se-for-comprar-eletroeletronicos-de-preferencia-aos-mais-eficientes\/","og_site_name":"TVUAI","article_publisher":"http:\/\/www.facebook.com\/pages\/TV-Uai-Comunica%c3%a7%c3%a3o\/139062546157369","article_author":"https:\/\/www.facebook.com\/tvuai\/","article_published_time":"2021-11-23T13:51:34+00:00","article_modified_time":"2021-11-26T20:43:31+00:00","og_image":[{"width":200,"height":200,"url":"https:\/\/i0.wp.com\/www.tvuai.com.br\/portal\/wp-content\/uploads\/2021\/11\/cemigthiago.jpg?fit=200%2C200&ssl=1","type":"image\/jpeg"}],"author":"Rosy Pantale\u00e3o","twitter_card":"summary_large_image","twitter_creator":"@tvuai","twitter_site":"@tvuai","twitter_misc":{"Escrito por":"Rosy Pantale\u00e3o","Est. tempo de leitura":"3 minutos"},"schema":{"@context":"https:\/\/schema.org","@graph":[{"@type":"Article","@id":"https:\/\/www.tvuai.com.br\/portal\/de-olho-na-black-friday-cemig-alerta-se-for-comprar-eletroeletronicos-de-preferencia-aos-mais-eficientes\/#article","isPartOf":{"@id":"https:\/\/www.tvuai.com.br\/portal\/de-olho-na-black-friday-cemig-alerta-se-for-comprar-eletroeletronicos-de-preferencia-aos-mais-eficientes\/"},"author":{"name":"Rosy Pantale\u00e3o","@id":"https:\/\/www.tvuai.com.br\/portal\/#\/schema\/person\/d1c5c2b1dc1e658906286802aad38555"},"headline":"De olho na Black Friday? Cemig alerta: se for comprar eletroeletr\u00f4nicos, d\u00ea prefer\u00eancia aos mais eficientes","datePublished":"2021-11-23T13:51:34+00:00","dateModified":"2021-11-26T20:43:31+00:00","mainEntityOfPage":{"@id":"https:\/\/www.tvuai.com.br\/portal\/de-olho-na-black-friday-cemig-alerta-se-for-comprar-eletroeletronicos-de-preferencia-aos-mais-eficientes\/"},"wordCount":556,"publisher":{"@id":"https:\/\/www.tvuai.com.br\/portal\/#organization"},"image":{"@id":"https:\/\/www.tvuai.com.br\/portal\/de-olho-na-black-friday-cemig-alerta-se-for-comprar-eletroeletronicos-de-preferencia-aos-mais-eficientes\/#primaryimage"},"thumbnailUrl":"https:\/\/i0.wp.com\/www.tvuai.com.br\/portal\/wp-content\/uploads\/2021\/11\/cemigthiago.jpg?fit=200%2C200&ssl=1","keywords":["Black Friday","Cemig","Efici\u00eancia Energ\u00e9tica Cemig","Pouso Alegre","Sul de Minas","Thiago Batista","TV Uai"],"articleSection":["Not\u00edcias","Videos"],"inLanguage":"pt-BR"},{"@type":"WebPage","@id":"https:\/\/www.tvuai.com.br\/portal\/de-olho-na-black-friday-cemig-alerta-se-for-comprar-eletroeletronicos-de-preferencia-aos-mais-eficientes\/","url":"https:\/\/www.tvuai.com.br\/portal\/de-olho-na-black-friday-cemig-alerta-se-for-comprar-eletroeletronicos-de-preferencia-aos-mais-eficientes\/","name":"De olho na Black Friday? Cemig alerta: se for comprar eletroeletr\u00f4nicos, d\u00ea prefer\u00eancia aos mais eficientes - TVUAI De olho na Black Friday? Cemig alerta: se for comprar eletroeletr\u00f4nicos, d\u00ea prefer\u00eancia aos mais eficientes","isPartOf":{"@id":"https:\/\/www.tvuai.com.br\/portal\/#website"},"primaryImageOfPage":{"@id":"https:\/\/www.tvuai.com.br\/portal\/de-olho-na-black-friday-cemig-alerta-se-for-comprar-eletroeletronicos-de-preferencia-aos-mais-eficientes\/#primaryimage"},"image":{"@id":"https:\/\/www.tvuai.com.br\/portal\/de-olho-na-black-friday-cemig-alerta-se-for-comprar-eletroeletronicos-de-preferencia-aos-mais-eficientes\/#primaryimage"},"thumbnailUrl":"https:\/\/i0.wp.com\/www.tvuai.com.br\/portal\/wp-content\/uploads\/2021\/11\/cemigthiago.jpg?fit=200%2C200&ssl=1","datePublished":"2021-11-23T13:51:34+00:00","dateModified":"2021-11-26T20:43:31+00:00","description":"De olho na Black Friday? Cemig alerta: se for comprar eletroeletr\u00f4nicos, d\u00ea prefer\u00eancia aos mais eficientes","breadcrumb":{"@id":"https:\/\/www.tvuai.com.br\/portal\/de-olho-na-black-friday-cemig-alerta-se-for-comprar-eletroeletronicos-de-preferencia-aos-mais-eficientes\/#breadcrumb"},"inLanguage":"pt-BR","potentialAction":[{"@type":"ReadAction","target":["https:\/\/www.tvuai.com.br\/portal\/de-olho-na-black-friday-cemig-alerta-se-for-comprar-eletroeletronicos-de-preferencia-aos-mais-eficientes\/"]}]},{"@type":"ImageObject","inLanguage":"pt-BR","@id":"https:\/\/www.tvuai.com.br\/portal\/de-olho-na-black-friday-cemig-alerta-se-for-comprar-eletroeletronicos-de-preferencia-aos-mais-eficientes\/#primaryimage","url":"https:\/\/i0.wp.com\/www.tvuai.com.br\/portal\/wp-content\/uploads\/2021\/11\/cemigthiago.jpg?fit=200%2C200&ssl=1","contentUrl":"https:\/\/i0.wp.com\/www.tvuai.com.br\/portal\/wp-content\/uploads\/2021\/11\/cemigthiago.jpg?fit=200%2C200&ssl=1","width":200,"height":200},{"@type":"BreadcrumbList","@id":"https:\/\/www.tvuai.com.br\/portal\/de-olho-na-black-friday-cemig-alerta-se-for-comprar-eletroeletronicos-de-preferencia-aos-mais-eficientes\/#breadcrumb","itemListElement":[{"@type":"ListItem","position":1,"name":"In\u00edcio","item":"https:\/\/www.tvuai.com.br\/portal\/"},{"@type":"ListItem","position":2,"name":"De olho na Black Friday? Cemig alerta: se for comprar eletroeletr\u00f4nicos, d\u00ea prefer\u00eancia aos mais eficientes"}]},{"@type":"WebSite","@id":"https:\/\/www.tvuai.com.br\/portal\/#website","url":"https:\/\/www.tvuai.com.br\/portal\/","name":"TVUAI","description":"Tudo sobre o Sul de Minas","publisher":{"@id":"https:\/\/www.tvuai.com.br\/portal\/#organization"},"potentialAction":[{"@type":"SearchAction","target":{"@type":"EntryPoint","urlTemplate":"https:\/\/www.tvuai.com.br\/portal\/?s={search_term_string}"},"query-input":{"@type":"PropertyValueSpecification","valueRequired":true,"valueName":"search_term_string"}}],"inLanguage":"pt-BR"},{"@type":"Organization","@id":"https:\/\/www.tvuai.com.br\/portal\/#organization","name":"TVUAI","url":"https:\/\/www.tvuai.com.br\/portal\/","logo":{"@type":"ImageObject","inLanguage":"pt-BR","@id":"https:\/\/www.tvuai.com.br\/portal\/#\/schema\/logo\/image\/","url":"https:\/\/i0.wp.com\/www.tvuai.com.br\/portal\/wp-content\/uploads\/2017\/12\/logo_tvuai_100H.png?fit=207%2C100&ssl=1","contentUrl":"https:\/\/i0.wp.com\/www.tvuai.com.br\/portal\/wp-content\/uploads\/2017\/12\/logo_tvuai_100H.png?fit=207%2C100&ssl=1","width":207,"height":100,"caption":"TVUAI"},"image":{"@id":"https:\/\/www.tvuai.com.br\/portal\/#\/schema\/logo\/image\/"},"sameAs":["http:\/\/www.facebook.com\/pages\/TV-Uai-Comunica\u00e7\u00e3o\/139062546157369","https:\/\/x.com\/tvuai","https:\/\/www.instagram.com\/tvuai_network\/","https:\/\/www.youtube.com\/channel\/UCB7ZPB3wRv-OpoZ_09jmnkQ"]},{"@type":"Person","@id":"https:\/\/www.tvuai.com.br\/portal\/#\/schema\/person\/d1c5c2b1dc1e658906286802aad38555","name":"Rosy Pantale\u00e3o","sameAs":["https:\/\/www.tvuai.com.br\/portal\/","https:\/\/www.facebook.com\/tvuai\/","https:\/\/www.instagram.com\/tvuai","https:\/\/x.com\/tvuai","https:\/\/www.youtube.com\/channel\/UCB7ZPB3wRv-OpoZ_09jmnkQ","tvuai"],"url":"https:\/\/www.tvuai.com.br\/portal\/author\/rosy\/"}]}},"jetpack_featured_media_url":"https:\/\/i0.wp.com\/www.tvuai.com.br\/portal\/wp-content\/uploads\/2021\/11\/cemigthiago.jpg?fit=200%2C200&ssl=1","wpmagazine_modules_lite_featured_media_urls":{"thumbnail":["https:\/\/i0.wp.com\/www.tvuai.com.br\/portal\/wp-content\/uploads\/2021\/11\/cemigthiago.jpg?resize=150%2C150&ssl=1",150,150,true],"cvmm-medium":["https:\/\/i0.wp.com\/www.tvuai.com.br\/portal\/wp-content\/uploads\/2021\/11\/cemigthiago.jpg?resize=200%2C200&ssl=1",200,200,true],"cvmm-medium-plus":["https:\/\/i0.wp.com\/www.tvuai.com.br\/portal\/wp-content\/uploads\/2021\/11\/cemigthiago.jpg?resize=200%2C200&ssl=1",200,200,true],"cvmm-portrait":["https:\/\/i0.wp.com\/www.tvuai.com.br\/portal\/wp-content\/uploads\/2021\/11\/cemigthiago.jpg?resize=200%2C200&ssl=1",200,200,true],"cvmm-medium-square":["https:\/\/i0.wp.com\/www.tvuai.com.br\/portal\/wp-content\/uploads\/2021\/11\/cemigthiago.jpg?resize=200%2C200&ssl=1",200,200,true],"cvmm-large":["https:\/\/i0.wp.com\/www.tvuai.com.br\/portal\/wp-content\/uploads\/2021\/11\/cemigthiago.jpg?resize=200%2C200&ssl=1",200,200,true],"cvmm-small":["https:\/\/i0.wp.com\/www.tvuai.com.br\/portal\/wp-content\/uploads\/2021\/11\/cemigthiago.jpg?resize=130%2C95&ssl=1",130,95,true],"full":["https:\/\/i0.wp.com\/www.tvuai.com.br\/portal\/wp-content\/uploads\/2021\/11\/cemigthiago.jpg?fit=200%2C200&ssl=1",200,200,false]},"categories_names":{"19":{"name":"Not\u00edcias","link":"https:\/\/www.tvuai.com.br\/portal\/category\/noticias\/"},"21":{"name":"Videos","link":"https:\/\/www.tvuai.com.br\/portal\/category\/videos\/"}},"tags_names":{"447":{"name":"Black Friday","link":"https:\/\/www.tvuai.com.br\/portal\/tag\/black-friday\/"},"60":{"name":"Cemig","link":"https:\/\/www.tvuai.com.br\/portal\/tag\/cemig\/"},"445":{"name":"Efici\u00eancia Energ\u00e9tica Cemig","link":"https:\/\/www.tvuai.com.br\/portal\/tag\/eficiencia-energetica-cemig\/"},"37":{"name":"Pouso Alegre","link":"https:\/\/www.tvuai.com.br\/portal\/tag\/pouso-alegre\/"},"39":{"name":"Sul de Minas","link":"https:\/\/www.tvuai.com.br\/portal\/tag\/sul-de-minas\/"},"446":{"name":"Thiago Batista","link":"https:\/\/www.tvuai.com.br\/portal\/tag\/thiago-batista\/"},"27":{"name":"TV Uai","link":"https:\/\/www.tvuai.com.br\/portal\/tag\/tv-uai\/"}},"comments_number":"0","jetpack_shortlink":"https:\/\/wp.me\/p9woix-J2","jetpack_sharing_enabled":true,"_links":{"self":[{"href":"https:\/\/www.tvuai.com.br\/portal\/wp-json\/wp\/v2\/posts\/2792"}],"collection":[{"href":"https:\/\/www.tvuai.com.br\/portal\/wp-json\/wp\/v2\/posts"}],"about":[{"href":"https:\/\/www.tvuai.com.br\/portal\/wp-json\/wp\/v2\/types\/post"}],"author":[{"embeddable":true,"href":"https:\/\/www.tvuai.com.br\/portal\/wp-json\/wp\/v2\/users\/2"}],"replies":[{"embeddable":true,"href":"https:\/\/www.tvuai.com.br\/portal\/wp-json\/wp\/v2\/comments?post=2792"}],"version-history":[{"count":4,"href":"https:\/\/www.tvuai.com.br\/portal\/wp-json\/wp\/v2\/posts\/2792\/revisions"}],"predecessor-version":[{"id":2796,"href":"https:\/\/www.tvuai.com.br\/portal\/wp-json\/wp\/v2\/posts\/2792\/revisions\/2796"}],"wp:featuredmedia":[{"embeddable":true,"href":"https:\/\/www.tvuai.com.br\/portal\/wp-json\/wp\/v2\/media\/2797"}],"wp:attachment":[{"href":"https:\/\/www.tvuai.com.br\/portal\/wp-json\/wp\/v2\/media?parent=2792"}],"wp:term":[{"taxonomy":"category","embeddable":true,"href":"https:\/\/www.tvuai.com.br\/portal\/wp-json\/wp\/v2\/categories?post=2792"},{"taxonomy":"post_tag","embeddable":true,"href":"https:\/\/www.tvuai.com.br\/portal\/wp-json\/wp\/v2\/tags?post=2792"}],"curies":[{"name":"wp","href":"https:\/\/api.w.org\/{rel}","templated":true}]}}