{"id":2458,"date":"2021-03-23T19:43:30","date_gmt":"2021-03-23T22:43:30","guid":{"rendered":"https:\/\/www.tvuai.com.br\/portal\/?p=2458"},"modified":"2021-10-28T12:54:47","modified_gmt":"2021-10-28T15:54:47","slug":"acusado-de-improbidade-administrativa-prefeito-de-pouso-alegre-rafael-simoes-depoe-em-processo-na-justica-federal","status":"publish","type":"post","link":"https:\/\/www.tvuai.com.br\/portal\/acusado-de-improbidade-administrativa-prefeito-de-pouso-alegre-rafael-simoes-depoe-em-processo-na-justica-federal\/","title":{"rendered":"Acusado de improbidade administrativa, prefeito de Pouso Alegre, Rafael Sim\u00f5es, dep\u00f5e em processo na Justi\u00e7a Federal"},"content":{"rendered":"<div class=\"5a1038e0903b96d426fcfcc338703013\" data-index=\"1\" style=\"float: right; margin:10px 0 10px 10px;\">\n<script async src=\"https:\/\/pagead2.googlesyndication.com\/pagead\/js\/adsbygoogle.js?client=ca-pub-9945944833605257\"\r\n     crossorigin=\"anonymous\"><\/script>\r\n<ins class=\"adsbygoogle\"\r\n     style=\"display:block; text-align:center;\"\r\n     data-ad-layout=\"in-article\"\r\n     data-ad-format=\"fluid\"\r\n     data-ad-client=\"ca-pub-9945944833605257\"\r\n     data-ad-slot=\"2343923581\"><\/ins>\r\n<script>\r\n     (adsbygoogle = window.adsbygoogle || []).push({});\r\n<\/script>\n<\/div>\n<h5 style=\"text-align: center\"><em><strong><div class=\"jetpack-video-wrapper\"><span class=\"embed-youtube\" style=\"text-align:center; display: block;\"><iframe class=\"youtube-player\" width=\"560\" height=\"315\" src=\"https:\/\/www.youtube.com\/embed\/F-FM6Skgiyw?version=3&#038;rel=1&#038;showsearch=0&#038;showinfo=1&#038;iv_load_policy=1&#038;fs=1&#038;hl=pt-BR&#038;autohide=2&#038;wmode=transparent\" allowfullscreen=\"true\" style=\"border:0;\" sandbox=\"allow-scripts allow-same-origin allow-popups allow-presentation allow-popups-to-escape-sandbox\"><\/iframe><\/span><\/div><\/strong><\/em><\/h5>\n<h5 style=\"text-align: center\"><em><strong>Confira as audi\u00eancias do in\u00edcio de mar\u00e7o que trata do processo de improbidade administrativa <\/strong><\/em><br \/>\n<em><strong>do atual prefeito de Pouso Alegre, Rafael Sim\u00f5es, na 1\u00aa Vara Federal C\u00edvel e Criminal da SSJ de Pouso Alegre<\/strong><\/em><\/h5>\n<p>Acusado pelo Minist\u00e9rio P\u00fablico Federal <strong><span style=\"color: #000080\"><a style=\"color: #000080\" href=\"http:\/\/www.mpf.mp.br\/mg\/sala-de-imprensa\/docs\/improbidade-hcsl\">em processo de improbidade administrativa<\/a><\/span><\/strong> quando foi presidente da FUVS &#8211; Funda\u00e7\u00e3o de Ensino Superior do Vale do Sapuca\u00ed &#8211; mantenedora do Hospital das Cl\u00ednicas Samuel Lib\u00e2nio &#8211; o atual prefeito de Pouso Alegre e presidente do Cisamesp &#8211; Cons\u00f3rcio Intermunicipal de Sa\u00fade dos Munic\u00edpios da Microrregi\u00e3o do M\u00e9dio Sapuca\u00ed, Rafael Tadeu Sim\u00f5es, prestou depoimento sobre o caso. Segundo a a\u00e7\u00e3o, h\u00e1 evid\u00eancias de que todos os medicamentos e materiais desviados pelos denunciados se destinaram ao tratamento de bovinos da propriedade de Rafael Sim\u00f5es. A suspeita \u00e9 refor\u00e7ada em raz\u00e3o da realiza\u00e7\u00e3o de exames de sangue pelo laborat\u00f3rio do HCSL, a partir de material coletado de bovinos da fazenda do prefeito para hemocultura, exame para detectar a presen\u00e7a de bact\u00e9rias e fungos no sangue. No mesmo processo, o prefeito chegou a ter as <strong><span style=\"color: #000080\"><a style=\"color: #000080\" href=\"https:\/\/www.tvuai.com.br\/portal\/wp-content\/uploads\/2018\/11\/Decisao-ACP.pdf\">contas bloqueadas pela Justi\u00e7a em 2018<\/a><\/span><\/strong>.<\/p>\n<p>Al\u00e9m de Rafael Sim\u00f5es tamb\u00e9m prestaram depoimento Renata L\u00facia Guimar\u00e3es Risso e Silva Regina Pereira da Silva, acusadas dos mesmos supostos crimes. Os depoimentos foram realizados atrav\u00e9s de videoconfer\u00eancia &#8211; no dia 2 de mar\u00e7o &#8211; e os r\u00e9us usaram a prerrogativa legal de recusarem-se a responder a perguntas do Minist\u00e9rio P\u00fablico Federal, apenas a indaga\u00e7\u00f5es da ju\u00edza federal, dra. T\u00e2nia Zucchi de Moraes, da 1\u00aa Vara Federal C\u00edvel e Criminal da SSJ de Pouso Alegre, que presidiu as audi\u00eancias. As testemunhas indicadas pela defesa foram ouvidas no dia seguinte, dia 3 de mar\u00e7o. As testemunhas da acusa\u00e7\u00e3o que testemunhariam no dia 4 de mar\u00e7o n\u00e3o foram ouvidas, os procuradores da Rep\u00fablica Lucas de Morais Gualtieri e J\u00falio Noronha optaram por anexar ao processo, com decis\u00e3o positiva da ju\u00edza T\u00e2nia Zucchi de Moraes, os depoimentos prestados no processo criminal do mesmo caso.<\/p>\n<p style=\"text-align: center\"><strong><span style=\"color: #000000\">Depoimentos<\/span><\/strong><\/p>\n<p>O depoimento dos acusados come\u00e7ou com Rafael Sim\u00f5es que relatou sua passagem &#8211; com auto elogios &#8211; pela presid\u00eancia da FUVS. Em sua defesa, o atual prefeito disse que esse caso era uma &#8220;cria\u00e7\u00e3o do Minist\u00e9rio P\u00fablico&#8221; e que a sindic\u00e2ncia que apontou os supostos desvios foi &#8220;persegui\u00e7\u00e3o do PT&#8221;. Sim\u00f5es disse ainda que quando assumiu a presid\u00eancia da FUVS &#8220;pegou a institui\u00e7\u00e3o quebrada&#8221;, fato que n\u00e3o \u00e9 confirmado por auditoria do TCU quanto ao per\u00edodo relatado pelo atual prefeito. <a href=\"https:\/\/www.tvuai.com.br\/portal\/wp-content\/uploads\/2021\/03\/Acord\u00e3o-TCU.pdf\"><strong><span style=\"color: #000080\">No artigo 93 do TC 012.647\/2018-7<\/span><\/strong><\/a>, auditores do TCU revelam que &#8220;em rela\u00e7\u00e3o ao eventual endividamento da FUVS, identificou-se, a partir das an\u00e1lises dos balan\u00e7os patrimoniais, que a FUVS n\u00e3o apresentou riscos de insolv\u00eancia civil. Contudo, durante os trabalhos de auditoria, constatou-se ind\u00edcios de irregularidades na contabiliza\u00e7\u00e3o de despesas pela FUVS, com reflexo direto nas respectivas demonstra\u00e7\u00f5es financeiras&#8221;.<\/p>\n<p>O prefeito Rafael Sim\u00f5es afirmou tamb\u00e9m que os pagamentos estavam no balan\u00e7o e que nem controladoria ou minist\u00e9rio p\u00fablico estadual disseram que estava errado, o que n\u00e3o \u00e9 bem assim. Em auditoria efetivada pelo Tribunal de Contas da Uni\u00e3o a pedido do Congresso Nacional detectou que nos balan\u00e7os patrimoniais da FUVS de 2013 a 2017, <strong><span style=\"color: #000080\"><a style=\"color: #000080\" href=\"https:\/\/www.tvuai.com.br\/portal\/wp-content\/uploads\/2021\/03\/Acord\u00e3o-TCU.pdf\">consta no \u00edtem 30 do relat\u00f3rio<\/a><\/span><\/strong>, &#8220;dentre as causas do achado, foi poss\u00edvel identificar a defici\u00eancia dos controles cont\u00e1beis da FUVS, e a aus\u00eancia de segrega\u00e7\u00e3o de fun\u00e7\u00e3o entre a contabilidade e o controle interno da Funda\u00e7\u00e3o&#8221;.<\/p>\n<p>Sim\u00f5es relatou ainda, em resposta a uma pergunta da juiza T\u00e2nia Zucchi de Moraes, que o caso aconteceu porque o governo do Estado entrou na justi\u00e7a questionando a posse de um novo conselhor diretor de indicados pela Assembleia Geral &#8220;dizendo que a indica\u00e7\u00e3o do presidente da entidade teria que ser do governo do Estado&#8221;. Completou dizendo: &#8220;tanto \u00e9 que depois foram destitu\u00eddos, foi feito nova elei\u00e7\u00e3o e outro grupo assumiu a institui\u00e7\u00e3o&#8221;.<\/p>\n<p>Vale lembrar que esse epis\u00f3dio da FUVS, na realidade, contou com uma audi\u00eancia na Justi\u00e7a de concilia\u00e7\u00e3o dos dois grupos antag\u00f4nicos que formaram o corpo diretor interino, por consenso, que promoveu a <strong><span style=\"color: #000080\"><a style=\"color: #000080\" href=\"https:\/\/www.tvuai.com.br\/portal\/wp-content\/uploads\/2021\/03\/Sindic\u00e2ncia.pdf\">sindic\u00e2ncia<\/a><\/span><\/strong>. Depois disso, o grupo interino n\u00e3o foi destitu\u00eddo e sim substitu\u00eddo <strong><span style=\"color: #000080\"><a style=\"color: #000080\" href=\"https:\/\/www.univas.edu.br\/\/noticias.asp?noticia=314&amp;ano=2018\">por elei\u00e7\u00e3o interna com a nomea\u00e7\u00e3o do conselho diretor pelo governador do Estado de Minas Gerais<\/a><\/span><\/strong> como reza a <strong><span style=\"color: #000080\"><a style=\"color: #000080\" href=\"https:\/\/www.tvuai.com.br\/portal\/wp-content\/uploads\/2021\/03\/lei-nome\u00e7\u00e3o-de-2005.pdf\">lei 15429 de 03 de janeiro de 2005<\/a><\/span><\/strong>, sancionada pelo governador A\u00e9cio Neves ap\u00f3s vota\u00e7\u00e3o favor\u00e1vel em dois turnos na Assembleia Legislativa de Minas Gerais. Cabe ressaltar que essa lei teve 57 votos, incluindo o voto de dois deputados estaduais da regi\u00e3o com certa influ\u00eancia na institui\u00e7\u00e3o: Dalmo Ribeiro e Francisco Rafael Gon\u00e7alves. Apenas para complementar, o conselho diretor atualmente vigente voltou \u00e0 estaca zero e n\u00e3o teve a indica\u00e7\u00e3o do governador do Estado. No entanto, nem o governador Romeu Zema, nem o Minist\u00e9rio P\u00fablico ou o Judici\u00e1rio questionaram at\u00e9 a data de hoje a indica\u00e7\u00e3o do atual Conselho Diretor, irregular em vista da legisla\u00e7\u00e3o vigente.<\/p>\n<p>Ainda em seu depoimento, Rafael Sim\u00f5es disse que na receita da FUVS o aporte do SUS \u00e9 de apenas 30% da arrecada\u00e7\u00e3o da institui\u00e7\u00e3o. Mas, segundo a THS Consultoria e Gest\u00e3o que realizou consultoria para identifica\u00e7\u00e3o de pontos cr\u00edticos com sugest\u00f5es de melhorias em diversas \u00e1reas do Hospital das Cl\u00ednicas Samuel Lib\u00e2nio, apontou que a receita do Hospital prov\u00e9m de 62% do SUS. A <strong><span style=\"color: #000080\"><a style=\"color: #000080\" href=\"http:\/\/tvuai.com.br:2082\/cpsess6317324453\/frontend\/paper_lantern\/filemanager\/showfile.html?file=Consultoria+THS.pdf&amp;fileop=&amp;dir=%2Fhome%2Ftvuai%2Ftvuai&amp;dirop=&amp;charset=&amp;file_charset=&amp;baseurl=&amp;basedir=\">auditoria da THS<\/a> <\/span><\/strong>foi acatada pelo TCU.<\/p>\n<p>Em r\u00e1pido depoimento, Renata L\u00facia Guimar\u00e3es Risso relatou que cumpriu ordens da ent\u00e3o diretora executiva S\u00edlvia Regina Pereira da Silva e entregava os insumos e medicamentos a Rafael Sim\u00f5es.<\/p>\n<p>S\u00edlvia Regina Pereira da Silva, outra das acusadas, ent\u00e3o Diretora Executiva da FUVS, atual Secret\u00e1ria Municipal de Sa\u00fade de Pouso Alegre na gest\u00e3o de Rafael Sim\u00f5es, disse tamb\u00e9m que a sindic\u00e2ncia foi quest\u00e3o pol\u00edtica.<\/p>\n<p>Dos depoimentos das testemunhas, o que mais chamou a aten\u00e7\u00e3o foi do atual presidente da FUVS, Pyth\u00e1goras de Alencar Olivotti, que relatou morar em Bragan\u00e7a Paulista, no estado de S\u00e3o Paulo. \u00c0s indaga\u00e7\u00f5es da ju\u00edza dra. T\u00e2nia Zucchi, professor Pyth\u00e1goras pouco soube dizer sobre a administra\u00e7\u00e3o da FUVS, sugerindo que se trata de quase um estranho na presid\u00eancia da institui\u00e7\u00e3o. Sobre os exames veterin\u00e1rios disse que aconteceu atrav\u00e9s de uma conversa na sala de coordena\u00e7\u00e3o do curso de Farm\u00e1cia, do qual ele era respons\u00e1vel, sobre pesquisa de animais. No entanto, o <strong><span style=\"color: #000080\"><a style=\"color: #000080\" href=\"http:\/\/tvuai.com.br:2082\/cpsess6317324453\/frontend\/paper_lantern\/filemanager\/showfile.html?file=Estatuto+Univ%C3%A1s.pdf&amp;fileop=&amp;dir=%2Fhome%2Ftvuai%2Ftvuai&amp;dirop=&amp;charset=&amp;file_charset=&amp;baseurl=&amp;basedir=\">estatuto da Univ\u00e1s<\/a><\/span><\/strong> \u00e9 claro em seu artigo 62 ao regrar o funcionamento das pesquisas de toda a Funda\u00e7\u00e3o da qual o professor Pyth\u00e1goras \u00e9 o atual presidente: &#8220;as atividades de pesquisa s\u00e3o coordenadas e supervisionadas pela Pr\u00f3-Reitoria de P\u00f3s Gradua\u00e7\u00e3o e Pesquisa&#8221;, da qual o atual presidente n\u00e3o fazia parte na \u00e9poca.<\/p>\n<p style=\"text-align: center\"><strong>Agradecimento<\/strong><\/p>\n<p style=\"text-align: left\">O v\u00eddeo de todas as audi\u00eancias de improbidade administrativa foi <a href=\"https:\/\/www.tvuai.com.br\/portal\/wp-content\/uploads\/2021\/03\/decis\u00e3o-para-a-TV-Uai.pdf\"><strong><span style=\"color: #000080\">autorizado para a TV Uai<\/span><\/strong><\/a> pela ju\u00edza Federal, Dra. T\u00e2nia Zucchi de Moraes. A <strong>TV Uai<\/strong> teve ainda a oportunidade de assistir as audi\u00eancias e agradece ao diretor e t\u00e9cnicos da 1\u00aa Vara Federal C\u00edvel e Criminal da SSJ de Pouso Alegre pelo aux\u00edlio inestim\u00e1vel na realiza\u00e7\u00e3o de nosso trabalho de informa\u00e7\u00e3o jornal\u00edstica.<\/p>\n<p>&nbsp;<\/p>\n<p>&nbsp;<\/p>\n\n<div style=\"font-size: 0px; height: 0px; line-height: 0px; margin: 0; padding: 0; clear: both;\"><\/div><div class='share-to-whatsapp-wrapper'><div class='share-on-whsp'>Share on: <\/div><a data-text='Acusado de improbidade administrativa, prefeito de Pouso Alegre, Rafael Sim\u00f5es, dep\u00f5e em processo na Justi\u00e7a Federal' data-link='https:\/\/www.tvuai.com.br\/portal\/acusado-de-improbidade-administrativa-prefeito-de-pouso-alegre-rafael-simoes-depoe-em-processo-na-justica-federal\/' class='whatsapp-button whatsapp-share'>WhatsApp<\/a><div class='clear '><\/div><\/div><!-- AddThis Advanced Settings generic via filter on the_content --><!-- AddThis Share Buttons generic via filter on the_content -->","protected":false},"excerpt":{"rendered":"<p>Confira as audi\u00eancias do in\u00edcio de mar\u00e7o que trata do processo de improbidade administrativa do atual prefeito de Pouso Alegre, Rafael Sim\u00f5es, na 1\u00aa Vara Federal C\u00edvel e Criminal da SSJ de Pouso Alegre Acusado pelo Minist\u00e9rio P\u00fablico Federal em processo de improbidade administrativa quando foi presidente da FUVS &#8211; Funda\u00e7\u00e3o de Ensino Superior do [&hellip;]<!-- AddThis Advanced Settings generic via filter on get_the_excerpt --><!-- AddThis Share Buttons generic via filter on get_the_excerpt --><\/p>\n","protected":false},"author":2,"featured_media":2470,"comment_status":"closed","ping_status":"closed","sticky":false,"template":"","format":"standard","meta":{"jetpack_post_was_ever_published":false,"_jetpack_newsletter_access":"","_jetpack_dont_email_post_to_subs":false,"_jetpack_newsletter_tier_id":0,"_jetpack_memberships_contains_paywalled_content":false,"_jetpack_memberships_contains_paid_content":false,"_joinchat":[],"footnotes":"","jetpack_publicize_message":"","jetpack_publicize_feature_enabled":true,"jetpack_social_post_already_shared":true,"jetpack_social_options":{"image_generator_settings":{"template":"highway","enabled":false},"version":2}},"categories":[19,21],"tags":[365,363,369,366,368,367,362,122,37,364,196,39,27],"class_list":["post-2458","post","type-post","status-publish","format-standard","has-post-thumbnail","hentry","category-noticias","category-videos","tag-1a-vara-federal-civel-e-criminal-da-ssj-de-pouso-alegre","tag-fuvs-fundacao-de-ensino-superior-do-vale-do-sapucai","tag-https-www-youtube-com-watchvf-fm6skgiyw","tag-improbidade-administrativa","tag-improbidade-administrativa-prefeito-de-pouso-alegre","tag-improbidade-administrativa-prefeito-rafael-simoes","tag-juiza-federal-dra-tania-zucchi-de-moraes","tag-mpf","tag-pouso-alegre","tag-procurador-da-republica-julio-noronha","tag-procurador-da-republica-lucas-gualtieri","tag-sul-de-minas","tag-tv-uai"],"jetpack_publicize_connections":[],"yoast_head":"<!-- This site is optimized with the Yoast SEO plugin v23.5 - https:\/\/yoast.com\/wordpress\/plugins\/seo\/ -->\n<title>Acusado de improbidade administrativa, prefeito de Pouso Alegre, Rafael Sim\u00f5es, dep\u00f5e em processo na Justi\u00e7a Federal - TVUAI<\/title>\n<meta name=\"robots\" content=\"index, follow, max-snippet:-1, max-image-preview:large, max-video-preview:-1\" \/>\n<link rel=\"canonical\" href=\"https:\/\/www.tvuai.com.br\/portal\/acusado-de-improbidade-administrativa-prefeito-de-pouso-alegre-rafael-simoes-depoe-em-processo-na-justica-federal\/\" \/>\n<meta property=\"og:locale\" content=\"pt_BR\" \/>\n<meta property=\"og:type\" content=\"article\" \/>\n<meta property=\"og:title\" content=\"Acusado de improbidade administrativa, prefeito de Pouso Alegre, Rafael Sim\u00f5es, dep\u00f5e em processo na Justi\u00e7a Federal - TVUAI\" \/>\n<meta property=\"og:description\" content=\"Confira as audi\u00eancias do in\u00edcio de mar\u00e7o que trata do processo de improbidade administrativa do atual prefeito de Pouso Alegre, Rafael Sim\u00f5es, na 1\u00aa Vara Federal C\u00edvel e Criminal da SSJ de Pouso Alegre Acusado pelo Minist\u00e9rio P\u00fablico Federal em processo de improbidade administrativa quando foi presidente da FUVS &#8211; Funda\u00e7\u00e3o de Ensino Superior do [&hellip;]\" \/>\n<meta property=\"og:url\" content=\"https:\/\/www.tvuai.com.br\/portal\/acusado-de-improbidade-administrativa-prefeito-de-pouso-alegre-rafael-simoes-depoe-em-processo-na-justica-federal\/\" \/>\n<meta property=\"og:site_name\" content=\"TVUAI\" \/>\n<meta property=\"article:publisher\" content=\"http:\/\/www.facebook.com\/pages\/TV-Uai-Comunica%c3%a7%c3%a3o\/139062546157369\" \/>\n<meta property=\"article:author\" content=\"https:\/\/www.facebook.com\/tvuai\/\" \/>\n<meta property=\"article:published_time\" content=\"2021-03-23T22:43:30+00:00\" \/>\n<meta property=\"article:modified_time\" content=\"2021-10-28T15:54:47+00:00\" \/>\n<meta property=\"og:image\" content=\"https:\/\/i0.wp.com\/www.tvuai.com.br\/portal\/wp-content\/uploads\/2021\/03\/audiencia-0.jpg?fit=200%2C200&ssl=1\" \/>\n\t<meta property=\"og:image:width\" content=\"200\" \/>\n\t<meta property=\"og:image:height\" content=\"200\" \/>\n\t<meta property=\"og:image:type\" content=\"image\/jpeg\" \/>\n<meta name=\"author\" content=\"Rosy Pantale\u00e3o\" \/>\n<meta name=\"twitter:card\" content=\"summary_large_image\" \/>\n<meta name=\"twitter:creator\" content=\"@tvuai\" \/>\n<meta name=\"twitter:site\" content=\"@tvuai\" \/>\n<meta name=\"twitter:label1\" content=\"Escrito por\" \/>\n\t<meta name=\"twitter:data1\" content=\"Rosy Pantale\u00e3o\" \/>\n\t<meta name=\"twitter:label2\" content=\"Est. tempo de leitura\" \/>\n\t<meta name=\"twitter:data2\" content=\"7 minutos\" \/>\n<script type=\"application\/ld+json\" class=\"yoast-schema-graph\">{\"@context\":\"https:\/\/schema.org\",\"@graph\":[{\"@type\":\"Article\",\"@id\":\"https:\/\/www.tvuai.com.br\/portal\/acusado-de-improbidade-administrativa-prefeito-de-pouso-alegre-rafael-simoes-depoe-em-processo-na-justica-federal\/#article\",\"isPartOf\":{\"@id\":\"https:\/\/www.tvuai.com.br\/portal\/acusado-de-improbidade-administrativa-prefeito-de-pouso-alegre-rafael-simoes-depoe-em-processo-na-justica-federal\/\"},\"author\":{\"name\":\"Rosy Pantale\u00e3o\",\"@id\":\"https:\/\/www.tvuai.com.br\/portal\/#\/schema\/person\/d1c5c2b1dc1e658906286802aad38555\"},\"headline\":\"Acusado de improbidade administrativa, prefeito de Pouso Alegre, Rafael Sim\u00f5es, dep\u00f5e em processo na Justi\u00e7a Federal\",\"datePublished\":\"2021-03-23T22:43:30+00:00\",\"dateModified\":\"2021-10-28T15:54:47+00:00\",\"mainEntityOfPage\":{\"@id\":\"https:\/\/www.tvuai.com.br\/portal\/acusado-de-improbidade-administrativa-prefeito-de-pouso-alegre-rafael-simoes-depoe-em-processo-na-justica-federal\/\"},\"wordCount\":1325,\"publisher\":{\"@id\":\"https:\/\/www.tvuai.com.br\/portal\/#organization\"},\"image\":{\"@id\":\"https:\/\/www.tvuai.com.br\/portal\/acusado-de-improbidade-administrativa-prefeito-de-pouso-alegre-rafael-simoes-depoe-em-processo-na-justica-federal\/#primaryimage\"},\"thumbnailUrl\":\"https:\/\/i0.wp.com\/www.tvuai.com.br\/portal\/wp-content\/uploads\/2021\/03\/audiencia-0.jpg?fit=200%2C200&ssl=1\",\"keywords\":[\"1\u00aa Vara Federal C\u00edvel e Criminal da SSJ de Pouso Alegre\",\"FUVS - Funda\u00e7\u00e3o de Ensino Superior do Vale do Sapuca\u00ed\",\"https:\/\/www.youtube.com\/watch?v=F-FM6Skgiyw\",\"improbidade administrativa\",\"improbidade administrativa prefeito de Pouso Alegre\",\"improbidade administrativa prefeito Rafael Sim\u00f5es\",\"ju\u00edza Federal Dra. T\u00e2nia Zucchi de Moraes\",\"MPF\",\"Pouso Alegre\",\"procurador da Rep\u00fablica J\u00falio Noronha\",\"procurador da Rep\u00fablica Lucas Gualtieri\",\"Sul de Minas\",\"TV Uai\"],\"articleSection\":[\"Not\u00edcias\",\"Videos\"],\"inLanguage\":\"pt-BR\"},{\"@type\":\"WebPage\",\"@id\":\"https:\/\/www.tvuai.com.br\/portal\/acusado-de-improbidade-administrativa-prefeito-de-pouso-alegre-rafael-simoes-depoe-em-processo-na-justica-federal\/\",\"url\":\"https:\/\/www.tvuai.com.br\/portal\/acusado-de-improbidade-administrativa-prefeito-de-pouso-alegre-rafael-simoes-depoe-em-processo-na-justica-federal\/\",\"name\":\"Acusado de improbidade administrativa, prefeito de Pouso Alegre, Rafael Sim\u00f5es, dep\u00f5e em processo na Justi\u00e7a Federal - TVUAI\",\"isPartOf\":{\"@id\":\"https:\/\/www.tvuai.com.br\/portal\/#website\"},\"primaryImageOfPage\":{\"@id\":\"https:\/\/www.tvuai.com.br\/portal\/acusado-de-improbidade-administrativa-prefeito-de-pouso-alegre-rafael-simoes-depoe-em-processo-na-justica-federal\/#primaryimage\"},\"image\":{\"@id\":\"https:\/\/www.tvuai.com.br\/portal\/acusado-de-improbidade-administrativa-prefeito-de-pouso-alegre-rafael-simoes-depoe-em-processo-na-justica-federal\/#primaryimage\"},\"thumbnailUrl\":\"https:\/\/i0.wp.com\/www.tvuai.com.br\/portal\/wp-content\/uploads\/2021\/03\/audiencia-0.jpg?fit=200%2C200&ssl=1\",\"datePublished\":\"2021-03-23T22:43:30+00:00\",\"dateModified\":\"2021-10-28T15:54:47+00:00\",\"breadcrumb\":{\"@id\":\"https:\/\/www.tvuai.com.br\/portal\/acusado-de-improbidade-administrativa-prefeito-de-pouso-alegre-rafael-simoes-depoe-em-processo-na-justica-federal\/#breadcrumb\"},\"inLanguage\":\"pt-BR\",\"potentialAction\":[{\"@type\":\"ReadAction\",\"target\":[\"https:\/\/www.tvuai.com.br\/portal\/acusado-de-improbidade-administrativa-prefeito-de-pouso-alegre-rafael-simoes-depoe-em-processo-na-justica-federal\/\"]}]},{\"@type\":\"ImageObject\",\"inLanguage\":\"pt-BR\",\"@id\":\"https:\/\/www.tvuai.com.br\/portal\/acusado-de-improbidade-administrativa-prefeito-de-pouso-alegre-rafael-simoes-depoe-em-processo-na-justica-federal\/#primaryimage\",\"url\":\"https:\/\/i0.wp.com\/www.tvuai.com.br\/portal\/wp-content\/uploads\/2021\/03\/audiencia-0.jpg?fit=200%2C200&ssl=1\",\"contentUrl\":\"https:\/\/i0.wp.com\/www.tvuai.com.br\/portal\/wp-content\/uploads\/2021\/03\/audiencia-0.jpg?fit=200%2C200&ssl=1\",\"width\":200,\"height\":200},{\"@type\":\"BreadcrumbList\",\"@id\":\"https:\/\/www.tvuai.com.br\/portal\/acusado-de-improbidade-administrativa-prefeito-de-pouso-alegre-rafael-simoes-depoe-em-processo-na-justica-federal\/#breadcrumb\",\"itemListElement\":[{\"@type\":\"ListItem\",\"position\":1,\"name\":\"In\u00edcio\",\"item\":\"https:\/\/www.tvuai.com.br\/portal\/\"},{\"@type\":\"ListItem\",\"position\":2,\"name\":\"Acusado de improbidade administrativa, prefeito de Pouso Alegre, Rafael Sim\u00f5es, dep\u00f5e em processo na Justi\u00e7a Federal\"}]},{\"@type\":\"WebSite\",\"@id\":\"https:\/\/www.tvuai.com.br\/portal\/#website\",\"url\":\"https:\/\/www.tvuai.com.br\/portal\/\",\"name\":\"TVUAI\",\"description\":\"Tudo sobre o Sul de Minas\",\"publisher\":{\"@id\":\"https:\/\/www.tvuai.com.br\/portal\/#organization\"},\"potentialAction\":[{\"@type\":\"SearchAction\",\"target\":{\"@type\":\"EntryPoint\",\"urlTemplate\":\"https:\/\/www.tvuai.com.br\/portal\/?s={search_term_string}\"},\"query-input\":{\"@type\":\"PropertyValueSpecification\",\"valueRequired\":true,\"valueName\":\"search_term_string\"}}],\"inLanguage\":\"pt-BR\"},{\"@type\":\"Organization\",\"@id\":\"https:\/\/www.tvuai.com.br\/portal\/#organization\",\"name\":\"TVUAI\",\"url\":\"https:\/\/www.tvuai.com.br\/portal\/\",\"logo\":{\"@type\":\"ImageObject\",\"inLanguage\":\"pt-BR\",\"@id\":\"https:\/\/www.tvuai.com.br\/portal\/#\/schema\/logo\/image\/\",\"url\":\"https:\/\/i0.wp.com\/www.tvuai.com.br\/portal\/wp-content\/uploads\/2017\/12\/logo_tvuai_100H.png?fit=207%2C100&ssl=1\",\"contentUrl\":\"https:\/\/i0.wp.com\/www.tvuai.com.br\/portal\/wp-content\/uploads\/2017\/12\/logo_tvuai_100H.png?fit=207%2C100&ssl=1\",\"width\":207,\"height\":100,\"caption\":\"TVUAI\"},\"image\":{\"@id\":\"https:\/\/www.tvuai.com.br\/portal\/#\/schema\/logo\/image\/\"},\"sameAs\":[\"http:\/\/www.facebook.com\/pages\/TV-Uai-Comunica\u00e7\u00e3o\/139062546157369\",\"https:\/\/x.com\/tvuai\",\"https:\/\/www.instagram.com\/tvuai_network\/\",\"https:\/\/www.youtube.com\/channel\/UCB7ZPB3wRv-OpoZ_09jmnkQ\"]},{\"@type\":\"Person\",\"@id\":\"https:\/\/www.tvuai.com.br\/portal\/#\/schema\/person\/d1c5c2b1dc1e658906286802aad38555\",\"name\":\"Rosy Pantale\u00e3o\",\"sameAs\":[\"https:\/\/www.tvuai.com.br\/portal\/\",\"https:\/\/www.facebook.com\/tvuai\/\",\"https:\/\/www.instagram.com\/tvuai\",\"https:\/\/x.com\/tvuai\",\"https:\/\/www.youtube.com\/channel\/UCB7ZPB3wRv-OpoZ_09jmnkQ\",\"tvuai\"],\"url\":\"https:\/\/www.tvuai.com.br\/portal\/author\/rosy\/\"}]}<\/script>\n<!-- \/ Yoast SEO plugin. -->","yoast_head_json":{"title":"Acusado de improbidade administrativa, prefeito de Pouso Alegre, Rafael Sim\u00f5es, dep\u00f5e em processo na Justi\u00e7a Federal - TVUAI","robots":{"index":"index","follow":"follow","max-snippet":"max-snippet:-1","max-image-preview":"max-image-preview:large","max-video-preview":"max-video-preview:-1"},"canonical":"https:\/\/www.tvuai.com.br\/portal\/acusado-de-improbidade-administrativa-prefeito-de-pouso-alegre-rafael-simoes-depoe-em-processo-na-justica-federal\/","og_locale":"pt_BR","og_type":"article","og_title":"Acusado de improbidade administrativa, prefeito de Pouso Alegre, Rafael Sim\u00f5es, dep\u00f5e em processo na Justi\u00e7a Federal - TVUAI","og_description":"Confira as audi\u00eancias do in\u00edcio de mar\u00e7o que trata do processo de improbidade administrativa do atual prefeito de Pouso Alegre, Rafael Sim\u00f5es, na 1\u00aa Vara Federal C\u00edvel e Criminal da SSJ de Pouso Alegre Acusado pelo Minist\u00e9rio P\u00fablico Federal em processo de improbidade administrativa quando foi presidente da FUVS &#8211; Funda\u00e7\u00e3o de Ensino Superior do [&hellip;]","og_url":"https:\/\/www.tvuai.com.br\/portal\/acusado-de-improbidade-administrativa-prefeito-de-pouso-alegre-rafael-simoes-depoe-em-processo-na-justica-federal\/","og_site_name":"TVUAI","article_publisher":"http:\/\/www.facebook.com\/pages\/TV-Uai-Comunica%c3%a7%c3%a3o\/139062546157369","article_author":"https:\/\/www.facebook.com\/tvuai\/","article_published_time":"2021-03-23T22:43:30+00:00","article_modified_time":"2021-10-28T15:54:47+00:00","og_image":[{"width":200,"height":200,"url":"https:\/\/i0.wp.com\/www.tvuai.com.br\/portal\/wp-content\/uploads\/2021\/03\/audiencia-0.jpg?fit=200%2C200&ssl=1","type":"image\/jpeg"}],"author":"Rosy Pantale\u00e3o","twitter_card":"summary_large_image","twitter_creator":"@tvuai","twitter_site":"@tvuai","twitter_misc":{"Escrito por":"Rosy Pantale\u00e3o","Est. tempo de leitura":"7 minutos"},"schema":{"@context":"https:\/\/schema.org","@graph":[{"@type":"Article","@id":"https:\/\/www.tvuai.com.br\/portal\/acusado-de-improbidade-administrativa-prefeito-de-pouso-alegre-rafael-simoes-depoe-em-processo-na-justica-federal\/#article","isPartOf":{"@id":"https:\/\/www.tvuai.com.br\/portal\/acusado-de-improbidade-administrativa-prefeito-de-pouso-alegre-rafael-simoes-depoe-em-processo-na-justica-federal\/"},"author":{"name":"Rosy Pantale\u00e3o","@id":"https:\/\/www.tvuai.com.br\/portal\/#\/schema\/person\/d1c5c2b1dc1e658906286802aad38555"},"headline":"Acusado de improbidade administrativa, prefeito de Pouso Alegre, Rafael Sim\u00f5es, dep\u00f5e em processo na Justi\u00e7a Federal","datePublished":"2021-03-23T22:43:30+00:00","dateModified":"2021-10-28T15:54:47+00:00","mainEntityOfPage":{"@id":"https:\/\/www.tvuai.com.br\/portal\/acusado-de-improbidade-administrativa-prefeito-de-pouso-alegre-rafael-simoes-depoe-em-processo-na-justica-federal\/"},"wordCount":1325,"publisher":{"@id":"https:\/\/www.tvuai.com.br\/portal\/#organization"},"image":{"@id":"https:\/\/www.tvuai.com.br\/portal\/acusado-de-improbidade-administrativa-prefeito-de-pouso-alegre-rafael-simoes-depoe-em-processo-na-justica-federal\/#primaryimage"},"thumbnailUrl":"https:\/\/i0.wp.com\/www.tvuai.com.br\/portal\/wp-content\/uploads\/2021\/03\/audiencia-0.jpg?fit=200%2C200&ssl=1","keywords":["1\u00aa Vara Federal C\u00edvel e Criminal da SSJ de Pouso Alegre","FUVS - Funda\u00e7\u00e3o de Ensino Superior do Vale do Sapuca\u00ed","https:\/\/www.youtube.com\/watch?v=F-FM6Skgiyw","improbidade administrativa","improbidade administrativa prefeito de Pouso Alegre","improbidade administrativa prefeito Rafael Sim\u00f5es","ju\u00edza Federal Dra. T\u00e2nia Zucchi de Moraes","MPF","Pouso Alegre","procurador da Rep\u00fablica J\u00falio Noronha","procurador da Rep\u00fablica Lucas Gualtieri","Sul de Minas","TV Uai"],"articleSection":["Not\u00edcias","Videos"],"inLanguage":"pt-BR"},{"@type":"WebPage","@id":"https:\/\/www.tvuai.com.br\/portal\/acusado-de-improbidade-administrativa-prefeito-de-pouso-alegre-rafael-simoes-depoe-em-processo-na-justica-federal\/","url":"https:\/\/www.tvuai.com.br\/portal\/acusado-de-improbidade-administrativa-prefeito-de-pouso-alegre-rafael-simoes-depoe-em-processo-na-justica-federal\/","name":"Acusado de improbidade administrativa, prefeito de Pouso Alegre, Rafael Sim\u00f5es, dep\u00f5e em processo na Justi\u00e7a Federal - TVUAI","isPartOf":{"@id":"https:\/\/www.tvuai.com.br\/portal\/#website"},"primaryImageOfPage":{"@id":"https:\/\/www.tvuai.com.br\/portal\/acusado-de-improbidade-administrativa-prefeito-de-pouso-alegre-rafael-simoes-depoe-em-processo-na-justica-federal\/#primaryimage"},"image":{"@id":"https:\/\/www.tvuai.com.br\/portal\/acusado-de-improbidade-administrativa-prefeito-de-pouso-alegre-rafael-simoes-depoe-em-processo-na-justica-federal\/#primaryimage"},"thumbnailUrl":"https:\/\/i0.wp.com\/www.tvuai.com.br\/portal\/wp-content\/uploads\/2021\/03\/audiencia-0.jpg?fit=200%2C200&ssl=1","datePublished":"2021-03-23T22:43:30+00:00","dateModified":"2021-10-28T15:54:47+00:00","breadcrumb":{"@id":"https:\/\/www.tvuai.com.br\/portal\/acusado-de-improbidade-administrativa-prefeito-de-pouso-alegre-rafael-simoes-depoe-em-processo-na-justica-federal\/#breadcrumb"},"inLanguage":"pt-BR","potentialAction":[{"@type":"ReadAction","target":["https:\/\/www.tvuai.com.br\/portal\/acusado-de-improbidade-administrativa-prefeito-de-pouso-alegre-rafael-simoes-depoe-em-processo-na-justica-federal\/"]}]},{"@type":"ImageObject","inLanguage":"pt-BR","@id":"https:\/\/www.tvuai.com.br\/portal\/acusado-de-improbidade-administrativa-prefeito-de-pouso-alegre-rafael-simoes-depoe-em-processo-na-justica-federal\/#primaryimage","url":"https:\/\/i0.wp.com\/www.tvuai.com.br\/portal\/wp-content\/uploads\/2021\/03\/audiencia-0.jpg?fit=200%2C200&ssl=1","contentUrl":"https:\/\/i0.wp.com\/www.tvuai.com.br\/portal\/wp-content\/uploads\/2021\/03\/audiencia-0.jpg?fit=200%2C200&ssl=1","width":200,"height":200},{"@type":"BreadcrumbList","@id":"https:\/\/www.tvuai.com.br\/portal\/acusado-de-improbidade-administrativa-prefeito-de-pouso-alegre-rafael-simoes-depoe-em-processo-na-justica-federal\/#breadcrumb","itemListElement":[{"@type":"ListItem","position":1,"name":"In\u00edcio","item":"https:\/\/www.tvuai.com.br\/portal\/"},{"@type":"ListItem","position":2,"name":"Acusado de improbidade administrativa, prefeito de Pouso Alegre, Rafael Sim\u00f5es, dep\u00f5e em processo na Justi\u00e7a Federal"}]},{"@type":"WebSite","@id":"https:\/\/www.tvuai.com.br\/portal\/#website","url":"https:\/\/www.tvuai.com.br\/portal\/","name":"TVUAI","description":"Tudo sobre o Sul de Minas","publisher":{"@id":"https:\/\/www.tvuai.com.br\/portal\/#organization"},"potentialAction":[{"@type":"SearchAction","target":{"@type":"EntryPoint","urlTemplate":"https:\/\/www.tvuai.com.br\/portal\/?s={search_term_string}"},"query-input":{"@type":"PropertyValueSpecification","valueRequired":true,"valueName":"search_term_string"}}],"inLanguage":"pt-BR"},{"@type":"Organization","@id":"https:\/\/www.tvuai.com.br\/portal\/#organization","name":"TVUAI","url":"https:\/\/www.tvuai.com.br\/portal\/","logo":{"@type":"ImageObject","inLanguage":"pt-BR","@id":"https:\/\/www.tvuai.com.br\/portal\/#\/schema\/logo\/image\/","url":"https:\/\/i0.wp.com\/www.tvuai.com.br\/portal\/wp-content\/uploads\/2017\/12\/logo_tvuai_100H.png?fit=207%2C100&ssl=1","contentUrl":"https:\/\/i0.wp.com\/www.tvuai.com.br\/portal\/wp-content\/uploads\/2017\/12\/logo_tvuai_100H.png?fit=207%2C100&ssl=1","width":207,"height":100,"caption":"TVUAI"},"image":{"@id":"https:\/\/www.tvuai.com.br\/portal\/#\/schema\/logo\/image\/"},"sameAs":["http:\/\/www.facebook.com\/pages\/TV-Uai-Comunica\u00e7\u00e3o\/139062546157369","https:\/\/x.com\/tvuai","https:\/\/www.instagram.com\/tvuai_network\/","https:\/\/www.youtube.com\/channel\/UCB7ZPB3wRv-OpoZ_09jmnkQ"]},{"@type":"Person","@id":"https:\/\/www.tvuai.com.br\/portal\/#\/schema\/person\/d1c5c2b1dc1e658906286802aad38555","name":"Rosy Pantale\u00e3o","sameAs":["https:\/\/www.tvuai.com.br\/portal\/","https:\/\/www.facebook.com\/tvuai\/","https:\/\/www.instagram.com\/tvuai","https:\/\/x.com\/tvuai","https:\/\/www.youtube.com\/channel\/UCB7ZPB3wRv-OpoZ_09jmnkQ","tvuai"],"url":"https:\/\/www.tvuai.com.br\/portal\/author\/rosy\/"}]}},"jetpack_featured_media_url":"https:\/\/i0.wp.com\/www.tvuai.com.br\/portal\/wp-content\/uploads\/2021\/03\/audiencia-0.jpg?fit=200%2C200&ssl=1","wpmagazine_modules_lite_featured_media_urls":{"thumbnail":["https:\/\/i0.wp.com\/www.tvuai.com.br\/portal\/wp-content\/uploads\/2021\/03\/audiencia-0.jpg?resize=150%2C150&ssl=1",150,150,true],"cvmm-medium":["https:\/\/i0.wp.com\/www.tvuai.com.br\/portal\/wp-content\/uploads\/2021\/03\/audiencia-0.jpg?resize=200%2C200&ssl=1",200,200,true],"cvmm-medium-plus":["https:\/\/i0.wp.com\/www.tvuai.com.br\/portal\/wp-content\/uploads\/2021\/03\/audiencia-0.jpg?resize=200%2C200&ssl=1",200,200,true],"cvmm-portrait":["https:\/\/i0.wp.com\/www.tvuai.com.br\/portal\/wp-content\/uploads\/2021\/03\/audiencia-0.jpg?resize=200%2C200&ssl=1",200,200,true],"cvmm-medium-square":["https:\/\/i0.wp.com\/www.tvuai.com.br\/portal\/wp-content\/uploads\/2021\/03\/audiencia-0.jpg?resize=200%2C200&ssl=1",200,200,true],"cvmm-large":["https:\/\/i0.wp.com\/www.tvuai.com.br\/portal\/wp-content\/uploads\/2021\/03\/audiencia-0.jpg?resize=200%2C200&ssl=1",200,200,true],"cvmm-small":["https:\/\/i0.wp.com\/www.tvuai.com.br\/portal\/wp-content\/uploads\/2021\/03\/audiencia-0.jpg?resize=130%2C95&ssl=1",130,95,true],"full":["https:\/\/i0.wp.com\/www.tvuai.com.br\/portal\/wp-content\/uploads\/2021\/03\/audiencia-0.jpg?fit=200%2C200&ssl=1",200,200,false]},"categories_names":{"19":{"name":"Not\u00edcias","link":"https:\/\/www.tvuai.com.br\/portal\/category\/noticias\/"},"21":{"name":"Videos","link":"https:\/\/www.tvuai.com.br\/portal\/category\/videos\/"}},"tags_names":{"365":{"name":"1\u00aa Vara Federal C\u00edvel e Criminal da SSJ de Pouso Alegre","link":"https:\/\/www.tvuai.com.br\/portal\/tag\/1a-vara-federal-civel-e-criminal-da-ssj-de-pouso-alegre\/"},"363":{"name":"FUVS - Funda\u00e7\u00e3o de Ensino Superior do Vale do Sapuca\u00ed","link":"https:\/\/www.tvuai.com.br\/portal\/tag\/fuvs-fundacao-de-ensino-superior-do-vale-do-sapucai\/"},"369":{"name":"https:\/\/www.youtube.com\/watch?v=F-FM6Skgiyw","link":"https:\/\/www.tvuai.com.br\/portal\/tag\/https-www-youtube-com-watchvf-fm6skgiyw\/"},"366":{"name":"improbidade administrativa","link":"https:\/\/www.tvuai.com.br\/portal\/tag\/improbidade-administrativa\/"},"368":{"name":"improbidade administrativa prefeito de Pouso Alegre","link":"https:\/\/www.tvuai.com.br\/portal\/tag\/improbidade-administrativa-prefeito-de-pouso-alegre\/"},"367":{"name":"improbidade administrativa prefeito Rafael Sim\u00f5es","link":"https:\/\/www.tvuai.com.br\/portal\/tag\/improbidade-administrativa-prefeito-rafael-simoes\/"},"362":{"name":"ju\u00edza Federal Dra. T\u00e2nia Zucchi de Moraes","link":"https:\/\/www.tvuai.com.br\/portal\/tag\/juiza-federal-dra-tania-zucchi-de-moraes\/"},"122":{"name":"MPF","link":"https:\/\/www.tvuai.com.br\/portal\/tag\/mpf\/"},"37":{"name":"Pouso Alegre","link":"https:\/\/www.tvuai.com.br\/portal\/tag\/pouso-alegre\/"},"364":{"name":"procurador da Rep\u00fablica J\u00falio Noronha","link":"https:\/\/www.tvuai.com.br\/portal\/tag\/procurador-da-republica-julio-noronha\/"},"196":{"name":"procurador da Rep\u00fablica Lucas Gualtieri","link":"https:\/\/www.tvuai.com.br\/portal\/tag\/procurador-da-republica-lucas-gualtieri\/"},"39":{"name":"Sul de Minas","link":"https:\/\/www.tvuai.com.br\/portal\/tag\/sul-de-minas\/"},"27":{"name":"TV Uai","link":"https:\/\/www.tvuai.com.br\/portal\/tag\/tv-uai\/"}},"comments_number":"0","jetpack_shortlink":"https:\/\/wp.me\/p9woix-DE","jetpack_sharing_enabled":true,"_links":{"self":[{"href":"https:\/\/www.tvuai.com.br\/portal\/wp-json\/wp\/v2\/posts\/2458"}],"collection":[{"href":"https:\/\/www.tvuai.com.br\/portal\/wp-json\/wp\/v2\/posts"}],"about":[{"href":"https:\/\/www.tvuai.com.br\/portal\/wp-json\/wp\/v2\/types\/post"}],"author":[{"embeddable":true,"href":"https:\/\/www.tvuai.com.br\/portal\/wp-json\/wp\/v2\/users\/2"}],"replies":[{"embeddable":true,"href":"https:\/\/www.tvuai.com.br\/portal\/wp-json\/wp\/v2\/comments?post=2458"}],"version-history":[{"count":11,"href":"https:\/\/www.tvuai.com.br\/portal\/wp-json\/wp\/v2\/posts\/2458\/revisions"}],"predecessor-version":[{"id":2473,"href":"https:\/\/www.tvuai.com.br\/portal\/wp-json\/wp\/v2\/posts\/2458\/revisions\/2473"}],"wp:featuredmedia":[{"embeddable":true,"href":"https:\/\/www.tvuai.com.br\/portal\/wp-json\/wp\/v2\/media\/2470"}],"wp:attachment":[{"href":"https:\/\/www.tvuai.com.br\/portal\/wp-json\/wp\/v2\/media?parent=2458"}],"wp:term":[{"taxonomy":"category","embeddable":true,"href":"https:\/\/www.tvuai.com.br\/portal\/wp-json\/wp\/v2\/categories?post=2458"},{"taxonomy":"post_tag","embeddable":true,"href":"https:\/\/www.tvuai.com.br\/portal\/wp-json\/wp\/v2\/tags?post=2458"}],"curies":[{"name":"wp","href":"https:\/\/api.w.org\/{rel}","templated":true}]}}