{"id":2418,"date":"2021-02-10T17:34:49","date_gmt":"2021-02-10T20:34:49","guid":{"rendered":"https:\/\/www.tvuai.com.br\/portal\/?p=2418"},"modified":"2021-02-25T17:01:08","modified_gmt":"2021-02-25T20:01:08","slug":"prefeitura-de-estiva-informa-novo-processo-seletivo-na-area-da-educacao-inscricoes-vao-ate-24-de-fevereiro","status":"publish","type":"post","link":"https:\/\/www.tvuai.com.br\/portal\/prefeitura-de-estiva-informa-novo-processo-seletivo-na-area-da-educacao-inscricoes-vao-ate-24-de-fevereiro\/","title":{"rendered":"Prefeitura de Estiva informa novo Processo Seletivo na \u00e1rea da educa\u00e7\u00e3o. Inscri\u00e7\u00f5es v\u00e3o at\u00e9 24 de fevereiro"},"content":{"rendered":"<div class=\"5a1038e0903b96d426fcfcc338703013\" data-index=\"1\" style=\"float: right; margin:10px 0 10px 10px;\">\n<script async src=\"https:\/\/pagead2.googlesyndication.com\/pagead\/js\/adsbygoogle.js?client=ca-pub-9945944833605257\"\r\n     crossorigin=\"anonymous\"><\/script>\r\n<ins class=\"adsbygoogle\"\r\n     style=\"display:block; text-align:center;\"\r\n     data-ad-layout=\"in-article\"\r\n     data-ad-format=\"fluid\"\r\n     data-ad-client=\"ca-pub-9945944833605257\"\r\n     data-ad-slot=\"2343923581\"><\/ins>\r\n<script>\r\n     (adsbygoogle = window.adsbygoogle || []).push({});\r\n<\/script>\n<\/div>\n<p style=\"text-align: center\">Profissionais dever\u00e3o desempenhar atividades em jornada de trabalho de 30 horas semanais;<br \/>\n<strong><span style=\"color: #333399\"><a style=\"color: #333399\" href=\"https:\/\/www.tvuai.com.br\/portal\/wp-content\/uploads\/2021\/02\/editaldeabertura-Estiva.pdf\">clique aqui e veja como concorrer<\/a><\/span><\/strong><\/p>\n<p style=\"text-align: left\"><img data-recalc-dims=\"1\" decoding=\"async\" data-attachment-id=\"2420\" data-permalink=\"https:\/\/www.tvuai.com.br\/portal\/prefeitura-de-estiva-informa-novo-processo-seletivo-na-area-da-educacao-inscricoes-vao-ate-24-de-fevereiro\/concurso-estiva\/\" data-orig-file=\"https:\/\/i0.wp.com\/www.tvuai.com.br\/portal\/wp-content\/uploads\/2021\/02\/concurso-Estiva.jpg?fit=200%2C200&amp;ssl=1\" data-orig-size=\"200,200\" data-comments-opened=\"0\" data-image-meta=\"{&quot;aperture&quot;:&quot;0&quot;,&quot;credit&quot;:&quot;&quot;,&quot;camera&quot;:&quot;&quot;,&quot;caption&quot;:&quot;&quot;,&quot;created_timestamp&quot;:&quot;0&quot;,&quot;copyright&quot;:&quot;&quot;,&quot;focal_length&quot;:&quot;0&quot;,&quot;iso&quot;:&quot;0&quot;,&quot;shutter_speed&quot;:&quot;0&quot;,&quot;title&quot;:&quot;&quot;,&quot;orientation&quot;:&quot;1&quot;}\" data-image-title=\"concurso Estiva\" data-image-description=\"\" data-image-caption=\"\" data-medium-file=\"https:\/\/i0.wp.com\/www.tvuai.com.br\/portal\/wp-content\/uploads\/2021\/02\/concurso-Estiva.jpg?fit=200%2C200&amp;ssl=1\" data-large-file=\"https:\/\/i0.wp.com\/www.tvuai.com.br\/portal\/wp-content\/uploads\/2021\/02\/concurso-Estiva.jpg?fit=200%2C200&amp;ssl=1\" tabindex=\"0\" role=\"button\" class=\"size-full wp-image-2420 alignleft\" src=\"https:\/\/i0.wp.com\/www.tvuai.com.br\/portal\/wp-content\/uploads\/2021\/02\/concurso-Estiva.jpg?resize=200%2C200&#038;ssl=1\" alt=\"\" width=\"200\" height=\"200\" srcset=\"https:\/\/i0.wp.com\/www.tvuai.com.br\/portal\/wp-content\/uploads\/2021\/02\/concurso-Estiva.jpg?w=200&amp;ssl=1 200w, https:\/\/i0.wp.com\/www.tvuai.com.br\/portal\/wp-content\/uploads\/2021\/02\/concurso-Estiva.jpg?resize=150%2C150&amp;ssl=1 150w, https:\/\/i0.wp.com\/www.tvuai.com.br\/portal\/wp-content\/uploads\/2021\/02\/concurso-Estiva.jpg?resize=45%2C45&amp;ssl=1 45w, https:\/\/i0.wp.com\/www.tvuai.com.br\/portal\/wp-content\/uploads\/2021\/02\/concurso-Estiva.jpg?resize=100%2C100&amp;ssl=1 100w\" sizes=\"(max-width: 200px) 100vw, 200px\" \/>A Prefeitura de Estiva divulgou a realiza\u00e7\u00e3o de um novo Processo Seletivo em car\u00e1ter tempor\u00e1rio, que tem como objetivo \u00e0 admiss\u00e3o de supervisor pedag\u00f3gico.<\/p>\n<p>De acordo com o edital, ser\u00e3o preenchidas duas vagas. Para concorrer, os candidatos devem comprovar a escolaridade exigida de n\u00edvel superior, licenciatura na \u00e1rea de conhecimento que vai atuar e habilita\u00e7\u00e3o na respectiva \u00e1rea, ter nacionalidade brasileira ou equivalente e estar em dia com a Justi\u00e7a Eleitoral e idade m\u00ednima de 18 anos.<\/p>\n<p>Os profissionais contratados, dever\u00e3o desempenhar fun\u00e7\u00f5es em 30 horas semanais e contar\u00e3o com sal\u00e1rio no valor de R$ 2.520,44 ao m\u00eas.<\/p>\n<p style=\"text-align: center\"><strong>Procedimentos para participa\u00e7\u00e3o<\/strong><\/p>\n<p>Para participar, os interessados devem efetuar as inscri\u00e7\u00f5es no per\u00edodo de 9 a 24 de fevereiro de 2021, na Secretaria Municipal de Educa\u00e7\u00e3o, situada na Rua Geraldo Moura Leite, n\u00ba 240, Centro, Estiva, no hor\u00e1rio das 12h \u00e0s 16h.<\/p>\n<p>Como forma de sele\u00e7\u00e3o, os candidatos ser\u00e3o avaliados mediante a analise de t\u00edtulos e experi\u00eancia profissional, de car\u00e1ter classificat\u00f3rio, de acordo com os crit\u00e9rios de pontua\u00e7\u00e3o especificados no edital.<\/p>\n<h6><em><strong>Com informa\u00e7\u00f5es de Thamires Fernandes<\/strong><\/em><\/h6>\n\n<div style=\"font-size: 0px; height: 0px; line-height: 0px; margin: 0; padding: 0; clear: both;\"><\/div><div class='share-to-whatsapp-wrapper'><div class='share-on-whsp'>Share on: <\/div><a data-text='Prefeitura de Estiva informa novo Processo Seletivo na \u00e1rea da educa\u00e7\u00e3o. Inscri\u00e7\u00f5es v\u00e3o at\u00e9 24 de fevereiro' data-link='https:\/\/www.tvuai.com.br\/portal\/prefeitura-de-estiva-informa-novo-processo-seletivo-na-area-da-educacao-inscricoes-vao-ate-24-de-fevereiro\/' class='whatsapp-button whatsapp-share'>WhatsApp<\/a><div class='clear '><\/div><\/div><!-- AddThis Advanced Settings generic via filter on the_content --><!-- AddThis Share Buttons generic via filter on the_content -->","protected":false},"excerpt":{"rendered":"<p>Profissionais dever\u00e3o desempenhar atividades em jornada de trabalho de 30 horas semanais; clique aqui e veja como concorrer A Prefeitura de Estiva divulgou a realiza\u00e7\u00e3o de um novo Processo Seletivo em car\u00e1ter tempor\u00e1rio, que tem como objetivo \u00e0 admiss\u00e3o de supervisor pedag\u00f3gico. De acordo com o edital, ser\u00e3o preenchidas duas vagas. Para concorrer, os candidatos [&hellip;]<!-- AddThis Advanced Settings generic via filter on get_the_excerpt --><!-- AddThis Share Buttons generic via filter on get_the_excerpt --><\/p>\n","protected":false},"author":2,"featured_media":2420,"comment_status":"closed","ping_status":"closed","sticky":false,"template":"","format":"standard","meta":{"jetpack_post_was_ever_published":false,"_jetpack_newsletter_access":"","_jetpack_dont_email_post_to_subs":false,"_jetpack_newsletter_tier_id":0,"_jetpack_memberships_contains_paywalled_content":false,"_jetpack_memberships_contains_paid_content":false,"_joinchat":[],"footnotes":"","jetpack_publicize_message":"","jetpack_publicize_feature_enabled":true,"jetpack_social_post_already_shared":true,"jetpack_social_options":{"image_generator_settings":{"template":"highway","enabled":false},"version":2}},"categories":[19],"tags":[357,39,27],"class_list":["post-2418","post","type-post","status-publish","format-standard","has-post-thumbnail","hentry","category-noticias","tag-concurso-educacao-estiva","tag-sul-de-minas","tag-tv-uai"],"jetpack_publicize_connections":[],"yoast_head":"<!-- This site is optimized with the Yoast SEO plugin v23.5 - https:\/\/yoast.com\/wordpress\/plugins\/seo\/ -->\n<title>Prefeitura de Estiva informa novo Processo Seletivo na \u00e1rea da educa\u00e7\u00e3o. Inscri\u00e7\u00f5es v\u00e3o at\u00e9 24 de fevereiro - TVUAI<\/title>\n<meta name=\"robots\" content=\"index, follow, max-snippet:-1, max-image-preview:large, max-video-preview:-1\" \/>\n<link rel=\"canonical\" href=\"https:\/\/www.tvuai.com.br\/portal\/prefeitura-de-estiva-informa-novo-processo-seletivo-na-area-da-educacao-inscricoes-vao-ate-24-de-fevereiro\/\" \/>\n<meta property=\"og:locale\" content=\"pt_BR\" \/>\n<meta property=\"og:type\" content=\"article\" \/>\n<meta property=\"og:title\" content=\"Prefeitura de Estiva informa novo Processo Seletivo na \u00e1rea da educa\u00e7\u00e3o. Inscri\u00e7\u00f5es v\u00e3o at\u00e9 24 de fevereiro - TVUAI\" \/>\n<meta property=\"og:description\" content=\"Profissionais dever\u00e3o desempenhar atividades em jornada de trabalho de 30 horas semanais; clique aqui e veja como concorrer A Prefeitura de Estiva divulgou a realiza\u00e7\u00e3o de um novo Processo Seletivo em car\u00e1ter tempor\u00e1rio, que tem como objetivo \u00e0 admiss\u00e3o de supervisor pedag\u00f3gico. De acordo com o edital, ser\u00e3o preenchidas duas vagas. Para concorrer, os candidatos [&hellip;]\" \/>\n<meta property=\"og:url\" content=\"https:\/\/www.tvuai.com.br\/portal\/prefeitura-de-estiva-informa-novo-processo-seletivo-na-area-da-educacao-inscricoes-vao-ate-24-de-fevereiro\/\" \/>\n<meta property=\"og:site_name\" content=\"TVUAI\" \/>\n<meta property=\"article:publisher\" content=\"http:\/\/www.facebook.com\/pages\/TV-Uai-Comunica%c3%a7%c3%a3o\/139062546157369\" \/>\n<meta property=\"article:author\" content=\"https:\/\/www.facebook.com\/tvuai\/\" \/>\n<meta property=\"article:published_time\" content=\"2021-02-10T20:34:49+00:00\" \/>\n<meta property=\"article:modified_time\" content=\"2021-02-25T20:01:08+00:00\" \/>\n<meta property=\"og:image\" content=\"https:\/\/i0.wp.com\/www.tvuai.com.br\/portal\/wp-content\/uploads\/2021\/02\/concurso-Estiva.jpg?fit=200%2C200&ssl=1\" \/>\n\t<meta property=\"og:image:width\" content=\"200\" \/>\n\t<meta property=\"og:image:height\" content=\"200\" \/>\n\t<meta property=\"og:image:type\" content=\"image\/jpeg\" \/>\n<meta name=\"author\" content=\"Rosy Pantale\u00e3o\" \/>\n<meta name=\"twitter:card\" content=\"summary_large_image\" \/>\n<meta name=\"twitter:creator\" content=\"@tvuai\" \/>\n<meta name=\"twitter:site\" content=\"@tvuai\" \/>\n<meta name=\"twitter:label1\" content=\"Escrito por\" \/>\n\t<meta name=\"twitter:data1\" content=\"Rosy Pantale\u00e3o\" \/>\n\t<meta name=\"twitter:label2\" content=\"Est. tempo de leitura\" \/>\n\t<meta name=\"twitter:data2\" content=\"1 minuto\" \/>\n<script type=\"application\/ld+json\" class=\"yoast-schema-graph\">{\"@context\":\"https:\/\/schema.org\",\"@graph\":[{\"@type\":\"Article\",\"@id\":\"https:\/\/www.tvuai.com.br\/portal\/prefeitura-de-estiva-informa-novo-processo-seletivo-na-area-da-educacao-inscricoes-vao-ate-24-de-fevereiro\/#article\",\"isPartOf\":{\"@id\":\"https:\/\/www.tvuai.com.br\/portal\/prefeitura-de-estiva-informa-novo-processo-seletivo-na-area-da-educacao-inscricoes-vao-ate-24-de-fevereiro\/\"},\"author\":{\"name\":\"Rosy Pantale\u00e3o\",\"@id\":\"https:\/\/www.tvuai.com.br\/portal\/#\/schema\/person\/d1c5c2b1dc1e658906286802aad38555\"},\"headline\":\"Prefeitura de Estiva informa novo Processo Seletivo na \u00e1rea da educa\u00e7\u00e3o. Inscri\u00e7\u00f5es v\u00e3o at\u00e9 24 de fevereiro\",\"datePublished\":\"2021-02-10T20:34:49+00:00\",\"dateModified\":\"2021-02-25T20:01:08+00:00\",\"mainEntityOfPage\":{\"@id\":\"https:\/\/www.tvuai.com.br\/portal\/prefeitura-de-estiva-informa-novo-processo-seletivo-na-area-da-educacao-inscricoes-vao-ate-24-de-fevereiro\/\"},\"wordCount\":232,\"publisher\":{\"@id\":\"https:\/\/www.tvuai.com.br\/portal\/#organization\"},\"image\":{\"@id\":\"https:\/\/www.tvuai.com.br\/portal\/prefeitura-de-estiva-informa-novo-processo-seletivo-na-area-da-educacao-inscricoes-vao-ate-24-de-fevereiro\/#primaryimage\"},\"thumbnailUrl\":\"https:\/\/i0.wp.com\/www.tvuai.com.br\/portal\/wp-content\/uploads\/2021\/02\/concurso-Estiva.jpg?fit=200%2C200&ssl=1\",\"keywords\":[\"concurso educa\u00e7\u00e3o Estiva\",\"Sul de Minas\",\"TV Uai\"],\"articleSection\":[\"Not\u00edcias\"],\"inLanguage\":\"pt-BR\"},{\"@type\":\"WebPage\",\"@id\":\"https:\/\/www.tvuai.com.br\/portal\/prefeitura-de-estiva-informa-novo-processo-seletivo-na-area-da-educacao-inscricoes-vao-ate-24-de-fevereiro\/\",\"url\":\"https:\/\/www.tvuai.com.br\/portal\/prefeitura-de-estiva-informa-novo-processo-seletivo-na-area-da-educacao-inscricoes-vao-ate-24-de-fevereiro\/\",\"name\":\"Prefeitura de Estiva informa novo Processo Seletivo na \u00e1rea da educa\u00e7\u00e3o. Inscri\u00e7\u00f5es v\u00e3o at\u00e9 24 de fevereiro - TVUAI\",\"isPartOf\":{\"@id\":\"https:\/\/www.tvuai.com.br\/portal\/#website\"},\"primaryImageOfPage\":{\"@id\":\"https:\/\/www.tvuai.com.br\/portal\/prefeitura-de-estiva-informa-novo-processo-seletivo-na-area-da-educacao-inscricoes-vao-ate-24-de-fevereiro\/#primaryimage\"},\"image\":{\"@id\":\"https:\/\/www.tvuai.com.br\/portal\/prefeitura-de-estiva-informa-novo-processo-seletivo-na-area-da-educacao-inscricoes-vao-ate-24-de-fevereiro\/#primaryimage\"},\"thumbnailUrl\":\"https:\/\/i0.wp.com\/www.tvuai.com.br\/portal\/wp-content\/uploads\/2021\/02\/concurso-Estiva.jpg?fit=200%2C200&ssl=1\",\"datePublished\":\"2021-02-10T20:34:49+00:00\",\"dateModified\":\"2021-02-25T20:01:08+00:00\",\"breadcrumb\":{\"@id\":\"https:\/\/www.tvuai.com.br\/portal\/prefeitura-de-estiva-informa-novo-processo-seletivo-na-area-da-educacao-inscricoes-vao-ate-24-de-fevereiro\/#breadcrumb\"},\"inLanguage\":\"pt-BR\",\"potentialAction\":[{\"@type\":\"ReadAction\",\"target\":[\"https:\/\/www.tvuai.com.br\/portal\/prefeitura-de-estiva-informa-novo-processo-seletivo-na-area-da-educacao-inscricoes-vao-ate-24-de-fevereiro\/\"]}]},{\"@type\":\"ImageObject\",\"inLanguage\":\"pt-BR\",\"@id\":\"https:\/\/www.tvuai.com.br\/portal\/prefeitura-de-estiva-informa-novo-processo-seletivo-na-area-da-educacao-inscricoes-vao-ate-24-de-fevereiro\/#primaryimage\",\"url\":\"https:\/\/i0.wp.com\/www.tvuai.com.br\/portal\/wp-content\/uploads\/2021\/02\/concurso-Estiva.jpg?fit=200%2C200&ssl=1\",\"contentUrl\":\"https:\/\/i0.wp.com\/www.tvuai.com.br\/portal\/wp-content\/uploads\/2021\/02\/concurso-Estiva.jpg?fit=200%2C200&ssl=1\",\"width\":200,\"height\":200},{\"@type\":\"BreadcrumbList\",\"@id\":\"https:\/\/www.tvuai.com.br\/portal\/prefeitura-de-estiva-informa-novo-processo-seletivo-na-area-da-educacao-inscricoes-vao-ate-24-de-fevereiro\/#breadcrumb\",\"itemListElement\":[{\"@type\":\"ListItem\",\"position\":1,\"name\":\"In\u00edcio\",\"item\":\"https:\/\/www.tvuai.com.br\/portal\/\"},{\"@type\":\"ListItem\",\"position\":2,\"name\":\"Prefeitura de Estiva informa novo Processo Seletivo na \u00e1rea da educa\u00e7\u00e3o. Inscri\u00e7\u00f5es v\u00e3o at\u00e9 24 de fevereiro\"}]},{\"@type\":\"WebSite\",\"@id\":\"https:\/\/www.tvuai.com.br\/portal\/#website\",\"url\":\"https:\/\/www.tvuai.com.br\/portal\/\",\"name\":\"TVUAI\",\"description\":\"Tudo sobre o Sul de Minas\",\"publisher\":{\"@id\":\"https:\/\/www.tvuai.com.br\/portal\/#organization\"},\"potentialAction\":[{\"@type\":\"SearchAction\",\"target\":{\"@type\":\"EntryPoint\",\"urlTemplate\":\"https:\/\/www.tvuai.com.br\/portal\/?s={search_term_string}\"},\"query-input\":{\"@type\":\"PropertyValueSpecification\",\"valueRequired\":true,\"valueName\":\"search_term_string\"}}],\"inLanguage\":\"pt-BR\"},{\"@type\":\"Organization\",\"@id\":\"https:\/\/www.tvuai.com.br\/portal\/#organization\",\"name\":\"TVUAI\",\"url\":\"https:\/\/www.tvuai.com.br\/portal\/\",\"logo\":{\"@type\":\"ImageObject\",\"inLanguage\":\"pt-BR\",\"@id\":\"https:\/\/www.tvuai.com.br\/portal\/#\/schema\/logo\/image\/\",\"url\":\"https:\/\/i0.wp.com\/www.tvuai.com.br\/portal\/wp-content\/uploads\/2017\/12\/logo_tvuai_100H.png?fit=207%2C100&ssl=1\",\"contentUrl\":\"https:\/\/i0.wp.com\/www.tvuai.com.br\/portal\/wp-content\/uploads\/2017\/12\/logo_tvuai_100H.png?fit=207%2C100&ssl=1\",\"width\":207,\"height\":100,\"caption\":\"TVUAI\"},\"image\":{\"@id\":\"https:\/\/www.tvuai.com.br\/portal\/#\/schema\/logo\/image\/\"},\"sameAs\":[\"http:\/\/www.facebook.com\/pages\/TV-Uai-Comunica\u00e7\u00e3o\/139062546157369\",\"https:\/\/x.com\/tvuai\",\"https:\/\/www.instagram.com\/tvuai_network\/\",\"https:\/\/www.youtube.com\/channel\/UCB7ZPB3wRv-OpoZ_09jmnkQ\"]},{\"@type\":\"Person\",\"@id\":\"https:\/\/www.tvuai.com.br\/portal\/#\/schema\/person\/d1c5c2b1dc1e658906286802aad38555\",\"name\":\"Rosy Pantale\u00e3o\",\"sameAs\":[\"https:\/\/www.tvuai.com.br\/portal\/\",\"https:\/\/www.facebook.com\/tvuai\/\",\"https:\/\/www.instagram.com\/tvuai\",\"https:\/\/x.com\/tvuai\",\"https:\/\/www.youtube.com\/channel\/UCB7ZPB3wRv-OpoZ_09jmnkQ\",\"tvuai\"],\"url\":\"https:\/\/www.tvuai.com.br\/portal\/author\/rosy\/\"}]}<\/script>\n<!-- \/ Yoast SEO plugin. -->","yoast_head_json":{"title":"Prefeitura de Estiva informa novo Processo Seletivo na \u00e1rea da educa\u00e7\u00e3o. Inscri\u00e7\u00f5es v\u00e3o at\u00e9 24 de fevereiro - TVUAI","robots":{"index":"index","follow":"follow","max-snippet":"max-snippet:-1","max-image-preview":"max-image-preview:large","max-video-preview":"max-video-preview:-1"},"canonical":"https:\/\/www.tvuai.com.br\/portal\/prefeitura-de-estiva-informa-novo-processo-seletivo-na-area-da-educacao-inscricoes-vao-ate-24-de-fevereiro\/","og_locale":"pt_BR","og_type":"article","og_title":"Prefeitura de Estiva informa novo Processo Seletivo na \u00e1rea da educa\u00e7\u00e3o. Inscri\u00e7\u00f5es v\u00e3o at\u00e9 24 de fevereiro - TVUAI","og_description":"Profissionais dever\u00e3o desempenhar atividades em jornada de trabalho de 30 horas semanais; clique aqui e veja como concorrer A Prefeitura de Estiva divulgou a realiza\u00e7\u00e3o de um novo Processo Seletivo em car\u00e1ter tempor\u00e1rio, que tem como objetivo \u00e0 admiss\u00e3o de supervisor pedag\u00f3gico. De acordo com o edital, ser\u00e3o preenchidas duas vagas. Para concorrer, os candidatos [&hellip;]","og_url":"https:\/\/www.tvuai.com.br\/portal\/prefeitura-de-estiva-informa-novo-processo-seletivo-na-area-da-educacao-inscricoes-vao-ate-24-de-fevereiro\/","og_site_name":"TVUAI","article_publisher":"http:\/\/www.facebook.com\/pages\/TV-Uai-Comunica%c3%a7%c3%a3o\/139062546157369","article_author":"https:\/\/www.facebook.com\/tvuai\/","article_published_time":"2021-02-10T20:34:49+00:00","article_modified_time":"2021-02-25T20:01:08+00:00","og_image":[{"width":200,"height":200,"url":"https:\/\/i0.wp.com\/www.tvuai.com.br\/portal\/wp-content\/uploads\/2021\/02\/concurso-Estiva.jpg?fit=200%2C200&ssl=1","type":"image\/jpeg"}],"author":"Rosy Pantale\u00e3o","twitter_card":"summary_large_image","twitter_creator":"@tvuai","twitter_site":"@tvuai","twitter_misc":{"Escrito por":"Rosy Pantale\u00e3o","Est. tempo de leitura":"1 minuto"},"schema":{"@context":"https:\/\/schema.org","@graph":[{"@type":"Article","@id":"https:\/\/www.tvuai.com.br\/portal\/prefeitura-de-estiva-informa-novo-processo-seletivo-na-area-da-educacao-inscricoes-vao-ate-24-de-fevereiro\/#article","isPartOf":{"@id":"https:\/\/www.tvuai.com.br\/portal\/prefeitura-de-estiva-informa-novo-processo-seletivo-na-area-da-educacao-inscricoes-vao-ate-24-de-fevereiro\/"},"author":{"name":"Rosy Pantale\u00e3o","@id":"https:\/\/www.tvuai.com.br\/portal\/#\/schema\/person\/d1c5c2b1dc1e658906286802aad38555"},"headline":"Prefeitura de Estiva informa novo Processo Seletivo na \u00e1rea da educa\u00e7\u00e3o. Inscri\u00e7\u00f5es v\u00e3o at\u00e9 24 de fevereiro","datePublished":"2021-02-10T20:34:49+00:00","dateModified":"2021-02-25T20:01:08+00:00","mainEntityOfPage":{"@id":"https:\/\/www.tvuai.com.br\/portal\/prefeitura-de-estiva-informa-novo-processo-seletivo-na-area-da-educacao-inscricoes-vao-ate-24-de-fevereiro\/"},"wordCount":232,"publisher":{"@id":"https:\/\/www.tvuai.com.br\/portal\/#organization"},"image":{"@id":"https:\/\/www.tvuai.com.br\/portal\/prefeitura-de-estiva-informa-novo-processo-seletivo-na-area-da-educacao-inscricoes-vao-ate-24-de-fevereiro\/#primaryimage"},"thumbnailUrl":"https:\/\/i0.wp.com\/www.tvuai.com.br\/portal\/wp-content\/uploads\/2021\/02\/concurso-Estiva.jpg?fit=200%2C200&ssl=1","keywords":["concurso educa\u00e7\u00e3o Estiva","Sul de Minas","TV Uai"],"articleSection":["Not\u00edcias"],"inLanguage":"pt-BR"},{"@type":"WebPage","@id":"https:\/\/www.tvuai.com.br\/portal\/prefeitura-de-estiva-informa-novo-processo-seletivo-na-area-da-educacao-inscricoes-vao-ate-24-de-fevereiro\/","url":"https:\/\/www.tvuai.com.br\/portal\/prefeitura-de-estiva-informa-novo-processo-seletivo-na-area-da-educacao-inscricoes-vao-ate-24-de-fevereiro\/","name":"Prefeitura de Estiva informa novo Processo Seletivo na \u00e1rea da educa\u00e7\u00e3o. Inscri\u00e7\u00f5es v\u00e3o at\u00e9 24 de fevereiro - TVUAI","isPartOf":{"@id":"https:\/\/www.tvuai.com.br\/portal\/#website"},"primaryImageOfPage":{"@id":"https:\/\/www.tvuai.com.br\/portal\/prefeitura-de-estiva-informa-novo-processo-seletivo-na-area-da-educacao-inscricoes-vao-ate-24-de-fevereiro\/#primaryimage"},"image":{"@id":"https:\/\/www.tvuai.com.br\/portal\/prefeitura-de-estiva-informa-novo-processo-seletivo-na-area-da-educacao-inscricoes-vao-ate-24-de-fevereiro\/#primaryimage"},"thumbnailUrl":"https:\/\/i0.wp.com\/www.tvuai.com.br\/portal\/wp-content\/uploads\/2021\/02\/concurso-Estiva.jpg?fit=200%2C200&ssl=1","datePublished":"2021-02-10T20:34:49+00:00","dateModified":"2021-02-25T20:01:08+00:00","breadcrumb":{"@id":"https:\/\/www.tvuai.com.br\/portal\/prefeitura-de-estiva-informa-novo-processo-seletivo-na-area-da-educacao-inscricoes-vao-ate-24-de-fevereiro\/#breadcrumb"},"inLanguage":"pt-BR","potentialAction":[{"@type":"ReadAction","target":["https:\/\/www.tvuai.com.br\/portal\/prefeitura-de-estiva-informa-novo-processo-seletivo-na-area-da-educacao-inscricoes-vao-ate-24-de-fevereiro\/"]}]},{"@type":"ImageObject","inLanguage":"pt-BR","@id":"https:\/\/www.tvuai.com.br\/portal\/prefeitura-de-estiva-informa-novo-processo-seletivo-na-area-da-educacao-inscricoes-vao-ate-24-de-fevereiro\/#primaryimage","url":"https:\/\/i0.wp.com\/www.tvuai.com.br\/portal\/wp-content\/uploads\/2021\/02\/concurso-Estiva.jpg?fit=200%2C200&ssl=1","contentUrl":"https:\/\/i0.wp.com\/www.tvuai.com.br\/portal\/wp-content\/uploads\/2021\/02\/concurso-Estiva.jpg?fit=200%2C200&ssl=1","width":200,"height":200},{"@type":"BreadcrumbList","@id":"https:\/\/www.tvuai.com.br\/portal\/prefeitura-de-estiva-informa-novo-processo-seletivo-na-area-da-educacao-inscricoes-vao-ate-24-de-fevereiro\/#breadcrumb","itemListElement":[{"@type":"ListItem","position":1,"name":"In\u00edcio","item":"https:\/\/www.tvuai.com.br\/portal\/"},{"@type":"ListItem","position":2,"name":"Prefeitura de Estiva informa novo Processo Seletivo na \u00e1rea da educa\u00e7\u00e3o. Inscri\u00e7\u00f5es v\u00e3o at\u00e9 24 de fevereiro"}]},{"@type":"WebSite","@id":"https:\/\/www.tvuai.com.br\/portal\/#website","url":"https:\/\/www.tvuai.com.br\/portal\/","name":"TVUAI","description":"Tudo sobre o Sul de Minas","publisher":{"@id":"https:\/\/www.tvuai.com.br\/portal\/#organization"},"potentialAction":[{"@type":"SearchAction","target":{"@type":"EntryPoint","urlTemplate":"https:\/\/www.tvuai.com.br\/portal\/?s={search_term_string}"},"query-input":{"@type":"PropertyValueSpecification","valueRequired":true,"valueName":"search_term_string"}}],"inLanguage":"pt-BR"},{"@type":"Organization","@id":"https:\/\/www.tvuai.com.br\/portal\/#organization","name":"TVUAI","url":"https:\/\/www.tvuai.com.br\/portal\/","logo":{"@type":"ImageObject","inLanguage":"pt-BR","@id":"https:\/\/www.tvuai.com.br\/portal\/#\/schema\/logo\/image\/","url":"https:\/\/i0.wp.com\/www.tvuai.com.br\/portal\/wp-content\/uploads\/2017\/12\/logo_tvuai_100H.png?fit=207%2C100&ssl=1","contentUrl":"https:\/\/i0.wp.com\/www.tvuai.com.br\/portal\/wp-content\/uploads\/2017\/12\/logo_tvuai_100H.png?fit=207%2C100&ssl=1","width":207,"height":100,"caption":"TVUAI"},"image":{"@id":"https:\/\/www.tvuai.com.br\/portal\/#\/schema\/logo\/image\/"},"sameAs":["http:\/\/www.facebook.com\/pages\/TV-Uai-Comunica\u00e7\u00e3o\/139062546157369","https:\/\/x.com\/tvuai","https:\/\/www.instagram.com\/tvuai_network\/","https:\/\/www.youtube.com\/channel\/UCB7ZPB3wRv-OpoZ_09jmnkQ"]},{"@type":"Person","@id":"https:\/\/www.tvuai.com.br\/portal\/#\/schema\/person\/d1c5c2b1dc1e658906286802aad38555","name":"Rosy Pantale\u00e3o","sameAs":["https:\/\/www.tvuai.com.br\/portal\/","https:\/\/www.facebook.com\/tvuai\/","https:\/\/www.instagram.com\/tvuai","https:\/\/x.com\/tvuai","https:\/\/www.youtube.com\/channel\/UCB7ZPB3wRv-OpoZ_09jmnkQ","tvuai"],"url":"https:\/\/www.tvuai.com.br\/portal\/author\/rosy\/"}]}},"jetpack_featured_media_url":"https:\/\/i0.wp.com\/www.tvuai.com.br\/portal\/wp-content\/uploads\/2021\/02\/concurso-Estiva.jpg?fit=200%2C200&ssl=1","wpmagazine_modules_lite_featured_media_urls":{"thumbnail":["https:\/\/i0.wp.com\/www.tvuai.com.br\/portal\/wp-content\/uploads\/2021\/02\/concurso-Estiva.jpg?resize=150%2C150&ssl=1",150,150,true],"cvmm-medium":["https:\/\/i0.wp.com\/www.tvuai.com.br\/portal\/wp-content\/uploads\/2021\/02\/concurso-Estiva.jpg?resize=200%2C200&ssl=1",200,200,true],"cvmm-medium-plus":["https:\/\/i0.wp.com\/www.tvuai.com.br\/portal\/wp-content\/uploads\/2021\/02\/concurso-Estiva.jpg?resize=200%2C200&ssl=1",200,200,true],"cvmm-portrait":["https:\/\/i0.wp.com\/www.tvuai.com.br\/portal\/wp-content\/uploads\/2021\/02\/concurso-Estiva.jpg?resize=200%2C200&ssl=1",200,200,true],"cvmm-medium-square":["https:\/\/i0.wp.com\/www.tvuai.com.br\/portal\/wp-content\/uploads\/2021\/02\/concurso-Estiva.jpg?resize=200%2C200&ssl=1",200,200,true],"cvmm-large":["https:\/\/i0.wp.com\/www.tvuai.com.br\/portal\/wp-content\/uploads\/2021\/02\/concurso-Estiva.jpg?resize=200%2C200&ssl=1",200,200,true],"cvmm-small":["https:\/\/i0.wp.com\/www.tvuai.com.br\/portal\/wp-content\/uploads\/2021\/02\/concurso-Estiva.jpg?resize=130%2C95&ssl=1",130,95,true],"full":["https:\/\/i0.wp.com\/www.tvuai.com.br\/portal\/wp-content\/uploads\/2021\/02\/concurso-Estiva.jpg?fit=200%2C200&ssl=1",200,200,false]},"categories_names":{"19":{"name":"Not\u00edcias","link":"https:\/\/www.tvuai.com.br\/portal\/category\/noticias\/"}},"tags_names":{"357":{"name":"concurso educa\u00e7\u00e3o Estiva","link":"https:\/\/www.tvuai.com.br\/portal\/tag\/concurso-educacao-estiva\/"},"39":{"name":"Sul de Minas","link":"https:\/\/www.tvuai.com.br\/portal\/tag\/sul-de-minas\/"},"27":{"name":"TV Uai","link":"https:\/\/www.tvuai.com.br\/portal\/tag\/tv-uai\/"}},"comments_number":"0","jetpack_shortlink":"https:\/\/wp.me\/p9woix-D0","jetpack_sharing_enabled":true,"_links":{"self":[{"href":"https:\/\/www.tvuai.com.br\/portal\/wp-json\/wp\/v2\/posts\/2418"}],"collection":[{"href":"https:\/\/www.tvuai.com.br\/portal\/wp-json\/wp\/v2\/posts"}],"about":[{"href":"https:\/\/www.tvuai.com.br\/portal\/wp-json\/wp\/v2\/types\/post"}],"author":[{"embeddable":true,"href":"https:\/\/www.tvuai.com.br\/portal\/wp-json\/wp\/v2\/users\/2"}],"replies":[{"embeddable":true,"href":"https:\/\/www.tvuai.com.br\/portal\/wp-json\/wp\/v2\/comments?post=2418"}],"version-history":[{"count":1,"href":"https:\/\/www.tvuai.com.br\/portal\/wp-json\/wp\/v2\/posts\/2418\/revisions"}],"predecessor-version":[{"id":2421,"href":"https:\/\/www.tvuai.com.br\/portal\/wp-json\/wp\/v2\/posts\/2418\/revisions\/2421"}],"wp:featuredmedia":[{"embeddable":true,"href":"https:\/\/www.tvuai.com.br\/portal\/wp-json\/wp\/v2\/media\/2420"}],"wp:attachment":[{"href":"https:\/\/www.tvuai.com.br\/portal\/wp-json\/wp\/v2\/media?parent=2418"}],"wp:term":[{"taxonomy":"category","embeddable":true,"href":"https:\/\/www.tvuai.com.br\/portal\/wp-json\/wp\/v2\/categories?post=2418"},{"taxonomy":"post_tag","embeddable":true,"href":"https:\/\/www.tvuai.com.br\/portal\/wp-json\/wp\/v2\/tags?post=2418"}],"curies":[{"name":"wp","href":"https:\/\/api.w.org\/{rel}","templated":true}]}}