{"id":2414,"date":"2021-02-10T17:19:09","date_gmt":"2021-02-10T20:19:09","guid":{"rendered":"https:\/\/www.tvuai.com.br\/portal\/?p=2414"},"modified":"2021-02-25T17:02:12","modified_gmt":"2021-02-25T20:02:12","slug":"com-experiencia-em-champions-leandro-salino-se-prepara-para-estreia-pelo-pouso-alegre-fc-no-campeonato-mineiro","status":"publish","type":"post","link":"https:\/\/www.tvuai.com.br\/portal\/com-experiencia-em-champions-leandro-salino-se-prepara-para-estreia-pelo-pouso-alegre-fc-no-campeonato-mineiro\/","title":{"rendered":"Com experi\u00eancia em Champions, Leandro Salino se prepara para estreia pelo Pouso Alegre FC no campeonato mineiro"},"content":{"rendered":"<div class=\"5a1038e0903b96d426fcfcc338703013\" data-index=\"1\" style=\"float: right; margin:10px 0 10px 10px;\">\n<script async src=\"https:\/\/pagead2.googlesyndication.com\/pagead\/js\/adsbygoogle.js?client=ca-pub-9945944833605257\"\r\n     crossorigin=\"anonymous\"><\/script>\r\n<ins class=\"adsbygoogle\"\r\n     style=\"display:block; text-align:center;\"\r\n     data-ad-layout=\"in-article\"\r\n     data-ad-format=\"fluid\"\r\n     data-ad-client=\"ca-pub-9945944833605257\"\r\n     data-ad-slot=\"2343923581\"><\/ins>\r\n<script>\r\n     (adsbygoogle = window.adsbygoogle || []).push({});\r\n<\/script>\n<\/div>\n<h5 style=\"text-align: center\"><em><strong><img data-recalc-dims=\"1\" fetchpriority=\"high\" decoding=\"async\" data-attachment-id=\"2416\" data-permalink=\"https:\/\/www.tvuai.com.br\/portal\/com-experiencia-em-champions-leandro-salino-se-prepara-para-estreia-pelo-pouso-alegre-fc-no-campeonato-mineiro\/leandropafc\/\" data-orig-file=\"https:\/\/i0.wp.com\/www.tvuai.com.br\/portal\/wp-content\/uploads\/2021\/02\/LeandroPAFC.jpg?fit=400%2C375&amp;ssl=1\" data-orig-size=\"400,375\" data-comments-opened=\"0\" data-image-meta=\"{&quot;aperture&quot;:&quot;0&quot;,&quot;credit&quot;:&quot;&quot;,&quot;camera&quot;:&quot;&quot;,&quot;caption&quot;:&quot;&quot;,&quot;created_timestamp&quot;:&quot;0&quot;,&quot;copyright&quot;:&quot;&quot;,&quot;focal_length&quot;:&quot;0&quot;,&quot;iso&quot;:&quot;0&quot;,&quot;shutter_speed&quot;:&quot;0&quot;,&quot;title&quot;:&quot;&quot;,&quot;orientation&quot;:&quot;1&quot;}\" data-image-title=\"LeandroPAFC\" data-image-description=\"\" data-image-caption=\"\" data-medium-file=\"https:\/\/i0.wp.com\/www.tvuai.com.br\/portal\/wp-content\/uploads\/2021\/02\/LeandroPAFC.jpg?fit=300%2C281&amp;ssl=1\" data-large-file=\"https:\/\/i0.wp.com\/www.tvuai.com.br\/portal\/wp-content\/uploads\/2021\/02\/LeandroPAFC.jpg?fit=400%2C375&amp;ssl=1\" tabindex=\"0\" role=\"button\" class=\"aligncenter size-full wp-image-2416\" src=\"https:\/\/i0.wp.com\/www.tvuai.com.br\/portal\/wp-content\/uploads\/2021\/02\/LeandroPAFC.jpg?resize=400%2C375&#038;ssl=1\" alt=\"\" width=\"400\" height=\"375\" srcset=\"https:\/\/i0.wp.com\/www.tvuai.com.br\/portal\/wp-content\/uploads\/2021\/02\/LeandroPAFC.jpg?w=400&amp;ssl=1 400w, https:\/\/i0.wp.com\/www.tvuai.com.br\/portal\/wp-content\/uploads\/2021\/02\/LeandroPAFC.jpg?resize=300%2C281&amp;ssl=1 300w\" sizes=\"(max-width: 400px) 100vw, 400px\" \/>Volante de 35 anos \u00e9 uma das novidades do Drag\u00e3o para a disputa da elite do estadual;<\/strong><\/em><br \/>\n<em><strong>jogador destaca forma\u00e7\u00e3o do elenco com mescla de experi\u00eancia e juventude<\/strong><\/em><\/h5>\n<p>O experiente volante Leandro Salino, de 35 anos, \u00e9 uma das novidades do Pouso Alegre para a disputa do Mineiro de 2021. O jogador acumula na bagagem participa\u00e7\u00f5es na Champions League e se prepara para estrear pelo Drag\u00e3o e &#8220;fazer um grande Campeonato Mineiro&#8221; com a equipe do Sul de Minas.<\/p>\n<p>&#8220;Espero que a gente fa\u00e7a uma grande pr\u00e9-temporada, assim como j\u00e1 estamos fazendo, para come\u00e7armos o campeonato bem e conscientes para fazer um grande campeonato&#8221;, disse o jogador.<\/p>\n<p>&#8220;A maior parte da minha carreira consegui fazer na Europa, estive em Portugal por quatro temporadas. Tive a felicidade de jogar grandes campeonatos ao lado de grandes jogadores, tanto na Liga dos Campe\u00f5es como na Lega Europa. Essa experi\u00eancia que adquiri esses anos todos que passei na Europa coloco em pr\u00e1tica no Brasil&#8221;, completou.<\/p>\n<p>O jogador tem passagens pelos portugueses, Braga, Nacional e Camacha, al\u00e9m do Olympiacos, da Gr\u00e9cia. No Brasil, o volante j\u00e1 vestiu as camisas de Am\u00e9rica, Flamengo, Vit\u00f3ria, Santa Cruz, Uberl\u00e2ndia, Betim e, por \u00faltimo, do Uni\u00e3o Luziense.<\/p>\n<p>Na nova experi\u00eancia no Pous\u00e3o, ele destaca a forma\u00e7\u00e3o do elenco comandado por \u00c9merson \u00c1vila e cr\u00ea que o clube est\u00e1 momento um bom elenco para o retorno \u00e0 elite do estadual depois de quase 30 anos. &#8220;Fui muito bem recebido pelo grupo, que foi mantido dos \u00faltimos dois anos. E tamb\u00e9m com a chegada dos novos jogadores. Essa mescla de experi\u00eancia e a juventude \u00e9 muito importante&#8221;, falou.<\/p>\n<p style=\"text-align: center\"><strong>Jogos-treino<\/strong><\/p>\n<p>O Pouso Alegre realiza desde o dia 1\u00ba de fevereiro pr\u00e9-temporada em El\u00f3i Mendes, no CT Bola Preta. O Drag\u00e3o d\u00e1 in\u00edcio \u00e0 realiza\u00e7\u00e3o de jogos-treino justamente quando a estadia do elenco na cidade do Sul de MG chega ao fim.<\/p>\n<p>O primeiro dos advers\u00e1rios ser\u00e1 o Santo Andr\u00e9. A partida est\u00e1 marcada para sexta-feira (12), \u00e0s 15h30, em Jacutinga (SP). Depois disso, o Pous\u00e3o enfrenta o Atibaia duas vezes: a primeira no Manduz\u00e3o, no dia 17, e depois no dia 20 na casa do advers\u00e1rio.<\/p>\n<p>O Pouso Alegre estreia na elite do Mineiro no Manduz\u00e3o, no dia 28 de fevereiro, \u00e0s 15h, contra o Coimbra.<\/p>\n<h6><em><strong>Com informa\u00e7\u00f5es EPTV\/G1<\/strong><\/em><br \/>\n<em><strong>Foto: Pouso Alegre Oficial<\/strong><\/em><\/h6>\n\n<div style=\"font-size: 0px; height: 0px; line-height: 0px; margin: 0; padding: 0; clear: both;\"><\/div><div class='share-to-whatsapp-wrapper'><div class='share-on-whsp'>Share on: <\/div><a data-text='Com experi\u00eancia em Champions, Leandro Salino se prepara para estreia pelo Pouso Alegre FC no campeonato mineiro' data-link='https:\/\/www.tvuai.com.br\/portal\/com-experiencia-em-champions-leandro-salino-se-prepara-para-estreia-pelo-pouso-alegre-fc-no-campeonato-mineiro\/' class='whatsapp-button whatsapp-share'>WhatsApp<\/a><div class='clear '><\/div><\/div><!-- AddThis Advanced Settings generic via filter on the_content --><!-- AddThis Share Buttons generic via filter on the_content -->","protected":false},"excerpt":{"rendered":"<p>Volante de 35 anos \u00e9 uma das novidades do Drag\u00e3o para a disputa da elite do estadual; jogador destaca forma\u00e7\u00e3o do elenco com mescla de experi\u00eancia e juventude O experiente volante Leandro Salino, de 35 anos, \u00e9 uma das novidades do Pouso Alegre para a disputa do Mineiro de 2021. O jogador acumula na bagagem [&hellip;]<!-- AddThis Advanced Settings generic via filter on get_the_excerpt --><!-- AddThis Share Buttons generic via filter on get_the_excerpt --><\/p>\n","protected":false},"author":2,"featured_media":2415,"comment_status":"closed","ping_status":"closed","sticky":false,"template":"","format":"standard","meta":{"jetpack_post_was_ever_published":false,"_jetpack_newsletter_access":"","_jetpack_dont_email_post_to_subs":false,"_jetpack_newsletter_tier_id":0,"_jetpack_memberships_contains_paywalled_content":false,"_jetpack_memberships_contains_paid_content":false,"_joinchat":[],"footnotes":"","jetpack_publicize_message":"","jetpack_publicize_feature_enabled":true,"jetpack_social_post_already_shared":true,"jetpack_social_options":{"image_generator_settings":{"template":"highway","enabled":false},"version":2}},"categories":[20],"tags":[355,356,305,37,39,27],"class_list":["post-2414","post","type-post","status-publish","format-standard","has-post-thumbnail","hentry","category-entretenimento","tag-leandro-salino","tag-pafc","tag-pousao","tag-pouso-alegre","tag-sul-de-minas","tag-tv-uai"],"jetpack_publicize_connections":[],"yoast_head":"<!-- This site is optimized with the Yoast SEO plugin v23.5 - https:\/\/yoast.com\/wordpress\/plugins\/seo\/ -->\n<title>Com experi\u00eancia em Champions, Leandro Salino se prepara para estreia pelo Pouso Alegre FC no campeonato mineiro - TVUAI<\/title>\n<meta name=\"robots\" content=\"index, follow, max-snippet:-1, max-image-preview:large, max-video-preview:-1\" \/>\n<link rel=\"canonical\" href=\"https:\/\/www.tvuai.com.br\/portal\/com-experiencia-em-champions-leandro-salino-se-prepara-para-estreia-pelo-pouso-alegre-fc-no-campeonato-mineiro\/\" \/>\n<meta property=\"og:locale\" content=\"pt_BR\" \/>\n<meta property=\"og:type\" content=\"article\" \/>\n<meta property=\"og:title\" content=\"Com experi\u00eancia em Champions, Leandro Salino se prepara para estreia pelo Pouso Alegre FC no campeonato mineiro - TVUAI\" \/>\n<meta property=\"og:description\" content=\"Volante de 35 anos \u00e9 uma das novidades do Drag\u00e3o para a disputa da elite do estadual; jogador destaca forma\u00e7\u00e3o do elenco com mescla de experi\u00eancia e juventude O experiente volante Leandro Salino, de 35 anos, \u00e9 uma das novidades do Pouso Alegre para a disputa do Mineiro de 2021. O jogador acumula na bagagem [&hellip;]\" \/>\n<meta property=\"og:url\" content=\"https:\/\/www.tvuai.com.br\/portal\/com-experiencia-em-champions-leandro-salino-se-prepara-para-estreia-pelo-pouso-alegre-fc-no-campeonato-mineiro\/\" \/>\n<meta property=\"og:site_name\" content=\"TVUAI\" \/>\n<meta property=\"article:publisher\" content=\"http:\/\/www.facebook.com\/pages\/TV-Uai-Comunica%c3%a7%c3%a3o\/139062546157369\" \/>\n<meta property=\"article:author\" content=\"https:\/\/www.facebook.com\/tvuai\/\" \/>\n<meta property=\"article:published_time\" content=\"2021-02-10T20:19:09+00:00\" \/>\n<meta property=\"article:modified_time\" content=\"2021-02-25T20:02:12+00:00\" \/>\n<meta property=\"og:image\" content=\"https:\/\/i0.wp.com\/www.tvuai.com.br\/portal\/wp-content\/uploads\/2021\/02\/LeandroPAFC-0.jpg?fit=200%2C200&ssl=1\" \/>\n\t<meta property=\"og:image:width\" content=\"200\" \/>\n\t<meta property=\"og:image:height\" content=\"200\" \/>\n\t<meta property=\"og:image:type\" content=\"image\/jpeg\" \/>\n<meta name=\"author\" content=\"Rosy Pantale\u00e3o\" \/>\n<meta name=\"twitter:card\" content=\"summary_large_image\" \/>\n<meta name=\"twitter:creator\" content=\"@tvuai\" \/>\n<meta name=\"twitter:site\" content=\"@tvuai\" \/>\n<meta name=\"twitter:label1\" content=\"Escrito por\" \/>\n\t<meta name=\"twitter:data1\" content=\"Rosy Pantale\u00e3o\" \/>\n\t<meta name=\"twitter:label2\" content=\"Est. tempo de leitura\" \/>\n\t<meta name=\"twitter:data2\" content=\"2 minutos\" \/>\n<script type=\"application\/ld+json\" class=\"yoast-schema-graph\">{\"@context\":\"https:\/\/schema.org\",\"@graph\":[{\"@type\":\"Article\",\"@id\":\"https:\/\/www.tvuai.com.br\/portal\/com-experiencia-em-champions-leandro-salino-se-prepara-para-estreia-pelo-pouso-alegre-fc-no-campeonato-mineiro\/#article\",\"isPartOf\":{\"@id\":\"https:\/\/www.tvuai.com.br\/portal\/com-experiencia-em-champions-leandro-salino-se-prepara-para-estreia-pelo-pouso-alegre-fc-no-campeonato-mineiro\/\"},\"author\":{\"name\":\"Rosy Pantale\u00e3o\",\"@id\":\"https:\/\/www.tvuai.com.br\/portal\/#\/schema\/person\/d1c5c2b1dc1e658906286802aad38555\"},\"headline\":\"Com experi\u00eancia em Champions, Leandro Salino se prepara para estreia pelo Pouso Alegre FC no campeonato mineiro\",\"datePublished\":\"2021-02-10T20:19:09+00:00\",\"dateModified\":\"2021-02-25T20:02:12+00:00\",\"mainEntityOfPage\":{\"@id\":\"https:\/\/www.tvuai.com.br\/portal\/com-experiencia-em-champions-leandro-salino-se-prepara-para-estreia-pelo-pouso-alegre-fc-no-campeonato-mineiro\/\"},\"wordCount\":419,\"publisher\":{\"@id\":\"https:\/\/www.tvuai.com.br\/portal\/#organization\"},\"image\":{\"@id\":\"https:\/\/www.tvuai.com.br\/portal\/com-experiencia-em-champions-leandro-salino-se-prepara-para-estreia-pelo-pouso-alegre-fc-no-campeonato-mineiro\/#primaryimage\"},\"thumbnailUrl\":\"https:\/\/i0.wp.com\/www.tvuai.com.br\/portal\/wp-content\/uploads\/2021\/02\/LeandroPAFC-0.jpg?fit=200%2C200&ssl=1\",\"keywords\":[\"Leandro Salino\",\"PAFC\",\"Pous\u00e3o\",\"Pouso Alegre\",\"Sul de Minas\",\"TV Uai\"],\"articleSection\":[\"Entretenimento\"],\"inLanguage\":\"pt-BR\"},{\"@type\":\"WebPage\",\"@id\":\"https:\/\/www.tvuai.com.br\/portal\/com-experiencia-em-champions-leandro-salino-se-prepara-para-estreia-pelo-pouso-alegre-fc-no-campeonato-mineiro\/\",\"url\":\"https:\/\/www.tvuai.com.br\/portal\/com-experiencia-em-champions-leandro-salino-se-prepara-para-estreia-pelo-pouso-alegre-fc-no-campeonato-mineiro\/\",\"name\":\"Com experi\u00eancia em Champions, Leandro Salino se prepara para estreia pelo Pouso Alegre FC no campeonato mineiro - TVUAI\",\"isPartOf\":{\"@id\":\"https:\/\/www.tvuai.com.br\/portal\/#website\"},\"primaryImageOfPage\":{\"@id\":\"https:\/\/www.tvuai.com.br\/portal\/com-experiencia-em-champions-leandro-salino-se-prepara-para-estreia-pelo-pouso-alegre-fc-no-campeonato-mineiro\/#primaryimage\"},\"image\":{\"@id\":\"https:\/\/www.tvuai.com.br\/portal\/com-experiencia-em-champions-leandro-salino-se-prepara-para-estreia-pelo-pouso-alegre-fc-no-campeonato-mineiro\/#primaryimage\"},\"thumbnailUrl\":\"https:\/\/i0.wp.com\/www.tvuai.com.br\/portal\/wp-content\/uploads\/2021\/02\/LeandroPAFC-0.jpg?fit=200%2C200&ssl=1\",\"datePublished\":\"2021-02-10T20:19:09+00:00\",\"dateModified\":\"2021-02-25T20:02:12+00:00\",\"breadcrumb\":{\"@id\":\"https:\/\/www.tvuai.com.br\/portal\/com-experiencia-em-champions-leandro-salino-se-prepara-para-estreia-pelo-pouso-alegre-fc-no-campeonato-mineiro\/#breadcrumb\"},\"inLanguage\":\"pt-BR\",\"potentialAction\":[{\"@type\":\"ReadAction\",\"target\":[\"https:\/\/www.tvuai.com.br\/portal\/com-experiencia-em-champions-leandro-salino-se-prepara-para-estreia-pelo-pouso-alegre-fc-no-campeonato-mineiro\/\"]}]},{\"@type\":\"ImageObject\",\"inLanguage\":\"pt-BR\",\"@id\":\"https:\/\/www.tvuai.com.br\/portal\/com-experiencia-em-champions-leandro-salino-se-prepara-para-estreia-pelo-pouso-alegre-fc-no-campeonato-mineiro\/#primaryimage\",\"url\":\"https:\/\/i0.wp.com\/www.tvuai.com.br\/portal\/wp-content\/uploads\/2021\/02\/LeandroPAFC-0.jpg?fit=200%2C200&ssl=1\",\"contentUrl\":\"https:\/\/i0.wp.com\/www.tvuai.com.br\/portal\/wp-content\/uploads\/2021\/02\/LeandroPAFC-0.jpg?fit=200%2C200&ssl=1\",\"width\":200,\"height\":200},{\"@type\":\"BreadcrumbList\",\"@id\":\"https:\/\/www.tvuai.com.br\/portal\/com-experiencia-em-champions-leandro-salino-se-prepara-para-estreia-pelo-pouso-alegre-fc-no-campeonato-mineiro\/#breadcrumb\",\"itemListElement\":[{\"@type\":\"ListItem\",\"position\":1,\"name\":\"In\u00edcio\",\"item\":\"https:\/\/www.tvuai.com.br\/portal\/\"},{\"@type\":\"ListItem\",\"position\":2,\"name\":\"Com experi\u00eancia em Champions, Leandro Salino se prepara para estreia pelo Pouso Alegre FC no campeonato mineiro\"}]},{\"@type\":\"WebSite\",\"@id\":\"https:\/\/www.tvuai.com.br\/portal\/#website\",\"url\":\"https:\/\/www.tvuai.com.br\/portal\/\",\"name\":\"TVUAI\",\"description\":\"Tudo sobre o Sul de Minas\",\"publisher\":{\"@id\":\"https:\/\/www.tvuai.com.br\/portal\/#organization\"},\"potentialAction\":[{\"@type\":\"SearchAction\",\"target\":{\"@type\":\"EntryPoint\",\"urlTemplate\":\"https:\/\/www.tvuai.com.br\/portal\/?s={search_term_string}\"},\"query-input\":{\"@type\":\"PropertyValueSpecification\",\"valueRequired\":true,\"valueName\":\"search_term_string\"}}],\"inLanguage\":\"pt-BR\"},{\"@type\":\"Organization\",\"@id\":\"https:\/\/www.tvuai.com.br\/portal\/#organization\",\"name\":\"TVUAI\",\"url\":\"https:\/\/www.tvuai.com.br\/portal\/\",\"logo\":{\"@type\":\"ImageObject\",\"inLanguage\":\"pt-BR\",\"@id\":\"https:\/\/www.tvuai.com.br\/portal\/#\/schema\/logo\/image\/\",\"url\":\"https:\/\/i0.wp.com\/www.tvuai.com.br\/portal\/wp-content\/uploads\/2017\/12\/logo_tvuai_100H.png?fit=207%2C100&ssl=1\",\"contentUrl\":\"https:\/\/i0.wp.com\/www.tvuai.com.br\/portal\/wp-content\/uploads\/2017\/12\/logo_tvuai_100H.png?fit=207%2C100&ssl=1\",\"width\":207,\"height\":100,\"caption\":\"TVUAI\"},\"image\":{\"@id\":\"https:\/\/www.tvuai.com.br\/portal\/#\/schema\/logo\/image\/\"},\"sameAs\":[\"http:\/\/www.facebook.com\/pages\/TV-Uai-Comunica\u00e7\u00e3o\/139062546157369\",\"https:\/\/x.com\/tvuai\",\"https:\/\/www.instagram.com\/tvuai_network\/\",\"https:\/\/www.youtube.com\/channel\/UCB7ZPB3wRv-OpoZ_09jmnkQ\"]},{\"@type\":\"Person\",\"@id\":\"https:\/\/www.tvuai.com.br\/portal\/#\/schema\/person\/d1c5c2b1dc1e658906286802aad38555\",\"name\":\"Rosy Pantale\u00e3o\",\"sameAs\":[\"https:\/\/www.tvuai.com.br\/portal\/\",\"https:\/\/www.facebook.com\/tvuai\/\",\"https:\/\/www.instagram.com\/tvuai\",\"https:\/\/x.com\/tvuai\",\"https:\/\/www.youtube.com\/channel\/UCB7ZPB3wRv-OpoZ_09jmnkQ\",\"tvuai\"],\"url\":\"https:\/\/www.tvuai.com.br\/portal\/author\/rosy\/\"}]}<\/script>\n<!-- \/ Yoast SEO plugin. -->","yoast_head_json":{"title":"Com experi\u00eancia em Champions, Leandro Salino se prepara para estreia pelo Pouso Alegre FC no campeonato mineiro - TVUAI","robots":{"index":"index","follow":"follow","max-snippet":"max-snippet:-1","max-image-preview":"max-image-preview:large","max-video-preview":"max-video-preview:-1"},"canonical":"https:\/\/www.tvuai.com.br\/portal\/com-experiencia-em-champions-leandro-salino-se-prepara-para-estreia-pelo-pouso-alegre-fc-no-campeonato-mineiro\/","og_locale":"pt_BR","og_type":"article","og_title":"Com experi\u00eancia em Champions, Leandro Salino se prepara para estreia pelo Pouso Alegre FC no campeonato mineiro - TVUAI","og_description":"Volante de 35 anos \u00e9 uma das novidades do Drag\u00e3o para a disputa da elite do estadual; jogador destaca forma\u00e7\u00e3o do elenco com mescla de experi\u00eancia e juventude O experiente volante Leandro Salino, de 35 anos, \u00e9 uma das novidades do Pouso Alegre para a disputa do Mineiro de 2021. O jogador acumula na bagagem [&hellip;]","og_url":"https:\/\/www.tvuai.com.br\/portal\/com-experiencia-em-champions-leandro-salino-se-prepara-para-estreia-pelo-pouso-alegre-fc-no-campeonato-mineiro\/","og_site_name":"TVUAI","article_publisher":"http:\/\/www.facebook.com\/pages\/TV-Uai-Comunica%c3%a7%c3%a3o\/139062546157369","article_author":"https:\/\/www.facebook.com\/tvuai\/","article_published_time":"2021-02-10T20:19:09+00:00","article_modified_time":"2021-02-25T20:02:12+00:00","og_image":[{"width":200,"height":200,"url":"https:\/\/i0.wp.com\/www.tvuai.com.br\/portal\/wp-content\/uploads\/2021\/02\/LeandroPAFC-0.jpg?fit=200%2C200&ssl=1","type":"image\/jpeg"}],"author":"Rosy Pantale\u00e3o","twitter_card":"summary_large_image","twitter_creator":"@tvuai","twitter_site":"@tvuai","twitter_misc":{"Escrito por":"Rosy Pantale\u00e3o","Est. tempo de leitura":"2 minutos"},"schema":{"@context":"https:\/\/schema.org","@graph":[{"@type":"Article","@id":"https:\/\/www.tvuai.com.br\/portal\/com-experiencia-em-champions-leandro-salino-se-prepara-para-estreia-pelo-pouso-alegre-fc-no-campeonato-mineiro\/#article","isPartOf":{"@id":"https:\/\/www.tvuai.com.br\/portal\/com-experiencia-em-champions-leandro-salino-se-prepara-para-estreia-pelo-pouso-alegre-fc-no-campeonato-mineiro\/"},"author":{"name":"Rosy Pantale\u00e3o","@id":"https:\/\/www.tvuai.com.br\/portal\/#\/schema\/person\/d1c5c2b1dc1e658906286802aad38555"},"headline":"Com experi\u00eancia em Champions, Leandro Salino se prepara para estreia pelo Pouso Alegre FC no campeonato mineiro","datePublished":"2021-02-10T20:19:09+00:00","dateModified":"2021-02-25T20:02:12+00:00","mainEntityOfPage":{"@id":"https:\/\/www.tvuai.com.br\/portal\/com-experiencia-em-champions-leandro-salino-se-prepara-para-estreia-pelo-pouso-alegre-fc-no-campeonato-mineiro\/"},"wordCount":419,"publisher":{"@id":"https:\/\/www.tvuai.com.br\/portal\/#organization"},"image":{"@id":"https:\/\/www.tvuai.com.br\/portal\/com-experiencia-em-champions-leandro-salino-se-prepara-para-estreia-pelo-pouso-alegre-fc-no-campeonato-mineiro\/#primaryimage"},"thumbnailUrl":"https:\/\/i0.wp.com\/www.tvuai.com.br\/portal\/wp-content\/uploads\/2021\/02\/LeandroPAFC-0.jpg?fit=200%2C200&ssl=1","keywords":["Leandro Salino","PAFC","Pous\u00e3o","Pouso Alegre","Sul de Minas","TV Uai"],"articleSection":["Entretenimento"],"inLanguage":"pt-BR"},{"@type":"WebPage","@id":"https:\/\/www.tvuai.com.br\/portal\/com-experiencia-em-champions-leandro-salino-se-prepara-para-estreia-pelo-pouso-alegre-fc-no-campeonato-mineiro\/","url":"https:\/\/www.tvuai.com.br\/portal\/com-experiencia-em-champions-leandro-salino-se-prepara-para-estreia-pelo-pouso-alegre-fc-no-campeonato-mineiro\/","name":"Com experi\u00eancia em Champions, Leandro Salino se prepara para estreia pelo Pouso Alegre FC no campeonato mineiro - TVUAI","isPartOf":{"@id":"https:\/\/www.tvuai.com.br\/portal\/#website"},"primaryImageOfPage":{"@id":"https:\/\/www.tvuai.com.br\/portal\/com-experiencia-em-champions-leandro-salino-se-prepara-para-estreia-pelo-pouso-alegre-fc-no-campeonato-mineiro\/#primaryimage"},"image":{"@id":"https:\/\/www.tvuai.com.br\/portal\/com-experiencia-em-champions-leandro-salino-se-prepara-para-estreia-pelo-pouso-alegre-fc-no-campeonato-mineiro\/#primaryimage"},"thumbnailUrl":"https:\/\/i0.wp.com\/www.tvuai.com.br\/portal\/wp-content\/uploads\/2021\/02\/LeandroPAFC-0.jpg?fit=200%2C200&ssl=1","datePublished":"2021-02-10T20:19:09+00:00","dateModified":"2021-02-25T20:02:12+00:00","breadcrumb":{"@id":"https:\/\/www.tvuai.com.br\/portal\/com-experiencia-em-champions-leandro-salino-se-prepara-para-estreia-pelo-pouso-alegre-fc-no-campeonato-mineiro\/#breadcrumb"},"inLanguage":"pt-BR","potentialAction":[{"@type":"ReadAction","target":["https:\/\/www.tvuai.com.br\/portal\/com-experiencia-em-champions-leandro-salino-se-prepara-para-estreia-pelo-pouso-alegre-fc-no-campeonato-mineiro\/"]}]},{"@type":"ImageObject","inLanguage":"pt-BR","@id":"https:\/\/www.tvuai.com.br\/portal\/com-experiencia-em-champions-leandro-salino-se-prepara-para-estreia-pelo-pouso-alegre-fc-no-campeonato-mineiro\/#primaryimage","url":"https:\/\/i0.wp.com\/www.tvuai.com.br\/portal\/wp-content\/uploads\/2021\/02\/LeandroPAFC-0.jpg?fit=200%2C200&ssl=1","contentUrl":"https:\/\/i0.wp.com\/www.tvuai.com.br\/portal\/wp-content\/uploads\/2021\/02\/LeandroPAFC-0.jpg?fit=200%2C200&ssl=1","width":200,"height":200},{"@type":"BreadcrumbList","@id":"https:\/\/www.tvuai.com.br\/portal\/com-experiencia-em-champions-leandro-salino-se-prepara-para-estreia-pelo-pouso-alegre-fc-no-campeonato-mineiro\/#breadcrumb","itemListElement":[{"@type":"ListItem","position":1,"name":"In\u00edcio","item":"https:\/\/www.tvuai.com.br\/portal\/"},{"@type":"ListItem","position":2,"name":"Com experi\u00eancia em Champions, Leandro Salino se prepara para estreia pelo Pouso Alegre FC no campeonato mineiro"}]},{"@type":"WebSite","@id":"https:\/\/www.tvuai.com.br\/portal\/#website","url":"https:\/\/www.tvuai.com.br\/portal\/","name":"TVUAI","description":"Tudo sobre o Sul de Minas","publisher":{"@id":"https:\/\/www.tvuai.com.br\/portal\/#organization"},"potentialAction":[{"@type":"SearchAction","target":{"@type":"EntryPoint","urlTemplate":"https:\/\/www.tvuai.com.br\/portal\/?s={search_term_string}"},"query-input":{"@type":"PropertyValueSpecification","valueRequired":true,"valueName":"search_term_string"}}],"inLanguage":"pt-BR"},{"@type":"Organization","@id":"https:\/\/www.tvuai.com.br\/portal\/#organization","name":"TVUAI","url":"https:\/\/www.tvuai.com.br\/portal\/","logo":{"@type":"ImageObject","inLanguage":"pt-BR","@id":"https:\/\/www.tvuai.com.br\/portal\/#\/schema\/logo\/image\/","url":"https:\/\/i0.wp.com\/www.tvuai.com.br\/portal\/wp-content\/uploads\/2017\/12\/logo_tvuai_100H.png?fit=207%2C100&ssl=1","contentUrl":"https:\/\/i0.wp.com\/www.tvuai.com.br\/portal\/wp-content\/uploads\/2017\/12\/logo_tvuai_100H.png?fit=207%2C100&ssl=1","width":207,"height":100,"caption":"TVUAI"},"image":{"@id":"https:\/\/www.tvuai.com.br\/portal\/#\/schema\/logo\/image\/"},"sameAs":["http:\/\/www.facebook.com\/pages\/TV-Uai-Comunica\u00e7\u00e3o\/139062546157369","https:\/\/x.com\/tvuai","https:\/\/www.instagram.com\/tvuai_network\/","https:\/\/www.youtube.com\/channel\/UCB7ZPB3wRv-OpoZ_09jmnkQ"]},{"@type":"Person","@id":"https:\/\/www.tvuai.com.br\/portal\/#\/schema\/person\/d1c5c2b1dc1e658906286802aad38555","name":"Rosy Pantale\u00e3o","sameAs":["https:\/\/www.tvuai.com.br\/portal\/","https:\/\/www.facebook.com\/tvuai\/","https:\/\/www.instagram.com\/tvuai","https:\/\/x.com\/tvuai","https:\/\/www.youtube.com\/channel\/UCB7ZPB3wRv-OpoZ_09jmnkQ","tvuai"],"url":"https:\/\/www.tvuai.com.br\/portal\/author\/rosy\/"}]}},"jetpack_featured_media_url":"https:\/\/i0.wp.com\/www.tvuai.com.br\/portal\/wp-content\/uploads\/2021\/02\/LeandroPAFC-0.jpg?fit=200%2C200&ssl=1","wpmagazine_modules_lite_featured_media_urls":{"thumbnail":["https:\/\/i0.wp.com\/www.tvuai.com.br\/portal\/wp-content\/uploads\/2021\/02\/LeandroPAFC-0.jpg?resize=150%2C150&ssl=1",150,150,true],"cvmm-medium":["https:\/\/i0.wp.com\/www.tvuai.com.br\/portal\/wp-content\/uploads\/2021\/02\/LeandroPAFC-0.jpg?resize=200%2C200&ssl=1",200,200,true],"cvmm-medium-plus":["https:\/\/i0.wp.com\/www.tvuai.com.br\/portal\/wp-content\/uploads\/2021\/02\/LeandroPAFC-0.jpg?resize=200%2C200&ssl=1",200,200,true],"cvmm-portrait":["https:\/\/i0.wp.com\/www.tvuai.com.br\/portal\/wp-content\/uploads\/2021\/02\/LeandroPAFC-0.jpg?resize=200%2C200&ssl=1",200,200,true],"cvmm-medium-square":["https:\/\/i0.wp.com\/www.tvuai.com.br\/portal\/wp-content\/uploads\/2021\/02\/LeandroPAFC-0.jpg?resize=200%2C200&ssl=1",200,200,true],"cvmm-large":["https:\/\/i0.wp.com\/www.tvuai.com.br\/portal\/wp-content\/uploads\/2021\/02\/LeandroPAFC-0.jpg?resize=200%2C200&ssl=1",200,200,true],"cvmm-small":["https:\/\/i0.wp.com\/www.tvuai.com.br\/portal\/wp-content\/uploads\/2021\/02\/LeandroPAFC-0.jpg?resize=130%2C95&ssl=1",130,95,true],"full":["https:\/\/i0.wp.com\/www.tvuai.com.br\/portal\/wp-content\/uploads\/2021\/02\/LeandroPAFC-0.jpg?fit=200%2C200&ssl=1",200,200,false]},"categories_names":{"20":{"name":"Entretenimento","link":"https:\/\/www.tvuai.com.br\/portal\/category\/entretenimento\/"}},"tags_names":{"355":{"name":"Leandro Salino","link":"https:\/\/www.tvuai.com.br\/portal\/tag\/leandro-salino\/"},"356":{"name":"PAFC","link":"https:\/\/www.tvuai.com.br\/portal\/tag\/pafc\/"},"305":{"name":"Pous\u00e3o","link":"https:\/\/www.tvuai.com.br\/portal\/tag\/pousao\/"},"37":{"name":"Pouso Alegre","link":"https:\/\/www.tvuai.com.br\/portal\/tag\/pouso-alegre\/"},"39":{"name":"Sul de Minas","link":"https:\/\/www.tvuai.com.br\/portal\/tag\/sul-de-minas\/"},"27":{"name":"TV Uai","link":"https:\/\/www.tvuai.com.br\/portal\/tag\/tv-uai\/"}},"comments_number":"0","jetpack_shortlink":"https:\/\/wp.me\/p9woix-CW","jetpack_sharing_enabled":true,"_links":{"self":[{"href":"https:\/\/www.tvuai.com.br\/portal\/wp-json\/wp\/v2\/posts\/2414"}],"collection":[{"href":"https:\/\/www.tvuai.com.br\/portal\/wp-json\/wp\/v2\/posts"}],"about":[{"href":"https:\/\/www.tvuai.com.br\/portal\/wp-json\/wp\/v2\/types\/post"}],"author":[{"embeddable":true,"href":"https:\/\/www.tvuai.com.br\/portal\/wp-json\/wp\/v2\/users\/2"}],"replies":[{"embeddable":true,"href":"https:\/\/www.tvuai.com.br\/portal\/wp-json\/wp\/v2\/comments?post=2414"}],"version-history":[{"count":1,"href":"https:\/\/www.tvuai.com.br\/portal\/wp-json\/wp\/v2\/posts\/2414\/revisions"}],"predecessor-version":[{"id":2417,"href":"https:\/\/www.tvuai.com.br\/portal\/wp-json\/wp\/v2\/posts\/2414\/revisions\/2417"}],"wp:featuredmedia":[{"embeddable":true,"href":"https:\/\/www.tvuai.com.br\/portal\/wp-json\/wp\/v2\/media\/2415"}],"wp:attachment":[{"href":"https:\/\/www.tvuai.com.br\/portal\/wp-json\/wp\/v2\/media?parent=2414"}],"wp:term":[{"taxonomy":"category","embeddable":true,"href":"https:\/\/www.tvuai.com.br\/portal\/wp-json\/wp\/v2\/categories?post=2414"},{"taxonomy":"post_tag","embeddable":true,"href":"https:\/\/www.tvuai.com.br\/portal\/wp-json\/wp\/v2\/tags?post=2414"}],"curies":[{"name":"wp","href":"https:\/\/api.w.org\/{rel}","templated":true}]}}